{"id":156712,"date":"2023-12-29T10:24:00","date_gmt":"2023-12-29T09:24:00","guid":{"rendered":"https:\/\/abd.ong\/?p=156712"},"modified":"2023-12-29T10:26:25","modified_gmt":"2023-12-29T09:26:25","slug":"abd-als-mitjans-de-comunicacio-al-desembre-5","status":"publish","type":"post","link":"https:\/\/abd.ong\/ca\/general-ca\/abd-als-mitjans-de-comunicacio-al-desembre-5\/","title":{"rendered":"ABD\u00a0als mitjans de comunicaci\u00f3 al desembre"},"content":{"rendered":"\n<p>El\u00a0<strong><a href=\"https:\/\/abd.ong\/ca\/\" target=\"_blank\" rel=\"noreferrer noopener\">Grup ABD<\/a><\/strong> ha estat present en els mitjans de comunicaci\u00f3 durant aquest mes de desembre. A continuaci\u00f3, el resum de premsa de les not\u00edcies, articles i reportatges en els quals hem participat com a organitzaci\u00f3.<\/p>\n\n<div style=\"height:100px\" aria-hidden=\"true\" class=\"wp-block-spacer\"><\/div>\n\n<p><strong>20\/12\/2023 &#8211; Xarxanet<\/strong><\/p>\n\n<p><a href=\"https:\/\/sae.abd.ong\/\" target=\"_blank\" rel=\"noopener\"><strong>El Servei d&#8217;Atenci\u00f3 i Acompanyament Terap\u00e8utic Especialitzat (SAE) de l&#8217;Associaci\u00f3 Benestar i Desenvolupament (ABD)<\/strong><\/a>, que es va posar en marxa el 2016, <strong>estrena la seva p\u00e0gina web<\/strong> amb l&#8217;objectiu <em>de facilitar informaci\u00f3 exhaustiva sobre els seus serveis i proporcionar vies de contacte per a aquelles persones interessades a rebre assist\u00e8ncia dels seus professionals.<\/em><\/p>\n\n<p><a href=\"https:\/\/xarxanet.org\/informatic\/noticies\/el-servei-datencio-i-acompanyament-terapeutic-especialitzat-dabd-estrena-pagina\" target=\"_blank\" rel=\"noreferrer noopener\">El Servei d&#8217;Atenci\u00f3 i Acompanyament Terap\u00e8utic Especialitzat d&#8217;ABD estrena p\u00e0gina web<\/a><\/p>\n\n<div style=\"height:35px\" aria-hidden=\"true\" class=\"wp-block-spacer\"><\/div>\n\n<p><strong>18\/12\/2023 &#8211; C\u00e1\u00f1amo<\/strong><\/p>\n\n<p><em>&#8220;L&#8217;adulteraci\u00f3 va ser detectada en una mostra venuda a Mallorca fa poc m\u00e9s de dues setmanes. El projecte de reducci\u00f3 de riscos en el consum de drogues <a href=\"https:\/\/energycontrol.org\/\" target=\"_blank\" rel=\"noopener\"><strong>Energy Control<\/strong><\/a> ha detectat una mostra venuda com a speed\/amfetamina que contenia 3-CMC durant un dels seus habituals an\u00e0lisi de drogues gratu\u00efts.&#8221;<\/em><\/p>\n\n<p><a href=\"https:\/\/canamo.net\/noticias\/espana\/energy-control-detecta-3-cmc-en-muestras-vendidas-como-speed\" target=\"_blank\" rel=\"noopener\">Energy Control detecta 3-CMC en mostres venudes com a speed<\/a><\/p>\n\n<div style=\"height:35px\" aria-hidden=\"true\" class=\"wp-block-spacer\"><\/div>\n\n<p><strong>18\/12\/2023 &#8211; La Vanguardia<\/strong><\/p>\n\n<p id=\"m727-39-728\"><strong><a href=\"https:\/\/www.unad.org\/\" target=\"_blank\" rel=\"noopener\">La Xarxa d&#8217;Atenci\u00f3 a les Addiccions (UNAD)<\/a><\/strong> i el <a href=\"https:\/\/lares.org.es\/\" target=\"_blank\" rel=\"noopener\"><strong>Grup Social Lares<\/strong><\/a> van donar a con\u00e8ixer aquest dilluns el<a href=\"https:\/\/www.unad.org\/actualidad\/2978\/unad-y-lares-presentan-el-libro-blanco-de-las-adicciones-en-personas-mayores\/\" target=\"_blank\" rel=\"noopener\"><strong><em> &#8216;Llibre Blanc de les addiccions en gent gran&#8217;,<\/em><\/strong><\/a> un treball que pret\u00e9n <em>\u201caugmentar el coneixement i la visibilitat de les drogodepend\u00e8ncies presents en edats avan\u00e7ades , tenint en compte la perspectiva de g\u00e8nere\u201d<\/em>. <strong>Felisa\u00a0P\u00e9rez<\/strong>, va ressaltar que a Espanya l&#8217;envelliment de la poblaci\u00f3 i l&#8217;augment de l&#8217;esperan\u00e7a de vida<strong><em> &#8220;fa que el nombre de persones grans que viuen amb addiccions sigui m\u00e9s elevat&#8221;<\/em><\/strong>. Tamb\u00e9 ha reivindicat la necessitat de<em><strong> &#8220;normalitzar-ho&#8221;<\/strong><\/em> sabent que els consums<em><strong> &#8220;poden mantenir-se o fins i tot iniciar-se independentment de l&#8217;edat de les persones&#8221;.<\/strong><\/em><\/p>\n\n<p><a href=\"https:\/\/www.lavanguardia.com\/sociedad\/20231218\/9458646\/unad-lares-presentan-libro-blanco-adicciones-personas-mayores-aumentar-visibilidad-agenciaslv20231218.html\" target=\"_blank\" rel=\"noopener\">UNAD i Lares presenten el &#8216;Llibre Blanc de les addiccions en gent gran&#8217; per augmentar la seva \u201cvisibilitat\u201d<\/a><\/p>\n\n<div style=\"height:35px\" aria-hidden=\"true\" class=\"wp-block-spacer\"><\/div>\n\n<p><strong>17\/12\/2023 &#8211; qu\u00e8dequ\u00e8<\/strong><\/p>\n\n<p id=\"m727-39-728\">L&#8217;exposici\u00f3 <strong><em>reflexiona sobre el concepte \u201ccasa\u201d com a espai segur i de cura<\/em><\/strong>, dret fonamental i lloc on vivim la intimitat i \u00e9s el resultat d&#8217;un proc\u00e9s de cocreaci\u00f3 del projecte<strong> Mirades pel vincle<\/strong>. Una exposici\u00f3 organitzada pel projecte del Grup\u00a0ABD,\u00a0<strong><a href=\"https:\/\/preinfant.org\/\" target=\"_blank\" rel=\"noopener\">Preinfant<\/a><\/strong>\u00a0i<strong>\u00a0<a href=\"https:\/\/ojalaprojects.org\/\" target=\"_blank\" rel=\"noopener\">Ojal\u00e0\u00a0Projects<\/a>\u00a0<\/strong>amb el suport de la <a href=\"https:\/\/web.gencat.cat\/ca\/inici\" target=\"_blank\" rel=\"noopener\"><strong>Generalitat de\u00a0Catalunya<\/strong><\/a>\u00a0i <a href=\"https:\/\/ajuntament.barcelona.cat\/es\/\" target=\"_blank\" rel=\"noopener\"><strong>l&#8217;Ajuntament de Barcelona.<\/strong><\/a><\/p>\n\n<p><a href=\"https:\/\/quedeque.barcelona\/agenda\/exposicio-mirades-pel-vincle\" target=\"_blank\" rel=\"noopener\">Exposici\u00f3 Mirades pel vincle<\/a><\/p>\n\n<div style=\"height:35px\" aria-hidden=\"true\" class=\"wp-block-spacer\"><\/div>\n\n<p><strong>01\/12\/2023 &#8211; L\u00ednia<\/strong><\/p>\n\n<p id=\"m727-39-728\">El director de<strong><a href=\"https:\/\/abd.ong\/ca\/\" target=\"_blank\" rel=\"noopener\"> l&#8217;\u00c0rea de Drogues de l&#8217;Associaci\u00f3 Benestar i Desenvolupament<\/a><\/strong>, <strong>Josep Rovira<\/strong>, va ser l&#8217;encarregat de la segona pon\u00e8ncia a la <em><a href=\"https:\/\/www.vallesoriental.cat\/ambits\/joventut-\/taula-salut-jove\/\" target=\"_blank\" rel=\"noopener\">&#8220;13a Taula de\u00a0Salut\u00a0Jove\u00a0del Consell Comarcal del Vall\u00e8s Oriental<\/a><\/em>&#8221; amb el t\u00edtol <em>&#8220;Alcohol:\u00a0beuen\u00a0el que ven&#8221;<\/em>. Rovira<em>\u00a0va fer una an\u00e0lisi del consum d&#8217;alcohol a la societat actual, valorant tots els factors que ens porten a beure i les seves repercussions.<\/em><\/p>\n\n<p><a href=\"https:\/\/liniaxarxa.cat\/noticies\/alcohol-i-joves-un-tandem-perillos-que-va-en-augment\/\" target=\"_blank\" rel=\"noopener\">Alcohol i joves, un t\u00e0ndem perill\u00f3s que preocupa el Vall\u00e8s Orienta<\/a><\/p>\n\n<div style=\"height:35px\" aria-hidden=\"true\" class=\"wp-block-spacer\"><\/div>\n\n<p><\/p>\n","protected":false},"excerpt":{"rendered":"<p>El\u00a0Grup ABD ha estat present en els mitjans de comunicaci\u00f3 durant aquest mes de desembre. A continuaci\u00f3, el resum de premsa de les not\u00edcies, articles i reportatges en els quals&hellip;<\/p>\n","protected":false},"author":12,"featured_media":156710,"comment_status":"closed","ping_status":"closed","sticky":false,"template":"","format":"standard","meta":{"_acf_changed":false,"footnotes":""},"categories":[66],"tags":[1897,675,2928,2299,2300],"class_list":["post-156712","post","type-post","status-publish","format-standard","has-post-thumbnail","hentry","category-general-ca","tag-abd-2-ca","tag-asociacion-bienestar-y-desarrollo-ca","tag-associacio-benestar-i-desenvolupament-ca-2","tag-mitjans-de-comunicacio-ca","tag-noticies-ca"],"acf":[],"yoast_head":"<!-- This site is optimized with the Yoast SEO plugin v27.4 - https:\/\/yoast.com\/product\/yoast-seo-wordpress\/ -->\n<title>ABD\u00a0als mitjans de comunicaci\u00f3 al desembre - ABD<\/title>\n<meta name=\"description\" content=\"El\u00a0Grup ABD ha estat present en els mitjans de comunicaci\u00f3 durant aquest mes de desembre. A continuaci\u00f3, el resum de premsa de les not\u00edcies, articles i\" \/>\n<meta name=\"robots\" content=\"index, follow, max-snippet:-1, max-image-preview:large, max-video-preview:-1\" \/>\n<link rel=\"canonical\" href=\"https:\/\/abd.ong\/ca\/general-ca\/abd-als-mitjans-de-comunicacio-al-desembre-5\/\" \/>\n<meta property=\"og:locale\" content=\"ca_ES\" \/>\n<meta property=\"og:type\" content=\"article\" \/>\n<meta property=\"og:title\" content=\"ABD\u00a0als mitjans de comunicaci\u00f3 al desembre - ABD\" \/>\n<meta property=\"og:description\" content=\"El\u00a0Grup ABD ha estat present en els mitjans de comunicaci\u00f3 durant aquest mes de desembre. A continuaci\u00f3, el resum de premsa de les not\u00edcies, articles i\" \/>\n<meta property=\"og:url\" content=\"https:\/\/abd.ong\/ca\/general-ca\/abd-als-mitjans-de-comunicacio-al-desembre-5\/\" \/>\n<meta property=\"og:site_name\" content=\"ABD\" \/>\n<meta property=\"article:publisher\" content=\"https:\/\/www.facebook.com\/abd.ong\" \/>\n<meta property=\"article:published_time\" content=\"2023-12-29T09:24:00+00:00\" \/>\n<meta property=\"article:modified_time\" content=\"2023-12-29T09:26:25+00:00\" \/>\n<meta property=\"og:image\" content=\"https:\/\/abd.ong\/wp-content\/uploads\/2023\/12\/GRUP-ABD-2023-FESTA-TIO-1024x576.png\" \/>\n\t<meta property=\"og:image:width\" content=\"1024\" \/>\n\t<meta property=\"og:image:height\" content=\"576\" \/>\n\t<meta property=\"og:image:type\" content=\"image\/png\" \/>\n<meta name=\"author\" content=\"Francesc Balart\" \/>\n<meta name=\"twitter:card\" content=\"summary_large_image\" \/>\n<meta name=\"twitter:creator\" content=\"@abd_ong\" \/>\n<meta name=\"twitter:site\" content=\"@abd_ong\" \/>\n<meta name=\"twitter:label1\" content=\"Escrit per\" \/>\n\t<meta name=\"twitter:data1\" content=\"Francesc Balart\" \/>\n\t<meta name=\"twitter:label2\" content=\"Temps estimat de lectura\" \/>\n\t<meta name=\"twitter:data2\" content=\"3 minuts\" \/>\n<script type=\"application\/ld+json\" class=\"yoast-schema-graph\">{\"@context\":\"https:\\\/\\\/schema.org\",\"@graph\":[{\"@type\":\"Article\",\"@id\":\"https:\\\/\\\/abd.ong\\\/ca\\\/general-ca\\\/abd-als-mitjans-de-comunicacio-al-desembre-5\\\/#article\",\"isPartOf\":{\"@id\":\"https:\\\/\\\/abd.ong\\\/ca\\\/general-ca\\\/abd-als-mitjans-de-comunicacio-al-desembre-5\\\/\"},\"author\":{\"name\":\"Francesc Balart\",\"@id\":\"https:\\\/\\\/abd.ong\\\/ca\\\/#\\\/schema\\\/person\\\/6bb74ed13fc8bdf3a5382c66db14c9ee\"},\"headline\":\"ABD\u00a0als mitjans de comunicaci\u00f3 al desembre\",\"datePublished\":\"2023-12-29T09:24:00+00:00\",\"dateModified\":\"2023-12-29T09:26:25+00:00\",\"mainEntityOfPage\":{\"@id\":\"https:\\\/\\\/abd.ong\\\/ca\\\/general-ca\\\/abd-als-mitjans-de-comunicacio-al-desembre-5\\\/\"},\"wordCount\":486,\"publisher\":{\"@id\":\"https:\\\/\\\/abd.ong\\\/ca\\\/#organization\"},\"image\":{\"@id\":\"https:\\\/\\\/abd.ong\\\/ca\\\/general-ca\\\/abd-als-mitjans-de-comunicacio-al-desembre-5\\\/#primaryimage\"},\"thumbnailUrl\":\"https:\\\/\\\/abd.ong\\\/wp-content\\\/uploads\\\/2023\\\/12\\\/GRUP-ABD-2023-FESTA-TIO.png\",\"keywords\":[\"ABD\",\"Asociaci\u00f3n Bienestar y Desarrollo\",\"Associaci\u00f3 Benestar i Desenvolupament\",\"Mitjans de comunicaci\u00f3\",\"not\u00edcies\"],\"articleSection\":[\"General\"],\"inLanguage\":\"ca\"},{\"@type\":\"WebPage\",\"@id\":\"https:\\\/\\\/abd.ong\\\/ca\\\/general-ca\\\/abd-als-mitjans-de-comunicacio-al-desembre-5\\\/\",\"url\":\"https:\\\/\\\/abd.ong\\\/ca\\\/general-ca\\\/abd-als-mitjans-de-comunicacio-al-desembre-5\\\/\",\"name\":\"ABD\u00a0als mitjans de comunicaci\u00f3 al desembre - ABD\",\"isPartOf\":{\"@id\":\"https:\\\/\\\/abd.ong\\\/ca\\\/#website\"},\"primaryImageOfPage\":{\"@id\":\"https:\\\/\\\/abd.ong\\\/ca\\\/general-ca\\\/abd-als-mitjans-de-comunicacio-al-desembre-5\\\/#primaryimage\"},\"image\":{\"@id\":\"https:\\\/\\\/abd.ong\\\/ca\\\/general-ca\\\/abd-als-mitjans-de-comunicacio-al-desembre-5\\\/#primaryimage\"},\"thumbnailUrl\":\"https:\\\/\\\/abd.ong\\\/wp-content\\\/uploads\\\/2023\\\/12\\\/GRUP-ABD-2023-FESTA-TIO.png\",\"datePublished\":\"2023-12-29T09:24:00+00:00\",\"dateModified\":\"2023-12-29T09:26:25+00:00\",\"description\":\"El\u00a0Grup ABD ha estat present en els mitjans de comunicaci\u00f3 durant aquest mes de desembre. A continuaci\u00f3, el resum de premsa de les not\u00edcies, articles i\",\"breadcrumb\":{\"@id\":\"https:\\\/\\\/abd.ong\\\/ca\\\/general-ca\\\/abd-als-mitjans-de-comunicacio-al-desembre-5\\\/#breadcrumb\"},\"inLanguage\":\"ca\",\"potentialAction\":[{\"@type\":\"ReadAction\",\"target\":[\"https:\\\/\\\/abd.ong\\\/ca\\\/general-ca\\\/abd-als-mitjans-de-comunicacio-al-desembre-5\\\/\"]}]},{\"@type\":\"ImageObject\",\"inLanguage\":\"ca\",\"@id\":\"https:\\\/\\\/abd.ong\\\/ca\\\/general-ca\\\/abd-als-mitjans-de-comunicacio-al-desembre-5\\\/#primaryimage\",\"url\":\"https:\\\/\\\/abd.ong\\\/wp-content\\\/uploads\\\/2023\\\/12\\\/GRUP-ABD-2023-FESTA-TIO.png\",\"contentUrl\":\"https:\\\/\\\/abd.ong\\\/wp-content\\\/uploads\\\/2023\\\/12\\\/GRUP-ABD-2023-FESTA-TIO.png\",\"width\":2048,\"height\":1152},{\"@type\":\"BreadcrumbList\",\"@id\":\"https:\\\/\\\/abd.ong\\\/ca\\\/general-ca\\\/abd-als-mitjans-de-comunicacio-al-desembre-5\\\/#breadcrumb\",\"itemListElement\":[{\"@type\":\"ListItem\",\"position\":1,\"name\":\"Inici\",\"item\":\"https:\\\/\\\/abd.ong\\\/ca\\\/\"},{\"@type\":\"ListItem\",\"position\":2,\"name\":\"ABD\u00a0als mitjans de comunicaci\u00f3 al desembre\"}]},{\"@type\":\"WebSite\",\"@id\":\"https:\\\/\\\/abd.ong\\\/ca\\\/#website\",\"url\":\"https:\\\/\\\/abd.ong\\\/ca\\\/\",\"name\":\"ABD\",\"description\":\"Asociaci\u00f3n Bienestar y Desarrollo\",\"publisher\":{\"@id\":\"https:\\\/\\\/abd.ong\\\/ca\\\/#organization\"},\"potentialAction\":[{\"@type\":\"SearchAction\",\"target\":{\"@type\":\"EntryPoint\",\"urlTemplate\":\"https:\\\/\\\/abd.ong\\\/ca\\\/?s={search_term_string}\"},\"query-input\":{\"@type\":\"PropertyValueSpecification\",\"valueRequired\":true,\"valueName\":\"search_term_string\"}}],\"inLanguage\":\"ca\"},{\"@type\":\"Organization\",\"@id\":\"https:\\\/\\\/abd.ong\\\/ca\\\/#organization\",\"name\":\"Associaci\u00f3 Benestar i Desenvolupament\",\"alternateName\":\"ABD\",\"url\":\"https:\\\/\\\/abd.ong\\\/ca\\\/\",\"logo\":{\"@type\":\"ImageObject\",\"inLanguage\":\"ca\",\"@id\":\"https:\\\/\\\/abd.ong\\\/ca\\\/#\\\/schema\\\/logo\\\/image\\\/\",\"url\":\"https:\\\/\\\/abd.ong\\\/wp-content\\\/uploads\\\/2023\\\/01\\\/Icona.png\",\"contentUrl\":\"https:\\\/\\\/abd.ong\\\/wp-content\\\/uploads\\\/2023\\\/01\\\/Icona.png\",\"width\":190,\"height\":187,\"caption\":\"Associaci\u00f3 Benestar i Desenvolupament\"},\"image\":{\"@id\":\"https:\\\/\\\/abd.ong\\\/ca\\\/#\\\/schema\\\/logo\\\/image\\\/\"},\"sameAs\":[\"https:\\\/\\\/www.facebook.com\\\/abd.ong\",\"https:\\\/\\\/x.com\\\/abd_ong\",\"https:\\\/\\\/www.instagram.com\\\/abd_ong\\\/\",\"https:\\\/\\\/www.linkedin.com\\\/company\\\/abdong\",\"https:\\\/\\\/www.youtube.com\\\/user\\\/CANALABD\"]},{\"@type\":\"Person\",\"@id\":\"https:\\\/\\\/abd.ong\\\/ca\\\/#\\\/schema\\\/person\\\/6bb74ed13fc8bdf3a5382c66db14c9ee\",\"name\":\"Francesc Balart\"}]}<\/script>\n<!-- \/ Yoast SEO plugin. -->","yoast_head_json":{"title":"ABD\u00a0als mitjans de comunicaci\u00f3 al desembre - ABD","description":"El\u00a0Grup ABD ha estat present en els mitjans de comunicaci\u00f3 durant aquest mes de desembre. A continuaci\u00f3, el resum de premsa de les not\u00edcies, articles i","robots":{"index":"index","follow":"follow","max-snippet":"max-snippet:-1","max-image-preview":"max-image-preview:large","max-video-preview":"max-video-preview:-1"},"canonical":"https:\/\/abd.ong\/ca\/general-ca\/abd-als-mitjans-de-comunicacio-al-desembre-5\/","og_locale":"ca_ES","og_type":"article","og_title":"ABD\u00a0als mitjans de comunicaci\u00f3 al desembre - ABD","og_description":"El\u00a0Grup ABD ha estat present en els mitjans de comunicaci\u00f3 durant aquest mes de desembre. A continuaci\u00f3, el resum de premsa de les not\u00edcies, articles i","og_url":"https:\/\/abd.ong\/ca\/general-ca\/abd-als-mitjans-de-comunicacio-al-desembre-5\/","og_site_name":"ABD","article_publisher":"https:\/\/www.facebook.com\/abd.ong","article_published_time":"2023-12-29T09:24:00+00:00","article_modified_time":"2023-12-29T09:26:25+00:00","og_image":[{"width":1024,"height":576,"url":"https:\/\/abd.ong\/wp-content\/uploads\/2023\/12\/GRUP-ABD-2023-FESTA-TIO-1024x576.png","type":"image\/png"}],"author":"Francesc Balart","twitter_card":"summary_large_image","twitter_creator":"@abd_ong","twitter_site":"@abd_ong","twitter_misc":{"Escrit per":"Francesc Balart","Temps estimat de lectura":"3 minuts"},"schema":{"@context":"https:\/\/schema.org","@graph":[{"@type":"Article","@id":"https:\/\/abd.ong\/ca\/general-ca\/abd-als-mitjans-de-comunicacio-al-desembre-5\/#article","isPartOf":{"@id":"https:\/\/abd.ong\/ca\/general-ca\/abd-als-mitjans-de-comunicacio-al-desembre-5\/"},"author":{"name":"Francesc Balart","@id":"https:\/\/abd.ong\/ca\/#\/schema\/person\/6bb74ed13fc8bdf3a5382c66db14c9ee"},"headline":"ABD\u00a0als mitjans de comunicaci\u00f3 al desembre","datePublished":"2023-12-29T09:24:00+00:00","dateModified":"2023-12-29T09:26:25+00:00","mainEntityOfPage":{"@id":"https:\/\/abd.ong\/ca\/general-ca\/abd-als-mitjans-de-comunicacio-al-desembre-5\/"},"wordCount":486,"publisher":{"@id":"https:\/\/abd.ong\/ca\/#organization"},"image":{"@id":"https:\/\/abd.ong\/ca\/general-ca\/abd-als-mitjans-de-comunicacio-al-desembre-5\/#primaryimage"},"thumbnailUrl":"https:\/\/abd.ong\/wp-content\/uploads\/2023\/12\/GRUP-ABD-2023-FESTA-TIO.png","keywords":["ABD","Asociaci\u00f3n Bienestar y Desarrollo","Associaci\u00f3 Benestar i Desenvolupament","Mitjans de comunicaci\u00f3","not\u00edcies"],"articleSection":["General"],"inLanguage":"ca"},{"@type":"WebPage","@id":"https:\/\/abd.ong\/ca\/general-ca\/abd-als-mitjans-de-comunicacio-al-desembre-5\/","url":"https:\/\/abd.ong\/ca\/general-ca\/abd-als-mitjans-de-comunicacio-al-desembre-5\/","name":"ABD\u00a0als mitjans de comunicaci\u00f3 al desembre - ABD","isPartOf":{"@id":"https:\/\/abd.ong\/ca\/#website"},"primaryImageOfPage":{"@id":"https:\/\/abd.ong\/ca\/general-ca\/abd-als-mitjans-de-comunicacio-al-desembre-5\/#primaryimage"},"image":{"@id":"https:\/\/abd.ong\/ca\/general-ca\/abd-als-mitjans-de-comunicacio-al-desembre-5\/#primaryimage"},"thumbnailUrl":"https:\/\/abd.ong\/wp-content\/uploads\/2023\/12\/GRUP-ABD-2023-FESTA-TIO.png","datePublished":"2023-12-29T09:24:00+00:00","dateModified":"2023-12-29T09:26:25+00:00","description":"El\u00a0Grup ABD ha estat present en els mitjans de comunicaci\u00f3 durant aquest mes de desembre. A continuaci\u00f3, el resum de premsa de les not\u00edcies, articles i","breadcrumb":{"@id":"https:\/\/abd.ong\/ca\/general-ca\/abd-als-mitjans-de-comunicacio-al-desembre-5\/#breadcrumb"},"inLanguage":"ca","potentialAction":[{"@type":"ReadAction","target":["https:\/\/abd.ong\/ca\/general-ca\/abd-als-mitjans-de-comunicacio-al-desembre-5\/"]}]},{"@type":"ImageObject","inLanguage":"ca","@id":"https:\/\/abd.ong\/ca\/general-ca\/abd-als-mitjans-de-comunicacio-al-desembre-5\/#primaryimage","url":"https:\/\/abd.ong\/wp-content\/uploads\/2023\/12\/GRUP-ABD-2023-FESTA-TIO.png","contentUrl":"https:\/\/abd.ong\/wp-content\/uploads\/2023\/12\/GRUP-ABD-2023-FESTA-TIO.png","width":2048,"height":1152},{"@type":"BreadcrumbList","@id":"https:\/\/abd.ong\/ca\/general-ca\/abd-als-mitjans-de-comunicacio-al-desembre-5\/#breadcrumb","itemListElement":[{"@type":"ListItem","position":1,"name":"Inici","item":"https:\/\/abd.ong\/ca\/"},{"@type":"ListItem","position":2,"name":"ABD\u00a0als mitjans de comunicaci\u00f3 al desembre"}]},{"@type":"WebSite","@id":"https:\/\/abd.ong\/ca\/#website","url":"https:\/\/abd.ong\/ca\/","name":"ABD","description":"Asociaci\u00f3n Bienestar y Desarrollo","publisher":{"@id":"https:\/\/abd.ong\/ca\/#organization"},"potentialAction":[{"@type":"SearchAction","target":{"@type":"EntryPoint","urlTemplate":"https:\/\/abd.ong\/ca\/?s={search_term_string}"},"query-input":{"@type":"PropertyValueSpecification","valueRequired":true,"valueName":"search_term_string"}}],"inLanguage":"ca"},{"@type":"Organization","@id":"https:\/\/abd.ong\/ca\/#organization","name":"Associaci\u00f3 Benestar i Desenvolupament","alternateName":"ABD","url":"https:\/\/abd.ong\/ca\/","logo":{"@type":"ImageObject","inLanguage":"ca","@id":"https:\/\/abd.ong\/ca\/#\/schema\/logo\/image\/","url":"https:\/\/abd.ong\/wp-content\/uploads\/2023\/01\/Icona.png","contentUrl":"https:\/\/abd.ong\/wp-content\/uploads\/2023\/01\/Icona.png","width":190,"height":187,"caption":"Associaci\u00f3 Benestar i Desenvolupament"},"image":{"@id":"https:\/\/abd.ong\/ca\/#\/schema\/logo\/image\/"},"sameAs":["https:\/\/www.facebook.com\/abd.ong","https:\/\/x.com\/abd_ong","https:\/\/www.instagram.com\/abd_ong\/","https:\/\/www.linkedin.com\/company\/abdong","https:\/\/www.youtube.com\/user\/CANALABD"]},{"@type":"Person","@id":"https:\/\/abd.ong\/ca\/#\/schema\/person\/6bb74ed13fc8bdf3a5382c66db14c9ee","name":"Francesc Balart"}]}},"_links":{"self":[{"href":"https:\/\/abd.ong\/ca\/wp-json\/wp\/v2\/posts\/156712","targetHints":{"allow":["GET"]}}],"collection":[{"href":"https:\/\/abd.ong\/ca\/wp-json\/wp\/v2\/posts"}],"about":[{"href":"https:\/\/abd.ong\/ca\/wp-json\/wp\/v2\/types\/post"}],"author":[{"embeddable":true,"href":"https:\/\/abd.ong\/ca\/wp-json\/wp\/v2\/users\/12"}],"replies":[{"embeddable":true,"href":"https:\/\/abd.ong\/ca\/wp-json\/wp\/v2\/comments?post=156712"}],"version-history":[{"count":3,"href":"https:\/\/abd.ong\/ca\/wp-json\/wp\/v2\/posts\/156712\/revisions"}],"predecessor-version":[{"id":156719,"href":"https:\/\/abd.ong\/ca\/wp-json\/wp\/v2\/posts\/156712\/revisions\/156719"}],"wp:featuredmedia":[{"embeddable":true,"href":"https:\/\/abd.ong\/ca\/wp-json\/wp\/v2\/media\/156710"}],"wp:attachment":[{"href":"https:\/\/abd.ong\/ca\/wp-json\/wp\/v2\/media?parent=156712"}],"wp:term":[{"taxonomy":"category","embeddable":true,"href":"https:\/\/abd.ong\/ca\/wp-json\/wp\/v2\/categories?post=156712"},{"taxonomy":"post_tag","embeddable":true,"href":"https:\/\/abd.ong\/ca\/wp-json\/wp\/v2\/tags?post=156712"}],"curies":[{"name":"wp","href":"https:\/\/api.w.org\/{rel}","templated":true}]}}