{"id":156317,"date":"2023-12-18T10:49:26","date_gmt":"2023-12-18T09:49:26","guid":{"rendered":"https:\/\/abd.ong\/?p=156317"},"modified":"2023-12-18T10:53:53","modified_gmt":"2023-12-18T09:53:53","slug":"el-grup-abd-rep-el-certificat-oficial-protegemos-per-la-politica-de-proteccio-i-bon-tracte-a-la-infancia","status":"publish","type":"post","link":"https:\/\/abd.ong\/ca\/infancia-i-familia\/el-grup-abd-rep-el-certificat-oficial-protegemos-per-la-politica-de-proteccio-i-bon-tracte-a-la-infancia\/","title":{"rendered":"El Grup ABD rep el certificat oficial \u2018PROTEGEmos\u2019 per la pol\u00edtica de protecci\u00f3 i bon tracte a la inf\u00e0ncia"},"content":{"rendered":"\n<h4 class=\"wp-block-heading\">El reconeixement l&#8217;atorga l&#8217;ONG Educo per l&#8217;aplicaci\u00f3 de la metodologia basada en els est\u00e0ndards internacionals de protecci\u00f3 infantil de Keeping Children Safe<\/h4>\n\n\n\n<div style=\"height:50px\" aria-hidden=\"true\" class=\"wp-block-spacer\"><\/div>\n\n\n\n<p>El Grup ABD ha rebut per part d&#8217;<a href=\"https:\/\/www.educo.org\/\">Educo<\/a> el <a href=\"https:\/\/www.educo.org\/landing\/protegemos\">certificat oficial &#8216;PROTEGEmos&#8217;<\/a> que reconeix que la nostra organitzaci\u00f3 compta amb una <a href=\"https:\/\/abd.ong\/ca\/infancia-i-familia\/el-grup-abd-incorpora-la-politica-de-proteccio-i-bon-tracte-a-la-infancia-i-ladolescencia\/\">pol\u00edtica de protecci\u00f3 i bon tracte a la inf\u00e0ncia i l&#8217;adolesc\u00e8ncia<\/a> elaborada amb una metodologia que es basa en els est\u00e0ndards internacionals de protecci\u00f3 infantil de <a href=\"https:\/\/www.keepingchildrensafe.global\/\"><em>Keeping Children Safe<\/em><\/a>, entitat de la qual Educo \u00e9s membre associat i en la norma UNE.<\/p>\n\n\n\n<p>PROTEGEmos \u00e9s la metodologia d&#8217;Educo per portar la protecci\u00f3 infantil organitzacional a diferents \u00e0mbits: el d&#8217;entitats socials, d&#8217;oci i temps lliure, l&#8217;esportiu i l&#8217;educatiu, fet que suposa assumir la responsabilitat que prenem les organitzacions que treballem amb Nenes, Nens i Adolescents de vetllar perqu\u00e8 el nostre personal i les nostres activitats no els causin cap dany i contribueixin a la realitzaci\u00f3 plena dels seus drets.<\/p>\n\n\n\n<p>Educo \u00e9s una ONG que treballa a m\u00e9s de 14 pa\u00efsos i des de fa m\u00e9s de 30 anys pel benestar i els drets de la inf\u00e0ncia, en especial el dret a rebre una educaci\u00f3 de qualitat. Amb m\u00e9s de 200 projectes d&#8217;acci\u00f3 social i ajuda humanit\u00e0ria, acompanyen gaireb\u00e9 1 mili\u00f3 de nens i nenes, especialment els que viuen en situaci\u00f3 de vulnerabilitat, pobresa o manca d&#8217;oportunitats.<\/p>\n\n\n\n<div style=\"height:25px\" aria-hidden=\"true\" class=\"wp-block-spacer\"><\/div>\n\n\n\n<figure class=\"wp-block-embed is-type-video is-provider-youtube wp-block-embed-youtube wp-embed-aspect-16-9 wp-has-aspect-ratio\"><div class=\"wp-block-embed__wrapper\">\n<iframe title=\"Juntas PROTEGEmos a la infancia\" width=\"500\" height=\"281\" src=\"https:\/\/www.youtube.com\/embed\/Jr7NMc-rAJ4?start=129&#038;feature=oembed\" frameborder=\"0\" allow=\"accelerometer; autoplay; clipboard-write; encrypted-media; gyroscope; picture-in-picture; web-share\" referrerpolicy=\"strict-origin-when-cross-origin\" allowfullscreen><\/iframe>\n<\/div><\/figure>\n\n\n\n<div style=\"height:56px\" aria-hidden=\"true\" class=\"wp-block-spacer\"><\/div>\n\n\n\n<figure class=\"wp-block-gallery has-nested-images columns-default is-cropped wp-block-gallery-2 is-layout-flex wp-block-gallery-is-layout-flex\">\n<figure class=\"wp-block-image size-large\"><img fetchpriority=\"high\" decoding=\"async\" width=\"1024\" height=\"683\" data-id=\"156550\" src=\"https:\/\/abd.ong\/wp-content\/uploads\/2023\/12\/Preinfant-2s-20210928-47-1024x683.jpg\" alt=\"\" class=\"wp-image-156550\" srcset=\"https:\/\/abd.ong\/wp-content\/uploads\/2023\/12\/Preinfant-2s-20210928-47-1024x683.jpg 1024w, https:\/\/abd.ong\/wp-content\/uploads\/2023\/12\/Preinfant-2s-20210928-47-300x200.jpg 300w, https:\/\/abd.ong\/wp-content\/uploads\/2023\/12\/Preinfant-2s-20210928-47-768x512.jpg 768w, https:\/\/abd.ong\/wp-content\/uploads\/2023\/12\/Preinfant-2s-20210928-47-1536x1024.jpg 1536w, https:\/\/abd.ong\/wp-content\/uploads\/2023\/12\/Preinfant-2s-20210928-47-600x400.jpg 600w, https:\/\/abd.ong\/wp-content\/uploads\/2023\/12\/Preinfant-2s-20210928-47-1920x1280.jpg 1920w, https:\/\/abd.ong\/wp-content\/uploads\/2023\/12\/Preinfant-2s-20210928-47.jpg 2048w\" sizes=\"(max-width: 1024px) 100vw, 1024px\" \/><\/figure>\n\n\n\n<figure class=\"wp-block-image size-large\"><img decoding=\"async\" width=\"1024\" height=\"683\" data-id=\"156553\" src=\"https:\/\/abd.ong\/wp-content\/uploads\/2023\/12\/Preinfant-2s-20210928-80-1024x683.jpg\" alt=\"\" class=\"wp-image-156553\" srcset=\"https:\/\/abd.ong\/wp-content\/uploads\/2023\/12\/Preinfant-2s-20210928-80-1024x683.jpg 1024w, https:\/\/abd.ong\/wp-content\/uploads\/2023\/12\/Preinfant-2s-20210928-80-300x200.jpg 300w, https:\/\/abd.ong\/wp-content\/uploads\/2023\/12\/Preinfant-2s-20210928-80-768x512.jpg 768w, https:\/\/abd.ong\/wp-content\/uploads\/2023\/12\/Preinfant-2s-20210928-80-1536x1024.jpg 1536w, https:\/\/abd.ong\/wp-content\/uploads\/2023\/12\/Preinfant-2s-20210928-80-600x400.jpg 600w, https:\/\/abd.ong\/wp-content\/uploads\/2023\/12\/Preinfant-2s-20210928-80-1920x1280.jpg 1920w, https:\/\/abd.ong\/wp-content\/uploads\/2023\/12\/Preinfant-2s-20210928-80.jpg 2048w\" sizes=\"(max-width: 1024px) 100vw, 1024px\" \/><\/figure>\n\n\n\n<figure class=\"wp-block-image size-large\"><img decoding=\"async\" width=\"1024\" height=\"683\" data-id=\"156556\" src=\"https:\/\/abd.ong\/wp-content\/uploads\/2023\/12\/Preinfant-2s-20210930-156-1024x683.jpg\" alt=\"\" class=\"wp-image-156556\" srcset=\"https:\/\/abd.ong\/wp-content\/uploads\/2023\/12\/Preinfant-2s-20210930-156-1024x683.jpg 1024w, https:\/\/abd.ong\/wp-content\/uploads\/2023\/12\/Preinfant-2s-20210930-156-300x200.jpg 300w, https:\/\/abd.ong\/wp-content\/uploads\/2023\/12\/Preinfant-2s-20210930-156-768x512.jpg 768w, https:\/\/abd.ong\/wp-content\/uploads\/2023\/12\/Preinfant-2s-20210930-156-1536x1024.jpg 1536w, https:\/\/abd.ong\/wp-content\/uploads\/2023\/12\/Preinfant-2s-20210930-156-600x400.jpg 600w, https:\/\/abd.ong\/wp-content\/uploads\/2023\/12\/Preinfant-2s-20210930-156-1920x1280.jpg 1920w, https:\/\/abd.ong\/wp-content\/uploads\/2023\/12\/Preinfant-2s-20210930-156.jpg 2048w\" sizes=\"(max-width: 1024px) 100vw, 1024px\" \/><\/figure>\n\n\n\n<figure class=\"wp-block-image size-large\"><img loading=\"lazy\" decoding=\"async\" width=\"1024\" height=\"683\" data-id=\"156547\" src=\"https:\/\/abd.ong\/wp-content\/uploads\/2023\/12\/Preinfant-2s-20210928-72-1024x683.jpg\" alt=\"\" class=\"wp-image-156547\" srcset=\"https:\/\/abd.ong\/wp-content\/uploads\/2023\/12\/Preinfant-2s-20210928-72-1024x683.jpg 1024w, https:\/\/abd.ong\/wp-content\/uploads\/2023\/12\/Preinfant-2s-20210928-72-300x200.jpg 300w, https:\/\/abd.ong\/wp-content\/uploads\/2023\/12\/Preinfant-2s-20210928-72-768x512.jpg 768w, https:\/\/abd.ong\/wp-content\/uploads\/2023\/12\/Preinfant-2s-20210928-72-1536x1024.jpg 1536w, https:\/\/abd.ong\/wp-content\/uploads\/2023\/12\/Preinfant-2s-20210928-72-600x400.jpg 600w, https:\/\/abd.ong\/wp-content\/uploads\/2023\/12\/Preinfant-2s-20210928-72-1920x1280.jpg 1920w, https:\/\/abd.ong\/wp-content\/uploads\/2023\/12\/Preinfant-2s-20210928-72.jpg 2048w\" sizes=\"(max-width: 1024px) 100vw, 1024px\" \/><\/figure>\n\n\n\n<figure class=\"wp-block-image size-large\"><img loading=\"lazy\" decoding=\"async\" width=\"1024\" height=\"683\" data-id=\"156559\" src=\"https:\/\/abd.ong\/wp-content\/uploads\/2023\/12\/Preinfant-2s-20210930-118-1024x683.jpg\" alt=\"\" class=\"wp-image-156559\" srcset=\"https:\/\/abd.ong\/wp-content\/uploads\/2023\/12\/Preinfant-2s-20210930-118-1024x683.jpg 1024w, https:\/\/abd.ong\/wp-content\/uploads\/2023\/12\/Preinfant-2s-20210930-118-300x200.jpg 300w, https:\/\/abd.ong\/wp-content\/uploads\/2023\/12\/Preinfant-2s-20210930-118-768x512.jpg 768w, https:\/\/abd.ong\/wp-content\/uploads\/2023\/12\/Preinfant-2s-20210930-118-1536x1024.jpg 1536w, https:\/\/abd.ong\/wp-content\/uploads\/2023\/12\/Preinfant-2s-20210930-118-600x400.jpg 600w, https:\/\/abd.ong\/wp-content\/uploads\/2023\/12\/Preinfant-2s-20210930-118-1920x1280.jpg 1920w, https:\/\/abd.ong\/wp-content\/uploads\/2023\/12\/Preinfant-2s-20210930-118.jpg 2048w\" sizes=\"(max-width: 1024px) 100vw, 1024px\" \/><\/figure>\n<\/figure>\n","protected":false},"excerpt":{"rendered":"<p>El reconeixement l&#8217;atorga l&#8217;ONG Educo per l&#8217;aplicaci\u00f3 de la metodologia basada en els est\u00e0ndards internacionals de protecci\u00f3 infantil de Keeping Children Safe El Grup ABD ha rebut per part d&#8217;Educo&hellip;<\/p>\n","protected":false},"author":2,"featured_media":156314,"comment_status":"closed","ping_status":"closed","sticky":false,"template":"","format":"standard","meta":{"_acf_changed":false,"footnotes":""},"categories":[1303],"tags":[1897,675,3976,3974,3971,3972,2877,3975,3947,3973],"class_list":["post-156317","post","type-post","status-publish","format-standard","has-post-thumbnail","hentry","category-infancia-i-familia","tag-abd-2-ca","tag-asociacion-bienestar-y-desarrollo-ca","tag-bon-tracte-adolescencia","tag-bon-tracte-infancia","tag-certificat-oficial-protegemos","tag-educo-ca","tag-grup-abd","tag-proteccio-adolescencia","tag-proteccio-infancia","tag-protegemos-ca"],"acf":[],"yoast_head":"<!-- This site is optimized with the Yoast SEO plugin v27.4 - https:\/\/yoast.com\/product\/yoast-seo-wordpress\/ -->\n<title>El Grup ABD rep el certificat oficial \u2018PROTEGEmos\u2019 per la pol\u00edtica de protecci\u00f3 i bon tracte a la inf\u00e0ncia - ABD<\/title>\n<meta name=\"description\" content=\"El reconeixement l&#039;atorga l&#039;ONG Educo per l&#039;aplicaci\u00f3 de la metodologia basada en els est\u00e0ndards internacionals de protecci\u00f3 infantil de Keeping Children\" \/>\n<meta name=\"robots\" content=\"index, follow, max-snippet:-1, max-image-preview:large, max-video-preview:-1\" \/>\n<link rel=\"canonical\" href=\"https:\/\/abd.ong\/ca\/infancia-i-familia\/el-grup-abd-rep-el-certificat-oficial-protegemos-per-la-politica-de-proteccio-i-bon-tracte-a-la-infancia\/\" \/>\n<meta property=\"og:locale\" content=\"ca_ES\" \/>\n<meta property=\"og:type\" content=\"article\" \/>\n<meta property=\"og:title\" content=\"El Grup ABD rep el certificat oficial \u2018PROTEGEmos\u2019 per la pol\u00edtica de protecci\u00f3 i bon tracte a la inf\u00e0ncia - ABD\" \/>\n<meta property=\"og:description\" content=\"El reconeixement l&#039;atorga l&#039;ONG Educo per l&#039;aplicaci\u00f3 de la metodologia basada en els est\u00e0ndards internacionals de protecci\u00f3 infantil de Keeping Children\" \/>\n<meta property=\"og:url\" content=\"https:\/\/abd.ong\/ca\/infancia-i-familia\/el-grup-abd-rep-el-certificat-oficial-protegemos-per-la-politica-de-proteccio-i-bon-tracte-a-la-infancia\/\" \/>\n<meta property=\"og:site_name\" content=\"ABD\" \/>\n<meta property=\"article:publisher\" content=\"https:\/\/www.facebook.com\/abd.ong\" \/>\n<meta property=\"article:published_time\" content=\"2023-12-18T09:49:26+00:00\" \/>\n<meta property=\"article:modified_time\" content=\"2023-12-18T09:53:53+00:00\" \/>\n<meta property=\"og:image\" content=\"https:\/\/abd.ong\/wp-content\/uploads\/2023\/12\/Certificado_ABD_Esp-1-1.png\" \/>\n\t<meta property=\"og:image:width\" content=\"2339\" \/>\n\t<meta property=\"og:image:height\" content=\"1655\" \/>\n\t<meta property=\"og:image:type\" content=\"image\/png\" \/>\n<meta name=\"author\" content=\"Enric Guinart\" \/>\n<meta name=\"twitter:card\" content=\"summary_large_image\" \/>\n<meta name=\"twitter:creator\" content=\"@abd_ong\" \/>\n<meta name=\"twitter:site\" content=\"@abd_ong\" \/>\n<meta name=\"twitter:label1\" content=\"Escrit per\" \/>\n\t<meta name=\"twitter:data1\" content=\"Enric Guinart\" \/>\n<script type=\"application\/ld+json\" class=\"yoast-schema-graph\">{\"@context\":\"https:\\\/\\\/schema.org\",\"@graph\":[{\"@type\":\"Article\",\"@id\":\"https:\\\/\\\/abd.ong\\\/ca\\\/infancia-i-familia\\\/el-grup-abd-rep-el-certificat-oficial-protegemos-per-la-politica-de-proteccio-i-bon-tracte-a-la-infancia\\\/#article\",\"isPartOf\":{\"@id\":\"https:\\\/\\\/abd.ong\\\/ca\\\/infancia-i-familia\\\/el-grup-abd-rep-el-certificat-oficial-protegemos-per-la-politica-de-proteccio-i-bon-tracte-a-la-infancia\\\/\"},\"author\":{\"name\":\"Enric Guinart\",\"@id\":\"https:\\\/\\\/abd.ong\\\/ca\\\/#\\\/schema\\\/person\\\/d0f5fe279a7ad908de6a6d1332bfd7d8\"},\"headline\":\"El Grup ABD rep el certificat oficial \u2018PROTEGEmos\u2019 per la pol\u00edtica de protecci\u00f3 i bon tracte a la inf\u00e0ncia\",\"datePublished\":\"2023-12-18T09:49:26+00:00\",\"dateModified\":\"2023-12-18T09:53:53+00:00\",\"mainEntityOfPage\":{\"@id\":\"https:\\\/\\\/abd.ong\\\/ca\\\/infancia-i-familia\\\/el-grup-abd-rep-el-certificat-oficial-protegemos-per-la-politica-de-proteccio-i-bon-tracte-a-la-infancia\\\/\"},\"wordCount\":268,\"publisher\":{\"@id\":\"https:\\\/\\\/abd.ong\\\/ca\\\/#organization\"},\"image\":{\"@id\":\"https:\\\/\\\/abd.ong\\\/ca\\\/infancia-i-familia\\\/el-grup-abd-rep-el-certificat-oficial-protegemos-per-la-politica-de-proteccio-i-bon-tracte-a-la-infancia\\\/#primaryimage\"},\"thumbnailUrl\":\"https:\\\/\\\/abd.ong\\\/wp-content\\\/uploads\\\/2023\\\/12\\\/Certificado_ABD_Esp-1-1.png\",\"keywords\":[\"ABD\",\"Asociaci\u00f3n Bienestar y Desarrollo\",\"bon tracte adolesc\u00e8ncia\",\"bon tracte inf\u00e0ncia\",\"certificat oficial \u2018PROTEGEmos\u2019\",\"Educo\",\"grup ABD\",\"protecci\u00f3 adolesc\u00e8ncia\",\"protecci\u00f3 inf\u00e0ncia\",\"Protegemos\"],\"articleSection\":[\"Inf\u00e0ncia i fam\u00edlia\"],\"inLanguage\":\"ca\"},{\"@type\":\"WebPage\",\"@id\":\"https:\\\/\\\/abd.ong\\\/ca\\\/infancia-i-familia\\\/el-grup-abd-rep-el-certificat-oficial-protegemos-per-la-politica-de-proteccio-i-bon-tracte-a-la-infancia\\\/\",\"url\":\"https:\\\/\\\/abd.ong\\\/ca\\\/infancia-i-familia\\\/el-grup-abd-rep-el-certificat-oficial-protegemos-per-la-politica-de-proteccio-i-bon-tracte-a-la-infancia\\\/\",\"name\":\"El Grup ABD rep el certificat oficial \u2018PROTEGEmos\u2019 per la pol\u00edtica de protecci\u00f3 i bon tracte a la inf\u00e0ncia - ABD\",\"isPartOf\":{\"@id\":\"https:\\\/\\\/abd.ong\\\/ca\\\/#website\"},\"primaryImageOfPage\":{\"@id\":\"https:\\\/\\\/abd.ong\\\/ca\\\/infancia-i-familia\\\/el-grup-abd-rep-el-certificat-oficial-protegemos-per-la-politica-de-proteccio-i-bon-tracte-a-la-infancia\\\/#primaryimage\"},\"image\":{\"@id\":\"https:\\\/\\\/abd.ong\\\/ca\\\/infancia-i-familia\\\/el-grup-abd-rep-el-certificat-oficial-protegemos-per-la-politica-de-proteccio-i-bon-tracte-a-la-infancia\\\/#primaryimage\"},\"thumbnailUrl\":\"https:\\\/\\\/abd.ong\\\/wp-content\\\/uploads\\\/2023\\\/12\\\/Certificado_ABD_Esp-1-1.png\",\"datePublished\":\"2023-12-18T09:49:26+00:00\",\"dateModified\":\"2023-12-18T09:53:53+00:00\",\"description\":\"El reconeixement l'atorga l'ONG Educo per l'aplicaci\u00f3 de la metodologia basada en els est\u00e0ndards internacionals de protecci\u00f3 infantil de Keeping Children\",\"breadcrumb\":{\"@id\":\"https:\\\/\\\/abd.ong\\\/ca\\\/infancia-i-familia\\\/el-grup-abd-rep-el-certificat-oficial-protegemos-per-la-politica-de-proteccio-i-bon-tracte-a-la-infancia\\\/#breadcrumb\"},\"inLanguage\":\"ca\",\"potentialAction\":[{\"@type\":\"ReadAction\",\"target\":[\"https:\\\/\\\/abd.ong\\\/ca\\\/infancia-i-familia\\\/el-grup-abd-rep-el-certificat-oficial-protegemos-per-la-politica-de-proteccio-i-bon-tracte-a-la-infancia\\\/\"]}]},{\"@type\":\"ImageObject\",\"inLanguage\":\"ca\",\"@id\":\"https:\\\/\\\/abd.ong\\\/ca\\\/infancia-i-familia\\\/el-grup-abd-rep-el-certificat-oficial-protegemos-per-la-politica-de-proteccio-i-bon-tracte-a-la-infancia\\\/#primaryimage\",\"url\":\"https:\\\/\\\/abd.ong\\\/wp-content\\\/uploads\\\/2023\\\/12\\\/Certificado_ABD_Esp-1-1.png\",\"contentUrl\":\"https:\\\/\\\/abd.ong\\\/wp-content\\\/uploads\\\/2023\\\/12\\\/Certificado_ABD_Esp-1-1.png\",\"width\":2339,\"height\":1655},{\"@type\":\"BreadcrumbList\",\"@id\":\"https:\\\/\\\/abd.ong\\\/ca\\\/infancia-i-familia\\\/el-grup-abd-rep-el-certificat-oficial-protegemos-per-la-politica-de-proteccio-i-bon-tracte-a-la-infancia\\\/#breadcrumb\",\"itemListElement\":[{\"@type\":\"ListItem\",\"position\":1,\"name\":\"Inici\",\"item\":\"https:\\\/\\\/abd.ong\\\/ca\\\/\"},{\"@type\":\"ListItem\",\"position\":2,\"name\":\"El Grup ABD rep el certificat oficial \u2018PROTEGEmos\u2019 per la pol\u00edtica de protecci\u00f3 i bon tracte a la inf\u00e0ncia\"}]},{\"@type\":\"WebSite\",\"@id\":\"https:\\\/\\\/abd.ong\\\/ca\\\/#website\",\"url\":\"https:\\\/\\\/abd.ong\\\/ca\\\/\",\"name\":\"ABD\",\"description\":\"Asociaci\u00f3n Bienestar y Desarrollo\",\"publisher\":{\"@id\":\"https:\\\/\\\/abd.ong\\\/ca\\\/#organization\"},\"potentialAction\":[{\"@type\":\"SearchAction\",\"target\":{\"@type\":\"EntryPoint\",\"urlTemplate\":\"https:\\\/\\\/abd.ong\\\/ca\\\/?s={search_term_string}\"},\"query-input\":{\"@type\":\"PropertyValueSpecification\",\"valueRequired\":true,\"valueName\":\"search_term_string\"}}],\"inLanguage\":\"ca\"},{\"@type\":\"Organization\",\"@id\":\"https:\\\/\\\/abd.ong\\\/ca\\\/#organization\",\"name\":\"Associaci\u00f3 Benestar i Desenvolupament\",\"alternateName\":\"ABD\",\"url\":\"https:\\\/\\\/abd.ong\\\/ca\\\/\",\"logo\":{\"@type\":\"ImageObject\",\"inLanguage\":\"ca\",\"@id\":\"https:\\\/\\\/abd.ong\\\/ca\\\/#\\\/schema\\\/logo\\\/image\\\/\",\"url\":\"https:\\\/\\\/abd.ong\\\/wp-content\\\/uploads\\\/2023\\\/01\\\/Icona.png\",\"contentUrl\":\"https:\\\/\\\/abd.ong\\\/wp-content\\\/uploads\\\/2023\\\/01\\\/Icona.png\",\"width\":190,\"height\":187,\"caption\":\"Associaci\u00f3 Benestar i Desenvolupament\"},\"image\":{\"@id\":\"https:\\\/\\\/abd.ong\\\/ca\\\/#\\\/schema\\\/logo\\\/image\\\/\"},\"sameAs\":[\"https:\\\/\\\/www.facebook.com\\\/abd.ong\",\"https:\\\/\\\/x.com\\\/abd_ong\",\"https:\\\/\\\/www.instagram.com\\\/abd_ong\\\/\",\"https:\\\/\\\/www.linkedin.com\\\/company\\\/abdong\",\"https:\\\/\\\/www.youtube.com\\\/user\\\/CANALABD\"]},{\"@type\":\"Person\",\"@id\":\"https:\\\/\\\/abd.ong\\\/ca\\\/#\\\/schema\\\/person\\\/d0f5fe279a7ad908de6a6d1332bfd7d8\",\"name\":\"Enric Guinart\"}]}<\/script>\n<!-- \/ Yoast SEO plugin. -->","yoast_head_json":{"title":"El Grup ABD rep el certificat oficial \u2018PROTEGEmos\u2019 per la pol\u00edtica de protecci\u00f3 i bon tracte a la inf\u00e0ncia - ABD","description":"El reconeixement l'atorga l'ONG Educo per l'aplicaci\u00f3 de la metodologia basada en els est\u00e0ndards internacionals de protecci\u00f3 infantil de Keeping Children","robots":{"index":"index","follow":"follow","max-snippet":"max-snippet:-1","max-image-preview":"max-image-preview:large","max-video-preview":"max-video-preview:-1"},"canonical":"https:\/\/abd.ong\/ca\/infancia-i-familia\/el-grup-abd-rep-el-certificat-oficial-protegemos-per-la-politica-de-proteccio-i-bon-tracte-a-la-infancia\/","og_locale":"ca_ES","og_type":"article","og_title":"El Grup ABD rep el certificat oficial \u2018PROTEGEmos\u2019 per la pol\u00edtica de protecci\u00f3 i bon tracte a la inf\u00e0ncia - ABD","og_description":"El reconeixement l'atorga l'ONG Educo per l'aplicaci\u00f3 de la metodologia basada en els est\u00e0ndards internacionals de protecci\u00f3 infantil de Keeping Children","og_url":"https:\/\/abd.ong\/ca\/infancia-i-familia\/el-grup-abd-rep-el-certificat-oficial-protegemos-per-la-politica-de-proteccio-i-bon-tracte-a-la-infancia\/","og_site_name":"ABD","article_publisher":"https:\/\/www.facebook.com\/abd.ong","article_published_time":"2023-12-18T09:49:26+00:00","article_modified_time":"2023-12-18T09:53:53+00:00","og_image":[{"width":2339,"height":1655,"url":"https:\/\/abd.ong\/wp-content\/uploads\/2023\/12\/Certificado_ABD_Esp-1-1.png","type":"image\/png"}],"author":"Enric Guinart","twitter_card":"summary_large_image","twitter_creator":"@abd_ong","twitter_site":"@abd_ong","twitter_misc":{"Escrit per":"Enric Guinart"},"schema":{"@context":"https:\/\/schema.org","@graph":[{"@type":"Article","@id":"https:\/\/abd.ong\/ca\/infancia-i-familia\/el-grup-abd-rep-el-certificat-oficial-protegemos-per-la-politica-de-proteccio-i-bon-tracte-a-la-infancia\/#article","isPartOf":{"@id":"https:\/\/abd.ong\/ca\/infancia-i-familia\/el-grup-abd-rep-el-certificat-oficial-protegemos-per-la-politica-de-proteccio-i-bon-tracte-a-la-infancia\/"},"author":{"name":"Enric Guinart","@id":"https:\/\/abd.ong\/ca\/#\/schema\/person\/d0f5fe279a7ad908de6a6d1332bfd7d8"},"headline":"El Grup ABD rep el certificat oficial \u2018PROTEGEmos\u2019 per la pol\u00edtica de protecci\u00f3 i bon tracte a la inf\u00e0ncia","datePublished":"2023-12-18T09:49:26+00:00","dateModified":"2023-12-18T09:53:53+00:00","mainEntityOfPage":{"@id":"https:\/\/abd.ong\/ca\/infancia-i-familia\/el-grup-abd-rep-el-certificat-oficial-protegemos-per-la-politica-de-proteccio-i-bon-tracte-a-la-infancia\/"},"wordCount":268,"publisher":{"@id":"https:\/\/abd.ong\/ca\/#organization"},"image":{"@id":"https:\/\/abd.ong\/ca\/infancia-i-familia\/el-grup-abd-rep-el-certificat-oficial-protegemos-per-la-politica-de-proteccio-i-bon-tracte-a-la-infancia\/#primaryimage"},"thumbnailUrl":"https:\/\/abd.ong\/wp-content\/uploads\/2023\/12\/Certificado_ABD_Esp-1-1.png","keywords":["ABD","Asociaci\u00f3n Bienestar y Desarrollo","bon tracte adolesc\u00e8ncia","bon tracte inf\u00e0ncia","certificat oficial \u2018PROTEGEmos\u2019","Educo","grup ABD","protecci\u00f3 adolesc\u00e8ncia","protecci\u00f3 inf\u00e0ncia","Protegemos"],"articleSection":["Inf\u00e0ncia i fam\u00edlia"],"inLanguage":"ca"},{"@type":"WebPage","@id":"https:\/\/abd.ong\/ca\/infancia-i-familia\/el-grup-abd-rep-el-certificat-oficial-protegemos-per-la-politica-de-proteccio-i-bon-tracte-a-la-infancia\/","url":"https:\/\/abd.ong\/ca\/infancia-i-familia\/el-grup-abd-rep-el-certificat-oficial-protegemos-per-la-politica-de-proteccio-i-bon-tracte-a-la-infancia\/","name":"El Grup ABD rep el certificat oficial \u2018PROTEGEmos\u2019 per la pol\u00edtica de protecci\u00f3 i bon tracte a la inf\u00e0ncia - ABD","isPartOf":{"@id":"https:\/\/abd.ong\/ca\/#website"},"primaryImageOfPage":{"@id":"https:\/\/abd.ong\/ca\/infancia-i-familia\/el-grup-abd-rep-el-certificat-oficial-protegemos-per-la-politica-de-proteccio-i-bon-tracte-a-la-infancia\/#primaryimage"},"image":{"@id":"https:\/\/abd.ong\/ca\/infancia-i-familia\/el-grup-abd-rep-el-certificat-oficial-protegemos-per-la-politica-de-proteccio-i-bon-tracte-a-la-infancia\/#primaryimage"},"thumbnailUrl":"https:\/\/abd.ong\/wp-content\/uploads\/2023\/12\/Certificado_ABD_Esp-1-1.png","datePublished":"2023-12-18T09:49:26+00:00","dateModified":"2023-12-18T09:53:53+00:00","description":"El reconeixement l'atorga l'ONG Educo per l'aplicaci\u00f3 de la metodologia basada en els est\u00e0ndards internacionals de protecci\u00f3 infantil de Keeping Children","breadcrumb":{"@id":"https:\/\/abd.ong\/ca\/infancia-i-familia\/el-grup-abd-rep-el-certificat-oficial-protegemos-per-la-politica-de-proteccio-i-bon-tracte-a-la-infancia\/#breadcrumb"},"inLanguage":"ca","potentialAction":[{"@type":"ReadAction","target":["https:\/\/abd.ong\/ca\/infancia-i-familia\/el-grup-abd-rep-el-certificat-oficial-protegemos-per-la-politica-de-proteccio-i-bon-tracte-a-la-infancia\/"]}]},{"@type":"ImageObject","inLanguage":"ca","@id":"https:\/\/abd.ong\/ca\/infancia-i-familia\/el-grup-abd-rep-el-certificat-oficial-protegemos-per-la-politica-de-proteccio-i-bon-tracte-a-la-infancia\/#primaryimage","url":"https:\/\/abd.ong\/wp-content\/uploads\/2023\/12\/Certificado_ABD_Esp-1-1.png","contentUrl":"https:\/\/abd.ong\/wp-content\/uploads\/2023\/12\/Certificado_ABD_Esp-1-1.png","width":2339,"height":1655},{"@type":"BreadcrumbList","@id":"https:\/\/abd.ong\/ca\/infancia-i-familia\/el-grup-abd-rep-el-certificat-oficial-protegemos-per-la-politica-de-proteccio-i-bon-tracte-a-la-infancia\/#breadcrumb","itemListElement":[{"@type":"ListItem","position":1,"name":"Inici","item":"https:\/\/abd.ong\/ca\/"},{"@type":"ListItem","position":2,"name":"El Grup ABD rep el certificat oficial \u2018PROTEGEmos\u2019 per la pol\u00edtica de protecci\u00f3 i bon tracte a la inf\u00e0ncia"}]},{"@type":"WebSite","@id":"https:\/\/abd.ong\/ca\/#website","url":"https:\/\/abd.ong\/ca\/","name":"ABD","description":"Asociaci\u00f3n Bienestar y Desarrollo","publisher":{"@id":"https:\/\/abd.ong\/ca\/#organization"},"potentialAction":[{"@type":"SearchAction","target":{"@type":"EntryPoint","urlTemplate":"https:\/\/abd.ong\/ca\/?s={search_term_string}"},"query-input":{"@type":"PropertyValueSpecification","valueRequired":true,"valueName":"search_term_string"}}],"inLanguage":"ca"},{"@type":"Organization","@id":"https:\/\/abd.ong\/ca\/#organization","name":"Associaci\u00f3 Benestar i Desenvolupament","alternateName":"ABD","url":"https:\/\/abd.ong\/ca\/","logo":{"@type":"ImageObject","inLanguage":"ca","@id":"https:\/\/abd.ong\/ca\/#\/schema\/logo\/image\/","url":"https:\/\/abd.ong\/wp-content\/uploads\/2023\/01\/Icona.png","contentUrl":"https:\/\/abd.ong\/wp-content\/uploads\/2023\/01\/Icona.png","width":190,"height":187,"caption":"Associaci\u00f3 Benestar i Desenvolupament"},"image":{"@id":"https:\/\/abd.ong\/ca\/#\/schema\/logo\/image\/"},"sameAs":["https:\/\/www.facebook.com\/abd.ong","https:\/\/x.com\/abd_ong","https:\/\/www.instagram.com\/abd_ong\/","https:\/\/www.linkedin.com\/company\/abdong","https:\/\/www.youtube.com\/user\/CANALABD"]},{"@type":"Person","@id":"https:\/\/abd.ong\/ca\/#\/schema\/person\/d0f5fe279a7ad908de6a6d1332bfd7d8","name":"Enric Guinart"}]}},"_links":{"self":[{"href":"https:\/\/abd.ong\/ca\/wp-json\/wp\/v2\/posts\/156317","targetHints":{"allow":["GET"]}}],"collection":[{"href":"https:\/\/abd.ong\/ca\/wp-json\/wp\/v2\/posts"}],"about":[{"href":"https:\/\/abd.ong\/ca\/wp-json\/wp\/v2\/types\/post"}],"author":[{"embeddable":true,"href":"https:\/\/abd.ong\/ca\/wp-json\/wp\/v2\/users\/2"}],"replies":[{"embeddable":true,"href":"https:\/\/abd.ong\/ca\/wp-json\/wp\/v2\/comments?post=156317"}],"version-history":[{"count":3,"href":"https:\/\/abd.ong\/ca\/wp-json\/wp\/v2\/posts\/156317\/revisions"}],"predecessor-version":[{"id":156595,"href":"https:\/\/abd.ong\/ca\/wp-json\/wp\/v2\/posts\/156317\/revisions\/156595"}],"wp:featuredmedia":[{"embeddable":true,"href":"https:\/\/abd.ong\/ca\/wp-json\/wp\/v2\/media\/156314"}],"wp:attachment":[{"href":"https:\/\/abd.ong\/ca\/wp-json\/wp\/v2\/media?parent=156317"}],"wp:term":[{"taxonomy":"category","embeddable":true,"href":"https:\/\/abd.ong\/ca\/wp-json\/wp\/v2\/categories?post=156317"},{"taxonomy":"post_tag","embeddable":true,"href":"https:\/\/abd.ong\/ca\/wp-json\/wp\/v2\/tags?post=156317"}],"curies":[{"name":"wp","href":"https:\/\/api.w.org\/{rel}","templated":true}]}}