{"id":156305,"date":"2023-12-21T09:05:44","date_gmt":"2023-12-21T08:05:44","guid":{"rendered":"https:\/\/abd.ong\/?p=156305"},"modified":"2023-12-21T09:26:37","modified_gmt":"2023-12-21T08:26:37","slug":"per-un-2024-ple-de-pau-i-solidaritat","status":"publish","type":"post","link":"https:\/\/abd.ong\/ca\/general-ca\/per-un-2024-ple-de-pau-i-solidaritat\/","title":{"rendered":"Per un 2024 ple de pau i solidaritat"},"content":{"rendered":"\n<h4 class=\"wp-block-heading\">No hem de renunciar a la idea de construir una societat basada en la solidaritat, la reciprocitat i la sostenibilitat<\/h4>\n\n\n\n<div style=\"height:50px\" aria-hidden=\"true\" class=\"wp-block-spacer\"><\/div>\n\n\n\n<p>Estimats i estimades,<\/p>\n\n\n\n<p>Ens aproximem al tancament d\u2019un altre any desafiant. L\u2019experi\u00e8ncia de la solidaritat a trav\u00e9s de la resposta col\u00b7lectiva al virus de la Covid va propiciar reflexions esperan\u00e7adores al voltant de mons millors.<\/p>\n\n\n\n<p>Avui, tres anys despr\u00e9s,<strong> la despesa en habitatge, la inflaci\u00f3 i el suport insuficient a les fam\u00edlies amb nens i nenes estan llastrant la recuperaci\u00f3 de les llars<\/strong>: m\u00e9s de 12,3 milions de persones es troben en risc de pobresa i exclusi\u00f3 social a Espanya, un 26% de la poblaci\u00f3 espanyola, segons dades de l\u2019estudi \u2018<em>L\u2019estat de la Pobresa 2022\u2032<\/em>&nbsp;de la Xarxa Europea de Lluita contra la Pobresa i l\u2019Exclusi\u00f3 Social a l\u2019Estat Espanyol (EAPN-ES).<\/p>\n\n\n\n<p>La concatenaci\u00f3 d\u2019esdeveniments postpand\u00e8mia ens ha fet oblidar no nom\u00e9s que la travessem sin\u00f3 com ho vam fer. Qualsevol imaginari dels que pens\u00e0vem que pod\u00edem tra\u00e7ar alguna cosa nova sembla que ja s\u2019ha esva\u00eft.<\/p>\n\n\n\n<p>Davant d\u2019aquesta realitat, des del Grup ABD pensem que la millor resposta \u00e9s continuar sent fidels al compliment de la nostra missi\u00f3, que no \u00e9s altra que la&nbsp;<em>\u201ccreaci\u00f3 i gesti\u00f3 contrastada de projectes i serveis centrats en les persones i en les comunitats per facilitar l\u2019apoderament i enfortir el paper actiu en la generaci\u00f3 d\u2019igualtat social i benestar personal i col\u00b7lectiu\u201d<\/em>. Amb prop de 2.000 professionals i m\u00e9s de 600 persones volunt\u00e0ries i col\u00b7laboradores, ja desenvolupem m\u00e9s de 180 programes i serveis que beneficien m\u00e9s de 170.000 persones.<\/p>\n\n\n\n<p>La postpand\u00e8mia ens ha enfrontat a desafiaments formidables, per\u00f2 no ens podem permetre oblidar la lluita que moltes llars han enfrontat i continuen enfrontant. Tot i que la sortida de la pand\u00e8mia no ens hagi brindat solucions immediates, no hem de renunciar a la idea de&nbsp;<strong>construir una societat basada en la solidaritat, la reciprocitat i la sostenibilitat<\/strong>.<\/p>\n\n\n\n<p>Us instem a tots\/es a unir-vos a aquest esfor\u00e7 col\u00b7lectiu. Juntes, podem crear un futur on la just\u00edcia i la igualtat siguin la norma, no pas l\u2019excepci\u00f3.<\/p>\n\n\n\n<p>Amb els millors desitjos per a un <strong>nou any, esperem que estigui ple de pau i solidaritat<\/strong>.<\/p>\n\n\n\n<p>Bones festes!<\/p>\n\n\n\n<p><strong>Felisa P\u00e9rez Ant\u00f3n&nbsp;&nbsp;&nbsp;&nbsp;&nbsp;&nbsp;&nbsp;&nbsp;&nbsp;&nbsp;&nbsp;&nbsp;&nbsp;&nbsp;&nbsp;&nbsp;&nbsp;&nbsp;&nbsp;&nbsp;&nbsp;&nbsp;&nbsp;&nbsp;&nbsp;&nbsp;&nbsp;&nbsp;&nbsp;&nbsp;&nbsp;&nbsp;&nbsp; &nbsp;&nbsp;&nbsp;&nbsp;&nbsp;&nbsp;&nbsp;&nbsp;&nbsp;&nbsp;&nbsp;&nbsp;&nbsp;&nbsp;&nbsp;&nbsp;&nbsp;\u00c0ngels Guiteras Mestres<\/strong><\/p>\n\n\n\n<p>Presidenta d&#8217;ABD&nbsp; &nbsp; &nbsp; &nbsp; &nbsp; &nbsp; &nbsp; &nbsp; &nbsp; &nbsp; &nbsp; &nbsp; &nbsp; &nbsp; &nbsp; &nbsp; &nbsp; &nbsp; &nbsp; &nbsp; &nbsp; &nbsp; &nbsp; &nbsp; &nbsp; &nbsp;     &nbsp;Gerent d&#8217;ABD<\/p>\n\n\n\n<div style=\"height:38px\" aria-hidden=\"true\" class=\"wp-block-spacer\"><\/div>\n\n\n\n<figure class=\"wp-block-image size-large\"><img decoding=\"async\" src=\"https:\/\/abd.ong\/wp-content\/uploads\/2023\/12\/FullSizeRender-1024x578-1.webp\" alt=\"\" class=\"wp-image-156509\"\/><\/figure>\n","protected":false},"excerpt":{"rendered":"<p>No hem de renunciar a la idea de construir una societat basada en la solidaritat, la reciprocitat i la sostenibilitat Estimats i estimades, Ens aproximem al tancament d\u2019un altre any&hellip;<\/p>\n","protected":false},"author":2,"featured_media":156660,"comment_status":"closed","ping_status":"open","sticky":false,"template":"","format":"standard","meta":{"_acf_changed":false,"footnotes":""},"categories":[66],"tags":[1897,675,2877],"class_list":["post-156305","post","type-post","status-publish","format-standard","has-post-thumbnail","hentry","category-general-ca","tag-abd-2-ca","tag-asociacion-bienestar-y-desarrollo-ca","tag-grup-abd"],"acf":[],"yoast_head":"<!-- This site is optimized with the Yoast SEO plugin v27.4 - https:\/\/yoast.com\/product\/yoast-seo-wordpress\/ -->\n<title>Per un 2024 ple de pau i solidaritat - ABD<\/title>\n<meta name=\"description\" content=\"No hem de renunciar a la idea de construir una societat basada en la solidaritat, la reciprocitat i la sostenibilitat Estimats i estimades, Ens aproximem\" \/>\n<meta name=\"robots\" content=\"index, follow, max-snippet:-1, max-image-preview:large, max-video-preview:-1\" \/>\n<link rel=\"canonical\" href=\"https:\/\/abd.ong\/ca\/general-ca\/per-un-2024-ple-de-pau-i-solidaritat\/\" \/>\n<meta property=\"og:locale\" content=\"ca_ES\" \/>\n<meta property=\"og:type\" content=\"article\" \/>\n<meta property=\"og:title\" content=\"Per un 2024 ple de pau i solidaritat - ABD\" \/>\n<meta property=\"og:description\" content=\"No hem de renunciar a la idea de construir una societat basada en la solidaritat, la reciprocitat i la sostenibilitat Estimats i estimades, Ens aproximem\" \/>\n<meta property=\"og:url\" content=\"https:\/\/abd.ong\/ca\/general-ca\/per-un-2024-ple-de-pau-i-solidaritat\/\" \/>\n<meta property=\"og:site_name\" content=\"ABD\" \/>\n<meta property=\"article:publisher\" content=\"https:\/\/www.facebook.com\/abd.ong\" \/>\n<meta property=\"article:published_time\" content=\"2023-12-21T08:05:44+00:00\" \/>\n<meta property=\"article:modified_time\" content=\"2023-12-21T08:26:37+00:00\" \/>\n<meta property=\"og:image\" content=\"https:\/\/abd.ong\/wp-content\/uploads\/2023\/12\/Light-Pink-Pastel-Red-Clean-and-Corporate-Protest-Content-Pro-choice-Twitter-Post-52-1024x576.png\" \/>\n\t<meta property=\"og:image:width\" content=\"1024\" \/>\n\t<meta property=\"og:image:height\" content=\"576\" \/>\n\t<meta property=\"og:image:type\" content=\"image\/png\" \/>\n<meta name=\"author\" content=\"Enric Guinart\" \/>\n<meta name=\"twitter:card\" content=\"summary_large_image\" \/>\n<meta name=\"twitter:creator\" content=\"@abd_ong\" \/>\n<meta name=\"twitter:site\" content=\"@abd_ong\" \/>\n<meta name=\"twitter:label1\" content=\"Escrit per\" \/>\n\t<meta name=\"twitter:data1\" content=\"Enric Guinart\" \/>\n\t<meta name=\"twitter:label2\" content=\"Temps estimat de lectura\" \/>\n\t<meta name=\"twitter:data2\" content=\"2 minuts\" \/>\n<script type=\"application\/ld+json\" class=\"yoast-schema-graph\">{\"@context\":\"https:\\\/\\\/schema.org\",\"@graph\":[{\"@type\":\"Article\",\"@id\":\"https:\\\/\\\/abd.ong\\\/ca\\\/general-ca\\\/per-un-2024-ple-de-pau-i-solidaritat\\\/#article\",\"isPartOf\":{\"@id\":\"https:\\\/\\\/abd.ong\\\/ca\\\/general-ca\\\/per-un-2024-ple-de-pau-i-solidaritat\\\/\"},\"author\":{\"name\":\"Enric Guinart\",\"@id\":\"https:\\\/\\\/abd.ong\\\/ca\\\/#\\\/schema\\\/person\\\/d0f5fe279a7ad908de6a6d1332bfd7d8\"},\"headline\":\"Per un 2024 ple de pau i solidaritat\",\"datePublished\":\"2023-12-21T08:05:44+00:00\",\"dateModified\":\"2023-12-21T08:26:37+00:00\",\"mainEntityOfPage\":{\"@id\":\"https:\\\/\\\/abd.ong\\\/ca\\\/general-ca\\\/per-un-2024-ple-de-pau-i-solidaritat\\\/\"},\"wordCount\":488,\"publisher\":{\"@id\":\"https:\\\/\\\/abd.ong\\\/ca\\\/#organization\"},\"image\":{\"@id\":\"https:\\\/\\\/abd.ong\\\/ca\\\/general-ca\\\/per-un-2024-ple-de-pau-i-solidaritat\\\/#primaryimage\"},\"thumbnailUrl\":\"https:\\\/\\\/abd.ong\\\/wp-content\\\/uploads\\\/2023\\\/12\\\/Light-Pink-Pastel-Red-Clean-and-Corporate-Protest-Content-Pro-choice-Twitter-Post-53.png\",\"keywords\":[\"ABD\",\"Asociaci\u00f3n Bienestar y Desarrollo\",\"grup ABD\"],\"articleSection\":[\"General\"],\"inLanguage\":\"ca\"},{\"@type\":\"WebPage\",\"@id\":\"https:\\\/\\\/abd.ong\\\/ca\\\/general-ca\\\/per-un-2024-ple-de-pau-i-solidaritat\\\/\",\"url\":\"https:\\\/\\\/abd.ong\\\/ca\\\/general-ca\\\/per-un-2024-ple-de-pau-i-solidaritat\\\/\",\"name\":\"Per un 2024 ple de pau i solidaritat - ABD\",\"isPartOf\":{\"@id\":\"https:\\\/\\\/abd.ong\\\/ca\\\/#website\"},\"primaryImageOfPage\":{\"@id\":\"https:\\\/\\\/abd.ong\\\/ca\\\/general-ca\\\/per-un-2024-ple-de-pau-i-solidaritat\\\/#primaryimage\"},\"image\":{\"@id\":\"https:\\\/\\\/abd.ong\\\/ca\\\/general-ca\\\/per-un-2024-ple-de-pau-i-solidaritat\\\/#primaryimage\"},\"thumbnailUrl\":\"https:\\\/\\\/abd.ong\\\/wp-content\\\/uploads\\\/2023\\\/12\\\/Light-Pink-Pastel-Red-Clean-and-Corporate-Protest-Content-Pro-choice-Twitter-Post-53.png\",\"datePublished\":\"2023-12-21T08:05:44+00:00\",\"dateModified\":\"2023-12-21T08:26:37+00:00\",\"description\":\"No hem de renunciar a la idea de construir una societat basada en la solidaritat, la reciprocitat i la sostenibilitat Estimats i estimades, Ens aproximem\",\"breadcrumb\":{\"@id\":\"https:\\\/\\\/abd.ong\\\/ca\\\/general-ca\\\/per-un-2024-ple-de-pau-i-solidaritat\\\/#breadcrumb\"},\"inLanguage\":\"ca\",\"potentialAction\":[{\"@type\":\"ReadAction\",\"target\":[\"https:\\\/\\\/abd.ong\\\/ca\\\/general-ca\\\/per-un-2024-ple-de-pau-i-solidaritat\\\/\"]}]},{\"@type\":\"ImageObject\",\"inLanguage\":\"ca\",\"@id\":\"https:\\\/\\\/abd.ong\\\/ca\\\/general-ca\\\/per-un-2024-ple-de-pau-i-solidaritat\\\/#primaryimage\",\"url\":\"https:\\\/\\\/abd.ong\\\/wp-content\\\/uploads\\\/2023\\\/12\\\/Light-Pink-Pastel-Red-Clean-and-Corporate-Protest-Content-Pro-choice-Twitter-Post-53.png\",\"contentUrl\":\"https:\\\/\\\/abd.ong\\\/wp-content\\\/uploads\\\/2023\\\/12\\\/Light-Pink-Pastel-Red-Clean-and-Corporate-Protest-Content-Pro-choice-Twitter-Post-53.png\",\"width\":2048,\"height\":1152},{\"@type\":\"BreadcrumbList\",\"@id\":\"https:\\\/\\\/abd.ong\\\/ca\\\/general-ca\\\/per-un-2024-ple-de-pau-i-solidaritat\\\/#breadcrumb\",\"itemListElement\":[{\"@type\":\"ListItem\",\"position\":1,\"name\":\"Inici\",\"item\":\"https:\\\/\\\/abd.ong\\\/ca\\\/\"},{\"@type\":\"ListItem\",\"position\":2,\"name\":\"Per un 2024 ple de pau i solidaritat\"}]},{\"@type\":\"WebSite\",\"@id\":\"https:\\\/\\\/abd.ong\\\/ca\\\/#website\",\"url\":\"https:\\\/\\\/abd.ong\\\/ca\\\/\",\"name\":\"ABD\",\"description\":\"Asociaci\u00f3n Bienestar y Desarrollo\",\"publisher\":{\"@id\":\"https:\\\/\\\/abd.ong\\\/ca\\\/#organization\"},\"potentialAction\":[{\"@type\":\"SearchAction\",\"target\":{\"@type\":\"EntryPoint\",\"urlTemplate\":\"https:\\\/\\\/abd.ong\\\/ca\\\/?s={search_term_string}\"},\"query-input\":{\"@type\":\"PropertyValueSpecification\",\"valueRequired\":true,\"valueName\":\"search_term_string\"}}],\"inLanguage\":\"ca\"},{\"@type\":\"Organization\",\"@id\":\"https:\\\/\\\/abd.ong\\\/ca\\\/#organization\",\"name\":\"Associaci\u00f3 Benestar i Desenvolupament\",\"alternateName\":\"ABD\",\"url\":\"https:\\\/\\\/abd.ong\\\/ca\\\/\",\"logo\":{\"@type\":\"ImageObject\",\"inLanguage\":\"ca\",\"@id\":\"https:\\\/\\\/abd.ong\\\/ca\\\/#\\\/schema\\\/logo\\\/image\\\/\",\"url\":\"https:\\\/\\\/abd.ong\\\/wp-content\\\/uploads\\\/2023\\\/01\\\/Icona.png\",\"contentUrl\":\"https:\\\/\\\/abd.ong\\\/wp-content\\\/uploads\\\/2023\\\/01\\\/Icona.png\",\"width\":190,\"height\":187,\"caption\":\"Associaci\u00f3 Benestar i Desenvolupament\"},\"image\":{\"@id\":\"https:\\\/\\\/abd.ong\\\/ca\\\/#\\\/schema\\\/logo\\\/image\\\/\"},\"sameAs\":[\"https:\\\/\\\/www.facebook.com\\\/abd.ong\",\"https:\\\/\\\/x.com\\\/abd_ong\",\"https:\\\/\\\/www.instagram.com\\\/abd_ong\\\/\",\"https:\\\/\\\/www.linkedin.com\\\/company\\\/abdong\",\"https:\\\/\\\/www.youtube.com\\\/user\\\/CANALABD\"]},{\"@type\":\"Person\",\"@id\":\"https:\\\/\\\/abd.ong\\\/ca\\\/#\\\/schema\\\/person\\\/d0f5fe279a7ad908de6a6d1332bfd7d8\",\"name\":\"Enric Guinart\"}]}<\/script>\n<!-- \/ Yoast SEO plugin. -->","yoast_head_json":{"title":"Per un 2024 ple de pau i solidaritat - ABD","description":"No hem de renunciar a la idea de construir una societat basada en la solidaritat, la reciprocitat i la sostenibilitat Estimats i estimades, Ens aproximem","robots":{"index":"index","follow":"follow","max-snippet":"max-snippet:-1","max-image-preview":"max-image-preview:large","max-video-preview":"max-video-preview:-1"},"canonical":"https:\/\/abd.ong\/ca\/general-ca\/per-un-2024-ple-de-pau-i-solidaritat\/","og_locale":"ca_ES","og_type":"article","og_title":"Per un 2024 ple de pau i solidaritat - ABD","og_description":"No hem de renunciar a la idea de construir una societat basada en la solidaritat, la reciprocitat i la sostenibilitat Estimats i estimades, Ens aproximem","og_url":"https:\/\/abd.ong\/ca\/general-ca\/per-un-2024-ple-de-pau-i-solidaritat\/","og_site_name":"ABD","article_publisher":"https:\/\/www.facebook.com\/abd.ong","article_published_time":"2023-12-21T08:05:44+00:00","article_modified_time":"2023-12-21T08:26:37+00:00","og_image":[{"width":1024,"height":576,"url":"https:\/\/abd.ong\/wp-content\/uploads\/2023\/12\/Light-Pink-Pastel-Red-Clean-and-Corporate-Protest-Content-Pro-choice-Twitter-Post-52-1024x576.png","type":"image\/png"}],"author":"Enric Guinart","twitter_card":"summary_large_image","twitter_creator":"@abd_ong","twitter_site":"@abd_ong","twitter_misc":{"Escrit per":"Enric Guinart","Temps estimat de lectura":"2 minuts"},"schema":{"@context":"https:\/\/schema.org","@graph":[{"@type":"Article","@id":"https:\/\/abd.ong\/ca\/general-ca\/per-un-2024-ple-de-pau-i-solidaritat\/#article","isPartOf":{"@id":"https:\/\/abd.ong\/ca\/general-ca\/per-un-2024-ple-de-pau-i-solidaritat\/"},"author":{"name":"Enric Guinart","@id":"https:\/\/abd.ong\/ca\/#\/schema\/person\/d0f5fe279a7ad908de6a6d1332bfd7d8"},"headline":"Per un 2024 ple de pau i solidaritat","datePublished":"2023-12-21T08:05:44+00:00","dateModified":"2023-12-21T08:26:37+00:00","mainEntityOfPage":{"@id":"https:\/\/abd.ong\/ca\/general-ca\/per-un-2024-ple-de-pau-i-solidaritat\/"},"wordCount":488,"publisher":{"@id":"https:\/\/abd.ong\/ca\/#organization"},"image":{"@id":"https:\/\/abd.ong\/ca\/general-ca\/per-un-2024-ple-de-pau-i-solidaritat\/#primaryimage"},"thumbnailUrl":"https:\/\/abd.ong\/wp-content\/uploads\/2023\/12\/Light-Pink-Pastel-Red-Clean-and-Corporate-Protest-Content-Pro-choice-Twitter-Post-53.png","keywords":["ABD","Asociaci\u00f3n Bienestar y Desarrollo","grup ABD"],"articleSection":["General"],"inLanguage":"ca"},{"@type":"WebPage","@id":"https:\/\/abd.ong\/ca\/general-ca\/per-un-2024-ple-de-pau-i-solidaritat\/","url":"https:\/\/abd.ong\/ca\/general-ca\/per-un-2024-ple-de-pau-i-solidaritat\/","name":"Per un 2024 ple de pau i solidaritat - ABD","isPartOf":{"@id":"https:\/\/abd.ong\/ca\/#website"},"primaryImageOfPage":{"@id":"https:\/\/abd.ong\/ca\/general-ca\/per-un-2024-ple-de-pau-i-solidaritat\/#primaryimage"},"image":{"@id":"https:\/\/abd.ong\/ca\/general-ca\/per-un-2024-ple-de-pau-i-solidaritat\/#primaryimage"},"thumbnailUrl":"https:\/\/abd.ong\/wp-content\/uploads\/2023\/12\/Light-Pink-Pastel-Red-Clean-and-Corporate-Protest-Content-Pro-choice-Twitter-Post-53.png","datePublished":"2023-12-21T08:05:44+00:00","dateModified":"2023-12-21T08:26:37+00:00","description":"No hem de renunciar a la idea de construir una societat basada en la solidaritat, la reciprocitat i la sostenibilitat Estimats i estimades, Ens aproximem","breadcrumb":{"@id":"https:\/\/abd.ong\/ca\/general-ca\/per-un-2024-ple-de-pau-i-solidaritat\/#breadcrumb"},"inLanguage":"ca","potentialAction":[{"@type":"ReadAction","target":["https:\/\/abd.ong\/ca\/general-ca\/per-un-2024-ple-de-pau-i-solidaritat\/"]}]},{"@type":"ImageObject","inLanguage":"ca","@id":"https:\/\/abd.ong\/ca\/general-ca\/per-un-2024-ple-de-pau-i-solidaritat\/#primaryimage","url":"https:\/\/abd.ong\/wp-content\/uploads\/2023\/12\/Light-Pink-Pastel-Red-Clean-and-Corporate-Protest-Content-Pro-choice-Twitter-Post-53.png","contentUrl":"https:\/\/abd.ong\/wp-content\/uploads\/2023\/12\/Light-Pink-Pastel-Red-Clean-and-Corporate-Protest-Content-Pro-choice-Twitter-Post-53.png","width":2048,"height":1152},{"@type":"BreadcrumbList","@id":"https:\/\/abd.ong\/ca\/general-ca\/per-un-2024-ple-de-pau-i-solidaritat\/#breadcrumb","itemListElement":[{"@type":"ListItem","position":1,"name":"Inici","item":"https:\/\/abd.ong\/ca\/"},{"@type":"ListItem","position":2,"name":"Per un 2024 ple de pau i solidaritat"}]},{"@type":"WebSite","@id":"https:\/\/abd.ong\/ca\/#website","url":"https:\/\/abd.ong\/ca\/","name":"ABD","description":"Asociaci\u00f3n Bienestar y Desarrollo","publisher":{"@id":"https:\/\/abd.ong\/ca\/#organization"},"potentialAction":[{"@type":"SearchAction","target":{"@type":"EntryPoint","urlTemplate":"https:\/\/abd.ong\/ca\/?s={search_term_string}"},"query-input":{"@type":"PropertyValueSpecification","valueRequired":true,"valueName":"search_term_string"}}],"inLanguage":"ca"},{"@type":"Organization","@id":"https:\/\/abd.ong\/ca\/#organization","name":"Associaci\u00f3 Benestar i Desenvolupament","alternateName":"ABD","url":"https:\/\/abd.ong\/ca\/","logo":{"@type":"ImageObject","inLanguage":"ca","@id":"https:\/\/abd.ong\/ca\/#\/schema\/logo\/image\/","url":"https:\/\/abd.ong\/wp-content\/uploads\/2023\/01\/Icona.png","contentUrl":"https:\/\/abd.ong\/wp-content\/uploads\/2023\/01\/Icona.png","width":190,"height":187,"caption":"Associaci\u00f3 Benestar i Desenvolupament"},"image":{"@id":"https:\/\/abd.ong\/ca\/#\/schema\/logo\/image\/"},"sameAs":["https:\/\/www.facebook.com\/abd.ong","https:\/\/x.com\/abd_ong","https:\/\/www.instagram.com\/abd_ong\/","https:\/\/www.linkedin.com\/company\/abdong","https:\/\/www.youtube.com\/user\/CANALABD"]},{"@type":"Person","@id":"https:\/\/abd.ong\/ca\/#\/schema\/person\/d0f5fe279a7ad908de6a6d1332bfd7d8","name":"Enric Guinart"}]}},"_links":{"self":[{"href":"https:\/\/abd.ong\/ca\/wp-json\/wp\/v2\/posts\/156305","targetHints":{"allow":["GET"]}}],"collection":[{"href":"https:\/\/abd.ong\/ca\/wp-json\/wp\/v2\/posts"}],"about":[{"href":"https:\/\/abd.ong\/ca\/wp-json\/wp\/v2\/types\/post"}],"author":[{"embeddable":true,"href":"https:\/\/abd.ong\/ca\/wp-json\/wp\/v2\/users\/2"}],"replies":[{"embeddable":true,"href":"https:\/\/abd.ong\/ca\/wp-json\/wp\/v2\/comments?post=156305"}],"version-history":[{"count":3,"href":"https:\/\/abd.ong\/ca\/wp-json\/wp\/v2\/posts\/156305\/revisions"}],"predecessor-version":[{"id":156658,"href":"https:\/\/abd.ong\/ca\/wp-json\/wp\/v2\/posts\/156305\/revisions\/156658"}],"wp:featuredmedia":[{"embeddable":true,"href":"https:\/\/abd.ong\/ca\/wp-json\/wp\/v2\/media\/156660"}],"wp:attachment":[{"href":"https:\/\/abd.ong\/ca\/wp-json\/wp\/v2\/media?parent=156305"}],"wp:term":[{"taxonomy":"category","embeddable":true,"href":"https:\/\/abd.ong\/ca\/wp-json\/wp\/v2\/categories?post=156305"},{"taxonomy":"post_tag","embeddable":true,"href":"https:\/\/abd.ong\/ca\/wp-json\/wp\/v2\/tags?post=156305"}],"curies":[{"name":"wp","href":"https:\/\/api.w.org\/{rel}","templated":true}]}}