{"id":156180,"date":"2023-11-30T10:21:23","date_gmt":"2023-11-30T09:21:23","guid":{"rendered":"https:\/\/abd.ong\/?p=156180"},"modified":"2023-11-30T11:13:56","modified_gmt":"2023-11-30T10:13:56","slug":"abd-als-mitjans-de-comunicacio-al-novembre-5","status":"publish","type":"post","link":"https:\/\/abd.ong\/ca\/general-ca\/abd-als-mitjans-de-comunicacio-al-novembre-5\/","title":{"rendered":"ABD als mitjans de comunicaci\u00f3 al novembre"},"content":{"rendered":"\n<p>El <strong>Grup&nbsp;<span class=\"hiddenSpellError\">ABD<\/span><\/strong>&nbsp;ha estat present als mitjans de comunicaci\u00f3 durant aquest mes de novembre. A continuaci\u00f3, el resum de premsa de les not\u00edcies, articles i reportatges en qu\u00e8 hem participat com a organitzaci\u00f3.<\/p>\n\n\n\n<div style=\"height:100px\" aria-hidden=\"true\" class=\"wp-block-spacer\"><\/div>\n\n\n\n<p><strong>27\/11\/2023 &#8211; P\u00fablico<\/strong><\/p>\n\n\n\n<p id=\"m727-39-728\"><strong>Claudio&nbsp;Vidal<\/strong>, director estatal <strong><a href=\"https:\/\/energycontrol.org\/\" target=\"_blank\" rel=\"noreferrer noopener\">d&#8217;Energy&nbsp;Control<\/a><\/strong> de l&#8217;Associaci\u00f3 Benestar i Desenvolupament que treballa en el camp de la informaci\u00f3 i an\u00e0lisi de subst\u00e0ncies per a<strong> la prevenci\u00f3 de riscos<\/strong>, diu al <strong><a href=\"https:\/\/www.publico.es\/\" target=\"_blank\" rel=\"noreferrer noopener\">P\u00fablic<\/a> <\/strong>que estan seguint amb &#8220;especial atenci\u00f3 i preocupaci\u00f3&#8221; tot aquest tema, a un moment de &#8220;relativa incertesa&#8221; pel que pugui passar en un curt termini de temps. &#8220;Hi ha por que hi hagi un desprove\u00efment d&#8217;hero\u00efna, cosa que ja est\u00e0 comen\u00e7ant a&nbsp;monitoritzar&nbsp;l&#8217;Observatori Europeu, perqu\u00e8 <strong>les conseq\u00fc\u00e8ncies podrien ser desastroses<\/strong>&#8220;, subratlla Vidal.<\/p>\n\n\n\n<p><a href=\"https:\/\/www.publico.es\/sociedad\/eliminacion-del-opio-afganistan-abre-puerta-llegada-espana-del-fentanilo-y-otros-narcoticos-peligrosos.html\" target=\"_blank\" rel=\"noopener\">L&#8217;eliminaci\u00f3 de l&#8217;opi a l&#8217;Afganistan fa t\u00e9mer una crisi de narc\u00f2tics a Espanya<\/a><\/p>\n\n\n\n<div style=\"height:30px\" aria-hidden=\"true\" class=\"wp-block-spacer\"><\/div>\n\n\n\n<p><strong>24\/11\/2023 &#8211; Xarxanet<\/strong><\/p>\n\n\n\n<p id=\"m727-39-728\">La societat contempor\u00e0nia es teixeix en una complexa xarxa de&nbsp;<strong>reptes socials<\/strong>. Enmig d&#8217;aquest teixit, organitzacions com l&#8217;<a href=\"https:\/\/abd.ong\/ca\/\" target=\"_blank\" rel=\"noreferrer noopener\"><strong>Associaci\u00f3 Benestar i Desenvolupament (ABD)<\/strong><\/a>&nbsp;emergeixen en la lluita contra les&nbsp;<strong>viol\u00e8ncies<\/strong>&nbsp;que continuen penetrant i afeblint les bases d&#8217;una conviv\u00e8ncia justa i igualit\u00e0ria. Amb m\u00e9s de quaranta anys d&#8217;hist\u00f2ria, el Grup ABD ha evolucionat des del seu inici en la d\u00e8cada dels vuitanta, expandint el seu ventall d&#8217;acci\u00f3 i arribant a 2023 per participar en campanyes que, com&nbsp;<a href=\"https:\/\/abd.ong\/ca\/igualtat-de-genere\/actnow-actua-nova-campanya-dabd-per-a-identificar-i-prevenir-les-violencies-masclistes-i-donar-suport-a-les-supervivents\/\" target=\"_blank\" rel=\"noreferrer noopener\">#Actua #ActNow<\/a>, posa el focus en les diferents formes de&nbsp;<strong>viol\u00e8ncia masclista<\/strong>.<\/p>\n\n\n\n<p><a href=\"https:\/\/xarxanet.org\/comunitari\/noticies\/actnow-una-accio-internacional-sensibilitzar-sobre-les-formes-de-violencia\" target=\"_blank\" rel=\"noopener\"><span class=\"hiddenSpellError\">ActNow<\/span>: una acci\u00f3 internacional per sensibilitzar sobre les formes de viol\u00e8ncia masclista que no veiem<\/a><\/p>\n\n\n\n<div style=\"height:30px\" aria-hidden=\"true\" class=\"wp-block-spacer\"><\/div>\n\n\n\n<p><strong>24\/11\/2023 &#8211; InfoAdicciones<\/strong><\/p>\n\n\n\n<p id=\"m727-39-728\"><a href=\"https:\/\/abd.ong\/ca\/\" target=\"_blank\" rel=\"noreferrer noopener\">L&#8217;associaci\u00f3&nbsp;ABD<\/a>&nbsp;ha tret un programa anomenat&nbsp;<a href=\"https:\/\/sae.abd.ong\/quienes-somos\/\" target=\"_blank\" rel=\"noreferrer noopener\">SAE: Salut Mental Hol\u00edstica i Drogues<\/a>. <strong>El&nbsp;SAE&nbsp;<\/strong>\u00e9s un servei <strong>d&#8217;atenci\u00f3 i acompanyament terap\u00e8utic<\/strong> especialitzat a persones que estan travessant un moment a les seves vides de malestar personal o relacional, a la inf\u00e0ncia, a l&#8217;adolesc\u00e8ncia, a la parella, a la fam\u00edlia de nivell individual.<\/p>\n\n\n\n<p><a href=\"https:\/\/infoadicciones.org\/salud-mental-holistica-y-drogas-sae\/\" target=\"_blank\" rel=\"noreferrer noopener\">Salud Mental Hol\u00edstica y Drogas. SAE<\/a><\/p>\n\n\n\n<div style=\"height:30px\" aria-hidden=\"true\" class=\"wp-block-spacer\"><\/div>\n\n\n\n<p><strong>22\/11\/2023 &#8211; Europapress<\/strong><\/p>\n\n\n\n<p>El programa <strong>&#8216;Desatar&nbsp;la persona gran i el malalt d&#8217;Alzheimer&#8217;<\/strong> impulsat per la <a href=\"https:\/\/ceoma.org\/\"><strong>Confederaci\u00f3 Espanyola d&#8217;Organitzacions de Majors (CEOMA)<\/strong><\/a> ha aconseguit que un total de 210 resid\u00e8ncies a Espanya eliminin les subjeccions f\u00edsiques i farmacol\u00f2giques a pacients amb dem\u00e8ncia. Actualment, m\u00e9s de 400.000 viuen en resid\u00e8ncies a Espanya, de les quals 250.000 presenten deteriorament cognitiu.<\/p>\n\n\n\n<p><a href=\"https:\/\/www.europapress.es\/comunicados\/sociedad-00909\/noticia-comunicado-programa-desatar-logra-210-residencias-espana-eliminen-sujeciones-pacientes-demencia-20231122163857.html\" target=\"_blank\" rel=\"noopener\">El programa &#8216;<span class=\"hiddenSpellError\">Desatar<\/span>&#8216; aconsegueix que 210 resid\u00e8ncies a Espanya eliminin les subjeccions a pacients amb dem\u00e8ncia<\/a><\/p>\n\n\n\n<div style=\"height:30px\" aria-hidden=\"true\" class=\"wp-block-spacer\"><\/div>\n\n\n\n<p><strong>21\/11\/2023 &#8211; Tecnonews<\/strong><\/p>\n\n\n\n<p><strong>L&#8217;Smart City Expo que se celebran a Barcelona<\/strong>, acull la presentaci\u00f3 d&#8217;un projecte d&#8217;IA en forma de m\u00f2bil que funciona nom\u00e9s amb una interacci\u00f3 tan senzilla com la veu, sense botons ni pantalla t\u00e0ctil. El projecte es diu <strong>&#8220;ATENEA<\/strong>&#8221; de&nbsp;<a href=\"https:\/\/momentumanalytics.net\/\" target=\"_blank\" rel=\"noreferrer noopener\"><strong>MOMENTUM&nbsp;Analytics<\/strong><\/a> i <a href=\"https:\/\/abd.ong\/ca\/\" target=\"_blank\" rel=\"noreferrer noopener\"><strong>l&#8217;Associaci\u00f3 Benestar i Desenvolupament (ABD)<\/strong><\/a><\/p>\n\n\n\n<p><a href=\"https:\/\/www.tecnonews.info\/noticias\/proyecto_atenea_inteligencia_artificial_al_servicio_de_las_personas_ma\" target=\"_blank\" rel=\"noopener\">Projecte&nbsp;<span class=\"hiddenGreenError\">ATENEA<\/span>, intel\u00b7lig\u00e8ncia artificial al servei de la gent gran<\/a><\/p>\n\n\n\n<div style=\"height:30px\" aria-hidden=\"true\" class=\"wp-block-spacer\"><\/div>\n\n\n\n<p><strong>14\/11\/2023 &#8211; Radio Turia<\/strong><\/p>\n\n\n\n<p>R\u00e0dio T\u00faria, al seu programa<strong>&#8220;No hay edad en&nbsp;los ondas&#8221;<\/strong> entrevista la presidenta del <strong><a href=\"https:\/\/abd.ong\/ca\/\" target=\"_blank\" rel=\"noreferrer noopener\">Grup&nbsp;ABD<\/a><\/strong>&nbsp;i vicepresidenta de la&nbsp;<strong><a href=\"https:\/\/www.unad.org\/\" target=\"_blank\" rel=\"noreferrer noopener\">UNAD&nbsp;(La xarxa d&#8217;atenci\u00f3 a les addicions)<\/a><\/strong>, <strong>Felisa P\u00e9rez, <\/strong>on ens parla sobre la gent gran i les addiccions.<\/p>\n\n\n\n<p><a href=\"https:\/\/www.radioturia.es\/programs\/no-hay-edad-en-las-ondas\/radioturia_podcast_905?ref=wa\" target=\"_blank\" rel=\"noreferrer noopener\">No hay edad en las ondas (personas mayores i adicciones) Entrevista a Felisa P\u00e9rez<\/a><\/p>\n\n\n\n<div style=\"height:30px\" aria-hidden=\"true\" class=\"wp-block-spacer\"><\/div>\n\n\n\n<p><strong>08\/11\/2023 &#8211; COPE<\/strong><\/p>\n\n\n\n<p>Qui no ha sentit a parlar<strong> del fentanil<\/strong>. Es tracta d&#8217;un opioide potent per calmar el dolor agut que a Espanya es mant\u00e9 en nivells de consum baixos i sempre sota control m\u00e8dic, per\u00f2 que als Estats Units est\u00e0 completament descontrolat. Informes oficials d&#8217;aquest pa\u00eds parlen de 150 morts cada dia per sobredosi causades per opioides com el fentanil. Avui parlarem amb&nbsp;<strong><span class=\"hiddenSpellError\">Claudio<\/span>&nbsp;Vidal,<\/strong>&nbsp;director<strong>&nbsp;<a href=\"https:\/\/energycontrol.org\/\" target=\"_blank\" rel=\"noopener\">d&#8217;<span class=\"hiddenSpellError\">Energy<\/span>&nbsp;Control<\/a><\/strong> del <a href=\"https:\/\/abd.ong\/ca\/\" target=\"_blank\" rel=\"noopener\"><strong>Grup&nbsp;<span class=\"hiddenSpellError\">ABD<\/span><\/strong>&nbsp;<\/a>(minut 15:14)<\/p>\n\n\n\n<p><a href=\"https:\/\/www.cope.es\/emisoras\/catalunya\/barcelona-provincia\/barcelona\/audios\/migdia-cope-catalunya-andorra-08-11-2023-1420-20231108_2390218\">Entrevista a Claudio Vidal sobre el fentanil<\/a><\/p>\n\n\n\n<div style=\"height:30px\" aria-hidden=\"true\" class=\"wp-block-spacer\"><\/div>\n\n\n\n<p><strong>08\/11\/2023 &#8211; Xarxanet<\/strong><\/p>\n\n\n\n<p>Contribuir a la transformaci\u00f3 digital dels territoris, posant al centre la ciutadania m\u00e9s vulnerable, reduint la bretxa digital i la solitud no desitjada, fomentant la inclusi\u00f3, el benestar, la salut i la qualitat de vida. Aquest \u00e9s el principal objectiu del projecte&nbsp;<a href=\"https:\/\/abd.ong\/programas\/atenea\/\"><strong>ATENEA<\/strong><\/a>, impulsat per<a href=\"https:\/\/momentumanalytics.net\/\"><strong>&nbsp;<\/strong><strong>Momentum<\/strong><strong>&nbsp;Analytics<\/strong><\/a> i el <a href=\"https:\/\/abd.ong\/ca\/\"><strong>Grup&nbsp;<\/strong><strong>ABD<\/strong><strong>&nbsp;<\/strong><\/a>que s&#8217;ha presentat al Congr\u00e9s Smart City Expo.<\/p>\n\n\n\n<p><a href=\"https:\/\/xarxanet.org\/informatic\/noticies\/el-grup-abd-presenta-el-projecte-atenea-al-congres-smart-city-expo\" target=\"_blank\" rel=\"noopener\">El Grup&nbsp;<span class=\"hiddenSpellError\">ABD<\/span>&nbsp;presenta el projecte&nbsp;<span class=\"hiddenGreenError\">ATENEA<\/span>&nbsp;al Congr\u00e9s&nbsp;<span class=\"hiddenGreenError\" style=\"padding-bottom: 2px; background-image: url('..\/..\/..\/..\/..\/images\/squiggle_green.png'); background-repeat: repeat-x; background-position: left bottom; cursor: default; color: #000000; font-family: 'Open Sans', Helvetica, Arial, sans-serif; font-size: 16px; font-style: normal; font-variant-ligatures: normal; font-variant-caps: normal; font-weight: 300; letter-spacing: normal; orphans: 2; text-align: start; text-indent: 0px; text-transform: none; widows: 2; word-spacing: 0px; -webkit-text-stroke-width: 0px; white-space: normal; text-decoration-thickness: initial; text-decoration-style: initial; text-decoration-color: initial;\">Smart City<\/span>&nbsp;<span class=\"hiddenSpellError\">Expo<\/span><\/a><\/p>\n\n\n\n<div style=\"height:30px\" aria-hidden=\"true\" class=\"wp-block-spacer\"><\/div>\n\n\n\n<p><strong>10\/11\/2023 &#8211; 3cat<\/strong><\/p>\n\n\n\n<p><strong><a href=\"https:\/\/abd.ong\/programas\/atenea\/\" target=\"_blank\" rel=\"noreferrer noopener\">&#8220;ATENEA&#8221;,<\/a><\/strong> \u00e9s not\u00edcia a<strong>&nbsp;<a href=\"https:\/\/www.ccma.cat\/3cat\/\" target=\"_blank\" rel=\"noreferrer noopener\">3cat<\/a><\/strong>, el projecte de&nbsp;<strong><a href=\"https:\/\/momentumanalytics.net\/\" target=\"_blank\" rel=\"noreferrer noopener\">MOMENTUM&nbsp;Analytics<\/a><\/strong> i <strong><a href=\"https:\/\/abd.ong\/ca\/\" target=\"_blank\" rel=\"noreferrer noopener\">l&#8217;Associaci\u00f3 Benestar i Desenvolupament (ABD)<\/a><\/strong>, \u00e9s un dels projectes finan\u00e7ats per fons europeus Next Generation que s&#8217;ha presentat al <strong><a href=\"https:\/\/www.smartcityexpo.com\/\" target=\"_blank\" rel=\"noreferrer noopener\">&#8220;Smart City&nbsp;Expo&nbsp;World&nbsp;Congress&#8221;<\/a><\/strong>. El govern de la Generalitat de Catalunya taxa en 400 milions els fons destinats a projectes socials.<\/p>\n\n\n\n<p><a href=\"https:\/\/www.ccma.cat\/3cat\/400-milions-dels-fons-europeus-next-generation-per-projectes-socials\/video\/6250330\/\" target=\"_blank\" rel=\"noopener\">400 milions dels fons europeus Next Generation per projectes socials<\/a><\/p>\n\n\n\n<div style=\"height:30px\" aria-hidden=\"true\" class=\"wp-block-spacer\"><\/div>\n\n\n\n<p><strong>08\/11\/2023 &#8211; The New Barcelona Post<\/strong><\/p>\n\n\n\n<p>El sal\u00f3 organitzat per<strong><a href=\"https:\/\/www.firabarcelona.com\/es\/\" target=\"_blank\" rel=\"noopener\"> Fira de Barcelona<\/a><\/strong> reuneix propostes per facilitar la vida a les ciutats, com ara tel\u00e8fons m\u00f2bils adaptats a la gent gran i panots m\u00e9s sostenibles. Una \u00e9s el projecte<strong>&nbsp;<a href=\"https:\/\/abd.ong\/programas\/atenea\/\" target=\"_blank\" rel=\"noopener\"><span class=\"hiddenGreenError\">Atenea<\/span><\/a><\/strong>, un m\u00f2bil sense pantalla t\u00e0ctil ni botons amb qu\u00e8 nom\u00e9s es pot interactuar a trav\u00e9s d&#8217;una cosa tan habitual com una conversa. L&#8217;empresa catalana&nbsp;<a href=\"https:\/\/momentumanalytics.net\/\" target=\"_blank\" rel=\"noopener\"><strong><span class=\"hiddenSpellError\">Momentum<\/span>&nbsp;Analytics<\/strong><\/a> \u00e9s la que est\u00e0 darrere d&#8217;un tel\u00e8fon pensat per a aquesta gran majoria de persones grans que queden excloses de serveis que ja no es poden trucar o s&#8217;han de perdre entre massa pantalles i contrasenyes.<\/p>\n\n\n\n<p><a href=\"https:\/\/www.thenewbarcelonapost.com\/soluciones-practicas-en-smart-city-expo-alejado-de-visiones-futuristas\/\" target=\"_blank\" rel=\"noopener\">Solucions Pr\u00e0ctiques en un&nbsp;<span class=\"hiddenGreenError\" style=\"padding-bottom: 2px; background-image: url('..\/..\/..\/..\/..\/images\/squiggle_green.png'); background-repeat: repeat-x; background-position: left bottom; cursor: default; color: #000000; font-family: 'Open Sans', Helvetica, Arial, sans-serif; font-size: 16px; font-style: normal; font-variant-ligatures: normal; font-variant-caps: normal; font-weight: 300; letter-spacing: normal; orphans: 2; text-align: start; text-indent: 0px; text-transform: none; widows: 2; word-spacing: 0px; -webkit-text-stroke-width: 0px; white-space: normal; text-decoration-thickness: initial; text-decoration-style: initial; text-decoration-color: initial;\">Smart City<\/span>&nbsp;<span class=\"hiddenSpellError\">Expo<\/span>&nbsp;allunyat de visions futuristes<\/a><\/p>\n\n\n\n<div style=\"height:30px\" aria-hidden=\"true\" class=\"wp-block-spacer\"><\/div>\n\n\n\n<p><strong>08\/11\/2023 &#8211; La Vanguardia<\/strong><\/p>\n\n\n\n<p><a href=\"https:\/\/momentumanalytics.net\/\" target=\"_blank\" rel=\"noopener\"><strong><span class=\"hiddenSpellError\">MOMENTUM<\/span>&nbsp;Analytics<\/strong><\/a> i<a href=\"https:\/\/abd.ong\/ca\/\" target=\"_blank\" rel=\"noopener\"><strong> l&#8217;Associaci\u00f3 Benestar i Desenvolupament (<span class=\"hiddenSpellError\">ABD<\/span>)<\/strong><\/a> han liderat <a href=\"https:\/\/abd.ong\/programas\/atenea\/\" target=\"_blank\" rel=\"noopener\"><strong>&#8220;<span class=\"hiddenGreenError\">ATENEA<\/span><\/strong>&#8220;<\/a>, un m\u00f2bil sense botons que nom\u00e9s funciona a trav\u00e9s de la veu. El projecte de nova creaci\u00f3, presentat a la<strong><a href=\"https:\/\/www.smartcityexpo.com\/\" target=\"_blank\" rel=\"noopener\"> &#8220;<span class=\"hiddenGreenError\" style=\"padding-bottom: 2px; background-image: url('..\/..\/..\/..\/..\/images\/squiggle_green.png'); background-repeat: repeat-x; background-position: left bottom; cursor: default; color: #000000; font-family: 'Open Sans', Helvetica, Arial, sans-serif; font-size: 16px; font-style: normal; font-variant-ligatures: normal; font-variant-caps: normal; letter-spacing: normal; orphans: 2; text-align: start; text-indent: 0px; text-transform: none; widows: 2; word-spacing: 0px; -webkit-text-stroke-width: 0px; white-space: normal; text-decoration-thickness: initial; text-decoration-style: initial; text-decoration-color: initial;\">Smart City<\/span>&nbsp;<span class=\"hiddenSpellError\">Expo<\/span>&nbsp;<span class=\"hiddenSpellError\">World<\/span>&nbsp;<span class=\"hiddenSpellError\">Congress<\/span>&#8220;,<\/a><\/strong> busca contribuir a la transformaci\u00f3 digital dels territoris, posant al centre la ciutadania m\u00e9s vulnerable, reduint la bretxa digital i la soledat no desitjada, fomentant la inclusi\u00f3, el benestar, la salut i la qualitat de vida.<\/p>\n\n\n\n<p><a href=\"https:\/\/www.lavanguardia.com\/vida\/20231108\/9362767\/movil-funciona-voz-acerca-tecnologia-personas-mayores-agenciaslv20231108.html\" target=\"_blank\" rel=\"noopener\">Un m\u00f2bil que funciona per veu apropa la tecnologia a la gent gran<\/a><\/p>\n\n\n\n<div style=\"height:30px\" aria-hidden=\"true\" class=\"wp-block-spacer\"><\/div>\n\n\n\n<p><strong>08\/11\/2023 &#8211; Govern<\/strong><\/p>\n\n\n\n<p>El conseller de <a href=\"https:\/\/presidencia.gencat.cat\/es\/ambits_d_actuacio\/relacions-institucionals\/relacions-amb-el-parlament\/intervencions-del-govern-al-parlament-xiv-legislatura\/drets-socials\/index.html\" target=\"_blank\" rel=\"noopener\"><strong>Drets Socials<\/strong><\/a>, <strong>Carles&nbsp;<span class=\"hiddenSpellError\">Campuzano<\/span>&nbsp;i&nbsp;<span class=\"hiddenSpellError\">Canad\u00e9s<\/span><\/strong>, participat a l&#8217;acte de presentaci\u00f3 del projecte<a href=\"https:\/\/abd.ong\/programas\/atenea\/\" target=\"_blank\" rel=\"noopener\"><strong>&nbsp;<span class=\"hiddenGreenError\">Atenea<\/span><\/strong><\/a>&nbsp;a l&#8217;estand de la <strong><a href=\"https:\/\/web.gencat.cat\/es\/inici\/index.html\" target=\"_blank\" rel=\"noopener\">Generalitat<\/a><\/strong> al congr\u00e9s Smart City Expo. Impulsat per&nbsp;<a href=\"https:\/\/momentumanalytics.net\/\" target=\"_blank\" rel=\"noopener\"><strong><span class=\"hiddenSpellError\">Momentum<\/span>&nbsp;Analytics<\/strong><\/a> i el <strong><a href=\"https:\/\/abd.ong\/ca\/\" target=\"_blank\" rel=\"noopener\">grup&nbsp;<span class=\"hiddenSpellError\">ABD<\/span><\/a><\/strong>, \u00e9s una soluci\u00f3 tecnol\u00f2gica que busca facilitar el dia a dia de la gent gran a partir d&#8217;un dispositiu que funciona \u00fanicament a trav\u00e9s de la veu.<strong> L&#8217;usuari pot cobrir necessitats b\u00e0siques com fer una compra&nbsp;en l\u00ednia&nbsp;d&#8217;alimentaci\u00f3, parlar amb els serveis socials o trucar en cas d&#8217;emerg\u00e8ncia m\u00e8dica mitjan\u00e7ant una \u00fanica conversa en veu alta.<\/strong><\/p>\n\n\n\n<p><a href=\"https:\/\/govern.cat\/salapremsa\/notes-premsa\/554662\/conseller-campuzano-els-grans-reptes-que-nomes-tenen-resposta-grans-aliances\" target=\"_blank\" rel=\"noopener\">Conseller&nbsp;<span class=\"hiddenSpellError\">Campuzano<\/span>: &#8220;Els grans reptes que tenim nom\u00e9s tenen resposta amb grans aliances&#8221;<\/a><\/p>\n\n\n\n<div style=\"height:30px\" aria-hidden=\"true\" class=\"wp-block-spacer\"><\/div>\n\n\n\n<p><strong>07\/11\/2023 &#8211; COPE<\/strong><\/p>\n\n\n\n<p><strong><a href=\"https:\/\/www.unad.org\/\" target=\"_blank\" rel=\"noopener\"><span class=\"hiddenSpellError\">UNAD<\/span>, la Xarxa d&#8217;Atenci\u00f3 a les Addiccions<\/a><\/strong>, publicat un protocol destinat a millorar l&#8217;atenci\u00f3 conjunta de les addiccions i la viol\u00e8ncia de g\u00e8nere. La guia planteja una s\u00e8rie d&#8217;indicacions <strong>per identificar possibles episodis de viol\u00e8ncia en dones que rebin tractament per un problema de drogodepend\u00e8ncies<\/strong>. Aquesta eina, presentada sota el t\u00edtol<strong> &#8216;Protocol de detecci\u00f3 impl\u00edcita de viol\u00e8ncia de g\u00e8nere en dones amb addiccions&#8217;<\/strong>, \u00e9s el resultat d&#8217;un estudi realitzat per&nbsp;<span class=\"hiddenSpellError\">UNAD<\/span>&nbsp;amb la col\u00b7laboraci\u00f3 del <a href=\"https:\/\/www.usal.es\/centro-de-investigacion-en-derechos-humanos-y-politicas-publicas-cidh-diversitas\" target=\"_blank\" rel=\"noopener\"><strong>Centre de Recerca en Drets Humans i Pol\u00edtiques P\u00fabliques &#8216;<span class=\"hiddenSpellError\">Diversitas<\/span>&#8216; de la Universitat de Salamanca.<\/strong><\/a><\/p>\n\n\n\n<p><a href=\"https:\/\/www.cope.es\/emisoras\/castilla-y-leon\/salamanca-provincia\/salamanca\/noticias\/unad-lanza-protocolo-para-detectar-casos-violencia-genero-mujeres-con-adicciones-20231107_2989237\" target=\"_blank\" rel=\"noopener\"><span class=\"hiddenSpellError\">UNAD<\/span>&nbsp;llan\u00e7a un protocol per detectar casos de viol\u00e8ncia de g\u00e8nere en dones amb addiccions<\/a><\/p>\n\n\n\n<div style=\"height:30px\" aria-hidden=\"true\" class=\"wp-block-spacer\"><\/div>\n\n\n\n<p><strong>07\/11\/2023 &#8211; Europapress<\/strong><\/p>\n\n\n\n<p><strong><a href=\"https:\/\/www.unad.org\/\" target=\"_blank\" rel=\"noopener\">La Xarxa d&#8217;Atenci\u00f3 a les Addiccions (<span class=\"hiddenSpellError\">UNAD<\/span>)<\/a><\/strong> publicat <strong>un protocol destinat a millorar l&#8217;atenci\u00f3 conjunta de les addiccions i la viol\u00e8ncia de g\u00e8nere,<\/strong> on crida a crear un clima de confian\u00e7a en la realitzaci\u00f3 de les entrevistes amb els professionals que les atenen.<\/p>\n\n\n\n<p><a href=\"https:\/\/www.europapress.es\/epsocial\/igualdad\/noticia-unad-llama-crear-clima-confianza-deteccion-violencia-genero-mujeres-problemas-adicciones-20231107165240.html\" target=\"_blank\" rel=\"noopener\"><span class=\"hiddenSpellError\">UNAD<\/span>&nbsp;crida a crear un clima de confian\u00e7a per a la detecci\u00f3 de viol\u00e8ncia de g\u00e8nere en dones amb problemes d&#8217;addiccions.<\/a><\/p>\n\n\n\n<div style=\"height:30px\" aria-hidden=\"true\" class=\"wp-block-spacer\"><\/div>\n\n\n\n<p><strong>07\/11\/2023 &#8211; La Vanguardia<\/strong><\/p>\n\n\n\n<p>La vicepresidenta<a href=\"https:\/\/www.unad.org\/\" target=\"_blank\" rel=\"noopener\"><strong> d&#8217;<span class=\"hiddenSpellError\">UNAD<\/span><\/strong><\/a>, <strong>Felisa P\u00e9rez<\/strong>, ha alertat que la viol\u00e8ncia de g\u00e8nere <strong>&#8220;es dona molt m\u00e9s del que podr\u00edem imaginar&#8221;<\/strong> i ha recordat que, malgrat que hi ha pocs estudis, se sap que entre el 60% i el 80% de les <strong>&#8220;dones drogodependents han patit viol\u00e8ncia, i molta viol\u00e8ncia sexual, durant el seu per\u00edode de consum&#8221;.<\/strong><\/p>\n\n\n\n<p><a href=\"https:\/\/www.europapress.es\/epsocial\/igualdad\/noticia-unad-llama-crear-clima-confianza-deteccion-violencia-genero-mujeres-problemas-adicciones-20231107165240.html\" target=\"_blank\" rel=\"noopener\"><span class=\"hiddenSpellError\">UNAD<\/span>&nbsp;crida a crear un clima de confian\u00e7a per a la detecci\u00f3 de viol\u00e8ncia de g\u00e8nere en dones amb problemes d&#8217;addiccions.<\/a><\/p>\n\n\n\n<div style=\"height:30px\" aria-hidden=\"true\" class=\"wp-block-spacer\"><\/div>\n\n\n\n<p><\/p>\n","protected":false},"excerpt":{"rendered":"<p>El Grup&nbsp;ABD&nbsp;ha estat present als mitjans de comunicaci\u00f3 durant aquest mes de novembre. A continuaci\u00f3, el resum de premsa de les not\u00edcies, articles i reportatges en qu\u00e8 hem participat com&hellip;<\/p>\n","protected":false},"author":12,"featured_media":14666,"comment_status":"closed","ping_status":"closed","sticky":false,"template":"","format":"standard","meta":{"_acf_changed":false,"footnotes":""},"categories":[66],"tags":[],"class_list":["post-156180","post","type-post","status-publish","format-standard","has-post-thumbnail","hentry","category-general-ca"],"acf":[],"yoast_head":"<!-- This site is optimized with the Yoast SEO plugin v27.4 - https:\/\/yoast.com\/product\/yoast-seo-wordpress\/ -->\n<title>ABD als mitjans de comunicaci\u00f3 al novembre - ABD<\/title>\n<meta name=\"description\" content=\"El Grup&nbsp;ABD&nbsp;ha estat present als mitjans de comunicaci\u00f3 durant aquest mes de novembre. A continuaci\u00f3, el resum de premsa de les not\u00edcies,\" \/>\n<meta name=\"robots\" content=\"index, follow, max-snippet:-1, max-image-preview:large, max-video-preview:-1\" \/>\n<link rel=\"canonical\" href=\"https:\/\/abd.ong\/ca\/general-ca\/abd-als-mitjans-de-comunicacio-al-novembre-5\/\" \/>\n<meta property=\"og:locale\" content=\"ca_ES\" \/>\n<meta property=\"og:type\" content=\"article\" \/>\n<meta property=\"og:title\" content=\"ABD als mitjans de comunicaci\u00f3 al novembre - ABD\" \/>\n<meta property=\"og:description\" content=\"El Grup&nbsp;ABD&nbsp;ha estat present als mitjans de comunicaci\u00f3 durant aquest mes de novembre. A continuaci\u00f3, el resum de premsa de les not\u00edcies,\" \/>\n<meta property=\"og:url\" content=\"https:\/\/abd.ong\/ca\/general-ca\/abd-als-mitjans-de-comunicacio-al-novembre-5\/\" \/>\n<meta property=\"og:site_name\" content=\"ABD\" \/>\n<meta property=\"article:publisher\" content=\"https:\/\/www.facebook.com\/abd.ong\" \/>\n<meta property=\"article:published_time\" content=\"2023-11-30T09:21:23+00:00\" \/>\n<meta property=\"article:modified_time\" content=\"2023-11-30T10:13:56+00:00\" \/>\n<meta property=\"og:image\" content=\"https:\/\/abd.ong\/wp-content\/uploads\/2020\/05\/old-tv-1149416_1920.jpg\" \/>\n\t<meta property=\"og:image:width\" content=\"1919\" \/>\n\t<meta property=\"og:image:height\" content=\"977\" \/>\n\t<meta property=\"og:image:type\" content=\"image\/jpeg\" \/>\n<meta name=\"author\" content=\"Francesc Balart\" \/>\n<meta name=\"twitter:card\" content=\"summary_large_image\" \/>\n<meta name=\"twitter:creator\" content=\"@abd_ong\" \/>\n<meta name=\"twitter:site\" content=\"@abd_ong\" \/>\n<meta name=\"twitter:label1\" content=\"Escrit per\" \/>\n\t<meta name=\"twitter:data1\" content=\"Francesc Balart\" \/>\n\t<meta name=\"twitter:label2\" content=\"Temps estimat de lectura\" \/>\n\t<meta name=\"twitter:data2\" content=\"7 minuts\" \/>\n<script type=\"application\/ld+json\" class=\"yoast-schema-graph\">{\"@context\":\"https:\\\/\\\/schema.org\",\"@graph\":[{\"@type\":\"Article\",\"@id\":\"https:\\\/\\\/abd.ong\\\/ca\\\/general-ca\\\/abd-als-mitjans-de-comunicacio-al-novembre-5\\\/#article\",\"isPartOf\":{\"@id\":\"https:\\\/\\\/abd.ong\\\/ca\\\/general-ca\\\/abd-als-mitjans-de-comunicacio-al-novembre-5\\\/\"},\"author\":{\"name\":\"Francesc Balart\",\"@id\":\"https:\\\/\\\/abd.ong\\\/ca\\\/#\\\/schema\\\/person\\\/6bb74ed13fc8bdf3a5382c66db14c9ee\"},\"headline\":\"ABD als mitjans de comunicaci\u00f3 al novembre\",\"datePublished\":\"2023-11-30T09:21:23+00:00\",\"dateModified\":\"2023-11-30T10:13:56+00:00\",\"mainEntityOfPage\":{\"@id\":\"https:\\\/\\\/abd.ong\\\/ca\\\/general-ca\\\/abd-als-mitjans-de-comunicacio-al-novembre-5\\\/\"},\"wordCount\":1494,\"publisher\":{\"@id\":\"https:\\\/\\\/abd.ong\\\/ca\\\/#organization\"},\"image\":{\"@id\":\"https:\\\/\\\/abd.ong\\\/ca\\\/general-ca\\\/abd-als-mitjans-de-comunicacio-al-novembre-5\\\/#primaryimage\"},\"thumbnailUrl\":\"https:\\\/\\\/abd.ong\\\/wp-content\\\/uploads\\\/2020\\\/05\\\/old-tv-1149416_1920.jpg\",\"articleSection\":[\"General\"],\"inLanguage\":\"ca\"},{\"@type\":\"WebPage\",\"@id\":\"https:\\\/\\\/abd.ong\\\/ca\\\/general-ca\\\/abd-als-mitjans-de-comunicacio-al-novembre-5\\\/\",\"url\":\"https:\\\/\\\/abd.ong\\\/ca\\\/general-ca\\\/abd-als-mitjans-de-comunicacio-al-novembre-5\\\/\",\"name\":\"ABD als mitjans de comunicaci\u00f3 al novembre - ABD\",\"isPartOf\":{\"@id\":\"https:\\\/\\\/abd.ong\\\/ca\\\/#website\"},\"primaryImageOfPage\":{\"@id\":\"https:\\\/\\\/abd.ong\\\/ca\\\/general-ca\\\/abd-als-mitjans-de-comunicacio-al-novembre-5\\\/#primaryimage\"},\"image\":{\"@id\":\"https:\\\/\\\/abd.ong\\\/ca\\\/general-ca\\\/abd-als-mitjans-de-comunicacio-al-novembre-5\\\/#primaryimage\"},\"thumbnailUrl\":\"https:\\\/\\\/abd.ong\\\/wp-content\\\/uploads\\\/2020\\\/05\\\/old-tv-1149416_1920.jpg\",\"datePublished\":\"2023-11-30T09:21:23+00:00\",\"dateModified\":\"2023-11-30T10:13:56+00:00\",\"description\":\"El Grup&nbsp;ABD&nbsp;ha estat present als mitjans de comunicaci\u00f3 durant aquest mes de novembre. A continuaci\u00f3, el resum de premsa de les not\u00edcies,\",\"breadcrumb\":{\"@id\":\"https:\\\/\\\/abd.ong\\\/ca\\\/general-ca\\\/abd-als-mitjans-de-comunicacio-al-novembre-5\\\/#breadcrumb\"},\"inLanguage\":\"ca\",\"potentialAction\":[{\"@type\":\"ReadAction\",\"target\":[\"https:\\\/\\\/abd.ong\\\/ca\\\/general-ca\\\/abd-als-mitjans-de-comunicacio-al-novembre-5\\\/\"]}]},{\"@type\":\"ImageObject\",\"inLanguage\":\"ca\",\"@id\":\"https:\\\/\\\/abd.ong\\\/ca\\\/general-ca\\\/abd-als-mitjans-de-comunicacio-al-novembre-5\\\/#primaryimage\",\"url\":\"https:\\\/\\\/abd.ong\\\/wp-content\\\/uploads\\\/2020\\\/05\\\/old-tv-1149416_1920.jpg\",\"contentUrl\":\"https:\\\/\\\/abd.ong\\\/wp-content\\\/uploads\\\/2020\\\/05\\\/old-tv-1149416_1920.jpg\",\"width\":1919,\"height\":977,\"caption\":\"medios de comunicaci\u00f3n\"},{\"@type\":\"BreadcrumbList\",\"@id\":\"https:\\\/\\\/abd.ong\\\/ca\\\/general-ca\\\/abd-als-mitjans-de-comunicacio-al-novembre-5\\\/#breadcrumb\",\"itemListElement\":[{\"@type\":\"ListItem\",\"position\":1,\"name\":\"Inici\",\"item\":\"https:\\\/\\\/abd.ong\\\/ca\\\/\"},{\"@type\":\"ListItem\",\"position\":2,\"name\":\"ABD als mitjans de comunicaci\u00f3 al novembre\"}]},{\"@type\":\"WebSite\",\"@id\":\"https:\\\/\\\/abd.ong\\\/ca\\\/#website\",\"url\":\"https:\\\/\\\/abd.ong\\\/ca\\\/\",\"name\":\"ABD\",\"description\":\"Asociaci\u00f3n Bienestar y Desarrollo\",\"publisher\":{\"@id\":\"https:\\\/\\\/abd.ong\\\/ca\\\/#organization\"},\"potentialAction\":[{\"@type\":\"SearchAction\",\"target\":{\"@type\":\"EntryPoint\",\"urlTemplate\":\"https:\\\/\\\/abd.ong\\\/ca\\\/?s={search_term_string}\"},\"query-input\":{\"@type\":\"PropertyValueSpecification\",\"valueRequired\":true,\"valueName\":\"search_term_string\"}}],\"inLanguage\":\"ca\"},{\"@type\":\"Organization\",\"@id\":\"https:\\\/\\\/abd.ong\\\/ca\\\/#organization\",\"name\":\"Associaci\u00f3 Benestar i Desenvolupament\",\"alternateName\":\"ABD\",\"url\":\"https:\\\/\\\/abd.ong\\\/ca\\\/\",\"logo\":{\"@type\":\"ImageObject\",\"inLanguage\":\"ca\",\"@id\":\"https:\\\/\\\/abd.ong\\\/ca\\\/#\\\/schema\\\/logo\\\/image\\\/\",\"url\":\"https:\\\/\\\/abd.ong\\\/wp-content\\\/uploads\\\/2023\\\/01\\\/Icona.png\",\"contentUrl\":\"https:\\\/\\\/abd.ong\\\/wp-content\\\/uploads\\\/2023\\\/01\\\/Icona.png\",\"width\":190,\"height\":187,\"caption\":\"Associaci\u00f3 Benestar i Desenvolupament\"},\"image\":{\"@id\":\"https:\\\/\\\/abd.ong\\\/ca\\\/#\\\/schema\\\/logo\\\/image\\\/\"},\"sameAs\":[\"https:\\\/\\\/www.facebook.com\\\/abd.ong\",\"https:\\\/\\\/x.com\\\/abd_ong\",\"https:\\\/\\\/www.instagram.com\\\/abd_ong\\\/\",\"https:\\\/\\\/www.linkedin.com\\\/company\\\/abdong\",\"https:\\\/\\\/www.youtube.com\\\/user\\\/CANALABD\"]},{\"@type\":\"Person\",\"@id\":\"https:\\\/\\\/abd.ong\\\/ca\\\/#\\\/schema\\\/person\\\/6bb74ed13fc8bdf3a5382c66db14c9ee\",\"name\":\"Francesc Balart\"}]}<\/script>\n<!-- \/ Yoast SEO plugin. -->","yoast_head_json":{"title":"ABD als mitjans de comunicaci\u00f3 al novembre - ABD","description":"El Grup&nbsp;ABD&nbsp;ha estat present als mitjans de comunicaci\u00f3 durant aquest mes de novembre. A continuaci\u00f3, el resum de premsa de les not\u00edcies,","robots":{"index":"index","follow":"follow","max-snippet":"max-snippet:-1","max-image-preview":"max-image-preview:large","max-video-preview":"max-video-preview:-1"},"canonical":"https:\/\/abd.ong\/ca\/general-ca\/abd-als-mitjans-de-comunicacio-al-novembre-5\/","og_locale":"ca_ES","og_type":"article","og_title":"ABD als mitjans de comunicaci\u00f3 al novembre - ABD","og_description":"El Grup&nbsp;ABD&nbsp;ha estat present als mitjans de comunicaci\u00f3 durant aquest mes de novembre. A continuaci\u00f3, el resum de premsa de les not\u00edcies,","og_url":"https:\/\/abd.ong\/ca\/general-ca\/abd-als-mitjans-de-comunicacio-al-novembre-5\/","og_site_name":"ABD","article_publisher":"https:\/\/www.facebook.com\/abd.ong","article_published_time":"2023-11-30T09:21:23+00:00","article_modified_time":"2023-11-30T10:13:56+00:00","og_image":[{"width":1919,"height":977,"url":"https:\/\/abd.ong\/wp-content\/uploads\/2020\/05\/old-tv-1149416_1920.jpg","type":"image\/jpeg"}],"author":"Francesc Balart","twitter_card":"summary_large_image","twitter_creator":"@abd_ong","twitter_site":"@abd_ong","twitter_misc":{"Escrit per":"Francesc Balart","Temps estimat de lectura":"7 minuts"},"schema":{"@context":"https:\/\/schema.org","@graph":[{"@type":"Article","@id":"https:\/\/abd.ong\/ca\/general-ca\/abd-als-mitjans-de-comunicacio-al-novembre-5\/#article","isPartOf":{"@id":"https:\/\/abd.ong\/ca\/general-ca\/abd-als-mitjans-de-comunicacio-al-novembre-5\/"},"author":{"name":"Francesc Balart","@id":"https:\/\/abd.ong\/ca\/#\/schema\/person\/6bb74ed13fc8bdf3a5382c66db14c9ee"},"headline":"ABD als mitjans de comunicaci\u00f3 al novembre","datePublished":"2023-11-30T09:21:23+00:00","dateModified":"2023-11-30T10:13:56+00:00","mainEntityOfPage":{"@id":"https:\/\/abd.ong\/ca\/general-ca\/abd-als-mitjans-de-comunicacio-al-novembre-5\/"},"wordCount":1494,"publisher":{"@id":"https:\/\/abd.ong\/ca\/#organization"},"image":{"@id":"https:\/\/abd.ong\/ca\/general-ca\/abd-als-mitjans-de-comunicacio-al-novembre-5\/#primaryimage"},"thumbnailUrl":"https:\/\/abd.ong\/wp-content\/uploads\/2020\/05\/old-tv-1149416_1920.jpg","articleSection":["General"],"inLanguage":"ca"},{"@type":"WebPage","@id":"https:\/\/abd.ong\/ca\/general-ca\/abd-als-mitjans-de-comunicacio-al-novembre-5\/","url":"https:\/\/abd.ong\/ca\/general-ca\/abd-als-mitjans-de-comunicacio-al-novembre-5\/","name":"ABD als mitjans de comunicaci\u00f3 al novembre - ABD","isPartOf":{"@id":"https:\/\/abd.ong\/ca\/#website"},"primaryImageOfPage":{"@id":"https:\/\/abd.ong\/ca\/general-ca\/abd-als-mitjans-de-comunicacio-al-novembre-5\/#primaryimage"},"image":{"@id":"https:\/\/abd.ong\/ca\/general-ca\/abd-als-mitjans-de-comunicacio-al-novembre-5\/#primaryimage"},"thumbnailUrl":"https:\/\/abd.ong\/wp-content\/uploads\/2020\/05\/old-tv-1149416_1920.jpg","datePublished":"2023-11-30T09:21:23+00:00","dateModified":"2023-11-30T10:13:56+00:00","description":"El Grup&nbsp;ABD&nbsp;ha estat present als mitjans de comunicaci\u00f3 durant aquest mes de novembre. A continuaci\u00f3, el resum de premsa de les not\u00edcies,","breadcrumb":{"@id":"https:\/\/abd.ong\/ca\/general-ca\/abd-als-mitjans-de-comunicacio-al-novembre-5\/#breadcrumb"},"inLanguage":"ca","potentialAction":[{"@type":"ReadAction","target":["https:\/\/abd.ong\/ca\/general-ca\/abd-als-mitjans-de-comunicacio-al-novembre-5\/"]}]},{"@type":"ImageObject","inLanguage":"ca","@id":"https:\/\/abd.ong\/ca\/general-ca\/abd-als-mitjans-de-comunicacio-al-novembre-5\/#primaryimage","url":"https:\/\/abd.ong\/wp-content\/uploads\/2020\/05\/old-tv-1149416_1920.jpg","contentUrl":"https:\/\/abd.ong\/wp-content\/uploads\/2020\/05\/old-tv-1149416_1920.jpg","width":1919,"height":977,"caption":"medios de comunicaci\u00f3n"},{"@type":"BreadcrumbList","@id":"https:\/\/abd.ong\/ca\/general-ca\/abd-als-mitjans-de-comunicacio-al-novembre-5\/#breadcrumb","itemListElement":[{"@type":"ListItem","position":1,"name":"Inici","item":"https:\/\/abd.ong\/ca\/"},{"@type":"ListItem","position":2,"name":"ABD als mitjans de comunicaci\u00f3 al novembre"}]},{"@type":"WebSite","@id":"https:\/\/abd.ong\/ca\/#website","url":"https:\/\/abd.ong\/ca\/","name":"ABD","description":"Asociaci\u00f3n Bienestar y Desarrollo","publisher":{"@id":"https:\/\/abd.ong\/ca\/#organization"},"potentialAction":[{"@type":"SearchAction","target":{"@type":"EntryPoint","urlTemplate":"https:\/\/abd.ong\/ca\/?s={search_term_string}"},"query-input":{"@type":"PropertyValueSpecification","valueRequired":true,"valueName":"search_term_string"}}],"inLanguage":"ca"},{"@type":"Organization","@id":"https:\/\/abd.ong\/ca\/#organization","name":"Associaci\u00f3 Benestar i Desenvolupament","alternateName":"ABD","url":"https:\/\/abd.ong\/ca\/","logo":{"@type":"ImageObject","inLanguage":"ca","@id":"https:\/\/abd.ong\/ca\/#\/schema\/logo\/image\/","url":"https:\/\/abd.ong\/wp-content\/uploads\/2023\/01\/Icona.png","contentUrl":"https:\/\/abd.ong\/wp-content\/uploads\/2023\/01\/Icona.png","width":190,"height":187,"caption":"Associaci\u00f3 Benestar i Desenvolupament"},"image":{"@id":"https:\/\/abd.ong\/ca\/#\/schema\/logo\/image\/"},"sameAs":["https:\/\/www.facebook.com\/abd.ong","https:\/\/x.com\/abd_ong","https:\/\/www.instagram.com\/abd_ong\/","https:\/\/www.linkedin.com\/company\/abdong","https:\/\/www.youtube.com\/user\/CANALABD"]},{"@type":"Person","@id":"https:\/\/abd.ong\/ca\/#\/schema\/person\/6bb74ed13fc8bdf3a5382c66db14c9ee","name":"Francesc Balart"}]}},"_links":{"self":[{"href":"https:\/\/abd.ong\/ca\/wp-json\/wp\/v2\/posts\/156180","targetHints":{"allow":["GET"]}}],"collection":[{"href":"https:\/\/abd.ong\/ca\/wp-json\/wp\/v2\/posts"}],"about":[{"href":"https:\/\/abd.ong\/ca\/wp-json\/wp\/v2\/types\/post"}],"author":[{"embeddable":true,"href":"https:\/\/abd.ong\/ca\/wp-json\/wp\/v2\/users\/12"}],"replies":[{"embeddable":true,"href":"https:\/\/abd.ong\/ca\/wp-json\/wp\/v2\/comments?post=156180"}],"version-history":[{"count":3,"href":"https:\/\/abd.ong\/ca\/wp-json\/wp\/v2\/posts\/156180\/revisions"}],"predecessor-version":[{"id":156246,"href":"https:\/\/abd.ong\/ca\/wp-json\/wp\/v2\/posts\/156180\/revisions\/156246"}],"wp:featuredmedia":[{"embeddable":true,"href":"https:\/\/abd.ong\/ca\/wp-json\/wp\/v2\/media\/14666"}],"wp:attachment":[{"href":"https:\/\/abd.ong\/ca\/wp-json\/wp\/v2\/media?parent=156180"}],"wp:term":[{"taxonomy":"category","embeddable":true,"href":"https:\/\/abd.ong\/ca\/wp-json\/wp\/v2\/categories?post=156180"},{"taxonomy":"post_tag","embeddable":true,"href":"https:\/\/abd.ong\/ca\/wp-json\/wp\/v2\/tags?post=156180"}],"curies":[{"name":"wp","href":"https:\/\/api.w.org\/{rel}","templated":true}]}}