{"id":156150,"date":"2023-11-28T10:12:11","date_gmt":"2023-11-28T09:12:11","guid":{"rendered":"https:\/\/abd.ong\/?p=156150"},"modified":"2023-11-28T11:33:55","modified_gmt":"2023-11-28T10:33:55","slug":"el-grup-abd-participa-en-la-ix-jornada-de-treball-i-crisi-amb-comunitat-activa","status":"publish","type":"post","link":"https:\/\/abd.ong\/ca\/inclusio-i-pobresa\/el-grup-abd-participa-en-la-ix-jornada-de-treball-i-crisi-amb-comunitat-activa\/","title":{"rendered":"El Grup ABD participa en la &#8216;IX Jornada de Treball i Crisi&#8217; amb Comunitat Activa"},"content":{"rendered":"\n<h4 class=\"wp-block-heading\">L&#8217;esdeveniment organitzat per l&#8217;entitat &#8216;T&#8217;acompanyem&#8217; va tenir com a objectiu conscienciar i fomentar la solidaritat en la lluita contra la pobresa, abordant les complexitats socials i econ\u00f2miques que l&#8217;afecten<\/h4>\n\n\n\n<div style=\"height:21px\" aria-hidden=\"true\" class=\"wp-block-spacer\"><\/div>\n\n\n\n<h4 class=\"wp-block-heading\">Per part d&#8217;<span class=\"hiddenSpellError\">ABD<\/span>, va participar la directora de Comunitat Activa, N\u00faria&nbsp;<span class=\"hiddenSpellError\">Mascu\u00f1an<\/span>, a la pon\u00e8ncia &#8220;<em>Programes de suport social i laboral per a la inclusi\u00f3 de persones en situaci\u00f3 de vulnerabilitat&#8221;<\/em><\/h4>\n\n\n\n<div style=\"height:31px\" aria-hidden=\"true\" class=\"wp-block-spacer\"><\/div>\n\n\n\n<p>El <a href=\"https:\/\/abd.ong\/ca\/\" target=\"_blank\" rel=\"noopener\"><strong>Grup&nbsp;<span class=\"hiddenSpellError\">ABD<\/span><\/strong><\/a>&nbsp;va participar el passat divendres 24 de novembre a la<strong> &#8216;XI Jornada de Treball i Crisi Pobresa: Problema social&#8217; <\/strong>de l&#8217;entitat<strong><a href=\"https:\/\/www.tacompanyem.org\/\" target=\"_blank\" rel=\"noopener\"> &#8220;T&#8217;acompanyem&#8221;<\/a><\/strong> que es va celebrar a l&#8217;Espai <span class=\"hiddenSpellError\">Alchemika<\/span>&nbsp;de Barcelona. A la jornada, el Grup&nbsp;<span class=\"hiddenSpellError\">ABD<\/span>&nbsp;va estar representat per<strong>&nbsp;<span class=\"hiddenSpellError\">N\u00faria<\/span>&nbsp;<span class=\"hiddenSpellError\">Mascu\u00f1an<\/span><\/strong>,&nbsp;directora&nbsp;de Comunitat Activa, la qual va participar en la pon\u00e8ncia <em><strong>&#8220;Programes de suport social i laboral per a la inclusi\u00f3 de persones en situaci\u00f3 de vulnerabilitat&#8221;.<\/strong><\/em> L&#8217;esdeveniment va comptar amb destacades personalitats pol\u00edtiques del m\u00f3n social, com<strong> Mireia Vall,<\/strong> directora general de <a href=\"https:\/\/web.gencat.cat\/es\/temes\/serveis\/index.html\" target=\"_blank\" rel=\"noopener\">Serveis Socials de la Generalitat de Catalunya.<\/a><\/p>\n\n\n\n<p>Durant la jornada, es va abordar la problem\u00e0tica de la pobresa des de diferents perspectives, tot fomentant la consci\u00e8ncia i la solidaritat en la lluita contra aquesta q\u00fcesti\u00f3 i creant un espai de reflexi\u00f3 sobre totes les complexitats socials i econ\u00f2miques que l&#8217;afecten. Tamb\u00e9 es van analitzar els desafiaments que afronten les persones que venen d&#8217;altres pa\u00efsos en la recerca d&#8217;un futur millor, destacant-ne la import\u00e0ncia de donar suport a totes les persones desocupades.<\/p>\n\n\n\n<div style=\"height:33px\" aria-hidden=\"true\" class=\"wp-block-spacer\"><\/div>\n\n\n\n<figure class=\"wp-block-gallery has-nested-images columns-default is-cropped wp-block-gallery-2 is-layout-flex wp-block-gallery-is-layout-flex\">\n<figure class=\"wp-block-image size-large\"><img fetchpriority=\"high\" decoding=\"async\" width=\"1024\" height=\"683\" data-id=\"156125\" src=\"https:\/\/abd.ong\/wp-content\/uploads\/2023\/11\/IMG_0210-1024x683.jpg\" alt=\"\" class=\"wp-image-156125\" srcset=\"https:\/\/abd.ong\/wp-content\/uploads\/2023\/11\/IMG_0210-1024x683.jpg 1024w, https:\/\/abd.ong\/wp-content\/uploads\/2023\/11\/IMG_0210-300x200.jpg 300w, https:\/\/abd.ong\/wp-content\/uploads\/2023\/11\/IMG_0210-768x512.jpg 768w, https:\/\/abd.ong\/wp-content\/uploads\/2023\/11\/IMG_0210-1536x1024.jpg 1536w, https:\/\/abd.ong\/wp-content\/uploads\/2023\/11\/IMG_0210-600x400.jpg 600w, https:\/\/abd.ong\/wp-content\/uploads\/2023\/11\/IMG_0210-1920x1280.jpg 1920w, https:\/\/abd.ong\/wp-content\/uploads\/2023\/11\/IMG_0210.jpg 2048w\" sizes=\"(max-width: 1024px) 100vw, 1024px\" \/><\/figure>\n\n\n\n<figure class=\"wp-block-image size-large\"><img decoding=\"async\" width=\"1024\" height=\"683\" data-id=\"156128\" src=\"https:\/\/abd.ong\/wp-content\/uploads\/2023\/11\/IMG_0218-1024x683.jpg\" alt=\"\" class=\"wp-image-156128\" srcset=\"https:\/\/abd.ong\/wp-content\/uploads\/2023\/11\/IMG_0218-1024x683.jpg 1024w, https:\/\/abd.ong\/wp-content\/uploads\/2023\/11\/IMG_0218-300x200.jpg 300w, https:\/\/abd.ong\/wp-content\/uploads\/2023\/11\/IMG_0218-768x512.jpg 768w, https:\/\/abd.ong\/wp-content\/uploads\/2023\/11\/IMG_0218-1536x1024.jpg 1536w, https:\/\/abd.ong\/wp-content\/uploads\/2023\/11\/IMG_0218-600x400.jpg 600w, https:\/\/abd.ong\/wp-content\/uploads\/2023\/11\/IMG_0218-1920x1280.jpg 1920w, https:\/\/abd.ong\/wp-content\/uploads\/2023\/11\/IMG_0218.jpg 2048w\" sizes=\"(max-width: 1024px) 100vw, 1024px\" \/><\/figure>\n\n\n\n<figure class=\"wp-block-image size-large\"><img decoding=\"async\" width=\"1024\" height=\"683\" data-id=\"156131\" src=\"https:\/\/abd.ong\/wp-content\/uploads\/2023\/11\/IMG_0215-1024x683.jpg\" alt=\"\" class=\"wp-image-156131\" srcset=\"https:\/\/abd.ong\/wp-content\/uploads\/2023\/11\/IMG_0215-1024x683.jpg 1024w, https:\/\/abd.ong\/wp-content\/uploads\/2023\/11\/IMG_0215-300x200.jpg 300w, https:\/\/abd.ong\/wp-content\/uploads\/2023\/11\/IMG_0215-768x512.jpg 768w, https:\/\/abd.ong\/wp-content\/uploads\/2023\/11\/IMG_0215-1536x1024.jpg 1536w, https:\/\/abd.ong\/wp-content\/uploads\/2023\/11\/IMG_0215-600x400.jpg 600w, https:\/\/abd.ong\/wp-content\/uploads\/2023\/11\/IMG_0215-1920x1280.jpg 1920w, https:\/\/abd.ong\/wp-content\/uploads\/2023\/11\/IMG_0215.jpg 2048w\" sizes=\"(max-width: 1024px) 100vw, 1024px\" \/><\/figure>\n<\/figure>\n\n\n\n<div style=\"height:33px\" aria-hidden=\"true\" class=\"wp-block-spacer\"><\/div>\n\n\n\n<p>La benvinguda i la presentaci\u00f3 de la jornada va anar a c\u00e0rrec de <strong>David Bondia<\/strong>,&nbsp;<a href=\"https:\/\/www.sindicaturabarcelona.cat\/es\/\" target=\"_blank\" rel=\"noopener\"><span class=\"hiddenGrammarError\">S\u00edndic de Greuges<\/span>&nbsp;de Barcelona<\/a>. A continuaci\u00f3 va comen\u00e7ar la primera pon\u00e8ncia<strong> <em>&#8220;Programes de suport social i laboral per a la inclusi\u00f3 de persones en situaci\u00f3 de vulnerabilitat&#8221;<\/em><\/strong>, amb la moderaci\u00f3 de&nbsp;<strong><span class=\"hiddenSpellError\">Carmen<\/span>&nbsp;<span class=\"hiddenSpellError\">Lamazares<\/span><\/strong>, t\u00e8cnica d&#8217;acci\u00f3 de <a href=\"https:\/\/ajuntament.barcelona.cat\/santandreu\/es\" target=\"_blank\" rel=\"noopener\">Sant Andreu<\/a>. Els\/les ponents que van participar en el debat van ser <strong>Jes\u00fas Ruiz<\/strong><span class=\"hiddenGrammarError\">&nbsp;,<\/span>&nbsp;director del Centre d&#8217;Acollida de la<a href=\"https:\/\/www.assis.cat\/\" target=\"_blank\" rel=\"noopener\"> Fundaci\u00f3&nbsp;<span class=\"hiddenSpellError\">ASSIS<\/span><\/a>&nbsp;de Sarri\u00e0, <strong>Ferran Rodr\u00edguez<\/strong>, director de la <a href=\"https:\/\/www.eveho.eu\/es\/inicio\/\" target=\"_blank\" rel=\"noopener\">Fundaci\u00f3&nbsp;<span class=\"hiddenSpellError\">EVEHO<\/span><\/a>,&nbsp;<strong><span class=\"hiddenSpellError\">Monsterrat<\/span>&nbsp;<span class=\"hiddenSpellError\">Rivero<\/span><\/strong>, directora del Centre d&#8217;Estudis del <a href=\"https:\/\/www.bancdelsaliments.org\/es\/\" target=\"_blank\" rel=\"noopener\">Banc d&#8217;Aliments<\/a>, i<strong> N\u00faria&nbsp;<span class=\"hiddenSpellError\">Mascu\u00f1an<\/span><\/strong>, directora de Comunitat Activa del Grup&nbsp;<span class=\"hiddenSpellError\">ABD<\/span>.<\/p>\n\n\n\n<p>Durant la seva intervenci\u00f3,&nbsp;<strong><span class=\"hiddenSpellError\">Mascu\u00f1an<\/span>&nbsp;<\/strong>va afirmar: &#8220;<em>Cal evitar la solitud i l&#8217;a\u00efllament, aix\u00f2 provoca problemes de salut mental, si creem espais de refugi, podrem contrarestar tot aix\u00f2&#8221;.<\/em><\/p>\n\n\n\n<p>La jornada va continuar amb el debat <strong><em>&#8220;El poder de la col\u00b7laboraci\u00f3: aliances entre ONG, sector privat i entitats p\u00fabliques per combatre la pobresa&#8221;<\/em><\/strong> amb la moderaci\u00f3 de <strong>Gabriel&nbsp;<span class=\"hiddenSpellError\">Ubieto<\/span>,<\/strong> periodista <a href=\"https:\/\/www.elperiodico.com\/es\/\" target=\"_blank\" rel=\"noopener\">del Peri\u00f3dico<\/a>. Els\/les ponents van ser <strong>Joan&nbsp;<span class=\"hiddenSpellError\">Cambronero<\/span><\/strong>, gerent d&#8217;\u00c0rea d&#8217;Urbanisme i Habitatge de l&#8217;<a href=\"https:\/\/ajuntament.barcelona.cat\/es\/\" target=\"_blank\" rel=\"noopener\">Ajuntament de Barcelona<\/a>,&nbsp;<strong><span class=\"hiddenSpellError\">Dessir\u00e9e<\/span>&nbsp;<span class=\"hiddenSpellError\">Garc\u00eda<\/span><\/strong>, cap del Programa de Formaci\u00f3 i Inserci\u00f3 Laboral de<a href=\"https:\/\/www.caritas.es\/\" target=\"_blank\" rel=\"noopener\"> C\u00e0ritas<\/a>, i <strong>Llu\u00eds Batlle<\/strong>, cap del Departament de Coordinaci\u00f3 dels CSS de <a href=\"https:\/\/ajuntament.barcelona.cat\/es\/\" target=\"_blank\" rel=\"noopener\">l&#8217;Ajuntament de Barcelona<\/a>.<\/p>\n\n\n\n<p>Per acabar es va celebrar la pon\u00e8ncia final &#8220;<em><strong>Superant barreres legals i burocr\u00e0tiques per a la inclusi\u00f3 laboral&#8221;,<\/strong><\/em> amb la moderaci\u00f3 de<strong> Francesc Serra,<\/strong> periodista de <a href=\"https:\/\/www.ccma.cat\/tv3\/\" target=\"_blank\" rel=\"noopener\">TV3<\/a>, amb els ponents: <strong>Dolores <span class=\"hiddenSpellError\">Garc\u00eda<\/span><\/strong>, Fundaci\u00f3 <a href=\"https:\/\/www.insertaempleo.es\/\" target=\"_blank\" rel=\"noopener\">ONCE\/Inserta<\/a>;&nbsp;<strong><span class=\"hiddenSpellError\">Juan<\/span>&nbsp;C.&nbsp;<span class=\"hiddenSpellError\">Darriba<\/span><\/strong>, president del Consell de XARXA a<a href=\"https:\/\/www.gls-spain.es\/es\/\" target=\"_blank\" rel=\"noopener\"> GLS&nbsp;<span class=\"hiddenSpellError\">Spain<\/span>,<\/a> i <strong>Helena Mart\u00ednez<\/strong>, t\u00e8cnica en Orientaci\u00f3 Professional,<a href=\"https:\/\/www.pimec.org\/es\/fundacio-pimec\" target=\"_blank\" rel=\"noopener\"> Fundaci\u00f3 PIMEC.<\/a><\/p>\n\n\n\n<p>Finalment, la jornada va concloure amb la cloenda a c\u00e0rrec de<strong> Mireia Vall,<\/strong> directora general de Serveis Socials de la<a href=\"https:\/\/web.gencat.cat\/es\/temes\/serveis\/index.html\" target=\"_blank\" rel=\"noopener\"> Generalitat de Catalunya<\/a>, reafirmant el comprom\u00eds conjunt en la lluita contra la pobresa i la cerca de solucions col\u00b7laboratives. La jornada va fer un petit reconeixement a la figura d&#8217;<strong><span class=\"hiddenSpellError\">Alberto<\/span>&nbsp;<span class=\"hiddenSpellError\">Tortolero<\/span><\/strong>, president de <a href=\"https:\/\/asociacionmundus.com\/\" target=\"_blank\" rel=\"noopener\">l&#8217;Associaci\u00f3 &#8220;<span class=\"hiddenSpellError\">Mundus<\/span>&#8220;.<\/a><\/p>\n\n\n\n<p>&#8216;T&#8217;acompanyem&#8217; t\u00e9 com a objectiu donar suport social i laboral a persones a l&#8217;atur i ciutadans migrants oferint-los suport moral, formaci\u00f3 i assessorament.<\/p>\n\n\n\n<div style=\"height:33px\" aria-hidden=\"true\" class=\"wp-block-spacer\"><\/div>\n\n\n\n<figure class=\"wp-block-gallery has-nested-images columns-default is-cropped wp-block-gallery-3 is-layout-flex wp-block-gallery-is-layout-flex\">\n<figure class=\"wp-block-image size-large\"><img loading=\"lazy\" decoding=\"async\" width=\"1024\" height=\"683\" data-id=\"156146\" src=\"https:\/\/abd.ong\/wp-content\/uploads\/2023\/11\/IMG_0224-1024x683.jpg\" alt=\"\" class=\"wp-image-156146\" srcset=\"https:\/\/abd.ong\/wp-content\/uploads\/2023\/11\/IMG_0224-1024x683.jpg 1024w, https:\/\/abd.ong\/wp-content\/uploads\/2023\/11\/IMG_0224-300x200.jpg 300w, https:\/\/abd.ong\/wp-content\/uploads\/2023\/11\/IMG_0224-768x512.jpg 768w, https:\/\/abd.ong\/wp-content\/uploads\/2023\/11\/IMG_0224-1536x1024.jpg 1536w, https:\/\/abd.ong\/wp-content\/uploads\/2023\/11\/IMG_0224-600x400.jpg 600w, https:\/\/abd.ong\/wp-content\/uploads\/2023\/11\/IMG_0224-1920x1280.jpg 1920w, https:\/\/abd.ong\/wp-content\/uploads\/2023\/11\/IMG_0224.jpg 2048w\" sizes=\"(max-width: 1024px) 100vw, 1024px\" \/><\/figure>\n\n\n\n<figure class=\"wp-block-image size-large\"><img loading=\"lazy\" decoding=\"async\" width=\"1024\" height=\"683\" data-id=\"156143\" src=\"https:\/\/abd.ong\/wp-content\/uploads\/2023\/11\/IMG_0225-1024x683.jpg\" alt=\"\" class=\"wp-image-156143\" srcset=\"https:\/\/abd.ong\/wp-content\/uploads\/2023\/11\/IMG_0225-1024x683.jpg 1024w, https:\/\/abd.ong\/wp-content\/uploads\/2023\/11\/IMG_0225-300x200.jpg 300w, https:\/\/abd.ong\/wp-content\/uploads\/2023\/11\/IMG_0225-768x512.jpg 768w, https:\/\/abd.ong\/wp-content\/uploads\/2023\/11\/IMG_0225-1536x1024.jpg 1536w, https:\/\/abd.ong\/wp-content\/uploads\/2023\/11\/IMG_0225-600x400.jpg 600w, https:\/\/abd.ong\/wp-content\/uploads\/2023\/11\/IMG_0225-1920x1280.jpg 1920w, https:\/\/abd.ong\/wp-content\/uploads\/2023\/11\/IMG_0225.jpg 2048w\" sizes=\"(max-width: 1024px) 100vw, 1024px\" \/><\/figure>\n\n\n\n<figure class=\"wp-block-image size-large\"><img loading=\"lazy\" decoding=\"async\" width=\"1024\" height=\"683\" data-id=\"156137\" src=\"https:\/\/abd.ong\/wp-content\/uploads\/2023\/11\/IMG_0227-1-1024x683.jpg\" alt=\"\" class=\"wp-image-156137\" srcset=\"https:\/\/abd.ong\/wp-content\/uploads\/2023\/11\/IMG_0227-1-1024x683.jpg 1024w, https:\/\/abd.ong\/wp-content\/uploads\/2023\/11\/IMG_0227-1-300x200.jpg 300w, https:\/\/abd.ong\/wp-content\/uploads\/2023\/11\/IMG_0227-1-768x512.jpg 768w, https:\/\/abd.ong\/wp-content\/uploads\/2023\/11\/IMG_0227-1-1536x1024.jpg 1536w, https:\/\/abd.ong\/wp-content\/uploads\/2023\/11\/IMG_0227-1-600x400.jpg 600w, https:\/\/abd.ong\/wp-content\/uploads\/2023\/11\/IMG_0227-1-1920x1280.jpg 1920w, https:\/\/abd.ong\/wp-content\/uploads\/2023\/11\/IMG_0227-1.jpg 2048w\" sizes=\"(max-width: 1024px) 100vw, 1024px\" \/><\/figure>\n\n\n\n<figure class=\"wp-block-image size-large\"><img loading=\"lazy\" decoding=\"async\" width=\"1024\" height=\"683\" data-id=\"156138\" src=\"https:\/\/abd.ong\/wp-content\/uploads\/2023\/11\/IMG_0229-1-1024x683.jpg\" alt=\"\" class=\"wp-image-156138\" srcset=\"https:\/\/abd.ong\/wp-content\/uploads\/2023\/11\/IMG_0229-1-1024x683.jpg 1024w, https:\/\/abd.ong\/wp-content\/uploads\/2023\/11\/IMG_0229-1-300x200.jpg 300w, https:\/\/abd.ong\/wp-content\/uploads\/2023\/11\/IMG_0229-1-768x512.jpg 768w, https:\/\/abd.ong\/wp-content\/uploads\/2023\/11\/IMG_0229-1-1536x1024.jpg 1536w, https:\/\/abd.ong\/wp-content\/uploads\/2023\/11\/IMG_0229-1-600x400.jpg 600w, https:\/\/abd.ong\/wp-content\/uploads\/2023\/11\/IMG_0229-1-1920x1280.jpg 1920w, https:\/\/abd.ong\/wp-content\/uploads\/2023\/11\/IMG_0229-1.jpg 2048w\" sizes=\"(max-width: 1024px) 100vw, 1024px\" \/><\/figure>\n<\/figure>\n","protected":false},"excerpt":{"rendered":"<p>L&#8217;esdeveniment organitzat per l&#8217;entitat &#8216;T&#8217;acompanyem&#8217; va tenir com a objectiu conscienciar i fomentar la solidaritat en la lluita contra la pobresa, abordant les complexitats socials i econ\u00f2miques que l&#8217;afecten Per&hellip;<\/p>\n","protected":false},"author":12,"featured_media":156123,"comment_status":"closed","ping_status":"closed","sticky":false,"template":"","format":"standard","meta":{"_acf_changed":false,"footnotes":""},"categories":[3195],"tags":[119,675,124,2928,2300,2227],"class_list":["post-156150","post","type-post","status-publish","format-standard","has-post-thumbnail","hentry","category-inclusio-i-pobresa","tag-abd","tag-asociacion-bienestar-y-desarrollo-ca","tag-associacio-benestar-desenvolupament","tag-associacio-benestar-i-desenvolupament-ca-2","tag-noticies-ca","tag-pobresa-ca-3"],"acf":[],"yoast_head":"<!-- This site is optimized with the Yoast SEO plugin v27.4 - https:\/\/yoast.com\/product\/yoast-seo-wordpress\/ -->\n<title>El Grup ABD participa en la &#039;IX Jornada de Treball i Crisi&#039; amb Comunitat Activa - ABD<\/title>\n<meta name=\"description\" content=\"L&#039;esdeveniment organitzat per l&#039;entitat &#039;T&#039;acompanyem&#039; va tenir com a objectiu conscienciar i fomentar la solidaritat en la lluita contra la pobresa,\" \/>\n<meta name=\"robots\" content=\"index, follow, max-snippet:-1, max-image-preview:large, max-video-preview:-1\" \/>\n<link rel=\"canonical\" href=\"https:\/\/abd.ong\/ca\/inclusio-i-pobresa\/el-grup-abd-participa-en-la-ix-jornada-de-treball-i-crisi-amb-comunitat-activa\/\" \/>\n<meta property=\"og:locale\" content=\"ca_ES\" \/>\n<meta property=\"og:type\" content=\"article\" \/>\n<meta property=\"og:title\" content=\"El Grup ABD participa en la &#039;IX Jornada de Treball i Crisi&#039; amb Comunitat Activa - ABD\" \/>\n<meta property=\"og:description\" content=\"L&#039;esdeveniment organitzat per l&#039;entitat &#039;T&#039;acompanyem&#039; va tenir com a objectiu conscienciar i fomentar la solidaritat en la lluita contra la pobresa,\" \/>\n<meta property=\"og:url\" content=\"https:\/\/abd.ong\/ca\/inclusio-i-pobresa\/el-grup-abd-participa-en-la-ix-jornada-de-treball-i-crisi-amb-comunitat-activa\/\" \/>\n<meta property=\"og:site_name\" content=\"ABD\" \/>\n<meta property=\"article:publisher\" content=\"https:\/\/www.facebook.com\/abd.ong\" \/>\n<meta property=\"article:published_time\" content=\"2023-11-28T09:12:11+00:00\" \/>\n<meta property=\"article:modified_time\" content=\"2023-11-28T10:33:55+00:00\" \/>\n<meta property=\"og:image\" content=\"https:\/\/abd.ong\/wp-content\/uploads\/2023\/11\/IMG_0227.jpg\" \/>\n\t<meta property=\"og:image:width\" content=\"2048\" \/>\n\t<meta property=\"og:image:height\" content=\"1365\" \/>\n\t<meta property=\"og:image:type\" content=\"image\/jpeg\" \/>\n<meta name=\"author\" content=\"Francesc Balart\" \/>\n<meta name=\"twitter:card\" content=\"summary_large_image\" \/>\n<meta name=\"twitter:creator\" content=\"@abd_ong\" \/>\n<meta name=\"twitter:site\" content=\"@abd_ong\" \/>\n<meta name=\"twitter:label1\" content=\"Escrit per\" \/>\n\t<meta name=\"twitter:data1\" content=\"Francesc Balart\" \/>\n\t<meta name=\"twitter:label2\" content=\"Temps estimat de lectura\" \/>\n\t<meta name=\"twitter:data2\" content=\"5 minuts\" \/>\n<script type=\"application\/ld+json\" class=\"yoast-schema-graph\">{\"@context\":\"https:\\\/\\\/schema.org\",\"@graph\":[{\"@type\":\"Article\",\"@id\":\"https:\\\/\\\/abd.ong\\\/ca\\\/inclusio-i-pobresa\\\/el-grup-abd-participa-en-la-ix-jornada-de-treball-i-crisi-amb-comunitat-activa\\\/#article\",\"isPartOf\":{\"@id\":\"https:\\\/\\\/abd.ong\\\/ca\\\/inclusio-i-pobresa\\\/el-grup-abd-participa-en-la-ix-jornada-de-treball-i-crisi-amb-comunitat-activa\\\/\"},\"author\":{\"name\":\"Francesc Balart\",\"@id\":\"https:\\\/\\\/abd.ong\\\/ca\\\/#\\\/schema\\\/person\\\/6bb74ed13fc8bdf3a5382c66db14c9ee\"},\"headline\":\"El Grup ABD participa en la &#8216;IX Jornada de Treball i Crisi&#8217; amb Comunitat Activa\",\"datePublished\":\"2023-11-28T09:12:11+00:00\",\"dateModified\":\"2023-11-28T10:33:55+00:00\",\"mainEntityOfPage\":{\"@id\":\"https:\\\/\\\/abd.ong\\\/ca\\\/inclusio-i-pobresa\\\/el-grup-abd-participa-en-la-ix-jornada-de-treball-i-crisi-amb-comunitat-activa\\\/\"},\"wordCount\":683,\"publisher\":{\"@id\":\"https:\\\/\\\/abd.ong\\\/ca\\\/#organization\"},\"image\":{\"@id\":\"https:\\\/\\\/abd.ong\\\/ca\\\/inclusio-i-pobresa\\\/el-grup-abd-participa-en-la-ix-jornada-de-treball-i-crisi-amb-comunitat-activa\\\/#primaryimage\"},\"thumbnailUrl\":\"https:\\\/\\\/abd.ong\\\/wp-content\\\/uploads\\\/2023\\\/11\\\/IMG_0227.jpg\",\"keywords\":[\"ABD\",\"Asociaci\u00f3n Bienestar y Desarrollo\",\"Associaci\u00f3 Benestar Desenvolupament\",\"Associaci\u00f3 Benestar i Desenvolupament\",\"not\u00edcies\",\"pobresa\"],\"articleSection\":[\"Inclusi\u00f3 i pobresa\"],\"inLanguage\":\"ca\"},{\"@type\":\"WebPage\",\"@id\":\"https:\\\/\\\/abd.ong\\\/ca\\\/inclusio-i-pobresa\\\/el-grup-abd-participa-en-la-ix-jornada-de-treball-i-crisi-amb-comunitat-activa\\\/\",\"url\":\"https:\\\/\\\/abd.ong\\\/ca\\\/inclusio-i-pobresa\\\/el-grup-abd-participa-en-la-ix-jornada-de-treball-i-crisi-amb-comunitat-activa\\\/\",\"name\":\"El Grup ABD participa en la 'IX Jornada de Treball i Crisi' amb Comunitat Activa - ABD\",\"isPartOf\":{\"@id\":\"https:\\\/\\\/abd.ong\\\/ca\\\/#website\"},\"primaryImageOfPage\":{\"@id\":\"https:\\\/\\\/abd.ong\\\/ca\\\/inclusio-i-pobresa\\\/el-grup-abd-participa-en-la-ix-jornada-de-treball-i-crisi-amb-comunitat-activa\\\/#primaryimage\"},\"image\":{\"@id\":\"https:\\\/\\\/abd.ong\\\/ca\\\/inclusio-i-pobresa\\\/el-grup-abd-participa-en-la-ix-jornada-de-treball-i-crisi-amb-comunitat-activa\\\/#primaryimage\"},\"thumbnailUrl\":\"https:\\\/\\\/abd.ong\\\/wp-content\\\/uploads\\\/2023\\\/11\\\/IMG_0227.jpg\",\"datePublished\":\"2023-11-28T09:12:11+00:00\",\"dateModified\":\"2023-11-28T10:33:55+00:00\",\"description\":\"L'esdeveniment organitzat per l'entitat 'T'acompanyem' va tenir com a objectiu conscienciar i fomentar la solidaritat en la lluita contra la pobresa,\",\"breadcrumb\":{\"@id\":\"https:\\\/\\\/abd.ong\\\/ca\\\/inclusio-i-pobresa\\\/el-grup-abd-participa-en-la-ix-jornada-de-treball-i-crisi-amb-comunitat-activa\\\/#breadcrumb\"},\"inLanguage\":\"ca\",\"potentialAction\":[{\"@type\":\"ReadAction\",\"target\":[\"https:\\\/\\\/abd.ong\\\/ca\\\/inclusio-i-pobresa\\\/el-grup-abd-participa-en-la-ix-jornada-de-treball-i-crisi-amb-comunitat-activa\\\/\"]}]},{\"@type\":\"ImageObject\",\"inLanguage\":\"ca\",\"@id\":\"https:\\\/\\\/abd.ong\\\/ca\\\/inclusio-i-pobresa\\\/el-grup-abd-participa-en-la-ix-jornada-de-treball-i-crisi-amb-comunitat-activa\\\/#primaryimage\",\"url\":\"https:\\\/\\\/abd.ong\\\/wp-content\\\/uploads\\\/2023\\\/11\\\/IMG_0227.jpg\",\"contentUrl\":\"https:\\\/\\\/abd.ong\\\/wp-content\\\/uploads\\\/2023\\\/11\\\/IMG_0227.jpg\",\"width\":2048,\"height\":1365},{\"@type\":\"BreadcrumbList\",\"@id\":\"https:\\\/\\\/abd.ong\\\/ca\\\/inclusio-i-pobresa\\\/el-grup-abd-participa-en-la-ix-jornada-de-treball-i-crisi-amb-comunitat-activa\\\/#breadcrumb\",\"itemListElement\":[{\"@type\":\"ListItem\",\"position\":1,\"name\":\"Inici\",\"item\":\"https:\\\/\\\/abd.ong\\\/ca\\\/\"},{\"@type\":\"ListItem\",\"position\":2,\"name\":\"El Grup ABD participa en la &#8216;IX Jornada de Treball i Crisi&#8217; amb Comunitat Activa\"}]},{\"@type\":\"WebSite\",\"@id\":\"https:\\\/\\\/abd.ong\\\/ca\\\/#website\",\"url\":\"https:\\\/\\\/abd.ong\\\/ca\\\/\",\"name\":\"ABD\",\"description\":\"Asociaci\u00f3n Bienestar y Desarrollo\",\"publisher\":{\"@id\":\"https:\\\/\\\/abd.ong\\\/ca\\\/#organization\"},\"potentialAction\":[{\"@type\":\"SearchAction\",\"target\":{\"@type\":\"EntryPoint\",\"urlTemplate\":\"https:\\\/\\\/abd.ong\\\/ca\\\/?s={search_term_string}\"},\"query-input\":{\"@type\":\"PropertyValueSpecification\",\"valueRequired\":true,\"valueName\":\"search_term_string\"}}],\"inLanguage\":\"ca\"},{\"@type\":\"Organization\",\"@id\":\"https:\\\/\\\/abd.ong\\\/ca\\\/#organization\",\"name\":\"Associaci\u00f3 Benestar i Desenvolupament\",\"alternateName\":\"ABD\",\"url\":\"https:\\\/\\\/abd.ong\\\/ca\\\/\",\"logo\":{\"@type\":\"ImageObject\",\"inLanguage\":\"ca\",\"@id\":\"https:\\\/\\\/abd.ong\\\/ca\\\/#\\\/schema\\\/logo\\\/image\\\/\",\"url\":\"https:\\\/\\\/abd.ong\\\/wp-content\\\/uploads\\\/2023\\\/01\\\/Icona.png\",\"contentUrl\":\"https:\\\/\\\/abd.ong\\\/wp-content\\\/uploads\\\/2023\\\/01\\\/Icona.png\",\"width\":190,\"height\":187,\"caption\":\"Associaci\u00f3 Benestar i Desenvolupament\"},\"image\":{\"@id\":\"https:\\\/\\\/abd.ong\\\/ca\\\/#\\\/schema\\\/logo\\\/image\\\/\"},\"sameAs\":[\"https:\\\/\\\/www.facebook.com\\\/abd.ong\",\"https:\\\/\\\/x.com\\\/abd_ong\",\"https:\\\/\\\/www.instagram.com\\\/abd_ong\\\/\",\"https:\\\/\\\/www.linkedin.com\\\/company\\\/abdong\",\"https:\\\/\\\/www.youtube.com\\\/user\\\/CANALABD\"]},{\"@type\":\"Person\",\"@id\":\"https:\\\/\\\/abd.ong\\\/ca\\\/#\\\/schema\\\/person\\\/6bb74ed13fc8bdf3a5382c66db14c9ee\",\"name\":\"Francesc Balart\"}]}<\/script>\n<!-- \/ Yoast SEO plugin. -->","yoast_head_json":{"title":"El Grup ABD participa en la 'IX Jornada de Treball i Crisi' amb Comunitat Activa - ABD","description":"L'esdeveniment organitzat per l'entitat 'T'acompanyem' va tenir com a objectiu conscienciar i fomentar la solidaritat en la lluita contra la pobresa,","robots":{"index":"index","follow":"follow","max-snippet":"max-snippet:-1","max-image-preview":"max-image-preview:large","max-video-preview":"max-video-preview:-1"},"canonical":"https:\/\/abd.ong\/ca\/inclusio-i-pobresa\/el-grup-abd-participa-en-la-ix-jornada-de-treball-i-crisi-amb-comunitat-activa\/","og_locale":"ca_ES","og_type":"article","og_title":"El Grup ABD participa en la 'IX Jornada de Treball i Crisi' amb Comunitat Activa - ABD","og_description":"L'esdeveniment organitzat per l'entitat 'T'acompanyem' va tenir com a objectiu conscienciar i fomentar la solidaritat en la lluita contra la pobresa,","og_url":"https:\/\/abd.ong\/ca\/inclusio-i-pobresa\/el-grup-abd-participa-en-la-ix-jornada-de-treball-i-crisi-amb-comunitat-activa\/","og_site_name":"ABD","article_publisher":"https:\/\/www.facebook.com\/abd.ong","article_published_time":"2023-11-28T09:12:11+00:00","article_modified_time":"2023-11-28T10:33:55+00:00","og_image":[{"width":2048,"height":1365,"url":"https:\/\/abd.ong\/wp-content\/uploads\/2023\/11\/IMG_0227.jpg","type":"image\/jpeg"}],"author":"Francesc Balart","twitter_card":"summary_large_image","twitter_creator":"@abd_ong","twitter_site":"@abd_ong","twitter_misc":{"Escrit per":"Francesc Balart","Temps estimat de lectura":"5 minuts"},"schema":{"@context":"https:\/\/schema.org","@graph":[{"@type":"Article","@id":"https:\/\/abd.ong\/ca\/inclusio-i-pobresa\/el-grup-abd-participa-en-la-ix-jornada-de-treball-i-crisi-amb-comunitat-activa\/#article","isPartOf":{"@id":"https:\/\/abd.ong\/ca\/inclusio-i-pobresa\/el-grup-abd-participa-en-la-ix-jornada-de-treball-i-crisi-amb-comunitat-activa\/"},"author":{"name":"Francesc Balart","@id":"https:\/\/abd.ong\/ca\/#\/schema\/person\/6bb74ed13fc8bdf3a5382c66db14c9ee"},"headline":"El Grup ABD participa en la &#8216;IX Jornada de Treball i Crisi&#8217; amb Comunitat Activa","datePublished":"2023-11-28T09:12:11+00:00","dateModified":"2023-11-28T10:33:55+00:00","mainEntityOfPage":{"@id":"https:\/\/abd.ong\/ca\/inclusio-i-pobresa\/el-grup-abd-participa-en-la-ix-jornada-de-treball-i-crisi-amb-comunitat-activa\/"},"wordCount":683,"publisher":{"@id":"https:\/\/abd.ong\/ca\/#organization"},"image":{"@id":"https:\/\/abd.ong\/ca\/inclusio-i-pobresa\/el-grup-abd-participa-en-la-ix-jornada-de-treball-i-crisi-amb-comunitat-activa\/#primaryimage"},"thumbnailUrl":"https:\/\/abd.ong\/wp-content\/uploads\/2023\/11\/IMG_0227.jpg","keywords":["ABD","Asociaci\u00f3n Bienestar y Desarrollo","Associaci\u00f3 Benestar Desenvolupament","Associaci\u00f3 Benestar i Desenvolupament","not\u00edcies","pobresa"],"articleSection":["Inclusi\u00f3 i pobresa"],"inLanguage":"ca"},{"@type":"WebPage","@id":"https:\/\/abd.ong\/ca\/inclusio-i-pobresa\/el-grup-abd-participa-en-la-ix-jornada-de-treball-i-crisi-amb-comunitat-activa\/","url":"https:\/\/abd.ong\/ca\/inclusio-i-pobresa\/el-grup-abd-participa-en-la-ix-jornada-de-treball-i-crisi-amb-comunitat-activa\/","name":"El Grup ABD participa en la 'IX Jornada de Treball i Crisi' amb Comunitat Activa - ABD","isPartOf":{"@id":"https:\/\/abd.ong\/ca\/#website"},"primaryImageOfPage":{"@id":"https:\/\/abd.ong\/ca\/inclusio-i-pobresa\/el-grup-abd-participa-en-la-ix-jornada-de-treball-i-crisi-amb-comunitat-activa\/#primaryimage"},"image":{"@id":"https:\/\/abd.ong\/ca\/inclusio-i-pobresa\/el-grup-abd-participa-en-la-ix-jornada-de-treball-i-crisi-amb-comunitat-activa\/#primaryimage"},"thumbnailUrl":"https:\/\/abd.ong\/wp-content\/uploads\/2023\/11\/IMG_0227.jpg","datePublished":"2023-11-28T09:12:11+00:00","dateModified":"2023-11-28T10:33:55+00:00","description":"L'esdeveniment organitzat per l'entitat 'T'acompanyem' va tenir com a objectiu conscienciar i fomentar la solidaritat en la lluita contra la pobresa,","breadcrumb":{"@id":"https:\/\/abd.ong\/ca\/inclusio-i-pobresa\/el-grup-abd-participa-en-la-ix-jornada-de-treball-i-crisi-amb-comunitat-activa\/#breadcrumb"},"inLanguage":"ca","potentialAction":[{"@type":"ReadAction","target":["https:\/\/abd.ong\/ca\/inclusio-i-pobresa\/el-grup-abd-participa-en-la-ix-jornada-de-treball-i-crisi-amb-comunitat-activa\/"]}]},{"@type":"ImageObject","inLanguage":"ca","@id":"https:\/\/abd.ong\/ca\/inclusio-i-pobresa\/el-grup-abd-participa-en-la-ix-jornada-de-treball-i-crisi-amb-comunitat-activa\/#primaryimage","url":"https:\/\/abd.ong\/wp-content\/uploads\/2023\/11\/IMG_0227.jpg","contentUrl":"https:\/\/abd.ong\/wp-content\/uploads\/2023\/11\/IMG_0227.jpg","width":2048,"height":1365},{"@type":"BreadcrumbList","@id":"https:\/\/abd.ong\/ca\/inclusio-i-pobresa\/el-grup-abd-participa-en-la-ix-jornada-de-treball-i-crisi-amb-comunitat-activa\/#breadcrumb","itemListElement":[{"@type":"ListItem","position":1,"name":"Inici","item":"https:\/\/abd.ong\/ca\/"},{"@type":"ListItem","position":2,"name":"El Grup ABD participa en la &#8216;IX Jornada de Treball i Crisi&#8217; amb Comunitat Activa"}]},{"@type":"WebSite","@id":"https:\/\/abd.ong\/ca\/#website","url":"https:\/\/abd.ong\/ca\/","name":"ABD","description":"Asociaci\u00f3n Bienestar y Desarrollo","publisher":{"@id":"https:\/\/abd.ong\/ca\/#organization"},"potentialAction":[{"@type":"SearchAction","target":{"@type":"EntryPoint","urlTemplate":"https:\/\/abd.ong\/ca\/?s={search_term_string}"},"query-input":{"@type":"PropertyValueSpecification","valueRequired":true,"valueName":"search_term_string"}}],"inLanguage":"ca"},{"@type":"Organization","@id":"https:\/\/abd.ong\/ca\/#organization","name":"Associaci\u00f3 Benestar i Desenvolupament","alternateName":"ABD","url":"https:\/\/abd.ong\/ca\/","logo":{"@type":"ImageObject","inLanguage":"ca","@id":"https:\/\/abd.ong\/ca\/#\/schema\/logo\/image\/","url":"https:\/\/abd.ong\/wp-content\/uploads\/2023\/01\/Icona.png","contentUrl":"https:\/\/abd.ong\/wp-content\/uploads\/2023\/01\/Icona.png","width":190,"height":187,"caption":"Associaci\u00f3 Benestar i Desenvolupament"},"image":{"@id":"https:\/\/abd.ong\/ca\/#\/schema\/logo\/image\/"},"sameAs":["https:\/\/www.facebook.com\/abd.ong","https:\/\/x.com\/abd_ong","https:\/\/www.instagram.com\/abd_ong\/","https:\/\/www.linkedin.com\/company\/abdong","https:\/\/www.youtube.com\/user\/CANALABD"]},{"@type":"Person","@id":"https:\/\/abd.ong\/ca\/#\/schema\/person\/6bb74ed13fc8bdf3a5382c66db14c9ee","name":"Francesc Balart"}]}},"_links":{"self":[{"href":"https:\/\/abd.ong\/ca\/wp-json\/wp\/v2\/posts\/156150","targetHints":{"allow":["GET"]}}],"collection":[{"href":"https:\/\/abd.ong\/ca\/wp-json\/wp\/v2\/posts"}],"about":[{"href":"https:\/\/abd.ong\/ca\/wp-json\/wp\/v2\/types\/post"}],"author":[{"embeddable":true,"href":"https:\/\/abd.ong\/ca\/wp-json\/wp\/v2\/users\/12"}],"replies":[{"embeddable":true,"href":"https:\/\/abd.ong\/ca\/wp-json\/wp\/v2\/comments?post=156150"}],"version-history":[{"count":3,"href":"https:\/\/abd.ong\/ca\/wp-json\/wp\/v2\/posts\/156150\/revisions"}],"predecessor-version":[{"id":156164,"href":"https:\/\/abd.ong\/ca\/wp-json\/wp\/v2\/posts\/156150\/revisions\/156164"}],"wp:featuredmedia":[{"embeddable":true,"href":"https:\/\/abd.ong\/ca\/wp-json\/wp\/v2\/media\/156123"}],"wp:attachment":[{"href":"https:\/\/abd.ong\/ca\/wp-json\/wp\/v2\/media?parent=156150"}],"wp:term":[{"taxonomy":"category","embeddable":true,"href":"https:\/\/abd.ong\/ca\/wp-json\/wp\/v2\/categories?post=156150"},{"taxonomy":"post_tag","embeddable":true,"href":"https:\/\/abd.ong\/ca\/wp-json\/wp\/v2\/tags?post=156150"}],"curies":[{"name":"wp","href":"https:\/\/api.w.org\/{rel}","templated":true}]}}