{"id":155916,"date":"2023-11-20T10:06:28","date_gmt":"2023-11-20T09:06:28","guid":{"rendered":"https:\/\/abd.ong\/?p=155916"},"modified":"2023-11-20T10:07:31","modified_gmt":"2023-11-20T09:07:31","slug":"el-grup-abd-incorpora-la-politica-de-proteccio-i-bon-tracte-a-la-infancia-i-ladolescencia","status":"publish","type":"post","link":"https:\/\/abd.ong\/ca\/infancia-i-familia\/el-grup-abd-incorpora-la-politica-de-proteccio-i-bon-tracte-a-la-infancia-i-ladolescencia\/","title":{"rendered":"El Grup ABD incorpora la Pol\u00edtica de Protecci\u00f3 i Bon Tracte a la inf\u00e0ncia i l&#8217;adolesc\u00e8ncia"},"content":{"rendered":"\n<h4 class=\"wp-block-heading\">Estableix els fonaments per crear una organitzaci\u00f3 segura i protectora contra el maltractament i la viol\u00e8ncia envers nens, nenes i adolescents<\/h4>\n\n\n\n<div style=\"height:50px\" aria-hidden=\"true\" class=\"wp-block-spacer\"><\/div>\n\n\n\n<p>A ABD creiem que <strong>les nenes, nens i adolescents (NNA) tenen dret a ser protegits dels danys i que requereixen una atenci\u00f3 especial<\/strong>. Creiem en el dret de la inf\u00e0ncia i l\u2019adolesc\u00e8ncia a una vida lliure de viol\u00e8ncia i en la responsabilitat de tots\/es de crear les condicions necess\u00e0ries que en garanteixin la seguretat i el benestar en qualsevol circumst\u00e0ncia.<\/p>\n\n\n\n<p>Per aix\u00f2, en el <strong>Dia Internacional de la Inf\u00e0ncia que se celebra avui 20 de novembre<\/strong>, anunciem que hem elaborat una <a href=\"https:\/\/drive.google.com\/file\/d\/1FmtbjmCNsNrMHNyOIUJ9CP1QyoYEv0x3\/view?usp=sharing\">Pol\u00edtica de Protecci\u00f3 i Bon Tracte a la inf\u00e0ncia i l\u2019adolesc\u00e8ncia (PPBT)<\/a> que estableix els principals punts que tota persona involucrada amb ABD ha de seguir en aquesta mat\u00e8ria.\r\n\r\n&nbsp;<\/p>\n\n\n\n<div style=\"height:25px\" aria-hidden=\"true\" class=\"wp-block-spacer\"><\/div>\n\n\n\n<h4 class=\"wp-block-heading\">Qu\u00e8 contempla la Pol\u00edtica de Protecci\u00f3 i Bon Tracte a la inf\u00e0ncia i adolesc\u00e8ncia (PPBT) del Grup ABD?\r\n\r\n <\/h4>\n\n\n\n<div style=\"height:25px\" aria-hidden=\"true\" class=\"wp-block-spacer\"><\/div>\n\n\n\n<ul class=\"wp-block-list\">\n<li><strong>El comprom\u00eds del Grup ABD per assegurar el benestar i protegir contra el maltractament tot nen, nena i adolescent (NNA)<\/strong> amb qui tenim contacte. Expressem amb claredat qu\u00e8 es requereix per desenvolupar un ambient protector i bon tractant per a la inf\u00e0ncia i adolesc\u00e8ncia.<\/li>\n\n\n\n<li><strong>L&#8217;establiment dels fonaments per crear una organitzaci\u00f3 segura i protectora contra el maltractament i la viol\u00e8ncia cap a NNA<\/strong>. Proporcionem entorns segurs i protectors per a ells i elles, emfatitzant la prevenci\u00f3 del maltractament mitjan\u00e7ant el desenvolupament d\u2019una cultura de bon tracte. Comptem amb una estrat\u00e8gia de selecci\u00f3 i formaci\u00f3 del personal i amb robustos sistemes de gesti\u00f3.<\/li>\n\n\n\n<li><strong>La generaci\u00f3 de procediments interns, orientant sobre quins comportaments s\u00f3n considerats apropiats i inapropiats<\/strong>, explicitem com NNA i persones adultes poden denunciar i informar sobre actes de maltractament, i com l\u2019organitzaci\u00f3 procedir\u00e0 davant d\u2019aquest tipus de den\u00fancies o informacions.<\/li>\n<\/ul>\n\n\n\n<div style=\"height:25px\" aria-hidden=\"true\" class=\"wp-block-spacer\"><\/div>\n\n\n\n<h4 class=\"wp-block-heading\">Per qu\u00e8 \u00e9s important tenir un sistema de l\u2019entorn protector i de bon tracte?<\/h4>\n\n\n\n<div style=\"height:25px\" aria-hidden=\"true\" class=\"wp-block-spacer\"><\/div>\n\n\n\n<p>Tenir aquests mecanismes ens ajudaran a:<\/p>\n\n\n\n<ul class=\"wp-block-list\">\n<li>Desenvolupar una aposta clara pel bon tracte<\/li>\n\n\n\n<li>Protegir NNA<\/li>\n\n\n\n<li>Protegir les persones que treballen a l\u2019entitat<\/li>\n\n\n\n<li>Protegir la reputaci\u00f3 de l\u2019entitat<\/li>\n\n\n\n<li>Complir els requisits de la nova llei (LOPIVI)<\/li>\n\n\n\n<li>Tenir orientacions clares per saber qu\u00e8 cal fer i dir en cas d\u2019enfrontar situacions de maltractament o ab\u00fas infantil i adolescent<\/li>\n<\/ul>\n\n\n\n<p>La implementaci\u00f3 d\u2019una PPBT s\u2019aplica a tots els departaments, \u00e0rees i personal (contractat, voluntariat, pr\u00e0ctiques, prove\u00efdor\u2026)<\/p>\n\n\n\n<p>A ABD l\u2019atenci\u00f3 als NNA no s\u2019ofereix exclusivament des dels serveis que els\/les atenen directament (serveis principalment vinculats a l\u2019\u00e0rea d\u2019Inf\u00e0ncia i Fam\u00edlia) sin\u00f3 que tamb\u00e9 es desenvolupa des d\u2019altres \u00e0rees, departaments i estructura (projectes intergeneracionals en resid\u00e8ncies, projectes europeus, festes a ABD, etc.\u2026).<\/p>\n\n\n\n<p><strong>Amb la nostra pol\u00edtica ens volem assegurar que ABD prengui totes les mesures possibles per garantir la protecci\u00f3 dels NNA contra totes les formes d\u2019ab\u00fas<\/strong>.<\/p>\n\n\n\n<p><a href=\"https:\/\/drive.google.com\/file\/d\/1FmtbjmCNsNrMHNyOIUJ9CP1QyoYEv0x3\/view?usp=sharing\">AQU\u00cd<\/a> podeu consultar tots els detalls de la <a href=\"https:\/\/drive.google.com\/file\/d\/1FmtbjmCNsNrMHNyOIUJ9CP1QyoYEv0x3\/view?usp=sharing\">Pol\u00edtica de Protecci\u00f3 i Bon Tracte a la inf\u00e0ncia i adolesc\u00e8ncia (PPBT)<\/a>.<\/p>\n\n\n\n<p><\/p>\n\n\n\n<p><\/p>\n","protected":false},"excerpt":{"rendered":"<p>Estableix els fonaments per crear una organitzaci\u00f3 segura i protectora contra el maltractament i la viol\u00e8ncia envers nens, nenes i adolescents A ABD creiem que les nenes, nens i adolescents&hellip;<\/p>\n","protected":false},"author":2,"featured_media":155912,"comment_status":"closed","ping_status":"closed","sticky":false,"template":"","format":"standard","meta":{"_acf_changed":false,"footnotes":""},"categories":[1303,2],"tags":[119,137,3949,3948,2877,149,3947],"class_list":["post-155916","post","type-post","status-publish","format-standard","has-post-thumbnail","hentry","category-infancia-i-familia","category-sense-categoria","tag-abd","tag-asociacion-bienestar-y-desarrollo","tag-bon-tracte-a-ladolescencia","tag-bon-tracte-a-la-infancia","tag-grup-abd","tag-infancia","tag-proteccio-infancia"],"acf":[],"yoast_head":"<!-- This site is optimized with the Yoast SEO plugin v27.4 - https:\/\/yoast.com\/product\/yoast-seo-wordpress\/ -->\n<title>El Grup ABD incorpora la Pol\u00edtica de Protecci\u00f3 i Bon Tracte a la inf\u00e0ncia i l&#039;adolesc\u00e8ncia - ABD<\/title>\n<meta name=\"description\" content=\"Estableix els fonaments per crear una organitzaci\u00f3 segura i protectora contra el maltractament i la viol\u00e8ncia envers nens, nenes i adolescents A ABD\" \/>\n<meta name=\"robots\" content=\"index, follow, max-snippet:-1, max-image-preview:large, max-video-preview:-1\" \/>\n<link rel=\"canonical\" href=\"https:\/\/abd.ong\/ca\/infancia-i-familia\/el-grup-abd-incorpora-la-politica-de-proteccio-i-bon-tracte-a-la-infancia-i-ladolescencia\/\" \/>\n<meta property=\"og:locale\" content=\"ca_ES\" \/>\n<meta property=\"og:type\" content=\"article\" \/>\n<meta property=\"og:title\" content=\"El Grup ABD incorpora la Pol\u00edtica de Protecci\u00f3 i Bon Tracte a la inf\u00e0ncia i l&#039;adolesc\u00e8ncia - ABD\" \/>\n<meta property=\"og:description\" content=\"Estableix els fonaments per crear una organitzaci\u00f3 segura i protectora contra el maltractament i la viol\u00e8ncia envers nens, nenes i adolescents A ABD\" \/>\n<meta property=\"og:url\" content=\"https:\/\/abd.ong\/ca\/infancia-i-familia\/el-grup-abd-incorpora-la-politica-de-proteccio-i-bon-tracte-a-la-infancia-i-ladolescencia\/\" \/>\n<meta property=\"og:site_name\" content=\"ABD\" \/>\n<meta property=\"article:publisher\" content=\"https:\/\/www.facebook.com\/abd.ong\" \/>\n<meta property=\"article:published_time\" content=\"2023-11-20T09:06:28+00:00\" \/>\n<meta property=\"article:modified_time\" content=\"2023-11-20T09:07:31+00:00\" \/>\n<meta property=\"og:image\" content=\"https:\/\/abd.ong\/wp-content\/uploads\/2023\/11\/Preinfant-2s-20210928-79.jpg\" \/>\n\t<meta property=\"og:image:width\" content=\"2048\" \/>\n\t<meta property=\"og:image:height\" content=\"1365\" \/>\n\t<meta property=\"og:image:type\" content=\"image\/jpeg\" \/>\n<meta name=\"author\" content=\"Enric Guinart\" \/>\n<meta name=\"twitter:card\" content=\"summary_large_image\" \/>\n<meta name=\"twitter:creator\" content=\"@abd_ong\" \/>\n<meta name=\"twitter:site\" content=\"@abd_ong\" \/>\n<meta name=\"twitter:label1\" content=\"Escrit per\" \/>\n\t<meta name=\"twitter:data1\" content=\"Enric Guinart\" \/>\n\t<meta name=\"twitter:label2\" content=\"Temps estimat de lectura\" \/>\n\t<meta name=\"twitter:data2\" content=\"3 minuts\" \/>\n<script type=\"application\/ld+json\" class=\"yoast-schema-graph\">{\"@context\":\"https:\\\/\\\/schema.org\",\"@graph\":[{\"@type\":\"Article\",\"@id\":\"https:\\\/\\\/abd.ong\\\/ca\\\/infancia-i-familia\\\/el-grup-abd-incorpora-la-politica-de-proteccio-i-bon-tracte-a-la-infancia-i-ladolescencia\\\/#article\",\"isPartOf\":{\"@id\":\"https:\\\/\\\/abd.ong\\\/ca\\\/infancia-i-familia\\\/el-grup-abd-incorpora-la-politica-de-proteccio-i-bon-tracte-a-la-infancia-i-ladolescencia\\\/\"},\"author\":{\"name\":\"Enric Guinart\",\"@id\":\"https:\\\/\\\/abd.ong\\\/ca\\\/#\\\/schema\\\/person\\\/d0f5fe279a7ad908de6a6d1332bfd7d8\"},\"headline\":\"El Grup ABD incorpora la Pol\u00edtica de Protecci\u00f3 i Bon Tracte a la inf\u00e0ncia i l&#8217;adolesc\u00e8ncia\",\"datePublished\":\"2023-11-20T09:06:28+00:00\",\"dateModified\":\"2023-11-20T09:07:31+00:00\",\"mainEntityOfPage\":{\"@id\":\"https:\\\/\\\/abd.ong\\\/ca\\\/infancia-i-familia\\\/el-grup-abd-incorpora-la-politica-de-proteccio-i-bon-tracte-a-la-infancia-i-ladolescencia\\\/\"},\"wordCount\":538,\"publisher\":{\"@id\":\"https:\\\/\\\/abd.ong\\\/ca\\\/#organization\"},\"image\":{\"@id\":\"https:\\\/\\\/abd.ong\\\/ca\\\/infancia-i-familia\\\/el-grup-abd-incorpora-la-politica-de-proteccio-i-bon-tracte-a-la-infancia-i-ladolescencia\\\/#primaryimage\"},\"thumbnailUrl\":\"https:\\\/\\\/abd.ong\\\/wp-content\\\/uploads\\\/2023\\\/11\\\/Preinfant-2s-20210928-79.jpg\",\"keywords\":[\"ABD\",\"Asociaci\u00f3n Bienestar y Desarrollo\",\"bon tracte a l'adolesc\u00e8ncia\",\"bon tracte a la inf\u00e0ncia\",\"grup ABD\",\"inf\u00e0ncia\",\"protecci\u00f3 inf\u00e0ncia\"],\"articleSection\":[\"Inf\u00e0ncia i fam\u00edlia\"],\"inLanguage\":\"ca\"},{\"@type\":\"WebPage\",\"@id\":\"https:\\\/\\\/abd.ong\\\/ca\\\/infancia-i-familia\\\/el-grup-abd-incorpora-la-politica-de-proteccio-i-bon-tracte-a-la-infancia-i-ladolescencia\\\/\",\"url\":\"https:\\\/\\\/abd.ong\\\/ca\\\/infancia-i-familia\\\/el-grup-abd-incorpora-la-politica-de-proteccio-i-bon-tracte-a-la-infancia-i-ladolescencia\\\/\",\"name\":\"El Grup ABD incorpora la Pol\u00edtica de Protecci\u00f3 i Bon Tracte a la inf\u00e0ncia i l'adolesc\u00e8ncia - ABD\",\"isPartOf\":{\"@id\":\"https:\\\/\\\/abd.ong\\\/ca\\\/#website\"},\"primaryImageOfPage\":{\"@id\":\"https:\\\/\\\/abd.ong\\\/ca\\\/infancia-i-familia\\\/el-grup-abd-incorpora-la-politica-de-proteccio-i-bon-tracte-a-la-infancia-i-ladolescencia\\\/#primaryimage\"},\"image\":{\"@id\":\"https:\\\/\\\/abd.ong\\\/ca\\\/infancia-i-familia\\\/el-grup-abd-incorpora-la-politica-de-proteccio-i-bon-tracte-a-la-infancia-i-ladolescencia\\\/#primaryimage\"},\"thumbnailUrl\":\"https:\\\/\\\/abd.ong\\\/wp-content\\\/uploads\\\/2023\\\/11\\\/Preinfant-2s-20210928-79.jpg\",\"datePublished\":\"2023-11-20T09:06:28+00:00\",\"dateModified\":\"2023-11-20T09:07:31+00:00\",\"description\":\"Estableix els fonaments per crear una organitzaci\u00f3 segura i protectora contra el maltractament i la viol\u00e8ncia envers nens, nenes i adolescents A ABD\",\"breadcrumb\":{\"@id\":\"https:\\\/\\\/abd.ong\\\/ca\\\/infancia-i-familia\\\/el-grup-abd-incorpora-la-politica-de-proteccio-i-bon-tracte-a-la-infancia-i-ladolescencia\\\/#breadcrumb\"},\"inLanguage\":\"ca\",\"potentialAction\":[{\"@type\":\"ReadAction\",\"target\":[\"https:\\\/\\\/abd.ong\\\/ca\\\/infancia-i-familia\\\/el-grup-abd-incorpora-la-politica-de-proteccio-i-bon-tracte-a-la-infancia-i-ladolescencia\\\/\"]}]},{\"@type\":\"ImageObject\",\"inLanguage\":\"ca\",\"@id\":\"https:\\\/\\\/abd.ong\\\/ca\\\/infancia-i-familia\\\/el-grup-abd-incorpora-la-politica-de-proteccio-i-bon-tracte-a-la-infancia-i-ladolescencia\\\/#primaryimage\",\"url\":\"https:\\\/\\\/abd.ong\\\/wp-content\\\/uploads\\\/2023\\\/11\\\/Preinfant-2s-20210928-79.jpg\",\"contentUrl\":\"https:\\\/\\\/abd.ong\\\/wp-content\\\/uploads\\\/2023\\\/11\\\/Preinfant-2s-20210928-79.jpg\",\"width\":2048,\"height\":1365},{\"@type\":\"BreadcrumbList\",\"@id\":\"https:\\\/\\\/abd.ong\\\/ca\\\/infancia-i-familia\\\/el-grup-abd-incorpora-la-politica-de-proteccio-i-bon-tracte-a-la-infancia-i-ladolescencia\\\/#breadcrumb\",\"itemListElement\":[{\"@type\":\"ListItem\",\"position\":1,\"name\":\"Inici\",\"item\":\"https:\\\/\\\/abd.ong\\\/ca\\\/\"},{\"@type\":\"ListItem\",\"position\":2,\"name\":\"El Grup ABD incorpora la Pol\u00edtica de Protecci\u00f3 i Bon Tracte a la inf\u00e0ncia i l&#8217;adolesc\u00e8ncia\"}]},{\"@type\":\"WebSite\",\"@id\":\"https:\\\/\\\/abd.ong\\\/ca\\\/#website\",\"url\":\"https:\\\/\\\/abd.ong\\\/ca\\\/\",\"name\":\"ABD\",\"description\":\"Asociaci\u00f3n Bienestar y Desarrollo\",\"publisher\":{\"@id\":\"https:\\\/\\\/abd.ong\\\/ca\\\/#organization\"},\"potentialAction\":[{\"@type\":\"SearchAction\",\"target\":{\"@type\":\"EntryPoint\",\"urlTemplate\":\"https:\\\/\\\/abd.ong\\\/ca\\\/?s={search_term_string}\"},\"query-input\":{\"@type\":\"PropertyValueSpecification\",\"valueRequired\":true,\"valueName\":\"search_term_string\"}}],\"inLanguage\":\"ca\"},{\"@type\":\"Organization\",\"@id\":\"https:\\\/\\\/abd.ong\\\/ca\\\/#organization\",\"name\":\"Associaci\u00f3 Benestar i Desenvolupament\",\"alternateName\":\"ABD\",\"url\":\"https:\\\/\\\/abd.ong\\\/ca\\\/\",\"logo\":{\"@type\":\"ImageObject\",\"inLanguage\":\"ca\",\"@id\":\"https:\\\/\\\/abd.ong\\\/ca\\\/#\\\/schema\\\/logo\\\/image\\\/\",\"url\":\"https:\\\/\\\/abd.ong\\\/wp-content\\\/uploads\\\/2023\\\/01\\\/Icona.png\",\"contentUrl\":\"https:\\\/\\\/abd.ong\\\/wp-content\\\/uploads\\\/2023\\\/01\\\/Icona.png\",\"width\":190,\"height\":187,\"caption\":\"Associaci\u00f3 Benestar i Desenvolupament\"},\"image\":{\"@id\":\"https:\\\/\\\/abd.ong\\\/ca\\\/#\\\/schema\\\/logo\\\/image\\\/\"},\"sameAs\":[\"https:\\\/\\\/www.facebook.com\\\/abd.ong\",\"https:\\\/\\\/x.com\\\/abd_ong\",\"https:\\\/\\\/www.instagram.com\\\/abd_ong\\\/\",\"https:\\\/\\\/www.linkedin.com\\\/company\\\/abdong\",\"https:\\\/\\\/www.youtube.com\\\/user\\\/CANALABD\"]},{\"@type\":\"Person\",\"@id\":\"https:\\\/\\\/abd.ong\\\/ca\\\/#\\\/schema\\\/person\\\/d0f5fe279a7ad908de6a6d1332bfd7d8\",\"name\":\"Enric Guinart\"}]}<\/script>\n<!-- \/ Yoast SEO plugin. -->","yoast_head_json":{"title":"El Grup ABD incorpora la Pol\u00edtica de Protecci\u00f3 i Bon Tracte a la inf\u00e0ncia i l'adolesc\u00e8ncia - ABD","description":"Estableix els fonaments per crear una organitzaci\u00f3 segura i protectora contra el maltractament i la viol\u00e8ncia envers nens, nenes i adolescents A ABD","robots":{"index":"index","follow":"follow","max-snippet":"max-snippet:-1","max-image-preview":"max-image-preview:large","max-video-preview":"max-video-preview:-1"},"canonical":"https:\/\/abd.ong\/ca\/infancia-i-familia\/el-grup-abd-incorpora-la-politica-de-proteccio-i-bon-tracte-a-la-infancia-i-ladolescencia\/","og_locale":"ca_ES","og_type":"article","og_title":"El Grup ABD incorpora la Pol\u00edtica de Protecci\u00f3 i Bon Tracte a la inf\u00e0ncia i l'adolesc\u00e8ncia - ABD","og_description":"Estableix els fonaments per crear una organitzaci\u00f3 segura i protectora contra el maltractament i la viol\u00e8ncia envers nens, nenes i adolescents A ABD","og_url":"https:\/\/abd.ong\/ca\/infancia-i-familia\/el-grup-abd-incorpora-la-politica-de-proteccio-i-bon-tracte-a-la-infancia-i-ladolescencia\/","og_site_name":"ABD","article_publisher":"https:\/\/www.facebook.com\/abd.ong","article_published_time":"2023-11-20T09:06:28+00:00","article_modified_time":"2023-11-20T09:07:31+00:00","og_image":[{"width":2048,"height":1365,"url":"https:\/\/abd.ong\/wp-content\/uploads\/2023\/11\/Preinfant-2s-20210928-79.jpg","type":"image\/jpeg"}],"author":"Enric Guinart","twitter_card":"summary_large_image","twitter_creator":"@abd_ong","twitter_site":"@abd_ong","twitter_misc":{"Escrit per":"Enric Guinart","Temps estimat de lectura":"3 minuts"},"schema":{"@context":"https:\/\/schema.org","@graph":[{"@type":"Article","@id":"https:\/\/abd.ong\/ca\/infancia-i-familia\/el-grup-abd-incorpora-la-politica-de-proteccio-i-bon-tracte-a-la-infancia-i-ladolescencia\/#article","isPartOf":{"@id":"https:\/\/abd.ong\/ca\/infancia-i-familia\/el-grup-abd-incorpora-la-politica-de-proteccio-i-bon-tracte-a-la-infancia-i-ladolescencia\/"},"author":{"name":"Enric Guinart","@id":"https:\/\/abd.ong\/ca\/#\/schema\/person\/d0f5fe279a7ad908de6a6d1332bfd7d8"},"headline":"El Grup ABD incorpora la Pol\u00edtica de Protecci\u00f3 i Bon Tracte a la inf\u00e0ncia i l&#8217;adolesc\u00e8ncia","datePublished":"2023-11-20T09:06:28+00:00","dateModified":"2023-11-20T09:07:31+00:00","mainEntityOfPage":{"@id":"https:\/\/abd.ong\/ca\/infancia-i-familia\/el-grup-abd-incorpora-la-politica-de-proteccio-i-bon-tracte-a-la-infancia-i-ladolescencia\/"},"wordCount":538,"publisher":{"@id":"https:\/\/abd.ong\/ca\/#organization"},"image":{"@id":"https:\/\/abd.ong\/ca\/infancia-i-familia\/el-grup-abd-incorpora-la-politica-de-proteccio-i-bon-tracte-a-la-infancia-i-ladolescencia\/#primaryimage"},"thumbnailUrl":"https:\/\/abd.ong\/wp-content\/uploads\/2023\/11\/Preinfant-2s-20210928-79.jpg","keywords":["ABD","Asociaci\u00f3n Bienestar y Desarrollo","bon tracte a l'adolesc\u00e8ncia","bon tracte a la inf\u00e0ncia","grup ABD","inf\u00e0ncia","protecci\u00f3 inf\u00e0ncia"],"articleSection":["Inf\u00e0ncia i fam\u00edlia"],"inLanguage":"ca"},{"@type":"WebPage","@id":"https:\/\/abd.ong\/ca\/infancia-i-familia\/el-grup-abd-incorpora-la-politica-de-proteccio-i-bon-tracte-a-la-infancia-i-ladolescencia\/","url":"https:\/\/abd.ong\/ca\/infancia-i-familia\/el-grup-abd-incorpora-la-politica-de-proteccio-i-bon-tracte-a-la-infancia-i-ladolescencia\/","name":"El Grup ABD incorpora la Pol\u00edtica de Protecci\u00f3 i Bon Tracte a la inf\u00e0ncia i l'adolesc\u00e8ncia - ABD","isPartOf":{"@id":"https:\/\/abd.ong\/ca\/#website"},"primaryImageOfPage":{"@id":"https:\/\/abd.ong\/ca\/infancia-i-familia\/el-grup-abd-incorpora-la-politica-de-proteccio-i-bon-tracte-a-la-infancia-i-ladolescencia\/#primaryimage"},"image":{"@id":"https:\/\/abd.ong\/ca\/infancia-i-familia\/el-grup-abd-incorpora-la-politica-de-proteccio-i-bon-tracte-a-la-infancia-i-ladolescencia\/#primaryimage"},"thumbnailUrl":"https:\/\/abd.ong\/wp-content\/uploads\/2023\/11\/Preinfant-2s-20210928-79.jpg","datePublished":"2023-11-20T09:06:28+00:00","dateModified":"2023-11-20T09:07:31+00:00","description":"Estableix els fonaments per crear una organitzaci\u00f3 segura i protectora contra el maltractament i la viol\u00e8ncia envers nens, nenes i adolescents A ABD","breadcrumb":{"@id":"https:\/\/abd.ong\/ca\/infancia-i-familia\/el-grup-abd-incorpora-la-politica-de-proteccio-i-bon-tracte-a-la-infancia-i-ladolescencia\/#breadcrumb"},"inLanguage":"ca","potentialAction":[{"@type":"ReadAction","target":["https:\/\/abd.ong\/ca\/infancia-i-familia\/el-grup-abd-incorpora-la-politica-de-proteccio-i-bon-tracte-a-la-infancia-i-ladolescencia\/"]}]},{"@type":"ImageObject","inLanguage":"ca","@id":"https:\/\/abd.ong\/ca\/infancia-i-familia\/el-grup-abd-incorpora-la-politica-de-proteccio-i-bon-tracte-a-la-infancia-i-ladolescencia\/#primaryimage","url":"https:\/\/abd.ong\/wp-content\/uploads\/2023\/11\/Preinfant-2s-20210928-79.jpg","contentUrl":"https:\/\/abd.ong\/wp-content\/uploads\/2023\/11\/Preinfant-2s-20210928-79.jpg","width":2048,"height":1365},{"@type":"BreadcrumbList","@id":"https:\/\/abd.ong\/ca\/infancia-i-familia\/el-grup-abd-incorpora-la-politica-de-proteccio-i-bon-tracte-a-la-infancia-i-ladolescencia\/#breadcrumb","itemListElement":[{"@type":"ListItem","position":1,"name":"Inici","item":"https:\/\/abd.ong\/ca\/"},{"@type":"ListItem","position":2,"name":"El Grup ABD incorpora la Pol\u00edtica de Protecci\u00f3 i Bon Tracte a la inf\u00e0ncia i l&#8217;adolesc\u00e8ncia"}]},{"@type":"WebSite","@id":"https:\/\/abd.ong\/ca\/#website","url":"https:\/\/abd.ong\/ca\/","name":"ABD","description":"Asociaci\u00f3n Bienestar y Desarrollo","publisher":{"@id":"https:\/\/abd.ong\/ca\/#organization"},"potentialAction":[{"@type":"SearchAction","target":{"@type":"EntryPoint","urlTemplate":"https:\/\/abd.ong\/ca\/?s={search_term_string}"},"query-input":{"@type":"PropertyValueSpecification","valueRequired":true,"valueName":"search_term_string"}}],"inLanguage":"ca"},{"@type":"Organization","@id":"https:\/\/abd.ong\/ca\/#organization","name":"Associaci\u00f3 Benestar i Desenvolupament","alternateName":"ABD","url":"https:\/\/abd.ong\/ca\/","logo":{"@type":"ImageObject","inLanguage":"ca","@id":"https:\/\/abd.ong\/ca\/#\/schema\/logo\/image\/","url":"https:\/\/abd.ong\/wp-content\/uploads\/2023\/01\/Icona.png","contentUrl":"https:\/\/abd.ong\/wp-content\/uploads\/2023\/01\/Icona.png","width":190,"height":187,"caption":"Associaci\u00f3 Benestar i Desenvolupament"},"image":{"@id":"https:\/\/abd.ong\/ca\/#\/schema\/logo\/image\/"},"sameAs":["https:\/\/www.facebook.com\/abd.ong","https:\/\/x.com\/abd_ong","https:\/\/www.instagram.com\/abd_ong\/","https:\/\/www.linkedin.com\/company\/abdong","https:\/\/www.youtube.com\/user\/CANALABD"]},{"@type":"Person","@id":"https:\/\/abd.ong\/ca\/#\/schema\/person\/d0f5fe279a7ad908de6a6d1332bfd7d8","name":"Enric Guinart"}]}},"_links":{"self":[{"href":"https:\/\/abd.ong\/ca\/wp-json\/wp\/v2\/posts\/155916","targetHints":{"allow":["GET"]}}],"collection":[{"href":"https:\/\/abd.ong\/ca\/wp-json\/wp\/v2\/posts"}],"about":[{"href":"https:\/\/abd.ong\/ca\/wp-json\/wp\/v2\/types\/post"}],"author":[{"embeddable":true,"href":"https:\/\/abd.ong\/ca\/wp-json\/wp\/v2\/users\/2"}],"replies":[{"embeddable":true,"href":"https:\/\/abd.ong\/ca\/wp-json\/wp\/v2\/comments?post=155916"}],"version-history":[{"count":2,"href":"https:\/\/abd.ong\/ca\/wp-json\/wp\/v2\/posts\/155916\/revisions"}],"predecessor-version":[{"id":155918,"href":"https:\/\/abd.ong\/ca\/wp-json\/wp\/v2\/posts\/155916\/revisions\/155918"}],"wp:featuredmedia":[{"embeddable":true,"href":"https:\/\/abd.ong\/ca\/wp-json\/wp\/v2\/media\/155912"}],"wp:attachment":[{"href":"https:\/\/abd.ong\/ca\/wp-json\/wp\/v2\/media?parent=155916"}],"wp:term":[{"taxonomy":"category","embeddable":true,"href":"https:\/\/abd.ong\/ca\/wp-json\/wp\/v2\/categories?post=155916"},{"taxonomy":"post_tag","embeddable":true,"href":"https:\/\/abd.ong\/ca\/wp-json\/wp\/v2\/tags?post=155916"}],"curies":[{"name":"wp","href":"https:\/\/api.w.org\/{rel}","templated":true}]}}