{"id":15571,"date":"2020-06-08T12:02:03","date_gmt":"2020-06-08T10:02:03","guid":{"rendered":"https:\/\/abd.ong\/?p=15571"},"modified":"2020-06-08T12:03:07","modified_gmt":"2020-06-08T10:03:07","slug":"melmelades-per-reaprofitar-la-fruita-i-com-a-terapia-en-confinament","status":"publish","type":"post","link":"https:\/\/abd.ong\/ca\/drogues-i-salut\/melmelades-per-reaprofitar-la-fruita-i-com-a-terapia-en-confinament\/","title":{"rendered":"Melmelades per reaprofitar la fruita i com a ter\u00e0pia en confinament al pis d&#8217;inclusi\u00f3 social CAMS"},"content":{"rendered":"\n<p>El pis de suport <a href=\"https:\/\/abd.ong\/programas\/cams\/\" target=\"_blank\" rel=\"noreferrer noopener\">CAMS<\/a> per a persones que viuen amb VIH ha estrenat durant el confinament una nova activitat amb molt de potencial. Es tracta d\u2019una iniciativa d\u2019<strong>aprofitament de la fruita<\/strong> que han rebut del <a href=\"https:\/\/www.bancdelsaliments.org\/ca\/home\/\" target=\"_blank\" rel=\"noreferrer noopener\">Banc dels Aliments<\/a> per a fer-ne <strong>melmelada i conserves<\/strong> abans que es fes malb\u00e9 i poder reaprofitar aquests productes i alhora establir un <strong>proc\u00e9s terap\u00e8utic <\/strong>per a les persones que viuen al pis.<\/p>\n\n\n\n<p>Arrel d\u2019una donaci\u00f3 important de fruita del <strong><a href=\"https:\/\/www.bancdelsaliments.org\/\">Banc dels Aliments<\/a><\/strong>, els treballadors i usuaris del pis d\u2019inclusi\u00f3 van comen\u00e7ar aquest proc\u00e9s de reaprofitament que han anat professionalitzant cada cop m\u00e9s.<\/p>\n\n\n\n<p>En una setmana han fet uns <strong>14 pots grans de melmelada de pr\u00e9ssec i albercoc<\/strong>,<strong> i conserves de tom\u00e0quet<\/strong> amb fruita a punt de fer-se malb\u00e9. Amb els coneixements d\u2019una de les persones del pis i dos usuaris que disposen del carnet de manipulaci\u00f3 d\u2019aliments han anat millorant el proc\u00e9s per a fer conserves i es plantegen buscar-hi una sortida comercial a petita escala per a poder cobrir petites despeses personals.&nbsp;<\/p>\n\n\n\n<p>Aix\u00ed, valoren comptar amb comer\u00e7os pr\u00f2xims al pis i altres col\u00b7laboracions per seguir elaborant aquestes melmelades i conserves amb noves donacions de fruita i continuar amb aquesta activitat de reaprofitament i empoderament personal.<\/p>\n\n\n\n<figure class=\"wp-block-image size-large\"><img fetchpriority=\"high\" decoding=\"async\" width=\"1024\" height=\"768\" src=\"\/wp-content\/uploads\/2020\/06\/WhatsApp-Image-2020-05-29-at-13.02.37-1024x768.jpeg\" alt=\"melmelada pr\u00e9ssec ABD\n\" class=\"wp-image-15596\" srcset=\"https:\/\/abd.ong\/wp-content\/uploads\/2020\/06\/WhatsApp-Image-2020-05-29-at-13.02.37-1024x768.jpeg 1024w, https:\/\/abd.ong\/wp-content\/uploads\/2020\/06\/WhatsApp-Image-2020-05-29-at-13.02.37-300x225.jpeg 300w, https:\/\/abd.ong\/wp-content\/uploads\/2020\/06\/WhatsApp-Image-2020-05-29-at-13.02.37-768x576.jpeg 768w, https:\/\/abd.ong\/wp-content\/uploads\/2020\/06\/WhatsApp-Image-2020-05-29-at-13.02.37-1536x1153.jpeg 1536w, https:\/\/abd.ong\/wp-content\/uploads\/2020\/06\/WhatsApp-Image-2020-05-29-at-13.02.37.jpeg 1599w\" sizes=\"(max-width: 1024px) 100vw, 1024px\" \/><\/figure>\n","protected":false},"excerpt":{"rendered":"<p>El pis de suport CAMS per a persones que viuen amb VIH ha estrenat durant el confinament una nova activitat amb molt de potencial. Es tracta d\u2019una iniciativa d\u2019aprofitament de&hellip;<\/p>\n","protected":false},"author":2,"featured_media":15574,"comment_status":"closed","ping_status":"closed","sticky":false,"template":"","format":"standard","meta":{"_acf_changed":false,"footnotes":""},"categories":[1294],"tags":[119,1935,1933,1876,1844,1934,1932,397],"class_list":["post-15571","post","type-post","status-publish","format-standard","has-post-thumbnail","hentry","category-drogas-y-salud","tag-abd","tag-cams-2","tag-confinament","tag-coronavirus","tag-covid-19","tag-melmelada","tag-reaprofitament","tag-vih"],"acf":[],"yoast_head":"<!-- This site is optimized with the Yoast SEO plugin v27.4 - https:\/\/yoast.com\/product\/yoast-seo-wordpress\/ -->\n<title>Melmelades per reaprofitar la fruita i com a ter\u00e0pia en confinament al pis d&#039;inclusi\u00f3 social CAMS - ABD<\/title>\n<meta name=\"description\" content=\"El pis de suport CAMS per a persones que viuen amb VIH ha estrenat durant el confinament una nova activitat amb molt de potencial. Es tracta d\u2019una\" \/>\n<meta name=\"robots\" content=\"index, follow, max-snippet:-1, max-image-preview:large, max-video-preview:-1\" \/>\n<link rel=\"canonical\" href=\"https:\/\/abd.ong\/ca\/drogues-i-salut\/melmelades-per-reaprofitar-la-fruita-i-com-a-terapia-en-confinament\/\" \/>\n<meta property=\"og:locale\" content=\"ca_ES\" \/>\n<meta property=\"og:type\" content=\"article\" \/>\n<meta property=\"og:title\" content=\"Melmelades per reaprofitar la fruita i com a ter\u00e0pia en confinament al pis d&#039;inclusi\u00f3 social CAMS - ABD\" \/>\n<meta property=\"og:description\" content=\"El pis de suport CAMS per a persones que viuen amb VIH ha estrenat durant el confinament una nova activitat amb molt de potencial. Es tracta d\u2019una\" \/>\n<meta property=\"og:url\" content=\"https:\/\/abd.ong\/ca\/drogues-i-salut\/melmelades-per-reaprofitar-la-fruita-i-com-a-terapia-en-confinament\/\" \/>\n<meta property=\"og:site_name\" content=\"ABD\" \/>\n<meta property=\"article:publisher\" content=\"https:\/\/www.facebook.com\/abd.ong\" \/>\n<meta property=\"article:published_time\" content=\"2020-06-08T10:02:03+00:00\" \/>\n<meta property=\"article:modified_time\" content=\"2020-06-08T10:03:07+00:00\" \/>\n<meta property=\"og:image\" content=\"https:\/\/abd.ong\/wp-content\/uploads\/2020\/06\/melmelades-e1591359580548.jpeg\" \/>\n\t<meta property=\"og:image:width\" content=\"1613\" \/>\n\t<meta property=\"og:image:height\" content=\"943\" \/>\n\t<meta property=\"og:image:type\" content=\"image\/jpeg\" \/>\n<meta name=\"author\" content=\"Enric Guinart\" \/>\n<meta name=\"twitter:card\" content=\"summary_large_image\" \/>\n<meta name=\"twitter:creator\" content=\"@abd_ong\" \/>\n<meta name=\"twitter:site\" content=\"@abd_ong\" \/>\n<meta name=\"twitter:label1\" content=\"Escrit per\" \/>\n\t<meta name=\"twitter:data1\" content=\"Enric Guinart\" \/>\n\t<meta name=\"twitter:label2\" content=\"Temps estimat de lectura\" \/>\n\t<meta name=\"twitter:data2\" content=\"1 minut\" \/>\n<script type=\"application\/ld+json\" class=\"yoast-schema-graph\">{\"@context\":\"https:\\\/\\\/schema.org\",\"@graph\":[{\"@type\":\"Article\",\"@id\":\"https:\\\/\\\/abd.ong\\\/ca\\\/drogues-i-salut\\\/melmelades-per-reaprofitar-la-fruita-i-com-a-terapia-en-confinament\\\/#article\",\"isPartOf\":{\"@id\":\"https:\\\/\\\/abd.ong\\\/ca\\\/drogues-i-salut\\\/melmelades-per-reaprofitar-la-fruita-i-com-a-terapia-en-confinament\\\/\"},\"author\":{\"name\":\"Enric Guinart\",\"@id\":\"https:\\\/\\\/abd.ong\\\/ca\\\/#\\\/schema\\\/person\\\/d0f5fe279a7ad908de6a6d1332bfd7d8\"},\"headline\":\"Melmelades per reaprofitar la fruita i com a ter\u00e0pia en confinament al pis d&#8217;inclusi\u00f3 social CAMS\",\"datePublished\":\"2020-06-08T10:02:03+00:00\",\"dateModified\":\"2020-06-08T10:03:07+00:00\",\"mainEntityOfPage\":{\"@id\":\"https:\\\/\\\/abd.ong\\\/ca\\\/drogues-i-salut\\\/melmelades-per-reaprofitar-la-fruita-i-com-a-terapia-en-confinament\\\/\"},\"wordCount\":238,\"publisher\":{\"@id\":\"https:\\\/\\\/abd.ong\\\/ca\\\/#organization\"},\"image\":{\"@id\":\"https:\\\/\\\/abd.ong\\\/ca\\\/drogues-i-salut\\\/melmelades-per-reaprofitar-la-fruita-i-com-a-terapia-en-confinament\\\/#primaryimage\"},\"thumbnailUrl\":\"https:\\\/\\\/abd.ong\\\/wp-content\\\/uploads\\\/2020\\\/06\\\/melmelades-e1591359580548.jpeg\",\"keywords\":[\"ABD\",\"CAMS\",\"confinament\",\"coronavirus\",\"Covid 19\",\"melmelada\",\"reaprofitament\",\"VIH\"],\"articleSection\":[\"Drogas y salud\"],\"inLanguage\":\"ca\"},{\"@type\":\"WebPage\",\"@id\":\"https:\\\/\\\/abd.ong\\\/ca\\\/drogues-i-salut\\\/melmelades-per-reaprofitar-la-fruita-i-com-a-terapia-en-confinament\\\/\",\"url\":\"https:\\\/\\\/abd.ong\\\/ca\\\/drogues-i-salut\\\/melmelades-per-reaprofitar-la-fruita-i-com-a-terapia-en-confinament\\\/\",\"name\":\"Melmelades per reaprofitar la fruita i com a ter\u00e0pia en confinament al pis d'inclusi\u00f3 social CAMS - ABD\",\"isPartOf\":{\"@id\":\"https:\\\/\\\/abd.ong\\\/ca\\\/#website\"},\"primaryImageOfPage\":{\"@id\":\"https:\\\/\\\/abd.ong\\\/ca\\\/drogues-i-salut\\\/melmelades-per-reaprofitar-la-fruita-i-com-a-terapia-en-confinament\\\/#primaryimage\"},\"image\":{\"@id\":\"https:\\\/\\\/abd.ong\\\/ca\\\/drogues-i-salut\\\/melmelades-per-reaprofitar-la-fruita-i-com-a-terapia-en-confinament\\\/#primaryimage\"},\"thumbnailUrl\":\"https:\\\/\\\/abd.ong\\\/wp-content\\\/uploads\\\/2020\\\/06\\\/melmelades-e1591359580548.jpeg\",\"datePublished\":\"2020-06-08T10:02:03+00:00\",\"dateModified\":\"2020-06-08T10:03:07+00:00\",\"description\":\"El pis de suport CAMS per a persones que viuen amb VIH ha estrenat durant el confinament una nova activitat amb molt de potencial. Es tracta d\u2019una\",\"breadcrumb\":{\"@id\":\"https:\\\/\\\/abd.ong\\\/ca\\\/drogues-i-salut\\\/melmelades-per-reaprofitar-la-fruita-i-com-a-terapia-en-confinament\\\/#breadcrumb\"},\"inLanguage\":\"ca\",\"potentialAction\":[{\"@type\":\"ReadAction\",\"target\":[\"https:\\\/\\\/abd.ong\\\/ca\\\/drogues-i-salut\\\/melmelades-per-reaprofitar-la-fruita-i-com-a-terapia-en-confinament\\\/\"]}]},{\"@type\":\"ImageObject\",\"inLanguage\":\"ca\",\"@id\":\"https:\\\/\\\/abd.ong\\\/ca\\\/drogues-i-salut\\\/melmelades-per-reaprofitar-la-fruita-i-com-a-terapia-en-confinament\\\/#primaryimage\",\"url\":\"https:\\\/\\\/abd.ong\\\/wp-content\\\/uploads\\\/2020\\\/06\\\/melmelades-e1591359580548.jpeg\",\"contentUrl\":\"https:\\\/\\\/abd.ong\\\/wp-content\\\/uploads\\\/2020\\\/06\\\/melmelades-e1591359580548.jpeg\",\"width\":1613,\"height\":943},{\"@type\":\"BreadcrumbList\",\"@id\":\"https:\\\/\\\/abd.ong\\\/ca\\\/drogues-i-salut\\\/melmelades-per-reaprofitar-la-fruita-i-com-a-terapia-en-confinament\\\/#breadcrumb\",\"itemListElement\":[{\"@type\":\"ListItem\",\"position\":1,\"name\":\"Inici\",\"item\":\"https:\\\/\\\/abd.ong\\\/ca\\\/\"},{\"@type\":\"ListItem\",\"position\":2,\"name\":\"Melmelades per reaprofitar la fruita i com a ter\u00e0pia en confinament al pis d&#8217;inclusi\u00f3 social CAMS\"}]},{\"@type\":\"WebSite\",\"@id\":\"https:\\\/\\\/abd.ong\\\/ca\\\/#website\",\"url\":\"https:\\\/\\\/abd.ong\\\/ca\\\/\",\"name\":\"ABD\",\"description\":\"Asociaci\u00f3n Bienestar y Desarrollo\",\"publisher\":{\"@id\":\"https:\\\/\\\/abd.ong\\\/ca\\\/#organization\"},\"potentialAction\":[{\"@type\":\"SearchAction\",\"target\":{\"@type\":\"EntryPoint\",\"urlTemplate\":\"https:\\\/\\\/abd.ong\\\/ca\\\/?s={search_term_string}\"},\"query-input\":{\"@type\":\"PropertyValueSpecification\",\"valueRequired\":true,\"valueName\":\"search_term_string\"}}],\"inLanguage\":\"ca\"},{\"@type\":\"Organization\",\"@id\":\"https:\\\/\\\/abd.ong\\\/ca\\\/#organization\",\"name\":\"Associaci\u00f3 Benestar i Desenvolupament\",\"alternateName\":\"ABD\",\"url\":\"https:\\\/\\\/abd.ong\\\/ca\\\/\",\"logo\":{\"@type\":\"ImageObject\",\"inLanguage\":\"ca\",\"@id\":\"https:\\\/\\\/abd.ong\\\/ca\\\/#\\\/schema\\\/logo\\\/image\\\/\",\"url\":\"https:\\\/\\\/abd.ong\\\/wp-content\\\/uploads\\\/2023\\\/01\\\/Icona.png\",\"contentUrl\":\"https:\\\/\\\/abd.ong\\\/wp-content\\\/uploads\\\/2023\\\/01\\\/Icona.png\",\"width\":190,\"height\":187,\"caption\":\"Associaci\u00f3 Benestar i Desenvolupament\"},\"image\":{\"@id\":\"https:\\\/\\\/abd.ong\\\/ca\\\/#\\\/schema\\\/logo\\\/image\\\/\"},\"sameAs\":[\"https:\\\/\\\/www.facebook.com\\\/abd.ong\",\"https:\\\/\\\/x.com\\\/abd_ong\",\"https:\\\/\\\/www.instagram.com\\\/abd_ong\\\/\",\"https:\\\/\\\/www.linkedin.com\\\/company\\\/abdong\",\"https:\\\/\\\/www.youtube.com\\\/user\\\/CANALABD\"]},{\"@type\":\"Person\",\"@id\":\"https:\\\/\\\/abd.ong\\\/ca\\\/#\\\/schema\\\/person\\\/d0f5fe279a7ad908de6a6d1332bfd7d8\",\"name\":\"Enric Guinart\"}]}<\/script>\n<!-- \/ Yoast SEO plugin. -->","yoast_head_json":{"title":"Melmelades per reaprofitar la fruita i com a ter\u00e0pia en confinament al pis d'inclusi\u00f3 social CAMS - ABD","description":"El pis de suport CAMS per a persones que viuen amb VIH ha estrenat durant el confinament una nova activitat amb molt de potencial. Es tracta d\u2019una","robots":{"index":"index","follow":"follow","max-snippet":"max-snippet:-1","max-image-preview":"max-image-preview:large","max-video-preview":"max-video-preview:-1"},"canonical":"https:\/\/abd.ong\/ca\/drogues-i-salut\/melmelades-per-reaprofitar-la-fruita-i-com-a-terapia-en-confinament\/","og_locale":"ca_ES","og_type":"article","og_title":"Melmelades per reaprofitar la fruita i com a ter\u00e0pia en confinament al pis d'inclusi\u00f3 social CAMS - ABD","og_description":"El pis de suport CAMS per a persones que viuen amb VIH ha estrenat durant el confinament una nova activitat amb molt de potencial. Es tracta d\u2019una","og_url":"https:\/\/abd.ong\/ca\/drogues-i-salut\/melmelades-per-reaprofitar-la-fruita-i-com-a-terapia-en-confinament\/","og_site_name":"ABD","article_publisher":"https:\/\/www.facebook.com\/abd.ong","article_published_time":"2020-06-08T10:02:03+00:00","article_modified_time":"2020-06-08T10:03:07+00:00","og_image":[{"width":1613,"height":943,"url":"https:\/\/abd.ong\/wp-content\/uploads\/2020\/06\/melmelades-e1591359580548.jpeg","type":"image\/jpeg"}],"author":"Enric Guinart","twitter_card":"summary_large_image","twitter_creator":"@abd_ong","twitter_site":"@abd_ong","twitter_misc":{"Escrit per":"Enric Guinart","Temps estimat de lectura":"1 minut"},"schema":{"@context":"https:\/\/schema.org","@graph":[{"@type":"Article","@id":"https:\/\/abd.ong\/ca\/drogues-i-salut\/melmelades-per-reaprofitar-la-fruita-i-com-a-terapia-en-confinament\/#article","isPartOf":{"@id":"https:\/\/abd.ong\/ca\/drogues-i-salut\/melmelades-per-reaprofitar-la-fruita-i-com-a-terapia-en-confinament\/"},"author":{"name":"Enric Guinart","@id":"https:\/\/abd.ong\/ca\/#\/schema\/person\/d0f5fe279a7ad908de6a6d1332bfd7d8"},"headline":"Melmelades per reaprofitar la fruita i com a ter\u00e0pia en confinament al pis d&#8217;inclusi\u00f3 social CAMS","datePublished":"2020-06-08T10:02:03+00:00","dateModified":"2020-06-08T10:03:07+00:00","mainEntityOfPage":{"@id":"https:\/\/abd.ong\/ca\/drogues-i-salut\/melmelades-per-reaprofitar-la-fruita-i-com-a-terapia-en-confinament\/"},"wordCount":238,"publisher":{"@id":"https:\/\/abd.ong\/ca\/#organization"},"image":{"@id":"https:\/\/abd.ong\/ca\/drogues-i-salut\/melmelades-per-reaprofitar-la-fruita-i-com-a-terapia-en-confinament\/#primaryimage"},"thumbnailUrl":"https:\/\/abd.ong\/wp-content\/uploads\/2020\/06\/melmelades-e1591359580548.jpeg","keywords":["ABD","CAMS","confinament","coronavirus","Covid 19","melmelada","reaprofitament","VIH"],"articleSection":["Drogas y salud"],"inLanguage":"ca"},{"@type":"WebPage","@id":"https:\/\/abd.ong\/ca\/drogues-i-salut\/melmelades-per-reaprofitar-la-fruita-i-com-a-terapia-en-confinament\/","url":"https:\/\/abd.ong\/ca\/drogues-i-salut\/melmelades-per-reaprofitar-la-fruita-i-com-a-terapia-en-confinament\/","name":"Melmelades per reaprofitar la fruita i com a ter\u00e0pia en confinament al pis d'inclusi\u00f3 social CAMS - ABD","isPartOf":{"@id":"https:\/\/abd.ong\/ca\/#website"},"primaryImageOfPage":{"@id":"https:\/\/abd.ong\/ca\/drogues-i-salut\/melmelades-per-reaprofitar-la-fruita-i-com-a-terapia-en-confinament\/#primaryimage"},"image":{"@id":"https:\/\/abd.ong\/ca\/drogues-i-salut\/melmelades-per-reaprofitar-la-fruita-i-com-a-terapia-en-confinament\/#primaryimage"},"thumbnailUrl":"https:\/\/abd.ong\/wp-content\/uploads\/2020\/06\/melmelades-e1591359580548.jpeg","datePublished":"2020-06-08T10:02:03+00:00","dateModified":"2020-06-08T10:03:07+00:00","description":"El pis de suport CAMS per a persones que viuen amb VIH ha estrenat durant el confinament una nova activitat amb molt de potencial. Es tracta d\u2019una","breadcrumb":{"@id":"https:\/\/abd.ong\/ca\/drogues-i-salut\/melmelades-per-reaprofitar-la-fruita-i-com-a-terapia-en-confinament\/#breadcrumb"},"inLanguage":"ca","potentialAction":[{"@type":"ReadAction","target":["https:\/\/abd.ong\/ca\/drogues-i-salut\/melmelades-per-reaprofitar-la-fruita-i-com-a-terapia-en-confinament\/"]}]},{"@type":"ImageObject","inLanguage":"ca","@id":"https:\/\/abd.ong\/ca\/drogues-i-salut\/melmelades-per-reaprofitar-la-fruita-i-com-a-terapia-en-confinament\/#primaryimage","url":"https:\/\/abd.ong\/wp-content\/uploads\/2020\/06\/melmelades-e1591359580548.jpeg","contentUrl":"https:\/\/abd.ong\/wp-content\/uploads\/2020\/06\/melmelades-e1591359580548.jpeg","width":1613,"height":943},{"@type":"BreadcrumbList","@id":"https:\/\/abd.ong\/ca\/drogues-i-salut\/melmelades-per-reaprofitar-la-fruita-i-com-a-terapia-en-confinament\/#breadcrumb","itemListElement":[{"@type":"ListItem","position":1,"name":"Inici","item":"https:\/\/abd.ong\/ca\/"},{"@type":"ListItem","position":2,"name":"Melmelades per reaprofitar la fruita i com a ter\u00e0pia en confinament al pis d&#8217;inclusi\u00f3 social CAMS"}]},{"@type":"WebSite","@id":"https:\/\/abd.ong\/ca\/#website","url":"https:\/\/abd.ong\/ca\/","name":"ABD","description":"Asociaci\u00f3n Bienestar y Desarrollo","publisher":{"@id":"https:\/\/abd.ong\/ca\/#organization"},"potentialAction":[{"@type":"SearchAction","target":{"@type":"EntryPoint","urlTemplate":"https:\/\/abd.ong\/ca\/?s={search_term_string}"},"query-input":{"@type":"PropertyValueSpecification","valueRequired":true,"valueName":"search_term_string"}}],"inLanguage":"ca"},{"@type":"Organization","@id":"https:\/\/abd.ong\/ca\/#organization","name":"Associaci\u00f3 Benestar i Desenvolupament","alternateName":"ABD","url":"https:\/\/abd.ong\/ca\/","logo":{"@type":"ImageObject","inLanguage":"ca","@id":"https:\/\/abd.ong\/ca\/#\/schema\/logo\/image\/","url":"https:\/\/abd.ong\/wp-content\/uploads\/2023\/01\/Icona.png","contentUrl":"https:\/\/abd.ong\/wp-content\/uploads\/2023\/01\/Icona.png","width":190,"height":187,"caption":"Associaci\u00f3 Benestar i Desenvolupament"},"image":{"@id":"https:\/\/abd.ong\/ca\/#\/schema\/logo\/image\/"},"sameAs":["https:\/\/www.facebook.com\/abd.ong","https:\/\/x.com\/abd_ong","https:\/\/www.instagram.com\/abd_ong\/","https:\/\/www.linkedin.com\/company\/abdong","https:\/\/www.youtube.com\/user\/CANALABD"]},{"@type":"Person","@id":"https:\/\/abd.ong\/ca\/#\/schema\/person\/d0f5fe279a7ad908de6a6d1332bfd7d8","name":"Enric Guinart"}]}},"_links":{"self":[{"href":"https:\/\/abd.ong\/ca\/wp-json\/wp\/v2\/posts\/15571","targetHints":{"allow":["GET"]}}],"collection":[{"href":"https:\/\/abd.ong\/ca\/wp-json\/wp\/v2\/posts"}],"about":[{"href":"https:\/\/abd.ong\/ca\/wp-json\/wp\/v2\/types\/post"}],"author":[{"embeddable":true,"href":"https:\/\/abd.ong\/ca\/wp-json\/wp\/v2\/users\/2"}],"replies":[{"embeddable":true,"href":"https:\/\/abd.ong\/ca\/wp-json\/wp\/v2\/comments?post=15571"}],"version-history":[{"count":3,"href":"https:\/\/abd.ong\/ca\/wp-json\/wp\/v2\/posts\/15571\/revisions"}],"predecessor-version":[{"id":15604,"href":"https:\/\/abd.ong\/ca\/wp-json\/wp\/v2\/posts\/15571\/revisions\/15604"}],"wp:featuredmedia":[{"embeddable":true,"href":"https:\/\/abd.ong\/ca\/wp-json\/wp\/v2\/media\/15574"}],"wp:attachment":[{"href":"https:\/\/abd.ong\/ca\/wp-json\/wp\/v2\/media?parent=15571"}],"wp:term":[{"taxonomy":"category","embeddable":true,"href":"https:\/\/abd.ong\/ca\/wp-json\/wp\/v2\/categories?post=15571"},{"taxonomy":"post_tag","embeddable":true,"href":"https:\/\/abd.ong\/ca\/wp-json\/wp\/v2\/tags?post=15571"}],"curies":[{"name":"wp","href":"https:\/\/api.w.org\/{rel}","templated":true}]}}