{"id":155197,"date":"2023-10-18T13:12:32","date_gmt":"2023-10-18T11:12:32","guid":{"rendered":"https:\/\/abd.ong\/?p=155197"},"modified":"2023-10-18T13:13:39","modified_gmt":"2023-10-18T11:13:39","slug":"el-grup-abd-collabora-amb-ayuda-en-accion-i-ikea-a-lexposicio-joves-amb-ganes-de-traslladar-se-a-un-futur-millor","status":"publish","type":"post","link":"https:\/\/abd.ong\/ca\/inclusio-i-pobresa\/el-grup-abd-collabora-amb-ayuda-en-accion-i-ikea-a-lexposicio-joves-amb-ganes-de-traslladar-se-a-un-futur-millor\/","title":{"rendered":"El Grup ABD col\u00b7labora amb Ayuda en Acci\u00f3n i IKEA a l&#8217;exposici\u00f3 &#8216;Joves amb ganes de traslladar-se a un futur millor&#8217;"},"content":{"rendered":"\n<h3 class=\"wp-block-heading\">ABD participa amb el testimoni fotogr\u00e0fic de Francy, que rep acompanyament del programa Preinfant<\/h3>\n\n\n\n<div style=\"height:50px\" aria-hidden=\"true\" class=\"wp-block-spacer\"><\/div>\n\n\n\n<h3 class=\"wp-block-heading\">A la mostra, Cristina Garc\u00eda Rodero, una de les fot\u00f2grafes m\u00e9s reconegudes del pa\u00eds, retrata la dificultat que viu part de la joventut a l&#8217;hora d&#8217;accedir a l&#8217;habitatge<\/h3>\n\n\n\n<div style=\"height:50px\" aria-hidden=\"true\" class=\"wp-block-spacer\"><\/div>\n\n\n\n<h3 class=\"wp-block-heading\">Estar\u00e0 disponible des d&#8217;avui i fins al 29 d&#8217;octubre als jardins del Palau Robert de Barcelona<\/h3>\n\n\n\n<p><\/p>\n\n\n\n<p><\/p>\n\n\n\n<div style=\"height:50px\" aria-hidden=\"true\" class=\"wp-block-spacer\"><\/div>\n\n\n\n<p>El<a href=\"https:\/\/abd.ong\/ca\/\"> Grup ABD<\/a> col\u00b7labora a l&#8217;exposici\u00f3 organitzada per <a href=\"https:\/\/ayudaenaccion.org\/\">Ayuda en Acci\u00f3n<\/a> i <a href=\"https:\/\/www.ikea.com\/es\/es\/\">Ikea<\/a> <em>&#8216;Joves amb ganes de traslladar-se a un futur millor&#8217;<\/em> a trav\u00e9s del testimoni fotogr\u00e0fic de <strong>Francy<\/strong>, persona usu\u00e0ria del programa <a href=\"https:\/\/preinfant.org\/ca\/\">Preinfant<\/a>. La mostra, que estar\u00e0 disponible des d&#8217;avui i fins al 29 d&#8217;octubre als jardins del Palau Robert de Barcelona, \u200b\u200breflecteix la realitat que hi viuen alguns joves, sota la mirada de la fot\u00f2grafa <strong>Cristina Garc\u00eda Rodero<\/strong>. A la inauguraci\u00f3 hi han assistit la presidenta d&#8217;ABD, <strong>Felisa P\u00e9rez<\/strong>, i la coordinadora de Preinfant, <strong>Nausica Castell\u00f3<\/strong>.<\/p>\n\n\n\n<p><\/p>\n\n\n\n<p>L\u2019edat mitjana d\u2019emancipaci\u00f3 a Espanya \u00e9s de 30,3 anys. El preu dels lloguers suposa, de mitjana, m\u00e9s del 80% del salari dels joves. Ni tenir estudis superiors ni tenir una feina s\u00f3n garantia d&#8217;estabilitat econ\u00f2mica, segons L&#8217;estudi prospectiu sobre joventut i ocupaci\u00f3 a Espanya d&#8217;Ayuda en Acci\u00f3n.<\/p>\n\n\n\n<p>Per mostrar aquesta problem\u00e0tica i obrir un espai de debat, IKEA i Ayuda en Acci\u00f3n han inaugurat avui l&#8217;exposici\u00f3 <em>&#8216;Joves amb ganes de traslladar-se a un futur millor&#8217;<\/em>. La mostra, signada per Cristina Garc\u00eda Rodero, una de les professionals m\u00e9s destacades del nostre pa\u00eds i referent al reportatge fotogr\u00e0fic documental, reflecteix la llar, la vida i les expectatives de futur de joves de diferents parts d&#8217;Espanya.<\/p>\n\n\n\n<p>Sobre la seva participaci\u00f3 en aquest projecte col\u00b7laboratiu, Cristina Garc\u00eda Rodero explica com li ha fet \u201c<em>recordar qu\u00e8 van ser els meus primers anys i la import\u00e0ncia de la llar. A m\u00e9s, ha estat un privilegi treballar amb joves tan lluitadors\/es i que m&#8217;expliquessin les seves hist\u00f2ries i els seus desitjos. Estic segura que els compliran<\/em>\u201d.<\/p>\n\n\n\n<p>Els joves fotografiats representen diferents perfils i situacions amb qu\u00e8 poden sentir-se identificats molts d&#8217;ells i elles actualment; des del cas de l\u2019<strong>\u00c1lvaro<\/strong> (21 anys), que comparteix pis a Toledo amb dues persones m\u00e9s i necessita l&#8217;ajuda dels seus pares per desenvolupar-se, fins al de l\u2019<strong>Araceli<\/strong> (19 anys), que viu amb la seva mare en un poble de M\u00e1laga i no es pot permetre independitzar-se a la ciutat on estudia per convertir-se en perruquera. Tots dos formen part del Programa Impulsa d&#8217;Ayuda en Acci\u00f3n.<\/p>\n\n\n\n<div style=\"height:50px\" aria-hidden=\"true\" class=\"wp-block-spacer\"><\/div>\n\n\n\n<figure class=\"wp-block-gallery has-nested-images columns-default is-cropped wp-block-gallery-2 is-layout-flex wp-block-gallery-is-layout-flex\">\n<figure class=\"wp-block-image size-large\"><img fetchpriority=\"high\" decoding=\"async\" width=\"1024\" height=\"768\" data-id=\"155186\" src=\"https:\/\/abd.ong\/wp-content\/uploads\/2023\/10\/IMG_1163-1-1024x768.jpg\" alt=\"\" class=\"wp-image-155186\" srcset=\"https:\/\/abd.ong\/wp-content\/uploads\/2023\/10\/IMG_1163-1-1024x768.jpg 1024w, https:\/\/abd.ong\/wp-content\/uploads\/2023\/10\/IMG_1163-1-300x225.jpg 300w, https:\/\/abd.ong\/wp-content\/uploads\/2023\/10\/IMG_1163-1-768x576.jpg 768w, https:\/\/abd.ong\/wp-content\/uploads\/2023\/10\/IMG_1163-1-1536x1152.jpg 1536w, https:\/\/abd.ong\/wp-content\/uploads\/2023\/10\/IMG_1163-1.jpg 2048w\" sizes=\"(max-width: 1024px) 100vw, 1024px\" \/><\/figure>\n\n\n\n<figure class=\"wp-block-image size-large\"><img decoding=\"async\" width=\"1024\" height=\"768\" data-id=\"155183\" src=\"https:\/\/abd.ong\/wp-content\/uploads\/2023\/10\/IMG_1101-1024x768.jpeg\" alt=\"\" class=\"wp-image-155183\" srcset=\"https:\/\/abd.ong\/wp-content\/uploads\/2023\/10\/IMG_1101-1024x768.jpeg 1024w, https:\/\/abd.ong\/wp-content\/uploads\/2023\/10\/IMG_1101-300x225.jpeg 300w, https:\/\/abd.ong\/wp-content\/uploads\/2023\/10\/IMG_1101-768x576.jpeg 768w, https:\/\/abd.ong\/wp-content\/uploads\/2023\/10\/IMG_1101-1536x1152.jpeg 1536w, https:\/\/abd.ong\/wp-content\/uploads\/2023\/10\/IMG_1101.jpeg 2048w\" sizes=\"(max-width: 1024px) 100vw, 1024px\" \/><\/figure>\n\n\n\n<figure class=\"wp-block-image size-large\"><img decoding=\"async\" width=\"1024\" height=\"768\" data-id=\"155177\" src=\"https:\/\/abd.ong\/wp-content\/uploads\/2023\/10\/IMG_1098-1024x768.jpeg\" alt=\"\" class=\"wp-image-155177\" srcset=\"https:\/\/abd.ong\/wp-content\/uploads\/2023\/10\/IMG_1098-1024x768.jpeg 1024w, https:\/\/abd.ong\/wp-content\/uploads\/2023\/10\/IMG_1098-300x225.jpeg 300w, https:\/\/abd.ong\/wp-content\/uploads\/2023\/10\/IMG_1098-768x576.jpeg 768w, https:\/\/abd.ong\/wp-content\/uploads\/2023\/10\/IMG_1098-1536x1152.jpeg 1536w, https:\/\/abd.ong\/wp-content\/uploads\/2023\/10\/IMG_1098.jpeg 2048w\" sizes=\"(max-width: 1024px) 100vw, 1024px\" \/><\/figure>\n\n\n\n<figure class=\"wp-block-image size-large\"><img loading=\"lazy\" decoding=\"async\" width=\"1024\" height=\"768\" data-id=\"155164\" src=\"https:\/\/abd.ong\/wp-content\/uploads\/2023\/10\/WhatsApp-Image-2023-10-18-at-10.31.15-1024x768.jpeg\" alt=\"\" class=\"wp-image-155164\" srcset=\"https:\/\/abd.ong\/wp-content\/uploads\/2023\/10\/WhatsApp-Image-2023-10-18-at-10.31.15-1024x768.jpeg 1024w, https:\/\/abd.ong\/wp-content\/uploads\/2023\/10\/WhatsApp-Image-2023-10-18-at-10.31.15-300x225.jpeg 300w, https:\/\/abd.ong\/wp-content\/uploads\/2023\/10\/WhatsApp-Image-2023-10-18-at-10.31.15-768x576.jpeg 768w, https:\/\/abd.ong\/wp-content\/uploads\/2023\/10\/WhatsApp-Image-2023-10-18-at-10.31.15-1536x1152.jpeg 1536w, https:\/\/abd.ong\/wp-content\/uploads\/2023\/10\/WhatsApp-Image-2023-10-18-at-10.31.15.jpeg 2048w\" sizes=\"(max-width: 1024px) 100vw, 1024px\" \/><\/figure>\n\n\n\n<figure class=\"wp-block-image size-large\"><img loading=\"lazy\" decoding=\"async\" width=\"1024\" height=\"768\" data-id=\"155155\" src=\"https:\/\/abd.ong\/wp-content\/uploads\/2023\/10\/WhatsApp-Image-2023-10-18-at-10.31.16-1024x768.jpeg\" alt=\"\" class=\"wp-image-155155\" srcset=\"https:\/\/abd.ong\/wp-content\/uploads\/2023\/10\/WhatsApp-Image-2023-10-18-at-10.31.16-1024x768.jpeg 1024w, https:\/\/abd.ong\/wp-content\/uploads\/2023\/10\/WhatsApp-Image-2023-10-18-at-10.31.16-300x225.jpeg 300w, https:\/\/abd.ong\/wp-content\/uploads\/2023\/10\/WhatsApp-Image-2023-10-18-at-10.31.16-768x576.jpeg 768w, https:\/\/abd.ong\/wp-content\/uploads\/2023\/10\/WhatsApp-Image-2023-10-18-at-10.31.16-1536x1152.jpeg 1536w, https:\/\/abd.ong\/wp-content\/uploads\/2023\/10\/WhatsApp-Image-2023-10-18-at-10.31.16.jpeg 2048w\" sizes=\"(max-width: 1024px) 100vw, 1024px\" \/><\/figure>\n\n\n\n<figure class=\"wp-block-image size-large\"><img loading=\"lazy\" decoding=\"async\" width=\"1024\" height=\"768\" data-id=\"155140\" src=\"https:\/\/abd.ong\/wp-content\/uploads\/2023\/10\/WhatsApp-Image-2023-10-18-at-10.31.18-1024x768.jpeg\" alt=\"\" class=\"wp-image-155140\" srcset=\"https:\/\/abd.ong\/wp-content\/uploads\/2023\/10\/WhatsApp-Image-2023-10-18-at-10.31.18-1024x768.jpeg 1024w, https:\/\/abd.ong\/wp-content\/uploads\/2023\/10\/WhatsApp-Image-2023-10-18-at-10.31.18-300x225.jpeg 300w, https:\/\/abd.ong\/wp-content\/uploads\/2023\/10\/WhatsApp-Image-2023-10-18-at-10.31.18-768x576.jpeg 768w, https:\/\/abd.ong\/wp-content\/uploads\/2023\/10\/WhatsApp-Image-2023-10-18-at-10.31.18-1536x1152.jpeg 1536w, https:\/\/abd.ong\/wp-content\/uploads\/2023\/10\/WhatsApp-Image-2023-10-18-at-10.31.18.jpeg 2048w\" sizes=\"(max-width: 1024px) 100vw, 1024px\" \/><\/figure>\n\n\n\n<figure class=\"wp-block-image size-large\"><img loading=\"lazy\" decoding=\"async\" width=\"1024\" height=\"768\" data-id=\"155128\" src=\"https:\/\/abd.ong\/wp-content\/uploads\/2023\/10\/WhatsApp-Image-2023-10-18-at-10.51.17.jpeg\" alt=\"\" class=\"wp-image-155128\" srcset=\"https:\/\/abd.ong\/wp-content\/uploads\/2023\/10\/WhatsApp-Image-2023-10-18-at-10.51.17.jpeg 1024w, https:\/\/abd.ong\/wp-content\/uploads\/2023\/10\/WhatsApp-Image-2023-10-18-at-10.51.17-300x225.jpeg 300w, https:\/\/abd.ong\/wp-content\/uploads\/2023\/10\/WhatsApp-Image-2023-10-18-at-10.51.17-768x576.jpeg 768w\" sizes=\"(max-width: 1024px) 100vw, 1024px\" \/><\/figure>\n\n\n\n<figure class=\"wp-block-image size-large\"><img loading=\"lazy\" decoding=\"async\" width=\"1024\" height=\"768\" data-id=\"155122\" src=\"https:\/\/abd.ong\/wp-content\/uploads\/2023\/10\/WhatsApp-Image-2023-10-18-at-10.51.18.jpeg\" alt=\"\" class=\"wp-image-155122\" srcset=\"https:\/\/abd.ong\/wp-content\/uploads\/2023\/10\/WhatsApp-Image-2023-10-18-at-10.51.18.jpeg 1024w, https:\/\/abd.ong\/wp-content\/uploads\/2023\/10\/WhatsApp-Image-2023-10-18-at-10.51.18-300x225.jpeg 300w, https:\/\/abd.ong\/wp-content\/uploads\/2023\/10\/WhatsApp-Image-2023-10-18-at-10.51.18-768x576.jpeg 768w\" sizes=\"(max-width: 1024px) 100vw, 1024px\" \/><\/figure>\n\n\n\n<figure class=\"wp-block-image size-large\"><img loading=\"lazy\" decoding=\"async\" width=\"1024\" height=\"768\" data-id=\"155174\" src=\"https:\/\/abd.ong\/wp-content\/uploads\/2023\/10\/IMG_1170-1024x768.jpg\" alt=\"\" class=\"wp-image-155174\" srcset=\"https:\/\/abd.ong\/wp-content\/uploads\/2023\/10\/IMG_1170-1024x768.jpg 1024w, https:\/\/abd.ong\/wp-content\/uploads\/2023\/10\/IMG_1170-300x225.jpg 300w, https:\/\/abd.ong\/wp-content\/uploads\/2023\/10\/IMG_1170-768x576.jpg 768w, https:\/\/abd.ong\/wp-content\/uploads\/2023\/10\/IMG_1170-1536x1152.jpg 1536w, https:\/\/abd.ong\/wp-content\/uploads\/2023\/10\/IMG_1170.jpg 2048w\" sizes=\"(max-width: 1024px) 100vw, 1024px\" \/><\/figure>\n\n\n\n<figure class=\"wp-block-image size-large\"><img loading=\"lazy\" decoding=\"async\" width=\"768\" height=\"1024\" data-id=\"155152\" src=\"https:\/\/abd.ong\/wp-content\/uploads\/2023\/10\/WhatsApp-Image-2023-10-18-at-10.31.17-768x1024.jpeg\" alt=\"\" class=\"wp-image-155152\" srcset=\"https:\/\/abd.ong\/wp-content\/uploads\/2023\/10\/WhatsApp-Image-2023-10-18-at-10.31.17-768x1024.jpeg 768w, https:\/\/abd.ong\/wp-content\/uploads\/2023\/10\/WhatsApp-Image-2023-10-18-at-10.31.17-225x300.jpeg 225w, https:\/\/abd.ong\/wp-content\/uploads\/2023\/10\/WhatsApp-Image-2023-10-18-at-10.31.17-1152x1536.jpeg 1152w, https:\/\/abd.ong\/wp-content\/uploads\/2023\/10\/WhatsApp-Image-2023-10-18-at-10.31.17.jpeg 1536w\" sizes=\"(max-width: 768px) 100vw, 768px\" \/><\/figure>\n\n\n\n<figure class=\"wp-block-image size-large\"><img loading=\"lazy\" decoding=\"async\" width=\"1024\" height=\"768\" data-id=\"155158\" src=\"https:\/\/abd.ong\/wp-content\/uploads\/2023\/10\/WhatsApp-Image-2023-10-18-at-10.31.15-2-1024x768.jpeg\" alt=\"\" class=\"wp-image-155158\" srcset=\"https:\/\/abd.ong\/wp-content\/uploads\/2023\/10\/WhatsApp-Image-2023-10-18-at-10.31.15-2-1024x768.jpeg 1024w, https:\/\/abd.ong\/wp-content\/uploads\/2023\/10\/WhatsApp-Image-2023-10-18-at-10.31.15-2-300x225.jpeg 300w, https:\/\/abd.ong\/wp-content\/uploads\/2023\/10\/WhatsApp-Image-2023-10-18-at-10.31.15-2-768x576.jpeg 768w, https:\/\/abd.ong\/wp-content\/uploads\/2023\/10\/WhatsApp-Image-2023-10-18-at-10.31.15-2-1536x1152.jpeg 1536w, https:\/\/abd.ong\/wp-content\/uploads\/2023\/10\/WhatsApp-Image-2023-10-18-at-10.31.15-2.jpeg 2048w\" sizes=\"(max-width: 1024px) 100vw, 1024px\" \/><\/figure>\n\n\n\n<figure class=\"wp-block-image size-large\"><img loading=\"lazy\" decoding=\"async\" width=\"1024\" height=\"768\" data-id=\"155137\" src=\"https:\/\/abd.ong\/wp-content\/uploads\/2023\/10\/WhatsApp-Image-2023-10-18-at-10.31.18-1-1024x768.jpeg\" alt=\"\" class=\"wp-image-155137\" srcset=\"https:\/\/abd.ong\/wp-content\/uploads\/2023\/10\/WhatsApp-Image-2023-10-18-at-10.31.18-1-1024x768.jpeg 1024w, https:\/\/abd.ong\/wp-content\/uploads\/2023\/10\/WhatsApp-Image-2023-10-18-at-10.31.18-1-300x225.jpeg 300w, https:\/\/abd.ong\/wp-content\/uploads\/2023\/10\/WhatsApp-Image-2023-10-18-at-10.31.18-1-768x576.jpeg 768w, https:\/\/abd.ong\/wp-content\/uploads\/2023\/10\/WhatsApp-Image-2023-10-18-at-10.31.18-1-1536x1152.jpeg 1536w, https:\/\/abd.ong\/wp-content\/uploads\/2023\/10\/WhatsApp-Image-2023-10-18-at-10.31.18-1.jpeg 2048w\" sizes=\"(max-width: 1024px) 100vw, 1024px\" \/><\/figure>\n<\/figure>\n\n\n\n<p>Tanquen l&#8217;exposici\u00f3 dos joves, les llars dels quals s\u00f3n a Barcelona:<strong> Francy<\/strong> (32 anys) que viu amb el nad\u00f3 d&#8217;1 any en un pis llogat, separada del seu marit perqu\u00e8 no poden estar junts fins que estalvi\u00efn. \u00c9s una persona acompanyada per l&#8217;Associaci\u00f3 Benestar Desenvolupament \u2013 Grup ABD en el marc del programa Preinfant, que d\u00f3na suport a dones en situaci\u00f3 de vulnerabilitat des de l&#8217;embar\u00e0s fins als tres primers anys de vida del nen\/a. Finalment hi ha l\u2019<strong>Arsalan<\/strong> (24 anys), que va haver de fugir d&#8217;Afanyistan i viu actualment amb una persona que lloga una habitaci\u00f3. Arsalan forma part del programa d\u00b4ajuda a refugiats d\u00b4<a href=\"https:\/\/www.accem.es\/\">Accem<\/a>.<\/p>\n\n\n\n<p>L&#8217;exposici\u00f3 estar\u00e0 activa des del 18 al 29 octubre incl\u00f2s, en horari de dilluns a dissabte de 9 a 20:00 hi de 9 a 14:30 h els diumenges d\u2019octubre als jardins del Palau Robert (Passeig de Gr\u00e0cia, n\u00fam. 107) i forma part del programa 200 Aniversari del Passeig de Gr\u00e0cia.<\/p>\n\n\n\n<div style=\"height:50px\" aria-hidden=\"true\" class=\"wp-block-spacer\"><\/div>\n\n\n\n<h4 class=\"wp-block-heading\">Cocreaci\u00f3 de les Llars impuls<\/h4>\n\n\n\n<div style=\"height:50px\" aria-hidden=\"true\" class=\"wp-block-spacer\"><\/div>\n\n\n\n<p>A m\u00e9s, per intentar contribuir que aquest segment de la poblaci\u00f3 tingui un futur millor, Ayuda en Acci\u00f3n i IKEA han anunciat la cocreaci\u00f3 de les <em>Llars impuls<\/em>. Aquesta iniciativa s&#8217;engloba dins <strong>l&#8217;IKEA Inspirings Talents i l&#8217;estrat\u00e8gia Fair&amp;Equal<\/strong> de la companyia que t\u00e9 com a objectiu generar un impacte positiu facilitant l&#8217;ocupabilitat i l&#8217;accessibilitat a l&#8217;habitatge dels joves.<\/p>\n\n\n\n<p>Per ser agents de canvi i contribuir a fer que la joventut pugui tenir un futur millor, les dues entitats portar\u00e0n a terme <strong>un proc\u00e9s d&#8217;escolta, cocreaci\u00f3 i design thinking amb estudiants d&#8217;escoles de disseny locals i experts per dissenyar el prototip del que seran els <em>Llars impuls<\/em><\/strong>. Aquests grups interdisciplinaris treballaran conjuntament durant la Barcelona Design Week, del 23 al 25 d&#8217;octubre, i el resultat guanyador dels workshops es donar\u00e0 a con\u00e8ixer el 27 d&#8217;octubre.<\/p>\n","protected":false},"excerpt":{"rendered":"<p>ABD participa amb el testimoni fotogr\u00e0fic de Francy, que rep acompanyament del programa Preinfant A la mostra, Cristina Garc\u00eda Rodero, una de les fot\u00f2grafes m\u00e9s reconegudes del pa\u00eds, retrata la&hellip;<\/p>\n","protected":false},"author":2,"featured_media":155190,"comment_status":"closed","ping_status":"closed","sticky":false,"template":"","format":"standard","meta":{"_acf_changed":false,"footnotes":""},"categories":[3195,1303],"tags":[119,3887,3888,137,3889,1506,3890,327],"class_list":["post-155197","post","type-post","status-publish","format-standard","has-post-thumbnail","hentry","category-inclusio-i-pobresa","category-infancia-i-familia","tag-abd","tag-abd-ayuda-en-accion-ikea","tag-abd-e-ikea","tag-asociacion-bienestar-y-desarrollo","tag-exposicio-joves-amb-ganes-de-traslladar-se-a-un-futur-millor","tag-joves","tag-llars-impuls","tag-preinfant"],"acf":[],"yoast_head":"<!-- This site is optimized with the Yoast SEO plugin v27.4 - https:\/\/yoast.com\/product\/yoast-seo-wordpress\/ -->\n<title>El Grup ABD col\u00b7labora amb Ayuda en Acci\u00f3n i IKEA a l&#039;exposici\u00f3 &#039;Joves amb ganes de traslladar-se a un futur millor&#039; - ABD<\/title>\n<meta name=\"description\" content=\"ABD participa amb el testimoni fotogr\u00e0fic de Francy, que rep acompanyament del programa Preinfant A la mostra, Cristina Garc\u00eda Rodero, una de les\" \/>\n<meta name=\"robots\" content=\"index, follow, max-snippet:-1, max-image-preview:large, max-video-preview:-1\" \/>\n<link rel=\"canonical\" href=\"https:\/\/abd.ong\/ca\/inclusio-i-pobresa\/el-grup-abd-collabora-amb-ayuda-en-accion-i-ikea-a-lexposicio-joves-amb-ganes-de-traslladar-se-a-un-futur-millor\/\" \/>\n<meta property=\"og:locale\" content=\"ca_ES\" \/>\n<meta property=\"og:type\" content=\"article\" \/>\n<meta property=\"og:title\" content=\"El Grup ABD col\u00b7labora amb Ayuda en Acci\u00f3n i IKEA a l&#039;exposici\u00f3 &#039;Joves amb ganes de traslladar-se a un futur millor&#039; - ABD\" \/>\n<meta property=\"og:description\" content=\"ABD participa amb el testimoni fotogr\u00e0fic de Francy, que rep acompanyament del programa Preinfant A la mostra, Cristina Garc\u00eda Rodero, una de les\" \/>\n<meta property=\"og:url\" content=\"https:\/\/abd.ong\/ca\/inclusio-i-pobresa\/el-grup-abd-collabora-amb-ayuda-en-accion-i-ikea-a-lexposicio-joves-amb-ganes-de-traslladar-se-a-un-futur-millor\/\" \/>\n<meta property=\"og:site_name\" content=\"ABD\" \/>\n<meta property=\"article:publisher\" content=\"https:\/\/www.facebook.com\/abd.ong\" \/>\n<meta property=\"article:published_time\" content=\"2023-10-18T11:12:32+00:00\" \/>\n<meta property=\"article:modified_time\" content=\"2023-10-18T11:13:39+00:00\" \/>\n<meta property=\"og:image\" content=\"https:\/\/abd.ong\/wp-content\/uploads\/2023\/10\/IMG_1122.jpg\" \/>\n\t<meta property=\"og:image:width\" content=\"2048\" \/>\n\t<meta property=\"og:image:height\" content=\"1536\" \/>\n\t<meta property=\"og:image:type\" content=\"image\/jpeg\" \/>\n<meta name=\"author\" content=\"Enric Guinart\" \/>\n<meta name=\"twitter:card\" content=\"summary_large_image\" \/>\n<meta name=\"twitter:creator\" content=\"@abd_ong\" \/>\n<meta name=\"twitter:site\" content=\"@abd_ong\" \/>\n<meta name=\"twitter:label1\" content=\"Escrit per\" \/>\n\t<meta name=\"twitter:data1\" content=\"Enric Guinart\" \/>\n\t<meta name=\"twitter:label2\" content=\"Temps estimat de lectura\" \/>\n\t<meta name=\"twitter:data2\" content=\"6 minuts\" \/>\n<script type=\"application\/ld+json\" class=\"yoast-schema-graph\">{\"@context\":\"https:\\\/\\\/schema.org\",\"@graph\":[{\"@type\":\"Article\",\"@id\":\"https:\\\/\\\/abd.ong\\\/ca\\\/inclusio-i-pobresa\\\/el-grup-abd-collabora-amb-ayuda-en-accion-i-ikea-a-lexposicio-joves-amb-ganes-de-traslladar-se-a-un-futur-millor\\\/#article\",\"isPartOf\":{\"@id\":\"https:\\\/\\\/abd.ong\\\/ca\\\/inclusio-i-pobresa\\\/el-grup-abd-collabora-amb-ayuda-en-accion-i-ikea-a-lexposicio-joves-amb-ganes-de-traslladar-se-a-un-futur-millor\\\/\"},\"author\":{\"name\":\"Enric Guinart\",\"@id\":\"https:\\\/\\\/abd.ong\\\/ca\\\/#\\\/schema\\\/person\\\/d0f5fe279a7ad908de6a6d1332bfd7d8\"},\"headline\":\"El Grup ABD col\u00b7labora amb Ayuda en Acci\u00f3n i IKEA a l&#8217;exposici\u00f3 &#8216;Joves amb ganes de traslladar-se a un futur millor&#8217;\",\"datePublished\":\"2023-10-18T11:12:32+00:00\",\"dateModified\":\"2023-10-18T11:13:39+00:00\",\"mainEntityOfPage\":{\"@id\":\"https:\\\/\\\/abd.ong\\\/ca\\\/inclusio-i-pobresa\\\/el-grup-abd-collabora-amb-ayuda-en-accion-i-ikea-a-lexposicio-joves-amb-ganes-de-traslladar-se-a-un-futur-millor\\\/\"},\"wordCount\":788,\"publisher\":{\"@id\":\"https:\\\/\\\/abd.ong\\\/ca\\\/#organization\"},\"image\":{\"@id\":\"https:\\\/\\\/abd.ong\\\/ca\\\/inclusio-i-pobresa\\\/el-grup-abd-collabora-amb-ayuda-en-accion-i-ikea-a-lexposicio-joves-amb-ganes-de-traslladar-se-a-un-futur-millor\\\/#primaryimage\"},\"thumbnailUrl\":\"https:\\\/\\\/abd.ong\\\/wp-content\\\/uploads\\\/2023\\\/10\\\/IMG_1122.jpg\",\"keywords\":[\"ABD\",\"ABD Ayuda en Acci\u00f3n Ikea\",\"ABD e IKEA\",\"Asociaci\u00f3n Bienestar y Desarrollo\",\"exposici\u00f3 'Joves amb ganes de traslladar-se a un futur millor'\",\"joves\",\"llars impuls\",\"Preinfant\"],\"articleSection\":[\"Inclusi\u00f3 i pobresa\",\"Inf\u00e0ncia i fam\u00edlia\"],\"inLanguage\":\"ca\"},{\"@type\":\"WebPage\",\"@id\":\"https:\\\/\\\/abd.ong\\\/ca\\\/inclusio-i-pobresa\\\/el-grup-abd-collabora-amb-ayuda-en-accion-i-ikea-a-lexposicio-joves-amb-ganes-de-traslladar-se-a-un-futur-millor\\\/\",\"url\":\"https:\\\/\\\/abd.ong\\\/ca\\\/inclusio-i-pobresa\\\/el-grup-abd-collabora-amb-ayuda-en-accion-i-ikea-a-lexposicio-joves-amb-ganes-de-traslladar-se-a-un-futur-millor\\\/\",\"name\":\"El Grup ABD col\u00b7labora amb Ayuda en Acci\u00f3n i IKEA a l'exposici\u00f3 'Joves amb ganes de traslladar-se a un futur millor' - ABD\",\"isPartOf\":{\"@id\":\"https:\\\/\\\/abd.ong\\\/ca\\\/#website\"},\"primaryImageOfPage\":{\"@id\":\"https:\\\/\\\/abd.ong\\\/ca\\\/inclusio-i-pobresa\\\/el-grup-abd-collabora-amb-ayuda-en-accion-i-ikea-a-lexposicio-joves-amb-ganes-de-traslladar-se-a-un-futur-millor\\\/#primaryimage\"},\"image\":{\"@id\":\"https:\\\/\\\/abd.ong\\\/ca\\\/inclusio-i-pobresa\\\/el-grup-abd-collabora-amb-ayuda-en-accion-i-ikea-a-lexposicio-joves-amb-ganes-de-traslladar-se-a-un-futur-millor\\\/#primaryimage\"},\"thumbnailUrl\":\"https:\\\/\\\/abd.ong\\\/wp-content\\\/uploads\\\/2023\\\/10\\\/IMG_1122.jpg\",\"datePublished\":\"2023-10-18T11:12:32+00:00\",\"dateModified\":\"2023-10-18T11:13:39+00:00\",\"description\":\"ABD participa amb el testimoni fotogr\u00e0fic de Francy, que rep acompanyament del programa Preinfant A la mostra, Cristina Garc\u00eda Rodero, una de les\",\"breadcrumb\":{\"@id\":\"https:\\\/\\\/abd.ong\\\/ca\\\/inclusio-i-pobresa\\\/el-grup-abd-collabora-amb-ayuda-en-accion-i-ikea-a-lexposicio-joves-amb-ganes-de-traslladar-se-a-un-futur-millor\\\/#breadcrumb\"},\"inLanguage\":\"ca\",\"potentialAction\":[{\"@type\":\"ReadAction\",\"target\":[\"https:\\\/\\\/abd.ong\\\/ca\\\/inclusio-i-pobresa\\\/el-grup-abd-collabora-amb-ayuda-en-accion-i-ikea-a-lexposicio-joves-amb-ganes-de-traslladar-se-a-un-futur-millor\\\/\"]}]},{\"@type\":\"ImageObject\",\"inLanguage\":\"ca\",\"@id\":\"https:\\\/\\\/abd.ong\\\/ca\\\/inclusio-i-pobresa\\\/el-grup-abd-collabora-amb-ayuda-en-accion-i-ikea-a-lexposicio-joves-amb-ganes-de-traslladar-se-a-un-futur-millor\\\/#primaryimage\",\"url\":\"https:\\\/\\\/abd.ong\\\/wp-content\\\/uploads\\\/2023\\\/10\\\/IMG_1122.jpg\",\"contentUrl\":\"https:\\\/\\\/abd.ong\\\/wp-content\\\/uploads\\\/2023\\\/10\\\/IMG_1122.jpg\",\"width\":2048,\"height\":1536},{\"@type\":\"BreadcrumbList\",\"@id\":\"https:\\\/\\\/abd.ong\\\/ca\\\/inclusio-i-pobresa\\\/el-grup-abd-collabora-amb-ayuda-en-accion-i-ikea-a-lexposicio-joves-amb-ganes-de-traslladar-se-a-un-futur-millor\\\/#breadcrumb\",\"itemListElement\":[{\"@type\":\"ListItem\",\"position\":1,\"name\":\"Inici\",\"item\":\"https:\\\/\\\/abd.ong\\\/ca\\\/\"},{\"@type\":\"ListItem\",\"position\":2,\"name\":\"El Grup ABD col\u00b7labora amb Ayuda en Acci\u00f3n i IKEA a l&#8217;exposici\u00f3 &#8216;Joves amb ganes de traslladar-se a un futur millor&#8217;\"}]},{\"@type\":\"WebSite\",\"@id\":\"https:\\\/\\\/abd.ong\\\/ca\\\/#website\",\"url\":\"https:\\\/\\\/abd.ong\\\/ca\\\/\",\"name\":\"ABD\",\"description\":\"Asociaci\u00f3n Bienestar y Desarrollo\",\"publisher\":{\"@id\":\"https:\\\/\\\/abd.ong\\\/ca\\\/#organization\"},\"potentialAction\":[{\"@type\":\"SearchAction\",\"target\":{\"@type\":\"EntryPoint\",\"urlTemplate\":\"https:\\\/\\\/abd.ong\\\/ca\\\/?s={search_term_string}\"},\"query-input\":{\"@type\":\"PropertyValueSpecification\",\"valueRequired\":true,\"valueName\":\"search_term_string\"}}],\"inLanguage\":\"ca\"},{\"@type\":\"Organization\",\"@id\":\"https:\\\/\\\/abd.ong\\\/ca\\\/#organization\",\"name\":\"Associaci\u00f3 Benestar i Desenvolupament\",\"alternateName\":\"ABD\",\"url\":\"https:\\\/\\\/abd.ong\\\/ca\\\/\",\"logo\":{\"@type\":\"ImageObject\",\"inLanguage\":\"ca\",\"@id\":\"https:\\\/\\\/abd.ong\\\/ca\\\/#\\\/schema\\\/logo\\\/image\\\/\",\"url\":\"https:\\\/\\\/abd.ong\\\/wp-content\\\/uploads\\\/2023\\\/01\\\/Icona.png\",\"contentUrl\":\"https:\\\/\\\/abd.ong\\\/wp-content\\\/uploads\\\/2023\\\/01\\\/Icona.png\",\"width\":190,\"height\":187,\"caption\":\"Associaci\u00f3 Benestar i Desenvolupament\"},\"image\":{\"@id\":\"https:\\\/\\\/abd.ong\\\/ca\\\/#\\\/schema\\\/logo\\\/image\\\/\"},\"sameAs\":[\"https:\\\/\\\/www.facebook.com\\\/abd.ong\",\"https:\\\/\\\/x.com\\\/abd_ong\",\"https:\\\/\\\/www.instagram.com\\\/abd_ong\\\/\",\"https:\\\/\\\/www.linkedin.com\\\/company\\\/abdong\",\"https:\\\/\\\/www.youtube.com\\\/user\\\/CANALABD\"]},{\"@type\":\"Person\",\"@id\":\"https:\\\/\\\/abd.ong\\\/ca\\\/#\\\/schema\\\/person\\\/d0f5fe279a7ad908de6a6d1332bfd7d8\",\"name\":\"Enric Guinart\"}]}<\/script>\n<!-- \/ Yoast SEO plugin. -->","yoast_head_json":{"title":"El Grup ABD col\u00b7labora amb Ayuda en Acci\u00f3n i IKEA a l'exposici\u00f3 'Joves amb ganes de traslladar-se a un futur millor' - ABD","description":"ABD participa amb el testimoni fotogr\u00e0fic de Francy, que rep acompanyament del programa Preinfant A la mostra, Cristina Garc\u00eda Rodero, una de les","robots":{"index":"index","follow":"follow","max-snippet":"max-snippet:-1","max-image-preview":"max-image-preview:large","max-video-preview":"max-video-preview:-1"},"canonical":"https:\/\/abd.ong\/ca\/inclusio-i-pobresa\/el-grup-abd-collabora-amb-ayuda-en-accion-i-ikea-a-lexposicio-joves-amb-ganes-de-traslladar-se-a-un-futur-millor\/","og_locale":"ca_ES","og_type":"article","og_title":"El Grup ABD col\u00b7labora amb Ayuda en Acci\u00f3n i IKEA a l'exposici\u00f3 'Joves amb ganes de traslladar-se a un futur millor' - ABD","og_description":"ABD participa amb el testimoni fotogr\u00e0fic de Francy, que rep acompanyament del programa Preinfant A la mostra, Cristina Garc\u00eda Rodero, una de les","og_url":"https:\/\/abd.ong\/ca\/inclusio-i-pobresa\/el-grup-abd-collabora-amb-ayuda-en-accion-i-ikea-a-lexposicio-joves-amb-ganes-de-traslladar-se-a-un-futur-millor\/","og_site_name":"ABD","article_publisher":"https:\/\/www.facebook.com\/abd.ong","article_published_time":"2023-10-18T11:12:32+00:00","article_modified_time":"2023-10-18T11:13:39+00:00","og_image":[{"width":2048,"height":1536,"url":"https:\/\/abd.ong\/wp-content\/uploads\/2023\/10\/IMG_1122.jpg","type":"image\/jpeg"}],"author":"Enric Guinart","twitter_card":"summary_large_image","twitter_creator":"@abd_ong","twitter_site":"@abd_ong","twitter_misc":{"Escrit per":"Enric Guinart","Temps estimat de lectura":"6 minuts"},"schema":{"@context":"https:\/\/schema.org","@graph":[{"@type":"Article","@id":"https:\/\/abd.ong\/ca\/inclusio-i-pobresa\/el-grup-abd-collabora-amb-ayuda-en-accion-i-ikea-a-lexposicio-joves-amb-ganes-de-traslladar-se-a-un-futur-millor\/#article","isPartOf":{"@id":"https:\/\/abd.ong\/ca\/inclusio-i-pobresa\/el-grup-abd-collabora-amb-ayuda-en-accion-i-ikea-a-lexposicio-joves-amb-ganes-de-traslladar-se-a-un-futur-millor\/"},"author":{"name":"Enric Guinart","@id":"https:\/\/abd.ong\/ca\/#\/schema\/person\/d0f5fe279a7ad908de6a6d1332bfd7d8"},"headline":"El Grup ABD col\u00b7labora amb Ayuda en Acci\u00f3n i IKEA a l&#8217;exposici\u00f3 &#8216;Joves amb ganes de traslladar-se a un futur millor&#8217;","datePublished":"2023-10-18T11:12:32+00:00","dateModified":"2023-10-18T11:13:39+00:00","mainEntityOfPage":{"@id":"https:\/\/abd.ong\/ca\/inclusio-i-pobresa\/el-grup-abd-collabora-amb-ayuda-en-accion-i-ikea-a-lexposicio-joves-amb-ganes-de-traslladar-se-a-un-futur-millor\/"},"wordCount":788,"publisher":{"@id":"https:\/\/abd.ong\/ca\/#organization"},"image":{"@id":"https:\/\/abd.ong\/ca\/inclusio-i-pobresa\/el-grup-abd-collabora-amb-ayuda-en-accion-i-ikea-a-lexposicio-joves-amb-ganes-de-traslladar-se-a-un-futur-millor\/#primaryimage"},"thumbnailUrl":"https:\/\/abd.ong\/wp-content\/uploads\/2023\/10\/IMG_1122.jpg","keywords":["ABD","ABD Ayuda en Acci\u00f3n Ikea","ABD e IKEA","Asociaci\u00f3n Bienestar y Desarrollo","exposici\u00f3 'Joves amb ganes de traslladar-se a un futur millor'","joves","llars impuls","Preinfant"],"articleSection":["Inclusi\u00f3 i pobresa","Inf\u00e0ncia i fam\u00edlia"],"inLanguage":"ca"},{"@type":"WebPage","@id":"https:\/\/abd.ong\/ca\/inclusio-i-pobresa\/el-grup-abd-collabora-amb-ayuda-en-accion-i-ikea-a-lexposicio-joves-amb-ganes-de-traslladar-se-a-un-futur-millor\/","url":"https:\/\/abd.ong\/ca\/inclusio-i-pobresa\/el-grup-abd-collabora-amb-ayuda-en-accion-i-ikea-a-lexposicio-joves-amb-ganes-de-traslladar-se-a-un-futur-millor\/","name":"El Grup ABD col\u00b7labora amb Ayuda en Acci\u00f3n i IKEA a l'exposici\u00f3 'Joves amb ganes de traslladar-se a un futur millor' - ABD","isPartOf":{"@id":"https:\/\/abd.ong\/ca\/#website"},"primaryImageOfPage":{"@id":"https:\/\/abd.ong\/ca\/inclusio-i-pobresa\/el-grup-abd-collabora-amb-ayuda-en-accion-i-ikea-a-lexposicio-joves-amb-ganes-de-traslladar-se-a-un-futur-millor\/#primaryimage"},"image":{"@id":"https:\/\/abd.ong\/ca\/inclusio-i-pobresa\/el-grup-abd-collabora-amb-ayuda-en-accion-i-ikea-a-lexposicio-joves-amb-ganes-de-traslladar-se-a-un-futur-millor\/#primaryimage"},"thumbnailUrl":"https:\/\/abd.ong\/wp-content\/uploads\/2023\/10\/IMG_1122.jpg","datePublished":"2023-10-18T11:12:32+00:00","dateModified":"2023-10-18T11:13:39+00:00","description":"ABD participa amb el testimoni fotogr\u00e0fic de Francy, que rep acompanyament del programa Preinfant A la mostra, Cristina Garc\u00eda Rodero, una de les","breadcrumb":{"@id":"https:\/\/abd.ong\/ca\/inclusio-i-pobresa\/el-grup-abd-collabora-amb-ayuda-en-accion-i-ikea-a-lexposicio-joves-amb-ganes-de-traslladar-se-a-un-futur-millor\/#breadcrumb"},"inLanguage":"ca","potentialAction":[{"@type":"ReadAction","target":["https:\/\/abd.ong\/ca\/inclusio-i-pobresa\/el-grup-abd-collabora-amb-ayuda-en-accion-i-ikea-a-lexposicio-joves-amb-ganes-de-traslladar-se-a-un-futur-millor\/"]}]},{"@type":"ImageObject","inLanguage":"ca","@id":"https:\/\/abd.ong\/ca\/inclusio-i-pobresa\/el-grup-abd-collabora-amb-ayuda-en-accion-i-ikea-a-lexposicio-joves-amb-ganes-de-traslladar-se-a-un-futur-millor\/#primaryimage","url":"https:\/\/abd.ong\/wp-content\/uploads\/2023\/10\/IMG_1122.jpg","contentUrl":"https:\/\/abd.ong\/wp-content\/uploads\/2023\/10\/IMG_1122.jpg","width":2048,"height":1536},{"@type":"BreadcrumbList","@id":"https:\/\/abd.ong\/ca\/inclusio-i-pobresa\/el-grup-abd-collabora-amb-ayuda-en-accion-i-ikea-a-lexposicio-joves-amb-ganes-de-traslladar-se-a-un-futur-millor\/#breadcrumb","itemListElement":[{"@type":"ListItem","position":1,"name":"Inici","item":"https:\/\/abd.ong\/ca\/"},{"@type":"ListItem","position":2,"name":"El Grup ABD col\u00b7labora amb Ayuda en Acci\u00f3n i IKEA a l&#8217;exposici\u00f3 &#8216;Joves amb ganes de traslladar-se a un futur millor&#8217;"}]},{"@type":"WebSite","@id":"https:\/\/abd.ong\/ca\/#website","url":"https:\/\/abd.ong\/ca\/","name":"ABD","description":"Asociaci\u00f3n Bienestar y Desarrollo","publisher":{"@id":"https:\/\/abd.ong\/ca\/#organization"},"potentialAction":[{"@type":"SearchAction","target":{"@type":"EntryPoint","urlTemplate":"https:\/\/abd.ong\/ca\/?s={search_term_string}"},"query-input":{"@type":"PropertyValueSpecification","valueRequired":true,"valueName":"search_term_string"}}],"inLanguage":"ca"},{"@type":"Organization","@id":"https:\/\/abd.ong\/ca\/#organization","name":"Associaci\u00f3 Benestar i Desenvolupament","alternateName":"ABD","url":"https:\/\/abd.ong\/ca\/","logo":{"@type":"ImageObject","inLanguage":"ca","@id":"https:\/\/abd.ong\/ca\/#\/schema\/logo\/image\/","url":"https:\/\/abd.ong\/wp-content\/uploads\/2023\/01\/Icona.png","contentUrl":"https:\/\/abd.ong\/wp-content\/uploads\/2023\/01\/Icona.png","width":190,"height":187,"caption":"Associaci\u00f3 Benestar i Desenvolupament"},"image":{"@id":"https:\/\/abd.ong\/ca\/#\/schema\/logo\/image\/"},"sameAs":["https:\/\/www.facebook.com\/abd.ong","https:\/\/x.com\/abd_ong","https:\/\/www.instagram.com\/abd_ong\/","https:\/\/www.linkedin.com\/company\/abdong","https:\/\/www.youtube.com\/user\/CANALABD"]},{"@type":"Person","@id":"https:\/\/abd.ong\/ca\/#\/schema\/person\/d0f5fe279a7ad908de6a6d1332bfd7d8","name":"Enric Guinart"}]}},"_links":{"self":[{"href":"https:\/\/abd.ong\/ca\/wp-json\/wp\/v2\/posts\/155197","targetHints":{"allow":["GET"]}}],"collection":[{"href":"https:\/\/abd.ong\/ca\/wp-json\/wp\/v2\/posts"}],"about":[{"href":"https:\/\/abd.ong\/ca\/wp-json\/wp\/v2\/types\/post"}],"author":[{"embeddable":true,"href":"https:\/\/abd.ong\/ca\/wp-json\/wp\/v2\/users\/2"}],"replies":[{"embeddable":true,"href":"https:\/\/abd.ong\/ca\/wp-json\/wp\/v2\/comments?post=155197"}],"version-history":[{"count":2,"href":"https:\/\/abd.ong\/ca\/wp-json\/wp\/v2\/posts\/155197\/revisions"}],"predecessor-version":[{"id":155199,"href":"https:\/\/abd.ong\/ca\/wp-json\/wp\/v2\/posts\/155197\/revisions\/155199"}],"wp:featuredmedia":[{"embeddable":true,"href":"https:\/\/abd.ong\/ca\/wp-json\/wp\/v2\/media\/155190"}],"wp:attachment":[{"href":"https:\/\/abd.ong\/ca\/wp-json\/wp\/v2\/media?parent=155197"}],"wp:term":[{"taxonomy":"category","embeddable":true,"href":"https:\/\/abd.ong\/ca\/wp-json\/wp\/v2\/categories?post=155197"},{"taxonomy":"post_tag","embeddable":true,"href":"https:\/\/abd.ong\/ca\/wp-json\/wp\/v2\/tags?post=155197"}],"curies":[{"name":"wp","href":"https:\/\/api.w.org\/{rel}","templated":true}]}}