{"id":155033,"date":"2023-10-13T13:11:09","date_gmt":"2023-10-13T11:11:09","guid":{"rendered":"https:\/\/abd.ong\/sense-categoria\/la-jornada-elsuicidioescosadetodxs-reuneix-un-centenar-de-professionals-per-a-compartir-reflexions-i-experiencies\/"},"modified":"2023-10-16T10:09:40","modified_gmt":"2023-10-16T08:09:40","slug":"la-jornada-elsuicidioescosadetodxs-reuneix-un-centenar-de-professionals-per-a-compartir-reflexions-i-experiencies","status":"publish","type":"post","link":"https:\/\/abd.ong\/ca\/general-ca\/la-jornada-elsuicidioescosadetodxs-reuneix-un-centenar-de-professionals-per-a-compartir-reflexions-i-experiencies\/","title":{"rendered":"La jornada #elsuicidioescosadetodxs reuneix un centenar de professionals per a compartir reflexions i experi\u00e8ncies"},"content":{"rendered":"\n<p>Seguint amb la campanya #elsuicidioescosadetodxs, iniciada al maig a trav\u00e9s de les xarxes socials d&#8217;ABD, el grup de treball de Dies Internacionals de l&#8217;entitat va organitzar una jornada dirigida principalment a professionals per a reflexionar i compartir experi\u00e8ncies sobre l&#8217;<strong>impacte del su\u00efcidi en diferents col\u00b7lectius i el rol de tota la societat en la seva prevenci\u00f3<\/strong>.<\/p>\n\n\n\n<p>El divendres 29 de setembre, professionals que treballen en l&#8217;\u00e0mbit d&#8217;inf\u00e0ncia i fam\u00edlia, drogues, persones majors, VIH i sida i viol\u00e8ncia de g\u00e8nere van identificar alguns factors de risc i de prevenci\u00f3 en relaci\u00f3 al su\u00efcidi en els col\u00b7lectius amb els quals treballen i van compartir les seves experi\u00e8ncies en la prevenci\u00f3 i en l&#8217;acompanyament de persones que han viscut situacions relacionades amb el su\u00efcidi.<\/p>\n\n\n\n<p>M\u00e9s de 30 professionals de diferents \u00e0rees de l&#8217;entitat van participar en la jornada en la qual van intervenir Elena Rodr\u00edguez i Maria Pilar Vega de Casa Grande i Espacio Familia Pozuelo per a parlar de<em> La fam\u00edlia com a factor de protecci\u00f3<\/em>; Timisay Fuentes i Gerardo Villar de Casa Grande que van abordar <em>La conducta su\u00efcida des de la inf\u00e0ncia i l&#8217;adolesc\u00e8ncia<\/em>, Mari Carmen Guti\u00e9rrez de CAF6 i SENES que va tractar <em>el su\u00efcidi en persones grans<\/em>; Marta Espelt del SIE Pened\u00e8s i Jessica Espinoza de CAPSEM Sur que van parlar del <em>su\u00efcidi en dones com a feminicidis invisibles<\/em>; Laura Moreno de l&#8217;\u00c0rea de Drogues\/ Salut Madrid qui va abordar la incid\u00e8ncia i l&#8217;impacte del <em>su\u00efcidi en persones usu\u00e0ries de drogues<\/em>, i Mario Robles de SAVA-VIH qui va compartir la seva experi\u00e8ncia sobre l&#8217;impacte del su\u00efcidi dins del programa.<\/p>\n\n\n\n<p>La jornada va voler servir com a commemoraci\u00f3 del dia mundial per a la prevenci\u00f3 del su\u00efcidi, que se celebra el 10 de setembre, i \u00e9s que, com va apuntar la directora d&#8217;ABD Madrid, Laura Pi\u00f1eiro, en la benvinguda i presentaci\u00f3 de la jornada &#8220;El su\u00efcidi \u00e9s un problema de salut p\u00fablica de primera magnitud&#8221;, perqu\u00e8 s&#8217;estima que &#8220;cada any en el m\u00f3n moren per su\u00efcidi al voltant de 800.000 persones, constituint l&#8217;haver realitzat un intent de su\u00efcidi previ el principal factor de risc&#8221;.<\/p>\n\n\n\n<p>Un centenar de professionals, majorit\u00e0riament del grup ABD, van seguir la jornada durant el mat\u00ed compartint els seus dubtes, preguntes i experi\u00e8ncies en la intervenci\u00f3.\r\n\r\nRecupera aqu\u00ed la jornada:<\/p>\n\n\n\n<figure class=\"wp-block-embed aligncenter is-type-video is-provider-youtube wp-block-embed-youtube wp-embed-aspect-16-9 wp-has-aspect-ratio\"><div class=\"wp-block-embed__wrapper\">\n<iframe title=\"Jornada #elsuicidioescosadetodxs\" width=\"500\" height=\"281\" src=\"https:\/\/www.youtube.com\/embed\/PY1zljVRVPE?feature=oembed\" frameborder=\"0\" allow=\"accelerometer; autoplay; clipboard-write; encrypted-media; gyroscope; picture-in-picture; web-share\" referrerpolicy=\"strict-origin-when-cross-origin\" allowfullscreen><\/iframe>\n<\/div><\/figure>\n","protected":false},"excerpt":{"rendered":"<p>Seguint amb la campanya #elsuicidioescosadetodxs, iniciada al maig a trav\u00e9s de les xarxes socials d&#8217;ABD, el grup de treball de Dies Internacionals de l&#8217;entitat va organitzar una jornada dirigida principalment&hellip;<\/p>\n","protected":false},"author":9,"featured_media":155040,"comment_status":"closed","ping_status":"closed","sticky":false,"template":"","format":"standard","meta":{"_acf_changed":false,"footnotes":""},"categories":[66],"tags":[119,2450,175,2625,2626,3877,2529,2267,3875,3876,2629,2305],"class_list":["post-155033","post","type-post","status-publish","format-standard","has-post-thumbnail","hentry","category-general-ca","tag-abd","tag-adolescencia-ca","tag-drogas-ca","tag-families-ca","tag-infancia-ca","tag-infancia-i-adolescencia","tag-jornada-ca-2","tag-persones-grans-ca","tag-prevencio-ca","tag-suicidi","tag-vih-ca","tag-violencia-masclista"],"acf":[],"yoast_head":"<!-- This site is optimized with the Yoast SEO plugin v27.4 - https:\/\/yoast.com\/product\/yoast-seo-wordpress\/ -->\n<title>La jornada #elsuicidioescosadetodxs reuneix un centenar de professionals per a compartir reflexions i experi\u00e8ncies - ABD<\/title>\n<meta name=\"description\" content=\"Seguint amb la campanya #elsuicidioescosadetodxs, iniciada al maig a trav\u00e9s de les xarxes socials d&#039;ABD, el grup de treball de Dies Internacionals de\" \/>\n<meta name=\"robots\" content=\"index, follow, max-snippet:-1, max-image-preview:large, max-video-preview:-1\" \/>\n<link rel=\"canonical\" href=\"https:\/\/abd.ong\/ca\/general-ca\/la-jornada-elsuicidioescosadetodxs-reuneix-un-centenar-de-professionals-per-a-compartir-reflexions-i-experiencies\/\" \/>\n<meta property=\"og:locale\" content=\"ca_ES\" \/>\n<meta property=\"og:type\" content=\"article\" \/>\n<meta property=\"og:title\" content=\"La jornada #elsuicidioescosadetodxs reuneix un centenar de professionals per a compartir reflexions i experi\u00e8ncies - ABD\" \/>\n<meta property=\"og:description\" content=\"Seguint amb la campanya #elsuicidioescosadetodxs, iniciada al maig a trav\u00e9s de les xarxes socials d&#039;ABD, el grup de treball de Dies Internacionals de\" \/>\n<meta property=\"og:url\" content=\"https:\/\/abd.ong\/ca\/general-ca\/la-jornada-elsuicidioescosadetodxs-reuneix-un-centenar-de-professionals-per-a-compartir-reflexions-i-experiencies\/\" \/>\n<meta property=\"og:site_name\" content=\"ABD\" \/>\n<meta property=\"article:publisher\" content=\"https:\/\/www.facebook.com\/abd.ong\" \/>\n<meta property=\"article:published_time\" content=\"2023-10-13T11:11:09+00:00\" \/>\n<meta property=\"article:modified_time\" content=\"2023-10-16T08:09:40+00:00\" \/>\n<meta property=\"og:image\" content=\"https:\/\/abd.ong\/wp-content\/uploads\/2023\/10\/jornada-suicidio.png\" \/>\n\t<meta property=\"og:image:width\" content=\"856\" \/>\n\t<meta property=\"og:image:height\" content=\"535\" \/>\n\t<meta property=\"og:image:type\" content=\"image\/png\" \/>\n<meta name=\"author\" content=\"Maria Creixell\" \/>\n<meta name=\"twitter:card\" content=\"summary_large_image\" \/>\n<meta name=\"twitter:creator\" content=\"@abd_ong\" \/>\n<meta name=\"twitter:site\" content=\"@abd_ong\" \/>\n<meta name=\"twitter:label1\" content=\"Escrit per\" \/>\n\t<meta name=\"twitter:data1\" content=\"Maria Creixell\" \/>\n\t<meta name=\"twitter:label2\" content=\"Temps estimat de lectura\" \/>\n\t<meta name=\"twitter:data2\" content=\"2 minuts\" \/>\n<script type=\"application\/ld+json\" class=\"yoast-schema-graph\">{\"@context\":\"https:\\\/\\\/schema.org\",\"@graph\":[{\"@type\":\"Article\",\"@id\":\"https:\\\/\\\/abd.ong\\\/ca\\\/general-ca\\\/la-jornada-elsuicidioescosadetodxs-reuneix-un-centenar-de-professionals-per-a-compartir-reflexions-i-experiencies\\\/#article\",\"isPartOf\":{\"@id\":\"https:\\\/\\\/abd.ong\\\/ca\\\/general-ca\\\/la-jornada-elsuicidioescosadetodxs-reuneix-un-centenar-de-professionals-per-a-compartir-reflexions-i-experiencies\\\/\"},\"author\":{\"name\":\"Maria Creixell\",\"@id\":\"https:\\\/\\\/abd.ong\\\/ca\\\/#\\\/schema\\\/person\\\/d2e158b4173f683b3898e286f5b35a10\"},\"headline\":\"La jornada #elsuicidioescosadetodxs reuneix un centenar de professionals per a compartir reflexions i experi\u00e8ncies\",\"datePublished\":\"2023-10-13T11:11:09+00:00\",\"dateModified\":\"2023-10-16T08:09:40+00:00\",\"mainEntityOfPage\":{\"@id\":\"https:\\\/\\\/abd.ong\\\/ca\\\/general-ca\\\/la-jornada-elsuicidioescosadetodxs-reuneix-un-centenar-de-professionals-per-a-compartir-reflexions-i-experiencies\\\/\"},\"wordCount\":440,\"publisher\":{\"@id\":\"https:\\\/\\\/abd.ong\\\/ca\\\/#organization\"},\"image\":{\"@id\":\"https:\\\/\\\/abd.ong\\\/ca\\\/general-ca\\\/la-jornada-elsuicidioescosadetodxs-reuneix-un-centenar-de-professionals-per-a-compartir-reflexions-i-experiencies\\\/#primaryimage\"},\"thumbnailUrl\":\"https:\\\/\\\/abd.ong\\\/wp-content\\\/uploads\\\/2023\\\/10\\\/jornada-suicidio.png\",\"keywords\":[\"ABD\",\"adolesc\u00e8ncia\",\"drogas\",\"fam\u00edlies\",\"inf\u00e0ncia\",\"inf\u00e0ncia i adolesc\u00e8ncia\",\"jornada\",\"persones grans\",\"prevenci\u00f3\",\"su\u00efcidi\",\"VIH\",\"viol\u00e8ncia masclista\"],\"articleSection\":[\"General\"],\"inLanguage\":\"ca\"},{\"@type\":\"WebPage\",\"@id\":\"https:\\\/\\\/abd.ong\\\/ca\\\/general-ca\\\/la-jornada-elsuicidioescosadetodxs-reuneix-un-centenar-de-professionals-per-a-compartir-reflexions-i-experiencies\\\/\",\"url\":\"https:\\\/\\\/abd.ong\\\/ca\\\/general-ca\\\/la-jornada-elsuicidioescosadetodxs-reuneix-un-centenar-de-professionals-per-a-compartir-reflexions-i-experiencies\\\/\",\"name\":\"La jornada #elsuicidioescosadetodxs reuneix un centenar de professionals per a compartir reflexions i experi\u00e8ncies - ABD\",\"isPartOf\":{\"@id\":\"https:\\\/\\\/abd.ong\\\/ca\\\/#website\"},\"primaryImageOfPage\":{\"@id\":\"https:\\\/\\\/abd.ong\\\/ca\\\/general-ca\\\/la-jornada-elsuicidioescosadetodxs-reuneix-un-centenar-de-professionals-per-a-compartir-reflexions-i-experiencies\\\/#primaryimage\"},\"image\":{\"@id\":\"https:\\\/\\\/abd.ong\\\/ca\\\/general-ca\\\/la-jornada-elsuicidioescosadetodxs-reuneix-un-centenar-de-professionals-per-a-compartir-reflexions-i-experiencies\\\/#primaryimage\"},\"thumbnailUrl\":\"https:\\\/\\\/abd.ong\\\/wp-content\\\/uploads\\\/2023\\\/10\\\/jornada-suicidio.png\",\"datePublished\":\"2023-10-13T11:11:09+00:00\",\"dateModified\":\"2023-10-16T08:09:40+00:00\",\"description\":\"Seguint amb la campanya #elsuicidioescosadetodxs, iniciada al maig a trav\u00e9s de les xarxes socials d'ABD, el grup de treball de Dies Internacionals de\",\"breadcrumb\":{\"@id\":\"https:\\\/\\\/abd.ong\\\/ca\\\/general-ca\\\/la-jornada-elsuicidioescosadetodxs-reuneix-un-centenar-de-professionals-per-a-compartir-reflexions-i-experiencies\\\/#breadcrumb\"},\"inLanguage\":\"ca\",\"potentialAction\":[{\"@type\":\"ReadAction\",\"target\":[\"https:\\\/\\\/abd.ong\\\/ca\\\/general-ca\\\/la-jornada-elsuicidioescosadetodxs-reuneix-un-centenar-de-professionals-per-a-compartir-reflexions-i-experiencies\\\/\"]}]},{\"@type\":\"ImageObject\",\"inLanguage\":\"ca\",\"@id\":\"https:\\\/\\\/abd.ong\\\/ca\\\/general-ca\\\/la-jornada-elsuicidioescosadetodxs-reuneix-un-centenar-de-professionals-per-a-compartir-reflexions-i-experiencies\\\/#primaryimage\",\"url\":\"https:\\\/\\\/abd.ong\\\/wp-content\\\/uploads\\\/2023\\\/10\\\/jornada-suicidio.png\",\"contentUrl\":\"https:\\\/\\\/abd.ong\\\/wp-content\\\/uploads\\\/2023\\\/10\\\/jornada-suicidio.png\",\"width\":856,\"height\":535},{\"@type\":\"BreadcrumbList\",\"@id\":\"https:\\\/\\\/abd.ong\\\/ca\\\/general-ca\\\/la-jornada-elsuicidioescosadetodxs-reuneix-un-centenar-de-professionals-per-a-compartir-reflexions-i-experiencies\\\/#breadcrumb\",\"itemListElement\":[{\"@type\":\"ListItem\",\"position\":1,\"name\":\"Inici\",\"item\":\"https:\\\/\\\/abd.ong\\\/ca\\\/\"},{\"@type\":\"ListItem\",\"position\":2,\"name\":\"La jornada #elsuicidioescosadetodxs reuneix un centenar de professionals per a compartir reflexions i experi\u00e8ncies\"}]},{\"@type\":\"WebSite\",\"@id\":\"https:\\\/\\\/abd.ong\\\/ca\\\/#website\",\"url\":\"https:\\\/\\\/abd.ong\\\/ca\\\/\",\"name\":\"ABD\",\"description\":\"Asociaci\u00f3n Bienestar y Desarrollo\",\"publisher\":{\"@id\":\"https:\\\/\\\/abd.ong\\\/ca\\\/#organization\"},\"potentialAction\":[{\"@type\":\"SearchAction\",\"target\":{\"@type\":\"EntryPoint\",\"urlTemplate\":\"https:\\\/\\\/abd.ong\\\/ca\\\/?s={search_term_string}\"},\"query-input\":{\"@type\":\"PropertyValueSpecification\",\"valueRequired\":true,\"valueName\":\"search_term_string\"}}],\"inLanguage\":\"ca\"},{\"@type\":\"Organization\",\"@id\":\"https:\\\/\\\/abd.ong\\\/ca\\\/#organization\",\"name\":\"Associaci\u00f3 Benestar i Desenvolupament\",\"alternateName\":\"ABD\",\"url\":\"https:\\\/\\\/abd.ong\\\/ca\\\/\",\"logo\":{\"@type\":\"ImageObject\",\"inLanguage\":\"ca\",\"@id\":\"https:\\\/\\\/abd.ong\\\/ca\\\/#\\\/schema\\\/logo\\\/image\\\/\",\"url\":\"https:\\\/\\\/abd.ong\\\/wp-content\\\/uploads\\\/2023\\\/01\\\/Icona.png\",\"contentUrl\":\"https:\\\/\\\/abd.ong\\\/wp-content\\\/uploads\\\/2023\\\/01\\\/Icona.png\",\"width\":190,\"height\":187,\"caption\":\"Associaci\u00f3 Benestar i Desenvolupament\"},\"image\":{\"@id\":\"https:\\\/\\\/abd.ong\\\/ca\\\/#\\\/schema\\\/logo\\\/image\\\/\"},\"sameAs\":[\"https:\\\/\\\/www.facebook.com\\\/abd.ong\",\"https:\\\/\\\/x.com\\\/abd_ong\",\"https:\\\/\\\/www.instagram.com\\\/abd_ong\\\/\",\"https:\\\/\\\/www.linkedin.com\\\/company\\\/abdong\",\"https:\\\/\\\/www.youtube.com\\\/user\\\/CANALABD\"]},{\"@type\":\"Person\",\"@id\":\"https:\\\/\\\/abd.ong\\\/ca\\\/#\\\/schema\\\/person\\\/d2e158b4173f683b3898e286f5b35a10\",\"name\":\"Maria Creixell\"}]}<\/script>\n<!-- \/ Yoast SEO plugin. -->","yoast_head_json":{"title":"La jornada #elsuicidioescosadetodxs reuneix un centenar de professionals per a compartir reflexions i experi\u00e8ncies - ABD","description":"Seguint amb la campanya #elsuicidioescosadetodxs, iniciada al maig a trav\u00e9s de les xarxes socials d'ABD, el grup de treball de Dies Internacionals de","robots":{"index":"index","follow":"follow","max-snippet":"max-snippet:-1","max-image-preview":"max-image-preview:large","max-video-preview":"max-video-preview:-1"},"canonical":"https:\/\/abd.ong\/ca\/general-ca\/la-jornada-elsuicidioescosadetodxs-reuneix-un-centenar-de-professionals-per-a-compartir-reflexions-i-experiencies\/","og_locale":"ca_ES","og_type":"article","og_title":"La jornada #elsuicidioescosadetodxs reuneix un centenar de professionals per a compartir reflexions i experi\u00e8ncies - ABD","og_description":"Seguint amb la campanya #elsuicidioescosadetodxs, iniciada al maig a trav\u00e9s de les xarxes socials d'ABD, el grup de treball de Dies Internacionals de","og_url":"https:\/\/abd.ong\/ca\/general-ca\/la-jornada-elsuicidioescosadetodxs-reuneix-un-centenar-de-professionals-per-a-compartir-reflexions-i-experiencies\/","og_site_name":"ABD","article_publisher":"https:\/\/www.facebook.com\/abd.ong","article_published_time":"2023-10-13T11:11:09+00:00","article_modified_time":"2023-10-16T08:09:40+00:00","og_image":[{"width":856,"height":535,"url":"https:\/\/abd.ong\/wp-content\/uploads\/2023\/10\/jornada-suicidio.png","type":"image\/png"}],"author":"Maria Creixell","twitter_card":"summary_large_image","twitter_creator":"@abd_ong","twitter_site":"@abd_ong","twitter_misc":{"Escrit per":"Maria Creixell","Temps estimat de lectura":"2 minuts"},"schema":{"@context":"https:\/\/schema.org","@graph":[{"@type":"Article","@id":"https:\/\/abd.ong\/ca\/general-ca\/la-jornada-elsuicidioescosadetodxs-reuneix-un-centenar-de-professionals-per-a-compartir-reflexions-i-experiencies\/#article","isPartOf":{"@id":"https:\/\/abd.ong\/ca\/general-ca\/la-jornada-elsuicidioescosadetodxs-reuneix-un-centenar-de-professionals-per-a-compartir-reflexions-i-experiencies\/"},"author":{"name":"Maria Creixell","@id":"https:\/\/abd.ong\/ca\/#\/schema\/person\/d2e158b4173f683b3898e286f5b35a10"},"headline":"La jornada #elsuicidioescosadetodxs reuneix un centenar de professionals per a compartir reflexions i experi\u00e8ncies","datePublished":"2023-10-13T11:11:09+00:00","dateModified":"2023-10-16T08:09:40+00:00","mainEntityOfPage":{"@id":"https:\/\/abd.ong\/ca\/general-ca\/la-jornada-elsuicidioescosadetodxs-reuneix-un-centenar-de-professionals-per-a-compartir-reflexions-i-experiencies\/"},"wordCount":440,"publisher":{"@id":"https:\/\/abd.ong\/ca\/#organization"},"image":{"@id":"https:\/\/abd.ong\/ca\/general-ca\/la-jornada-elsuicidioescosadetodxs-reuneix-un-centenar-de-professionals-per-a-compartir-reflexions-i-experiencies\/#primaryimage"},"thumbnailUrl":"https:\/\/abd.ong\/wp-content\/uploads\/2023\/10\/jornada-suicidio.png","keywords":["ABD","adolesc\u00e8ncia","drogas","fam\u00edlies","inf\u00e0ncia","inf\u00e0ncia i adolesc\u00e8ncia","jornada","persones grans","prevenci\u00f3","su\u00efcidi","VIH","viol\u00e8ncia masclista"],"articleSection":["General"],"inLanguage":"ca"},{"@type":"WebPage","@id":"https:\/\/abd.ong\/ca\/general-ca\/la-jornada-elsuicidioescosadetodxs-reuneix-un-centenar-de-professionals-per-a-compartir-reflexions-i-experiencies\/","url":"https:\/\/abd.ong\/ca\/general-ca\/la-jornada-elsuicidioescosadetodxs-reuneix-un-centenar-de-professionals-per-a-compartir-reflexions-i-experiencies\/","name":"La jornada #elsuicidioescosadetodxs reuneix un centenar de professionals per a compartir reflexions i experi\u00e8ncies - ABD","isPartOf":{"@id":"https:\/\/abd.ong\/ca\/#website"},"primaryImageOfPage":{"@id":"https:\/\/abd.ong\/ca\/general-ca\/la-jornada-elsuicidioescosadetodxs-reuneix-un-centenar-de-professionals-per-a-compartir-reflexions-i-experiencies\/#primaryimage"},"image":{"@id":"https:\/\/abd.ong\/ca\/general-ca\/la-jornada-elsuicidioescosadetodxs-reuneix-un-centenar-de-professionals-per-a-compartir-reflexions-i-experiencies\/#primaryimage"},"thumbnailUrl":"https:\/\/abd.ong\/wp-content\/uploads\/2023\/10\/jornada-suicidio.png","datePublished":"2023-10-13T11:11:09+00:00","dateModified":"2023-10-16T08:09:40+00:00","description":"Seguint amb la campanya #elsuicidioescosadetodxs, iniciada al maig a trav\u00e9s de les xarxes socials d'ABD, el grup de treball de Dies Internacionals de","breadcrumb":{"@id":"https:\/\/abd.ong\/ca\/general-ca\/la-jornada-elsuicidioescosadetodxs-reuneix-un-centenar-de-professionals-per-a-compartir-reflexions-i-experiencies\/#breadcrumb"},"inLanguage":"ca","potentialAction":[{"@type":"ReadAction","target":["https:\/\/abd.ong\/ca\/general-ca\/la-jornada-elsuicidioescosadetodxs-reuneix-un-centenar-de-professionals-per-a-compartir-reflexions-i-experiencies\/"]}]},{"@type":"ImageObject","inLanguage":"ca","@id":"https:\/\/abd.ong\/ca\/general-ca\/la-jornada-elsuicidioescosadetodxs-reuneix-un-centenar-de-professionals-per-a-compartir-reflexions-i-experiencies\/#primaryimage","url":"https:\/\/abd.ong\/wp-content\/uploads\/2023\/10\/jornada-suicidio.png","contentUrl":"https:\/\/abd.ong\/wp-content\/uploads\/2023\/10\/jornada-suicidio.png","width":856,"height":535},{"@type":"BreadcrumbList","@id":"https:\/\/abd.ong\/ca\/general-ca\/la-jornada-elsuicidioescosadetodxs-reuneix-un-centenar-de-professionals-per-a-compartir-reflexions-i-experiencies\/#breadcrumb","itemListElement":[{"@type":"ListItem","position":1,"name":"Inici","item":"https:\/\/abd.ong\/ca\/"},{"@type":"ListItem","position":2,"name":"La jornada #elsuicidioescosadetodxs reuneix un centenar de professionals per a compartir reflexions i experi\u00e8ncies"}]},{"@type":"WebSite","@id":"https:\/\/abd.ong\/ca\/#website","url":"https:\/\/abd.ong\/ca\/","name":"ABD","description":"Asociaci\u00f3n Bienestar y Desarrollo","publisher":{"@id":"https:\/\/abd.ong\/ca\/#organization"},"potentialAction":[{"@type":"SearchAction","target":{"@type":"EntryPoint","urlTemplate":"https:\/\/abd.ong\/ca\/?s={search_term_string}"},"query-input":{"@type":"PropertyValueSpecification","valueRequired":true,"valueName":"search_term_string"}}],"inLanguage":"ca"},{"@type":"Organization","@id":"https:\/\/abd.ong\/ca\/#organization","name":"Associaci\u00f3 Benestar i Desenvolupament","alternateName":"ABD","url":"https:\/\/abd.ong\/ca\/","logo":{"@type":"ImageObject","inLanguage":"ca","@id":"https:\/\/abd.ong\/ca\/#\/schema\/logo\/image\/","url":"https:\/\/abd.ong\/wp-content\/uploads\/2023\/01\/Icona.png","contentUrl":"https:\/\/abd.ong\/wp-content\/uploads\/2023\/01\/Icona.png","width":190,"height":187,"caption":"Associaci\u00f3 Benestar i Desenvolupament"},"image":{"@id":"https:\/\/abd.ong\/ca\/#\/schema\/logo\/image\/"},"sameAs":["https:\/\/www.facebook.com\/abd.ong","https:\/\/x.com\/abd_ong","https:\/\/www.instagram.com\/abd_ong\/","https:\/\/www.linkedin.com\/company\/abdong","https:\/\/www.youtube.com\/user\/CANALABD"]},{"@type":"Person","@id":"https:\/\/abd.ong\/ca\/#\/schema\/person\/d2e158b4173f683b3898e286f5b35a10","name":"Maria Creixell"}]}},"_links":{"self":[{"href":"https:\/\/abd.ong\/ca\/wp-json\/wp\/v2\/posts\/155033","targetHints":{"allow":["GET"]}}],"collection":[{"href":"https:\/\/abd.ong\/ca\/wp-json\/wp\/v2\/posts"}],"about":[{"href":"https:\/\/abd.ong\/ca\/wp-json\/wp\/v2\/types\/post"}],"author":[{"embeddable":true,"href":"https:\/\/abd.ong\/ca\/wp-json\/wp\/v2\/users\/9"}],"replies":[{"embeddable":true,"href":"https:\/\/abd.ong\/ca\/wp-json\/wp\/v2\/comments?post=155033"}],"version-history":[{"count":3,"href":"https:\/\/abd.ong\/ca\/wp-json\/wp\/v2\/posts\/155033\/revisions"}],"predecessor-version":[{"id":155044,"href":"https:\/\/abd.ong\/ca\/wp-json\/wp\/v2\/posts\/155033\/revisions\/155044"}],"wp:featuredmedia":[{"embeddable":true,"href":"https:\/\/abd.ong\/ca\/wp-json\/wp\/v2\/media\/155040"}],"wp:attachment":[{"href":"https:\/\/abd.ong\/ca\/wp-json\/wp\/v2\/media?parent=155033"}],"wp:term":[{"taxonomy":"category","embeddable":true,"href":"https:\/\/abd.ong\/ca\/wp-json\/wp\/v2\/categories?post=155033"},{"taxonomy":"post_tag","embeddable":true,"href":"https:\/\/abd.ong\/ca\/wp-json\/wp\/v2\/tags?post=155033"}],"curies":[{"name":"wp","href":"https:\/\/api.w.org\/{rel}","templated":true}]}}