{"id":15459,"date":"2020-05-28T10:16:44","date_gmt":"2020-05-28T08:16:44","guid":{"rendered":"https:\/\/abd.ong\/?p=15459"},"modified":"2021-08-30T10:33:07","modified_gmt":"2021-08-30T08:33:07","slug":"abd-als-mitjans-de-comunicacio-al-maig","status":"publish","type":"post","link":"https:\/\/abd.ong\/ca\/general-ca\/abd-als-mitjans-de-comunicacio-al-maig\/","title":{"rendered":"ABD als mitjans de comunicaci\u00f3 al maig"},"content":{"rendered":"\n<p>L\u2019<strong><a href=\"https:\/\/abd.ong\">Associaci\u00f3 Benestar i Desenvolupament<\/a>&nbsp;(ABD)<\/strong>&nbsp;ha estat present als mitjans de comunicaci\u00f3 durant aquest mes d\u2019abril. A continuaci\u00f3, el recull de premsa de les diverses not\u00edcies, articles i reportatges als quals hem format part com a entitat.<\/p>\n\n\n\n<p><strong>24\/5\/20 \u2013 Diario.es (EFE)<\/strong><\/p>\n\n\n\n<p><em>Ambdues protagonistes d&#8217;aquesta cr\u00f2nica, que han accedit a explicar les seves hist\u00f2ries a EFE, s\u00f3n bolivianes residents a Barcelona i dues de les v\u00edctimes &#8220;invisibles&#8221; de l&#8217;emerg\u00e8ncia de la COVID-19, segons l&#8217;encertada definici\u00f3 de l&#8217;Associaci\u00f3 Benestat i Desenvolupament..<\/em><\/p>\n\n\n\n<p><a href=\"https:\/\/www.eldiario.es\/sociedad\/gaby-rojas-emiliana-lima-invisibles_1_5975669.html\"><strong>Gaby Rojas y Emiliana Lima: dos rostros invisibles golpeados por la pandemia<\/strong><\/a><\/p>\n\n\n\n<p><strong>24\/5\/20 \u2013 Spain News (EFE)<\/strong><\/p>\n\n\n\n<p><em>Gaby Rojas, with three dependent children, has not yet seen a penny of the ERTE benefit that she must receive, while Emiliana Lima, with a child in tow, was told not to go to the houses that she usually cleans and has been Thus left without income and a rent -without a contract- that must continue to be paid.<\/em><\/p>\n\n\n\n<p><a href=\"https:\/\/spainsnews.com\/two-invisible-faces-struck-by-the-pandemic\/\"><strong>Two invisible faces struck by the pandemic<\/strong><\/a><\/p>\n\n\n\n<p><strong>21\/5\/20 \u2013 Segre<\/strong><\/p>\n\n\n\n<p><em>Preveuen fer-ho a partir de la setmana vinent, quan la regi\u00f3 sanit\u00e0ria de les comarques de muntanya entrar\u00e0 a la fase 2 de la desescalada.<\/em><\/p>\n\n\n\n<p><a href=\"https:\/\/www.segre.com\/noticies\/comarques\/2020\/05\/21\/residencies_del_pirineu_es_preparen_per_rebre_familiars_la_fase_2_106570_1091.html\"><strong>Resid\u00e8ncies del Pirineu ja es preparen per rebre familiars en la fase 2<\/strong><\/a><\/p>\n\n\n\n<p><strong>19\/5\/20 \u2013 L\u2019H Digital<\/strong><\/p>\n\n\n\n<p><em>La iniciativa vol recaptar 60.000 euros per a donar suport econ\u00f2mic puntual als quals anomenen &#8220;confinaments invisibles&#8221;.<\/em><\/p>\n\n\n\n<p><a href=\"https:\/\/lhdigital.cat\/web\/digital-h\/noticia\/societat\/-\/journal_content\/56_INSTANCE_43Th\/11023\/14840092\"><strong>La campanya #JoEtVeig recapta fons per als &#8220;confinaments invisibles&#8221;<\/strong><\/a><\/p>\n\n\n\n<p><strong>18\/5\/20 \u2013 Xarxanet<\/strong><\/p>\n\n\n\n<p><em>L&#8217;Associaci\u00f3 Benestar i Desenvolupament posa en marxa #JoEtVeig, una campanya per a donar suport a les fam\u00edlies en situaci\u00f3 d&#8217;emerg\u00e8ncia i pobresa a causa de la pand\u00e8mia.<\/em><\/p>\n\n\n\n<p><a href=\"https:\/\/xarxanet.org\/comunitari\/noticies\/confinament-invisible-les-mes-afectades-la-crisi\"><strong><em>Campanya de captaci\u00f3 de donacions per acabar amb el confinament invisible<\/em><\/strong><\/a><\/p>\n\n\n\n<p><strong>18\/5\/20 \u2013 Vilaweb<\/strong><\/p>\n\n\n\n<p><em>L&#8217;augment de la pobresa, i de la viol\u00e8ncia dom\u00e8stica, ha quedat amagat sota la&nbsp;emerg\u00e8ncia&nbsp;sanit\u00e0ria, per\u00f2 \u00e9s molt profund i preocupant i per aix\u00f2 han comen\u00e7at una campanya de captaci\u00f3 de fons.<\/em><\/p>\n\n\n\n<p><a href=\"https:\/\/www.vilaweb.cat\/noticies\/felisa-perez-classe-mitjana-vulnerable\/\"><strong>Felisa P\u00e9rez: \u2018Hi haur\u00e0 classe mitjana que entrar\u00e0 a formar part de la poblaci\u00f3 vulnerable<\/strong><\/a><\/p>\n\n\n\n<p><strong>17\/5\/20 \u2013 Diari Ara<\/strong><\/p>\n\n\n\n<p><em>Les restriccions per aturar el coronavirus han disminu\u00eft la disponibilitat de subst\u00e0ncies il\u00b7legals.<\/em><\/p>\n\n\n\n<p><a href=\"https:\/\/www.ara.cat\/internacional\/menys-drogues-mes-cares-covid-19-coronavirus_1_1143491.html\" target=\"_blank\" rel=\"noreferrer noopener\"><strong>Menys drogues i m\u00e9s cares pel covid-19<\/strong><\/a><\/p>\n\n\n\n<p><strong>17\/5\/20 \u2013 El Peri\u00f2dico<\/strong><\/p>\n\n\n\n<p><em>Les&nbsp;oeneg\u00e9s&nbsp;nom\u00e9s troben recursos en les donacions per a donar resposta a les demandes dels m\u00e9s necessitats.<\/em><\/p>\n\n\n\n<p><a href=\"https:\/\/www.elperiodico.com\/es\/sociedad\/20200517\/coronavirus-uci-social-pobreza-7962657\"><strong>&#8220;Estamos en la uci social&#8221;: las entidades piden a los Gobiernos que se impliquen con la pobreza<\/strong><\/a><\/p>\n\n\n\n<p><strong>17\/5\/2020 &#8211; El Peri\u00f3dico<\/strong><\/p>\n\n\n\n<p><em>L&#8217;actual no \u00e9s nom\u00e9s una crisi sanit\u00e0ria sense precedents, \u00e9s tamb\u00e9 una crisi social sense parang\u00f3 que est\u00e0 deixant a nombroses llars sense ingressos i portant a moltes fam\u00edlies a la cua dels serveis socials a la recerca d&#8217;aliment.<\/em><\/p>\n\n\n\n<p><a href=\"https:\/\/www.elperiodico.com\/es\/sociedad\/20200517\/relatos-pobres-7964561\"><strong>La pobreza que asoma como gran secuela del coronavirus<\/strong><\/a><\/p>\n\n\n\n<p><strong>15\/5\/20 \u2013 TV3 (Planta Baixa)<\/strong><\/p>\n\n\n\n<p><em>\u201cHi ha persones que, d&#8217;un dia per a un altre, s&#8217;han trobat sense treball i no s&#8217;han pogut acollir a cap mena d&#8217;ajuda. Al no tenir cap ingr\u00e9s no poden afrontar les necessitats m\u00e9s elementals\u201d<\/em><\/p>\n\n\n\n<p><strong>\u201c<\/strong><a href=\"https:\/\/www.ccma.cat\/tv3\/alacarta\/planta-baixa\/planta-baixa-el-sexe-en-confinament\/video\/6043012\/\"><strong>JoEtVeig\u201d \u00e9s una campanya per ajudar a les fam\u00edlies<\/strong><\/a><\/p>\n\n\n\n<p><strong>13\/5\/20 &#8211; La Sexta<\/strong><\/p>\n\n\n\n<p><em>\u201cEns trobem que gent que anava fent ara t\u00e9&nbsp;zero&nbsp;ingressos\u201d<\/em><\/p>\n\n\n\n<p><strong>Ayuda mutua entre vecinos&nbsp;<\/strong><\/p>\n\n\n\n<p><strong>09\/05\/20 \u2013 El Pa\u00eds<\/strong><\/p>\n\n\n\n<p><em>\u201cPotser quan acabi el confinament hi ha m\u00e9s gent amb addiccions que han assumit que tenen un problema i v\u00e9nen. \u00c9s complicat que hagin comen\u00e7at un proc\u00e9s de deshabituaci\u00f3 pel seu compte\u201d<\/em><\/p>\n\n\n\n<p><a href=\"https:\/\/elpais.com\/espana\/catalunya\/2020-05-08\/desintoxicarse-en-tiempos-de-pandemia.html\"><strong>Desintoxicarse en tiempo de pandemia<\/strong><\/a><\/p>\n\n\n\n<p><strong>08\/05\/20 \u2013 Tot Barcelona<\/strong><\/p>\n\n\n\n<p>&#8220;<em>L&#8217;hero\u00efna i la coca\u00efna han pujat de preu i eren m\u00e9s dif\u00edcils d&#8217;aconseguir; per\u00f2 han augmentat els consums de tabac, c\u00e0nnabis i psicof\u00e0rmacs com les&nbsp;benzodiazepines, perqu\u00e8 s\u00f3n drogues m\u00e9s&nbsp;f\u00e0cils&nbsp;d&#8217;aconseguir a casa\u201d.<\/em><\/p>\n\n\n\n<p><a href=\"https:\/\/www.totbarcelona.cat\/societat\/heroina-alcohol-psicofarmacs-confinament-consum-droga-54510\/\"><strong>Cau l&#8217;hero\u00efna per\u00f2 pugen alcohol i psicof\u00e0rmacs: l&#8217;impacte del confinament en el consum de droga<\/strong><\/a><\/p>\n\n\n\n<p><strong>05\/5\/20 \u2013 La Vanguardia<\/strong><\/p>\n\n\n\n<p><em>Estem en el centre de l&#8217;emerg\u00e8ncia a trav\u00e9s de la gesti\u00f3 dels serveis socials i sanitaris per a ancians i persones sense llar amb problemes de salut, alhora que ens disposem a ser un &#8220;agent actiu en el rescat social que moltes llars necessitaran&#8221;.<\/em><\/p>\n\n\n\n<p><a href=\"https:\/\/www.lavanguardia.com\/vida\/20200505\/48989329993\/la-ong-abd-atendio-alrededor-de-120000-personas-en-2019-un-4--mas-que-2018.html\"><strong>La ONG ABD atendi\u00f3 alrededor de 120.000 personas en 2019, un 4 % m\u00e1s que 2018<\/strong><\/a><\/p>\n\n\n\n<p><strong>05\/5\/20 &#8211; Catalunya Radio (Els Matins)&nbsp;<\/strong><\/p>\n\n\n\n<p><em>Pobresa, prostituci\u00f3, depend\u00e8ncia, addiccions&#8230;&nbsp;s\u00f3n&nbsp;els \u00e0mbits m\u00e9s vulnerables davant la&nbsp;Covid-19.&nbsp;Tert\u00falia&nbsp;amb Ferran Busquets, director de&nbsp;Arrels&nbsp;Fundaci\u00f3; Clara&nbsp;Naya, coordinadora de l&#8217;Associaci\u00f3 Lola no Est\u00e0s Sola; Merc\u00e8&nbsp;Mero\u00f1o, coordinadora dels programes per a treballadores i treballadors del sexe de la Fundaci\u00f3&nbsp;\u00c0mbit&nbsp;Prevenci\u00f3, i&nbsp;Felisa&nbsp;P\u00e9rez, presidenta de la Federaci\u00f3 Catalana de&nbsp;Drogodepend\u00e8ncies.<\/em><\/p>\n\n\n\n<p><a href=\"https:\/\/www.ccma.cat\/catradio\/alacarta\/el-mati-de-catalunya-radio\/persones-sense-llar-treballadores-del-sexe-drogodependents-els-mes-vulnerables-en-la-pandemia\/audio\/1069960\/\"><strong>Persones sense llar, treballadores del sexe, drogodependents&#8230;: els m\u00e9s vulnerables en la pand\u00e8mia<\/strong><\/a><\/p>\n","protected":false},"excerpt":{"rendered":"<p>L\u2019Associaci\u00f3 Benestar i Desenvolupament&nbsp;(ABD)&nbsp;ha estat present als mitjans de comunicaci\u00f3 durant aquest mes d\u2019abril. A continuaci\u00f3, el recull de premsa de les diverses not\u00edcies, articles i reportatges als quals hem&hellip;<\/p>\n","protected":false},"author":2,"featured_media":14666,"comment_status":"closed","ping_status":"closed","sticky":false,"template":"","format":"standard","meta":{"_acf_changed":false,"footnotes":""},"categories":[66],"tags":[675,732,1919,1916,435,1915,835,1918,1917],"class_list":["post-15459","post","type-post","status-publish","format-standard","has-post-thumbnail","hentry","category-general-ca","tag-asociacion-bienestar-y-desarrollo-ca","tag-associacio-benestar-i-desenvolupament-ca","tag-joetveig","tag-medios-de-comunicacion-2","tag-mitjans-de-comunicacio","tag-noticias-2","tag-noticies","tag-residencia","tag-yositeveo"],"acf":[],"yoast_head":"<!-- This site is optimized with the Yoast SEO plugin v27.4 - https:\/\/yoast.com\/product\/yoast-seo-wordpress\/ -->\n<title>ABD als mitjans de comunicaci\u00f3 al maig - ABD<\/title>\n<meta name=\"description\" content=\"L\u2019Associaci\u00f3 Benestar i Desenvolupament&nbsp;(ABD)&nbsp;ha estat present als mitjans de comunicaci\u00f3 durant aquest mes d\u2019abril. A continuaci\u00f3, el recull de\" \/>\n<meta name=\"robots\" content=\"index, follow, max-snippet:-1, max-image-preview:large, max-video-preview:-1\" \/>\n<link rel=\"canonical\" href=\"https:\/\/abd.ong\/ca\/general-ca\/abd-als-mitjans-de-comunicacio-al-maig\/\" \/>\n<meta property=\"og:locale\" content=\"ca_ES\" \/>\n<meta property=\"og:type\" content=\"article\" \/>\n<meta property=\"og:title\" content=\"ABD als mitjans de comunicaci\u00f3 al maig - ABD\" \/>\n<meta property=\"og:description\" content=\"L\u2019Associaci\u00f3 Benestar i Desenvolupament&nbsp;(ABD)&nbsp;ha estat present als mitjans de comunicaci\u00f3 durant aquest mes d\u2019abril. A continuaci\u00f3, el recull de\" \/>\n<meta property=\"og:url\" content=\"https:\/\/abd.ong\/ca\/general-ca\/abd-als-mitjans-de-comunicacio-al-maig\/\" \/>\n<meta property=\"og:site_name\" content=\"ABD\" \/>\n<meta property=\"article:publisher\" content=\"https:\/\/www.facebook.com\/abd.ong\" \/>\n<meta property=\"article:published_time\" content=\"2020-05-28T08:16:44+00:00\" \/>\n<meta property=\"article:modified_time\" content=\"2021-08-30T08:33:07+00:00\" \/>\n<meta property=\"og:image\" content=\"https:\/\/abd.ong\/wp-content\/uploads\/2020\/05\/old-tv-1149416_1920.jpg\" \/>\n\t<meta property=\"og:image:width\" content=\"1919\" \/>\n\t<meta property=\"og:image:height\" content=\"977\" \/>\n\t<meta property=\"og:image:type\" content=\"image\/jpeg\" \/>\n<meta name=\"author\" content=\"Enric Guinart\" \/>\n<meta name=\"twitter:card\" content=\"summary_large_image\" \/>\n<meta name=\"twitter:creator\" content=\"@abd_ong\" \/>\n<meta name=\"twitter:site\" content=\"@abd_ong\" \/>\n<meta name=\"twitter:label1\" content=\"Escrit per\" \/>\n\t<meta name=\"twitter:data1\" content=\"Enric Guinart\" \/>\n\t<meta name=\"twitter:label2\" content=\"Temps estimat de lectura\" \/>\n\t<meta name=\"twitter:data2\" content=\"4 minuts\" \/>\n<script type=\"application\/ld+json\" class=\"yoast-schema-graph\">{\"@context\":\"https:\\\/\\\/schema.org\",\"@graph\":[{\"@type\":\"Article\",\"@id\":\"https:\\\/\\\/abd.ong\\\/ca\\\/general-ca\\\/abd-als-mitjans-de-comunicacio-al-maig\\\/#article\",\"isPartOf\":{\"@id\":\"https:\\\/\\\/abd.ong\\\/ca\\\/general-ca\\\/abd-als-mitjans-de-comunicacio-al-maig\\\/\"},\"author\":{\"name\":\"Enric Guinart\",\"@id\":\"https:\\\/\\\/abd.ong\\\/ca\\\/#\\\/schema\\\/person\\\/d0f5fe279a7ad908de6a6d1332bfd7d8\"},\"headline\":\"ABD als mitjans de comunicaci\u00f3 al maig\",\"datePublished\":\"2020-05-28T08:16:44+00:00\",\"dateModified\":\"2021-08-30T08:33:07+00:00\",\"mainEntityOfPage\":{\"@id\":\"https:\\\/\\\/abd.ong\\\/ca\\\/general-ca\\\/abd-als-mitjans-de-comunicacio-al-maig\\\/\"},\"wordCount\":826,\"publisher\":{\"@id\":\"https:\\\/\\\/abd.ong\\\/ca\\\/#organization\"},\"image\":{\"@id\":\"https:\\\/\\\/abd.ong\\\/ca\\\/general-ca\\\/abd-als-mitjans-de-comunicacio-al-maig\\\/#primaryimage\"},\"thumbnailUrl\":\"https:\\\/\\\/abd.ong\\\/wp-content\\\/uploads\\\/2020\\\/05\\\/old-tv-1149416_1920.jpg\",\"keywords\":[\"Asociaci\u00f3n Bienestar y Desarrollo\",\"Associaci\u00f3 Benestar i Desenvolupament\",\"Joetveig\",\"Medios de comunicaci\u00f3n\",\"mitjans de comunicaci\u00f3\",\"Not\u00edcias\",\"not\u00edcies\",\"residencia\",\"Yositeveo\"],\"articleSection\":[\"General\"],\"inLanguage\":\"ca\"},{\"@type\":\"WebPage\",\"@id\":\"https:\\\/\\\/abd.ong\\\/ca\\\/general-ca\\\/abd-als-mitjans-de-comunicacio-al-maig\\\/\",\"url\":\"https:\\\/\\\/abd.ong\\\/ca\\\/general-ca\\\/abd-als-mitjans-de-comunicacio-al-maig\\\/\",\"name\":\"ABD als mitjans de comunicaci\u00f3 al maig - ABD\",\"isPartOf\":{\"@id\":\"https:\\\/\\\/abd.ong\\\/ca\\\/#website\"},\"primaryImageOfPage\":{\"@id\":\"https:\\\/\\\/abd.ong\\\/ca\\\/general-ca\\\/abd-als-mitjans-de-comunicacio-al-maig\\\/#primaryimage\"},\"image\":{\"@id\":\"https:\\\/\\\/abd.ong\\\/ca\\\/general-ca\\\/abd-als-mitjans-de-comunicacio-al-maig\\\/#primaryimage\"},\"thumbnailUrl\":\"https:\\\/\\\/abd.ong\\\/wp-content\\\/uploads\\\/2020\\\/05\\\/old-tv-1149416_1920.jpg\",\"datePublished\":\"2020-05-28T08:16:44+00:00\",\"dateModified\":\"2021-08-30T08:33:07+00:00\",\"description\":\"L\u2019Associaci\u00f3 Benestar i Desenvolupament&nbsp;(ABD)&nbsp;ha estat present als mitjans de comunicaci\u00f3 durant aquest mes d\u2019abril. A continuaci\u00f3, el recull de\",\"breadcrumb\":{\"@id\":\"https:\\\/\\\/abd.ong\\\/ca\\\/general-ca\\\/abd-als-mitjans-de-comunicacio-al-maig\\\/#breadcrumb\"},\"inLanguage\":\"ca\",\"potentialAction\":[{\"@type\":\"ReadAction\",\"target\":[\"https:\\\/\\\/abd.ong\\\/ca\\\/general-ca\\\/abd-als-mitjans-de-comunicacio-al-maig\\\/\"]}]},{\"@type\":\"ImageObject\",\"inLanguage\":\"ca\",\"@id\":\"https:\\\/\\\/abd.ong\\\/ca\\\/general-ca\\\/abd-als-mitjans-de-comunicacio-al-maig\\\/#primaryimage\",\"url\":\"https:\\\/\\\/abd.ong\\\/wp-content\\\/uploads\\\/2020\\\/05\\\/old-tv-1149416_1920.jpg\",\"contentUrl\":\"https:\\\/\\\/abd.ong\\\/wp-content\\\/uploads\\\/2020\\\/05\\\/old-tv-1149416_1920.jpg\",\"width\":1919,\"height\":977,\"caption\":\"medios de comunicaci\u00f3n\"},{\"@type\":\"BreadcrumbList\",\"@id\":\"https:\\\/\\\/abd.ong\\\/ca\\\/general-ca\\\/abd-als-mitjans-de-comunicacio-al-maig\\\/#breadcrumb\",\"itemListElement\":[{\"@type\":\"ListItem\",\"position\":1,\"name\":\"Inici\",\"item\":\"https:\\\/\\\/abd.ong\\\/ca\\\/\"},{\"@type\":\"ListItem\",\"position\":2,\"name\":\"ABD als mitjans de comunicaci\u00f3 al maig\"}]},{\"@type\":\"WebSite\",\"@id\":\"https:\\\/\\\/abd.ong\\\/ca\\\/#website\",\"url\":\"https:\\\/\\\/abd.ong\\\/ca\\\/\",\"name\":\"ABD\",\"description\":\"Asociaci\u00f3n Bienestar y Desarrollo\",\"publisher\":{\"@id\":\"https:\\\/\\\/abd.ong\\\/ca\\\/#organization\"},\"potentialAction\":[{\"@type\":\"SearchAction\",\"target\":{\"@type\":\"EntryPoint\",\"urlTemplate\":\"https:\\\/\\\/abd.ong\\\/ca\\\/?s={search_term_string}\"},\"query-input\":{\"@type\":\"PropertyValueSpecification\",\"valueRequired\":true,\"valueName\":\"search_term_string\"}}],\"inLanguage\":\"ca\"},{\"@type\":\"Organization\",\"@id\":\"https:\\\/\\\/abd.ong\\\/ca\\\/#organization\",\"name\":\"Associaci\u00f3 Benestar i Desenvolupament\",\"alternateName\":\"ABD\",\"url\":\"https:\\\/\\\/abd.ong\\\/ca\\\/\",\"logo\":{\"@type\":\"ImageObject\",\"inLanguage\":\"ca\",\"@id\":\"https:\\\/\\\/abd.ong\\\/ca\\\/#\\\/schema\\\/logo\\\/image\\\/\",\"url\":\"https:\\\/\\\/abd.ong\\\/wp-content\\\/uploads\\\/2023\\\/01\\\/Icona.png\",\"contentUrl\":\"https:\\\/\\\/abd.ong\\\/wp-content\\\/uploads\\\/2023\\\/01\\\/Icona.png\",\"width\":190,\"height\":187,\"caption\":\"Associaci\u00f3 Benestar i Desenvolupament\"},\"image\":{\"@id\":\"https:\\\/\\\/abd.ong\\\/ca\\\/#\\\/schema\\\/logo\\\/image\\\/\"},\"sameAs\":[\"https:\\\/\\\/www.facebook.com\\\/abd.ong\",\"https:\\\/\\\/x.com\\\/abd_ong\",\"https:\\\/\\\/www.instagram.com\\\/abd_ong\\\/\",\"https:\\\/\\\/www.linkedin.com\\\/company\\\/abdong\",\"https:\\\/\\\/www.youtube.com\\\/user\\\/CANALABD\"]},{\"@type\":\"Person\",\"@id\":\"https:\\\/\\\/abd.ong\\\/ca\\\/#\\\/schema\\\/person\\\/d0f5fe279a7ad908de6a6d1332bfd7d8\",\"name\":\"Enric Guinart\"}]}<\/script>\n<!-- \/ Yoast SEO plugin. -->","yoast_head_json":{"title":"ABD als mitjans de comunicaci\u00f3 al maig - ABD","description":"L\u2019Associaci\u00f3 Benestar i Desenvolupament&nbsp;(ABD)&nbsp;ha estat present als mitjans de comunicaci\u00f3 durant aquest mes d\u2019abril. A continuaci\u00f3, el recull de","robots":{"index":"index","follow":"follow","max-snippet":"max-snippet:-1","max-image-preview":"max-image-preview:large","max-video-preview":"max-video-preview:-1"},"canonical":"https:\/\/abd.ong\/ca\/general-ca\/abd-als-mitjans-de-comunicacio-al-maig\/","og_locale":"ca_ES","og_type":"article","og_title":"ABD als mitjans de comunicaci\u00f3 al maig - ABD","og_description":"L\u2019Associaci\u00f3 Benestar i Desenvolupament&nbsp;(ABD)&nbsp;ha estat present als mitjans de comunicaci\u00f3 durant aquest mes d\u2019abril. A continuaci\u00f3, el recull de","og_url":"https:\/\/abd.ong\/ca\/general-ca\/abd-als-mitjans-de-comunicacio-al-maig\/","og_site_name":"ABD","article_publisher":"https:\/\/www.facebook.com\/abd.ong","article_published_time":"2020-05-28T08:16:44+00:00","article_modified_time":"2021-08-30T08:33:07+00:00","og_image":[{"width":1919,"height":977,"url":"https:\/\/abd.ong\/wp-content\/uploads\/2020\/05\/old-tv-1149416_1920.jpg","type":"image\/jpeg"}],"author":"Enric Guinart","twitter_card":"summary_large_image","twitter_creator":"@abd_ong","twitter_site":"@abd_ong","twitter_misc":{"Escrit per":"Enric Guinart","Temps estimat de lectura":"4 minuts"},"schema":{"@context":"https:\/\/schema.org","@graph":[{"@type":"Article","@id":"https:\/\/abd.ong\/ca\/general-ca\/abd-als-mitjans-de-comunicacio-al-maig\/#article","isPartOf":{"@id":"https:\/\/abd.ong\/ca\/general-ca\/abd-als-mitjans-de-comunicacio-al-maig\/"},"author":{"name":"Enric Guinart","@id":"https:\/\/abd.ong\/ca\/#\/schema\/person\/d0f5fe279a7ad908de6a6d1332bfd7d8"},"headline":"ABD als mitjans de comunicaci\u00f3 al maig","datePublished":"2020-05-28T08:16:44+00:00","dateModified":"2021-08-30T08:33:07+00:00","mainEntityOfPage":{"@id":"https:\/\/abd.ong\/ca\/general-ca\/abd-als-mitjans-de-comunicacio-al-maig\/"},"wordCount":826,"publisher":{"@id":"https:\/\/abd.ong\/ca\/#organization"},"image":{"@id":"https:\/\/abd.ong\/ca\/general-ca\/abd-als-mitjans-de-comunicacio-al-maig\/#primaryimage"},"thumbnailUrl":"https:\/\/abd.ong\/wp-content\/uploads\/2020\/05\/old-tv-1149416_1920.jpg","keywords":["Asociaci\u00f3n Bienestar y Desarrollo","Associaci\u00f3 Benestar i Desenvolupament","Joetveig","Medios de comunicaci\u00f3n","mitjans de comunicaci\u00f3","Not\u00edcias","not\u00edcies","residencia","Yositeveo"],"articleSection":["General"],"inLanguage":"ca"},{"@type":"WebPage","@id":"https:\/\/abd.ong\/ca\/general-ca\/abd-als-mitjans-de-comunicacio-al-maig\/","url":"https:\/\/abd.ong\/ca\/general-ca\/abd-als-mitjans-de-comunicacio-al-maig\/","name":"ABD als mitjans de comunicaci\u00f3 al maig - ABD","isPartOf":{"@id":"https:\/\/abd.ong\/ca\/#website"},"primaryImageOfPage":{"@id":"https:\/\/abd.ong\/ca\/general-ca\/abd-als-mitjans-de-comunicacio-al-maig\/#primaryimage"},"image":{"@id":"https:\/\/abd.ong\/ca\/general-ca\/abd-als-mitjans-de-comunicacio-al-maig\/#primaryimage"},"thumbnailUrl":"https:\/\/abd.ong\/wp-content\/uploads\/2020\/05\/old-tv-1149416_1920.jpg","datePublished":"2020-05-28T08:16:44+00:00","dateModified":"2021-08-30T08:33:07+00:00","description":"L\u2019Associaci\u00f3 Benestar i Desenvolupament&nbsp;(ABD)&nbsp;ha estat present als mitjans de comunicaci\u00f3 durant aquest mes d\u2019abril. A continuaci\u00f3, el recull de","breadcrumb":{"@id":"https:\/\/abd.ong\/ca\/general-ca\/abd-als-mitjans-de-comunicacio-al-maig\/#breadcrumb"},"inLanguage":"ca","potentialAction":[{"@type":"ReadAction","target":["https:\/\/abd.ong\/ca\/general-ca\/abd-als-mitjans-de-comunicacio-al-maig\/"]}]},{"@type":"ImageObject","inLanguage":"ca","@id":"https:\/\/abd.ong\/ca\/general-ca\/abd-als-mitjans-de-comunicacio-al-maig\/#primaryimage","url":"https:\/\/abd.ong\/wp-content\/uploads\/2020\/05\/old-tv-1149416_1920.jpg","contentUrl":"https:\/\/abd.ong\/wp-content\/uploads\/2020\/05\/old-tv-1149416_1920.jpg","width":1919,"height":977,"caption":"medios de comunicaci\u00f3n"},{"@type":"BreadcrumbList","@id":"https:\/\/abd.ong\/ca\/general-ca\/abd-als-mitjans-de-comunicacio-al-maig\/#breadcrumb","itemListElement":[{"@type":"ListItem","position":1,"name":"Inici","item":"https:\/\/abd.ong\/ca\/"},{"@type":"ListItem","position":2,"name":"ABD als mitjans de comunicaci\u00f3 al maig"}]},{"@type":"WebSite","@id":"https:\/\/abd.ong\/ca\/#website","url":"https:\/\/abd.ong\/ca\/","name":"ABD","description":"Asociaci\u00f3n Bienestar y Desarrollo","publisher":{"@id":"https:\/\/abd.ong\/ca\/#organization"},"potentialAction":[{"@type":"SearchAction","target":{"@type":"EntryPoint","urlTemplate":"https:\/\/abd.ong\/ca\/?s={search_term_string}"},"query-input":{"@type":"PropertyValueSpecification","valueRequired":true,"valueName":"search_term_string"}}],"inLanguage":"ca"},{"@type":"Organization","@id":"https:\/\/abd.ong\/ca\/#organization","name":"Associaci\u00f3 Benestar i Desenvolupament","alternateName":"ABD","url":"https:\/\/abd.ong\/ca\/","logo":{"@type":"ImageObject","inLanguage":"ca","@id":"https:\/\/abd.ong\/ca\/#\/schema\/logo\/image\/","url":"https:\/\/abd.ong\/wp-content\/uploads\/2023\/01\/Icona.png","contentUrl":"https:\/\/abd.ong\/wp-content\/uploads\/2023\/01\/Icona.png","width":190,"height":187,"caption":"Associaci\u00f3 Benestar i Desenvolupament"},"image":{"@id":"https:\/\/abd.ong\/ca\/#\/schema\/logo\/image\/"},"sameAs":["https:\/\/www.facebook.com\/abd.ong","https:\/\/x.com\/abd_ong","https:\/\/www.instagram.com\/abd_ong\/","https:\/\/www.linkedin.com\/company\/abdong","https:\/\/www.youtube.com\/user\/CANALABD"]},{"@type":"Person","@id":"https:\/\/abd.ong\/ca\/#\/schema\/person\/d0f5fe279a7ad908de6a6d1332bfd7d8","name":"Enric Guinart"}]}},"_links":{"self":[{"href":"https:\/\/abd.ong\/ca\/wp-json\/wp\/v2\/posts\/15459","targetHints":{"allow":["GET"]}}],"collection":[{"href":"https:\/\/abd.ong\/ca\/wp-json\/wp\/v2\/posts"}],"about":[{"href":"https:\/\/abd.ong\/ca\/wp-json\/wp\/v2\/types\/post"}],"author":[{"embeddable":true,"href":"https:\/\/abd.ong\/ca\/wp-json\/wp\/v2\/users\/2"}],"replies":[{"embeddable":true,"href":"https:\/\/abd.ong\/ca\/wp-json\/wp\/v2\/comments?post=15459"}],"version-history":[{"count":3,"href":"https:\/\/abd.ong\/ca\/wp-json\/wp\/v2\/posts\/15459\/revisions"}],"predecessor-version":[{"id":20382,"href":"https:\/\/abd.ong\/ca\/wp-json\/wp\/v2\/posts\/15459\/revisions\/20382"}],"wp:featuredmedia":[{"embeddable":true,"href":"https:\/\/abd.ong\/ca\/wp-json\/wp\/v2\/media\/14666"}],"wp:attachment":[{"href":"https:\/\/abd.ong\/ca\/wp-json\/wp\/v2\/media?parent=15459"}],"wp:term":[{"taxonomy":"category","embeddable":true,"href":"https:\/\/abd.ong\/ca\/wp-json\/wp\/v2\/categories?post=15459"},{"taxonomy":"post_tag","embeddable":true,"href":"https:\/\/abd.ong\/ca\/wp-json\/wp\/v2\/tags?post=15459"}],"curies":[{"name":"wp","href":"https:\/\/api.w.org\/{rel}","templated":true}]}}