{"id":15441,"date":"2020-05-27T13:40:08","date_gmt":"2020-05-27T11:40:08","guid":{"rendered":"https:\/\/abd.ong\/?p=15441"},"modified":"2020-06-04T09:06:53","modified_gmt":"2020-06-04T07:06:53","slug":"lajuntament-de-santa-coloma-de-gramenet-inaugura-un-nou-punt-dassessorament-energetic-adaptat-al-confinament","status":"publish","type":"post","link":"https:\/\/abd.ong\/ca\/desigualtat\/lajuntament-de-santa-coloma-de-gramenet-inaugura-un-nou-punt-dassessorament-energetic-adaptat-al-confinament\/","title":{"rendered":"L\u2019Ajuntament de Santa Coloma de Gramenet inaugura un nou Punt d\u2019Assessorament Energ\u00e8tic adaptat al confinament"},"content":{"rendered":"\n<p>El <strong>Punt d\u2019Assessorament Energ\u00e8tic <\/strong>de l\u2019Ajuntament de Santa Coloma de Gramenet i gestionat per l\u2019Associaci\u00f3 Benestar i Desenvolupament ABD va iniciar la seva activitat de forma oficial a comen\u00e7aments de mar\u00e7, per\u00f2 poques setmanes m\u00e9s tard es va veure obligat a confinar-se a causa de la pand\u00e8mia de la Covid-19. Aquest confinament ha suposat l\u2019adaptaci\u00f3 dels serveis d\u2019<a href=\"https:\/\/www.gramenet.cat\/ajuntament\/arees-municipals\/gramepark\/deteccio-i-reduccio-de-la-pobresa-energetica\/\" target=\"_blank\" rel=\"noreferrer noopener\">assessorament en mat\u00e8ria de drets energ\u00e8tics<\/a> i de protecci\u00f3 a les persones usu\u00e0ries a un nou funcionament online.<\/p>\n\n\n\n<p>Situat en un principi a l\u2019edifici de Gramepark, aquest servei p\u00fablic ha transformat tot el circuit d\u2019atenci\u00f3 per poder oferir assessorament telem\u00e0tic. Aix\u00ed, per tel\u00e8fon, <strong>s\u2019han at\u00e8s fins a un centenar de fam\u00edlies<\/strong> per tal de gestionar descomptes en les factures de subministraments b\u00e0sics, tramitar el bo social o altres ajudes de les administracions per cobrir <strong>l\u2019electricitat, el gas o l\u2019aigua<\/strong>; o coordinar amb els serveis socials l\u2019elaboraci\u00f3 i expedici\u00f3 informes d\u2019exclusi\u00f3 residencial per impedir el tall. I \u00e9s que malgrat durant l\u2019Estat d\u2019Alarma s\u2019ha de garantir el subministrament dels serveis b\u00e0sics, treballen perqu\u00e8, un cop s\u2019aixequ\u00ed, tothom hi segueixi tenint acc\u00e9s.<\/p>\n\n\n\n<p>Durant els darrers dos mesos, l\u2019equip professional ha assessorat moltes persones que viuen <strong>noves situacions de vulnerabilitat<\/strong> i que, per primer cop, necessiten suport per obtenir ajudes o reduir les factures d\u2019alguna manera.&nbsp;<\/p>\n\n\n\n<p>El proc\u00e9s comen\u00e7a amb una trucada en la qual es valora la situaci\u00f3 de cada persona i s\u2019estableixen unes recomanacions per poder rebre un assessorament telef\u00f2nic al cap de dos dies amb una assessora per comen\u00e7ar a gestionar i realitzar els tr\u00e0mits corresponents en cada cas. Durant aquests dos dies, demanen a la persona usu\u00e0ria que envi\u00ef les factures i documents dels subministraments per email o whatsapp per poder valorar-los i accedir a les dades durant la consulta.<\/p>\n\n\n\n<p>La setmana passada, el <a href=\"https:\/\/abd.ong\/ca\/programes\/pae-punts-dassesorament-energetic\/\" target=\"_blank\" rel=\"noreferrer noopener\">PAE<\/a> va comen\u00e7ar a desconfinar-se. Adaptant l\u2019espai, les mesures de protecci\u00f3 individuals, els horaris, etc. <strong>Obren els dijous al mat\u00ed<\/strong> <strong>atenent fins a 9 persones al dia,<\/strong> amb un m\u00e0xim d\u2019una persona cada 30 minuts. S\u2019hi accedeix amb cita previa despr\u00e9s de l\u2019assessorament telef\u00f2nic i amb el sol objectiu de signar, recollir o lliurar documents que no s\u2019han pogut transmetre per altres vies.<\/p>\n\n\n\n<p>Igualment, tant el PAE de l\u2019Ajuntament de Santa Coloma com els de Barcelona, han posat en marxa un <strong>servei d&#8217;atenci\u00f3 telef\u00f2nica directa<\/strong> i correus corporatius per tal de facilitar l\u2019acc\u00e9s a l\u2019assessorament energ\u00e8tic als ciutadans.<\/p>\n","protected":false},"excerpt":{"rendered":"<p>El Punt d\u2019Assessorament Energ\u00e8tic de l\u2019Ajuntament de Santa Coloma de Gramenet i gestionat per l\u2019Associaci\u00f3 Benestar i Desenvolupament ABD va iniciar la seva activitat de forma oficial a comen\u00e7aments de&hellip;<\/p>\n","protected":false},"author":2,"featured_media":15523,"comment_status":"closed","ping_status":"closed","sticky":false,"template":"","format":"standard","meta":{"_acf_changed":false,"footnotes":""},"categories":[1299],"tags":[1913,1912,518,267,519,1911],"class_list":["post-15441","post","type-post","status-publish","format-standard","has-post-thumbnail","hentry","category-desigualtat","tag-electricitat","tag-energia","tag-pae","tag-pobresa-energetica","tag-punt-dassessorament-energetic","tag-santa-coloma"],"acf":[],"yoast_head":"<!-- This site is optimized with the Yoast SEO plugin v27.4 - https:\/\/yoast.com\/product\/yoast-seo-wordpress\/ -->\n<title>L\u2019Ajuntament de Santa Coloma de Gramenet inaugura un nou Punt d\u2019Assessorament Energ\u00e8tic adaptat al confinament - ABD<\/title>\n<meta name=\"description\" content=\"El Punt d\u2019Assessorament Energ\u00e8tic de l\u2019Ajuntament de Santa Coloma de Gramenet i gestionat per l\u2019Associaci\u00f3 Benestar i Desenvolupament ABD va iniciar la\" \/>\n<meta name=\"robots\" content=\"index, follow, max-snippet:-1, max-image-preview:large, max-video-preview:-1\" \/>\n<link rel=\"canonical\" href=\"https:\/\/abd.ong\/ca\/desigualtat\/lajuntament-de-santa-coloma-de-gramenet-inaugura-un-nou-punt-dassessorament-energetic-adaptat-al-confinament\/\" \/>\n<meta property=\"og:locale\" content=\"ca_ES\" \/>\n<meta property=\"og:type\" content=\"article\" \/>\n<meta property=\"og:title\" content=\"L\u2019Ajuntament de Santa Coloma de Gramenet inaugura un nou Punt d\u2019Assessorament Energ\u00e8tic adaptat al confinament - ABD\" \/>\n<meta property=\"og:description\" content=\"El Punt d\u2019Assessorament Energ\u00e8tic de l\u2019Ajuntament de Santa Coloma de Gramenet i gestionat per l\u2019Associaci\u00f3 Benestar i Desenvolupament ABD va iniciar la\" \/>\n<meta property=\"og:url\" content=\"https:\/\/abd.ong\/ca\/desigualtat\/lajuntament-de-santa-coloma-de-gramenet-inaugura-un-nou-punt-dassessorament-energetic-adaptat-al-confinament\/\" \/>\n<meta property=\"og:site_name\" content=\"ABD\" \/>\n<meta property=\"article:publisher\" content=\"https:\/\/www.facebook.com\/abd.ong\" \/>\n<meta property=\"article:published_time\" content=\"2020-05-27T11:40:08+00:00\" \/>\n<meta property=\"article:modified_time\" content=\"2020-06-04T07:06:53+00:00\" \/>\n<meta property=\"og:image\" content=\"https:\/\/abd.ong\/wp-content\/uploads\/2020\/05\/PAE-staco-quadrat.jpg\" \/>\n\t<meta property=\"og:image:width\" content=\"956\" \/>\n\t<meta property=\"og:image:height\" content=\"784\" \/>\n\t<meta property=\"og:image:type\" content=\"image\/jpeg\" \/>\n<meta name=\"author\" content=\"Enric Guinart\" \/>\n<meta name=\"twitter:card\" content=\"summary_large_image\" \/>\n<meta name=\"twitter:creator\" content=\"@abd_ong\" \/>\n<meta name=\"twitter:site\" content=\"@abd_ong\" \/>\n<meta name=\"twitter:label1\" content=\"Escrit per\" \/>\n\t<meta name=\"twitter:data1\" content=\"Enric Guinart\" \/>\n\t<meta name=\"twitter:label2\" content=\"Temps estimat de lectura\" \/>\n\t<meta name=\"twitter:data2\" content=\"2 minuts\" \/>\n<script type=\"application\/ld+json\" class=\"yoast-schema-graph\">{\"@context\":\"https:\\\/\\\/schema.org\",\"@graph\":[{\"@type\":\"Article\",\"@id\":\"https:\\\/\\\/abd.ong\\\/ca\\\/desigualtat\\\/lajuntament-de-santa-coloma-de-gramenet-inaugura-un-nou-punt-dassessorament-energetic-adaptat-al-confinament\\\/#article\",\"isPartOf\":{\"@id\":\"https:\\\/\\\/abd.ong\\\/ca\\\/desigualtat\\\/lajuntament-de-santa-coloma-de-gramenet-inaugura-un-nou-punt-dassessorament-energetic-adaptat-al-confinament\\\/\"},\"author\":{\"name\":\"Enric Guinart\",\"@id\":\"https:\\\/\\\/abd.ong\\\/ca\\\/#\\\/schema\\\/person\\\/d0f5fe279a7ad908de6a6d1332bfd7d8\"},\"headline\":\"L\u2019Ajuntament de Santa Coloma de Gramenet inaugura un nou Punt d\u2019Assessorament Energ\u00e8tic adaptat al confinament\",\"datePublished\":\"2020-05-27T11:40:08+00:00\",\"dateModified\":\"2020-06-04T07:06:53+00:00\",\"mainEntityOfPage\":{\"@id\":\"https:\\\/\\\/abd.ong\\\/ca\\\/desigualtat\\\/lajuntament-de-santa-coloma-de-gramenet-inaugura-un-nou-punt-dassessorament-energetic-adaptat-al-confinament\\\/\"},\"wordCount\":463,\"publisher\":{\"@id\":\"https:\\\/\\\/abd.ong\\\/ca\\\/#organization\"},\"image\":{\"@id\":\"https:\\\/\\\/abd.ong\\\/ca\\\/desigualtat\\\/lajuntament-de-santa-coloma-de-gramenet-inaugura-un-nou-punt-dassessorament-energetic-adaptat-al-confinament\\\/#primaryimage\"},\"thumbnailUrl\":\"https:\\\/\\\/abd.ong\\\/wp-content\\\/uploads\\\/2020\\\/05\\\/PAE-staco-quadrat.jpg\",\"keywords\":[\"electricitat\",\"Energia\",\"PAE\",\"pobresa energ\u00e8tica\",\"Punt d'Assessorament Energ\u00e8tic\",\"Santa Coloma\"],\"articleSection\":[\"Desigualtat\"],\"inLanguage\":\"ca\"},{\"@type\":\"WebPage\",\"@id\":\"https:\\\/\\\/abd.ong\\\/ca\\\/desigualtat\\\/lajuntament-de-santa-coloma-de-gramenet-inaugura-un-nou-punt-dassessorament-energetic-adaptat-al-confinament\\\/\",\"url\":\"https:\\\/\\\/abd.ong\\\/ca\\\/desigualtat\\\/lajuntament-de-santa-coloma-de-gramenet-inaugura-un-nou-punt-dassessorament-energetic-adaptat-al-confinament\\\/\",\"name\":\"L\u2019Ajuntament de Santa Coloma de Gramenet inaugura un nou Punt d\u2019Assessorament Energ\u00e8tic adaptat al confinament - ABD\",\"isPartOf\":{\"@id\":\"https:\\\/\\\/abd.ong\\\/ca\\\/#website\"},\"primaryImageOfPage\":{\"@id\":\"https:\\\/\\\/abd.ong\\\/ca\\\/desigualtat\\\/lajuntament-de-santa-coloma-de-gramenet-inaugura-un-nou-punt-dassessorament-energetic-adaptat-al-confinament\\\/#primaryimage\"},\"image\":{\"@id\":\"https:\\\/\\\/abd.ong\\\/ca\\\/desigualtat\\\/lajuntament-de-santa-coloma-de-gramenet-inaugura-un-nou-punt-dassessorament-energetic-adaptat-al-confinament\\\/#primaryimage\"},\"thumbnailUrl\":\"https:\\\/\\\/abd.ong\\\/wp-content\\\/uploads\\\/2020\\\/05\\\/PAE-staco-quadrat.jpg\",\"datePublished\":\"2020-05-27T11:40:08+00:00\",\"dateModified\":\"2020-06-04T07:06:53+00:00\",\"description\":\"El Punt d\u2019Assessorament Energ\u00e8tic de l\u2019Ajuntament de Santa Coloma de Gramenet i gestionat per l\u2019Associaci\u00f3 Benestar i Desenvolupament ABD va iniciar la\",\"breadcrumb\":{\"@id\":\"https:\\\/\\\/abd.ong\\\/ca\\\/desigualtat\\\/lajuntament-de-santa-coloma-de-gramenet-inaugura-un-nou-punt-dassessorament-energetic-adaptat-al-confinament\\\/#breadcrumb\"},\"inLanguage\":\"ca\",\"potentialAction\":[{\"@type\":\"ReadAction\",\"target\":[\"https:\\\/\\\/abd.ong\\\/ca\\\/desigualtat\\\/lajuntament-de-santa-coloma-de-gramenet-inaugura-un-nou-punt-dassessorament-energetic-adaptat-al-confinament\\\/\"]}]},{\"@type\":\"ImageObject\",\"inLanguage\":\"ca\",\"@id\":\"https:\\\/\\\/abd.ong\\\/ca\\\/desigualtat\\\/lajuntament-de-santa-coloma-de-gramenet-inaugura-un-nou-punt-dassessorament-energetic-adaptat-al-confinament\\\/#primaryimage\",\"url\":\"https:\\\/\\\/abd.ong\\\/wp-content\\\/uploads\\\/2020\\\/05\\\/PAE-staco-quadrat.jpg\",\"contentUrl\":\"https:\\\/\\\/abd.ong\\\/wp-content\\\/uploads\\\/2020\\\/05\\\/PAE-staco-quadrat.jpg\",\"width\":956,\"height\":784},{\"@type\":\"BreadcrumbList\",\"@id\":\"https:\\\/\\\/abd.ong\\\/ca\\\/desigualtat\\\/lajuntament-de-santa-coloma-de-gramenet-inaugura-un-nou-punt-dassessorament-energetic-adaptat-al-confinament\\\/#breadcrumb\",\"itemListElement\":[{\"@type\":\"ListItem\",\"position\":1,\"name\":\"Inici\",\"item\":\"https:\\\/\\\/abd.ong\\\/ca\\\/\"},{\"@type\":\"ListItem\",\"position\":2,\"name\":\"L\u2019Ajuntament de Santa Coloma de Gramenet inaugura un nou Punt d\u2019Assessorament Energ\u00e8tic adaptat al confinament\"}]},{\"@type\":\"WebSite\",\"@id\":\"https:\\\/\\\/abd.ong\\\/ca\\\/#website\",\"url\":\"https:\\\/\\\/abd.ong\\\/ca\\\/\",\"name\":\"ABD\",\"description\":\"Asociaci\u00f3n Bienestar y Desarrollo\",\"publisher\":{\"@id\":\"https:\\\/\\\/abd.ong\\\/ca\\\/#organization\"},\"potentialAction\":[{\"@type\":\"SearchAction\",\"target\":{\"@type\":\"EntryPoint\",\"urlTemplate\":\"https:\\\/\\\/abd.ong\\\/ca\\\/?s={search_term_string}\"},\"query-input\":{\"@type\":\"PropertyValueSpecification\",\"valueRequired\":true,\"valueName\":\"search_term_string\"}}],\"inLanguage\":\"ca\"},{\"@type\":\"Organization\",\"@id\":\"https:\\\/\\\/abd.ong\\\/ca\\\/#organization\",\"name\":\"Associaci\u00f3 Benestar i Desenvolupament\",\"alternateName\":\"ABD\",\"url\":\"https:\\\/\\\/abd.ong\\\/ca\\\/\",\"logo\":{\"@type\":\"ImageObject\",\"inLanguage\":\"ca\",\"@id\":\"https:\\\/\\\/abd.ong\\\/ca\\\/#\\\/schema\\\/logo\\\/image\\\/\",\"url\":\"https:\\\/\\\/abd.ong\\\/wp-content\\\/uploads\\\/2023\\\/01\\\/Icona.png\",\"contentUrl\":\"https:\\\/\\\/abd.ong\\\/wp-content\\\/uploads\\\/2023\\\/01\\\/Icona.png\",\"width\":190,\"height\":187,\"caption\":\"Associaci\u00f3 Benestar i Desenvolupament\"},\"image\":{\"@id\":\"https:\\\/\\\/abd.ong\\\/ca\\\/#\\\/schema\\\/logo\\\/image\\\/\"},\"sameAs\":[\"https:\\\/\\\/www.facebook.com\\\/abd.ong\",\"https:\\\/\\\/x.com\\\/abd_ong\",\"https:\\\/\\\/www.instagram.com\\\/abd_ong\\\/\",\"https:\\\/\\\/www.linkedin.com\\\/company\\\/abdong\",\"https:\\\/\\\/www.youtube.com\\\/user\\\/CANALABD\"]},{\"@type\":\"Person\",\"@id\":\"https:\\\/\\\/abd.ong\\\/ca\\\/#\\\/schema\\\/person\\\/d0f5fe279a7ad908de6a6d1332bfd7d8\",\"name\":\"Enric Guinart\"}]}<\/script>\n<!-- \/ Yoast SEO plugin. -->","yoast_head_json":{"title":"L\u2019Ajuntament de Santa Coloma de Gramenet inaugura un nou Punt d\u2019Assessorament Energ\u00e8tic adaptat al confinament - ABD","description":"El Punt d\u2019Assessorament Energ\u00e8tic de l\u2019Ajuntament de Santa Coloma de Gramenet i gestionat per l\u2019Associaci\u00f3 Benestar i Desenvolupament ABD va iniciar la","robots":{"index":"index","follow":"follow","max-snippet":"max-snippet:-1","max-image-preview":"max-image-preview:large","max-video-preview":"max-video-preview:-1"},"canonical":"https:\/\/abd.ong\/ca\/desigualtat\/lajuntament-de-santa-coloma-de-gramenet-inaugura-un-nou-punt-dassessorament-energetic-adaptat-al-confinament\/","og_locale":"ca_ES","og_type":"article","og_title":"L\u2019Ajuntament de Santa Coloma de Gramenet inaugura un nou Punt d\u2019Assessorament Energ\u00e8tic adaptat al confinament - ABD","og_description":"El Punt d\u2019Assessorament Energ\u00e8tic de l\u2019Ajuntament de Santa Coloma de Gramenet i gestionat per l\u2019Associaci\u00f3 Benestar i Desenvolupament ABD va iniciar la","og_url":"https:\/\/abd.ong\/ca\/desigualtat\/lajuntament-de-santa-coloma-de-gramenet-inaugura-un-nou-punt-dassessorament-energetic-adaptat-al-confinament\/","og_site_name":"ABD","article_publisher":"https:\/\/www.facebook.com\/abd.ong","article_published_time":"2020-05-27T11:40:08+00:00","article_modified_time":"2020-06-04T07:06:53+00:00","og_image":[{"width":956,"height":784,"url":"https:\/\/abd.ong\/wp-content\/uploads\/2020\/05\/PAE-staco-quadrat.jpg","type":"image\/jpeg"}],"author":"Enric Guinart","twitter_card":"summary_large_image","twitter_creator":"@abd_ong","twitter_site":"@abd_ong","twitter_misc":{"Escrit per":"Enric Guinart","Temps estimat de lectura":"2 minuts"},"schema":{"@context":"https:\/\/schema.org","@graph":[{"@type":"Article","@id":"https:\/\/abd.ong\/ca\/desigualtat\/lajuntament-de-santa-coloma-de-gramenet-inaugura-un-nou-punt-dassessorament-energetic-adaptat-al-confinament\/#article","isPartOf":{"@id":"https:\/\/abd.ong\/ca\/desigualtat\/lajuntament-de-santa-coloma-de-gramenet-inaugura-un-nou-punt-dassessorament-energetic-adaptat-al-confinament\/"},"author":{"name":"Enric Guinart","@id":"https:\/\/abd.ong\/ca\/#\/schema\/person\/d0f5fe279a7ad908de6a6d1332bfd7d8"},"headline":"L\u2019Ajuntament de Santa Coloma de Gramenet inaugura un nou Punt d\u2019Assessorament Energ\u00e8tic adaptat al confinament","datePublished":"2020-05-27T11:40:08+00:00","dateModified":"2020-06-04T07:06:53+00:00","mainEntityOfPage":{"@id":"https:\/\/abd.ong\/ca\/desigualtat\/lajuntament-de-santa-coloma-de-gramenet-inaugura-un-nou-punt-dassessorament-energetic-adaptat-al-confinament\/"},"wordCount":463,"publisher":{"@id":"https:\/\/abd.ong\/ca\/#organization"},"image":{"@id":"https:\/\/abd.ong\/ca\/desigualtat\/lajuntament-de-santa-coloma-de-gramenet-inaugura-un-nou-punt-dassessorament-energetic-adaptat-al-confinament\/#primaryimage"},"thumbnailUrl":"https:\/\/abd.ong\/wp-content\/uploads\/2020\/05\/PAE-staco-quadrat.jpg","keywords":["electricitat","Energia","PAE","pobresa energ\u00e8tica","Punt d'Assessorament Energ\u00e8tic","Santa Coloma"],"articleSection":["Desigualtat"],"inLanguage":"ca"},{"@type":"WebPage","@id":"https:\/\/abd.ong\/ca\/desigualtat\/lajuntament-de-santa-coloma-de-gramenet-inaugura-un-nou-punt-dassessorament-energetic-adaptat-al-confinament\/","url":"https:\/\/abd.ong\/ca\/desigualtat\/lajuntament-de-santa-coloma-de-gramenet-inaugura-un-nou-punt-dassessorament-energetic-adaptat-al-confinament\/","name":"L\u2019Ajuntament de Santa Coloma de Gramenet inaugura un nou Punt d\u2019Assessorament Energ\u00e8tic adaptat al confinament - ABD","isPartOf":{"@id":"https:\/\/abd.ong\/ca\/#website"},"primaryImageOfPage":{"@id":"https:\/\/abd.ong\/ca\/desigualtat\/lajuntament-de-santa-coloma-de-gramenet-inaugura-un-nou-punt-dassessorament-energetic-adaptat-al-confinament\/#primaryimage"},"image":{"@id":"https:\/\/abd.ong\/ca\/desigualtat\/lajuntament-de-santa-coloma-de-gramenet-inaugura-un-nou-punt-dassessorament-energetic-adaptat-al-confinament\/#primaryimage"},"thumbnailUrl":"https:\/\/abd.ong\/wp-content\/uploads\/2020\/05\/PAE-staco-quadrat.jpg","datePublished":"2020-05-27T11:40:08+00:00","dateModified":"2020-06-04T07:06:53+00:00","description":"El Punt d\u2019Assessorament Energ\u00e8tic de l\u2019Ajuntament de Santa Coloma de Gramenet i gestionat per l\u2019Associaci\u00f3 Benestar i Desenvolupament ABD va iniciar la","breadcrumb":{"@id":"https:\/\/abd.ong\/ca\/desigualtat\/lajuntament-de-santa-coloma-de-gramenet-inaugura-un-nou-punt-dassessorament-energetic-adaptat-al-confinament\/#breadcrumb"},"inLanguage":"ca","potentialAction":[{"@type":"ReadAction","target":["https:\/\/abd.ong\/ca\/desigualtat\/lajuntament-de-santa-coloma-de-gramenet-inaugura-un-nou-punt-dassessorament-energetic-adaptat-al-confinament\/"]}]},{"@type":"ImageObject","inLanguage":"ca","@id":"https:\/\/abd.ong\/ca\/desigualtat\/lajuntament-de-santa-coloma-de-gramenet-inaugura-un-nou-punt-dassessorament-energetic-adaptat-al-confinament\/#primaryimage","url":"https:\/\/abd.ong\/wp-content\/uploads\/2020\/05\/PAE-staco-quadrat.jpg","contentUrl":"https:\/\/abd.ong\/wp-content\/uploads\/2020\/05\/PAE-staco-quadrat.jpg","width":956,"height":784},{"@type":"BreadcrumbList","@id":"https:\/\/abd.ong\/ca\/desigualtat\/lajuntament-de-santa-coloma-de-gramenet-inaugura-un-nou-punt-dassessorament-energetic-adaptat-al-confinament\/#breadcrumb","itemListElement":[{"@type":"ListItem","position":1,"name":"Inici","item":"https:\/\/abd.ong\/ca\/"},{"@type":"ListItem","position":2,"name":"L\u2019Ajuntament de Santa Coloma de Gramenet inaugura un nou Punt d\u2019Assessorament Energ\u00e8tic adaptat al confinament"}]},{"@type":"WebSite","@id":"https:\/\/abd.ong\/ca\/#website","url":"https:\/\/abd.ong\/ca\/","name":"ABD","description":"Asociaci\u00f3n Bienestar y Desarrollo","publisher":{"@id":"https:\/\/abd.ong\/ca\/#organization"},"potentialAction":[{"@type":"SearchAction","target":{"@type":"EntryPoint","urlTemplate":"https:\/\/abd.ong\/ca\/?s={search_term_string}"},"query-input":{"@type":"PropertyValueSpecification","valueRequired":true,"valueName":"search_term_string"}}],"inLanguage":"ca"},{"@type":"Organization","@id":"https:\/\/abd.ong\/ca\/#organization","name":"Associaci\u00f3 Benestar i Desenvolupament","alternateName":"ABD","url":"https:\/\/abd.ong\/ca\/","logo":{"@type":"ImageObject","inLanguage":"ca","@id":"https:\/\/abd.ong\/ca\/#\/schema\/logo\/image\/","url":"https:\/\/abd.ong\/wp-content\/uploads\/2023\/01\/Icona.png","contentUrl":"https:\/\/abd.ong\/wp-content\/uploads\/2023\/01\/Icona.png","width":190,"height":187,"caption":"Associaci\u00f3 Benestar i Desenvolupament"},"image":{"@id":"https:\/\/abd.ong\/ca\/#\/schema\/logo\/image\/"},"sameAs":["https:\/\/www.facebook.com\/abd.ong","https:\/\/x.com\/abd_ong","https:\/\/www.instagram.com\/abd_ong\/","https:\/\/www.linkedin.com\/company\/abdong","https:\/\/www.youtube.com\/user\/CANALABD"]},{"@type":"Person","@id":"https:\/\/abd.ong\/ca\/#\/schema\/person\/d0f5fe279a7ad908de6a6d1332bfd7d8","name":"Enric Guinart"}]}},"_links":{"self":[{"href":"https:\/\/abd.ong\/ca\/wp-json\/wp\/v2\/posts\/15441","targetHints":{"allow":["GET"]}}],"collection":[{"href":"https:\/\/abd.ong\/ca\/wp-json\/wp\/v2\/posts"}],"about":[{"href":"https:\/\/abd.ong\/ca\/wp-json\/wp\/v2\/types\/post"}],"author":[{"embeddable":true,"href":"https:\/\/abd.ong\/ca\/wp-json\/wp\/v2\/users\/2"}],"replies":[{"embeddable":true,"href":"https:\/\/abd.ong\/ca\/wp-json\/wp\/v2\/comments?post=15441"}],"version-history":[{"count":2,"href":"https:\/\/abd.ong\/ca\/wp-json\/wp\/v2\/posts\/15441\/revisions"}],"predecessor-version":[{"id":15526,"href":"https:\/\/abd.ong\/ca\/wp-json\/wp\/v2\/posts\/15441\/revisions\/15526"}],"wp:featuredmedia":[{"embeddable":true,"href":"https:\/\/abd.ong\/ca\/wp-json\/wp\/v2\/media\/15523"}],"wp:attachment":[{"href":"https:\/\/abd.ong\/ca\/wp-json\/wp\/v2\/media?parent=15441"}],"wp:term":[{"taxonomy":"category","embeddable":true,"href":"https:\/\/abd.ong\/ca\/wp-json\/wp\/v2\/categories?post=15441"},{"taxonomy":"post_tag","embeddable":true,"href":"https:\/\/abd.ong\/ca\/wp-json\/wp\/v2\/tags?post=15441"}],"curies":[{"name":"wp","href":"https:\/\/api.w.org\/{rel}","templated":true}]}}