{"id":154374,"date":"2023-09-14T13:42:08","date_gmt":"2023-09-14T11:42:08","guid":{"rendered":"https:\/\/abd.ong\/?p=154374"},"modified":"2023-09-15T08:54:57","modified_gmt":"2023-09-15T06:54:57","slug":"angels-guiteras-presenta-el-model-de-gestio-dexit-de-la-botiga-durant-el-forum-social-metropolita-2","status":"publish","type":"post","link":"https:\/\/abd.ong\/ca\/general-ca\/angels-guiteras-presenta-el-model-de-gestio-dexit-de-la-botiga-durant-el-forum-social-metropolita-2\/","title":{"rendered":"El Grup ABD participa al &#8216;II Forum of European University Alliances&#8217;"},"content":{"rendered":"\n<h4 class=\"wp-block-heading\">La gerent del Grup ABD i membre del consell de direcci\u00f3 d&#8217;ECIU University, \u00c0ngels Guiteras, ha assistit a un esdeveniment que compta amb la participaci\u00f3 de m\u00e9s de 430 universitats de 35 pa\u00efsos que coordinen les aliances de la Iniciativa d&#8217;Universitats Europees de la Comissi\u00f3 Europea<\/h4>\n\n<div style=\"height:50px\" aria-hidden=\"true\" class=\"wp-block-spacer\"><\/div>\n\n<p>La gerent del <strong>Grup ABD<\/strong> i membre del consell de direcci\u00f3 <a href=\"https:\/\/www.eciu.eu\/\" target=\"_blank\" rel=\"noopener\"><strong>d&#8217;ECIU University<\/strong><\/a>, <strong>\u00c0ngels Guiteras<\/strong>, ha assistit al <a href=\"https:\/\/spanish-presidency.consilium.europa.eu\/en\/events\/forum-of-universities-for-the-future-of-europe\/\" target=\"_blank\" rel=\"noopener\"><strong>&#8216;II Forum of European University Alliances&#8217;<\/strong><\/a> que se celebra a Barcelona <a href=\"https:\/\/www.barcelona.cat\/fabraicoats\/es\" target=\"_blank\" rel=\"noopener\">(Fabra i Coats: F\u00e0brica de Creaci\u00f3 de Barcelona)<\/a> els dies 14 i 15 de setembre. Despr\u00e9s del primer f\u00f2rum, que va tenir lloc a Fran\u00e7a amb motiu de la <a href=\"https:\/\/www.diplomatie.gouv.fr\/es\/politica-exterior\/europa\/presidencia-francesa-del-consejo-de-la-union-europea\/\" target=\"_blank\" rel=\"noopener\">Presid\u00e8ncia francesa del Consell de la Uni\u00f3 Europea<\/a>, aquest cop ha estat el torn d&#8217;Espanya, en el context de la<a href=\"https:\/\/spanish-presidency.consilium.europa.eu\/\" target=\"_blank\" rel=\"noopener\"> Presid\u00e8ncia espanyola del Consell de la Uni\u00f3 Europea.<\/a><\/p>\n\n<p>L&#8217;esdeveniment compta amb la participaci\u00f3 de m\u00e9s de 430 universitats de 35 pa\u00efsos que coordinen les aliances de la I<a href=\"https:\/\/education.ec.europa.eu\/es\/education-levels\/higher-education\/european-universities-initiative#:~:text=%C2%ABUniversidades%20Europeas%C2%BB%20es%20tambi%C3%A9n%20una,superior%20para%20mediados%20de%202024.\" target=\"_blank\" rel=\"noopener\"><strong>niciativa d&#8217;Universitats Europees de la Comissi\u00f3 Europea<\/strong><\/a>. L&#8217;objectiu principal de l&#8217;esdeveniment \u00e9s proporcionar un espai per al di\u00e0leg i l&#8217;intercanvi d&#8217;opinions, abordant els temes m\u00e9s rellevants que afecten les aliances europees actualment i contribuint a la creaci\u00f3 del futur de l&#8217;educaci\u00f3 superior europea.<\/p>\n\n<div style=\"height:50px\" aria-hidden=\"true\" class=\"wp-block-spacer\"><\/div>\n\n<figure class=\"wp-block-image size-large\"><img fetchpriority=\"high\" decoding=\"async\" width=\"1024\" height=\"768\" src=\"https:\/\/abd.ong\/wp-content\/uploads\/2023\/09\/WhatsApp-Image-2023-09-14-at-09.49.27-1024x768.jpeg\" alt=\"\" class=\"wp-image-154376\" srcset=\"https:\/\/abd.ong\/wp-content\/uploads\/2023\/09\/WhatsApp-Image-2023-09-14-at-09.49.27-1024x768.jpeg 1024w, https:\/\/abd.ong\/wp-content\/uploads\/2023\/09\/WhatsApp-Image-2023-09-14-at-09.49.27-300x225.jpeg 300w, https:\/\/abd.ong\/wp-content\/uploads\/2023\/09\/WhatsApp-Image-2023-09-14-at-09.49.27-768x576.jpeg 768w, https:\/\/abd.ong\/wp-content\/uploads\/2023\/09\/WhatsApp-Image-2023-09-14-at-09.49.27-1536x1152.jpeg 1536w, https:\/\/abd.ong\/wp-content\/uploads\/2023\/09\/WhatsApp-Image-2023-09-14-at-09.49.27.jpeg 2048w\" sizes=\"(max-width: 1024px) 100vw, 1024px\" \/><figcaption class=\"wp-element-caption\">Sessi\u00f3 inagural del &#8220;II Forum of European University Alliances&#8221;. Fotografia d&#8217;ABD.<\/figcaption><\/figure>\n\n<div style=\"height:50px\" aria-hidden=\"true\" class=\"wp-block-spacer\"><\/div>\n\n<p>A m\u00e9s, la jornada ha comptat amb l&#8217;assist\u00e8ncia de representants ministerials responsables de les universitats, representants d&#8217;altres administracions territorials, del m\u00f3n empresarial i social, aix\u00ed com universitats que no formen part de cap alian\u00e7a, juntament amb ag\u00e8ncies de qualitat de diferents Estats membres.<\/p>\n\n<p>La sessi\u00f3 inaugural ha anat a c\u00e0rrec de<strong> Jaume Collboni<\/strong>,<a href=\"https:\/\/ajuntament.barcelona.cat\/es\/\" target=\"_blank\" rel=\"noopener\"> alcalde de Barcelona<\/a>; <strong>Joaquim Nadal<\/strong>, <a href=\"https:\/\/recercaiuniversitats.gencat.cat\/es\/inici\/\" target=\"_blank\" rel=\"noopener\">conseller de Recerca i Universitats de la Generalitat de Catalunya<\/a>; <strong>Joan Subirats<\/strong>, <a href=\"https:\/\/www.universidades.gob.es\/\" target=\"_blank\" rel=\"noopener\">ministre d&#8217;Universitats del Govern espanyol<\/a>; i <strong>Margaritis Schinas<\/strong>, vicepresident per a la <a href=\"https:\/\/commission.europa.eu\/strategy-and-policy\/priorities-2019-2024\/promoting-our-european-way-life_es\" target=\"_blank\" rel=\"noopener\">Promoci\u00f3 de l&#8217;Estil de Vida Europeu de la Comissi\u00f3 Europea<\/a>.<\/p>\n\n<div style=\"height:50px\" aria-hidden=\"true\" class=\"wp-block-spacer\"><\/div>\n\n<figure class=\"wp-block-gallery has-nested-images columns-default is-cropped wp-block-gallery-2 is-layout-flex wp-block-gallery-is-layout-flex\">\n<figure class=\"wp-block-image size-large\"><img decoding=\"async\" width=\"1024\" height=\"768\" data-id=\"154394\" src=\"https:\/\/abd.ong\/wp-content\/uploads\/2023\/09\/WhatsApp-Image-2023-09-14-at-09.22.02-1-1-1024x768.jpeg\" alt=\"\" class=\"wp-image-154394\" srcset=\"https:\/\/abd.ong\/wp-content\/uploads\/2023\/09\/WhatsApp-Image-2023-09-14-at-09.22.02-1-1-1024x768.jpeg 1024w, https:\/\/abd.ong\/wp-content\/uploads\/2023\/09\/WhatsApp-Image-2023-09-14-at-09.22.02-1-1-300x225.jpeg 300w, https:\/\/abd.ong\/wp-content\/uploads\/2023\/09\/WhatsApp-Image-2023-09-14-at-09.22.02-1-1-768x576.jpeg 768w, https:\/\/abd.ong\/wp-content\/uploads\/2023\/09\/WhatsApp-Image-2023-09-14-at-09.22.02-1-1-1536x1152.jpeg 1536w, https:\/\/abd.ong\/wp-content\/uploads\/2023\/09\/WhatsApp-Image-2023-09-14-at-09.22.02-1-1.jpeg 1600w\" sizes=\"(max-width: 1024px) 100vw, 1024px\" \/><\/figure>\n\n\n\n<figure class=\"wp-block-image size-large\"><img decoding=\"async\" width=\"768\" height=\"1024\" data-id=\"154382\" src=\"https:\/\/abd.ong\/wp-content\/uploads\/2023\/09\/WhatsApp-Image-2023-09-14-at-10.13.00-1-768x1024.jpeg\" alt=\"\" class=\"wp-image-154382\" srcset=\"https:\/\/abd.ong\/wp-content\/uploads\/2023\/09\/WhatsApp-Image-2023-09-14-at-10.13.00-1-768x1024.jpeg 768w, https:\/\/abd.ong\/wp-content\/uploads\/2023\/09\/WhatsApp-Image-2023-09-14-at-10.13.00-1-225x300.jpeg 225w, https:\/\/abd.ong\/wp-content\/uploads\/2023\/09\/WhatsApp-Image-2023-09-14-at-10.13.00-1-1152x1536.jpeg 1152w, https:\/\/abd.ong\/wp-content\/uploads\/2023\/09\/WhatsApp-Image-2023-09-14-at-10.13.00-1.jpeg 1536w\" sizes=\"(max-width: 768px) 100vw, 768px\" \/><\/figure>\n\n\n\n<figure class=\"wp-block-image size-large\"><img loading=\"lazy\" decoding=\"async\" width=\"1024\" height=\"768\" data-id=\"154387\" src=\"https:\/\/abd.ong\/wp-content\/uploads\/2023\/09\/WhatsApp-Image-2023-09-14-at-10.13.00-1024x768.jpeg\" alt=\"\" class=\"wp-image-154387\" srcset=\"https:\/\/abd.ong\/wp-content\/uploads\/2023\/09\/WhatsApp-Image-2023-09-14-at-10.13.00-1024x768.jpeg 1024w, https:\/\/abd.ong\/wp-content\/uploads\/2023\/09\/WhatsApp-Image-2023-09-14-at-10.13.00-300x225.jpeg 300w, https:\/\/abd.ong\/wp-content\/uploads\/2023\/09\/WhatsApp-Image-2023-09-14-at-10.13.00-768x576.jpeg 768w, https:\/\/abd.ong\/wp-content\/uploads\/2023\/09\/WhatsApp-Image-2023-09-14-at-10.13.00-1536x1152.jpeg 1536w, https:\/\/abd.ong\/wp-content\/uploads\/2023\/09\/WhatsApp-Image-2023-09-14-at-10.13.00.jpeg 2048w\" sizes=\"(max-width: 1024px) 100vw, 1024px\" \/><\/figure>\n<\/figure>\n\n<figure class=\"wp-block-image size-large is-resized\"><img loading=\"lazy\" decoding=\"async\" src=\"https:\/\/abd.ong\/wp-content\/uploads\/2023\/09\/0bcdda70-f9af-4ea3-870e-0632f2e6b3ed-1024x996.jpg\" alt=\"\" class=\"wp-image-154408\" width=\"839\" height=\"816\" srcset=\"https:\/\/abd.ong\/wp-content\/uploads\/2023\/09\/0bcdda70-f9af-4ea3-870e-0632f2e6b3ed-1024x996.jpg 1024w, https:\/\/abd.ong\/wp-content\/uploads\/2023\/09\/0bcdda70-f9af-4ea3-870e-0632f2e6b3ed-300x292.jpg 300w, https:\/\/abd.ong\/wp-content\/uploads\/2023\/09\/0bcdda70-f9af-4ea3-870e-0632f2e6b3ed-768x747.jpg 768w, https:\/\/abd.ong\/wp-content\/uploads\/2023\/09\/0bcdda70-f9af-4ea3-870e-0632f2e6b3ed.jpg 1075w\" sizes=\"(max-width: 839px) 100vw, 839px\" \/><figcaption class=\"wp-element-caption\">Sessi\u00f3 inagural del &#8220;II Forum of European University Alliances&#8221; amb \u00c0ngels Guiteras. Fotografia d&#8217;ABD.<\/figcaption><\/figure>\n\n<div style=\"height:50px\" aria-hidden=\"true\" class=\"wp-block-spacer\"><\/div>\n\n<h4 class=\"wp-block-heading\">Sobre el &#8216;Forum\u00a0of\u00a0European\u00a0University\u00a0Alliances&#8217;<\/h4>\n\n<div style=\"height:50px\" aria-hidden=\"true\" class=\"wp-block-spacer\"><\/div>\n\n<p>Des del seu llan\u00e7ament el 2017, el &#8216;<strong>F\u00f2rum of European Universitat Alliances&#8217;, la Iniciativa d&#8217;Universitats Europees<\/strong> ha aconseguit impulsar la creaci\u00f3 de 50 aliances que involucren m\u00e9s de 430 institucions d&#8217;educaci\u00f3 superior de 35 pa\u00efsos, a m\u00e9s d&#8217;unes 1700 institucions associades. Actualment, la Iniciativa \u00e9s a prop d&#8217;assolir el seu objectiu de tenir 60 aliances que reuneixin 500 universitats per a mitjans del 2024.<\/p>\n\n<p><strong>El prop\u00f2sit principal d&#8217;aquestes aliances estrat\u00e8giques a llarg termini entre universitats europees \u00e9s fomentar la identitat i els valors europeus, aix\u00ed com promoure l&#8217;excel\u00b7l\u00e8ncia i la transformaci\u00f3 a l&#8217;educaci\u00f3 superior.<\/strong> Des del comen\u00e7ament, la Iniciativa ha promogut aliances que busquen la innovaci\u00f3 i aspiren a superar els l\u00edmits convencionals.<\/p>\n\n<p>\u00c9s important destacar que aquestes aliances, que varien en termes d&#8217;estructura i de contingut, han subratllat la necessitat de facilitar trobades entre elles i representants.<\/p>\n\n<div style=\"height:50px\" aria-hidden=\"true\" class=\"wp-block-spacer\"><\/div>\n\n<div style=\"height:50px\" aria-hidden=\"true\" class=\"wp-block-spacer\"><\/div>\n\n<div style=\"height:50px\" aria-hidden=\"true\" class=\"wp-block-spacer\"><\/div>\n","protected":false},"excerpt":{"rendered":"<p>La gerent del Grup ABD i membre del consell de direcci\u00f3 d&#8217;ECIU University, \u00c0ngels Guiteras, ha assistit a un esdeveniment que compta amb la participaci\u00f3 de m\u00e9s de 430 universitats&hellip;<\/p>\n","protected":false},"author":12,"featured_media":154420,"comment_status":"closed","ping_status":"closed","sticky":false,"template":"","format":"standard","meta":{"_acf_changed":false,"footnotes":""},"categories":[66,2],"tags":[119,675,3264,3820,2350,2299,2300,3822,2845,3821],"class_list":["post-154374","post","type-post","status-publish","format-standard","has-post-thumbnail","hentry","category-general-ca","category-sense-categoria","tag-abd","tag-asociacion-bienestar-y-desarrollo-ca","tag-educacio","tag-ii-forum-of-european-university-alliance","tag-internacional-ca","tag-mitjans-de-comunicacio-ca","tag-noticies-ca","tag-presidencia-espanyola-del-consell-de-la-unio-europea","tag-unio-europea","tag-universitats"],"acf":[],"yoast_head":"<!-- This site is optimized with the Yoast SEO plugin v27.4 - https:\/\/yoast.com\/product\/yoast-seo-wordpress\/ -->\n<title>El Grup ABD participa al &#039;II Forum of European University Alliances&#039; - ABD<\/title>\n<meta name=\"description\" content=\"La gerent del Grup ABD i membre del consell de direcci\u00f3 d&#039;ECIU University, \u00c0ngels Guiteras, ha assistit a un esdeveniment que compta amb la participaci\u00f3\" \/>\n<meta name=\"robots\" content=\"index, follow, max-snippet:-1, max-image-preview:large, max-video-preview:-1\" \/>\n<link rel=\"canonical\" href=\"https:\/\/abd.ong\/ca\/general-ca\/angels-guiteras-presenta-el-model-de-gestio-dexit-de-la-botiga-durant-el-forum-social-metropolita-2\/\" \/>\n<meta property=\"og:locale\" content=\"ca_ES\" \/>\n<meta property=\"og:type\" content=\"article\" \/>\n<meta property=\"og:title\" content=\"El Grup ABD participa al &#039;II Forum of European University Alliances&#039; - ABD\" \/>\n<meta property=\"og:description\" content=\"La gerent del Grup ABD i membre del consell de direcci\u00f3 d&#039;ECIU University, \u00c0ngels Guiteras, ha assistit a un esdeveniment que compta amb la participaci\u00f3\" \/>\n<meta property=\"og:url\" content=\"https:\/\/abd.ong\/ca\/general-ca\/angels-guiteras-presenta-el-model-de-gestio-dexit-de-la-botiga-durant-el-forum-social-metropolita-2\/\" \/>\n<meta property=\"og:site_name\" content=\"ABD\" \/>\n<meta property=\"article:publisher\" content=\"https:\/\/www.facebook.com\/abd.ong\" \/>\n<meta property=\"article:published_time\" content=\"2023-09-14T11:42:08+00:00\" \/>\n<meta property=\"article:modified_time\" content=\"2023-09-15T06:54:57+00:00\" \/>\n<meta property=\"og:image\" content=\"https:\/\/abd.ong\/wp-content\/uploads\/2023\/09\/forum-universitats-760x428-1.png\" \/>\n\t<meta property=\"og:image:width\" content=\"760\" \/>\n\t<meta property=\"og:image:height\" content=\"428\" \/>\n\t<meta property=\"og:image:type\" content=\"image\/png\" \/>\n<meta name=\"author\" content=\"Francesc Balart\" \/>\n<meta name=\"twitter:card\" content=\"summary_large_image\" \/>\n<meta name=\"twitter:creator\" content=\"@abd_ong\" \/>\n<meta name=\"twitter:site\" content=\"@abd_ong\" \/>\n<meta name=\"twitter:label1\" content=\"Escrit per\" \/>\n\t<meta name=\"twitter:data1\" content=\"Francesc Balart\" \/>\n\t<meta name=\"twitter:label2\" content=\"Temps estimat de lectura\" \/>\n\t<meta name=\"twitter:data2\" content=\"4 minuts\" \/>\n<script type=\"application\/ld+json\" class=\"yoast-schema-graph\">{\"@context\":\"https:\\\/\\\/schema.org\",\"@graph\":[{\"@type\":\"Article\",\"@id\":\"https:\\\/\\\/abd.ong\\\/ca\\\/general-ca\\\/angels-guiteras-presenta-el-model-de-gestio-dexit-de-la-botiga-durant-el-forum-social-metropolita-2\\\/#article\",\"isPartOf\":{\"@id\":\"https:\\\/\\\/abd.ong\\\/ca\\\/general-ca\\\/angels-guiteras-presenta-el-model-de-gestio-dexit-de-la-botiga-durant-el-forum-social-metropolita-2\\\/\"},\"author\":{\"name\":\"Francesc Balart\",\"@id\":\"https:\\\/\\\/abd.ong\\\/ca\\\/#\\\/schema\\\/person\\\/6bb74ed13fc8bdf3a5382c66db14c9ee\"},\"headline\":\"El Grup ABD participa al &#8216;II Forum of European University Alliances&#8217;\",\"datePublished\":\"2023-09-14T11:42:08+00:00\",\"dateModified\":\"2023-09-15T06:54:57+00:00\",\"mainEntityOfPage\":{\"@id\":\"https:\\\/\\\/abd.ong\\\/ca\\\/general-ca\\\/angels-guiteras-presenta-el-model-de-gestio-dexit-de-la-botiga-durant-el-forum-social-metropolita-2\\\/\"},\"wordCount\":508,\"publisher\":{\"@id\":\"https:\\\/\\\/abd.ong\\\/ca\\\/#organization\"},\"image\":{\"@id\":\"https:\\\/\\\/abd.ong\\\/ca\\\/general-ca\\\/angels-guiteras-presenta-el-model-de-gestio-dexit-de-la-botiga-durant-el-forum-social-metropolita-2\\\/#primaryimage\"},\"thumbnailUrl\":\"https:\\\/\\\/abd.ong\\\/wp-content\\\/uploads\\\/2023\\\/09\\\/forum-universitats-760x428-1.png\",\"keywords\":[\"ABD\",\"Asociaci\u00f3n Bienestar y Desarrollo\",\"educaci\u00f3\",\"II Forum of European University Alliance\",\"internacional\",\"Mitjans de comunicaci\u00f3\",\"not\u00edcies\",\"Presid\u00e8ncia espanyola del Consell de la Uni\u00f3 Europea\",\"Uni\u00f3 Europea\",\"Universitats\"],\"articleSection\":[\"General\"],\"inLanguage\":\"ca\"},{\"@type\":\"WebPage\",\"@id\":\"https:\\\/\\\/abd.ong\\\/ca\\\/general-ca\\\/angels-guiteras-presenta-el-model-de-gestio-dexit-de-la-botiga-durant-el-forum-social-metropolita-2\\\/\",\"url\":\"https:\\\/\\\/abd.ong\\\/ca\\\/general-ca\\\/angels-guiteras-presenta-el-model-de-gestio-dexit-de-la-botiga-durant-el-forum-social-metropolita-2\\\/\",\"name\":\"El Grup ABD participa al 'II Forum of European University Alliances' - ABD\",\"isPartOf\":{\"@id\":\"https:\\\/\\\/abd.ong\\\/ca\\\/#website\"},\"primaryImageOfPage\":{\"@id\":\"https:\\\/\\\/abd.ong\\\/ca\\\/general-ca\\\/angels-guiteras-presenta-el-model-de-gestio-dexit-de-la-botiga-durant-el-forum-social-metropolita-2\\\/#primaryimage\"},\"image\":{\"@id\":\"https:\\\/\\\/abd.ong\\\/ca\\\/general-ca\\\/angels-guiteras-presenta-el-model-de-gestio-dexit-de-la-botiga-durant-el-forum-social-metropolita-2\\\/#primaryimage\"},\"thumbnailUrl\":\"https:\\\/\\\/abd.ong\\\/wp-content\\\/uploads\\\/2023\\\/09\\\/forum-universitats-760x428-1.png\",\"datePublished\":\"2023-09-14T11:42:08+00:00\",\"dateModified\":\"2023-09-15T06:54:57+00:00\",\"description\":\"La gerent del Grup ABD i membre del consell de direcci\u00f3 d'ECIU University, \u00c0ngels Guiteras, ha assistit a un esdeveniment que compta amb la participaci\u00f3\",\"breadcrumb\":{\"@id\":\"https:\\\/\\\/abd.ong\\\/ca\\\/general-ca\\\/angels-guiteras-presenta-el-model-de-gestio-dexit-de-la-botiga-durant-el-forum-social-metropolita-2\\\/#breadcrumb\"},\"inLanguage\":\"ca\",\"potentialAction\":[{\"@type\":\"ReadAction\",\"target\":[\"https:\\\/\\\/abd.ong\\\/ca\\\/general-ca\\\/angels-guiteras-presenta-el-model-de-gestio-dexit-de-la-botiga-durant-el-forum-social-metropolita-2\\\/\"]}]},{\"@type\":\"ImageObject\",\"inLanguage\":\"ca\",\"@id\":\"https:\\\/\\\/abd.ong\\\/ca\\\/general-ca\\\/angels-guiteras-presenta-el-model-de-gestio-dexit-de-la-botiga-durant-el-forum-social-metropolita-2\\\/#primaryimage\",\"url\":\"https:\\\/\\\/abd.ong\\\/wp-content\\\/uploads\\\/2023\\\/09\\\/forum-universitats-760x428-1.png\",\"contentUrl\":\"https:\\\/\\\/abd.ong\\\/wp-content\\\/uploads\\\/2023\\\/09\\\/forum-universitats-760x428-1.png\",\"width\":760,\"height\":428},{\"@type\":\"BreadcrumbList\",\"@id\":\"https:\\\/\\\/abd.ong\\\/ca\\\/general-ca\\\/angels-guiteras-presenta-el-model-de-gestio-dexit-de-la-botiga-durant-el-forum-social-metropolita-2\\\/#breadcrumb\",\"itemListElement\":[{\"@type\":\"ListItem\",\"position\":1,\"name\":\"Inici\",\"item\":\"https:\\\/\\\/abd.ong\\\/ca\\\/\"},{\"@type\":\"ListItem\",\"position\":2,\"name\":\"El Grup ABD participa al &#8216;II Forum of European University Alliances&#8217;\"}]},{\"@type\":\"WebSite\",\"@id\":\"https:\\\/\\\/abd.ong\\\/ca\\\/#website\",\"url\":\"https:\\\/\\\/abd.ong\\\/ca\\\/\",\"name\":\"ABD\",\"description\":\"Asociaci\u00f3n Bienestar y Desarrollo\",\"publisher\":{\"@id\":\"https:\\\/\\\/abd.ong\\\/ca\\\/#organization\"},\"potentialAction\":[{\"@type\":\"SearchAction\",\"target\":{\"@type\":\"EntryPoint\",\"urlTemplate\":\"https:\\\/\\\/abd.ong\\\/ca\\\/?s={search_term_string}\"},\"query-input\":{\"@type\":\"PropertyValueSpecification\",\"valueRequired\":true,\"valueName\":\"search_term_string\"}}],\"inLanguage\":\"ca\"},{\"@type\":\"Organization\",\"@id\":\"https:\\\/\\\/abd.ong\\\/ca\\\/#organization\",\"name\":\"Associaci\u00f3 Benestar i Desenvolupament\",\"alternateName\":\"ABD\",\"url\":\"https:\\\/\\\/abd.ong\\\/ca\\\/\",\"logo\":{\"@type\":\"ImageObject\",\"inLanguage\":\"ca\",\"@id\":\"https:\\\/\\\/abd.ong\\\/ca\\\/#\\\/schema\\\/logo\\\/image\\\/\",\"url\":\"https:\\\/\\\/abd.ong\\\/wp-content\\\/uploads\\\/2023\\\/01\\\/Icona.png\",\"contentUrl\":\"https:\\\/\\\/abd.ong\\\/wp-content\\\/uploads\\\/2023\\\/01\\\/Icona.png\",\"width\":190,\"height\":187,\"caption\":\"Associaci\u00f3 Benestar i Desenvolupament\"},\"image\":{\"@id\":\"https:\\\/\\\/abd.ong\\\/ca\\\/#\\\/schema\\\/logo\\\/image\\\/\"},\"sameAs\":[\"https:\\\/\\\/www.facebook.com\\\/abd.ong\",\"https:\\\/\\\/x.com\\\/abd_ong\",\"https:\\\/\\\/www.instagram.com\\\/abd_ong\\\/\",\"https:\\\/\\\/www.linkedin.com\\\/company\\\/abdong\",\"https:\\\/\\\/www.youtube.com\\\/user\\\/CANALABD\"]},{\"@type\":\"Person\",\"@id\":\"https:\\\/\\\/abd.ong\\\/ca\\\/#\\\/schema\\\/person\\\/6bb74ed13fc8bdf3a5382c66db14c9ee\",\"name\":\"Francesc Balart\"}]}<\/script>\n<!-- \/ Yoast SEO plugin. -->","yoast_head_json":{"title":"El Grup ABD participa al 'II Forum of European University Alliances' - ABD","description":"La gerent del Grup ABD i membre del consell de direcci\u00f3 d'ECIU University, \u00c0ngels Guiteras, ha assistit a un esdeveniment que compta amb la participaci\u00f3","robots":{"index":"index","follow":"follow","max-snippet":"max-snippet:-1","max-image-preview":"max-image-preview:large","max-video-preview":"max-video-preview:-1"},"canonical":"https:\/\/abd.ong\/ca\/general-ca\/angels-guiteras-presenta-el-model-de-gestio-dexit-de-la-botiga-durant-el-forum-social-metropolita-2\/","og_locale":"ca_ES","og_type":"article","og_title":"El Grup ABD participa al 'II Forum of European University Alliances' - ABD","og_description":"La gerent del Grup ABD i membre del consell de direcci\u00f3 d'ECIU University, \u00c0ngels Guiteras, ha assistit a un esdeveniment que compta amb la participaci\u00f3","og_url":"https:\/\/abd.ong\/ca\/general-ca\/angels-guiteras-presenta-el-model-de-gestio-dexit-de-la-botiga-durant-el-forum-social-metropolita-2\/","og_site_name":"ABD","article_publisher":"https:\/\/www.facebook.com\/abd.ong","article_published_time":"2023-09-14T11:42:08+00:00","article_modified_time":"2023-09-15T06:54:57+00:00","og_image":[{"width":760,"height":428,"url":"https:\/\/abd.ong\/wp-content\/uploads\/2023\/09\/forum-universitats-760x428-1.png","type":"image\/png"}],"author":"Francesc Balart","twitter_card":"summary_large_image","twitter_creator":"@abd_ong","twitter_site":"@abd_ong","twitter_misc":{"Escrit per":"Francesc Balart","Temps estimat de lectura":"4 minuts"},"schema":{"@context":"https:\/\/schema.org","@graph":[{"@type":"Article","@id":"https:\/\/abd.ong\/ca\/general-ca\/angels-guiteras-presenta-el-model-de-gestio-dexit-de-la-botiga-durant-el-forum-social-metropolita-2\/#article","isPartOf":{"@id":"https:\/\/abd.ong\/ca\/general-ca\/angels-guiteras-presenta-el-model-de-gestio-dexit-de-la-botiga-durant-el-forum-social-metropolita-2\/"},"author":{"name":"Francesc Balart","@id":"https:\/\/abd.ong\/ca\/#\/schema\/person\/6bb74ed13fc8bdf3a5382c66db14c9ee"},"headline":"El Grup ABD participa al &#8216;II Forum of European University Alliances&#8217;","datePublished":"2023-09-14T11:42:08+00:00","dateModified":"2023-09-15T06:54:57+00:00","mainEntityOfPage":{"@id":"https:\/\/abd.ong\/ca\/general-ca\/angels-guiteras-presenta-el-model-de-gestio-dexit-de-la-botiga-durant-el-forum-social-metropolita-2\/"},"wordCount":508,"publisher":{"@id":"https:\/\/abd.ong\/ca\/#organization"},"image":{"@id":"https:\/\/abd.ong\/ca\/general-ca\/angels-guiteras-presenta-el-model-de-gestio-dexit-de-la-botiga-durant-el-forum-social-metropolita-2\/#primaryimage"},"thumbnailUrl":"https:\/\/abd.ong\/wp-content\/uploads\/2023\/09\/forum-universitats-760x428-1.png","keywords":["ABD","Asociaci\u00f3n Bienestar y Desarrollo","educaci\u00f3","II Forum of European University Alliance","internacional","Mitjans de comunicaci\u00f3","not\u00edcies","Presid\u00e8ncia espanyola del Consell de la Uni\u00f3 Europea","Uni\u00f3 Europea","Universitats"],"articleSection":["General"],"inLanguage":"ca"},{"@type":"WebPage","@id":"https:\/\/abd.ong\/ca\/general-ca\/angels-guiteras-presenta-el-model-de-gestio-dexit-de-la-botiga-durant-el-forum-social-metropolita-2\/","url":"https:\/\/abd.ong\/ca\/general-ca\/angels-guiteras-presenta-el-model-de-gestio-dexit-de-la-botiga-durant-el-forum-social-metropolita-2\/","name":"El Grup ABD participa al 'II Forum of European University Alliances' - ABD","isPartOf":{"@id":"https:\/\/abd.ong\/ca\/#website"},"primaryImageOfPage":{"@id":"https:\/\/abd.ong\/ca\/general-ca\/angels-guiteras-presenta-el-model-de-gestio-dexit-de-la-botiga-durant-el-forum-social-metropolita-2\/#primaryimage"},"image":{"@id":"https:\/\/abd.ong\/ca\/general-ca\/angels-guiteras-presenta-el-model-de-gestio-dexit-de-la-botiga-durant-el-forum-social-metropolita-2\/#primaryimage"},"thumbnailUrl":"https:\/\/abd.ong\/wp-content\/uploads\/2023\/09\/forum-universitats-760x428-1.png","datePublished":"2023-09-14T11:42:08+00:00","dateModified":"2023-09-15T06:54:57+00:00","description":"La gerent del Grup ABD i membre del consell de direcci\u00f3 d'ECIU University, \u00c0ngels Guiteras, ha assistit a un esdeveniment que compta amb la participaci\u00f3","breadcrumb":{"@id":"https:\/\/abd.ong\/ca\/general-ca\/angels-guiteras-presenta-el-model-de-gestio-dexit-de-la-botiga-durant-el-forum-social-metropolita-2\/#breadcrumb"},"inLanguage":"ca","potentialAction":[{"@type":"ReadAction","target":["https:\/\/abd.ong\/ca\/general-ca\/angels-guiteras-presenta-el-model-de-gestio-dexit-de-la-botiga-durant-el-forum-social-metropolita-2\/"]}]},{"@type":"ImageObject","inLanguage":"ca","@id":"https:\/\/abd.ong\/ca\/general-ca\/angels-guiteras-presenta-el-model-de-gestio-dexit-de-la-botiga-durant-el-forum-social-metropolita-2\/#primaryimage","url":"https:\/\/abd.ong\/wp-content\/uploads\/2023\/09\/forum-universitats-760x428-1.png","contentUrl":"https:\/\/abd.ong\/wp-content\/uploads\/2023\/09\/forum-universitats-760x428-1.png","width":760,"height":428},{"@type":"BreadcrumbList","@id":"https:\/\/abd.ong\/ca\/general-ca\/angels-guiteras-presenta-el-model-de-gestio-dexit-de-la-botiga-durant-el-forum-social-metropolita-2\/#breadcrumb","itemListElement":[{"@type":"ListItem","position":1,"name":"Inici","item":"https:\/\/abd.ong\/ca\/"},{"@type":"ListItem","position":2,"name":"El Grup ABD participa al &#8216;II Forum of European University Alliances&#8217;"}]},{"@type":"WebSite","@id":"https:\/\/abd.ong\/ca\/#website","url":"https:\/\/abd.ong\/ca\/","name":"ABD","description":"Asociaci\u00f3n Bienestar y Desarrollo","publisher":{"@id":"https:\/\/abd.ong\/ca\/#organization"},"potentialAction":[{"@type":"SearchAction","target":{"@type":"EntryPoint","urlTemplate":"https:\/\/abd.ong\/ca\/?s={search_term_string}"},"query-input":{"@type":"PropertyValueSpecification","valueRequired":true,"valueName":"search_term_string"}}],"inLanguage":"ca"},{"@type":"Organization","@id":"https:\/\/abd.ong\/ca\/#organization","name":"Associaci\u00f3 Benestar i Desenvolupament","alternateName":"ABD","url":"https:\/\/abd.ong\/ca\/","logo":{"@type":"ImageObject","inLanguage":"ca","@id":"https:\/\/abd.ong\/ca\/#\/schema\/logo\/image\/","url":"https:\/\/abd.ong\/wp-content\/uploads\/2023\/01\/Icona.png","contentUrl":"https:\/\/abd.ong\/wp-content\/uploads\/2023\/01\/Icona.png","width":190,"height":187,"caption":"Associaci\u00f3 Benestar i Desenvolupament"},"image":{"@id":"https:\/\/abd.ong\/ca\/#\/schema\/logo\/image\/"},"sameAs":["https:\/\/www.facebook.com\/abd.ong","https:\/\/x.com\/abd_ong","https:\/\/www.instagram.com\/abd_ong\/","https:\/\/www.linkedin.com\/company\/abdong","https:\/\/www.youtube.com\/user\/CANALABD"]},{"@type":"Person","@id":"https:\/\/abd.ong\/ca\/#\/schema\/person\/6bb74ed13fc8bdf3a5382c66db14c9ee","name":"Francesc Balart"}]}},"_links":{"self":[{"href":"https:\/\/abd.ong\/ca\/wp-json\/wp\/v2\/posts\/154374","targetHints":{"allow":["GET"]}}],"collection":[{"href":"https:\/\/abd.ong\/ca\/wp-json\/wp\/v2\/posts"}],"about":[{"href":"https:\/\/abd.ong\/ca\/wp-json\/wp\/v2\/types\/post"}],"author":[{"embeddable":true,"href":"https:\/\/abd.ong\/ca\/wp-json\/wp\/v2\/users\/12"}],"replies":[{"embeddable":true,"href":"https:\/\/abd.ong\/ca\/wp-json\/wp\/v2\/comments?post=154374"}],"version-history":[{"count":3,"href":"https:\/\/abd.ong\/ca\/wp-json\/wp\/v2\/posts\/154374\/revisions"}],"predecessor-version":[{"id":154433,"href":"https:\/\/abd.ong\/ca\/wp-json\/wp\/v2\/posts\/154374\/revisions\/154433"}],"wp:featuredmedia":[{"embeddable":true,"href":"https:\/\/abd.ong\/ca\/wp-json\/wp\/v2\/media\/154420"}],"wp:attachment":[{"href":"https:\/\/abd.ong\/ca\/wp-json\/wp\/v2\/media?parent=154374"}],"wp:term":[{"taxonomy":"category","embeddable":true,"href":"https:\/\/abd.ong\/ca\/wp-json\/wp\/v2\/categories?post=154374"},{"taxonomy":"post_tag","embeddable":true,"href":"https:\/\/abd.ong\/ca\/wp-json\/wp\/v2\/tags?post=154374"}],"curies":[{"name":"wp","href":"https:\/\/api.w.org\/{rel}","templated":true}]}}