{"id":154363,"date":"2023-09-27T10:58:21","date_gmt":"2023-09-27T08:58:21","guid":{"rendered":"https:\/\/abd.ong\/?p=154363"},"modified":"2023-09-27T11:00:12","modified_gmt":"2023-09-27T09:00:12","slug":"abd-als-mitjans-de-comunicacio-al-setembre-4","status":"publish","type":"post","link":"https:\/\/abd.ong\/ca\/general-ca\/abd-als-mitjans-de-comunicacio-al-setembre-4\/","title":{"rendered":"ABD als mitjans de comunicaci\u00f3 al setembre"},"content":{"rendered":"\n<p>El <strong><a href=\"https:\/\/abd.ong\/\" target=\"_blank\" rel=\"noreferrer noopener\">Grup ABD<\/a><\/strong> ha estat present en els mitjans de comunicaci\u00f3 durant aquest mes de setembre. A continuaci\u00f3, el resum de premsa de les not\u00edcies, articles i reportatges en els quals hem participat com a organitzaci\u00f3.<\/p>\n\n\n\n<div style=\"height:30px\" aria-hidden=\"true\" class=\"wp-block-spacer\"><\/div>\n\n\n<p>\u00a0<\/p>\n<p><strong>26\/09\/2023 &#8211; Xarxanet<\/strong><\/p>\n<p>Prevenir, detectar i actuar contra les viol\u00e8ncies sexuals cap a les dones i les identitats no normatives en els espais d&#8217;oci, aquest \u00e9s l&#8217;objectiu del projecte <a href=\"https:\/\/abd.ong\/programas\/crisscross\/\" target=\"_blank\" rel=\"noopener\"><strong>Crisscross<\/strong><\/a>, una iniciativa europea coordinada per <a href=\"https:\/\/abd.ong\/\" target=\"_blank\" rel=\"noopener\"><strong>l&#8217;Associaci\u00f3 Benestar i Desenvolupament (ABD).<\/strong><\/a><\/p>\n<p><a href=\"https:\/\/xarxanet.org\/social\/noticies\/abd-participa-en-un-projecte-europeu-prevenir-les-violencies-sexuals-als-espais-doci\" target=\"_blank\" rel=\"noopener\">ABD participa en un projecte europeu per prevenir les viol\u00e8ncies sexuals en els espais d&#8217;oci nocturn.<\/a><\/p>\n<p>\u00a0<\/p>\n<p>\u00a0<\/p>\n<p><strong>26\/09\/2023 &#8211; Cuatro &#8220;Todo es Mentira&#8221;<\/strong><\/p>\n<p><strong>Claudio Vidal<\/strong>, el director estatal d&#8217;<a href=\"https:\/\/energycontrol.org\/\" target=\"_blank\" rel=\"noopener\"><strong>Energy Control<\/strong><\/a>, el programa d&#8217;<a href=\"https:\/\/abd.ong\/\" target=\"_blank\" rel=\"noopener\"><strong>ABD<\/strong><\/a>, acudeix al programa<a href=\"https:\/\/www.cuatro.com\/todoesmentira\/\" target=\"_blank\" rel=\"noopener\"> <strong>&#8220;Todo es mentira&#8221;<\/strong><\/a> de <a href=\"https:\/\/www.cuatro.com\/\" target=\"_blank\" rel=\"noopener\"><strong>Cuatro<\/strong><\/a>, de<strong> Risto Mejide<\/strong>, per baixar l&#8217;alarma del fentanil; <em><strong>&#8220;No hi ha evid\u00e8ncies per alarmar la gent sobre l&#8217;arribada del fentanil a Espanya.&#8221;<\/strong><\/em><\/p>\n<p><a href=\"https:\/\/www.cuatro.com\/todoesmentira\/alacarta\/\" target=\"_blank\" rel=\"noopener\">El fentanil, la droga de moda als Estats Units, arriba a Espanya. Hi ha motius per alarmar-se?<\/a><\/p>\n<p>\u00a0<\/p>\n<p>\u00a0<\/p>\n<p><strong>22\/09\/2023 &#8211; Catr\u00e0dio &#8220;Que no surti d&#8217;aqu\u00ed&#8221;<\/strong><\/p>\n<p><strong>Mireia Ventura<\/strong>, directora del servei d&#8217;an\u00e0lisi de subst\u00e0ncies d&#8217;<a href=\"https:\/\/energycontrol.org\/\" target=\"_blank\" rel=\"noopener\"><strong>Energy Control<\/strong><\/a>, acudeix al programa de <a href=\"https:\/\/www.ccma.cat\/catradio\/\" target=\"_blank\" rel=\"noopener\"><strong>Catr\u00e0dio<\/strong><\/a> <strong>&#8220;<a href=\"http:\/\/ccma.cat\/catradio\/que-no-surti-daqui\/\" target=\"_blank\" rel=\"noopener\">Que no surti d&#8217;aqu\u00ed<\/a>&#8220;<\/strong> per parlar sobre el fentanil, on explica clarament qu\u00e8 \u00e9s i quins s\u00f3n els efectes d&#8217;aquesta subst\u00e0ncia psicoactiva. Podeu escoltar el fragment a partir del minut 20:00.<\/p>\n<p><a href=\"https:\/\/www.ccma.cat\/catradio\/alacarta\/que-no-surti-daqui\/que-no-surti-daqui-de-13-a-14-h-22092023\/audio\/1183060\/\" target=\"_blank\" rel=\"noopener\">Parlem del fentanil amb Mireia Ventura.<\/a><\/p>\n<p>\u00a0<\/p>\n<p>\u00a0<\/p>\n<p><strong>21\/09\/2023 &#8211; InfoAdicciones<\/strong><\/p>\n<p><em>&#8220;En l&#8217;episodi del podcast d&#8217;avui parlem sobre el Fentanil, el tema estrella d&#8217;aquest estiu. Per fer-ho, entrevistem a <strong>Claudio Vidal<\/strong>, el director estatal d&#8217;<strong><a href=\"https:\/\/energycontrol.org\/\" target=\"_blank\" rel=\"noopener\">Energy Control<\/a>,<\/strong> un programa de<a href=\"https:\/\/infoadicciones.org\/que-es-la-reduccion-de-riesgos-y-danos\/\" target=\"_blank\" rel=\"noopener\"><strong> reducci\u00f3 de riscos i danys<\/strong><\/a> de l&#8217;<a href=\"https:\/\/abd.ong\/\" target=\"_blank\" rel=\"noopener\"><strong>Associaci\u00f3 ABD<\/strong> <\/a>que porta des de l&#8217;any 97 treballant en l&#8217;an\u00e0lisi de subst\u00e0ncies i el subministrament d&#8217;informaci\u00f3 sobre el seu consum, amb l&#8217;objectiu que les persones <strong>prenguin decisions informades i puguin tracar estrat\u00e8gies per reduir els riscos i danys d&#8217;aquestes decisions.&#8221;<\/strong><\/em><\/p>\n<p><a href=\"https:\/\/infoadicciones.org\/podcast-respira-episodio-16-el-fentanilo-desmontamos-mitos\/\" target=\"_blank\" rel=\"noopener\">Podcast Respira: El Fentanil, desmuntem mites.<\/a><\/p>\n<p>\u00a0<\/p>\n<p>\u00a0<\/p>\n<p><strong>18\/09\/2023 &#8211; C\u00e1\u00f1amo<\/strong><\/p>\n<p><em>&#8220;La mesura evitaria que les persones amb addiccions pateixin danys innecessaris derivats de l&#8217;\u00fas de drogues, i milloraria la seva qualitat de vida. Amb la dispensaci\u00f3 d&#8217;hero\u00efna, <strong>els consumidors deixen d&#8217;acudir al mercat negre, i per tant, es minimitza el risc per a la salut i la marginalitat&#8221;<\/strong><\/em>, va dir el vocal de la <a href=\"http:\/\/www.fcd.cat\/\" target=\"_blank\" rel=\"noopener\"><strong>Federaci\u00f3 de Drogodepend\u00e8ncies de Catalunya<\/strong><\/a>, <strong>Josep Rovira<\/strong>, en declaracions a\u00a0<a href=\"https:\/\/www.ccma.cat\/catradio\/\" target=\"_blank\" rel=\"noopener\"><strong>Catalunya R\u00e0dio<\/strong><\/a>.<\/p>\n<p><a href=\"https:\/\/canamo.net\/noticias\/espana\/catalunya-estudia-implantar-programas-de-heroina-para-adictos\" target=\"_blank\" rel=\"noopener\">Catalunya estudia implantar programes d&#8217;hero\u00efna per a addictes.<\/a><\/p>\n<p>\u00a0<\/p>\n<p>\u00a0<\/p>\n<p><strong>16\/09\/2023 &#8211; ARA<\/strong><\/p>\n<p><strong>S\u00f3n possibles els geri\u00e0trics sense corretges?<\/strong> L&#8217;article sobre la situaci\u00f3 de la gent gran als geri\u00e0trics \u00e9s not\u00edcia al diari <a href=\"https:\/\/www.ara.cat\/\" target=\"_blank\" rel=\"noopener\"><strong>ARA<\/strong><\/a>, amb la participaci\u00f3 del <a href=\"https:\/\/abd.ong\/\" target=\"_blank\" rel=\"noopener\"><strong>Grup ABD<\/strong><\/a>, amb els comentaris d&#8217;<strong>Inma Prim<\/strong>, delegada d&#8217;ABD a Lleida, i <strong>Fina Casta\u00f1o<\/strong>, directora de l&#8217;\u00e0rea de la Promoci\u00f3 de l&#8217;Autonomia i Depend\u00e8ncia d&#8217;ABD.<\/p>\n<p><a href=\"https:\/\/www.ara.cat\/societat\/salut\/son-possibles-geriatrics-corretges-https-ara-bbnx-pro-bitban-com-ara_1_4761600.amp.html\" target=\"_blank\" rel=\"noopener\">S\u00f3n possibles els geri\u00e0trics sense corretges?<\/a><\/p>\n<p>\u00a0<\/p>\n<p>\u00a0<\/p>\n<p><strong>14\/09\/2023 \u2013 Peri\u00f3dico del Voluntariado<\/strong><\/p>\n<p><em>&#8220;S\u00f3n uns pocs els que semblen cridats a dedicar la seva vida a una passi\u00f3, que pot coincidir o no amb la seva professi\u00f3. La senten gaireb\u00e9 des de que neixen i viuen amb aquesta flama dins des de petits. Hi ha altres que mai la troben i, finalment, estan els que es topen amb ella quan el seu futur ja semblava decidit. La hist\u00f2ria de <strong>Felisa P\u00e9rez<\/strong>, psic\u00f2loga experta en addiccions i presidenta de l&#8217;<a href=\"https:\/\/abd.ong\/\" target=\"_blank\" rel=\"noopener\"><strong>Associaci\u00f3 Benestar i Desenvolupament<\/strong><\/a>, \u00e9s la d&#8217;una nena que va voler ser com les seves mestres, dones independents i intel\u00b7ligents, per poder sortir del seu poble, Ademuz.&#8221;<\/em><\/p>\n<p><a href=\"https:\/\/elperiodicodelvoluntariado.com\/el-voluntariado-es-la-mayor-expresion-de-la-democracia\/\" target=\"_blank\" rel=\"noopener\">Felisa P\u00e9rez \u00abEl voluntariat \u00e9s la major expressi\u00f3 de la democr\u00e0cia\u00bb.<\/a><\/p>\n<p>\u00a0<\/p>\n<p>\u00a0<\/p>\n<p><strong>14\/09\/2023 &#8211; &#8216;El mat\u00ed de Catalunya R\u00e0dio&#8217;<\/strong><\/p>\n<p><em>&#8220;V\u00e0ries pa\u00efsos d&#8217;Europa ja han dut endavant tractaments amb hero\u00efna, com Su\u00efssa, Pa\u00efsos Baixos, Regne Unit o Alemanya.<strong> Josep Rovira<\/strong> \u00e9s vocal de la <a href=\"http:\/\/www.fcd.cat\/\" target=\"_blank\" rel=\"noopener\"><strong>Federaci\u00f3 de Drogodepend\u00e8ncies de Catalunya<\/strong><\/a> i defensa l&#8217;aposta pels nous tractaments:<strong> Els consumidors deixen d&#8217;acudir al mercat negre i, per tant, es minimitza el risc per a la salut i la marginalitat.&#8221;<\/strong><\/em><\/p>\n<p><a href=\"https:\/\/www.ccma.cat\/catradio\/el-mati-de-catalunya-radio\/salut-fa-un-pas-endavant-per-fer-tractaments-amb-heroina-terapeutica\/noticia\/3248628\/\" target=\"_blank\" rel=\"noopener\">Pas endavant per realitzar tractaments amb hero\u00efna terap\u00e8utica a Catalunya.<\/a><\/p>\n<p>\u00a0<\/p>\n<p>\u00a0<\/p>\n<p><strong>13\/09\/2023 &#8211; La COPE &#8220;Migdia Cope Catalunya i Andorra&#8221;<\/strong><\/p>\n<p><strong>Claudio Vidal<\/strong>, director estatal d&#8217;<a href=\"https:\/\/energycontrol.org\/\" target=\"_blank\" rel=\"noopener\"><strong>Energy Control<\/strong><\/a>, el programa d&#8217;<a href=\"https:\/\/abd.ong\/\" target=\"_blank\" rel=\"noopener\"><strong>ABD<\/strong><\/a>, parla a la <a href=\"https:\/\/www.cope.es\/\" target=\"_blank\" rel=\"noopener\"><strong>COPE<\/strong><\/a>, a &#8220;<a href=\"https:\/\/www.cope.es\/emisoras\/catalunya\/barcelona-provincia\/barcelona\/migdia-cope-catalunya-i-andorra\" target=\"_blank\" rel=\"noopener\"><strong>Migdia Cope Catalunya i Andorra<\/strong><\/a>&#8221; de l&#8217;\u00f2xid nitr\u00f3s o &#8220;<em><strong>el gas de la risa<\/strong><\/em>&#8220;, sobre els seus efectes i conseq\u00fc\u00e8ncies d&#8217;aquesta droga legal a Espanya; <strong><em>&#8220;\u00c9s una subst\u00e0ncia ja prou coneguda en l&#8217;\u00e0mbit sanitari que s&#8217;usa com a anest\u00e8sia, per\u00f2 t\u00e9 altres usos com en el m\u00f3n de la pastisseria&#8230; i tamb\u00e9 en aquest cas, en l&#8217;\u00e0mbit recreatiu.&#8221;<\/em><\/strong><\/p>\n<p><a href=\"https:\/\/www.cope.es\/emisoras\/catalunya\/barcelona-provincia\/barcelona\/migdia-cope-catalunya-i-andorra\/audios\/gas-risa-una-droga-barata-perillosa-20230913_2343727\" target=\"_blank\" rel=\"noopener\">El &#8220;gas de la risa&#8221;, una droga barata i perillosa.<\/a><\/p>\n<p>\u00a0<\/p>\n<p>\u00a0<\/p>\n<p><strong>13\/09\/2023 \u2013 Dependencia.info<\/strong><\/p>\n<p>L&#8217;article <strong>&#8220;El dilema del binomi, tecnologia i envelliment&#8221;<\/strong> de <strong>Pilar Rodr\u00edguez<\/strong>, Adjunta a Ger\u00e8ncia i Directora de la Unitat Operativa Sociosanit\u00e0ria d&#8217;<a href=\"https:\/\/abd.ong\/\" target=\"_blank\" rel=\"noopener\"><strong>ABD<\/strong><\/a>, \u00e9s not\u00edcia a <a href=\"https:\/\/dependencia.info\/\" target=\"_blank\" rel=\"noopener\"><strong>Dependencia.info<\/strong><\/a>, on argumenta que; <em><strong>&#8220;No hem de permetre que les persones de m\u00e9s edat sentin que s&#8217;han quedat excloses, que ja s&#8217;han quedat enrere, que la tecnologia no forma part de la seva vida.&#8221;<\/strong><\/em><\/p>\n<p><a href=\"https:\/\/dependencia.info\/noticia\/6417\/actualidad\/analisis-geroasistencial:-el-brete-del-binomio-tecnologia-y-envejecimiento.html\" target=\"_blank\" rel=\"noopener\">An\u00e0lisi geriassistencial: El dilema del binomi tecnologia i envelliment.<\/a><\/p>\n<p>\u00a0<\/p>\n<p>\u00a0<\/p>\n<p><strong>12\/09\/2023 &#8211; La Sexta<\/strong><\/p>\n<p><em>&#8220;<strong>Els consumidors de fentanil<\/strong> a penes poden mantenir-se dempeus. Als carrers de Filad\u00e8lfia, Estats Units, grups sencers d&#8217;addictes romanen a terra imm\u00f2bils, sense poder controlar els seus moviments o els impulsos. La crua realitat del fentanil s&#8217;expandeix com la p\u00f3lvora pels EUA. Per comprendre la crisi actual, amb <strong>100.000 morts per sobredosi, cal remuntar-se a finals dels 90<\/strong>, quan els analg\u00e8sics arribaven sense control ni recepta a supermercats i farm\u00e0cies. Aix\u00ed ho narra <strong>Claudio Vidal<\/strong>, director estatal d&#8217;<a href=\"https:\/\/energycontrol.org\/\" target=\"_blank\" rel=\"noopener\"><strong>Energy Control<\/strong><\/a>, que explica que (<strong>hi va haver un capitalisme farmac\u00e8utic desbocat<\/strong>).&#8221;<\/em><\/p>\n<p><a href=\"https:\/\/www.lasexta.com\/noticias\/internacional\/crisis-fentanilo-eeuu-100000-muertes-cuyo-origen-remonta-marketing-farmaceutico-escrupulos-90_2023091265008948d60bc60001c8a088.html\" target=\"_blank\" rel=\"noopener\">La crisi del fentanil als EUA: 100.000 morts per culpa del &#8216;marketing&#8217; farmac\u00e8utic sense escr\u00fapols dels 90.<\/a><\/p>\n<p>\u00a0<\/p>\n<p>\u00a0<\/p>\n<p><strong>12\/09\/2023 &#8211; Betev\u00e9<\/strong><\/p>\n<p><em>&#8220;<a href=\"https:\/\/energycontrol.org\/\" target=\"_blank\" rel=\"noopener\"><strong>Energy Control<\/strong> <\/a>argumenta que; No est\u00e0 justificada la prohibici\u00f3 d&#8217;aquest gas per ser de baix risc. Apunten, no obstant, que cal <strong>augmentar la informaci\u00f3 dels riscos que suposa consumir-los de forma persistent i prolongada.<\/strong> El seu ab\u00fas pot comportar d\u00e8ficit de vitamina B12 i alteracions cognitives i neuronals, aix\u00ed com asf\u00edxia. <strong>\u00c9s tamb\u00e9 una subst\u00e0ncia molt inflamable<\/strong> que no es pot manipular prop del foc. Des d&#8217;aquesta entitat alerten tamb\u00e9 dels riscos mediambientals de la proliferaci\u00f3 d&#8217;aquest gas per l&#8217;acumulaci\u00f3 dels recipients abandonats al carrer.&#8221;<\/em><\/p>\n<p><a href=\"https:\/\/beteve.cat\/societat\/energy-control-regular-venda-gas-riure\/\" target=\"_blank\" rel=\"noopener\">Energy Control demana regular la venda de gas de la risa per evitar que es comprin massivament.<\/a><\/p>\n<p>\u00a0<\/p>\n<p>\u00a0<\/p>\n<p><strong>12\/09\/2023 &#8211; &#8220;Tot es mou&#8221; TV3<\/strong><\/p>\n<p><a href=\"https:\/\/energycontrol.org\/\" target=\"_blank\" rel=\"noopener\"><strong>Energy Control<\/strong><\/a>, el programa d&#8217;<a href=\"https:\/\/abd.ong\/\" target=\"_blank\" rel=\"noopener\"><strong>ABD<\/strong><\/a>, amb la seva eina d&#8217;an\u00e0lisi de la composici\u00f3 de subst\u00e0ncies psicoactives, \u00e9s not\u00edcia al programa en directe &#8220;<a href=\"https:\/\/www.ccma.cat\/tv3\/tot-es-mou\/\" target=\"_blank\" rel=\"noopener\"><strong>Tot es mou<\/strong><\/a>&#8221; de <a href=\"https:\/\/www.ccma.cat\/tv3\/\" target=\"_blank\" rel=\"noopener\"><strong>TV3<\/strong><\/a>. Amb la realitzaci\u00f3 en directe del funcionament del seu servei d&#8217;an\u00e0lisi que utilitzen a peu de carrer, amb <strong>Iv\u00e0n Forn\u00eds<\/strong>, coordinador del laboratori d<a href=\"https:\/\/energycontrol.org\/\" target=\"_blank\" rel=\"noopener\">&#8216;<strong>Energy Control<\/strong><\/a>.<\/p>\n<p><a href=\"https:\/\/www.ccma.cat\/tv3\/alacarta\/tot-es-mou\/12092023\/video\/6239439\/\" target=\"_blank\" rel=\"noopener\">Parlem del risc de les subst\u00e0ncies psicoactives.<\/a><\/p>","protected":false},"excerpt":{"rendered":"<p>El Grup ABD ha estat present en els mitjans de comunicaci\u00f3 durant aquest mes de setembre. A continuaci\u00f3, el resum de premsa de les not\u00edcies, articles i reportatges en els&hellip;<\/p>\n","protected":false},"author":12,"featured_media":14666,"comment_status":"closed","ping_status":"closed","sticky":false,"template":"","format":"standard","meta":{"_acf_changed":false,"footnotes":""},"categories":[66],"tags":[119,2450,3744,675,3491,3265,2446,175,3264,2260,2299,2300,2226,2396,2305],"class_list":["post-154363","post","type-post","status-publish","format-standard","has-post-thumbnail","hentry","category-general-ca","tag-abd","tag-adolescencia-ca","tag-alertes","tag-asociacion-bienestar-y-desarrollo-ca","tag-calor-ca","tag-cocaina-ca","tag-consum-de-drogues-ca","tag-drogas-ca","tag-educacio","tag-joventut","tag-mitjans-de-comunicacio-ca","tag-noticies-ca","tag-pobresa-energetica-ca","tag-reduccio-de-danys-ca","tag-violencia-masclista"],"acf":[],"yoast_head":"<!-- This site is optimized with the Yoast SEO plugin v27.4 - https:\/\/yoast.com\/product\/yoast-seo-wordpress\/ -->\n<title>ABD als mitjans de comunicaci\u00f3 al setembre - ABD<\/title>\n<meta name=\"description\" content=\"El Grup ABD ha estat present en els mitjans de comunicaci\u00f3 durant aquest mes de setembre. A continuaci\u00f3, el resum de premsa de les not\u00edcies, articles i\" \/>\n<meta name=\"robots\" content=\"index, follow, max-snippet:-1, max-image-preview:large, max-video-preview:-1\" \/>\n<link rel=\"canonical\" href=\"https:\/\/abd.ong\/ca\/general-ca\/abd-als-mitjans-de-comunicacio-al-setembre-4\/\" \/>\n<meta property=\"og:locale\" content=\"ca_ES\" \/>\n<meta property=\"og:type\" content=\"article\" \/>\n<meta property=\"og:title\" content=\"ABD als mitjans de comunicaci\u00f3 al setembre - ABD\" \/>\n<meta property=\"og:description\" content=\"El Grup ABD ha estat present en els mitjans de comunicaci\u00f3 durant aquest mes de setembre. A continuaci\u00f3, el resum de premsa de les not\u00edcies, articles i\" \/>\n<meta property=\"og:url\" content=\"https:\/\/abd.ong\/ca\/general-ca\/abd-als-mitjans-de-comunicacio-al-setembre-4\/\" \/>\n<meta property=\"og:site_name\" content=\"ABD\" \/>\n<meta property=\"article:publisher\" content=\"https:\/\/www.facebook.com\/abd.ong\" \/>\n<meta property=\"article:published_time\" content=\"2023-09-27T08:58:21+00:00\" \/>\n<meta property=\"article:modified_time\" content=\"2023-09-27T09:00:12+00:00\" \/>\n<meta property=\"og:image\" content=\"https:\/\/abd.ong\/wp-content\/uploads\/2020\/05\/old-tv-1149416_1920.jpg\" \/>\n\t<meta property=\"og:image:width\" content=\"1919\" \/>\n\t<meta property=\"og:image:height\" content=\"977\" \/>\n\t<meta property=\"og:image:type\" content=\"image\/jpeg\" \/>\n<meta name=\"author\" content=\"Francesc Balart\" \/>\n<meta name=\"twitter:card\" content=\"summary_large_image\" \/>\n<meta name=\"twitter:creator\" content=\"@abd_ong\" \/>\n<meta name=\"twitter:site\" content=\"@abd_ong\" \/>\n<meta name=\"twitter:label1\" content=\"Escrit per\" \/>\n\t<meta name=\"twitter:data1\" content=\"Francesc Balart\" \/>\n\t<meta name=\"twitter:label2\" content=\"Temps estimat de lectura\" \/>\n\t<meta name=\"twitter:data2\" content=\"6 minuts\" \/>\n<script type=\"application\/ld+json\" class=\"yoast-schema-graph\">{\"@context\":\"https:\\\/\\\/schema.org\",\"@graph\":[{\"@type\":\"Article\",\"@id\":\"https:\\\/\\\/abd.ong\\\/ca\\\/general-ca\\\/abd-als-mitjans-de-comunicacio-al-setembre-4\\\/#article\",\"isPartOf\":{\"@id\":\"https:\\\/\\\/abd.ong\\\/ca\\\/general-ca\\\/abd-als-mitjans-de-comunicacio-al-setembre-4\\\/\"},\"author\":{\"name\":\"Francesc Balart\",\"@id\":\"https:\\\/\\\/abd.ong\\\/ca\\\/#\\\/schema\\\/person\\\/6bb74ed13fc8bdf3a5382c66db14c9ee\"},\"headline\":\"ABD als mitjans de comunicaci\u00f3 al setembre\",\"datePublished\":\"2023-09-27T08:58:21+00:00\",\"dateModified\":\"2023-09-27T09:00:12+00:00\",\"mainEntityOfPage\":{\"@id\":\"https:\\\/\\\/abd.ong\\\/ca\\\/general-ca\\\/abd-als-mitjans-de-comunicacio-al-setembre-4\\\/\"},\"wordCount\":1188,\"publisher\":{\"@id\":\"https:\\\/\\\/abd.ong\\\/ca\\\/#organization\"},\"image\":{\"@id\":\"https:\\\/\\\/abd.ong\\\/ca\\\/general-ca\\\/abd-als-mitjans-de-comunicacio-al-setembre-4\\\/#primaryimage\"},\"thumbnailUrl\":\"https:\\\/\\\/abd.ong\\\/wp-content\\\/uploads\\\/2020\\\/05\\\/old-tv-1149416_1920.jpg\",\"keywords\":[\"ABD\",\"adolesc\u00e8ncia\",\"alertes\",\"Asociaci\u00f3n Bienestar y Desarrollo\",\"calor\",\"coca\u00efna\",\"consum de drogues\",\"drogas\",\"educaci\u00f3\",\"joventut\",\"Mitjans de comunicaci\u00f3\",\"not\u00edcies\",\"pobresa energ\u00e8tica\",\"reducci\u00f3 de danys\",\"viol\u00e8ncia masclista\"],\"articleSection\":[\"General\"],\"inLanguage\":\"ca\"},{\"@type\":\"WebPage\",\"@id\":\"https:\\\/\\\/abd.ong\\\/ca\\\/general-ca\\\/abd-als-mitjans-de-comunicacio-al-setembre-4\\\/\",\"url\":\"https:\\\/\\\/abd.ong\\\/ca\\\/general-ca\\\/abd-als-mitjans-de-comunicacio-al-setembre-4\\\/\",\"name\":\"ABD als mitjans de comunicaci\u00f3 al setembre - ABD\",\"isPartOf\":{\"@id\":\"https:\\\/\\\/abd.ong\\\/ca\\\/#website\"},\"primaryImageOfPage\":{\"@id\":\"https:\\\/\\\/abd.ong\\\/ca\\\/general-ca\\\/abd-als-mitjans-de-comunicacio-al-setembre-4\\\/#primaryimage\"},\"image\":{\"@id\":\"https:\\\/\\\/abd.ong\\\/ca\\\/general-ca\\\/abd-als-mitjans-de-comunicacio-al-setembre-4\\\/#primaryimage\"},\"thumbnailUrl\":\"https:\\\/\\\/abd.ong\\\/wp-content\\\/uploads\\\/2020\\\/05\\\/old-tv-1149416_1920.jpg\",\"datePublished\":\"2023-09-27T08:58:21+00:00\",\"dateModified\":\"2023-09-27T09:00:12+00:00\",\"description\":\"El Grup ABD ha estat present en els mitjans de comunicaci\u00f3 durant aquest mes de setembre. A continuaci\u00f3, el resum de premsa de les not\u00edcies, articles i\",\"breadcrumb\":{\"@id\":\"https:\\\/\\\/abd.ong\\\/ca\\\/general-ca\\\/abd-als-mitjans-de-comunicacio-al-setembre-4\\\/#breadcrumb\"},\"inLanguage\":\"ca\",\"potentialAction\":[{\"@type\":\"ReadAction\",\"target\":[\"https:\\\/\\\/abd.ong\\\/ca\\\/general-ca\\\/abd-als-mitjans-de-comunicacio-al-setembre-4\\\/\"]}]},{\"@type\":\"ImageObject\",\"inLanguage\":\"ca\",\"@id\":\"https:\\\/\\\/abd.ong\\\/ca\\\/general-ca\\\/abd-als-mitjans-de-comunicacio-al-setembre-4\\\/#primaryimage\",\"url\":\"https:\\\/\\\/abd.ong\\\/wp-content\\\/uploads\\\/2020\\\/05\\\/old-tv-1149416_1920.jpg\",\"contentUrl\":\"https:\\\/\\\/abd.ong\\\/wp-content\\\/uploads\\\/2020\\\/05\\\/old-tv-1149416_1920.jpg\",\"width\":1919,\"height\":977,\"caption\":\"medios de comunicaci\u00f3n\"},{\"@type\":\"BreadcrumbList\",\"@id\":\"https:\\\/\\\/abd.ong\\\/ca\\\/general-ca\\\/abd-als-mitjans-de-comunicacio-al-setembre-4\\\/#breadcrumb\",\"itemListElement\":[{\"@type\":\"ListItem\",\"position\":1,\"name\":\"Inici\",\"item\":\"https:\\\/\\\/abd.ong\\\/ca\\\/\"},{\"@type\":\"ListItem\",\"position\":2,\"name\":\"ABD als mitjans de comunicaci\u00f3 al setembre\"}]},{\"@type\":\"WebSite\",\"@id\":\"https:\\\/\\\/abd.ong\\\/ca\\\/#website\",\"url\":\"https:\\\/\\\/abd.ong\\\/ca\\\/\",\"name\":\"ABD\",\"description\":\"Asociaci\u00f3n Bienestar y Desarrollo\",\"publisher\":{\"@id\":\"https:\\\/\\\/abd.ong\\\/ca\\\/#organization\"},\"potentialAction\":[{\"@type\":\"SearchAction\",\"target\":{\"@type\":\"EntryPoint\",\"urlTemplate\":\"https:\\\/\\\/abd.ong\\\/ca\\\/?s={search_term_string}\"},\"query-input\":{\"@type\":\"PropertyValueSpecification\",\"valueRequired\":true,\"valueName\":\"search_term_string\"}}],\"inLanguage\":\"ca\"},{\"@type\":\"Organization\",\"@id\":\"https:\\\/\\\/abd.ong\\\/ca\\\/#organization\",\"name\":\"Associaci\u00f3 Benestar i Desenvolupament\",\"alternateName\":\"ABD\",\"url\":\"https:\\\/\\\/abd.ong\\\/ca\\\/\",\"logo\":{\"@type\":\"ImageObject\",\"inLanguage\":\"ca\",\"@id\":\"https:\\\/\\\/abd.ong\\\/ca\\\/#\\\/schema\\\/logo\\\/image\\\/\",\"url\":\"https:\\\/\\\/abd.ong\\\/wp-content\\\/uploads\\\/2023\\\/01\\\/Icona.png\",\"contentUrl\":\"https:\\\/\\\/abd.ong\\\/wp-content\\\/uploads\\\/2023\\\/01\\\/Icona.png\",\"width\":190,\"height\":187,\"caption\":\"Associaci\u00f3 Benestar i Desenvolupament\"},\"image\":{\"@id\":\"https:\\\/\\\/abd.ong\\\/ca\\\/#\\\/schema\\\/logo\\\/image\\\/\"},\"sameAs\":[\"https:\\\/\\\/www.facebook.com\\\/abd.ong\",\"https:\\\/\\\/x.com\\\/abd_ong\",\"https:\\\/\\\/www.instagram.com\\\/abd_ong\\\/\",\"https:\\\/\\\/www.linkedin.com\\\/company\\\/abdong\",\"https:\\\/\\\/www.youtube.com\\\/user\\\/CANALABD\"]},{\"@type\":\"Person\",\"@id\":\"https:\\\/\\\/abd.ong\\\/ca\\\/#\\\/schema\\\/person\\\/6bb74ed13fc8bdf3a5382c66db14c9ee\",\"name\":\"Francesc Balart\"}]}<\/script>\n<!-- \/ Yoast SEO plugin. -->","yoast_head_json":{"title":"ABD als mitjans de comunicaci\u00f3 al setembre - ABD","description":"El Grup ABD ha estat present en els mitjans de comunicaci\u00f3 durant aquest mes de setembre. A continuaci\u00f3, el resum de premsa de les not\u00edcies, articles i","robots":{"index":"index","follow":"follow","max-snippet":"max-snippet:-1","max-image-preview":"max-image-preview:large","max-video-preview":"max-video-preview:-1"},"canonical":"https:\/\/abd.ong\/ca\/general-ca\/abd-als-mitjans-de-comunicacio-al-setembre-4\/","og_locale":"ca_ES","og_type":"article","og_title":"ABD als mitjans de comunicaci\u00f3 al setembre - ABD","og_description":"El Grup ABD ha estat present en els mitjans de comunicaci\u00f3 durant aquest mes de setembre. A continuaci\u00f3, el resum de premsa de les not\u00edcies, articles i","og_url":"https:\/\/abd.ong\/ca\/general-ca\/abd-als-mitjans-de-comunicacio-al-setembre-4\/","og_site_name":"ABD","article_publisher":"https:\/\/www.facebook.com\/abd.ong","article_published_time":"2023-09-27T08:58:21+00:00","article_modified_time":"2023-09-27T09:00:12+00:00","og_image":[{"width":1919,"height":977,"url":"https:\/\/abd.ong\/wp-content\/uploads\/2020\/05\/old-tv-1149416_1920.jpg","type":"image\/jpeg"}],"author":"Francesc Balart","twitter_card":"summary_large_image","twitter_creator":"@abd_ong","twitter_site":"@abd_ong","twitter_misc":{"Escrit per":"Francesc Balart","Temps estimat de lectura":"6 minuts"},"schema":{"@context":"https:\/\/schema.org","@graph":[{"@type":"Article","@id":"https:\/\/abd.ong\/ca\/general-ca\/abd-als-mitjans-de-comunicacio-al-setembre-4\/#article","isPartOf":{"@id":"https:\/\/abd.ong\/ca\/general-ca\/abd-als-mitjans-de-comunicacio-al-setembre-4\/"},"author":{"name":"Francesc Balart","@id":"https:\/\/abd.ong\/ca\/#\/schema\/person\/6bb74ed13fc8bdf3a5382c66db14c9ee"},"headline":"ABD als mitjans de comunicaci\u00f3 al setembre","datePublished":"2023-09-27T08:58:21+00:00","dateModified":"2023-09-27T09:00:12+00:00","mainEntityOfPage":{"@id":"https:\/\/abd.ong\/ca\/general-ca\/abd-als-mitjans-de-comunicacio-al-setembre-4\/"},"wordCount":1188,"publisher":{"@id":"https:\/\/abd.ong\/ca\/#organization"},"image":{"@id":"https:\/\/abd.ong\/ca\/general-ca\/abd-als-mitjans-de-comunicacio-al-setembre-4\/#primaryimage"},"thumbnailUrl":"https:\/\/abd.ong\/wp-content\/uploads\/2020\/05\/old-tv-1149416_1920.jpg","keywords":["ABD","adolesc\u00e8ncia","alertes","Asociaci\u00f3n Bienestar y Desarrollo","calor","coca\u00efna","consum de drogues","drogas","educaci\u00f3","joventut","Mitjans de comunicaci\u00f3","not\u00edcies","pobresa energ\u00e8tica","reducci\u00f3 de danys","viol\u00e8ncia masclista"],"articleSection":["General"],"inLanguage":"ca"},{"@type":"WebPage","@id":"https:\/\/abd.ong\/ca\/general-ca\/abd-als-mitjans-de-comunicacio-al-setembre-4\/","url":"https:\/\/abd.ong\/ca\/general-ca\/abd-als-mitjans-de-comunicacio-al-setembre-4\/","name":"ABD als mitjans de comunicaci\u00f3 al setembre - ABD","isPartOf":{"@id":"https:\/\/abd.ong\/ca\/#website"},"primaryImageOfPage":{"@id":"https:\/\/abd.ong\/ca\/general-ca\/abd-als-mitjans-de-comunicacio-al-setembre-4\/#primaryimage"},"image":{"@id":"https:\/\/abd.ong\/ca\/general-ca\/abd-als-mitjans-de-comunicacio-al-setembre-4\/#primaryimage"},"thumbnailUrl":"https:\/\/abd.ong\/wp-content\/uploads\/2020\/05\/old-tv-1149416_1920.jpg","datePublished":"2023-09-27T08:58:21+00:00","dateModified":"2023-09-27T09:00:12+00:00","description":"El Grup ABD ha estat present en els mitjans de comunicaci\u00f3 durant aquest mes de setembre. A continuaci\u00f3, el resum de premsa de les not\u00edcies, articles i","breadcrumb":{"@id":"https:\/\/abd.ong\/ca\/general-ca\/abd-als-mitjans-de-comunicacio-al-setembre-4\/#breadcrumb"},"inLanguage":"ca","potentialAction":[{"@type":"ReadAction","target":["https:\/\/abd.ong\/ca\/general-ca\/abd-als-mitjans-de-comunicacio-al-setembre-4\/"]}]},{"@type":"ImageObject","inLanguage":"ca","@id":"https:\/\/abd.ong\/ca\/general-ca\/abd-als-mitjans-de-comunicacio-al-setembre-4\/#primaryimage","url":"https:\/\/abd.ong\/wp-content\/uploads\/2020\/05\/old-tv-1149416_1920.jpg","contentUrl":"https:\/\/abd.ong\/wp-content\/uploads\/2020\/05\/old-tv-1149416_1920.jpg","width":1919,"height":977,"caption":"medios de comunicaci\u00f3n"},{"@type":"BreadcrumbList","@id":"https:\/\/abd.ong\/ca\/general-ca\/abd-als-mitjans-de-comunicacio-al-setembre-4\/#breadcrumb","itemListElement":[{"@type":"ListItem","position":1,"name":"Inici","item":"https:\/\/abd.ong\/ca\/"},{"@type":"ListItem","position":2,"name":"ABD als mitjans de comunicaci\u00f3 al setembre"}]},{"@type":"WebSite","@id":"https:\/\/abd.ong\/ca\/#website","url":"https:\/\/abd.ong\/ca\/","name":"ABD","description":"Asociaci\u00f3n Bienestar y Desarrollo","publisher":{"@id":"https:\/\/abd.ong\/ca\/#organization"},"potentialAction":[{"@type":"SearchAction","target":{"@type":"EntryPoint","urlTemplate":"https:\/\/abd.ong\/ca\/?s={search_term_string}"},"query-input":{"@type":"PropertyValueSpecification","valueRequired":true,"valueName":"search_term_string"}}],"inLanguage":"ca"},{"@type":"Organization","@id":"https:\/\/abd.ong\/ca\/#organization","name":"Associaci\u00f3 Benestar i Desenvolupament","alternateName":"ABD","url":"https:\/\/abd.ong\/ca\/","logo":{"@type":"ImageObject","inLanguage":"ca","@id":"https:\/\/abd.ong\/ca\/#\/schema\/logo\/image\/","url":"https:\/\/abd.ong\/wp-content\/uploads\/2023\/01\/Icona.png","contentUrl":"https:\/\/abd.ong\/wp-content\/uploads\/2023\/01\/Icona.png","width":190,"height":187,"caption":"Associaci\u00f3 Benestar i Desenvolupament"},"image":{"@id":"https:\/\/abd.ong\/ca\/#\/schema\/logo\/image\/"},"sameAs":["https:\/\/www.facebook.com\/abd.ong","https:\/\/x.com\/abd_ong","https:\/\/www.instagram.com\/abd_ong\/","https:\/\/www.linkedin.com\/company\/abdong","https:\/\/www.youtube.com\/user\/CANALABD"]},{"@type":"Person","@id":"https:\/\/abd.ong\/ca\/#\/schema\/person\/6bb74ed13fc8bdf3a5382c66db14c9ee","name":"Francesc Balart"}]}},"_links":{"self":[{"href":"https:\/\/abd.ong\/ca\/wp-json\/wp\/v2\/posts\/154363","targetHints":{"allow":["GET"]}}],"collection":[{"href":"https:\/\/abd.ong\/ca\/wp-json\/wp\/v2\/posts"}],"about":[{"href":"https:\/\/abd.ong\/ca\/wp-json\/wp\/v2\/types\/post"}],"author":[{"embeddable":true,"href":"https:\/\/abd.ong\/ca\/wp-json\/wp\/v2\/users\/12"}],"replies":[{"embeddable":true,"href":"https:\/\/abd.ong\/ca\/wp-json\/wp\/v2\/comments?post=154363"}],"version-history":[{"count":3,"href":"https:\/\/abd.ong\/ca\/wp-json\/wp\/v2\/posts\/154363\/revisions"}],"predecessor-version":[{"id":154510,"href":"https:\/\/abd.ong\/ca\/wp-json\/wp\/v2\/posts\/154363\/revisions\/154510"}],"wp:featuredmedia":[{"embeddable":true,"href":"https:\/\/abd.ong\/ca\/wp-json\/wp\/v2\/media\/14666"}],"wp:attachment":[{"href":"https:\/\/abd.ong\/ca\/wp-json\/wp\/v2\/media?parent=154363"}],"wp:term":[{"taxonomy":"category","embeddable":true,"href":"https:\/\/abd.ong\/ca\/wp-json\/wp\/v2\/categories?post=154363"},{"taxonomy":"post_tag","embeddable":true,"href":"https:\/\/abd.ong\/ca\/wp-json\/wp\/v2\/tags?post=154363"}],"curies":[{"name":"wp","href":"https:\/\/api.w.org\/{rel}","templated":true}]}}