{"id":154073,"date":"2023-08-29T11:03:06","date_gmt":"2023-08-29T09:03:06","guid":{"rendered":"https:\/\/abd.ong\/?p=154073"},"modified":"2023-10-02T12:31:44","modified_gmt":"2023-10-02T10:31:44","slug":"comenca-un-nou-curs-del-grup-de-cures-collectives-dabd","status":"publish","type":"post","link":"https:\/\/abd.ong\/ca\/infancia-i-familia\/comenca-un-nou-curs-del-grup-de-cures-collectives-dabd\/","title":{"rendered":"Comen\u00e7a un nou curs del Grup de Cures Col\u00b7lectives d&#8217;ABD"},"content":{"rendered":"\n<p>Des de l&#8217;<a href=\"http:\/\/abd.ong\/ca\" target=\"_blank\" rel=\"noopener\"><strong>Associaci\u00f3\u00a0 Benestar i Desenvolupament ABD<\/strong><\/a> reprenem, un curs m\u00e9s, el Grup de Cures Col\u00b7lectives, que es mant\u00e9 en format <strong>presencial<\/strong>. Es tracta d&#8217;un espai obert, gratu\u00eft i confidencial per a totes aquelles persones que vulguin compartir com se senten, aportar la seva experi\u00e8ncia i con\u00e8ixer altres maneres de fer, passant d&#8217;una mirada individual a una m\u00e9s reflexiva i col\u00b7lectiva.<\/p>\n\n<div style=\"height:40px\" aria-hidden=\"true\" class=\"wp-block-spacer\"><\/div>\n\n<h3 class=\"wp-block-heading\">Qui hi pot participar?<\/h3>\n\n<div style=\"height:30px\" aria-hidden=\"true\" class=\"wp-block-spacer\"><\/div>\n\n<p>Pot participar en el grup <strong>qualsevol persona o fam\u00edlia<\/strong>\u00a0que estigui travessant alguna situaci\u00f3 de dificultat, de malestar&#8230; que vulgui compartir i con\u00e8ixer altres experi\u00e8ncies, altres maneres de fer.<\/p>\n\n<p>\u00c9s un grup obert i, per tant, poden formar part del mateix persones de totes les edats, caracter\u00edstiques socioculturals, or\u00edgens, professions\u2026<\/p>\n\n<div style=\"height:40px\" aria-hidden=\"true\" class=\"wp-block-spacer\"><\/div>\n\n<h3 class=\"wp-block-heading\" id=\"cual-es-su-objetivo\">Quin \u00e9s el seu objectiu?<\/h3>\n\n<div style=\"height:30px\" aria-hidden=\"true\" class=\"wp-block-spacer\"><\/div>\n\n<p>El Grup de Cures Col\u00b7lectives ajuda a les persones a no sentir-se soles, a estar acompanyades i poder compartir i escoltar altres persones en situacions similars. En moltes ocasions no \u00e9s possible resoldre la situaci\u00f3 de malestar estant sols\/es i \u00e9s necessari comptar amb altres persones per a sentir-nos amb m\u00e9s for\u00e7a. Amb el suport del grup, podem ampliar la nostra mirada amb altres punts de vista i altres maneres de fer.<\/p>\n\n<p>El grup est\u00e0 condu\u00eft per dos professionals: Terapeuta familiar i treballadora social.<\/p>\n\n<p>El contingut de cada sessi\u00f3 es va creant entre els i les participants, en funci\u00f3 del que es vulgui tractar i\/o parlar.<\/p>\n\n<div style=\"height:40px\" aria-hidden=\"true\" class=\"wp-block-spacer\"><\/div>\n\n<h3 class=\"wp-block-heading\">Com s&#8217;hi pot participar?<\/h3>\n\n<div style=\"height:30px\" aria-hidden=\"true\" class=\"wp-block-spacer\"><\/div>\n\n<p>Per a participar en el grup, es pot acudir directament els <strong>dimecres 13 i 27 de setembre, 11 i 25 d&#8217;octubre, 8 i 22 de novembre i 13 de desembre al Carrer Quevedo, 2 baixos de Barcelona a les 16:30 hores<\/strong>, o contactar a trav\u00e9s del mail o tel\u00e8fon.<\/p>\n\n<div style=\"height:30px\" aria-hidden=\"true\" class=\"wp-block-spacer\"><\/div>\n\n<p><strong>Per a m\u00e9s informaci\u00f3, es pot contactar per tel\u00e8fon al 674033026 &#8211; 932890530 o al mail <a href=\"mailto:grupomultifamiliar@abd-ong.org\" target=\"_blank\" rel=\"noreferrer noopener\"><em>grupomultifamiliar@abd-ong.org <\/em><\/a>.<\/strong><\/p>\n\n<figure class=\"wp-block-image aligncenter is-resized\"><img fetchpriority=\"high\" decoding=\"async\" src=\"https:\/\/abd.ong\/wp-content\/uploads\/2023\/08\/Cartel-Grupo-Fem-Tribu.pdf-724x1024.png\" alt=\"\" style=\"width:481px;height:680px\" width=\"481\" height=\"680\"\/><\/figure>\n","protected":false},"excerpt":{"rendered":"<p>Des de l&#8217;Associaci\u00f3\u00a0 Benestar i Desenvolupament ABD reprenem, un curs m\u00e9s, el Grup de Cures Col\u00b7lectives, que es mant\u00e9 en format presencial. Es tracta d&#8217;un espai obert, gratu\u00eft i confidencial&hellip;<\/p>\n","protected":false},"author":12,"featured_media":28037,"comment_status":"closed","ping_status":"closed","sticky":false,"template":"","format":"standard","meta":{"_acf_changed":false,"footnotes":""},"categories":[1303],"tags":[1897,675,2633,2636,3800,2635,2634,3801,2904,2600],"class_list":["post-154073","post","type-post","status-publish","format-standard","has-post-thumbnail","hentry","category-infancia-i-familia","tag-abd-2-ca","tag-asociacion-bienestar-y-desarrollo-ca","tag-cures","tag-espai-de-cures-collectives","tag-grup-multifamiliar-ca","tag-malestar-ca","tag-multifamiliar-ca","tag-salut-emocional","tag-salut-mental-ca-2","tag-suport-mutu-ca"],"acf":[],"yoast_head":"<!-- This site is optimized with the Yoast SEO plugin v27.4 - https:\/\/yoast.com\/product\/yoast-seo-wordpress\/ -->\n<title>Comen\u00e7a un nou curs del Grup de Cures Col\u00b7lectives d&#039;ABD - ABD<\/title>\n<meta name=\"description\" content=\"Des de l&#039;Associaci\u00f3\u00a0 Benestar i Desenvolupament ABD reprenem, un curs m\u00e9s, el Grup de Cures Col\u00b7lectives, que es mant\u00e9 en format presencial. Es tracta\" \/>\n<meta name=\"robots\" content=\"index, follow, max-snippet:-1, max-image-preview:large, max-video-preview:-1\" \/>\n<link rel=\"canonical\" href=\"https:\/\/abd.ong\/ca\/infancia-i-familia\/comenca-un-nou-curs-del-grup-de-cures-collectives-dabd\/\" \/>\n<meta property=\"og:locale\" content=\"ca_ES\" \/>\n<meta property=\"og:type\" content=\"article\" \/>\n<meta property=\"og:title\" content=\"Comen\u00e7a un nou curs del Grup de Cures Col\u00b7lectives d&#039;ABD - ABD\" \/>\n<meta property=\"og:description\" content=\"Des de l&#039;Associaci\u00f3\u00a0 Benestar i Desenvolupament ABD reprenem, un curs m\u00e9s, el Grup de Cures Col\u00b7lectives, que es mant\u00e9 en format presencial. Es tracta\" \/>\n<meta property=\"og:url\" content=\"https:\/\/abd.ong\/ca\/infancia-i-familia\/comenca-un-nou-curs-del-grup-de-cures-collectives-dabd\/\" \/>\n<meta property=\"og:site_name\" content=\"ABD\" \/>\n<meta property=\"article:publisher\" content=\"https:\/\/www.facebook.com\/abd.ong\" \/>\n<meta property=\"article:published_time\" content=\"2023-08-29T09:03:06+00:00\" \/>\n<meta property=\"article:modified_time\" content=\"2023-10-02T10:31:44+00:00\" \/>\n<meta property=\"og:image\" content=\"https:\/\/abd.ong\/wp-content\/uploads\/2021\/11\/pexels-keira-burton-6147117.jpg\" \/>\n\t<meta property=\"og:image:width\" content=\"2048\" \/>\n\t<meta property=\"og:image:height\" content=\"1365\" \/>\n\t<meta property=\"og:image:type\" content=\"image\/jpeg\" \/>\n<meta name=\"author\" content=\"Francesc Balart\" \/>\n<meta name=\"twitter:card\" content=\"summary_large_image\" \/>\n<meta name=\"twitter:creator\" content=\"@abd_ong\" \/>\n<meta name=\"twitter:site\" content=\"@abd_ong\" \/>\n<meta name=\"twitter:label1\" content=\"Escrit per\" \/>\n\t<meta name=\"twitter:data1\" content=\"Francesc Balart\" \/>\n\t<meta name=\"twitter:label2\" content=\"Temps estimat de lectura\" \/>\n\t<meta name=\"twitter:data2\" content=\"2 minuts\" \/>\n<script type=\"application\/ld+json\" class=\"yoast-schema-graph\">{\"@context\":\"https:\\\/\\\/schema.org\",\"@graph\":[{\"@type\":\"Article\",\"@id\":\"https:\\\/\\\/abd.ong\\\/ca\\\/infancia-i-familia\\\/comenca-un-nou-curs-del-grup-de-cures-collectives-dabd\\\/#article\",\"isPartOf\":{\"@id\":\"https:\\\/\\\/abd.ong\\\/ca\\\/infancia-i-familia\\\/comenca-un-nou-curs-del-grup-de-cures-collectives-dabd\\\/\"},\"author\":{\"name\":\"Francesc Balart\",\"@id\":\"https:\\\/\\\/abd.ong\\\/ca\\\/#\\\/schema\\\/person\\\/6bb74ed13fc8bdf3a5382c66db14c9ee\"},\"headline\":\"Comen\u00e7a un nou curs del Grup de Cures Col\u00b7lectives d&#8217;ABD\",\"datePublished\":\"2023-08-29T09:03:06+00:00\",\"dateModified\":\"2023-10-02T10:31:44+00:00\",\"mainEntityOfPage\":{\"@id\":\"https:\\\/\\\/abd.ong\\\/ca\\\/infancia-i-familia\\\/comenca-un-nou-curs-del-grup-de-cures-collectives-dabd\\\/\"},\"wordCount\":327,\"publisher\":{\"@id\":\"https:\\\/\\\/abd.ong\\\/ca\\\/#organization\"},\"image\":{\"@id\":\"https:\\\/\\\/abd.ong\\\/ca\\\/infancia-i-familia\\\/comenca-un-nou-curs-del-grup-de-cures-collectives-dabd\\\/#primaryimage\"},\"thumbnailUrl\":\"https:\\\/\\\/abd.ong\\\/wp-content\\\/uploads\\\/2021\\\/11\\\/pexels-keira-burton-6147117.jpg\",\"keywords\":[\"ABD\",\"Asociaci\u00f3n Bienestar y Desarrollo\",\"cures\",\"Espai de Cures Col\u00b7lectives\",\"grup multifamiliar\",\"malestar\",\"multifamiliar\",\"salut emocional\",\"salut mental\",\"suport mutu\"],\"articleSection\":[\"Inf\u00e0ncia i fam\u00edlia\"],\"inLanguage\":\"ca\"},{\"@type\":\"WebPage\",\"@id\":\"https:\\\/\\\/abd.ong\\\/ca\\\/infancia-i-familia\\\/comenca-un-nou-curs-del-grup-de-cures-collectives-dabd\\\/\",\"url\":\"https:\\\/\\\/abd.ong\\\/ca\\\/infancia-i-familia\\\/comenca-un-nou-curs-del-grup-de-cures-collectives-dabd\\\/\",\"name\":\"Comen\u00e7a un nou curs del Grup de Cures Col\u00b7lectives d'ABD - ABD\",\"isPartOf\":{\"@id\":\"https:\\\/\\\/abd.ong\\\/ca\\\/#website\"},\"primaryImageOfPage\":{\"@id\":\"https:\\\/\\\/abd.ong\\\/ca\\\/infancia-i-familia\\\/comenca-un-nou-curs-del-grup-de-cures-collectives-dabd\\\/#primaryimage\"},\"image\":{\"@id\":\"https:\\\/\\\/abd.ong\\\/ca\\\/infancia-i-familia\\\/comenca-un-nou-curs-del-grup-de-cures-collectives-dabd\\\/#primaryimage\"},\"thumbnailUrl\":\"https:\\\/\\\/abd.ong\\\/wp-content\\\/uploads\\\/2021\\\/11\\\/pexels-keira-burton-6147117.jpg\",\"datePublished\":\"2023-08-29T09:03:06+00:00\",\"dateModified\":\"2023-10-02T10:31:44+00:00\",\"description\":\"Des de l'Associaci\u00f3\u00a0 Benestar i Desenvolupament ABD reprenem, un curs m\u00e9s, el Grup de Cures Col\u00b7lectives, que es mant\u00e9 en format presencial. Es tracta\",\"breadcrumb\":{\"@id\":\"https:\\\/\\\/abd.ong\\\/ca\\\/infancia-i-familia\\\/comenca-un-nou-curs-del-grup-de-cures-collectives-dabd\\\/#breadcrumb\"},\"inLanguage\":\"ca\",\"potentialAction\":[{\"@type\":\"ReadAction\",\"target\":[\"https:\\\/\\\/abd.ong\\\/ca\\\/infancia-i-familia\\\/comenca-un-nou-curs-del-grup-de-cures-collectives-dabd\\\/\"]}]},{\"@type\":\"ImageObject\",\"inLanguage\":\"ca\",\"@id\":\"https:\\\/\\\/abd.ong\\\/ca\\\/infancia-i-familia\\\/comenca-un-nou-curs-del-grup-de-cures-collectives-dabd\\\/#primaryimage\",\"url\":\"https:\\\/\\\/abd.ong\\\/wp-content\\\/uploads\\\/2021\\\/11\\\/pexels-keira-burton-6147117.jpg\",\"contentUrl\":\"https:\\\/\\\/abd.ong\\\/wp-content\\\/uploads\\\/2021\\\/11\\\/pexels-keira-burton-6147117.jpg\",\"width\":2048,\"height\":1365},{\"@type\":\"BreadcrumbList\",\"@id\":\"https:\\\/\\\/abd.ong\\\/ca\\\/infancia-i-familia\\\/comenca-un-nou-curs-del-grup-de-cures-collectives-dabd\\\/#breadcrumb\",\"itemListElement\":[{\"@type\":\"ListItem\",\"position\":1,\"name\":\"Inici\",\"item\":\"https:\\\/\\\/abd.ong\\\/ca\\\/\"},{\"@type\":\"ListItem\",\"position\":2,\"name\":\"Comen\u00e7a un nou curs del Grup de Cures Col\u00b7lectives d&#8217;ABD\"}]},{\"@type\":\"WebSite\",\"@id\":\"https:\\\/\\\/abd.ong\\\/ca\\\/#website\",\"url\":\"https:\\\/\\\/abd.ong\\\/ca\\\/\",\"name\":\"ABD\",\"description\":\"Asociaci\u00f3n Bienestar y Desarrollo\",\"publisher\":{\"@id\":\"https:\\\/\\\/abd.ong\\\/ca\\\/#organization\"},\"potentialAction\":[{\"@type\":\"SearchAction\",\"target\":{\"@type\":\"EntryPoint\",\"urlTemplate\":\"https:\\\/\\\/abd.ong\\\/ca\\\/?s={search_term_string}\"},\"query-input\":{\"@type\":\"PropertyValueSpecification\",\"valueRequired\":true,\"valueName\":\"search_term_string\"}}],\"inLanguage\":\"ca\"},{\"@type\":\"Organization\",\"@id\":\"https:\\\/\\\/abd.ong\\\/ca\\\/#organization\",\"name\":\"Associaci\u00f3 Benestar i Desenvolupament\",\"alternateName\":\"ABD\",\"url\":\"https:\\\/\\\/abd.ong\\\/ca\\\/\",\"logo\":{\"@type\":\"ImageObject\",\"inLanguage\":\"ca\",\"@id\":\"https:\\\/\\\/abd.ong\\\/ca\\\/#\\\/schema\\\/logo\\\/image\\\/\",\"url\":\"https:\\\/\\\/abd.ong\\\/wp-content\\\/uploads\\\/2023\\\/01\\\/Icona.png\",\"contentUrl\":\"https:\\\/\\\/abd.ong\\\/wp-content\\\/uploads\\\/2023\\\/01\\\/Icona.png\",\"width\":190,\"height\":187,\"caption\":\"Associaci\u00f3 Benestar i Desenvolupament\"},\"image\":{\"@id\":\"https:\\\/\\\/abd.ong\\\/ca\\\/#\\\/schema\\\/logo\\\/image\\\/\"},\"sameAs\":[\"https:\\\/\\\/www.facebook.com\\\/abd.ong\",\"https:\\\/\\\/x.com\\\/abd_ong\",\"https:\\\/\\\/www.instagram.com\\\/abd_ong\\\/\",\"https:\\\/\\\/www.linkedin.com\\\/company\\\/abdong\",\"https:\\\/\\\/www.youtube.com\\\/user\\\/CANALABD\"]},{\"@type\":\"Person\",\"@id\":\"https:\\\/\\\/abd.ong\\\/ca\\\/#\\\/schema\\\/person\\\/6bb74ed13fc8bdf3a5382c66db14c9ee\",\"name\":\"Francesc Balart\"}]}<\/script>\n<!-- \/ Yoast SEO plugin. -->","yoast_head_json":{"title":"Comen\u00e7a un nou curs del Grup de Cures Col\u00b7lectives d'ABD - ABD","description":"Des de l'Associaci\u00f3\u00a0 Benestar i Desenvolupament ABD reprenem, un curs m\u00e9s, el Grup de Cures Col\u00b7lectives, que es mant\u00e9 en format presencial. Es tracta","robots":{"index":"index","follow":"follow","max-snippet":"max-snippet:-1","max-image-preview":"max-image-preview:large","max-video-preview":"max-video-preview:-1"},"canonical":"https:\/\/abd.ong\/ca\/infancia-i-familia\/comenca-un-nou-curs-del-grup-de-cures-collectives-dabd\/","og_locale":"ca_ES","og_type":"article","og_title":"Comen\u00e7a un nou curs del Grup de Cures Col\u00b7lectives d'ABD - ABD","og_description":"Des de l'Associaci\u00f3\u00a0 Benestar i Desenvolupament ABD reprenem, un curs m\u00e9s, el Grup de Cures Col\u00b7lectives, que es mant\u00e9 en format presencial. Es tracta","og_url":"https:\/\/abd.ong\/ca\/infancia-i-familia\/comenca-un-nou-curs-del-grup-de-cures-collectives-dabd\/","og_site_name":"ABD","article_publisher":"https:\/\/www.facebook.com\/abd.ong","article_published_time":"2023-08-29T09:03:06+00:00","article_modified_time":"2023-10-02T10:31:44+00:00","og_image":[{"width":2048,"height":1365,"url":"https:\/\/abd.ong\/wp-content\/uploads\/2021\/11\/pexels-keira-burton-6147117.jpg","type":"image\/jpeg"}],"author":"Francesc Balart","twitter_card":"summary_large_image","twitter_creator":"@abd_ong","twitter_site":"@abd_ong","twitter_misc":{"Escrit per":"Francesc Balart","Temps estimat de lectura":"2 minuts"},"schema":{"@context":"https:\/\/schema.org","@graph":[{"@type":"Article","@id":"https:\/\/abd.ong\/ca\/infancia-i-familia\/comenca-un-nou-curs-del-grup-de-cures-collectives-dabd\/#article","isPartOf":{"@id":"https:\/\/abd.ong\/ca\/infancia-i-familia\/comenca-un-nou-curs-del-grup-de-cures-collectives-dabd\/"},"author":{"name":"Francesc Balart","@id":"https:\/\/abd.ong\/ca\/#\/schema\/person\/6bb74ed13fc8bdf3a5382c66db14c9ee"},"headline":"Comen\u00e7a un nou curs del Grup de Cures Col\u00b7lectives d&#8217;ABD","datePublished":"2023-08-29T09:03:06+00:00","dateModified":"2023-10-02T10:31:44+00:00","mainEntityOfPage":{"@id":"https:\/\/abd.ong\/ca\/infancia-i-familia\/comenca-un-nou-curs-del-grup-de-cures-collectives-dabd\/"},"wordCount":327,"publisher":{"@id":"https:\/\/abd.ong\/ca\/#organization"},"image":{"@id":"https:\/\/abd.ong\/ca\/infancia-i-familia\/comenca-un-nou-curs-del-grup-de-cures-collectives-dabd\/#primaryimage"},"thumbnailUrl":"https:\/\/abd.ong\/wp-content\/uploads\/2021\/11\/pexels-keira-burton-6147117.jpg","keywords":["ABD","Asociaci\u00f3n Bienestar y Desarrollo","cures","Espai de Cures Col\u00b7lectives","grup multifamiliar","malestar","multifamiliar","salut emocional","salut mental","suport mutu"],"articleSection":["Inf\u00e0ncia i fam\u00edlia"],"inLanguage":"ca"},{"@type":"WebPage","@id":"https:\/\/abd.ong\/ca\/infancia-i-familia\/comenca-un-nou-curs-del-grup-de-cures-collectives-dabd\/","url":"https:\/\/abd.ong\/ca\/infancia-i-familia\/comenca-un-nou-curs-del-grup-de-cures-collectives-dabd\/","name":"Comen\u00e7a un nou curs del Grup de Cures Col\u00b7lectives d'ABD - ABD","isPartOf":{"@id":"https:\/\/abd.ong\/ca\/#website"},"primaryImageOfPage":{"@id":"https:\/\/abd.ong\/ca\/infancia-i-familia\/comenca-un-nou-curs-del-grup-de-cures-collectives-dabd\/#primaryimage"},"image":{"@id":"https:\/\/abd.ong\/ca\/infancia-i-familia\/comenca-un-nou-curs-del-grup-de-cures-collectives-dabd\/#primaryimage"},"thumbnailUrl":"https:\/\/abd.ong\/wp-content\/uploads\/2021\/11\/pexels-keira-burton-6147117.jpg","datePublished":"2023-08-29T09:03:06+00:00","dateModified":"2023-10-02T10:31:44+00:00","description":"Des de l'Associaci\u00f3\u00a0 Benestar i Desenvolupament ABD reprenem, un curs m\u00e9s, el Grup de Cures Col\u00b7lectives, que es mant\u00e9 en format presencial. Es tracta","breadcrumb":{"@id":"https:\/\/abd.ong\/ca\/infancia-i-familia\/comenca-un-nou-curs-del-grup-de-cures-collectives-dabd\/#breadcrumb"},"inLanguage":"ca","potentialAction":[{"@type":"ReadAction","target":["https:\/\/abd.ong\/ca\/infancia-i-familia\/comenca-un-nou-curs-del-grup-de-cures-collectives-dabd\/"]}]},{"@type":"ImageObject","inLanguage":"ca","@id":"https:\/\/abd.ong\/ca\/infancia-i-familia\/comenca-un-nou-curs-del-grup-de-cures-collectives-dabd\/#primaryimage","url":"https:\/\/abd.ong\/wp-content\/uploads\/2021\/11\/pexels-keira-burton-6147117.jpg","contentUrl":"https:\/\/abd.ong\/wp-content\/uploads\/2021\/11\/pexels-keira-burton-6147117.jpg","width":2048,"height":1365},{"@type":"BreadcrumbList","@id":"https:\/\/abd.ong\/ca\/infancia-i-familia\/comenca-un-nou-curs-del-grup-de-cures-collectives-dabd\/#breadcrumb","itemListElement":[{"@type":"ListItem","position":1,"name":"Inici","item":"https:\/\/abd.ong\/ca\/"},{"@type":"ListItem","position":2,"name":"Comen\u00e7a un nou curs del Grup de Cures Col\u00b7lectives d&#8217;ABD"}]},{"@type":"WebSite","@id":"https:\/\/abd.ong\/ca\/#website","url":"https:\/\/abd.ong\/ca\/","name":"ABD","description":"Asociaci\u00f3n Bienestar y Desarrollo","publisher":{"@id":"https:\/\/abd.ong\/ca\/#organization"},"potentialAction":[{"@type":"SearchAction","target":{"@type":"EntryPoint","urlTemplate":"https:\/\/abd.ong\/ca\/?s={search_term_string}"},"query-input":{"@type":"PropertyValueSpecification","valueRequired":true,"valueName":"search_term_string"}}],"inLanguage":"ca"},{"@type":"Organization","@id":"https:\/\/abd.ong\/ca\/#organization","name":"Associaci\u00f3 Benestar i Desenvolupament","alternateName":"ABD","url":"https:\/\/abd.ong\/ca\/","logo":{"@type":"ImageObject","inLanguage":"ca","@id":"https:\/\/abd.ong\/ca\/#\/schema\/logo\/image\/","url":"https:\/\/abd.ong\/wp-content\/uploads\/2023\/01\/Icona.png","contentUrl":"https:\/\/abd.ong\/wp-content\/uploads\/2023\/01\/Icona.png","width":190,"height":187,"caption":"Associaci\u00f3 Benestar i Desenvolupament"},"image":{"@id":"https:\/\/abd.ong\/ca\/#\/schema\/logo\/image\/"},"sameAs":["https:\/\/www.facebook.com\/abd.ong","https:\/\/x.com\/abd_ong","https:\/\/www.instagram.com\/abd_ong\/","https:\/\/www.linkedin.com\/company\/abdong","https:\/\/www.youtube.com\/user\/CANALABD"]},{"@type":"Person","@id":"https:\/\/abd.ong\/ca\/#\/schema\/person\/6bb74ed13fc8bdf3a5382c66db14c9ee","name":"Francesc Balart"}]}},"_links":{"self":[{"href":"https:\/\/abd.ong\/ca\/wp-json\/wp\/v2\/posts\/154073","targetHints":{"allow":["GET"]}}],"collection":[{"href":"https:\/\/abd.ong\/ca\/wp-json\/wp\/v2\/posts"}],"about":[{"href":"https:\/\/abd.ong\/ca\/wp-json\/wp\/v2\/types\/post"}],"author":[{"embeddable":true,"href":"https:\/\/abd.ong\/ca\/wp-json\/wp\/v2\/users\/12"}],"replies":[{"embeddable":true,"href":"https:\/\/abd.ong\/ca\/wp-json\/wp\/v2\/comments?post=154073"}],"version-history":[{"count":3,"href":"https:\/\/abd.ong\/ca\/wp-json\/wp\/v2\/posts\/154073\/revisions"}],"predecessor-version":[{"id":154532,"href":"https:\/\/abd.ong\/ca\/wp-json\/wp\/v2\/posts\/154073\/revisions\/154532"}],"wp:featuredmedia":[{"embeddable":true,"href":"https:\/\/abd.ong\/ca\/wp-json\/wp\/v2\/media\/28037"}],"wp:attachment":[{"href":"https:\/\/abd.ong\/ca\/wp-json\/wp\/v2\/media?parent=154073"}],"wp:term":[{"taxonomy":"category","embeddable":true,"href":"https:\/\/abd.ong\/ca\/wp-json\/wp\/v2\/categories?post=154073"},{"taxonomy":"post_tag","embeddable":true,"href":"https:\/\/abd.ong\/ca\/wp-json\/wp\/v2\/tags?post=154073"}],"curies":[{"name":"wp","href":"https:\/\/api.w.org\/{rel}","templated":true}]}}