{"id":154017,"date":"2023-08-23T09:48:22","date_gmt":"2023-08-23T07:48:22","guid":{"rendered":"https:\/\/abd.ong\/?p=154017"},"modified":"2023-09-12T15:08:23","modified_gmt":"2023-09-12T13:08:23","slug":"noves-formacions-per-a-voluntariat","status":"publish","type":"post","link":"https:\/\/abd.ong\/ca\/voluntariat\/noves-formacions-per-a-voluntariat\/","title":{"rendered":"Noves formacions per a voluntariat"},"content":{"rendered":"\n<p><a href=\"https:\/\/abd.ong\/ca\/voluntariat\/\" target=\"_blank\" rel=\"noopener\"><strong>L&#8217;\u00e0rea de voluntariat del Grup\u00a0<span class=\"hiddenSpellError\">ABD<\/span><\/strong><\/a>\u00a0prepara<strong> les noves formacions<\/strong> per al curs vinent. Les dates d&#8217;inici d&#8217;aquestes sessions formatives, estan programades per <strong>als mesos d&#8217;octubre i novembre<\/strong>, i es presenta la flexibilitat de poder optar entre <strong>la modalitat presencial, a la ciutat de Barcelona, o b\u00e9, el format en l\u00ednia.<\/strong><\/p>\n\n<p>La selecci\u00f3 de les tem\u00e0tiques que constituiran l&#8217;eix central d&#8217;aquestes formacions reflecteix de manera precisa la dedicaci\u00f3 i l&#8217;enfocament d&#8217;ABD cap a les problem\u00e0tiques socials i humanit\u00e0ries. Aquestes tem\u00e0tiques no nom\u00e9s s&#8217;alineen amb les causes i els valors fonamentals de l&#8217;entitat, sin\u00f3 que tamb\u00e9 aborden les necessitats i els desafiaments actuals de la societat en conjunt, en qu\u00e8 els voluntaris poden ser una ajuda essencial.<\/p>\n\n<p><strong>Les tem\u00e0tiques inclouen l&#8217;acompanyament a la inf\u00e0ncia i les fam\u00edlies en situaci\u00f3 de vulnerabilitat, la perspectiva de g\u00e8nere, la introducci\u00f3 a les drogodepend\u00e8ncies, les factures energ\u00e8tiques i mindfulness, entre d&#8217;altres.<\/strong><\/p>\n\n<p>Pr\u00f2ximament, es divulgaran <strong>les dates d&#8217;inscripci\u00f3<\/strong> corresponents a les diverses formacions.<\/p>\n\n<div style=\"height:41px\" aria-hidden=\"true\" class=\"wp-block-spacer\"><\/div>\n\n<h4 class=\"wp-block-heading\">Formacions presencials:<\/h4>\n\n<p><\/p>\n\n<ul class=\"wp-block-list\">\n<li><strong>Introducci\u00f3 a les drogodepend\u00e8ncies.<\/strong> <em>El 10, 17, 19 i 24 d&#8217;octubre presencialment a Barcelona<\/em>\n<ul class=\"wp-block-list\">\n<li><a href=\"https:\/\/abd.ong\/wp-content\/uploads\/2023\/09\/drogodependencies-voluntariat.pdf\" target=\"_blank\" rel=\"noreferrer noopener\">Consulta el programa<\/a><\/li>\n\n\n\n<li><a href=\"https:\/\/docs.google.com\/forms\/d\/e\/1FAIpQLScOCpAIQ-rkpudtoXQTN0Vi67kPETuikwjLxEzBLUW0Z5k1PA\/viewform\" target=\"_blank\" rel=\"noreferrer noopener\">Inscriu-te<\/a><\/li>\n<\/ul>\n<\/li>\n<\/ul>\n\n<ul class=\"wp-block-list\">\n<li><strong>Regenerar-nos la perspectiva de g\u00e8nere a l&#8217;\u00e0mbit del voluntariat social.<\/strong> <em>El 7 i 9 de novembre presencialment a Barcelona.<\/em>\n<ul class=\"wp-block-list\">\n<li><a href=\"https:\/\/abd.ong\/wp-content\/uploads\/2023\/09\/perspectiva-de-genere-voluntariat.pdf\" target=\"_blank\" rel=\"noreferrer noopener\">Consulta el programa<\/a><\/li>\n\n\n\n<li><a href=\"https:\/\/docs.google.com\/forms\/d\/e\/1FAIpQLSelGDbBAyvV9B9dO0qloztZOyfHnfFinaDiXLo2PsE7SCemog\/viewform\" target=\"_blank\" rel=\"noreferrer noopener\">Inscriu-te<\/a><\/li>\n<\/ul>\n<\/li>\n<\/ul>\n\n<p><\/p>\n\n<p>Tenen el suport del <a href=\"https:\/\/dretssocials.gencat.cat\/ca\/el_departament\/funcions_i_estructura\/dretssocials\/\" target=\"_blank\" rel=\"noopener\"><strong>Departament de Drets Socials de la Generalitat de Catalunya<\/strong> <\/a>i estan reconegudes pel <a href=\"https:\/\/voluntariat.gencat.cat\/persones-voluntaries\/format-com-a-voluntari\/pla-de-formacio-associacionisme-voluntariat\/\" target=\"_blank\" rel=\"noopener\"><strong>Pla de Formaci\u00f3 del Voluntariat de Catalunya.<\/strong><\/a><\/p>\n\n<div style=\"height:41px\" aria-hidden=\"true\" class=\"wp-block-spacer\"><\/div>\n\n<h4 class=\"wp-block-heading\">Formacions en l\u00ednia:<\/h4>\n\n<p><\/p>\n\n<p>D&#8217;altra banda, les persones volunt\u00e0ries podran realitzar les formacions en l\u00ednia seg\u00fcents:<\/p>\n\n<p><\/p>\n\n<ul class=\"wp-block-list\">\n<li><strong>Apr\u00e8n a desxifrar les teves factures i estalvia en la teva despesa energ\u00e8tica. <\/strong><em>El 17 d&#8217;octubre de 16:30 a 18 hores<\/em>\n<ul class=\"wp-block-list\">\n<li><a href=\"https:\/\/abd.ong\/wp-content\/uploads\/2023\/09\/factures-voluntariat.pdf\" target=\"_blank\" rel=\"noreferrer noopener\">Consulta el programa<\/a><\/li>\n\n\n\n<li><a href=\"https:\/\/docs.google.com\/forms\/d\/e\/1FAIpQLSfoV1DR0lE85tG-ItMhiT0t5_u02PeCNb3CIk02HfGv40gC-g\/viewform\" target=\"_blank\" rel=\"noreferrer noopener\">Inscriu-te<\/a><\/li>\n<\/ul>\n<\/li>\n<\/ul>\n\n<ul class=\"wp-block-list\">\n<li><strong>Eines per a l&#8217;acci\u00f3 volunt\u00e0ria: Mindfulness y gesti\u00f3 de l&#8217;estr\u00e9s<\/strong>. <em>El 9 de novembre de 16 a 18 hores<\/em>\n<ul class=\"wp-block-list\">\n<li><a href=\"https:\/\/abd.ong\/wp-content\/uploads\/2023\/09\/mindfulness-voluntariat.pdf\" target=\"_blank\" rel=\"noreferrer noopener\">Consulta el programa<\/a><\/li>\n\n\n\n<li><a href=\"https:\/\/docs.google.com\/forms\/d\/e\/1FAIpQLSeqw8CptSIa5774WjOeVNdNRFet9VYxVPM4nuvqR5wEoRelhg\/viewform\" target=\"_blank\" rel=\"noreferrer noopener\">Inscriu-te<\/a><\/li>\n<\/ul>\n<\/li>\n<\/ul>\n\n<p><\/p>\n\n<p>Aquests cursos s\u00f3n una activitat subvencionada a c\u00e0rrec de l&#8217;assignaci\u00f3 del 0,7% de l&#8217;IRPF.<\/p>\n\n<p><\/p>\n\n<div style=\"height:41px\" aria-hidden=\"true\" class=\"wp-block-spacer\"><\/div>\n\n<h3 class=\"wp-block-heading\">Escola de Voluntariat:<\/h3>\n\n<div style=\"height:41px\" aria-hidden=\"true\" class=\"wp-block-spacer\"><\/div>\n\n<p><a href=\"https:\/\/abd.ong\/voluntariado\/escuela-de-voluntariado\/\" target=\"_blank\" rel=\"noopener\"><strong>L&#8217;Escola de Voluntariat d&#8217;<span class=\"hiddenSpellError\">ABD<\/span><\/strong><\/a>\u00a0\u00e9s un espai obert d&#8217;aprenentatge continu on pots participar, formes o no parts del nostre equip. Les formacions s\u00f3n reconegudes pel Pla de Formaci\u00f3 del Voluntariat de Catalunya i pel Ministeri de Sanitat, Serveis Socials i Igualtat. A partir del setembre s&#8217;ampliar\u00e0 la informaci\u00f3 sobre les formacions programades i les vies d&#8217;inscripci\u00f3.<\/p>\n","protected":false},"excerpt":{"rendered":"<p>L&#8217;\u00e0rea de voluntariat del Grup\u00a0ABD\u00a0prepara les noves formacions per al curs vinent. Les dates d&#8217;inici d&#8217;aquestes sessions formatives, estan programades per als mesos d&#8217;octubre i novembre, i es presenta la&hellip;<\/p>\n","protected":false},"author":9,"featured_media":154298,"comment_status":"closed","ping_status":"closed","sticky":false,"template":"","format":"standard","meta":{"_acf_changed":false,"footnotes":""},"categories":[83],"tags":[1897,3798,675,175,610,3463,3073,2300,2267,2226,2491,2656],"class_list":["post-154017","post","type-post","status-publish","format-standard","has-post-thumbnail","hentry","category-voluntariat","tag-abd-2-ca","tag-accio-voluntaria","tag-asociacion-bienestar-y-desarrollo-ca","tag-drogas-ca","tag-drogodependencias-ca","tag-escola-de-voluntariat-ca-2","tag-infancia-i-familia-ca-3","tag-noticies-ca","tag-persones-grans-ca","tag-pobresa-energetica-ca","tag-voluntariat-ca","tag-voluntariat-social"],"acf":[],"yoast_head":"<!-- This site is optimized with the Yoast SEO plugin v27.4 - https:\/\/yoast.com\/product\/yoast-seo-wordpress\/ -->\n<title>Noves formacions per a voluntariat - ABD<\/title>\n<meta name=\"description\" content=\"L&#039;\u00e0rea de voluntariat del Grup\u00a0ABD\u00a0prepara les noves formacions per al curs vinent. Les dates d&#039;inici d&#039;aquestes sessions formatives, estan programades\" \/>\n<meta name=\"robots\" content=\"index, follow, max-snippet:-1, max-image-preview:large, max-video-preview:-1\" \/>\n<link rel=\"canonical\" href=\"https:\/\/abd.ong\/ca\/voluntariat\/noves-formacions-per-a-voluntariat\/\" \/>\n<meta property=\"og:locale\" content=\"ca_ES\" \/>\n<meta property=\"og:type\" content=\"article\" \/>\n<meta property=\"og:title\" content=\"Noves formacions per a voluntariat - ABD\" \/>\n<meta property=\"og:description\" content=\"L&#039;\u00e0rea de voluntariat del Grup\u00a0ABD\u00a0prepara les noves formacions per al curs vinent. Les dates d&#039;inici d&#039;aquestes sessions formatives, estan programades\" \/>\n<meta property=\"og:url\" content=\"https:\/\/abd.ong\/ca\/voluntariat\/noves-formacions-per-a-voluntariat\/\" \/>\n<meta property=\"og:site_name\" content=\"ABD\" \/>\n<meta property=\"article:publisher\" content=\"https:\/\/www.facebook.com\/abd.ong\" \/>\n<meta property=\"article:published_time\" content=\"2023-08-23T07:48:22+00:00\" \/>\n<meta property=\"article:modified_time\" content=\"2023-09-12T13:08:23+00:00\" \/>\n<meta property=\"og:image\" content=\"https:\/\/abd.ong\/wp-content\/uploads\/2023\/08\/pexels-mart-production-7550312.jpg\" \/>\n\t<meta property=\"og:image:width\" content=\"2048\" \/>\n\t<meta property=\"og:image:height\" content=\"1365\" \/>\n\t<meta property=\"og:image:type\" content=\"image\/jpeg\" \/>\n<meta name=\"author\" content=\"Maria Creixell\" \/>\n<meta name=\"twitter:card\" content=\"summary_large_image\" \/>\n<meta name=\"twitter:creator\" content=\"@abd_ong\" \/>\n<meta name=\"twitter:site\" content=\"@abd_ong\" \/>\n<meta name=\"twitter:label1\" content=\"Escrit per\" \/>\n\t<meta name=\"twitter:data1\" content=\"Maria Creixell\" \/>\n\t<meta name=\"twitter:label2\" content=\"Temps estimat de lectura\" \/>\n\t<meta name=\"twitter:data2\" content=\"2 minuts\" \/>\n<script type=\"application\/ld+json\" class=\"yoast-schema-graph\">{\"@context\":\"https:\\\/\\\/schema.org\",\"@graph\":[{\"@type\":\"Article\",\"@id\":\"https:\\\/\\\/abd.ong\\\/ca\\\/voluntariat\\\/noves-formacions-per-a-voluntariat\\\/#article\",\"isPartOf\":{\"@id\":\"https:\\\/\\\/abd.ong\\\/ca\\\/voluntariat\\\/noves-formacions-per-a-voluntariat\\\/\"},\"author\":{\"name\":\"Maria Creixell\",\"@id\":\"https:\\\/\\\/abd.ong\\\/ca\\\/#\\\/schema\\\/person\\\/d2e158b4173f683b3898e286f5b35a10\"},\"headline\":\"Noves formacions per a voluntariat\",\"datePublished\":\"2023-08-23T07:48:22+00:00\",\"dateModified\":\"2023-09-12T13:08:23+00:00\",\"mainEntityOfPage\":{\"@id\":\"https:\\\/\\\/abd.ong\\\/ca\\\/voluntariat\\\/noves-formacions-per-a-voluntariat\\\/\"},\"wordCount\":404,\"publisher\":{\"@id\":\"https:\\\/\\\/abd.ong\\\/ca\\\/#organization\"},\"image\":{\"@id\":\"https:\\\/\\\/abd.ong\\\/ca\\\/voluntariat\\\/noves-formacions-per-a-voluntariat\\\/#primaryimage\"},\"thumbnailUrl\":\"https:\\\/\\\/abd.ong\\\/wp-content\\\/uploads\\\/2023\\\/08\\\/pexels-mart-production-7550312.jpg\",\"keywords\":[\"ABD\",\"acci\u00f3 volunt\u00e0ria\",\"Asociaci\u00f3n Bienestar y Desarrollo\",\"drogas\",\"drogodependencias\",\"Escola de voluntariat\",\"inf\u00e0ncia i familia\",\"not\u00edcies\",\"persones grans\",\"pobresa energ\u00e8tica\",\"voluntariat\",\"voluntariat social\"],\"articleSection\":[\"Voluntariat\"],\"inLanguage\":\"ca\"},{\"@type\":\"WebPage\",\"@id\":\"https:\\\/\\\/abd.ong\\\/ca\\\/voluntariat\\\/noves-formacions-per-a-voluntariat\\\/\",\"url\":\"https:\\\/\\\/abd.ong\\\/ca\\\/voluntariat\\\/noves-formacions-per-a-voluntariat\\\/\",\"name\":\"Noves formacions per a voluntariat - ABD\",\"isPartOf\":{\"@id\":\"https:\\\/\\\/abd.ong\\\/ca\\\/#website\"},\"primaryImageOfPage\":{\"@id\":\"https:\\\/\\\/abd.ong\\\/ca\\\/voluntariat\\\/noves-formacions-per-a-voluntariat\\\/#primaryimage\"},\"image\":{\"@id\":\"https:\\\/\\\/abd.ong\\\/ca\\\/voluntariat\\\/noves-formacions-per-a-voluntariat\\\/#primaryimage\"},\"thumbnailUrl\":\"https:\\\/\\\/abd.ong\\\/wp-content\\\/uploads\\\/2023\\\/08\\\/pexels-mart-production-7550312.jpg\",\"datePublished\":\"2023-08-23T07:48:22+00:00\",\"dateModified\":\"2023-09-12T13:08:23+00:00\",\"description\":\"L'\u00e0rea de voluntariat del Grup\u00a0ABD\u00a0prepara les noves formacions per al curs vinent. Les dates d'inici d'aquestes sessions formatives, estan programades\",\"breadcrumb\":{\"@id\":\"https:\\\/\\\/abd.ong\\\/ca\\\/voluntariat\\\/noves-formacions-per-a-voluntariat\\\/#breadcrumb\"},\"inLanguage\":\"ca\",\"potentialAction\":[{\"@type\":\"ReadAction\",\"target\":[\"https:\\\/\\\/abd.ong\\\/ca\\\/voluntariat\\\/noves-formacions-per-a-voluntariat\\\/\"]}]},{\"@type\":\"ImageObject\",\"inLanguage\":\"ca\",\"@id\":\"https:\\\/\\\/abd.ong\\\/ca\\\/voluntariat\\\/noves-formacions-per-a-voluntariat\\\/#primaryimage\",\"url\":\"https:\\\/\\\/abd.ong\\\/wp-content\\\/uploads\\\/2023\\\/08\\\/pexels-mart-production-7550312.jpg\",\"contentUrl\":\"https:\\\/\\\/abd.ong\\\/wp-content\\\/uploads\\\/2023\\\/08\\\/pexels-mart-production-7550312.jpg\",\"width\":2048,\"height\":1365},{\"@type\":\"BreadcrumbList\",\"@id\":\"https:\\\/\\\/abd.ong\\\/ca\\\/voluntariat\\\/noves-formacions-per-a-voluntariat\\\/#breadcrumb\",\"itemListElement\":[{\"@type\":\"ListItem\",\"position\":1,\"name\":\"Inici\",\"item\":\"https:\\\/\\\/abd.ong\\\/ca\\\/\"},{\"@type\":\"ListItem\",\"position\":2,\"name\":\"Noves formacions per a voluntariat\"}]},{\"@type\":\"WebSite\",\"@id\":\"https:\\\/\\\/abd.ong\\\/ca\\\/#website\",\"url\":\"https:\\\/\\\/abd.ong\\\/ca\\\/\",\"name\":\"ABD\",\"description\":\"Asociaci\u00f3n Bienestar y Desarrollo\",\"publisher\":{\"@id\":\"https:\\\/\\\/abd.ong\\\/ca\\\/#organization\"},\"potentialAction\":[{\"@type\":\"SearchAction\",\"target\":{\"@type\":\"EntryPoint\",\"urlTemplate\":\"https:\\\/\\\/abd.ong\\\/ca\\\/?s={search_term_string}\"},\"query-input\":{\"@type\":\"PropertyValueSpecification\",\"valueRequired\":true,\"valueName\":\"search_term_string\"}}],\"inLanguage\":\"ca\"},{\"@type\":\"Organization\",\"@id\":\"https:\\\/\\\/abd.ong\\\/ca\\\/#organization\",\"name\":\"Associaci\u00f3 Benestar i Desenvolupament\",\"alternateName\":\"ABD\",\"url\":\"https:\\\/\\\/abd.ong\\\/ca\\\/\",\"logo\":{\"@type\":\"ImageObject\",\"inLanguage\":\"ca\",\"@id\":\"https:\\\/\\\/abd.ong\\\/ca\\\/#\\\/schema\\\/logo\\\/image\\\/\",\"url\":\"https:\\\/\\\/abd.ong\\\/wp-content\\\/uploads\\\/2023\\\/01\\\/Icona.png\",\"contentUrl\":\"https:\\\/\\\/abd.ong\\\/wp-content\\\/uploads\\\/2023\\\/01\\\/Icona.png\",\"width\":190,\"height\":187,\"caption\":\"Associaci\u00f3 Benestar i Desenvolupament\"},\"image\":{\"@id\":\"https:\\\/\\\/abd.ong\\\/ca\\\/#\\\/schema\\\/logo\\\/image\\\/\"},\"sameAs\":[\"https:\\\/\\\/www.facebook.com\\\/abd.ong\",\"https:\\\/\\\/x.com\\\/abd_ong\",\"https:\\\/\\\/www.instagram.com\\\/abd_ong\\\/\",\"https:\\\/\\\/www.linkedin.com\\\/company\\\/abdong\",\"https:\\\/\\\/www.youtube.com\\\/user\\\/CANALABD\"]},{\"@type\":\"Person\",\"@id\":\"https:\\\/\\\/abd.ong\\\/ca\\\/#\\\/schema\\\/person\\\/d2e158b4173f683b3898e286f5b35a10\",\"name\":\"Maria Creixell\"}]}<\/script>\n<!-- \/ Yoast SEO plugin. -->","yoast_head_json":{"title":"Noves formacions per a voluntariat - ABD","description":"L'\u00e0rea de voluntariat del Grup\u00a0ABD\u00a0prepara les noves formacions per al curs vinent. Les dates d'inici d'aquestes sessions formatives, estan programades","robots":{"index":"index","follow":"follow","max-snippet":"max-snippet:-1","max-image-preview":"max-image-preview:large","max-video-preview":"max-video-preview:-1"},"canonical":"https:\/\/abd.ong\/ca\/voluntariat\/noves-formacions-per-a-voluntariat\/","og_locale":"ca_ES","og_type":"article","og_title":"Noves formacions per a voluntariat - ABD","og_description":"L'\u00e0rea de voluntariat del Grup\u00a0ABD\u00a0prepara les noves formacions per al curs vinent. Les dates d'inici d'aquestes sessions formatives, estan programades","og_url":"https:\/\/abd.ong\/ca\/voluntariat\/noves-formacions-per-a-voluntariat\/","og_site_name":"ABD","article_publisher":"https:\/\/www.facebook.com\/abd.ong","article_published_time":"2023-08-23T07:48:22+00:00","article_modified_time":"2023-09-12T13:08:23+00:00","og_image":[{"width":2048,"height":1365,"url":"https:\/\/abd.ong\/wp-content\/uploads\/2023\/08\/pexels-mart-production-7550312.jpg","type":"image\/jpeg"}],"author":"Maria Creixell","twitter_card":"summary_large_image","twitter_creator":"@abd_ong","twitter_site":"@abd_ong","twitter_misc":{"Escrit per":"Maria Creixell","Temps estimat de lectura":"2 minuts"},"schema":{"@context":"https:\/\/schema.org","@graph":[{"@type":"Article","@id":"https:\/\/abd.ong\/ca\/voluntariat\/noves-formacions-per-a-voluntariat\/#article","isPartOf":{"@id":"https:\/\/abd.ong\/ca\/voluntariat\/noves-formacions-per-a-voluntariat\/"},"author":{"name":"Maria Creixell","@id":"https:\/\/abd.ong\/ca\/#\/schema\/person\/d2e158b4173f683b3898e286f5b35a10"},"headline":"Noves formacions per a voluntariat","datePublished":"2023-08-23T07:48:22+00:00","dateModified":"2023-09-12T13:08:23+00:00","mainEntityOfPage":{"@id":"https:\/\/abd.ong\/ca\/voluntariat\/noves-formacions-per-a-voluntariat\/"},"wordCount":404,"publisher":{"@id":"https:\/\/abd.ong\/ca\/#organization"},"image":{"@id":"https:\/\/abd.ong\/ca\/voluntariat\/noves-formacions-per-a-voluntariat\/#primaryimage"},"thumbnailUrl":"https:\/\/abd.ong\/wp-content\/uploads\/2023\/08\/pexels-mart-production-7550312.jpg","keywords":["ABD","acci\u00f3 volunt\u00e0ria","Asociaci\u00f3n Bienestar y Desarrollo","drogas","drogodependencias","Escola de voluntariat","inf\u00e0ncia i familia","not\u00edcies","persones grans","pobresa energ\u00e8tica","voluntariat","voluntariat social"],"articleSection":["Voluntariat"],"inLanguage":"ca"},{"@type":"WebPage","@id":"https:\/\/abd.ong\/ca\/voluntariat\/noves-formacions-per-a-voluntariat\/","url":"https:\/\/abd.ong\/ca\/voluntariat\/noves-formacions-per-a-voluntariat\/","name":"Noves formacions per a voluntariat - ABD","isPartOf":{"@id":"https:\/\/abd.ong\/ca\/#website"},"primaryImageOfPage":{"@id":"https:\/\/abd.ong\/ca\/voluntariat\/noves-formacions-per-a-voluntariat\/#primaryimage"},"image":{"@id":"https:\/\/abd.ong\/ca\/voluntariat\/noves-formacions-per-a-voluntariat\/#primaryimage"},"thumbnailUrl":"https:\/\/abd.ong\/wp-content\/uploads\/2023\/08\/pexels-mart-production-7550312.jpg","datePublished":"2023-08-23T07:48:22+00:00","dateModified":"2023-09-12T13:08:23+00:00","description":"L'\u00e0rea de voluntariat del Grup\u00a0ABD\u00a0prepara les noves formacions per al curs vinent. Les dates d'inici d'aquestes sessions formatives, estan programades","breadcrumb":{"@id":"https:\/\/abd.ong\/ca\/voluntariat\/noves-formacions-per-a-voluntariat\/#breadcrumb"},"inLanguage":"ca","potentialAction":[{"@type":"ReadAction","target":["https:\/\/abd.ong\/ca\/voluntariat\/noves-formacions-per-a-voluntariat\/"]}]},{"@type":"ImageObject","inLanguage":"ca","@id":"https:\/\/abd.ong\/ca\/voluntariat\/noves-formacions-per-a-voluntariat\/#primaryimage","url":"https:\/\/abd.ong\/wp-content\/uploads\/2023\/08\/pexels-mart-production-7550312.jpg","contentUrl":"https:\/\/abd.ong\/wp-content\/uploads\/2023\/08\/pexels-mart-production-7550312.jpg","width":2048,"height":1365},{"@type":"BreadcrumbList","@id":"https:\/\/abd.ong\/ca\/voluntariat\/noves-formacions-per-a-voluntariat\/#breadcrumb","itemListElement":[{"@type":"ListItem","position":1,"name":"Inici","item":"https:\/\/abd.ong\/ca\/"},{"@type":"ListItem","position":2,"name":"Noves formacions per a voluntariat"}]},{"@type":"WebSite","@id":"https:\/\/abd.ong\/ca\/#website","url":"https:\/\/abd.ong\/ca\/","name":"ABD","description":"Asociaci\u00f3n Bienestar y Desarrollo","publisher":{"@id":"https:\/\/abd.ong\/ca\/#organization"},"potentialAction":[{"@type":"SearchAction","target":{"@type":"EntryPoint","urlTemplate":"https:\/\/abd.ong\/ca\/?s={search_term_string}"},"query-input":{"@type":"PropertyValueSpecification","valueRequired":true,"valueName":"search_term_string"}}],"inLanguage":"ca"},{"@type":"Organization","@id":"https:\/\/abd.ong\/ca\/#organization","name":"Associaci\u00f3 Benestar i Desenvolupament","alternateName":"ABD","url":"https:\/\/abd.ong\/ca\/","logo":{"@type":"ImageObject","inLanguage":"ca","@id":"https:\/\/abd.ong\/ca\/#\/schema\/logo\/image\/","url":"https:\/\/abd.ong\/wp-content\/uploads\/2023\/01\/Icona.png","contentUrl":"https:\/\/abd.ong\/wp-content\/uploads\/2023\/01\/Icona.png","width":190,"height":187,"caption":"Associaci\u00f3 Benestar i Desenvolupament"},"image":{"@id":"https:\/\/abd.ong\/ca\/#\/schema\/logo\/image\/"},"sameAs":["https:\/\/www.facebook.com\/abd.ong","https:\/\/x.com\/abd_ong","https:\/\/www.instagram.com\/abd_ong\/","https:\/\/www.linkedin.com\/company\/abdong","https:\/\/www.youtube.com\/user\/CANALABD"]},{"@type":"Person","@id":"https:\/\/abd.ong\/ca\/#\/schema\/person\/d2e158b4173f683b3898e286f5b35a10","name":"Maria Creixell"}]}},"_links":{"self":[{"href":"https:\/\/abd.ong\/ca\/wp-json\/wp\/v2\/posts\/154017","targetHints":{"allow":["GET"]}}],"collection":[{"href":"https:\/\/abd.ong\/ca\/wp-json\/wp\/v2\/posts"}],"about":[{"href":"https:\/\/abd.ong\/ca\/wp-json\/wp\/v2\/types\/post"}],"author":[{"embeddable":true,"href":"https:\/\/abd.ong\/ca\/wp-json\/wp\/v2\/users\/9"}],"replies":[{"embeddable":true,"href":"https:\/\/abd.ong\/ca\/wp-json\/wp\/v2\/comments?post=154017"}],"version-history":[{"count":3,"href":"https:\/\/abd.ong\/ca\/wp-json\/wp\/v2\/posts\/154017\/revisions"}],"predecessor-version":[{"id":154321,"href":"https:\/\/abd.ong\/ca\/wp-json\/wp\/v2\/posts\/154017\/revisions\/154321"}],"wp:featuredmedia":[{"embeddable":true,"href":"https:\/\/abd.ong\/ca\/wp-json\/wp\/v2\/media\/154298"}],"wp:attachment":[{"href":"https:\/\/abd.ong\/ca\/wp-json\/wp\/v2\/media?parent=154017"}],"wp:term":[{"taxonomy":"category","embeddable":true,"href":"https:\/\/abd.ong\/ca\/wp-json\/wp\/v2\/categories?post=154017"},{"taxonomy":"post_tag","embeddable":true,"href":"https:\/\/abd.ong\/ca\/wp-json\/wp\/v2\/tags?post=154017"}],"curies":[{"name":"wp","href":"https:\/\/api.w.org\/{rel}","templated":true}]}}