{"id":153585,"date":"2023-08-30T10:59:32","date_gmt":"2023-08-30T08:59:32","guid":{"rendered":"https:\/\/abd.ong\/?p=153585"},"modified":"2023-08-31T09:48:11","modified_gmt":"2023-08-31T07:48:11","slug":"abd-als-mitjans-de-comunicacio-al-agost","status":"publish","type":"post","link":"https:\/\/abd.ong\/ca\/general-ca\/abd-als-mitjans-de-comunicacio-al-agost\/","title":{"rendered":"ABD als mitjans de comunicaci\u00f3 al agost"},"content":{"rendered":"\n<p>El <strong><a href=\"https:\/\/abd.ong\/\" target=\"_blank\" rel=\"noreferrer noopener\">Grup ABD<\/a><\/strong> ha estat present en els mitjans de comunicaci\u00f3 durant aquest mes d&#8217;agost. A continuaci\u00f3, el resum de premsa de les not\u00edcies, articles i reportatges en els quals hem participat com a organitzaci\u00f3.<\/p>\n\n\n\n<div style=\"height:30px\" aria-hidden=\"true\" class=\"wp-block-spacer\"><\/div>\n\n\n<p><strong>22\/08\/2023 &#8211; R\u00e0dio 4<\/strong><\/p>\n<p><a href=\"https:\/\/energycontrol.org\/\" target=\"_blank\" rel=\"noopener\"><strong>Energy\u00a0Control<\/strong><\/a>, el projecte pioner a Espanya en l&#8217;\u00e0mbit de la reducci\u00f3 de riscos de drogues, ha posat en marxa una eina per con\u00e8ixer els resultats en temps real de les mostres que s&#8217;analitzen. Parlem amb el seu director, <strong>Claudio Vidal<\/strong>. Amb un resum de l&#8217;actualitat relacionada amb les drogues i les funcions d&#8217;aquesta nova eina.<\/p>\n<p><a href=\"https:\/\/www.rtve.es\/play\/audios\/cafe-d-idees-a-radio-4\/analisi-drogues-temps-real\/6954819\/\" target=\"_blank\" rel=\"noopener\">An\u00e0lisi de drogues en temps real<\/a><\/p>\n<p>\u00a0<\/p>\n<p><strong>16\/08\/2023 &#8211; El Peri\u00f3dico\u00a0de Espa\u00f1a<\/strong><\/p>\n<p>Des <a href=\"https:\/\/energycontrol.org\/\" target=\"_blank\" rel=\"noopener\"><strong>d&#8217;Energy\u00a0Control<\/strong><\/a>, el programa pioner d&#8217;intervenci\u00f3 des de la reducci\u00f3 de riscos en l&#8217;\u00e0mbit dels consums recreatius de drogues de <a href=\"https:\/\/abd.ong\/\" target=\"_blank\" rel=\"noopener\"><strong>l&#8217;Associaci\u00f3 Benestar i Desenvolupament (ABD)<\/strong><\/a>, tamb\u00e9 desmenteix la presumpta arribada del fentanil a Espanya. Des de grans ciutats com Madrid, fonts del <strong><a href=\"https:\/\/www.comunidad.madrid\/hospital\/summa112\/\" target=\"_blank\" rel=\"noopener\">SUMMA112<\/a><\/strong>, consultades per aquest diari, es pronuncien en la mateixa direcci\u00f3: els serveis d&#8217;urg\u00e8ncies m\u00e8diques <strong>tampoc han confirmat casos d&#8217;intoxicaci\u00f3 per fentanil.<\/strong><\/p>\n<p><a href=\"https:\/\/www.comunidad.madrid\/hospital\/summa112\/\" target=\"_blank\" rel=\"noopener\">No, el fentanil no ha arribat a Espanya: els experts desmenteixen les falses informacions<\/a><\/p>\n<p>\u00a0<\/p>\n<p><strong>16\/08\/2023 &#8211; El Peri\u00f3dico<\/strong><\/p>\n<p><a href=\"https:\/\/energycontrol.org\/\" target=\"_blank\" rel=\"noopener\"><strong>Energy\u00a0Control<\/strong><\/a> assegura que l&#8217;entrada de nous opioides sint\u00e8tics a Europa i Espanya &#8220;suposa un risc seri\u00f3s&#8221;, per\u00f2 afirma que<em> &#8220;a Espanya es disposa d&#8217;una<strong> xarxa p\u00fablica universal i gratu\u00efta<\/strong> que facilita l&#8217;entrada de les persones que ho necessiten a un tractament ajustat a les seves necessitats&#8221;<\/em>. <em>&#8220;Encara que el seu abast i finan\u00e7ament puguin millorar, \u00e9s f\u00e0cil preveure que, arribat el cas, es constituiran<strong> en elements clau<\/strong> per fer front a la situaci\u00f3&#8221;<\/em>, conclouen des de l&#8217;entitat.<\/p>\n<p><a href=\"https:\/\/www.elperiodico.com\/es\/sanidad\/20230816\/energy-control-fentanilo-mercado-drogas-espana-91019964\" target=\"_blank\" rel=\"noopener\">Energy\u00a0Control diu que no hi ha evid\u00e8ncies que demostrin l&#8217;entrada del fentanil en els mercats de drogues d&#8217;Espa\u00f1a<\/a><\/p>\n<p>\u00a0<\/p>\n<p><strong>16\/08\/2023 &#8211; Social.cat<\/strong><\/p>\n<p>En els \u00faltims mesos, han aparegut diverses not\u00edcies que alerten de l&#8217;arribada del fentanil a l&#8217;Estat espanyol, un analg\u00e8sic\u00a0opioide\u00a0implicat en l&#8217;epid\u00e8mia de sobredosis que est\u00e0 afectant de forma dram\u00e0tica Nord-am\u00e8rica. Tanmateix, malgrat l&#8217;alarma social creada per aquestes informacions, <a href=\"https:\/\/abd.ong\/\" target=\"_blank\" rel=\"noopener\"><strong>l&#8217;Associaci\u00f3 Benestar i Desenvolupament (ABD)<\/strong><\/a>, a trav\u00e9s del seu programa\u00a0<strong><a href=\"https:\/\/energycontrol.org\/\" target=\"_blank\" rel=\"noopener\">Energy\u00a0Control<\/a><\/strong>, assenyala que <em>&#8220;no hi ha evid\u00e8ncies suficients&#8221;<\/em> per afirmar que <strong>aquesta<\/strong> droga estigui present en els mercats il\u00b7legals de drogues a l&#8217;Estat espanyol.<\/p>\n<p><a href=\"https:\/\/www.social.cat\/noticia\/19449\/energy-control-avisa-que-no-hi-ha-evidencies-suficients-per-a-afirmar-que-el-fentanil-ha-a\" target=\"_blank\" rel=\"noopener\">Adverteixen que no hi ha evid\u00e8ncies suficients per afirmar que el fentanil ha arribat a l&#8217;Estat espanyol<\/a><\/p>\n<p>\u00a0<\/p>\n<p><strong>13\/08\/2023 &#8211;\u00a0Metr\u00f3poli<\/strong><\/p>\n<p><em>&#8220;No trobem persones addictes que hagin canviat al fentanil, ni pres\u00e8ncia de la droga com a tall o adulterant&#8221;, explica. &#8220;S\u00ed que hi ha un lleuger augment del seu \u00fas farmac\u00e8utic, per\u00f2 aix\u00f2 no implica que hi hagi un problema de drogodepend\u00e8ncies. Ni hi ha un augment de les sobredosis per opiats en general ni fentanil en particular ni s&#8217;ha registrat un augment de la mortalitat&#8221;<\/em>, comenta el director estatal<strong> <a href=\"https:\/\/www.social.cat\/noticia\/19449\/energy-control-avisa-que-no-hi-ha-evidencies-suficients-per-a-afirmar-que-el-fentanil-ha-a\" target=\"_blank\" rel=\"noopener\">d&#8217;Energy Control<\/a><\/strong>, <strong>Claudio Vidal.<\/strong><\/p>\n<p><a href=\"https:\/\/metropoliabierta.elespanol.com\/el-pulso-de-la-ciudad\/llegada-fentanilo-barcelona-realidad-alarma-social_76539_102.html\" target=\"_blank\" rel=\"noopener\">Arribada del fentanil a Barcelona?: La realitat rere l&#8217;alarma social<\/a><\/p>\n<p>\u00a0<\/p>\n<p><strong>13\/08\/2023 &#8211; Cadena Ser<\/strong><\/p>\n<p><strong>Mireia Ventura<\/strong>, directora dels serveis d&#8217;an\u00e0lisi <a href=\"https:\/\/energycontrol.org\/\" target=\"_blank\" rel=\"noopener\"><strong>d&#8217;Energy\u00a0Control<\/strong><\/a>, remarca que el <strong>fentanil<\/strong>, que \u00e9s la droga que provoca m\u00e9s morts per sobredosi als Estats Units, no ha provocat cap a Catalunya. Aix\u00f2 \u00e9s una prova m\u00e9s del seu baix impacte en aquest territori. Tot i que el fentanil \u00e9s perill\u00f3s, Catalunya no \u00e9s un escenari on aquesta droga pugui ser tan mort\u00edfera com als Estats Units perqu\u00e8 <em>&#8220;la forma en qu\u00e8 es respondria a la crisi seria diferent&#8221;.<\/em><\/p>\n<p><a href=\"https:\/\/cadenaser.com\/cataluna\/2023\/08\/13\/els-experts-desmonten-lalarma-el-fentanil-no-ha-arrelat-a-catalunya-sercat\/\" target=\"_blank\" rel=\"noopener\">Els experts desmunten l&#8217;alarma: El fentanil no s&#8217;ha arrelat a Catalunya<\/a><\/p>\n<p>\u00a0<\/p>\n<p><strong>09\/08\/2023 &#8211; R\u00e0dio 4<\/strong><\/p>\n<p><em><strong><a href=\"https:\/\/energycontrol.org\/\" target=\"_blank\" rel=\"noopener\">Energy\u00a0Control<\/a><\/strong>, el programa de <a href=\"https:\/\/abd.ong\/\" target=\"_blank\" rel=\"noopener\"><strong>l&#8217;Associaci\u00f3 Benestar i Desenvolupament<\/strong><\/a> per a la reducci\u00f3 de riscos en el consum de drogues, <strong>ha posat en marxa una eina per con\u00e8ixer, en temps real, els resultats de les mostres analitzades.<\/strong> Uns coneixements que permeten tenir l<strong>a informaci\u00f3 de la composici\u00f3 de les subst\u00e0ncies que es troben al mercat en aquests moments.<\/strong> Informacions necess\u00e0ries tant pels consumidors com pels professionals que treballen en l&#8217;\u00e0mbit de les addiccions.<\/em><\/p>\n<p><a href=\"https:\/\/www.rtve.es\/play\/audios\/serveis-informatius-radio-4\/energy-control-eina-deteccio-composicio-drogues-prevencio\/6949089\/\" target=\"_blank\" rel=\"noopener\">Energy\u00a0Control llan\u00e7a una eina per con\u00e8ixer en temps real la composici\u00f3 de les drogues<\/a><\/p>\n<p>\u00a0<\/p>\n<p><strong>07\/08\/2023 &#8211;\u00a0Xarxanet<\/strong><\/p>\n<p>L&#8217;Associaci\u00f3<strong><a href=\"https:\/\/ecoserveis.net\/es\/\" target=\"_blank\" rel=\"noopener\">\u00a0Ecoserveis<\/a><\/strong>\u00a0i<a href=\"https:\/\/abd.ong\/\" target=\"_blank\" rel=\"noopener\"><strong> l&#8217;Associaci\u00f3 Benestar i Desenvolupament<\/strong><\/a>, amb diverses entitats tecnol\u00f2giques, posen en marxa el projecte <a href=\"https:\/\/ecoserveis.net\/es\/donation\/climate-ready-barcelona\/\" target=\"_blank\" rel=\"noopener\"><strong><em>&#8216;Climate-Ready\u00a0Barcelona&#8217;<\/em><\/strong><\/a> per facilitar la vida a la ciutat i eliminar la desigualtat energ\u00e8tica. <em>&#8220;La idea principal \u00e9s poder promocionar i desenvolupar solucions per a la ciutadania per fer front a la crisi energ\u00e8tica i al canvi clim\u00e0tic, problemes actuals que dificulten la vida a les ciutats. Volem sensibilitzar i empoderar les persones, sempre amb el suport de l&#8217;ajuntament&#8221;<\/em>, explica\u00a0<strong>Federica\u00a0Giardina<\/strong>, consultora energ\u00e8tica de l&#8217;Associaci\u00f3\u00a0Ecoserveis.<\/p>\n<p><a href=\"https:\/\/xarxanet.org\/ambiental\/noticies\/solucions-combatre-els-impactes-de-la-crisi-energetica-i-el-canvi-climatic\" target=\"_blank\" rel=\"noopener\">Solucions per combatre els impactes de la crisi energ\u00e8tica i el canvi clim\u00e0tic a Barcelona<\/a><\/p>\n<p>\u00a0<\/p>\n<p><strong>05\/08\/2023 &#8211; El Espa\u00f1ol<\/strong><\/p>\n<p>Les xifres apunten que m\u00e9s d&#8217;un mili\u00f3 d&#8217;espanyols han consumit alguna vegada ansiol\u00edtics sense recepta, i algunes d&#8217;aquestes receptes van destinades al \u00fas recreatiu. &#8220;<em>No \u00e9s usual, per\u00f2 despr\u00e9s d&#8217;una festa amb subst\u00e0ncies estimulants, hi ha persones que utilitzen les benzodiazepines per frenar l&#8217;estimulaci\u00f3 i aix\u00ed evitar els efectes dels estimulants sobre el son&#8221;<\/em>, exhorta <strong>Claudio Vidal<\/strong>, director estatal <a href=\"https:\/\/energycontrol.org\/\" target=\"_blank\" rel=\"noopener\"><strong>d&#8217;Energy Control<\/strong><\/a>, dedicada a la informaci\u00f3, assessorament i an\u00e0lisi de subst\u00e0ncies per a la gesti\u00f3 de plaers i riscos. <em>&#8220;Nosaltres solem desaconsellar aquesta pr\u00e0ctica&#8221;.<\/em><\/p>\n<p><a href=\"https:\/\/www.elespanol.com\/ciencia\/salud\/20230805\/espana-trafico-orfidales-abuelos-hacen-camellos-familiares-amigos\/784171867_0.html\" target=\"_blank\" rel=\"noopener\">L&#8217;Espanya del tr\u00e0nsit d&#8217;orfidals: &#8220;Hi ha avis que fan de camells per a familiars i amics&#8221;<\/a><\/p>\n<p>\u00a0<\/p>\n<p><strong>03\/08\/2023 &#8211; Efeminista<\/strong><\/p>\n<p><strong>Felisa P\u00e9rez,<\/strong> vicepresidenta de la <a href=\"https:\/\/www.unad.org\/\" target=\"_blank\" rel=\"noopener\"><strong>UNAD<\/strong><\/a> i presidenta<a href=\"https:\/\/abd.ong\/\"><strong> d&#8217;ABD<\/strong><\/a>, ha sol\u00b7licitat recursos per abordar les addiccions amb \u00e8mfasi a la inserci\u00f3 laboral i social dels afectats. P\u00e9rez emfatitza que abandonar o reduir el consum de drogues requereix alternatives d&#8217;integraci\u00f3 a la societat. Ha cridat pol\u00edtics a garantir equitat a les xarxes d&#8217;atenci\u00f3, advocant per normatives no punitives per a addictes i exhortant a incloure l&#8217;addicci\u00f3 a l&#8217;agenda pol\u00edtica com un problema de salut p\u00fablica.<\/p>\n<p><a href=\"https:\/\/efeminista.com\/mujeres-adicciones-aumentan-espana\/\" target=\"_blank\" rel=\"noopener\">Les dones ateses per addiccions a Espanya augmenten un 22%<\/a><\/p>\n<p>\u00a0<\/p>\n<p><strong>02\/08\/2023 &#8211; Heraldo de Arag\u00f3n<\/strong><\/p>\n<p>En el\u00a0<strong>Monegres\u00a0Desert\u00a0Festival<\/strong>,\u00a0<strong><a href=\"https:\/\/energycontrol.org\/\" target=\"_blank\" rel=\"noopener\">Energy\u00a0Control<\/a><\/strong>, ha disposat un lloc d&#8217;informaci\u00f3 i an\u00e0lisi de drogues, en qu\u00e8 s&#8217;informa sobre les conseq\u00fc\u00e8ncies d&#8217;aquests consums per tenir m\u00e9s informaci\u00f3 sobre com conduir &#8216;plaer i riscos&#8217;, a m\u00e9s de conscienciar de manera expressa sobre els perills del seu \u00fas.<\/p>\n<p><a href=\"https:\/\/www.heraldo.es\/noticias\/aragon\/2023\/08\/02\/que-es-popper-metanfetaminas-efectos-caracteristicas-1669092.html\" target=\"_blank\" rel=\"noopener\">Qu\u00e8 \u00e9s el popper o el tusi: les drogues confiscades al Monegros Desert Festival i els seus efectes<\/a><\/p>","protected":false},"excerpt":{"rendered":"<p>El Grup ABD ha estat present en els mitjans de comunicaci\u00f3 durant aquest mes d&#8217;agost. A continuaci\u00f3, el resum de premsa de les not\u00edcies, articles i reportatges en els quals&hellip;<\/p>\n","protected":false},"author":12,"featured_media":14666,"comment_status":"closed","ping_status":"closed","sticky":false,"template":"","format":"standard","meta":{"_acf_changed":false,"footnotes":""},"categories":[66],"tags":[119,2450,3744,675,3491,3265,2446,175,3264,2260,2299,2300,2226,2396,2305],"class_list":["post-153585","post","type-post","status-publish","format-standard","has-post-thumbnail","hentry","category-general-ca","tag-abd","tag-adolescencia-ca","tag-alertes","tag-asociacion-bienestar-y-desarrollo-ca","tag-calor-ca","tag-cocaina-ca","tag-consum-de-drogues-ca","tag-drogas-ca","tag-educacio","tag-joventut","tag-mitjans-de-comunicacio-ca","tag-noticies-ca","tag-pobresa-energetica-ca","tag-reduccio-de-danys-ca","tag-violencia-masclista"],"acf":[],"yoast_head":"<!-- This site is optimized with the Yoast SEO plugin v27.4 - https:\/\/yoast.com\/product\/yoast-seo-wordpress\/ -->\n<title>ABD als mitjans de comunicaci\u00f3 al agost - ABD<\/title>\n<meta name=\"description\" content=\"El Grup ABD ha estat present en els mitjans de comunicaci\u00f3 durant aquest mes d&#039;agost. A continuaci\u00f3, el resum de premsa de les not\u00edcies, articles i\" \/>\n<meta name=\"robots\" content=\"index, follow, max-snippet:-1, max-image-preview:large, max-video-preview:-1\" \/>\n<link rel=\"canonical\" href=\"https:\/\/abd.ong\/ca\/general-ca\/abd-als-mitjans-de-comunicacio-al-agost\/\" \/>\n<meta property=\"og:locale\" content=\"ca_ES\" \/>\n<meta property=\"og:type\" content=\"article\" \/>\n<meta property=\"og:title\" content=\"ABD als mitjans de comunicaci\u00f3 al agost - ABD\" \/>\n<meta property=\"og:description\" content=\"El Grup ABD ha estat present en els mitjans de comunicaci\u00f3 durant aquest mes d&#039;agost. A continuaci\u00f3, el resum de premsa de les not\u00edcies, articles i\" \/>\n<meta property=\"og:url\" content=\"https:\/\/abd.ong\/ca\/general-ca\/abd-als-mitjans-de-comunicacio-al-agost\/\" \/>\n<meta property=\"og:site_name\" content=\"ABD\" \/>\n<meta property=\"article:publisher\" content=\"https:\/\/www.facebook.com\/abd.ong\" \/>\n<meta property=\"article:published_time\" content=\"2023-08-30T08:59:32+00:00\" \/>\n<meta property=\"article:modified_time\" content=\"2023-08-31T07:48:11+00:00\" \/>\n<meta property=\"og:image\" content=\"https:\/\/abd.ong\/wp-content\/uploads\/2020\/05\/old-tv-1149416_1920.jpg\" \/>\n\t<meta property=\"og:image:width\" content=\"1919\" \/>\n\t<meta property=\"og:image:height\" content=\"977\" \/>\n\t<meta property=\"og:image:type\" content=\"image\/jpeg\" \/>\n<meta name=\"author\" content=\"Francesc Balart\" \/>\n<meta name=\"twitter:card\" content=\"summary_large_image\" \/>\n<meta name=\"twitter:creator\" content=\"@abd_ong\" \/>\n<meta name=\"twitter:site\" content=\"@abd_ong\" \/>\n<meta name=\"twitter:label1\" content=\"Escrit per\" \/>\n\t<meta name=\"twitter:data1\" content=\"Francesc Balart\" \/>\n\t<meta name=\"twitter:label2\" content=\"Temps estimat de lectura\" \/>\n\t<meta name=\"twitter:data2\" content=\"6 minuts\" \/>\n<script type=\"application\/ld+json\" class=\"yoast-schema-graph\">{\"@context\":\"https:\\\/\\\/schema.org\",\"@graph\":[{\"@type\":\"Article\",\"@id\":\"https:\\\/\\\/abd.ong\\\/ca\\\/general-ca\\\/abd-als-mitjans-de-comunicacio-al-agost\\\/#article\",\"isPartOf\":{\"@id\":\"https:\\\/\\\/abd.ong\\\/ca\\\/general-ca\\\/abd-als-mitjans-de-comunicacio-al-agost\\\/\"},\"author\":{\"name\":\"Francesc Balart\",\"@id\":\"https:\\\/\\\/abd.ong\\\/ca\\\/#\\\/schema\\\/person\\\/6bb74ed13fc8bdf3a5382c66db14c9ee\"},\"headline\":\"ABD als mitjans de comunicaci\u00f3 al agost\",\"datePublished\":\"2023-08-30T08:59:32+00:00\",\"dateModified\":\"2023-08-31T07:48:11+00:00\",\"mainEntityOfPage\":{\"@id\":\"https:\\\/\\\/abd.ong\\\/ca\\\/general-ca\\\/abd-als-mitjans-de-comunicacio-al-agost\\\/\"},\"wordCount\":1130,\"publisher\":{\"@id\":\"https:\\\/\\\/abd.ong\\\/ca\\\/#organization\"},\"image\":{\"@id\":\"https:\\\/\\\/abd.ong\\\/ca\\\/general-ca\\\/abd-als-mitjans-de-comunicacio-al-agost\\\/#primaryimage\"},\"thumbnailUrl\":\"https:\\\/\\\/abd.ong\\\/wp-content\\\/uploads\\\/2020\\\/05\\\/old-tv-1149416_1920.jpg\",\"keywords\":[\"ABD\",\"adolesc\u00e8ncia\",\"alertes\",\"Asociaci\u00f3n Bienestar y Desarrollo\",\"calor\",\"coca\u00efna\",\"consum de drogues\",\"drogas\",\"educaci\u00f3\",\"joventut\",\"Mitjans de comunicaci\u00f3\",\"not\u00edcies\",\"pobresa energ\u00e8tica\",\"reducci\u00f3 de danys\",\"viol\u00e8ncia masclista\"],\"articleSection\":[\"General\"],\"inLanguage\":\"ca\"},{\"@type\":\"WebPage\",\"@id\":\"https:\\\/\\\/abd.ong\\\/ca\\\/general-ca\\\/abd-als-mitjans-de-comunicacio-al-agost\\\/\",\"url\":\"https:\\\/\\\/abd.ong\\\/ca\\\/general-ca\\\/abd-als-mitjans-de-comunicacio-al-agost\\\/\",\"name\":\"ABD als mitjans de comunicaci\u00f3 al agost - ABD\",\"isPartOf\":{\"@id\":\"https:\\\/\\\/abd.ong\\\/ca\\\/#website\"},\"primaryImageOfPage\":{\"@id\":\"https:\\\/\\\/abd.ong\\\/ca\\\/general-ca\\\/abd-als-mitjans-de-comunicacio-al-agost\\\/#primaryimage\"},\"image\":{\"@id\":\"https:\\\/\\\/abd.ong\\\/ca\\\/general-ca\\\/abd-als-mitjans-de-comunicacio-al-agost\\\/#primaryimage\"},\"thumbnailUrl\":\"https:\\\/\\\/abd.ong\\\/wp-content\\\/uploads\\\/2020\\\/05\\\/old-tv-1149416_1920.jpg\",\"datePublished\":\"2023-08-30T08:59:32+00:00\",\"dateModified\":\"2023-08-31T07:48:11+00:00\",\"description\":\"El Grup ABD ha estat present en els mitjans de comunicaci\u00f3 durant aquest mes d'agost. A continuaci\u00f3, el resum de premsa de les not\u00edcies, articles i\",\"breadcrumb\":{\"@id\":\"https:\\\/\\\/abd.ong\\\/ca\\\/general-ca\\\/abd-als-mitjans-de-comunicacio-al-agost\\\/#breadcrumb\"},\"inLanguage\":\"ca\",\"potentialAction\":[{\"@type\":\"ReadAction\",\"target\":[\"https:\\\/\\\/abd.ong\\\/ca\\\/general-ca\\\/abd-als-mitjans-de-comunicacio-al-agost\\\/\"]}]},{\"@type\":\"ImageObject\",\"inLanguage\":\"ca\",\"@id\":\"https:\\\/\\\/abd.ong\\\/ca\\\/general-ca\\\/abd-als-mitjans-de-comunicacio-al-agost\\\/#primaryimage\",\"url\":\"https:\\\/\\\/abd.ong\\\/wp-content\\\/uploads\\\/2020\\\/05\\\/old-tv-1149416_1920.jpg\",\"contentUrl\":\"https:\\\/\\\/abd.ong\\\/wp-content\\\/uploads\\\/2020\\\/05\\\/old-tv-1149416_1920.jpg\",\"width\":1919,\"height\":977,\"caption\":\"medios de comunicaci\u00f3n\"},{\"@type\":\"BreadcrumbList\",\"@id\":\"https:\\\/\\\/abd.ong\\\/ca\\\/general-ca\\\/abd-als-mitjans-de-comunicacio-al-agost\\\/#breadcrumb\",\"itemListElement\":[{\"@type\":\"ListItem\",\"position\":1,\"name\":\"Inici\",\"item\":\"https:\\\/\\\/abd.ong\\\/ca\\\/\"},{\"@type\":\"ListItem\",\"position\":2,\"name\":\"ABD als mitjans de comunicaci\u00f3 al agost\"}]},{\"@type\":\"WebSite\",\"@id\":\"https:\\\/\\\/abd.ong\\\/ca\\\/#website\",\"url\":\"https:\\\/\\\/abd.ong\\\/ca\\\/\",\"name\":\"ABD\",\"description\":\"Asociaci\u00f3n Bienestar y Desarrollo\",\"publisher\":{\"@id\":\"https:\\\/\\\/abd.ong\\\/ca\\\/#organization\"},\"potentialAction\":[{\"@type\":\"SearchAction\",\"target\":{\"@type\":\"EntryPoint\",\"urlTemplate\":\"https:\\\/\\\/abd.ong\\\/ca\\\/?s={search_term_string}\"},\"query-input\":{\"@type\":\"PropertyValueSpecification\",\"valueRequired\":true,\"valueName\":\"search_term_string\"}}],\"inLanguage\":\"ca\"},{\"@type\":\"Organization\",\"@id\":\"https:\\\/\\\/abd.ong\\\/ca\\\/#organization\",\"name\":\"Associaci\u00f3 Benestar i Desenvolupament\",\"alternateName\":\"ABD\",\"url\":\"https:\\\/\\\/abd.ong\\\/ca\\\/\",\"logo\":{\"@type\":\"ImageObject\",\"inLanguage\":\"ca\",\"@id\":\"https:\\\/\\\/abd.ong\\\/ca\\\/#\\\/schema\\\/logo\\\/image\\\/\",\"url\":\"https:\\\/\\\/abd.ong\\\/wp-content\\\/uploads\\\/2023\\\/01\\\/Icona.png\",\"contentUrl\":\"https:\\\/\\\/abd.ong\\\/wp-content\\\/uploads\\\/2023\\\/01\\\/Icona.png\",\"width\":190,\"height\":187,\"caption\":\"Associaci\u00f3 Benestar i Desenvolupament\"},\"image\":{\"@id\":\"https:\\\/\\\/abd.ong\\\/ca\\\/#\\\/schema\\\/logo\\\/image\\\/\"},\"sameAs\":[\"https:\\\/\\\/www.facebook.com\\\/abd.ong\",\"https:\\\/\\\/x.com\\\/abd_ong\",\"https:\\\/\\\/www.instagram.com\\\/abd_ong\\\/\",\"https:\\\/\\\/www.linkedin.com\\\/company\\\/abdong\",\"https:\\\/\\\/www.youtube.com\\\/user\\\/CANALABD\"]},{\"@type\":\"Person\",\"@id\":\"https:\\\/\\\/abd.ong\\\/ca\\\/#\\\/schema\\\/person\\\/6bb74ed13fc8bdf3a5382c66db14c9ee\",\"name\":\"Francesc Balart\"}]}<\/script>\n<!-- \/ Yoast SEO plugin. -->","yoast_head_json":{"title":"ABD als mitjans de comunicaci\u00f3 al agost - ABD","description":"El Grup ABD ha estat present en els mitjans de comunicaci\u00f3 durant aquest mes d'agost. A continuaci\u00f3, el resum de premsa de les not\u00edcies, articles i","robots":{"index":"index","follow":"follow","max-snippet":"max-snippet:-1","max-image-preview":"max-image-preview:large","max-video-preview":"max-video-preview:-1"},"canonical":"https:\/\/abd.ong\/ca\/general-ca\/abd-als-mitjans-de-comunicacio-al-agost\/","og_locale":"ca_ES","og_type":"article","og_title":"ABD als mitjans de comunicaci\u00f3 al agost - ABD","og_description":"El Grup ABD ha estat present en els mitjans de comunicaci\u00f3 durant aquest mes d'agost. A continuaci\u00f3, el resum de premsa de les not\u00edcies, articles i","og_url":"https:\/\/abd.ong\/ca\/general-ca\/abd-als-mitjans-de-comunicacio-al-agost\/","og_site_name":"ABD","article_publisher":"https:\/\/www.facebook.com\/abd.ong","article_published_time":"2023-08-30T08:59:32+00:00","article_modified_time":"2023-08-31T07:48:11+00:00","og_image":[{"width":1919,"height":977,"url":"https:\/\/abd.ong\/wp-content\/uploads\/2020\/05\/old-tv-1149416_1920.jpg","type":"image\/jpeg"}],"author":"Francesc Balart","twitter_card":"summary_large_image","twitter_creator":"@abd_ong","twitter_site":"@abd_ong","twitter_misc":{"Escrit per":"Francesc Balart","Temps estimat de lectura":"6 minuts"},"schema":{"@context":"https:\/\/schema.org","@graph":[{"@type":"Article","@id":"https:\/\/abd.ong\/ca\/general-ca\/abd-als-mitjans-de-comunicacio-al-agost\/#article","isPartOf":{"@id":"https:\/\/abd.ong\/ca\/general-ca\/abd-als-mitjans-de-comunicacio-al-agost\/"},"author":{"name":"Francesc Balart","@id":"https:\/\/abd.ong\/ca\/#\/schema\/person\/6bb74ed13fc8bdf3a5382c66db14c9ee"},"headline":"ABD als mitjans de comunicaci\u00f3 al agost","datePublished":"2023-08-30T08:59:32+00:00","dateModified":"2023-08-31T07:48:11+00:00","mainEntityOfPage":{"@id":"https:\/\/abd.ong\/ca\/general-ca\/abd-als-mitjans-de-comunicacio-al-agost\/"},"wordCount":1130,"publisher":{"@id":"https:\/\/abd.ong\/ca\/#organization"},"image":{"@id":"https:\/\/abd.ong\/ca\/general-ca\/abd-als-mitjans-de-comunicacio-al-agost\/#primaryimage"},"thumbnailUrl":"https:\/\/abd.ong\/wp-content\/uploads\/2020\/05\/old-tv-1149416_1920.jpg","keywords":["ABD","adolesc\u00e8ncia","alertes","Asociaci\u00f3n Bienestar y Desarrollo","calor","coca\u00efna","consum de drogues","drogas","educaci\u00f3","joventut","Mitjans de comunicaci\u00f3","not\u00edcies","pobresa energ\u00e8tica","reducci\u00f3 de danys","viol\u00e8ncia masclista"],"articleSection":["General"],"inLanguage":"ca"},{"@type":"WebPage","@id":"https:\/\/abd.ong\/ca\/general-ca\/abd-als-mitjans-de-comunicacio-al-agost\/","url":"https:\/\/abd.ong\/ca\/general-ca\/abd-als-mitjans-de-comunicacio-al-agost\/","name":"ABD als mitjans de comunicaci\u00f3 al agost - ABD","isPartOf":{"@id":"https:\/\/abd.ong\/ca\/#website"},"primaryImageOfPage":{"@id":"https:\/\/abd.ong\/ca\/general-ca\/abd-als-mitjans-de-comunicacio-al-agost\/#primaryimage"},"image":{"@id":"https:\/\/abd.ong\/ca\/general-ca\/abd-als-mitjans-de-comunicacio-al-agost\/#primaryimage"},"thumbnailUrl":"https:\/\/abd.ong\/wp-content\/uploads\/2020\/05\/old-tv-1149416_1920.jpg","datePublished":"2023-08-30T08:59:32+00:00","dateModified":"2023-08-31T07:48:11+00:00","description":"El Grup ABD ha estat present en els mitjans de comunicaci\u00f3 durant aquest mes d'agost. A continuaci\u00f3, el resum de premsa de les not\u00edcies, articles i","breadcrumb":{"@id":"https:\/\/abd.ong\/ca\/general-ca\/abd-als-mitjans-de-comunicacio-al-agost\/#breadcrumb"},"inLanguage":"ca","potentialAction":[{"@type":"ReadAction","target":["https:\/\/abd.ong\/ca\/general-ca\/abd-als-mitjans-de-comunicacio-al-agost\/"]}]},{"@type":"ImageObject","inLanguage":"ca","@id":"https:\/\/abd.ong\/ca\/general-ca\/abd-als-mitjans-de-comunicacio-al-agost\/#primaryimage","url":"https:\/\/abd.ong\/wp-content\/uploads\/2020\/05\/old-tv-1149416_1920.jpg","contentUrl":"https:\/\/abd.ong\/wp-content\/uploads\/2020\/05\/old-tv-1149416_1920.jpg","width":1919,"height":977,"caption":"medios de comunicaci\u00f3n"},{"@type":"BreadcrumbList","@id":"https:\/\/abd.ong\/ca\/general-ca\/abd-als-mitjans-de-comunicacio-al-agost\/#breadcrumb","itemListElement":[{"@type":"ListItem","position":1,"name":"Inici","item":"https:\/\/abd.ong\/ca\/"},{"@type":"ListItem","position":2,"name":"ABD als mitjans de comunicaci\u00f3 al agost"}]},{"@type":"WebSite","@id":"https:\/\/abd.ong\/ca\/#website","url":"https:\/\/abd.ong\/ca\/","name":"ABD","description":"Asociaci\u00f3n Bienestar y Desarrollo","publisher":{"@id":"https:\/\/abd.ong\/ca\/#organization"},"potentialAction":[{"@type":"SearchAction","target":{"@type":"EntryPoint","urlTemplate":"https:\/\/abd.ong\/ca\/?s={search_term_string}"},"query-input":{"@type":"PropertyValueSpecification","valueRequired":true,"valueName":"search_term_string"}}],"inLanguage":"ca"},{"@type":"Organization","@id":"https:\/\/abd.ong\/ca\/#organization","name":"Associaci\u00f3 Benestar i Desenvolupament","alternateName":"ABD","url":"https:\/\/abd.ong\/ca\/","logo":{"@type":"ImageObject","inLanguage":"ca","@id":"https:\/\/abd.ong\/ca\/#\/schema\/logo\/image\/","url":"https:\/\/abd.ong\/wp-content\/uploads\/2023\/01\/Icona.png","contentUrl":"https:\/\/abd.ong\/wp-content\/uploads\/2023\/01\/Icona.png","width":190,"height":187,"caption":"Associaci\u00f3 Benestar i Desenvolupament"},"image":{"@id":"https:\/\/abd.ong\/ca\/#\/schema\/logo\/image\/"},"sameAs":["https:\/\/www.facebook.com\/abd.ong","https:\/\/x.com\/abd_ong","https:\/\/www.instagram.com\/abd_ong\/","https:\/\/www.linkedin.com\/company\/abdong","https:\/\/www.youtube.com\/user\/CANALABD"]},{"@type":"Person","@id":"https:\/\/abd.ong\/ca\/#\/schema\/person\/6bb74ed13fc8bdf3a5382c66db14c9ee","name":"Francesc Balart"}]}},"_links":{"self":[{"href":"https:\/\/abd.ong\/ca\/wp-json\/wp\/v2\/posts\/153585","targetHints":{"allow":["GET"]}}],"collection":[{"href":"https:\/\/abd.ong\/ca\/wp-json\/wp\/v2\/posts"}],"about":[{"href":"https:\/\/abd.ong\/ca\/wp-json\/wp\/v2\/types\/post"}],"author":[{"embeddable":true,"href":"https:\/\/abd.ong\/ca\/wp-json\/wp\/v2\/users\/12"}],"replies":[{"embeddable":true,"href":"https:\/\/abd.ong\/ca\/wp-json\/wp\/v2\/comments?post=153585"}],"version-history":[{"count":3,"href":"https:\/\/abd.ong\/ca\/wp-json\/wp\/v2\/posts\/153585\/revisions"}],"predecessor-version":[{"id":154194,"href":"https:\/\/abd.ong\/ca\/wp-json\/wp\/v2\/posts\/153585\/revisions\/154194"}],"wp:featuredmedia":[{"embeddable":true,"href":"https:\/\/abd.ong\/ca\/wp-json\/wp\/v2\/media\/14666"}],"wp:attachment":[{"href":"https:\/\/abd.ong\/ca\/wp-json\/wp\/v2\/media?parent=153585"}],"wp:term":[{"taxonomy":"category","embeddable":true,"href":"https:\/\/abd.ong\/ca\/wp-json\/wp\/v2\/categories?post=153585"},{"taxonomy":"post_tag","embeddable":true,"href":"https:\/\/abd.ong\/ca\/wp-json\/wp\/v2\/tags?post=153585"}],"curies":[{"name":"wp","href":"https:\/\/api.w.org\/{rel}","templated":true}]}}