{"id":153500,"date":"2023-07-26T14:15:37","date_gmt":"2023-07-26T12:15:37","guid":{"rendered":"https:\/\/abd.ong\/sense-categoria\/els-projectes-cooltorise-i-amunt-uneixen-forces-per-a-lluitar-contra-la-pobresa-energetica-destiu\/"},"modified":"2023-07-31T13:12:56","modified_gmt":"2023-07-31T11:12:56","slug":"els-projectes-cooltorise-i-amunt-uneixen-forces-per-a-lluitar-contra-la-pobresa-energetica-destiu","status":"publish","type":"post","link":"https:\/\/abd.ong\/ca\/inclusio-i-pobresa\/els-projectes-cooltorise-i-amunt-uneixen-forces-per-a-lluitar-contra-la-pobresa-energetica-destiu\/","title":{"rendered":"Els projectes Cooltorise i amun! uneixen forces per a lluitar contra la pobresa energ\u00e8tica d&#8217;estiu"},"content":{"rendered":"\n<h2 class=\"wp-block-heading\">Activen un servei d&#8217;alertes de calor per a avisar als col\u00b7lectius que poden veure&#8217;s m\u00e9s afectats per les altes temperatures<\/h2>\n\n<div style=\"height:50px\" aria-hidden=\"true\" class=\"wp-block-spacer\"><\/div>\n\n<p>Des de fa uns anys les onades de calor s\u00f3n cada vegada m\u00e9s intenses i m\u00e9s freq\u00fcents, i s\u00f3n moltes les persones que es veuen afectades. Un fet que posa en risc a diversos col\u00b7lectius, entre ells aquells que no poden fer front a les factures energ\u00e8tiques i als qui els \u00e9s impossible mantenir una temperatura agradable en la llar.<\/p>\n\n<p>Per a lluitar contra l&#8217;anomenada pobresa energ\u00e8tica d&#8217;estiu, el projecte <a href=\"https:\/\/cooltorise.eu\/\" target=\"_blank\" rel=\"noopener\">Cooltorise<\/a> treballa per a mitigar els seus efectes.<\/p>\n\n<p>Enguany el projecte s&#8217;ha unit amb el pla pilot d&#8217;<a href=\"https:\/\/ajuntament.barcelona.cat\/serveissocials\/ca\/canal\/projecte-amunt\" target=\"_blank\" rel=\"noopener\">amunt!<\/a>, una iniciativa de l&#8217;Ajuntament de Barcelona que fa costat a la inserci\u00f3 laboral i social de persones benefici\u00e0ries de l&#8217;ingr\u00e9s m\u00ednim vital, per a millorar la qualitat de vida de totes aquelles persones m\u00e9s vulnerables davant les onades de calor,<\/p>\n\n<p>El resultat \u00e9s un sistema d&#8217;alertes de calor implementat durant el mes de juny per les persones integrants del Servei d&#8217;Ocupaci\u00f3 d&#8217;amunt! i que busca acompanyar telef\u00f2nicament a aquells col\u00b7lectius considerats m\u00e9s vulnerables davant les onades de calor intenses. \u201c<em>Es tracta de fer una campanya d&#8217;informaci\u00f3 i sensibilitzaci\u00f3 per a donar consells i recomanacions a persones vulnerables sobre com fer front als episodis d&#8217;onada de calor<\/em>.\u201d, explica Patrici Hern\u00e1ndez, coordinador del servei.<\/p>\n\n<p class=\"is-style-plain\">El m\u00e9s innovador \u00e9s que permet a les persones que formen part del servei d&#8217;ocupaci\u00f3 accedir a un contracte de treball i, al mateix temps, tenir una incid\u00e8ncia social i poder oferir un acompanyament telef\u00f2nic. \u201c<em>Les persones que formen part del programa d&#8217;amunt! reben una formaci\u00f3 espec\u00edfica que, d&#8217;una banda, els \u00e9s \u00fatil a t\u00edtol personal i, de l&#8217;altra, els permet ajudar a altres persones<\/em>\u201d, puntualitza Hern\u00e1ndez.<\/p>\n\n<div style=\"height:30px\" aria-hidden=\"true\" class=\"wp-block-spacer\"><\/div>\n\n<h3 class=\"wp-block-heading\">Testimonis de la campanya<\/h3>\n\n<div style=\"height:20px\" aria-hidden=\"true\" class=\"wp-block-spacer\"><\/div>\n\n<p>Les 1.400 persones que han rebut les trucades amb la informaci\u00f3 sobre cultura energ\u00e8tica i de calor s\u00f3n usuaris i usu\u00e0ries dels Punts d&#8217;Assessorament Energ\u00e8tic que, durant tot l&#8217;any, reben assist\u00e8ncia per a reduir factures energ\u00e8tiques i millorar tant la seva cultura energ\u00e8tica com el confort en la llar. Segons les necessitats de les usu\u00e0ries, la informaci\u00f3 transmesa ha estat diferent.<\/p>\n\n<p>El que m\u00e9s ha sorpr\u00e8s de les respostes recollides ha estat l&#8217;inter\u00e8s que desperten els refugis clim\u00e0tics: \u201c<em>La gent els desconeix, els agrada la idea i pregunten quins tenen en el seu barri i com poden fer \u00fas<\/em>\u201d, explica Marta Sabater, integrant del programa pilot amunt!, qui afegeix que la gent sol estar molt receptiva als consells contra la calor que es donen.<\/p>\n\n<p>Les encarregades del servei tenen clar que per a aconseguir captar l&#8217;atenci\u00f3 de les persones contactades fa falta molta empatia i escolta activa. En aquest sentit, lamenten la gran solitud que moltes vegades acompanya aquestes persones: \u201c<em>Truques per un minut i la gent explica moltes coses, notes que estan molt soles<\/em>\u201d, detalla Marta Merelo, integrant tamb\u00e9 del pla d&#8217;ocupaci\u00f3.<\/p>\n\n<p>Malgrat que el servei acaba a principis de juliol, el projecte Cooltorise ha activat un sistema d&#8217;alertes via correu electr\u00f2nic per a poder avisar a persones usu\u00e0ries dels PAE de Barcelona de l&#8217;arribada d&#8217;onades de calor, aix\u00ed com dels dies i nits t\u00f2rrides. Aquest sistema inclou informaci\u00f3 rellevant sobre els serveis que ofereix la ciutat per a fer front a la calor, aix\u00ed com consells i bons h\u00e0bits del dia a dia que es poden aplicar a tant a nivell personal com en la llar.<\/p>\n\n<figure class=\"wp-block-gallery has-nested-images columns-default is-cropped wp-block-gallery-2 is-layout-flex wp-block-gallery-is-layout-flex\">\n<figure class=\"wp-block-image size-large\"><img fetchpriority=\"high\" decoding=\"async\" width=\"1024\" height=\"576\" data-id=\"153487\" src=\"https:\/\/abd.ong\/wp-content\/uploads\/2023\/07\/Campanya-Garcilaso-5-1024x576.jpeg\" alt=\"\" class=\"wp-image-153487\" srcset=\"https:\/\/abd.ong\/wp-content\/uploads\/2023\/07\/Campanya-Garcilaso-5-1024x576.jpeg 1024w, https:\/\/abd.ong\/wp-content\/uploads\/2023\/07\/Campanya-Garcilaso-5-300x169.jpeg 300w, https:\/\/abd.ong\/wp-content\/uploads\/2023\/07\/Campanya-Garcilaso-5-768x432.jpeg 768w, https:\/\/abd.ong\/wp-content\/uploads\/2023\/07\/Campanya-Garcilaso-5-1536x864.jpeg 1536w, https:\/\/abd.ong\/wp-content\/uploads\/2023\/07\/Campanya-Garcilaso-5.jpeg 2048w\" sizes=\"(max-width: 1024px) 100vw, 1024px\" \/><\/figure>\n\n\n\n<figure class=\"wp-block-image size-large\"><img decoding=\"async\" width=\"1024\" height=\"576\" data-id=\"153484\" src=\"https:\/\/abd.ong\/wp-content\/uploads\/2023\/07\/Campanya-Garcilaso-4-1024x576.jpeg\" alt=\"\" class=\"wp-image-153484\" srcset=\"https:\/\/abd.ong\/wp-content\/uploads\/2023\/07\/Campanya-Garcilaso-4-1024x576.jpeg 1024w, https:\/\/abd.ong\/wp-content\/uploads\/2023\/07\/Campanya-Garcilaso-4-300x169.jpeg 300w, https:\/\/abd.ong\/wp-content\/uploads\/2023\/07\/Campanya-Garcilaso-4-768x432.jpeg 768w, https:\/\/abd.ong\/wp-content\/uploads\/2023\/07\/Campanya-Garcilaso-4-1536x864.jpeg 1536w, https:\/\/abd.ong\/wp-content\/uploads\/2023\/07\/Campanya-Garcilaso-4.jpeg 2048w\" sizes=\"(max-width: 1024px) 100vw, 1024px\" \/><\/figure>\n\n\n\n<figure class=\"wp-block-image size-large\"><img decoding=\"async\" width=\"1024\" height=\"576\" data-id=\"153491\" src=\"https:\/\/abd.ong\/wp-content\/uploads\/2023\/07\/Campanya-Garcilaso-2-1024x576.jpeg\" alt=\"\" class=\"wp-image-153491\" srcset=\"https:\/\/abd.ong\/wp-content\/uploads\/2023\/07\/Campanya-Garcilaso-2-1024x576.jpeg 1024w, https:\/\/abd.ong\/wp-content\/uploads\/2023\/07\/Campanya-Garcilaso-2-300x169.jpeg 300w, https:\/\/abd.ong\/wp-content\/uploads\/2023\/07\/Campanya-Garcilaso-2-768x432.jpeg 768w, https:\/\/abd.ong\/wp-content\/uploads\/2023\/07\/Campanya-Garcilaso-2-1536x864.jpeg 1536w, https:\/\/abd.ong\/wp-content\/uploads\/2023\/07\/Campanya-Garcilaso-2.jpeg 2048w\" sizes=\"(max-width: 1024px) 100vw, 1024px\" \/><\/figure>\n<\/figure>\n\n<p>Les activitats es van realitzar en el Centre de Serveis Socials Garcilaso<\/p>\n\n<div style=\"height:30px\" aria-hidden=\"true\" class=\"wp-block-spacer\"><\/div>\n\n<h3 class=\"wp-block-heading\">Sobre Cooltorise<\/h3>\n\n<div style=\"height:20px\" aria-hidden=\"true\" class=\"wp-block-spacer\"><\/div>\n\n<p>COOLTORISE \u00e9s un projecte coordinat per la <a href=\"https:\/\/www.upm.es\/\" target=\"_blank\" rel=\"noreferrer noopener\">Universidad Polit\u00e9cnica de Madrid<\/a> i implementat a Barcelona per l<a href=\"https:\/\/abd.ong\/ca\/\" target=\"_blank\" rel=\"noreferrer noopener\">&#8216;Associaci\u00f3 Benestar i Desenvolupament ABD<\/a> i l<a href=\"https:\/\/www.ecoserveis.net\/es\/\" target=\"_blank\" rel=\"noreferrer noopener\">&#8216;Associaci\u00f3 ECOSERVEIS<\/a>. Compta amb les entitats s\u00f2cies en l&#8217;\u00e0mbit europeu <a href=\"https:\/\/www.aisfor.it\/\" target=\"_blank\" rel=\"noreferrer noopener\">AISFOR<\/a>,\u00a0<a href=\"https:\/\/www.comune.parma.it\/homepage.aspx\" target=\"_blank\" rel=\"noreferrer noopener\">Comune di Parma<\/a>,\u00a0<a href=\"https:\/\/cseg.eu\/\" target=\"_blank\" rel=\"noreferrer noopener\">Sdruzenie Tzentar za Ustoychivost likonomichesko Razvitie \u2013 MOP<\/a>,\u00a0<a href=\"https:\/\/www.peshtera.bg\/\" target=\"_blank\" rel=\"noreferrer noopener\">Obshtina Peshtera<\/a> i\u00a0<a href=\"https:\/\/vilabs.eu\/\" target=\"_blank\" rel=\"noreferrer noopener\">Vilabs OE<\/a> i est\u00e0 finan\u00e7at pel Programa Horizon 2020.<\/p>\n","protected":false},"excerpt":{"rendered":"<p>Activen un servei d&#8217;alertes de calor per a avisar als col\u00b7lectius que poden veure&#8217;s m\u00e9s afectats per les altes temperatures Des de fa uns anys les onades de calor s\u00f3n&hellip;<\/p>\n","protected":false},"author":9,"featured_media":153481,"comment_status":"closed","ping_status":"closed","sticky":false,"template":"","format":"standard","meta":{"_acf_changed":false,"footnotes":""},"categories":[1299,3195,2296],"tags":[],"class_list":["post-153500","post","type-post","status-publish","format-standard","has-post-thumbnail","hentry","category-desigualtat","category-inclusio-i-pobresa","category-internacional-ca"],"acf":[],"yoast_head":"<!-- This site is optimized with the Yoast SEO plugin v27.4 - https:\/\/yoast.com\/product\/yoast-seo-wordpress\/ -->\n<title>Els projectes Cooltorise i amun! uneixen forces per a lluitar contra la pobresa energ\u00e8tica d&#039;estiu - ABD<\/title>\n<meta name=\"description\" content=\"Activen un servei d&#039;alertes de calor per a avisar als col\u00b7lectius que poden veure&#039;s m\u00e9s afectats per les altes temperatures Des de fa uns anys les onades\" \/>\n<meta name=\"robots\" content=\"index, follow, max-snippet:-1, max-image-preview:large, max-video-preview:-1\" \/>\n<link rel=\"canonical\" href=\"https:\/\/abd.ong\/ca\/inclusio-i-pobresa\/els-projectes-cooltorise-i-amunt-uneixen-forces-per-a-lluitar-contra-la-pobresa-energetica-destiu\/\" \/>\n<meta property=\"og:locale\" content=\"ca_ES\" \/>\n<meta property=\"og:type\" content=\"article\" \/>\n<meta property=\"og:title\" content=\"Els projectes Cooltorise i amun! uneixen forces per a lluitar contra la pobresa energ\u00e8tica d&#039;estiu - ABD\" \/>\n<meta property=\"og:description\" content=\"Activen un servei d&#039;alertes de calor per a avisar als col\u00b7lectius que poden veure&#039;s m\u00e9s afectats per les altes temperatures Des de fa uns anys les onades\" \/>\n<meta property=\"og:url\" content=\"https:\/\/abd.ong\/ca\/inclusio-i-pobresa\/els-projectes-cooltorise-i-amunt-uneixen-forces-per-a-lluitar-contra-la-pobresa-energetica-destiu\/\" \/>\n<meta property=\"og:site_name\" content=\"ABD\" \/>\n<meta property=\"article:publisher\" content=\"https:\/\/www.facebook.com\/abd.ong\" \/>\n<meta property=\"article:published_time\" content=\"2023-07-26T12:15:37+00:00\" \/>\n<meta property=\"article:modified_time\" content=\"2023-07-31T11:12:56+00:00\" \/>\n<meta property=\"og:image\" content=\"https:\/\/abd.ong\/wp-content\/uploads\/2023\/07\/calor-abanico.jpg\" \/>\n\t<meta property=\"og:image:width\" content=\"1920\" \/>\n\t<meta property=\"og:image:height\" content=\"1080\" \/>\n\t<meta property=\"og:image:type\" content=\"image\/jpeg\" \/>\n<meta name=\"author\" content=\"Maria Creixell\" \/>\n<meta name=\"twitter:card\" content=\"summary_large_image\" \/>\n<meta name=\"twitter:creator\" content=\"@abd_ong\" \/>\n<meta name=\"twitter:site\" content=\"@abd_ong\" \/>\n<meta name=\"twitter:label1\" content=\"Escrit per\" \/>\n\t<meta name=\"twitter:data1\" content=\"Maria Creixell\" \/>\n\t<meta name=\"twitter:label2\" content=\"Temps estimat de lectura\" \/>\n\t<meta name=\"twitter:data2\" content=\"3 minuts\" \/>\n<script type=\"application\/ld+json\" class=\"yoast-schema-graph\">{\"@context\":\"https:\\\/\\\/schema.org\",\"@graph\":[{\"@type\":\"Article\",\"@id\":\"https:\\\/\\\/abd.ong\\\/ca\\\/inclusio-i-pobresa\\\/els-projectes-cooltorise-i-amunt-uneixen-forces-per-a-lluitar-contra-la-pobresa-energetica-destiu\\\/#article\",\"isPartOf\":{\"@id\":\"https:\\\/\\\/abd.ong\\\/ca\\\/inclusio-i-pobresa\\\/els-projectes-cooltorise-i-amunt-uneixen-forces-per-a-lluitar-contra-la-pobresa-energetica-destiu\\\/\"},\"author\":{\"name\":\"Maria Creixell\",\"@id\":\"https:\\\/\\\/abd.ong\\\/ca\\\/#\\\/schema\\\/person\\\/d2e158b4173f683b3898e286f5b35a10\"},\"headline\":\"Els projectes Cooltorise i amun! uneixen forces per a lluitar contra la pobresa energ\u00e8tica d&#8217;estiu\",\"datePublished\":\"2023-07-26T12:15:37+00:00\",\"dateModified\":\"2023-07-31T11:12:56+00:00\",\"mainEntityOfPage\":{\"@id\":\"https:\\\/\\\/abd.ong\\\/ca\\\/inclusio-i-pobresa\\\/els-projectes-cooltorise-i-amunt-uneixen-forces-per-a-lluitar-contra-la-pobresa-energetica-destiu\\\/\"},\"wordCount\":714,\"publisher\":{\"@id\":\"https:\\\/\\\/abd.ong\\\/ca\\\/#organization\"},\"image\":{\"@id\":\"https:\\\/\\\/abd.ong\\\/ca\\\/inclusio-i-pobresa\\\/els-projectes-cooltorise-i-amunt-uneixen-forces-per-a-lluitar-contra-la-pobresa-energetica-destiu\\\/#primaryimage\"},\"thumbnailUrl\":\"https:\\\/\\\/abd.ong\\\/wp-content\\\/uploads\\\/2023\\\/07\\\/calor-abanico.jpg\",\"articleSection\":[\"Desigualtat\",\"Inclusi\u00f3 i pobresa\",\"Internacional\"],\"inLanguage\":\"ca\"},{\"@type\":\"WebPage\",\"@id\":\"https:\\\/\\\/abd.ong\\\/ca\\\/inclusio-i-pobresa\\\/els-projectes-cooltorise-i-amunt-uneixen-forces-per-a-lluitar-contra-la-pobresa-energetica-destiu\\\/\",\"url\":\"https:\\\/\\\/abd.ong\\\/ca\\\/inclusio-i-pobresa\\\/els-projectes-cooltorise-i-amunt-uneixen-forces-per-a-lluitar-contra-la-pobresa-energetica-destiu\\\/\",\"name\":\"Els projectes Cooltorise i amun! uneixen forces per a lluitar contra la pobresa energ\u00e8tica d'estiu - ABD\",\"isPartOf\":{\"@id\":\"https:\\\/\\\/abd.ong\\\/ca\\\/#website\"},\"primaryImageOfPage\":{\"@id\":\"https:\\\/\\\/abd.ong\\\/ca\\\/inclusio-i-pobresa\\\/els-projectes-cooltorise-i-amunt-uneixen-forces-per-a-lluitar-contra-la-pobresa-energetica-destiu\\\/#primaryimage\"},\"image\":{\"@id\":\"https:\\\/\\\/abd.ong\\\/ca\\\/inclusio-i-pobresa\\\/els-projectes-cooltorise-i-amunt-uneixen-forces-per-a-lluitar-contra-la-pobresa-energetica-destiu\\\/#primaryimage\"},\"thumbnailUrl\":\"https:\\\/\\\/abd.ong\\\/wp-content\\\/uploads\\\/2023\\\/07\\\/calor-abanico.jpg\",\"datePublished\":\"2023-07-26T12:15:37+00:00\",\"dateModified\":\"2023-07-31T11:12:56+00:00\",\"description\":\"Activen un servei d'alertes de calor per a avisar als col\u00b7lectius que poden veure's m\u00e9s afectats per les altes temperatures Des de fa uns anys les onades\",\"breadcrumb\":{\"@id\":\"https:\\\/\\\/abd.ong\\\/ca\\\/inclusio-i-pobresa\\\/els-projectes-cooltorise-i-amunt-uneixen-forces-per-a-lluitar-contra-la-pobresa-energetica-destiu\\\/#breadcrumb\"},\"inLanguage\":\"ca\",\"potentialAction\":[{\"@type\":\"ReadAction\",\"target\":[\"https:\\\/\\\/abd.ong\\\/ca\\\/inclusio-i-pobresa\\\/els-projectes-cooltorise-i-amunt-uneixen-forces-per-a-lluitar-contra-la-pobresa-energetica-destiu\\\/\"]}]},{\"@type\":\"ImageObject\",\"inLanguage\":\"ca\",\"@id\":\"https:\\\/\\\/abd.ong\\\/ca\\\/inclusio-i-pobresa\\\/els-projectes-cooltorise-i-amunt-uneixen-forces-per-a-lluitar-contra-la-pobresa-energetica-destiu\\\/#primaryimage\",\"url\":\"https:\\\/\\\/abd.ong\\\/wp-content\\\/uploads\\\/2023\\\/07\\\/calor-abanico.jpg\",\"contentUrl\":\"https:\\\/\\\/abd.ong\\\/wp-content\\\/uploads\\\/2023\\\/07\\\/calor-abanico.jpg\",\"width\":1920,\"height\":1080},{\"@type\":\"BreadcrumbList\",\"@id\":\"https:\\\/\\\/abd.ong\\\/ca\\\/inclusio-i-pobresa\\\/els-projectes-cooltorise-i-amunt-uneixen-forces-per-a-lluitar-contra-la-pobresa-energetica-destiu\\\/#breadcrumb\",\"itemListElement\":[{\"@type\":\"ListItem\",\"position\":1,\"name\":\"Inici\",\"item\":\"https:\\\/\\\/abd.ong\\\/ca\\\/\"},{\"@type\":\"ListItem\",\"position\":2,\"name\":\"Els projectes Cooltorise i amun! uneixen forces per a lluitar contra la pobresa energ\u00e8tica d&#8217;estiu\"}]},{\"@type\":\"WebSite\",\"@id\":\"https:\\\/\\\/abd.ong\\\/ca\\\/#website\",\"url\":\"https:\\\/\\\/abd.ong\\\/ca\\\/\",\"name\":\"ABD\",\"description\":\"Asociaci\u00f3n Bienestar y Desarrollo\",\"publisher\":{\"@id\":\"https:\\\/\\\/abd.ong\\\/ca\\\/#organization\"},\"potentialAction\":[{\"@type\":\"SearchAction\",\"target\":{\"@type\":\"EntryPoint\",\"urlTemplate\":\"https:\\\/\\\/abd.ong\\\/ca\\\/?s={search_term_string}\"},\"query-input\":{\"@type\":\"PropertyValueSpecification\",\"valueRequired\":true,\"valueName\":\"search_term_string\"}}],\"inLanguage\":\"ca\"},{\"@type\":\"Organization\",\"@id\":\"https:\\\/\\\/abd.ong\\\/ca\\\/#organization\",\"name\":\"Associaci\u00f3 Benestar i Desenvolupament\",\"alternateName\":\"ABD\",\"url\":\"https:\\\/\\\/abd.ong\\\/ca\\\/\",\"logo\":{\"@type\":\"ImageObject\",\"inLanguage\":\"ca\",\"@id\":\"https:\\\/\\\/abd.ong\\\/ca\\\/#\\\/schema\\\/logo\\\/image\\\/\",\"url\":\"https:\\\/\\\/abd.ong\\\/wp-content\\\/uploads\\\/2023\\\/01\\\/Icona.png\",\"contentUrl\":\"https:\\\/\\\/abd.ong\\\/wp-content\\\/uploads\\\/2023\\\/01\\\/Icona.png\",\"width\":190,\"height\":187,\"caption\":\"Associaci\u00f3 Benestar i Desenvolupament\"},\"image\":{\"@id\":\"https:\\\/\\\/abd.ong\\\/ca\\\/#\\\/schema\\\/logo\\\/image\\\/\"},\"sameAs\":[\"https:\\\/\\\/www.facebook.com\\\/abd.ong\",\"https:\\\/\\\/x.com\\\/abd_ong\",\"https:\\\/\\\/www.instagram.com\\\/abd_ong\\\/\",\"https:\\\/\\\/www.linkedin.com\\\/company\\\/abdong\",\"https:\\\/\\\/www.youtube.com\\\/user\\\/CANALABD\"]},{\"@type\":\"Person\",\"@id\":\"https:\\\/\\\/abd.ong\\\/ca\\\/#\\\/schema\\\/person\\\/d2e158b4173f683b3898e286f5b35a10\",\"name\":\"Maria Creixell\"}]}<\/script>\n<!-- \/ Yoast SEO plugin. -->","yoast_head_json":{"title":"Els projectes Cooltorise i amun! uneixen forces per a lluitar contra la pobresa energ\u00e8tica d'estiu - ABD","description":"Activen un servei d'alertes de calor per a avisar als col\u00b7lectius que poden veure's m\u00e9s afectats per les altes temperatures Des de fa uns anys les onades","robots":{"index":"index","follow":"follow","max-snippet":"max-snippet:-1","max-image-preview":"max-image-preview:large","max-video-preview":"max-video-preview:-1"},"canonical":"https:\/\/abd.ong\/ca\/inclusio-i-pobresa\/els-projectes-cooltorise-i-amunt-uneixen-forces-per-a-lluitar-contra-la-pobresa-energetica-destiu\/","og_locale":"ca_ES","og_type":"article","og_title":"Els projectes Cooltorise i amun! uneixen forces per a lluitar contra la pobresa energ\u00e8tica d'estiu - ABD","og_description":"Activen un servei d'alertes de calor per a avisar als col\u00b7lectius que poden veure's m\u00e9s afectats per les altes temperatures Des de fa uns anys les onades","og_url":"https:\/\/abd.ong\/ca\/inclusio-i-pobresa\/els-projectes-cooltorise-i-amunt-uneixen-forces-per-a-lluitar-contra-la-pobresa-energetica-destiu\/","og_site_name":"ABD","article_publisher":"https:\/\/www.facebook.com\/abd.ong","article_published_time":"2023-07-26T12:15:37+00:00","article_modified_time":"2023-07-31T11:12:56+00:00","og_image":[{"width":1920,"height":1080,"url":"https:\/\/abd.ong\/wp-content\/uploads\/2023\/07\/calor-abanico.jpg","type":"image\/jpeg"}],"author":"Maria Creixell","twitter_card":"summary_large_image","twitter_creator":"@abd_ong","twitter_site":"@abd_ong","twitter_misc":{"Escrit per":"Maria Creixell","Temps estimat de lectura":"3 minuts"},"schema":{"@context":"https:\/\/schema.org","@graph":[{"@type":"Article","@id":"https:\/\/abd.ong\/ca\/inclusio-i-pobresa\/els-projectes-cooltorise-i-amunt-uneixen-forces-per-a-lluitar-contra-la-pobresa-energetica-destiu\/#article","isPartOf":{"@id":"https:\/\/abd.ong\/ca\/inclusio-i-pobresa\/els-projectes-cooltorise-i-amunt-uneixen-forces-per-a-lluitar-contra-la-pobresa-energetica-destiu\/"},"author":{"name":"Maria Creixell","@id":"https:\/\/abd.ong\/ca\/#\/schema\/person\/d2e158b4173f683b3898e286f5b35a10"},"headline":"Els projectes Cooltorise i amun! uneixen forces per a lluitar contra la pobresa energ\u00e8tica d&#8217;estiu","datePublished":"2023-07-26T12:15:37+00:00","dateModified":"2023-07-31T11:12:56+00:00","mainEntityOfPage":{"@id":"https:\/\/abd.ong\/ca\/inclusio-i-pobresa\/els-projectes-cooltorise-i-amunt-uneixen-forces-per-a-lluitar-contra-la-pobresa-energetica-destiu\/"},"wordCount":714,"publisher":{"@id":"https:\/\/abd.ong\/ca\/#organization"},"image":{"@id":"https:\/\/abd.ong\/ca\/inclusio-i-pobresa\/els-projectes-cooltorise-i-amunt-uneixen-forces-per-a-lluitar-contra-la-pobresa-energetica-destiu\/#primaryimage"},"thumbnailUrl":"https:\/\/abd.ong\/wp-content\/uploads\/2023\/07\/calor-abanico.jpg","articleSection":["Desigualtat","Inclusi\u00f3 i pobresa","Internacional"],"inLanguage":"ca"},{"@type":"WebPage","@id":"https:\/\/abd.ong\/ca\/inclusio-i-pobresa\/els-projectes-cooltorise-i-amunt-uneixen-forces-per-a-lluitar-contra-la-pobresa-energetica-destiu\/","url":"https:\/\/abd.ong\/ca\/inclusio-i-pobresa\/els-projectes-cooltorise-i-amunt-uneixen-forces-per-a-lluitar-contra-la-pobresa-energetica-destiu\/","name":"Els projectes Cooltorise i amun! uneixen forces per a lluitar contra la pobresa energ\u00e8tica d'estiu - ABD","isPartOf":{"@id":"https:\/\/abd.ong\/ca\/#website"},"primaryImageOfPage":{"@id":"https:\/\/abd.ong\/ca\/inclusio-i-pobresa\/els-projectes-cooltorise-i-amunt-uneixen-forces-per-a-lluitar-contra-la-pobresa-energetica-destiu\/#primaryimage"},"image":{"@id":"https:\/\/abd.ong\/ca\/inclusio-i-pobresa\/els-projectes-cooltorise-i-amunt-uneixen-forces-per-a-lluitar-contra-la-pobresa-energetica-destiu\/#primaryimage"},"thumbnailUrl":"https:\/\/abd.ong\/wp-content\/uploads\/2023\/07\/calor-abanico.jpg","datePublished":"2023-07-26T12:15:37+00:00","dateModified":"2023-07-31T11:12:56+00:00","description":"Activen un servei d'alertes de calor per a avisar als col\u00b7lectius que poden veure's m\u00e9s afectats per les altes temperatures Des de fa uns anys les onades","breadcrumb":{"@id":"https:\/\/abd.ong\/ca\/inclusio-i-pobresa\/els-projectes-cooltorise-i-amunt-uneixen-forces-per-a-lluitar-contra-la-pobresa-energetica-destiu\/#breadcrumb"},"inLanguage":"ca","potentialAction":[{"@type":"ReadAction","target":["https:\/\/abd.ong\/ca\/inclusio-i-pobresa\/els-projectes-cooltorise-i-amunt-uneixen-forces-per-a-lluitar-contra-la-pobresa-energetica-destiu\/"]}]},{"@type":"ImageObject","inLanguage":"ca","@id":"https:\/\/abd.ong\/ca\/inclusio-i-pobresa\/els-projectes-cooltorise-i-amunt-uneixen-forces-per-a-lluitar-contra-la-pobresa-energetica-destiu\/#primaryimage","url":"https:\/\/abd.ong\/wp-content\/uploads\/2023\/07\/calor-abanico.jpg","contentUrl":"https:\/\/abd.ong\/wp-content\/uploads\/2023\/07\/calor-abanico.jpg","width":1920,"height":1080},{"@type":"BreadcrumbList","@id":"https:\/\/abd.ong\/ca\/inclusio-i-pobresa\/els-projectes-cooltorise-i-amunt-uneixen-forces-per-a-lluitar-contra-la-pobresa-energetica-destiu\/#breadcrumb","itemListElement":[{"@type":"ListItem","position":1,"name":"Inici","item":"https:\/\/abd.ong\/ca\/"},{"@type":"ListItem","position":2,"name":"Els projectes Cooltorise i amun! uneixen forces per a lluitar contra la pobresa energ\u00e8tica d&#8217;estiu"}]},{"@type":"WebSite","@id":"https:\/\/abd.ong\/ca\/#website","url":"https:\/\/abd.ong\/ca\/","name":"ABD","description":"Asociaci\u00f3n Bienestar y Desarrollo","publisher":{"@id":"https:\/\/abd.ong\/ca\/#organization"},"potentialAction":[{"@type":"SearchAction","target":{"@type":"EntryPoint","urlTemplate":"https:\/\/abd.ong\/ca\/?s={search_term_string}"},"query-input":{"@type":"PropertyValueSpecification","valueRequired":true,"valueName":"search_term_string"}}],"inLanguage":"ca"},{"@type":"Organization","@id":"https:\/\/abd.ong\/ca\/#organization","name":"Associaci\u00f3 Benestar i Desenvolupament","alternateName":"ABD","url":"https:\/\/abd.ong\/ca\/","logo":{"@type":"ImageObject","inLanguage":"ca","@id":"https:\/\/abd.ong\/ca\/#\/schema\/logo\/image\/","url":"https:\/\/abd.ong\/wp-content\/uploads\/2023\/01\/Icona.png","contentUrl":"https:\/\/abd.ong\/wp-content\/uploads\/2023\/01\/Icona.png","width":190,"height":187,"caption":"Associaci\u00f3 Benestar i Desenvolupament"},"image":{"@id":"https:\/\/abd.ong\/ca\/#\/schema\/logo\/image\/"},"sameAs":["https:\/\/www.facebook.com\/abd.ong","https:\/\/x.com\/abd_ong","https:\/\/www.instagram.com\/abd_ong\/","https:\/\/www.linkedin.com\/company\/abdong","https:\/\/www.youtube.com\/user\/CANALABD"]},{"@type":"Person","@id":"https:\/\/abd.ong\/ca\/#\/schema\/person\/d2e158b4173f683b3898e286f5b35a10","name":"Maria Creixell"}]}},"_links":{"self":[{"href":"https:\/\/abd.ong\/ca\/wp-json\/wp\/v2\/posts\/153500","targetHints":{"allow":["GET"]}}],"collection":[{"href":"https:\/\/abd.ong\/ca\/wp-json\/wp\/v2\/posts"}],"about":[{"href":"https:\/\/abd.ong\/ca\/wp-json\/wp\/v2\/types\/post"}],"author":[{"embeddable":true,"href":"https:\/\/abd.ong\/ca\/wp-json\/wp\/v2\/users\/9"}],"replies":[{"embeddable":true,"href":"https:\/\/abd.ong\/ca\/wp-json\/wp\/v2\/comments?post=153500"}],"version-history":[{"count":3,"href":"https:\/\/abd.ong\/ca\/wp-json\/wp\/v2\/posts\/153500\/revisions"}],"predecessor-version":[{"id":153516,"href":"https:\/\/abd.ong\/ca\/wp-json\/wp\/v2\/posts\/153500\/revisions\/153516"}],"wp:featuredmedia":[{"embeddable":true,"href":"https:\/\/abd.ong\/ca\/wp-json\/wp\/v2\/media\/153481"}],"wp:attachment":[{"href":"https:\/\/abd.ong\/ca\/wp-json\/wp\/v2\/media?parent=153500"}],"wp:term":[{"taxonomy":"category","embeddable":true,"href":"https:\/\/abd.ong\/ca\/wp-json\/wp\/v2\/categories?post=153500"},{"taxonomy":"post_tag","embeddable":true,"href":"https:\/\/abd.ong\/ca\/wp-json\/wp\/v2\/tags?post=153500"}],"curies":[{"name":"wp","href":"https:\/\/api.w.org\/{rel}","templated":true}]}}