{"id":153033,"date":"2023-07-17T09:35:23","date_gmt":"2023-07-17T07:35:23","guid":{"rendered":"https:\/\/abd.ong\/?p=153033"},"modified":"2023-09-21T09:35:14","modified_gmt":"2023-09-21T07:35:14","slug":"obren-les-inscripcions-per-a-la-desena-edicio-de-les-formacions-integradores-impulsades-per-abd","status":"publish","type":"post","link":"https:\/\/abd.ong\/ca\/infancia-i-familia\/obren-les-inscripcions-per-a-la-desena-edicio-de-les-formacions-integradores-impulsades-per-abd\/","title":{"rendered":"Obren les inscripcions per a la desena edici\u00f3 de les formacions sobre intervencions familiars"},"content":{"rendered":"\n<h4 class=\"wp-block-heading\"><h4 class=\"wp-block-heading\">Aquest any s\u2019impartir\u00e0 una sola formaci\u00f3, <em>\u201cExpert en Intervencions Familiars, Grupals i Multifamiliars en contextos socials, sanitaris i educatius\u201d<\/em><\/h4><\/h4>\n\n<div style=\"height:30px\" aria-hidden=\"true\" class=\"wp-block-spacer\"><\/div>\n\n<p>L&#8217;Associaci\u00f3 Benestar i Desenvolupament ABD juntament amb el CTI Centre de Ter\u00e0pia Interfamiliar i La Salle Centre Universitari impulsen per des\u00e8 any consecutiu formacions integradores basades en la perspectiva de la teoria de l&#8217;aferrament i el di\u00e0leg obert. Aquest any s&#8217;impartir\u00e0 una sola formaci\u00f3 d&#8217;<em>\u201cExpert en Intervencions Familiars, Grupals i Multifamiliars en contextos socials, sanitaris i educatius\u201d.<\/em><\/p>\n\n<p>La formaci\u00f3 va dirigida a\u00a0<strong>professionals titulats<\/strong>\u00a0que desitgen conduir espais terap\u00e8utics individuals, grupals i\u00a0multifamiliars\u00a0des d\u2019una visi\u00f3 m\u00e9s humana, inclusiva i social basada en la teoria de l\u2019aferrament i les bones pr\u00e0ctiques dial\u00f2giques. El curs s\u2019impartir\u00e0 en\u00a0<strong>modalitat presencial o en l\u00ednia<\/strong>, amb classes en directe i espais vivencials i estar\u00e0 disponible en format presencial<strong>\u00a0a Madrid, Barcelona i Val\u00e8ncia<\/strong>.<\/p>\n\n<p>El postgrau t\u00e9 un car\u00e0cter teoricopr\u00e0ctic amb classes en directe on s\u2019estimula la participaci\u00f3 activa dels alumnes en din\u00e0miques de grup, la supervisi\u00f3 grupal de material audiovisual i la inclusi\u00f3 en un espai vivencial. A aix\u00f2 s\u2019hi suma un treball personal de l\u2019alumnat de lectura i an\u00e0lisi de textos fonamentals a trav\u00e9s de f\u00f2rums i blocs inserits a la plataforma digital de suport a la doc\u00e8ncia.<\/p>\n\n<p>Coordinat pel director del\u00a0CTI\u00a0d\u2019Elx,\u00a0<strong>Javier\u00a0Sempere<\/strong>, i el coordinador del programa d\u2019adolescents de\u00a0CTI,\u00a0<strong>Claudio\u00a0Fuenzalida<\/strong>, l\u2019alumnat tamb\u00e9 comptar\u00e0 amb el coneixement i l\u2019experi\u00e8ncia del psic\u00f2leg cl\u00ednic\u00a0<strong>Jaakko\u00a0Seikkula<\/strong>, la psiquiatra i psicoanalista\u00a0<strong>Elsa\u00a0Wolberg<\/strong>\u00a0i el psiquiatre\u00a0<strong>Mario\u00a0Marrone<\/strong>, entre altres docents.<\/p>\n\n<div style=\"height:40px\" aria-hidden=\"true\" class=\"wp-block-spacer\"><\/div>\n\n<p style=\"font-size:27px\"><strong>Inscripcions i calendari a Madrid:<\/strong><\/p>\n\n<p>Els cursos comencen el\u00a0<strong>17 de novembre de 2023<\/strong>\u00a0i acaben el\u00a0<strong>22 de juny de 2024<\/strong>. Aqu\u00ed pots consultar els detalls de la formaci\u00f3:<\/p>\n\n<p><a href=\"https:\/\/abd.ong\/wp-content\/uploads\/2023\/07\/MADRID-curso-EXPERTO-EN-INTERVENCIONES-familiares-grupales-y-multiamiliares.pdf\" target=\"_blank\" rel=\"noreferrer noopener\">Expert en Intervencions Familiars, Grupals i\u00a0Multifamiliars\u00a0en contextos socials, sanitaris i educatius<\/a><\/p>\n\n<p>El curs presencial a Madrid s\u2019impartir\u00e0 a\u00a0<a href=\"https:\/\/goo.gl\/maps\/rZMd7ZjKcT3SerGM8\" target=\"_blank\" rel=\"noreferrer noopener\">La Asociaci\u00f3n Nuevo Futuro SIRIO. Proyecto SirioLAB. c\/Amparo Usera, 44 (al lado Metro Usera). Madrid<\/a><\/p>\n\n<p>Les places s\u00f3n limitades i les inscripcions es poden fer <a href=\"https:\/\/docs.google.com\/forms\/d\/e\/1FAIpQLScAPHCLwjmkHE8e7UXn53vSlCTd44xPtSnrxHBPfDU7zc7VIw\/viewform\"><strong>en aquest enlla\u00e7<\/strong><\/a>.<\/p>\n\n<div style=\"height:20px\" aria-hidden=\"true\" class=\"wp-block-spacer\"><\/div>\n\n<p style=\"font-size:27px\"><strong>Inscripcions i calendari a Barcelona:<\/strong><\/p>\n\n<p>Els cursos comencen el\u00a0<strong>10 de novembre de 2023<\/strong>\u00a0i acaben el\u00a0<strong>8 de juny de 2024<\/strong>. Aqu\u00ed pots consultar els detalls de la formaci\u00f3:<\/p>\n\n<p><a href=\"https:\/\/abd.ong\/wp-content\/uploads\/2023\/07\/BARCELONA-curs-EXPERT-EN-INTERVENCIONS-familiars-grupals-i-multiamiliars-1-1.pdf\" target=\"_blank\" rel=\"noreferrer noopener\">Expert en Intervencions Familiars, Grupals i Multifamiliars en contextos socials, sanitaris i educatius<\/a><\/p>\n\n<p>El curs presencial a Barcelona est\u00e0 pendent de confirmar.<\/p>\n\n<p>Les places s\u00f3n limitades i les inscripcions es poden fer <a href=\"https:\/\/docs.google.com\/forms\/d\/e\/1FAIpQLScAPHCLwjmkHE8e7UXn53vSlCTd44xPtSnrxHBPfDU7zc7VIw\/viewform\"><strong>en aquest enlla\u00e7<\/strong><\/a>.<\/p>\n\n<div style=\"height:20px\" aria-hidden=\"true\" class=\"wp-block-spacer\"><\/div>\n\n<p style=\"font-size:27px\"><strong>Inscripcions i calendari a Val\u00e8ncia:<\/strong><\/p>\n\n<p>Els cursos comencen el\u00a0<strong>3 de novembre de 2023<\/strong>\u00a0i acaben el\u00a0<strong>15 de juny de 2024<\/strong>. Aqu\u00ed pots consultar els detalls de la formaci\u00f3:<\/p>\n\n<p><a href=\"https:\/\/abd.ong\/wp-content\/uploads\/2023\/07\/VALENCIA-curso-EXPERTO-EN-INTERVENCIONES-SOCIOTERAPEUTICAS.pdf\" target=\"_blank\" rel=\"noreferrer noopener\">Expert en Intervencions Familiars, Grupals i Multifamiliars en contextos socials, sanitaris i educatius<\/a><\/p>\n\n<p>El curs presencial a Val\u00e8ncia s\u2019impartir\u00e0 a l&#8217;<a href=\"https:\/\/goo.gl\/maps\/Uz11KnLyohuhkj34A\" target=\"_blank\" rel=\"noreferrer noopener\">Espai SENNDA. c\/Gobernador Viejo, 26-1. 46003-Valencia<\/a><\/p>\n\n<p>Les places s\u00f3n limitades i les inscripcions es poden fer <a href=\"https:\/\/docs.google.com\/forms\/d\/e\/1FAIpQLScAPHCLwjmkHE8e7UXn53vSlCTd44xPtSnrxHBPfDU7zc7VIw\/viewform\"><strong>en aquest enlla\u00e7<\/strong><\/a>.<\/p>\n\n<div style=\"height:20px\" aria-hidden=\"true\" class=\"wp-block-spacer\"><\/div>\n","protected":false},"excerpt":{"rendered":"<p>Aquest any s\u2019impartir\u00e0 una sola formaci\u00f3, \u201cExpert en Intervencions Familiars, Grupals i Multifamiliars en contextos socials, sanitaris i educatius\u201d L&#8217;Associaci\u00f3 Benestar i Desenvolupament ABD juntament amb el CTI Centre de&hellip;<\/p>\n","protected":false},"author":12,"featured_media":153176,"comment_status":"closed","ping_status":"closed","sticky":false,"template":"","format":"standard","meta":{"_acf_changed":false,"footnotes":""},"categories":[1303],"tags":[1897,675,2928,2929,2449,2434,2433,2438,2300],"class_list":["post-153033","post","type-post","status-publish","format-standard","has-post-thumbnail","hentry","category-infancia-i-familia","tag-abd-2-ca","tag-asociacion-bienestar-y-desarrollo-ca","tag-associacio-benestar-i-desenvolupament-ca-2","tag-cti-ca","tag-formacio-ca","tag-intervencio-grupal-ca","tag-intervencions-multifamiliars","tag-multifamiliars","tag-noticies-ca"],"acf":[],"yoast_head":"<!-- This site is optimized with the Yoast SEO plugin v27.4 - https:\/\/yoast.com\/product\/yoast-seo-wordpress\/ -->\n<title>Obren les inscripcions per a la desena edici\u00f3 de les formacions sobre intervencions familiars - ABD<\/title>\n<meta name=\"description\" content=\"Aquest any s\u2019impartir\u00e0 una sola formaci\u00f3, \u201cExpert en Intervencions Familiars, Grupals i Multifamiliars en contextos socials, sanitaris i educatius\u201d\" \/>\n<meta name=\"robots\" content=\"index, follow, max-snippet:-1, max-image-preview:large, max-video-preview:-1\" \/>\n<link rel=\"canonical\" href=\"https:\/\/abd.ong\/ca\/infancia-i-familia\/obren-les-inscripcions-per-a-la-desena-edicio-de-les-formacions-integradores-impulsades-per-abd\/\" \/>\n<meta property=\"og:locale\" content=\"ca_ES\" \/>\n<meta property=\"og:type\" content=\"article\" \/>\n<meta property=\"og:title\" content=\"Obren les inscripcions per a la desena edici\u00f3 de les formacions sobre intervencions familiars - ABD\" \/>\n<meta property=\"og:description\" content=\"Aquest any s\u2019impartir\u00e0 una sola formaci\u00f3, \u201cExpert en Intervencions Familiars, Grupals i Multifamiliars en contextos socials, sanitaris i educatius\u201d\" \/>\n<meta property=\"og:url\" content=\"https:\/\/abd.ong\/ca\/infancia-i-familia\/obren-les-inscripcions-per-a-la-desena-edicio-de-les-formacions-integradores-impulsades-per-abd\/\" \/>\n<meta property=\"og:site_name\" content=\"ABD\" \/>\n<meta property=\"article:publisher\" content=\"https:\/\/www.facebook.com\/abd.ong\" \/>\n<meta property=\"article:published_time\" content=\"2023-07-17T07:35:23+00:00\" \/>\n<meta property=\"article:modified_time\" content=\"2023-09-21T07:35:14+00:00\" \/>\n<meta property=\"og:image\" content=\"https:\/\/abd.ong\/wp-content\/uploads\/2023\/07\/Beige-Photography-Business-Card-1.png\" \/>\n\t<meta property=\"og:image:width\" content=\"1004\" \/>\n\t<meta property=\"og:image:height\" content=\"591\" \/>\n\t<meta property=\"og:image:type\" content=\"image\/png\" \/>\n<meta name=\"author\" content=\"Francesc Balart\" \/>\n<meta name=\"twitter:card\" content=\"summary_large_image\" \/>\n<meta name=\"twitter:creator\" content=\"@abd_ong\" \/>\n<meta name=\"twitter:site\" content=\"@abd_ong\" \/>\n<meta name=\"twitter:label1\" content=\"Escrit per\" \/>\n\t<meta name=\"twitter:data1\" content=\"Francesc Balart\" \/>\n\t<meta name=\"twitter:label2\" content=\"Temps estimat de lectura\" \/>\n\t<meta name=\"twitter:data2\" content=\"3 minuts\" \/>\n<script type=\"application\/ld+json\" class=\"yoast-schema-graph\">{\"@context\":\"https:\\\/\\\/schema.org\",\"@graph\":[{\"@type\":\"Article\",\"@id\":\"https:\\\/\\\/abd.ong\\\/ca\\\/infancia-i-familia\\\/obren-les-inscripcions-per-a-la-desena-edicio-de-les-formacions-integradores-impulsades-per-abd\\\/#article\",\"isPartOf\":{\"@id\":\"https:\\\/\\\/abd.ong\\\/ca\\\/infancia-i-familia\\\/obren-les-inscripcions-per-a-la-desena-edicio-de-les-formacions-integradores-impulsades-per-abd\\\/\"},\"author\":{\"name\":\"Francesc Balart\",\"@id\":\"https:\\\/\\\/abd.ong\\\/ca\\\/#\\\/schema\\\/person\\\/6bb74ed13fc8bdf3a5382c66db14c9ee\"},\"headline\":\"Obren les inscripcions per a la desena edici\u00f3 de les formacions sobre intervencions familiars\",\"datePublished\":\"2023-07-17T07:35:23+00:00\",\"dateModified\":\"2023-09-21T07:35:14+00:00\",\"mainEntityOfPage\":{\"@id\":\"https:\\\/\\\/abd.ong\\\/ca\\\/infancia-i-familia\\\/obren-les-inscripcions-per-a-la-desena-edicio-de-les-formacions-integradores-impulsades-per-abd\\\/\"},\"wordCount\":506,\"publisher\":{\"@id\":\"https:\\\/\\\/abd.ong\\\/ca\\\/#organization\"},\"image\":{\"@id\":\"https:\\\/\\\/abd.ong\\\/ca\\\/infancia-i-familia\\\/obren-les-inscripcions-per-a-la-desena-edicio-de-les-formacions-integradores-impulsades-per-abd\\\/#primaryimage\"},\"thumbnailUrl\":\"https:\\\/\\\/abd.ong\\\/wp-content\\\/uploads\\\/2023\\\/07\\\/Beige-Photography-Business-Card-1.png\",\"keywords\":[\"ABD\",\"Asociaci\u00f3n Bienestar y Desarrollo\",\"Associaci\u00f3 Benestar i Desenvolupament\",\"CTI\",\"formaci\u00f3\",\"intervenci\u00f3 grupal\",\"intervencions multifamiliars\",\"multifamiliars\",\"not\u00edcies\"],\"articleSection\":[\"Inf\u00e0ncia i fam\u00edlia\"],\"inLanguage\":\"ca\"},{\"@type\":\"WebPage\",\"@id\":\"https:\\\/\\\/abd.ong\\\/ca\\\/infancia-i-familia\\\/obren-les-inscripcions-per-a-la-desena-edicio-de-les-formacions-integradores-impulsades-per-abd\\\/\",\"url\":\"https:\\\/\\\/abd.ong\\\/ca\\\/infancia-i-familia\\\/obren-les-inscripcions-per-a-la-desena-edicio-de-les-formacions-integradores-impulsades-per-abd\\\/\",\"name\":\"Obren les inscripcions per a la desena edici\u00f3 de les formacions sobre intervencions familiars - ABD\",\"isPartOf\":{\"@id\":\"https:\\\/\\\/abd.ong\\\/ca\\\/#website\"},\"primaryImageOfPage\":{\"@id\":\"https:\\\/\\\/abd.ong\\\/ca\\\/infancia-i-familia\\\/obren-les-inscripcions-per-a-la-desena-edicio-de-les-formacions-integradores-impulsades-per-abd\\\/#primaryimage\"},\"image\":{\"@id\":\"https:\\\/\\\/abd.ong\\\/ca\\\/infancia-i-familia\\\/obren-les-inscripcions-per-a-la-desena-edicio-de-les-formacions-integradores-impulsades-per-abd\\\/#primaryimage\"},\"thumbnailUrl\":\"https:\\\/\\\/abd.ong\\\/wp-content\\\/uploads\\\/2023\\\/07\\\/Beige-Photography-Business-Card-1.png\",\"datePublished\":\"2023-07-17T07:35:23+00:00\",\"dateModified\":\"2023-09-21T07:35:14+00:00\",\"description\":\"Aquest any s\u2019impartir\u00e0 una sola formaci\u00f3, \u201cExpert en Intervencions Familiars, Grupals i Multifamiliars en contextos socials, sanitaris i educatius\u201d\",\"breadcrumb\":{\"@id\":\"https:\\\/\\\/abd.ong\\\/ca\\\/infancia-i-familia\\\/obren-les-inscripcions-per-a-la-desena-edicio-de-les-formacions-integradores-impulsades-per-abd\\\/#breadcrumb\"},\"inLanguage\":\"ca\",\"potentialAction\":[{\"@type\":\"ReadAction\",\"target\":[\"https:\\\/\\\/abd.ong\\\/ca\\\/infancia-i-familia\\\/obren-les-inscripcions-per-a-la-desena-edicio-de-les-formacions-integradores-impulsades-per-abd\\\/\"]}]},{\"@type\":\"ImageObject\",\"inLanguage\":\"ca\",\"@id\":\"https:\\\/\\\/abd.ong\\\/ca\\\/infancia-i-familia\\\/obren-les-inscripcions-per-a-la-desena-edicio-de-les-formacions-integradores-impulsades-per-abd\\\/#primaryimage\",\"url\":\"https:\\\/\\\/abd.ong\\\/wp-content\\\/uploads\\\/2023\\\/07\\\/Beige-Photography-Business-Card-1.png\",\"contentUrl\":\"https:\\\/\\\/abd.ong\\\/wp-content\\\/uploads\\\/2023\\\/07\\\/Beige-Photography-Business-Card-1.png\",\"width\":1004,\"height\":591},{\"@type\":\"BreadcrumbList\",\"@id\":\"https:\\\/\\\/abd.ong\\\/ca\\\/infancia-i-familia\\\/obren-les-inscripcions-per-a-la-desena-edicio-de-les-formacions-integradores-impulsades-per-abd\\\/#breadcrumb\",\"itemListElement\":[{\"@type\":\"ListItem\",\"position\":1,\"name\":\"Inici\",\"item\":\"https:\\\/\\\/abd.ong\\\/ca\\\/\"},{\"@type\":\"ListItem\",\"position\":2,\"name\":\"Obren les inscripcions per a la desena edici\u00f3 de les formacions sobre intervencions familiars\"}]},{\"@type\":\"WebSite\",\"@id\":\"https:\\\/\\\/abd.ong\\\/ca\\\/#website\",\"url\":\"https:\\\/\\\/abd.ong\\\/ca\\\/\",\"name\":\"ABD\",\"description\":\"Asociaci\u00f3n Bienestar y Desarrollo\",\"publisher\":{\"@id\":\"https:\\\/\\\/abd.ong\\\/ca\\\/#organization\"},\"potentialAction\":[{\"@type\":\"SearchAction\",\"target\":{\"@type\":\"EntryPoint\",\"urlTemplate\":\"https:\\\/\\\/abd.ong\\\/ca\\\/?s={search_term_string}\"},\"query-input\":{\"@type\":\"PropertyValueSpecification\",\"valueRequired\":true,\"valueName\":\"search_term_string\"}}],\"inLanguage\":\"ca\"},{\"@type\":\"Organization\",\"@id\":\"https:\\\/\\\/abd.ong\\\/ca\\\/#organization\",\"name\":\"Associaci\u00f3 Benestar i Desenvolupament\",\"alternateName\":\"ABD\",\"url\":\"https:\\\/\\\/abd.ong\\\/ca\\\/\",\"logo\":{\"@type\":\"ImageObject\",\"inLanguage\":\"ca\",\"@id\":\"https:\\\/\\\/abd.ong\\\/ca\\\/#\\\/schema\\\/logo\\\/image\\\/\",\"url\":\"https:\\\/\\\/abd.ong\\\/wp-content\\\/uploads\\\/2023\\\/01\\\/Icona.png\",\"contentUrl\":\"https:\\\/\\\/abd.ong\\\/wp-content\\\/uploads\\\/2023\\\/01\\\/Icona.png\",\"width\":190,\"height\":187,\"caption\":\"Associaci\u00f3 Benestar i Desenvolupament\"},\"image\":{\"@id\":\"https:\\\/\\\/abd.ong\\\/ca\\\/#\\\/schema\\\/logo\\\/image\\\/\"},\"sameAs\":[\"https:\\\/\\\/www.facebook.com\\\/abd.ong\",\"https:\\\/\\\/x.com\\\/abd_ong\",\"https:\\\/\\\/www.instagram.com\\\/abd_ong\\\/\",\"https:\\\/\\\/www.linkedin.com\\\/company\\\/abdong\",\"https:\\\/\\\/www.youtube.com\\\/user\\\/CANALABD\"]},{\"@type\":\"Person\",\"@id\":\"https:\\\/\\\/abd.ong\\\/ca\\\/#\\\/schema\\\/person\\\/6bb74ed13fc8bdf3a5382c66db14c9ee\",\"name\":\"Francesc Balart\"}]}<\/script>\n<!-- \/ Yoast SEO plugin. -->","yoast_head_json":{"title":"Obren les inscripcions per a la desena edici\u00f3 de les formacions sobre intervencions familiars - ABD","description":"Aquest any s\u2019impartir\u00e0 una sola formaci\u00f3, \u201cExpert en Intervencions Familiars, Grupals i Multifamiliars en contextos socials, sanitaris i educatius\u201d","robots":{"index":"index","follow":"follow","max-snippet":"max-snippet:-1","max-image-preview":"max-image-preview:large","max-video-preview":"max-video-preview:-1"},"canonical":"https:\/\/abd.ong\/ca\/infancia-i-familia\/obren-les-inscripcions-per-a-la-desena-edicio-de-les-formacions-integradores-impulsades-per-abd\/","og_locale":"ca_ES","og_type":"article","og_title":"Obren les inscripcions per a la desena edici\u00f3 de les formacions sobre intervencions familiars - ABD","og_description":"Aquest any s\u2019impartir\u00e0 una sola formaci\u00f3, \u201cExpert en Intervencions Familiars, Grupals i Multifamiliars en contextos socials, sanitaris i educatius\u201d","og_url":"https:\/\/abd.ong\/ca\/infancia-i-familia\/obren-les-inscripcions-per-a-la-desena-edicio-de-les-formacions-integradores-impulsades-per-abd\/","og_site_name":"ABD","article_publisher":"https:\/\/www.facebook.com\/abd.ong","article_published_time":"2023-07-17T07:35:23+00:00","article_modified_time":"2023-09-21T07:35:14+00:00","og_image":[{"width":1004,"height":591,"url":"https:\/\/abd.ong\/wp-content\/uploads\/2023\/07\/Beige-Photography-Business-Card-1.png","type":"image\/png"}],"author":"Francesc Balart","twitter_card":"summary_large_image","twitter_creator":"@abd_ong","twitter_site":"@abd_ong","twitter_misc":{"Escrit per":"Francesc Balart","Temps estimat de lectura":"3 minuts"},"schema":{"@context":"https:\/\/schema.org","@graph":[{"@type":"Article","@id":"https:\/\/abd.ong\/ca\/infancia-i-familia\/obren-les-inscripcions-per-a-la-desena-edicio-de-les-formacions-integradores-impulsades-per-abd\/#article","isPartOf":{"@id":"https:\/\/abd.ong\/ca\/infancia-i-familia\/obren-les-inscripcions-per-a-la-desena-edicio-de-les-formacions-integradores-impulsades-per-abd\/"},"author":{"name":"Francesc Balart","@id":"https:\/\/abd.ong\/ca\/#\/schema\/person\/6bb74ed13fc8bdf3a5382c66db14c9ee"},"headline":"Obren les inscripcions per a la desena edici\u00f3 de les formacions sobre intervencions familiars","datePublished":"2023-07-17T07:35:23+00:00","dateModified":"2023-09-21T07:35:14+00:00","mainEntityOfPage":{"@id":"https:\/\/abd.ong\/ca\/infancia-i-familia\/obren-les-inscripcions-per-a-la-desena-edicio-de-les-formacions-integradores-impulsades-per-abd\/"},"wordCount":506,"publisher":{"@id":"https:\/\/abd.ong\/ca\/#organization"},"image":{"@id":"https:\/\/abd.ong\/ca\/infancia-i-familia\/obren-les-inscripcions-per-a-la-desena-edicio-de-les-formacions-integradores-impulsades-per-abd\/#primaryimage"},"thumbnailUrl":"https:\/\/abd.ong\/wp-content\/uploads\/2023\/07\/Beige-Photography-Business-Card-1.png","keywords":["ABD","Asociaci\u00f3n Bienestar y Desarrollo","Associaci\u00f3 Benestar i Desenvolupament","CTI","formaci\u00f3","intervenci\u00f3 grupal","intervencions multifamiliars","multifamiliars","not\u00edcies"],"articleSection":["Inf\u00e0ncia i fam\u00edlia"],"inLanguage":"ca"},{"@type":"WebPage","@id":"https:\/\/abd.ong\/ca\/infancia-i-familia\/obren-les-inscripcions-per-a-la-desena-edicio-de-les-formacions-integradores-impulsades-per-abd\/","url":"https:\/\/abd.ong\/ca\/infancia-i-familia\/obren-les-inscripcions-per-a-la-desena-edicio-de-les-formacions-integradores-impulsades-per-abd\/","name":"Obren les inscripcions per a la desena edici\u00f3 de les formacions sobre intervencions familiars - ABD","isPartOf":{"@id":"https:\/\/abd.ong\/ca\/#website"},"primaryImageOfPage":{"@id":"https:\/\/abd.ong\/ca\/infancia-i-familia\/obren-les-inscripcions-per-a-la-desena-edicio-de-les-formacions-integradores-impulsades-per-abd\/#primaryimage"},"image":{"@id":"https:\/\/abd.ong\/ca\/infancia-i-familia\/obren-les-inscripcions-per-a-la-desena-edicio-de-les-formacions-integradores-impulsades-per-abd\/#primaryimage"},"thumbnailUrl":"https:\/\/abd.ong\/wp-content\/uploads\/2023\/07\/Beige-Photography-Business-Card-1.png","datePublished":"2023-07-17T07:35:23+00:00","dateModified":"2023-09-21T07:35:14+00:00","description":"Aquest any s\u2019impartir\u00e0 una sola formaci\u00f3, \u201cExpert en Intervencions Familiars, Grupals i Multifamiliars en contextos socials, sanitaris i educatius\u201d","breadcrumb":{"@id":"https:\/\/abd.ong\/ca\/infancia-i-familia\/obren-les-inscripcions-per-a-la-desena-edicio-de-les-formacions-integradores-impulsades-per-abd\/#breadcrumb"},"inLanguage":"ca","potentialAction":[{"@type":"ReadAction","target":["https:\/\/abd.ong\/ca\/infancia-i-familia\/obren-les-inscripcions-per-a-la-desena-edicio-de-les-formacions-integradores-impulsades-per-abd\/"]}]},{"@type":"ImageObject","inLanguage":"ca","@id":"https:\/\/abd.ong\/ca\/infancia-i-familia\/obren-les-inscripcions-per-a-la-desena-edicio-de-les-formacions-integradores-impulsades-per-abd\/#primaryimage","url":"https:\/\/abd.ong\/wp-content\/uploads\/2023\/07\/Beige-Photography-Business-Card-1.png","contentUrl":"https:\/\/abd.ong\/wp-content\/uploads\/2023\/07\/Beige-Photography-Business-Card-1.png","width":1004,"height":591},{"@type":"BreadcrumbList","@id":"https:\/\/abd.ong\/ca\/infancia-i-familia\/obren-les-inscripcions-per-a-la-desena-edicio-de-les-formacions-integradores-impulsades-per-abd\/#breadcrumb","itemListElement":[{"@type":"ListItem","position":1,"name":"Inici","item":"https:\/\/abd.ong\/ca\/"},{"@type":"ListItem","position":2,"name":"Obren les inscripcions per a la desena edici\u00f3 de les formacions sobre intervencions familiars"}]},{"@type":"WebSite","@id":"https:\/\/abd.ong\/ca\/#website","url":"https:\/\/abd.ong\/ca\/","name":"ABD","description":"Asociaci\u00f3n Bienestar y Desarrollo","publisher":{"@id":"https:\/\/abd.ong\/ca\/#organization"},"potentialAction":[{"@type":"SearchAction","target":{"@type":"EntryPoint","urlTemplate":"https:\/\/abd.ong\/ca\/?s={search_term_string}"},"query-input":{"@type":"PropertyValueSpecification","valueRequired":true,"valueName":"search_term_string"}}],"inLanguage":"ca"},{"@type":"Organization","@id":"https:\/\/abd.ong\/ca\/#organization","name":"Associaci\u00f3 Benestar i Desenvolupament","alternateName":"ABD","url":"https:\/\/abd.ong\/ca\/","logo":{"@type":"ImageObject","inLanguage":"ca","@id":"https:\/\/abd.ong\/ca\/#\/schema\/logo\/image\/","url":"https:\/\/abd.ong\/wp-content\/uploads\/2023\/01\/Icona.png","contentUrl":"https:\/\/abd.ong\/wp-content\/uploads\/2023\/01\/Icona.png","width":190,"height":187,"caption":"Associaci\u00f3 Benestar i Desenvolupament"},"image":{"@id":"https:\/\/abd.ong\/ca\/#\/schema\/logo\/image\/"},"sameAs":["https:\/\/www.facebook.com\/abd.ong","https:\/\/x.com\/abd_ong","https:\/\/www.instagram.com\/abd_ong\/","https:\/\/www.linkedin.com\/company\/abdong","https:\/\/www.youtube.com\/user\/CANALABD"]},{"@type":"Person","@id":"https:\/\/abd.ong\/ca\/#\/schema\/person\/6bb74ed13fc8bdf3a5382c66db14c9ee","name":"Francesc Balart"}]}},"_links":{"self":[{"href":"https:\/\/abd.ong\/ca\/wp-json\/wp\/v2\/posts\/153033","targetHints":{"allow":["GET"]}}],"collection":[{"href":"https:\/\/abd.ong\/ca\/wp-json\/wp\/v2\/posts"}],"about":[{"href":"https:\/\/abd.ong\/ca\/wp-json\/wp\/v2\/types\/post"}],"author":[{"embeddable":true,"href":"https:\/\/abd.ong\/ca\/wp-json\/wp\/v2\/users\/12"}],"replies":[{"embeddable":true,"href":"https:\/\/abd.ong\/ca\/wp-json\/wp\/v2\/comments?post=153033"}],"version-history":[{"count":3,"href":"https:\/\/abd.ong\/ca\/wp-json\/wp\/v2\/posts\/153033\/revisions"}],"predecessor-version":[{"id":154471,"href":"https:\/\/abd.ong\/ca\/wp-json\/wp\/v2\/posts\/153033\/revisions\/154471"}],"wp:featuredmedia":[{"embeddable":true,"href":"https:\/\/abd.ong\/ca\/wp-json\/wp\/v2\/media\/153176"}],"wp:attachment":[{"href":"https:\/\/abd.ong\/ca\/wp-json\/wp\/v2\/media?parent=153033"}],"wp:term":[{"taxonomy":"category","embeddable":true,"href":"https:\/\/abd.ong\/ca\/wp-json\/wp\/v2\/categories?post=153033"},{"taxonomy":"post_tag","embeddable":true,"href":"https:\/\/abd.ong\/ca\/wp-json\/wp\/v2\/tags?post=153033"}],"curies":[{"name":"wp","href":"https:\/\/api.w.org\/{rel}","templated":true}]}}