{"id":15280,"date":"2019-11-04T10:27:30","date_gmt":"2019-11-04T09:27:30","guid":{"rendered":"https:\/\/abd.ong\/?p=15280"},"modified":"2020-05-15T10:27:47","modified_gmt":"2020-05-15T08:27:47","slug":"quart-any-del-programa-de-garantia-juvenil","status":"publish","type":"post","link":"https:\/\/abd.ong\/ca\/general-ca\/quart-any-del-programa-de-garantia-juvenil\/","title":{"rendered":"Quart any del Programa de Garantia Juvenil"},"content":{"rendered":"\n<p>ABD ha contractat quatre persones en pr\u00e0ctiques a trav\u00e9s del Programa de Garantia Juvenil a Catalunya, que seran amb nosaltres des de novembre de 2019 fins a maig de 2020. La contractaci\u00f3 d\u2019aquestes joves ha estat possible gr\u00e0cies a les subvencions destinades a incentivar la contractaci\u00f3 en pr\u00e0ctiques de persones joves benefici\u00e0ries d\u2019aquest programa, una mesura de la Iniciativa sobre l\u2019Ocupaci\u00f3 Juvenil creada pel Consell Europeu donada la preocupant situaci\u00f3 de desocupaci\u00f3 juvenil, prioritat establerta en l\u2019Estrat\u00e8gia Europa 2020. Aquest programa \u00e9s de finan\u00e7ament p\u00fablic pel\u00a0<strong>Fons Social Europeu<\/strong>, facilitat a trav\u00e9s del\u00a0<strong>Servei P\u00fablic d\u2019Ocupaci\u00f3<\/strong>, la Generalitat de Catalunya i el Servei d\u2019Ocupaci\u00f3 de Catalunya.<\/p>\n\n\n\n<p>El percentatge d\u2019aturats \u00e9s un problema global a la nostra societat, incl\u00f2s \u00e9s elevat entre les persones joves que disposen de titulaci\u00f3 universit\u00e0ria i experi\u00e8ncia laboral suficient. Per aquest motiu la lluita contra l\u2019atur juvenil s\u2019ha convertit en una prioritat a Europa. Amb aquesta iniciativa es pret\u00e9n incentivar la contractaci\u00f3 laboral en pr\u00e0ctiques de joves amb durant sis mesos de pr\u00e0ctiques organismes que els aportin noves aptituds i compet\u00e8ncies, i millorin la seva ocupabilitat i afavoreixin la incorporaci\u00f3 al mercat laboral d\u2019una forma estable i duradora en el temps.<\/p>\n\n\n\n<p>Des d\u2019ABD creiem en la import\u00e0ncia d\u2019experi\u00e8ncies com les pr\u00e0ctiques i el voluntariat, com a part de la formaci\u00f3 de les persones que es vulguin dedicar a projectes socials. \u00c9s per aix\u00f2 que any rere any apostem per seguir fent aquests vincles i aquest any ens sumem a aquesta iniciativa.<\/p>\n","protected":false},"excerpt":{"rendered":"<p>ABD ha contractat quatre persones en pr\u00e0ctiques a trav\u00e9s del Programa de Garantia Juvenil a Catalunya, que seran amb nosaltres des de novembre de 2019 fins a maig de 2020.&hellip;<\/p>\n","protected":false},"author":2,"featured_media":15281,"comment_status":"closed","ping_status":"closed","sticky":false,"template":"","format":"standard","meta":{"_acf_changed":false,"footnotes":""},"categories":[66],"tags":[119,1896,1895],"class_list":["post-15280","post","type-post","status-publish","format-standard","has-post-thumbnail","hentry","category-general-ca","tag-abd","tag-contractacio","tag-garantia-juvenil"],"acf":[],"yoast_head":"<!-- This site is optimized with the Yoast SEO plugin v27.4 - https:\/\/yoast.com\/product\/yoast-seo-wordpress\/ -->\n<title>Quart any del Programa de Garantia Juvenil - ABD<\/title>\n<meta name=\"description\" content=\"ABD ha contractat quatre persones en pr\u00e0ctiques a trav\u00e9s del Programa de Garantia Juvenil a Catalunya, que seran amb nosaltres des de novembre de 2019\" \/>\n<meta name=\"robots\" content=\"index, follow, max-snippet:-1, max-image-preview:large, max-video-preview:-1\" \/>\n<link rel=\"canonical\" href=\"https:\/\/abd.ong\/ca\/general-ca\/quart-any-del-programa-de-garantia-juvenil\/\" \/>\n<meta property=\"og:locale\" content=\"ca_ES\" \/>\n<meta property=\"og:type\" content=\"article\" \/>\n<meta property=\"og:title\" content=\"Quart any del Programa de Garantia Juvenil - ABD\" \/>\n<meta property=\"og:description\" content=\"ABD ha contractat quatre persones en pr\u00e0ctiques a trav\u00e9s del Programa de Garantia Juvenil a Catalunya, que seran amb nosaltres des de novembre de 2019\" \/>\n<meta property=\"og:url\" content=\"https:\/\/abd.ong\/ca\/general-ca\/quart-any-del-programa-de-garantia-juvenil\/\" \/>\n<meta property=\"og:site_name\" content=\"ABD\" \/>\n<meta property=\"article:publisher\" content=\"https:\/\/www.facebook.com\/abd.ong\" \/>\n<meta property=\"article:published_time\" content=\"2019-11-04T09:27:30+00:00\" \/>\n<meta property=\"article:modified_time\" content=\"2020-05-15T08:27:47+00:00\" \/>\n<meta property=\"og:image\" content=\"https:\/\/abd.ong\/wp-content\/uploads\/2020\/05\/student-849828_1920.jpg\" \/>\n\t<meta property=\"og:image:width\" content=\"1920\" \/>\n\t<meta property=\"og:image:height\" content=\"1280\" \/>\n\t<meta property=\"og:image:type\" content=\"image\/jpeg\" \/>\n<meta name=\"author\" content=\"Enric Guinart\" \/>\n<meta name=\"twitter:card\" content=\"summary_large_image\" \/>\n<meta name=\"twitter:creator\" content=\"@abd_ong\" \/>\n<meta name=\"twitter:site\" content=\"@abd_ong\" \/>\n<meta name=\"twitter:label1\" content=\"Escrit per\" \/>\n\t<meta name=\"twitter:data1\" content=\"Enric Guinart\" \/>\n\t<meta name=\"twitter:label2\" content=\"Temps estimat de lectura\" \/>\n\t<meta name=\"twitter:data2\" content=\"1 minut\" \/>\n<script type=\"application\/ld+json\" class=\"yoast-schema-graph\">{\"@context\":\"https:\\\/\\\/schema.org\",\"@graph\":[{\"@type\":\"Article\",\"@id\":\"https:\\\/\\\/abd.ong\\\/ca\\\/general-ca\\\/quart-any-del-programa-de-garantia-juvenil\\\/#article\",\"isPartOf\":{\"@id\":\"https:\\\/\\\/abd.ong\\\/ca\\\/general-ca\\\/quart-any-del-programa-de-garantia-juvenil\\\/\"},\"author\":{\"name\":\"Enric Guinart\",\"@id\":\"https:\\\/\\\/abd.ong\\\/ca\\\/#\\\/schema\\\/person\\\/d0f5fe279a7ad908de6a6d1332bfd7d8\"},\"headline\":\"Quart any del Programa de Garantia Juvenil\",\"datePublished\":\"2019-11-04T09:27:30+00:00\",\"dateModified\":\"2020-05-15T08:27:47+00:00\",\"mainEntityOfPage\":{\"@id\":\"https:\\\/\\\/abd.ong\\\/ca\\\/general-ca\\\/quart-any-del-programa-de-garantia-juvenil\\\/\"},\"wordCount\":281,\"publisher\":{\"@id\":\"https:\\\/\\\/abd.ong\\\/ca\\\/#organization\"},\"image\":{\"@id\":\"https:\\\/\\\/abd.ong\\\/ca\\\/general-ca\\\/quart-any-del-programa-de-garantia-juvenil\\\/#primaryimage\"},\"thumbnailUrl\":\"https:\\\/\\\/abd.ong\\\/wp-content\\\/uploads\\\/2020\\\/05\\\/student-849828_1920.jpg\",\"keywords\":[\"ABD\",\"contractaci\u00f3\",\"Garantia Juvenil\"],\"articleSection\":[\"General\"],\"inLanguage\":\"ca\"},{\"@type\":\"WebPage\",\"@id\":\"https:\\\/\\\/abd.ong\\\/ca\\\/general-ca\\\/quart-any-del-programa-de-garantia-juvenil\\\/\",\"url\":\"https:\\\/\\\/abd.ong\\\/ca\\\/general-ca\\\/quart-any-del-programa-de-garantia-juvenil\\\/\",\"name\":\"Quart any del Programa de Garantia Juvenil - ABD\",\"isPartOf\":{\"@id\":\"https:\\\/\\\/abd.ong\\\/ca\\\/#website\"},\"primaryImageOfPage\":{\"@id\":\"https:\\\/\\\/abd.ong\\\/ca\\\/general-ca\\\/quart-any-del-programa-de-garantia-juvenil\\\/#primaryimage\"},\"image\":{\"@id\":\"https:\\\/\\\/abd.ong\\\/ca\\\/general-ca\\\/quart-any-del-programa-de-garantia-juvenil\\\/#primaryimage\"},\"thumbnailUrl\":\"https:\\\/\\\/abd.ong\\\/wp-content\\\/uploads\\\/2020\\\/05\\\/student-849828_1920.jpg\",\"datePublished\":\"2019-11-04T09:27:30+00:00\",\"dateModified\":\"2020-05-15T08:27:47+00:00\",\"description\":\"ABD ha contractat quatre persones en pr\u00e0ctiques a trav\u00e9s del Programa de Garantia Juvenil a Catalunya, que seran amb nosaltres des de novembre de 2019\",\"breadcrumb\":{\"@id\":\"https:\\\/\\\/abd.ong\\\/ca\\\/general-ca\\\/quart-any-del-programa-de-garantia-juvenil\\\/#breadcrumb\"},\"inLanguage\":\"ca\",\"potentialAction\":[{\"@type\":\"ReadAction\",\"target\":[\"https:\\\/\\\/abd.ong\\\/ca\\\/general-ca\\\/quart-any-del-programa-de-garantia-juvenil\\\/\"]}]},{\"@type\":\"ImageObject\",\"inLanguage\":\"ca\",\"@id\":\"https:\\\/\\\/abd.ong\\\/ca\\\/general-ca\\\/quart-any-del-programa-de-garantia-juvenil\\\/#primaryimage\",\"url\":\"https:\\\/\\\/abd.ong\\\/wp-content\\\/uploads\\\/2020\\\/05\\\/student-849828_1920.jpg\",\"contentUrl\":\"https:\\\/\\\/abd.ong\\\/wp-content\\\/uploads\\\/2020\\\/05\\\/student-849828_1920.jpg\",\"width\":1920,\"height\":1280},{\"@type\":\"BreadcrumbList\",\"@id\":\"https:\\\/\\\/abd.ong\\\/ca\\\/general-ca\\\/quart-any-del-programa-de-garantia-juvenil\\\/#breadcrumb\",\"itemListElement\":[{\"@type\":\"ListItem\",\"position\":1,\"name\":\"Inici\",\"item\":\"https:\\\/\\\/abd.ong\\\/ca\\\/\"},{\"@type\":\"ListItem\",\"position\":2,\"name\":\"Quart any del Programa de Garantia Juvenil\"}]},{\"@type\":\"WebSite\",\"@id\":\"https:\\\/\\\/abd.ong\\\/ca\\\/#website\",\"url\":\"https:\\\/\\\/abd.ong\\\/ca\\\/\",\"name\":\"ABD\",\"description\":\"Asociaci\u00f3n Bienestar y Desarrollo\",\"publisher\":{\"@id\":\"https:\\\/\\\/abd.ong\\\/ca\\\/#organization\"},\"potentialAction\":[{\"@type\":\"SearchAction\",\"target\":{\"@type\":\"EntryPoint\",\"urlTemplate\":\"https:\\\/\\\/abd.ong\\\/ca\\\/?s={search_term_string}\"},\"query-input\":{\"@type\":\"PropertyValueSpecification\",\"valueRequired\":true,\"valueName\":\"search_term_string\"}}],\"inLanguage\":\"ca\"},{\"@type\":\"Organization\",\"@id\":\"https:\\\/\\\/abd.ong\\\/ca\\\/#organization\",\"name\":\"Associaci\u00f3 Benestar i Desenvolupament\",\"alternateName\":\"ABD\",\"url\":\"https:\\\/\\\/abd.ong\\\/ca\\\/\",\"logo\":{\"@type\":\"ImageObject\",\"inLanguage\":\"ca\",\"@id\":\"https:\\\/\\\/abd.ong\\\/ca\\\/#\\\/schema\\\/logo\\\/image\\\/\",\"url\":\"https:\\\/\\\/abd.ong\\\/wp-content\\\/uploads\\\/2023\\\/01\\\/Icona.png\",\"contentUrl\":\"https:\\\/\\\/abd.ong\\\/wp-content\\\/uploads\\\/2023\\\/01\\\/Icona.png\",\"width\":190,\"height\":187,\"caption\":\"Associaci\u00f3 Benestar i Desenvolupament\"},\"image\":{\"@id\":\"https:\\\/\\\/abd.ong\\\/ca\\\/#\\\/schema\\\/logo\\\/image\\\/\"},\"sameAs\":[\"https:\\\/\\\/www.facebook.com\\\/abd.ong\",\"https:\\\/\\\/x.com\\\/abd_ong\",\"https:\\\/\\\/www.instagram.com\\\/abd_ong\\\/\",\"https:\\\/\\\/www.linkedin.com\\\/company\\\/abdong\",\"https:\\\/\\\/www.youtube.com\\\/user\\\/CANALABD\"]},{\"@type\":\"Person\",\"@id\":\"https:\\\/\\\/abd.ong\\\/ca\\\/#\\\/schema\\\/person\\\/d0f5fe279a7ad908de6a6d1332bfd7d8\",\"name\":\"Enric Guinart\"}]}<\/script>\n<!-- \/ Yoast SEO plugin. -->","yoast_head_json":{"title":"Quart any del Programa de Garantia Juvenil - ABD","description":"ABD ha contractat quatre persones en pr\u00e0ctiques a trav\u00e9s del Programa de Garantia Juvenil a Catalunya, que seran amb nosaltres des de novembre de 2019","robots":{"index":"index","follow":"follow","max-snippet":"max-snippet:-1","max-image-preview":"max-image-preview:large","max-video-preview":"max-video-preview:-1"},"canonical":"https:\/\/abd.ong\/ca\/general-ca\/quart-any-del-programa-de-garantia-juvenil\/","og_locale":"ca_ES","og_type":"article","og_title":"Quart any del Programa de Garantia Juvenil - ABD","og_description":"ABD ha contractat quatre persones en pr\u00e0ctiques a trav\u00e9s del Programa de Garantia Juvenil a Catalunya, que seran amb nosaltres des de novembre de 2019","og_url":"https:\/\/abd.ong\/ca\/general-ca\/quart-any-del-programa-de-garantia-juvenil\/","og_site_name":"ABD","article_publisher":"https:\/\/www.facebook.com\/abd.ong","article_published_time":"2019-11-04T09:27:30+00:00","article_modified_time":"2020-05-15T08:27:47+00:00","og_image":[{"width":1920,"height":1280,"url":"https:\/\/abd.ong\/wp-content\/uploads\/2020\/05\/student-849828_1920.jpg","type":"image\/jpeg"}],"author":"Enric Guinart","twitter_card":"summary_large_image","twitter_creator":"@abd_ong","twitter_site":"@abd_ong","twitter_misc":{"Escrit per":"Enric Guinart","Temps estimat de lectura":"1 minut"},"schema":{"@context":"https:\/\/schema.org","@graph":[{"@type":"Article","@id":"https:\/\/abd.ong\/ca\/general-ca\/quart-any-del-programa-de-garantia-juvenil\/#article","isPartOf":{"@id":"https:\/\/abd.ong\/ca\/general-ca\/quart-any-del-programa-de-garantia-juvenil\/"},"author":{"name":"Enric Guinart","@id":"https:\/\/abd.ong\/ca\/#\/schema\/person\/d0f5fe279a7ad908de6a6d1332bfd7d8"},"headline":"Quart any del Programa de Garantia Juvenil","datePublished":"2019-11-04T09:27:30+00:00","dateModified":"2020-05-15T08:27:47+00:00","mainEntityOfPage":{"@id":"https:\/\/abd.ong\/ca\/general-ca\/quart-any-del-programa-de-garantia-juvenil\/"},"wordCount":281,"publisher":{"@id":"https:\/\/abd.ong\/ca\/#organization"},"image":{"@id":"https:\/\/abd.ong\/ca\/general-ca\/quart-any-del-programa-de-garantia-juvenil\/#primaryimage"},"thumbnailUrl":"https:\/\/abd.ong\/wp-content\/uploads\/2020\/05\/student-849828_1920.jpg","keywords":["ABD","contractaci\u00f3","Garantia Juvenil"],"articleSection":["General"],"inLanguage":"ca"},{"@type":"WebPage","@id":"https:\/\/abd.ong\/ca\/general-ca\/quart-any-del-programa-de-garantia-juvenil\/","url":"https:\/\/abd.ong\/ca\/general-ca\/quart-any-del-programa-de-garantia-juvenil\/","name":"Quart any del Programa de Garantia Juvenil - ABD","isPartOf":{"@id":"https:\/\/abd.ong\/ca\/#website"},"primaryImageOfPage":{"@id":"https:\/\/abd.ong\/ca\/general-ca\/quart-any-del-programa-de-garantia-juvenil\/#primaryimage"},"image":{"@id":"https:\/\/abd.ong\/ca\/general-ca\/quart-any-del-programa-de-garantia-juvenil\/#primaryimage"},"thumbnailUrl":"https:\/\/abd.ong\/wp-content\/uploads\/2020\/05\/student-849828_1920.jpg","datePublished":"2019-11-04T09:27:30+00:00","dateModified":"2020-05-15T08:27:47+00:00","description":"ABD ha contractat quatre persones en pr\u00e0ctiques a trav\u00e9s del Programa de Garantia Juvenil a Catalunya, que seran amb nosaltres des de novembre de 2019","breadcrumb":{"@id":"https:\/\/abd.ong\/ca\/general-ca\/quart-any-del-programa-de-garantia-juvenil\/#breadcrumb"},"inLanguage":"ca","potentialAction":[{"@type":"ReadAction","target":["https:\/\/abd.ong\/ca\/general-ca\/quart-any-del-programa-de-garantia-juvenil\/"]}]},{"@type":"ImageObject","inLanguage":"ca","@id":"https:\/\/abd.ong\/ca\/general-ca\/quart-any-del-programa-de-garantia-juvenil\/#primaryimage","url":"https:\/\/abd.ong\/wp-content\/uploads\/2020\/05\/student-849828_1920.jpg","contentUrl":"https:\/\/abd.ong\/wp-content\/uploads\/2020\/05\/student-849828_1920.jpg","width":1920,"height":1280},{"@type":"BreadcrumbList","@id":"https:\/\/abd.ong\/ca\/general-ca\/quart-any-del-programa-de-garantia-juvenil\/#breadcrumb","itemListElement":[{"@type":"ListItem","position":1,"name":"Inici","item":"https:\/\/abd.ong\/ca\/"},{"@type":"ListItem","position":2,"name":"Quart any del Programa de Garantia Juvenil"}]},{"@type":"WebSite","@id":"https:\/\/abd.ong\/ca\/#website","url":"https:\/\/abd.ong\/ca\/","name":"ABD","description":"Asociaci\u00f3n Bienestar y Desarrollo","publisher":{"@id":"https:\/\/abd.ong\/ca\/#organization"},"potentialAction":[{"@type":"SearchAction","target":{"@type":"EntryPoint","urlTemplate":"https:\/\/abd.ong\/ca\/?s={search_term_string}"},"query-input":{"@type":"PropertyValueSpecification","valueRequired":true,"valueName":"search_term_string"}}],"inLanguage":"ca"},{"@type":"Organization","@id":"https:\/\/abd.ong\/ca\/#organization","name":"Associaci\u00f3 Benestar i Desenvolupament","alternateName":"ABD","url":"https:\/\/abd.ong\/ca\/","logo":{"@type":"ImageObject","inLanguage":"ca","@id":"https:\/\/abd.ong\/ca\/#\/schema\/logo\/image\/","url":"https:\/\/abd.ong\/wp-content\/uploads\/2023\/01\/Icona.png","contentUrl":"https:\/\/abd.ong\/wp-content\/uploads\/2023\/01\/Icona.png","width":190,"height":187,"caption":"Associaci\u00f3 Benestar i Desenvolupament"},"image":{"@id":"https:\/\/abd.ong\/ca\/#\/schema\/logo\/image\/"},"sameAs":["https:\/\/www.facebook.com\/abd.ong","https:\/\/x.com\/abd_ong","https:\/\/www.instagram.com\/abd_ong\/","https:\/\/www.linkedin.com\/company\/abdong","https:\/\/www.youtube.com\/user\/CANALABD"]},{"@type":"Person","@id":"https:\/\/abd.ong\/ca\/#\/schema\/person\/d0f5fe279a7ad908de6a6d1332bfd7d8","name":"Enric Guinart"}]}},"_links":{"self":[{"href":"https:\/\/abd.ong\/ca\/wp-json\/wp\/v2\/posts\/15280","targetHints":{"allow":["GET"]}}],"collection":[{"href":"https:\/\/abd.ong\/ca\/wp-json\/wp\/v2\/posts"}],"about":[{"href":"https:\/\/abd.ong\/ca\/wp-json\/wp\/v2\/types\/post"}],"author":[{"embeddable":true,"href":"https:\/\/abd.ong\/ca\/wp-json\/wp\/v2\/users\/2"}],"replies":[{"embeddable":true,"href":"https:\/\/abd.ong\/ca\/wp-json\/wp\/v2\/comments?post=15280"}],"version-history":[{"count":1,"href":"https:\/\/abd.ong\/ca\/wp-json\/wp\/v2\/posts\/15280\/revisions"}],"predecessor-version":[{"id":15284,"href":"https:\/\/abd.ong\/ca\/wp-json\/wp\/v2\/posts\/15280\/revisions\/15284"}],"wp:featuredmedia":[{"embeddable":true,"href":"https:\/\/abd.ong\/ca\/wp-json\/wp\/v2\/media\/15281"}],"wp:attachment":[{"href":"https:\/\/abd.ong\/ca\/wp-json\/wp\/v2\/media?parent=15280"}],"wp:term":[{"taxonomy":"category","embeddable":true,"href":"https:\/\/abd.ong\/ca\/wp-json\/wp\/v2\/categories?post=15280"},{"taxonomy":"post_tag","embeddable":true,"href":"https:\/\/abd.ong\/ca\/wp-json\/wp\/v2\/tags?post=15280"}],"curies":[{"name":"wp","href":"https:\/\/api.w.org\/{rel}","templated":true}]}}