{"id":152726,"date":"2023-06-28T12:22:48","date_gmt":"2023-06-28T10:22:48","guid":{"rendered":"https:\/\/abd.ong\/?p=152726"},"modified":"2023-06-28T13:36:32","modified_gmt":"2023-06-28T11:36:32","slug":"el-grup-abd-participa-al-seminari-internacional-driving-positive-change","status":"publish","type":"post","link":"https:\/\/abd.ong\/ca\/internacional-ca\/el-grup-abd-participa-al-seminari-internacional-driving-positive-change\/","title":{"rendered":"El Grup ABD participa al seminari Internacional &#8220;Driving Positive Change&#8221;"},"content":{"rendered":"\n<h4 class=\"wp-block-heading\">Mireia Munt\u00e9, Responsable de Projectes Internacionals, reflexiona sobre els desafiaments de la innovaci\u00f3 social a Espanya a l&#8217;esdeveniment organitzat per Euclid Network<\/h4>\n\n\n\n<div style=\"height:40px\" aria-hidden=\"true\" class=\"wp-block-spacer\"><\/div>\n\n\n\n<p>En el marc de la s\u00e8rie de <strong>Seminaris Web &#8220;Driving Positive Change&#8221;<\/strong>, experts i professionals s&#8217;han reunit per abordar els desafiaments i \u00e8xits comuns en l&#8217;\u00e0mbit de la innovaci\u00f3 social a Espanya i Portugal. L&#8217;esdeveniment, organitzat per l\u00b4<a href=\"https:\/\/euclidnetwork.eu\/\" target=\"_blank\" rel=\"noreferrer noopener\">Euclid Network<\/a>, ha comptat amb la participaci\u00f3 de Mireia Munt\u00e9, Responsable de Projectes Internacionals del <a href=\"https:\/\/abd.ong\/\" target=\"_blank\" rel=\"noreferrer noopener\">Grup ABD<\/a>.<\/p>\n\n\n\n<p>Ha estat una oportunitat \u00fanica per connectar professionals i experts en emprenedoria social i innovaci\u00f3, aix\u00ed com acad\u00e8mics referents de les principals universitats i centres de recerca d&#8217;Espanya i Portugal. S&#8217;han abordat els reptes clau que enfronta l&#8217;ecosistema de l&#8217;economia social i la innovaci\u00f3 social a tots dos pa\u00efsos.<\/p>\n\n\n\n<p>El seminari ha comptat amb diferents ponents com; Jo\u00e3o Baracho, CEO de CDI Portugal &#8211; Centre per a la Inclusi\u00f3 Digital i president d&#8217;ESLIDER Portugal, Carlos Azevedo, president del Consell d&#8217;Administraci\u00f3 d&#8217;IES &#8211; Social Business School i membre del Consell d&#8217;ESLIDER Portugal, Mireia Yter, investigadora doctora de l&#8217;Institut d&#8217;Innovaci\u00f3 Social d&#8217;Esade Business School, Espanya, i tamb\u00e9 com hem comentat anteriorment amb Mireia Munt\u00e9.<\/p>\n\n\n\n<p>Mireia ha presentat l&#8217;organitzaci\u00f3 explicant-ne la hist\u00f2ria i tota la tasca nacional i internacional i ha destacat els dos principals objectius o desafiaments de la innovaci\u00f3 social a Espanya; en primer lloc, la necessitat d&#8217;un marc regulador actualitzat i en segon, una inversi\u00f3 m\u00e9s gran en projectes d&#8217;innovaci\u00f3 social.<\/p>\n\n\n\n<p><em>&#8220;Sobretot, en relaci\u00f3 amb els serveis de cura de les persones, l&#8217;objectiu i el desafiament de l&#8217;ecosistema de l&#8217;economia social rau en <strong>establir un marc regulador que prioritzi els prove\u00efdors pertanyents a aquesta economia. En fer-ho, es busca situar la ciutadania al centre i atendre les necessitats de les persones per sobre dels guanys financers<\/strong>, aix\u00ed mateix considerem que aquest model t\u00e9 el potencial de millorar la qualitat i accessibilitat dels serveis, promoure la sostenibilitat econ\u00f2mica i mediambiental, maximitzar els beneficis socials i fomentar millors condicions de treball i igualtat&#8221;.<\/em><\/p>\n\n\n\n<p><em>&#8220;Recon\u00e8ixer la import\u00e0ncia de la innovaci\u00f3 al sector de l&#8217;economia social \u00e9s crucial. <strong>Sense suport i reconeixement a la innovaci\u00f3, les organitzacions sovint nom\u00e9s poden utilitzar els seus recursos per brindar atenci\u00f3 social<\/strong>, deixant poc o cap marge per a la inversi\u00f3 en innovaci\u00f3. Aquesta manca de suport dificulta encara m\u00e9s promoure i implementar solucions noves i creatives. Afortunadament, la injecci\u00f3 de fons de <a href=\"https:\/\/abd.ong\/ca\/dependencia-i-gent-gran\/quatre-projectes-dabd-reben-fons-europeus-next-generation\/\">Next Generation EU<\/a> est\u00e0 canviant el joc.Les organitzacions i empreses de leconomia social ara tenen loportunitat dassegurar els recursos que necessiten per impulsar la innovaci\u00f3, fer avaluacions d&#8217;impacte, provar noves idees i transformar la manera com es presten els serveis socials\u201d.<\/em><\/p>\n\n\n\n<p>Finalment ha destacat el projecte de la <a href=\"https:\/\/abd.ong\/ca\/programes\/la-botiga\/\">\u201cLa Botiga\u201d:<\/a> El servei de l&#8217;Ajuntament del Prat de Llobregat, gestionat per ABD, vol generar un espai obert a tota la ciutadania que sigui sostenible i que uneixi els objectius de sobirania aliment\u00e0ria amb la inserci\u00f3 social i de col\u00b7lectius en situaci\u00f3 de vulnerabilitat, l&#8217;activaci\u00f3 comunit\u00e0ria inclusiva, la promoci\u00f3 d&#8217;h\u00e0bits saludables, el consum de productes de proximitat i socialment responsables, la cohesi\u00f3 social i la lluita contra el malbaratament alimentari. El projecte funciona amb un sistema basat en donacions, rebent subministraments del banc daliments, empreses i el Fons d&#8217;Ajuda Europea per als M\u00e9s Desfavorits (FEAD). El projecte no nom\u00e9s busca prevenir el malbaratament alimentari, sin\u00f3 tamb\u00e9 crear oportunitats d&#8217;ocupaci\u00f3 per a persones que enfronten barreres al mercat laboral.<\/p>\n\n\n\n<div style=\"height:20px\" aria-hidden=\"true\" class=\"wp-block-spacer\"><\/div>\n\n\n\n<figure class=\"wp-block-gallery has-nested-images columns-default is-cropped wp-block-gallery-2 is-layout-flex wp-block-gallery-is-layout-flex\">\n<figure class=\"wp-block-image size-large\"><img fetchpriority=\"high\" decoding=\"async\" width=\"1024\" height=\"640\" data-id=\"152771\" src=\"https:\/\/abd.ong\/wp-content\/uploads\/2023\/06\/AADADAD-1-1024x640.jpg\" alt=\"\" class=\"wp-image-152771\" srcset=\"https:\/\/abd.ong\/wp-content\/uploads\/2023\/06\/AADADAD-1-1024x640.jpg 1024w, https:\/\/abd.ong\/wp-content\/uploads\/2023\/06\/AADADAD-1-300x188.jpg 300w, https:\/\/abd.ong\/wp-content\/uploads\/2023\/06\/AADADAD-1-768x480.jpg 768w, https:\/\/abd.ong\/wp-content\/uploads\/2023\/06\/AADADAD-1.jpg 1158w\" sizes=\"(max-width: 1024px) 100vw, 1024px\" \/><\/figure>\n\n\n\n<figure class=\"wp-block-image size-large\"><img decoding=\"async\" width=\"1024\" height=\"603\" data-id=\"152774\" src=\"https:\/\/abd.ong\/wp-content\/uploads\/2023\/06\/Captura-1-1024x603.jpg\" alt=\"\" class=\"wp-image-152774\" srcset=\"https:\/\/abd.ong\/wp-content\/uploads\/2023\/06\/Captura-1-1024x603.jpg 1024w, https:\/\/abd.ong\/wp-content\/uploads\/2023\/06\/Captura-1-300x177.jpg 300w, https:\/\/abd.ong\/wp-content\/uploads\/2023\/06\/Captura-1-768x452.jpg 768w, https:\/\/abd.ong\/wp-content\/uploads\/2023\/06\/Captura-1.jpg 1137w\" sizes=\"(max-width: 1024px) 100vw, 1024px\" \/><\/figure>\n<\/figure>\n\n\n\n<div style=\"height:30px\" aria-hidden=\"true\" class=\"wp-block-spacer\"><\/div>\n\n\n\n<h4 class=\"wp-block-heading\">Sobre Euclid Network<\/h4>\n\n\n\n<div style=\"height:20px\" aria-hidden=\"true\" class=\"wp-block-spacer\"><\/div>\n\n\n\n<p><a href=\"https:\/\/euclidnetwork.eu\/\">Euclid Network<\/a> \u00e9s una de les xarxes amb un ritme m\u00e9s elevat de creixement d&#8217;Europa per a empreses socials i entitats d&#8217;impacte. La xarxa t\u00e9 una influ\u00e8ncia creixent, tamb\u00e9, a tot el m\u00f3n a trav\u00e9s de programes a R\u00fassia, l&#8217;Orient Mitj\u00e0 o el nord d&#8217;\u00c0frica. ABD participa activament a trav\u00e9s de la gerent <strong>\u00c0ngels Guiteras<\/strong>, que forma part de la junta directiva.<\/p>\n\n\n\n<div style=\"height:20px\" aria-hidden=\"true\" class=\"wp-block-spacer\"><\/div>\n\n\n\n<figure class=\"wp-block-image size-large\"><img decoding=\"async\" width=\"1024\" height=\"683\" src=\"https:\/\/abd.ong\/wp-content\/uploads\/2023\/06\/IMG-0282-1024x683.jpg\" alt=\"\" class=\"wp-image-152779\" srcset=\"https:\/\/abd.ong\/wp-content\/uploads\/2023\/06\/IMG-0282-1024x683.jpg 1024w, https:\/\/abd.ong\/wp-content\/uploads\/2023\/06\/IMG-0282-300x200.jpg 300w, https:\/\/abd.ong\/wp-content\/uploads\/2023\/06\/IMG-0282-768x512.jpg 768w, https:\/\/abd.ong\/wp-content\/uploads\/2023\/06\/IMG-0282-1536x1024.jpg 1536w, https:\/\/abd.ong\/wp-content\/uploads\/2023\/06\/IMG-0282-2048x1366.jpg 2048w, https:\/\/abd.ong\/wp-content\/uploads\/2023\/06\/IMG-0282-600x400.jpg 600w, https:\/\/abd.ong\/wp-content\/uploads\/2023\/06\/IMG-0282-1920x1280.jpg 1920w\" sizes=\"(max-width: 1024px) 100vw, 1024px\" \/><\/figure>\n","protected":false},"excerpt":{"rendered":"<p>Mireia Munt\u00e9, Responsable de Projectes Internacionals, reflexiona sobre els desafiaments de la innovaci\u00f3 social a Espanya a l&#8217;esdeveniment organitzat per Euclid Network En el marc de la s\u00e8rie de Seminaris&hellip;<\/p>\n","protected":false},"author":12,"featured_media":152759,"comment_status":"closed","ping_status":"closed","sticky":false,"template":"","format":"standard","meta":{"_acf_changed":false,"footnotes":""},"categories":[2296],"tags":[119,675,2928,3664,2578,2350,2653,3667,2593,3666,3665],"class_list":["post-152726","post","type-post","status-publish","format-standard","has-post-thumbnail","hentry","category-internacional-ca","tag-abd","tag-asociacion-bienestar-y-desarrollo-ca","tag-associacio-benestar-i-desenvolupament-ca-2","tag-espanya","tag-innovacio-social-ca-2","tag-internacional-ca","tag-la-botiga-ca","tag-next-generation-eu-ca","tag-projectes-internacionals","tag-red-euclid-ca","tag-seminaris-web"],"acf":[],"yoast_head":"<!-- This site is optimized with the Yoast SEO plugin v27.4 - https:\/\/yoast.com\/product\/yoast-seo-wordpress\/ -->\n<title>El Grup ABD participa al seminari Internacional &quot;Driving Positive Change&quot; - ABD<\/title>\n<meta name=\"description\" content=\"Mireia Munt\u00e9, Responsable de Projectes Internacionals, reflexiona sobre els desafiaments de la innovaci\u00f3 social a Espanya a l&#039;esdeveniment organitzat per\" \/>\n<meta name=\"robots\" content=\"index, follow, max-snippet:-1, max-image-preview:large, max-video-preview:-1\" \/>\n<link rel=\"canonical\" href=\"https:\/\/abd.ong\/ca\/internacional-ca\/el-grup-abd-participa-al-seminari-internacional-driving-positive-change\/\" \/>\n<meta property=\"og:locale\" content=\"ca_ES\" \/>\n<meta property=\"og:type\" content=\"article\" \/>\n<meta property=\"og:title\" content=\"El Grup ABD participa al seminari Internacional &quot;Driving Positive Change&quot; - ABD\" \/>\n<meta property=\"og:description\" content=\"Mireia Munt\u00e9, Responsable de Projectes Internacionals, reflexiona sobre els desafiaments de la innovaci\u00f3 social a Espanya a l&#039;esdeveniment organitzat per\" \/>\n<meta property=\"og:url\" content=\"https:\/\/abd.ong\/ca\/internacional-ca\/el-grup-abd-participa-al-seminari-internacional-driving-positive-change\/\" \/>\n<meta property=\"og:site_name\" content=\"ABD\" \/>\n<meta property=\"article:publisher\" content=\"https:\/\/www.facebook.com\/abd.ong\" \/>\n<meta property=\"article:published_time\" content=\"2023-06-28T10:22:48+00:00\" \/>\n<meta property=\"article:modified_time\" content=\"2023-06-28T11:36:32+00:00\" \/>\n<meta property=\"og:image\" content=\"https:\/\/abd.ong\/wp-content\/uploads\/2023\/06\/07062023_DPC_27062023_WidePost_V4-1.png\" \/>\n\t<meta property=\"og:image:width\" content=\"1200\" \/>\n\t<meta property=\"og:image:height\" content=\"650\" \/>\n\t<meta property=\"og:image:type\" content=\"image\/png\" \/>\n<meta name=\"author\" content=\"Francesc Balart\" \/>\n<meta name=\"twitter:card\" content=\"summary_large_image\" \/>\n<meta name=\"twitter:creator\" content=\"@abd_ong\" \/>\n<meta name=\"twitter:site\" content=\"@abd_ong\" \/>\n<meta name=\"twitter:label1\" content=\"Escrit per\" \/>\n\t<meta name=\"twitter:data1\" content=\"Francesc Balart\" \/>\n\t<meta name=\"twitter:label2\" content=\"Temps estimat de lectura\" \/>\n\t<meta name=\"twitter:data2\" content=\"4 minuts\" \/>\n<script type=\"application\/ld+json\" class=\"yoast-schema-graph\">{\"@context\":\"https:\\\/\\\/schema.org\",\"@graph\":[{\"@type\":\"Article\",\"@id\":\"https:\\\/\\\/abd.ong\\\/ca\\\/internacional-ca\\\/el-grup-abd-participa-al-seminari-internacional-driving-positive-change\\\/#article\",\"isPartOf\":{\"@id\":\"https:\\\/\\\/abd.ong\\\/ca\\\/internacional-ca\\\/el-grup-abd-participa-al-seminari-internacional-driving-positive-change\\\/\"},\"author\":{\"name\":\"Francesc Balart\",\"@id\":\"https:\\\/\\\/abd.ong\\\/ca\\\/#\\\/schema\\\/person\\\/6bb74ed13fc8bdf3a5382c66db14c9ee\"},\"headline\":\"El Grup ABD participa al seminari Internacional &#8220;Driving Positive Change&#8221;\",\"datePublished\":\"2023-06-28T10:22:48+00:00\",\"dateModified\":\"2023-06-28T11:36:32+00:00\",\"mainEntityOfPage\":{\"@id\":\"https:\\\/\\\/abd.ong\\\/ca\\\/internacional-ca\\\/el-grup-abd-participa-al-seminari-internacional-driving-positive-change\\\/\"},\"wordCount\":690,\"publisher\":{\"@id\":\"https:\\\/\\\/abd.ong\\\/ca\\\/#organization\"},\"image\":{\"@id\":\"https:\\\/\\\/abd.ong\\\/ca\\\/internacional-ca\\\/el-grup-abd-participa-al-seminari-internacional-driving-positive-change\\\/#primaryimage\"},\"thumbnailUrl\":\"https:\\\/\\\/abd.ong\\\/wp-content\\\/uploads\\\/2023\\\/06\\\/07062023_DPC_27062023_WidePost_V4-1.png\",\"keywords\":[\"ABD\",\"Asociaci\u00f3n Bienestar y Desarrollo\",\"Associaci\u00f3 Benestar i Desenvolupament\",\"Espanya\",\"innovaci\u00f3 social\",\"internacional\",\"La botiga\",\"Next Generation EU\",\"projectes internacionals\",\"Red Euclid\",\"Seminaris web\"],\"articleSection\":[\"Internacional\"],\"inLanguage\":\"ca\"},{\"@type\":\"WebPage\",\"@id\":\"https:\\\/\\\/abd.ong\\\/ca\\\/internacional-ca\\\/el-grup-abd-participa-al-seminari-internacional-driving-positive-change\\\/\",\"url\":\"https:\\\/\\\/abd.ong\\\/ca\\\/internacional-ca\\\/el-grup-abd-participa-al-seminari-internacional-driving-positive-change\\\/\",\"name\":\"El Grup ABD participa al seminari Internacional \\\"Driving Positive Change\\\" - ABD\",\"isPartOf\":{\"@id\":\"https:\\\/\\\/abd.ong\\\/ca\\\/#website\"},\"primaryImageOfPage\":{\"@id\":\"https:\\\/\\\/abd.ong\\\/ca\\\/internacional-ca\\\/el-grup-abd-participa-al-seminari-internacional-driving-positive-change\\\/#primaryimage\"},\"image\":{\"@id\":\"https:\\\/\\\/abd.ong\\\/ca\\\/internacional-ca\\\/el-grup-abd-participa-al-seminari-internacional-driving-positive-change\\\/#primaryimage\"},\"thumbnailUrl\":\"https:\\\/\\\/abd.ong\\\/wp-content\\\/uploads\\\/2023\\\/06\\\/07062023_DPC_27062023_WidePost_V4-1.png\",\"datePublished\":\"2023-06-28T10:22:48+00:00\",\"dateModified\":\"2023-06-28T11:36:32+00:00\",\"description\":\"Mireia Munt\u00e9, Responsable de Projectes Internacionals, reflexiona sobre els desafiaments de la innovaci\u00f3 social a Espanya a l'esdeveniment organitzat per\",\"breadcrumb\":{\"@id\":\"https:\\\/\\\/abd.ong\\\/ca\\\/internacional-ca\\\/el-grup-abd-participa-al-seminari-internacional-driving-positive-change\\\/#breadcrumb\"},\"inLanguage\":\"ca\",\"potentialAction\":[{\"@type\":\"ReadAction\",\"target\":[\"https:\\\/\\\/abd.ong\\\/ca\\\/internacional-ca\\\/el-grup-abd-participa-al-seminari-internacional-driving-positive-change\\\/\"]}]},{\"@type\":\"ImageObject\",\"inLanguage\":\"ca\",\"@id\":\"https:\\\/\\\/abd.ong\\\/ca\\\/internacional-ca\\\/el-grup-abd-participa-al-seminari-internacional-driving-positive-change\\\/#primaryimage\",\"url\":\"https:\\\/\\\/abd.ong\\\/wp-content\\\/uploads\\\/2023\\\/06\\\/07062023_DPC_27062023_WidePost_V4-1.png\",\"contentUrl\":\"https:\\\/\\\/abd.ong\\\/wp-content\\\/uploads\\\/2023\\\/06\\\/07062023_DPC_27062023_WidePost_V4-1.png\",\"width\":1200,\"height\":650},{\"@type\":\"BreadcrumbList\",\"@id\":\"https:\\\/\\\/abd.ong\\\/ca\\\/internacional-ca\\\/el-grup-abd-participa-al-seminari-internacional-driving-positive-change\\\/#breadcrumb\",\"itemListElement\":[{\"@type\":\"ListItem\",\"position\":1,\"name\":\"Inici\",\"item\":\"https:\\\/\\\/abd.ong\\\/ca\\\/\"},{\"@type\":\"ListItem\",\"position\":2,\"name\":\"El Grup ABD participa al seminari Internacional &#8220;Driving Positive Change&#8221;\"}]},{\"@type\":\"WebSite\",\"@id\":\"https:\\\/\\\/abd.ong\\\/ca\\\/#website\",\"url\":\"https:\\\/\\\/abd.ong\\\/ca\\\/\",\"name\":\"ABD\",\"description\":\"Asociaci\u00f3n Bienestar y Desarrollo\",\"publisher\":{\"@id\":\"https:\\\/\\\/abd.ong\\\/ca\\\/#organization\"},\"potentialAction\":[{\"@type\":\"SearchAction\",\"target\":{\"@type\":\"EntryPoint\",\"urlTemplate\":\"https:\\\/\\\/abd.ong\\\/ca\\\/?s={search_term_string}\"},\"query-input\":{\"@type\":\"PropertyValueSpecification\",\"valueRequired\":true,\"valueName\":\"search_term_string\"}}],\"inLanguage\":\"ca\"},{\"@type\":\"Organization\",\"@id\":\"https:\\\/\\\/abd.ong\\\/ca\\\/#organization\",\"name\":\"Associaci\u00f3 Benestar i Desenvolupament\",\"alternateName\":\"ABD\",\"url\":\"https:\\\/\\\/abd.ong\\\/ca\\\/\",\"logo\":{\"@type\":\"ImageObject\",\"inLanguage\":\"ca\",\"@id\":\"https:\\\/\\\/abd.ong\\\/ca\\\/#\\\/schema\\\/logo\\\/image\\\/\",\"url\":\"https:\\\/\\\/abd.ong\\\/wp-content\\\/uploads\\\/2023\\\/01\\\/Icona.png\",\"contentUrl\":\"https:\\\/\\\/abd.ong\\\/wp-content\\\/uploads\\\/2023\\\/01\\\/Icona.png\",\"width\":190,\"height\":187,\"caption\":\"Associaci\u00f3 Benestar i Desenvolupament\"},\"image\":{\"@id\":\"https:\\\/\\\/abd.ong\\\/ca\\\/#\\\/schema\\\/logo\\\/image\\\/\"},\"sameAs\":[\"https:\\\/\\\/www.facebook.com\\\/abd.ong\",\"https:\\\/\\\/x.com\\\/abd_ong\",\"https:\\\/\\\/www.instagram.com\\\/abd_ong\\\/\",\"https:\\\/\\\/www.linkedin.com\\\/company\\\/abdong\",\"https:\\\/\\\/www.youtube.com\\\/user\\\/CANALABD\"]},{\"@type\":\"Person\",\"@id\":\"https:\\\/\\\/abd.ong\\\/ca\\\/#\\\/schema\\\/person\\\/6bb74ed13fc8bdf3a5382c66db14c9ee\",\"name\":\"Francesc Balart\"}]}<\/script>\n<!-- \/ Yoast SEO plugin. -->","yoast_head_json":{"title":"El Grup ABD participa al seminari Internacional \"Driving Positive Change\" - ABD","description":"Mireia Munt\u00e9, Responsable de Projectes Internacionals, reflexiona sobre els desafiaments de la innovaci\u00f3 social a Espanya a l'esdeveniment organitzat per","robots":{"index":"index","follow":"follow","max-snippet":"max-snippet:-1","max-image-preview":"max-image-preview:large","max-video-preview":"max-video-preview:-1"},"canonical":"https:\/\/abd.ong\/ca\/internacional-ca\/el-grup-abd-participa-al-seminari-internacional-driving-positive-change\/","og_locale":"ca_ES","og_type":"article","og_title":"El Grup ABD participa al seminari Internacional \"Driving Positive Change\" - ABD","og_description":"Mireia Munt\u00e9, Responsable de Projectes Internacionals, reflexiona sobre els desafiaments de la innovaci\u00f3 social a Espanya a l'esdeveniment organitzat per","og_url":"https:\/\/abd.ong\/ca\/internacional-ca\/el-grup-abd-participa-al-seminari-internacional-driving-positive-change\/","og_site_name":"ABD","article_publisher":"https:\/\/www.facebook.com\/abd.ong","article_published_time":"2023-06-28T10:22:48+00:00","article_modified_time":"2023-06-28T11:36:32+00:00","og_image":[{"width":1200,"height":650,"url":"https:\/\/abd.ong\/wp-content\/uploads\/2023\/06\/07062023_DPC_27062023_WidePost_V4-1.png","type":"image\/png"}],"author":"Francesc Balart","twitter_card":"summary_large_image","twitter_creator":"@abd_ong","twitter_site":"@abd_ong","twitter_misc":{"Escrit per":"Francesc Balart","Temps estimat de lectura":"4 minuts"},"schema":{"@context":"https:\/\/schema.org","@graph":[{"@type":"Article","@id":"https:\/\/abd.ong\/ca\/internacional-ca\/el-grup-abd-participa-al-seminari-internacional-driving-positive-change\/#article","isPartOf":{"@id":"https:\/\/abd.ong\/ca\/internacional-ca\/el-grup-abd-participa-al-seminari-internacional-driving-positive-change\/"},"author":{"name":"Francesc Balart","@id":"https:\/\/abd.ong\/ca\/#\/schema\/person\/6bb74ed13fc8bdf3a5382c66db14c9ee"},"headline":"El Grup ABD participa al seminari Internacional &#8220;Driving Positive Change&#8221;","datePublished":"2023-06-28T10:22:48+00:00","dateModified":"2023-06-28T11:36:32+00:00","mainEntityOfPage":{"@id":"https:\/\/abd.ong\/ca\/internacional-ca\/el-grup-abd-participa-al-seminari-internacional-driving-positive-change\/"},"wordCount":690,"publisher":{"@id":"https:\/\/abd.ong\/ca\/#organization"},"image":{"@id":"https:\/\/abd.ong\/ca\/internacional-ca\/el-grup-abd-participa-al-seminari-internacional-driving-positive-change\/#primaryimage"},"thumbnailUrl":"https:\/\/abd.ong\/wp-content\/uploads\/2023\/06\/07062023_DPC_27062023_WidePost_V4-1.png","keywords":["ABD","Asociaci\u00f3n Bienestar y Desarrollo","Associaci\u00f3 Benestar i Desenvolupament","Espanya","innovaci\u00f3 social","internacional","La botiga","Next Generation EU","projectes internacionals","Red Euclid","Seminaris web"],"articleSection":["Internacional"],"inLanguage":"ca"},{"@type":"WebPage","@id":"https:\/\/abd.ong\/ca\/internacional-ca\/el-grup-abd-participa-al-seminari-internacional-driving-positive-change\/","url":"https:\/\/abd.ong\/ca\/internacional-ca\/el-grup-abd-participa-al-seminari-internacional-driving-positive-change\/","name":"El Grup ABD participa al seminari Internacional \"Driving Positive Change\" - ABD","isPartOf":{"@id":"https:\/\/abd.ong\/ca\/#website"},"primaryImageOfPage":{"@id":"https:\/\/abd.ong\/ca\/internacional-ca\/el-grup-abd-participa-al-seminari-internacional-driving-positive-change\/#primaryimage"},"image":{"@id":"https:\/\/abd.ong\/ca\/internacional-ca\/el-grup-abd-participa-al-seminari-internacional-driving-positive-change\/#primaryimage"},"thumbnailUrl":"https:\/\/abd.ong\/wp-content\/uploads\/2023\/06\/07062023_DPC_27062023_WidePost_V4-1.png","datePublished":"2023-06-28T10:22:48+00:00","dateModified":"2023-06-28T11:36:32+00:00","description":"Mireia Munt\u00e9, Responsable de Projectes Internacionals, reflexiona sobre els desafiaments de la innovaci\u00f3 social a Espanya a l'esdeveniment organitzat per","breadcrumb":{"@id":"https:\/\/abd.ong\/ca\/internacional-ca\/el-grup-abd-participa-al-seminari-internacional-driving-positive-change\/#breadcrumb"},"inLanguage":"ca","potentialAction":[{"@type":"ReadAction","target":["https:\/\/abd.ong\/ca\/internacional-ca\/el-grup-abd-participa-al-seminari-internacional-driving-positive-change\/"]}]},{"@type":"ImageObject","inLanguage":"ca","@id":"https:\/\/abd.ong\/ca\/internacional-ca\/el-grup-abd-participa-al-seminari-internacional-driving-positive-change\/#primaryimage","url":"https:\/\/abd.ong\/wp-content\/uploads\/2023\/06\/07062023_DPC_27062023_WidePost_V4-1.png","contentUrl":"https:\/\/abd.ong\/wp-content\/uploads\/2023\/06\/07062023_DPC_27062023_WidePost_V4-1.png","width":1200,"height":650},{"@type":"BreadcrumbList","@id":"https:\/\/abd.ong\/ca\/internacional-ca\/el-grup-abd-participa-al-seminari-internacional-driving-positive-change\/#breadcrumb","itemListElement":[{"@type":"ListItem","position":1,"name":"Inici","item":"https:\/\/abd.ong\/ca\/"},{"@type":"ListItem","position":2,"name":"El Grup ABD participa al seminari Internacional &#8220;Driving Positive Change&#8221;"}]},{"@type":"WebSite","@id":"https:\/\/abd.ong\/ca\/#website","url":"https:\/\/abd.ong\/ca\/","name":"ABD","description":"Asociaci\u00f3n Bienestar y Desarrollo","publisher":{"@id":"https:\/\/abd.ong\/ca\/#organization"},"potentialAction":[{"@type":"SearchAction","target":{"@type":"EntryPoint","urlTemplate":"https:\/\/abd.ong\/ca\/?s={search_term_string}"},"query-input":{"@type":"PropertyValueSpecification","valueRequired":true,"valueName":"search_term_string"}}],"inLanguage":"ca"},{"@type":"Organization","@id":"https:\/\/abd.ong\/ca\/#organization","name":"Associaci\u00f3 Benestar i Desenvolupament","alternateName":"ABD","url":"https:\/\/abd.ong\/ca\/","logo":{"@type":"ImageObject","inLanguage":"ca","@id":"https:\/\/abd.ong\/ca\/#\/schema\/logo\/image\/","url":"https:\/\/abd.ong\/wp-content\/uploads\/2023\/01\/Icona.png","contentUrl":"https:\/\/abd.ong\/wp-content\/uploads\/2023\/01\/Icona.png","width":190,"height":187,"caption":"Associaci\u00f3 Benestar i Desenvolupament"},"image":{"@id":"https:\/\/abd.ong\/ca\/#\/schema\/logo\/image\/"},"sameAs":["https:\/\/www.facebook.com\/abd.ong","https:\/\/x.com\/abd_ong","https:\/\/www.instagram.com\/abd_ong\/","https:\/\/www.linkedin.com\/company\/abdong","https:\/\/www.youtube.com\/user\/CANALABD"]},{"@type":"Person","@id":"https:\/\/abd.ong\/ca\/#\/schema\/person\/6bb74ed13fc8bdf3a5382c66db14c9ee","name":"Francesc Balart"}]}},"_links":{"self":[{"href":"https:\/\/abd.ong\/ca\/wp-json\/wp\/v2\/posts\/152726","targetHints":{"allow":["GET"]}}],"collection":[{"href":"https:\/\/abd.ong\/ca\/wp-json\/wp\/v2\/posts"}],"about":[{"href":"https:\/\/abd.ong\/ca\/wp-json\/wp\/v2\/types\/post"}],"author":[{"embeddable":true,"href":"https:\/\/abd.ong\/ca\/wp-json\/wp\/v2\/users\/12"}],"replies":[{"embeddable":true,"href":"https:\/\/abd.ong\/ca\/wp-json\/wp\/v2\/comments?post=152726"}],"version-history":[{"count":3,"href":"https:\/\/abd.ong\/ca\/wp-json\/wp\/v2\/posts\/152726\/revisions"}],"predecessor-version":[{"id":152830,"href":"https:\/\/abd.ong\/ca\/wp-json\/wp\/v2\/posts\/152726\/revisions\/152830"}],"wp:featuredmedia":[{"embeddable":true,"href":"https:\/\/abd.ong\/ca\/wp-json\/wp\/v2\/media\/152759"}],"wp:attachment":[{"href":"https:\/\/abd.ong\/ca\/wp-json\/wp\/v2\/media?parent=152726"}],"wp:term":[{"taxonomy":"category","embeddable":true,"href":"https:\/\/abd.ong\/ca\/wp-json\/wp\/v2\/categories?post=152726"},{"taxonomy":"post_tag","embeddable":true,"href":"https:\/\/abd.ong\/ca\/wp-json\/wp\/v2\/tags?post=152726"}],"curies":[{"name":"wp","href":"https:\/\/api.w.org\/{rel}","templated":true}]}}