{"id":15218,"date":"2020-05-12T13:15:58","date_gmt":"2020-05-12T11:15:58","guid":{"rendered":"https:\/\/abd.ong\/sense-categoria\/se-buscan-personas-comprometidas-para-acabar-con-los-confinamientos-invisibles\/"},"modified":"2020-05-12T13:26:06","modified_gmt":"2020-05-12T11:26:06","slug":"se-buscan-personas-comprometidas-para-acabar-con-los-confinamientos-invisibles","status":"publish","type":"post","link":"https:\/\/abd.ong\/ca\/general-ca\/se-buscan-personas-comprometidas-para-acabar-con-los-confinamientos-invisibles\/","title":{"rendered":"Es busquen persones compromeses per acabar amb els confinaments invisibles"},"content":{"rendered":"\n<ul class=\"wp-block-list\"><li><em><em>L\u2019Associaci\u00f3 Benestar i Desenvolupament ABD posa en marxa la campanya de captaci\u00f3 de donacions #JOETVEIG per donar suport a les fam\u00edlies que estan patint amb m\u00e9s duresa els efectes econ\u00f2mics i socials de la pand\u00e8mia de la COVID19, i que poden quedar fora de el sistema d\u2019ajudes p\u00fabliques o que viuen una situaci\u00f3 d\u2019urg\u00e8ncia.<\/em><\/em><\/li><li><em><em>L\u2019objectiu \u00e9s aconseguir 60.000 euros per donar un suport econ\u00f2mic puntual a m\u00e9s de 600 fam\u00edlies vinculades a l\u2019entitat.<\/em><\/em><\/li><\/ul>\n\n\n\n<p>M\u00e9s de 600 fam\u00edlies que ja estan sent ateses de forma continuada en els programes d\u2019intervenci\u00f3 social de l\u2019<strong>Associaci\u00f3 Benestar i Desenvolupament ABD<\/strong>, ara es troben en una situaci\u00f3 de major vulnerablilitat i de risc d\u2019exclusi\u00f3 social, provocada per la crisi sanit\u00e0ria, econ\u00f2mica i social de la COVID-19. Davant d\u2019aquesta situaci\u00f3, impulsem la campanya&nbsp;<a href=\"http:\/\/abd-ong.mailrelay-iv.es\/newslink\/432239\/925.html\" target=\"_blank\" rel=\"noreferrer noopener\"><em><strong>#JOETVEIG<\/strong><\/em><\/a>&nbsp;mitjan\u00e7ant la qual busquem persones compromeses que ens ajudin a aconseguir 60.000 euros per a frenar la seva situaci\u00f3 d\u2019urg\u00e8ncia, evitar-ne la cronificaci\u00f3 definitiva i lluitar contra el virus de la desigualtat.<\/p>\n\n\n\n<p>\u00abNo puc parlar, no em diguis res m\u00e9s. Estic tot el dia amb ell \u00ab. Laura, 22 anys. \u00abMai abans he hagut de demanar res a ning\u00fa. Ara necessito bodys, bolquers i llet. Demano molt?\u00ab. Amina, 25 anys. Truco, truco, per\u00f2 ning\u00fa em contesta\u00bb. Omaira, 47 anys. \u00abJo no surto a passejar, jo vaig a buscar el lot de menjar\u00bb. Maria, 33 anys. Aquestes s\u00f3n algunes de les moltes hist\u00f2ries de vida que veiem cada dia. Visibilitzar i donar suport a les fam\u00edlies que no es veuen i que viuen confinaments invisibles \u00e9s el nou repte d\u2019ABD per als propers mesos.<\/p>\n\n\n\n<p>Les fam\u00edlies que acompanyem viuen un&nbsp;<strong>confinament invisible<\/strong>&nbsp;a causa que&nbsp;<strong>la seva situaci\u00f3 no els permet accedir amb la urg\u00e8ncia que requereixen als ajuts socials<\/strong>&nbsp;<strong>i de vegades no compleixen els criteris per beneficiar-se\u2019n<\/strong>. Persones invisibilitzades, en situaci\u00f3 administrativa irregular, amb ingressos procedents de l\u2019economia informal, sovint sense contractes, sense documents que acreditin el lloguer o en situaci\u00f3 d\u2019infrahabitatge, sense titularitat dels subministraments el\u00e8ctrics, monomarentals, sense xarxa de suport. Moltes d\u2019elles han perdut la feina i les seves fonts d\u2019ingressos durant la pand\u00e8mia, altres no poden mantenir-lo per incompatibilitat amb la cura de fills i filles o familiars a c\u00e0rrec.<\/p>\n\n\n\n<p>La campanya&nbsp;<a href=\"http:\/\/abd-ong.mailrelay-iv.es\/newslink\/432239\/925.html\" target=\"_blank\" rel=\"noreferrer noopener\"><em><strong>#JOETVEIG<\/strong><\/em><\/a>&nbsp;busca captar aportacions per tal de posar un plat a taula d\u2019una mare i els seus dos fills, per a la compra de bolquers o de productes d\u2019higiene b\u00e0sics, per garantir la llum durant uns mesos o per permetre a una fam\u00edlia tenir almenys un sostre on dormir.&nbsp;<strong>Les donacions es podran realitzar al web de la campanya&nbsp;<a href=\"http:\/\/abd-ong.mailrelay-iv.es\/newslink\/432239\/925.html\" target=\"_blank\" rel=\"noreferrer noopener\"><em>yositeveo.org<\/em><\/a>, trucant a al tel\u00e8fon&nbsp;<em>930.008.027<\/em>&nbsp;o enviant un correu a&nbsp;<em>yositeveo@abd.ong<\/em>.<\/strong><\/p>\n\n\n\n<p>Tenint en compte que la manca d\u2019ingressos es pot allargar molts mesos m\u00e9s i que moltes fam\u00edlies no podran mantenir-se sense el suport d\u2019entitats com ABD i de les persones solid\u00e0ries, emprenem aquesta campanya per mantenir el m\u00e0xim de persones a casa seva i amb les seves necessitats b\u00e0siques cobertes per afavorir el seu proc\u00e9s d\u2019autonomia i benestar, perqu\u00e8 sabem que quan tinguin on recolzar-se, sabran com tirar endavant.<\/p>\n\n\n\n<div class=\"wp-block-buttons is-layout-flex wp-block-buttons-is-layout-flex\">\n<div class=\"wp-block-button\"><a class=\"wp-block-button__link\" href=\"https:\/\/yositeveo.org\/ca\/\">Visita la web de la campanya<\/a><\/div>\n<\/div>\n","protected":false},"excerpt":{"rendered":"<p>L\u2019Associaci\u00f3 Benestar i Desenvolupament ABD posa en marxa la campanya de captaci\u00f3 de donacions #JOETVEIG per donar suport a les fam\u00edlies que estan patint amb m\u00e9s duresa els efectes econ\u00f2mics&hellip;<\/p>\n","protected":false},"author":2,"featured_media":15219,"comment_status":"closed","ping_status":"closed","sticky":false,"template":"","format":"standard","meta":{"_acf_changed":false,"footnotes":""},"categories":[66],"tags":[119,1892,1893,1894],"class_list":["post-15218","post","type-post","status-publish","format-standard","has-post-thumbnail","hentry","category-general-ca","tag-abd","tag-campana-donacion-ca","tag-confinamientos-invisibles-ca","tag-covid-19-2-ca","ods-fam-zero","ods-fi-de-la-pobresa","right-dret-a-la-participacio-ciutadana","right-dret-a-la-salut"],"acf":[],"yoast_head":"<!-- This site is optimized with the Yoast SEO plugin v27.4 - https:\/\/yoast.com\/product\/yoast-seo-wordpress\/ -->\n<title>Es busquen persones compromeses per acabar amb els confinaments invisibles - ABD<\/title>\n<meta name=\"description\" content=\"L\u2019Associaci\u00f3 Benestar i Desenvolupament ABD posa en marxa la campanya de captaci\u00f3 de donacions #JOETVEIG per donar suport a les fam\u00edlies que estan patint\" \/>\n<meta name=\"robots\" content=\"index, follow, max-snippet:-1, max-image-preview:large, max-video-preview:-1\" \/>\n<link rel=\"canonical\" href=\"https:\/\/abd.ong\/ca\/general-ca\/se-buscan-personas-comprometidas-para-acabar-con-los-confinamientos-invisibles\/\" \/>\n<meta property=\"og:locale\" content=\"ca_ES\" \/>\n<meta property=\"og:type\" content=\"article\" \/>\n<meta property=\"og:title\" content=\"Es busquen persones compromeses per acabar amb els confinaments invisibles - ABD\" \/>\n<meta property=\"og:description\" content=\"L\u2019Associaci\u00f3 Benestar i Desenvolupament ABD posa en marxa la campanya de captaci\u00f3 de donacions #JOETVEIG per donar suport a les fam\u00edlies que estan patint\" \/>\n<meta property=\"og:url\" content=\"https:\/\/abd.ong\/ca\/general-ca\/se-buscan-personas-comprometidas-para-acabar-con-los-confinamientos-invisibles\/\" \/>\n<meta property=\"og:site_name\" content=\"ABD\" \/>\n<meta property=\"article:publisher\" content=\"https:\/\/www.facebook.com\/abd.ong\" \/>\n<meta property=\"article:published_time\" content=\"2020-05-12T11:15:58+00:00\" \/>\n<meta property=\"article:modified_time\" content=\"2020-05-12T11:26:06+00:00\" \/>\n<meta property=\"og:image\" content=\"https:\/\/abd.ong\/wp-content\/uploads\/2020\/05\/RRSS_INSTAGRAM10-1200-px.png\" \/>\n\t<meta property=\"og:image:width\" content=\"1200\" \/>\n\t<meta property=\"og:image:height\" content=\"1200\" \/>\n\t<meta property=\"og:image:type\" content=\"image\/png\" \/>\n<meta name=\"author\" content=\"Enric Guinart\" \/>\n<meta name=\"twitter:card\" content=\"summary_large_image\" \/>\n<meta name=\"twitter:creator\" content=\"@abd_ong\" \/>\n<meta name=\"twitter:site\" content=\"@abd_ong\" \/>\n<meta name=\"twitter:label1\" content=\"Escrit per\" \/>\n\t<meta name=\"twitter:data1\" content=\"Enric Guinart\" \/>\n\t<meta name=\"twitter:label2\" content=\"Temps estimat de lectura\" \/>\n\t<meta name=\"twitter:data2\" content=\"3 minuts\" \/>\n<script type=\"application\/ld+json\" class=\"yoast-schema-graph\">{\"@context\":\"https:\\\/\\\/schema.org\",\"@graph\":[{\"@type\":\"Article\",\"@id\":\"https:\\\/\\\/abd.ong\\\/ca\\\/general-ca\\\/se-buscan-personas-comprometidas-para-acabar-con-los-confinamientos-invisibles\\\/#article\",\"isPartOf\":{\"@id\":\"https:\\\/\\\/abd.ong\\\/ca\\\/general-ca\\\/se-buscan-personas-comprometidas-para-acabar-con-los-confinamientos-invisibles\\\/\"},\"author\":{\"name\":\"Enric Guinart\",\"@id\":\"https:\\\/\\\/abd.ong\\\/ca\\\/#\\\/schema\\\/person\\\/d0f5fe279a7ad908de6a6d1332bfd7d8\"},\"headline\":\"Es busquen persones compromeses per acabar amb els confinaments invisibles\",\"datePublished\":\"2020-05-12T11:15:58+00:00\",\"dateModified\":\"2020-05-12T11:26:06+00:00\",\"mainEntityOfPage\":{\"@id\":\"https:\\\/\\\/abd.ong\\\/ca\\\/general-ca\\\/se-buscan-personas-comprometidas-para-acabar-con-los-confinamientos-invisibles\\\/\"},\"wordCount\":580,\"publisher\":{\"@id\":\"https:\\\/\\\/abd.ong\\\/ca\\\/#organization\"},\"image\":{\"@id\":\"https:\\\/\\\/abd.ong\\\/ca\\\/general-ca\\\/se-buscan-personas-comprometidas-para-acabar-con-los-confinamientos-invisibles\\\/#primaryimage\"},\"thumbnailUrl\":\"https:\\\/\\\/abd.ong\\\/wp-content\\\/uploads\\\/2020\\\/05\\\/RRSS_INSTAGRAM10-1200-px.png\",\"keywords\":[\"ABD\",\"campa\u00f1a donaci\u00f3n\",\"confinamientos invisibles\",\"Covid 19\"],\"articleSection\":[\"General\"],\"inLanguage\":\"ca\"},{\"@type\":\"WebPage\",\"@id\":\"https:\\\/\\\/abd.ong\\\/ca\\\/general-ca\\\/se-buscan-personas-comprometidas-para-acabar-con-los-confinamientos-invisibles\\\/\",\"url\":\"https:\\\/\\\/abd.ong\\\/ca\\\/general-ca\\\/se-buscan-personas-comprometidas-para-acabar-con-los-confinamientos-invisibles\\\/\",\"name\":\"Es busquen persones compromeses per acabar amb els confinaments invisibles - ABD\",\"isPartOf\":{\"@id\":\"https:\\\/\\\/abd.ong\\\/ca\\\/#website\"},\"primaryImageOfPage\":{\"@id\":\"https:\\\/\\\/abd.ong\\\/ca\\\/general-ca\\\/se-buscan-personas-comprometidas-para-acabar-con-los-confinamientos-invisibles\\\/#primaryimage\"},\"image\":{\"@id\":\"https:\\\/\\\/abd.ong\\\/ca\\\/general-ca\\\/se-buscan-personas-comprometidas-para-acabar-con-los-confinamientos-invisibles\\\/#primaryimage\"},\"thumbnailUrl\":\"https:\\\/\\\/abd.ong\\\/wp-content\\\/uploads\\\/2020\\\/05\\\/RRSS_INSTAGRAM10-1200-px.png\",\"datePublished\":\"2020-05-12T11:15:58+00:00\",\"dateModified\":\"2020-05-12T11:26:06+00:00\",\"description\":\"L\u2019Associaci\u00f3 Benestar i Desenvolupament ABD posa en marxa la campanya de captaci\u00f3 de donacions #JOETVEIG per donar suport a les fam\u00edlies que estan patint\",\"breadcrumb\":{\"@id\":\"https:\\\/\\\/abd.ong\\\/ca\\\/general-ca\\\/se-buscan-personas-comprometidas-para-acabar-con-los-confinamientos-invisibles\\\/#breadcrumb\"},\"inLanguage\":\"ca\",\"potentialAction\":[{\"@type\":\"ReadAction\",\"target\":[\"https:\\\/\\\/abd.ong\\\/ca\\\/general-ca\\\/se-buscan-personas-comprometidas-para-acabar-con-los-confinamientos-invisibles\\\/\"]}]},{\"@type\":\"ImageObject\",\"inLanguage\":\"ca\",\"@id\":\"https:\\\/\\\/abd.ong\\\/ca\\\/general-ca\\\/se-buscan-personas-comprometidas-para-acabar-con-los-confinamientos-invisibles\\\/#primaryimage\",\"url\":\"https:\\\/\\\/abd.ong\\\/wp-content\\\/uploads\\\/2020\\\/05\\\/RRSS_INSTAGRAM10-1200-px.png\",\"contentUrl\":\"https:\\\/\\\/abd.ong\\\/wp-content\\\/uploads\\\/2020\\\/05\\\/RRSS_INSTAGRAM10-1200-px.png\",\"width\":1200,\"height\":1200},{\"@type\":\"BreadcrumbList\",\"@id\":\"https:\\\/\\\/abd.ong\\\/ca\\\/general-ca\\\/se-buscan-personas-comprometidas-para-acabar-con-los-confinamientos-invisibles\\\/#breadcrumb\",\"itemListElement\":[{\"@type\":\"ListItem\",\"position\":1,\"name\":\"Inici\",\"item\":\"https:\\\/\\\/abd.ong\\\/ca\\\/\"},{\"@type\":\"ListItem\",\"position\":2,\"name\":\"Es busquen persones compromeses per acabar amb els confinaments invisibles\"}]},{\"@type\":\"WebSite\",\"@id\":\"https:\\\/\\\/abd.ong\\\/ca\\\/#website\",\"url\":\"https:\\\/\\\/abd.ong\\\/ca\\\/\",\"name\":\"ABD\",\"description\":\"Asociaci\u00f3n Bienestar y Desarrollo\",\"publisher\":{\"@id\":\"https:\\\/\\\/abd.ong\\\/ca\\\/#organization\"},\"potentialAction\":[{\"@type\":\"SearchAction\",\"target\":{\"@type\":\"EntryPoint\",\"urlTemplate\":\"https:\\\/\\\/abd.ong\\\/ca\\\/?s={search_term_string}\"},\"query-input\":{\"@type\":\"PropertyValueSpecification\",\"valueRequired\":true,\"valueName\":\"search_term_string\"}}],\"inLanguage\":\"ca\"},{\"@type\":\"Organization\",\"@id\":\"https:\\\/\\\/abd.ong\\\/ca\\\/#organization\",\"name\":\"Associaci\u00f3 Benestar i Desenvolupament\",\"alternateName\":\"ABD\",\"url\":\"https:\\\/\\\/abd.ong\\\/ca\\\/\",\"logo\":{\"@type\":\"ImageObject\",\"inLanguage\":\"ca\",\"@id\":\"https:\\\/\\\/abd.ong\\\/ca\\\/#\\\/schema\\\/logo\\\/image\\\/\",\"url\":\"https:\\\/\\\/abd.ong\\\/wp-content\\\/uploads\\\/2023\\\/01\\\/Icona.png\",\"contentUrl\":\"https:\\\/\\\/abd.ong\\\/wp-content\\\/uploads\\\/2023\\\/01\\\/Icona.png\",\"width\":190,\"height\":187,\"caption\":\"Associaci\u00f3 Benestar i Desenvolupament\"},\"image\":{\"@id\":\"https:\\\/\\\/abd.ong\\\/ca\\\/#\\\/schema\\\/logo\\\/image\\\/\"},\"sameAs\":[\"https:\\\/\\\/www.facebook.com\\\/abd.ong\",\"https:\\\/\\\/x.com\\\/abd_ong\",\"https:\\\/\\\/www.instagram.com\\\/abd_ong\\\/\",\"https:\\\/\\\/www.linkedin.com\\\/company\\\/abdong\",\"https:\\\/\\\/www.youtube.com\\\/user\\\/CANALABD\"]},{\"@type\":\"Person\",\"@id\":\"https:\\\/\\\/abd.ong\\\/ca\\\/#\\\/schema\\\/person\\\/d0f5fe279a7ad908de6a6d1332bfd7d8\",\"name\":\"Enric Guinart\"}]}<\/script>\n<!-- \/ Yoast SEO plugin. -->","yoast_head_json":{"title":"Es busquen persones compromeses per acabar amb els confinaments invisibles - ABD","description":"L\u2019Associaci\u00f3 Benestar i Desenvolupament ABD posa en marxa la campanya de captaci\u00f3 de donacions #JOETVEIG per donar suport a les fam\u00edlies que estan patint","robots":{"index":"index","follow":"follow","max-snippet":"max-snippet:-1","max-image-preview":"max-image-preview:large","max-video-preview":"max-video-preview:-1"},"canonical":"https:\/\/abd.ong\/ca\/general-ca\/se-buscan-personas-comprometidas-para-acabar-con-los-confinamientos-invisibles\/","og_locale":"ca_ES","og_type":"article","og_title":"Es busquen persones compromeses per acabar amb els confinaments invisibles - ABD","og_description":"L\u2019Associaci\u00f3 Benestar i Desenvolupament ABD posa en marxa la campanya de captaci\u00f3 de donacions #JOETVEIG per donar suport a les fam\u00edlies que estan patint","og_url":"https:\/\/abd.ong\/ca\/general-ca\/se-buscan-personas-comprometidas-para-acabar-con-los-confinamientos-invisibles\/","og_site_name":"ABD","article_publisher":"https:\/\/www.facebook.com\/abd.ong","article_published_time":"2020-05-12T11:15:58+00:00","article_modified_time":"2020-05-12T11:26:06+00:00","og_image":[{"width":1200,"height":1200,"url":"https:\/\/abd.ong\/wp-content\/uploads\/2020\/05\/RRSS_INSTAGRAM10-1200-px.png","type":"image\/png"}],"author":"Enric Guinart","twitter_card":"summary_large_image","twitter_creator":"@abd_ong","twitter_site":"@abd_ong","twitter_misc":{"Escrit per":"Enric Guinart","Temps estimat de lectura":"3 minuts"},"schema":{"@context":"https:\/\/schema.org","@graph":[{"@type":"Article","@id":"https:\/\/abd.ong\/ca\/general-ca\/se-buscan-personas-comprometidas-para-acabar-con-los-confinamientos-invisibles\/#article","isPartOf":{"@id":"https:\/\/abd.ong\/ca\/general-ca\/se-buscan-personas-comprometidas-para-acabar-con-los-confinamientos-invisibles\/"},"author":{"name":"Enric Guinart","@id":"https:\/\/abd.ong\/ca\/#\/schema\/person\/d0f5fe279a7ad908de6a6d1332bfd7d8"},"headline":"Es busquen persones compromeses per acabar amb els confinaments invisibles","datePublished":"2020-05-12T11:15:58+00:00","dateModified":"2020-05-12T11:26:06+00:00","mainEntityOfPage":{"@id":"https:\/\/abd.ong\/ca\/general-ca\/se-buscan-personas-comprometidas-para-acabar-con-los-confinamientos-invisibles\/"},"wordCount":580,"publisher":{"@id":"https:\/\/abd.ong\/ca\/#organization"},"image":{"@id":"https:\/\/abd.ong\/ca\/general-ca\/se-buscan-personas-comprometidas-para-acabar-con-los-confinamientos-invisibles\/#primaryimage"},"thumbnailUrl":"https:\/\/abd.ong\/wp-content\/uploads\/2020\/05\/RRSS_INSTAGRAM10-1200-px.png","keywords":["ABD","campa\u00f1a donaci\u00f3n","confinamientos invisibles","Covid 19"],"articleSection":["General"],"inLanguage":"ca"},{"@type":"WebPage","@id":"https:\/\/abd.ong\/ca\/general-ca\/se-buscan-personas-comprometidas-para-acabar-con-los-confinamientos-invisibles\/","url":"https:\/\/abd.ong\/ca\/general-ca\/se-buscan-personas-comprometidas-para-acabar-con-los-confinamientos-invisibles\/","name":"Es busquen persones compromeses per acabar amb els confinaments invisibles - ABD","isPartOf":{"@id":"https:\/\/abd.ong\/ca\/#website"},"primaryImageOfPage":{"@id":"https:\/\/abd.ong\/ca\/general-ca\/se-buscan-personas-comprometidas-para-acabar-con-los-confinamientos-invisibles\/#primaryimage"},"image":{"@id":"https:\/\/abd.ong\/ca\/general-ca\/se-buscan-personas-comprometidas-para-acabar-con-los-confinamientos-invisibles\/#primaryimage"},"thumbnailUrl":"https:\/\/abd.ong\/wp-content\/uploads\/2020\/05\/RRSS_INSTAGRAM10-1200-px.png","datePublished":"2020-05-12T11:15:58+00:00","dateModified":"2020-05-12T11:26:06+00:00","description":"L\u2019Associaci\u00f3 Benestar i Desenvolupament ABD posa en marxa la campanya de captaci\u00f3 de donacions #JOETVEIG per donar suport a les fam\u00edlies que estan patint","breadcrumb":{"@id":"https:\/\/abd.ong\/ca\/general-ca\/se-buscan-personas-comprometidas-para-acabar-con-los-confinamientos-invisibles\/#breadcrumb"},"inLanguage":"ca","potentialAction":[{"@type":"ReadAction","target":["https:\/\/abd.ong\/ca\/general-ca\/se-buscan-personas-comprometidas-para-acabar-con-los-confinamientos-invisibles\/"]}]},{"@type":"ImageObject","inLanguage":"ca","@id":"https:\/\/abd.ong\/ca\/general-ca\/se-buscan-personas-comprometidas-para-acabar-con-los-confinamientos-invisibles\/#primaryimage","url":"https:\/\/abd.ong\/wp-content\/uploads\/2020\/05\/RRSS_INSTAGRAM10-1200-px.png","contentUrl":"https:\/\/abd.ong\/wp-content\/uploads\/2020\/05\/RRSS_INSTAGRAM10-1200-px.png","width":1200,"height":1200},{"@type":"BreadcrumbList","@id":"https:\/\/abd.ong\/ca\/general-ca\/se-buscan-personas-comprometidas-para-acabar-con-los-confinamientos-invisibles\/#breadcrumb","itemListElement":[{"@type":"ListItem","position":1,"name":"Inici","item":"https:\/\/abd.ong\/ca\/"},{"@type":"ListItem","position":2,"name":"Es busquen persones compromeses per acabar amb els confinaments invisibles"}]},{"@type":"WebSite","@id":"https:\/\/abd.ong\/ca\/#website","url":"https:\/\/abd.ong\/ca\/","name":"ABD","description":"Asociaci\u00f3n Bienestar y Desarrollo","publisher":{"@id":"https:\/\/abd.ong\/ca\/#organization"},"potentialAction":[{"@type":"SearchAction","target":{"@type":"EntryPoint","urlTemplate":"https:\/\/abd.ong\/ca\/?s={search_term_string}"},"query-input":{"@type":"PropertyValueSpecification","valueRequired":true,"valueName":"search_term_string"}}],"inLanguage":"ca"},{"@type":"Organization","@id":"https:\/\/abd.ong\/ca\/#organization","name":"Associaci\u00f3 Benestar i Desenvolupament","alternateName":"ABD","url":"https:\/\/abd.ong\/ca\/","logo":{"@type":"ImageObject","inLanguage":"ca","@id":"https:\/\/abd.ong\/ca\/#\/schema\/logo\/image\/","url":"https:\/\/abd.ong\/wp-content\/uploads\/2023\/01\/Icona.png","contentUrl":"https:\/\/abd.ong\/wp-content\/uploads\/2023\/01\/Icona.png","width":190,"height":187,"caption":"Associaci\u00f3 Benestar i Desenvolupament"},"image":{"@id":"https:\/\/abd.ong\/ca\/#\/schema\/logo\/image\/"},"sameAs":["https:\/\/www.facebook.com\/abd.ong","https:\/\/x.com\/abd_ong","https:\/\/www.instagram.com\/abd_ong\/","https:\/\/www.linkedin.com\/company\/abdong","https:\/\/www.youtube.com\/user\/CANALABD"]},{"@type":"Person","@id":"https:\/\/abd.ong\/ca\/#\/schema\/person\/d0f5fe279a7ad908de6a6d1332bfd7d8","name":"Enric Guinart"}]}},"_links":{"self":[{"href":"https:\/\/abd.ong\/ca\/wp-json\/wp\/v2\/posts\/15218","targetHints":{"allow":["GET"]}}],"collection":[{"href":"https:\/\/abd.ong\/ca\/wp-json\/wp\/v2\/posts"}],"about":[{"href":"https:\/\/abd.ong\/ca\/wp-json\/wp\/v2\/types\/post"}],"author":[{"embeddable":true,"href":"https:\/\/abd.ong\/ca\/wp-json\/wp\/v2\/users\/2"}],"replies":[{"embeddable":true,"href":"https:\/\/abd.ong\/ca\/wp-json\/wp\/v2\/comments?post=15218"}],"version-history":[{"count":2,"href":"https:\/\/abd.ong\/ca\/wp-json\/wp\/v2\/posts\/15218\/revisions"}],"predecessor-version":[{"id":15224,"href":"https:\/\/abd.ong\/ca\/wp-json\/wp\/v2\/posts\/15218\/revisions\/15224"}],"wp:featuredmedia":[{"embeddable":true,"href":"https:\/\/abd.ong\/ca\/wp-json\/wp\/v2\/media\/15219"}],"wp:attachment":[{"href":"https:\/\/abd.ong\/ca\/wp-json\/wp\/v2\/media?parent=15218"}],"wp:term":[{"taxonomy":"category","embeddable":true,"href":"https:\/\/abd.ong\/ca\/wp-json\/wp\/v2\/categories?post=15218"},{"taxonomy":"post_tag","embeddable":true,"href":"https:\/\/abd.ong\/ca\/wp-json\/wp\/v2\/tags?post=15218"}],"curies":[{"name":"wp","href":"https:\/\/api.w.org\/{rel}","templated":true}]}}