{"id":151463,"date":"2023-06-29T09:54:36","date_gmt":"2023-06-29T07:54:36","guid":{"rendered":"https:\/\/abd.ong\/?p=151463"},"modified":"2023-06-29T14:53:03","modified_gmt":"2023-06-29T12:53:03","slug":"abd-als-mitjans-de-comunicacio-al-juny-3","status":"publish","type":"post","link":"https:\/\/abd.ong\/ca\/general-ca\/abd-als-mitjans-de-comunicacio-al-juny-3\/","title":{"rendered":"ABD als mitjans de comunicaci\u00f3 al juny"},"content":{"rendered":"\n<p>El<a href=\"https:\/\/abd.ong\/ca\/\"><strong> Grup ABD<\/strong><\/a> ha estat present als mitjans de comunicaci\u00f3 durant aquest mes de juny. A continuaci\u00f3, el resum de premsa de les not\u00edcies, articles i reportatges en qu\u00e8 hem participat com a organitzaci\u00f3<\/p>\n\n\n\n<div style=\"height:30px\" aria-hidden=\"true\" class=\"wp-block-spacer\"><\/div>\n\n\n<p><strong>26\/06\/2023 &#8211; 20 Minutos<\/strong><\/p>\n<p><em>M\u00e9s d&#8217;un de cada quatre adults que pateixen un problema de salut mental greu tamb\u00e9 tenen un problema d&#8217;\u00fas indegut de drogues. No obstant aix\u00f2, l&#8217;ab\u00fas de subst\u00e0ncies \u00e9s ja, en si mateix, una malaltia mental o cerebral cr\u00f2nica, a m\u00e9s d&#8217;un problema social, tal com recull el <strong>Manual Diagn\u00f2stic i Estad\u00edstic de Trastorns Mentals (DSM) i assegura Jos\u00e9 Mar\u00eda V\u00e1zquez<\/strong>, Responsable del departament de Psiquiatria de <a href=\"https:\/\/abd.ong\/ca\/\" target=\"_blank\" rel=\"noopener\"><strong>ABD<\/strong><\/a>.<\/em><\/p>\n<p><a href=\"https:\/\/www.20minutos.es\/noticia\/5140852\/0\/-abuso-drogas-causa-discapacidad-hay-que-hacer-campanas-preventivas-para-informar-poblacion-los-riesgos-\/\" target=\"_blank\" rel=\"noopener\">L&#8217;ab\u00fas de drogues, causa de discapacitat: &#8220;Cal fer campanyes preventives per informar la poblaci\u00f3 dels riscos&#8221;<\/a><\/p>\n<p><\/p>\n<p><strong>24\/06\/2023 &#8211; El Nacional<\/strong><\/p>\n<p><em>&#8220;<strong>La coca\u00efna rosa<\/strong> \u00e9s popular perqu\u00e8, tot i que genera uns efectes, permet relacionar-se amb certa normalitat. Per aix\u00f2, creiem que ser\u00e0 una de les m\u00e9s populars a les zones d&#8217;oci com la Costa Brava o d&#8217;altres localitats tur\u00edstiques aquest estiu&#8221;, comenta <strong>Mireia Ventura<\/strong>, la Coordinadora d&#8217;An\u00e0lisi d&#8217;<a href=\"https:\/\/energycontrol.org\/\" target=\"_blank\" rel=\"noopener\"><strong>Energy Control<\/strong><\/a>.<\/em><\/p>\n<p><a href=\"https:\/\/www.elnacional.cat\/es\/sociedad\/expertos-alertan-peligro-extienda-cocaina-rosa-zonas-ocio-costa-brava_1050378_102.html\" target=\"_blank\" rel=\"noopener\">Els experts alerten del perill que s&#8217;estengui la coca\u00efna rosa a les zones d&#8217;oci de la Costa Brava<\/a><\/p>\n<p><\/p>\n<p><strong>23\/06\/2023 &#8211; TV3 Informatius<\/strong><\/p>\n<p><em>A Catalunya, els efectes de l&#8217;emerg\u00e8ncia clim\u00e0tica es noten sobretot amb la sequera actual, per\u00f2 tamb\u00e9 amb l&#8217;augment de temperatures. De fet, els anys m\u00e9s c\u00e0lids des que existeixen registres han estat alguns dels \u00faltims 7 anys, amb un r\u00e8cord l&#8217;any passat. Adaptar-se a aquest escalfament s&#8217;est\u00e0 convertint en una prioritat. Aix\u00f2 \u00e9s el que fa el projecte de <a href=\"https:\/\/abd.ong\/ca\/\" target=\"_blank\" rel=\"noopener\"><strong>ABD<\/strong><\/a>, <a href=\"https:\/\/cooltorise.eu\/\" target=\"_blank\" rel=\"noopener\"><strong>COOLTORISE<\/strong><\/a>.<\/em><\/p>\n<p><a href=\"https:\/\/www.ccma.cat\/tv3\/alacarta\/programa\/laugment-de-les-onades-de-calor-pel-canvi-climatic-obliguen-a-aillar-millor-els-edificis\/video\/6227953\/?fbclid=IwAR3hZwxqngQwrErdq3OxJbmqDkPRa-uLn1ErLciiKd-nh5Si60PgyeIB_dU\" target=\"_blank\" rel=\"noopener\">L&#8217;augment de les onades de calor pel canvi clim\u00e0tic obliga a a\u00efllar millor els edificis<\/a><\/p>\n<p><\/p>\n<p><strong>20\/06\/2023 &#8211; Xarxanet<\/strong><\/p>\n<p><em><strong><a href=\"https:\/\/www.ecoserveis.net\/\" target=\"_blank\" rel=\"noopener\">L&#8217;Associaci\u00f3 Ecoserveis<\/a> i<a href=\"https:\/\/abd.ong\/ca\/\" target=\"_blank\" rel=\"noopener\"> l&#8217;Associaci\u00f3 Benestar i Desenvolupament (ABD)<\/a><\/strong> lideraran a Barcelona i rodalies el projecte<strong> <a href=\"https:\/\/cooltorise.eu\/\" target=\"_blank\" rel=\"noopener\">Cooltorise<\/a><\/strong>, que t\u00e9 com a objectiu minimitzar l&#8217;impacte de la pobresa energ\u00e8tica d&#8217;estiu a les fam\u00edlies en situaci\u00f3 de vulnerabilitat. A trav\u00e9s de diverses accions, entre les quals destaquen intervencions i tallers al voltant d&#8217;estrat\u00e8gies per adaptar-se als episodis de calor, o per optimitzar les factures, fomenten una cultura energ\u00e8tica entre la ciutadania per fer front aquesta lacra invisibilitzada.<\/em><\/p>\n<p><a href=\"https:\/\/xarxanet.org\/ambiental\/noticies\/cultura-energetica-combatre-les-onades-de-calor\" target=\"_blank\" rel=\"noopener\">Cultura energ\u00e8tica per combatre les onades de calor<\/a><\/p>\n<p><\/p>\n<p><strong>15\/06\/2023 &#8211; 65YM\u00c1S<\/strong><\/p>\n<p><em>&#8220;Atendre les persones majors implica fer-ho de manera global, des de diferents perspectives, per cobrir no nom\u00e9s les necessitats f\u00edsiques, sin\u00f3 les emocionals, cognitives, socials i comunit\u00e0ries. Nom\u00e9s aix\u00ed aconseguirem una societat m\u00e9s cohesionada, millorarem el benestar de les persones grans i no deixarem ning\u00fa enrere&#8221;. Comenta<strong> Pilar Rodr\u00edguez<\/strong>, presidenta de la <strong>&#8220;Comissi\u00f3 de la Solitud No Desitjada&#8221;<\/strong> de <a href=\"https:\/\/ceoma.org\/\" target=\"_blank\" rel=\"noopener\"><strong>CEOMA<\/strong><\/a> i<strong> adjunta a ger\u00e8ncia de ABD<\/strong>.<\/em><\/p>\n<p><a href=\"https:\/\/www.65ymas.com\/sociedad\/ceoma-reivindica-cambio-cultural-educacion-no-excluir-mayores-sociedad_51342_102.html\" target=\"_blank\" rel=\"noopener\">CEOMA reivindica un canvi cultural i educatiu per no excloure les persones grans de la societat<\/a><\/p>\n<p><\/p>\n<p><strong>14\/06\/2023 &#8211; La Vanguardia<\/strong><\/p>\n<p><em>La Confederaci\u00f3 Espanyola d&#8217;Organitzacions de Majors <a href=\"https:\/\/ceoma.org\/\" target=\"_blank\" rel=\"noopener\"><strong>(CEOMA)<\/strong><\/a> va reclamar aquest dimecres que la societat civil i les autoritats p\u00fabliques apostin per &#8220;humanitzar&#8221; les relacions intergeneracionals per acabar amb les situacions d&#8217;ab\u00fas i maltractament que pateixen les persones grans.<\/em><\/p>\n<p><a href=\"https:\/\/www.lavanguardia.com\/sociedad\/20230614\/9041013\/ceoma-pide-humanizar-relaciones-intergeneracionales-frente-maltrato-personas-mayores.html\" target=\"_blank\" rel=\"noopener\">Ceoma demana &#8220;humanitzar&#8221; les relacions intergeneracionals davant el maltractament a les persones grans<\/a><\/p>\n<p><\/p>\n<p><strong>13\/06\/2023 &#8211; Cuatro &#8216;En boca de todos&#8217;<\/strong><\/p>\n<p><em>En el programa de Cuatro &#8220;En boca de todos&#8221;, en el minut (37:24) <strong>Claudio Vidal<\/strong>, director d&#8217;<a href=\"https:\/\/energycontrol.org\/\" target=\"_blank\" rel=\"noopener\"><strong>Energy Control<\/strong><\/a>, redueix l&#8217;alarma i la desinformaci\u00f3 del tema de la droga &#8220;<strong>karkubi<\/strong>&#8220;, advertint de la seva minoria com a fenomen i alertant de la triple estigmatitzaci\u00f3 que implica la denominaci\u00f3 de &#8220;droga dels pobres&#8221;.<\/em><\/p>\n<p><a href=\"https:\/\/www.mitele.es\/programas-tv\/en-boca-de-todos\/2023\/programa-304-40_09745034\/player\/\" target=\"_blank\" rel=\"noopener\">Entrevista a Claudio Vidal sobre el Karkubi<\/a><\/p>\n<p><\/p>\n<p><strong>09\/06\/2023 &#8211; El Prat Digital<\/strong><\/p>\n<p><em>Des de l&#8217;espai de la Botiga, preparen uns tallers gastron\u00f2mics amb el nom de<strong> &#8220;Un M\u00f3n de Receptes&#8221;<\/strong>, per con\u00e8ixer i cuinar diferents plats de tot el m\u00f3n. &#8220;Treballem per a la diversitat, utilitzem productes de la Botiga, i a cada secci\u00f3 cada persona ens explica una recepta del seu pa\u00eds i la fem entre totes, \u00e9s un espai d&#8217;uni\u00f3 i de comunitat&#8221;, explica <strong>Marie Ruiz<\/strong>, t\u00e8cnica de<a href=\"https:\/\/abd.ong\/ca\/programes\/la-botiga\/\" target=\"_blank\" rel=\"noopener\"><strong> La Botiga del Prat<\/strong><\/a>.<\/em><\/p>\n<p><a href=\"https:\/\/www.elprat.digital\/radio\/planeta-prat-3410\/?fbclid=PAAaZRVYD4MjleYgahKJmhHKWm-s0utZkce5ooksPeW8p9gjJg1Z0hVhSl5V00\" target=\"_blank\" rel=\"noopener\">Tasta el Prat: La botiga<\/a><\/p>\n<p><\/p>\n<p><strong>05\/06\/2023 &#8211; TeleMadrid<\/strong><\/p>\n<p><em>El &#8220;karkubi&#8221; adquireix un nivell molt elevat de perillositat quan es barreja amb haxix a causa dels efectes d&#8217;alteraci\u00f3 de l&#8217;estat d&#8217;\u00e0nim que pot portar a situacions d&#8217;enorme agressivitat. &#8220;Potencia el propi efecte de l&#8217;haxix i presenta una s\u00e8rie de riscos en dosis altes, com amn\u00e8sia i desenvolupar depend\u00e8ncia&#8221;, comenta <strong>Claudio Vidal<\/strong>, director <strong>d&#8217;<a href=\"https:\/\/energycontrol.org\/\" target=\"_blank\" rel=\"noopener\">Energy Control<\/a><\/strong>, sobre el <strong>&#8220;karkubi&#8221;<\/strong><\/em>.<\/p>\n<p><a href=\"https:\/\/www.telemadrid.es\/noticias\/madrid\/El-karkubi-la-droga-de-los-pobres-aterriza-en-Madrid-0-2566543332--20230605120513.html\" target=\"_blank\" rel=\"noopener\">El karkubi, la &#8216;droga dels pobres&#8217;, aterra a Madrid<\/a><\/p>\n<p><\/p>\n<p><strong>03\/06\/2023 &#8211; NIUS Diario<\/strong><\/p>\n<p><em>&#8220;Quan deixes una subst\u00e0ncia, al teu cap et queda el runr\u00fan. Necessites ocupar el teu temps i molts van perdre la feina i la casa per l&#8217;addicci\u00f3, tenir les matinades ocupades els ajuda terap\u00e8uticament per ocupar la ment, socialitzar i empoderar-se&#8221;, comenta <strong>Edgar Pe\u00f1as<\/strong> promotor i t\u00e8cnic del projecte <a href=\"https:\/\/abd.ong\/ca\/programes\/projecte-fenix\/\" target=\"_blank\" rel=\"noopener\"><strong>&#8220;Jard\u00ed F\u00e8nix&#8221;.<\/strong><\/a><\/em><\/p>\n<p><a href=\"https:\/\/www.niusdiario.es\/espana\/catalunya\/20230603\/huerto-jardi-fenix-desintoxicacion-barcelona-necesitas-ocupar-tiempo-sarria_18_09661578.html\" target=\"_blank\" rel=\"noopener\">Desintoxicaci\u00f3 en un hort terap\u00e8utic de Sarri\u00e0: &#8220;Quan deixes una subst\u00e0ncia, necessites ocupar el temps&#8221;<\/a><\/p>\n<p><\/p>\n<p><strong>03\/06\/2023 &#8211; RTVE TV1<\/strong><\/p>\n<p><em>Cada vegada hi ha m\u00e9s gent que creu que el boxeig, m\u00e9s enll\u00e0 de l&#8217;activitat f\u00edsica, serveix per a divertir-se, per a canviar rols, rutines i horaris. Per a les persones que s\u00f3n drogodependents, pot ser una salvaci\u00f3, tal com demostra el programa que t\u00e9 en marxa l&#8217;Associaci\u00f3 Benestar i Desenvolupament, del qual s&#8217;han beneficiat ja 200 persones. &#8220;El Boxeig serveix per a enfrontar-se a un canvi de vida&#8221;, comenta <strong>\u00c0lex Penas<\/strong>, educador de <a href=\"https:\/\/abd.ong\/ca\/drogues-i-salut\/la-boxa-un-esport-aliat-per-lluitar-contra-les-drogodependencies\/\" target=\"_blank\" rel=\"noopener\"><strong>Fight4fun<\/strong><\/a>.<\/em><\/p>\n<p><a href=\"https:\/\/www.rtve.es\/play\/videos\/linformatiu\/programa-rehabilitacio-drogodependencies-traves-boxa\/6905830\/?s=09\" target=\"_blank\" rel=\"noopener\">L&#8217;esport ajuda a combatre addiccions<\/a><\/p>\n<p><\/p>\n<p><strong>01\/06\/2023 &#8211; NIUS Diario<\/strong><\/p>\n<p><em>&#8220;Per ara, no hi ha evid\u00e8ncies que aquesta subst\u00e0ncia hagi arribat a Espanya. Ja sab\u00edem que als EUA estava causant molts problemes, i per aix\u00f2, ara que ha arribat el nostre pa\u00eds ve\u00ed, no cal baixar la gu\u00e0rdia&#8221;, comenta <strong>Claudio Vidal<\/strong>, director d&#8217;<a href=\"https:\/\/energycontrol.org\/\" target=\"_blank\" rel=\"noopener\"><strong>Energy Control<\/strong><\/a>, sobre l&#8217;aparici\u00f3 de &#8220;la xilacina&#8221; al Regne Unit.<\/em><\/p>\n<p><a href=\"https:\/\/www.niusdiario.es\/sociedad\/sanidad\/20230531\/xilacina-farmaco-caballos-usa-como-droga-llega-europa-no-hay-antidoto-sobredosis_18_09665734.html\" target=\"_blank\" rel=\"noopener\">La xilacina, el f\u00e0rmac per a cavalls usat com a droga, arriba a Europa: &#8220;No t\u00e9 ant\u00eddot en cas de sobredosi&#8221;<\/a><\/p>","protected":false},"excerpt":{"rendered":"<p>El Grup ABD ha estat present als mitjans de comunicaci\u00f3 durant aquest mes de juny. A continuaci\u00f3, el resum de premsa de les not\u00edcies, articles i reportatges en qu\u00e8 hem&hellip;<\/p>\n","protected":false},"author":12,"featured_media":14666,"comment_status":"closed","ping_status":"closed","sticky":false,"template":"","format":"standard","meta":{"_acf_changed":false,"footnotes":""},"categories":[66],"tags":[119,2450,675,3265,2446,175,3264,2260,2299,2300,2396,2305],"class_list":["post-151463","post","type-post","status-publish","format-standard","has-post-thumbnail","hentry","category-general-ca","tag-abd","tag-adolescencia-ca","tag-asociacion-bienestar-y-desarrollo-ca","tag-cocaina-ca","tag-consum-de-drogues-ca","tag-drogas-ca","tag-educacio","tag-joventut","tag-mitjans-de-comunicacio-ca","tag-noticies-ca","tag-reduccio-de-danys-ca","tag-violencia-masclista"],"acf":[],"yoast_head":"<!-- This site is optimized with the Yoast SEO plugin v27.4 - https:\/\/yoast.com\/product\/yoast-seo-wordpress\/ -->\n<title>ABD als mitjans de comunicaci\u00f3 al juny - ABD<\/title>\n<meta name=\"description\" content=\"El Grup ABD ha estat present als mitjans de comunicaci\u00f3 durant aquest mes de juny. A continuaci\u00f3, el resum de premsa de les not\u00edcies, articles i\" \/>\n<meta name=\"robots\" content=\"index, follow, max-snippet:-1, max-image-preview:large, max-video-preview:-1\" \/>\n<link rel=\"canonical\" href=\"https:\/\/abd.ong\/ca\/general-ca\/abd-als-mitjans-de-comunicacio-al-juny-3\/\" \/>\n<meta property=\"og:locale\" content=\"ca_ES\" \/>\n<meta property=\"og:type\" content=\"article\" \/>\n<meta property=\"og:title\" content=\"ABD als mitjans de comunicaci\u00f3 al juny - ABD\" \/>\n<meta property=\"og:description\" content=\"El Grup ABD ha estat present als mitjans de comunicaci\u00f3 durant aquest mes de juny. A continuaci\u00f3, el resum de premsa de les not\u00edcies, articles i\" \/>\n<meta property=\"og:url\" content=\"https:\/\/abd.ong\/ca\/general-ca\/abd-als-mitjans-de-comunicacio-al-juny-3\/\" \/>\n<meta property=\"og:site_name\" content=\"ABD\" \/>\n<meta property=\"article:publisher\" content=\"https:\/\/www.facebook.com\/abd.ong\" \/>\n<meta property=\"article:published_time\" content=\"2023-06-29T07:54:36+00:00\" \/>\n<meta property=\"article:modified_time\" content=\"2023-06-29T12:53:03+00:00\" \/>\n<meta property=\"og:image\" content=\"https:\/\/abd.ong\/wp-content\/uploads\/2020\/05\/old-tv-1149416_1920.jpg\" \/>\n\t<meta property=\"og:image:width\" content=\"1919\" \/>\n\t<meta property=\"og:image:height\" content=\"977\" \/>\n\t<meta property=\"og:image:type\" content=\"image\/jpeg\" \/>\n<meta name=\"author\" content=\"Francesc Balart\" \/>\n<meta name=\"twitter:card\" content=\"summary_large_image\" \/>\n<meta name=\"twitter:creator\" content=\"@abd_ong\" \/>\n<meta name=\"twitter:site\" content=\"@abd_ong\" \/>\n<meta name=\"twitter:label1\" content=\"Escrit per\" \/>\n\t<meta name=\"twitter:data1\" content=\"Francesc Balart\" \/>\n\t<meta name=\"twitter:label2\" content=\"Temps estimat de lectura\" \/>\n\t<meta name=\"twitter:data2\" content=\"5 minuts\" \/>\n<script type=\"application\/ld+json\" class=\"yoast-schema-graph\">{\"@context\":\"https:\\\/\\\/schema.org\",\"@graph\":[{\"@type\":\"Article\",\"@id\":\"https:\\\/\\\/abd.ong\\\/ca\\\/general-ca\\\/abd-als-mitjans-de-comunicacio-al-juny-3\\\/#article\",\"isPartOf\":{\"@id\":\"https:\\\/\\\/abd.ong\\\/ca\\\/general-ca\\\/abd-als-mitjans-de-comunicacio-al-juny-3\\\/\"},\"author\":{\"name\":\"Francesc Balart\",\"@id\":\"https:\\\/\\\/abd.ong\\\/ca\\\/#\\\/schema\\\/person\\\/6bb74ed13fc8bdf3a5382c66db14c9ee\"},\"headline\":\"ABD als mitjans de comunicaci\u00f3 al juny\",\"datePublished\":\"2023-06-29T07:54:36+00:00\",\"dateModified\":\"2023-06-29T12:53:03+00:00\",\"mainEntityOfPage\":{\"@id\":\"https:\\\/\\\/abd.ong\\\/ca\\\/general-ca\\\/abd-als-mitjans-de-comunicacio-al-juny-3\\\/\"},\"wordCount\":1045,\"publisher\":{\"@id\":\"https:\\\/\\\/abd.ong\\\/ca\\\/#organization\"},\"image\":{\"@id\":\"https:\\\/\\\/abd.ong\\\/ca\\\/general-ca\\\/abd-als-mitjans-de-comunicacio-al-juny-3\\\/#primaryimage\"},\"thumbnailUrl\":\"https:\\\/\\\/abd.ong\\\/wp-content\\\/uploads\\\/2020\\\/05\\\/old-tv-1149416_1920.jpg\",\"keywords\":[\"ABD\",\"adolesc\u00e8ncia\",\"Asociaci\u00f3n Bienestar y Desarrollo\",\"coca\u00efna\",\"consum de drogues\",\"drogas\",\"educaci\u00f3\",\"joventut\",\"Mitjans de comunicaci\u00f3\",\"not\u00edcies\",\"reducci\u00f3 de danys\",\"viol\u00e8ncia masclista\"],\"articleSection\":[\"General\"],\"inLanguage\":\"ca\"},{\"@type\":\"WebPage\",\"@id\":\"https:\\\/\\\/abd.ong\\\/ca\\\/general-ca\\\/abd-als-mitjans-de-comunicacio-al-juny-3\\\/\",\"url\":\"https:\\\/\\\/abd.ong\\\/ca\\\/general-ca\\\/abd-als-mitjans-de-comunicacio-al-juny-3\\\/\",\"name\":\"ABD als mitjans de comunicaci\u00f3 al juny - ABD\",\"isPartOf\":{\"@id\":\"https:\\\/\\\/abd.ong\\\/ca\\\/#website\"},\"primaryImageOfPage\":{\"@id\":\"https:\\\/\\\/abd.ong\\\/ca\\\/general-ca\\\/abd-als-mitjans-de-comunicacio-al-juny-3\\\/#primaryimage\"},\"image\":{\"@id\":\"https:\\\/\\\/abd.ong\\\/ca\\\/general-ca\\\/abd-als-mitjans-de-comunicacio-al-juny-3\\\/#primaryimage\"},\"thumbnailUrl\":\"https:\\\/\\\/abd.ong\\\/wp-content\\\/uploads\\\/2020\\\/05\\\/old-tv-1149416_1920.jpg\",\"datePublished\":\"2023-06-29T07:54:36+00:00\",\"dateModified\":\"2023-06-29T12:53:03+00:00\",\"description\":\"El Grup ABD ha estat present als mitjans de comunicaci\u00f3 durant aquest mes de juny. A continuaci\u00f3, el resum de premsa de les not\u00edcies, articles i\",\"breadcrumb\":{\"@id\":\"https:\\\/\\\/abd.ong\\\/ca\\\/general-ca\\\/abd-als-mitjans-de-comunicacio-al-juny-3\\\/#breadcrumb\"},\"inLanguage\":\"ca\",\"potentialAction\":[{\"@type\":\"ReadAction\",\"target\":[\"https:\\\/\\\/abd.ong\\\/ca\\\/general-ca\\\/abd-als-mitjans-de-comunicacio-al-juny-3\\\/\"]}]},{\"@type\":\"ImageObject\",\"inLanguage\":\"ca\",\"@id\":\"https:\\\/\\\/abd.ong\\\/ca\\\/general-ca\\\/abd-als-mitjans-de-comunicacio-al-juny-3\\\/#primaryimage\",\"url\":\"https:\\\/\\\/abd.ong\\\/wp-content\\\/uploads\\\/2020\\\/05\\\/old-tv-1149416_1920.jpg\",\"contentUrl\":\"https:\\\/\\\/abd.ong\\\/wp-content\\\/uploads\\\/2020\\\/05\\\/old-tv-1149416_1920.jpg\",\"width\":1919,\"height\":977,\"caption\":\"medios de comunicaci\u00f3n\"},{\"@type\":\"BreadcrumbList\",\"@id\":\"https:\\\/\\\/abd.ong\\\/ca\\\/general-ca\\\/abd-als-mitjans-de-comunicacio-al-juny-3\\\/#breadcrumb\",\"itemListElement\":[{\"@type\":\"ListItem\",\"position\":1,\"name\":\"Inici\",\"item\":\"https:\\\/\\\/abd.ong\\\/ca\\\/\"},{\"@type\":\"ListItem\",\"position\":2,\"name\":\"ABD als mitjans de comunicaci\u00f3 al juny\"}]},{\"@type\":\"WebSite\",\"@id\":\"https:\\\/\\\/abd.ong\\\/ca\\\/#website\",\"url\":\"https:\\\/\\\/abd.ong\\\/ca\\\/\",\"name\":\"ABD\",\"description\":\"Asociaci\u00f3n Bienestar y Desarrollo\",\"publisher\":{\"@id\":\"https:\\\/\\\/abd.ong\\\/ca\\\/#organization\"},\"potentialAction\":[{\"@type\":\"SearchAction\",\"target\":{\"@type\":\"EntryPoint\",\"urlTemplate\":\"https:\\\/\\\/abd.ong\\\/ca\\\/?s={search_term_string}\"},\"query-input\":{\"@type\":\"PropertyValueSpecification\",\"valueRequired\":true,\"valueName\":\"search_term_string\"}}],\"inLanguage\":\"ca\"},{\"@type\":\"Organization\",\"@id\":\"https:\\\/\\\/abd.ong\\\/ca\\\/#organization\",\"name\":\"Associaci\u00f3 Benestar i Desenvolupament\",\"alternateName\":\"ABD\",\"url\":\"https:\\\/\\\/abd.ong\\\/ca\\\/\",\"logo\":{\"@type\":\"ImageObject\",\"inLanguage\":\"ca\",\"@id\":\"https:\\\/\\\/abd.ong\\\/ca\\\/#\\\/schema\\\/logo\\\/image\\\/\",\"url\":\"https:\\\/\\\/abd.ong\\\/wp-content\\\/uploads\\\/2023\\\/01\\\/Icona.png\",\"contentUrl\":\"https:\\\/\\\/abd.ong\\\/wp-content\\\/uploads\\\/2023\\\/01\\\/Icona.png\",\"width\":190,\"height\":187,\"caption\":\"Associaci\u00f3 Benestar i Desenvolupament\"},\"image\":{\"@id\":\"https:\\\/\\\/abd.ong\\\/ca\\\/#\\\/schema\\\/logo\\\/image\\\/\"},\"sameAs\":[\"https:\\\/\\\/www.facebook.com\\\/abd.ong\",\"https:\\\/\\\/x.com\\\/abd_ong\",\"https:\\\/\\\/www.instagram.com\\\/abd_ong\\\/\",\"https:\\\/\\\/www.linkedin.com\\\/company\\\/abdong\",\"https:\\\/\\\/www.youtube.com\\\/user\\\/CANALABD\"]},{\"@type\":\"Person\",\"@id\":\"https:\\\/\\\/abd.ong\\\/ca\\\/#\\\/schema\\\/person\\\/6bb74ed13fc8bdf3a5382c66db14c9ee\",\"name\":\"Francesc Balart\"}]}<\/script>\n<!-- \/ Yoast SEO plugin. -->","yoast_head_json":{"title":"ABD als mitjans de comunicaci\u00f3 al juny - ABD","description":"El Grup ABD ha estat present als mitjans de comunicaci\u00f3 durant aquest mes de juny. A continuaci\u00f3, el resum de premsa de les not\u00edcies, articles i","robots":{"index":"index","follow":"follow","max-snippet":"max-snippet:-1","max-image-preview":"max-image-preview:large","max-video-preview":"max-video-preview:-1"},"canonical":"https:\/\/abd.ong\/ca\/general-ca\/abd-als-mitjans-de-comunicacio-al-juny-3\/","og_locale":"ca_ES","og_type":"article","og_title":"ABD als mitjans de comunicaci\u00f3 al juny - ABD","og_description":"El Grup ABD ha estat present als mitjans de comunicaci\u00f3 durant aquest mes de juny. A continuaci\u00f3, el resum de premsa de les not\u00edcies, articles i","og_url":"https:\/\/abd.ong\/ca\/general-ca\/abd-als-mitjans-de-comunicacio-al-juny-3\/","og_site_name":"ABD","article_publisher":"https:\/\/www.facebook.com\/abd.ong","article_published_time":"2023-06-29T07:54:36+00:00","article_modified_time":"2023-06-29T12:53:03+00:00","og_image":[{"width":1919,"height":977,"url":"https:\/\/abd.ong\/wp-content\/uploads\/2020\/05\/old-tv-1149416_1920.jpg","type":"image\/jpeg"}],"author":"Francesc Balart","twitter_card":"summary_large_image","twitter_creator":"@abd_ong","twitter_site":"@abd_ong","twitter_misc":{"Escrit per":"Francesc Balart","Temps estimat de lectura":"5 minuts"},"schema":{"@context":"https:\/\/schema.org","@graph":[{"@type":"Article","@id":"https:\/\/abd.ong\/ca\/general-ca\/abd-als-mitjans-de-comunicacio-al-juny-3\/#article","isPartOf":{"@id":"https:\/\/abd.ong\/ca\/general-ca\/abd-als-mitjans-de-comunicacio-al-juny-3\/"},"author":{"name":"Francesc Balart","@id":"https:\/\/abd.ong\/ca\/#\/schema\/person\/6bb74ed13fc8bdf3a5382c66db14c9ee"},"headline":"ABD als mitjans de comunicaci\u00f3 al juny","datePublished":"2023-06-29T07:54:36+00:00","dateModified":"2023-06-29T12:53:03+00:00","mainEntityOfPage":{"@id":"https:\/\/abd.ong\/ca\/general-ca\/abd-als-mitjans-de-comunicacio-al-juny-3\/"},"wordCount":1045,"publisher":{"@id":"https:\/\/abd.ong\/ca\/#organization"},"image":{"@id":"https:\/\/abd.ong\/ca\/general-ca\/abd-als-mitjans-de-comunicacio-al-juny-3\/#primaryimage"},"thumbnailUrl":"https:\/\/abd.ong\/wp-content\/uploads\/2020\/05\/old-tv-1149416_1920.jpg","keywords":["ABD","adolesc\u00e8ncia","Asociaci\u00f3n Bienestar y Desarrollo","coca\u00efna","consum de drogues","drogas","educaci\u00f3","joventut","Mitjans de comunicaci\u00f3","not\u00edcies","reducci\u00f3 de danys","viol\u00e8ncia masclista"],"articleSection":["General"],"inLanguage":"ca"},{"@type":"WebPage","@id":"https:\/\/abd.ong\/ca\/general-ca\/abd-als-mitjans-de-comunicacio-al-juny-3\/","url":"https:\/\/abd.ong\/ca\/general-ca\/abd-als-mitjans-de-comunicacio-al-juny-3\/","name":"ABD als mitjans de comunicaci\u00f3 al juny - ABD","isPartOf":{"@id":"https:\/\/abd.ong\/ca\/#website"},"primaryImageOfPage":{"@id":"https:\/\/abd.ong\/ca\/general-ca\/abd-als-mitjans-de-comunicacio-al-juny-3\/#primaryimage"},"image":{"@id":"https:\/\/abd.ong\/ca\/general-ca\/abd-als-mitjans-de-comunicacio-al-juny-3\/#primaryimage"},"thumbnailUrl":"https:\/\/abd.ong\/wp-content\/uploads\/2020\/05\/old-tv-1149416_1920.jpg","datePublished":"2023-06-29T07:54:36+00:00","dateModified":"2023-06-29T12:53:03+00:00","description":"El Grup ABD ha estat present als mitjans de comunicaci\u00f3 durant aquest mes de juny. A continuaci\u00f3, el resum de premsa de les not\u00edcies, articles i","breadcrumb":{"@id":"https:\/\/abd.ong\/ca\/general-ca\/abd-als-mitjans-de-comunicacio-al-juny-3\/#breadcrumb"},"inLanguage":"ca","potentialAction":[{"@type":"ReadAction","target":["https:\/\/abd.ong\/ca\/general-ca\/abd-als-mitjans-de-comunicacio-al-juny-3\/"]}]},{"@type":"ImageObject","inLanguage":"ca","@id":"https:\/\/abd.ong\/ca\/general-ca\/abd-als-mitjans-de-comunicacio-al-juny-3\/#primaryimage","url":"https:\/\/abd.ong\/wp-content\/uploads\/2020\/05\/old-tv-1149416_1920.jpg","contentUrl":"https:\/\/abd.ong\/wp-content\/uploads\/2020\/05\/old-tv-1149416_1920.jpg","width":1919,"height":977,"caption":"medios de comunicaci\u00f3n"},{"@type":"BreadcrumbList","@id":"https:\/\/abd.ong\/ca\/general-ca\/abd-als-mitjans-de-comunicacio-al-juny-3\/#breadcrumb","itemListElement":[{"@type":"ListItem","position":1,"name":"Inici","item":"https:\/\/abd.ong\/ca\/"},{"@type":"ListItem","position":2,"name":"ABD als mitjans de comunicaci\u00f3 al juny"}]},{"@type":"WebSite","@id":"https:\/\/abd.ong\/ca\/#website","url":"https:\/\/abd.ong\/ca\/","name":"ABD","description":"Asociaci\u00f3n Bienestar y Desarrollo","publisher":{"@id":"https:\/\/abd.ong\/ca\/#organization"},"potentialAction":[{"@type":"SearchAction","target":{"@type":"EntryPoint","urlTemplate":"https:\/\/abd.ong\/ca\/?s={search_term_string}"},"query-input":{"@type":"PropertyValueSpecification","valueRequired":true,"valueName":"search_term_string"}}],"inLanguage":"ca"},{"@type":"Organization","@id":"https:\/\/abd.ong\/ca\/#organization","name":"Associaci\u00f3 Benestar i Desenvolupament","alternateName":"ABD","url":"https:\/\/abd.ong\/ca\/","logo":{"@type":"ImageObject","inLanguage":"ca","@id":"https:\/\/abd.ong\/ca\/#\/schema\/logo\/image\/","url":"https:\/\/abd.ong\/wp-content\/uploads\/2023\/01\/Icona.png","contentUrl":"https:\/\/abd.ong\/wp-content\/uploads\/2023\/01\/Icona.png","width":190,"height":187,"caption":"Associaci\u00f3 Benestar i Desenvolupament"},"image":{"@id":"https:\/\/abd.ong\/ca\/#\/schema\/logo\/image\/"},"sameAs":["https:\/\/www.facebook.com\/abd.ong","https:\/\/x.com\/abd_ong","https:\/\/www.instagram.com\/abd_ong\/","https:\/\/www.linkedin.com\/company\/abdong","https:\/\/www.youtube.com\/user\/CANALABD"]},{"@type":"Person","@id":"https:\/\/abd.ong\/ca\/#\/schema\/person\/6bb74ed13fc8bdf3a5382c66db14c9ee","name":"Francesc Balart"}]}},"_links":{"self":[{"href":"https:\/\/abd.ong\/ca\/wp-json\/wp\/v2\/posts\/151463","targetHints":{"allow":["GET"]}}],"collection":[{"href":"https:\/\/abd.ong\/ca\/wp-json\/wp\/v2\/posts"}],"about":[{"href":"https:\/\/abd.ong\/ca\/wp-json\/wp\/v2\/types\/post"}],"author":[{"embeddable":true,"href":"https:\/\/abd.ong\/ca\/wp-json\/wp\/v2\/users\/12"}],"replies":[{"embeddable":true,"href":"https:\/\/abd.ong\/ca\/wp-json\/wp\/v2\/comments?post=151463"}],"version-history":[{"count":3,"href":"https:\/\/abd.ong\/ca\/wp-json\/wp\/v2\/posts\/151463\/revisions"}],"predecessor-version":[{"id":152870,"href":"https:\/\/abd.ong\/ca\/wp-json\/wp\/v2\/posts\/151463\/revisions\/152870"}],"wp:featuredmedia":[{"embeddable":true,"href":"https:\/\/abd.ong\/ca\/wp-json\/wp\/v2\/media\/14666"}],"wp:attachment":[{"href":"https:\/\/abd.ong\/ca\/wp-json\/wp\/v2\/media?parent=151463"}],"wp:term":[{"taxonomy":"category","embeddable":true,"href":"https:\/\/abd.ong\/ca\/wp-json\/wp\/v2\/categories?post=151463"},{"taxonomy":"post_tag","embeddable":true,"href":"https:\/\/abd.ong\/ca\/wp-json\/wp\/v2\/tags?post=151463"}],"curies":[{"name":"wp","href":"https:\/\/api.w.org\/{rel}","templated":true}]}}