{"id":150486,"date":"2023-05-29T10:20:31","date_gmt":"2023-05-29T08:20:31","guid":{"rendered":"https:\/\/abd.ong\/?p=150486"},"modified":"2023-05-29T11:21:08","modified_gmt":"2023-05-29T09:21:08","slug":"el-grup-abd-rep-el-segell-labora-dorganitzacio-responsable-per-la-contractacio-de-persones-en-situacio-de-vulnerabilitat","status":"publish","type":"post","link":"https:\/\/abd.ong\/ca\/general-ca\/el-grup-abd-rep-el-segell-labora-dorganitzacio-responsable-per-la-contractacio-de-persones-en-situacio-de-vulnerabilitat\/","title":{"rendered":"El Grup ABD rep el segell L\u00e0bora d&#8217;organitzaci\u00f3 responsable per la contractaci\u00f3 de persones en situaci\u00f3 de vulnerabilitat"},"content":{"rendered":"\n<p><a href=\"https:\/\/abd.ong\/ca\/\" target=\"_blank\" rel=\"noopener\">El Grup\u00a0<span class=\"hiddenSpellError\">ABD<\/span><\/a>\u00a0ha rebut el distintiu <strong>d&#8217;Organitzaci\u00f3 Responsable amb el segell\u00a0<span class=\"hiddenSpellError\">L\u00e0bora<\/span><\/strong>, que acredita la seva col\u00b7laboraci\u00f3 amb el<a href=\"https:\/\/ajuntament.barcelona.cat\/serveissocials\/ca\/labora\/presentacio\" target=\"_blank\" rel=\"noopener\"> Programa\u00a0<span class=\"hiddenSpellError\">L\u00e0bora<\/span><\/a>, a trav\u00e9s de la contractaci\u00f3 de persones en situaci\u00f3 de vulnerabilitat, realitzades durant l&#8217;any 2022, vetllant per la igualtat d&#8217;oportunitats de la ciutadania de Barcelona.<\/p>\n\n\n\n<p>Des de fa anys que el grup ABD participa en aquest programa que contribueix directament a l&#8217;hora de generar oportunitats, com tamb\u00e9 en la millora de l&#8217;impacte social del projecte.<\/p>\n\n\n\n<p>El pr\u00f2xim dilluns&nbsp;12 de juny a<a href=\"https:\/\/elbornculturaimemoria.barcelona.cat\/es\/\" target=\"_blank\" rel=\"noopener\"> El Born Centre de Cultura i Mem\u00f2ria de Barcelona<\/a>, se celebrar\u00e0 la <a href=\"https:\/\/ajuntament.barcelona.cat\/serveissocials\/es\/labora\/jornada-espacio-labora\" target=\"_blank\" rel=\"noopener\">VII Jornada de Networking de l&#8217;Espai <span class=\"hiddenSpellError\">L\u00e0bora<\/span><\/a>, en qu\u00e8 representants de serveis socials, entitats socials, empreses, persones participants i membres de governan\u00e7a del programa participaran en una taula rodona i en un espai de networking &#8220;entrevistes directes de treball entre empreses i persones&#8221;, per afavorir l&#8217;ocupabilitat dels col\u00b7lectius en situaci\u00f3 de vulnerabilitat.<\/p>\n\n\n\n<p>A ABD, s&#8217;han beneficiat d&#8217;aquesta iniciativa diversos programes de l&#8217;\u00c0rea d&#8217;inclusi\u00f3 i de pobresa, especialment els punts d&#8217;assessorament energ\u00e8tic (PAE) amb la contractaci\u00f3 de 13 agents energ\u00e8tics.<\/p>\n\n\n\n<div style=\"height:50px\" aria-hidden=\"true\" class=\"wp-block-spacer\"><\/div>\n\n\n\n<figure class=\"wp-block-image size-full is-resized\"><img decoding=\"async\" src=\"https:\/\/abd.ong\/wp-content\/uploads\/2023\/05\/Segell-Labora-2023-4.png\" alt=\"\" class=\"wp-image-150496\" width=\"94\" height=\"211\" srcset=\"https:\/\/abd.ong\/wp-content\/uploads\/2023\/05\/Segell-Labora-2023-4.png 252w, https:\/\/abd.ong\/wp-content\/uploads\/2023\/05\/Segell-Labora-2023-4-134x300.png 134w\" sizes=\"(max-width: 94px) 100vw, 94px\" \/><\/figure>\n\n\n\n<div style=\"height:50px\" aria-hidden=\"true\" class=\"wp-block-spacer\"><\/div>\n\n\n\n<h3 class=\"wp-block-heading\">Sobre el Programa L\u00e0bora<\/h3>\n\n\n\n<div style=\"height:50px\" aria-hidden=\"true\" class=\"wp-block-spacer\"><\/div>\n\n\n\n<p>El Programa\u00a0<span class=\"hiddenSpellError\">L\u00e0bora<\/span>\u00a0\u00e9s una iniciativa dedicada a fomentar l&#8217;ocupaci\u00f3 i propiciar <a href=\"https:\/\/ajuntament.barcelona.cat\/serveissocials\/ca\/labora\/serveis-les-persones\" target=\"_blank\" rel=\"noopener\">la incorporaci\u00f3 de persones<\/a> en situaci\u00f3 de vulnerabilitat al m\u00f3n laboral. A trav\u00e9s d&#8217;aquest projecte,<a href=\"https:\/\/ajuntament.barcelona.cat\/serveissocials\/ca\/labora\/serveis-les-empreses\" target=\"_blank\" rel=\"noopener\"> empreses i entitats<\/a> tenen acc\u00e9s a una \u00e0mplia borsa de candidatures amb persones qualificades i capacitades per fer front a les necessitats de contractaci\u00f3 laboral.<\/p>\n\n\n\n<p>L&#8217;\u00e8xit d&#8217;aquest programa rau en l&#8217;orientaci\u00f3, la formaci\u00f3 i l&#8217;acompanyament personalitzat que cada persona rep, sempre seguint els criteris d&#8217;ocupaci\u00f3 per compet\u00e8ncies. Aix\u00f2 assegura que les persones en situaci\u00f3 de vulnerabilitat tinguin les millors oportunitats per aconseguir una inserci\u00f3 laboral duradora i amb \u00e8xit.<\/p>\n\n\n\n<div style=\"height:50px\" aria-hidden=\"true\" class=\"wp-block-spacer\"><\/div>\n\n\n\n<figure class=\"wp-block-image size-large\"><img fetchpriority=\"high\" decoding=\"async\" width=\"1024\" height=\"698\" src=\"https:\/\/abd.ong\/wp-content\/uploads\/2023\/05\/social.sic_programa_labora-1024x698.jpg\" alt=\"\" class=\"wp-image-150493\" srcset=\"https:\/\/abd.ong\/wp-content\/uploads\/2023\/05\/social.sic_programa_labora-1024x698.jpg 1024w, https:\/\/abd.ong\/wp-content\/uploads\/2023\/05\/social.sic_programa_labora-300x205.jpg 300w, https:\/\/abd.ong\/wp-content\/uploads\/2023\/05\/social.sic_programa_labora-768x524.jpg 768w, https:\/\/abd.ong\/wp-content\/uploads\/2023\/05\/social.sic_programa_labora.jpg 1100w\" sizes=\"(max-width: 1024px) 100vw, 1024px\" \/><\/figure>\n\n\n\n<figure class=\"wp-block-image size-large\"><img decoding=\"async\" width=\"1024\" height=\"724\" src=\"https:\/\/abd.ong\/wp-content\/uploads\/2023\/05\/ASSOCIACIO-BENESTAR-I-DESENVOLUPAMENT-ABD.pdf-2-1024x724.png\" alt=\"\" class=\"wp-image-150506\" srcset=\"https:\/\/abd.ong\/wp-content\/uploads\/2023\/05\/ASSOCIACIO-BENESTAR-I-DESENVOLUPAMENT-ABD.pdf-2-1024x724.png 1024w, https:\/\/abd.ong\/wp-content\/uploads\/2023\/05\/ASSOCIACIO-BENESTAR-I-DESENVOLUPAMENT-ABD.pdf-2-300x212.png 300w, https:\/\/abd.ong\/wp-content\/uploads\/2023\/05\/ASSOCIACIO-BENESTAR-I-DESENVOLUPAMENT-ABD.pdf-2-768x543.png 768w, https:\/\/abd.ong\/wp-content\/uploads\/2023\/05\/ASSOCIACIO-BENESTAR-I-DESENVOLUPAMENT-ABD.pdf-2-1536x1086.png 1536w, https:\/\/abd.ong\/wp-content\/uploads\/2023\/05\/ASSOCIACIO-BENESTAR-I-DESENVOLUPAMENT-ABD.pdf-2.png 2000w\" sizes=\"(max-width: 1024px) 100vw, 1024px\" \/><\/figure>\n","protected":false},"excerpt":{"rendered":"<p>El Grup\u00a0ABD\u00a0ha rebut el distintiu d&#8217;Organitzaci\u00f3 Responsable amb el segell\u00a0L\u00e0bora, que acredita la seva col\u00b7laboraci\u00f3 amb el Programa\u00a0L\u00e0bora, a trav\u00e9s de la contractaci\u00f3 de persones en situaci\u00f3 de vulnerabilitat, realitzades&hellip;<\/p>\n","protected":false},"author":12,"featured_media":150503,"comment_status":"closed","ping_status":"closed","sticky":false,"template":"","format":"standard","meta":{"_acf_changed":false,"footnotes":""},"categories":[66],"tags":[119,137,2877,3466,3560,3561,3562],"class_list":["post-150486","post","type-post","status-publish","format-standard","has-post-thumbnail","hentry","category-general-ca","tag-abd","tag-asociacion-bienestar-y-desarrollo","tag-grup-abd","tag-premi","tag-premis","tag-segell-labora","tag-vii-jornada-de-networking-de-lespai-labora"],"acf":[],"yoast_head":"<!-- This site is optimized with the Yoast SEO plugin v27.4 - https:\/\/yoast.com\/product\/yoast-seo-wordpress\/ -->\n<title>El Grup ABD rep el segell L\u00e0bora d&#039;organitzaci\u00f3 responsable per la contractaci\u00f3 de persones en situaci\u00f3 de vulnerabilitat - ABD<\/title>\n<meta name=\"description\" content=\"El Grup\u00a0ABD\u00a0ha rebut el distintiu d&#039;Organitzaci\u00f3 Responsable amb el segell\u00a0L\u00e0bora, que acredita la seva col\u00b7laboraci\u00f3 amb el Programa\u00a0L\u00e0bora, a trav\u00e9s de\" \/>\n<meta name=\"robots\" content=\"index, follow, max-snippet:-1, max-image-preview:large, max-video-preview:-1\" \/>\n<link rel=\"canonical\" href=\"https:\/\/abd.ong\/ca\/general-ca\/el-grup-abd-rep-el-segell-labora-dorganitzacio-responsable-per-la-contractacio-de-persones-en-situacio-de-vulnerabilitat\/\" \/>\n<meta property=\"og:locale\" content=\"ca_ES\" \/>\n<meta property=\"og:type\" content=\"article\" \/>\n<meta property=\"og:title\" content=\"El Grup ABD rep el segell L\u00e0bora d&#039;organitzaci\u00f3 responsable per la contractaci\u00f3 de persones en situaci\u00f3 de vulnerabilitat - ABD\" \/>\n<meta property=\"og:description\" content=\"El Grup\u00a0ABD\u00a0ha rebut el distintiu d&#039;Organitzaci\u00f3 Responsable amb el segell\u00a0L\u00e0bora, que acredita la seva col\u00b7laboraci\u00f3 amb el Programa\u00a0L\u00e0bora, a trav\u00e9s de\" \/>\n<meta property=\"og:url\" content=\"https:\/\/abd.ong\/ca\/general-ca\/el-grup-abd-rep-el-segell-labora-dorganitzacio-responsable-per-la-contractacio-de-persones-en-situacio-de-vulnerabilitat\/\" \/>\n<meta property=\"og:site_name\" content=\"ABD\" \/>\n<meta property=\"article:publisher\" content=\"https:\/\/www.facebook.com\/abd.ong\" \/>\n<meta property=\"article:published_time\" content=\"2023-05-29T08:20:31+00:00\" \/>\n<meta property=\"article:modified_time\" content=\"2023-05-29T09:21:08+00:00\" \/>\n<meta property=\"og:image\" content=\"https:\/\/abd.ong\/wp-content\/uploads\/2023\/05\/ASSOCIACIO-BENESTAR-I-DESENVOLUPAMENT-ABD.pdf-1.png\" \/>\n\t<meta property=\"og:image:width\" content=\"2000\" \/>\n\t<meta property=\"og:image:height\" content=\"1414\" \/>\n\t<meta property=\"og:image:type\" content=\"image\/png\" \/>\n<meta name=\"author\" content=\"Francesc Balart\" \/>\n<meta name=\"twitter:card\" content=\"summary_large_image\" \/>\n<meta name=\"twitter:creator\" content=\"@abd_ong\" \/>\n<meta name=\"twitter:site\" content=\"@abd_ong\" \/>\n<meta name=\"twitter:label1\" content=\"Escrit per\" \/>\n\t<meta name=\"twitter:data1\" content=\"Francesc Balart\" \/>\n\t<meta name=\"twitter:label2\" content=\"Temps estimat de lectura\" \/>\n\t<meta name=\"twitter:data2\" content=\"2 minuts\" \/>\n<script type=\"application\/ld+json\" class=\"yoast-schema-graph\">{\"@context\":\"https:\\\/\\\/schema.org\",\"@graph\":[{\"@type\":\"Article\",\"@id\":\"https:\\\/\\\/abd.ong\\\/ca\\\/general-ca\\\/el-grup-abd-rep-el-segell-labora-dorganitzacio-responsable-per-la-contractacio-de-persones-en-situacio-de-vulnerabilitat\\\/#article\",\"isPartOf\":{\"@id\":\"https:\\\/\\\/abd.ong\\\/ca\\\/general-ca\\\/el-grup-abd-rep-el-segell-labora-dorganitzacio-responsable-per-la-contractacio-de-persones-en-situacio-de-vulnerabilitat\\\/\"},\"author\":{\"name\":\"Francesc Balart\",\"@id\":\"https:\\\/\\\/abd.ong\\\/ca\\\/#\\\/schema\\\/person\\\/6bb74ed13fc8bdf3a5382c66db14c9ee\"},\"headline\":\"El Grup ABD rep el segell L\u00e0bora d&#8217;organitzaci\u00f3 responsable per la contractaci\u00f3 de persones en situaci\u00f3 de vulnerabilitat\",\"datePublished\":\"2023-05-29T08:20:31+00:00\",\"dateModified\":\"2023-05-29T09:21:08+00:00\",\"mainEntityOfPage\":{\"@id\":\"https:\\\/\\\/abd.ong\\\/ca\\\/general-ca\\\/el-grup-abd-rep-el-segell-labora-dorganitzacio-responsable-per-la-contractacio-de-persones-en-situacio-de-vulnerabilitat\\\/\"},\"wordCount\":329,\"publisher\":{\"@id\":\"https:\\\/\\\/abd.ong\\\/ca\\\/#organization\"},\"image\":{\"@id\":\"https:\\\/\\\/abd.ong\\\/ca\\\/general-ca\\\/el-grup-abd-rep-el-segell-labora-dorganitzacio-responsable-per-la-contractacio-de-persones-en-situacio-de-vulnerabilitat\\\/#primaryimage\"},\"thumbnailUrl\":\"https:\\\/\\\/abd.ong\\\/wp-content\\\/uploads\\\/2023\\\/05\\\/ASSOCIACIO-BENESTAR-I-DESENVOLUPAMENT-ABD.pdf-1.png\",\"keywords\":[\"ABD\",\"Asociaci\u00f3n Bienestar y Desarrollo\",\"grup ABD\",\"premi\",\"premis\",\"segell\u00a0L\u00e1bora\",\"VII Jornada de Networking de l'Espai\u00a0L\u00e1bora\"],\"articleSection\":[\"General\"],\"inLanguage\":\"ca\"},{\"@type\":\"WebPage\",\"@id\":\"https:\\\/\\\/abd.ong\\\/ca\\\/general-ca\\\/el-grup-abd-rep-el-segell-labora-dorganitzacio-responsable-per-la-contractacio-de-persones-en-situacio-de-vulnerabilitat\\\/\",\"url\":\"https:\\\/\\\/abd.ong\\\/ca\\\/general-ca\\\/el-grup-abd-rep-el-segell-labora-dorganitzacio-responsable-per-la-contractacio-de-persones-en-situacio-de-vulnerabilitat\\\/\",\"name\":\"El Grup ABD rep el segell L\u00e0bora d'organitzaci\u00f3 responsable per la contractaci\u00f3 de persones en situaci\u00f3 de vulnerabilitat - ABD\",\"isPartOf\":{\"@id\":\"https:\\\/\\\/abd.ong\\\/ca\\\/#website\"},\"primaryImageOfPage\":{\"@id\":\"https:\\\/\\\/abd.ong\\\/ca\\\/general-ca\\\/el-grup-abd-rep-el-segell-labora-dorganitzacio-responsable-per-la-contractacio-de-persones-en-situacio-de-vulnerabilitat\\\/#primaryimage\"},\"image\":{\"@id\":\"https:\\\/\\\/abd.ong\\\/ca\\\/general-ca\\\/el-grup-abd-rep-el-segell-labora-dorganitzacio-responsable-per-la-contractacio-de-persones-en-situacio-de-vulnerabilitat\\\/#primaryimage\"},\"thumbnailUrl\":\"https:\\\/\\\/abd.ong\\\/wp-content\\\/uploads\\\/2023\\\/05\\\/ASSOCIACIO-BENESTAR-I-DESENVOLUPAMENT-ABD.pdf-1.png\",\"datePublished\":\"2023-05-29T08:20:31+00:00\",\"dateModified\":\"2023-05-29T09:21:08+00:00\",\"description\":\"El Grup\u00a0ABD\u00a0ha rebut el distintiu d'Organitzaci\u00f3 Responsable amb el segell\u00a0L\u00e0bora, que acredita la seva col\u00b7laboraci\u00f3 amb el Programa\u00a0L\u00e0bora, a trav\u00e9s de\",\"breadcrumb\":{\"@id\":\"https:\\\/\\\/abd.ong\\\/ca\\\/general-ca\\\/el-grup-abd-rep-el-segell-labora-dorganitzacio-responsable-per-la-contractacio-de-persones-en-situacio-de-vulnerabilitat\\\/#breadcrumb\"},\"inLanguage\":\"ca\",\"potentialAction\":[{\"@type\":\"ReadAction\",\"target\":[\"https:\\\/\\\/abd.ong\\\/ca\\\/general-ca\\\/el-grup-abd-rep-el-segell-labora-dorganitzacio-responsable-per-la-contractacio-de-persones-en-situacio-de-vulnerabilitat\\\/\"]}]},{\"@type\":\"ImageObject\",\"inLanguage\":\"ca\",\"@id\":\"https:\\\/\\\/abd.ong\\\/ca\\\/general-ca\\\/el-grup-abd-rep-el-segell-labora-dorganitzacio-responsable-per-la-contractacio-de-persones-en-situacio-de-vulnerabilitat\\\/#primaryimage\",\"url\":\"https:\\\/\\\/abd.ong\\\/wp-content\\\/uploads\\\/2023\\\/05\\\/ASSOCIACIO-BENESTAR-I-DESENVOLUPAMENT-ABD.pdf-1.png\",\"contentUrl\":\"https:\\\/\\\/abd.ong\\\/wp-content\\\/uploads\\\/2023\\\/05\\\/ASSOCIACIO-BENESTAR-I-DESENVOLUPAMENT-ABD.pdf-1.png\",\"width\":2000,\"height\":1414},{\"@type\":\"BreadcrumbList\",\"@id\":\"https:\\\/\\\/abd.ong\\\/ca\\\/general-ca\\\/el-grup-abd-rep-el-segell-labora-dorganitzacio-responsable-per-la-contractacio-de-persones-en-situacio-de-vulnerabilitat\\\/#breadcrumb\",\"itemListElement\":[{\"@type\":\"ListItem\",\"position\":1,\"name\":\"Inici\",\"item\":\"https:\\\/\\\/abd.ong\\\/ca\\\/\"},{\"@type\":\"ListItem\",\"position\":2,\"name\":\"El Grup ABD rep el segell L\u00e0bora d&#8217;organitzaci\u00f3 responsable per la contractaci\u00f3 de persones en situaci\u00f3 de vulnerabilitat\"}]},{\"@type\":\"WebSite\",\"@id\":\"https:\\\/\\\/abd.ong\\\/ca\\\/#website\",\"url\":\"https:\\\/\\\/abd.ong\\\/ca\\\/\",\"name\":\"ABD\",\"description\":\"Asociaci\u00f3n Bienestar y Desarrollo\",\"publisher\":{\"@id\":\"https:\\\/\\\/abd.ong\\\/ca\\\/#organization\"},\"potentialAction\":[{\"@type\":\"SearchAction\",\"target\":{\"@type\":\"EntryPoint\",\"urlTemplate\":\"https:\\\/\\\/abd.ong\\\/ca\\\/?s={search_term_string}\"},\"query-input\":{\"@type\":\"PropertyValueSpecification\",\"valueRequired\":true,\"valueName\":\"search_term_string\"}}],\"inLanguage\":\"ca\"},{\"@type\":\"Organization\",\"@id\":\"https:\\\/\\\/abd.ong\\\/ca\\\/#organization\",\"name\":\"Associaci\u00f3 Benestar i Desenvolupament\",\"alternateName\":\"ABD\",\"url\":\"https:\\\/\\\/abd.ong\\\/ca\\\/\",\"logo\":{\"@type\":\"ImageObject\",\"inLanguage\":\"ca\",\"@id\":\"https:\\\/\\\/abd.ong\\\/ca\\\/#\\\/schema\\\/logo\\\/image\\\/\",\"url\":\"https:\\\/\\\/abd.ong\\\/wp-content\\\/uploads\\\/2023\\\/01\\\/Icona.png\",\"contentUrl\":\"https:\\\/\\\/abd.ong\\\/wp-content\\\/uploads\\\/2023\\\/01\\\/Icona.png\",\"width\":190,\"height\":187,\"caption\":\"Associaci\u00f3 Benestar i Desenvolupament\"},\"image\":{\"@id\":\"https:\\\/\\\/abd.ong\\\/ca\\\/#\\\/schema\\\/logo\\\/image\\\/\"},\"sameAs\":[\"https:\\\/\\\/www.facebook.com\\\/abd.ong\",\"https:\\\/\\\/x.com\\\/abd_ong\",\"https:\\\/\\\/www.instagram.com\\\/abd_ong\\\/\",\"https:\\\/\\\/www.linkedin.com\\\/company\\\/abdong\",\"https:\\\/\\\/www.youtube.com\\\/user\\\/CANALABD\"]},{\"@type\":\"Person\",\"@id\":\"https:\\\/\\\/abd.ong\\\/ca\\\/#\\\/schema\\\/person\\\/6bb74ed13fc8bdf3a5382c66db14c9ee\",\"name\":\"Francesc Balart\"}]}<\/script>\n<!-- \/ Yoast SEO plugin. -->","yoast_head_json":{"title":"El Grup ABD rep el segell L\u00e0bora d'organitzaci\u00f3 responsable per la contractaci\u00f3 de persones en situaci\u00f3 de vulnerabilitat - ABD","description":"El Grup\u00a0ABD\u00a0ha rebut el distintiu d'Organitzaci\u00f3 Responsable amb el segell\u00a0L\u00e0bora, que acredita la seva col\u00b7laboraci\u00f3 amb el Programa\u00a0L\u00e0bora, a trav\u00e9s de","robots":{"index":"index","follow":"follow","max-snippet":"max-snippet:-1","max-image-preview":"max-image-preview:large","max-video-preview":"max-video-preview:-1"},"canonical":"https:\/\/abd.ong\/ca\/general-ca\/el-grup-abd-rep-el-segell-labora-dorganitzacio-responsable-per-la-contractacio-de-persones-en-situacio-de-vulnerabilitat\/","og_locale":"ca_ES","og_type":"article","og_title":"El Grup ABD rep el segell L\u00e0bora d'organitzaci\u00f3 responsable per la contractaci\u00f3 de persones en situaci\u00f3 de vulnerabilitat - ABD","og_description":"El Grup\u00a0ABD\u00a0ha rebut el distintiu d'Organitzaci\u00f3 Responsable amb el segell\u00a0L\u00e0bora, que acredita la seva col\u00b7laboraci\u00f3 amb el Programa\u00a0L\u00e0bora, a trav\u00e9s de","og_url":"https:\/\/abd.ong\/ca\/general-ca\/el-grup-abd-rep-el-segell-labora-dorganitzacio-responsable-per-la-contractacio-de-persones-en-situacio-de-vulnerabilitat\/","og_site_name":"ABD","article_publisher":"https:\/\/www.facebook.com\/abd.ong","article_published_time":"2023-05-29T08:20:31+00:00","article_modified_time":"2023-05-29T09:21:08+00:00","og_image":[{"width":2000,"height":1414,"url":"https:\/\/abd.ong\/wp-content\/uploads\/2023\/05\/ASSOCIACIO-BENESTAR-I-DESENVOLUPAMENT-ABD.pdf-1.png","type":"image\/png"}],"author":"Francesc Balart","twitter_card":"summary_large_image","twitter_creator":"@abd_ong","twitter_site":"@abd_ong","twitter_misc":{"Escrit per":"Francesc Balart","Temps estimat de lectura":"2 minuts"},"schema":{"@context":"https:\/\/schema.org","@graph":[{"@type":"Article","@id":"https:\/\/abd.ong\/ca\/general-ca\/el-grup-abd-rep-el-segell-labora-dorganitzacio-responsable-per-la-contractacio-de-persones-en-situacio-de-vulnerabilitat\/#article","isPartOf":{"@id":"https:\/\/abd.ong\/ca\/general-ca\/el-grup-abd-rep-el-segell-labora-dorganitzacio-responsable-per-la-contractacio-de-persones-en-situacio-de-vulnerabilitat\/"},"author":{"name":"Francesc Balart","@id":"https:\/\/abd.ong\/ca\/#\/schema\/person\/6bb74ed13fc8bdf3a5382c66db14c9ee"},"headline":"El Grup ABD rep el segell L\u00e0bora d&#8217;organitzaci\u00f3 responsable per la contractaci\u00f3 de persones en situaci\u00f3 de vulnerabilitat","datePublished":"2023-05-29T08:20:31+00:00","dateModified":"2023-05-29T09:21:08+00:00","mainEntityOfPage":{"@id":"https:\/\/abd.ong\/ca\/general-ca\/el-grup-abd-rep-el-segell-labora-dorganitzacio-responsable-per-la-contractacio-de-persones-en-situacio-de-vulnerabilitat\/"},"wordCount":329,"publisher":{"@id":"https:\/\/abd.ong\/ca\/#organization"},"image":{"@id":"https:\/\/abd.ong\/ca\/general-ca\/el-grup-abd-rep-el-segell-labora-dorganitzacio-responsable-per-la-contractacio-de-persones-en-situacio-de-vulnerabilitat\/#primaryimage"},"thumbnailUrl":"https:\/\/abd.ong\/wp-content\/uploads\/2023\/05\/ASSOCIACIO-BENESTAR-I-DESENVOLUPAMENT-ABD.pdf-1.png","keywords":["ABD","Asociaci\u00f3n Bienestar y Desarrollo","grup ABD","premi","premis","segell\u00a0L\u00e1bora","VII Jornada de Networking de l'Espai\u00a0L\u00e1bora"],"articleSection":["General"],"inLanguage":"ca"},{"@type":"WebPage","@id":"https:\/\/abd.ong\/ca\/general-ca\/el-grup-abd-rep-el-segell-labora-dorganitzacio-responsable-per-la-contractacio-de-persones-en-situacio-de-vulnerabilitat\/","url":"https:\/\/abd.ong\/ca\/general-ca\/el-grup-abd-rep-el-segell-labora-dorganitzacio-responsable-per-la-contractacio-de-persones-en-situacio-de-vulnerabilitat\/","name":"El Grup ABD rep el segell L\u00e0bora d'organitzaci\u00f3 responsable per la contractaci\u00f3 de persones en situaci\u00f3 de vulnerabilitat - ABD","isPartOf":{"@id":"https:\/\/abd.ong\/ca\/#website"},"primaryImageOfPage":{"@id":"https:\/\/abd.ong\/ca\/general-ca\/el-grup-abd-rep-el-segell-labora-dorganitzacio-responsable-per-la-contractacio-de-persones-en-situacio-de-vulnerabilitat\/#primaryimage"},"image":{"@id":"https:\/\/abd.ong\/ca\/general-ca\/el-grup-abd-rep-el-segell-labora-dorganitzacio-responsable-per-la-contractacio-de-persones-en-situacio-de-vulnerabilitat\/#primaryimage"},"thumbnailUrl":"https:\/\/abd.ong\/wp-content\/uploads\/2023\/05\/ASSOCIACIO-BENESTAR-I-DESENVOLUPAMENT-ABD.pdf-1.png","datePublished":"2023-05-29T08:20:31+00:00","dateModified":"2023-05-29T09:21:08+00:00","description":"El Grup\u00a0ABD\u00a0ha rebut el distintiu d'Organitzaci\u00f3 Responsable amb el segell\u00a0L\u00e0bora, que acredita la seva col\u00b7laboraci\u00f3 amb el Programa\u00a0L\u00e0bora, a trav\u00e9s de","breadcrumb":{"@id":"https:\/\/abd.ong\/ca\/general-ca\/el-grup-abd-rep-el-segell-labora-dorganitzacio-responsable-per-la-contractacio-de-persones-en-situacio-de-vulnerabilitat\/#breadcrumb"},"inLanguage":"ca","potentialAction":[{"@type":"ReadAction","target":["https:\/\/abd.ong\/ca\/general-ca\/el-grup-abd-rep-el-segell-labora-dorganitzacio-responsable-per-la-contractacio-de-persones-en-situacio-de-vulnerabilitat\/"]}]},{"@type":"ImageObject","inLanguage":"ca","@id":"https:\/\/abd.ong\/ca\/general-ca\/el-grup-abd-rep-el-segell-labora-dorganitzacio-responsable-per-la-contractacio-de-persones-en-situacio-de-vulnerabilitat\/#primaryimage","url":"https:\/\/abd.ong\/wp-content\/uploads\/2023\/05\/ASSOCIACIO-BENESTAR-I-DESENVOLUPAMENT-ABD.pdf-1.png","contentUrl":"https:\/\/abd.ong\/wp-content\/uploads\/2023\/05\/ASSOCIACIO-BENESTAR-I-DESENVOLUPAMENT-ABD.pdf-1.png","width":2000,"height":1414},{"@type":"BreadcrumbList","@id":"https:\/\/abd.ong\/ca\/general-ca\/el-grup-abd-rep-el-segell-labora-dorganitzacio-responsable-per-la-contractacio-de-persones-en-situacio-de-vulnerabilitat\/#breadcrumb","itemListElement":[{"@type":"ListItem","position":1,"name":"Inici","item":"https:\/\/abd.ong\/ca\/"},{"@type":"ListItem","position":2,"name":"El Grup ABD rep el segell L\u00e0bora d&#8217;organitzaci\u00f3 responsable per la contractaci\u00f3 de persones en situaci\u00f3 de vulnerabilitat"}]},{"@type":"WebSite","@id":"https:\/\/abd.ong\/ca\/#website","url":"https:\/\/abd.ong\/ca\/","name":"ABD","description":"Asociaci\u00f3n Bienestar y Desarrollo","publisher":{"@id":"https:\/\/abd.ong\/ca\/#organization"},"potentialAction":[{"@type":"SearchAction","target":{"@type":"EntryPoint","urlTemplate":"https:\/\/abd.ong\/ca\/?s={search_term_string}"},"query-input":{"@type":"PropertyValueSpecification","valueRequired":true,"valueName":"search_term_string"}}],"inLanguage":"ca"},{"@type":"Organization","@id":"https:\/\/abd.ong\/ca\/#organization","name":"Associaci\u00f3 Benestar i Desenvolupament","alternateName":"ABD","url":"https:\/\/abd.ong\/ca\/","logo":{"@type":"ImageObject","inLanguage":"ca","@id":"https:\/\/abd.ong\/ca\/#\/schema\/logo\/image\/","url":"https:\/\/abd.ong\/wp-content\/uploads\/2023\/01\/Icona.png","contentUrl":"https:\/\/abd.ong\/wp-content\/uploads\/2023\/01\/Icona.png","width":190,"height":187,"caption":"Associaci\u00f3 Benestar i Desenvolupament"},"image":{"@id":"https:\/\/abd.ong\/ca\/#\/schema\/logo\/image\/"},"sameAs":["https:\/\/www.facebook.com\/abd.ong","https:\/\/x.com\/abd_ong","https:\/\/www.instagram.com\/abd_ong\/","https:\/\/www.linkedin.com\/company\/abdong","https:\/\/www.youtube.com\/user\/CANALABD"]},{"@type":"Person","@id":"https:\/\/abd.ong\/ca\/#\/schema\/person\/6bb74ed13fc8bdf3a5382c66db14c9ee","name":"Francesc Balart"}]}},"_links":{"self":[{"href":"https:\/\/abd.ong\/ca\/wp-json\/wp\/v2\/posts\/150486","targetHints":{"allow":["GET"]}}],"collection":[{"href":"https:\/\/abd.ong\/ca\/wp-json\/wp\/v2\/posts"}],"about":[{"href":"https:\/\/abd.ong\/ca\/wp-json\/wp\/v2\/types\/post"}],"author":[{"embeddable":true,"href":"https:\/\/abd.ong\/ca\/wp-json\/wp\/v2\/users\/12"}],"replies":[{"embeddable":true,"href":"https:\/\/abd.ong\/ca\/wp-json\/wp\/v2\/comments?post=150486"}],"version-history":[{"count":3,"href":"https:\/\/abd.ong\/ca\/wp-json\/wp\/v2\/posts\/150486\/revisions"}],"predecessor-version":[{"id":150532,"href":"https:\/\/abd.ong\/ca\/wp-json\/wp\/v2\/posts\/150486\/revisions\/150532"}],"wp:featuredmedia":[{"embeddable":true,"href":"https:\/\/abd.ong\/ca\/wp-json\/wp\/v2\/media\/150503"}],"wp:attachment":[{"href":"https:\/\/abd.ong\/ca\/wp-json\/wp\/v2\/media?parent=150486"}],"wp:term":[{"taxonomy":"category","embeddable":true,"href":"https:\/\/abd.ong\/ca\/wp-json\/wp\/v2\/categories?post=150486"},{"taxonomy":"post_tag","embeddable":true,"href":"https:\/\/abd.ong\/ca\/wp-json\/wp\/v2\/tags?post=150486"}],"curies":[{"name":"wp","href":"https:\/\/api.w.org\/{rel}","templated":true}]}}