{"id":149748,"date":"2023-05-30T09:27:11","date_gmt":"2023-05-30T07:27:11","guid":{"rendered":"https:\/\/abd.ong\/?p=149748"},"modified":"2023-05-30T09:42:48","modified_gmt":"2023-05-30T07:42:48","slug":"abd-als-mitjans-de-comunicacio-al-maig-3","status":"publish","type":"post","link":"https:\/\/abd.ong\/ca\/general-ca\/abd-als-mitjans-de-comunicacio-al-maig-3\/","title":{"rendered":"ABD als mitjans de comunicaci\u00f3 al maig"},"content":{"rendered":"\n<p>El<a href=\"https:\/\/abd.ong\/ca\/\"><strong> Grup ABD<\/strong><\/a> ha estat present als mitjans de comunicaci\u00f3 durant aquest mes de maig. A continuaci\u00f3, el resum de premsa de les not\u00edcies, articles i reportatges en qu\u00e8 hem participat com a organitzaci\u00f3<\/p>\n\n\n\n<div style=\"height:30px\" aria-hidden=\"true\" class=\"wp-block-spacer\"><\/div>\n\n\n<p><strong>22\/05\/2023 \u2013 Xarxa Perif\u00e8rics<\/strong><\/p>\n<p><strong><span class=\"hiddenSpellError\">ABD<\/span>&nbsp;<\/strong>de la m\u00e0 de<strong>&nbsp;Josep Rovira<\/strong>, el director de Drogues, va assistir a la<strong>&nbsp;VII Jornada Perif\u00e8rics<\/strong>, una trobada i intercanvi d\u2019experi\u00e8ncies i coneixements en l\u2019\u00e0mbit de la prevenci\u00f3 de drogues<\/p>\n<p><a href=\"https:\/\/periferics.cat\/cronica-de-la-viia-jornada-periferica-20-anys-vetllant-per-la-prevencio\/\" target=\"_blank\" rel=\"noopener\">Cr\u00f2nica de la&nbsp;<span class=\"hiddenSpellError\">VIIa<\/span>&nbsp;Jornada Perif\u00e8rica:&nbsp;<span class=\"hiddenGreenError\">20<\/span>&nbsp;anys vetllant per la prevenci\u00f3<\/a><\/p>\n<p><strong>21\/05\/2023 \u2013 Betev\u00e9 Informatius<\/strong><\/p>\n<p>En els darrers tres anys a&nbsp;<strong>Jard\u00ed F\u00e8nix<\/strong>&nbsp;<strong>d\u2019<span class=\"hiddenSpellError\">ABD<\/span><\/strong>, ara amb&nbsp;<strong>la Fundaci\u00f3 Ferrer&nbsp;<span class=\"hiddenSpellError\">Sustainability<\/span><\/strong>, se n\u2019han beneficiat m\u00e9s de 56 persones i han recollit m\u00e9s de 150 kg de fruita i verdura ecol\u00f2giques per a&nbsp;<strong>La Botiga del Prat<\/strong><\/p>\n<p><a href=\"https:\/\/beteve.cat\/societat\/consolida-jardi-fenix-hort-terapeutic-persones-drogodependencies\/?utm_medium=social&amp;utm_source=whatsapp&amp;utm_campaign=beteve\" target=\"_blank\" rel=\"noopener\">Es consolida el Jard\u00ed F\u00e8nix, l\u2019hort terap\u00e8utic per a persones amb drogodepend\u00e8ncies<\/a><\/p>\n<p><strong>19\/05\/2023 \u2013 Diari de Salut<\/strong><\/p>\n<p>El director de drogues d\u2019<span class=\"hiddenSpellError\">ABD<\/span>,&nbsp;<strong>Josep Rovira<\/strong>, va participar en el di\u00e0leg entre les autoritats sanit\u00e0ries i la societat civil a la<strong>&nbsp;Rep\u00fablica Dominicana<\/strong>&nbsp;sobre la salut de les persones drogodependents, presentant els serveis de reducci\u00f3 de danys que&nbsp;<span class=\"hiddenSpellError\">ABD<\/span>&nbsp;porta implementant amb \u00e8xit des dels anys&nbsp;<span class=\"hiddenGrammarError\">90<\/span><\/p>\n<p><a href=\"https:\/\/www.diariodesalud.com.do\/texto-diario\/mostrar\/4297926\/autoridades-sanitarias-dialogan-sobre-salud-personas-usan-drogas-rd\" target=\"_blank\" rel=\"noopener\">Autoritats sanit\u00e0ries dialoguen sobre salut de les persones que usen drogues a RD<\/a><\/p>\n<p><strong>19\/05\/2023 \u2013 La Vanguardia \/ EFE<\/strong><\/p>\n<p>\u201cEl jard\u00ed \u00e9s un afegit al proc\u00e9s de rehabilitaci\u00f3 i cal que els usuaris es vegin involucrats en una din\u00e0mica di\u00e0ria que els doni una ocupaci\u00f3 i un espai de relaci\u00f3 amb els altres\u201d, ha comentat&nbsp;<strong>Josep Rovira<\/strong>, director de l\u2019\u00c0rea de Drogues d\u2019<span class=\"hiddenSpellError\">ABD<\/span><span class=\"hiddenGrammarError\">&nbsp;,<\/span>&nbsp;a les Portes Obertes del<a href=\"https:\/\/abd.ong\/ca\/programes\/projecte-fenix\/\" target=\"_blank\" rel=\"noopener\"><strong>&nbsp;Jard\u00ed F\u00e8nix<\/strong><\/a><\/p>\n<p><a href=\"https:\/\/www.lavanguardia.com\/vida\/20230519\/8979620\/cien-drogodependientes-han-pasado-2020-huerto-terapeutico-jardin-fenix.html\" target=\"_blank\" rel=\"noopener\">Uns cent drogodependents han passat des del 2020 per l\u2019hort terap\u00e8utic Jard\u00ed F\u00e8nix<\/a><\/p>\n<p><strong>18\/05\/2023 \u2013 Cr\u00f2nica Global<\/strong><\/p>\n<p>\u201cHem vist que el<strong>&nbsp;<span class=\"hiddenSpellError\">popper<\/span><\/strong>&nbsp;ha sortit d\u2019aquest context i que el seu consum s\u2019ha descentralitzat\u201d comenta&nbsp;<strong><span class=\"hiddenSpellError\">Claudio<\/span>&nbsp;Vidal<\/strong>, el director&nbsp;<strong>d\u2019<span class=\"hiddenSpellError\">Energy<\/span>&nbsp;Control<\/strong><\/p>\n<p><a href=\"https:\/\/cronicaglobal.elespanol.com\/vida\/20230518\/el-popper-los-ambientes-populariza-heteros-me\/764673549_0.html\" target=\"_blank\" rel=\"noopener\">El popper surt dels ambients gais i es popularitza entre els heters: \u201cEm va cremar el nas\u201d<\/a><\/p>\n<p><strong>16\/05\/2023 \u2013 Fundaci\u00f3&nbsp;<span class=\"hiddenSpellError\">iSocial<\/span>&nbsp;\u201cInnovaci\u00f3 a l\u2019acci\u00f3 social\u201d<\/strong><\/p>\n<p>\u201cTreure una nova persona amb el proc\u00e9s terap\u00e8utic\u2026 a trav\u00e9s de l\u2019horticultura i jardineria ecol\u00f2gica, aix\u00f2 \u00e9s el&nbsp;<strong>Jard\u00ed F\u00e8nix<\/strong>\u201d comenta&nbsp;<strong>Edgar&nbsp;<span class=\"hiddenSpellError\">Pe\u00f1as<\/span><\/strong>, Coordinador del projecte<\/p>\n<p><a href=\"https:\/\/isocial.cat\/fenix-jardi-i-hort-terapeutics-per-a-persones-drogodependents\/\" target=\"_blank\" rel=\"noopener\">F\u00e8nix, jard\u00ed i hort terap\u00e8utics per a persones drogodependents<\/a><\/p>\n<p><strong>16\/05\/2023 \u2013 La&nbsp;<span class=\"hiddenGrammarError\">Sexta Not\u00edcies<\/span><\/strong><\/p>\n<p>\u201cL\u2019hem trobat en context d\u2019\u00fas sexualitzat de droga (<strong><span class=\"hiddenSpellError\">Chemsex<\/span><\/strong>) i utilitzada com a substituta de la metamfetamina, la qual t\u00e9 uns efectes m\u00e9s suaus\u201d comenta<strong>&nbsp;<span class=\"hiddenSpellError\">Claudio<\/span>&nbsp;Vidal<\/strong>, director&nbsp;<strong>d\u2019<span class=\"hiddenSpellError\">Energy<\/span>&nbsp;Control<\/strong>&nbsp;sobre l\u2019Alfa&nbsp;<span class=\"hiddenSpellError\">PHIP<\/span><\/p>\n<p><a href=\"https:\/\/www.lasexta.com\/noticias\/sociedad\/que-droga-alfa-phip-nueva-gasolina-practicar-chemsex_202305166463a628277db700015c4fd5.html\" target=\"_blank\" rel=\"noopener\">\u00bfQu\u00e9 es la droga Alfa PHIP?: la nueva gasolina para practicar \u2018chemsex\u2019<\/a><\/p>\n<p><strong>15\/05\/2023 \u2013 El Planteig<\/strong><\/p>\n<p>\u201cLes presons s\u00f3n plenes de gent pobra, que consumeix drogues, que fa petits furts, de mares que es dediquen al&nbsp;<span class=\"hiddenSpellError\">microtr\u00e0fic<\/span>&nbsp;per poder sobreviure amb fills a c\u00e0rrec seu. \u00c9s a dir, estan plenes dels m\u00e9s vulnerables\u201d va comentar&nbsp;<strong>Felisa P\u00e9rez<\/strong>, la vicepresidenta de la Junta Directiva de&nbsp;<strong><span class=\"hiddenSpellError\">RIOD<\/span><\/strong>&nbsp;i la directora t\u00e8cnica&nbsp;<strong>d\u2019<span class=\"hiddenSpellError\">ABD<\/span><\/strong><\/p>\n<p><a href=\"https:\/\/elplanteo.com\/microtrafico\/\" target=\"_blank\" rel=\"noopener\">Qu\u00e8 \u00e9s el microtr\u00e0fic i per qu\u00e8 afecta majorment persones de baixos recursos?<\/a><\/p>\n<p><strong>15\/04\/2023 \u2013 Portal Oficial de l\u2019Estado Argentino<\/strong><\/p>\n<p>El panell \u201cXarxes d\u2019atenci\u00f3 i Model Triple I: experi\u00e8ncies, reptes. Casos d\u2019Argentina i Col\u00f2mbia\u201d del&nbsp;<em><a href=\"https:\/\/riod.org\/xxv-seminario-riod-2\/\" target=\"_blank\" rel=\"noopener\">XXV Seminario Iberoamericano sobre Drogas y Cooperaci\u00f3n<\/a><\/em>, va ser moderat per la vicepresidenta de la Junta Directiva de&nbsp;<strong><span class=\"hiddenSpellError\">RIOD<\/span><\/strong>&nbsp;i directora t\u00e8cnica<strong>&nbsp;d\u2019<span class=\"hiddenSpellError\">ABD<\/span>, Felisa&nbsp;<span class=\"hiddenGrammarError\">P\u00e9rez<\/span><\/strong><\/p>\n<p><a href=\"https:\/\/www.argentina.gob.ar\/noticias\/sedronar-participo-del-xxv-seminario-iberoamericano-sobre-drogas-y-cooperacion#:~:text=La%20titular%20de%20la%20Secretar%C3%ADa,Adicciones%20(RIOD)%2C%20bajo%20el\" target=\"_blank\" rel=\"noopener\">SEDRONAR va participar del XXV Seminari Iberoameric\u00e0 sobre Drogues i Cooperaci\u00f3<\/a><\/p>\n<p><strong>09\/05\/2023 \u2013 La Vanguardia<\/strong><\/p>\n<p>\u201c<strong><span class=\"hiddenSpellError\">Jard\u00edn<\/span>&nbsp;<\/strong><span class=\"hiddenSpellError\"><strong>F\u00e9ni<\/strong>x<\/span>&nbsp;\u00e9s un projecte de l\u2019\u00e0rea de drogues del&nbsp;<strong>Grup&nbsp;<span class=\"hiddenSpellError\">ABD<\/span><\/strong>&nbsp;per millorar la inclusi\u00f3 social i laboral de les persones en tractament de drogodepend\u00e8ncies a trav\u00e9s de l\u2019agroecologia i que tamb\u00e9 vol trencar l\u2019estigma que sovint envolta les persones amb addiccions\u201d comenta<strong>&nbsp;Josep Rovira<\/strong>, director de l\u2019\u00c0rea de Drogues d\u2019<span class=\"hiddenSpellError\">ABD<\/span><\/p>\n<p><a class=\"waffle-rich-text-link\" href=\"https:\/\/www.lavanguardia.com\/vida\/20230509\/8952700\/huerto-terapeutico-ayuda-salir-droga-56-personas-tres-anos.html#:~:text=%2D%20El%20Jard%C3%ADn%20F%C3%A9nix%2C%20un%20huerto,kilos%20de%20fruta%20y%20verdura.&amp;text=Barcelona%2C%209%20may%20(EFE).,-%2D%20El%20Jard%C3%ADn%20F%C3%A9nix\" target=\"_blank\" rel=\"noopener\">Un hort terap\u00e8utic ajuda a sortir de la droga 56 persones en tres anys<\/a><\/p>\n<p><strong>08\/05\/2023 \u2013 R\u00e0dio Cubelles<\/strong><\/p>\n<p>\u201cAquestes xerrades estan adre\u00e7ades a l\u2019alumnat de Cubelles, que portem tot el curs treballant amb el claustre i les t\u00e8cniques de l\u2019ajuntament, sobre diferents temes i<strong>&nbsp;abordem la sexualitat d\u2019una manera positiva<\/strong>, donant informaci\u00f3 objectiva i lliure de prejudicis morals, sobre la salut sexual i l\u2019educaci\u00f3 sexual, intentem promoure l\u2019autonomia i la presa de decisions sobre la mateixa via sexual\u201d comenta<strong>&nbsp;<span class=\"hiddenSpellError\">Aldana<\/span>&nbsp;Men\u00e9ndez<\/strong>, Responsable de Programes de Salut Sexual i VIH&nbsp;<strong>d\u2019<span class=\"hiddenSpellError\">ABD<\/span><\/strong>&nbsp;i del programa&nbsp;<strong><span class=\"hiddenSpellError\">Sexus<\/span><\/strong><\/p>\n<p><a class=\"waffle-rich-text-link\" href=\"http:\/\/www.radiocubelles.cat\/pl5\/noticies\/noticies\/id11313\/aquest-dimecres-10-de-maig-xerrada-sobre-la-diversidad-sexual-i-de-genere.htm\" target=\"_blank\" rel=\"noopener\">Xerrada \u201cDiversitat sexual i de g\u00e8nere\u201d , aquest dimecres 10 de maig<\/a><\/p>\n<p><strong>03\/05\/2023- El Taqu\u00edgrafo<\/strong><\/p>\n<p>Tot i els m\u00faltiples problemes d\u2019inseguretat, brut\u00edcia, tr\u00e0fic de drogues i drogoaddicci\u00f3, els ve\u00efns del&nbsp;<strong>Raval sud<\/strong>&nbsp;s\u2019han mobilitzat per \u201c<span class=\"hiddenSpellError\">reokupar<\/span>\u201d el barri i imposar un nou&nbsp;<span class=\"hiddenGrammarError\">status quo<\/span>: \u201csi enviem els ve\u00efns, els delinq\u00fcents se n\u2019aniran\u201d I \u00e9s que al Raval sud, a prop de Drassanes, hi ha la&nbsp;<strong>Sala Baluard<\/strong>, el centre de&nbsp;<span class=\"hiddenSpellError\">venopunci\u00f3<\/span>&nbsp;on els drogodependents poden assistir per consumir subst\u00e0ncies en un&nbsp;<strong>entorn segur<\/strong><\/p>\n<p><a class=\"waffle-rich-text-link\" href=\"https:\/\/www.eltaquigrafo.com\/articulo\/investigacion\/vecinos-raval-sur-salen-calle-reokupar-barrio\/20230503093540022065.html\" target=\"_blank\" rel=\"noopener\">Els ve\u00efns del Raval sud surten al carrer a \u201creokupar\u201d el barri<\/a><\/p>","protected":false},"excerpt":{"rendered":"<p>El Grup ABD ha estat present als mitjans de comunicaci\u00f3 durant aquest mes de maig. A continuaci\u00f3, el resum de premsa de les not\u00edcies, articles i reportatges en qu\u00e8 hem&hellip;<\/p>\n","protected":false},"author":12,"featured_media":14666,"comment_status":"closed","ping_status":"closed","sticky":false,"template":"","format":"standard","meta":{"_acf_changed":false,"footnotes":""},"categories":[66],"tags":[119,2450,675,3265,2446,175,3264,2260,2299,2300,2396,2305],"class_list":["post-149748","post","type-post","status-publish","format-standard","has-post-thumbnail","hentry","category-general-ca","tag-abd","tag-adolescencia-ca","tag-asociacion-bienestar-y-desarrollo-ca","tag-cocaina-ca","tag-consum-de-drogues-ca","tag-drogas-ca","tag-educacio","tag-joventut","tag-mitjans-de-comunicacio-ca","tag-noticies-ca","tag-reduccio-de-danys-ca","tag-violencia-masclista"],"acf":[],"yoast_head":"<!-- This site is optimized with the Yoast SEO plugin v27.4 - https:\/\/yoast.com\/product\/yoast-seo-wordpress\/ -->\n<title>ABD als mitjans de comunicaci\u00f3 al maig - ABD<\/title>\n<meta name=\"description\" content=\"El Grup ABD ha estat present als mitjans de comunicaci\u00f3 durant aquest mes de maig. A continuaci\u00f3, el resum de premsa de les not\u00edcies, articles i\" \/>\n<meta name=\"robots\" content=\"index, follow, max-snippet:-1, max-image-preview:large, max-video-preview:-1\" \/>\n<link rel=\"canonical\" href=\"https:\/\/abd.ong\/ca\/general-ca\/abd-als-mitjans-de-comunicacio-al-maig-3\/\" \/>\n<meta property=\"og:locale\" content=\"ca_ES\" \/>\n<meta property=\"og:type\" content=\"article\" \/>\n<meta property=\"og:title\" content=\"ABD als mitjans de comunicaci\u00f3 al maig - ABD\" \/>\n<meta property=\"og:description\" content=\"El Grup ABD ha estat present als mitjans de comunicaci\u00f3 durant aquest mes de maig. A continuaci\u00f3, el resum de premsa de les not\u00edcies, articles i\" \/>\n<meta property=\"og:url\" content=\"https:\/\/abd.ong\/ca\/general-ca\/abd-als-mitjans-de-comunicacio-al-maig-3\/\" \/>\n<meta property=\"og:site_name\" content=\"ABD\" \/>\n<meta property=\"article:publisher\" content=\"https:\/\/www.facebook.com\/abd.ong\" \/>\n<meta property=\"article:published_time\" content=\"2023-05-30T07:27:11+00:00\" \/>\n<meta property=\"article:modified_time\" content=\"2023-05-30T07:42:48+00:00\" \/>\n<meta property=\"og:image\" content=\"https:\/\/abd.ong\/wp-content\/uploads\/2020\/05\/old-tv-1149416_1920.jpg\" \/>\n\t<meta property=\"og:image:width\" content=\"1919\" \/>\n\t<meta property=\"og:image:height\" content=\"977\" \/>\n\t<meta property=\"og:image:type\" content=\"image\/jpeg\" \/>\n<meta name=\"author\" content=\"Francesc Balart\" \/>\n<meta name=\"twitter:card\" content=\"summary_large_image\" \/>\n<meta name=\"twitter:creator\" content=\"@abd_ong\" \/>\n<meta name=\"twitter:site\" content=\"@abd_ong\" \/>\n<meta name=\"twitter:label1\" content=\"Escrit per\" \/>\n\t<meta name=\"twitter:data1\" content=\"Francesc Balart\" \/>\n\t<meta name=\"twitter:label2\" content=\"Temps estimat de lectura\" \/>\n\t<meta name=\"twitter:data2\" content=\"5 minuts\" \/>\n<script type=\"application\/ld+json\" class=\"yoast-schema-graph\">{\"@context\":\"https:\\\/\\\/schema.org\",\"@graph\":[{\"@type\":\"Article\",\"@id\":\"https:\\\/\\\/abd.ong\\\/ca\\\/general-ca\\\/abd-als-mitjans-de-comunicacio-al-maig-3\\\/#article\",\"isPartOf\":{\"@id\":\"https:\\\/\\\/abd.ong\\\/ca\\\/general-ca\\\/abd-als-mitjans-de-comunicacio-al-maig-3\\\/\"},\"author\":{\"name\":\"Francesc Balart\",\"@id\":\"https:\\\/\\\/abd.ong\\\/ca\\\/#\\\/schema\\\/person\\\/6bb74ed13fc8bdf3a5382c66db14c9ee\"},\"headline\":\"ABD als mitjans de comunicaci\u00f3 al maig\",\"datePublished\":\"2023-05-30T07:27:11+00:00\",\"dateModified\":\"2023-05-30T07:42:48+00:00\",\"mainEntityOfPage\":{\"@id\":\"https:\\\/\\\/abd.ong\\\/ca\\\/general-ca\\\/abd-als-mitjans-de-comunicacio-al-maig-3\\\/\"},\"wordCount\":933,\"publisher\":{\"@id\":\"https:\\\/\\\/abd.ong\\\/ca\\\/#organization\"},\"image\":{\"@id\":\"https:\\\/\\\/abd.ong\\\/ca\\\/general-ca\\\/abd-als-mitjans-de-comunicacio-al-maig-3\\\/#primaryimage\"},\"thumbnailUrl\":\"https:\\\/\\\/abd.ong\\\/wp-content\\\/uploads\\\/2020\\\/05\\\/old-tv-1149416_1920.jpg\",\"keywords\":[\"ABD\",\"adolesc\u00e8ncia\",\"Asociaci\u00f3n Bienestar y Desarrollo\",\"coca\u00efna\",\"consum de drogues\",\"drogas\",\"educaci\u00f3\",\"joventut\",\"Mitjans de comunicaci\u00f3\",\"not\u00edcies\",\"reducci\u00f3 de danys\",\"viol\u00e8ncia masclista\"],\"articleSection\":[\"General\"],\"inLanguage\":\"ca\"},{\"@type\":\"WebPage\",\"@id\":\"https:\\\/\\\/abd.ong\\\/ca\\\/general-ca\\\/abd-als-mitjans-de-comunicacio-al-maig-3\\\/\",\"url\":\"https:\\\/\\\/abd.ong\\\/ca\\\/general-ca\\\/abd-als-mitjans-de-comunicacio-al-maig-3\\\/\",\"name\":\"ABD als mitjans de comunicaci\u00f3 al maig - ABD\",\"isPartOf\":{\"@id\":\"https:\\\/\\\/abd.ong\\\/ca\\\/#website\"},\"primaryImageOfPage\":{\"@id\":\"https:\\\/\\\/abd.ong\\\/ca\\\/general-ca\\\/abd-als-mitjans-de-comunicacio-al-maig-3\\\/#primaryimage\"},\"image\":{\"@id\":\"https:\\\/\\\/abd.ong\\\/ca\\\/general-ca\\\/abd-als-mitjans-de-comunicacio-al-maig-3\\\/#primaryimage\"},\"thumbnailUrl\":\"https:\\\/\\\/abd.ong\\\/wp-content\\\/uploads\\\/2020\\\/05\\\/old-tv-1149416_1920.jpg\",\"datePublished\":\"2023-05-30T07:27:11+00:00\",\"dateModified\":\"2023-05-30T07:42:48+00:00\",\"description\":\"El Grup ABD ha estat present als mitjans de comunicaci\u00f3 durant aquest mes de maig. A continuaci\u00f3, el resum de premsa de les not\u00edcies, articles i\",\"breadcrumb\":{\"@id\":\"https:\\\/\\\/abd.ong\\\/ca\\\/general-ca\\\/abd-als-mitjans-de-comunicacio-al-maig-3\\\/#breadcrumb\"},\"inLanguage\":\"ca\",\"potentialAction\":[{\"@type\":\"ReadAction\",\"target\":[\"https:\\\/\\\/abd.ong\\\/ca\\\/general-ca\\\/abd-als-mitjans-de-comunicacio-al-maig-3\\\/\"]}]},{\"@type\":\"ImageObject\",\"inLanguage\":\"ca\",\"@id\":\"https:\\\/\\\/abd.ong\\\/ca\\\/general-ca\\\/abd-als-mitjans-de-comunicacio-al-maig-3\\\/#primaryimage\",\"url\":\"https:\\\/\\\/abd.ong\\\/wp-content\\\/uploads\\\/2020\\\/05\\\/old-tv-1149416_1920.jpg\",\"contentUrl\":\"https:\\\/\\\/abd.ong\\\/wp-content\\\/uploads\\\/2020\\\/05\\\/old-tv-1149416_1920.jpg\",\"width\":1919,\"height\":977,\"caption\":\"medios de comunicaci\u00f3n\"},{\"@type\":\"BreadcrumbList\",\"@id\":\"https:\\\/\\\/abd.ong\\\/ca\\\/general-ca\\\/abd-als-mitjans-de-comunicacio-al-maig-3\\\/#breadcrumb\",\"itemListElement\":[{\"@type\":\"ListItem\",\"position\":1,\"name\":\"Inici\",\"item\":\"https:\\\/\\\/abd.ong\\\/ca\\\/\"},{\"@type\":\"ListItem\",\"position\":2,\"name\":\"ABD als mitjans de comunicaci\u00f3 al maig\"}]},{\"@type\":\"WebSite\",\"@id\":\"https:\\\/\\\/abd.ong\\\/ca\\\/#website\",\"url\":\"https:\\\/\\\/abd.ong\\\/ca\\\/\",\"name\":\"ABD\",\"description\":\"Asociaci\u00f3n Bienestar y Desarrollo\",\"publisher\":{\"@id\":\"https:\\\/\\\/abd.ong\\\/ca\\\/#organization\"},\"potentialAction\":[{\"@type\":\"SearchAction\",\"target\":{\"@type\":\"EntryPoint\",\"urlTemplate\":\"https:\\\/\\\/abd.ong\\\/ca\\\/?s={search_term_string}\"},\"query-input\":{\"@type\":\"PropertyValueSpecification\",\"valueRequired\":true,\"valueName\":\"search_term_string\"}}],\"inLanguage\":\"ca\"},{\"@type\":\"Organization\",\"@id\":\"https:\\\/\\\/abd.ong\\\/ca\\\/#organization\",\"name\":\"Associaci\u00f3 Benestar i Desenvolupament\",\"alternateName\":\"ABD\",\"url\":\"https:\\\/\\\/abd.ong\\\/ca\\\/\",\"logo\":{\"@type\":\"ImageObject\",\"inLanguage\":\"ca\",\"@id\":\"https:\\\/\\\/abd.ong\\\/ca\\\/#\\\/schema\\\/logo\\\/image\\\/\",\"url\":\"https:\\\/\\\/abd.ong\\\/wp-content\\\/uploads\\\/2023\\\/01\\\/Icona.png\",\"contentUrl\":\"https:\\\/\\\/abd.ong\\\/wp-content\\\/uploads\\\/2023\\\/01\\\/Icona.png\",\"width\":190,\"height\":187,\"caption\":\"Associaci\u00f3 Benestar i Desenvolupament\"},\"image\":{\"@id\":\"https:\\\/\\\/abd.ong\\\/ca\\\/#\\\/schema\\\/logo\\\/image\\\/\"},\"sameAs\":[\"https:\\\/\\\/www.facebook.com\\\/abd.ong\",\"https:\\\/\\\/x.com\\\/abd_ong\",\"https:\\\/\\\/www.instagram.com\\\/abd_ong\\\/\",\"https:\\\/\\\/www.linkedin.com\\\/company\\\/abdong\",\"https:\\\/\\\/www.youtube.com\\\/user\\\/CANALABD\"]},{\"@type\":\"Person\",\"@id\":\"https:\\\/\\\/abd.ong\\\/ca\\\/#\\\/schema\\\/person\\\/6bb74ed13fc8bdf3a5382c66db14c9ee\",\"name\":\"Francesc Balart\"}]}<\/script>\n<!-- \/ Yoast SEO plugin. -->","yoast_head_json":{"title":"ABD als mitjans de comunicaci\u00f3 al maig - ABD","description":"El Grup ABD ha estat present als mitjans de comunicaci\u00f3 durant aquest mes de maig. A continuaci\u00f3, el resum de premsa de les not\u00edcies, articles i","robots":{"index":"index","follow":"follow","max-snippet":"max-snippet:-1","max-image-preview":"max-image-preview:large","max-video-preview":"max-video-preview:-1"},"canonical":"https:\/\/abd.ong\/ca\/general-ca\/abd-als-mitjans-de-comunicacio-al-maig-3\/","og_locale":"ca_ES","og_type":"article","og_title":"ABD als mitjans de comunicaci\u00f3 al maig - ABD","og_description":"El Grup ABD ha estat present als mitjans de comunicaci\u00f3 durant aquest mes de maig. A continuaci\u00f3, el resum de premsa de les not\u00edcies, articles i","og_url":"https:\/\/abd.ong\/ca\/general-ca\/abd-als-mitjans-de-comunicacio-al-maig-3\/","og_site_name":"ABD","article_publisher":"https:\/\/www.facebook.com\/abd.ong","article_published_time":"2023-05-30T07:27:11+00:00","article_modified_time":"2023-05-30T07:42:48+00:00","og_image":[{"width":1919,"height":977,"url":"https:\/\/abd.ong\/wp-content\/uploads\/2020\/05\/old-tv-1149416_1920.jpg","type":"image\/jpeg"}],"author":"Francesc Balart","twitter_card":"summary_large_image","twitter_creator":"@abd_ong","twitter_site":"@abd_ong","twitter_misc":{"Escrit per":"Francesc Balart","Temps estimat de lectura":"5 minuts"},"schema":{"@context":"https:\/\/schema.org","@graph":[{"@type":"Article","@id":"https:\/\/abd.ong\/ca\/general-ca\/abd-als-mitjans-de-comunicacio-al-maig-3\/#article","isPartOf":{"@id":"https:\/\/abd.ong\/ca\/general-ca\/abd-als-mitjans-de-comunicacio-al-maig-3\/"},"author":{"name":"Francesc Balart","@id":"https:\/\/abd.ong\/ca\/#\/schema\/person\/6bb74ed13fc8bdf3a5382c66db14c9ee"},"headline":"ABD als mitjans de comunicaci\u00f3 al maig","datePublished":"2023-05-30T07:27:11+00:00","dateModified":"2023-05-30T07:42:48+00:00","mainEntityOfPage":{"@id":"https:\/\/abd.ong\/ca\/general-ca\/abd-als-mitjans-de-comunicacio-al-maig-3\/"},"wordCount":933,"publisher":{"@id":"https:\/\/abd.ong\/ca\/#organization"},"image":{"@id":"https:\/\/abd.ong\/ca\/general-ca\/abd-als-mitjans-de-comunicacio-al-maig-3\/#primaryimage"},"thumbnailUrl":"https:\/\/abd.ong\/wp-content\/uploads\/2020\/05\/old-tv-1149416_1920.jpg","keywords":["ABD","adolesc\u00e8ncia","Asociaci\u00f3n Bienestar y Desarrollo","coca\u00efna","consum de drogues","drogas","educaci\u00f3","joventut","Mitjans de comunicaci\u00f3","not\u00edcies","reducci\u00f3 de danys","viol\u00e8ncia masclista"],"articleSection":["General"],"inLanguage":"ca"},{"@type":"WebPage","@id":"https:\/\/abd.ong\/ca\/general-ca\/abd-als-mitjans-de-comunicacio-al-maig-3\/","url":"https:\/\/abd.ong\/ca\/general-ca\/abd-als-mitjans-de-comunicacio-al-maig-3\/","name":"ABD als mitjans de comunicaci\u00f3 al maig - ABD","isPartOf":{"@id":"https:\/\/abd.ong\/ca\/#website"},"primaryImageOfPage":{"@id":"https:\/\/abd.ong\/ca\/general-ca\/abd-als-mitjans-de-comunicacio-al-maig-3\/#primaryimage"},"image":{"@id":"https:\/\/abd.ong\/ca\/general-ca\/abd-als-mitjans-de-comunicacio-al-maig-3\/#primaryimage"},"thumbnailUrl":"https:\/\/abd.ong\/wp-content\/uploads\/2020\/05\/old-tv-1149416_1920.jpg","datePublished":"2023-05-30T07:27:11+00:00","dateModified":"2023-05-30T07:42:48+00:00","description":"El Grup ABD ha estat present als mitjans de comunicaci\u00f3 durant aquest mes de maig. A continuaci\u00f3, el resum de premsa de les not\u00edcies, articles i","breadcrumb":{"@id":"https:\/\/abd.ong\/ca\/general-ca\/abd-als-mitjans-de-comunicacio-al-maig-3\/#breadcrumb"},"inLanguage":"ca","potentialAction":[{"@type":"ReadAction","target":["https:\/\/abd.ong\/ca\/general-ca\/abd-als-mitjans-de-comunicacio-al-maig-3\/"]}]},{"@type":"ImageObject","inLanguage":"ca","@id":"https:\/\/abd.ong\/ca\/general-ca\/abd-als-mitjans-de-comunicacio-al-maig-3\/#primaryimage","url":"https:\/\/abd.ong\/wp-content\/uploads\/2020\/05\/old-tv-1149416_1920.jpg","contentUrl":"https:\/\/abd.ong\/wp-content\/uploads\/2020\/05\/old-tv-1149416_1920.jpg","width":1919,"height":977,"caption":"medios de comunicaci\u00f3n"},{"@type":"BreadcrumbList","@id":"https:\/\/abd.ong\/ca\/general-ca\/abd-als-mitjans-de-comunicacio-al-maig-3\/#breadcrumb","itemListElement":[{"@type":"ListItem","position":1,"name":"Inici","item":"https:\/\/abd.ong\/ca\/"},{"@type":"ListItem","position":2,"name":"ABD als mitjans de comunicaci\u00f3 al maig"}]},{"@type":"WebSite","@id":"https:\/\/abd.ong\/ca\/#website","url":"https:\/\/abd.ong\/ca\/","name":"ABD","description":"Asociaci\u00f3n Bienestar y Desarrollo","publisher":{"@id":"https:\/\/abd.ong\/ca\/#organization"},"potentialAction":[{"@type":"SearchAction","target":{"@type":"EntryPoint","urlTemplate":"https:\/\/abd.ong\/ca\/?s={search_term_string}"},"query-input":{"@type":"PropertyValueSpecification","valueRequired":true,"valueName":"search_term_string"}}],"inLanguage":"ca"},{"@type":"Organization","@id":"https:\/\/abd.ong\/ca\/#organization","name":"Associaci\u00f3 Benestar i Desenvolupament","alternateName":"ABD","url":"https:\/\/abd.ong\/ca\/","logo":{"@type":"ImageObject","inLanguage":"ca","@id":"https:\/\/abd.ong\/ca\/#\/schema\/logo\/image\/","url":"https:\/\/abd.ong\/wp-content\/uploads\/2023\/01\/Icona.png","contentUrl":"https:\/\/abd.ong\/wp-content\/uploads\/2023\/01\/Icona.png","width":190,"height":187,"caption":"Associaci\u00f3 Benestar i Desenvolupament"},"image":{"@id":"https:\/\/abd.ong\/ca\/#\/schema\/logo\/image\/"},"sameAs":["https:\/\/www.facebook.com\/abd.ong","https:\/\/x.com\/abd_ong","https:\/\/www.instagram.com\/abd_ong\/","https:\/\/www.linkedin.com\/company\/abdong","https:\/\/www.youtube.com\/user\/CANALABD"]},{"@type":"Person","@id":"https:\/\/abd.ong\/ca\/#\/schema\/person\/6bb74ed13fc8bdf3a5382c66db14c9ee","name":"Francesc Balart"}]}},"_links":{"self":[{"href":"https:\/\/abd.ong\/ca\/wp-json\/wp\/v2\/posts\/149748","targetHints":{"allow":["GET"]}}],"collection":[{"href":"https:\/\/abd.ong\/ca\/wp-json\/wp\/v2\/posts"}],"about":[{"href":"https:\/\/abd.ong\/ca\/wp-json\/wp\/v2\/types\/post"}],"author":[{"embeddable":true,"href":"https:\/\/abd.ong\/ca\/wp-json\/wp\/v2\/users\/12"}],"replies":[{"embeddable":true,"href":"https:\/\/abd.ong\/ca\/wp-json\/wp\/v2\/comments?post=149748"}],"version-history":[{"count":3,"href":"https:\/\/abd.ong\/ca\/wp-json\/wp\/v2\/posts\/149748\/revisions"}],"predecessor-version":[{"id":150576,"href":"https:\/\/abd.ong\/ca\/wp-json\/wp\/v2\/posts\/149748\/revisions\/150576"}],"wp:featuredmedia":[{"embeddable":true,"href":"https:\/\/abd.ong\/ca\/wp-json\/wp\/v2\/media\/14666"}],"wp:attachment":[{"href":"https:\/\/abd.ong\/ca\/wp-json\/wp\/v2\/media?parent=149748"}],"wp:term":[{"taxonomy":"category","embeddable":true,"href":"https:\/\/abd.ong\/ca\/wp-json\/wp\/v2\/categories?post=149748"},{"taxonomy":"post_tag","embeddable":true,"href":"https:\/\/abd.ong\/ca\/wp-json\/wp\/v2\/tags?post=149748"}],"curies":[{"name":"wp","href":"https:\/\/api.w.org\/{rel}","templated":true}]}}