{"id":148548,"date":"2023-05-09T09:18:35","date_gmt":"2023-05-09T07:18:35","guid":{"rendered":"https:\/\/abd.ong\/?p=148548"},"modified":"2023-05-09T09:52:16","modified_gmt":"2023-05-09T07:52:16","slug":"el-jardi-fenix-fa-un-pas-endavant-i-multiplica-el-seu-impacte-social","status":"publish","type":"post","link":"https:\/\/abd.ong\/ca\/drogues-i-salut\/el-jardi-fenix-fa-un-pas-endavant-i-multiplica-el-seu-impacte-social\/","title":{"rendered":"El Jard\u00ed F\u00e8nix multiplica el seu impacte social de la m\u00e0 de la Fundaci\u00f3 Ferrer Sustainability"},"content":{"rendered":"\n<p><\/p>\n\n<h3 class=\"wp-block-heading\">El projecte d&#8217;hort terap\u00e8utic celebra una nova jornada de portes obertes el divendres 19 de maig de 10 a 12 hores <\/h3>\n\n<div style=\"height:25px\" aria-hidden=\"true\" class=\"wp-block-spacer\"><\/div>\n\n<h3 class=\"wp-block-heading\">Despr\u00e9s de m\u00e9s de 3 anys en funcionament, el Grup ABD consolida el seu projecte d\u2019hort&#13;\nterap\u00e8utic i entra a formar part de la iniciativa \u201cGreen for Good\u201d impulsada per la Fundaci\u00f3&#13;\nFerrer Sustainability<\/h3>\n\n<div style=\"height:50px\" aria-hidden=\"true\" class=\"wp-block-spacer\"><\/div>\n\n<p>El <a href=\"https:\/\/abd.ong\/ca\/programes\/projecte-fenix\/\">Jard\u00ed F\u00e8nix<\/a>, un hort terap\u00e8utic per a persones en tractament de drogodepend\u00e8ncies impulsat pel Grup ABD, obrir\u00e0 les seves portes de nou al barri el divendres 19 de maig de 10h a 12h per explicar la seva evoluci\u00f3 des dels seus inicis el 2020 i fins aquest any en el qual fa un nou pas endavant i multiplica el seu impacte social, gr\u00e0cies al mecenatge de la Fundaci\u00f3 Ferrer Sustainability.<\/p>\n\n<p>El projecte comen\u00e7a durant la pand\u00e8mia de la Covid, com una manera de continuar donant suport a les persones que acudien al Centre d\u2019Atenci\u00f3 i Seguiment a les Drogodepend\u00e8ncies CAS de Sarri\u00e0 oferint un espai de participaci\u00f3 per afavorir la inserci\u00f3 sociolaboral de les persones usu\u00e0ries. Durant aquests anys hi han participat 56 persones i s\u2019han recollit 150 kilos de fruita i verdura ecol\u00f2gica. <\/p>\n\n<div style=\"height:50px\" aria-hidden=\"true\" class=\"wp-block-spacer\"><\/div>\n\n<figure class=\"wp-block-image aligncenter size-large\"><img fetchpriority=\"high\" decoding=\"async\" width=\"724\" height=\"1024\" src=\"https:\/\/abd.ong\/wp-content\/uploads\/2023\/05\/JPG-CARTELL-JF-724x1024.jpg\" alt=\"\" class=\"wp-image-148538\" srcset=\"https:\/\/abd.ong\/wp-content\/uploads\/2023\/05\/JPG-CARTELL-JF-724x1024.jpg 724w, https:\/\/abd.ong\/wp-content\/uploads\/2023\/05\/JPG-CARTELL-JF-212x300.jpg 212w, https:\/\/abd.ong\/wp-content\/uploads\/2023\/05\/JPG-CARTELL-JF-768x1086.jpg 768w, https:\/\/abd.ong\/wp-content\/uploads\/2023\/05\/JPG-CARTELL-JF-1086x1536.jpg 1086w, https:\/\/abd.ong\/wp-content\/uploads\/2023\/05\/JPG-CARTELL-JF-1448x2048.jpg 1448w, https:\/\/abd.ong\/wp-content\/uploads\/2023\/05\/JPG-CARTELL-JF.jpg 1786w\" sizes=\"(max-width: 724px) 100vw, 724px\" \/><\/figure>\n\n<div style=\"height:50px\" aria-hidden=\"true\" class=\"wp-block-spacer\"><\/div>\n\n<h4 class=\"wp-block-heading\">Projecte \u201cGreen for Good\u201d<\/h4>\n\n<div style=\"height:50px\" aria-hidden=\"true\" class=\"wp-block-spacer\"><\/div>\n\n<p>Despr\u00e9s de m\u00e9s de 3 anys, la iniciativa fa un pas m\u00e9s i entra a formar part del projecte&#13;\n\u201cGreen for Good\u201d, impulsat per la <a href=\"https:\/\/fundacioferrersustainability.org\/\">Fundaci\u00f3 Ferrer Sustainability. <\/a>Es tracta d\u2019un projecte d\u2019horticultura urbana social amb l\u2019objectiu de transformar les ciutats perqu\u00e8 siguin m\u00e9s verdes, inclusives, sostenibles i agroregeneratives, a trav\u00e9s de la instal\u00b7laci\u00f3 d\u2019horts socials urbans i periurbans gestionats per persones en situaci\u00f3 de vulnerabilitat.<\/p>\n\n<p>Aix\u00ed, el Jard\u00ed F\u00e8nix, refugi clim\u00e0tic dins la ciutat, \u00e9s el segon hort urb\u00e0 social impulsat per la Fundaci\u00f3, la qual t\u00e9 per objectiu reverdir, a trav\u00e9s d\u2019aquest projecte, un total de 10 hect\u00e0rees dins l\u2019\u00c0rea Metropolitana de Barcelona.<\/p>\n\n<p>Amb aquesta col\u00b7laboraci\u00f3, l\u2019espai cedit per l\u2019Ag\u00e8ncia de Salut P\u00fablica de Barcelona on s\u2019ubica el Jard\u00ed s\u2019ha transformat amb la instal\u00b7laci\u00f3 de jardineres, sistemes de rec i planters per al cultiu d\u2019hortalisses i fruites. Es tracta d\u2019un espai de 1.000m2, en r\u00e8gim de permacultura i on es treballa aplicant t\u00e8cniques de cultiu regeneratiu, el que permet aproximar-se a la producci\u00f3 vegetal de forma respectuosa, ecol\u00f2gica i sostenible, amb un impacte positiu sobre la petjada ecol\u00f2gica que genera la pr\u00f2pia activitat agr\u00edcola.<\/p>\n\n<p>A m\u00e9s, les persones usu\u00e0ries rebran formaci\u00f3 en agricultura ecol\u00f2gica i seran les&#13;\nencarregades de mantenir el jard\u00ed. Els aliments resultants es destinen a serveis socials,&#13;\nconcretament a <a href=\"https:\/\/abd.ong\/ca\/desigualtat\/neix-la-botiga-un-projecte-de-transformacio-social-per-a-garantir-el-dret-a-una-alimentacio-saludable-a-les-llars-en-situacio-de-vulnerabilitat\/\">La Botiga del Prat<\/a>, de manera que les persones que participen al Jard\u00ed&#13;\nF\u00e8nix tenen la possibilitat de multiplicar l\u2019impacte social que reben ajudant a altres persones.<\/p>\n\n<div style=\"height:50px\" aria-hidden=\"true\" class=\"wp-block-spacer\"><\/div>\n\n<h4 class=\"wp-block-heading\">Sobre el Jard\u00ed F\u00e8nix i ABD<\/h4>\n\n<div style=\"height:50px\" aria-hidden=\"true\" class=\"wp-block-spacer\"><\/div>\n\n<p>Jard\u00ed F\u00e8nix \u00e9s un projecte de l\u2019\u00e0rea de drogues del grup ABD per millorar la inclusi\u00f3 social i laboral de les persones en tractament de drogodepend\u00e8ncies a trav\u00e9s de l\u2019agroecologia. Sota el lema<em> Conreant noves oportunitats<\/em>, vol trencar tamb\u00e9 l\u2019estigma que sovint envolta les persones amb addiccions. La iniciativa es desenvolupa al jard\u00ed del Centre d\u2019Atenci\u00f3 i Seguiment CAS de Sarri\u00e0 -espai cedit per l\u2019<a href=\"https:\/\/www.aspb.cat\/\">Ag\u00e8ncia de Salut P\u00fablica de Barcelona ASPB<\/a>&#8211; i tamb\u00e9 compta amb la col\u00b7laboraci\u00f3 del <a href=\"https:\/\/www.arquitectes.cat\/\">Col\u00b7legi d\u2019Arquitectes de Catalunya (COAC)<\/a> que s\u2019encarrega de l\u2019arranjament d\u2019alguns espais.<\/p>\n\n<div style=\"height:50px\" aria-hidden=\"true\" class=\"wp-block-spacer\"><\/div>\n\n<h4 class=\"wp-block-heading\">Sobre la Fundaci\u00f3 Ferrer Sustainability <\/h4>\n\n<div style=\"height:50px\" aria-hidden=\"true\" class=\"wp-block-spacer\"><\/div>\n\n<p>La Fundaci\u00f3 Ferrer Sustainability t\u00e9 per objectiu transformar vides i treballar per una societat m\u00e9s equitativa i justa, mitjan\u00e7ant la cohesi\u00f3 social i la preservaci\u00f3 del medi ambient. Actualment compta amb dos grans projectes: la cuina social Ferrer for food i el projecte d\u2019horticultura urbana social Green for good, a trav\u00e9s dels quals persegueix generar el m\u00e0xim impacte en benefici de les persones i del planeta. M\u00e9s informaci\u00f3 a <a href=\"https:\/\/fundacioferrersustainability.org\/\">www.fundacioferrersustainability.org<\/a><\/p>\n","protected":false},"excerpt":{"rendered":"<p>El projecte d&#8217;hort terap\u00e8utic celebra una nova jornada de portes obertes el divendres 19 de maig de 10 a 12 hores Despr\u00e9s de m\u00e9s de 3 anys en funcionament, el&hellip;<\/p>\n","protected":false},"author":2,"featured_media":148544,"comment_status":"closed","ping_status":"closed","sticky":false,"template":"","format":"standard","meta":{"_acf_changed":false,"footnotes":""},"categories":[1301],"tags":[1897,675,175,610,2877,3488,3487,2396],"class_list":["post-148548","post","type-post","status-publish","format-standard","has-post-thumbnail","hentry","category-drogues-i-salut","tag-abd-2-ca","tag-asociacion-bienestar-y-desarrollo-ca","tag-drogas-ca","tag-drogodependencias-ca","tag-grup-abd","tag-hort-terapeutic","tag-jardi-fenix-ca-2","tag-reduccio-de-danys-ca"],"acf":[],"yoast_head":"<!-- This site is optimized with the Yoast SEO plugin v27.4 - https:\/\/yoast.com\/product\/yoast-seo-wordpress\/ -->\n<title>El Jard\u00ed F\u00e8nix multiplica el seu impacte social de la m\u00e0 de la Fundaci\u00f3 Ferrer Sustainability - ABD<\/title>\n<meta name=\"description\" content=\"El projecte d&#039;hort terap\u00e8utic celebra una nova jornada de portes obertes el divendres 19 de maig de 10 a 12 hores Despr\u00e9s de m\u00e9s de 3 anys en\" \/>\n<meta name=\"robots\" content=\"index, follow, max-snippet:-1, max-image-preview:large, max-video-preview:-1\" \/>\n<link rel=\"canonical\" href=\"https:\/\/abd.ong\/ca\/drogues-i-salut\/el-jardi-fenix-fa-un-pas-endavant-i-multiplica-el-seu-impacte-social\/\" \/>\n<meta property=\"og:locale\" content=\"ca_ES\" \/>\n<meta property=\"og:type\" content=\"article\" \/>\n<meta property=\"og:title\" content=\"El Jard\u00ed F\u00e8nix multiplica el seu impacte social de la m\u00e0 de la Fundaci\u00f3 Ferrer Sustainability - ABD\" \/>\n<meta property=\"og:description\" content=\"El projecte d&#039;hort terap\u00e8utic celebra una nova jornada de portes obertes el divendres 19 de maig de 10 a 12 hores Despr\u00e9s de m\u00e9s de 3 anys en\" \/>\n<meta property=\"og:url\" content=\"https:\/\/abd.ong\/ca\/drogues-i-salut\/el-jardi-fenix-fa-un-pas-endavant-i-multiplica-el-seu-impacte-social\/\" \/>\n<meta property=\"og:site_name\" content=\"ABD\" \/>\n<meta property=\"article:publisher\" content=\"https:\/\/www.facebook.com\/abd.ong\" \/>\n<meta property=\"article:published_time\" content=\"2023-05-09T07:18:35+00:00\" \/>\n<meta property=\"article:modified_time\" content=\"2023-05-09T07:52:16+00:00\" \/>\n<meta property=\"og:image\" content=\"https:\/\/abd.ong\/wp-content\/uploads\/2023\/05\/IMG_1390.jpeg\" \/>\n\t<meta property=\"og:image:width\" content=\"2048\" \/>\n\t<meta property=\"og:image:height\" content=\"1536\" \/>\n\t<meta property=\"og:image:type\" content=\"image\/jpeg\" \/>\n<meta name=\"author\" content=\"Enric Guinart\" \/>\n<meta name=\"twitter:card\" content=\"summary_large_image\" \/>\n<meta name=\"twitter:creator\" content=\"@abd_ong\" \/>\n<meta name=\"twitter:site\" content=\"@abd_ong\" \/>\n<meta name=\"twitter:label1\" content=\"Escrit per\" \/>\n\t<meta name=\"twitter:data1\" content=\"Enric Guinart\" \/>\n\t<meta name=\"twitter:label2\" content=\"Temps estimat de lectura\" \/>\n\t<meta name=\"twitter:data2\" content=\"3 minuts\" \/>\n<script type=\"application\/ld+json\" class=\"yoast-schema-graph\">{\"@context\":\"https:\\\/\\\/schema.org\",\"@graph\":[{\"@type\":\"Article\",\"@id\":\"https:\\\/\\\/abd.ong\\\/ca\\\/drogues-i-salut\\\/el-jardi-fenix-fa-un-pas-endavant-i-multiplica-el-seu-impacte-social\\\/#article\",\"isPartOf\":{\"@id\":\"https:\\\/\\\/abd.ong\\\/ca\\\/drogues-i-salut\\\/el-jardi-fenix-fa-un-pas-endavant-i-multiplica-el-seu-impacte-social\\\/\"},\"author\":{\"name\":\"Enric Guinart\",\"@id\":\"https:\\\/\\\/abd.ong\\\/ca\\\/#\\\/schema\\\/person\\\/d0f5fe279a7ad908de6a6d1332bfd7d8\"},\"headline\":\"El Jard\u00ed F\u00e8nix multiplica el seu impacte social de la m\u00e0 de la Fundaci\u00f3 Ferrer Sustainability\",\"datePublished\":\"2023-05-09T07:18:35+00:00\",\"dateModified\":\"2023-05-09T07:52:16+00:00\",\"mainEntityOfPage\":{\"@id\":\"https:\\\/\\\/abd.ong\\\/ca\\\/drogues-i-salut\\\/el-jardi-fenix-fa-un-pas-endavant-i-multiplica-el-seu-impacte-social\\\/\"},\"wordCount\":691,\"publisher\":{\"@id\":\"https:\\\/\\\/abd.ong\\\/ca\\\/#organization\"},\"image\":{\"@id\":\"https:\\\/\\\/abd.ong\\\/ca\\\/drogues-i-salut\\\/el-jardi-fenix-fa-un-pas-endavant-i-multiplica-el-seu-impacte-social\\\/#primaryimage\"},\"thumbnailUrl\":\"https:\\\/\\\/abd.ong\\\/wp-content\\\/uploads\\\/2023\\\/05\\\/IMG_1390.jpeg\",\"keywords\":[\"ABD\",\"Asociaci\u00f3n Bienestar y Desarrollo\",\"drogas\",\"drogodependencias\",\"grup ABD\",\"hort terap\u00e8utic\",\"Jard\u00ed F\u00e8nix\",\"reducci\u00f3 de danys\"],\"articleSection\":[\"Drogues i salut\"],\"inLanguage\":\"ca\"},{\"@type\":\"WebPage\",\"@id\":\"https:\\\/\\\/abd.ong\\\/ca\\\/drogues-i-salut\\\/el-jardi-fenix-fa-un-pas-endavant-i-multiplica-el-seu-impacte-social\\\/\",\"url\":\"https:\\\/\\\/abd.ong\\\/ca\\\/drogues-i-salut\\\/el-jardi-fenix-fa-un-pas-endavant-i-multiplica-el-seu-impacte-social\\\/\",\"name\":\"El Jard\u00ed F\u00e8nix multiplica el seu impacte social de la m\u00e0 de la Fundaci\u00f3 Ferrer Sustainability - ABD\",\"isPartOf\":{\"@id\":\"https:\\\/\\\/abd.ong\\\/ca\\\/#website\"},\"primaryImageOfPage\":{\"@id\":\"https:\\\/\\\/abd.ong\\\/ca\\\/drogues-i-salut\\\/el-jardi-fenix-fa-un-pas-endavant-i-multiplica-el-seu-impacte-social\\\/#primaryimage\"},\"image\":{\"@id\":\"https:\\\/\\\/abd.ong\\\/ca\\\/drogues-i-salut\\\/el-jardi-fenix-fa-un-pas-endavant-i-multiplica-el-seu-impacte-social\\\/#primaryimage\"},\"thumbnailUrl\":\"https:\\\/\\\/abd.ong\\\/wp-content\\\/uploads\\\/2023\\\/05\\\/IMG_1390.jpeg\",\"datePublished\":\"2023-05-09T07:18:35+00:00\",\"dateModified\":\"2023-05-09T07:52:16+00:00\",\"description\":\"El projecte d'hort terap\u00e8utic celebra una nova jornada de portes obertes el divendres 19 de maig de 10 a 12 hores Despr\u00e9s de m\u00e9s de 3 anys en\",\"breadcrumb\":{\"@id\":\"https:\\\/\\\/abd.ong\\\/ca\\\/drogues-i-salut\\\/el-jardi-fenix-fa-un-pas-endavant-i-multiplica-el-seu-impacte-social\\\/#breadcrumb\"},\"inLanguage\":\"ca\",\"potentialAction\":[{\"@type\":\"ReadAction\",\"target\":[\"https:\\\/\\\/abd.ong\\\/ca\\\/drogues-i-salut\\\/el-jardi-fenix-fa-un-pas-endavant-i-multiplica-el-seu-impacte-social\\\/\"]}]},{\"@type\":\"ImageObject\",\"inLanguage\":\"ca\",\"@id\":\"https:\\\/\\\/abd.ong\\\/ca\\\/drogues-i-salut\\\/el-jardi-fenix-fa-un-pas-endavant-i-multiplica-el-seu-impacte-social\\\/#primaryimage\",\"url\":\"https:\\\/\\\/abd.ong\\\/wp-content\\\/uploads\\\/2023\\\/05\\\/IMG_1390.jpeg\",\"contentUrl\":\"https:\\\/\\\/abd.ong\\\/wp-content\\\/uploads\\\/2023\\\/05\\\/IMG_1390.jpeg\",\"width\":2048,\"height\":1536},{\"@type\":\"BreadcrumbList\",\"@id\":\"https:\\\/\\\/abd.ong\\\/ca\\\/drogues-i-salut\\\/el-jardi-fenix-fa-un-pas-endavant-i-multiplica-el-seu-impacte-social\\\/#breadcrumb\",\"itemListElement\":[{\"@type\":\"ListItem\",\"position\":1,\"name\":\"Inici\",\"item\":\"https:\\\/\\\/abd.ong\\\/ca\\\/\"},{\"@type\":\"ListItem\",\"position\":2,\"name\":\"El Jard\u00ed F\u00e8nix multiplica el seu impacte social de la m\u00e0 de la Fundaci\u00f3 Ferrer Sustainability\"}]},{\"@type\":\"WebSite\",\"@id\":\"https:\\\/\\\/abd.ong\\\/ca\\\/#website\",\"url\":\"https:\\\/\\\/abd.ong\\\/ca\\\/\",\"name\":\"ABD\",\"description\":\"Asociaci\u00f3n Bienestar y Desarrollo\",\"publisher\":{\"@id\":\"https:\\\/\\\/abd.ong\\\/ca\\\/#organization\"},\"potentialAction\":[{\"@type\":\"SearchAction\",\"target\":{\"@type\":\"EntryPoint\",\"urlTemplate\":\"https:\\\/\\\/abd.ong\\\/ca\\\/?s={search_term_string}\"},\"query-input\":{\"@type\":\"PropertyValueSpecification\",\"valueRequired\":true,\"valueName\":\"search_term_string\"}}],\"inLanguage\":\"ca\"},{\"@type\":\"Organization\",\"@id\":\"https:\\\/\\\/abd.ong\\\/ca\\\/#organization\",\"name\":\"Associaci\u00f3 Benestar i Desenvolupament\",\"alternateName\":\"ABD\",\"url\":\"https:\\\/\\\/abd.ong\\\/ca\\\/\",\"logo\":{\"@type\":\"ImageObject\",\"inLanguage\":\"ca\",\"@id\":\"https:\\\/\\\/abd.ong\\\/ca\\\/#\\\/schema\\\/logo\\\/image\\\/\",\"url\":\"https:\\\/\\\/abd.ong\\\/wp-content\\\/uploads\\\/2023\\\/01\\\/Icona.png\",\"contentUrl\":\"https:\\\/\\\/abd.ong\\\/wp-content\\\/uploads\\\/2023\\\/01\\\/Icona.png\",\"width\":190,\"height\":187,\"caption\":\"Associaci\u00f3 Benestar i Desenvolupament\"},\"image\":{\"@id\":\"https:\\\/\\\/abd.ong\\\/ca\\\/#\\\/schema\\\/logo\\\/image\\\/\"},\"sameAs\":[\"https:\\\/\\\/www.facebook.com\\\/abd.ong\",\"https:\\\/\\\/x.com\\\/abd_ong\",\"https:\\\/\\\/www.instagram.com\\\/abd_ong\\\/\",\"https:\\\/\\\/www.linkedin.com\\\/company\\\/abdong\",\"https:\\\/\\\/www.youtube.com\\\/user\\\/CANALABD\"]},{\"@type\":\"Person\",\"@id\":\"https:\\\/\\\/abd.ong\\\/ca\\\/#\\\/schema\\\/person\\\/d0f5fe279a7ad908de6a6d1332bfd7d8\",\"name\":\"Enric Guinart\"}]}<\/script>\n<!-- \/ Yoast SEO plugin. -->","yoast_head_json":{"title":"El Jard\u00ed F\u00e8nix multiplica el seu impacte social de la m\u00e0 de la Fundaci\u00f3 Ferrer Sustainability - ABD","description":"El projecte d'hort terap\u00e8utic celebra una nova jornada de portes obertes el divendres 19 de maig de 10 a 12 hores Despr\u00e9s de m\u00e9s de 3 anys en","robots":{"index":"index","follow":"follow","max-snippet":"max-snippet:-1","max-image-preview":"max-image-preview:large","max-video-preview":"max-video-preview:-1"},"canonical":"https:\/\/abd.ong\/ca\/drogues-i-salut\/el-jardi-fenix-fa-un-pas-endavant-i-multiplica-el-seu-impacte-social\/","og_locale":"ca_ES","og_type":"article","og_title":"El Jard\u00ed F\u00e8nix multiplica el seu impacte social de la m\u00e0 de la Fundaci\u00f3 Ferrer Sustainability - ABD","og_description":"El projecte d'hort terap\u00e8utic celebra una nova jornada de portes obertes el divendres 19 de maig de 10 a 12 hores Despr\u00e9s de m\u00e9s de 3 anys en","og_url":"https:\/\/abd.ong\/ca\/drogues-i-salut\/el-jardi-fenix-fa-un-pas-endavant-i-multiplica-el-seu-impacte-social\/","og_site_name":"ABD","article_publisher":"https:\/\/www.facebook.com\/abd.ong","article_published_time":"2023-05-09T07:18:35+00:00","article_modified_time":"2023-05-09T07:52:16+00:00","og_image":[{"width":2048,"height":1536,"url":"https:\/\/abd.ong\/wp-content\/uploads\/2023\/05\/IMG_1390.jpeg","type":"image\/jpeg"}],"author":"Enric Guinart","twitter_card":"summary_large_image","twitter_creator":"@abd_ong","twitter_site":"@abd_ong","twitter_misc":{"Escrit per":"Enric Guinart","Temps estimat de lectura":"3 minuts"},"schema":{"@context":"https:\/\/schema.org","@graph":[{"@type":"Article","@id":"https:\/\/abd.ong\/ca\/drogues-i-salut\/el-jardi-fenix-fa-un-pas-endavant-i-multiplica-el-seu-impacte-social\/#article","isPartOf":{"@id":"https:\/\/abd.ong\/ca\/drogues-i-salut\/el-jardi-fenix-fa-un-pas-endavant-i-multiplica-el-seu-impacte-social\/"},"author":{"name":"Enric Guinart","@id":"https:\/\/abd.ong\/ca\/#\/schema\/person\/d0f5fe279a7ad908de6a6d1332bfd7d8"},"headline":"El Jard\u00ed F\u00e8nix multiplica el seu impacte social de la m\u00e0 de la Fundaci\u00f3 Ferrer Sustainability","datePublished":"2023-05-09T07:18:35+00:00","dateModified":"2023-05-09T07:52:16+00:00","mainEntityOfPage":{"@id":"https:\/\/abd.ong\/ca\/drogues-i-salut\/el-jardi-fenix-fa-un-pas-endavant-i-multiplica-el-seu-impacte-social\/"},"wordCount":691,"publisher":{"@id":"https:\/\/abd.ong\/ca\/#organization"},"image":{"@id":"https:\/\/abd.ong\/ca\/drogues-i-salut\/el-jardi-fenix-fa-un-pas-endavant-i-multiplica-el-seu-impacte-social\/#primaryimage"},"thumbnailUrl":"https:\/\/abd.ong\/wp-content\/uploads\/2023\/05\/IMG_1390.jpeg","keywords":["ABD","Asociaci\u00f3n Bienestar y Desarrollo","drogas","drogodependencias","grup ABD","hort terap\u00e8utic","Jard\u00ed F\u00e8nix","reducci\u00f3 de danys"],"articleSection":["Drogues i salut"],"inLanguage":"ca"},{"@type":"WebPage","@id":"https:\/\/abd.ong\/ca\/drogues-i-salut\/el-jardi-fenix-fa-un-pas-endavant-i-multiplica-el-seu-impacte-social\/","url":"https:\/\/abd.ong\/ca\/drogues-i-salut\/el-jardi-fenix-fa-un-pas-endavant-i-multiplica-el-seu-impacte-social\/","name":"El Jard\u00ed F\u00e8nix multiplica el seu impacte social de la m\u00e0 de la Fundaci\u00f3 Ferrer Sustainability - ABD","isPartOf":{"@id":"https:\/\/abd.ong\/ca\/#website"},"primaryImageOfPage":{"@id":"https:\/\/abd.ong\/ca\/drogues-i-salut\/el-jardi-fenix-fa-un-pas-endavant-i-multiplica-el-seu-impacte-social\/#primaryimage"},"image":{"@id":"https:\/\/abd.ong\/ca\/drogues-i-salut\/el-jardi-fenix-fa-un-pas-endavant-i-multiplica-el-seu-impacte-social\/#primaryimage"},"thumbnailUrl":"https:\/\/abd.ong\/wp-content\/uploads\/2023\/05\/IMG_1390.jpeg","datePublished":"2023-05-09T07:18:35+00:00","dateModified":"2023-05-09T07:52:16+00:00","description":"El projecte d'hort terap\u00e8utic celebra una nova jornada de portes obertes el divendres 19 de maig de 10 a 12 hores Despr\u00e9s de m\u00e9s de 3 anys en","breadcrumb":{"@id":"https:\/\/abd.ong\/ca\/drogues-i-salut\/el-jardi-fenix-fa-un-pas-endavant-i-multiplica-el-seu-impacte-social\/#breadcrumb"},"inLanguage":"ca","potentialAction":[{"@type":"ReadAction","target":["https:\/\/abd.ong\/ca\/drogues-i-salut\/el-jardi-fenix-fa-un-pas-endavant-i-multiplica-el-seu-impacte-social\/"]}]},{"@type":"ImageObject","inLanguage":"ca","@id":"https:\/\/abd.ong\/ca\/drogues-i-salut\/el-jardi-fenix-fa-un-pas-endavant-i-multiplica-el-seu-impacte-social\/#primaryimage","url":"https:\/\/abd.ong\/wp-content\/uploads\/2023\/05\/IMG_1390.jpeg","contentUrl":"https:\/\/abd.ong\/wp-content\/uploads\/2023\/05\/IMG_1390.jpeg","width":2048,"height":1536},{"@type":"BreadcrumbList","@id":"https:\/\/abd.ong\/ca\/drogues-i-salut\/el-jardi-fenix-fa-un-pas-endavant-i-multiplica-el-seu-impacte-social\/#breadcrumb","itemListElement":[{"@type":"ListItem","position":1,"name":"Inici","item":"https:\/\/abd.ong\/ca\/"},{"@type":"ListItem","position":2,"name":"El Jard\u00ed F\u00e8nix multiplica el seu impacte social de la m\u00e0 de la Fundaci\u00f3 Ferrer Sustainability"}]},{"@type":"WebSite","@id":"https:\/\/abd.ong\/ca\/#website","url":"https:\/\/abd.ong\/ca\/","name":"ABD","description":"Asociaci\u00f3n Bienestar y Desarrollo","publisher":{"@id":"https:\/\/abd.ong\/ca\/#organization"},"potentialAction":[{"@type":"SearchAction","target":{"@type":"EntryPoint","urlTemplate":"https:\/\/abd.ong\/ca\/?s={search_term_string}"},"query-input":{"@type":"PropertyValueSpecification","valueRequired":true,"valueName":"search_term_string"}}],"inLanguage":"ca"},{"@type":"Organization","@id":"https:\/\/abd.ong\/ca\/#organization","name":"Associaci\u00f3 Benestar i Desenvolupament","alternateName":"ABD","url":"https:\/\/abd.ong\/ca\/","logo":{"@type":"ImageObject","inLanguage":"ca","@id":"https:\/\/abd.ong\/ca\/#\/schema\/logo\/image\/","url":"https:\/\/abd.ong\/wp-content\/uploads\/2023\/01\/Icona.png","contentUrl":"https:\/\/abd.ong\/wp-content\/uploads\/2023\/01\/Icona.png","width":190,"height":187,"caption":"Associaci\u00f3 Benestar i Desenvolupament"},"image":{"@id":"https:\/\/abd.ong\/ca\/#\/schema\/logo\/image\/"},"sameAs":["https:\/\/www.facebook.com\/abd.ong","https:\/\/x.com\/abd_ong","https:\/\/www.instagram.com\/abd_ong\/","https:\/\/www.linkedin.com\/company\/abdong","https:\/\/www.youtube.com\/user\/CANALABD"]},{"@type":"Person","@id":"https:\/\/abd.ong\/ca\/#\/schema\/person\/d0f5fe279a7ad908de6a6d1332bfd7d8","name":"Enric Guinart"}]}},"_links":{"self":[{"href":"https:\/\/abd.ong\/ca\/wp-json\/wp\/v2\/posts\/148548","targetHints":{"allow":["GET"]}}],"collection":[{"href":"https:\/\/abd.ong\/ca\/wp-json\/wp\/v2\/posts"}],"about":[{"href":"https:\/\/abd.ong\/ca\/wp-json\/wp\/v2\/types\/post"}],"author":[{"embeddable":true,"href":"https:\/\/abd.ong\/ca\/wp-json\/wp\/v2\/users\/2"}],"replies":[{"embeddable":true,"href":"https:\/\/abd.ong\/ca\/wp-json\/wp\/v2\/comments?post=148548"}],"version-history":[{"count":3,"href":"https:\/\/abd.ong\/ca\/wp-json\/wp\/v2\/posts\/148548\/revisions"}],"predecessor-version":[{"id":148871,"href":"https:\/\/abd.ong\/ca\/wp-json\/wp\/v2\/posts\/148548\/revisions\/148871"}],"wp:featuredmedia":[{"embeddable":true,"href":"https:\/\/abd.ong\/ca\/wp-json\/wp\/v2\/media\/148544"}],"wp:attachment":[{"href":"https:\/\/abd.ong\/ca\/wp-json\/wp\/v2\/media?parent=148548"}],"wp:term":[{"taxonomy":"category","embeddable":true,"href":"https:\/\/abd.ong\/ca\/wp-json\/wp\/v2\/categories?post=148548"},{"taxonomy":"post_tag","embeddable":true,"href":"https:\/\/abd.ong\/ca\/wp-json\/wp\/v2\/tags?post=148548"}],"curies":[{"name":"wp","href":"https:\/\/api.w.org\/{rel}","templated":true}]}}