{"id":148326,"date":"2023-04-27T13:54:19","date_gmt":"2023-04-27T11:54:19","guid":{"rendered":"https:\/\/abd.ong\/?p=148326"},"modified":"2023-04-27T15:25:02","modified_gmt":"2023-04-27T13:25:02","slug":"abd-als-mitjans-de-comunicacio-a-labril-4","status":"publish","type":"post","link":"https:\/\/abd.ong\/ca\/general-ca\/abd-als-mitjans-de-comunicacio-a-labril-4\/","title":{"rendered":"ABD als mitjans de comunicaci\u00f3 a l&#8217;abril"},"content":{"rendered":"\n<p><span style=\"font-weight: 400;\">El <a href=\"https:\/\/abd.ong\/ca\/\"><strong>Grup ABD<\/strong><\/a> ha estat present en els mitjans de comunicaci\u00f3 durant aquest mes d&#8217;abril. A continuaci\u00f3, el resum de premsa de les not\u00edcies, articles i reportatges en els quals hem participat com a organirzaci\u00f3.<\/span><\/p>\n\n\n\n<div style=\"height:30px\" aria-hidden=\"true\" class=\"wp-block-spacer\"><\/div>\n\n\n\n<p><strong>24\/04\/2023 &#8211; Diari de Barcelona<\/strong><\/p>\n\n\n\n<p><em><strong>&#8220;La gent gran est\u00e0 cada cop m\u00e9s exclosa de la societat&#8221;<\/strong> diu <strong>Pilar Rodr\u00edguez<\/strong>, Adjunta a ger\u00e8ncia i directora de la Unitat Operativa Sociosanit\u00e0ria d&#8217;ABD<\/em><\/p>\n\n\n\n<p><a href=\"https:\/\/www.diaridebarcelona.cat\/w\/la-necessitat-de-palliar-la-soledat-no-desitjada-en-persones-grans\" target=\"_blank\" rel=\"noreferrer noopener\">La necessitat de pal\u00b7liar la soledat no desitjada en persones grans<\/a><\/p>\n\n\n\n<p><strong>20\/04\/2023 &#8211; Canal Sur Radio<\/strong><\/p>\n\n\n\n<p><em>&#8220;Estem fent <strong>una an\u00e0lisi i una mirada retrospectiva sobre les addicions<\/strong>, per\u00f2 amb una mirada de present&#8230; la pand\u00e8mia ha significat un abans i un despr\u00e9s al m\u00f3n de les addicions, tamb\u00e9 amb les noves tecnologies&#8221; comenta<strong> Felisa P\u00e9rez<\/strong>,&nbsp;directora&nbsp;t\u00e8cnica d&#8217;ABD<\/em><\/p>\n\n\n\n<p><a href=\"https:\/\/www.canalsur.es\/radio\/programas\/canal-sur-mediodia-cordoba\/detalle\/2894675.html?video=1923806\" target=\"_blank\" rel=\"noreferrer noopener\">Entrevista Felisa P\u00e9rez<\/a><\/p>\n\n\n\n<p><\/p>\n\n\n\n<p><strong><strong>22\/03\/2023<\/strong> &#8211; Noticias de Salud<\/strong><\/p>\n\n\n\n<p><em>El president <strong><a href=\"https:\/\/www.unad.org\/\" target=\"_blank\" rel=\"noreferrer noopener\">d&#8217;UNAD,<\/a><\/strong> la Xarxa d&#8217;Atenci\u00f3 a les Addiccions, <strong>Luciano Poyato<\/strong>, va ser reelegit al c\u00e0rrec que ostenta des de l&#8217;any 2003, com tamb\u00e9 la Comissi\u00f3 Permanent amb<strong> Felisa P\u00e9rez, <\/strong>Directora t\u00e8cnica d&#8217;ABD<\/em>.<\/p>\n\n\n\n<div style=\"height:0px\" aria-hidden=\"true\" class=\"wp-block-spacer\"><\/div>\n\n\n\n<p><a href=\"https:\/\/www.google.com\/url?q=https:\/\/www.noticiasdesalud.es\/ns\/2023\/04\/21\/luciano-poyato-ha-sido-reelegido-como-presidente-de-la-red-de-atencion-a-las-adicciones\/&amp;sa=D&amp;source=editors&amp;ust=1682586437074288&amp;usg=AOvVaw0DTc8pCG5gQUQRdOhi6PAd\" target=\"_blank\" rel=\"noreferrer noopener\">Luciano Poyato, reelegido presidente de la Red de Atenci\u00f3n a las Adicciones<\/a><\/p>\n\n\n\n<p><\/p>\n\n\n\n<p><strong>22\/04\/2023 &#8211; Diario AS<\/strong><\/p>\n\n\n\n<p id=\"m152-151-153\"><em>Denominada com <strong>\u201ctusi o coca\u00efna rosada\u201d<\/strong> \u00e9s una droga rosa d&#8217;origen colombi\u00e0 el preu de la qual oscil\u00b7la entre els 80 i els 100 euros. \u201cAl final \u00e9s un negoci rod\u00f3. Te l&#8217;estan venent com una cosa molt exclusiva, quan \u00e9s un trif\u00e0sic habitual\u201d va dir <strong>Berta de la Vega<\/strong>, coordinadora a Madrid<strong> d&#8217;Energy Control<\/strong><\/em>.<\/p>\n\n\n\n<p><a href=\"https:\/\/as.com\/actualidad\/sociedad\/el-tucibi-la-nueva-droga-rosa-de-moda-que-es-mas-cara-que-la-cocaina-n\/\" target=\"_blank\" rel=\"noreferrer noopener\">El \u2018tucib\u00ed\u2019, la nueva droga rosa de moda que es m\u00e1s cara que la coca\u00edna<\/a><\/p>\n\n\n\n<p><\/p>\n\n\n\n<p><strong>21\/04\/2023 &#8211; La Vanguardia<\/strong><\/p>\n\n\n\n<p><em>El debat va ser moderat per l&#8217;adjunta a la ger\u00e8ncia i directora sociosanit\u00e0ria de l&#8217;Associaci\u00f3 Benestar i Desenvolupament (ABD), <strong>Pilar Rodr\u00edguez<\/strong><\/em>.<\/p>\n\n\n\n<p><a href=\"https:\/\/www.lavanguardia.com\/sociedad\/20230421\/8913010\/plataforma-mayores-pensionistas-considera-ayuntamientos-son-mejor-abordar-soledad-deseada.html\" target=\"_blank\" rel=\"noreferrer noopener\">La Plataforma de Mayores y Pensionistas considera que los ayuntamientos son los que mejor pueden abordar la soledad no deseada<\/a><\/p>\n\n\n\n<p><\/p>\n\n\n\n<p><strong>17\/04\/2023 &#8211; Noticiero Madrid<\/strong><\/p>\n\n\n\n<p><em>Xerrades del Projecte<strong>&nbsp;<a href=\"https:\/\/abd.ong\/programas\/cooltorise\/\" target=\"_blank\" rel=\"noreferrer noopener\">COOLTORISE<\/a><\/strong>&nbsp;per reduir la pobresa energ\u00e8tica a l&#8217;estiu i optimitzar les factures de llum i aigua<\/em>.<\/p>\n\n\n\n<p><a href=\"https:\/\/www.google.com\/url?q=https:\/\/www.noticieromadrid.es\/comunidad\/cultura\/charlas-proyecto-europeo-cooltorise-abd-asociacion-de-bienestar-y-desarrollo\/&amp;sa=D&amp;source=editors&amp;ust=1682587330461495&amp;usg=AOvVaw01PaWu4RBLuKASzbJ67Kck\" target=\"_blank\" rel=\"noreferrer noopener\">Charlas: Proyecto Europeo COOLTORISE-ABD (Asociaci\u00f3n de Bienestar y Desarrollo)<\/a><\/p>\n\n\n\n<p><\/p>\n\n\n\n<p><strong>20\/04\/2023 &#8211;<\/strong> <strong>Servimedia<\/strong><\/p>\n\n\n\n<p><em>La Confederaci\u00f3 Espanyola d&#8217;Organitzacions de Gent Gran <strong><a href=\"https:\/\/ceoma.org\/\" target=\"_blank\" rel=\"noreferrer noopener\">(Ceoma)<\/a><\/strong> celebra aquest dijous a Barcelona el seu XI Congr\u00e9s Nacional, en qu\u00e8 defensar\u00e0 el paper de la gent gran com a \u201cagents actius\u201d a la societat i en l&#8217;elaboraci\u00f3 de les pol\u00edtiques que afecten la seva dia a dia. Comptara en un dels seus segments amb la moderaci\u00f3 per part de <strong>Pilar Rodr\u00edguez,<\/strong> adjunta a la ger\u00e8ncia i directora sociosanit\u00e0ria de l&#8217;Associaci\u00f3 Benestar i Desenvolupament (ABD)<\/em>.<\/p>\n\n\n\n<p><a href=\"https:\/\/www.google.com\/url?q=https:\/\/www.servimedia.es\/noticias\/ceoma-celebrara-esta-semana-xi-congreso-nacional-reivindicara-papel-activo-personas-mayores-sociedad\/3664159&amp;sa=D&amp;source=editors&amp;ust=1682587641025184&amp;usg=AOvVaw0ZDk8WSvDFswW_zUXn5bxw\" target=\"_blank\" rel=\"noreferrer noopener\">Arranca el XI Congreso Nacional de Ceoma en el que reivindicar\u00e1 el papel activo de las personas mayores en la sociedad<\/a><\/p>\n\n\n\n<p><\/p>\n\n\n\n<p><strong>18\/04\/2023 &#8211; TV3 TN Comarques<\/strong><\/p>\n\n\n\n<p>&#8220;La xarxa de salut, la xarxa social, no els agrada gaire tractar-los i atendre&#8217;ls, la reducci\u00f3 de danys \u00e9s l&#8217;espai que s\u00ed que s\u00f3n acollits i s\u00f3n atesos&#8221; comenta <strong>Josep Rovira<\/strong>, Direcci\u00f3 \u00c0rea de Drogues d&#8217;ABD.<\/p>\n\n\n\n<p><a href=\"https:\/\/www.ccma.cat\/tv3\/alacarta\/telenoticies-comarques\/drogoaddictes-de-lleida-denuncien-que-el-centre-de-reduccio-de-danys-no-ofereix-prou-hores-de-servei\/video\/6215530\/?ext=SMA_WP_F4_CE24_\" target=\"_blank\" rel=\"noreferrer noopener\">Drogoaddictes de Lleida denuncien que el Centre de Reducci\u00f3 de Danys no ofereix prou hores de servei<\/a><\/p>\n\n\n\n<p><\/p>\n\n\n\n<p><strong>18\/04\/2023 &#8211; P\u00fablico<\/strong><\/p>\n\n\n\n<p><em><strong><a href=\"https:\/\/pobresaenergetica.es\/es\/\" target=\"_blank\" rel=\"noreferrer noopener\">L&#8217;Alian\u00e7a contra la Pobresa Energ\u00e8tica (APE) <\/a><\/strong>ha reclamat als alcaldables de Barcelona un &#8220;comprom\u00eds expl\u00edcit&#8221; en la lluita contra la pobresa energ\u00e8tica de cara a les eleccions municipals del proper 28 de maig. L&#8217;entitat ha instat els grups a signar un document amb propostes concretes per fer front a aquesta problem\u00e0tica, que afecta un 14,4% de la ciutadania barcelonina, un percentatge que augmenta en el cas de les dones (15,7%) .<\/em><\/p>\n\n\n\n<p><a href=\"https:\/\/www.publico.es\/public\/l-ape-reclama-als-alcaldables-barcelona-mesures-concretes-pobresa-energetica.html\" target=\"_blank\" rel=\"noreferrer noopener\">L&#8217;APE reclama als alcaldables de Barcelona &#8220;mesures concretes&#8221; contra la pobresa energ\u00e8tica<\/a><\/p>\n\n\n\n<p><\/p>\n\n\n\n<p><strong>15\/04\/2023 &#8211; El Peri\u00f3dico de Espa\u00f1a<\/strong><\/p>\n\n\n\n<p><em>&#8220;De moment es tracta d&#8217;un problema exclusiu dels Estats Units.<strong> A aqu\u00ed a Espanya no tenim const\u00e0ncia que s&#8217;estigui produint un consum<\/strong>&#8220;, i declara que &#8220;la denominaci\u00f3 de &#8216;droga zombi&#8217; \u00e9s una q\u00fcesti\u00f3 purament period\u00edstica i et diria que sensacionalista .Com quan ens parlaven de la &#8216;droga can\u00edbal&#8217;. No existeix cap droga que et converteixi en can\u00edbal. Aix\u00ed que nosaltres recomanem no emprar aquest tipus de termes&#8221;. comenta<strong> Claudio Vidal,<\/strong> portaveu d<strong>&#8216;Energy Control<\/strong><\/em>.<\/p>\n\n\n\n<p><a href=\"https:\/\/www.epe.es\/es\/reportajes\/20230415\/tranq-xilacina-nueva-droga-alerta-85961939\" target=\"_blank\" rel=\"noreferrer noopener\">Tranq, la nueva droga que ha puesto en alerta al mundo: &#8220;Necesitamos un ant\u00eddoto urgente&#8221;<\/a><\/p>\n\n\n\n<p><\/p>\n\n\n\n<p><strong>12\/04\/2023 &#8211; TV Hospitalet<\/strong><\/p>\n\n\n\n<p><em><strong>&#8220;La coca\u00efna rosa \u00e9s ketamina, i ha entrat en ambients recreatius,<\/strong> quan es presenta en aquest format amb un estimulant com la cafe\u00efna i en menor quantitat, aquest fet est\u00e0 relacionat amb el creixement del tos&#8221; comenta<strong> Mireia Ventura,<\/strong> del servei d&#8217;an\u00e0lisi de <strong>Energy Control<\/strong><\/em>.<\/p>\n\n\n\n<p><a href=\"https:\/\/lhdigital.cat\/web\/digital-h\/televisio\/veure-video\/-\/journal_content\/56_INSTANCE_ZrP3\/11023\/15150460\" target=\"_blank\" rel=\"noreferrer noopener\">Entrevista de L&#8217;Informatiu &#8211; Mireia Ventura, servei d&#8217;an\u00e0lisi d&#8217;Energy Control<\/a><\/p>\n\n\n\n<p><\/p>\n\n\n\n<p><strong>08\/04\/2023 &#8211; El Plural<\/strong><\/p>\n\n\n\n<p><em>Parlem amb el director <strong>d&#8217;Energy Control<\/strong>, responsable d&#8217;un Centre d&#8217;Atenci\u00f3 i Seguiment de les drogodepend\u00e8ncies (CAS) i l&#8217;encarregada de la unitat d&#8217;addiccions de l&#8217;hospital Cl\u00ednic<\/em>.<\/p>\n\n\n\n<p><strong><a href=\"https:\/\/www.elplural.com\/sociedad\/como-drogamos-espanoles_308755102\" target=\"_blank\" rel=\"noreferrer noopener\">\u00bfC\u00f3mo nos drogamos los espa\u00f1oles?<\/a><\/strong><\/p>\n\n\n\n<p><\/p>\n\n\n\n<p><strong>02\/04\/2023<\/strong> <strong>&#8211; Cr\u00f3nica Global<\/strong><\/p>\n\n\n\n<p><em><strong>Claudio Vidal,<\/strong> psic\u00f2leg i <strong>director estatal d&#8217;Energy Control,<\/strong> insisteix que nom\u00e9s hi ha dades sobre la ingesta d&#8217;aquesta droga des del 2022, per la qual cosa no es pot establir un patr\u00f3 de consum. A m\u00e9s, tant ell com&nbsp;<strong>Mireia Ventura,<\/strong> doctora en Farm\u00e0cia i<strong> responsable de l&#8217;\u00c0rea d&#8217;An\u00e0lisi i Internacional d&#8217;Energy Control, <\/strong>adverteixen que l&#8217;informe no recull dades relatives a pa\u00efsos on el consum d&#8217;aquesta subst\u00e0ncia \u00e9s m\u00e9s gran que a Espanya, com s\u00f3n Fran\u00e7a&nbsp;i&nbsp;Regne Unit.<\/em><\/p>\n\n\n\n<p><a href=\"https:\/\/cronicaglobal.elespanol.com\/vida\/consumo-ketamina-barcelona-moda-cocaina-rosa_788738_102.html#:~:text=Los%20j%C3%B3venes%20barceloneses%20consumen%20m%C3%A1s,2%2C5%2Ddimetoxifeniletilamina).\" target=\"_blank\" rel=\"noreferrer noopener\">El consumo de ketamina se populariza en Barcelona por la moda de la mal llamada \u2018coca\u00edna rosa\u2019<\/a><\/p>\n","protected":false},"excerpt":{"rendered":"<p>El Grup ABD ha estat present en els mitjans de comunicaci\u00f3 durant aquest mes d&#8217;abril. A continuaci\u00f3, el resum de premsa de les not\u00edcies, articles i reportatges en els quals&hellip;<\/p>\n","protected":false},"author":12,"featured_media":14666,"comment_status":"closed","ping_status":"closed","sticky":false,"template":"","format":"standard","meta":{"_acf_changed":false,"footnotes":""},"categories":[66],"tags":[119,2450,675,3265,2446,175,3264,2260,2299,2300,2396,2305],"class_list":["post-148326","post","type-post","status-publish","format-standard","has-post-thumbnail","hentry","category-general-ca","tag-abd","tag-adolescencia-ca","tag-asociacion-bienestar-y-desarrollo-ca","tag-cocaina-ca","tag-consum-de-drogues-ca","tag-drogas-ca","tag-educacio","tag-joventut","tag-mitjans-de-comunicacio-ca","tag-noticies-ca","tag-reduccio-de-danys-ca","tag-violencia-masclista"],"acf":[],"yoast_head":"<!-- This site is optimized with the Yoast SEO plugin v27.4 - https:\/\/yoast.com\/product\/yoast-seo-wordpress\/ -->\n<title>ABD als mitjans de comunicaci\u00f3 a l&#039;abril - ABD<\/title>\n<meta name=\"description\" content=\"El Grup ABD ha estat present en els mitjans de comunicaci\u00f3 durant aquest mes d&#039;abril. A continuaci\u00f3, el resum de premsa de les not\u00edcies, articles i\" \/>\n<meta name=\"robots\" content=\"index, follow, max-snippet:-1, max-image-preview:large, max-video-preview:-1\" \/>\n<link rel=\"canonical\" href=\"https:\/\/abd.ong\/ca\/general-ca\/abd-als-mitjans-de-comunicacio-a-labril-4\/\" \/>\n<meta property=\"og:locale\" content=\"ca_ES\" \/>\n<meta property=\"og:type\" content=\"article\" \/>\n<meta property=\"og:title\" content=\"ABD als mitjans de comunicaci\u00f3 a l&#039;abril - ABD\" \/>\n<meta property=\"og:description\" content=\"El Grup ABD ha estat present en els mitjans de comunicaci\u00f3 durant aquest mes d&#039;abril. A continuaci\u00f3, el resum de premsa de les not\u00edcies, articles i\" \/>\n<meta property=\"og:url\" content=\"https:\/\/abd.ong\/ca\/general-ca\/abd-als-mitjans-de-comunicacio-a-labril-4\/\" \/>\n<meta property=\"og:site_name\" content=\"ABD\" \/>\n<meta property=\"article:publisher\" content=\"https:\/\/www.facebook.com\/abd.ong\" \/>\n<meta property=\"article:published_time\" content=\"2023-04-27T11:54:19+00:00\" \/>\n<meta property=\"article:modified_time\" content=\"2023-04-27T13:25:02+00:00\" \/>\n<meta property=\"og:image\" content=\"https:\/\/abd.ong\/wp-content\/uploads\/2020\/05\/old-tv-1149416_1920.jpg\" \/>\n\t<meta property=\"og:image:width\" content=\"1919\" \/>\n\t<meta property=\"og:image:height\" content=\"977\" \/>\n\t<meta property=\"og:image:type\" content=\"image\/jpeg\" \/>\n<meta name=\"author\" content=\"Francesc Balart\" \/>\n<meta name=\"twitter:card\" content=\"summary_large_image\" \/>\n<meta name=\"twitter:creator\" content=\"@abd_ong\" \/>\n<meta name=\"twitter:site\" content=\"@abd_ong\" \/>\n<meta name=\"twitter:label1\" content=\"Escrit per\" \/>\n\t<meta name=\"twitter:data1\" content=\"Francesc Balart\" \/>\n\t<meta name=\"twitter:label2\" content=\"Temps estimat de lectura\" \/>\n\t<meta name=\"twitter:data2\" content=\"4 minuts\" \/>\n<script type=\"application\/ld+json\" class=\"yoast-schema-graph\">{\"@context\":\"https:\\\/\\\/schema.org\",\"@graph\":[{\"@type\":\"Article\",\"@id\":\"https:\\\/\\\/abd.ong\\\/ca\\\/general-ca\\\/abd-als-mitjans-de-comunicacio-a-labril-4\\\/#article\",\"isPartOf\":{\"@id\":\"https:\\\/\\\/abd.ong\\\/ca\\\/general-ca\\\/abd-als-mitjans-de-comunicacio-a-labril-4\\\/\"},\"author\":{\"name\":\"Francesc Balart\",\"@id\":\"https:\\\/\\\/abd.ong\\\/ca\\\/#\\\/schema\\\/person\\\/6bb74ed13fc8bdf3a5382c66db14c9ee\"},\"headline\":\"ABD als mitjans de comunicaci\u00f3 a l&#8217;abril\",\"datePublished\":\"2023-04-27T11:54:19+00:00\",\"dateModified\":\"2023-04-27T13:25:02+00:00\",\"mainEntityOfPage\":{\"@id\":\"https:\\\/\\\/abd.ong\\\/ca\\\/general-ca\\\/abd-als-mitjans-de-comunicacio-a-labril-4\\\/\"},\"wordCount\":962,\"publisher\":{\"@id\":\"https:\\\/\\\/abd.ong\\\/ca\\\/#organization\"},\"image\":{\"@id\":\"https:\\\/\\\/abd.ong\\\/ca\\\/general-ca\\\/abd-als-mitjans-de-comunicacio-a-labril-4\\\/#primaryimage\"},\"thumbnailUrl\":\"https:\\\/\\\/abd.ong\\\/wp-content\\\/uploads\\\/2020\\\/05\\\/old-tv-1149416_1920.jpg\",\"keywords\":[\"ABD\",\"adolesc\u00e8ncia\",\"Asociaci\u00f3n Bienestar y Desarrollo\",\"coca\u00efna\",\"consum de drogues\",\"drogas\",\"educaci\u00f3\",\"joventut\",\"Mitjans de comunicaci\u00f3\",\"not\u00edcies\",\"reducci\u00f3 de danys\",\"viol\u00e8ncia masclista\"],\"articleSection\":[\"General\"],\"inLanguage\":\"ca\"},{\"@type\":\"WebPage\",\"@id\":\"https:\\\/\\\/abd.ong\\\/ca\\\/general-ca\\\/abd-als-mitjans-de-comunicacio-a-labril-4\\\/\",\"url\":\"https:\\\/\\\/abd.ong\\\/ca\\\/general-ca\\\/abd-als-mitjans-de-comunicacio-a-labril-4\\\/\",\"name\":\"ABD als mitjans de comunicaci\u00f3 a l'abril - ABD\",\"isPartOf\":{\"@id\":\"https:\\\/\\\/abd.ong\\\/ca\\\/#website\"},\"primaryImageOfPage\":{\"@id\":\"https:\\\/\\\/abd.ong\\\/ca\\\/general-ca\\\/abd-als-mitjans-de-comunicacio-a-labril-4\\\/#primaryimage\"},\"image\":{\"@id\":\"https:\\\/\\\/abd.ong\\\/ca\\\/general-ca\\\/abd-als-mitjans-de-comunicacio-a-labril-4\\\/#primaryimage\"},\"thumbnailUrl\":\"https:\\\/\\\/abd.ong\\\/wp-content\\\/uploads\\\/2020\\\/05\\\/old-tv-1149416_1920.jpg\",\"datePublished\":\"2023-04-27T11:54:19+00:00\",\"dateModified\":\"2023-04-27T13:25:02+00:00\",\"description\":\"El Grup ABD ha estat present en els mitjans de comunicaci\u00f3 durant aquest mes d'abril. A continuaci\u00f3, el resum de premsa de les not\u00edcies, articles i\",\"breadcrumb\":{\"@id\":\"https:\\\/\\\/abd.ong\\\/ca\\\/general-ca\\\/abd-als-mitjans-de-comunicacio-a-labril-4\\\/#breadcrumb\"},\"inLanguage\":\"ca\",\"potentialAction\":[{\"@type\":\"ReadAction\",\"target\":[\"https:\\\/\\\/abd.ong\\\/ca\\\/general-ca\\\/abd-als-mitjans-de-comunicacio-a-labril-4\\\/\"]}]},{\"@type\":\"ImageObject\",\"inLanguage\":\"ca\",\"@id\":\"https:\\\/\\\/abd.ong\\\/ca\\\/general-ca\\\/abd-als-mitjans-de-comunicacio-a-labril-4\\\/#primaryimage\",\"url\":\"https:\\\/\\\/abd.ong\\\/wp-content\\\/uploads\\\/2020\\\/05\\\/old-tv-1149416_1920.jpg\",\"contentUrl\":\"https:\\\/\\\/abd.ong\\\/wp-content\\\/uploads\\\/2020\\\/05\\\/old-tv-1149416_1920.jpg\",\"width\":1919,\"height\":977,\"caption\":\"medios de comunicaci\u00f3n\"},{\"@type\":\"BreadcrumbList\",\"@id\":\"https:\\\/\\\/abd.ong\\\/ca\\\/general-ca\\\/abd-als-mitjans-de-comunicacio-a-labril-4\\\/#breadcrumb\",\"itemListElement\":[{\"@type\":\"ListItem\",\"position\":1,\"name\":\"Inici\",\"item\":\"https:\\\/\\\/abd.ong\\\/ca\\\/\"},{\"@type\":\"ListItem\",\"position\":2,\"name\":\"ABD als mitjans de comunicaci\u00f3 a l&#8217;abril\"}]},{\"@type\":\"WebSite\",\"@id\":\"https:\\\/\\\/abd.ong\\\/ca\\\/#website\",\"url\":\"https:\\\/\\\/abd.ong\\\/ca\\\/\",\"name\":\"ABD\",\"description\":\"Asociaci\u00f3n Bienestar y Desarrollo\",\"publisher\":{\"@id\":\"https:\\\/\\\/abd.ong\\\/ca\\\/#organization\"},\"potentialAction\":[{\"@type\":\"SearchAction\",\"target\":{\"@type\":\"EntryPoint\",\"urlTemplate\":\"https:\\\/\\\/abd.ong\\\/ca\\\/?s={search_term_string}\"},\"query-input\":{\"@type\":\"PropertyValueSpecification\",\"valueRequired\":true,\"valueName\":\"search_term_string\"}}],\"inLanguage\":\"ca\"},{\"@type\":\"Organization\",\"@id\":\"https:\\\/\\\/abd.ong\\\/ca\\\/#organization\",\"name\":\"Associaci\u00f3 Benestar i Desenvolupament\",\"alternateName\":\"ABD\",\"url\":\"https:\\\/\\\/abd.ong\\\/ca\\\/\",\"logo\":{\"@type\":\"ImageObject\",\"inLanguage\":\"ca\",\"@id\":\"https:\\\/\\\/abd.ong\\\/ca\\\/#\\\/schema\\\/logo\\\/image\\\/\",\"url\":\"https:\\\/\\\/abd.ong\\\/wp-content\\\/uploads\\\/2023\\\/01\\\/Icona.png\",\"contentUrl\":\"https:\\\/\\\/abd.ong\\\/wp-content\\\/uploads\\\/2023\\\/01\\\/Icona.png\",\"width\":190,\"height\":187,\"caption\":\"Associaci\u00f3 Benestar i Desenvolupament\"},\"image\":{\"@id\":\"https:\\\/\\\/abd.ong\\\/ca\\\/#\\\/schema\\\/logo\\\/image\\\/\"},\"sameAs\":[\"https:\\\/\\\/www.facebook.com\\\/abd.ong\",\"https:\\\/\\\/x.com\\\/abd_ong\",\"https:\\\/\\\/www.instagram.com\\\/abd_ong\\\/\",\"https:\\\/\\\/www.linkedin.com\\\/company\\\/abdong\",\"https:\\\/\\\/www.youtube.com\\\/user\\\/CANALABD\"]},{\"@type\":\"Person\",\"@id\":\"https:\\\/\\\/abd.ong\\\/ca\\\/#\\\/schema\\\/person\\\/6bb74ed13fc8bdf3a5382c66db14c9ee\",\"name\":\"Francesc Balart\"}]}<\/script>\n<!-- \/ Yoast SEO plugin. -->","yoast_head_json":{"title":"ABD als mitjans de comunicaci\u00f3 a l'abril - ABD","description":"El Grup ABD ha estat present en els mitjans de comunicaci\u00f3 durant aquest mes d'abril. A continuaci\u00f3, el resum de premsa de les not\u00edcies, articles i","robots":{"index":"index","follow":"follow","max-snippet":"max-snippet:-1","max-image-preview":"max-image-preview:large","max-video-preview":"max-video-preview:-1"},"canonical":"https:\/\/abd.ong\/ca\/general-ca\/abd-als-mitjans-de-comunicacio-a-labril-4\/","og_locale":"ca_ES","og_type":"article","og_title":"ABD als mitjans de comunicaci\u00f3 a l'abril - ABD","og_description":"El Grup ABD ha estat present en els mitjans de comunicaci\u00f3 durant aquest mes d'abril. A continuaci\u00f3, el resum de premsa de les not\u00edcies, articles i","og_url":"https:\/\/abd.ong\/ca\/general-ca\/abd-als-mitjans-de-comunicacio-a-labril-4\/","og_site_name":"ABD","article_publisher":"https:\/\/www.facebook.com\/abd.ong","article_published_time":"2023-04-27T11:54:19+00:00","article_modified_time":"2023-04-27T13:25:02+00:00","og_image":[{"width":1919,"height":977,"url":"https:\/\/abd.ong\/wp-content\/uploads\/2020\/05\/old-tv-1149416_1920.jpg","type":"image\/jpeg"}],"author":"Francesc Balart","twitter_card":"summary_large_image","twitter_creator":"@abd_ong","twitter_site":"@abd_ong","twitter_misc":{"Escrit per":"Francesc Balart","Temps estimat de lectura":"4 minuts"},"schema":{"@context":"https:\/\/schema.org","@graph":[{"@type":"Article","@id":"https:\/\/abd.ong\/ca\/general-ca\/abd-als-mitjans-de-comunicacio-a-labril-4\/#article","isPartOf":{"@id":"https:\/\/abd.ong\/ca\/general-ca\/abd-als-mitjans-de-comunicacio-a-labril-4\/"},"author":{"name":"Francesc Balart","@id":"https:\/\/abd.ong\/ca\/#\/schema\/person\/6bb74ed13fc8bdf3a5382c66db14c9ee"},"headline":"ABD als mitjans de comunicaci\u00f3 a l&#8217;abril","datePublished":"2023-04-27T11:54:19+00:00","dateModified":"2023-04-27T13:25:02+00:00","mainEntityOfPage":{"@id":"https:\/\/abd.ong\/ca\/general-ca\/abd-als-mitjans-de-comunicacio-a-labril-4\/"},"wordCount":962,"publisher":{"@id":"https:\/\/abd.ong\/ca\/#organization"},"image":{"@id":"https:\/\/abd.ong\/ca\/general-ca\/abd-als-mitjans-de-comunicacio-a-labril-4\/#primaryimage"},"thumbnailUrl":"https:\/\/abd.ong\/wp-content\/uploads\/2020\/05\/old-tv-1149416_1920.jpg","keywords":["ABD","adolesc\u00e8ncia","Asociaci\u00f3n Bienestar y Desarrollo","coca\u00efna","consum de drogues","drogas","educaci\u00f3","joventut","Mitjans de comunicaci\u00f3","not\u00edcies","reducci\u00f3 de danys","viol\u00e8ncia masclista"],"articleSection":["General"],"inLanguage":"ca"},{"@type":"WebPage","@id":"https:\/\/abd.ong\/ca\/general-ca\/abd-als-mitjans-de-comunicacio-a-labril-4\/","url":"https:\/\/abd.ong\/ca\/general-ca\/abd-als-mitjans-de-comunicacio-a-labril-4\/","name":"ABD als mitjans de comunicaci\u00f3 a l'abril - ABD","isPartOf":{"@id":"https:\/\/abd.ong\/ca\/#website"},"primaryImageOfPage":{"@id":"https:\/\/abd.ong\/ca\/general-ca\/abd-als-mitjans-de-comunicacio-a-labril-4\/#primaryimage"},"image":{"@id":"https:\/\/abd.ong\/ca\/general-ca\/abd-als-mitjans-de-comunicacio-a-labril-4\/#primaryimage"},"thumbnailUrl":"https:\/\/abd.ong\/wp-content\/uploads\/2020\/05\/old-tv-1149416_1920.jpg","datePublished":"2023-04-27T11:54:19+00:00","dateModified":"2023-04-27T13:25:02+00:00","description":"El Grup ABD ha estat present en els mitjans de comunicaci\u00f3 durant aquest mes d'abril. A continuaci\u00f3, el resum de premsa de les not\u00edcies, articles i","breadcrumb":{"@id":"https:\/\/abd.ong\/ca\/general-ca\/abd-als-mitjans-de-comunicacio-a-labril-4\/#breadcrumb"},"inLanguage":"ca","potentialAction":[{"@type":"ReadAction","target":["https:\/\/abd.ong\/ca\/general-ca\/abd-als-mitjans-de-comunicacio-a-labril-4\/"]}]},{"@type":"ImageObject","inLanguage":"ca","@id":"https:\/\/abd.ong\/ca\/general-ca\/abd-als-mitjans-de-comunicacio-a-labril-4\/#primaryimage","url":"https:\/\/abd.ong\/wp-content\/uploads\/2020\/05\/old-tv-1149416_1920.jpg","contentUrl":"https:\/\/abd.ong\/wp-content\/uploads\/2020\/05\/old-tv-1149416_1920.jpg","width":1919,"height":977,"caption":"medios de comunicaci\u00f3n"},{"@type":"BreadcrumbList","@id":"https:\/\/abd.ong\/ca\/general-ca\/abd-als-mitjans-de-comunicacio-a-labril-4\/#breadcrumb","itemListElement":[{"@type":"ListItem","position":1,"name":"Inici","item":"https:\/\/abd.ong\/ca\/"},{"@type":"ListItem","position":2,"name":"ABD als mitjans de comunicaci\u00f3 a l&#8217;abril"}]},{"@type":"WebSite","@id":"https:\/\/abd.ong\/ca\/#website","url":"https:\/\/abd.ong\/ca\/","name":"ABD","description":"Asociaci\u00f3n Bienestar y Desarrollo","publisher":{"@id":"https:\/\/abd.ong\/ca\/#organization"},"potentialAction":[{"@type":"SearchAction","target":{"@type":"EntryPoint","urlTemplate":"https:\/\/abd.ong\/ca\/?s={search_term_string}"},"query-input":{"@type":"PropertyValueSpecification","valueRequired":true,"valueName":"search_term_string"}}],"inLanguage":"ca"},{"@type":"Organization","@id":"https:\/\/abd.ong\/ca\/#organization","name":"Associaci\u00f3 Benestar i Desenvolupament","alternateName":"ABD","url":"https:\/\/abd.ong\/ca\/","logo":{"@type":"ImageObject","inLanguage":"ca","@id":"https:\/\/abd.ong\/ca\/#\/schema\/logo\/image\/","url":"https:\/\/abd.ong\/wp-content\/uploads\/2023\/01\/Icona.png","contentUrl":"https:\/\/abd.ong\/wp-content\/uploads\/2023\/01\/Icona.png","width":190,"height":187,"caption":"Associaci\u00f3 Benestar i Desenvolupament"},"image":{"@id":"https:\/\/abd.ong\/ca\/#\/schema\/logo\/image\/"},"sameAs":["https:\/\/www.facebook.com\/abd.ong","https:\/\/x.com\/abd_ong","https:\/\/www.instagram.com\/abd_ong\/","https:\/\/www.linkedin.com\/company\/abdong","https:\/\/www.youtube.com\/user\/CANALABD"]},{"@type":"Person","@id":"https:\/\/abd.ong\/ca\/#\/schema\/person\/6bb74ed13fc8bdf3a5382c66db14c9ee","name":"Francesc Balart"}]}},"_links":{"self":[{"href":"https:\/\/abd.ong\/ca\/wp-json\/wp\/v2\/posts\/148326","targetHints":{"allow":["GET"]}}],"collection":[{"href":"https:\/\/abd.ong\/ca\/wp-json\/wp\/v2\/posts"}],"about":[{"href":"https:\/\/abd.ong\/ca\/wp-json\/wp\/v2\/types\/post"}],"author":[{"embeddable":true,"href":"https:\/\/abd.ong\/ca\/wp-json\/wp\/v2\/users\/12"}],"replies":[{"embeddable":true,"href":"https:\/\/abd.ong\/ca\/wp-json\/wp\/v2\/comments?post=148326"}],"version-history":[{"count":3,"href":"https:\/\/abd.ong\/ca\/wp-json\/wp\/v2\/posts\/148326\/revisions"}],"predecessor-version":[{"id":148379,"href":"https:\/\/abd.ong\/ca\/wp-json\/wp\/v2\/posts\/148326\/revisions\/148379"}],"wp:featuredmedia":[{"embeddable":true,"href":"https:\/\/abd.ong\/ca\/wp-json\/wp\/v2\/media\/14666"}],"wp:attachment":[{"href":"https:\/\/abd.ong\/ca\/wp-json\/wp\/v2\/media?parent=148326"}],"wp:term":[{"taxonomy":"category","embeddable":true,"href":"https:\/\/abd.ong\/ca\/wp-json\/wp\/v2\/categories?post=148326"},{"taxonomy":"post_tag","embeddable":true,"href":"https:\/\/abd.ong\/ca\/wp-json\/wp\/v2\/tags?post=148326"}],"curies":[{"name":"wp","href":"https:\/\/api.w.org\/{rel}","templated":true}]}}