{"id":14692,"date":"2020-04-29T17:33:07","date_gmt":"2020-04-29T15:33:07","guid":{"rendered":"https:\/\/abd.ong\/?p=14692"},"modified":"2021-02-17T19:13:31","modified_gmt":"2021-02-17T18:13:31","slug":"abd-als-mitjans-de-comunicacio-a-labril","status":"publish","type":"post","link":"https:\/\/abd.ong\/ca\/general-ca\/abd-als-mitjans-de-comunicacio-a-labril\/","title":{"rendered":"ABD als mitjans de comunicaci\u00f3 a l\u2019abril"},"content":{"rendered":"\n<p>L\u2019<strong><a href=\"https:\/\/abd.ong\">Associaci\u00f3 Benestar i Desenvolupament<\/a>&nbsp;(ABD)<\/strong>&nbsp;ha estat present als mitjans de comunicaci\u00f3 durant aquest mes d\u2019abril. A continuaci\u00f3, el recull de premsa de les diverses not\u00edcies, articles i reportatges als quals hem format part com a entitat.<\/p>\n\n\n\n<p><strong>3\/4\/20 \u2013 La Vanguardia \/ EFE<\/strong><\/p>\n\n\n\n<p><em>L\u2019Ajuntament de Barcelona ha habilitat un dispositiu per acollir 70 persones sense llar amb alcoholisme i altres addiccions de manera que puguin passar el confinament com a conseq\u00fc\u00e8ncia de la pand\u00e8mia de la COVID-19.<\/em><\/p>\n\n\n\n<p><a href=\"https:\/\/www.lavanguardia.com\/vida\/20200403\/48285979915\/barcelona-habilita-un-espacio-para-acoger-a-personas-sin-hogar-con-adicciones.html\"><strong>Barcelona habilita un espacio para acoger a personas sin hogar con adicciones<\/strong><\/a><\/p>\n\n\n\n<p><strong>3\/4\/20 \u2013 El Peri\u00f3dico<\/strong><\/p>\n\n\n\n<p><em>L\u2019alcaldessa insta el president a incrementar els recursos i li ofereix l\u2019experi\u00e8ncia del consistori.<\/em><\/p>\n\n\n\n<p><a href=\"https:\/\/www.elperiodico.com\/es\/barcelona\/20200403\/colau-carga-de-nuevo-contra-la-gestion-de-torra-sobre-las-residencias-7916898\"><strong>Colau carga de nuevo contra la gesti\u00f3n de Torra sobre las residencias<\/strong><\/a><\/p>\n\n\n\n<p><strong>3\/4\/20 \u2013 Betev\u00e9<\/strong><\/p>\n\n\n\n<p><em>L\u2019Ajuntament ha creat 685 llits nous durant la crisi del coronavius. La ciutat ha passat de tenir 2.200 a 2.885 places per a persones sense sostre.<\/em><\/p>\n\n\n\n<p><a href=\"https:\/\/beteve.cat\/societat\/ajuntament-685-llits-persones-sense-sostre-coronavirus\/\"><strong>L\u2019Ajuntament suma 685 llits m\u00e9s per a persones sense sostre durant la crisi del coronavirus<\/strong><\/a><\/p>\n\n\n\n<p><strong>6\/4\/20 \u2013 Europa Press<\/strong><\/p>\n\n\n\n<p><em>L\u2019Ajuntament de Barcelona ha habilitat un nou dispositiu per acollir 70 persones sense llar amb addiccions perqu\u00e8 puguin passar el confinament per la pand\u00e8mia del coronavirus.<\/em><\/p>\n\n\n\n<p><a href=\"https:\/\/www.europapress.es\/catalunya\/noticia-barcelona-habilita-dispositivo-acoger-70-personas-hogar-adicciones-20200406125602.html\"><strong>Barcelona habilita un dispositivo para acoger a 70 personas sin hogar con adicciones<\/strong><\/a><\/p>\n\n\n\n<p><strong>6\/4\/20 \u2013 P\u00fablico<\/strong><\/p>\n\n\n\n<p><em>La s\u00edndrome d\u2019abstin\u00e8ncia provocat per la impossibilitat de comprar les subst\u00e0ncies pot passar factura en les relacions i estats d\u2019\u00e0nim del consumidor, tant dels que ja han generat una addicci\u00f3 com aquells que la utilitzen de forma recreativa.<\/em><\/p>\n\n\n\n<p><a href=\"https:\/\/www.publico.es\/sociedad\/coronavirus-drogas-drogadiccion-confinamiento-pasar-mono-cuarentena.html?utm_source=twitter&amp;utm_medium=social&amp;utm_campaign=publico\"><strong>Drogadicci\u00f3n y confinamiento: pasar el mono en cuarentena<\/strong><\/a><\/p>\n\n\n\n<p><strong>6\/4\/20 \u2013 La Vanguardia<\/strong><\/p>\n\n\n\n<p><em>L\u2019equipament de la ciutat de Barcelona activat per allotjar durant el confinament pel Covid-19 a persones sense llar amb alcoholisme o altres addiccions ja est\u00e0 a el 50% de la seva capacitat.<\/em><\/p>\n\n\n\n<p><a href=\"https:\/\/www.lavanguardia.com\/vida\/20200406\/48343417691\/el-alojamiento-en-barcelona-para-personas-con-adicciones-esta-ya-al-50.html\"><strong>El alojamiento en Barcelona para personas con adicciones est\u00e1 ya al 50%<\/strong><\/a><\/p>\n\n\n\n<p><strong>6\/4\/20 \u2013 Xarxa Perif\u00e8rics<\/strong><\/p>\n\n\n\n<p><em>Es tracta d\u2019un nou recurs de titularitat p\u00fablica de l\u2019Ajuntament de Barcelona i l\u2019Ag\u00e8ncia de Salut P\u00fablica de reducci\u00f3 de danys per a persones consumidores de drogues i alcohol gestionat per ABD.<\/em><\/p>\n\n\n\n<p><a href=\"http:\/\/periferics.cat\/es-crea-un-equipament-pioner-a-barcelona-per-allotjar-a-persones-amb-addiccions-arran-de-la-crisi-de-la-covid-19\/\"><strong>Es crea un equipament pioner a Barcelona per allotjar a persones amb addiccions arran de la crisi de la COVID-19<\/strong><\/a><\/p>\n\n\n\n<p><strong>6\/4\/20 \u2013 Voluntaris.cat<\/strong><\/p>\n\n\n\n<p><em>Es tracta d\u2019un nou recurs de titularitat p\u00fablica de l\u2019Ajuntament de Barcelona i l\u2019Ag\u00e8ncia de Salut P\u00fablica de reducci\u00f3 de danys per a persones consumidores de drogues i alcohol.<\/em><\/p>\n\n\n\n<p><a href=\"https:\/\/voluntaris.cat\/abd-gestionara-un-equipament-pioner-a-barcelona-per-allotjar-a-persones-amb-addiccions-arran-de-la-crisi-de-la-covid-19\/\"><strong>ABD gestionar\u00e0 un equipament pioner a Barcelona per allotjar a persones amb addiccions arran de la crisi de la COVID-19<\/strong><\/a><\/p>\n\n\n\n<p><strong>6\/4\/20 \u2013 Aldia.cat<\/strong><\/p>\n\n\n\n<p><em>L\u2019Ajuntament de Barcelona ha habilitat un nou dispositiu per acollir 70 persones sense llar amb addiccions perqu\u00e8 puguin passar el confinament per la pand\u00e8mia del coronavirus.<\/em><\/p>\n\n\n\n<p><a href=\"https:\/\/m.aldia.cat\/catalunya\/noticia-barcelona-habilita-dispositiu-per-acollir-70-persones-sense-llar-amb-addiccions-20200406134714.html\"><strong>Barcelona habilita un dispositiu per acollir 70 persones sense llar amb addiccions<\/strong><\/a><\/p>\n\n\n\n<p><strong>7\/4\/20 \u2013 COPE<\/strong><\/p>\n\n\n\n<p><em>L\u2019espai funcionar\u00e0 com a servei de reducci\u00f3 de danys pel consum de drogues i alcohol.<\/em><\/p>\n\n\n\n<p><a href=\"https:\/\/www.cope.es\/emisoras\/cataluna\/barcelona-provincia\/noticias\/barcelona-habilita-espacio-para-acoger-personas-sin-hogar-con-adicciones-20200407_672120\"><strong>Barcelona habilita un espacio para acoger a 70 personas sin hogar con adicciones<\/strong><\/a><\/p>\n\n\n\n<p><strong>7\/4\/20 \u2013&nbsp;Eldiario.es<\/strong><\/p>\n\n\n\n<p><em>L\u2019Ajuntament de Barcelona habilita un espai per a albergar a 70 persones amb problemes d\u2019addiccions, un col\u00b7lectiu que s\u2019enfronta a la pand\u00e8mia amb dificultats per aconseguir diners i proveir.<\/em><\/p>\n\n\n\n<p><a href=\"https:\/\/www.eldiario.es\/catalunya\/toxicomanos-explico-policia-comprar-enfermo_1_1211464.html\"><strong>Toxic\u00f3manos durante el estado de alarma: \u201c\u00bfC\u00f3mo le explico al polic\u00eda que si no salgo a comprar me voy a poner enfermo?\u201d<\/strong><\/a><\/p>\n\n\n\n<p><strong>8\/4\/20 \u2013 Cr\u00f3nica Global<\/strong><\/p>\n\n\n\n<p><em>El tr\u00e0fic d\u2019estupefaents es mant\u00e9 al centre de Barcelona durant les restriccions de mobilitat.<\/em><\/p>\n\n\n\n<p><a href=\"https:\/\/cronicaglobal.elespanol.com\/vida\/vecinos-raval-consumo-drogas-calle-cuarentena_336216_102.html\"><strong>Vecinos del Raval denuncian el consumo de drogas en la calle pese a la cuarentena<\/strong><\/a><\/p>\n\n\n\n<p><strong>11\/04\/20 \u2013 La Raz\u00f3n<\/strong><\/p>\n\n\n\n<p><em>Els Centres de Suport a les Fam\u00edlies treballen intensament aquests dies per evitar situacions de viol\u00e8ncia familiar i estr\u00e8s. Entre els nous perfils, destaquen les llars amb professionals sanitaris.<\/em><\/p>\n\n\n\n<p><a href=\"https:\/\/www.larazon.es\/madrid\/20200411\/r6wz452e6fbc5bvp7w3qeywhcy.html\"><strong>Tensiones familiares ante el coronavirus: el Ayuntamiento atiende m\u00e1s de 3.400 casos<\/strong><\/a><\/p>\n\n\n\n<p><strong>11\/4\/20 \u2013 Equinox<\/strong><\/p>\n\n\n\n<p><em>Durant aquest per\u00edode de confinament, el tr\u00e0fic de drogues es redueix, per\u00f2 continua a Barcelona. La policia continua amb les seves operacions i les associacions manquen de recursos. Estat de joc.<\/em><\/p>\n\n\n\n<p><a href=\"https:\/\/www.equinoxmagazine.fr\/2020\/04\/11\/le-confinement-narrete-pas-le-trafic-de-drogue-a-barcelone\/\"><strong>Le confinement n\u2019arr\u00eate pas le trafic de drogue \u00e0 Barcelone<\/strong><\/a><\/p>\n\n\n\n<p><strong>24\/4\/20 \u2013 ASPB<\/strong><\/p>\n\n\n\n<p><em>\u201cAmb la crisi de la pand\u00e8mia de la Covid-19, ens diuen que ens quedem a casa, que hem de canviar els projectes. \u00c9s per aix\u00f2 que des de el CAS de Sants \u2018Reinventem\u2019 els nostres Jocs Florals i tot all\u00f2 que hav\u00edem pensat per l\u2019edici\u00f3 d\u2019enguany\u201d.<\/em><\/p>\n\n\n\n<p><a href=\"https:\/\/www.aspb.cat\/noticies\/jocs-florals-cas-sants\"><strong>26ena edici\u00f3 dels Jocs Florals del CAS de Sants<\/strong><\/a><\/p>\n\n\n\n<p><strong>26\/4\/20 \u2013 BBC<\/strong><\/p>\n\n\n\n<p><em>Quan el govern espanyol va anunciar un bloqueig nacional a mitjans de mar\u00e7, en reacci\u00f3 al coronavirus, no tothom es va consternar de la possibilitat de passar diverses setmanes a casa.<\/em><\/p>\n\n\n\n<p><a href=\"https:\/\/www.bbc.com\/news\/world-europe-52409407\"><strong>Coronavirus: Spain\u2019s children run free from lockdown \u2013 but not all<\/strong><\/a><\/p>\n\n\n\n<p><strong>27\/4\/20 \u2013 Radio 5 RTVE<\/strong><\/p>\n\n\n\n<p><em>El Centre d\u2019Atenci\u00f3 i Seguiment (CAS) de Sants \u00e9s un centre ambulatori p\u00fablic de Barcelona que at\u00e9n a persones que pateixen de depend\u00e8ncia o ab\u00fas de drogues. Un centre de dia que ara ha hagut d\u2019adaptar a la nova situaci\u00f3, per\u00f2 que no ha volgut deixar de celebrar els seus anomenats \u201cJocs Florals\u201d.<\/em><\/p>\n\n\n\n<p><a href=\"https:\/\/www.rtve.es\/alacarta\/audios\/todo-noticias-manana\/todo-noticias-manana-arte-escritura-como-ayuda-contra-drogadiccion\/5565199\/\"><strong>Arte y escritura como ayuda contra la drogadicci\u00f3n<\/strong><\/a><\/p>\n","protected":false},"excerpt":{"rendered":"<p>L\u2019Associaci\u00f3 Benestar i Desenvolupament&nbsp;(ABD)&nbsp;ha estat present als mitjans de comunicaci\u00f3 durant aquest mes d\u2019abril. A continuaci\u00f3, el recull de premsa de les diverses not\u00edcies, articles i reportatges als quals hem&hellip;<\/p>\n","protected":false},"author":2,"featured_media":14666,"comment_status":"closed","ping_status":"closed","sticky":false,"template":"","format":"standard","meta":{"_acf_changed":false,"footnotes":""},"categories":[66],"tags":[1897,119,435,1877],"class_list":["post-14692","post","type-post","status-publish","format-standard","has-post-thumbnail","hentry","category-general-ca","tag-abd-2-ca","tag-abd","tag-mitjans-de-comunicacio","tag-recull-premsa"],"acf":[],"yoast_head":"<!-- This site is optimized with the Yoast SEO plugin v27.4 - https:\/\/yoast.com\/product\/yoast-seo-wordpress\/ -->\n<title>ABD als mitjans de comunicaci\u00f3 a l\u2019abril - ABD<\/title>\n<meta name=\"description\" content=\"L\u2019Associaci\u00f3 Benestar i Desenvolupament&nbsp;(ABD)&nbsp;ha estat present als mitjans de comunicaci\u00f3 durant aquest mes d\u2019abril. A continuaci\u00f3, el recull de\" \/>\n<meta name=\"robots\" content=\"index, follow, max-snippet:-1, max-image-preview:large, max-video-preview:-1\" \/>\n<link rel=\"canonical\" href=\"https:\/\/abd.ong\/ca\/general-ca\/abd-als-mitjans-de-comunicacio-a-labril\/\" \/>\n<meta property=\"og:locale\" content=\"ca_ES\" \/>\n<meta property=\"og:type\" content=\"article\" \/>\n<meta property=\"og:title\" content=\"ABD als mitjans de comunicaci\u00f3 a l\u2019abril - ABD\" \/>\n<meta property=\"og:description\" content=\"L\u2019Associaci\u00f3 Benestar i Desenvolupament&nbsp;(ABD)&nbsp;ha estat present als mitjans de comunicaci\u00f3 durant aquest mes d\u2019abril. A continuaci\u00f3, el recull de\" \/>\n<meta property=\"og:url\" content=\"https:\/\/abd.ong\/ca\/general-ca\/abd-als-mitjans-de-comunicacio-a-labril\/\" \/>\n<meta property=\"og:site_name\" content=\"ABD\" \/>\n<meta property=\"article:publisher\" content=\"https:\/\/www.facebook.com\/abd.ong\" \/>\n<meta property=\"article:published_time\" content=\"2020-04-29T15:33:07+00:00\" \/>\n<meta property=\"article:modified_time\" content=\"2021-02-17T18:13:31+00:00\" \/>\n<meta property=\"og:image\" content=\"https:\/\/abd.ong\/wp-content\/uploads\/2020\/05\/old-tv-1149416_1920.jpg\" \/>\n\t<meta property=\"og:image:width\" content=\"1919\" \/>\n\t<meta property=\"og:image:height\" content=\"977\" \/>\n\t<meta property=\"og:image:type\" content=\"image\/jpeg\" \/>\n<meta name=\"author\" content=\"Enric Guinart\" \/>\n<meta name=\"twitter:card\" content=\"summary_large_image\" \/>\n<meta name=\"twitter:creator\" content=\"@abd_ong\" \/>\n<meta name=\"twitter:site\" content=\"@abd_ong\" \/>\n<meta name=\"twitter:label1\" content=\"Escrit per\" \/>\n\t<meta name=\"twitter:data1\" content=\"Enric Guinart\" \/>\n\t<meta name=\"twitter:label2\" content=\"Temps estimat de lectura\" \/>\n\t<meta name=\"twitter:data2\" content=\"4 minuts\" \/>\n<script type=\"application\/ld+json\" class=\"yoast-schema-graph\">{\"@context\":\"https:\\\/\\\/schema.org\",\"@graph\":[{\"@type\":\"Article\",\"@id\":\"https:\\\/\\\/abd.ong\\\/ca\\\/general-ca\\\/abd-als-mitjans-de-comunicacio-a-labril\\\/#article\",\"isPartOf\":{\"@id\":\"https:\\\/\\\/abd.ong\\\/ca\\\/general-ca\\\/abd-als-mitjans-de-comunicacio-a-labril\\\/\"},\"author\":{\"name\":\"Enric Guinart\",\"@id\":\"https:\\\/\\\/abd.ong\\\/ca\\\/#\\\/schema\\\/person\\\/d0f5fe279a7ad908de6a6d1332bfd7d8\"},\"headline\":\"ABD als mitjans de comunicaci\u00f3 a l\u2019abril\",\"datePublished\":\"2020-04-29T15:33:07+00:00\",\"dateModified\":\"2021-02-17T18:13:31+00:00\",\"mainEntityOfPage\":{\"@id\":\"https:\\\/\\\/abd.ong\\\/ca\\\/general-ca\\\/abd-als-mitjans-de-comunicacio-a-labril\\\/\"},\"wordCount\":862,\"publisher\":{\"@id\":\"https:\\\/\\\/abd.ong\\\/ca\\\/#organization\"},\"image\":{\"@id\":\"https:\\\/\\\/abd.ong\\\/ca\\\/general-ca\\\/abd-als-mitjans-de-comunicacio-a-labril\\\/#primaryimage\"},\"thumbnailUrl\":\"https:\\\/\\\/abd.ong\\\/wp-content\\\/uploads\\\/2020\\\/05\\\/old-tv-1149416_1920.jpg\",\"keywords\":[\"ABD\",\"ABD\",\"mitjans de comunicaci\u00f3\",\"recull premsa\"],\"articleSection\":[\"General\"],\"inLanguage\":\"ca\"},{\"@type\":\"WebPage\",\"@id\":\"https:\\\/\\\/abd.ong\\\/ca\\\/general-ca\\\/abd-als-mitjans-de-comunicacio-a-labril\\\/\",\"url\":\"https:\\\/\\\/abd.ong\\\/ca\\\/general-ca\\\/abd-als-mitjans-de-comunicacio-a-labril\\\/\",\"name\":\"ABD als mitjans de comunicaci\u00f3 a l\u2019abril - ABD\",\"isPartOf\":{\"@id\":\"https:\\\/\\\/abd.ong\\\/ca\\\/#website\"},\"primaryImageOfPage\":{\"@id\":\"https:\\\/\\\/abd.ong\\\/ca\\\/general-ca\\\/abd-als-mitjans-de-comunicacio-a-labril\\\/#primaryimage\"},\"image\":{\"@id\":\"https:\\\/\\\/abd.ong\\\/ca\\\/general-ca\\\/abd-als-mitjans-de-comunicacio-a-labril\\\/#primaryimage\"},\"thumbnailUrl\":\"https:\\\/\\\/abd.ong\\\/wp-content\\\/uploads\\\/2020\\\/05\\\/old-tv-1149416_1920.jpg\",\"datePublished\":\"2020-04-29T15:33:07+00:00\",\"dateModified\":\"2021-02-17T18:13:31+00:00\",\"description\":\"L\u2019Associaci\u00f3 Benestar i Desenvolupament&nbsp;(ABD)&nbsp;ha estat present als mitjans de comunicaci\u00f3 durant aquest mes d\u2019abril. A continuaci\u00f3, el recull de\",\"breadcrumb\":{\"@id\":\"https:\\\/\\\/abd.ong\\\/ca\\\/general-ca\\\/abd-als-mitjans-de-comunicacio-a-labril\\\/#breadcrumb\"},\"inLanguage\":\"ca\",\"potentialAction\":[{\"@type\":\"ReadAction\",\"target\":[\"https:\\\/\\\/abd.ong\\\/ca\\\/general-ca\\\/abd-als-mitjans-de-comunicacio-a-labril\\\/\"]}]},{\"@type\":\"ImageObject\",\"inLanguage\":\"ca\",\"@id\":\"https:\\\/\\\/abd.ong\\\/ca\\\/general-ca\\\/abd-als-mitjans-de-comunicacio-a-labril\\\/#primaryimage\",\"url\":\"https:\\\/\\\/abd.ong\\\/wp-content\\\/uploads\\\/2020\\\/05\\\/old-tv-1149416_1920.jpg\",\"contentUrl\":\"https:\\\/\\\/abd.ong\\\/wp-content\\\/uploads\\\/2020\\\/05\\\/old-tv-1149416_1920.jpg\",\"width\":1919,\"height\":977,\"caption\":\"medios de comunicaci\u00f3n\"},{\"@type\":\"BreadcrumbList\",\"@id\":\"https:\\\/\\\/abd.ong\\\/ca\\\/general-ca\\\/abd-als-mitjans-de-comunicacio-a-labril\\\/#breadcrumb\",\"itemListElement\":[{\"@type\":\"ListItem\",\"position\":1,\"name\":\"Inici\",\"item\":\"https:\\\/\\\/abd.ong\\\/ca\\\/\"},{\"@type\":\"ListItem\",\"position\":2,\"name\":\"ABD als mitjans de comunicaci\u00f3 a l\u2019abril\"}]},{\"@type\":\"WebSite\",\"@id\":\"https:\\\/\\\/abd.ong\\\/ca\\\/#website\",\"url\":\"https:\\\/\\\/abd.ong\\\/ca\\\/\",\"name\":\"ABD\",\"description\":\"Asociaci\u00f3n Bienestar y Desarrollo\",\"publisher\":{\"@id\":\"https:\\\/\\\/abd.ong\\\/ca\\\/#organization\"},\"potentialAction\":[{\"@type\":\"SearchAction\",\"target\":{\"@type\":\"EntryPoint\",\"urlTemplate\":\"https:\\\/\\\/abd.ong\\\/ca\\\/?s={search_term_string}\"},\"query-input\":{\"@type\":\"PropertyValueSpecification\",\"valueRequired\":true,\"valueName\":\"search_term_string\"}}],\"inLanguage\":\"ca\"},{\"@type\":\"Organization\",\"@id\":\"https:\\\/\\\/abd.ong\\\/ca\\\/#organization\",\"name\":\"Associaci\u00f3 Benestar i Desenvolupament\",\"alternateName\":\"ABD\",\"url\":\"https:\\\/\\\/abd.ong\\\/ca\\\/\",\"logo\":{\"@type\":\"ImageObject\",\"inLanguage\":\"ca\",\"@id\":\"https:\\\/\\\/abd.ong\\\/ca\\\/#\\\/schema\\\/logo\\\/image\\\/\",\"url\":\"https:\\\/\\\/abd.ong\\\/wp-content\\\/uploads\\\/2023\\\/01\\\/Icona.png\",\"contentUrl\":\"https:\\\/\\\/abd.ong\\\/wp-content\\\/uploads\\\/2023\\\/01\\\/Icona.png\",\"width\":190,\"height\":187,\"caption\":\"Associaci\u00f3 Benestar i Desenvolupament\"},\"image\":{\"@id\":\"https:\\\/\\\/abd.ong\\\/ca\\\/#\\\/schema\\\/logo\\\/image\\\/\"},\"sameAs\":[\"https:\\\/\\\/www.facebook.com\\\/abd.ong\",\"https:\\\/\\\/x.com\\\/abd_ong\",\"https:\\\/\\\/www.instagram.com\\\/abd_ong\\\/\",\"https:\\\/\\\/www.linkedin.com\\\/company\\\/abdong\",\"https:\\\/\\\/www.youtube.com\\\/user\\\/CANALABD\"]},{\"@type\":\"Person\",\"@id\":\"https:\\\/\\\/abd.ong\\\/ca\\\/#\\\/schema\\\/person\\\/d0f5fe279a7ad908de6a6d1332bfd7d8\",\"name\":\"Enric Guinart\"}]}<\/script>\n<!-- \/ Yoast SEO plugin. -->","yoast_head_json":{"title":"ABD als mitjans de comunicaci\u00f3 a l\u2019abril - ABD","description":"L\u2019Associaci\u00f3 Benestar i Desenvolupament&nbsp;(ABD)&nbsp;ha estat present als mitjans de comunicaci\u00f3 durant aquest mes d\u2019abril. A continuaci\u00f3, el recull de","robots":{"index":"index","follow":"follow","max-snippet":"max-snippet:-1","max-image-preview":"max-image-preview:large","max-video-preview":"max-video-preview:-1"},"canonical":"https:\/\/abd.ong\/ca\/general-ca\/abd-als-mitjans-de-comunicacio-a-labril\/","og_locale":"ca_ES","og_type":"article","og_title":"ABD als mitjans de comunicaci\u00f3 a l\u2019abril - ABD","og_description":"L\u2019Associaci\u00f3 Benestar i Desenvolupament&nbsp;(ABD)&nbsp;ha estat present als mitjans de comunicaci\u00f3 durant aquest mes d\u2019abril. A continuaci\u00f3, el recull de","og_url":"https:\/\/abd.ong\/ca\/general-ca\/abd-als-mitjans-de-comunicacio-a-labril\/","og_site_name":"ABD","article_publisher":"https:\/\/www.facebook.com\/abd.ong","article_published_time":"2020-04-29T15:33:07+00:00","article_modified_time":"2021-02-17T18:13:31+00:00","og_image":[{"width":1919,"height":977,"url":"https:\/\/abd.ong\/wp-content\/uploads\/2020\/05\/old-tv-1149416_1920.jpg","type":"image\/jpeg"}],"author":"Enric Guinart","twitter_card":"summary_large_image","twitter_creator":"@abd_ong","twitter_site":"@abd_ong","twitter_misc":{"Escrit per":"Enric Guinart","Temps estimat de lectura":"4 minuts"},"schema":{"@context":"https:\/\/schema.org","@graph":[{"@type":"Article","@id":"https:\/\/abd.ong\/ca\/general-ca\/abd-als-mitjans-de-comunicacio-a-labril\/#article","isPartOf":{"@id":"https:\/\/abd.ong\/ca\/general-ca\/abd-als-mitjans-de-comunicacio-a-labril\/"},"author":{"name":"Enric Guinart","@id":"https:\/\/abd.ong\/ca\/#\/schema\/person\/d0f5fe279a7ad908de6a6d1332bfd7d8"},"headline":"ABD als mitjans de comunicaci\u00f3 a l\u2019abril","datePublished":"2020-04-29T15:33:07+00:00","dateModified":"2021-02-17T18:13:31+00:00","mainEntityOfPage":{"@id":"https:\/\/abd.ong\/ca\/general-ca\/abd-als-mitjans-de-comunicacio-a-labril\/"},"wordCount":862,"publisher":{"@id":"https:\/\/abd.ong\/ca\/#organization"},"image":{"@id":"https:\/\/abd.ong\/ca\/general-ca\/abd-als-mitjans-de-comunicacio-a-labril\/#primaryimage"},"thumbnailUrl":"https:\/\/abd.ong\/wp-content\/uploads\/2020\/05\/old-tv-1149416_1920.jpg","keywords":["ABD","ABD","mitjans de comunicaci\u00f3","recull premsa"],"articleSection":["General"],"inLanguage":"ca"},{"@type":"WebPage","@id":"https:\/\/abd.ong\/ca\/general-ca\/abd-als-mitjans-de-comunicacio-a-labril\/","url":"https:\/\/abd.ong\/ca\/general-ca\/abd-als-mitjans-de-comunicacio-a-labril\/","name":"ABD als mitjans de comunicaci\u00f3 a l\u2019abril - ABD","isPartOf":{"@id":"https:\/\/abd.ong\/ca\/#website"},"primaryImageOfPage":{"@id":"https:\/\/abd.ong\/ca\/general-ca\/abd-als-mitjans-de-comunicacio-a-labril\/#primaryimage"},"image":{"@id":"https:\/\/abd.ong\/ca\/general-ca\/abd-als-mitjans-de-comunicacio-a-labril\/#primaryimage"},"thumbnailUrl":"https:\/\/abd.ong\/wp-content\/uploads\/2020\/05\/old-tv-1149416_1920.jpg","datePublished":"2020-04-29T15:33:07+00:00","dateModified":"2021-02-17T18:13:31+00:00","description":"L\u2019Associaci\u00f3 Benestar i Desenvolupament&nbsp;(ABD)&nbsp;ha estat present als mitjans de comunicaci\u00f3 durant aquest mes d\u2019abril. A continuaci\u00f3, el recull de","breadcrumb":{"@id":"https:\/\/abd.ong\/ca\/general-ca\/abd-als-mitjans-de-comunicacio-a-labril\/#breadcrumb"},"inLanguage":"ca","potentialAction":[{"@type":"ReadAction","target":["https:\/\/abd.ong\/ca\/general-ca\/abd-als-mitjans-de-comunicacio-a-labril\/"]}]},{"@type":"ImageObject","inLanguage":"ca","@id":"https:\/\/abd.ong\/ca\/general-ca\/abd-als-mitjans-de-comunicacio-a-labril\/#primaryimage","url":"https:\/\/abd.ong\/wp-content\/uploads\/2020\/05\/old-tv-1149416_1920.jpg","contentUrl":"https:\/\/abd.ong\/wp-content\/uploads\/2020\/05\/old-tv-1149416_1920.jpg","width":1919,"height":977,"caption":"medios de comunicaci\u00f3n"},{"@type":"BreadcrumbList","@id":"https:\/\/abd.ong\/ca\/general-ca\/abd-als-mitjans-de-comunicacio-a-labril\/#breadcrumb","itemListElement":[{"@type":"ListItem","position":1,"name":"Inici","item":"https:\/\/abd.ong\/ca\/"},{"@type":"ListItem","position":2,"name":"ABD als mitjans de comunicaci\u00f3 a l\u2019abril"}]},{"@type":"WebSite","@id":"https:\/\/abd.ong\/ca\/#website","url":"https:\/\/abd.ong\/ca\/","name":"ABD","description":"Asociaci\u00f3n Bienestar y Desarrollo","publisher":{"@id":"https:\/\/abd.ong\/ca\/#organization"},"potentialAction":[{"@type":"SearchAction","target":{"@type":"EntryPoint","urlTemplate":"https:\/\/abd.ong\/ca\/?s={search_term_string}"},"query-input":{"@type":"PropertyValueSpecification","valueRequired":true,"valueName":"search_term_string"}}],"inLanguage":"ca"},{"@type":"Organization","@id":"https:\/\/abd.ong\/ca\/#organization","name":"Associaci\u00f3 Benestar i Desenvolupament","alternateName":"ABD","url":"https:\/\/abd.ong\/ca\/","logo":{"@type":"ImageObject","inLanguage":"ca","@id":"https:\/\/abd.ong\/ca\/#\/schema\/logo\/image\/","url":"https:\/\/abd.ong\/wp-content\/uploads\/2023\/01\/Icona.png","contentUrl":"https:\/\/abd.ong\/wp-content\/uploads\/2023\/01\/Icona.png","width":190,"height":187,"caption":"Associaci\u00f3 Benestar i Desenvolupament"},"image":{"@id":"https:\/\/abd.ong\/ca\/#\/schema\/logo\/image\/"},"sameAs":["https:\/\/www.facebook.com\/abd.ong","https:\/\/x.com\/abd_ong","https:\/\/www.instagram.com\/abd_ong\/","https:\/\/www.linkedin.com\/company\/abdong","https:\/\/www.youtube.com\/user\/CANALABD"]},{"@type":"Person","@id":"https:\/\/abd.ong\/ca\/#\/schema\/person\/d0f5fe279a7ad908de6a6d1332bfd7d8","name":"Enric Guinart"}]}},"_links":{"self":[{"href":"https:\/\/abd.ong\/ca\/wp-json\/wp\/v2\/posts\/14692","targetHints":{"allow":["GET"]}}],"collection":[{"href":"https:\/\/abd.ong\/ca\/wp-json\/wp\/v2\/posts"}],"about":[{"href":"https:\/\/abd.ong\/ca\/wp-json\/wp\/v2\/types\/post"}],"author":[{"embeddable":true,"href":"https:\/\/abd.ong\/ca\/wp-json\/wp\/v2\/users\/2"}],"replies":[{"embeddable":true,"href":"https:\/\/abd.ong\/ca\/wp-json\/wp\/v2\/comments?post=14692"}],"version-history":[{"count":3,"href":"https:\/\/abd.ong\/ca\/wp-json\/wp\/v2\/posts\/14692\/revisions"}],"predecessor-version":[{"id":20389,"href":"https:\/\/abd.ong\/ca\/wp-json\/wp\/v2\/posts\/14692\/revisions\/20389"}],"wp:featuredmedia":[{"embeddable":true,"href":"https:\/\/abd.ong\/ca\/wp-json\/wp\/v2\/media\/14666"}],"wp:attachment":[{"href":"https:\/\/abd.ong\/ca\/wp-json\/wp\/v2\/media?parent=14692"}],"wp:term":[{"taxonomy":"category","embeddable":true,"href":"https:\/\/abd.ong\/ca\/wp-json\/wp\/v2\/categories?post=14692"},{"taxonomy":"post_tag","embeddable":true,"href":"https:\/\/abd.ong\/ca\/wp-json\/wp\/v2\/tags?post=14692"}],"curies":[{"name":"wp","href":"https:\/\/api.w.org\/{rel}","templated":true}]}}