{"id":14688,"date":"2020-04-23T13:18:14","date_gmt":"2020-04-23T11:18:14","guid":{"rendered":"https:\/\/abd.ong\/?p=14688"},"modified":"2022-05-18T12:15:52","modified_gmt":"2022-05-18T10:15:52","slug":"la-26a-edicio-dels-jocs-florals-del-cas-de-sants-canvia-de-format-amb-lestrena-duna-exposicio-virtual-per-sant-jordi","status":"publish","type":"post","link":"https:\/\/abd.ong\/ca\/drogues-i-salut\/la-26a-edicio-dels-jocs-florals-del-cas-de-sants-canvia-de-format-amb-lestrena-duna-exposicio-virtual-per-sant-jordi\/","title":{"rendered":"La 26a edici\u00f3 dels Jocs Florals del CAS de Sants canvia de format amb l\u2019estrena d\u2019una exposici\u00f3 virtual per Sant Jordi"},"content":{"rendered":"\n<h3 class=\"wp-block-heading\">Amb la crisi de la Covid-19 l\u2019activitat es reinventa amb la posada en marxa d\u2019una web que recull poesies sonores i obres fotogr\u00e0fiques que han fet les persones usu\u00e0ries del Centre de Dia<\/h3>\n\n\n\n<p>\u201cAmb la crisi de la pand\u00e8mia de la Covid-19, ens diuen que ens quedem a casa, que hem de canviar els projectes, que no podem continuar amb el nostre viatge, que no podem abra\u00e7ar-nos, que hem de posar l\u00edmits, dist\u00e0ncies. . . I ens sentim fr\u00e0gils. . . \u00c9s per aix\u00f2 que des de el CAS de Sants \u2018Reinventem\u2019 els nostres Jocs Florals i tot all\u00f2 que hav\u00edem pensat per l\u2019edici\u00f3 d\u2019enguany\u201d.<\/p>\n\n\n\n<p>Aix\u00ed presenten els seus protagonistes la vint-i-sisena edici\u00f3 dels Jocs Florals, la qual ha canviat radicalment de format per\u00f2 conserva el mateix objectiu: acompanyar en la manifestaci\u00f3 d\u2019emocions i sentiments mitjan\u00e7ant processos art-terap\u00e8utics per millorar la consci\u00e8ncia, l\u2019atenci\u00f3 i l\u2019autoestima de les persones usu\u00e0ries i de les seves fam\u00edlies.<\/p>\n\n\n\n<p>Aquest any les persones usu\u00e0ries han realitzat una s\u00e8rie d\u2019escrits, poemes o petites narracions que podeu escoltar a la web&nbsp;JOCSFLORALS.ORG, la qual s\u2019ha posat en marxa avui coincidint amb la diada de Sant Jordi. Aquests textos literaris han estat la inspiraci\u00f3 i estan vinculats a una altra obra art\u00edstica (fotografia) que tamb\u00e9 han fet ells\/es mateixos\/es. Totes dues creacions es poden veure i escoltar&nbsp;des de la p\u00e0gina web.<\/p>\n\n\n\n<h3 class=\"wp-block-heading\"><strong>Qu\u00e8 s\u00f3n els Jocs Florals?<\/strong><\/h3>\n\n\n\n<p>El CAS de Sants va iniciar fa m\u00e9s de 25 anys activitats art\u00edstiques sota el nom de&nbsp;Jocs Florals. L\u2019objectiu inicial era aproximar la cultura i el coneixement de la llengua catalana a trav\u00e9s de l\u2019escriptura, per&nbsp;&nbsp; expressar sentiments i viv\u00e8ncies, i tamb\u00e9 potencialitats de superaci\u00f3 i millora vital.<\/p>\n\n\n\n<p>Amb els anys d\u2019experi\u00e8ncia i havent observat el benefici que t\u00e9 per a les persones usu\u00e0ries del CAS l\u2019escriptura i la preparaci\u00f3 dels Jocs Florals, aquest proc\u00e9s de treball va anar integrant m\u00faltiples disciplines art\u00edstiques com la interpretaci\u00f3, la dansa o la pintura. L\u2019art ha passat a ser pel CAS una eina terap\u00e8utica especial que ajuda a millorar els estats de salut de les persones usu\u00e0ries.<\/p>\n\n\n\n<p>\u200b\u200bEls&nbsp;Jocs Florals&nbsp;se centren en acabar amb el rebuig social que pateix la persona amb trastorn addictiu, que segueix estigmatitzada en ple any 2020 perqu\u00e8 encara \u00e9s vista per la societat com alguna persona viciosa que ha escollit consumir. Poques persones entenen la dimensi\u00f3 integral de la problem\u00e0tica addictiva per factors biol\u00f2gics, psicol\u00f2gics i socials.<\/p>\n\n\n\n<p>Per aix\u00f2 \u00e9s tan important el treball que es realitza amb aquesta iniciativa: perqu\u00e8 es pot treballar l\u2019estigma des d\u2019una vessant m\u00e9s humana, i a m\u00e9s a m\u00e9s, serveix per conscienciar a la societat i a l\u2019entorn m\u00e9s directe.<\/p>\n\n\n\n<h3 class=\"wp-block-heading\"><strong>Qu\u00e8 \u00e9s el CAS de Sants?<\/strong><\/h3>\n\n\n\n<p>El&nbsp;<a href=\"https:\/\/guia.barcelona.cat\/es\/detall\/centre-d-atencio-i-seguiment-sants_99400048881.html\" target=\"_blank\" rel=\"noreferrer noopener\">CAS de Sants&nbsp;<\/a>\u00e9s un centre ambulatori de tractament per a persones que presenten un consum addictiu de drogues. La seva missi\u00f3 \u00e9s la de dissenyar un programa d\u2019ajuda personalitzat per atendre les persones amb situacions problem\u00e0tiques de depend\u00e8ncia o ab\u00fas de drogues i als seus familiars.<\/p>\n\n\n\n<p>El CAS de Sants forma part dels serveis p\u00fablics, en aquest cas de titularitat de l\u2019<a href=\"https:\/\/www.aspb.cat\/\" target=\"_blank\" rel=\"noreferrer noopener\">Ag\u00e8ncia de Salut P\u00fablica de Barcelona<\/a>, que gestiona l\u2019<a href=\"https:\/\/abd.ong\" target=\"_blank\" rel=\"noreferrer noopener\">Associaci\u00f3 Benestar i Desenvolupament ABD<\/a>&nbsp;i que treballen per la salut i el consum cr\u00edtic i responsable de drogues, i tamb\u00e9 per la reducci\u00f3 de danys i la sensibilitzaci\u00f3 entorn a aquest problem\u00e0tica.<\/p>\n","protected":false},"excerpt":{"rendered":"<p>Amb la crisi de la Covid-19 l\u2019activitat es reinventa amb la posada en marxa d\u2019una web que recull poesies sonores i obres fotogr\u00e0fiques que han fet les persones usu\u00e0ries del&hellip;<\/p>\n","protected":false},"author":2,"featured_media":14655,"comment_status":"closed","ping_status":"closed","sticky":false,"template":"","format":"standard","meta":{"_acf_changed":false,"footnotes":""},"categories":[1294],"tags":[119,1111,175,694],"class_list":["post-14688","post","type-post","status-publish","format-standard","has-post-thumbnail","hentry","category-drogas-y-salud","tag-abd","tag-cas-sants-ca-2","tag-drogas-ca","tag-sant-jordi"],"acf":[],"yoast_head":"<!-- This site is optimized with the Yoast SEO plugin v27.4 - https:\/\/yoast.com\/product\/yoast-seo-wordpress\/ -->\n<title>La 26a edici\u00f3 dels Jocs Florals del CAS de Sants canvia de format amb l\u2019estrena d\u2019una exposici\u00f3 virtual per Sant Jordi - ABD<\/title>\n<meta name=\"description\" content=\"Amb la crisi de la Covid-19 l\u2019activitat es reinventa amb la posada en marxa d\u2019una web que recull poesies sonores i obres fotogr\u00e0fiques que han fet les\" \/>\n<meta name=\"robots\" content=\"index, follow, max-snippet:-1, max-image-preview:large, max-video-preview:-1\" \/>\n<link rel=\"canonical\" href=\"https:\/\/abd.ong\/ca\/drogues-i-salut\/la-26a-edicio-dels-jocs-florals-del-cas-de-sants-canvia-de-format-amb-lestrena-duna-exposicio-virtual-per-sant-jordi\/\" \/>\n<meta property=\"og:locale\" content=\"ca_ES\" \/>\n<meta property=\"og:type\" content=\"article\" \/>\n<meta property=\"og:title\" content=\"La 26a edici\u00f3 dels Jocs Florals del CAS de Sants canvia de format amb l\u2019estrena d\u2019una exposici\u00f3 virtual per Sant Jordi - ABD\" \/>\n<meta property=\"og:description\" content=\"Amb la crisi de la Covid-19 l\u2019activitat es reinventa amb la posada en marxa d\u2019una web que recull poesies sonores i obres fotogr\u00e0fiques que han fet les\" \/>\n<meta property=\"og:url\" content=\"https:\/\/abd.ong\/ca\/drogues-i-salut\/la-26a-edicio-dels-jocs-florals-del-cas-de-sants-canvia-de-format-amb-lestrena-duna-exposicio-virtual-per-sant-jordi\/\" \/>\n<meta property=\"og:site_name\" content=\"ABD\" \/>\n<meta property=\"article:publisher\" content=\"https:\/\/www.facebook.com\/abd.ong\" \/>\n<meta property=\"article:published_time\" content=\"2020-04-23T11:18:14+00:00\" \/>\n<meta property=\"article:modified_time\" content=\"2022-05-18T10:15:52+00:00\" \/>\n<meta property=\"og:image\" content=\"https:\/\/abd.ong\/wp-content\/uploads\/2020\/05\/Cartell-Jocs-Florals-2020-CAST.png\" \/>\n\t<meta property=\"og:image:width\" content=\"1400\" \/>\n\t<meta property=\"og:image:height\" content=\"787\" \/>\n\t<meta property=\"og:image:type\" content=\"image\/png\" \/>\n<meta name=\"author\" content=\"Enric Guinart\" \/>\n<meta name=\"twitter:card\" content=\"summary_large_image\" \/>\n<meta name=\"twitter:creator\" content=\"@abd_ong\" \/>\n<meta name=\"twitter:site\" content=\"@abd_ong\" \/>\n<meta name=\"twitter:label1\" content=\"Escrit per\" \/>\n\t<meta name=\"twitter:data1\" content=\"Enric Guinart\" \/>\n\t<meta name=\"twitter:label2\" content=\"Temps estimat de lectura\" \/>\n\t<meta name=\"twitter:data2\" content=\"3 minuts\" \/>\n<script type=\"application\/ld+json\" class=\"yoast-schema-graph\">{\"@context\":\"https:\\\/\\\/schema.org\",\"@graph\":[{\"@type\":\"Article\",\"@id\":\"https:\\\/\\\/abd.ong\\\/ca\\\/drogues-i-salut\\\/la-26a-edicio-dels-jocs-florals-del-cas-de-sants-canvia-de-format-amb-lestrena-duna-exposicio-virtual-per-sant-jordi\\\/#article\",\"isPartOf\":{\"@id\":\"https:\\\/\\\/abd.ong\\\/ca\\\/drogues-i-salut\\\/la-26a-edicio-dels-jocs-florals-del-cas-de-sants-canvia-de-format-amb-lestrena-duna-exposicio-virtual-per-sant-jordi\\\/\"},\"author\":{\"name\":\"Enric Guinart\",\"@id\":\"https:\\\/\\\/abd.ong\\\/ca\\\/#\\\/schema\\\/person\\\/d0f5fe279a7ad908de6a6d1332bfd7d8\"},\"headline\":\"La 26a edici\u00f3 dels Jocs Florals del CAS de Sants canvia de format amb l\u2019estrena d\u2019una exposici\u00f3 virtual per Sant Jordi\",\"datePublished\":\"2020-04-23T11:18:14+00:00\",\"dateModified\":\"2022-05-18T10:15:52+00:00\",\"mainEntityOfPage\":{\"@id\":\"https:\\\/\\\/abd.ong\\\/ca\\\/drogues-i-salut\\\/la-26a-edicio-dels-jocs-florals-del-cas-de-sants-canvia-de-format-amb-lestrena-duna-exposicio-virtual-per-sant-jordi\\\/\"},\"wordCount\":643,\"publisher\":{\"@id\":\"https:\\\/\\\/abd.ong\\\/ca\\\/#organization\"},\"image\":{\"@id\":\"https:\\\/\\\/abd.ong\\\/ca\\\/drogues-i-salut\\\/la-26a-edicio-dels-jocs-florals-del-cas-de-sants-canvia-de-format-amb-lestrena-duna-exposicio-virtual-per-sant-jordi\\\/#primaryimage\"},\"thumbnailUrl\":\"https:\\\/\\\/abd.ong\\\/wp-content\\\/uploads\\\/2020\\\/05\\\/Cartell-Jocs-Florals-2020-CAST.png\",\"keywords\":[\"ABD\",\"CAS Sants\",\"drogas\",\"Sant Jordi\"],\"articleSection\":[\"Drogas y salud\"],\"inLanguage\":\"ca\"},{\"@type\":\"WebPage\",\"@id\":\"https:\\\/\\\/abd.ong\\\/ca\\\/drogues-i-salut\\\/la-26a-edicio-dels-jocs-florals-del-cas-de-sants-canvia-de-format-amb-lestrena-duna-exposicio-virtual-per-sant-jordi\\\/\",\"url\":\"https:\\\/\\\/abd.ong\\\/ca\\\/drogues-i-salut\\\/la-26a-edicio-dels-jocs-florals-del-cas-de-sants-canvia-de-format-amb-lestrena-duna-exposicio-virtual-per-sant-jordi\\\/\",\"name\":\"La 26a edici\u00f3 dels Jocs Florals del CAS de Sants canvia de format amb l\u2019estrena d\u2019una exposici\u00f3 virtual per Sant Jordi - ABD\",\"isPartOf\":{\"@id\":\"https:\\\/\\\/abd.ong\\\/ca\\\/#website\"},\"primaryImageOfPage\":{\"@id\":\"https:\\\/\\\/abd.ong\\\/ca\\\/drogues-i-salut\\\/la-26a-edicio-dels-jocs-florals-del-cas-de-sants-canvia-de-format-amb-lestrena-duna-exposicio-virtual-per-sant-jordi\\\/#primaryimage\"},\"image\":{\"@id\":\"https:\\\/\\\/abd.ong\\\/ca\\\/drogues-i-salut\\\/la-26a-edicio-dels-jocs-florals-del-cas-de-sants-canvia-de-format-amb-lestrena-duna-exposicio-virtual-per-sant-jordi\\\/#primaryimage\"},\"thumbnailUrl\":\"https:\\\/\\\/abd.ong\\\/wp-content\\\/uploads\\\/2020\\\/05\\\/Cartell-Jocs-Florals-2020-CAST.png\",\"datePublished\":\"2020-04-23T11:18:14+00:00\",\"dateModified\":\"2022-05-18T10:15:52+00:00\",\"description\":\"Amb la crisi de la Covid-19 l\u2019activitat es reinventa amb la posada en marxa d\u2019una web que recull poesies sonores i obres fotogr\u00e0fiques que han fet les\",\"breadcrumb\":{\"@id\":\"https:\\\/\\\/abd.ong\\\/ca\\\/drogues-i-salut\\\/la-26a-edicio-dels-jocs-florals-del-cas-de-sants-canvia-de-format-amb-lestrena-duna-exposicio-virtual-per-sant-jordi\\\/#breadcrumb\"},\"inLanguage\":\"ca\",\"potentialAction\":[{\"@type\":\"ReadAction\",\"target\":[\"https:\\\/\\\/abd.ong\\\/ca\\\/drogues-i-salut\\\/la-26a-edicio-dels-jocs-florals-del-cas-de-sants-canvia-de-format-amb-lestrena-duna-exposicio-virtual-per-sant-jordi\\\/\"]}]},{\"@type\":\"ImageObject\",\"inLanguage\":\"ca\",\"@id\":\"https:\\\/\\\/abd.ong\\\/ca\\\/drogues-i-salut\\\/la-26a-edicio-dels-jocs-florals-del-cas-de-sants-canvia-de-format-amb-lestrena-duna-exposicio-virtual-per-sant-jordi\\\/#primaryimage\",\"url\":\"https:\\\/\\\/abd.ong\\\/wp-content\\\/uploads\\\/2020\\\/05\\\/Cartell-Jocs-Florals-2020-CAST.png\",\"contentUrl\":\"https:\\\/\\\/abd.ong\\\/wp-content\\\/uploads\\\/2020\\\/05\\\/Cartell-Jocs-Florals-2020-CAST.png\",\"width\":1400,\"height\":787},{\"@type\":\"BreadcrumbList\",\"@id\":\"https:\\\/\\\/abd.ong\\\/ca\\\/drogues-i-salut\\\/la-26a-edicio-dels-jocs-florals-del-cas-de-sants-canvia-de-format-amb-lestrena-duna-exposicio-virtual-per-sant-jordi\\\/#breadcrumb\",\"itemListElement\":[{\"@type\":\"ListItem\",\"position\":1,\"name\":\"Inici\",\"item\":\"https:\\\/\\\/abd.ong\\\/ca\\\/\"},{\"@type\":\"ListItem\",\"position\":2,\"name\":\"La 26a edici\u00f3 dels Jocs Florals del CAS de Sants canvia de format amb l\u2019estrena d\u2019una exposici\u00f3 virtual per Sant Jordi\"}]},{\"@type\":\"WebSite\",\"@id\":\"https:\\\/\\\/abd.ong\\\/ca\\\/#website\",\"url\":\"https:\\\/\\\/abd.ong\\\/ca\\\/\",\"name\":\"ABD\",\"description\":\"Asociaci\u00f3n Bienestar y Desarrollo\",\"publisher\":{\"@id\":\"https:\\\/\\\/abd.ong\\\/ca\\\/#organization\"},\"potentialAction\":[{\"@type\":\"SearchAction\",\"target\":{\"@type\":\"EntryPoint\",\"urlTemplate\":\"https:\\\/\\\/abd.ong\\\/ca\\\/?s={search_term_string}\"},\"query-input\":{\"@type\":\"PropertyValueSpecification\",\"valueRequired\":true,\"valueName\":\"search_term_string\"}}],\"inLanguage\":\"ca\"},{\"@type\":\"Organization\",\"@id\":\"https:\\\/\\\/abd.ong\\\/ca\\\/#organization\",\"name\":\"Associaci\u00f3 Benestar i Desenvolupament\",\"alternateName\":\"ABD\",\"url\":\"https:\\\/\\\/abd.ong\\\/ca\\\/\",\"logo\":{\"@type\":\"ImageObject\",\"inLanguage\":\"ca\",\"@id\":\"https:\\\/\\\/abd.ong\\\/ca\\\/#\\\/schema\\\/logo\\\/image\\\/\",\"url\":\"https:\\\/\\\/abd.ong\\\/wp-content\\\/uploads\\\/2023\\\/01\\\/Icona.png\",\"contentUrl\":\"https:\\\/\\\/abd.ong\\\/wp-content\\\/uploads\\\/2023\\\/01\\\/Icona.png\",\"width\":190,\"height\":187,\"caption\":\"Associaci\u00f3 Benestar i Desenvolupament\"},\"image\":{\"@id\":\"https:\\\/\\\/abd.ong\\\/ca\\\/#\\\/schema\\\/logo\\\/image\\\/\"},\"sameAs\":[\"https:\\\/\\\/www.facebook.com\\\/abd.ong\",\"https:\\\/\\\/x.com\\\/abd_ong\",\"https:\\\/\\\/www.instagram.com\\\/abd_ong\\\/\",\"https:\\\/\\\/www.linkedin.com\\\/company\\\/abdong\",\"https:\\\/\\\/www.youtube.com\\\/user\\\/CANALABD\"]},{\"@type\":\"Person\",\"@id\":\"https:\\\/\\\/abd.ong\\\/ca\\\/#\\\/schema\\\/person\\\/d0f5fe279a7ad908de6a6d1332bfd7d8\",\"name\":\"Enric Guinart\"}]}<\/script>\n<!-- \/ Yoast SEO plugin. -->","yoast_head_json":{"title":"La 26a edici\u00f3 dels Jocs Florals del CAS de Sants canvia de format amb l\u2019estrena d\u2019una exposici\u00f3 virtual per Sant Jordi - ABD","description":"Amb la crisi de la Covid-19 l\u2019activitat es reinventa amb la posada en marxa d\u2019una web que recull poesies sonores i obres fotogr\u00e0fiques que han fet les","robots":{"index":"index","follow":"follow","max-snippet":"max-snippet:-1","max-image-preview":"max-image-preview:large","max-video-preview":"max-video-preview:-1"},"canonical":"https:\/\/abd.ong\/ca\/drogues-i-salut\/la-26a-edicio-dels-jocs-florals-del-cas-de-sants-canvia-de-format-amb-lestrena-duna-exposicio-virtual-per-sant-jordi\/","og_locale":"ca_ES","og_type":"article","og_title":"La 26a edici\u00f3 dels Jocs Florals del CAS de Sants canvia de format amb l\u2019estrena d\u2019una exposici\u00f3 virtual per Sant Jordi - ABD","og_description":"Amb la crisi de la Covid-19 l\u2019activitat es reinventa amb la posada en marxa d\u2019una web que recull poesies sonores i obres fotogr\u00e0fiques que han fet les","og_url":"https:\/\/abd.ong\/ca\/drogues-i-salut\/la-26a-edicio-dels-jocs-florals-del-cas-de-sants-canvia-de-format-amb-lestrena-duna-exposicio-virtual-per-sant-jordi\/","og_site_name":"ABD","article_publisher":"https:\/\/www.facebook.com\/abd.ong","article_published_time":"2020-04-23T11:18:14+00:00","article_modified_time":"2022-05-18T10:15:52+00:00","og_image":[{"width":1400,"height":787,"url":"https:\/\/abd.ong\/wp-content\/uploads\/2020\/05\/Cartell-Jocs-Florals-2020-CAST.png","type":"image\/png"}],"author":"Enric Guinart","twitter_card":"summary_large_image","twitter_creator":"@abd_ong","twitter_site":"@abd_ong","twitter_misc":{"Escrit per":"Enric Guinart","Temps estimat de lectura":"3 minuts"},"schema":{"@context":"https:\/\/schema.org","@graph":[{"@type":"Article","@id":"https:\/\/abd.ong\/ca\/drogues-i-salut\/la-26a-edicio-dels-jocs-florals-del-cas-de-sants-canvia-de-format-amb-lestrena-duna-exposicio-virtual-per-sant-jordi\/#article","isPartOf":{"@id":"https:\/\/abd.ong\/ca\/drogues-i-salut\/la-26a-edicio-dels-jocs-florals-del-cas-de-sants-canvia-de-format-amb-lestrena-duna-exposicio-virtual-per-sant-jordi\/"},"author":{"name":"Enric Guinart","@id":"https:\/\/abd.ong\/ca\/#\/schema\/person\/d0f5fe279a7ad908de6a6d1332bfd7d8"},"headline":"La 26a edici\u00f3 dels Jocs Florals del CAS de Sants canvia de format amb l\u2019estrena d\u2019una exposici\u00f3 virtual per Sant Jordi","datePublished":"2020-04-23T11:18:14+00:00","dateModified":"2022-05-18T10:15:52+00:00","mainEntityOfPage":{"@id":"https:\/\/abd.ong\/ca\/drogues-i-salut\/la-26a-edicio-dels-jocs-florals-del-cas-de-sants-canvia-de-format-amb-lestrena-duna-exposicio-virtual-per-sant-jordi\/"},"wordCount":643,"publisher":{"@id":"https:\/\/abd.ong\/ca\/#organization"},"image":{"@id":"https:\/\/abd.ong\/ca\/drogues-i-salut\/la-26a-edicio-dels-jocs-florals-del-cas-de-sants-canvia-de-format-amb-lestrena-duna-exposicio-virtual-per-sant-jordi\/#primaryimage"},"thumbnailUrl":"https:\/\/abd.ong\/wp-content\/uploads\/2020\/05\/Cartell-Jocs-Florals-2020-CAST.png","keywords":["ABD","CAS Sants","drogas","Sant Jordi"],"articleSection":["Drogas y salud"],"inLanguage":"ca"},{"@type":"WebPage","@id":"https:\/\/abd.ong\/ca\/drogues-i-salut\/la-26a-edicio-dels-jocs-florals-del-cas-de-sants-canvia-de-format-amb-lestrena-duna-exposicio-virtual-per-sant-jordi\/","url":"https:\/\/abd.ong\/ca\/drogues-i-salut\/la-26a-edicio-dels-jocs-florals-del-cas-de-sants-canvia-de-format-amb-lestrena-duna-exposicio-virtual-per-sant-jordi\/","name":"La 26a edici\u00f3 dels Jocs Florals del CAS de Sants canvia de format amb l\u2019estrena d\u2019una exposici\u00f3 virtual per Sant Jordi - ABD","isPartOf":{"@id":"https:\/\/abd.ong\/ca\/#website"},"primaryImageOfPage":{"@id":"https:\/\/abd.ong\/ca\/drogues-i-salut\/la-26a-edicio-dels-jocs-florals-del-cas-de-sants-canvia-de-format-amb-lestrena-duna-exposicio-virtual-per-sant-jordi\/#primaryimage"},"image":{"@id":"https:\/\/abd.ong\/ca\/drogues-i-salut\/la-26a-edicio-dels-jocs-florals-del-cas-de-sants-canvia-de-format-amb-lestrena-duna-exposicio-virtual-per-sant-jordi\/#primaryimage"},"thumbnailUrl":"https:\/\/abd.ong\/wp-content\/uploads\/2020\/05\/Cartell-Jocs-Florals-2020-CAST.png","datePublished":"2020-04-23T11:18:14+00:00","dateModified":"2022-05-18T10:15:52+00:00","description":"Amb la crisi de la Covid-19 l\u2019activitat es reinventa amb la posada en marxa d\u2019una web que recull poesies sonores i obres fotogr\u00e0fiques que han fet les","breadcrumb":{"@id":"https:\/\/abd.ong\/ca\/drogues-i-salut\/la-26a-edicio-dels-jocs-florals-del-cas-de-sants-canvia-de-format-amb-lestrena-duna-exposicio-virtual-per-sant-jordi\/#breadcrumb"},"inLanguage":"ca","potentialAction":[{"@type":"ReadAction","target":["https:\/\/abd.ong\/ca\/drogues-i-salut\/la-26a-edicio-dels-jocs-florals-del-cas-de-sants-canvia-de-format-amb-lestrena-duna-exposicio-virtual-per-sant-jordi\/"]}]},{"@type":"ImageObject","inLanguage":"ca","@id":"https:\/\/abd.ong\/ca\/drogues-i-salut\/la-26a-edicio-dels-jocs-florals-del-cas-de-sants-canvia-de-format-amb-lestrena-duna-exposicio-virtual-per-sant-jordi\/#primaryimage","url":"https:\/\/abd.ong\/wp-content\/uploads\/2020\/05\/Cartell-Jocs-Florals-2020-CAST.png","contentUrl":"https:\/\/abd.ong\/wp-content\/uploads\/2020\/05\/Cartell-Jocs-Florals-2020-CAST.png","width":1400,"height":787},{"@type":"BreadcrumbList","@id":"https:\/\/abd.ong\/ca\/drogues-i-salut\/la-26a-edicio-dels-jocs-florals-del-cas-de-sants-canvia-de-format-amb-lestrena-duna-exposicio-virtual-per-sant-jordi\/#breadcrumb","itemListElement":[{"@type":"ListItem","position":1,"name":"Inici","item":"https:\/\/abd.ong\/ca\/"},{"@type":"ListItem","position":2,"name":"La 26a edici\u00f3 dels Jocs Florals del CAS de Sants canvia de format amb l\u2019estrena d\u2019una exposici\u00f3 virtual per Sant Jordi"}]},{"@type":"WebSite","@id":"https:\/\/abd.ong\/ca\/#website","url":"https:\/\/abd.ong\/ca\/","name":"ABD","description":"Asociaci\u00f3n Bienestar y Desarrollo","publisher":{"@id":"https:\/\/abd.ong\/ca\/#organization"},"potentialAction":[{"@type":"SearchAction","target":{"@type":"EntryPoint","urlTemplate":"https:\/\/abd.ong\/ca\/?s={search_term_string}"},"query-input":{"@type":"PropertyValueSpecification","valueRequired":true,"valueName":"search_term_string"}}],"inLanguage":"ca"},{"@type":"Organization","@id":"https:\/\/abd.ong\/ca\/#organization","name":"Associaci\u00f3 Benestar i Desenvolupament","alternateName":"ABD","url":"https:\/\/abd.ong\/ca\/","logo":{"@type":"ImageObject","inLanguage":"ca","@id":"https:\/\/abd.ong\/ca\/#\/schema\/logo\/image\/","url":"https:\/\/abd.ong\/wp-content\/uploads\/2023\/01\/Icona.png","contentUrl":"https:\/\/abd.ong\/wp-content\/uploads\/2023\/01\/Icona.png","width":190,"height":187,"caption":"Associaci\u00f3 Benestar i Desenvolupament"},"image":{"@id":"https:\/\/abd.ong\/ca\/#\/schema\/logo\/image\/"},"sameAs":["https:\/\/www.facebook.com\/abd.ong","https:\/\/x.com\/abd_ong","https:\/\/www.instagram.com\/abd_ong\/","https:\/\/www.linkedin.com\/company\/abdong","https:\/\/www.youtube.com\/user\/CANALABD"]},{"@type":"Person","@id":"https:\/\/abd.ong\/ca\/#\/schema\/person\/d0f5fe279a7ad908de6a6d1332bfd7d8","name":"Enric Guinart"}]}},"_links":{"self":[{"href":"https:\/\/abd.ong\/ca\/wp-json\/wp\/v2\/posts\/14688","targetHints":{"allow":["GET"]}}],"collection":[{"href":"https:\/\/abd.ong\/ca\/wp-json\/wp\/v2\/posts"}],"about":[{"href":"https:\/\/abd.ong\/ca\/wp-json\/wp\/v2\/types\/post"}],"author":[{"embeddable":true,"href":"https:\/\/abd.ong\/ca\/wp-json\/wp\/v2\/users\/2"}],"replies":[{"embeddable":true,"href":"https:\/\/abd.ong\/ca\/wp-json\/wp\/v2\/comments?post=14688"}],"version-history":[{"count":3,"href":"https:\/\/abd.ong\/ca\/wp-json\/wp\/v2\/posts\/14688\/revisions"}],"predecessor-version":[{"id":33103,"href":"https:\/\/abd.ong\/ca\/wp-json\/wp\/v2\/posts\/14688\/revisions\/33103"}],"wp:featuredmedia":[{"embeddable":true,"href":"https:\/\/abd.ong\/ca\/wp-json\/wp\/v2\/media\/14655"}],"wp:attachment":[{"href":"https:\/\/abd.ong\/ca\/wp-json\/wp\/v2\/media?parent=14688"}],"wp:term":[{"taxonomy":"category","embeddable":true,"href":"https:\/\/abd.ong\/ca\/wp-json\/wp\/v2\/categories?post=14688"},{"taxonomy":"post_tag","embeddable":true,"href":"https:\/\/abd.ong\/ca\/wp-json\/wp\/v2\/tags?post=14688"}],"curies":[{"name":"wp","href":"https:\/\/api.w.org\/{rel}","templated":true}]}}