{"id":14686,"date":"2020-04-16T13:10:11","date_gmt":"2020-04-16T11:10:11","guid":{"rendered":"https:\/\/abd.ong\/?p=14686"},"modified":"2021-12-01T10:35:22","modified_gmt":"2021-12-01T09:35:22","slug":"virus-de-la-desigualtat-amb-el-coronavirus-lestigma-cap-a-les-persones-sense-llar-ha-augmentat","status":"publish","type":"post","link":"https:\/\/abd.ong\/ca\/drogues-i-salut\/virus-de-la-desigualtat-amb-el-coronavirus-lestigma-cap-a-les-persones-sense-llar-ha-augmentat\/","title":{"rendered":"Virus de la desigualtat: \u201cAmb el coronavirus l\u2019estigma cap a les persones sense llar ha augmentat\u201d"},"content":{"rendered":"\n<h4 class=\"wp-block-heading\"><strong>Parlem amb el Marcos, la Mulan i el Javier. Aquests dies estan a un equipament pioner de l\u2019Ajuntament de Barcelona i l\u2019Ag\u00e8ncia de Salut P\u00fablica que allotja a persones sense llar amb addiccions arran de la crisi de la COVID-19<\/strong><\/h4>\n\n\n\n<p>Com \u00e9s la vida d\u2019una persona sense llar d\u2019en\u00e7\u00e0 que ha esclatat la pand\u00e8mia de la COVID-19?; la seva situaci\u00f3 d\u2019exclusi\u00f3 social s\u2019ha agreujat m\u00e9s amb aquesta crisi?; ha empitjorat l\u2019estigma que pateixen les persones usu\u00e0ries de drogues?<\/p>\n\n\n\n<p>Busquem respostes parlant amb el\u00a0<strong>Marcos<\/strong>, la\u00a0<strong>Mulan<\/strong>\u00a0(nom fictici) i el\u00a0<strong>Javier<\/strong>. Tenen en com\u00fa que fa anys que viuen al carrer, que s\u00f3n persones usu\u00e0ries de drogues i que aquests dies han trobat aixopluc en el dispositiu pioner que ha habilitat l\u2019<a rel=\"noreferrer noopener\" href=\"https:\/\/ajuntament.barcelona.cat\/ca\/\" target=\"_blank\">Ajuntament de Barcelona<\/a>\u00a0juntament amb l\u2019<a rel=\"noreferrer noopener\" href=\"https:\/\/www.aspb.cat\/\" target=\"_blank\">Ag\u00e8ncia de Salut P\u00fablica ASPB<\/a>\u00a0per acollir\u00a0<a rel=\"noreferrer noopener\" href=\"https:\/\/abd.ong\/blog\/ca\/drogues\/abd-gestionara-un-equipament-pioner-a-barcelona-per-allotjar-a-persones-amb-addiccions-arran-de-la-crisi-de-la-covid-19\/\" target=\"_blank\">persones sense llar amb addiccions<\/a>\u00a0de manera que puguin passar el confinament com a conseq\u00fc\u00e8ncia de la pand\u00e8mia de la COVID-19.<\/p>\n\n\n\n<figure class=\"wp-block-image size-large\"><img fetchpriority=\"high\" decoding=\"async\" width=\"1024\" height=\"768\" src=\"\/wp-content\/uploads\/2020\/05\/WhatsApp-Image-2020-04-15-at-02.50.43-3.jpeg\" alt=\"\" class=\"wp-image-14635\" srcset=\"https:\/\/abd.ong\/wp-content\/uploads\/2020\/05\/WhatsApp-Image-2020-04-15-at-02.50.43-3.jpeg 1024w, https:\/\/abd.ong\/wp-content\/uploads\/2020\/05\/WhatsApp-Image-2020-04-15-at-02.50.43-3-300x225.jpeg 300w, https:\/\/abd.ong\/wp-content\/uploads\/2020\/05\/WhatsApp-Image-2020-04-15-at-02.50.43-3-768x576.jpeg 768w\" sizes=\"(max-width: 1024px) 100vw, 1024px\" \/><figcaption><em>El servei es presta en un espai cedit per la\u00a0<a rel=\"noreferrer noopener\" href=\"https:\/\/www.peretarres.org\/es\" target=\"_blank\">Fundaci\u00f3 Pere Tarr\u00e9s<\/a>.<\/em><\/figcaption><\/figure>\n\n\n\n<p>Tamb\u00e9 tenen en com\u00fa unes enormes ganes de viure, l\u2019esperan\u00e7a per millorar la seva situaci\u00f3 i l\u2019agra\u00efment per a tot l\u2019equip professional que est\u00e0 cuidant d\u2019elles i ells aquests dies. Coneguem una mica les seves hist\u00f2ries\u2026.<\/p>\n\n\n\n<h3 class=\"wp-block-heading\"><strong>\u201cSi no saps la meva hist\u00f2ria no em pots jutjar perqu\u00e8 un dia estic afectat pel consum d\u2019una subst\u00e0ncia\u201d<\/strong><\/h3>\n\n\n\n<p><em><strong>Marcos Hern\u00e1ndez Garrido<\/strong>. 44 anys. Fill del barri xino de Barcelona. Autor del llibre \u2018Poemes sense sostre\u2019 de l\u2019Editorial Carena. Intel\u00b7lectual, inquiet, apassionat, parla tal i com raja. Recorda amb orgull la seva milit\u00e0ncia activa al 15M. Acaba de ser pare per\u00f2 no pot veure a la seva filla perqu\u00e8 ha tingut problemes amb la seva dona. Fa m\u00e9s de 10 anys que viu al carrer o en cases ocupades. En tot moment l\u2019acompanya un llibre. Sembla el seu company de viatge. No \u00e9s el que va escriure. Al final de l\u2019entrevista descobrirem el t\u00edtol, que tamb\u00e9 t\u00e9 la seva petita hist\u00f2ria\u2026<\/em><\/p>\n\n\n\n<p><strong>Com has arribat fins aqu\u00ed?<\/strong><br>(Esbufega). Quina pregunta (somriu). Resumeixo molt r\u00e0pid. Sempre havia treballat des dels 8 anys als 33 per\u00f2 el gran problema \u00e9s que sempre ho vaig fer en negre. Vaig acabar una relaci\u00f3 de 9 anys i d\u2019un dia per l\u2019altre em vaig veure tirat al carrer. S\u00f3c politoxic\u00f2man, estimo a les drogues. Durant molts anys les he pres per expandir-me per\u00f2 tamb\u00e9 per alleujar el dolor.<\/p>\n\n\n\n<p><strong>Dolor?<\/strong><br>Tinc una malaltia en la cama, es diu displasia de maluc. Tamb\u00e9 tinc els dits en urpa als peus. Quan vaig anar al metge de cap\u00e7alera a demanar la discapacitat vaig tenir la desagradable experi\u00e8ncia de veure com la meva hist\u00f2ria cl\u00ednica es resumia nom\u00e9s en un parell de l\u00ednies. Aleshores li vaig preguntar al metge: \u2018qu\u00e8 \u00e9s aix\u00f2?\u2019 Llavors va ser quan vaig haver d\u2019escoltar que alguns expedients en fer el trasp\u00e0s de paper a digital, causalment s\u2019havien perdut. A m\u00e9s, despr\u00e9s em vaig trencar el turmell quan intentava saltar a una casa ocupada i el dolor s\u2019ha fet m\u00e9s intens.<\/p>\n\n\n\n<figure class=\"wp-block-image size-large\"><img decoding=\"async\" width=\"1024\" height=\"768\" src=\"\/wp-content\/uploads\/2020\/05\/WhatsApp-Image-2020-04-15-at-02.50.43-4.jpeg\" alt=\"\" class=\"wp-image-14638\" srcset=\"https:\/\/abd.ong\/wp-content\/uploads\/2020\/05\/WhatsApp-Image-2020-04-15-at-02.50.43-4.jpeg 1024w, https:\/\/abd.ong\/wp-content\/uploads\/2020\/05\/WhatsApp-Image-2020-04-15-at-02.50.43-4-300x225.jpeg 300w, https:\/\/abd.ong\/wp-content\/uploads\/2020\/05\/WhatsApp-Image-2020-04-15-at-02.50.43-4-768x576.jpeg 768w\" sizes=\"(max-width: 1024px) 100vw, 1024px\" \/><figcaption><em>Marcos Hern\u00e1ndez Garrido a l\u2019alberg que acull a persones sense llar amb addiccions.<\/em><\/figcaption><\/figure>\n\n\n\n<p><strong>\u00bfQu\u00e8 \u00e9s el m\u00e9s dif\u00edcil de viure al carrer?<\/strong><br>Al carrer trobes a faltar les petites coses, com estar al sof\u00e0 veient una pel\u00b7l\u00edcula amb un plat de sopa, poder aixecar-te i anar a l\u2019urinari \u2026<\/p>\n\n\n\n<p><strong>\u00bfHas passat por?<\/strong><br>Ser bona gent al carrer et fa passar mals moments. \u00c9s clar que he passat por.<\/p>\n\n\n\n<p><strong>\u00bfAmb la crisi del coronavirus t\u2019has sentit m\u00e9s estigmatitzat pel fet de no tenir sostre?<\/strong><br>S\u00ed. Si no saps la meva hist\u00f2ria no em pots jutjar per qu\u00e8 un dia estic afectat pel consum d\u2019una subst\u00e0ncia. Moltes persones no se n\u2019adonen que el sol fet per exemple de demanar diners, si tu ets a terra implica superioritat i sup\u00e8rbia de la persona que est\u00e0 a peu dret. Moltes vegades m\u2019he hagut d\u2019anar a un banc a plorar. Hi ha bona gent per\u00f2 tamb\u00e9 he viscut algunes males experi\u00e8ncies. Persones que m\u2019han tractat a mi com esc\u00f2ria sense adonar-se qu\u00e8 en aquell moment tamb\u00e9 s\u2019estaven convertint en esc\u00f2ria. Tamb\u00e9 s\u2019est\u00e0 veient que aquest virus est\u00e0 demostrant que no se salva ni el ric ni el pobre. I a m\u00e9s jo tinc la teoria que els que vivim al carrer, com que ja estem m\u00e9s exposats als virus en general, el nostre sistema de defenses est\u00e0 refor\u00e7at.<\/p>\n\n\n\n<p><strong>\u00bfCom vas con\u00e8ixer aquest espai?<\/strong><br>A trav\u00e9s de la Sala Baluard. Estimo molt a aquesta gent.<\/p>\n\n\n\n<p><strong>\u00bfQu\u00e8 et sembla aquest espai?<\/strong><br>L\u2019espai \u00e9s impressionant, els treballadors fan el que poden. Em sembla meravell\u00f3s que hi hagi aquest lloc. Cal valorar molt m\u00e9s aquest servei. Els professionals estan fent una feina bestial. Fan de sanitaris, de cambrers\/es, psic\u00f2leg\/a\u2026.<\/p>\n\n\n\n<p><strong>\u00bfI em dir\u00e0s quin \u00e9s aquest llibre que t\u2019acompanya?<\/strong><br>\u201cEls 120 dies de Sodoma\u201d del Marqu\u00e9s de Sade.<\/p>\n\n\n\n<p><strong>Caram\u2026<\/strong><br>(Somriu). Amb 12 anys vaig llegir el Marqu\u00e8s de Sade i vaig descobrir la masturbaci\u00f3. I curiosament avui quan he anat a la biblioteca va i m\u2019he trobat aquest t\u00edtol. No m\u2019he pogut resistir a agafar-lo.<\/p>\n\n\n\n<h4 class=\"wp-block-heading\"><strong>\u201cExisteix molt ab\u00fas sexual. Viure al carrer i ser dona \u00e9s molt perill\u00f3s, som m\u00e9s vulnerables que els homes\u201d<\/strong><\/h4>\n\n\n\n<p><em><strong>Mulan<\/strong>, 28 anys, francesa. Prefereix no donar el seu nom real per guardar l\u2019anonimat. T\u00edmida. Ulls grans, intensos i, alhora, tristos. A la seva pell hi conviuen molts tatuatges que semblen el testimoni d\u2019una vida molt dura. Parla poc per\u00f2 la seva mirada transmet molta esperan\u00e7a. Fa 14 anys que viu al carrer.<\/em><\/p>\n\n\n\n<p><strong>Com has conegut aquest recurs?<\/strong><br>A trav\u00e9s \u00a0de\u00a0<a rel=\"noreferrer noopener\" href=\"http:\/\/www.metzineres.net\/\" target=\"_blank\">Metzineres<\/a>, un espai exclusiu per a dones de reducci\u00f3 de danys en el qual el m\u00e9s important s\u00f3n les dones que acudeixen i les seves necessitats.<\/p>\n\n\n\n<p><strong>Quan temps fa que vius al carrer?<\/strong><br>Des dels 14 anys. Quan vaig arribar a Espanya en tenia 19.<\/p>\n\n\n\n<p><strong>Com viu una dona sense sostre?<\/strong><br>\u00c9s dif\u00edcil. Existeix molt ab\u00fas sexual. Viure al carrer i ser dona \u00e9s molt perill\u00f3s, som m\u00e9s vulnerables que els homes. Totes les dones que vivim al carrer alguna vegada ens hem despertat amb un home intentant-nos tocar.<\/p>\n\n\n\n<p><strong>Com has viscut la crisi del coronavirus des del carrer?; creus que amb aquesta pand\u00e8mia encara esteu m\u00e9s estigmatitzades les persones que no teniu sostre?<\/strong><br>Ha estat complicat. Hi ha hagut una pujada del preu de la droga i ha baixat la qualitat. Vaig ser agredida per un agent de la policia quan es va pensar que li anava a tossir a sobre despr\u00e9s d\u2019una discussi\u00f3. Vaig passar la nit al calab\u00f3s. Ho he denunciat al jutge. S\u00ed, l\u2019estigma cap a nosaltres encara ha empitjorat per estar al carrer.<\/p>\n\n\n\n<p><strong>Com est\u00e0s en aquest espai que teniu per poder passar sota un sostre la crisi del COVID-19?<\/strong><br>Em sento cansada per\u00f2 b\u00e9. No \u00e9s f\u00e0cil perqu\u00e8 quasi tots s\u00f3n homes. L\u2019espai no est\u00e0 malament, hi ha ordinadors per buscar feina, menjar, serveis\u2026. Hi ha coses que m\u2019agraden i altres que no per\u00f2 en general, est\u00e0 b\u00e9.<\/p>\n\n\n\n<p><strong>I quan s\u2019hagin acabat els dies en aquest alberg, com t\u2019imagines el futur?<\/strong><br>Ja porto quatre setmanes de desintoxicaci\u00f3 de les drogues i espero poder entrar a l\u2019<a rel=\"noreferrer noopener\" href=\"https:\/\/www.drogasgenero.info\/espai-ariadna\/\" target=\"_blank\">Espai Ariadna<\/a>, que t\u2019ofereixen una habitaci\u00f3 durant un any si no consumeixes (L\u2019Espai Ariadna es presta atenci\u00f3 integral a les dones soles o amb els seus fills i filles que requereixen un espai d\u2019intervenci\u00f3 integral on s\u2019abordi la situaci\u00f3 de viol\u00e8ncia masclista i de drogodepend\u00e8ncia en un entorn segur). Tamb\u00e9 m\u2019agradaria aconseguir una feina.<\/p>\n\n\n\n<figure class=\"wp-block-image size-large\"><img decoding=\"async\" width=\"1024\" height=\"768\" src=\"\/wp-content\/uploads\/2020\/05\/WhatsApp-Image-2020-04-04-at-13.14.05-1024x768-1.jpeg\" alt=\"\" class=\"wp-image-14641\" srcset=\"https:\/\/abd.ong\/wp-content\/uploads\/2020\/05\/WhatsApp-Image-2020-04-04-at-13.14.05-1024x768-1.jpeg 1024w, https:\/\/abd.ong\/wp-content\/uploads\/2020\/05\/WhatsApp-Image-2020-04-04-at-13.14.05-1024x768-1-300x225.jpeg 300w, https:\/\/abd.ong\/wp-content\/uploads\/2020\/05\/WhatsApp-Image-2020-04-04-at-13.14.05-1024x768-1-768x576.jpeg 768w\" sizes=\"(max-width: 1024px) 100vw, 1024px\" \/><figcaption><em>El menjador del recurs per a persones sense llar.<\/em><\/figcaption><\/figure>\n\n\n\n<h4 class=\"wp-block-heading\"><strong>\u201cUn agent de policia em va dir \u2018amb els coronavirus els sense sostre esteu venuts\u2019\u201d<\/strong><\/h4>\n\n\n\n<p><em><strong>Javier S\u00e1chez<\/strong>. 36 anys. Jove i alegre. Despr\u00e8n entusiasme. Pregunta molt. Vol saber que est\u00e0 passant al m\u00f3n. Ho vol entendre. Sempre va acompanyat d\u2019un m\u00f2bil i uns cascos que semblen evadir-lo de tot all\u00f2 que l\u2019envolta. Fa tres anys i escaig era empleat de banca i vivia tranquil\u00b7lament amb els seus pares. Ara viu al carrer, tamb\u00e9 des de fa tres a anys, tants com els que fa que va perdre la feina i que els seus pares el van fer fora de casa.<\/em><\/p>\n\n\n\n<p><strong>Qu\u00e8 t\u2019ha portat a viure al carrer?<\/strong><br>Treballava a la banca i nom\u00e9s consumia droga un cop a el mes quan anava de festa. Era consumidor de Metanfetamina. Fins que vaig provar la xeringa\u2026. ho vaig explicar a casa i es va decidir que havia de marxar. I aqu\u00ed segueixo encara. Jo no m\u2019havia drogat abans a la meva vida per\u00f2, ja veus, quan consumeixes canvies el xip totalment.<\/p>\n\n\n\n<p><strong>I com vas viure el fet de trobar-te sense llar d\u2019un dia per l\u2019altre?<\/strong><br>Al principi al carrer vaig plorar molt. Consumia molt i pensava que si em moria no passava res. Un dia em van robar tot el que tenia. Fins i tot les ulleres. A partir d\u2019aqu\u00ed tot va anar a pitjor. Vaig con\u00e8ixer un noi al carrer que tamb\u00e9 es punxava i fins que no em va deixar, no vaig comen\u00e7ar a millorar. Va ser un any i mig molt dur. Ara segueixo consumint per\u00f2 nom\u00e9s amb un caire festiu.<\/p>\n\n\n\n<p><strong>Com has viscut la crisi de la pand\u00e8mia del COVID-19?<\/strong><br>El coronavirus em va agafar a Montju\u00efc. Vaig baixar a buscar entrepans a el lloc de sempre i estava tancat. Despr\u00e9s vaig anar a un centre comercial i tamb\u00e9 estava tancat. I em vaig preguntar i ara qu\u00e8 faig per dinar? Per sort una dona em va donar uns iogurts i em va dir que m\u2019amagu\u00e9s. Aquests dies he menjat gr\u00e0cies a la sala Baluard, li dec molt a Carla, la meva referent.<\/p>\n\n\n\n<p><strong>Creus que amb l\u2019esclat del coronavirus hi ha m\u00e9s estigma per a les persones sense llar?<\/strong><br>I tant. Recordo un agent de policia que em va dir \u2018amb el coronavirus els sense sostre esteu venuts\u2019. L\u2019estigma cap a nosaltres s\u2019ha augmentat. Un dia amb el company que anava ens van cridar infectats i ens van intentar agredir. Ens vam haver de tancar en un portal. La situaci\u00f3 tamb\u00e9 s\u2019ha empitjorat perqu\u00e8 el carrer \u00e9s tot inter\u00e8s.<\/p>\n\n\n\n<p><strong>Pel que comentes, devies con\u00e8ixer aquest servei a trav\u00e9s de Baluard?<\/strong><br>S\u00ed. S\u00f3c usuari de la sala Baluard i ens van informar que existia aquest servei. Primer vaig preguntar sobre les persones que hi anirien perqu\u00e8 en segons quines condicions, preferia estar al carrer. Quan m\u2019ho van explicar b\u00e9 llavors els vaig dir, \u2018porteu-m\u2019hi ja\u2019.<\/p>\n\n\n\n<p><strong>I qu\u00e8 et sembla aquest espai?<\/strong><br>A l\u2019alberg no parlo amb ning\u00fa, estic sol i tranquil. Tenen un ordre i es fa dif\u00edcil seguir-lo. \u00c9s curi\u00f3s per\u00f2 tinc incomoditat sabent que t\u2019has d\u2019aixecar a les 7.30h. Recordo que una vegada vaig tenir l\u2019opci\u00f3 d\u2019estar en una pensi\u00f3 una setmana i els primers dies no vaig fer servir el llit. No \u00e9s f\u00e0cil acostumar-se. Aquests dies al meu cap tinc una mica una crisi perqu\u00e8 passes de viure al carrer a un centre amb diferents serveis, moltes persones, uns horaris, etc\u00e8tera. No obstant aix\u00f2, el centre \u00e9s meravell\u00f3s i vull fer un agra\u00efment p\u00fablic a l\u2019Ester Aranda per ajudar a fer possible tot aix\u00f2, estem molt orgullosos. A m\u00e9s tamb\u00e9 s\u2019ha de destacar que el consum aqu\u00ed ha disminu\u00eft i aix\u00f2 \u00e9s molt valu\u00f3s. Des que s\u00f3c aqu\u00ed no he consumit res i tampoc veig que consumeixin les altres persones.<\/p>\n\n\n\n<h4 class=\"wp-block-heading\"><strong>Un servei pioner que volen que sigui estable i m\u00e9s enll\u00e0 del COVID-19<\/strong><\/h4>\n\n\n\n<p>L\u2019equipament, gestionat per l\u2019<a rel=\"noreferrer noopener\" href=\"https:\/\/abd.ong\/blog\/ca\/drogues\/abd-gestionara-un-equipament-pioner-a-barcelona-per-allotjar-a-persones-amb-addiccions-arran-de-la-crisi-de-la-covid-19\/\" target=\"_blank\">Associaci\u00f3 Benestar i Desenvolupament<\/a>, t\u00e9 la finalitat de garantir que la persona usu\u00e0ria de drogues en situaci\u00f3 de sense llar disposi d\u2019una opci\u00f3 de confinament acord a la seva situaci\u00f3 equiparant els seus drets als de la poblaci\u00f3 general durant l\u2019estat de l\u2019alarma decretat pel COVID-19 a Barcelona. Per complir aquest objectiu, des d\u2019ABD hem dotat al recurs de professionals amb formaci\u00f3 i experi\u00e8ncia \u00e0mplia en l\u2019atenci\u00f3 a persones que consumeixen drogues en situaci\u00f3 d\u2019alta vulnerabilitat. Es tracta de professionals que provenen del\u00a0<a rel=\"noreferrer noopener\" href=\"https:\/\/abd.ong\/causas\/drogas-y-salud\/\" target=\"_blank\">CAS Baluard (espai de l\u2019ASPB que tamb\u00e9 est\u00e0 gestionat per ABD)\u00a0<\/a>amb totes les compet\u00e8ncies necess\u00e0ries per a la gesti\u00f3 de serveis de reducci\u00f3 de danys, atenci\u00f3 a la drogodepend\u00e8ncia i gesti\u00f3 i resoluci\u00f3 del conflicte.<\/p>\n\n\n\n<figure class=\"wp-block-image size-large\"><img loading=\"lazy\" decoding=\"async\" width=\"1024\" height=\"768\" src=\"\/wp-content\/uploads\/2020\/05\/WhatsApp-Image-2020-04-04-at-13.14.05-2-1024x768-2.jpeg\" alt=\"\" class=\"wp-image-14644\" srcset=\"https:\/\/abd.ong\/wp-content\/uploads\/2020\/05\/WhatsApp-Image-2020-04-04-at-13.14.05-2-1024x768-2.jpeg 1024w, https:\/\/abd.ong\/wp-content\/uploads\/2020\/05\/WhatsApp-Image-2020-04-04-at-13.14.05-2-1024x768-2-300x225.jpeg 300w, https:\/\/abd.ong\/wp-content\/uploads\/2020\/05\/WhatsApp-Image-2020-04-04-at-13.14.05-2-1024x768-2-768x576.jpeg 768w\" sizes=\"(max-width: 1024px) 100vw, 1024px\" \/><figcaption><em>L\u2019espai habilitat pel consum i reducci\u00f3 de danys.<\/em><\/figcaption><\/figure>\n\n\n\n<p>El&nbsp;<strong>Marcos<\/strong>, la&nbsp;<strong>Mulan<\/strong>&nbsp;i el&nbsp;<strong>Javier<\/strong>&nbsp;coincideixen amb la necessitat que un servei com aquest sigui estable i perduri m\u00e9s enll\u00e0 de la crisi del COVID-19. En aquest sentit,&nbsp;<a href=\"https:\/\/abd.ong\/blog\/ca\/drogues\/abd-gestionara-un-equipament-pioner-a-barcelona-per-allotjar-a-persones-amb-addiccions-arran-de-la-crisi-de-la-covid-19\/\">des de l\u2019Associaci\u00f3 Benestar i Desenvolupament desitgem que en el futur existeixin establiments de pernocta i atenci\u00f3 estables<\/a>&nbsp;per a poblaci\u00f3 amb problem\u00e0tica addictiva a les drogues en acord al respecte als drets socials i oportunitat d\u2019inclusi\u00f3 de poblaci\u00f3 molt vulnerable i sobre la que recau una molt forta estigmatitzaci\u00f3.<\/p>\n\n\n\n<p>Valgui aquest reportatge tamb\u00e9 com un petit homenatge a tot l\u2019equip de professionals d\u2019ABD que estan fent possible aquest projecte, aix\u00ed com a totes les treballadores i treballadors d\u2019aquesta i altres entitats socials que estan a primera l\u00ednia al capdavant dels serveis essencials per donar resposta a les necessitats de les persones que es troben en una situaci\u00f3 de vulnerabilitat.<\/p>\n","protected":false},"excerpt":{"rendered":"<p>Parlem amb el Marcos, la Mulan i el Javier. Aquests dies estan a un equipament pioner de l\u2019Ajuntament de Barcelona i l\u2019Ag\u00e8ncia de Salut P\u00fablica que allotja a persones sense&hellip;<\/p>\n","protected":false},"author":2,"featured_media":14649,"comment_status":"closed","ping_status":"closed","sticky":false,"template":"","format":"standard","meta":{"_acf_changed":false,"footnotes":""},"categories":[1301],"tags":[119,1897,1664,1875,2416,1876,125,1256,516,1874],"class_list":["post-14686","post","type-post","status-publish","format-standard","has-post-thumbnail","hentry","category-drogues-i-salut","tag-abd","tag-abd-2-ca","tag-addiccions-ca","tag-alberg-2","tag-alberg-ca","tag-coronavirus","tag-drogues","tag-pobresa-ca-2","tag-sense-llar","tag-sensellarisme-2"],"acf":[],"yoast_head":"<!-- This site is optimized with the Yoast SEO plugin v27.4 - https:\/\/yoast.com\/product\/yoast-seo-wordpress\/ -->\n<title>Virus de la desigualtat: \u201cAmb el coronavirus l\u2019estigma cap a les persones sense llar ha augmentat\u201d - ABD<\/title>\n<meta name=\"description\" content=\"Parlem amb el Marcos, la Mulan i el Javier. Aquests dies estan a un equipament pioner de l\u2019Ajuntament de Barcelona i l\u2019Ag\u00e8ncia de Salut P\u00fablica que\" \/>\n<meta name=\"robots\" content=\"index, follow, max-snippet:-1, max-image-preview:large, max-video-preview:-1\" \/>\n<link rel=\"canonical\" href=\"https:\/\/abd.ong\/ca\/drogues-i-salut\/virus-de-la-desigualtat-amb-el-coronavirus-lestigma-cap-a-les-persones-sense-llar-ha-augmentat\/\" \/>\n<meta property=\"og:locale\" content=\"ca_ES\" \/>\n<meta property=\"og:type\" content=\"article\" \/>\n<meta property=\"og:title\" content=\"Virus de la desigualtat: \u201cAmb el coronavirus l\u2019estigma cap a les persones sense llar ha augmentat\u201d - ABD\" \/>\n<meta property=\"og:description\" content=\"Parlem amb el Marcos, la Mulan i el Javier. Aquests dies estan a un equipament pioner de l\u2019Ajuntament de Barcelona i l\u2019Ag\u00e8ncia de Salut P\u00fablica que\" \/>\n<meta property=\"og:url\" content=\"https:\/\/abd.ong\/ca\/drogues-i-salut\/virus-de-la-desigualtat-amb-el-coronavirus-lestigma-cap-a-les-persones-sense-llar-ha-augmentat\/\" \/>\n<meta property=\"og:site_name\" content=\"ABD\" \/>\n<meta property=\"article:publisher\" content=\"https:\/\/www.facebook.com\/abd.ong\" \/>\n<meta property=\"article:published_time\" content=\"2020-04-16T11:10:11+00:00\" \/>\n<meta property=\"article:modified_time\" content=\"2021-12-01T09:35:22+00:00\" \/>\n<meta property=\"og:image\" content=\"https:\/\/abd.ong\/wp-content\/uploads\/2020\/05\/WhatsApp-Image-2020-04-15-at-02.50.43.jpeg\" \/>\n\t<meta property=\"og:image:width\" content=\"1024\" \/>\n\t<meta property=\"og:image:height\" content=\"768\" \/>\n\t<meta property=\"og:image:type\" content=\"image\/jpeg\" \/>\n<meta name=\"author\" content=\"Enric Guinart\" \/>\n<meta name=\"twitter:card\" content=\"summary_large_image\" \/>\n<meta name=\"twitter:creator\" content=\"@abd_ong\" \/>\n<meta name=\"twitter:site\" content=\"@abd_ong\" \/>\n<meta name=\"twitter:label1\" content=\"Escrit per\" \/>\n\t<meta name=\"twitter:data1\" content=\"Enric Guinart\" \/>\n\t<meta name=\"twitter:label2\" content=\"Temps estimat de lectura\" \/>\n\t<meta name=\"twitter:data2\" content=\"12 minuts\" \/>\n<script type=\"application\/ld+json\" class=\"yoast-schema-graph\">{\"@context\":\"https:\\\/\\\/schema.org\",\"@graph\":[{\"@type\":\"Article\",\"@id\":\"https:\\\/\\\/abd.ong\\\/ca\\\/drogues-i-salut\\\/virus-de-la-desigualtat-amb-el-coronavirus-lestigma-cap-a-les-persones-sense-llar-ha-augmentat\\\/#article\",\"isPartOf\":{\"@id\":\"https:\\\/\\\/abd.ong\\\/ca\\\/drogues-i-salut\\\/virus-de-la-desigualtat-amb-el-coronavirus-lestigma-cap-a-les-persones-sense-llar-ha-augmentat\\\/\"},\"author\":{\"name\":\"Enric Guinart\",\"@id\":\"https:\\\/\\\/abd.ong\\\/ca\\\/#\\\/schema\\\/person\\\/d0f5fe279a7ad908de6a6d1332bfd7d8\"},\"headline\":\"Virus de la desigualtat: \u201cAmb el coronavirus l\u2019estigma cap a les persones sense llar ha augmentat\u201d\",\"datePublished\":\"2020-04-16T11:10:11+00:00\",\"dateModified\":\"2021-12-01T09:35:22+00:00\",\"mainEntityOfPage\":{\"@id\":\"https:\\\/\\\/abd.ong\\\/ca\\\/drogues-i-salut\\\/virus-de-la-desigualtat-amb-el-coronavirus-lestigma-cap-a-les-persones-sense-llar-ha-augmentat\\\/\"},\"wordCount\":2364,\"publisher\":{\"@id\":\"https:\\\/\\\/abd.ong\\\/ca\\\/#organization\"},\"image\":{\"@id\":\"https:\\\/\\\/abd.ong\\\/ca\\\/drogues-i-salut\\\/virus-de-la-desigualtat-amb-el-coronavirus-lestigma-cap-a-les-persones-sense-llar-ha-augmentat\\\/#primaryimage\"},\"thumbnailUrl\":\"https:\\\/\\\/abd.ong\\\/wp-content\\\/uploads\\\/2020\\\/05\\\/WhatsApp-Image-2020-04-15-at-02.50.43.jpeg\",\"keywords\":[\"ABD\",\"ABD\",\"addiccions\",\"alberg\",\"alberg\",\"coronavirus\",\"drogues\",\"pobresa\",\"sense llar\",\"sensellarisme\"],\"articleSection\":[\"Drogues i salut\"],\"inLanguage\":\"ca\"},{\"@type\":\"WebPage\",\"@id\":\"https:\\\/\\\/abd.ong\\\/ca\\\/drogues-i-salut\\\/virus-de-la-desigualtat-amb-el-coronavirus-lestigma-cap-a-les-persones-sense-llar-ha-augmentat\\\/\",\"url\":\"https:\\\/\\\/abd.ong\\\/ca\\\/drogues-i-salut\\\/virus-de-la-desigualtat-amb-el-coronavirus-lestigma-cap-a-les-persones-sense-llar-ha-augmentat\\\/\",\"name\":\"Virus de la desigualtat: \u201cAmb el coronavirus l\u2019estigma cap a les persones sense llar ha augmentat\u201d - ABD\",\"isPartOf\":{\"@id\":\"https:\\\/\\\/abd.ong\\\/ca\\\/#website\"},\"primaryImageOfPage\":{\"@id\":\"https:\\\/\\\/abd.ong\\\/ca\\\/drogues-i-salut\\\/virus-de-la-desigualtat-amb-el-coronavirus-lestigma-cap-a-les-persones-sense-llar-ha-augmentat\\\/#primaryimage\"},\"image\":{\"@id\":\"https:\\\/\\\/abd.ong\\\/ca\\\/drogues-i-salut\\\/virus-de-la-desigualtat-amb-el-coronavirus-lestigma-cap-a-les-persones-sense-llar-ha-augmentat\\\/#primaryimage\"},\"thumbnailUrl\":\"https:\\\/\\\/abd.ong\\\/wp-content\\\/uploads\\\/2020\\\/05\\\/WhatsApp-Image-2020-04-15-at-02.50.43.jpeg\",\"datePublished\":\"2020-04-16T11:10:11+00:00\",\"dateModified\":\"2021-12-01T09:35:22+00:00\",\"description\":\"Parlem amb el Marcos, la Mulan i el Javier. Aquests dies estan a un equipament pioner de l\u2019Ajuntament de Barcelona i l\u2019Ag\u00e8ncia de Salut P\u00fablica que\",\"breadcrumb\":{\"@id\":\"https:\\\/\\\/abd.ong\\\/ca\\\/drogues-i-salut\\\/virus-de-la-desigualtat-amb-el-coronavirus-lestigma-cap-a-les-persones-sense-llar-ha-augmentat\\\/#breadcrumb\"},\"inLanguage\":\"ca\",\"potentialAction\":[{\"@type\":\"ReadAction\",\"target\":[\"https:\\\/\\\/abd.ong\\\/ca\\\/drogues-i-salut\\\/virus-de-la-desigualtat-amb-el-coronavirus-lestigma-cap-a-les-persones-sense-llar-ha-augmentat\\\/\"]}]},{\"@type\":\"ImageObject\",\"inLanguage\":\"ca\",\"@id\":\"https:\\\/\\\/abd.ong\\\/ca\\\/drogues-i-salut\\\/virus-de-la-desigualtat-amb-el-coronavirus-lestigma-cap-a-les-persones-sense-llar-ha-augmentat\\\/#primaryimage\",\"url\":\"https:\\\/\\\/abd.ong\\\/wp-content\\\/uploads\\\/2020\\\/05\\\/WhatsApp-Image-2020-04-15-at-02.50.43.jpeg\",\"contentUrl\":\"https:\\\/\\\/abd.ong\\\/wp-content\\\/uploads\\\/2020\\\/05\\\/WhatsApp-Image-2020-04-15-at-02.50.43.jpeg\",\"width\":1024,\"height\":768},{\"@type\":\"BreadcrumbList\",\"@id\":\"https:\\\/\\\/abd.ong\\\/ca\\\/drogues-i-salut\\\/virus-de-la-desigualtat-amb-el-coronavirus-lestigma-cap-a-les-persones-sense-llar-ha-augmentat\\\/#breadcrumb\",\"itemListElement\":[{\"@type\":\"ListItem\",\"position\":1,\"name\":\"Inici\",\"item\":\"https:\\\/\\\/abd.ong\\\/ca\\\/\"},{\"@type\":\"ListItem\",\"position\":2,\"name\":\"Virus de la desigualtat: \u201cAmb el coronavirus l\u2019estigma cap a les persones sense llar ha augmentat\u201d\"}]},{\"@type\":\"WebSite\",\"@id\":\"https:\\\/\\\/abd.ong\\\/ca\\\/#website\",\"url\":\"https:\\\/\\\/abd.ong\\\/ca\\\/\",\"name\":\"ABD\",\"description\":\"Asociaci\u00f3n Bienestar y Desarrollo\",\"publisher\":{\"@id\":\"https:\\\/\\\/abd.ong\\\/ca\\\/#organization\"},\"potentialAction\":[{\"@type\":\"SearchAction\",\"target\":{\"@type\":\"EntryPoint\",\"urlTemplate\":\"https:\\\/\\\/abd.ong\\\/ca\\\/?s={search_term_string}\"},\"query-input\":{\"@type\":\"PropertyValueSpecification\",\"valueRequired\":true,\"valueName\":\"search_term_string\"}}],\"inLanguage\":\"ca\"},{\"@type\":\"Organization\",\"@id\":\"https:\\\/\\\/abd.ong\\\/ca\\\/#organization\",\"name\":\"Associaci\u00f3 Benestar i Desenvolupament\",\"alternateName\":\"ABD\",\"url\":\"https:\\\/\\\/abd.ong\\\/ca\\\/\",\"logo\":{\"@type\":\"ImageObject\",\"inLanguage\":\"ca\",\"@id\":\"https:\\\/\\\/abd.ong\\\/ca\\\/#\\\/schema\\\/logo\\\/image\\\/\",\"url\":\"https:\\\/\\\/abd.ong\\\/wp-content\\\/uploads\\\/2023\\\/01\\\/Icona.png\",\"contentUrl\":\"https:\\\/\\\/abd.ong\\\/wp-content\\\/uploads\\\/2023\\\/01\\\/Icona.png\",\"width\":190,\"height\":187,\"caption\":\"Associaci\u00f3 Benestar i Desenvolupament\"},\"image\":{\"@id\":\"https:\\\/\\\/abd.ong\\\/ca\\\/#\\\/schema\\\/logo\\\/image\\\/\"},\"sameAs\":[\"https:\\\/\\\/www.facebook.com\\\/abd.ong\",\"https:\\\/\\\/x.com\\\/abd_ong\",\"https:\\\/\\\/www.instagram.com\\\/abd_ong\\\/\",\"https:\\\/\\\/www.linkedin.com\\\/company\\\/abdong\",\"https:\\\/\\\/www.youtube.com\\\/user\\\/CANALABD\"]},{\"@type\":\"Person\",\"@id\":\"https:\\\/\\\/abd.ong\\\/ca\\\/#\\\/schema\\\/person\\\/d0f5fe279a7ad908de6a6d1332bfd7d8\",\"name\":\"Enric Guinart\"}]}<\/script>\n<!-- \/ Yoast SEO plugin. -->","yoast_head_json":{"title":"Virus de la desigualtat: \u201cAmb el coronavirus l\u2019estigma cap a les persones sense llar ha augmentat\u201d - ABD","description":"Parlem amb el Marcos, la Mulan i el Javier. Aquests dies estan a un equipament pioner de l\u2019Ajuntament de Barcelona i l\u2019Ag\u00e8ncia de Salut P\u00fablica que","robots":{"index":"index","follow":"follow","max-snippet":"max-snippet:-1","max-image-preview":"max-image-preview:large","max-video-preview":"max-video-preview:-1"},"canonical":"https:\/\/abd.ong\/ca\/drogues-i-salut\/virus-de-la-desigualtat-amb-el-coronavirus-lestigma-cap-a-les-persones-sense-llar-ha-augmentat\/","og_locale":"ca_ES","og_type":"article","og_title":"Virus de la desigualtat: \u201cAmb el coronavirus l\u2019estigma cap a les persones sense llar ha augmentat\u201d - ABD","og_description":"Parlem amb el Marcos, la Mulan i el Javier. Aquests dies estan a un equipament pioner de l\u2019Ajuntament de Barcelona i l\u2019Ag\u00e8ncia de Salut P\u00fablica que","og_url":"https:\/\/abd.ong\/ca\/drogues-i-salut\/virus-de-la-desigualtat-amb-el-coronavirus-lestigma-cap-a-les-persones-sense-llar-ha-augmentat\/","og_site_name":"ABD","article_publisher":"https:\/\/www.facebook.com\/abd.ong","article_published_time":"2020-04-16T11:10:11+00:00","article_modified_time":"2021-12-01T09:35:22+00:00","og_image":[{"width":1024,"height":768,"url":"https:\/\/abd.ong\/wp-content\/uploads\/2020\/05\/WhatsApp-Image-2020-04-15-at-02.50.43.jpeg","type":"image\/jpeg"}],"author":"Enric Guinart","twitter_card":"summary_large_image","twitter_creator":"@abd_ong","twitter_site":"@abd_ong","twitter_misc":{"Escrit per":"Enric Guinart","Temps estimat de lectura":"12 minuts"},"schema":{"@context":"https:\/\/schema.org","@graph":[{"@type":"Article","@id":"https:\/\/abd.ong\/ca\/drogues-i-salut\/virus-de-la-desigualtat-amb-el-coronavirus-lestigma-cap-a-les-persones-sense-llar-ha-augmentat\/#article","isPartOf":{"@id":"https:\/\/abd.ong\/ca\/drogues-i-salut\/virus-de-la-desigualtat-amb-el-coronavirus-lestigma-cap-a-les-persones-sense-llar-ha-augmentat\/"},"author":{"name":"Enric Guinart","@id":"https:\/\/abd.ong\/ca\/#\/schema\/person\/d0f5fe279a7ad908de6a6d1332bfd7d8"},"headline":"Virus de la desigualtat: \u201cAmb el coronavirus l\u2019estigma cap a les persones sense llar ha augmentat\u201d","datePublished":"2020-04-16T11:10:11+00:00","dateModified":"2021-12-01T09:35:22+00:00","mainEntityOfPage":{"@id":"https:\/\/abd.ong\/ca\/drogues-i-salut\/virus-de-la-desigualtat-amb-el-coronavirus-lestigma-cap-a-les-persones-sense-llar-ha-augmentat\/"},"wordCount":2364,"publisher":{"@id":"https:\/\/abd.ong\/ca\/#organization"},"image":{"@id":"https:\/\/abd.ong\/ca\/drogues-i-salut\/virus-de-la-desigualtat-amb-el-coronavirus-lestigma-cap-a-les-persones-sense-llar-ha-augmentat\/#primaryimage"},"thumbnailUrl":"https:\/\/abd.ong\/wp-content\/uploads\/2020\/05\/WhatsApp-Image-2020-04-15-at-02.50.43.jpeg","keywords":["ABD","ABD","addiccions","alberg","alberg","coronavirus","drogues","pobresa","sense llar","sensellarisme"],"articleSection":["Drogues i salut"],"inLanguage":"ca"},{"@type":"WebPage","@id":"https:\/\/abd.ong\/ca\/drogues-i-salut\/virus-de-la-desigualtat-amb-el-coronavirus-lestigma-cap-a-les-persones-sense-llar-ha-augmentat\/","url":"https:\/\/abd.ong\/ca\/drogues-i-salut\/virus-de-la-desigualtat-amb-el-coronavirus-lestigma-cap-a-les-persones-sense-llar-ha-augmentat\/","name":"Virus de la desigualtat: \u201cAmb el coronavirus l\u2019estigma cap a les persones sense llar ha augmentat\u201d - ABD","isPartOf":{"@id":"https:\/\/abd.ong\/ca\/#website"},"primaryImageOfPage":{"@id":"https:\/\/abd.ong\/ca\/drogues-i-salut\/virus-de-la-desigualtat-amb-el-coronavirus-lestigma-cap-a-les-persones-sense-llar-ha-augmentat\/#primaryimage"},"image":{"@id":"https:\/\/abd.ong\/ca\/drogues-i-salut\/virus-de-la-desigualtat-amb-el-coronavirus-lestigma-cap-a-les-persones-sense-llar-ha-augmentat\/#primaryimage"},"thumbnailUrl":"https:\/\/abd.ong\/wp-content\/uploads\/2020\/05\/WhatsApp-Image-2020-04-15-at-02.50.43.jpeg","datePublished":"2020-04-16T11:10:11+00:00","dateModified":"2021-12-01T09:35:22+00:00","description":"Parlem amb el Marcos, la Mulan i el Javier. Aquests dies estan a un equipament pioner de l\u2019Ajuntament de Barcelona i l\u2019Ag\u00e8ncia de Salut P\u00fablica que","breadcrumb":{"@id":"https:\/\/abd.ong\/ca\/drogues-i-salut\/virus-de-la-desigualtat-amb-el-coronavirus-lestigma-cap-a-les-persones-sense-llar-ha-augmentat\/#breadcrumb"},"inLanguage":"ca","potentialAction":[{"@type":"ReadAction","target":["https:\/\/abd.ong\/ca\/drogues-i-salut\/virus-de-la-desigualtat-amb-el-coronavirus-lestigma-cap-a-les-persones-sense-llar-ha-augmentat\/"]}]},{"@type":"ImageObject","inLanguage":"ca","@id":"https:\/\/abd.ong\/ca\/drogues-i-salut\/virus-de-la-desigualtat-amb-el-coronavirus-lestigma-cap-a-les-persones-sense-llar-ha-augmentat\/#primaryimage","url":"https:\/\/abd.ong\/wp-content\/uploads\/2020\/05\/WhatsApp-Image-2020-04-15-at-02.50.43.jpeg","contentUrl":"https:\/\/abd.ong\/wp-content\/uploads\/2020\/05\/WhatsApp-Image-2020-04-15-at-02.50.43.jpeg","width":1024,"height":768},{"@type":"BreadcrumbList","@id":"https:\/\/abd.ong\/ca\/drogues-i-salut\/virus-de-la-desigualtat-amb-el-coronavirus-lestigma-cap-a-les-persones-sense-llar-ha-augmentat\/#breadcrumb","itemListElement":[{"@type":"ListItem","position":1,"name":"Inici","item":"https:\/\/abd.ong\/ca\/"},{"@type":"ListItem","position":2,"name":"Virus de la desigualtat: \u201cAmb el coronavirus l\u2019estigma cap a les persones sense llar ha augmentat\u201d"}]},{"@type":"WebSite","@id":"https:\/\/abd.ong\/ca\/#website","url":"https:\/\/abd.ong\/ca\/","name":"ABD","description":"Asociaci\u00f3n Bienestar y Desarrollo","publisher":{"@id":"https:\/\/abd.ong\/ca\/#organization"},"potentialAction":[{"@type":"SearchAction","target":{"@type":"EntryPoint","urlTemplate":"https:\/\/abd.ong\/ca\/?s={search_term_string}"},"query-input":{"@type":"PropertyValueSpecification","valueRequired":true,"valueName":"search_term_string"}}],"inLanguage":"ca"},{"@type":"Organization","@id":"https:\/\/abd.ong\/ca\/#organization","name":"Associaci\u00f3 Benestar i Desenvolupament","alternateName":"ABD","url":"https:\/\/abd.ong\/ca\/","logo":{"@type":"ImageObject","inLanguage":"ca","@id":"https:\/\/abd.ong\/ca\/#\/schema\/logo\/image\/","url":"https:\/\/abd.ong\/wp-content\/uploads\/2023\/01\/Icona.png","contentUrl":"https:\/\/abd.ong\/wp-content\/uploads\/2023\/01\/Icona.png","width":190,"height":187,"caption":"Associaci\u00f3 Benestar i Desenvolupament"},"image":{"@id":"https:\/\/abd.ong\/ca\/#\/schema\/logo\/image\/"},"sameAs":["https:\/\/www.facebook.com\/abd.ong","https:\/\/x.com\/abd_ong","https:\/\/www.instagram.com\/abd_ong\/","https:\/\/www.linkedin.com\/company\/abdong","https:\/\/www.youtube.com\/user\/CANALABD"]},{"@type":"Person","@id":"https:\/\/abd.ong\/ca\/#\/schema\/person\/d0f5fe279a7ad908de6a6d1332bfd7d8","name":"Enric Guinart"}]}},"_links":{"self":[{"href":"https:\/\/abd.ong\/ca\/wp-json\/wp\/v2\/posts\/14686","targetHints":{"allow":["GET"]}}],"collection":[{"href":"https:\/\/abd.ong\/ca\/wp-json\/wp\/v2\/posts"}],"about":[{"href":"https:\/\/abd.ong\/ca\/wp-json\/wp\/v2\/types\/post"}],"author":[{"embeddable":true,"href":"https:\/\/abd.ong\/ca\/wp-json\/wp\/v2\/users\/2"}],"replies":[{"embeddable":true,"href":"https:\/\/abd.ong\/ca\/wp-json\/wp\/v2\/comments?post=14686"}],"version-history":[{"count":3,"href":"https:\/\/abd.ong\/ca\/wp-json\/wp\/v2\/posts\/14686\/revisions"}],"predecessor-version":[{"id":27779,"href":"https:\/\/abd.ong\/ca\/wp-json\/wp\/v2\/posts\/14686\/revisions\/27779"}],"wp:featuredmedia":[{"embeddable":true,"href":"https:\/\/abd.ong\/ca\/wp-json\/wp\/v2\/media\/14649"}],"wp:attachment":[{"href":"https:\/\/abd.ong\/ca\/wp-json\/wp\/v2\/media?parent=14686"}],"wp:term":[{"taxonomy":"category","embeddable":true,"href":"https:\/\/abd.ong\/ca\/wp-json\/wp\/v2\/categories?post=14686"},{"taxonomy":"post_tag","embeddable":true,"href":"https:\/\/abd.ong\/ca\/wp-json\/wp\/v2\/tags?post=14686"}],"curies":[{"name":"wp","href":"https:\/\/api.w.org\/{rel}","templated":true}]}}