{"id":14684,"date":"2020-04-06T12:59:36","date_gmt":"2020-04-06T10:59:36","guid":{"rendered":"https:\/\/abd.ong\/?p=14684"},"modified":"2020-05-04T17:22:05","modified_gmt":"2020-05-04T15:22:05","slug":"abd-gestionara-un-equipament-pioner-a-barcelona-per-allotjar-persones-amb-addiccions-arran-de-la-crisi-de-la-covid-19","status":"publish","type":"post","link":"https:\/\/abd.ong\/ca\/drogues-i-salut\/abd-gestionara-un-equipament-pioner-a-barcelona-per-allotjar-persones-amb-addiccions-arran-de-la-crisi-de-la-covid-19\/","title":{"rendered":"ABD gestionar\u00e0 un equipament pioner a Barcelona per allotjar persones amb addiccions arran de la crisi de la COVID-19"},"content":{"rendered":"\n<h4 class=\"wp-block-heading\">Es tracta d&#8217;un nou recurs de titularitat p\u00fablica de l&#8217;Ajuntament de Barcelona i l&#8217;Ag\u00e8ncia de Salut P\u00fablica de reducci\u00f3 de danys per a persones consumidores d&#8217;alcohol i altres drogues<\/h4>\n\n\n\n<p>L&#8217;Ajuntament de Barcelona ha habilitat un nou dispositiu per acollir 70 persones sense llar amb addiccions de manera que puguin passar el confinament com a conseq\u00fc\u00e8ncia de la pand\u00e8mia de l&#8217;COVID-19. L&#8217;equipament est\u00e0 adaptat a les necessitats d&#8217;aquest col\u00b7lectiu i, a m\u00e9s d&#8217;oferir-sostre, funcionar\u00e0 com a servei de reducci\u00f3 de danys pel consum d&#8217;alcohol i altres drogues.<\/p>\n\n\n\n<p>Aix\u00ed ho ha anunciat en roda de premsa la regidora de Salut de l&#8217;Ajuntament de Barcelona, Gemma Tarafa, que ha indicat que es tracta d&#8217;un espai \u00abpioner\u00bb a la ciutat. El servei es prestar\u00e0 en un espai cedit per la Fundaci\u00f3 Pere Tarr\u00e9s i \u00e9s un recurs de titularitat de l&#8217;Administraci\u00f3 p\u00fablica: Ajuntament de Barcelona i Ag\u00e8ncia de Salut Publica ASPB, gestionat per l&#8217;Associaci\u00f3 Benestar i Desenvolupament ABD.<\/p>\n\n\n\n<figure class=\"wp-block-image size-large\"><img fetchpriority=\"high\" decoding=\"async\" width=\"1024\" height=\"768\" src=\"\/wp-content\/uploads\/2020\/05\/WhatsApp-Image-2020-04-04-at-13.14.05-1-1024x768-1.jpeg\" alt=\"\" class=\"wp-image-14621\" srcset=\"https:\/\/abd.ong\/wp-content\/uploads\/2020\/05\/WhatsApp-Image-2020-04-04-at-13.14.05-1-1024x768-1.jpeg 1024w, https:\/\/abd.ong\/wp-content\/uploads\/2020\/05\/WhatsApp-Image-2020-04-04-at-13.14.05-1-1024x768-1-300x225.jpeg 300w, https:\/\/abd.ong\/wp-content\/uploads\/2020\/05\/WhatsApp-Image-2020-04-04-at-13.14.05-1-1024x768-1-768x576.jpeg 768w\" sizes=\"(max-width: 1024px) 100vw, 1024px\" \/><\/figure>\n\n\n\n<p>La finalitat d&#8217;l&#8217;equipament \u00e9s la de garantir que la persona usu\u00e0ria de drogues en situaci\u00f3 de sense llar disposi d&#8217;una opci\u00f3 de confinament acord a la seva situaci\u00f3 equiparant els seus drets als de la poblaci\u00f3 general durant l&#8217;estat de l&#8217;alarma decretat pel COVID-19 a Barcelona. Per complir aquest objectiu, des ABD hem dotat a el recurs de professionals amb formaci\u00f3 i experi\u00e8ncia \u00e0mplia en l&#8217;atenci\u00f3 a persones que consumeixen drogues en situaci\u00f3 d&#8217;alta vulnerabilitat. Es tracta de professionals que provenen de l&#8217;CAS Baluard (espai de l&#8217;ASPB que tamb\u00e9 est\u00e0 gestionat per ABD) amb totes les compet\u00e8ncies necess\u00e0ries per a la gesti\u00f3 de serveis de reducci\u00f3 de danys, atenci\u00f3 a la drogodepend\u00e8ncia i gesti\u00f3 i resoluci\u00f3 de l&#8217;conflicte.<\/p>\n\n\n\n<h3 class=\"wp-block-heading\">Col\u00b7laboraci\u00f3 publicoprivada<\/h3>\n\n\n\n<p> Des ABD estem satisfets d&#8217;estar a peu de can\u00f3 i a el servei de les persones que es troben en una situaci\u00f3 de vulnerabilitat. Ja sigui des del front dels serveis essencials o mitjan\u00e7ant el teletreball, podem donar resposta com una entitat m\u00e9s de el tercer sector social. Alhora, en la posada en marxa d&#8217;aquest servei, la col\u00b7laboraci\u00f3 entre administraci\u00f3 i entitats socials \u00e9s una de les claus de l&#8217;\u00e8xit. L&#8217;estat d&#8217;alarma actual tamb\u00e9 ens d\u00f3na l&#8217;oportunitat de fer plans d&#8217;acci\u00f3 amb efici\u00e8ncia i rapidesa refor\u00e7ant aquesta col\u00b7laboraci\u00f3 publicoprivada. I ara el necessitarem m\u00e9s que mai.<\/p>\n\n\n\n<figure class=\"wp-block-image size-large\"><img decoding=\"async\" width=\"1024\" height=\"768\" src=\"\/wp-content\/uploads\/2020\/05\/WhatsApp-Image-2020-04-04-at-13.14.05-2-1024x768-1.jpeg\" alt=\"\" class=\"wp-image-14624\" srcset=\"https:\/\/abd.ong\/wp-content\/uploads\/2020\/05\/WhatsApp-Image-2020-04-04-at-13.14.05-2-1024x768-1.jpeg 1024w, https:\/\/abd.ong\/wp-content\/uploads\/2020\/05\/WhatsApp-Image-2020-04-04-at-13.14.05-2-1024x768-1-300x225.jpeg 300w, https:\/\/abd.ong\/wp-content\/uploads\/2020\/05\/WhatsApp-Image-2020-04-04-at-13.14.05-2-1024x768-1-768x576.jpeg 768w\" sizes=\"(max-width: 1024px) 100vw, 1024px\" \/><\/figure>\n\n\n\n<p>No obstant aix\u00f2, des de l&#8217;Associaci\u00f3 Benestar i Desenvolupament desitgem que en el futur hi hagi establiments de pernocta i atenci\u00f3 estables per a poblaci\u00f3 amb problem\u00e0tica addictiva a les drogues en acord a el respecte als drets socials i oportunitat d&#8217;inclusi\u00f3 de poblaci\u00f3 molt vulnerable i sobre la qual recau una molt forta estigmatitzaci\u00f3.<\/p>\n","protected":false},"excerpt":{"rendered":"<p>Es tracta d&#8217;un nou recurs de titularitat p\u00fablica de l&#8217;Ajuntament de Barcelona i l&#8217;Ag\u00e8ncia de Salut P\u00fablica de reducci\u00f3 de danys per a persones consumidores d&#8217;alcohol i altres drogues L&#8217;Ajuntament&hellip;<\/p>\n","protected":false},"author":2,"featured_media":14627,"comment_status":"closed","ping_status":"closed","sticky":false,"template":"","format":"standard","meta":{"_acf_changed":false,"footnotes":""},"categories":[1301],"tags":[119,1897,1873,1872,125,516],"class_list":["post-14684","post","type-post","status-publish","format-standard","has-post-thumbnail","hentry","category-drogues-i-salut","tag-abd","tag-abd-2-ca","tag-adiccions","tag-contractacio-public-privada","tag-drogues","tag-sense-llar"],"acf":[],"yoast_head":"<!-- This site is optimized with the Yoast SEO plugin v27.4 - https:\/\/yoast.com\/product\/yoast-seo-wordpress\/ -->\n<title>ABD gestionar\u00e0 un equipament pioner a Barcelona per allotjar persones amb addiccions arran de la crisi de la COVID-19 - ABD<\/title>\n<meta name=\"description\" content=\"Es tracta d&#039;un nou recurs de titularitat p\u00fablica de l&#039;Ajuntament de Barcelona i l&#039;Ag\u00e8ncia de Salut P\u00fablica de reducci\u00f3 de danys per a persones\" \/>\n<meta name=\"robots\" content=\"index, follow, max-snippet:-1, max-image-preview:large, max-video-preview:-1\" \/>\n<link rel=\"canonical\" href=\"https:\/\/abd.ong\/ca\/drogues-i-salut\/abd-gestionara-un-equipament-pioner-a-barcelona-per-allotjar-persones-amb-addiccions-arran-de-la-crisi-de-la-covid-19\/\" \/>\n<meta property=\"og:locale\" content=\"ca_ES\" \/>\n<meta property=\"og:type\" content=\"article\" \/>\n<meta property=\"og:title\" content=\"ABD gestionar\u00e0 un equipament pioner a Barcelona per allotjar persones amb addiccions arran de la crisi de la COVID-19 - ABD\" \/>\n<meta property=\"og:description\" content=\"Es tracta d&#039;un nou recurs de titularitat p\u00fablica de l&#039;Ajuntament de Barcelona i l&#039;Ag\u00e8ncia de Salut P\u00fablica de reducci\u00f3 de danys per a persones\" \/>\n<meta property=\"og:url\" content=\"https:\/\/abd.ong\/ca\/drogues-i-salut\/abd-gestionara-un-equipament-pioner-a-barcelona-per-allotjar-persones-amb-addiccions-arran-de-la-crisi-de-la-covid-19\/\" \/>\n<meta property=\"og:site_name\" content=\"ABD\" \/>\n<meta property=\"article:publisher\" content=\"https:\/\/www.facebook.com\/abd.ong\" \/>\n<meta property=\"article:published_time\" content=\"2020-04-06T10:59:36+00:00\" \/>\n<meta property=\"article:modified_time\" content=\"2020-05-04T15:22:05+00:00\" \/>\n<meta property=\"og:image\" content=\"https:\/\/abd.ong\/wp-content\/uploads\/2020\/05\/WhatsApp-Image-2020-04-04-at-13.14.05.jpeg\" \/>\n\t<meta property=\"og:image:width\" content=\"1600\" \/>\n\t<meta property=\"og:image:height\" content=\"1200\" \/>\n\t<meta property=\"og:image:type\" content=\"image\/jpeg\" \/>\n<meta name=\"author\" content=\"Enric Guinart\" \/>\n<meta name=\"twitter:card\" content=\"summary_large_image\" \/>\n<meta name=\"twitter:creator\" content=\"@abd_ong\" \/>\n<meta name=\"twitter:site\" content=\"@abd_ong\" \/>\n<meta name=\"twitter:label1\" content=\"Escrit per\" \/>\n\t<meta name=\"twitter:data1\" content=\"Enric Guinart\" \/>\n\t<meta name=\"twitter:label2\" content=\"Temps estimat de lectura\" \/>\n\t<meta name=\"twitter:data2\" content=\"2 minuts\" \/>\n<script type=\"application\/ld+json\" class=\"yoast-schema-graph\">{\"@context\":\"https:\\\/\\\/schema.org\",\"@graph\":[{\"@type\":\"Article\",\"@id\":\"https:\\\/\\\/abd.ong\\\/ca\\\/drogues-i-salut\\\/abd-gestionara-un-equipament-pioner-a-barcelona-per-allotjar-persones-amb-addiccions-arran-de-la-crisi-de-la-covid-19\\\/#article\",\"isPartOf\":{\"@id\":\"https:\\\/\\\/abd.ong\\\/ca\\\/drogues-i-salut\\\/abd-gestionara-un-equipament-pioner-a-barcelona-per-allotjar-persones-amb-addiccions-arran-de-la-crisi-de-la-covid-19\\\/\"},\"author\":{\"name\":\"Enric Guinart\",\"@id\":\"https:\\\/\\\/abd.ong\\\/ca\\\/#\\\/schema\\\/person\\\/d0f5fe279a7ad908de6a6d1332bfd7d8\"},\"headline\":\"ABD gestionar\u00e0 un equipament pioner a Barcelona per allotjar persones amb addiccions arran de la crisi de la COVID-19\",\"datePublished\":\"2020-04-06T10:59:36+00:00\",\"dateModified\":\"2020-05-04T15:22:05+00:00\",\"mainEntityOfPage\":{\"@id\":\"https:\\\/\\\/abd.ong\\\/ca\\\/drogues-i-salut\\\/abd-gestionara-un-equipament-pioner-a-barcelona-per-allotjar-persones-amb-addiccions-arran-de-la-crisi-de-la-covid-19\\\/\"},\"wordCount\":501,\"publisher\":{\"@id\":\"https:\\\/\\\/abd.ong\\\/ca\\\/#organization\"},\"image\":{\"@id\":\"https:\\\/\\\/abd.ong\\\/ca\\\/drogues-i-salut\\\/abd-gestionara-un-equipament-pioner-a-barcelona-per-allotjar-persones-amb-addiccions-arran-de-la-crisi-de-la-covid-19\\\/#primaryimage\"},\"thumbnailUrl\":\"https:\\\/\\\/abd.ong\\\/wp-content\\\/uploads\\\/2020\\\/05\\\/WhatsApp-Image-2020-04-04-at-13.14.05.jpeg\",\"keywords\":[\"ABD\",\"ABD\",\"adiccions\",\"contractaci\u00f3 public-privada\",\"drogues\",\"sense llar\"],\"articleSection\":[\"Drogues i salut\"],\"inLanguage\":\"ca\"},{\"@type\":\"WebPage\",\"@id\":\"https:\\\/\\\/abd.ong\\\/ca\\\/drogues-i-salut\\\/abd-gestionara-un-equipament-pioner-a-barcelona-per-allotjar-persones-amb-addiccions-arran-de-la-crisi-de-la-covid-19\\\/\",\"url\":\"https:\\\/\\\/abd.ong\\\/ca\\\/drogues-i-salut\\\/abd-gestionara-un-equipament-pioner-a-barcelona-per-allotjar-persones-amb-addiccions-arran-de-la-crisi-de-la-covid-19\\\/\",\"name\":\"ABD gestionar\u00e0 un equipament pioner a Barcelona per allotjar persones amb addiccions arran de la crisi de la COVID-19 - ABD\",\"isPartOf\":{\"@id\":\"https:\\\/\\\/abd.ong\\\/ca\\\/#website\"},\"primaryImageOfPage\":{\"@id\":\"https:\\\/\\\/abd.ong\\\/ca\\\/drogues-i-salut\\\/abd-gestionara-un-equipament-pioner-a-barcelona-per-allotjar-persones-amb-addiccions-arran-de-la-crisi-de-la-covid-19\\\/#primaryimage\"},\"image\":{\"@id\":\"https:\\\/\\\/abd.ong\\\/ca\\\/drogues-i-salut\\\/abd-gestionara-un-equipament-pioner-a-barcelona-per-allotjar-persones-amb-addiccions-arran-de-la-crisi-de-la-covid-19\\\/#primaryimage\"},\"thumbnailUrl\":\"https:\\\/\\\/abd.ong\\\/wp-content\\\/uploads\\\/2020\\\/05\\\/WhatsApp-Image-2020-04-04-at-13.14.05.jpeg\",\"datePublished\":\"2020-04-06T10:59:36+00:00\",\"dateModified\":\"2020-05-04T15:22:05+00:00\",\"description\":\"Es tracta d'un nou recurs de titularitat p\u00fablica de l'Ajuntament de Barcelona i l'Ag\u00e8ncia de Salut P\u00fablica de reducci\u00f3 de danys per a persones\",\"breadcrumb\":{\"@id\":\"https:\\\/\\\/abd.ong\\\/ca\\\/drogues-i-salut\\\/abd-gestionara-un-equipament-pioner-a-barcelona-per-allotjar-persones-amb-addiccions-arran-de-la-crisi-de-la-covid-19\\\/#breadcrumb\"},\"inLanguage\":\"ca\",\"potentialAction\":[{\"@type\":\"ReadAction\",\"target\":[\"https:\\\/\\\/abd.ong\\\/ca\\\/drogues-i-salut\\\/abd-gestionara-un-equipament-pioner-a-barcelona-per-allotjar-persones-amb-addiccions-arran-de-la-crisi-de-la-covid-19\\\/\"]}]},{\"@type\":\"ImageObject\",\"inLanguage\":\"ca\",\"@id\":\"https:\\\/\\\/abd.ong\\\/ca\\\/drogues-i-salut\\\/abd-gestionara-un-equipament-pioner-a-barcelona-per-allotjar-persones-amb-addiccions-arran-de-la-crisi-de-la-covid-19\\\/#primaryimage\",\"url\":\"https:\\\/\\\/abd.ong\\\/wp-content\\\/uploads\\\/2020\\\/05\\\/WhatsApp-Image-2020-04-04-at-13.14.05.jpeg\",\"contentUrl\":\"https:\\\/\\\/abd.ong\\\/wp-content\\\/uploads\\\/2020\\\/05\\\/WhatsApp-Image-2020-04-04-at-13.14.05.jpeg\",\"width\":1600,\"height\":1200},{\"@type\":\"BreadcrumbList\",\"@id\":\"https:\\\/\\\/abd.ong\\\/ca\\\/drogues-i-salut\\\/abd-gestionara-un-equipament-pioner-a-barcelona-per-allotjar-persones-amb-addiccions-arran-de-la-crisi-de-la-covid-19\\\/#breadcrumb\",\"itemListElement\":[{\"@type\":\"ListItem\",\"position\":1,\"name\":\"Inici\",\"item\":\"https:\\\/\\\/abd.ong\\\/ca\\\/\"},{\"@type\":\"ListItem\",\"position\":2,\"name\":\"ABD gestionar\u00e0 un equipament pioner a Barcelona per allotjar persones amb addiccions arran de la crisi de la COVID-19\"}]},{\"@type\":\"WebSite\",\"@id\":\"https:\\\/\\\/abd.ong\\\/ca\\\/#website\",\"url\":\"https:\\\/\\\/abd.ong\\\/ca\\\/\",\"name\":\"ABD\",\"description\":\"Asociaci\u00f3n Bienestar y Desarrollo\",\"publisher\":{\"@id\":\"https:\\\/\\\/abd.ong\\\/ca\\\/#organization\"},\"potentialAction\":[{\"@type\":\"SearchAction\",\"target\":{\"@type\":\"EntryPoint\",\"urlTemplate\":\"https:\\\/\\\/abd.ong\\\/ca\\\/?s={search_term_string}\"},\"query-input\":{\"@type\":\"PropertyValueSpecification\",\"valueRequired\":true,\"valueName\":\"search_term_string\"}}],\"inLanguage\":\"ca\"},{\"@type\":\"Organization\",\"@id\":\"https:\\\/\\\/abd.ong\\\/ca\\\/#organization\",\"name\":\"Associaci\u00f3 Benestar i Desenvolupament\",\"alternateName\":\"ABD\",\"url\":\"https:\\\/\\\/abd.ong\\\/ca\\\/\",\"logo\":{\"@type\":\"ImageObject\",\"inLanguage\":\"ca\",\"@id\":\"https:\\\/\\\/abd.ong\\\/ca\\\/#\\\/schema\\\/logo\\\/image\\\/\",\"url\":\"https:\\\/\\\/abd.ong\\\/wp-content\\\/uploads\\\/2023\\\/01\\\/Icona.png\",\"contentUrl\":\"https:\\\/\\\/abd.ong\\\/wp-content\\\/uploads\\\/2023\\\/01\\\/Icona.png\",\"width\":190,\"height\":187,\"caption\":\"Associaci\u00f3 Benestar i Desenvolupament\"},\"image\":{\"@id\":\"https:\\\/\\\/abd.ong\\\/ca\\\/#\\\/schema\\\/logo\\\/image\\\/\"},\"sameAs\":[\"https:\\\/\\\/www.facebook.com\\\/abd.ong\",\"https:\\\/\\\/x.com\\\/abd_ong\",\"https:\\\/\\\/www.instagram.com\\\/abd_ong\\\/\",\"https:\\\/\\\/www.linkedin.com\\\/company\\\/abdong\",\"https:\\\/\\\/www.youtube.com\\\/user\\\/CANALABD\"]},{\"@type\":\"Person\",\"@id\":\"https:\\\/\\\/abd.ong\\\/ca\\\/#\\\/schema\\\/person\\\/d0f5fe279a7ad908de6a6d1332bfd7d8\",\"name\":\"Enric Guinart\"}]}<\/script>\n<!-- \/ Yoast SEO plugin. -->","yoast_head_json":{"title":"ABD gestionar\u00e0 un equipament pioner a Barcelona per allotjar persones amb addiccions arran de la crisi de la COVID-19 - ABD","description":"Es tracta d'un nou recurs de titularitat p\u00fablica de l'Ajuntament de Barcelona i l'Ag\u00e8ncia de Salut P\u00fablica de reducci\u00f3 de danys per a persones","robots":{"index":"index","follow":"follow","max-snippet":"max-snippet:-1","max-image-preview":"max-image-preview:large","max-video-preview":"max-video-preview:-1"},"canonical":"https:\/\/abd.ong\/ca\/drogues-i-salut\/abd-gestionara-un-equipament-pioner-a-barcelona-per-allotjar-persones-amb-addiccions-arran-de-la-crisi-de-la-covid-19\/","og_locale":"ca_ES","og_type":"article","og_title":"ABD gestionar\u00e0 un equipament pioner a Barcelona per allotjar persones amb addiccions arran de la crisi de la COVID-19 - ABD","og_description":"Es tracta d'un nou recurs de titularitat p\u00fablica de l'Ajuntament de Barcelona i l'Ag\u00e8ncia de Salut P\u00fablica de reducci\u00f3 de danys per a persones","og_url":"https:\/\/abd.ong\/ca\/drogues-i-salut\/abd-gestionara-un-equipament-pioner-a-barcelona-per-allotjar-persones-amb-addiccions-arran-de-la-crisi-de-la-covid-19\/","og_site_name":"ABD","article_publisher":"https:\/\/www.facebook.com\/abd.ong","article_published_time":"2020-04-06T10:59:36+00:00","article_modified_time":"2020-05-04T15:22:05+00:00","og_image":[{"width":1600,"height":1200,"url":"https:\/\/abd.ong\/wp-content\/uploads\/2020\/05\/WhatsApp-Image-2020-04-04-at-13.14.05.jpeg","type":"image\/jpeg"}],"author":"Enric Guinart","twitter_card":"summary_large_image","twitter_creator":"@abd_ong","twitter_site":"@abd_ong","twitter_misc":{"Escrit per":"Enric Guinart","Temps estimat de lectura":"2 minuts"},"schema":{"@context":"https:\/\/schema.org","@graph":[{"@type":"Article","@id":"https:\/\/abd.ong\/ca\/drogues-i-salut\/abd-gestionara-un-equipament-pioner-a-barcelona-per-allotjar-persones-amb-addiccions-arran-de-la-crisi-de-la-covid-19\/#article","isPartOf":{"@id":"https:\/\/abd.ong\/ca\/drogues-i-salut\/abd-gestionara-un-equipament-pioner-a-barcelona-per-allotjar-persones-amb-addiccions-arran-de-la-crisi-de-la-covid-19\/"},"author":{"name":"Enric Guinart","@id":"https:\/\/abd.ong\/ca\/#\/schema\/person\/d0f5fe279a7ad908de6a6d1332bfd7d8"},"headline":"ABD gestionar\u00e0 un equipament pioner a Barcelona per allotjar persones amb addiccions arran de la crisi de la COVID-19","datePublished":"2020-04-06T10:59:36+00:00","dateModified":"2020-05-04T15:22:05+00:00","mainEntityOfPage":{"@id":"https:\/\/abd.ong\/ca\/drogues-i-salut\/abd-gestionara-un-equipament-pioner-a-barcelona-per-allotjar-persones-amb-addiccions-arran-de-la-crisi-de-la-covid-19\/"},"wordCount":501,"publisher":{"@id":"https:\/\/abd.ong\/ca\/#organization"},"image":{"@id":"https:\/\/abd.ong\/ca\/drogues-i-salut\/abd-gestionara-un-equipament-pioner-a-barcelona-per-allotjar-persones-amb-addiccions-arran-de-la-crisi-de-la-covid-19\/#primaryimage"},"thumbnailUrl":"https:\/\/abd.ong\/wp-content\/uploads\/2020\/05\/WhatsApp-Image-2020-04-04-at-13.14.05.jpeg","keywords":["ABD","ABD","adiccions","contractaci\u00f3 public-privada","drogues","sense llar"],"articleSection":["Drogues i salut"],"inLanguage":"ca"},{"@type":"WebPage","@id":"https:\/\/abd.ong\/ca\/drogues-i-salut\/abd-gestionara-un-equipament-pioner-a-barcelona-per-allotjar-persones-amb-addiccions-arran-de-la-crisi-de-la-covid-19\/","url":"https:\/\/abd.ong\/ca\/drogues-i-salut\/abd-gestionara-un-equipament-pioner-a-barcelona-per-allotjar-persones-amb-addiccions-arran-de-la-crisi-de-la-covid-19\/","name":"ABD gestionar\u00e0 un equipament pioner a Barcelona per allotjar persones amb addiccions arran de la crisi de la COVID-19 - ABD","isPartOf":{"@id":"https:\/\/abd.ong\/ca\/#website"},"primaryImageOfPage":{"@id":"https:\/\/abd.ong\/ca\/drogues-i-salut\/abd-gestionara-un-equipament-pioner-a-barcelona-per-allotjar-persones-amb-addiccions-arran-de-la-crisi-de-la-covid-19\/#primaryimage"},"image":{"@id":"https:\/\/abd.ong\/ca\/drogues-i-salut\/abd-gestionara-un-equipament-pioner-a-barcelona-per-allotjar-persones-amb-addiccions-arran-de-la-crisi-de-la-covid-19\/#primaryimage"},"thumbnailUrl":"https:\/\/abd.ong\/wp-content\/uploads\/2020\/05\/WhatsApp-Image-2020-04-04-at-13.14.05.jpeg","datePublished":"2020-04-06T10:59:36+00:00","dateModified":"2020-05-04T15:22:05+00:00","description":"Es tracta d'un nou recurs de titularitat p\u00fablica de l'Ajuntament de Barcelona i l'Ag\u00e8ncia de Salut P\u00fablica de reducci\u00f3 de danys per a persones","breadcrumb":{"@id":"https:\/\/abd.ong\/ca\/drogues-i-salut\/abd-gestionara-un-equipament-pioner-a-barcelona-per-allotjar-persones-amb-addiccions-arran-de-la-crisi-de-la-covid-19\/#breadcrumb"},"inLanguage":"ca","potentialAction":[{"@type":"ReadAction","target":["https:\/\/abd.ong\/ca\/drogues-i-salut\/abd-gestionara-un-equipament-pioner-a-barcelona-per-allotjar-persones-amb-addiccions-arran-de-la-crisi-de-la-covid-19\/"]}]},{"@type":"ImageObject","inLanguage":"ca","@id":"https:\/\/abd.ong\/ca\/drogues-i-salut\/abd-gestionara-un-equipament-pioner-a-barcelona-per-allotjar-persones-amb-addiccions-arran-de-la-crisi-de-la-covid-19\/#primaryimage","url":"https:\/\/abd.ong\/wp-content\/uploads\/2020\/05\/WhatsApp-Image-2020-04-04-at-13.14.05.jpeg","contentUrl":"https:\/\/abd.ong\/wp-content\/uploads\/2020\/05\/WhatsApp-Image-2020-04-04-at-13.14.05.jpeg","width":1600,"height":1200},{"@type":"BreadcrumbList","@id":"https:\/\/abd.ong\/ca\/drogues-i-salut\/abd-gestionara-un-equipament-pioner-a-barcelona-per-allotjar-persones-amb-addiccions-arran-de-la-crisi-de-la-covid-19\/#breadcrumb","itemListElement":[{"@type":"ListItem","position":1,"name":"Inici","item":"https:\/\/abd.ong\/ca\/"},{"@type":"ListItem","position":2,"name":"ABD gestionar\u00e0 un equipament pioner a Barcelona per allotjar persones amb addiccions arran de la crisi de la COVID-19"}]},{"@type":"WebSite","@id":"https:\/\/abd.ong\/ca\/#website","url":"https:\/\/abd.ong\/ca\/","name":"ABD","description":"Asociaci\u00f3n Bienestar y Desarrollo","publisher":{"@id":"https:\/\/abd.ong\/ca\/#organization"},"potentialAction":[{"@type":"SearchAction","target":{"@type":"EntryPoint","urlTemplate":"https:\/\/abd.ong\/ca\/?s={search_term_string}"},"query-input":{"@type":"PropertyValueSpecification","valueRequired":true,"valueName":"search_term_string"}}],"inLanguage":"ca"},{"@type":"Organization","@id":"https:\/\/abd.ong\/ca\/#organization","name":"Associaci\u00f3 Benestar i Desenvolupament","alternateName":"ABD","url":"https:\/\/abd.ong\/ca\/","logo":{"@type":"ImageObject","inLanguage":"ca","@id":"https:\/\/abd.ong\/ca\/#\/schema\/logo\/image\/","url":"https:\/\/abd.ong\/wp-content\/uploads\/2023\/01\/Icona.png","contentUrl":"https:\/\/abd.ong\/wp-content\/uploads\/2023\/01\/Icona.png","width":190,"height":187,"caption":"Associaci\u00f3 Benestar i Desenvolupament"},"image":{"@id":"https:\/\/abd.ong\/ca\/#\/schema\/logo\/image\/"},"sameAs":["https:\/\/www.facebook.com\/abd.ong","https:\/\/x.com\/abd_ong","https:\/\/www.instagram.com\/abd_ong\/","https:\/\/www.linkedin.com\/company\/abdong","https:\/\/www.youtube.com\/user\/CANALABD"]},{"@type":"Person","@id":"https:\/\/abd.ong\/ca\/#\/schema\/person\/d0f5fe279a7ad908de6a6d1332bfd7d8","name":"Enric Guinart"}]}},"_links":{"self":[{"href":"https:\/\/abd.ong\/ca\/wp-json\/wp\/v2\/posts\/14684","targetHints":{"allow":["GET"]}}],"collection":[{"href":"https:\/\/abd.ong\/ca\/wp-json\/wp\/v2\/posts"}],"about":[{"href":"https:\/\/abd.ong\/ca\/wp-json\/wp\/v2\/types\/post"}],"author":[{"embeddable":true,"href":"https:\/\/abd.ong\/ca\/wp-json\/wp\/v2\/users\/2"}],"replies":[{"embeddable":true,"href":"https:\/\/abd.ong\/ca\/wp-json\/wp\/v2\/comments?post=14684"}],"version-history":[{"count":1,"href":"https:\/\/abd.ong\/ca\/wp-json\/wp\/v2\/posts\/14684\/revisions"}],"predecessor-version":[{"id":14685,"href":"https:\/\/abd.ong\/ca\/wp-json\/wp\/v2\/posts\/14684\/revisions\/14685"}],"wp:featuredmedia":[{"embeddable":true,"href":"https:\/\/abd.ong\/ca\/wp-json\/wp\/v2\/media\/14627"}],"wp:attachment":[{"href":"https:\/\/abd.ong\/ca\/wp-json\/wp\/v2\/media?parent=14684"}],"wp:term":[{"taxonomy":"category","embeddable":true,"href":"https:\/\/abd.ong\/ca\/wp-json\/wp\/v2\/categories?post=14684"},{"taxonomy":"post_tag","embeddable":true,"href":"https:\/\/abd.ong\/ca\/wp-json\/wp\/v2\/tags?post=14684"}],"curies":[{"name":"wp","href":"https:\/\/api.w.org\/{rel}","templated":true}]}}