{"id":14559,"date":"2020-03-26T11:19:27","date_gmt":"2020-03-26T10:19:27","guid":{"rendered":"https:\/\/abd.ong\/?p=14559"},"modified":"2020-03-26T11:19:28","modified_gmt":"2020-03-26T10:19:28","slug":"actuacio-dabd-en-relacio-al-coronavirus","status":"publish","type":"post","link":"https:\/\/abd.ong\/ca\/general-ca\/actuacio-dabd-en-relacio-al-coronavirus\/","title":{"rendered":"Actuaci\u00f3 d\u2019ABD en relaci\u00f3 al coronavirus"},"content":{"rendered":"\n<p>Davant de la situaci\u00f3 d\u2019alarma que estem vivint per la pand\u00e8mia del coronavirus, des de l\u2019Associaci\u00f3 Benestar i Desenvolupament ABD continuem al capdavant, dia a dia, dels m\u00e9s de 100 serveis d\u2019atenci\u00f3 a persones que portem com a entitat social. Aix\u00f2 \u00e9s possible gr\u00e0cies als equips de professionals amb els que comptem.<\/p>\n\n\n\n<p>Tamb\u00e9 estem incorporant nous serveis, aix\u00ed com persones volunt\u00e0ries i empreses col\u00b7laboradores que s\u2019estan oferint per cobrir i acompanyar les necessitats b\u00e0siques de les persones que es troben en una situaci\u00f3 de m\u00e9s vulnerabilitat.<\/p>\n\n\n\n<p>Entre totes i tots, ho aconseguirem.<\/p>\n","protected":false},"excerpt":{"rendered":"<p>Davant de la situaci\u00f3 d\u2019alarma que estem vivint per la pand\u00e8mia del coronavirus, des de l\u2019Associaci\u00f3 Benestar i Desenvolupament ABD continuem al capdavant, dia a dia, dels m\u00e9s de 100&hellip;<\/p>\n","protected":false},"author":2,"featured_media":14556,"comment_status":"closed","ping_status":"closed","sticky":false,"template":"","format":"standard","meta":{"_acf_changed":false,"footnotes":""},"categories":[66],"tags":[119,1845,1844,1332],"class_list":["post-14559","post","type-post","status-publish","format-standard","has-post-thumbnail","hentry","category-general-ca","tag-abd","tag-accio-social","tag-covid-19","tag-tercer-sector-ca-2"],"acf":[],"yoast_head":"<!-- This site is optimized with the Yoast SEO plugin v27.4 - https:\/\/yoast.com\/product\/yoast-seo-wordpress\/ -->\n<title>Actuaci\u00f3 d\u2019ABD en relaci\u00f3 al coronavirus - ABD<\/title>\n<meta name=\"description\" content=\"Davant de la situaci\u00f3 d\u2019alarma que estem vivint per la pand\u00e8mia del coronavirus, des de l\u2019Associaci\u00f3 Benestar i Desenvolupament ABD continuem al\" \/>\n<meta name=\"robots\" content=\"index, follow, max-snippet:-1, max-image-preview:large, max-video-preview:-1\" \/>\n<link rel=\"canonical\" href=\"https:\/\/abd.ong\/ca\/general-ca\/actuacio-dabd-en-relacio-al-coronavirus\/\" \/>\n<meta property=\"og:locale\" content=\"ca_ES\" \/>\n<meta property=\"og:type\" content=\"article\" \/>\n<meta property=\"og:title\" content=\"Actuaci\u00f3 d\u2019ABD en relaci\u00f3 al coronavirus - ABD\" \/>\n<meta property=\"og:description\" content=\"Davant de la situaci\u00f3 d\u2019alarma que estem vivint per la pand\u00e8mia del coronavirus, des de l\u2019Associaci\u00f3 Benestar i Desenvolupament ABD continuem al\" \/>\n<meta property=\"og:url\" content=\"https:\/\/abd.ong\/ca\/general-ca\/actuacio-dabd-en-relacio-al-coronavirus\/\" \/>\n<meta property=\"og:site_name\" content=\"ABD\" \/>\n<meta property=\"article:publisher\" content=\"https:\/\/www.facebook.com\/abd.ong\" \/>\n<meta property=\"article:published_time\" content=\"2020-03-26T10:19:27+00:00\" \/>\n<meta property=\"article:modified_time\" content=\"2020-03-26T10:19:28+00:00\" \/>\n<meta property=\"og:image\" content=\"https:\/\/abd.ong\/wp-content\/uploads\/2020\/03\/WhatsApp-Image-2020-03-18-at-13.58.53.jpeg\" \/>\n\t<meta property=\"og:image:width\" content=\"1600\" \/>\n\t<meta property=\"og:image:height\" content=\"1200\" \/>\n\t<meta property=\"og:image:type\" content=\"image\/jpeg\" \/>\n<meta name=\"author\" content=\"Enric Guinart\" \/>\n<meta name=\"twitter:card\" content=\"summary_large_image\" \/>\n<meta name=\"twitter:creator\" content=\"@abd_ong\" \/>\n<meta name=\"twitter:site\" content=\"@abd_ong\" \/>\n<meta name=\"twitter:label1\" content=\"Escrit per\" \/>\n\t<meta name=\"twitter:data1\" content=\"Enric Guinart\" \/>\n\t<meta name=\"twitter:label2\" content=\"Temps estimat de lectura\" \/>\n\t<meta name=\"twitter:data2\" content=\"1 minut\" \/>\n<script type=\"application\/ld+json\" class=\"yoast-schema-graph\">{\"@context\":\"https:\\\/\\\/schema.org\",\"@graph\":[{\"@type\":\"Article\",\"@id\":\"https:\\\/\\\/abd.ong\\\/ca\\\/general-ca\\\/actuacio-dabd-en-relacio-al-coronavirus\\\/#article\",\"isPartOf\":{\"@id\":\"https:\\\/\\\/abd.ong\\\/ca\\\/general-ca\\\/actuacio-dabd-en-relacio-al-coronavirus\\\/\"},\"author\":{\"name\":\"Enric Guinart\",\"@id\":\"https:\\\/\\\/abd.ong\\\/ca\\\/#\\\/schema\\\/person\\\/d0f5fe279a7ad908de6a6d1332bfd7d8\"},\"headline\":\"Actuaci\u00f3 d\u2019ABD en relaci\u00f3 al coronavirus\",\"datePublished\":\"2020-03-26T10:19:27+00:00\",\"dateModified\":\"2020-03-26T10:19:28+00:00\",\"mainEntityOfPage\":{\"@id\":\"https:\\\/\\\/abd.ong\\\/ca\\\/general-ca\\\/actuacio-dabd-en-relacio-al-coronavirus\\\/\"},\"wordCount\":109,\"publisher\":{\"@id\":\"https:\\\/\\\/abd.ong\\\/ca\\\/#organization\"},\"image\":{\"@id\":\"https:\\\/\\\/abd.ong\\\/ca\\\/general-ca\\\/actuacio-dabd-en-relacio-al-coronavirus\\\/#primaryimage\"},\"thumbnailUrl\":\"https:\\\/\\\/abd.ong\\\/wp-content\\\/uploads\\\/2020\\\/03\\\/WhatsApp-Image-2020-03-18-at-13.58.53.jpeg\",\"keywords\":[\"ABD\",\"acci\u00f3 social\",\"Covid 19\",\"Tercer Sector\"],\"articleSection\":[\"General\"],\"inLanguage\":\"ca\"},{\"@type\":\"WebPage\",\"@id\":\"https:\\\/\\\/abd.ong\\\/ca\\\/general-ca\\\/actuacio-dabd-en-relacio-al-coronavirus\\\/\",\"url\":\"https:\\\/\\\/abd.ong\\\/ca\\\/general-ca\\\/actuacio-dabd-en-relacio-al-coronavirus\\\/\",\"name\":\"Actuaci\u00f3 d\u2019ABD en relaci\u00f3 al coronavirus - ABD\",\"isPartOf\":{\"@id\":\"https:\\\/\\\/abd.ong\\\/ca\\\/#website\"},\"primaryImageOfPage\":{\"@id\":\"https:\\\/\\\/abd.ong\\\/ca\\\/general-ca\\\/actuacio-dabd-en-relacio-al-coronavirus\\\/#primaryimage\"},\"image\":{\"@id\":\"https:\\\/\\\/abd.ong\\\/ca\\\/general-ca\\\/actuacio-dabd-en-relacio-al-coronavirus\\\/#primaryimage\"},\"thumbnailUrl\":\"https:\\\/\\\/abd.ong\\\/wp-content\\\/uploads\\\/2020\\\/03\\\/WhatsApp-Image-2020-03-18-at-13.58.53.jpeg\",\"datePublished\":\"2020-03-26T10:19:27+00:00\",\"dateModified\":\"2020-03-26T10:19:28+00:00\",\"description\":\"Davant de la situaci\u00f3 d\u2019alarma que estem vivint per la pand\u00e8mia del coronavirus, des de l\u2019Associaci\u00f3 Benestar i Desenvolupament ABD continuem al\",\"breadcrumb\":{\"@id\":\"https:\\\/\\\/abd.ong\\\/ca\\\/general-ca\\\/actuacio-dabd-en-relacio-al-coronavirus\\\/#breadcrumb\"},\"inLanguage\":\"ca\",\"potentialAction\":[{\"@type\":\"ReadAction\",\"target\":[\"https:\\\/\\\/abd.ong\\\/ca\\\/general-ca\\\/actuacio-dabd-en-relacio-al-coronavirus\\\/\"]}]},{\"@type\":\"ImageObject\",\"inLanguage\":\"ca\",\"@id\":\"https:\\\/\\\/abd.ong\\\/ca\\\/general-ca\\\/actuacio-dabd-en-relacio-al-coronavirus\\\/#primaryimage\",\"url\":\"https:\\\/\\\/abd.ong\\\/wp-content\\\/uploads\\\/2020\\\/03\\\/WhatsApp-Image-2020-03-18-at-13.58.53.jpeg\",\"contentUrl\":\"https:\\\/\\\/abd.ong\\\/wp-content\\\/uploads\\\/2020\\\/03\\\/WhatsApp-Image-2020-03-18-at-13.58.53.jpeg\",\"width\":1600,\"height\":1200},{\"@type\":\"BreadcrumbList\",\"@id\":\"https:\\\/\\\/abd.ong\\\/ca\\\/general-ca\\\/actuacio-dabd-en-relacio-al-coronavirus\\\/#breadcrumb\",\"itemListElement\":[{\"@type\":\"ListItem\",\"position\":1,\"name\":\"Inici\",\"item\":\"https:\\\/\\\/abd.ong\\\/ca\\\/\"},{\"@type\":\"ListItem\",\"position\":2,\"name\":\"Actuaci\u00f3 d\u2019ABD en relaci\u00f3 al coronavirus\"}]},{\"@type\":\"WebSite\",\"@id\":\"https:\\\/\\\/abd.ong\\\/ca\\\/#website\",\"url\":\"https:\\\/\\\/abd.ong\\\/ca\\\/\",\"name\":\"ABD\",\"description\":\"Asociaci\u00f3n Bienestar y Desarrollo\",\"publisher\":{\"@id\":\"https:\\\/\\\/abd.ong\\\/ca\\\/#organization\"},\"potentialAction\":[{\"@type\":\"SearchAction\",\"target\":{\"@type\":\"EntryPoint\",\"urlTemplate\":\"https:\\\/\\\/abd.ong\\\/ca\\\/?s={search_term_string}\"},\"query-input\":{\"@type\":\"PropertyValueSpecification\",\"valueRequired\":true,\"valueName\":\"search_term_string\"}}],\"inLanguage\":\"ca\"},{\"@type\":\"Organization\",\"@id\":\"https:\\\/\\\/abd.ong\\\/ca\\\/#organization\",\"name\":\"Associaci\u00f3 Benestar i Desenvolupament\",\"alternateName\":\"ABD\",\"url\":\"https:\\\/\\\/abd.ong\\\/ca\\\/\",\"logo\":{\"@type\":\"ImageObject\",\"inLanguage\":\"ca\",\"@id\":\"https:\\\/\\\/abd.ong\\\/ca\\\/#\\\/schema\\\/logo\\\/image\\\/\",\"url\":\"https:\\\/\\\/abd.ong\\\/wp-content\\\/uploads\\\/2023\\\/01\\\/Icona.png\",\"contentUrl\":\"https:\\\/\\\/abd.ong\\\/wp-content\\\/uploads\\\/2023\\\/01\\\/Icona.png\",\"width\":190,\"height\":187,\"caption\":\"Associaci\u00f3 Benestar i Desenvolupament\"},\"image\":{\"@id\":\"https:\\\/\\\/abd.ong\\\/ca\\\/#\\\/schema\\\/logo\\\/image\\\/\"},\"sameAs\":[\"https:\\\/\\\/www.facebook.com\\\/abd.ong\",\"https:\\\/\\\/x.com\\\/abd_ong\",\"https:\\\/\\\/www.instagram.com\\\/abd_ong\\\/\",\"https:\\\/\\\/www.linkedin.com\\\/company\\\/abdong\",\"https:\\\/\\\/www.youtube.com\\\/user\\\/CANALABD\"]},{\"@type\":\"Person\",\"@id\":\"https:\\\/\\\/abd.ong\\\/ca\\\/#\\\/schema\\\/person\\\/d0f5fe279a7ad908de6a6d1332bfd7d8\",\"name\":\"Enric Guinart\"}]}<\/script>\n<!-- \/ Yoast SEO plugin. -->","yoast_head_json":{"title":"Actuaci\u00f3 d\u2019ABD en relaci\u00f3 al coronavirus - ABD","description":"Davant de la situaci\u00f3 d\u2019alarma que estem vivint per la pand\u00e8mia del coronavirus, des de l\u2019Associaci\u00f3 Benestar i Desenvolupament ABD continuem al","robots":{"index":"index","follow":"follow","max-snippet":"max-snippet:-1","max-image-preview":"max-image-preview:large","max-video-preview":"max-video-preview:-1"},"canonical":"https:\/\/abd.ong\/ca\/general-ca\/actuacio-dabd-en-relacio-al-coronavirus\/","og_locale":"ca_ES","og_type":"article","og_title":"Actuaci\u00f3 d\u2019ABD en relaci\u00f3 al coronavirus - ABD","og_description":"Davant de la situaci\u00f3 d\u2019alarma que estem vivint per la pand\u00e8mia del coronavirus, des de l\u2019Associaci\u00f3 Benestar i Desenvolupament ABD continuem al","og_url":"https:\/\/abd.ong\/ca\/general-ca\/actuacio-dabd-en-relacio-al-coronavirus\/","og_site_name":"ABD","article_publisher":"https:\/\/www.facebook.com\/abd.ong","article_published_time":"2020-03-26T10:19:27+00:00","article_modified_time":"2020-03-26T10:19:28+00:00","og_image":[{"width":1600,"height":1200,"url":"https:\/\/abd.ong\/wp-content\/uploads\/2020\/03\/WhatsApp-Image-2020-03-18-at-13.58.53.jpeg","type":"image\/jpeg"}],"author":"Enric Guinart","twitter_card":"summary_large_image","twitter_creator":"@abd_ong","twitter_site":"@abd_ong","twitter_misc":{"Escrit per":"Enric Guinart","Temps estimat de lectura":"1 minut"},"schema":{"@context":"https:\/\/schema.org","@graph":[{"@type":"Article","@id":"https:\/\/abd.ong\/ca\/general-ca\/actuacio-dabd-en-relacio-al-coronavirus\/#article","isPartOf":{"@id":"https:\/\/abd.ong\/ca\/general-ca\/actuacio-dabd-en-relacio-al-coronavirus\/"},"author":{"name":"Enric Guinart","@id":"https:\/\/abd.ong\/ca\/#\/schema\/person\/d0f5fe279a7ad908de6a6d1332bfd7d8"},"headline":"Actuaci\u00f3 d\u2019ABD en relaci\u00f3 al coronavirus","datePublished":"2020-03-26T10:19:27+00:00","dateModified":"2020-03-26T10:19:28+00:00","mainEntityOfPage":{"@id":"https:\/\/abd.ong\/ca\/general-ca\/actuacio-dabd-en-relacio-al-coronavirus\/"},"wordCount":109,"publisher":{"@id":"https:\/\/abd.ong\/ca\/#organization"},"image":{"@id":"https:\/\/abd.ong\/ca\/general-ca\/actuacio-dabd-en-relacio-al-coronavirus\/#primaryimage"},"thumbnailUrl":"https:\/\/abd.ong\/wp-content\/uploads\/2020\/03\/WhatsApp-Image-2020-03-18-at-13.58.53.jpeg","keywords":["ABD","acci\u00f3 social","Covid 19","Tercer Sector"],"articleSection":["General"],"inLanguage":"ca"},{"@type":"WebPage","@id":"https:\/\/abd.ong\/ca\/general-ca\/actuacio-dabd-en-relacio-al-coronavirus\/","url":"https:\/\/abd.ong\/ca\/general-ca\/actuacio-dabd-en-relacio-al-coronavirus\/","name":"Actuaci\u00f3 d\u2019ABD en relaci\u00f3 al coronavirus - ABD","isPartOf":{"@id":"https:\/\/abd.ong\/ca\/#website"},"primaryImageOfPage":{"@id":"https:\/\/abd.ong\/ca\/general-ca\/actuacio-dabd-en-relacio-al-coronavirus\/#primaryimage"},"image":{"@id":"https:\/\/abd.ong\/ca\/general-ca\/actuacio-dabd-en-relacio-al-coronavirus\/#primaryimage"},"thumbnailUrl":"https:\/\/abd.ong\/wp-content\/uploads\/2020\/03\/WhatsApp-Image-2020-03-18-at-13.58.53.jpeg","datePublished":"2020-03-26T10:19:27+00:00","dateModified":"2020-03-26T10:19:28+00:00","description":"Davant de la situaci\u00f3 d\u2019alarma que estem vivint per la pand\u00e8mia del coronavirus, des de l\u2019Associaci\u00f3 Benestar i Desenvolupament ABD continuem al","breadcrumb":{"@id":"https:\/\/abd.ong\/ca\/general-ca\/actuacio-dabd-en-relacio-al-coronavirus\/#breadcrumb"},"inLanguage":"ca","potentialAction":[{"@type":"ReadAction","target":["https:\/\/abd.ong\/ca\/general-ca\/actuacio-dabd-en-relacio-al-coronavirus\/"]}]},{"@type":"ImageObject","inLanguage":"ca","@id":"https:\/\/abd.ong\/ca\/general-ca\/actuacio-dabd-en-relacio-al-coronavirus\/#primaryimage","url":"https:\/\/abd.ong\/wp-content\/uploads\/2020\/03\/WhatsApp-Image-2020-03-18-at-13.58.53.jpeg","contentUrl":"https:\/\/abd.ong\/wp-content\/uploads\/2020\/03\/WhatsApp-Image-2020-03-18-at-13.58.53.jpeg","width":1600,"height":1200},{"@type":"BreadcrumbList","@id":"https:\/\/abd.ong\/ca\/general-ca\/actuacio-dabd-en-relacio-al-coronavirus\/#breadcrumb","itemListElement":[{"@type":"ListItem","position":1,"name":"Inici","item":"https:\/\/abd.ong\/ca\/"},{"@type":"ListItem","position":2,"name":"Actuaci\u00f3 d\u2019ABD en relaci\u00f3 al coronavirus"}]},{"@type":"WebSite","@id":"https:\/\/abd.ong\/ca\/#website","url":"https:\/\/abd.ong\/ca\/","name":"ABD","description":"Asociaci\u00f3n Bienestar y Desarrollo","publisher":{"@id":"https:\/\/abd.ong\/ca\/#organization"},"potentialAction":[{"@type":"SearchAction","target":{"@type":"EntryPoint","urlTemplate":"https:\/\/abd.ong\/ca\/?s={search_term_string}"},"query-input":{"@type":"PropertyValueSpecification","valueRequired":true,"valueName":"search_term_string"}}],"inLanguage":"ca"},{"@type":"Organization","@id":"https:\/\/abd.ong\/ca\/#organization","name":"Associaci\u00f3 Benestar i Desenvolupament","alternateName":"ABD","url":"https:\/\/abd.ong\/ca\/","logo":{"@type":"ImageObject","inLanguage":"ca","@id":"https:\/\/abd.ong\/ca\/#\/schema\/logo\/image\/","url":"https:\/\/abd.ong\/wp-content\/uploads\/2023\/01\/Icona.png","contentUrl":"https:\/\/abd.ong\/wp-content\/uploads\/2023\/01\/Icona.png","width":190,"height":187,"caption":"Associaci\u00f3 Benestar i Desenvolupament"},"image":{"@id":"https:\/\/abd.ong\/ca\/#\/schema\/logo\/image\/"},"sameAs":["https:\/\/www.facebook.com\/abd.ong","https:\/\/x.com\/abd_ong","https:\/\/www.instagram.com\/abd_ong\/","https:\/\/www.linkedin.com\/company\/abdong","https:\/\/www.youtube.com\/user\/CANALABD"]},{"@type":"Person","@id":"https:\/\/abd.ong\/ca\/#\/schema\/person\/d0f5fe279a7ad908de6a6d1332bfd7d8","name":"Enric Guinart"}]}},"_links":{"self":[{"href":"https:\/\/abd.ong\/ca\/wp-json\/wp\/v2\/posts\/14559","targetHints":{"allow":["GET"]}}],"collection":[{"href":"https:\/\/abd.ong\/ca\/wp-json\/wp\/v2\/posts"}],"about":[{"href":"https:\/\/abd.ong\/ca\/wp-json\/wp\/v2\/types\/post"}],"author":[{"embeddable":true,"href":"https:\/\/abd.ong\/ca\/wp-json\/wp\/v2\/users\/2"}],"replies":[{"embeddable":true,"href":"https:\/\/abd.ong\/ca\/wp-json\/wp\/v2\/comments?post=14559"}],"version-history":[{"count":1,"href":"https:\/\/abd.ong\/ca\/wp-json\/wp\/v2\/posts\/14559\/revisions"}],"predecessor-version":[{"id":14560,"href":"https:\/\/abd.ong\/ca\/wp-json\/wp\/v2\/posts\/14559\/revisions\/14560"}],"wp:featuredmedia":[{"embeddable":true,"href":"https:\/\/abd.ong\/ca\/wp-json\/wp\/v2\/media\/14556"}],"wp:attachment":[{"href":"https:\/\/abd.ong\/ca\/wp-json\/wp\/v2\/media?parent=14559"}],"wp:term":[{"taxonomy":"category","embeddable":true,"href":"https:\/\/abd.ong\/ca\/wp-json\/wp\/v2\/categories?post=14559"},{"taxonomy":"post_tag","embeddable":true,"href":"https:\/\/abd.ong\/ca\/wp-json\/wp\/v2\/tags?post=14559"}],"curies":[{"name":"wp","href":"https:\/\/api.w.org\/{rel}","templated":true}]}}