{"id":14551,"date":"2020-03-26T11:11:54","date_gmt":"2020-03-26T10:11:54","guid":{"rendered":"https:\/\/abd.ong\/?p=14551"},"modified":"2020-03-26T11:12:40","modified_gmt":"2020-03-26T10:12:40","slug":"el-cas-baluard-servei-gestionat-per-abd-rep-lajuda-de-diverses-ongs-i-entitats-per-assegurar-un-apat-calent-a-les-persones-usuaries","status":"publish","type":"post","link":"https:\/\/abd.ong\/ca\/drogues-i-salut\/el-cas-baluard-servei-gestionat-per-abd-rep-lajuda-de-diverses-ongs-i-entitats-per-assegurar-un-apat-calent-a-les-persones-usuaries\/","title":{"rendered":"El CAS Baluard, servei gestionat per ABD, rep l\u2019ajuda de diverses ONGs i entitats per assegurar un \u00e0pat calent a les persones usu\u00e0ries"},"content":{"rendered":"\n<p>Aquests dies amb la&nbsp;<strong>crisi social que est\u00e0 suposant l\u2019expansi\u00f3 del contagi del Covid-19<\/strong>, les autoritats sanit\u00e0ries estan posant molt d\u2019\u00e8mfasi en la higene de les mans i en el confinament a casa. Per\u00f2, quines mesures has de prendre si ets una&nbsp;<strong>persona sense sostre<\/strong>&nbsp;i sense acc\u00e9s a aigua regularment?<\/p>\n\n\n\n<p>Les&nbsp;<strong>persones usu\u00e0ries del CAS Baluard<\/strong>, el Centre d\u2019Atenci\u00f3 a les Drogodepend\u00e8ncies i de reducci\u00f3 de danys&nbsp;de l\u2019<a href=\"https:\/\/www.aspb.cat\/\">Ag\u00e8ncia de Salut P\u00fablica de Barcelona (ASPB)<\/a>&nbsp;i que gestiona l\u2019<a href=\"https:\/\/abd.ong\/\"><strong>Associaci\u00f3 Benestar i Desenvolupament ABD<\/strong><\/a>, no disposen majorit\u00e0riament de llar. \u201cAproximadament un&nbsp;<strong>60% de les persones que atenem a Baluard no tenen sostre<\/strong>, aix\u00f2 les exposa molt m\u00e9s al contagi del virus i a les conseq\u00fc\u00e8ncies que pot tenir en la seva salut (ja de per si molt fr\u00e0gil)\u201d, ha explicat Ester Aranda, professional del centre.<\/p>\n\n\n\n<p>Al CAS han identificat que&nbsp;<strong>no hi ha cap sostre extraordinari habilitat<\/strong>&nbsp;per les persones que viuen al carrer i que, per tant, s\u00f3n poblaci\u00f3 de risc. \u201cA m\u00e9s a m\u00e9s, aquests dies han baixat les temperatures i ha plogut\u201d, ha apuntat Aranda.<\/p>\n\n\n\n<p>Aquesta no \u00e9s la \u00fanica gran dificultat que enfronten les persones amb una problem\u00e0tica de drogodepend\u00e8ncia i sensellarisme aquests dies.&nbsp;<strong>La majoria de menjadors socials&nbsp;<\/strong>-excepte els municipals que depenen de l\u2019Ajuntament de Barcelona-&nbsp;<strong>han tancat per prevenci\u00f3 al coronavirus<\/strong>, per tant \u201cestan sense suports alimentaris\u201d. \u00c9s per aix\u00f2 que els i les professionals del CAS Baluard han contactat amb l\u2019ONG Nutricionistes Sense Fronteres, amb qui ja havien treballat. Aquesta entitat social es dedica a recollir sobres de menjar, de fires o congressos, a vegades d\u2019escoles, i ho reparteixen entre alguns recursos d\u2019exclusi\u00f3 social. \u201cEns han fet una donaci\u00f3 solid\u00e0ria de molt menjar, per passar dos o tres dies\u201d, ha explicat Aranda.<\/p>\n\n\n\n<blockquote class=\"wp-block-quote is-layout-flow wp-block-quote-is-layout-flow\"><p>Finalment, i amb una sola jornada, des de Baluard han pogut repartir&nbsp;<strong>60 \u00e0pats calents, 100 racions de berenar i 30 litres de llet<\/strong>. \u201cEn total, hem at\u00e8s 160 persones\u201d.&nbsp;<\/p><\/blockquote>\n\n\n\n<p>Aquests propers dies tamb\u00e9 estem rebent les donacions solid\u00e0ries de les franqu\u00edcies&nbsp;<strong>Nostrum Rambla Catalunya 20<\/strong>,&nbsp;<strong>Nostrum Villarroel 185<\/strong>&nbsp;i&nbsp;<strong>Nostrum de Sant Cugat<\/strong>, del&nbsp;<strong>Banc dels Aliments<\/strong>&nbsp;de Barcelona, i de&nbsp;<strong>Nutricionistes Sense Fronteres<\/strong>.<\/p>\n","protected":false},"excerpt":{"rendered":"<p>Aquests dies amb la&nbsp;crisi social que est\u00e0 suposant l\u2019expansi\u00f3 del contagi del Covid-19, les autoritats sanit\u00e0ries estan posant molt d\u2019\u00e8mfasi en la higene de les mans i en el confinament&hellip;<\/p>\n","protected":false},"author":2,"featured_media":14548,"comment_status":"closed","ping_status":"closed","sticky":false,"template":"","format":"standard","meta":{"_acf_changed":false,"footnotes":""},"categories":[1301],"tags":[1252,1843,1841,1842,795],"class_list":["post-14551","post","type-post","status-publish","format-standard","has-post-thumbnail","hentry","category-drogues-i-salut","tag-cas-baluard-ca-2","tag-covid19-2","tag-donacions-aliments","tag-entitats-socials-2","tag-ong-ca","ods-reduccio-de-les-desigualtats","ods-salut-i-benestar","right-dret-a-la-integritat-personal","right-dret-a-la-salut"],"acf":[],"yoast_head":"<!-- This site is optimized with the Yoast SEO plugin v27.4 - https:\/\/yoast.com\/product\/yoast-seo-wordpress\/ -->\n<title>El CAS Baluard, servei gestionat per ABD, rep l\u2019ajuda de diverses ONGs i entitats per assegurar un \u00e0pat calent a les persones usu\u00e0ries - ABD<\/title>\n<meta name=\"description\" content=\"Aquests dies amb la&nbsp;crisi social que est\u00e0 suposant l\u2019expansi\u00f3 del contagi del Covid-19, les autoritats sanit\u00e0ries estan posant molt d\u2019\u00e8mfasi en la\" \/>\n<meta name=\"robots\" content=\"index, follow, max-snippet:-1, max-image-preview:large, max-video-preview:-1\" \/>\n<link rel=\"canonical\" href=\"https:\/\/abd.ong\/ca\/drogues-i-salut\/el-cas-baluard-servei-gestionat-per-abd-rep-lajuda-de-diverses-ongs-i-entitats-per-assegurar-un-apat-calent-a-les-persones-usuaries\/\" \/>\n<meta property=\"og:locale\" content=\"ca_ES\" \/>\n<meta property=\"og:type\" content=\"article\" \/>\n<meta property=\"og:title\" content=\"El CAS Baluard, servei gestionat per ABD, rep l\u2019ajuda de diverses ONGs i entitats per assegurar un \u00e0pat calent a les persones usu\u00e0ries - ABD\" \/>\n<meta property=\"og:description\" content=\"Aquests dies amb la&nbsp;crisi social que est\u00e0 suposant l\u2019expansi\u00f3 del contagi del Covid-19, les autoritats sanit\u00e0ries estan posant molt d\u2019\u00e8mfasi en la\" \/>\n<meta property=\"og:url\" content=\"https:\/\/abd.ong\/ca\/drogues-i-salut\/el-cas-baluard-servei-gestionat-per-abd-rep-lajuda-de-diverses-ongs-i-entitats-per-assegurar-un-apat-calent-a-les-persones-usuaries\/\" \/>\n<meta property=\"og:site_name\" content=\"ABD\" \/>\n<meta property=\"article:publisher\" content=\"https:\/\/www.facebook.com\/abd.ong\" \/>\n<meta property=\"article:published_time\" content=\"2020-03-26T10:11:54+00:00\" \/>\n<meta property=\"article:modified_time\" content=\"2020-03-26T10:12:40+00:00\" \/>\n<meta property=\"og:image\" content=\"https:\/\/abd.ong\/wp-content\/uploads\/2020\/03\/WhatsApp-Image-2020-03-16-at-17.25.36.jpeg\" \/>\n\t<meta property=\"og:image:width\" content=\"1200\" \/>\n\t<meta property=\"og:image:height\" content=\"894\" \/>\n\t<meta property=\"og:image:type\" content=\"image\/jpeg\" \/>\n<meta name=\"author\" content=\"Enric Guinart\" \/>\n<meta name=\"twitter:card\" content=\"summary_large_image\" \/>\n<meta name=\"twitter:creator\" content=\"@abd_ong\" \/>\n<meta name=\"twitter:site\" content=\"@abd_ong\" \/>\n<meta name=\"twitter:label1\" content=\"Escrit per\" \/>\n\t<meta name=\"twitter:data1\" content=\"Enric Guinart\" \/>\n\t<meta name=\"twitter:label2\" content=\"Temps estimat de lectura\" \/>\n\t<meta name=\"twitter:data2\" content=\"2 minuts\" \/>\n<script type=\"application\/ld+json\" class=\"yoast-schema-graph\">{\"@context\":\"https:\\\/\\\/schema.org\",\"@graph\":[{\"@type\":\"Article\",\"@id\":\"https:\\\/\\\/abd.ong\\\/ca\\\/drogues-i-salut\\\/el-cas-baluard-servei-gestionat-per-abd-rep-lajuda-de-diverses-ongs-i-entitats-per-assegurar-un-apat-calent-a-les-persones-usuaries\\\/#article\",\"isPartOf\":{\"@id\":\"https:\\\/\\\/abd.ong\\\/ca\\\/drogues-i-salut\\\/el-cas-baluard-servei-gestionat-per-abd-rep-lajuda-de-diverses-ongs-i-entitats-per-assegurar-un-apat-calent-a-les-persones-usuaries\\\/\"},\"author\":{\"name\":\"Enric Guinart\",\"@id\":\"https:\\\/\\\/abd.ong\\\/ca\\\/#\\\/schema\\\/person\\\/d0f5fe279a7ad908de6a6d1332bfd7d8\"},\"headline\":\"El CAS Baluard, servei gestionat per ABD, rep l\u2019ajuda de diverses ONGs i entitats per assegurar un \u00e0pat calent a les persones usu\u00e0ries\",\"datePublished\":\"2020-03-26T10:11:54+00:00\",\"dateModified\":\"2020-03-26T10:12:40+00:00\",\"mainEntityOfPage\":{\"@id\":\"https:\\\/\\\/abd.ong\\\/ca\\\/drogues-i-salut\\\/el-cas-baluard-servei-gestionat-per-abd-rep-lajuda-de-diverses-ongs-i-entitats-per-assegurar-un-apat-calent-a-les-persones-usuaries\\\/\"},\"wordCount\":422,\"publisher\":{\"@id\":\"https:\\\/\\\/abd.ong\\\/ca\\\/#organization\"},\"image\":{\"@id\":\"https:\\\/\\\/abd.ong\\\/ca\\\/drogues-i-salut\\\/el-cas-baluard-servei-gestionat-per-abd-rep-lajuda-de-diverses-ongs-i-entitats-per-assegurar-un-apat-calent-a-les-persones-usuaries\\\/#primaryimage\"},\"thumbnailUrl\":\"https:\\\/\\\/abd.ong\\\/wp-content\\\/uploads\\\/2020\\\/03\\\/WhatsApp-Image-2020-03-16-at-17.25.36.jpeg\",\"keywords\":[\"CAS Baluard\",\"Covid19\",\"donacions aliments\",\"entitats socials\",\"ONG\"],\"articleSection\":[\"Drogues i salut\"],\"inLanguage\":\"ca\"},{\"@type\":\"WebPage\",\"@id\":\"https:\\\/\\\/abd.ong\\\/ca\\\/drogues-i-salut\\\/el-cas-baluard-servei-gestionat-per-abd-rep-lajuda-de-diverses-ongs-i-entitats-per-assegurar-un-apat-calent-a-les-persones-usuaries\\\/\",\"url\":\"https:\\\/\\\/abd.ong\\\/ca\\\/drogues-i-salut\\\/el-cas-baluard-servei-gestionat-per-abd-rep-lajuda-de-diverses-ongs-i-entitats-per-assegurar-un-apat-calent-a-les-persones-usuaries\\\/\",\"name\":\"El CAS Baluard, servei gestionat per ABD, rep l\u2019ajuda de diverses ONGs i entitats per assegurar un \u00e0pat calent a les persones usu\u00e0ries - ABD\",\"isPartOf\":{\"@id\":\"https:\\\/\\\/abd.ong\\\/ca\\\/#website\"},\"primaryImageOfPage\":{\"@id\":\"https:\\\/\\\/abd.ong\\\/ca\\\/drogues-i-salut\\\/el-cas-baluard-servei-gestionat-per-abd-rep-lajuda-de-diverses-ongs-i-entitats-per-assegurar-un-apat-calent-a-les-persones-usuaries\\\/#primaryimage\"},\"image\":{\"@id\":\"https:\\\/\\\/abd.ong\\\/ca\\\/drogues-i-salut\\\/el-cas-baluard-servei-gestionat-per-abd-rep-lajuda-de-diverses-ongs-i-entitats-per-assegurar-un-apat-calent-a-les-persones-usuaries\\\/#primaryimage\"},\"thumbnailUrl\":\"https:\\\/\\\/abd.ong\\\/wp-content\\\/uploads\\\/2020\\\/03\\\/WhatsApp-Image-2020-03-16-at-17.25.36.jpeg\",\"datePublished\":\"2020-03-26T10:11:54+00:00\",\"dateModified\":\"2020-03-26T10:12:40+00:00\",\"description\":\"Aquests dies amb la&nbsp;crisi social que est\u00e0 suposant l\u2019expansi\u00f3 del contagi del Covid-19, les autoritats sanit\u00e0ries estan posant molt d\u2019\u00e8mfasi en la\",\"breadcrumb\":{\"@id\":\"https:\\\/\\\/abd.ong\\\/ca\\\/drogues-i-salut\\\/el-cas-baluard-servei-gestionat-per-abd-rep-lajuda-de-diverses-ongs-i-entitats-per-assegurar-un-apat-calent-a-les-persones-usuaries\\\/#breadcrumb\"},\"inLanguage\":\"ca\",\"potentialAction\":[{\"@type\":\"ReadAction\",\"target\":[\"https:\\\/\\\/abd.ong\\\/ca\\\/drogues-i-salut\\\/el-cas-baluard-servei-gestionat-per-abd-rep-lajuda-de-diverses-ongs-i-entitats-per-assegurar-un-apat-calent-a-les-persones-usuaries\\\/\"]}]},{\"@type\":\"ImageObject\",\"inLanguage\":\"ca\",\"@id\":\"https:\\\/\\\/abd.ong\\\/ca\\\/drogues-i-salut\\\/el-cas-baluard-servei-gestionat-per-abd-rep-lajuda-de-diverses-ongs-i-entitats-per-assegurar-un-apat-calent-a-les-persones-usuaries\\\/#primaryimage\",\"url\":\"https:\\\/\\\/abd.ong\\\/wp-content\\\/uploads\\\/2020\\\/03\\\/WhatsApp-Image-2020-03-16-at-17.25.36.jpeg\",\"contentUrl\":\"https:\\\/\\\/abd.ong\\\/wp-content\\\/uploads\\\/2020\\\/03\\\/WhatsApp-Image-2020-03-16-at-17.25.36.jpeg\",\"width\":1200,\"height\":894},{\"@type\":\"BreadcrumbList\",\"@id\":\"https:\\\/\\\/abd.ong\\\/ca\\\/drogues-i-salut\\\/el-cas-baluard-servei-gestionat-per-abd-rep-lajuda-de-diverses-ongs-i-entitats-per-assegurar-un-apat-calent-a-les-persones-usuaries\\\/#breadcrumb\",\"itemListElement\":[{\"@type\":\"ListItem\",\"position\":1,\"name\":\"Inici\",\"item\":\"https:\\\/\\\/abd.ong\\\/ca\\\/\"},{\"@type\":\"ListItem\",\"position\":2,\"name\":\"El CAS Baluard, servei gestionat per ABD, rep l\u2019ajuda de diverses ONGs i entitats per assegurar un \u00e0pat calent a les persones usu\u00e0ries\"}]},{\"@type\":\"WebSite\",\"@id\":\"https:\\\/\\\/abd.ong\\\/ca\\\/#website\",\"url\":\"https:\\\/\\\/abd.ong\\\/ca\\\/\",\"name\":\"ABD\",\"description\":\"Asociaci\u00f3n Bienestar y Desarrollo\",\"publisher\":{\"@id\":\"https:\\\/\\\/abd.ong\\\/ca\\\/#organization\"},\"potentialAction\":[{\"@type\":\"SearchAction\",\"target\":{\"@type\":\"EntryPoint\",\"urlTemplate\":\"https:\\\/\\\/abd.ong\\\/ca\\\/?s={search_term_string}\"},\"query-input\":{\"@type\":\"PropertyValueSpecification\",\"valueRequired\":true,\"valueName\":\"search_term_string\"}}],\"inLanguage\":\"ca\"},{\"@type\":\"Organization\",\"@id\":\"https:\\\/\\\/abd.ong\\\/ca\\\/#organization\",\"name\":\"Associaci\u00f3 Benestar i Desenvolupament\",\"alternateName\":\"ABD\",\"url\":\"https:\\\/\\\/abd.ong\\\/ca\\\/\",\"logo\":{\"@type\":\"ImageObject\",\"inLanguage\":\"ca\",\"@id\":\"https:\\\/\\\/abd.ong\\\/ca\\\/#\\\/schema\\\/logo\\\/image\\\/\",\"url\":\"https:\\\/\\\/abd.ong\\\/wp-content\\\/uploads\\\/2023\\\/01\\\/Icona.png\",\"contentUrl\":\"https:\\\/\\\/abd.ong\\\/wp-content\\\/uploads\\\/2023\\\/01\\\/Icona.png\",\"width\":190,\"height\":187,\"caption\":\"Associaci\u00f3 Benestar i Desenvolupament\"},\"image\":{\"@id\":\"https:\\\/\\\/abd.ong\\\/ca\\\/#\\\/schema\\\/logo\\\/image\\\/\"},\"sameAs\":[\"https:\\\/\\\/www.facebook.com\\\/abd.ong\",\"https:\\\/\\\/x.com\\\/abd_ong\",\"https:\\\/\\\/www.instagram.com\\\/abd_ong\\\/\",\"https:\\\/\\\/www.linkedin.com\\\/company\\\/abdong\",\"https:\\\/\\\/www.youtube.com\\\/user\\\/CANALABD\"]},{\"@type\":\"Person\",\"@id\":\"https:\\\/\\\/abd.ong\\\/ca\\\/#\\\/schema\\\/person\\\/d0f5fe279a7ad908de6a6d1332bfd7d8\",\"name\":\"Enric Guinart\"}]}<\/script>\n<!-- \/ Yoast SEO plugin. -->","yoast_head_json":{"title":"El CAS Baluard, servei gestionat per ABD, rep l\u2019ajuda de diverses ONGs i entitats per assegurar un \u00e0pat calent a les persones usu\u00e0ries - ABD","description":"Aquests dies amb la&nbsp;crisi social que est\u00e0 suposant l\u2019expansi\u00f3 del contagi del Covid-19, les autoritats sanit\u00e0ries estan posant molt d\u2019\u00e8mfasi en la","robots":{"index":"index","follow":"follow","max-snippet":"max-snippet:-1","max-image-preview":"max-image-preview:large","max-video-preview":"max-video-preview:-1"},"canonical":"https:\/\/abd.ong\/ca\/drogues-i-salut\/el-cas-baluard-servei-gestionat-per-abd-rep-lajuda-de-diverses-ongs-i-entitats-per-assegurar-un-apat-calent-a-les-persones-usuaries\/","og_locale":"ca_ES","og_type":"article","og_title":"El CAS Baluard, servei gestionat per ABD, rep l\u2019ajuda de diverses ONGs i entitats per assegurar un \u00e0pat calent a les persones usu\u00e0ries - ABD","og_description":"Aquests dies amb la&nbsp;crisi social que est\u00e0 suposant l\u2019expansi\u00f3 del contagi del Covid-19, les autoritats sanit\u00e0ries estan posant molt d\u2019\u00e8mfasi en la","og_url":"https:\/\/abd.ong\/ca\/drogues-i-salut\/el-cas-baluard-servei-gestionat-per-abd-rep-lajuda-de-diverses-ongs-i-entitats-per-assegurar-un-apat-calent-a-les-persones-usuaries\/","og_site_name":"ABD","article_publisher":"https:\/\/www.facebook.com\/abd.ong","article_published_time":"2020-03-26T10:11:54+00:00","article_modified_time":"2020-03-26T10:12:40+00:00","og_image":[{"width":1200,"height":894,"url":"https:\/\/abd.ong\/wp-content\/uploads\/2020\/03\/WhatsApp-Image-2020-03-16-at-17.25.36.jpeg","type":"image\/jpeg"}],"author":"Enric Guinart","twitter_card":"summary_large_image","twitter_creator":"@abd_ong","twitter_site":"@abd_ong","twitter_misc":{"Escrit per":"Enric Guinart","Temps estimat de lectura":"2 minuts"},"schema":{"@context":"https:\/\/schema.org","@graph":[{"@type":"Article","@id":"https:\/\/abd.ong\/ca\/drogues-i-salut\/el-cas-baluard-servei-gestionat-per-abd-rep-lajuda-de-diverses-ongs-i-entitats-per-assegurar-un-apat-calent-a-les-persones-usuaries\/#article","isPartOf":{"@id":"https:\/\/abd.ong\/ca\/drogues-i-salut\/el-cas-baluard-servei-gestionat-per-abd-rep-lajuda-de-diverses-ongs-i-entitats-per-assegurar-un-apat-calent-a-les-persones-usuaries\/"},"author":{"name":"Enric Guinart","@id":"https:\/\/abd.ong\/ca\/#\/schema\/person\/d0f5fe279a7ad908de6a6d1332bfd7d8"},"headline":"El CAS Baluard, servei gestionat per ABD, rep l\u2019ajuda de diverses ONGs i entitats per assegurar un \u00e0pat calent a les persones usu\u00e0ries","datePublished":"2020-03-26T10:11:54+00:00","dateModified":"2020-03-26T10:12:40+00:00","mainEntityOfPage":{"@id":"https:\/\/abd.ong\/ca\/drogues-i-salut\/el-cas-baluard-servei-gestionat-per-abd-rep-lajuda-de-diverses-ongs-i-entitats-per-assegurar-un-apat-calent-a-les-persones-usuaries\/"},"wordCount":422,"publisher":{"@id":"https:\/\/abd.ong\/ca\/#organization"},"image":{"@id":"https:\/\/abd.ong\/ca\/drogues-i-salut\/el-cas-baluard-servei-gestionat-per-abd-rep-lajuda-de-diverses-ongs-i-entitats-per-assegurar-un-apat-calent-a-les-persones-usuaries\/#primaryimage"},"thumbnailUrl":"https:\/\/abd.ong\/wp-content\/uploads\/2020\/03\/WhatsApp-Image-2020-03-16-at-17.25.36.jpeg","keywords":["CAS Baluard","Covid19","donacions aliments","entitats socials","ONG"],"articleSection":["Drogues i salut"],"inLanguage":"ca"},{"@type":"WebPage","@id":"https:\/\/abd.ong\/ca\/drogues-i-salut\/el-cas-baluard-servei-gestionat-per-abd-rep-lajuda-de-diverses-ongs-i-entitats-per-assegurar-un-apat-calent-a-les-persones-usuaries\/","url":"https:\/\/abd.ong\/ca\/drogues-i-salut\/el-cas-baluard-servei-gestionat-per-abd-rep-lajuda-de-diverses-ongs-i-entitats-per-assegurar-un-apat-calent-a-les-persones-usuaries\/","name":"El CAS Baluard, servei gestionat per ABD, rep l\u2019ajuda de diverses ONGs i entitats per assegurar un \u00e0pat calent a les persones usu\u00e0ries - ABD","isPartOf":{"@id":"https:\/\/abd.ong\/ca\/#website"},"primaryImageOfPage":{"@id":"https:\/\/abd.ong\/ca\/drogues-i-salut\/el-cas-baluard-servei-gestionat-per-abd-rep-lajuda-de-diverses-ongs-i-entitats-per-assegurar-un-apat-calent-a-les-persones-usuaries\/#primaryimage"},"image":{"@id":"https:\/\/abd.ong\/ca\/drogues-i-salut\/el-cas-baluard-servei-gestionat-per-abd-rep-lajuda-de-diverses-ongs-i-entitats-per-assegurar-un-apat-calent-a-les-persones-usuaries\/#primaryimage"},"thumbnailUrl":"https:\/\/abd.ong\/wp-content\/uploads\/2020\/03\/WhatsApp-Image-2020-03-16-at-17.25.36.jpeg","datePublished":"2020-03-26T10:11:54+00:00","dateModified":"2020-03-26T10:12:40+00:00","description":"Aquests dies amb la&nbsp;crisi social que est\u00e0 suposant l\u2019expansi\u00f3 del contagi del Covid-19, les autoritats sanit\u00e0ries estan posant molt d\u2019\u00e8mfasi en la","breadcrumb":{"@id":"https:\/\/abd.ong\/ca\/drogues-i-salut\/el-cas-baluard-servei-gestionat-per-abd-rep-lajuda-de-diverses-ongs-i-entitats-per-assegurar-un-apat-calent-a-les-persones-usuaries\/#breadcrumb"},"inLanguage":"ca","potentialAction":[{"@type":"ReadAction","target":["https:\/\/abd.ong\/ca\/drogues-i-salut\/el-cas-baluard-servei-gestionat-per-abd-rep-lajuda-de-diverses-ongs-i-entitats-per-assegurar-un-apat-calent-a-les-persones-usuaries\/"]}]},{"@type":"ImageObject","inLanguage":"ca","@id":"https:\/\/abd.ong\/ca\/drogues-i-salut\/el-cas-baluard-servei-gestionat-per-abd-rep-lajuda-de-diverses-ongs-i-entitats-per-assegurar-un-apat-calent-a-les-persones-usuaries\/#primaryimage","url":"https:\/\/abd.ong\/wp-content\/uploads\/2020\/03\/WhatsApp-Image-2020-03-16-at-17.25.36.jpeg","contentUrl":"https:\/\/abd.ong\/wp-content\/uploads\/2020\/03\/WhatsApp-Image-2020-03-16-at-17.25.36.jpeg","width":1200,"height":894},{"@type":"BreadcrumbList","@id":"https:\/\/abd.ong\/ca\/drogues-i-salut\/el-cas-baluard-servei-gestionat-per-abd-rep-lajuda-de-diverses-ongs-i-entitats-per-assegurar-un-apat-calent-a-les-persones-usuaries\/#breadcrumb","itemListElement":[{"@type":"ListItem","position":1,"name":"Inici","item":"https:\/\/abd.ong\/ca\/"},{"@type":"ListItem","position":2,"name":"El CAS Baluard, servei gestionat per ABD, rep l\u2019ajuda de diverses ONGs i entitats per assegurar un \u00e0pat calent a les persones usu\u00e0ries"}]},{"@type":"WebSite","@id":"https:\/\/abd.ong\/ca\/#website","url":"https:\/\/abd.ong\/ca\/","name":"ABD","description":"Asociaci\u00f3n Bienestar y Desarrollo","publisher":{"@id":"https:\/\/abd.ong\/ca\/#organization"},"potentialAction":[{"@type":"SearchAction","target":{"@type":"EntryPoint","urlTemplate":"https:\/\/abd.ong\/ca\/?s={search_term_string}"},"query-input":{"@type":"PropertyValueSpecification","valueRequired":true,"valueName":"search_term_string"}}],"inLanguage":"ca"},{"@type":"Organization","@id":"https:\/\/abd.ong\/ca\/#organization","name":"Associaci\u00f3 Benestar i Desenvolupament","alternateName":"ABD","url":"https:\/\/abd.ong\/ca\/","logo":{"@type":"ImageObject","inLanguage":"ca","@id":"https:\/\/abd.ong\/ca\/#\/schema\/logo\/image\/","url":"https:\/\/abd.ong\/wp-content\/uploads\/2023\/01\/Icona.png","contentUrl":"https:\/\/abd.ong\/wp-content\/uploads\/2023\/01\/Icona.png","width":190,"height":187,"caption":"Associaci\u00f3 Benestar i Desenvolupament"},"image":{"@id":"https:\/\/abd.ong\/ca\/#\/schema\/logo\/image\/"},"sameAs":["https:\/\/www.facebook.com\/abd.ong","https:\/\/x.com\/abd_ong","https:\/\/www.instagram.com\/abd_ong\/","https:\/\/www.linkedin.com\/company\/abdong","https:\/\/www.youtube.com\/user\/CANALABD"]},{"@type":"Person","@id":"https:\/\/abd.ong\/ca\/#\/schema\/person\/d0f5fe279a7ad908de6a6d1332bfd7d8","name":"Enric Guinart"}]}},"_links":{"self":[{"href":"https:\/\/abd.ong\/ca\/wp-json\/wp\/v2\/posts\/14551","targetHints":{"allow":["GET"]}}],"collection":[{"href":"https:\/\/abd.ong\/ca\/wp-json\/wp\/v2\/posts"}],"about":[{"href":"https:\/\/abd.ong\/ca\/wp-json\/wp\/v2\/types\/post"}],"author":[{"embeddable":true,"href":"https:\/\/abd.ong\/ca\/wp-json\/wp\/v2\/users\/2"}],"replies":[{"embeddable":true,"href":"https:\/\/abd.ong\/ca\/wp-json\/wp\/v2\/comments?post=14551"}],"version-history":[{"count":2,"href":"https:\/\/abd.ong\/ca\/wp-json\/wp\/v2\/posts\/14551\/revisions"}],"predecessor-version":[{"id":14553,"href":"https:\/\/abd.ong\/ca\/wp-json\/wp\/v2\/posts\/14551\/revisions\/14553"}],"wp:featuredmedia":[{"embeddable":true,"href":"https:\/\/abd.ong\/ca\/wp-json\/wp\/v2\/media\/14548"}],"wp:attachment":[{"href":"https:\/\/abd.ong\/ca\/wp-json\/wp\/v2\/media?parent=14551"}],"wp:term":[{"taxonomy":"category","embeddable":true,"href":"https:\/\/abd.ong\/ca\/wp-json\/wp\/v2\/categories?post=14551"},{"taxonomy":"post_tag","embeddable":true,"href":"https:\/\/abd.ong\/ca\/wp-json\/wp\/v2\/tags?post=14551"}],"curies":[{"name":"wp","href":"https:\/\/api.w.org\/{rel}","templated":true}]}}