{"id":14394,"date":"2019-11-27T17:35:22","date_gmt":"2019-11-27T16:35:22","guid":{"rendered":"https:\/\/abd.ong\/?p=14394"},"modified":"2021-02-17T19:34:56","modified_gmt":"2021-02-17T18:34:56","slug":"abd-als-mitjans-de-comunicacio-al-novembre","status":"publish","type":"post","link":"https:\/\/abd.ong\/ca\/general-ca\/abd-als-mitjans-de-comunicacio-al-novembre\/","title":{"rendered":"ABD als mitjans de comunicaci\u00f3 al novembre"},"content":{"rendered":"\n<p>L&#8217;<strong><a href=\"https:\/\/abd.ong\">Associaci\u00f3 Benestar i Desenvolupament (ABD)<\/a><\/strong> ha estat present en els mitjans de comunicaci\u00f3 durant aquest mes de novembre. A continuaci\u00f3, el resum de premsa de les diverses not\u00edcies, articles i reportatges als quals hem format part com a entitat.<\/p>\n\n\n\n<p><strong>06\/11\/2019 \u2013 Diari ARA<\/strong><\/p>\n\n\n\n<p><em>La coeducaci\u00f3n debe ser \u00abuna apuesta estructural y transversal en todo el contenido curricular\u00bb, subraya Bet Canal, coordinadora del programa educativo con perspectiva de g\u00e9nero de ABD<\/em><\/p>\n\n\n\n<p><a href=\"https:\/\/www.ara.cat\/societat\/lgtbi-fobia-aules-nens-adolescents-mirall-problema-societat-recursos-tercer-sector-coeducacio_1_1152513.html\">La LGTBIfobia en el aula es un reflejo de lo que es nuestra sociedad<\/a><\/p>\n\n\n\n<p><strong>06\/11\/2019 \u2013 TV3<\/strong><\/p>\n\n\n\n<p><em>Cr\u00f3nica del debate sobre LGTIfobia<\/em><\/p>\n\n\n\n<p><a href=\"https:\/\/www.ccma.cat\/tv3\/alacarta\/telenoticies\/telenoticies-vespre-05112019\/video\/5953386\/?utm_source=RecullPremsaTaula&amp;utm_medium=butlleti&amp;utm_campaign=RecullPremsaTaula243006112019\">\u2018LGBTIfobia entre ni\u00f1os y adolescentes. Una problem\u00e1tica social a resolverse\u2019<\/a><\/p>\n\n\n\n<p><strong>16\/11\/2019 \u2013 Catalunya R\u00e0dio<\/strong><\/p>\n\n\n\n<p><em>Testimonio de una persona usuaria del programa Preinfant. Doble superviviente, dos veces v\u00edctima: del maltrato de su padre, pero tambi\u00e9n de su ex marido<\/em><\/p>\n\n\n\n<p><a href=\"https:\/\/www.ccma.cat\/catradio\/alacarta\/solidaris\/els-fills-de-la-violencia-masclista-les-victimes-invisibles\/audio\/1054163\/\">Los hijos de la violencia machista, las v\u00edctimas invisibles<\/a><\/p>\n\n\n\n<p><strong>18\/11\/2019 \u2013 ElPuntAvui<\/strong><\/p>\n\n\n\n<p><em>Art\u00edculo de Carme Calafat, directora de la \u00c1rea de Infancia y Familia, en motivo del D\u00eda Internacional de la Infancia<\/em><\/p>\n\n\n\n<p><a href=\"http:\/\/www.elpuntavui.cat\/societat\/article\/5-societat\/1697102-i-els-infants-i-adolescents-amb-trastorn-mental.html\">\u00bfY los ni\u00f1os y adolescentes con trastorno mental?<\/a><\/p>\n\n\n\n<p><strong>20\/11\/2019 \u2013 El Espectador<\/strong><\/p>\n\n\n\n<p><em>Sobre la \u00faltima encuesta global sobre drogas (The Global Drug Survey), elaborada por The Guardian y The Huffington Post en alianza con Energy Control, Drug Reporter y la Corporaci\u00f3n Acci\u00f3n T\u00e9cnica Social (ATS) en Colombia.<\/em><\/p>\n\n\n\n<p><a href=\"https:\/\/www.elespectador.com\/noticias\/actualidad\/profesores-un-eslabon-clave-en-la-prevencion-del-consumo-de-drogas\/\">Profesores, un eslab\u00f3n clave en la prevenci\u00f3n del consumo de drogas<\/a><\/p>\n\n\n\n<p><strong>25\/11\/2019 \u2013 TV3<\/strong><\/p>\n\n\n\n<p><em>El Servicio de Intervenci\u00f3n Especializada para las v\u00edctimas de violencia machista del Barcelona, gestionado por la Asociaci\u00f3n Bienestar y Desarrollo, dispone de un equipo pluridisciplinar que las ayuda y las acompa\u00f1a en su proceso de recuperaci\u00f3n.<\/em><\/p>\n\n\n\n<p><a href=\"https:\/\/www.ccma.cat\/tv3\/alacarta\/telenoticies\/mhan-obert-els-ulls-i-la-ment-per-estimar-me-explica-una-supervivent-de-violencia-masclista\/video\/5967156\/\">\u00abMe han abierto los ojos y la mente para amarme\u00bb, explica una superviviente de violencia machista<\/a><\/p>\n\n\n\n<p><strong>26\/11\/2019 \u2013 La Vanguardia<\/strong><\/p>\n\n\n\n<p><em>La salud de las personas desempleadas empeora a medida que se alarga el tiempo en situaci\u00f3n de paro, lo que a su vez dificulta reincorporarse al mercado laboral, seg\u00fan un estudio realizado por la Asociaci\u00f3n de Bienestar y Desarrollo (ABD)<\/em><\/p>\n\n\n\n<p><a href=\"https:\/\/www.lavanguardia.com\/vida\/20191126\/471884137193\/la-salud-de-las-personas-desempleadas-empeora-a-medida-que-se-alarga-el-paro.html\">La salud de las personas desempleadas empeora a medida que se alarga el paro<\/a><\/p>\n\n\n\n<p><strong>26\/11\/2019 \u2013 Xarxanet<\/strong><\/p>\n\n\n\n<p><em>El informe \u2018Desocupaci\u00f3n, salud y bienestar\u2019, presentado en el marco de una jornada organizada por la Asociaci\u00f3n Bienestar y Desarrollo (ABD), alerta que el impacto negativo del desempleo es mayor en sectores de poblaci\u00f3n socialmente desfavorables.<\/em><\/p>\n\n\n\n<p><a href=\"https:\/\/xarxanet.org\/comunitari\/noticies\/linforme-atur-salut-i-benestar-destaca-el-potencial-de-la-insercio-sociolaboral\">Las estrategias comunitarias mejoran la vida de las personas desempleadas<\/a><\/p>\n\n\n\n<p><strong>27\/11\/2019 \u2013 Social.cat<\/strong><\/p>\n\n\n\n<p><em>Un estudio de la Asociaci\u00f3n ABD concluye que el impacto del desempleo es m\u00e1s negativo en los sectores de poblaci\u00f3n m\u00e1s desfavorecidos<\/em><\/p>\n\n\n\n<p><a href=\"https:\/\/www.social.cat\/noticia\/11121\/els-serveis-dinsercio-laboral-comunitaris-milloren-la-qualitat-de-vida-de-les-persones-a-l\">Los servicios de inserci\u00f3n laboral comunitarios mejoran la calidad de vida de las personas en paro<\/a><\/p>\n","protected":false},"excerpt":{"rendered":"<p>L&#8217;Associaci\u00f3 Benestar i Desenvolupament (ABD) ha estat present en els mitjans de comunicaci\u00f3 durant aquest mes de novembre. A continuaci\u00f3, el resum de premsa de les diverses not\u00edcies, articles i&hellip;<\/p>\n","protected":false},"author":2,"featured_media":13615,"comment_status":"closed","ping_status":"closed","sticky":false,"template":"","format":"standard","meta":{"_acf_changed":false,"footnotes":""},"categories":[66],"tags":[119,1705,435],"class_list":["post-14394","post","type-post","status-publish","format-standard","has-post-thumbnail","hentry","category-general-ca","tag-abd","tag-impactes-premsa","tag-mitjans-de-comunicacio","ods-aliances-per-assolir-els-objectius","right-dret-a-la-llibertat-dexpressio"],"acf":[],"yoast_head":"<!-- This site is optimized with the Yoast SEO plugin v27.4 - https:\/\/yoast.com\/product\/yoast-seo-wordpress\/ -->\n<title>ABD als mitjans de comunicaci\u00f3 al novembre - ABD<\/title>\n<meta name=\"description\" content=\"L&#039;Associaci\u00f3 Benestar i Desenvolupament (ABD) ha estat present en els mitjans de comunicaci\u00f3 durant aquest mes de novembre. A continuaci\u00f3, el resum de\" \/>\n<meta name=\"robots\" content=\"index, follow, max-snippet:-1, max-image-preview:large, max-video-preview:-1\" \/>\n<link rel=\"canonical\" href=\"https:\/\/abd.ong\/ca\/general-ca\/abd-als-mitjans-de-comunicacio-al-novembre\/\" \/>\n<meta property=\"og:locale\" content=\"ca_ES\" \/>\n<meta property=\"og:type\" content=\"article\" \/>\n<meta property=\"og:title\" content=\"ABD als mitjans de comunicaci\u00f3 al novembre - ABD\" \/>\n<meta property=\"og:description\" content=\"L&#039;Associaci\u00f3 Benestar i Desenvolupament (ABD) ha estat present en els mitjans de comunicaci\u00f3 durant aquest mes de novembre. A continuaci\u00f3, el resum de\" \/>\n<meta property=\"og:url\" content=\"https:\/\/abd.ong\/ca\/general-ca\/abd-als-mitjans-de-comunicacio-al-novembre\/\" \/>\n<meta property=\"og:site_name\" content=\"ABD\" \/>\n<meta property=\"article:publisher\" content=\"https:\/\/www.facebook.com\/abd.ong\" \/>\n<meta property=\"article:published_time\" content=\"2019-11-27T16:35:22+00:00\" \/>\n<meta property=\"article:modified_time\" content=\"2021-02-17T18:34:56+00:00\" \/>\n<meta property=\"og:image\" content=\"https:\/\/abd.ong\/wp-content\/uploads\/2020\/02\/old-tv-1149416_1920.jpg\" \/>\n\t<meta property=\"og:image:width\" content=\"1919\" \/>\n\t<meta property=\"og:image:height\" content=\"977\" \/>\n\t<meta property=\"og:image:type\" content=\"image\/jpeg\" \/>\n<meta name=\"author\" content=\"Enric Guinart\" \/>\n<meta name=\"twitter:card\" content=\"summary_large_image\" \/>\n<meta name=\"twitter:creator\" content=\"@abd_ong\" \/>\n<meta name=\"twitter:site\" content=\"@abd_ong\" \/>\n<meta name=\"twitter:label1\" content=\"Escrit per\" \/>\n\t<meta name=\"twitter:data1\" content=\"Enric Guinart\" \/>\n\t<meta name=\"twitter:label2\" content=\"Temps estimat de lectura\" \/>\n\t<meta name=\"twitter:data2\" content=\"2 minuts\" \/>\n<script type=\"application\/ld+json\" class=\"yoast-schema-graph\">{\"@context\":\"https:\\\/\\\/schema.org\",\"@graph\":[{\"@type\":\"Article\",\"@id\":\"https:\\\/\\\/abd.ong\\\/ca\\\/general-ca\\\/abd-als-mitjans-de-comunicacio-al-novembre\\\/#article\",\"isPartOf\":{\"@id\":\"https:\\\/\\\/abd.ong\\\/ca\\\/general-ca\\\/abd-als-mitjans-de-comunicacio-al-novembre\\\/\"},\"author\":{\"name\":\"Enric Guinart\",\"@id\":\"https:\\\/\\\/abd.ong\\\/ca\\\/#\\\/schema\\\/person\\\/d0f5fe279a7ad908de6a6d1332bfd7d8\"},\"headline\":\"ABD als mitjans de comunicaci\u00f3 al novembre\",\"datePublished\":\"2019-11-27T16:35:22+00:00\",\"dateModified\":\"2021-02-17T18:34:56+00:00\",\"mainEntityOfPage\":{\"@id\":\"https:\\\/\\\/abd.ong\\\/ca\\\/general-ca\\\/abd-als-mitjans-de-comunicacio-al-novembre\\\/\"},\"wordCount\":448,\"publisher\":{\"@id\":\"https:\\\/\\\/abd.ong\\\/ca\\\/#organization\"},\"image\":{\"@id\":\"https:\\\/\\\/abd.ong\\\/ca\\\/general-ca\\\/abd-als-mitjans-de-comunicacio-al-novembre\\\/#primaryimage\"},\"thumbnailUrl\":\"https:\\\/\\\/abd.ong\\\/wp-content\\\/uploads\\\/2020\\\/02\\\/old-tv-1149416_1920.jpg\",\"keywords\":[\"ABD\",\"impactes premsa\",\"mitjans de comunicaci\u00f3\"],\"articleSection\":[\"General\"],\"inLanguage\":\"ca\"},{\"@type\":\"WebPage\",\"@id\":\"https:\\\/\\\/abd.ong\\\/ca\\\/general-ca\\\/abd-als-mitjans-de-comunicacio-al-novembre\\\/\",\"url\":\"https:\\\/\\\/abd.ong\\\/ca\\\/general-ca\\\/abd-als-mitjans-de-comunicacio-al-novembre\\\/\",\"name\":\"ABD als mitjans de comunicaci\u00f3 al novembre - ABD\",\"isPartOf\":{\"@id\":\"https:\\\/\\\/abd.ong\\\/ca\\\/#website\"},\"primaryImageOfPage\":{\"@id\":\"https:\\\/\\\/abd.ong\\\/ca\\\/general-ca\\\/abd-als-mitjans-de-comunicacio-al-novembre\\\/#primaryimage\"},\"image\":{\"@id\":\"https:\\\/\\\/abd.ong\\\/ca\\\/general-ca\\\/abd-als-mitjans-de-comunicacio-al-novembre\\\/#primaryimage\"},\"thumbnailUrl\":\"https:\\\/\\\/abd.ong\\\/wp-content\\\/uploads\\\/2020\\\/02\\\/old-tv-1149416_1920.jpg\",\"datePublished\":\"2019-11-27T16:35:22+00:00\",\"dateModified\":\"2021-02-17T18:34:56+00:00\",\"description\":\"L'Associaci\u00f3 Benestar i Desenvolupament (ABD) ha estat present en els mitjans de comunicaci\u00f3 durant aquest mes de novembre. A continuaci\u00f3, el resum de\",\"breadcrumb\":{\"@id\":\"https:\\\/\\\/abd.ong\\\/ca\\\/general-ca\\\/abd-als-mitjans-de-comunicacio-al-novembre\\\/#breadcrumb\"},\"inLanguage\":\"ca\",\"potentialAction\":[{\"@type\":\"ReadAction\",\"target\":[\"https:\\\/\\\/abd.ong\\\/ca\\\/general-ca\\\/abd-als-mitjans-de-comunicacio-al-novembre\\\/\"]}]},{\"@type\":\"ImageObject\",\"inLanguage\":\"ca\",\"@id\":\"https:\\\/\\\/abd.ong\\\/ca\\\/general-ca\\\/abd-als-mitjans-de-comunicacio-al-novembre\\\/#primaryimage\",\"url\":\"https:\\\/\\\/abd.ong\\\/wp-content\\\/uploads\\\/2020\\\/02\\\/old-tv-1149416_1920.jpg\",\"contentUrl\":\"https:\\\/\\\/abd.ong\\\/wp-content\\\/uploads\\\/2020\\\/02\\\/old-tv-1149416_1920.jpg\",\"width\":1919,\"height\":977,\"caption\":\"Tele vieja con libros\"},{\"@type\":\"BreadcrumbList\",\"@id\":\"https:\\\/\\\/abd.ong\\\/ca\\\/general-ca\\\/abd-als-mitjans-de-comunicacio-al-novembre\\\/#breadcrumb\",\"itemListElement\":[{\"@type\":\"ListItem\",\"position\":1,\"name\":\"Inici\",\"item\":\"https:\\\/\\\/abd.ong\\\/ca\\\/\"},{\"@type\":\"ListItem\",\"position\":2,\"name\":\"ABD als mitjans de comunicaci\u00f3 al novembre\"}]},{\"@type\":\"WebSite\",\"@id\":\"https:\\\/\\\/abd.ong\\\/ca\\\/#website\",\"url\":\"https:\\\/\\\/abd.ong\\\/ca\\\/\",\"name\":\"ABD\",\"description\":\"Asociaci\u00f3n Bienestar y Desarrollo\",\"publisher\":{\"@id\":\"https:\\\/\\\/abd.ong\\\/ca\\\/#organization\"},\"potentialAction\":[{\"@type\":\"SearchAction\",\"target\":{\"@type\":\"EntryPoint\",\"urlTemplate\":\"https:\\\/\\\/abd.ong\\\/ca\\\/?s={search_term_string}\"},\"query-input\":{\"@type\":\"PropertyValueSpecification\",\"valueRequired\":true,\"valueName\":\"search_term_string\"}}],\"inLanguage\":\"ca\"},{\"@type\":\"Organization\",\"@id\":\"https:\\\/\\\/abd.ong\\\/ca\\\/#organization\",\"name\":\"Associaci\u00f3 Benestar i Desenvolupament\",\"alternateName\":\"ABD\",\"url\":\"https:\\\/\\\/abd.ong\\\/ca\\\/\",\"logo\":{\"@type\":\"ImageObject\",\"inLanguage\":\"ca\",\"@id\":\"https:\\\/\\\/abd.ong\\\/ca\\\/#\\\/schema\\\/logo\\\/image\\\/\",\"url\":\"https:\\\/\\\/abd.ong\\\/wp-content\\\/uploads\\\/2023\\\/01\\\/Icona.png\",\"contentUrl\":\"https:\\\/\\\/abd.ong\\\/wp-content\\\/uploads\\\/2023\\\/01\\\/Icona.png\",\"width\":190,\"height\":187,\"caption\":\"Associaci\u00f3 Benestar i Desenvolupament\"},\"image\":{\"@id\":\"https:\\\/\\\/abd.ong\\\/ca\\\/#\\\/schema\\\/logo\\\/image\\\/\"},\"sameAs\":[\"https:\\\/\\\/www.facebook.com\\\/abd.ong\",\"https:\\\/\\\/x.com\\\/abd_ong\",\"https:\\\/\\\/www.instagram.com\\\/abd_ong\\\/\",\"https:\\\/\\\/www.linkedin.com\\\/company\\\/abdong\",\"https:\\\/\\\/www.youtube.com\\\/user\\\/CANALABD\"]},{\"@type\":\"Person\",\"@id\":\"https:\\\/\\\/abd.ong\\\/ca\\\/#\\\/schema\\\/person\\\/d0f5fe279a7ad908de6a6d1332bfd7d8\",\"name\":\"Enric Guinart\"}]}<\/script>\n<!-- \/ Yoast SEO plugin. -->","yoast_head_json":{"title":"ABD als mitjans de comunicaci\u00f3 al novembre - ABD","description":"L'Associaci\u00f3 Benestar i Desenvolupament (ABD) ha estat present en els mitjans de comunicaci\u00f3 durant aquest mes de novembre. A continuaci\u00f3, el resum de","robots":{"index":"index","follow":"follow","max-snippet":"max-snippet:-1","max-image-preview":"max-image-preview:large","max-video-preview":"max-video-preview:-1"},"canonical":"https:\/\/abd.ong\/ca\/general-ca\/abd-als-mitjans-de-comunicacio-al-novembre\/","og_locale":"ca_ES","og_type":"article","og_title":"ABD als mitjans de comunicaci\u00f3 al novembre - ABD","og_description":"L'Associaci\u00f3 Benestar i Desenvolupament (ABD) ha estat present en els mitjans de comunicaci\u00f3 durant aquest mes de novembre. A continuaci\u00f3, el resum de","og_url":"https:\/\/abd.ong\/ca\/general-ca\/abd-als-mitjans-de-comunicacio-al-novembre\/","og_site_name":"ABD","article_publisher":"https:\/\/www.facebook.com\/abd.ong","article_published_time":"2019-11-27T16:35:22+00:00","article_modified_time":"2021-02-17T18:34:56+00:00","og_image":[{"width":1919,"height":977,"url":"https:\/\/abd.ong\/wp-content\/uploads\/2020\/02\/old-tv-1149416_1920.jpg","type":"image\/jpeg"}],"author":"Enric Guinart","twitter_card":"summary_large_image","twitter_creator":"@abd_ong","twitter_site":"@abd_ong","twitter_misc":{"Escrit per":"Enric Guinart","Temps estimat de lectura":"2 minuts"},"schema":{"@context":"https:\/\/schema.org","@graph":[{"@type":"Article","@id":"https:\/\/abd.ong\/ca\/general-ca\/abd-als-mitjans-de-comunicacio-al-novembre\/#article","isPartOf":{"@id":"https:\/\/abd.ong\/ca\/general-ca\/abd-als-mitjans-de-comunicacio-al-novembre\/"},"author":{"name":"Enric Guinart","@id":"https:\/\/abd.ong\/ca\/#\/schema\/person\/d0f5fe279a7ad908de6a6d1332bfd7d8"},"headline":"ABD als mitjans de comunicaci\u00f3 al novembre","datePublished":"2019-11-27T16:35:22+00:00","dateModified":"2021-02-17T18:34:56+00:00","mainEntityOfPage":{"@id":"https:\/\/abd.ong\/ca\/general-ca\/abd-als-mitjans-de-comunicacio-al-novembre\/"},"wordCount":448,"publisher":{"@id":"https:\/\/abd.ong\/ca\/#organization"},"image":{"@id":"https:\/\/abd.ong\/ca\/general-ca\/abd-als-mitjans-de-comunicacio-al-novembre\/#primaryimage"},"thumbnailUrl":"https:\/\/abd.ong\/wp-content\/uploads\/2020\/02\/old-tv-1149416_1920.jpg","keywords":["ABD","impactes premsa","mitjans de comunicaci\u00f3"],"articleSection":["General"],"inLanguage":"ca"},{"@type":"WebPage","@id":"https:\/\/abd.ong\/ca\/general-ca\/abd-als-mitjans-de-comunicacio-al-novembre\/","url":"https:\/\/abd.ong\/ca\/general-ca\/abd-als-mitjans-de-comunicacio-al-novembre\/","name":"ABD als mitjans de comunicaci\u00f3 al novembre - ABD","isPartOf":{"@id":"https:\/\/abd.ong\/ca\/#website"},"primaryImageOfPage":{"@id":"https:\/\/abd.ong\/ca\/general-ca\/abd-als-mitjans-de-comunicacio-al-novembre\/#primaryimage"},"image":{"@id":"https:\/\/abd.ong\/ca\/general-ca\/abd-als-mitjans-de-comunicacio-al-novembre\/#primaryimage"},"thumbnailUrl":"https:\/\/abd.ong\/wp-content\/uploads\/2020\/02\/old-tv-1149416_1920.jpg","datePublished":"2019-11-27T16:35:22+00:00","dateModified":"2021-02-17T18:34:56+00:00","description":"L'Associaci\u00f3 Benestar i Desenvolupament (ABD) ha estat present en els mitjans de comunicaci\u00f3 durant aquest mes de novembre. A continuaci\u00f3, el resum de","breadcrumb":{"@id":"https:\/\/abd.ong\/ca\/general-ca\/abd-als-mitjans-de-comunicacio-al-novembre\/#breadcrumb"},"inLanguage":"ca","potentialAction":[{"@type":"ReadAction","target":["https:\/\/abd.ong\/ca\/general-ca\/abd-als-mitjans-de-comunicacio-al-novembre\/"]}]},{"@type":"ImageObject","inLanguage":"ca","@id":"https:\/\/abd.ong\/ca\/general-ca\/abd-als-mitjans-de-comunicacio-al-novembre\/#primaryimage","url":"https:\/\/abd.ong\/wp-content\/uploads\/2020\/02\/old-tv-1149416_1920.jpg","contentUrl":"https:\/\/abd.ong\/wp-content\/uploads\/2020\/02\/old-tv-1149416_1920.jpg","width":1919,"height":977,"caption":"Tele vieja con libros"},{"@type":"BreadcrumbList","@id":"https:\/\/abd.ong\/ca\/general-ca\/abd-als-mitjans-de-comunicacio-al-novembre\/#breadcrumb","itemListElement":[{"@type":"ListItem","position":1,"name":"Inici","item":"https:\/\/abd.ong\/ca\/"},{"@type":"ListItem","position":2,"name":"ABD als mitjans de comunicaci\u00f3 al novembre"}]},{"@type":"WebSite","@id":"https:\/\/abd.ong\/ca\/#website","url":"https:\/\/abd.ong\/ca\/","name":"ABD","description":"Asociaci\u00f3n Bienestar y Desarrollo","publisher":{"@id":"https:\/\/abd.ong\/ca\/#organization"},"potentialAction":[{"@type":"SearchAction","target":{"@type":"EntryPoint","urlTemplate":"https:\/\/abd.ong\/ca\/?s={search_term_string}"},"query-input":{"@type":"PropertyValueSpecification","valueRequired":true,"valueName":"search_term_string"}}],"inLanguage":"ca"},{"@type":"Organization","@id":"https:\/\/abd.ong\/ca\/#organization","name":"Associaci\u00f3 Benestar i Desenvolupament","alternateName":"ABD","url":"https:\/\/abd.ong\/ca\/","logo":{"@type":"ImageObject","inLanguage":"ca","@id":"https:\/\/abd.ong\/ca\/#\/schema\/logo\/image\/","url":"https:\/\/abd.ong\/wp-content\/uploads\/2023\/01\/Icona.png","contentUrl":"https:\/\/abd.ong\/wp-content\/uploads\/2023\/01\/Icona.png","width":190,"height":187,"caption":"Associaci\u00f3 Benestar i Desenvolupament"},"image":{"@id":"https:\/\/abd.ong\/ca\/#\/schema\/logo\/image\/"},"sameAs":["https:\/\/www.facebook.com\/abd.ong","https:\/\/x.com\/abd_ong","https:\/\/www.instagram.com\/abd_ong\/","https:\/\/www.linkedin.com\/company\/abdong","https:\/\/www.youtube.com\/user\/CANALABD"]},{"@type":"Person","@id":"https:\/\/abd.ong\/ca\/#\/schema\/person\/d0f5fe279a7ad908de6a6d1332bfd7d8","name":"Enric Guinart"}]}},"_links":{"self":[{"href":"https:\/\/abd.ong\/ca\/wp-json\/wp\/v2\/posts\/14394","targetHints":{"allow":["GET"]}}],"collection":[{"href":"https:\/\/abd.ong\/ca\/wp-json\/wp\/v2\/posts"}],"about":[{"href":"https:\/\/abd.ong\/ca\/wp-json\/wp\/v2\/types\/post"}],"author":[{"embeddable":true,"href":"https:\/\/abd.ong\/ca\/wp-json\/wp\/v2\/users\/2"}],"replies":[{"embeddable":true,"href":"https:\/\/abd.ong\/ca\/wp-json\/wp\/v2\/comments?post=14394"}],"version-history":[{"count":3,"href":"https:\/\/abd.ong\/ca\/wp-json\/wp\/v2\/posts\/14394\/revisions"}],"predecessor-version":[{"id":20463,"href":"https:\/\/abd.ong\/ca\/wp-json\/wp\/v2\/posts\/14394\/revisions\/20463"}],"wp:featuredmedia":[{"embeddable":true,"href":"https:\/\/abd.ong\/ca\/wp-json\/wp\/v2\/media\/13615"}],"wp:attachment":[{"href":"https:\/\/abd.ong\/ca\/wp-json\/wp\/v2\/media?parent=14394"}],"wp:term":[{"taxonomy":"category","embeddable":true,"href":"https:\/\/abd.ong\/ca\/wp-json\/wp\/v2\/categories?post=14394"},{"taxonomy":"post_tag","embeddable":true,"href":"https:\/\/abd.ong\/ca\/wp-json\/wp\/v2\/tags?post=14394"}],"curies":[{"name":"wp","href":"https:\/\/api.w.org\/{rel}","templated":true}]}}