{"id":14352,"date":"2020-03-09T16:23:48","date_gmt":"2020-03-09T15:23:48","guid":{"rendered":"https:\/\/abd.ong\/?p=14352"},"modified":"2020-03-11T17:00:19","modified_gmt":"2020-03-11T16:00:19","slug":"estrenem-en-exclusiva-el-documental-la-vida-despres-amb-motiu-del-dia-internacional-de-la-dona","status":"publish","type":"post","link":"https:\/\/abd.ong\/ca\/infancia-i-familia\/estrenem-en-exclusiva-el-documental-la-vida-despres-amb-motiu-del-dia-internacional-de-la-dona\/","title":{"rendered":"Estrenem en exclusiva el documental \u201cLa vida despr\u00e9s\u201d amb motiu del Dia Internacional de la Dona"},"content":{"rendered":"\n<p>(<a href=\"https:\/\/www.youtube.com\/watch?v=s7gB03lTWV4\"><strong>VEURE EL DOCUMENTAL<\/strong><\/a>)<\/p>\n\n\n\n<p>En el marc dels actes commemoratius del&nbsp;<strong>Dia Internacional de la Dona,<\/strong>&nbsp;des de l\u2019Associaci\u00f3 Benestar i Desenvolupament ABD avui estrenem en exclusiva el&nbsp;<a href=\"https:\/\/www.youtube.com\/watch?v=s7gB03lTWV4\"><strong>documental&nbsp;<em>\u201cLa vida despr\u00e9s\u201d<\/em><\/strong><\/a>, un retrat de la vida m\u00e9s enll\u00e0 de la pres\u00f3 de tres dones de El Salvador que van ser empresonades per haver patit un part extrahospitalari. El treball cinematogr\u00e0fic s\u2019fa fet public avui a les 10h hores al&nbsp;<a href=\"https:\/\/www.youtube.com\/user\/CANALABD\/\">nostre canal de Youtube<\/a><strong>.<\/strong><\/p>\n\n\n\n<p><strong>Mirna Ram\u00edrez<\/strong>,&nbsp;<strong>Elsi Rosales<\/strong>&nbsp;i&nbsp;<strong>Teodora V\u00e1squez<\/strong>. Les tres viuen i s\u00f3n del Salvador. Les tres s\u00f3n dones d\u2019escassos recursos i v\u00e9nen de zones rurals. I les tres han estat empresonades. Mirna 12 anys, Teodora 10 anys i Elsi 10 mesos. El seu delicte? Tenir un part extrahospitalari en un dels sis pa\u00efsos del m\u00f3n m\u00e9s restrictius amb l\u2019avortament.<\/p>\n\n\n\n<p>Al pa\u00eds centreameric\u00e0 est\u00e0 totalment prohibit avortar des de 1998. Aix\u00f2 provoca que, tot i que les dones no s\u2019hagin provocat l\u2019avortament, sin\u00f3 que hagin tingut una emerg\u00e8ncia obst\u00e8trica, l\u2019Estat les acusi d\u2019homicidi agreujat o intent d\u2019homicidi, condemnant-les a fins a 50 anys de pres\u00f3. Mirna, Elsi i Teodora \u2013 que van patir un dur c\u00e0stig per perdre els seus nadons de forma involunt\u00e0ria- expliquen les seves hist\u00f2ries en el documental.<\/p>\n\n\n\n<p>Amb aquest treball&nbsp;<strong>des d\u2019ABD volem refor\u00e7ar les nostres l\u00ednies d\u2019acci\u00f3 en coordinaci\u00f3 amb els territoris d\u2019actuaci\u00f3, desenvolupant-nos i unint-nos a les diferents plataformes que aglutinen la defensa de la igualtat de g\u00e8nere i els drets sexuals i reproductius<\/strong>.<\/p>\n\n\n\n<h3 class=\"wp-block-heading\"><a href=\"https:\/\/www.youtube.com\/watch?v=s7gB03lTWV4\">Ajuda\u2019ns a aconseguir un canvi real<\/a><\/h3>\n\n\n\n<p><strong>Som ambicioses i amb aquest projecte aspirem que es reobri el debat de la reforma de la llei al Parlament salvadorenc<\/strong>. Si aconseguim arribar a un gran p\u00fablic la pressi\u00f3 de la societat i d\u2019organismes com l\u2019ONU, que s\u2019ha mostrat favorable en nombroses ocasions i ha demanat la reforma de la llei, serien fonamentals per portar de nou a debat la legislaci\u00f3. Tamb\u00e9 volem que tant la societat salvadorenca com la resta de el p\u00fablic conegui en primera persona la situaci\u00f3 a la qual s\u2019enfronten aquestes dones i aconseguir aix\u00ed un canvi real en una societat on l\u2019Esgl\u00e9sia t\u00e9 un gran pes.<\/p>\n\n\n\n<p>\u00c9s per aix\u00f2 que us animem a compartir aquest documental que teniu&nbsp;<strong><a href=\"https:\/\/www.youtube.com\/watch?v=s7gB03lTWV4\">disponible AQU\u00cd<\/a>.<\/strong><\/p>\n\n\n\n<p>El documental ha estat impulsat per la Fundaci\u00f3 Acci\u00f3 Benestar i Desenvolupament ABD i la beca Devreporter, atorgada per Lafede.cat, i ha estat realitzat pel director&nbsp;<strong>Ferran Alcalde<\/strong>, el fotoperiodista&nbsp;<strong>\u00c0ngel Garc\u00eda<\/strong>, i les periodistes<strong>&nbsp;Paula Ericsson<\/strong>&nbsp;i&nbsp;<strong>Mar\u00eda Luz N\u00f3chez<\/strong>. Aquesta iniciativa ha rebut el finan\u00e7ament del projecte Frame, Voice, Report de la Uni\u00f3 Europea, Lafede.cat, l\u2019Ag\u00e8ncia Catalana de Cooperaci\u00f3 a al Desenvolupament i l\u2019Ajuntament de Barcelona.<\/p>\n","protected":false},"excerpt":{"rendered":"<p>(VEURE EL DOCUMENTAL) En el marc dels actes commemoratius del&nbsp;Dia Internacional de la Dona,&nbsp;des de l\u2019Associaci\u00f3 Benestar i Desenvolupament ABD avui estrenem en exclusiva el&nbsp;documental&nbsp;\u201cLa vida despr\u00e9s\u201d, un retrat de&hellip;<\/p>\n","protected":false},"author":2,"featured_media":14353,"comment_status":"closed","ping_status":"closed","sticky":false,"template":"","format":"standard","meta":{"_acf_changed":false,"footnotes":""},"categories":[66,1303],"tags":[1702,1700,1697,1701,1703],"class_list":["post-14352","post","type-post","status-publish","format-standard","has-post-thumbnail","hentry","category-general-ca","category-infancia-i-familia","tag-devreporter-2","tag-documental-en-obert","tag-el-salvador-2","tag-la-vida-despues-2","tag-part-extrahospitalari","ods-aliances-per-assolir-els-objectius","ods-igualtat-de-genere","ods-reduccio-de-les-desigualtats","right-dret-a-la-integritat-personal","right-dret-a-la-salut","right-drets-de-les-dones"],"acf":[],"yoast_head":"<!-- This site is optimized with the Yoast SEO plugin v27.4 - https:\/\/yoast.com\/product\/yoast-seo-wordpress\/ -->\n<title>Estrenem en exclusiva el documental \u201cLa vida despr\u00e9s\u201d amb motiu del Dia Internacional de la Dona - ABD<\/title>\n<meta name=\"description\" content=\"(VEURE EL DOCUMENTAL) En el marc dels actes commemoratius del&nbsp;Dia Internacional de la Dona,&nbsp;des de l\u2019Associaci\u00f3 Benestar i Desenvolupament ABD\" \/>\n<meta name=\"robots\" content=\"index, follow, max-snippet:-1, max-image-preview:large, max-video-preview:-1\" \/>\n<link rel=\"canonical\" href=\"https:\/\/abd.ong\/ca\/infancia-i-familia\/estrenem-en-exclusiva-el-documental-la-vida-despres-amb-motiu-del-dia-internacional-de-la-dona\/\" \/>\n<meta property=\"og:locale\" content=\"ca_ES\" \/>\n<meta property=\"og:type\" content=\"article\" \/>\n<meta property=\"og:title\" content=\"Estrenem en exclusiva el documental \u201cLa vida despr\u00e9s\u201d amb motiu del Dia Internacional de la Dona - ABD\" \/>\n<meta property=\"og:description\" content=\"(VEURE EL DOCUMENTAL) En el marc dels actes commemoratius del&nbsp;Dia Internacional de la Dona,&nbsp;des de l\u2019Associaci\u00f3 Benestar i Desenvolupament ABD\" \/>\n<meta property=\"og:url\" content=\"https:\/\/abd.ong\/ca\/infancia-i-familia\/estrenem-en-exclusiva-el-documental-la-vida-despres-amb-motiu-del-dia-internacional-de-la-dona\/\" \/>\n<meta property=\"og:site_name\" content=\"ABD\" \/>\n<meta property=\"article:publisher\" content=\"https:\/\/www.facebook.com\/abd.ong\" \/>\n<meta property=\"article:published_time\" content=\"2020-03-09T15:23:48+00:00\" \/>\n<meta property=\"article:modified_time\" content=\"2020-03-11T16:00:19+00:00\" \/>\n<meta property=\"og:image\" content=\"https:\/\/abd.ong\/wp-content\/uploads\/2020\/03\/WhatsApp-Image-2020-02-29-at-23.44.46.jpeg\" \/>\n\t<meta property=\"og:image:width\" content=\"1600\" \/>\n\t<meta property=\"og:image:height\" content=\"1066\" \/>\n\t<meta property=\"og:image:type\" content=\"image\/jpeg\" \/>\n<meta name=\"author\" content=\"Enric Guinart\" \/>\n<meta name=\"twitter:card\" content=\"summary_large_image\" \/>\n<meta name=\"twitter:creator\" content=\"@abd_ong\" \/>\n<meta name=\"twitter:site\" content=\"@abd_ong\" \/>\n<meta name=\"twitter:label1\" content=\"Escrit per\" \/>\n\t<meta name=\"twitter:data1\" content=\"Enric Guinart\" \/>\n\t<meta name=\"twitter:label2\" content=\"Temps estimat de lectura\" \/>\n\t<meta name=\"twitter:data2\" content=\"2 minuts\" \/>\n<script type=\"application\/ld+json\" class=\"yoast-schema-graph\">{\"@context\":\"https:\\\/\\\/schema.org\",\"@graph\":[{\"@type\":\"Article\",\"@id\":\"https:\\\/\\\/abd.ong\\\/ca\\\/infancia-i-familia\\\/estrenem-en-exclusiva-el-documental-la-vida-despres-amb-motiu-del-dia-internacional-de-la-dona\\\/#article\",\"isPartOf\":{\"@id\":\"https:\\\/\\\/abd.ong\\\/ca\\\/infancia-i-familia\\\/estrenem-en-exclusiva-el-documental-la-vida-despres-amb-motiu-del-dia-internacional-de-la-dona\\\/\"},\"author\":{\"name\":\"Enric Guinart\",\"@id\":\"https:\\\/\\\/abd.ong\\\/ca\\\/#\\\/schema\\\/person\\\/d0f5fe279a7ad908de6a6d1332bfd7d8\"},\"headline\":\"Estrenem en exclusiva el documental \u201cLa vida despr\u00e9s\u201d amb motiu del Dia Internacional de la Dona\",\"datePublished\":\"2020-03-09T15:23:48+00:00\",\"dateModified\":\"2020-03-11T16:00:19+00:00\",\"mainEntityOfPage\":{\"@id\":\"https:\\\/\\\/abd.ong\\\/ca\\\/infancia-i-familia\\\/estrenem-en-exclusiva-el-documental-la-vida-despres-amb-motiu-del-dia-internacional-de-la-dona\\\/\"},\"wordCount\":508,\"publisher\":{\"@id\":\"https:\\\/\\\/abd.ong\\\/ca\\\/#organization\"},\"image\":{\"@id\":\"https:\\\/\\\/abd.ong\\\/ca\\\/infancia-i-familia\\\/estrenem-en-exclusiva-el-documental-la-vida-despres-amb-motiu-del-dia-internacional-de-la-dona\\\/#primaryimage\"},\"thumbnailUrl\":\"https:\\\/\\\/abd.ong\\\/wp-content\\\/uploads\\\/2020\\\/03\\\/WhatsApp-Image-2020-02-29-at-23.44.46.jpeg\",\"keywords\":[\"Devreporter\",\"Documental en obert\",\"El Salvador\",\"La vida despu\u00e9s\",\"part extrahospitalari\"],\"articleSection\":[\"General\",\"Inf\u00e0ncia i fam\u00edlia\"],\"inLanguage\":\"ca\"},{\"@type\":\"WebPage\",\"@id\":\"https:\\\/\\\/abd.ong\\\/ca\\\/infancia-i-familia\\\/estrenem-en-exclusiva-el-documental-la-vida-despres-amb-motiu-del-dia-internacional-de-la-dona\\\/\",\"url\":\"https:\\\/\\\/abd.ong\\\/ca\\\/infancia-i-familia\\\/estrenem-en-exclusiva-el-documental-la-vida-despres-amb-motiu-del-dia-internacional-de-la-dona\\\/\",\"name\":\"Estrenem en exclusiva el documental \u201cLa vida despr\u00e9s\u201d amb motiu del Dia Internacional de la Dona - ABD\",\"isPartOf\":{\"@id\":\"https:\\\/\\\/abd.ong\\\/ca\\\/#website\"},\"primaryImageOfPage\":{\"@id\":\"https:\\\/\\\/abd.ong\\\/ca\\\/infancia-i-familia\\\/estrenem-en-exclusiva-el-documental-la-vida-despres-amb-motiu-del-dia-internacional-de-la-dona\\\/#primaryimage\"},\"image\":{\"@id\":\"https:\\\/\\\/abd.ong\\\/ca\\\/infancia-i-familia\\\/estrenem-en-exclusiva-el-documental-la-vida-despres-amb-motiu-del-dia-internacional-de-la-dona\\\/#primaryimage\"},\"thumbnailUrl\":\"https:\\\/\\\/abd.ong\\\/wp-content\\\/uploads\\\/2020\\\/03\\\/WhatsApp-Image-2020-02-29-at-23.44.46.jpeg\",\"datePublished\":\"2020-03-09T15:23:48+00:00\",\"dateModified\":\"2020-03-11T16:00:19+00:00\",\"description\":\"(VEURE EL DOCUMENTAL) En el marc dels actes commemoratius del&nbsp;Dia Internacional de la Dona,&nbsp;des de l\u2019Associaci\u00f3 Benestar i Desenvolupament ABD\",\"breadcrumb\":{\"@id\":\"https:\\\/\\\/abd.ong\\\/ca\\\/infancia-i-familia\\\/estrenem-en-exclusiva-el-documental-la-vida-despres-amb-motiu-del-dia-internacional-de-la-dona\\\/#breadcrumb\"},\"inLanguage\":\"ca\",\"potentialAction\":[{\"@type\":\"ReadAction\",\"target\":[\"https:\\\/\\\/abd.ong\\\/ca\\\/infancia-i-familia\\\/estrenem-en-exclusiva-el-documental-la-vida-despres-amb-motiu-del-dia-internacional-de-la-dona\\\/\"]}]},{\"@type\":\"ImageObject\",\"inLanguage\":\"ca\",\"@id\":\"https:\\\/\\\/abd.ong\\\/ca\\\/infancia-i-familia\\\/estrenem-en-exclusiva-el-documental-la-vida-despres-amb-motiu-del-dia-internacional-de-la-dona\\\/#primaryimage\",\"url\":\"https:\\\/\\\/abd.ong\\\/wp-content\\\/uploads\\\/2020\\\/03\\\/WhatsApp-Image-2020-02-29-at-23.44.46.jpeg\",\"contentUrl\":\"https:\\\/\\\/abd.ong\\\/wp-content\\\/uploads\\\/2020\\\/03\\\/WhatsApp-Image-2020-02-29-at-23.44.46.jpeg\",\"width\":1600,\"height\":1066},{\"@type\":\"BreadcrumbList\",\"@id\":\"https:\\\/\\\/abd.ong\\\/ca\\\/infancia-i-familia\\\/estrenem-en-exclusiva-el-documental-la-vida-despres-amb-motiu-del-dia-internacional-de-la-dona\\\/#breadcrumb\",\"itemListElement\":[{\"@type\":\"ListItem\",\"position\":1,\"name\":\"Inici\",\"item\":\"https:\\\/\\\/abd.ong\\\/ca\\\/\"},{\"@type\":\"ListItem\",\"position\":2,\"name\":\"Estrenem en exclusiva el documental \u201cLa vida despr\u00e9s\u201d amb motiu del Dia Internacional de la Dona\"}]},{\"@type\":\"WebSite\",\"@id\":\"https:\\\/\\\/abd.ong\\\/ca\\\/#website\",\"url\":\"https:\\\/\\\/abd.ong\\\/ca\\\/\",\"name\":\"ABD\",\"description\":\"Asociaci\u00f3n Bienestar y Desarrollo\",\"publisher\":{\"@id\":\"https:\\\/\\\/abd.ong\\\/ca\\\/#organization\"},\"potentialAction\":[{\"@type\":\"SearchAction\",\"target\":{\"@type\":\"EntryPoint\",\"urlTemplate\":\"https:\\\/\\\/abd.ong\\\/ca\\\/?s={search_term_string}\"},\"query-input\":{\"@type\":\"PropertyValueSpecification\",\"valueRequired\":true,\"valueName\":\"search_term_string\"}}],\"inLanguage\":\"ca\"},{\"@type\":\"Organization\",\"@id\":\"https:\\\/\\\/abd.ong\\\/ca\\\/#organization\",\"name\":\"Associaci\u00f3 Benestar i Desenvolupament\",\"alternateName\":\"ABD\",\"url\":\"https:\\\/\\\/abd.ong\\\/ca\\\/\",\"logo\":{\"@type\":\"ImageObject\",\"inLanguage\":\"ca\",\"@id\":\"https:\\\/\\\/abd.ong\\\/ca\\\/#\\\/schema\\\/logo\\\/image\\\/\",\"url\":\"https:\\\/\\\/abd.ong\\\/wp-content\\\/uploads\\\/2023\\\/01\\\/Icona.png\",\"contentUrl\":\"https:\\\/\\\/abd.ong\\\/wp-content\\\/uploads\\\/2023\\\/01\\\/Icona.png\",\"width\":190,\"height\":187,\"caption\":\"Associaci\u00f3 Benestar i Desenvolupament\"},\"image\":{\"@id\":\"https:\\\/\\\/abd.ong\\\/ca\\\/#\\\/schema\\\/logo\\\/image\\\/\"},\"sameAs\":[\"https:\\\/\\\/www.facebook.com\\\/abd.ong\",\"https:\\\/\\\/x.com\\\/abd_ong\",\"https:\\\/\\\/www.instagram.com\\\/abd_ong\\\/\",\"https:\\\/\\\/www.linkedin.com\\\/company\\\/abdong\",\"https:\\\/\\\/www.youtube.com\\\/user\\\/CANALABD\"]},{\"@type\":\"Person\",\"@id\":\"https:\\\/\\\/abd.ong\\\/ca\\\/#\\\/schema\\\/person\\\/d0f5fe279a7ad908de6a6d1332bfd7d8\",\"name\":\"Enric Guinart\"}]}<\/script>\n<!-- \/ Yoast SEO plugin. -->","yoast_head_json":{"title":"Estrenem en exclusiva el documental \u201cLa vida despr\u00e9s\u201d amb motiu del Dia Internacional de la Dona - ABD","description":"(VEURE EL DOCUMENTAL) En el marc dels actes commemoratius del&nbsp;Dia Internacional de la Dona,&nbsp;des de l\u2019Associaci\u00f3 Benestar i Desenvolupament ABD","robots":{"index":"index","follow":"follow","max-snippet":"max-snippet:-1","max-image-preview":"max-image-preview:large","max-video-preview":"max-video-preview:-1"},"canonical":"https:\/\/abd.ong\/ca\/infancia-i-familia\/estrenem-en-exclusiva-el-documental-la-vida-despres-amb-motiu-del-dia-internacional-de-la-dona\/","og_locale":"ca_ES","og_type":"article","og_title":"Estrenem en exclusiva el documental \u201cLa vida despr\u00e9s\u201d amb motiu del Dia Internacional de la Dona - ABD","og_description":"(VEURE EL DOCUMENTAL) En el marc dels actes commemoratius del&nbsp;Dia Internacional de la Dona,&nbsp;des de l\u2019Associaci\u00f3 Benestar i Desenvolupament ABD","og_url":"https:\/\/abd.ong\/ca\/infancia-i-familia\/estrenem-en-exclusiva-el-documental-la-vida-despres-amb-motiu-del-dia-internacional-de-la-dona\/","og_site_name":"ABD","article_publisher":"https:\/\/www.facebook.com\/abd.ong","article_published_time":"2020-03-09T15:23:48+00:00","article_modified_time":"2020-03-11T16:00:19+00:00","og_image":[{"width":1600,"height":1066,"url":"https:\/\/abd.ong\/wp-content\/uploads\/2020\/03\/WhatsApp-Image-2020-02-29-at-23.44.46.jpeg","type":"image\/jpeg"}],"author":"Enric Guinart","twitter_card":"summary_large_image","twitter_creator":"@abd_ong","twitter_site":"@abd_ong","twitter_misc":{"Escrit per":"Enric Guinart","Temps estimat de lectura":"2 minuts"},"schema":{"@context":"https:\/\/schema.org","@graph":[{"@type":"Article","@id":"https:\/\/abd.ong\/ca\/infancia-i-familia\/estrenem-en-exclusiva-el-documental-la-vida-despres-amb-motiu-del-dia-internacional-de-la-dona\/#article","isPartOf":{"@id":"https:\/\/abd.ong\/ca\/infancia-i-familia\/estrenem-en-exclusiva-el-documental-la-vida-despres-amb-motiu-del-dia-internacional-de-la-dona\/"},"author":{"name":"Enric Guinart","@id":"https:\/\/abd.ong\/ca\/#\/schema\/person\/d0f5fe279a7ad908de6a6d1332bfd7d8"},"headline":"Estrenem en exclusiva el documental \u201cLa vida despr\u00e9s\u201d amb motiu del Dia Internacional de la Dona","datePublished":"2020-03-09T15:23:48+00:00","dateModified":"2020-03-11T16:00:19+00:00","mainEntityOfPage":{"@id":"https:\/\/abd.ong\/ca\/infancia-i-familia\/estrenem-en-exclusiva-el-documental-la-vida-despres-amb-motiu-del-dia-internacional-de-la-dona\/"},"wordCount":508,"publisher":{"@id":"https:\/\/abd.ong\/ca\/#organization"},"image":{"@id":"https:\/\/abd.ong\/ca\/infancia-i-familia\/estrenem-en-exclusiva-el-documental-la-vida-despres-amb-motiu-del-dia-internacional-de-la-dona\/#primaryimage"},"thumbnailUrl":"https:\/\/abd.ong\/wp-content\/uploads\/2020\/03\/WhatsApp-Image-2020-02-29-at-23.44.46.jpeg","keywords":["Devreporter","Documental en obert","El Salvador","La vida despu\u00e9s","part extrahospitalari"],"articleSection":["General","Inf\u00e0ncia i fam\u00edlia"],"inLanguage":"ca"},{"@type":"WebPage","@id":"https:\/\/abd.ong\/ca\/infancia-i-familia\/estrenem-en-exclusiva-el-documental-la-vida-despres-amb-motiu-del-dia-internacional-de-la-dona\/","url":"https:\/\/abd.ong\/ca\/infancia-i-familia\/estrenem-en-exclusiva-el-documental-la-vida-despres-amb-motiu-del-dia-internacional-de-la-dona\/","name":"Estrenem en exclusiva el documental \u201cLa vida despr\u00e9s\u201d amb motiu del Dia Internacional de la Dona - ABD","isPartOf":{"@id":"https:\/\/abd.ong\/ca\/#website"},"primaryImageOfPage":{"@id":"https:\/\/abd.ong\/ca\/infancia-i-familia\/estrenem-en-exclusiva-el-documental-la-vida-despres-amb-motiu-del-dia-internacional-de-la-dona\/#primaryimage"},"image":{"@id":"https:\/\/abd.ong\/ca\/infancia-i-familia\/estrenem-en-exclusiva-el-documental-la-vida-despres-amb-motiu-del-dia-internacional-de-la-dona\/#primaryimage"},"thumbnailUrl":"https:\/\/abd.ong\/wp-content\/uploads\/2020\/03\/WhatsApp-Image-2020-02-29-at-23.44.46.jpeg","datePublished":"2020-03-09T15:23:48+00:00","dateModified":"2020-03-11T16:00:19+00:00","description":"(VEURE EL DOCUMENTAL) En el marc dels actes commemoratius del&nbsp;Dia Internacional de la Dona,&nbsp;des de l\u2019Associaci\u00f3 Benestar i Desenvolupament ABD","breadcrumb":{"@id":"https:\/\/abd.ong\/ca\/infancia-i-familia\/estrenem-en-exclusiva-el-documental-la-vida-despres-amb-motiu-del-dia-internacional-de-la-dona\/#breadcrumb"},"inLanguage":"ca","potentialAction":[{"@type":"ReadAction","target":["https:\/\/abd.ong\/ca\/infancia-i-familia\/estrenem-en-exclusiva-el-documental-la-vida-despres-amb-motiu-del-dia-internacional-de-la-dona\/"]}]},{"@type":"ImageObject","inLanguage":"ca","@id":"https:\/\/abd.ong\/ca\/infancia-i-familia\/estrenem-en-exclusiva-el-documental-la-vida-despres-amb-motiu-del-dia-internacional-de-la-dona\/#primaryimage","url":"https:\/\/abd.ong\/wp-content\/uploads\/2020\/03\/WhatsApp-Image-2020-02-29-at-23.44.46.jpeg","contentUrl":"https:\/\/abd.ong\/wp-content\/uploads\/2020\/03\/WhatsApp-Image-2020-02-29-at-23.44.46.jpeg","width":1600,"height":1066},{"@type":"BreadcrumbList","@id":"https:\/\/abd.ong\/ca\/infancia-i-familia\/estrenem-en-exclusiva-el-documental-la-vida-despres-amb-motiu-del-dia-internacional-de-la-dona\/#breadcrumb","itemListElement":[{"@type":"ListItem","position":1,"name":"Inici","item":"https:\/\/abd.ong\/ca\/"},{"@type":"ListItem","position":2,"name":"Estrenem en exclusiva el documental \u201cLa vida despr\u00e9s\u201d amb motiu del Dia Internacional de la Dona"}]},{"@type":"WebSite","@id":"https:\/\/abd.ong\/ca\/#website","url":"https:\/\/abd.ong\/ca\/","name":"ABD","description":"Asociaci\u00f3n Bienestar y Desarrollo","publisher":{"@id":"https:\/\/abd.ong\/ca\/#organization"},"potentialAction":[{"@type":"SearchAction","target":{"@type":"EntryPoint","urlTemplate":"https:\/\/abd.ong\/ca\/?s={search_term_string}"},"query-input":{"@type":"PropertyValueSpecification","valueRequired":true,"valueName":"search_term_string"}}],"inLanguage":"ca"},{"@type":"Organization","@id":"https:\/\/abd.ong\/ca\/#organization","name":"Associaci\u00f3 Benestar i Desenvolupament","alternateName":"ABD","url":"https:\/\/abd.ong\/ca\/","logo":{"@type":"ImageObject","inLanguage":"ca","@id":"https:\/\/abd.ong\/ca\/#\/schema\/logo\/image\/","url":"https:\/\/abd.ong\/wp-content\/uploads\/2023\/01\/Icona.png","contentUrl":"https:\/\/abd.ong\/wp-content\/uploads\/2023\/01\/Icona.png","width":190,"height":187,"caption":"Associaci\u00f3 Benestar i Desenvolupament"},"image":{"@id":"https:\/\/abd.ong\/ca\/#\/schema\/logo\/image\/"},"sameAs":["https:\/\/www.facebook.com\/abd.ong","https:\/\/x.com\/abd_ong","https:\/\/www.instagram.com\/abd_ong\/","https:\/\/www.linkedin.com\/company\/abdong","https:\/\/www.youtube.com\/user\/CANALABD"]},{"@type":"Person","@id":"https:\/\/abd.ong\/ca\/#\/schema\/person\/d0f5fe279a7ad908de6a6d1332bfd7d8","name":"Enric Guinart"}]}},"_links":{"self":[{"href":"https:\/\/abd.ong\/ca\/wp-json\/wp\/v2\/posts\/14352","targetHints":{"allow":["GET"]}}],"collection":[{"href":"https:\/\/abd.ong\/ca\/wp-json\/wp\/v2\/posts"}],"about":[{"href":"https:\/\/abd.ong\/ca\/wp-json\/wp\/v2\/types\/post"}],"author":[{"embeddable":true,"href":"https:\/\/abd.ong\/ca\/wp-json\/wp\/v2\/users\/2"}],"replies":[{"embeddable":true,"href":"https:\/\/abd.ong\/ca\/wp-json\/wp\/v2\/comments?post=14352"}],"version-history":[{"count":1,"href":"https:\/\/abd.ong\/ca\/wp-json\/wp\/v2\/posts\/14352\/revisions"}],"predecessor-version":[{"id":14356,"href":"https:\/\/abd.ong\/ca\/wp-json\/wp\/v2\/posts\/14352\/revisions\/14356"}],"wp:featuredmedia":[{"embeddable":true,"href":"https:\/\/abd.ong\/ca\/wp-json\/wp\/v2\/media\/14353"}],"wp:attachment":[{"href":"https:\/\/abd.ong\/ca\/wp-json\/wp\/v2\/media?parent=14352"}],"wp:term":[{"taxonomy":"category","embeddable":true,"href":"https:\/\/abd.ong\/ca\/wp-json\/wp\/v2\/categories?post=14352"},{"taxonomy":"post_tag","embeddable":true,"href":"https:\/\/abd.ong\/ca\/wp-json\/wp\/v2\/tags?post=14352"}],"curies":[{"name":"wp","href":"https:\/\/api.w.org\/{rel}","templated":true}]}}