{"id":14329,"date":"2020-03-03T16:12:01","date_gmt":"2020-03-03T15:12:01","guid":{"rendered":"https:\/\/abd.ong\/?p=14329"},"modified":"2020-06-16T11:25:20","modified_gmt":"2020-06-16T09:25:20","slug":"professionals-del-cas-baluard-gestionat-per-abd-imparteixen-cursos-de-capacitacio-i-reduccio-de-danys-a-colombia","status":"publish","type":"post","link":"https:\/\/abd.ong\/ca\/drogues-i-salut\/professionals-del-cas-baluard-gestionat-per-abd-imparteixen-cursos-de-capacitacio-i-reduccio-de-danys-a-colombia\/","title":{"rendered":"Professionals del CAS Baluard, gestionat per ABD, imparteixen cursos de capacitaci\u00f3 i reducci\u00f3 de danys a Col\u00f2mbia"},"content":{"rendered":"\n<p>Les professionals del servei&nbsp;<strong>CAS Baluard<\/strong>&nbsp;de l\u2019<a href=\"https:\/\/www.aspb.cat\/\"><strong>Ag\u00e8ncia de Salut P\u00fablica de Barcelona<\/strong><\/a>&nbsp;i gestionat per l\u2019<a href=\"https:\/\/abd.ong\/\"><strong>Associaci\u00f3 Benestar i Desenvolupament (ABD)<\/strong><\/a>, Ester Aranda i Gemma Balaguer, es troben aquests dies a la ciutat de Medell\u00edn (Col\u00f2mbia) al costat de l\u2019organitzaci\u00f3 amiga&nbsp;<a href=\"http:\/\/corporacionsurgir.org\/\"><strong>Corporaci\u00f3n Surgir<\/strong><\/a>. Al llarg de tota la setmana han estat realitzant seguiment i avaluaci\u00f3 sobre la implementaci\u00f3 del&nbsp;<strong>Projecte TRANS-MET<\/strong>, i impartint capacitacions a professionals sobre estrat\u00e8gies de&nbsp;<strong>reducci\u00f3 de danys en el consum de drogues<\/strong>.<\/p>\n\n\n\n<p>Des de l\u2019any 2018, amb el suport de l\u2019<a href=\"https:\/\/www.barcelona.cat\/ca\/\"><strong>Ajuntament de Barcelona<\/strong><\/a>&nbsp;i el treball t\u00e8cnic entre l\u2019<a href=\"https:\/\/abd.ong\/\"><strong>Associaci\u00f3 Benestar i Desenvolupament ABD<\/strong><\/a>&nbsp;i l\u2019entitat colombiana&nbsp;<a href=\"http:\/\/corporacionsurgir.org\/\"><strong>Corporaci\u00f3n Surgir<\/strong><\/a>, s\u2019ha estat treballant en un proc\u00e9s d\u2019intercanvi per tal de trobar la millor forma d\u2019adaptaci\u00f3 d\u2019estrat\u00e8gies de reducci\u00f3 de danys en els&nbsp;<strong>Centres d\u2019Escolta<\/strong>&nbsp;<strong>de Medell\u00edn<\/strong>, i m\u00e9s espec\u00edficament com implementar-ho amb persones sense llar.<\/p>\n\n\n\n<figure class=\"wp-block-image size-large\"><img fetchpriority=\"high\" decoding=\"async\" width=\"522\" height=\"327\" src=\"\/wp-content\/uploads\/2020\/06\/Atenci\u00f3n-en-calle-2019.jpg\" alt=\"\" class=\"wp-image-15687\" srcset=\"https:\/\/abd.ong\/wp-content\/uploads\/2020\/06\/Atenci\u00f3n-en-calle-2019.jpg 522w, https:\/\/abd.ong\/wp-content\/uploads\/2020\/06\/Atenci\u00f3n-en-calle-2019-300x188.jpg 300w\" sizes=\"(max-width: 522px) 100vw, 522px\" \/><figcaption>Intervenci\u00f3 a Medell\u00edn (Col\u00f2mbia)<\/figcaption><\/figure>\n\n\n\n<p>L\u2019any 2019 es va fer realitat la possibilitat de comen\u00e7ar a treballar amb aquesta poblaci\u00f3, la qual cosa es va iniciar amb l\u2019aportaci\u00f3 de la&nbsp;<strong>Secretaria de Salut de Medell\u00edn<\/strong>&nbsp;i la contribuci\u00f3 de l\u2019<strong>Ajuntament de Barcelona<\/strong>, suport gr\u00e0cies al qual s\u2019est\u00e0 donant continu\u00eftat al projecte aquest 2020. D\u2019aquesta manera s\u2019estan podent concretar molt millor els resultats obtinguts fins al desembre de 2019.<\/p>\n\n\n\n<p>Per consolidar el vincle del Centre d\u2019Escolta amb la poblaci\u00f3 benefici\u00e0ria, aquest projecte ha estat mediat per l\u2019intercanvi d\u2019aliments i roba.<\/p>\n\n\n\n<p>Algunas&nbsp;<strong>cifras significativas<\/strong>&nbsp;del avance del Centro de Escucha para personas sin hogar en 2019 fueron a nivel comunitario,&nbsp;<strong>57 actividades de enganche<\/strong>&nbsp;en las que participaron aproximadamente 600 personas. Adem\u00e1s, hubo&nbsp;<strong>83 casos atendidos<\/strong>&nbsp;que recibieron educaci\u00f3n en salud, educaci\u00f3n sobre pr\u00e1cticas de reducci\u00f3n de da\u00f1os frente al consumo de SPA, y educaci\u00f3n en sexualidades.<\/p>\n\n\n\n<p>Algunes&nbsp;<strong>xifres significatives<\/strong>&nbsp;de l\u2019avan\u00e7 del Centre d\u2019Escolta per a persones sense llar al 2019 van ser a nivell comunitari,&nbsp;<strong>57 activitats d\u2019enganxament<\/strong>&nbsp;en qu\u00e8 van participar aproximadament 600 persones. A m\u00e9s, hi va haver&nbsp;<strong>83 casos atesos<\/strong>&nbsp;que van rebre educaci\u00f3 en salut, educaci\u00f3 sobre pr\u00e0ctiques de reducci\u00f3 de danys davant el consum d\u2019SPA, i educaci\u00f3 en sexualitats.<\/p>\n\n\n\n<h4 class=\"wp-block-heading\"><strong>Altres beneficis del projecte TRANS-MET<\/strong><\/h4>\n\n\n\n<p>L\u2019acompanyament per a la reducci\u00f3 de danys i riscos associats tamb\u00e9 ha perm\u00e8s:<\/p>\n\n\n\n<ul class=\"wp-block-list\"><li>Enfortir l\u2019<strong>educaci\u00f3 per a un consum de subst\u00e0ncies m\u00e9s responsable i m\u00e9s conscient<\/strong>. Al seu torn, ha orientat a casos atesos, si \u00e9s la seva voluntat, per al seu ingr\u00e9s a programes de tractament, rehabilitaci\u00f3 i atenci\u00f3 a drogodepend\u00e8ncies en el sistema de salut.<\/li><li>Oferir&nbsp;<strong>tallers de reducci\u00f3 de danys associats a basuco<\/strong>&nbsp;(coca\u00efna fumable) on s\u2019ha parlat sobre la utilitzaci\u00f3 de materials menys t\u00f2xics per a l\u2019elaboraci\u00f3 de pipes, \u00fas de filtres i cures de la cavitat oral. Amb les persones injectores de subst\u00e0ncies s\u2019han realitzat tallers d\u2019injecci\u00f3 higi\u00e8nica de menor risc, \u00fas de parafern\u00e0lia higi\u00e8nica i atenci\u00f3 de sobredosi per opiacis. A m\u00e9s, es van lliurar dues dosis de naloxona per persona<\/li><\/ul>\n\n\n\n<p>Amb el suport de:<\/p>\n\n\n\n<div class=\"wp-block-image\"><figure class=\"alignright\"><a href=\"https:\/\/abd.ong\/blog\/wp-content\/uploads\/2020\/03\/Imagen1.png\"><img decoding=\"async\" src=\"https:\/\/abd.ong\/blog\/wp-content\/uploads\/2020\/03\/Imagen1-300x165.png\" alt=\"\" class=\"wp-image-7922\"\/><\/a><\/figure><\/div>\n\n\n\n<figure class=\"wp-block-image\"><a href=\"https:\/\/abd.ong\/blog\/wp-content\/uploads\/2020\/03\/Imagen2.png\"><img decoding=\"async\" src=\"https:\/\/abd.ong\/blog\/wp-content\/uploads\/2020\/03\/Imagen2.png\" alt=\"\" class=\"wp-image-7925\"\/><\/a><\/figure>\n","protected":false},"excerpt":{"rendered":"<p>Les professionals del servei&nbsp;CAS Baluard&nbsp;de l\u2019Ag\u00e8ncia de Salut P\u00fablica de Barcelona&nbsp;i gestionat per l\u2019Associaci\u00f3 Benestar i Desenvolupament (ABD), Ester Aranda i Gemma Balaguer, es troben aquests dies a la ciutat&hellip;<\/p>\n","protected":false},"author":2,"featured_media":15684,"comment_status":"closed","ping_status":"closed","sticky":false,"template":"","format":"standard","meta":{"_acf_changed":false,"footnotes":""},"categories":[1301],"tags":[389,196,198],"class_list":["post-14329","post","type-post","status-publish","format-standard","has-post-thumbnail","hentry","category-drogues-i-salut","tag-colombia","tag-reduccio-de-danys","tag-salut","ods-educacio-de-qualitat","ods-salut-i-benestar","right-dret-a-leducacio","right-dret-a-la-salut"],"acf":[],"yoast_head":"<!-- This site is optimized with the Yoast SEO plugin v27.4 - https:\/\/yoast.com\/product\/yoast-seo-wordpress\/ -->\n<title>Professionals del CAS Baluard, gestionat per ABD, imparteixen cursos de capacitaci\u00f3 i reducci\u00f3 de danys a Col\u00f2mbia - ABD<\/title>\n<meta name=\"description\" content=\"Les professionals del servei&nbsp;CAS Baluard&nbsp;de l\u2019Ag\u00e8ncia de Salut P\u00fablica de Barcelona&nbsp;i gestionat per l\u2019Associaci\u00f3 Benestar i Desenvolupament\" \/>\n<meta name=\"robots\" content=\"index, follow, max-snippet:-1, max-image-preview:large, max-video-preview:-1\" \/>\n<link rel=\"canonical\" href=\"https:\/\/abd.ong\/ca\/drogues-i-salut\/professionals-del-cas-baluard-gestionat-per-abd-imparteixen-cursos-de-capacitacio-i-reduccio-de-danys-a-colombia\/\" \/>\n<meta property=\"og:locale\" content=\"ca_ES\" \/>\n<meta property=\"og:type\" content=\"article\" \/>\n<meta property=\"og:title\" content=\"Professionals del CAS Baluard, gestionat per ABD, imparteixen cursos de capacitaci\u00f3 i reducci\u00f3 de danys a Col\u00f2mbia - ABD\" \/>\n<meta property=\"og:description\" content=\"Les professionals del servei&nbsp;CAS Baluard&nbsp;de l\u2019Ag\u00e8ncia de Salut P\u00fablica de Barcelona&nbsp;i gestionat per l\u2019Associaci\u00f3 Benestar i Desenvolupament\" \/>\n<meta property=\"og:url\" content=\"https:\/\/abd.ong\/ca\/drogues-i-salut\/professionals-del-cas-baluard-gestionat-per-abd-imparteixen-cursos-de-capacitacio-i-reduccio-de-danys-a-colombia\/\" \/>\n<meta property=\"og:site_name\" content=\"ABD\" \/>\n<meta property=\"article:publisher\" content=\"https:\/\/www.facebook.com\/abd.ong\" \/>\n<meta property=\"article:published_time\" content=\"2020-03-03T15:12:01+00:00\" \/>\n<meta property=\"article:modified_time\" content=\"2020-06-16T09:25:20+00:00\" \/>\n<meta property=\"og:image\" content=\"https:\/\/abd.ong\/wp-content\/uploads\/2020\/03\/Formaci\u00f3n-2020.png\" \/>\n\t<meta property=\"og:image:width\" content=\"1268\" \/>\n\t<meta property=\"og:image:height\" content=\"804\" \/>\n\t<meta property=\"og:image:type\" content=\"image\/png\" \/>\n<meta name=\"author\" content=\"Enric Guinart\" \/>\n<meta name=\"twitter:card\" content=\"summary_large_image\" \/>\n<meta name=\"twitter:creator\" content=\"@abd_ong\" \/>\n<meta name=\"twitter:site\" content=\"@abd_ong\" \/>\n<meta name=\"twitter:label1\" content=\"Escrit per\" \/>\n\t<meta name=\"twitter:data1\" content=\"Enric Guinart\" \/>\n\t<meta name=\"twitter:label2\" content=\"Temps estimat de lectura\" \/>\n\t<meta name=\"twitter:data2\" content=\"3 minuts\" \/>\n<script type=\"application\/ld+json\" class=\"yoast-schema-graph\">{\"@context\":\"https:\\\/\\\/schema.org\",\"@graph\":[{\"@type\":\"Article\",\"@id\":\"https:\\\/\\\/abd.ong\\\/ca\\\/drogues-i-salut\\\/professionals-del-cas-baluard-gestionat-per-abd-imparteixen-cursos-de-capacitacio-i-reduccio-de-danys-a-colombia\\\/#article\",\"isPartOf\":{\"@id\":\"https:\\\/\\\/abd.ong\\\/ca\\\/drogues-i-salut\\\/professionals-del-cas-baluard-gestionat-per-abd-imparteixen-cursos-de-capacitacio-i-reduccio-de-danys-a-colombia\\\/\"},\"author\":{\"name\":\"Enric Guinart\",\"@id\":\"https:\\\/\\\/abd.ong\\\/ca\\\/#\\\/schema\\\/person\\\/d0f5fe279a7ad908de6a6d1332bfd7d8\"},\"headline\":\"Professionals del CAS Baluard, gestionat per ABD, imparteixen cursos de capacitaci\u00f3 i reducci\u00f3 de danys a Col\u00f2mbia\",\"datePublished\":\"2020-03-03T15:12:01+00:00\",\"dateModified\":\"2020-06-16T09:25:20+00:00\",\"mainEntityOfPage\":{\"@id\":\"https:\\\/\\\/abd.ong\\\/ca\\\/drogues-i-salut\\\/professionals-del-cas-baluard-gestionat-per-abd-imparteixen-cursos-de-capacitacio-i-reduccio-de-danys-a-colombia\\\/\"},\"wordCount\":583,\"publisher\":{\"@id\":\"https:\\\/\\\/abd.ong\\\/ca\\\/#organization\"},\"image\":{\"@id\":\"https:\\\/\\\/abd.ong\\\/ca\\\/drogues-i-salut\\\/professionals-del-cas-baluard-gestionat-per-abd-imparteixen-cursos-de-capacitacio-i-reduccio-de-danys-a-colombia\\\/#primaryimage\"},\"thumbnailUrl\":\"https:\\\/\\\/abd.ong\\\/wp-content\\\/uploads\\\/2020\\\/03\\\/Formaci\u00f3n-2020.png\",\"keywords\":[\"Colombia\",\"Reducci\u00f3 de Danys\",\"Salut\"],\"articleSection\":[\"Drogues i salut\"],\"inLanguage\":\"ca\"},{\"@type\":\"WebPage\",\"@id\":\"https:\\\/\\\/abd.ong\\\/ca\\\/drogues-i-salut\\\/professionals-del-cas-baluard-gestionat-per-abd-imparteixen-cursos-de-capacitacio-i-reduccio-de-danys-a-colombia\\\/\",\"url\":\"https:\\\/\\\/abd.ong\\\/ca\\\/drogues-i-salut\\\/professionals-del-cas-baluard-gestionat-per-abd-imparteixen-cursos-de-capacitacio-i-reduccio-de-danys-a-colombia\\\/\",\"name\":\"Professionals del CAS Baluard, gestionat per ABD, imparteixen cursos de capacitaci\u00f3 i reducci\u00f3 de danys a Col\u00f2mbia - ABD\",\"isPartOf\":{\"@id\":\"https:\\\/\\\/abd.ong\\\/ca\\\/#website\"},\"primaryImageOfPage\":{\"@id\":\"https:\\\/\\\/abd.ong\\\/ca\\\/drogues-i-salut\\\/professionals-del-cas-baluard-gestionat-per-abd-imparteixen-cursos-de-capacitacio-i-reduccio-de-danys-a-colombia\\\/#primaryimage\"},\"image\":{\"@id\":\"https:\\\/\\\/abd.ong\\\/ca\\\/drogues-i-salut\\\/professionals-del-cas-baluard-gestionat-per-abd-imparteixen-cursos-de-capacitacio-i-reduccio-de-danys-a-colombia\\\/#primaryimage\"},\"thumbnailUrl\":\"https:\\\/\\\/abd.ong\\\/wp-content\\\/uploads\\\/2020\\\/03\\\/Formaci\u00f3n-2020.png\",\"datePublished\":\"2020-03-03T15:12:01+00:00\",\"dateModified\":\"2020-06-16T09:25:20+00:00\",\"description\":\"Les professionals del servei&nbsp;CAS Baluard&nbsp;de l\u2019Ag\u00e8ncia de Salut P\u00fablica de Barcelona&nbsp;i gestionat per l\u2019Associaci\u00f3 Benestar i Desenvolupament\",\"breadcrumb\":{\"@id\":\"https:\\\/\\\/abd.ong\\\/ca\\\/drogues-i-salut\\\/professionals-del-cas-baluard-gestionat-per-abd-imparteixen-cursos-de-capacitacio-i-reduccio-de-danys-a-colombia\\\/#breadcrumb\"},\"inLanguage\":\"ca\",\"potentialAction\":[{\"@type\":\"ReadAction\",\"target\":[\"https:\\\/\\\/abd.ong\\\/ca\\\/drogues-i-salut\\\/professionals-del-cas-baluard-gestionat-per-abd-imparteixen-cursos-de-capacitacio-i-reduccio-de-danys-a-colombia\\\/\"]}]},{\"@type\":\"ImageObject\",\"inLanguage\":\"ca\",\"@id\":\"https:\\\/\\\/abd.ong\\\/ca\\\/drogues-i-salut\\\/professionals-del-cas-baluard-gestionat-per-abd-imparteixen-cursos-de-capacitacio-i-reduccio-de-danys-a-colombia\\\/#primaryimage\",\"url\":\"https:\\\/\\\/abd.ong\\\/wp-content\\\/uploads\\\/2020\\\/03\\\/Formaci\u00f3n-2020.png\",\"contentUrl\":\"https:\\\/\\\/abd.ong\\\/wp-content\\\/uploads\\\/2020\\\/03\\\/Formaci\u00f3n-2020.png\",\"width\":1268,\"height\":804},{\"@type\":\"BreadcrumbList\",\"@id\":\"https:\\\/\\\/abd.ong\\\/ca\\\/drogues-i-salut\\\/professionals-del-cas-baluard-gestionat-per-abd-imparteixen-cursos-de-capacitacio-i-reduccio-de-danys-a-colombia\\\/#breadcrumb\",\"itemListElement\":[{\"@type\":\"ListItem\",\"position\":1,\"name\":\"Inici\",\"item\":\"https:\\\/\\\/abd.ong\\\/ca\\\/\"},{\"@type\":\"ListItem\",\"position\":2,\"name\":\"Professionals del CAS Baluard, gestionat per ABD, imparteixen cursos de capacitaci\u00f3 i reducci\u00f3 de danys a Col\u00f2mbia\"}]},{\"@type\":\"WebSite\",\"@id\":\"https:\\\/\\\/abd.ong\\\/ca\\\/#website\",\"url\":\"https:\\\/\\\/abd.ong\\\/ca\\\/\",\"name\":\"ABD\",\"description\":\"Asociaci\u00f3n Bienestar y Desarrollo\",\"publisher\":{\"@id\":\"https:\\\/\\\/abd.ong\\\/ca\\\/#organization\"},\"potentialAction\":[{\"@type\":\"SearchAction\",\"target\":{\"@type\":\"EntryPoint\",\"urlTemplate\":\"https:\\\/\\\/abd.ong\\\/ca\\\/?s={search_term_string}\"},\"query-input\":{\"@type\":\"PropertyValueSpecification\",\"valueRequired\":true,\"valueName\":\"search_term_string\"}}],\"inLanguage\":\"ca\"},{\"@type\":\"Organization\",\"@id\":\"https:\\\/\\\/abd.ong\\\/ca\\\/#organization\",\"name\":\"Associaci\u00f3 Benestar i Desenvolupament\",\"alternateName\":\"ABD\",\"url\":\"https:\\\/\\\/abd.ong\\\/ca\\\/\",\"logo\":{\"@type\":\"ImageObject\",\"inLanguage\":\"ca\",\"@id\":\"https:\\\/\\\/abd.ong\\\/ca\\\/#\\\/schema\\\/logo\\\/image\\\/\",\"url\":\"https:\\\/\\\/abd.ong\\\/wp-content\\\/uploads\\\/2023\\\/01\\\/Icona.png\",\"contentUrl\":\"https:\\\/\\\/abd.ong\\\/wp-content\\\/uploads\\\/2023\\\/01\\\/Icona.png\",\"width\":190,\"height\":187,\"caption\":\"Associaci\u00f3 Benestar i Desenvolupament\"},\"image\":{\"@id\":\"https:\\\/\\\/abd.ong\\\/ca\\\/#\\\/schema\\\/logo\\\/image\\\/\"},\"sameAs\":[\"https:\\\/\\\/www.facebook.com\\\/abd.ong\",\"https:\\\/\\\/x.com\\\/abd_ong\",\"https:\\\/\\\/www.instagram.com\\\/abd_ong\\\/\",\"https:\\\/\\\/www.linkedin.com\\\/company\\\/abdong\",\"https:\\\/\\\/www.youtube.com\\\/user\\\/CANALABD\"]},{\"@type\":\"Person\",\"@id\":\"https:\\\/\\\/abd.ong\\\/ca\\\/#\\\/schema\\\/person\\\/d0f5fe279a7ad908de6a6d1332bfd7d8\",\"name\":\"Enric Guinart\"}]}<\/script>\n<!-- \/ Yoast SEO plugin. -->","yoast_head_json":{"title":"Professionals del CAS Baluard, gestionat per ABD, imparteixen cursos de capacitaci\u00f3 i reducci\u00f3 de danys a Col\u00f2mbia - ABD","description":"Les professionals del servei&nbsp;CAS Baluard&nbsp;de l\u2019Ag\u00e8ncia de Salut P\u00fablica de Barcelona&nbsp;i gestionat per l\u2019Associaci\u00f3 Benestar i Desenvolupament","robots":{"index":"index","follow":"follow","max-snippet":"max-snippet:-1","max-image-preview":"max-image-preview:large","max-video-preview":"max-video-preview:-1"},"canonical":"https:\/\/abd.ong\/ca\/drogues-i-salut\/professionals-del-cas-baluard-gestionat-per-abd-imparteixen-cursos-de-capacitacio-i-reduccio-de-danys-a-colombia\/","og_locale":"ca_ES","og_type":"article","og_title":"Professionals del CAS Baluard, gestionat per ABD, imparteixen cursos de capacitaci\u00f3 i reducci\u00f3 de danys a Col\u00f2mbia - ABD","og_description":"Les professionals del servei&nbsp;CAS Baluard&nbsp;de l\u2019Ag\u00e8ncia de Salut P\u00fablica de Barcelona&nbsp;i gestionat per l\u2019Associaci\u00f3 Benestar i Desenvolupament","og_url":"https:\/\/abd.ong\/ca\/drogues-i-salut\/professionals-del-cas-baluard-gestionat-per-abd-imparteixen-cursos-de-capacitacio-i-reduccio-de-danys-a-colombia\/","og_site_name":"ABD","article_publisher":"https:\/\/www.facebook.com\/abd.ong","article_published_time":"2020-03-03T15:12:01+00:00","article_modified_time":"2020-06-16T09:25:20+00:00","og_image":[{"width":1268,"height":804,"url":"https:\/\/abd.ong\/wp-content\/uploads\/2020\/03\/Formaci\u00f3n-2020.png","type":"image\/png"}],"author":"Enric Guinart","twitter_card":"summary_large_image","twitter_creator":"@abd_ong","twitter_site":"@abd_ong","twitter_misc":{"Escrit per":"Enric Guinart","Temps estimat de lectura":"3 minuts"},"schema":{"@context":"https:\/\/schema.org","@graph":[{"@type":"Article","@id":"https:\/\/abd.ong\/ca\/drogues-i-salut\/professionals-del-cas-baluard-gestionat-per-abd-imparteixen-cursos-de-capacitacio-i-reduccio-de-danys-a-colombia\/#article","isPartOf":{"@id":"https:\/\/abd.ong\/ca\/drogues-i-salut\/professionals-del-cas-baluard-gestionat-per-abd-imparteixen-cursos-de-capacitacio-i-reduccio-de-danys-a-colombia\/"},"author":{"name":"Enric Guinart","@id":"https:\/\/abd.ong\/ca\/#\/schema\/person\/d0f5fe279a7ad908de6a6d1332bfd7d8"},"headline":"Professionals del CAS Baluard, gestionat per ABD, imparteixen cursos de capacitaci\u00f3 i reducci\u00f3 de danys a Col\u00f2mbia","datePublished":"2020-03-03T15:12:01+00:00","dateModified":"2020-06-16T09:25:20+00:00","mainEntityOfPage":{"@id":"https:\/\/abd.ong\/ca\/drogues-i-salut\/professionals-del-cas-baluard-gestionat-per-abd-imparteixen-cursos-de-capacitacio-i-reduccio-de-danys-a-colombia\/"},"wordCount":583,"publisher":{"@id":"https:\/\/abd.ong\/ca\/#organization"},"image":{"@id":"https:\/\/abd.ong\/ca\/drogues-i-salut\/professionals-del-cas-baluard-gestionat-per-abd-imparteixen-cursos-de-capacitacio-i-reduccio-de-danys-a-colombia\/#primaryimage"},"thumbnailUrl":"https:\/\/abd.ong\/wp-content\/uploads\/2020\/03\/Formaci\u00f3n-2020.png","keywords":["Colombia","Reducci\u00f3 de Danys","Salut"],"articleSection":["Drogues i salut"],"inLanguage":"ca"},{"@type":"WebPage","@id":"https:\/\/abd.ong\/ca\/drogues-i-salut\/professionals-del-cas-baluard-gestionat-per-abd-imparteixen-cursos-de-capacitacio-i-reduccio-de-danys-a-colombia\/","url":"https:\/\/abd.ong\/ca\/drogues-i-salut\/professionals-del-cas-baluard-gestionat-per-abd-imparteixen-cursos-de-capacitacio-i-reduccio-de-danys-a-colombia\/","name":"Professionals del CAS Baluard, gestionat per ABD, imparteixen cursos de capacitaci\u00f3 i reducci\u00f3 de danys a Col\u00f2mbia - ABD","isPartOf":{"@id":"https:\/\/abd.ong\/ca\/#website"},"primaryImageOfPage":{"@id":"https:\/\/abd.ong\/ca\/drogues-i-salut\/professionals-del-cas-baluard-gestionat-per-abd-imparteixen-cursos-de-capacitacio-i-reduccio-de-danys-a-colombia\/#primaryimage"},"image":{"@id":"https:\/\/abd.ong\/ca\/drogues-i-salut\/professionals-del-cas-baluard-gestionat-per-abd-imparteixen-cursos-de-capacitacio-i-reduccio-de-danys-a-colombia\/#primaryimage"},"thumbnailUrl":"https:\/\/abd.ong\/wp-content\/uploads\/2020\/03\/Formaci\u00f3n-2020.png","datePublished":"2020-03-03T15:12:01+00:00","dateModified":"2020-06-16T09:25:20+00:00","description":"Les professionals del servei&nbsp;CAS Baluard&nbsp;de l\u2019Ag\u00e8ncia de Salut P\u00fablica de Barcelona&nbsp;i gestionat per l\u2019Associaci\u00f3 Benestar i Desenvolupament","breadcrumb":{"@id":"https:\/\/abd.ong\/ca\/drogues-i-salut\/professionals-del-cas-baluard-gestionat-per-abd-imparteixen-cursos-de-capacitacio-i-reduccio-de-danys-a-colombia\/#breadcrumb"},"inLanguage":"ca","potentialAction":[{"@type":"ReadAction","target":["https:\/\/abd.ong\/ca\/drogues-i-salut\/professionals-del-cas-baluard-gestionat-per-abd-imparteixen-cursos-de-capacitacio-i-reduccio-de-danys-a-colombia\/"]}]},{"@type":"ImageObject","inLanguage":"ca","@id":"https:\/\/abd.ong\/ca\/drogues-i-salut\/professionals-del-cas-baluard-gestionat-per-abd-imparteixen-cursos-de-capacitacio-i-reduccio-de-danys-a-colombia\/#primaryimage","url":"https:\/\/abd.ong\/wp-content\/uploads\/2020\/03\/Formaci\u00f3n-2020.png","contentUrl":"https:\/\/abd.ong\/wp-content\/uploads\/2020\/03\/Formaci\u00f3n-2020.png","width":1268,"height":804},{"@type":"BreadcrumbList","@id":"https:\/\/abd.ong\/ca\/drogues-i-salut\/professionals-del-cas-baluard-gestionat-per-abd-imparteixen-cursos-de-capacitacio-i-reduccio-de-danys-a-colombia\/#breadcrumb","itemListElement":[{"@type":"ListItem","position":1,"name":"Inici","item":"https:\/\/abd.ong\/ca\/"},{"@type":"ListItem","position":2,"name":"Professionals del CAS Baluard, gestionat per ABD, imparteixen cursos de capacitaci\u00f3 i reducci\u00f3 de danys a Col\u00f2mbia"}]},{"@type":"WebSite","@id":"https:\/\/abd.ong\/ca\/#website","url":"https:\/\/abd.ong\/ca\/","name":"ABD","description":"Asociaci\u00f3n Bienestar y Desarrollo","publisher":{"@id":"https:\/\/abd.ong\/ca\/#organization"},"potentialAction":[{"@type":"SearchAction","target":{"@type":"EntryPoint","urlTemplate":"https:\/\/abd.ong\/ca\/?s={search_term_string}"},"query-input":{"@type":"PropertyValueSpecification","valueRequired":true,"valueName":"search_term_string"}}],"inLanguage":"ca"},{"@type":"Organization","@id":"https:\/\/abd.ong\/ca\/#organization","name":"Associaci\u00f3 Benestar i Desenvolupament","alternateName":"ABD","url":"https:\/\/abd.ong\/ca\/","logo":{"@type":"ImageObject","inLanguage":"ca","@id":"https:\/\/abd.ong\/ca\/#\/schema\/logo\/image\/","url":"https:\/\/abd.ong\/wp-content\/uploads\/2023\/01\/Icona.png","contentUrl":"https:\/\/abd.ong\/wp-content\/uploads\/2023\/01\/Icona.png","width":190,"height":187,"caption":"Associaci\u00f3 Benestar i Desenvolupament"},"image":{"@id":"https:\/\/abd.ong\/ca\/#\/schema\/logo\/image\/"},"sameAs":["https:\/\/www.facebook.com\/abd.ong","https:\/\/x.com\/abd_ong","https:\/\/www.instagram.com\/abd_ong\/","https:\/\/www.linkedin.com\/company\/abdong","https:\/\/www.youtube.com\/user\/CANALABD"]},{"@type":"Person","@id":"https:\/\/abd.ong\/ca\/#\/schema\/person\/d0f5fe279a7ad908de6a6d1332bfd7d8","name":"Enric Guinart"}]}},"_links":{"self":[{"href":"https:\/\/abd.ong\/ca\/wp-json\/wp\/v2\/posts\/14329","targetHints":{"allow":["GET"]}}],"collection":[{"href":"https:\/\/abd.ong\/ca\/wp-json\/wp\/v2\/posts"}],"about":[{"href":"https:\/\/abd.ong\/ca\/wp-json\/wp\/v2\/types\/post"}],"author":[{"embeddable":true,"href":"https:\/\/abd.ong\/ca\/wp-json\/wp\/v2\/users\/2"}],"replies":[{"embeddable":true,"href":"https:\/\/abd.ong\/ca\/wp-json\/wp\/v2\/comments?post=14329"}],"version-history":[{"count":3,"href":"https:\/\/abd.ong\/ca\/wp-json\/wp\/v2\/posts\/14329\/revisions"}],"predecessor-version":[{"id":15690,"href":"https:\/\/abd.ong\/ca\/wp-json\/wp\/v2\/posts\/14329\/revisions\/15690"}],"wp:featuredmedia":[{"embeddable":true,"href":"https:\/\/abd.ong\/ca\/wp-json\/wp\/v2\/media\/15684"}],"wp:attachment":[{"href":"https:\/\/abd.ong\/ca\/wp-json\/wp\/v2\/media?parent=14329"}],"wp:term":[{"taxonomy":"category","embeddable":true,"href":"https:\/\/abd.ong\/ca\/wp-json\/wp\/v2\/categories?post=14329"},{"taxonomy":"post_tag","embeddable":true,"href":"https:\/\/abd.ong\/ca\/wp-json\/wp\/v2\/tags?post=14329"}],"curies":[{"name":"wp","href":"https:\/\/api.w.org\/{rel}","templated":true}]}}