{"id":13813,"date":"2020-02-25T18:22:58","date_gmt":"2020-02-25T17:22:58","guid":{"rendered":"https:\/\/abd.ong\/?p=13813"},"modified":"2021-09-27T11:15:31","modified_gmt":"2021-09-27T09:15:31","slug":"la-vida-despres-la-historia-de-tres-dones-que-van-anar-a-la-preso-per-parir-a-el-salvador","status":"publish","type":"post","link":"https:\/\/abd.ong\/ca\/sense-categoria\/la-vida-despres-la-historia-de-tres-dones-que-van-anar-a-la-preso-per-parir-a-el-salvador\/","title":{"rendered":"\u201cLa vida despr\u00e9s\u201d, la hist\u00f2ria de tres dones que van anar a la pres\u00f3 per parir a El Salvador"},"content":{"rendered":"\t\t<div data-elementor-type=\"wp-post\" data-elementor-id=\"13813\" class=\"elementor elementor-13813 elementor-13586\" data-elementor-post-type=\"post\">\n\t\t\t\t\t\t<section class=\"elementor-section elementor-top-section elementor-element elementor-element-cb064ec elementor-section-boxed elementor-section-height-default elementor-section-height-default\" data-id=\"cb064ec\" data-element_type=\"section\" data-e-type=\"section\">\n\t\t\t\t\t\t<div class=\"elementor-container elementor-column-gap-default\">\n\t\t\t\t\t<div class=\"elementor-column elementor-col-100 elementor-top-column elementor-element elementor-element-d0001b9\" data-id=\"d0001b9\" data-element_type=\"column\" data-e-type=\"column\">\n\t\t\t<div class=\"elementor-widget-wrap elementor-element-populated\">\n\t\t\t\t\t\t<div class=\"elementor-element elementor-element-ae778c4 elementor-widget elementor-widget-text-editor\" data-id=\"ae778c4\" data-element_type=\"widget\" data-e-type=\"widget\" data-widget_type=\"text-editor.default\">\n\t\t\t\t<div class=\"elementor-widget-container\">\n\t\t\t\t\t\t\t\t\t<p style=\"margin-right: 0px; margin-bottom: 10px; margin-left: 0px; text-align: justify; color: #333333; font-family: Helvetica, sans-serif; font-size: 16.8px;\">El dimarts 3 de mar\u00e7 a les 20h s\u2019estrena el documental\u00a0<em>\u201cLa vida despr\u00e9s\u201d<\/em>\u00a0a la sala gran dels\u00a0<a style=\"color: #c98113; cursor: pointer;\" href=\"https:\/\/www.cinemestexas.cat\/\">Cinemes Texas<\/a>. El treball cinematogr\u00e0fic \u00e9s el retrat de la vida m\u00e9s enll\u00e0 de la pres\u00f3 de\u00a0<strong>tres dones de El Salvador que van ser empresonades per haver patit un part extrahospitalari<\/strong>. L\u2019entrada \u00e9s gratu\u00efta per\u00f2 cal fer la inscripci\u00f3\u00a0<a style=\"color: #c98113; cursor: pointer;\" href=\"https:\/\/docs.google.com\/forms\/d\/e\/1FAIpQLSePWl05Drgh6UQHh7Lx8BNoODOTolC-CgAZpey4e922CvI3mg\/viewform\">AQU\u00cd<\/a>.<\/p><p style=\"box-sizing: border-box; margin: 0px 0px 10px; text-align: justify; color: #333333; font-family: Helvetica, sans-serif; font-size: 16.8px; font-style: normal; font-variant-ligatures: normal; font-variant-caps: normal; font-weight: 400; letter-spacing: normal; orphans: 2; text-indent: 0px; text-transform: none; white-space: normal; widows: 2; word-spacing: 0px; -webkit-text-stroke-width: 0px; background-color: #ffffff; text-decoration-style: initial; text-decoration-color: initial;\"><b style=\"font-size: 16.8px;\">Mirna Ram\u00edrez<\/b><span style=\"font-size: 16.8px;\">,\u00a0<\/span><b style=\"font-size: 16.8px;\">Elsi Rosales<\/b><span style=\"font-size: 16.8px;\">\u00a0y\u00a0<\/span><b style=\"font-size: 16.8px;\">Teodora V\u00e1zquez<\/b><span style=\"font-size: 16.8px;\">.\u00a0Les tres viuen i s\u00f3n de El Salvador. Les tres s\u00f3n dones d\u2019escassos recursos i v\u00e9nen de zones rurals. I les tres han estat empresonades. Mirna 12 anys, Teodora 10 anys i Elsi 10 mesos.<\/span><\/p>\t\t\t\t\t\t\t\t<\/div>\n\t\t\t\t<\/div>\n\t\t\t\t<div class=\"elementor-element elementor-element-f8027e8 elementor-widget elementor-widget-heading\" data-id=\"f8027e8\" data-element_type=\"widget\" data-e-type=\"widget\" data-widget_type=\"heading.default\">\n\t\t\t\t<div class=\"elementor-widget-container\">\n\t\t\t\t\t<h2 class=\"elementor-heading-title elementor-size-medium\">El seu delicte? Tenir un part extrahospitalari en un dels sis pa\u00efsos del m\u00f3n m\u00e9s restrictius amb l\u2019avortament.<\/h2>\t\t\t\t<\/div>\n\t\t\t\t<\/div>\n\t\t\t\t<div class=\"elementor-element elementor-element-96a5798 elementor-widget elementor-widget-text-editor\" data-id=\"96a5798\" data-element_type=\"widget\" data-e-type=\"widget\" data-widget_type=\"text-editor.default\">\n\t\t\t\t<div class=\"elementor-widget-container\">\n\t\t\t\t\t\t\t\t\t<p style=\"margin-right: 0px; margin-bottom: 10px; margin-left: 0px; text-align: justify; color: #333333; font-family: Helvetica, sans-serif; font-size: 16.8px;\">Al pa\u00eds centreameric\u00e0 est\u00e0 totalment prohibit avortar des de 1998. Aix\u00f2 provoca que, tot i que les dones no s\u2019hagin provocat l\u2019avortament, sin\u00f3 que hagin tingut una emerg\u00e8ncia obst\u00e8trica, l\u2019Estat les acusi d\u2019homicidi agreujat o intent de homicidi, condemnant-les a fins a 50 anys de pres\u00f3.<\/p><p style=\"margin-right: 0px; margin-bottom: 10px; margin-left: 0px; text-align: justify; color: #333333; font-family: Helvetica, sans-serif; font-size: 16.8px;\">El documental ha estat impulsat per la<strong><a style=\"color: #c98113; cursor: pointer;\" href=\"https:\/\/fundacion.abd-ong.org\/\">\u00a0Fundaci\u00f3 Acci\u00f3 Benestar i Desenvolupament ABD<\/a><\/strong>\u00a0i la<strong><a style=\"color: #c98113; cursor: pointer;\" href=\"http:\/\/beca-devreporter.lafede.cat\/\">\u00a0beca Devreporter<\/a><\/strong>, atorgada per<strong><a style=\"color: #c98113; cursor: pointer;\" href=\"https:\/\/www.lafede.cat\/ca\/es\/\">\u00a0Lafede.cat<\/a><\/strong>\u00a0i realitzat pel director<strong><a style=\"color: #c98113; cursor: pointer;\" href=\"https:\/\/www.instagram.com\/ferranc.alcalde\/?hl=es\">\u00a0Ferran Alcalde<\/a><\/strong>, el fotoperiodista<strong><a style=\"color: #c98113; cursor: pointer;\" href=\"http:\/\/angelgarcia.cat\/\">\u00a0\u00c0ngel Garc\u00eda<\/a><\/strong>, i les periodistes<strong><a style=\"color: #c98113; cursor: pointer;\" href=\"https:\/\/twitter.com\/paulaericsson_\">\u00a0Paula Ericsson<\/a><\/strong>\u00a0i<strong><a style=\"color: #c98113; cursor: pointer;\" href=\"https:\/\/twitter.com\/MaLu_Nochez\">\u00a0Mar\u00eda Luz N\u00f3chez<\/a><\/strong>. Aquesta iniciativa ha rebut el finan\u00e7ament del projecte\u00a0<strong><a style=\"color: #c98113; cursor: pointer;\" href=\"https:\/\/www.framevoicereport.org\/\">Frame, Voice, Report<\/a>\u00a0<\/strong>de\u00a0la\u00a0<strong><a style=\"color: #c98113; cursor: pointer;\" href=\"https:\/\/europa.eu\/european-union\/index_es\">Uni\u00f3 Europea<\/a><\/strong>,<strong>\u00a0<a style=\"color: #c98113; cursor: pointer;\" href=\"https:\/\/www.lafede.cat\/ca\/\">Lafede.cat<\/a><\/strong>,\u00a0l\u2019<strong><a style=\"color: #c98113; cursor: pointer;\" href=\"http:\/\/cooperaciocatalana.gencat.cat\/ca\/inici\/\">Ag\u00e8ncia Catalana de Cooperaci\u00f3 al Desenvolupament<\/a>\u00a0<\/strong>i l\u2019<strong><a style=\"color: #c98113; cursor: pointer;\" href=\"https:\/\/ajuntament.barcelona.cat\/ca\/\">Ajuntament de Barcelona<\/a><\/strong>.<\/p><p style=\"margin-right: 0px; margin-bottom: 10px; margin-left: 0px; text-align: justify; color: #333333; font-family: Helvetica, sans-serif; font-size: 16.8px;\"><span style=\"font-size: 16.8px;\">Despr\u00e9s de la seva projecci\u00f3, hi haur\u00e0 un debat en qu\u00e8 participaran la coordinadora de programes de salut sexual i VIH d\u2019ABD\u00a0<\/span><strong style=\"font-size: 16.8px;\">Aldana Men\u00e9ndez<\/strong><span style=\"font-size: 16.8px;\">, la psic\u00f2loga i conflict\u00f3loga hondurenya\u00a0<\/span><strong style=\"font-size: 16.8px;\">Aixa Dulcey<\/strong><span style=\"font-size: 16.8px;\">, i l\u2019artista visual salvadorenca\u00a0<\/span><strong style=\"font-size: 16.8px;\">Catalina Del Cid<\/strong><span style=\"font-size: 16.8px;\">, qui est\u00e0 compromesa amb la situaci\u00f3 de les persones m\u00e9s vulnerables. Durant la xerrada, moderada per Ericsson, es reflexionar\u00e0 sobre els drets i la salut de les dones a El Salvador.<\/span><\/p><h3 style=\"font-family: Helvetica, sans-serif; font-weight: 500; line-height: 1.4em; color: #333333; margin-top: 20px; margin-bottom: 10px; font-size: 24px;\">Reserva la teva entrada<\/h3><p style=\"margin-right: 0px; margin-bottom: 10px; margin-left: 0px; text-align: justify; color: #333333; font-family: Helvetica, sans-serif; font-size: 16.8px;\">L\u2019assist\u00e8ncia a l\u2019estrena del documental \u00e9s gratu\u00efta per\u00f2 \u00e9s obligatori\u00a0<a style=\"color: #c98113; cursor: pointer;\" href=\"https:\/\/docs.google.com\/forms\/d\/e\/1FAIpQLSePWl05Drgh6UQHh7Lx8BNoODOTolC-CgAZpey4e922CvI3mg\/viewform\">fer la reserva d\u2019entrada AQU\u00cd<\/a>.<a style=\"background-color: #ffffff; text-align: left; color: black; cursor: pointer; padding: 0px 4px; display: inline-block; border: 0px; font-family: 'Abril Fatface', cursive; font-size: 32px; transition: color 0.4s ease 0s, border 0.4s ease 0s; vertical-align: middle;\" title=\"Facebook\" href=\"https:\/\/abd.ong\/#facebook\" target=\"_blank\" rel=\"nofollow noopener\"><span style=\"clip: rect(1px, 1px, 1px, 1px); clip-path: polygon(0px 0px, 0px 0px, 0px 0px); overflow: hidden; height: 32px; width: 32px; border-radius: 4px; opacity: 1; line-height: 32px; position: absolute !important;\">Facebook<\/span><\/a><\/p><div style=\"clear: both; margin: 30px 0px; color: #333333; font-family: Helvetica, sans-serif; font-size: 16.8px;\"><div style=\"display: inline; line-height: 32px; touch-action: manipulation;\" data-a2a-url=\"https:\/\/abd.ong\/blog\/ca\/general-ca\/la-vida-despres-la-historia-de-tres-dones-que-van-anar-a-la-preso-per-parir-a-el-salvador\/\" data-a2a-title=\"\u201cLa vida despr\u00e9s\u201d, la hist\u00f2ria de tres dones que van anar a la pres\u00f3 per parir a El Salvador\"><a style=\"color: black; cursor: pointer; padding: 0px 4px; display: inline-block; border: 0px; font-family: 'Abril Fatface', cursive; font-size: 32px; transition: color 0.4s ease 0s, border 0.4s ease 0s; vertical-align: middle;\" title=\"Twitter\" href=\"https:\/\/abd.ong\/#twitter\" target=\"_blank\" rel=\"nofollow noopener\"><span style=\"clip: rect(1px, 1px, 1px, 1px); clip-path: polygon(0px 0px, 0px 0px, 0px 0px); overflow: hidden; height: 32px; width: 32px; display: inline-block; float: none; border-radius: 4px; opacity: 1; line-height: 32px; position: absolute !important;\">Twitter<\/span><\/a><a style=\"color: black; cursor: pointer; padding: 0px 4px; display: inline-block; border: 0px; font-family: 'Abril Fatface', cursive; font-size: 32px; transition: color 0.4s ease 0s, border 0.4s ease 0s; vertical-align: middle;\" title=\"LinkedIn\" href=\"https:\/\/abd.ong\/#linkedin\" target=\"_blank\" rel=\"nofollow noopener\"><span style=\"clip: rect(1px, 1px, 1px, 1px); clip-path: polygon(0px 0px, 0px 0px, 0px 0px); overflow: hidden; height: 32px; width: 32px; display: inline-block; float: none; border-radius: 4px; opacity: 1; line-height: 32px; position: absolute !important;\">LinkedIn<\/span><\/a><a style=\"color: black; cursor: pointer; padding: 0px 4px; display: inline-block; border: 0px; font-family: 'Abril Fatface', cursive; font-size: 32px; transition: color 0.4s ease 0s, border 0.4s ease 0s; vertical-align: middle;\" title=\"WhatsApp\" href=\"https:\/\/abd.ong\/#whatsapp\" target=\"_blank\" rel=\"nofollow noopener\"><span style=\"clip: rect(1px, 1px, 1px, 1px); clip-path: polygon(0px 0px, 0px 0px, 0px 0px); overflow: hidden; height: 32px; width: 32px; display: inline-block; float: none; border-radius: 4px; opacity: 1; line-height: 32px; position: absolute !important;\">WhatsApp<\/span><\/a><a style=\"color: black; cursor: pointer; padding: 0px 4px; display: inline-block; border: 0px; font-family: 'Abril Fatface', cursive; font-size: 32px; transition: color 0.4s ease 0s, border 0.4s ease 0s; vertical-align: middle;\" title=\"Telegram\" href=\"https:\/\/abd.ong\/#telegram\" target=\"_blank\" rel=\"nofollow noopener\"><span style=\"clip: rect(1px, 1px, 1px, 1px); clip-path: polygon(0px 0px, 0px 0px, 0px 0px); overflow: hidden; height: 32px; width: 32px; display: inline-block; float: none; border-radius: 4px; opacity: 1; line-height: 32px; position: absolute !important;\">Telegram<\/span><\/a><a style=\"color: black; cursor: pointer; padding: 0px 4px; display: inline-block; border: 0px; font-family: 'Abril Fatface', cursive; font-size: 32px; transition: color 0.4s ease 0s, border 0.4s ease 0s; vertical-align: middle;\" title=\"Email\" href=\"https:\/\/abd.ong\/#email\" target=\"_blank\" rel=\"nofollow noopener\"><span style=\"clip: rect(1px, 1px, 1px, 1px); clip-path: polygon(0px 0px, 0px 0px, 0px 0px); overflow: hidden; height: 32px; width: 32px; display: inline-block; float: none; border-radius: 4px; opacity: 1; line-height: 32px; position: absolute !important;\">Email<\/span><\/a><a style=\"color: black; cursor: pointer; padding: 0px 4px; display: inline-block; border: 0px; font-family: 'Abril Fatface', cursive; font-size: 32px; transition: color 0.4s ease 0s, border 0.4s ease 0s; vertical-align: middle;\" title=\"PrintFriendly\" href=\"https:\/\/abd.ong\/#printfriendly\" target=\"_blank\" rel=\"nofollow noopener\"><span style=\"clip: rect(1px, 1px, 1px, 1px); clip-path: polygon(0px 0px, 0px 0px, 0px 0px); overflow: hidden; height: 32px; width: 32px; display: inline-block; float: none; border-radius: 4px; opacity: 1; line-height: 32px; position: absolute !important;\">PrintFriendly<\/span><\/a><\/div><\/div><p style=\"margin-right: 0px; margin-bottom: 10px; margin-left: 0px; text-align: justify; color: #333333; font-family: Helvetica, sans-serif; font-size: 16.8px;\"><a style=\"background-color: #ffffff; text-align: left; color: black; cursor: pointer; padding: 0px 4px; display: inline-block; border: 0px; font-family: 'Abril Fatface', cursive; font-size: 32px; transition: color 0.4s ease 0s, border 0.4s ease 0s; vertical-align: middle;\" title=\"Facebook\" href=\"https:\/\/abd.ong\/#facebook\" target=\"_blank\" rel=\"nofollow noopener\"><span style=\"clip: rect(1px, 1px, 1px, 1px); clip-path: polygon(0px 0px, 0px 0px, 0px 0px); overflow: hidden; height: 32px; width: 32px; border-radius: 4px; opacity: 1; line-height: 32px; display: inline !important; position: absolute !important;\">Facebook<\/span><\/a><\/p><div style=\"clear: both; margin: 30px 0px; color: #333333; font-family: Helvetica, sans-serif; font-size: 16.8px;\"><div style=\"display: inline; line-height: 32px; touch-action: manipulation;\" data-a2a-url=\"https:\/\/abd.ong\/blog\/general\/la-vida-despues-la-historia-de-tres-mujeres-que-fueron-a-la-carcel-por-parir-en-el-salvador\/\" data-a2a-title=\"\u201cLa vida despu\u00e9s\u201d, la historia de tres mujeres que fueron a la c\u00e1rcel por parir en El Salvador\"><span style=\"clip: rect(1px, 1px, 1px, 1px); clip-path: polygon(0px 0px, 0px 0px, 0px 0px); overflow: hidden; height: 32px; width: 32px; display: inline-block; float: none; border-radius: 4px; opacity: 1; line-height: 32px; position: absolute !important;\">Twitter<\/span><span style=\"clip: rect(1px, 1px, 1px, 1px); clip-path: polygon(0px 0px, 0px 0px, 0px 0px); overflow: hidden; height: 32px; width: 32px; display: inline-block; float: none; border-radius: 4px; opacity: 1; line-height: 32px; position: absolute !important;\">LinkedIn<\/span><span style=\"clip: rect(1px, 1px, 1px, 1px); clip-path: polygon(0px 0px, 0px 0px, 0px 0px); overflow: hidden; height: 32px; width: 32px; display: inline-block; float: none; border-radius: 4px; opacity: 1; line-height: 32px; position: absolute !important;\">WhatsApp<\/span><span style=\"clip: rect(1px, 1px, 1px, 1px); clip-path: polygon(0px 0px, 0px 0px, 0px 0px); overflow: hidden; height: 32px; width: 32px; display: inline-block; float: none; border-radius: 4px; opacity: 1; line-height: 32px; position: absolute !important;\">Telegram<\/span><span style=\"clip: rect(1px, 1px, 1px, 1px); clip-path: polygon(0px 0px, 0px 0px, 0px 0px); overflow: hidden; height: 32px; width: 32px; display: inline-block; float: none; border-radius: 4px; opacity: 1; line-height: 32px; position: absolute !important;\">Em<\/span><span style=\"clip: rect(1px, 1px, 1px, 1px); clip-path: polygon(0px 0px, 0px 0px, 0px 0px); overflow: hidden; height: 32px; width: 32px; display: inline-block; float: none; border-radius: 4px; opacity: 1; line-height: 32px; position: absolute !important;\">PrintFriendly<\/span><\/div><\/div>\t\t\t\t\t\t\t\t<\/div>\n\t\t\t\t<\/div>\n\t\t\t\t<div class=\"elementor-element elementor-element-9411a7f elementor-widget elementor-widget-button\" data-id=\"9411a7f\" data-element_type=\"widget\" data-e-type=\"widget\" data-widget_type=\"button.default\">\n\t\t\t\t<div class=\"elementor-widget-container\">\n\t\t\t\t\t\t\t\t\t<div class=\"elementor-button-wrapper\">\n\t\t\t\t\t<a class=\"elementor-button elementor-button-link elementor-size-sm\" href=\"\">\n\t\t\t\t\t\t<span class=\"elementor-button-content-wrapper\">\n\t\t\t\t\t\t<span class=\"elementor-button-icon\">\n\t\t\t\t<i aria-hidden=\"true\" class=\"far fa-id-card\"><\/i>\t\t\t<\/span>\n\t\t\t\t\t\t\t\t\t<span class=\"elementor-button-text\">Reserva la teva entrada<\/span>\n\t\t\t\t\t<\/span>\n\t\t\t\t\t<\/a>\n\t\t\t\t<\/div>\n\t\t\t\t\t\t\t\t<\/div>\n\t\t\t\t<\/div>\n\t\t\t\t<div class=\"elementor-element elementor-element-95f1efb elementor-widget elementor-widget-video\" data-id=\"95f1efb\" data-element_type=\"widget\" data-e-type=\"widget\" data-settings=\"{&quot;youtube_url&quot;:&quot;https:\\\/\\\/www.youtube.com\\\/watch?v=W0yvnVUpEIs&quot;,&quot;video_type&quot;:&quot;youtube&quot;,&quot;controls&quot;:&quot;yes&quot;}\" data-widget_type=\"video.default\">\n\t\t\t\t<div class=\"elementor-widget-container\">\n\t\t\t\t\t\t\t<div class=\"elementor-wrapper elementor-open-inline\">\n\t\t\t<div class=\"elementor-video\"><\/div>\t\t<\/div>\n\t\t\t\t\t\t<\/div>\n\t\t\t\t<\/div>\n\t\t\t\t<div class=\"elementor-element elementor-element-cdc0120 elementor-widget elementor-widget-image\" data-id=\"cdc0120\" data-element_type=\"widget\" data-e-type=\"widget\" data-widget_type=\"image.default\">\n\t\t\t\t<div class=\"elementor-widget-container\">\n\t\t\t\t\t\t\t\t\t\t\t\t\t\t\t<img fetchpriority=\"high\" decoding=\"async\" width=\"724\" height=\"1024\" src=\"https:\/\/abd.ong\/wp-content\/uploads\/2020\/02\/lavidadespues-_-cartel-724x1024.png\" class=\"attachment-large size-large wp-image-13593\" alt=\"\" srcset=\"https:\/\/abd.ong\/wp-content\/uploads\/2020\/02\/lavidadespues-_-cartel-724x1024.png 724w, https:\/\/abd.ong\/wp-content\/uploads\/2020\/02\/lavidadespues-_-cartel-212x300.png 212w, https:\/\/abd.ong\/wp-content\/uploads\/2020\/02\/lavidadespues-_-cartel-768x1087.png 768w, https:\/\/abd.ong\/wp-content\/uploads\/2020\/02\/lavidadespues-_-cartel-1085x1536.png 1085w, https:\/\/abd.ong\/wp-content\/uploads\/2020\/02\/lavidadespues-_-cartel-1447x2048.png 1447w, https:\/\/abd.ong\/wp-content\/uploads\/2020\/02\/lavidadespues-_-cartel.png 2048w\" sizes=\"(max-width: 724px) 100vw, 724px\" \/>\t\t\t\t\t\t\t\t\t\t\t\t\t\t\t<\/div>\n\t\t\t\t<\/div>\n\t\t\t\t\t<\/div>\n\t\t<\/div>\n\t\t\t\t\t<\/div>\n\t\t<\/section>\n\t\t\t\t<\/div>\n\t\t","protected":false},"excerpt":{"rendered":"<p>El dimarts 3 de mar\u00e7 a les 20h s\u2019estrena el documental&nbsp;\u201cLa vida despr\u00e9s\u201d&nbsp;a la sala gran dels&nbsp;Cinemes Texas. El treball cinematogr\u00e0fic \u00e9s el retrat de la vida m\u00e9s enll\u00e0 de&hellip;<\/p>\n","protected":false},"author":2,"featured_media":13590,"comment_status":"closed","ping_status":"closed","sticky":false,"template":"","format":"standard","meta":{"_acf_changed":false,"footnotes":""},"categories":[2],"tags":[119],"class_list":["post-13813","post","type-post","status-publish","format-standard","has-post-thumbnail","hentry","category-sense-categoria","tag-abd","ods-aliances-per-assolir-els-objectius","ods-igualtat-de-genere","ods-reduccio-de-les-desigualtats","right-dret-a-la-integritat-personal","right-dret-a-la-llibertat-dexpressio","right-drets-de-les-dones"],"acf":[],"yoast_head":"<!-- This site is optimized with the Yoast SEO plugin v27.4 - https:\/\/yoast.com\/product\/yoast-seo-wordpress\/ -->\n<title>\u201cLa vida despr\u00e9s\u201d, la hist\u00f2ria de tres dones que van anar a la pres\u00f3 per parir a El Salvador - ABD<\/title>\n<meta name=\"description\" content=\"El dimarts 3 de mar\u00e7 a les 20h s\u2019estrena el documental&nbsp;\u201cLa vida despr\u00e9s\u201d&nbsp;a la sala gran dels&nbsp;Cinemes Texas. El treball cinematogr\u00e0fic \u00e9s el\" \/>\n<meta name=\"robots\" content=\"index, follow, max-snippet:-1, max-image-preview:large, max-video-preview:-1\" \/>\n<link rel=\"canonical\" href=\"https:\/\/abd.ong\/ca\/sense-categoria\/la-vida-despres-la-historia-de-tres-dones-que-van-anar-a-la-preso-per-parir-a-el-salvador\/\" \/>\n<meta property=\"og:locale\" content=\"ca_ES\" \/>\n<meta property=\"og:type\" content=\"article\" \/>\n<meta property=\"og:title\" content=\"\u201cLa vida despr\u00e9s\u201d, la hist\u00f2ria de tres dones que van anar a la pres\u00f3 per parir a El Salvador - ABD\" \/>\n<meta property=\"og:description\" content=\"El dimarts 3 de mar\u00e7 a les 20h s\u2019estrena el documental&nbsp;\u201cLa vida despr\u00e9s\u201d&nbsp;a la sala gran dels&nbsp;Cinemes Texas. El treball cinematogr\u00e0fic \u00e9s el\" \/>\n<meta property=\"og:url\" content=\"https:\/\/abd.ong\/ca\/sense-categoria\/la-vida-despres-la-historia-de-tres-dones-que-van-anar-a-la-preso-per-parir-a-el-salvador\/\" \/>\n<meta property=\"og:site_name\" content=\"ABD\" \/>\n<meta property=\"article:publisher\" content=\"https:\/\/www.facebook.com\/abd.ong\" \/>\n<meta property=\"article:published_time\" content=\"2020-02-25T17:22:58+00:00\" \/>\n<meta property=\"article:modified_time\" content=\"2021-09-27T09:15:31+00:00\" \/>\n<meta property=\"og:image\" content=\"https:\/\/abd.ong\/wp-content\/uploads\/2020\/02\/lavidadespuesweb_RRSS.png\" \/>\n\t<meta property=\"og:image:width\" content=\"2048\" \/>\n\t<meta property=\"og:image:height\" content=\"1073\" \/>\n\t<meta property=\"og:image:type\" content=\"image\/png\" \/>\n<meta name=\"author\" content=\"Enric Guinart\" \/>\n<meta name=\"twitter:card\" content=\"summary_large_image\" \/>\n<meta name=\"twitter:creator\" content=\"@abd_ong\" \/>\n<meta name=\"twitter:site\" content=\"@abd_ong\" \/>\n<meta name=\"twitter:label1\" content=\"Escrit per\" \/>\n\t<meta name=\"twitter:data1\" content=\"Enric Guinart\" \/>\n\t<meta name=\"twitter:label2\" content=\"Temps estimat de lectura\" \/>\n\t<meta name=\"twitter:data2\" content=\"2 minuts\" \/>\n<script type=\"application\/ld+json\" class=\"yoast-schema-graph\">{\"@context\":\"https:\\\/\\\/schema.org\",\"@graph\":[{\"@type\":\"Article\",\"@id\":\"https:\\\/\\\/abd.ong\\\/ca\\\/sense-categoria\\\/la-vida-despres-la-historia-de-tres-dones-que-van-anar-a-la-preso-per-parir-a-el-salvador\\\/#article\",\"isPartOf\":{\"@id\":\"https:\\\/\\\/abd.ong\\\/ca\\\/sense-categoria\\\/la-vida-despres-la-historia-de-tres-dones-que-van-anar-a-la-preso-per-parir-a-el-salvador\\\/\"},\"author\":{\"name\":\"Enric Guinart\",\"@id\":\"https:\\\/\\\/abd.ong\\\/ca\\\/#\\\/schema\\\/person\\\/d0f5fe279a7ad908de6a6d1332bfd7d8\"},\"headline\":\"\u201cLa vida despr\u00e9s\u201d, la hist\u00f2ria de tres dones que van anar a la pres\u00f3 per parir a El Salvador\",\"datePublished\":\"2020-02-25T17:22:58+00:00\",\"dateModified\":\"2021-09-27T09:15:31+00:00\",\"mainEntityOfPage\":{\"@id\":\"https:\\\/\\\/abd.ong\\\/ca\\\/sense-categoria\\\/la-vida-despres-la-historia-de-tres-dones-que-van-anar-a-la-preso-per-parir-a-el-salvador\\\/\"},\"wordCount\":429,\"publisher\":{\"@id\":\"https:\\\/\\\/abd.ong\\\/ca\\\/#organization\"},\"image\":{\"@id\":\"https:\\\/\\\/abd.ong\\\/ca\\\/sense-categoria\\\/la-vida-despres-la-historia-de-tres-dones-que-van-anar-a-la-preso-per-parir-a-el-salvador\\\/#primaryimage\"},\"thumbnailUrl\":\"https:\\\/\\\/abd.ong\\\/wp-content\\\/uploads\\\/2020\\\/02\\\/lavidadespuesweb_RRSS.png\",\"keywords\":[\"ABD\"],\"inLanguage\":\"ca\"},{\"@type\":\"WebPage\",\"@id\":\"https:\\\/\\\/abd.ong\\\/ca\\\/sense-categoria\\\/la-vida-despres-la-historia-de-tres-dones-que-van-anar-a-la-preso-per-parir-a-el-salvador\\\/\",\"url\":\"https:\\\/\\\/abd.ong\\\/ca\\\/sense-categoria\\\/la-vida-despres-la-historia-de-tres-dones-que-van-anar-a-la-preso-per-parir-a-el-salvador\\\/\",\"name\":\"\u201cLa vida despr\u00e9s\u201d, la hist\u00f2ria de tres dones que van anar a la pres\u00f3 per parir a El Salvador - ABD\",\"isPartOf\":{\"@id\":\"https:\\\/\\\/abd.ong\\\/ca\\\/#website\"},\"primaryImageOfPage\":{\"@id\":\"https:\\\/\\\/abd.ong\\\/ca\\\/sense-categoria\\\/la-vida-despres-la-historia-de-tres-dones-que-van-anar-a-la-preso-per-parir-a-el-salvador\\\/#primaryimage\"},\"image\":{\"@id\":\"https:\\\/\\\/abd.ong\\\/ca\\\/sense-categoria\\\/la-vida-despres-la-historia-de-tres-dones-que-van-anar-a-la-preso-per-parir-a-el-salvador\\\/#primaryimage\"},\"thumbnailUrl\":\"https:\\\/\\\/abd.ong\\\/wp-content\\\/uploads\\\/2020\\\/02\\\/lavidadespuesweb_RRSS.png\",\"datePublished\":\"2020-02-25T17:22:58+00:00\",\"dateModified\":\"2021-09-27T09:15:31+00:00\",\"description\":\"El dimarts 3 de mar\u00e7 a les 20h s\u2019estrena el documental&nbsp;\u201cLa vida despr\u00e9s\u201d&nbsp;a la sala gran dels&nbsp;Cinemes Texas. El treball cinematogr\u00e0fic \u00e9s el\",\"breadcrumb\":{\"@id\":\"https:\\\/\\\/abd.ong\\\/ca\\\/sense-categoria\\\/la-vida-despres-la-historia-de-tres-dones-que-van-anar-a-la-preso-per-parir-a-el-salvador\\\/#breadcrumb\"},\"inLanguage\":\"ca\",\"potentialAction\":[{\"@type\":\"ReadAction\",\"target\":[\"https:\\\/\\\/abd.ong\\\/ca\\\/sense-categoria\\\/la-vida-despres-la-historia-de-tres-dones-que-van-anar-a-la-preso-per-parir-a-el-salvador\\\/\"]}]},{\"@type\":\"ImageObject\",\"inLanguage\":\"ca\",\"@id\":\"https:\\\/\\\/abd.ong\\\/ca\\\/sense-categoria\\\/la-vida-despres-la-historia-de-tres-dones-que-van-anar-a-la-preso-per-parir-a-el-salvador\\\/#primaryimage\",\"url\":\"https:\\\/\\\/abd.ong\\\/wp-content\\\/uploads\\\/2020\\\/02\\\/lavidadespuesweb_RRSS.png\",\"contentUrl\":\"https:\\\/\\\/abd.ong\\\/wp-content\\\/uploads\\\/2020\\\/02\\\/lavidadespuesweb_RRSS.png\",\"width\":2048,\"height\":1073},{\"@type\":\"BreadcrumbList\",\"@id\":\"https:\\\/\\\/abd.ong\\\/ca\\\/sense-categoria\\\/la-vida-despres-la-historia-de-tres-dones-que-van-anar-a-la-preso-per-parir-a-el-salvador\\\/#breadcrumb\",\"itemListElement\":[{\"@type\":\"ListItem\",\"position\":1,\"name\":\"Inici\",\"item\":\"https:\\\/\\\/abd.ong\\\/ca\\\/\"},{\"@type\":\"ListItem\",\"position\":2,\"name\":\"\u201cLa vida despr\u00e9s\u201d, la hist\u00f2ria de tres dones que van anar a la pres\u00f3 per parir a El Salvador\"}]},{\"@type\":\"WebSite\",\"@id\":\"https:\\\/\\\/abd.ong\\\/ca\\\/#website\",\"url\":\"https:\\\/\\\/abd.ong\\\/ca\\\/\",\"name\":\"ABD\",\"description\":\"Asociaci\u00f3n Bienestar y Desarrollo\",\"publisher\":{\"@id\":\"https:\\\/\\\/abd.ong\\\/ca\\\/#organization\"},\"potentialAction\":[{\"@type\":\"SearchAction\",\"target\":{\"@type\":\"EntryPoint\",\"urlTemplate\":\"https:\\\/\\\/abd.ong\\\/ca\\\/?s={search_term_string}\"},\"query-input\":{\"@type\":\"PropertyValueSpecification\",\"valueRequired\":true,\"valueName\":\"search_term_string\"}}],\"inLanguage\":\"ca\"},{\"@type\":\"Organization\",\"@id\":\"https:\\\/\\\/abd.ong\\\/ca\\\/#organization\",\"name\":\"Associaci\u00f3 Benestar i Desenvolupament\",\"alternateName\":\"ABD\",\"url\":\"https:\\\/\\\/abd.ong\\\/ca\\\/\",\"logo\":{\"@type\":\"ImageObject\",\"inLanguage\":\"ca\",\"@id\":\"https:\\\/\\\/abd.ong\\\/ca\\\/#\\\/schema\\\/logo\\\/image\\\/\",\"url\":\"https:\\\/\\\/abd.ong\\\/wp-content\\\/uploads\\\/2023\\\/01\\\/Icona.png\",\"contentUrl\":\"https:\\\/\\\/abd.ong\\\/wp-content\\\/uploads\\\/2023\\\/01\\\/Icona.png\",\"width\":190,\"height\":187,\"caption\":\"Associaci\u00f3 Benestar i Desenvolupament\"},\"image\":{\"@id\":\"https:\\\/\\\/abd.ong\\\/ca\\\/#\\\/schema\\\/logo\\\/image\\\/\"},\"sameAs\":[\"https:\\\/\\\/www.facebook.com\\\/abd.ong\",\"https:\\\/\\\/x.com\\\/abd_ong\",\"https:\\\/\\\/www.instagram.com\\\/abd_ong\\\/\",\"https:\\\/\\\/www.linkedin.com\\\/company\\\/abdong\",\"https:\\\/\\\/www.youtube.com\\\/user\\\/CANALABD\"]},{\"@type\":\"Person\",\"@id\":\"https:\\\/\\\/abd.ong\\\/ca\\\/#\\\/schema\\\/person\\\/d0f5fe279a7ad908de6a6d1332bfd7d8\",\"name\":\"Enric Guinart\"}]}<\/script>\n<!-- \/ Yoast SEO plugin. -->","yoast_head_json":{"title":"\u201cLa vida despr\u00e9s\u201d, la hist\u00f2ria de tres dones que van anar a la pres\u00f3 per parir a El Salvador - ABD","description":"El dimarts 3 de mar\u00e7 a les 20h s\u2019estrena el documental&nbsp;\u201cLa vida despr\u00e9s\u201d&nbsp;a la sala gran dels&nbsp;Cinemes Texas. El treball cinematogr\u00e0fic \u00e9s el","robots":{"index":"index","follow":"follow","max-snippet":"max-snippet:-1","max-image-preview":"max-image-preview:large","max-video-preview":"max-video-preview:-1"},"canonical":"https:\/\/abd.ong\/ca\/sense-categoria\/la-vida-despres-la-historia-de-tres-dones-que-van-anar-a-la-preso-per-parir-a-el-salvador\/","og_locale":"ca_ES","og_type":"article","og_title":"\u201cLa vida despr\u00e9s\u201d, la hist\u00f2ria de tres dones que van anar a la pres\u00f3 per parir a El Salvador - ABD","og_description":"El dimarts 3 de mar\u00e7 a les 20h s\u2019estrena el documental&nbsp;\u201cLa vida despr\u00e9s\u201d&nbsp;a la sala gran dels&nbsp;Cinemes Texas. El treball cinematogr\u00e0fic \u00e9s el","og_url":"https:\/\/abd.ong\/ca\/sense-categoria\/la-vida-despres-la-historia-de-tres-dones-que-van-anar-a-la-preso-per-parir-a-el-salvador\/","og_site_name":"ABD","article_publisher":"https:\/\/www.facebook.com\/abd.ong","article_published_time":"2020-02-25T17:22:58+00:00","article_modified_time":"2021-09-27T09:15:31+00:00","og_image":[{"width":2048,"height":1073,"url":"https:\/\/abd.ong\/wp-content\/uploads\/2020\/02\/lavidadespuesweb_RRSS.png","type":"image\/png"}],"author":"Enric Guinart","twitter_card":"summary_large_image","twitter_creator":"@abd_ong","twitter_site":"@abd_ong","twitter_misc":{"Escrit per":"Enric Guinart","Temps estimat de lectura":"2 minuts"},"schema":{"@context":"https:\/\/schema.org","@graph":[{"@type":"Article","@id":"https:\/\/abd.ong\/ca\/sense-categoria\/la-vida-despres-la-historia-de-tres-dones-que-van-anar-a-la-preso-per-parir-a-el-salvador\/#article","isPartOf":{"@id":"https:\/\/abd.ong\/ca\/sense-categoria\/la-vida-despres-la-historia-de-tres-dones-que-van-anar-a-la-preso-per-parir-a-el-salvador\/"},"author":{"name":"Enric Guinart","@id":"https:\/\/abd.ong\/ca\/#\/schema\/person\/d0f5fe279a7ad908de6a6d1332bfd7d8"},"headline":"\u201cLa vida despr\u00e9s\u201d, la hist\u00f2ria de tres dones que van anar a la pres\u00f3 per parir a El Salvador","datePublished":"2020-02-25T17:22:58+00:00","dateModified":"2021-09-27T09:15:31+00:00","mainEntityOfPage":{"@id":"https:\/\/abd.ong\/ca\/sense-categoria\/la-vida-despres-la-historia-de-tres-dones-que-van-anar-a-la-preso-per-parir-a-el-salvador\/"},"wordCount":429,"publisher":{"@id":"https:\/\/abd.ong\/ca\/#organization"},"image":{"@id":"https:\/\/abd.ong\/ca\/sense-categoria\/la-vida-despres-la-historia-de-tres-dones-que-van-anar-a-la-preso-per-parir-a-el-salvador\/#primaryimage"},"thumbnailUrl":"https:\/\/abd.ong\/wp-content\/uploads\/2020\/02\/lavidadespuesweb_RRSS.png","keywords":["ABD"],"inLanguage":"ca"},{"@type":"WebPage","@id":"https:\/\/abd.ong\/ca\/sense-categoria\/la-vida-despres-la-historia-de-tres-dones-que-van-anar-a-la-preso-per-parir-a-el-salvador\/","url":"https:\/\/abd.ong\/ca\/sense-categoria\/la-vida-despres-la-historia-de-tres-dones-que-van-anar-a-la-preso-per-parir-a-el-salvador\/","name":"\u201cLa vida despr\u00e9s\u201d, la hist\u00f2ria de tres dones que van anar a la pres\u00f3 per parir a El Salvador - ABD","isPartOf":{"@id":"https:\/\/abd.ong\/ca\/#website"},"primaryImageOfPage":{"@id":"https:\/\/abd.ong\/ca\/sense-categoria\/la-vida-despres-la-historia-de-tres-dones-que-van-anar-a-la-preso-per-parir-a-el-salvador\/#primaryimage"},"image":{"@id":"https:\/\/abd.ong\/ca\/sense-categoria\/la-vida-despres-la-historia-de-tres-dones-que-van-anar-a-la-preso-per-parir-a-el-salvador\/#primaryimage"},"thumbnailUrl":"https:\/\/abd.ong\/wp-content\/uploads\/2020\/02\/lavidadespuesweb_RRSS.png","datePublished":"2020-02-25T17:22:58+00:00","dateModified":"2021-09-27T09:15:31+00:00","description":"El dimarts 3 de mar\u00e7 a les 20h s\u2019estrena el documental&nbsp;\u201cLa vida despr\u00e9s\u201d&nbsp;a la sala gran dels&nbsp;Cinemes Texas. El treball cinematogr\u00e0fic \u00e9s el","breadcrumb":{"@id":"https:\/\/abd.ong\/ca\/sense-categoria\/la-vida-despres-la-historia-de-tres-dones-que-van-anar-a-la-preso-per-parir-a-el-salvador\/#breadcrumb"},"inLanguage":"ca","potentialAction":[{"@type":"ReadAction","target":["https:\/\/abd.ong\/ca\/sense-categoria\/la-vida-despres-la-historia-de-tres-dones-que-van-anar-a-la-preso-per-parir-a-el-salvador\/"]}]},{"@type":"ImageObject","inLanguage":"ca","@id":"https:\/\/abd.ong\/ca\/sense-categoria\/la-vida-despres-la-historia-de-tres-dones-que-van-anar-a-la-preso-per-parir-a-el-salvador\/#primaryimage","url":"https:\/\/abd.ong\/wp-content\/uploads\/2020\/02\/lavidadespuesweb_RRSS.png","contentUrl":"https:\/\/abd.ong\/wp-content\/uploads\/2020\/02\/lavidadespuesweb_RRSS.png","width":2048,"height":1073},{"@type":"BreadcrumbList","@id":"https:\/\/abd.ong\/ca\/sense-categoria\/la-vida-despres-la-historia-de-tres-dones-que-van-anar-a-la-preso-per-parir-a-el-salvador\/#breadcrumb","itemListElement":[{"@type":"ListItem","position":1,"name":"Inici","item":"https:\/\/abd.ong\/ca\/"},{"@type":"ListItem","position":2,"name":"\u201cLa vida despr\u00e9s\u201d, la hist\u00f2ria de tres dones que van anar a la pres\u00f3 per parir a El Salvador"}]},{"@type":"WebSite","@id":"https:\/\/abd.ong\/ca\/#website","url":"https:\/\/abd.ong\/ca\/","name":"ABD","description":"Asociaci\u00f3n Bienestar y Desarrollo","publisher":{"@id":"https:\/\/abd.ong\/ca\/#organization"},"potentialAction":[{"@type":"SearchAction","target":{"@type":"EntryPoint","urlTemplate":"https:\/\/abd.ong\/ca\/?s={search_term_string}"},"query-input":{"@type":"PropertyValueSpecification","valueRequired":true,"valueName":"search_term_string"}}],"inLanguage":"ca"},{"@type":"Organization","@id":"https:\/\/abd.ong\/ca\/#organization","name":"Associaci\u00f3 Benestar i Desenvolupament","alternateName":"ABD","url":"https:\/\/abd.ong\/ca\/","logo":{"@type":"ImageObject","inLanguage":"ca","@id":"https:\/\/abd.ong\/ca\/#\/schema\/logo\/image\/","url":"https:\/\/abd.ong\/wp-content\/uploads\/2023\/01\/Icona.png","contentUrl":"https:\/\/abd.ong\/wp-content\/uploads\/2023\/01\/Icona.png","width":190,"height":187,"caption":"Associaci\u00f3 Benestar i Desenvolupament"},"image":{"@id":"https:\/\/abd.ong\/ca\/#\/schema\/logo\/image\/"},"sameAs":["https:\/\/www.facebook.com\/abd.ong","https:\/\/x.com\/abd_ong","https:\/\/www.instagram.com\/abd_ong\/","https:\/\/www.linkedin.com\/company\/abdong","https:\/\/www.youtube.com\/user\/CANALABD"]},{"@type":"Person","@id":"https:\/\/abd.ong\/ca\/#\/schema\/person\/d0f5fe279a7ad908de6a6d1332bfd7d8","name":"Enric Guinart"}]}},"_links":{"self":[{"href":"https:\/\/abd.ong\/ca\/wp-json\/wp\/v2\/posts\/13813","targetHints":{"allow":["GET"]}}],"collection":[{"href":"https:\/\/abd.ong\/ca\/wp-json\/wp\/v2\/posts"}],"about":[{"href":"https:\/\/abd.ong\/ca\/wp-json\/wp\/v2\/types\/post"}],"author":[{"embeddable":true,"href":"https:\/\/abd.ong\/ca\/wp-json\/wp\/v2\/users\/2"}],"replies":[{"embeddable":true,"href":"https:\/\/abd.ong\/ca\/wp-json\/wp\/v2\/comments?post=13813"}],"version-history":[{"count":3,"href":"https:\/\/abd.ong\/ca\/wp-json\/wp\/v2\/posts\/13813\/revisions"}],"predecessor-version":[{"id":26242,"href":"https:\/\/abd.ong\/ca\/wp-json\/wp\/v2\/posts\/13813\/revisions\/26242"}],"wp:featuredmedia":[{"embeddable":true,"href":"https:\/\/abd.ong\/ca\/wp-json\/wp\/v2\/media\/13590"}],"wp:attachment":[{"href":"https:\/\/abd.ong\/ca\/wp-json\/wp\/v2\/media?parent=13813"}],"wp:term":[{"taxonomy":"category","embeddable":true,"href":"https:\/\/abd.ong\/ca\/wp-json\/wp\/v2\/categories?post=13813"},{"taxonomy":"post_tag","embeddable":true,"href":"https:\/\/abd.ong\/ca\/wp-json\/wp\/v2\/tags?post=13813"}],"curies":[{"name":"wp","href":"https:\/\/api.w.org\/{rel}","templated":true}]}}