{"id":13804,"date":"2018-01-31T10:45:00","date_gmt":"2018-01-31T09:45:00","guid":{"rendered":"https:\/\/abd.ong\/?p=13804"},"modified":"2021-02-17T18:05:58","modified_gmt":"2021-02-17T17:05:58","slug":"tallers-preventius-dirigits-a-joves","status":"publish","type":"post","link":"https:\/\/abd.ong\/ca\/general-ca\/tallers-preventius-dirigits-a-joves\/","title":{"rendered":"Tallers preventius dirigits a joves"},"content":{"rendered":"<p>Sabem que molts dels problemes socials que vivim podrien ser evitables o redu\u00efts amb una educaci\u00f3 preventiva adequada. A ABD disposem d&#8217;un cat\u00e0leg ampli de tallers dirigits a la comunitat educativa (mares i pares, professorat, educadors, joves, nenes i nens).<\/p>\n<p><a href=\"https:\/\/abd.ong\/wp-content\/uploads\/2021\/02\/Fem-un-tracte-versio-nova.pdf\"><strong>Tallers de Bon Tracte<\/strong><\/a> &#8211; Activitats educatives dirigides a canviar la concepci\u00f3 de l&#8217;envelliment i fomentar el valor del bon tracte i el respecte a les persones quan envelleixen. Es dirigeix a l&#8217;alumnat jove a trav\u00e9s de la creaci\u00f3 d&#8217;espais de di\u00e0leg i reflexi\u00f3.<\/p>\n<p><a href=\"https:\/\/abd.ong\/blog\/wp-content\/uploads\/2018\/01\/TALLERES-LARIS-_1C.pdf\"><strong>Tallers d&#8217;equitat de g\u00e8nere<\/strong><\/a> &#8211; Cat\u00e0leg d&#8217;activitats dirigides a l&#8217;eradicaci\u00f3 del masclisme, la coeducaci\u00f3 i prevenci\u00f3 de les viol\u00e8ncies.\u00a0La nostra proposta pedag\u00f2gica persegueix fomentar relacions igualit\u00e0ries i posar en valor les diversitats, a trav\u00e9s d&#8217;activitats l\u00fadiques i reflexions guiades, des de dos eixos essencialment: la construcci\u00f3 de g\u00e8nere i la resoluci\u00f3 de conflictes.<\/p>\n<p><a href=\"https:\/\/abd.ong\/wp-content\/uploads\/2021\/02\/cataleg-dactivitats.pdf\"><strong>Tallers de prevenci\u00f3 del consum de drogues<\/strong><\/a> &#8211; Proposta pedag\u00f2gica dirigida\u00a0 a fomentar una actitud cr\u00edtica cap al consum de drogues posant \u00e8mfasis en la presa de decisions i la responsabilitat personal. Treballem tamb\u00e9 totes aquelles conductes de risc associades al consum de drogues com les relacions sexuals sense protecci\u00f3, la conducci\u00f3 i la viol\u00e8ncia, aix\u00ed com les relacions socials que estableixen els joves als espais d&#8217;oci.<\/p>\n<p><a href=\"https:\/\/abd.ong\/blog\/wp-content\/uploads\/2018\/01\/Cat\u00e0leg-Mediaci\u00f3-1.pdf\"><strong>Tallers de diversitat cultural<\/strong> <\/a>&#8211; Eines dirigides al coneixement dels diferents sistemes culturals i educatius de l&#8217;alumnat actual. Especialment dirigit al professorat i a referents adults (mares i pares, avis i \u00e0vies, etc), busquem aportar informaci\u00f3 rellevant que permeti establir ponts de comunicaci\u00f3 i comprensi\u00f3 m\u00fatua, fomentant una major cohesi\u00f3 dins de l&#8217;escola. A ABD\u00a0comptem amb professionals de 25 or\u00edgens diferents amb la finalitat d&#8217;aportar formaci\u00f3 de gran varietat de cultures i pa\u00efsos.<\/p>\n<p><a href=\"https:\/\/abd.ong\/blog\/wp-content\/uploads\/2018\/01\/Tallers-educatius-2017.pdf\"><strong>Tallers de Salut sexual i reproductiva<\/strong><\/a> &#8211; Dirigit especialment a joves, tenim com a objectiu aconseguir que desenvolupin una visi\u00f3 positiva, integral i responsable sobre la viv\u00e8ncia de la seva sexualitat. La metodologia que utilitzem \u00e9s de nou la m\u00e9s apreciada en l&#8217;\u00e0mbit de la prevenci\u00f3 sexual:\u00a0<em>peer\u00a0to peer<\/em>.\u00a0Els tallers estan adaptats especialment a grups\u00a0transculturals\u00a0i a joves en situaci\u00f3 de vulnerabilitat social, buscant estrat\u00e8gies que donin als i les joves la possibilitat d&#8217;analitzar els factors socials, econ\u00f2mics i ambientals que influeixin en la seva salut afectiva, sexual i reproductiva.<\/p>\n<h3>Si vols m\u00e9s informaci\u00f3 sobre Tallers de\u00a0ABD\u00a0no dubtis a contactar a trav\u00e9s d&#8217;email\u00a0<a href=\"mailto:unete@abd-ong.org\">unete@abd-ong.org<\/a>\u00a0o truca al 93 289 05 30<\/h3>\n","protected":false},"excerpt":{"rendered":"<p>Sabem que molts dels problemes socials que vivim podrien ser evitables o redu\u00efts amb una educaci\u00f3 preventiva adequada. A ABD disposem d&#8217;un cat\u00e0leg ampli de tallers dirigits a la comunitat&hellip;<\/p>\n","protected":false},"author":2,"featured_media":344,"comment_status":"closed","ping_status":"closed","sticky":false,"template":"","format":"standard","meta":{"_acf_changed":false,"footnotes":""},"categories":[66,1303],"tags":[],"class_list":["post-13804","post","type-post","status-publish","format-standard","has-post-thumbnail","hentry","category-general-ca","category-infancia-i-familia","ods-educacio-de-qualitat","ods-reduccio-de-les-desigualtats","right-dret-a-la-participacio-ciutadana","right-drets-de-les-dones","right-drets-dels-col-lectius-lgtbiq"],"acf":[],"yoast_head":"<!-- This site is optimized with the Yoast SEO plugin v27.4 - https:\/\/yoast.com\/product\/yoast-seo-wordpress\/ -->\n<title>Tallers preventius dirigits a joves - ABD<\/title>\n<meta name=\"description\" content=\"Sabem que molts dels problemes socials que vivim podrien ser evitables o redu\u00efts amb una educaci\u00f3 preventiva adequada. A ABD disposem d&#039;un cat\u00e0leg ampli\" \/>\n<meta name=\"robots\" content=\"index, follow, max-snippet:-1, max-image-preview:large, max-video-preview:-1\" \/>\n<link rel=\"canonical\" href=\"https:\/\/abd.ong\/ca\/general-ca\/tallers-preventius-dirigits-a-joves\/\" \/>\n<meta property=\"og:locale\" content=\"ca_ES\" \/>\n<meta property=\"og:type\" content=\"article\" \/>\n<meta property=\"og:title\" content=\"Tallers preventius dirigits a joves - ABD\" \/>\n<meta property=\"og:description\" content=\"Sabem que molts dels problemes socials que vivim podrien ser evitables o redu\u00efts amb una educaci\u00f3 preventiva adequada. A ABD disposem d&#039;un cat\u00e0leg ampli\" \/>\n<meta property=\"og:url\" content=\"https:\/\/abd.ong\/ca\/general-ca\/tallers-preventius-dirigits-a-joves\/\" \/>\n<meta property=\"og:site_name\" content=\"ABD\" \/>\n<meta property=\"article:publisher\" content=\"https:\/\/www.facebook.com\/abd.ong\" \/>\n<meta property=\"article:published_time\" content=\"2018-01-31T09:45:00+00:00\" \/>\n<meta property=\"article:modified_time\" content=\"2021-02-17T17:05:58+00:00\" \/>\n<meta property=\"og:image\" content=\"https:\/\/abd.ong\/wp-content\/uploads\/2019\/09\/DSC_6836.jpg\" \/>\n\t<meta property=\"og:image:width\" content=\"1400\" \/>\n\t<meta property=\"og:image:height\" content=\"933\" \/>\n\t<meta property=\"og:image:type\" content=\"image\/jpeg\" \/>\n<meta name=\"author\" content=\"Enric Guinart\" \/>\n<meta name=\"twitter:card\" content=\"summary_large_image\" \/>\n<meta name=\"twitter:creator\" content=\"@abd_ong\" \/>\n<meta name=\"twitter:site\" content=\"@abd_ong\" \/>\n<meta name=\"twitter:label1\" content=\"Escrit per\" \/>\n\t<meta name=\"twitter:data1\" content=\"Enric Guinart\" \/>\n\t<meta name=\"twitter:label2\" content=\"Temps estimat de lectura\" \/>\n\t<meta name=\"twitter:data2\" content=\"2 minuts\" \/>\n<script type=\"application\/ld+json\" class=\"yoast-schema-graph\">{\"@context\":\"https:\\\/\\\/schema.org\",\"@graph\":[{\"@type\":\"Article\",\"@id\":\"https:\\\/\\\/abd.ong\\\/ca\\\/general-ca\\\/tallers-preventius-dirigits-a-joves\\\/#article\",\"isPartOf\":{\"@id\":\"https:\\\/\\\/abd.ong\\\/ca\\\/general-ca\\\/tallers-preventius-dirigits-a-joves\\\/\"},\"author\":{\"name\":\"Enric Guinart\",\"@id\":\"https:\\\/\\\/abd.ong\\\/ca\\\/#\\\/schema\\\/person\\\/d0f5fe279a7ad908de6a6d1332bfd7d8\"},\"headline\":\"Tallers preventius dirigits a joves\",\"datePublished\":\"2018-01-31T09:45:00+00:00\",\"dateModified\":\"2021-02-17T17:05:58+00:00\",\"mainEntityOfPage\":{\"@id\":\"https:\\\/\\\/abd.ong\\\/ca\\\/general-ca\\\/tallers-preventius-dirigits-a-joves\\\/\"},\"wordCount\":436,\"publisher\":{\"@id\":\"https:\\\/\\\/abd.ong\\\/ca\\\/#organization\"},\"image\":{\"@id\":\"https:\\\/\\\/abd.ong\\\/ca\\\/general-ca\\\/tallers-preventius-dirigits-a-joves\\\/#primaryimage\"},\"thumbnailUrl\":\"https:\\\/\\\/abd.ong\\\/wp-content\\\/uploads\\\/2019\\\/09\\\/DSC_6836.jpg\",\"articleSection\":[\"General\",\"Inf\u00e0ncia i fam\u00edlia\"],\"inLanguage\":\"ca\"},{\"@type\":\"WebPage\",\"@id\":\"https:\\\/\\\/abd.ong\\\/ca\\\/general-ca\\\/tallers-preventius-dirigits-a-joves\\\/\",\"url\":\"https:\\\/\\\/abd.ong\\\/ca\\\/general-ca\\\/tallers-preventius-dirigits-a-joves\\\/\",\"name\":\"Tallers preventius dirigits a joves - ABD\",\"isPartOf\":{\"@id\":\"https:\\\/\\\/abd.ong\\\/ca\\\/#website\"},\"primaryImageOfPage\":{\"@id\":\"https:\\\/\\\/abd.ong\\\/ca\\\/general-ca\\\/tallers-preventius-dirigits-a-joves\\\/#primaryimage\"},\"image\":{\"@id\":\"https:\\\/\\\/abd.ong\\\/ca\\\/general-ca\\\/tallers-preventius-dirigits-a-joves\\\/#primaryimage\"},\"thumbnailUrl\":\"https:\\\/\\\/abd.ong\\\/wp-content\\\/uploads\\\/2019\\\/09\\\/DSC_6836.jpg\",\"datePublished\":\"2018-01-31T09:45:00+00:00\",\"dateModified\":\"2021-02-17T17:05:58+00:00\",\"description\":\"Sabem que molts dels problemes socials que vivim podrien ser evitables o redu\u00efts amb una educaci\u00f3 preventiva adequada. A ABD disposem d'un cat\u00e0leg ampli\",\"breadcrumb\":{\"@id\":\"https:\\\/\\\/abd.ong\\\/ca\\\/general-ca\\\/tallers-preventius-dirigits-a-joves\\\/#breadcrumb\"},\"inLanguage\":\"ca\",\"potentialAction\":[{\"@type\":\"ReadAction\",\"target\":[\"https:\\\/\\\/abd.ong\\\/ca\\\/general-ca\\\/tallers-preventius-dirigits-a-joves\\\/\"]}]},{\"@type\":\"ImageObject\",\"inLanguage\":\"ca\",\"@id\":\"https:\\\/\\\/abd.ong\\\/ca\\\/general-ca\\\/tallers-preventius-dirigits-a-joves\\\/#primaryimage\",\"url\":\"https:\\\/\\\/abd.ong\\\/wp-content\\\/uploads\\\/2019\\\/09\\\/DSC_6836.jpg\",\"contentUrl\":\"https:\\\/\\\/abd.ong\\\/wp-content\\\/uploads\\\/2019\\\/09\\\/DSC_6836.jpg\",\"width\":1400,\"height\":933},{\"@type\":\"BreadcrumbList\",\"@id\":\"https:\\\/\\\/abd.ong\\\/ca\\\/general-ca\\\/tallers-preventius-dirigits-a-joves\\\/#breadcrumb\",\"itemListElement\":[{\"@type\":\"ListItem\",\"position\":1,\"name\":\"Inici\",\"item\":\"https:\\\/\\\/abd.ong\\\/ca\\\/\"},{\"@type\":\"ListItem\",\"position\":2,\"name\":\"Tallers preventius dirigits a joves\"}]},{\"@type\":\"WebSite\",\"@id\":\"https:\\\/\\\/abd.ong\\\/ca\\\/#website\",\"url\":\"https:\\\/\\\/abd.ong\\\/ca\\\/\",\"name\":\"ABD\",\"description\":\"Asociaci\u00f3n Bienestar y Desarrollo\",\"publisher\":{\"@id\":\"https:\\\/\\\/abd.ong\\\/ca\\\/#organization\"},\"potentialAction\":[{\"@type\":\"SearchAction\",\"target\":{\"@type\":\"EntryPoint\",\"urlTemplate\":\"https:\\\/\\\/abd.ong\\\/ca\\\/?s={search_term_string}\"},\"query-input\":{\"@type\":\"PropertyValueSpecification\",\"valueRequired\":true,\"valueName\":\"search_term_string\"}}],\"inLanguage\":\"ca\"},{\"@type\":\"Organization\",\"@id\":\"https:\\\/\\\/abd.ong\\\/ca\\\/#organization\",\"name\":\"Associaci\u00f3 Benestar i Desenvolupament\",\"alternateName\":\"ABD\",\"url\":\"https:\\\/\\\/abd.ong\\\/ca\\\/\",\"logo\":{\"@type\":\"ImageObject\",\"inLanguage\":\"ca\",\"@id\":\"https:\\\/\\\/abd.ong\\\/ca\\\/#\\\/schema\\\/logo\\\/image\\\/\",\"url\":\"https:\\\/\\\/abd.ong\\\/wp-content\\\/uploads\\\/2023\\\/01\\\/Icona.png\",\"contentUrl\":\"https:\\\/\\\/abd.ong\\\/wp-content\\\/uploads\\\/2023\\\/01\\\/Icona.png\",\"width\":190,\"height\":187,\"caption\":\"Associaci\u00f3 Benestar i Desenvolupament\"},\"image\":{\"@id\":\"https:\\\/\\\/abd.ong\\\/ca\\\/#\\\/schema\\\/logo\\\/image\\\/\"},\"sameAs\":[\"https:\\\/\\\/www.facebook.com\\\/abd.ong\",\"https:\\\/\\\/x.com\\\/abd_ong\",\"https:\\\/\\\/www.instagram.com\\\/abd_ong\\\/\",\"https:\\\/\\\/www.linkedin.com\\\/company\\\/abdong\",\"https:\\\/\\\/www.youtube.com\\\/user\\\/CANALABD\"]},{\"@type\":\"Person\",\"@id\":\"https:\\\/\\\/abd.ong\\\/ca\\\/#\\\/schema\\\/person\\\/d0f5fe279a7ad908de6a6d1332bfd7d8\",\"name\":\"Enric Guinart\"}]}<\/script>\n<!-- \/ Yoast SEO plugin. -->","yoast_head_json":{"title":"Tallers preventius dirigits a joves - ABD","description":"Sabem que molts dels problemes socials que vivim podrien ser evitables o redu\u00efts amb una educaci\u00f3 preventiva adequada. A ABD disposem d'un cat\u00e0leg ampli","robots":{"index":"index","follow":"follow","max-snippet":"max-snippet:-1","max-image-preview":"max-image-preview:large","max-video-preview":"max-video-preview:-1"},"canonical":"https:\/\/abd.ong\/ca\/general-ca\/tallers-preventius-dirigits-a-joves\/","og_locale":"ca_ES","og_type":"article","og_title":"Tallers preventius dirigits a joves - ABD","og_description":"Sabem que molts dels problemes socials que vivim podrien ser evitables o redu\u00efts amb una educaci\u00f3 preventiva adequada. A ABD disposem d'un cat\u00e0leg ampli","og_url":"https:\/\/abd.ong\/ca\/general-ca\/tallers-preventius-dirigits-a-joves\/","og_site_name":"ABD","article_publisher":"https:\/\/www.facebook.com\/abd.ong","article_published_time":"2018-01-31T09:45:00+00:00","article_modified_time":"2021-02-17T17:05:58+00:00","og_image":[{"width":1400,"height":933,"url":"https:\/\/abd.ong\/wp-content\/uploads\/2019\/09\/DSC_6836.jpg","type":"image\/jpeg"}],"author":"Enric Guinart","twitter_card":"summary_large_image","twitter_creator":"@abd_ong","twitter_site":"@abd_ong","twitter_misc":{"Escrit per":"Enric Guinart","Temps estimat de lectura":"2 minuts"},"schema":{"@context":"https:\/\/schema.org","@graph":[{"@type":"Article","@id":"https:\/\/abd.ong\/ca\/general-ca\/tallers-preventius-dirigits-a-joves\/#article","isPartOf":{"@id":"https:\/\/abd.ong\/ca\/general-ca\/tallers-preventius-dirigits-a-joves\/"},"author":{"name":"Enric Guinart","@id":"https:\/\/abd.ong\/ca\/#\/schema\/person\/d0f5fe279a7ad908de6a6d1332bfd7d8"},"headline":"Tallers preventius dirigits a joves","datePublished":"2018-01-31T09:45:00+00:00","dateModified":"2021-02-17T17:05:58+00:00","mainEntityOfPage":{"@id":"https:\/\/abd.ong\/ca\/general-ca\/tallers-preventius-dirigits-a-joves\/"},"wordCount":436,"publisher":{"@id":"https:\/\/abd.ong\/ca\/#organization"},"image":{"@id":"https:\/\/abd.ong\/ca\/general-ca\/tallers-preventius-dirigits-a-joves\/#primaryimage"},"thumbnailUrl":"https:\/\/abd.ong\/wp-content\/uploads\/2019\/09\/DSC_6836.jpg","articleSection":["General","Inf\u00e0ncia i fam\u00edlia"],"inLanguage":"ca"},{"@type":"WebPage","@id":"https:\/\/abd.ong\/ca\/general-ca\/tallers-preventius-dirigits-a-joves\/","url":"https:\/\/abd.ong\/ca\/general-ca\/tallers-preventius-dirigits-a-joves\/","name":"Tallers preventius dirigits a joves - ABD","isPartOf":{"@id":"https:\/\/abd.ong\/ca\/#website"},"primaryImageOfPage":{"@id":"https:\/\/abd.ong\/ca\/general-ca\/tallers-preventius-dirigits-a-joves\/#primaryimage"},"image":{"@id":"https:\/\/abd.ong\/ca\/general-ca\/tallers-preventius-dirigits-a-joves\/#primaryimage"},"thumbnailUrl":"https:\/\/abd.ong\/wp-content\/uploads\/2019\/09\/DSC_6836.jpg","datePublished":"2018-01-31T09:45:00+00:00","dateModified":"2021-02-17T17:05:58+00:00","description":"Sabem que molts dels problemes socials que vivim podrien ser evitables o redu\u00efts amb una educaci\u00f3 preventiva adequada. A ABD disposem d'un cat\u00e0leg ampli","breadcrumb":{"@id":"https:\/\/abd.ong\/ca\/general-ca\/tallers-preventius-dirigits-a-joves\/#breadcrumb"},"inLanguage":"ca","potentialAction":[{"@type":"ReadAction","target":["https:\/\/abd.ong\/ca\/general-ca\/tallers-preventius-dirigits-a-joves\/"]}]},{"@type":"ImageObject","inLanguage":"ca","@id":"https:\/\/abd.ong\/ca\/general-ca\/tallers-preventius-dirigits-a-joves\/#primaryimage","url":"https:\/\/abd.ong\/wp-content\/uploads\/2019\/09\/DSC_6836.jpg","contentUrl":"https:\/\/abd.ong\/wp-content\/uploads\/2019\/09\/DSC_6836.jpg","width":1400,"height":933},{"@type":"BreadcrumbList","@id":"https:\/\/abd.ong\/ca\/general-ca\/tallers-preventius-dirigits-a-joves\/#breadcrumb","itemListElement":[{"@type":"ListItem","position":1,"name":"Inici","item":"https:\/\/abd.ong\/ca\/"},{"@type":"ListItem","position":2,"name":"Tallers preventius dirigits a joves"}]},{"@type":"WebSite","@id":"https:\/\/abd.ong\/ca\/#website","url":"https:\/\/abd.ong\/ca\/","name":"ABD","description":"Asociaci\u00f3n Bienestar y Desarrollo","publisher":{"@id":"https:\/\/abd.ong\/ca\/#organization"},"potentialAction":[{"@type":"SearchAction","target":{"@type":"EntryPoint","urlTemplate":"https:\/\/abd.ong\/ca\/?s={search_term_string}"},"query-input":{"@type":"PropertyValueSpecification","valueRequired":true,"valueName":"search_term_string"}}],"inLanguage":"ca"},{"@type":"Organization","@id":"https:\/\/abd.ong\/ca\/#organization","name":"Associaci\u00f3 Benestar i Desenvolupament","alternateName":"ABD","url":"https:\/\/abd.ong\/ca\/","logo":{"@type":"ImageObject","inLanguage":"ca","@id":"https:\/\/abd.ong\/ca\/#\/schema\/logo\/image\/","url":"https:\/\/abd.ong\/wp-content\/uploads\/2023\/01\/Icona.png","contentUrl":"https:\/\/abd.ong\/wp-content\/uploads\/2023\/01\/Icona.png","width":190,"height":187,"caption":"Associaci\u00f3 Benestar i Desenvolupament"},"image":{"@id":"https:\/\/abd.ong\/ca\/#\/schema\/logo\/image\/"},"sameAs":["https:\/\/www.facebook.com\/abd.ong","https:\/\/x.com\/abd_ong","https:\/\/www.instagram.com\/abd_ong\/","https:\/\/www.linkedin.com\/company\/abdong","https:\/\/www.youtube.com\/user\/CANALABD"]},{"@type":"Person","@id":"https:\/\/abd.ong\/ca\/#\/schema\/person\/d0f5fe279a7ad908de6a6d1332bfd7d8","name":"Enric Guinart"}]}},"_links":{"self":[{"href":"https:\/\/abd.ong\/ca\/wp-json\/wp\/v2\/posts\/13804","targetHints":{"allow":["GET"]}}],"collection":[{"href":"https:\/\/abd.ong\/ca\/wp-json\/wp\/v2\/posts"}],"about":[{"href":"https:\/\/abd.ong\/ca\/wp-json\/wp\/v2\/types\/post"}],"author":[{"embeddable":true,"href":"https:\/\/abd.ong\/ca\/wp-json\/wp\/v2\/users\/2"}],"replies":[{"embeddable":true,"href":"https:\/\/abd.ong\/ca\/wp-json\/wp\/v2\/comments?post=13804"}],"version-history":[{"count":3,"href":"https:\/\/abd.ong\/ca\/wp-json\/wp\/v2\/posts\/13804\/revisions"}],"predecessor-version":[{"id":19849,"href":"https:\/\/abd.ong\/ca\/wp-json\/wp\/v2\/posts\/13804\/revisions\/19849"}],"wp:featuredmedia":[{"embeddable":true,"href":"https:\/\/abd.ong\/ca\/wp-json\/wp\/v2\/media\/344"}],"wp:attachment":[{"href":"https:\/\/abd.ong\/ca\/wp-json\/wp\/v2\/media?parent=13804"}],"wp:term":[{"taxonomy":"category","embeddable":true,"href":"https:\/\/abd.ong\/ca\/wp-json\/wp\/v2\/categories?post=13804"},{"taxonomy":"post_tag","embeddable":true,"href":"https:\/\/abd.ong\/ca\/wp-json\/wp\/v2\/tags?post=13804"}],"curies":[{"name":"wp","href":"https:\/\/api.w.org\/{rel}","templated":true}]}}