{"id":13328,"date":"2020-02-13T00:00:00","date_gmt":"2020-02-12T23:00:00","guid":{"rendered":"https:\/\/abd.ong\/sin-categorizar\/abd-entra-a-formar-part-del-projecte-eciu-university-un-consorci-internacional-per-apropar-la-investigacio-a-laccio-social\/"},"modified":"2021-02-17T19:24:30","modified_gmt":"2021-02-17T18:24:30","slug":"abd-entra-a-formar-part-del-projecte-eciu-university-un-consorci-internacional-per-apropar-la-investigacio-a-laccio-social","status":"publish","type":"post","link":"https:\/\/abd.ong\/ca\/general-ca\/abd-entra-a-formar-part-del-projecte-eciu-university-un-consorci-internacional-per-apropar-la-investigacio-a-laccio-social\/","title":{"rendered":"ABD entra a formar part del projecte ECIU University, un consorci internacional per apropar la investigaci\u00f3 a l&#8217;acci\u00f3 social"},"content":{"rendered":"\n<p><div>\n<p>L&#8217;<a href=\"https:\/\/abd.ong\"><strong>Associaci\u00f3 Benestar i Desenvolupament ABD<\/strong><\/a> ha entrat a formar part del <strong>projecte europeu <a href=\"https:\/\/www.eciu.org\/\">ECIU University<\/a><\/strong>, un consorci que t\u00e9 l&#8217;objectiu de proveir ponts i facilitar la relaci\u00f3 entre la investigaci\u00f3 acad\u00e8mica i l&#8217;acci\u00f3 social a trav\u00e9s d&#8217;entitats socials, empreses i altres agents p\u00fablics. Des del gener, ABD n&#8217;\u00e9s entitat simpatitzant, i la gerent <strong>\u00c0ngels Guiteras<\/strong> forma part del consell directiu com a representant del tercer sector a escala europea.<\/p>\n<\/div>\n<div>\n<p>L\u2019<strong><a href=\"https:\/\/www.eciu.org\/\">ECIU University<\/a>, <\/strong>o&nbsp;Consorci Europeu d\u2019Universitats Innovadores<strong>,<\/strong> busca crear un model educatiu innovador a escala europea. Mitjan\u00e7ant aquesta iniciativa, es vol contruir un sistema obert i flexible que assenti les bases de les Universitats europees del futur. Aquest projecte, doncs, parteix de la premissa que les <strong>institucions d&#8217;educaci\u00f3 superior han de cooperar m\u00e9s estretament amb la resta d&#8217;actors socials<\/strong>, facilitant la formaci\u00f3 i innovaci\u00f3 i la col\u00b7laboraci\u00f3 entre persones de tot Europa per respondre m\u00e9s efica\u00e7ment als nous desafiaments que planteja l&#8217;evoluci\u00f3 de la societat (l&#8217;impacte del canvi clim\u00e0tic, els canvis demogr\u00e0fics, les innovacions tecnol\u00f2giques i la transformaci\u00f3 de l&#8217;economia, la necessitat de desenvolupar ciutats intel\u00b7ligents i sostenibles, etc.) i que estan reflectits en els Objectius de Desenvolupament Sostenible (ODS) de les Nacions Unides.<\/p>\n<\/div>\n<p>Durant els tres anys vinents, l&#8217;ECIU University dur\u00e0 a terme un <strong>pla pilot per impulsar formes innovadores i internacionalitzades de formaci\u00f3 que connectin diferents \u00e0rees de coneixement<\/strong>, aix\u00ed com nous espais de recerca igualment internacionalitzats que obriran les portes a una col\u00b7laboraci\u00f3 directa entre les universitats i els agents simpatitzants del teixit social i productiu. \u00c9s a dir, establir una veritable connexi\u00f3 on els estudiants, investigadors, empreses, organitzacions p\u00fabliques i ciutadans puguin crear solucions innovadores rellevants pels reptes de la vida real amb impacte social.<\/p>\n<div>Alguns dels socis del projecte s\u00f3n, entre d&#8217;altres, la <strong>Universitat Aut\u00f2noma de Barcelona UAB<\/strong> i deu centres d&#8217;educaci\u00f3 superior m\u00e9s, agents del sector privat lucratiu com <strong>Novartis<\/strong>, <strong>Ericsson<\/strong> o <strong>Airbus<\/strong>, i agents p\u00fablics de l&#8217;Administraci\u00f3 i el Tercer Sector Social com l&#8217;<strong>Ajuntament de Barcelona<\/strong>.<\/div>\n<div>&nbsp;<\/div>\n<div>&nbsp;<\/div>\n<h4><strong>Primera trobada, de l&#8217;11 al 13 de febrer a Su\u00e8cia<\/strong><\/h4>\n<div>Aquesta setmana <strong>ABD<\/strong> participa, amb la representaci\u00f3 de la <strong>directora del Departament T\u00e8cnic M\u00f2nica Plana<\/strong>, a la primera reuni\u00f3 amb tots els partners i col\u00b7laboradors. Plana ha estat l&#8217;encarregada de presentar breument l&#8217;entitat social davant d&#8217;un entorn internacional a Linkoping (Su\u00e8cia), i de clarificar l&#8217;objectiu d&#8217;ABD en la identificaci\u00f3 de reptes socials en relaci\u00f3 a l\u2019ODS 11 sobre Comunitats i ciutats sostenibles.<\/div>\n<div>&nbsp;<\/div>\n<div>L&#8217;objectiu d&#8217;aquesta trobada ha estat el de con\u00e8ixer-se com a individus i com a agents, i, tamb\u00e9, el d&#8217;<strong>iniciar el proc\u00e9s per afrontar els reptes<\/strong> d&#8217;innovaci\u00f3 social que constituiran la base de treball d&#8217;ECIU University.<\/div><\/p>\n","protected":false},"excerpt":{"rendered":"<p>L&#8217;Associaci\u00f3 Benestar i Desenvolupament ABD ha entrat a formar part del projecte europeu ECIU University, un consorci que t\u00e9 l&#8217;objectiu de proveir ponts i facilitar la relaci\u00f3 entre la investigaci\u00f3&hellip;<\/p>\n","protected":false},"author":1,"featured_media":13329,"comment_status":"closed","ping_status":"closed","sticky":false,"template":"","format":"standard","meta":{"_acf_changed":false,"footnotes":""},"categories":[66],"tags":[119,1613,1614],"class_list":["post-13328","post","type-post","status-publish","format-standard","has-post-thumbnail","hentry","category-general-ca","tag-abd","tag-eciu-university","tag-innovacio-social","ods-aliances-per-assolir-els-objectius","right-dret-a-leducacio"],"acf":[],"yoast_head":"<!-- This site is optimized with the Yoast SEO plugin v27.4 - https:\/\/yoast.com\/product\/yoast-seo-wordpress\/ -->\n<title>ABD entra a formar part del projecte ECIU University, un consorci internacional per apropar la investigaci\u00f3 a l&#039;acci\u00f3 social - ABD<\/title>\n<meta name=\"description\" content=\"L&#039;Associaci\u00f3 Benestar i Desenvolupament ABD ha entrat a formar part del projecte europeu ECIU University, un consorci que t\u00e9 l&#039;objectiu de proveir ponts i\" \/>\n<meta name=\"robots\" content=\"index, follow, max-snippet:-1, max-image-preview:large, max-video-preview:-1\" \/>\n<link rel=\"canonical\" href=\"https:\/\/abd.ong\/ca\/general-ca\/abd-entra-a-formar-part-del-projecte-eciu-university-un-consorci-internacional-per-apropar-la-investigacio-a-laccio-social\/\" \/>\n<meta property=\"og:locale\" content=\"ca_ES\" \/>\n<meta property=\"og:type\" content=\"article\" \/>\n<meta property=\"og:title\" content=\"ABD entra a formar part del projecte ECIU University, un consorci internacional per apropar la investigaci\u00f3 a l&#039;acci\u00f3 social - ABD\" \/>\n<meta property=\"og:description\" content=\"L&#039;Associaci\u00f3 Benestar i Desenvolupament ABD ha entrat a formar part del projecte europeu ECIU University, un consorci que t\u00e9 l&#039;objectiu de proveir ponts i\" \/>\n<meta property=\"og:url\" content=\"https:\/\/abd.ong\/ca\/general-ca\/abd-entra-a-formar-part-del-projecte-eciu-university-un-consorci-internacional-per-apropar-la-investigacio-a-laccio-social\/\" \/>\n<meta property=\"og:site_name\" content=\"ABD\" \/>\n<meta property=\"article:publisher\" content=\"https:\/\/www.facebook.com\/abd.ong\" \/>\n<meta property=\"article:published_time\" content=\"2020-02-12T23:00:00+00:00\" \/>\n<meta property=\"article:modified_time\" content=\"2021-02-17T18:24:30+00:00\" \/>\n<meta property=\"og:image\" content=\"https:\/\/abd.ong\/wp-content\/uploads\/2020\/02\/IMG_4408.jpgMonica.jpg\" \/>\n\t<meta property=\"og:image:width\" content=\"1273\" \/>\n\t<meta property=\"og:image:height\" content=\"798\" \/>\n\t<meta property=\"og:image:type\" content=\"image\/jpeg\" \/>\n<meta name=\"author\" content=\"M_Disseny\" \/>\n<meta name=\"twitter:card\" content=\"summary_large_image\" \/>\n<meta name=\"twitter:creator\" content=\"@abd_ong\" \/>\n<meta name=\"twitter:site\" content=\"@abd_ong\" \/>\n<meta name=\"twitter:label1\" content=\"Escrit per\" \/>\n\t<meta name=\"twitter:data1\" content=\"M_Disseny\" \/>\n\t<meta name=\"twitter:label2\" content=\"Temps estimat de lectura\" \/>\n\t<meta name=\"twitter:data2\" content=\"2 minuts\" \/>\n<script type=\"application\/ld+json\" class=\"yoast-schema-graph\">{\"@context\":\"https:\\\/\\\/schema.org\",\"@graph\":[{\"@type\":\"Article\",\"@id\":\"https:\\\/\\\/abd.ong\\\/ca\\\/general-ca\\\/abd-entra-a-formar-part-del-projecte-eciu-university-un-consorci-internacional-per-apropar-la-investigacio-a-laccio-social\\\/#article\",\"isPartOf\":{\"@id\":\"https:\\\/\\\/abd.ong\\\/ca\\\/general-ca\\\/abd-entra-a-formar-part-del-projecte-eciu-university-un-consorci-internacional-per-apropar-la-investigacio-a-laccio-social\\\/\"},\"author\":{\"name\":\"M_Disseny\",\"@id\":\"https:\\\/\\\/abd.ong\\\/ca\\\/#\\\/schema\\\/person\\\/1b9cf116597cda3a4b8900a43c641f6e\"},\"headline\":\"ABD entra a formar part del projecte ECIU University, un consorci internacional per apropar la investigaci\u00f3 a l&#8217;acci\u00f3 social\",\"datePublished\":\"2020-02-12T23:00:00+00:00\",\"dateModified\":\"2021-02-17T18:24:30+00:00\",\"mainEntityOfPage\":{\"@id\":\"https:\\\/\\\/abd.ong\\\/ca\\\/general-ca\\\/abd-entra-a-formar-part-del-projecte-eciu-university-un-consorci-internacional-per-apropar-la-investigacio-a-laccio-social\\\/\"},\"wordCount\":504,\"publisher\":{\"@id\":\"https:\\\/\\\/abd.ong\\\/ca\\\/#organization\"},\"image\":{\"@id\":\"https:\\\/\\\/abd.ong\\\/ca\\\/general-ca\\\/abd-entra-a-formar-part-del-projecte-eciu-university-un-consorci-internacional-per-apropar-la-investigacio-a-laccio-social\\\/#primaryimage\"},\"thumbnailUrl\":\"https:\\\/\\\/abd.ong\\\/wp-content\\\/uploads\\\/2020\\\/02\\\/IMG_4408.jpgMonica.jpg\",\"keywords\":[\"ABD\",\"ECIU University\",\"innovaci\u00f3 social\"],\"articleSection\":[\"General\"],\"inLanguage\":\"ca\"},{\"@type\":\"WebPage\",\"@id\":\"https:\\\/\\\/abd.ong\\\/ca\\\/general-ca\\\/abd-entra-a-formar-part-del-projecte-eciu-university-un-consorci-internacional-per-apropar-la-investigacio-a-laccio-social\\\/\",\"url\":\"https:\\\/\\\/abd.ong\\\/ca\\\/general-ca\\\/abd-entra-a-formar-part-del-projecte-eciu-university-un-consorci-internacional-per-apropar-la-investigacio-a-laccio-social\\\/\",\"name\":\"ABD entra a formar part del projecte ECIU University, un consorci internacional per apropar la investigaci\u00f3 a l'acci\u00f3 social - ABD\",\"isPartOf\":{\"@id\":\"https:\\\/\\\/abd.ong\\\/ca\\\/#website\"},\"primaryImageOfPage\":{\"@id\":\"https:\\\/\\\/abd.ong\\\/ca\\\/general-ca\\\/abd-entra-a-formar-part-del-projecte-eciu-university-un-consorci-internacional-per-apropar-la-investigacio-a-laccio-social\\\/#primaryimage\"},\"image\":{\"@id\":\"https:\\\/\\\/abd.ong\\\/ca\\\/general-ca\\\/abd-entra-a-formar-part-del-projecte-eciu-university-un-consorci-internacional-per-apropar-la-investigacio-a-laccio-social\\\/#primaryimage\"},\"thumbnailUrl\":\"https:\\\/\\\/abd.ong\\\/wp-content\\\/uploads\\\/2020\\\/02\\\/IMG_4408.jpgMonica.jpg\",\"datePublished\":\"2020-02-12T23:00:00+00:00\",\"dateModified\":\"2021-02-17T18:24:30+00:00\",\"description\":\"L'Associaci\u00f3 Benestar i Desenvolupament ABD ha entrat a formar part del projecte europeu ECIU University, un consorci que t\u00e9 l'objectiu de proveir ponts i\",\"breadcrumb\":{\"@id\":\"https:\\\/\\\/abd.ong\\\/ca\\\/general-ca\\\/abd-entra-a-formar-part-del-projecte-eciu-university-un-consorci-internacional-per-apropar-la-investigacio-a-laccio-social\\\/#breadcrumb\"},\"inLanguage\":\"ca\",\"potentialAction\":[{\"@type\":\"ReadAction\",\"target\":[\"https:\\\/\\\/abd.ong\\\/ca\\\/general-ca\\\/abd-entra-a-formar-part-del-projecte-eciu-university-un-consorci-internacional-per-apropar-la-investigacio-a-laccio-social\\\/\"]}]},{\"@type\":\"ImageObject\",\"inLanguage\":\"ca\",\"@id\":\"https:\\\/\\\/abd.ong\\\/ca\\\/general-ca\\\/abd-entra-a-formar-part-del-projecte-eciu-university-un-consorci-internacional-per-apropar-la-investigacio-a-laccio-social\\\/#primaryimage\",\"url\":\"https:\\\/\\\/abd.ong\\\/wp-content\\\/uploads\\\/2020\\\/02\\\/IMG_4408.jpgMonica.jpg\",\"contentUrl\":\"https:\\\/\\\/abd.ong\\\/wp-content\\\/uploads\\\/2020\\\/02\\\/IMG_4408.jpgMonica.jpg\",\"width\":1273,\"height\":798},{\"@type\":\"BreadcrumbList\",\"@id\":\"https:\\\/\\\/abd.ong\\\/ca\\\/general-ca\\\/abd-entra-a-formar-part-del-projecte-eciu-university-un-consorci-internacional-per-apropar-la-investigacio-a-laccio-social\\\/#breadcrumb\",\"itemListElement\":[{\"@type\":\"ListItem\",\"position\":1,\"name\":\"Inici\",\"item\":\"https:\\\/\\\/abd.ong\\\/ca\\\/\"},{\"@type\":\"ListItem\",\"position\":2,\"name\":\"ABD entra a formar part del projecte ECIU University, un consorci internacional per apropar la investigaci\u00f3 a l&#8217;acci\u00f3 social\"}]},{\"@type\":\"WebSite\",\"@id\":\"https:\\\/\\\/abd.ong\\\/ca\\\/#website\",\"url\":\"https:\\\/\\\/abd.ong\\\/ca\\\/\",\"name\":\"ABD\",\"description\":\"Asociaci\u00f3n Bienestar y Desarrollo\",\"publisher\":{\"@id\":\"https:\\\/\\\/abd.ong\\\/ca\\\/#organization\"},\"potentialAction\":[{\"@type\":\"SearchAction\",\"target\":{\"@type\":\"EntryPoint\",\"urlTemplate\":\"https:\\\/\\\/abd.ong\\\/ca\\\/?s={search_term_string}\"},\"query-input\":{\"@type\":\"PropertyValueSpecification\",\"valueRequired\":true,\"valueName\":\"search_term_string\"}}],\"inLanguage\":\"ca\"},{\"@type\":\"Organization\",\"@id\":\"https:\\\/\\\/abd.ong\\\/ca\\\/#organization\",\"name\":\"Associaci\u00f3 Benestar i Desenvolupament\",\"alternateName\":\"ABD\",\"url\":\"https:\\\/\\\/abd.ong\\\/ca\\\/\",\"logo\":{\"@type\":\"ImageObject\",\"inLanguage\":\"ca\",\"@id\":\"https:\\\/\\\/abd.ong\\\/ca\\\/#\\\/schema\\\/logo\\\/image\\\/\",\"url\":\"https:\\\/\\\/abd.ong\\\/wp-content\\\/uploads\\\/2023\\\/01\\\/Icona.png\",\"contentUrl\":\"https:\\\/\\\/abd.ong\\\/wp-content\\\/uploads\\\/2023\\\/01\\\/Icona.png\",\"width\":190,\"height\":187,\"caption\":\"Associaci\u00f3 Benestar i Desenvolupament\"},\"image\":{\"@id\":\"https:\\\/\\\/abd.ong\\\/ca\\\/#\\\/schema\\\/logo\\\/image\\\/\"},\"sameAs\":[\"https:\\\/\\\/www.facebook.com\\\/abd.ong\",\"https:\\\/\\\/x.com\\\/abd_ong\",\"https:\\\/\\\/www.instagram.com\\\/abd_ong\\\/\",\"https:\\\/\\\/www.linkedin.com\\\/company\\\/abdong\",\"https:\\\/\\\/www.youtube.com\\\/user\\\/CANALABD\"]},{\"@type\":\"Person\",\"@id\":\"https:\\\/\\\/abd.ong\\\/ca\\\/#\\\/schema\\\/person\\\/1b9cf116597cda3a4b8900a43c641f6e\",\"name\":\"M_Disseny\"}]}<\/script>\n<!-- \/ Yoast SEO plugin. -->","yoast_head_json":{"title":"ABD entra a formar part del projecte ECIU University, un consorci internacional per apropar la investigaci\u00f3 a l'acci\u00f3 social - ABD","description":"L'Associaci\u00f3 Benestar i Desenvolupament ABD ha entrat a formar part del projecte europeu ECIU University, un consorci que t\u00e9 l'objectiu de proveir ponts i","robots":{"index":"index","follow":"follow","max-snippet":"max-snippet:-1","max-image-preview":"max-image-preview:large","max-video-preview":"max-video-preview:-1"},"canonical":"https:\/\/abd.ong\/ca\/general-ca\/abd-entra-a-formar-part-del-projecte-eciu-university-un-consorci-internacional-per-apropar-la-investigacio-a-laccio-social\/","og_locale":"ca_ES","og_type":"article","og_title":"ABD entra a formar part del projecte ECIU University, un consorci internacional per apropar la investigaci\u00f3 a l'acci\u00f3 social - ABD","og_description":"L'Associaci\u00f3 Benestar i Desenvolupament ABD ha entrat a formar part del projecte europeu ECIU University, un consorci que t\u00e9 l'objectiu de proveir ponts i","og_url":"https:\/\/abd.ong\/ca\/general-ca\/abd-entra-a-formar-part-del-projecte-eciu-university-un-consorci-internacional-per-apropar-la-investigacio-a-laccio-social\/","og_site_name":"ABD","article_publisher":"https:\/\/www.facebook.com\/abd.ong","article_published_time":"2020-02-12T23:00:00+00:00","article_modified_time":"2021-02-17T18:24:30+00:00","og_image":[{"width":1273,"height":798,"url":"https:\/\/abd.ong\/wp-content\/uploads\/2020\/02\/IMG_4408.jpgMonica.jpg","type":"image\/jpeg"}],"author":"M_Disseny","twitter_card":"summary_large_image","twitter_creator":"@abd_ong","twitter_site":"@abd_ong","twitter_misc":{"Escrit per":"M_Disseny","Temps estimat de lectura":"2 minuts"},"schema":{"@context":"https:\/\/schema.org","@graph":[{"@type":"Article","@id":"https:\/\/abd.ong\/ca\/general-ca\/abd-entra-a-formar-part-del-projecte-eciu-university-un-consorci-internacional-per-apropar-la-investigacio-a-laccio-social\/#article","isPartOf":{"@id":"https:\/\/abd.ong\/ca\/general-ca\/abd-entra-a-formar-part-del-projecte-eciu-university-un-consorci-internacional-per-apropar-la-investigacio-a-laccio-social\/"},"author":{"name":"M_Disseny","@id":"https:\/\/abd.ong\/ca\/#\/schema\/person\/1b9cf116597cda3a4b8900a43c641f6e"},"headline":"ABD entra a formar part del projecte ECIU University, un consorci internacional per apropar la investigaci\u00f3 a l&#8217;acci\u00f3 social","datePublished":"2020-02-12T23:00:00+00:00","dateModified":"2021-02-17T18:24:30+00:00","mainEntityOfPage":{"@id":"https:\/\/abd.ong\/ca\/general-ca\/abd-entra-a-formar-part-del-projecte-eciu-university-un-consorci-internacional-per-apropar-la-investigacio-a-laccio-social\/"},"wordCount":504,"publisher":{"@id":"https:\/\/abd.ong\/ca\/#organization"},"image":{"@id":"https:\/\/abd.ong\/ca\/general-ca\/abd-entra-a-formar-part-del-projecte-eciu-university-un-consorci-internacional-per-apropar-la-investigacio-a-laccio-social\/#primaryimage"},"thumbnailUrl":"https:\/\/abd.ong\/wp-content\/uploads\/2020\/02\/IMG_4408.jpgMonica.jpg","keywords":["ABD","ECIU University","innovaci\u00f3 social"],"articleSection":["General"],"inLanguage":"ca"},{"@type":"WebPage","@id":"https:\/\/abd.ong\/ca\/general-ca\/abd-entra-a-formar-part-del-projecte-eciu-university-un-consorci-internacional-per-apropar-la-investigacio-a-laccio-social\/","url":"https:\/\/abd.ong\/ca\/general-ca\/abd-entra-a-formar-part-del-projecte-eciu-university-un-consorci-internacional-per-apropar-la-investigacio-a-laccio-social\/","name":"ABD entra a formar part del projecte ECIU University, un consorci internacional per apropar la investigaci\u00f3 a l'acci\u00f3 social - ABD","isPartOf":{"@id":"https:\/\/abd.ong\/ca\/#website"},"primaryImageOfPage":{"@id":"https:\/\/abd.ong\/ca\/general-ca\/abd-entra-a-formar-part-del-projecte-eciu-university-un-consorci-internacional-per-apropar-la-investigacio-a-laccio-social\/#primaryimage"},"image":{"@id":"https:\/\/abd.ong\/ca\/general-ca\/abd-entra-a-formar-part-del-projecte-eciu-university-un-consorci-internacional-per-apropar-la-investigacio-a-laccio-social\/#primaryimage"},"thumbnailUrl":"https:\/\/abd.ong\/wp-content\/uploads\/2020\/02\/IMG_4408.jpgMonica.jpg","datePublished":"2020-02-12T23:00:00+00:00","dateModified":"2021-02-17T18:24:30+00:00","description":"L'Associaci\u00f3 Benestar i Desenvolupament ABD ha entrat a formar part del projecte europeu ECIU University, un consorci que t\u00e9 l'objectiu de proveir ponts i","breadcrumb":{"@id":"https:\/\/abd.ong\/ca\/general-ca\/abd-entra-a-formar-part-del-projecte-eciu-university-un-consorci-internacional-per-apropar-la-investigacio-a-laccio-social\/#breadcrumb"},"inLanguage":"ca","potentialAction":[{"@type":"ReadAction","target":["https:\/\/abd.ong\/ca\/general-ca\/abd-entra-a-formar-part-del-projecte-eciu-university-un-consorci-internacional-per-apropar-la-investigacio-a-laccio-social\/"]}]},{"@type":"ImageObject","inLanguage":"ca","@id":"https:\/\/abd.ong\/ca\/general-ca\/abd-entra-a-formar-part-del-projecte-eciu-university-un-consorci-internacional-per-apropar-la-investigacio-a-laccio-social\/#primaryimage","url":"https:\/\/abd.ong\/wp-content\/uploads\/2020\/02\/IMG_4408.jpgMonica.jpg","contentUrl":"https:\/\/abd.ong\/wp-content\/uploads\/2020\/02\/IMG_4408.jpgMonica.jpg","width":1273,"height":798},{"@type":"BreadcrumbList","@id":"https:\/\/abd.ong\/ca\/general-ca\/abd-entra-a-formar-part-del-projecte-eciu-university-un-consorci-internacional-per-apropar-la-investigacio-a-laccio-social\/#breadcrumb","itemListElement":[{"@type":"ListItem","position":1,"name":"Inici","item":"https:\/\/abd.ong\/ca\/"},{"@type":"ListItem","position":2,"name":"ABD entra a formar part del projecte ECIU University, un consorci internacional per apropar la investigaci\u00f3 a l&#8217;acci\u00f3 social"}]},{"@type":"WebSite","@id":"https:\/\/abd.ong\/ca\/#website","url":"https:\/\/abd.ong\/ca\/","name":"ABD","description":"Asociaci\u00f3n Bienestar y Desarrollo","publisher":{"@id":"https:\/\/abd.ong\/ca\/#organization"},"potentialAction":[{"@type":"SearchAction","target":{"@type":"EntryPoint","urlTemplate":"https:\/\/abd.ong\/ca\/?s={search_term_string}"},"query-input":{"@type":"PropertyValueSpecification","valueRequired":true,"valueName":"search_term_string"}}],"inLanguage":"ca"},{"@type":"Organization","@id":"https:\/\/abd.ong\/ca\/#organization","name":"Associaci\u00f3 Benestar i Desenvolupament","alternateName":"ABD","url":"https:\/\/abd.ong\/ca\/","logo":{"@type":"ImageObject","inLanguage":"ca","@id":"https:\/\/abd.ong\/ca\/#\/schema\/logo\/image\/","url":"https:\/\/abd.ong\/wp-content\/uploads\/2023\/01\/Icona.png","contentUrl":"https:\/\/abd.ong\/wp-content\/uploads\/2023\/01\/Icona.png","width":190,"height":187,"caption":"Associaci\u00f3 Benestar i Desenvolupament"},"image":{"@id":"https:\/\/abd.ong\/ca\/#\/schema\/logo\/image\/"},"sameAs":["https:\/\/www.facebook.com\/abd.ong","https:\/\/x.com\/abd_ong","https:\/\/www.instagram.com\/abd_ong\/","https:\/\/www.linkedin.com\/company\/abdong","https:\/\/www.youtube.com\/user\/CANALABD"]},{"@type":"Person","@id":"https:\/\/abd.ong\/ca\/#\/schema\/person\/1b9cf116597cda3a4b8900a43c641f6e","name":"M_Disseny"}]}},"_links":{"self":[{"href":"https:\/\/abd.ong\/ca\/wp-json\/wp\/v2\/posts\/13328","targetHints":{"allow":["GET"]}}],"collection":[{"href":"https:\/\/abd.ong\/ca\/wp-json\/wp\/v2\/posts"}],"about":[{"href":"https:\/\/abd.ong\/ca\/wp-json\/wp\/v2\/types\/post"}],"author":[{"embeddable":true,"href":"https:\/\/abd.ong\/ca\/wp-json\/wp\/v2\/users\/1"}],"replies":[{"embeddable":true,"href":"https:\/\/abd.ong\/ca\/wp-json\/wp\/v2\/comments?post=13328"}],"version-history":[{"count":3,"href":"https:\/\/abd.ong\/ca\/wp-json\/wp\/v2\/posts\/13328\/revisions"}],"predecessor-version":[{"id":20408,"href":"https:\/\/abd.ong\/ca\/wp-json\/wp\/v2\/posts\/13328\/revisions\/20408"}],"wp:featuredmedia":[{"embeddable":true,"href":"https:\/\/abd.ong\/ca\/wp-json\/wp\/v2\/media\/13329"}],"wp:attachment":[{"href":"https:\/\/abd.ong\/ca\/wp-json\/wp\/v2\/media?parent=13328"}],"wp:term":[{"taxonomy":"category","embeddable":true,"href":"https:\/\/abd.ong\/ca\/wp-json\/wp\/v2\/categories?post=13328"},{"taxonomy":"post_tag","embeddable":true,"href":"https:\/\/abd.ong\/ca\/wp-json\/wp\/v2\/tags?post=13328"}],"curies":[{"name":"wp","href":"https:\/\/api.w.org\/{rel}","templated":true}]}}