{"id":13245,"date":"2020-01-27T00:00:00","date_gmt":"2020-01-26T23:00:00","guid":{"rendered":"https:\/\/abd.ong\/sin-categorizar\/abd-als-mitjans-de-comunicacio-al-gener\/"},"modified":"2021-02-17T19:26:23","modified_gmt":"2021-02-17T18:26:23","slug":"abd-als-mitjans-de-comunicacio-al-gener","status":"publish","type":"post","link":"https:\/\/abd.ong\/ca\/general-ca\/abd-als-mitjans-de-comunicacio-al-gener\/","title":{"rendered":"ABD als mitjans de comunicaci\u00f3 al gener"},"content":{"rendered":"\n<p>L\u2019<strong><a href=\"https:\/\/abd.ong\">Associaci\u00f3 Benestar i Desenvolupament<\/a>\u00a0(ABD)<\/strong> ha estat present als mitjans de comunicaci\u00f3 durant aquest mes de gener. A continuaci\u00f3, el recull de premsa de les diverses not\u00edcies, articles i reportatges als quals hem format part com a entitat.<\/p>\n<p>&nbsp;<\/p>\n<p><strong>03\/01\/2020 &#8211; Xarxanet<\/strong><\/p>\n<p><em>Consideren necessaris recursos econ\u00f2mics i humans, aix\u00ed com comprom\u00eds social i una educaci\u00f3 des de la base.<\/em><\/p>\n<p><a href=\"https:\/\/xarxanet.org\/comunitari\/noticies\/les-entitats-demanen-mes-recursos-aturar-laugment-de-violencia-masclista\"><strong>Les entitats demanen m\u00e9s recursos per eradicar la viol\u00e8ncia masclista<\/strong><\/a><\/p>\n<p>&nbsp;<\/p>\n<p><strong>07\/01\/2020 &#8211; Lasdrogas.info<\/strong><\/p>\n<p><em>\u00abHi ha una certa l\u00f2gica que si controles la subst\u00e0ncia amb la qual s&#8217;elabora, no hi haur\u00e0 drogues, per\u00f2 els productors van trobar subst\u00e0ncies semblants que ni tan sols estan en les llistes\u00bb de fiscalitzaci\u00f3.<\/em><\/p>\n<p><a href=\"https:\/\/www.lasdrogas.info\/noticias\/mireia-ventura-el-fenomeno-de-las-nuevas-drogas-es-peligroso-no-tenemos-mucha-informacion\/\"><strong>Mireia Ventura: \u00abEl fen\u00f3meno de las nuevas drogas es peligroso, no tenemos mucha informaci\u00f3n\u00bb<\/strong><\/a><\/p>\n<p>&nbsp;<\/p>\n<p><strong>08\/01\/2020 &#8211; Peri\u00f3dico Distrito de Villaverde<\/strong><\/p>\n<p><em>Coneixem el Servei Comunitari de Prevenci\u00f3 d&#8217;Addiccions, acabat d&#8217;arribar al Districte.<\/em><\/p>\n<p><a href=\"https:\/\/www.distritovillaverde.com\/promoviendo-un-ocio-saludable\/\"><strong>Promoviendo un ocio saludable<\/strong><\/a><\/p>\n<p>&nbsp;<\/p>\n<p><strong>10\/01\/2020 &#8211; Xarxanet<\/strong><\/p>\n<p><em>L\u2019Associaci\u00f3 Benestar i Desenvolupament (ABD), a trav\u00e9s de la iniciativa ChemSafe, vol recaptar informaci\u00f3 sobre l\u2019\u00fas de drogues en el context de les relacions sexuals.<\/em><\/p>\n<p><a href=\"https:\/\/xarxanet.org\/comunitari\/noticies\/fuck-violence-estudi-sobre-les-violencies-en-contextos-de-chemsex\"><strong>Fuck Violence: un estudi sobre les viol\u00e8ncies en contextos de \u2018chemsex\u2019<\/strong><\/a><\/p>\n<p>&nbsp;<\/p>\n<p><strong>14\/01\/2020 &#8211; Al cabo de la calle<\/strong><\/p>\n<p><em>L&#8217;Ajuntament d&#8217;Arroyomolinos ha adjudicat per 73.973,54 euros el servei integral d&#8217;atenci\u00f3 a v\u00edctimes de viol\u00e8ncia de g\u00e8nere.<\/em><\/p>\n<p><a href=\"https:\/\/alcabodelacalle.es\/arroyomolinos-adjudica-por-74-000-euros-el-servicio-de-atencion-a-victimas-de-violencia-de-genero\"><strong>Arroyomolinos adjudica por 74.000 euros el servicio de atenci\u00f3n a v\u00edctimas de violencia de g\u00e9nero<\/strong><\/a><\/p>\n<p>&nbsp;<\/p>\n<p><strong>15\/01\/2020 &#8211; Catalunya r\u00e0dio<\/strong><\/p>\n<p><em>N&#8217;hi ha prou amb les lleis que restringeixen el consum d&#8217;alcohol a Catalunya? O el problema \u00e9s que no les dotem de prou mitjans?<\/em><\/p>\n<p><a href=\"https:\/\/www.ccma.cat\/catradio\/alacarta\/catalunya-nit\/ara-que-fa-100-anys-de-la-llei-seca-als-eua-bevem-massa-els-catalans-i-catalanes\/audio\/1060592\/\"><strong>Ara que fa 100 anys de la llei seca als EUA&#8230; Bevem massa els catalans?<\/strong><\/a><\/p>\n<p>&nbsp;<\/p>\n<p><strong>17\/01\/2020 &#8211; Reset<\/strong><\/p>\n<p><em>Presentem una entrevista a N\u00faria Calzada, llicenciada en Psicologia per la Universitat de Barcelona, membre d&#8217;Energy Control &#8211; programa de reducci\u00f3 de riscos de l&#8217;Associaci\u00f3 Benestar i Desenvolupament (ABD).<\/em><\/p>\n<p><a href=\"http:\/\/resetdrogas.com.ar\/index.php\/2020\/01\/17\/entrevista-a-nuria-calzada\/\"><strong>Entrevista a N\u00faria Calzada<\/strong><\/a><\/p>\n<p>&nbsp;<\/p>\n<p><strong>24\/01\/2020 &#8211; Mundo Deportivo<\/strong><\/p>\n<p><em>\u2018Maleducats\u2019 neix per donar espai i veu a la rica escena urbana catalana i, alhora, per portar grans referents estatals i internacionals de trap, rap i altres tend\u00e8ncies de l&#8217;art urb\u00e0.<\/em><\/p>\n<p><a href=\"https:\/\/www.mundodeportivo.com\/actualidad\/20200124\/473097731853\/nace-maleducats-el-primer-festival-de-musica-urbana-de-la-escena-catalana.html\"><strong>Nace \u2018Maleducats\u2019, el primer festival de m\u00fasica urbana de la escena catalana<\/strong><\/a><\/p>\n<p>&nbsp;<\/p>\n<p><strong>28\/01\/2020 &#8211; La Vanguardia (Europa Press)<\/strong><\/p>\n<p><em>La primera edici\u00f3 donar\u00e0 veu a artistes nacionals, estatals i internacionals<\/em><\/p>\n<p><a href=\"https:\/\/www.lavanguardia.com\/local\/barcelona\/20200128\/473196413403\/catalunya-lildami-impulsa-un-festival-en-terrassa-barcelona-para-poner-la-musica-urbana-en-el-mapa.html\"><strong>Lildami impulsa un festival en Terrassa (Barcelona) para &#8220;poner la m\u00fasica urbana en el mapa&#8221;<\/strong><\/a><\/p>\n<p><\/p>","protected":false},"excerpt":{"rendered":"<p>L\u2019Associaci\u00f3 Benestar i Desenvolupament\u00a0(ABD) ha estat present als mitjans de comunicaci\u00f3 durant aquest mes de gener. A continuaci\u00f3, el recull de premsa de les diverses not\u00edcies, articles i reportatges als&hellip;<\/p>\n","protected":false},"author":1,"featured_media":2591,"comment_status":"closed","ping_status":"closed","sticky":false,"template":"","format":"standard","meta":{"_acf_changed":false,"footnotes":""},"categories":[66],"tags":[119,1672,435],"class_list":["post-13245","post","type-post","status-publish","format-standard","has-post-thumbnail","hentry","category-general-ca","tag-abd","tag-impactes-de-premsa-ca","tag-mitjans-de-comunicacio","ods-aliances-per-assolir-els-objectius","right-dret-a-la-llibertat-dexpressio"],"acf":[],"yoast_head":"<!-- This site is optimized with the Yoast SEO plugin v27.4 - https:\/\/yoast.com\/product\/yoast-seo-wordpress\/ -->\n<title>ABD als mitjans de comunicaci\u00f3 al gener - ABD<\/title>\n<meta name=\"description\" content=\"L\u2019Associaci\u00f3 Benestar i Desenvolupament\u00a0(ABD) ha estat present als mitjans de comunicaci\u00f3 durant aquest mes de gener. A continuaci\u00f3, el recull de premsa\" \/>\n<meta name=\"robots\" content=\"index, follow, max-snippet:-1, max-image-preview:large, max-video-preview:-1\" \/>\n<link rel=\"canonical\" href=\"https:\/\/abd.ong\/ca\/general-ca\/abd-als-mitjans-de-comunicacio-al-gener\/\" \/>\n<meta property=\"og:locale\" content=\"ca_ES\" \/>\n<meta property=\"og:type\" content=\"article\" \/>\n<meta property=\"og:title\" content=\"ABD als mitjans de comunicaci\u00f3 al gener - ABD\" \/>\n<meta property=\"og:description\" content=\"L\u2019Associaci\u00f3 Benestar i Desenvolupament\u00a0(ABD) ha estat present als mitjans de comunicaci\u00f3 durant aquest mes de gener. A continuaci\u00f3, el recull de premsa\" \/>\n<meta property=\"og:url\" content=\"https:\/\/abd.ong\/ca\/general-ca\/abd-als-mitjans-de-comunicacio-al-gener\/\" \/>\n<meta property=\"og:site_name\" content=\"ABD\" \/>\n<meta property=\"article:publisher\" content=\"https:\/\/www.facebook.com\/abd.ong\" \/>\n<meta property=\"article:published_time\" content=\"2020-01-26T23:00:00+00:00\" \/>\n<meta property=\"article:modified_time\" content=\"2021-02-17T18:26:23+00:00\" \/>\n<meta property=\"og:image\" content=\"https:\/\/abd.ong\/wp-content\/uploads\/1970\/01\/old-tv-1149416_1920.jpg\" \/>\n\t<meta property=\"og:image:width\" content=\"1919\" \/>\n\t<meta property=\"og:image:height\" content=\"977\" \/>\n\t<meta property=\"og:image:type\" content=\"image\/jpeg\" \/>\n<meta name=\"author\" content=\"M_Disseny\" \/>\n<meta name=\"twitter:card\" content=\"summary_large_image\" \/>\n<meta name=\"twitter:creator\" content=\"@abd_ong\" \/>\n<meta name=\"twitter:site\" content=\"@abd_ong\" \/>\n<meta name=\"twitter:label1\" content=\"Escrit per\" \/>\n\t<meta name=\"twitter:data1\" content=\"M_Disseny\" \/>\n\t<meta name=\"twitter:label2\" content=\"Temps estimat de lectura\" \/>\n\t<meta name=\"twitter:data2\" content=\"2 minuts\" \/>\n<script type=\"application\/ld+json\" class=\"yoast-schema-graph\">{\"@context\":\"https:\\\/\\\/schema.org\",\"@graph\":[{\"@type\":\"Article\",\"@id\":\"https:\\\/\\\/abd.ong\\\/ca\\\/general-ca\\\/abd-als-mitjans-de-comunicacio-al-gener\\\/#article\",\"isPartOf\":{\"@id\":\"https:\\\/\\\/abd.ong\\\/ca\\\/general-ca\\\/abd-als-mitjans-de-comunicacio-al-gener\\\/\"},\"author\":{\"name\":\"M_Disseny\",\"@id\":\"https:\\\/\\\/abd.ong\\\/ca\\\/#\\\/schema\\\/person\\\/1b9cf116597cda3a4b8900a43c641f6e\"},\"headline\":\"ABD als mitjans de comunicaci\u00f3 al gener\",\"datePublished\":\"2020-01-26T23:00:00+00:00\",\"dateModified\":\"2021-02-17T18:26:23+00:00\",\"mainEntityOfPage\":{\"@id\":\"https:\\\/\\\/abd.ong\\\/ca\\\/general-ca\\\/abd-als-mitjans-de-comunicacio-al-gener\\\/\"},\"wordCount\":421,\"publisher\":{\"@id\":\"https:\\\/\\\/abd.ong\\\/ca\\\/#organization\"},\"image\":{\"@id\":\"https:\\\/\\\/abd.ong\\\/ca\\\/general-ca\\\/abd-als-mitjans-de-comunicacio-al-gener\\\/#primaryimage\"},\"thumbnailUrl\":\"https:\\\/\\\/abd.ong\\\/wp-content\\\/uploads\\\/1970\\\/01\\\/old-tv-1149416_1920.jpg\",\"keywords\":[\"ABD\",\"impactes de premsa\",\"mitjans de comunicaci\u00f3\"],\"articleSection\":[\"General\"],\"inLanguage\":\"ca\"},{\"@type\":\"WebPage\",\"@id\":\"https:\\\/\\\/abd.ong\\\/ca\\\/general-ca\\\/abd-als-mitjans-de-comunicacio-al-gener\\\/\",\"url\":\"https:\\\/\\\/abd.ong\\\/ca\\\/general-ca\\\/abd-als-mitjans-de-comunicacio-al-gener\\\/\",\"name\":\"ABD als mitjans de comunicaci\u00f3 al gener - ABD\",\"isPartOf\":{\"@id\":\"https:\\\/\\\/abd.ong\\\/ca\\\/#website\"},\"primaryImageOfPage\":{\"@id\":\"https:\\\/\\\/abd.ong\\\/ca\\\/general-ca\\\/abd-als-mitjans-de-comunicacio-al-gener\\\/#primaryimage\"},\"image\":{\"@id\":\"https:\\\/\\\/abd.ong\\\/ca\\\/general-ca\\\/abd-als-mitjans-de-comunicacio-al-gener\\\/#primaryimage\"},\"thumbnailUrl\":\"https:\\\/\\\/abd.ong\\\/wp-content\\\/uploads\\\/1970\\\/01\\\/old-tv-1149416_1920.jpg\",\"datePublished\":\"2020-01-26T23:00:00+00:00\",\"dateModified\":\"2021-02-17T18:26:23+00:00\",\"description\":\"L\u2019Associaci\u00f3 Benestar i Desenvolupament\u00a0(ABD) ha estat present als mitjans de comunicaci\u00f3 durant aquest mes de gener. A continuaci\u00f3, el recull de premsa\",\"breadcrumb\":{\"@id\":\"https:\\\/\\\/abd.ong\\\/ca\\\/general-ca\\\/abd-als-mitjans-de-comunicacio-al-gener\\\/#breadcrumb\"},\"inLanguage\":\"ca\",\"potentialAction\":[{\"@type\":\"ReadAction\",\"target\":[\"https:\\\/\\\/abd.ong\\\/ca\\\/general-ca\\\/abd-als-mitjans-de-comunicacio-al-gener\\\/\"]}]},{\"@type\":\"ImageObject\",\"inLanguage\":\"ca\",\"@id\":\"https:\\\/\\\/abd.ong\\\/ca\\\/general-ca\\\/abd-als-mitjans-de-comunicacio-al-gener\\\/#primaryimage\",\"url\":\"https:\\\/\\\/abd.ong\\\/wp-content\\\/uploads\\\/1970\\\/01\\\/old-tv-1149416_1920.jpg\",\"contentUrl\":\"https:\\\/\\\/abd.ong\\\/wp-content\\\/uploads\\\/1970\\\/01\\\/old-tv-1149416_1920.jpg\",\"width\":1919,\"height\":977},{\"@type\":\"BreadcrumbList\",\"@id\":\"https:\\\/\\\/abd.ong\\\/ca\\\/general-ca\\\/abd-als-mitjans-de-comunicacio-al-gener\\\/#breadcrumb\",\"itemListElement\":[{\"@type\":\"ListItem\",\"position\":1,\"name\":\"Inici\",\"item\":\"https:\\\/\\\/abd.ong\\\/ca\\\/\"},{\"@type\":\"ListItem\",\"position\":2,\"name\":\"ABD als mitjans de comunicaci\u00f3 al gener\"}]},{\"@type\":\"WebSite\",\"@id\":\"https:\\\/\\\/abd.ong\\\/ca\\\/#website\",\"url\":\"https:\\\/\\\/abd.ong\\\/ca\\\/\",\"name\":\"ABD\",\"description\":\"Asociaci\u00f3n Bienestar y Desarrollo\",\"publisher\":{\"@id\":\"https:\\\/\\\/abd.ong\\\/ca\\\/#organization\"},\"potentialAction\":[{\"@type\":\"SearchAction\",\"target\":{\"@type\":\"EntryPoint\",\"urlTemplate\":\"https:\\\/\\\/abd.ong\\\/ca\\\/?s={search_term_string}\"},\"query-input\":{\"@type\":\"PropertyValueSpecification\",\"valueRequired\":true,\"valueName\":\"search_term_string\"}}],\"inLanguage\":\"ca\"},{\"@type\":\"Organization\",\"@id\":\"https:\\\/\\\/abd.ong\\\/ca\\\/#organization\",\"name\":\"Associaci\u00f3 Benestar i Desenvolupament\",\"alternateName\":\"ABD\",\"url\":\"https:\\\/\\\/abd.ong\\\/ca\\\/\",\"logo\":{\"@type\":\"ImageObject\",\"inLanguage\":\"ca\",\"@id\":\"https:\\\/\\\/abd.ong\\\/ca\\\/#\\\/schema\\\/logo\\\/image\\\/\",\"url\":\"https:\\\/\\\/abd.ong\\\/wp-content\\\/uploads\\\/2023\\\/01\\\/Icona.png\",\"contentUrl\":\"https:\\\/\\\/abd.ong\\\/wp-content\\\/uploads\\\/2023\\\/01\\\/Icona.png\",\"width\":190,\"height\":187,\"caption\":\"Associaci\u00f3 Benestar i Desenvolupament\"},\"image\":{\"@id\":\"https:\\\/\\\/abd.ong\\\/ca\\\/#\\\/schema\\\/logo\\\/image\\\/\"},\"sameAs\":[\"https:\\\/\\\/www.facebook.com\\\/abd.ong\",\"https:\\\/\\\/x.com\\\/abd_ong\",\"https:\\\/\\\/www.instagram.com\\\/abd_ong\\\/\",\"https:\\\/\\\/www.linkedin.com\\\/company\\\/abdong\",\"https:\\\/\\\/www.youtube.com\\\/user\\\/CANALABD\"]},{\"@type\":\"Person\",\"@id\":\"https:\\\/\\\/abd.ong\\\/ca\\\/#\\\/schema\\\/person\\\/1b9cf116597cda3a4b8900a43c641f6e\",\"name\":\"M_Disseny\"}]}<\/script>\n<!-- \/ Yoast SEO plugin. -->","yoast_head_json":{"title":"ABD als mitjans de comunicaci\u00f3 al gener - ABD","description":"L\u2019Associaci\u00f3 Benestar i Desenvolupament\u00a0(ABD) ha estat present als mitjans de comunicaci\u00f3 durant aquest mes de gener. A continuaci\u00f3, el recull de premsa","robots":{"index":"index","follow":"follow","max-snippet":"max-snippet:-1","max-image-preview":"max-image-preview:large","max-video-preview":"max-video-preview:-1"},"canonical":"https:\/\/abd.ong\/ca\/general-ca\/abd-als-mitjans-de-comunicacio-al-gener\/","og_locale":"ca_ES","og_type":"article","og_title":"ABD als mitjans de comunicaci\u00f3 al gener - ABD","og_description":"L\u2019Associaci\u00f3 Benestar i Desenvolupament\u00a0(ABD) ha estat present als mitjans de comunicaci\u00f3 durant aquest mes de gener. A continuaci\u00f3, el recull de premsa","og_url":"https:\/\/abd.ong\/ca\/general-ca\/abd-als-mitjans-de-comunicacio-al-gener\/","og_site_name":"ABD","article_publisher":"https:\/\/www.facebook.com\/abd.ong","article_published_time":"2020-01-26T23:00:00+00:00","article_modified_time":"2021-02-17T18:26:23+00:00","og_image":[{"width":1919,"height":977,"url":"https:\/\/abd.ong\/wp-content\/uploads\/1970\/01\/old-tv-1149416_1920.jpg","type":"image\/jpeg"}],"author":"M_Disseny","twitter_card":"summary_large_image","twitter_creator":"@abd_ong","twitter_site":"@abd_ong","twitter_misc":{"Escrit per":"M_Disseny","Temps estimat de lectura":"2 minuts"},"schema":{"@context":"https:\/\/schema.org","@graph":[{"@type":"Article","@id":"https:\/\/abd.ong\/ca\/general-ca\/abd-als-mitjans-de-comunicacio-al-gener\/#article","isPartOf":{"@id":"https:\/\/abd.ong\/ca\/general-ca\/abd-als-mitjans-de-comunicacio-al-gener\/"},"author":{"name":"M_Disseny","@id":"https:\/\/abd.ong\/ca\/#\/schema\/person\/1b9cf116597cda3a4b8900a43c641f6e"},"headline":"ABD als mitjans de comunicaci\u00f3 al gener","datePublished":"2020-01-26T23:00:00+00:00","dateModified":"2021-02-17T18:26:23+00:00","mainEntityOfPage":{"@id":"https:\/\/abd.ong\/ca\/general-ca\/abd-als-mitjans-de-comunicacio-al-gener\/"},"wordCount":421,"publisher":{"@id":"https:\/\/abd.ong\/ca\/#organization"},"image":{"@id":"https:\/\/abd.ong\/ca\/general-ca\/abd-als-mitjans-de-comunicacio-al-gener\/#primaryimage"},"thumbnailUrl":"https:\/\/abd.ong\/wp-content\/uploads\/1970\/01\/old-tv-1149416_1920.jpg","keywords":["ABD","impactes de premsa","mitjans de comunicaci\u00f3"],"articleSection":["General"],"inLanguage":"ca"},{"@type":"WebPage","@id":"https:\/\/abd.ong\/ca\/general-ca\/abd-als-mitjans-de-comunicacio-al-gener\/","url":"https:\/\/abd.ong\/ca\/general-ca\/abd-als-mitjans-de-comunicacio-al-gener\/","name":"ABD als mitjans de comunicaci\u00f3 al gener - ABD","isPartOf":{"@id":"https:\/\/abd.ong\/ca\/#website"},"primaryImageOfPage":{"@id":"https:\/\/abd.ong\/ca\/general-ca\/abd-als-mitjans-de-comunicacio-al-gener\/#primaryimage"},"image":{"@id":"https:\/\/abd.ong\/ca\/general-ca\/abd-als-mitjans-de-comunicacio-al-gener\/#primaryimage"},"thumbnailUrl":"https:\/\/abd.ong\/wp-content\/uploads\/1970\/01\/old-tv-1149416_1920.jpg","datePublished":"2020-01-26T23:00:00+00:00","dateModified":"2021-02-17T18:26:23+00:00","description":"L\u2019Associaci\u00f3 Benestar i Desenvolupament\u00a0(ABD) ha estat present als mitjans de comunicaci\u00f3 durant aquest mes de gener. A continuaci\u00f3, el recull de premsa","breadcrumb":{"@id":"https:\/\/abd.ong\/ca\/general-ca\/abd-als-mitjans-de-comunicacio-al-gener\/#breadcrumb"},"inLanguage":"ca","potentialAction":[{"@type":"ReadAction","target":["https:\/\/abd.ong\/ca\/general-ca\/abd-als-mitjans-de-comunicacio-al-gener\/"]}]},{"@type":"ImageObject","inLanguage":"ca","@id":"https:\/\/abd.ong\/ca\/general-ca\/abd-als-mitjans-de-comunicacio-al-gener\/#primaryimage","url":"https:\/\/abd.ong\/wp-content\/uploads\/1970\/01\/old-tv-1149416_1920.jpg","contentUrl":"https:\/\/abd.ong\/wp-content\/uploads\/1970\/01\/old-tv-1149416_1920.jpg","width":1919,"height":977},{"@type":"BreadcrumbList","@id":"https:\/\/abd.ong\/ca\/general-ca\/abd-als-mitjans-de-comunicacio-al-gener\/#breadcrumb","itemListElement":[{"@type":"ListItem","position":1,"name":"Inici","item":"https:\/\/abd.ong\/ca\/"},{"@type":"ListItem","position":2,"name":"ABD als mitjans de comunicaci\u00f3 al gener"}]},{"@type":"WebSite","@id":"https:\/\/abd.ong\/ca\/#website","url":"https:\/\/abd.ong\/ca\/","name":"ABD","description":"Asociaci\u00f3n Bienestar y Desarrollo","publisher":{"@id":"https:\/\/abd.ong\/ca\/#organization"},"potentialAction":[{"@type":"SearchAction","target":{"@type":"EntryPoint","urlTemplate":"https:\/\/abd.ong\/ca\/?s={search_term_string}"},"query-input":{"@type":"PropertyValueSpecification","valueRequired":true,"valueName":"search_term_string"}}],"inLanguage":"ca"},{"@type":"Organization","@id":"https:\/\/abd.ong\/ca\/#organization","name":"Associaci\u00f3 Benestar i Desenvolupament","alternateName":"ABD","url":"https:\/\/abd.ong\/ca\/","logo":{"@type":"ImageObject","inLanguage":"ca","@id":"https:\/\/abd.ong\/ca\/#\/schema\/logo\/image\/","url":"https:\/\/abd.ong\/wp-content\/uploads\/2023\/01\/Icona.png","contentUrl":"https:\/\/abd.ong\/wp-content\/uploads\/2023\/01\/Icona.png","width":190,"height":187,"caption":"Associaci\u00f3 Benestar i Desenvolupament"},"image":{"@id":"https:\/\/abd.ong\/ca\/#\/schema\/logo\/image\/"},"sameAs":["https:\/\/www.facebook.com\/abd.ong","https:\/\/x.com\/abd_ong","https:\/\/www.instagram.com\/abd_ong\/","https:\/\/www.linkedin.com\/company\/abdong","https:\/\/www.youtube.com\/user\/CANALABD"]},{"@type":"Person","@id":"https:\/\/abd.ong\/ca\/#\/schema\/person\/1b9cf116597cda3a4b8900a43c641f6e","name":"M_Disseny"}]}},"_links":{"self":[{"href":"https:\/\/abd.ong\/ca\/wp-json\/wp\/v2\/posts\/13245","targetHints":{"allow":["GET"]}}],"collection":[{"href":"https:\/\/abd.ong\/ca\/wp-json\/wp\/v2\/posts"}],"about":[{"href":"https:\/\/abd.ong\/ca\/wp-json\/wp\/v2\/types\/post"}],"author":[{"embeddable":true,"href":"https:\/\/abd.ong\/ca\/wp-json\/wp\/v2\/users\/1"}],"replies":[{"embeddable":true,"href":"https:\/\/abd.ong\/ca\/wp-json\/wp\/v2\/comments?post=13245"}],"version-history":[{"count":3,"href":"https:\/\/abd.ong\/ca\/wp-json\/wp\/v2\/posts\/13245\/revisions"}],"predecessor-version":[{"id":20415,"href":"https:\/\/abd.ong\/ca\/wp-json\/wp\/v2\/posts\/13245\/revisions\/20415"}],"wp:featuredmedia":[{"embeddable":true,"href":"https:\/\/abd.ong\/ca\/wp-json\/wp\/v2\/media\/2591"}],"wp:attachment":[{"href":"https:\/\/abd.ong\/ca\/wp-json\/wp\/v2\/media?parent=13245"}],"wp:term":[{"taxonomy":"category","embeddable":true,"href":"https:\/\/abd.ong\/ca\/wp-json\/wp\/v2\/categories?post=13245"},{"taxonomy":"post_tag","embeddable":true,"href":"https:\/\/abd.ong\/ca\/wp-json\/wp\/v2\/tags?post=13245"}],"curies":[{"name":"wp","href":"https:\/\/api.w.org\/{rel}","templated":true}]}}