{"id":13210,"date":"2020-01-17T00:00:00","date_gmt":"2020-01-16T23:00:00","guid":{"rendered":"https:\/\/abd.ong\/sin-categorizar\/les-persones-en-situacio-de-vulnerabilitat-ateses-per-abd-podran-accedir-al-banc-de-roba-de-la-fundacio-aema\/"},"modified":"2021-07-06T10:44:11","modified_gmt":"2021-07-06T08:44:11","slug":"les-persones-en-situacio-de-vulnerabilitat-ateses-per-abd-podran-accedir-al-banc-de-roba-de-la-fundacio-aema","status":"publish","type":"post","link":"https:\/\/abd.ong\/ca\/general-ca\/les-persones-en-situacio-de-vulnerabilitat-ateses-per-abd-podran-accedir-al-banc-de-roba-de-la-fundacio-aema\/","title":{"rendered":"Les persones en situaci\u00f3 de vulnerabilitat ateses per ABD podran accedir al banc de roba de la Fundaci\u00f3 AEMA"},"content":{"rendered":"\n<p>Les persones en situaci\u00f3 de fragilitat social ateses per l\u2019<a href=\"https:\/\/abd.ong\">Associaci\u00f3 Benestar i Desenvolupament ABD<\/a> tindran acc\u00e9s de forma gratu\u00efta al banc de roba de la <a href=\"https:\/\/fundacioaema.cat\/\">Fundaci\u00f3 AEMA<\/a>. Aix\u00f2 ser\u00e0 possible gr\u00e0cies al conveni qu\u00e8 han signat les dues entitats a principi d\u2019any i qu\u00e8 representa un pas m\u00e9s en el comprom\u00eds d\u2019ambdues organitzacions en la defensa de la poblaci\u00f3 en situaci\u00f3 de vulnerabilitat. <\/p>\n\n\n\n<p><strong>La Fundaci\u00f3 AEMA rebr\u00e0 a les persones usu\u00e0ries dels programes i serveis d\u2019ABD en el Punt d&#8217;Atenci\u00f3 Personalitzada on mitjan\u00e7ant un format &#8220;tenda de roba&#8221; accediran a l&#8217;espai durant 30 minuts per escollir la roba que m\u00e9s s&#8217;adeq\u00fci a les seves necessitats i gustos<\/strong>. En aquest espai podran emprovar-se la roba i seleccionar finalment entre 10 i 12 peces. Aquest Punt d&#8217;Atenci\u00f3 Personalitzada va iniciar funcionament a finals de maig del 2019 i, des d\u2019aleshores, han donat m\u00e9s de 8500 peces de roba (uns 2.200Kg) a m\u00e9s de 1000 persones.<\/p>\n\n\n\n<p>El projecte del Banc de Roba de la fundaci\u00f3 AEMA va n\u00e9ixer l\u2019any 2017 i consisteix en un servei d\u2019inter\u00e8s p\u00fablic en el que s\u2019ofereix roba de \u201csegones qualitats\u201d \u2013b\u00e0sicament, restes de producci\u00f3 i articles nous amb tares- per la seva distribuci\u00f3 a les entitats socials de l\u2019\u00e0rea metropolitana de Barcelona, principalment Hospitalet i Baix Llobregat, dirigida a<strong> cobrir les necessitats b\u00e0siques de la poblaci\u00f3 en situaci\u00f3 de vulnerabilitat, pobresa i risc d\u2019exclusi\u00f3 social<\/strong>. <\/p>\n\n\n\n<p>El banc de roba es centra en un model de sostenibilitat i dignificaci\u00f3 de\nl\u2019acc\u00e9s de roba nova per part de la poblaci\u00f3 m\u00e9s desfavorida. Per tal de fer\npossible aquest projecte, compten amb una xarxa d\u2019empreses col\u00b7laboradores i\npatrocinadores que garanteixen l\u2019estoc i el funcionament del banc de roba a\npartir de la donaci\u00f3 de peces de roba i\/o el suport econ\u00f2mic per finan\u00e7ar\nl\u2019estructura de costos de la iniciativa.<\/p>\n\n\n\n<h3 class=\"wp-block-heading\"><strong>Sobre AEMA<\/strong><\/h3>\n\n\n\n<p>La Fundaci\u00f3 AEMA -creada l\u2019any 2017- neix amb la voluntat d\u2019oferir suport i acompanyament a entitats, empreses i particulars per tal de millorar la qualitat de vida i les oportunitats dels infants, joves i fam\u00edlies, especialment aquells que es troben en situaci\u00f3 d\u2019exclusi\u00f3 o vulnerabilitat. De la seva banda, <a href=\"https:\/\/fundacioaema.cat\/\">AEMA \u00e9s una cooperativa d\u2019iniciativa social<\/a>, sense \u00e0nim de lucre, fundada el 27 de desembre de 2006 a l\u2019Hospitalet de Llobregat, que neix i es nodreix de l\u2019Associaci\u00f3 Educativa Meritxell Ad\u00e1n. Aquesta entitat, que ha continuat vinculada a la realitat de la cooperativa i n\u2019ha compartit ess\u00e8ncia ideol\u00f2gica i metodol\u00f2gica, havia comen\u00e7at la seva activitat a la primavera de 2003 en el si d\u2019un grup de joves implicats en tasques d\u2019educaci\u00f3 no formal amb un inter\u00e8s com\u00fa pel m\u00f3n educatiu i dels serveis socials des d\u2019una perspectiva cr\u00edtica, constructiva i basada en el progr\u00e9s hum\u00e0.<\/p>\n","protected":false},"excerpt":{"rendered":"<p>Les persones en situaci\u00f3 de fragilitat social ateses per l\u2019Associaci\u00f3 Benestar i Desenvolupament ABD tindran acc\u00e9s de forma gratu\u00efta al banc de roba de la Fundaci\u00f3 AEMA. Aix\u00f2 ser\u00e0 possible&hellip;<\/p>\n","protected":false},"author":1,"featured_media":13211,"comment_status":"closed","ping_status":"closed","sticky":false,"template":"","format":"standard","meta":{"_acf_changed":false,"footnotes":""},"categories":[66],"tags":[1556,1557,1558],"class_list":["post-13210","post","type-post","status-publish","format-standard","has-post-thumbnail","hentry","category-general-ca","tag-banc-de-roba","tag-conveni-abd-i-fundacio-aema","tag-donacio-de-roba-a-persones-en-situacio-de-vulnerabilitat","ods-fam-zero","ods-fi-de-la-pobresa","right-dret-a-la-integritat-personal","right-dret-a-la-seguretat-vital"],"acf":[],"yoast_head":"<!-- This site is optimized with the Yoast SEO plugin v27.4 - https:\/\/yoast.com\/product\/yoast-seo-wordpress\/ -->\n<title>Les persones en situaci\u00f3 de vulnerabilitat ateses per ABD podran accedir al banc de roba de la Fundaci\u00f3 AEMA - ABD<\/title>\n<meta name=\"description\" content=\"Les persones en situaci\u00f3 de fragilitat social ateses per l\u2019Associaci\u00f3 Benestar i Desenvolupament ABD tindran acc\u00e9s de forma gratu\u00efta al banc de roba de la\" \/>\n<meta name=\"robots\" content=\"index, follow, max-snippet:-1, max-image-preview:large, max-video-preview:-1\" \/>\n<link rel=\"canonical\" href=\"https:\/\/abd.ong\/ca\/general-ca\/les-persones-en-situacio-de-vulnerabilitat-ateses-per-abd-podran-accedir-al-banc-de-roba-de-la-fundacio-aema\/\" \/>\n<meta property=\"og:locale\" content=\"ca_ES\" \/>\n<meta property=\"og:type\" content=\"article\" \/>\n<meta property=\"og:title\" content=\"Les persones en situaci\u00f3 de vulnerabilitat ateses per ABD podran accedir al banc de roba de la Fundaci\u00f3 AEMA - ABD\" \/>\n<meta property=\"og:description\" content=\"Les persones en situaci\u00f3 de fragilitat social ateses per l\u2019Associaci\u00f3 Benestar i Desenvolupament ABD tindran acc\u00e9s de forma gratu\u00efta al banc de roba de la\" \/>\n<meta property=\"og:url\" content=\"https:\/\/abd.ong\/ca\/general-ca\/les-persones-en-situacio-de-vulnerabilitat-ateses-per-abd-podran-accedir-al-banc-de-roba-de-la-fundacio-aema\/\" \/>\n<meta property=\"og:site_name\" content=\"ABD\" \/>\n<meta property=\"article:publisher\" content=\"https:\/\/www.facebook.com\/abd.ong\" \/>\n<meta property=\"article:published_time\" content=\"2020-01-16T23:00:00+00:00\" \/>\n<meta property=\"article:modified_time\" content=\"2021-07-06T08:44:11+00:00\" \/>\n<meta property=\"og:image\" content=\"https:\/\/abd.ong\/wp-content\/uploads\/2020\/01\/IMG-20190730-WA0056.jpg\" \/>\n\t<meta property=\"og:image:width\" content=\"1600\" \/>\n\t<meta property=\"og:image:height\" content=\"1200\" \/>\n\t<meta property=\"og:image:type\" content=\"image\/jpeg\" \/>\n<meta name=\"author\" content=\"M_Disseny\" \/>\n<meta name=\"twitter:card\" content=\"summary_large_image\" \/>\n<meta name=\"twitter:creator\" content=\"@abd_ong\" \/>\n<meta name=\"twitter:site\" content=\"@abd_ong\" \/>\n<meta name=\"twitter:label1\" content=\"Escrit per\" \/>\n\t<meta name=\"twitter:data1\" content=\"M_Disseny\" \/>\n\t<meta name=\"twitter:label2\" content=\"Temps estimat de lectura\" \/>\n\t<meta name=\"twitter:data2\" content=\"2 minuts\" \/>\n<script type=\"application\/ld+json\" class=\"yoast-schema-graph\">{\"@context\":\"https:\\\/\\\/schema.org\",\"@graph\":[{\"@type\":\"Article\",\"@id\":\"https:\\\/\\\/abd.ong\\\/ca\\\/general-ca\\\/les-persones-en-situacio-de-vulnerabilitat-ateses-per-abd-podran-accedir-al-banc-de-roba-de-la-fundacio-aema\\\/#article\",\"isPartOf\":{\"@id\":\"https:\\\/\\\/abd.ong\\\/ca\\\/general-ca\\\/les-persones-en-situacio-de-vulnerabilitat-ateses-per-abd-podran-accedir-al-banc-de-roba-de-la-fundacio-aema\\\/\"},\"author\":{\"name\":\"M_Disseny\",\"@id\":\"https:\\\/\\\/abd.ong\\\/ca\\\/#\\\/schema\\\/person\\\/1b9cf116597cda3a4b8900a43c641f6e\"},\"headline\":\"Les persones en situaci\u00f3 de vulnerabilitat ateses per ABD podran accedir al banc de roba de la Fundaci\u00f3 AEMA\",\"datePublished\":\"2020-01-16T23:00:00+00:00\",\"dateModified\":\"2021-07-06T08:44:11+00:00\",\"mainEntityOfPage\":{\"@id\":\"https:\\\/\\\/abd.ong\\\/ca\\\/general-ca\\\/les-persones-en-situacio-de-vulnerabilitat-ateses-per-abd-podran-accedir-al-banc-de-roba-de-la-fundacio-aema\\\/\"},\"wordCount\":513,\"publisher\":{\"@id\":\"https:\\\/\\\/abd.ong\\\/ca\\\/#organization\"},\"image\":{\"@id\":\"https:\\\/\\\/abd.ong\\\/ca\\\/general-ca\\\/les-persones-en-situacio-de-vulnerabilitat-ateses-per-abd-podran-accedir-al-banc-de-roba-de-la-fundacio-aema\\\/#primaryimage\"},\"thumbnailUrl\":\"https:\\\/\\\/abd.ong\\\/wp-content\\\/uploads\\\/2020\\\/01\\\/IMG-20190730-WA0056.jpg\",\"keywords\":[\"banc de roba\",\"conveni ABD i fundaci\u00f3 AEMA\",\"donaci\u00f3 de roba a persones en situaci\u00f3 de vulnerabilitat\"],\"articleSection\":[\"General\"],\"inLanguage\":\"ca\"},{\"@type\":\"WebPage\",\"@id\":\"https:\\\/\\\/abd.ong\\\/ca\\\/general-ca\\\/les-persones-en-situacio-de-vulnerabilitat-ateses-per-abd-podran-accedir-al-banc-de-roba-de-la-fundacio-aema\\\/\",\"url\":\"https:\\\/\\\/abd.ong\\\/ca\\\/general-ca\\\/les-persones-en-situacio-de-vulnerabilitat-ateses-per-abd-podran-accedir-al-banc-de-roba-de-la-fundacio-aema\\\/\",\"name\":\"Les persones en situaci\u00f3 de vulnerabilitat ateses per ABD podran accedir al banc de roba de la Fundaci\u00f3 AEMA - ABD\",\"isPartOf\":{\"@id\":\"https:\\\/\\\/abd.ong\\\/ca\\\/#website\"},\"primaryImageOfPage\":{\"@id\":\"https:\\\/\\\/abd.ong\\\/ca\\\/general-ca\\\/les-persones-en-situacio-de-vulnerabilitat-ateses-per-abd-podran-accedir-al-banc-de-roba-de-la-fundacio-aema\\\/#primaryimage\"},\"image\":{\"@id\":\"https:\\\/\\\/abd.ong\\\/ca\\\/general-ca\\\/les-persones-en-situacio-de-vulnerabilitat-ateses-per-abd-podran-accedir-al-banc-de-roba-de-la-fundacio-aema\\\/#primaryimage\"},\"thumbnailUrl\":\"https:\\\/\\\/abd.ong\\\/wp-content\\\/uploads\\\/2020\\\/01\\\/IMG-20190730-WA0056.jpg\",\"datePublished\":\"2020-01-16T23:00:00+00:00\",\"dateModified\":\"2021-07-06T08:44:11+00:00\",\"description\":\"Les persones en situaci\u00f3 de fragilitat social ateses per l\u2019Associaci\u00f3 Benestar i Desenvolupament ABD tindran acc\u00e9s de forma gratu\u00efta al banc de roba de la\",\"breadcrumb\":{\"@id\":\"https:\\\/\\\/abd.ong\\\/ca\\\/general-ca\\\/les-persones-en-situacio-de-vulnerabilitat-ateses-per-abd-podran-accedir-al-banc-de-roba-de-la-fundacio-aema\\\/#breadcrumb\"},\"inLanguage\":\"ca\",\"potentialAction\":[{\"@type\":\"ReadAction\",\"target\":[\"https:\\\/\\\/abd.ong\\\/ca\\\/general-ca\\\/les-persones-en-situacio-de-vulnerabilitat-ateses-per-abd-podran-accedir-al-banc-de-roba-de-la-fundacio-aema\\\/\"]}]},{\"@type\":\"ImageObject\",\"inLanguage\":\"ca\",\"@id\":\"https:\\\/\\\/abd.ong\\\/ca\\\/general-ca\\\/les-persones-en-situacio-de-vulnerabilitat-ateses-per-abd-podran-accedir-al-banc-de-roba-de-la-fundacio-aema\\\/#primaryimage\",\"url\":\"https:\\\/\\\/abd.ong\\\/wp-content\\\/uploads\\\/2020\\\/01\\\/IMG-20190730-WA0056.jpg\",\"contentUrl\":\"https:\\\/\\\/abd.ong\\\/wp-content\\\/uploads\\\/2020\\\/01\\\/IMG-20190730-WA0056.jpg\",\"width\":1600,\"height\":1200},{\"@type\":\"BreadcrumbList\",\"@id\":\"https:\\\/\\\/abd.ong\\\/ca\\\/general-ca\\\/les-persones-en-situacio-de-vulnerabilitat-ateses-per-abd-podran-accedir-al-banc-de-roba-de-la-fundacio-aema\\\/#breadcrumb\",\"itemListElement\":[{\"@type\":\"ListItem\",\"position\":1,\"name\":\"Inici\",\"item\":\"https:\\\/\\\/abd.ong\\\/ca\\\/\"},{\"@type\":\"ListItem\",\"position\":2,\"name\":\"Les persones en situaci\u00f3 de vulnerabilitat ateses per ABD podran accedir al banc de roba de la Fundaci\u00f3 AEMA\"}]},{\"@type\":\"WebSite\",\"@id\":\"https:\\\/\\\/abd.ong\\\/ca\\\/#website\",\"url\":\"https:\\\/\\\/abd.ong\\\/ca\\\/\",\"name\":\"ABD\",\"description\":\"Asociaci\u00f3n Bienestar y Desarrollo\",\"publisher\":{\"@id\":\"https:\\\/\\\/abd.ong\\\/ca\\\/#organization\"},\"potentialAction\":[{\"@type\":\"SearchAction\",\"target\":{\"@type\":\"EntryPoint\",\"urlTemplate\":\"https:\\\/\\\/abd.ong\\\/ca\\\/?s={search_term_string}\"},\"query-input\":{\"@type\":\"PropertyValueSpecification\",\"valueRequired\":true,\"valueName\":\"search_term_string\"}}],\"inLanguage\":\"ca\"},{\"@type\":\"Organization\",\"@id\":\"https:\\\/\\\/abd.ong\\\/ca\\\/#organization\",\"name\":\"Associaci\u00f3 Benestar i Desenvolupament\",\"alternateName\":\"ABD\",\"url\":\"https:\\\/\\\/abd.ong\\\/ca\\\/\",\"logo\":{\"@type\":\"ImageObject\",\"inLanguage\":\"ca\",\"@id\":\"https:\\\/\\\/abd.ong\\\/ca\\\/#\\\/schema\\\/logo\\\/image\\\/\",\"url\":\"https:\\\/\\\/abd.ong\\\/wp-content\\\/uploads\\\/2023\\\/01\\\/Icona.png\",\"contentUrl\":\"https:\\\/\\\/abd.ong\\\/wp-content\\\/uploads\\\/2023\\\/01\\\/Icona.png\",\"width\":190,\"height\":187,\"caption\":\"Associaci\u00f3 Benestar i Desenvolupament\"},\"image\":{\"@id\":\"https:\\\/\\\/abd.ong\\\/ca\\\/#\\\/schema\\\/logo\\\/image\\\/\"},\"sameAs\":[\"https:\\\/\\\/www.facebook.com\\\/abd.ong\",\"https:\\\/\\\/x.com\\\/abd_ong\",\"https:\\\/\\\/www.instagram.com\\\/abd_ong\\\/\",\"https:\\\/\\\/www.linkedin.com\\\/company\\\/abdong\",\"https:\\\/\\\/www.youtube.com\\\/user\\\/CANALABD\"]},{\"@type\":\"Person\",\"@id\":\"https:\\\/\\\/abd.ong\\\/ca\\\/#\\\/schema\\\/person\\\/1b9cf116597cda3a4b8900a43c641f6e\",\"name\":\"M_Disseny\"}]}<\/script>\n<!-- \/ Yoast SEO plugin. -->","yoast_head_json":{"title":"Les persones en situaci\u00f3 de vulnerabilitat ateses per ABD podran accedir al banc de roba de la Fundaci\u00f3 AEMA - ABD","description":"Les persones en situaci\u00f3 de fragilitat social ateses per l\u2019Associaci\u00f3 Benestar i Desenvolupament ABD tindran acc\u00e9s de forma gratu\u00efta al banc de roba de la","robots":{"index":"index","follow":"follow","max-snippet":"max-snippet:-1","max-image-preview":"max-image-preview:large","max-video-preview":"max-video-preview:-1"},"canonical":"https:\/\/abd.ong\/ca\/general-ca\/les-persones-en-situacio-de-vulnerabilitat-ateses-per-abd-podran-accedir-al-banc-de-roba-de-la-fundacio-aema\/","og_locale":"ca_ES","og_type":"article","og_title":"Les persones en situaci\u00f3 de vulnerabilitat ateses per ABD podran accedir al banc de roba de la Fundaci\u00f3 AEMA - ABD","og_description":"Les persones en situaci\u00f3 de fragilitat social ateses per l\u2019Associaci\u00f3 Benestar i Desenvolupament ABD tindran acc\u00e9s de forma gratu\u00efta al banc de roba de la","og_url":"https:\/\/abd.ong\/ca\/general-ca\/les-persones-en-situacio-de-vulnerabilitat-ateses-per-abd-podran-accedir-al-banc-de-roba-de-la-fundacio-aema\/","og_site_name":"ABD","article_publisher":"https:\/\/www.facebook.com\/abd.ong","article_published_time":"2020-01-16T23:00:00+00:00","article_modified_time":"2021-07-06T08:44:11+00:00","og_image":[{"width":1600,"height":1200,"url":"https:\/\/abd.ong\/wp-content\/uploads\/2020\/01\/IMG-20190730-WA0056.jpg","type":"image\/jpeg"}],"author":"M_Disseny","twitter_card":"summary_large_image","twitter_creator":"@abd_ong","twitter_site":"@abd_ong","twitter_misc":{"Escrit per":"M_Disseny","Temps estimat de lectura":"2 minuts"},"schema":{"@context":"https:\/\/schema.org","@graph":[{"@type":"Article","@id":"https:\/\/abd.ong\/ca\/general-ca\/les-persones-en-situacio-de-vulnerabilitat-ateses-per-abd-podran-accedir-al-banc-de-roba-de-la-fundacio-aema\/#article","isPartOf":{"@id":"https:\/\/abd.ong\/ca\/general-ca\/les-persones-en-situacio-de-vulnerabilitat-ateses-per-abd-podran-accedir-al-banc-de-roba-de-la-fundacio-aema\/"},"author":{"name":"M_Disseny","@id":"https:\/\/abd.ong\/ca\/#\/schema\/person\/1b9cf116597cda3a4b8900a43c641f6e"},"headline":"Les persones en situaci\u00f3 de vulnerabilitat ateses per ABD podran accedir al banc de roba de la Fundaci\u00f3 AEMA","datePublished":"2020-01-16T23:00:00+00:00","dateModified":"2021-07-06T08:44:11+00:00","mainEntityOfPage":{"@id":"https:\/\/abd.ong\/ca\/general-ca\/les-persones-en-situacio-de-vulnerabilitat-ateses-per-abd-podran-accedir-al-banc-de-roba-de-la-fundacio-aema\/"},"wordCount":513,"publisher":{"@id":"https:\/\/abd.ong\/ca\/#organization"},"image":{"@id":"https:\/\/abd.ong\/ca\/general-ca\/les-persones-en-situacio-de-vulnerabilitat-ateses-per-abd-podran-accedir-al-banc-de-roba-de-la-fundacio-aema\/#primaryimage"},"thumbnailUrl":"https:\/\/abd.ong\/wp-content\/uploads\/2020\/01\/IMG-20190730-WA0056.jpg","keywords":["banc de roba","conveni ABD i fundaci\u00f3 AEMA","donaci\u00f3 de roba a persones en situaci\u00f3 de vulnerabilitat"],"articleSection":["General"],"inLanguage":"ca"},{"@type":"WebPage","@id":"https:\/\/abd.ong\/ca\/general-ca\/les-persones-en-situacio-de-vulnerabilitat-ateses-per-abd-podran-accedir-al-banc-de-roba-de-la-fundacio-aema\/","url":"https:\/\/abd.ong\/ca\/general-ca\/les-persones-en-situacio-de-vulnerabilitat-ateses-per-abd-podran-accedir-al-banc-de-roba-de-la-fundacio-aema\/","name":"Les persones en situaci\u00f3 de vulnerabilitat ateses per ABD podran accedir al banc de roba de la Fundaci\u00f3 AEMA - ABD","isPartOf":{"@id":"https:\/\/abd.ong\/ca\/#website"},"primaryImageOfPage":{"@id":"https:\/\/abd.ong\/ca\/general-ca\/les-persones-en-situacio-de-vulnerabilitat-ateses-per-abd-podran-accedir-al-banc-de-roba-de-la-fundacio-aema\/#primaryimage"},"image":{"@id":"https:\/\/abd.ong\/ca\/general-ca\/les-persones-en-situacio-de-vulnerabilitat-ateses-per-abd-podran-accedir-al-banc-de-roba-de-la-fundacio-aema\/#primaryimage"},"thumbnailUrl":"https:\/\/abd.ong\/wp-content\/uploads\/2020\/01\/IMG-20190730-WA0056.jpg","datePublished":"2020-01-16T23:00:00+00:00","dateModified":"2021-07-06T08:44:11+00:00","description":"Les persones en situaci\u00f3 de fragilitat social ateses per l\u2019Associaci\u00f3 Benestar i Desenvolupament ABD tindran acc\u00e9s de forma gratu\u00efta al banc de roba de la","breadcrumb":{"@id":"https:\/\/abd.ong\/ca\/general-ca\/les-persones-en-situacio-de-vulnerabilitat-ateses-per-abd-podran-accedir-al-banc-de-roba-de-la-fundacio-aema\/#breadcrumb"},"inLanguage":"ca","potentialAction":[{"@type":"ReadAction","target":["https:\/\/abd.ong\/ca\/general-ca\/les-persones-en-situacio-de-vulnerabilitat-ateses-per-abd-podran-accedir-al-banc-de-roba-de-la-fundacio-aema\/"]}]},{"@type":"ImageObject","inLanguage":"ca","@id":"https:\/\/abd.ong\/ca\/general-ca\/les-persones-en-situacio-de-vulnerabilitat-ateses-per-abd-podran-accedir-al-banc-de-roba-de-la-fundacio-aema\/#primaryimage","url":"https:\/\/abd.ong\/wp-content\/uploads\/2020\/01\/IMG-20190730-WA0056.jpg","contentUrl":"https:\/\/abd.ong\/wp-content\/uploads\/2020\/01\/IMG-20190730-WA0056.jpg","width":1600,"height":1200},{"@type":"BreadcrumbList","@id":"https:\/\/abd.ong\/ca\/general-ca\/les-persones-en-situacio-de-vulnerabilitat-ateses-per-abd-podran-accedir-al-banc-de-roba-de-la-fundacio-aema\/#breadcrumb","itemListElement":[{"@type":"ListItem","position":1,"name":"Inici","item":"https:\/\/abd.ong\/ca\/"},{"@type":"ListItem","position":2,"name":"Les persones en situaci\u00f3 de vulnerabilitat ateses per ABD podran accedir al banc de roba de la Fundaci\u00f3 AEMA"}]},{"@type":"WebSite","@id":"https:\/\/abd.ong\/ca\/#website","url":"https:\/\/abd.ong\/ca\/","name":"ABD","description":"Asociaci\u00f3n Bienestar y Desarrollo","publisher":{"@id":"https:\/\/abd.ong\/ca\/#organization"},"potentialAction":[{"@type":"SearchAction","target":{"@type":"EntryPoint","urlTemplate":"https:\/\/abd.ong\/ca\/?s={search_term_string}"},"query-input":{"@type":"PropertyValueSpecification","valueRequired":true,"valueName":"search_term_string"}}],"inLanguage":"ca"},{"@type":"Organization","@id":"https:\/\/abd.ong\/ca\/#organization","name":"Associaci\u00f3 Benestar i Desenvolupament","alternateName":"ABD","url":"https:\/\/abd.ong\/ca\/","logo":{"@type":"ImageObject","inLanguage":"ca","@id":"https:\/\/abd.ong\/ca\/#\/schema\/logo\/image\/","url":"https:\/\/abd.ong\/wp-content\/uploads\/2023\/01\/Icona.png","contentUrl":"https:\/\/abd.ong\/wp-content\/uploads\/2023\/01\/Icona.png","width":190,"height":187,"caption":"Associaci\u00f3 Benestar i Desenvolupament"},"image":{"@id":"https:\/\/abd.ong\/ca\/#\/schema\/logo\/image\/"},"sameAs":["https:\/\/www.facebook.com\/abd.ong","https:\/\/x.com\/abd_ong","https:\/\/www.instagram.com\/abd_ong\/","https:\/\/www.linkedin.com\/company\/abdong","https:\/\/www.youtube.com\/user\/CANALABD"]},{"@type":"Person","@id":"https:\/\/abd.ong\/ca\/#\/schema\/person\/1b9cf116597cda3a4b8900a43c641f6e","name":"M_Disseny"}]}},"_links":{"self":[{"href":"https:\/\/abd.ong\/ca\/wp-json\/wp\/v2\/posts\/13210","targetHints":{"allow":["GET"]}}],"collection":[{"href":"https:\/\/abd.ong\/ca\/wp-json\/wp\/v2\/posts"}],"about":[{"href":"https:\/\/abd.ong\/ca\/wp-json\/wp\/v2\/types\/post"}],"author":[{"embeddable":true,"href":"https:\/\/abd.ong\/ca\/wp-json\/wp\/v2\/users\/1"}],"replies":[{"embeddable":true,"href":"https:\/\/abd.ong\/ca\/wp-json\/wp\/v2\/comments?post=13210"}],"version-history":[{"count":3,"href":"https:\/\/abd.ong\/ca\/wp-json\/wp\/v2\/posts\/13210\/revisions"}],"predecessor-version":[{"id":24475,"href":"https:\/\/abd.ong\/ca\/wp-json\/wp\/v2\/posts\/13210\/revisions\/24475"}],"wp:featuredmedia":[{"embeddable":true,"href":"https:\/\/abd.ong\/ca\/wp-json\/wp\/v2\/media\/13211"}],"wp:attachment":[{"href":"https:\/\/abd.ong\/ca\/wp-json\/wp\/v2\/media?parent=13210"}],"wp:term":[{"taxonomy":"category","embeddable":true,"href":"https:\/\/abd.ong\/ca\/wp-json\/wp\/v2\/categories?post=13210"},{"taxonomy":"post_tag","embeddable":true,"href":"https:\/\/abd.ong\/ca\/wp-json\/wp\/v2\/tags?post=13210"}],"curies":[{"name":"wp","href":"https:\/\/api.w.org\/{rel}","templated":true}]}}