{"id":13067,"date":"2019-12-24T00:00:00","date_gmt":"2019-12-23T23:00:00","guid":{"rendered":"https:\/\/abd.ong\/sin-categorizar\/abd-als-mitjans-de-comunicacio-al-desembre\/"},"modified":"2021-02-17T19:29:38","modified_gmt":"2021-02-17T18:29:38","slug":"abd-als-mitjans-de-comunicacio-al-desembre","status":"publish","type":"post","link":"https:\/\/abd.ong\/ca\/general-ca\/abd-als-mitjans-de-comunicacio-al-desembre\/","title":{"rendered":"ABD als mitjans de comunicaci\u00f3 al desembre"},"content":{"rendered":"\n<p>L\u2019<strong><a href=\"https:\/\/abd.ong\">Associaci\u00f3 Benestar i Desenvolupament<\/a>\u00a0(ABD)<\/strong> ha estat present als mitjans de comunicaci\u00f3 durant aquest mes de desembre. A continuaci\u00f3, el recull de premsa de les diverses not\u00edcies, articles i reportatges als quals hem format part com a entitat.<\/p>\n<p>&nbsp;<\/p>\n<p><strong>03\/12\/2019 \u2013 Levante<\/strong><\/p>\n<p><em>Col\u00b7legis i Associacions llancen missatges i un manifest a favor de la inclusi\u00f3 social.<\/em><\/p>\n<p><a href=\"https:\/\/www.levante-emv.com\/horta\/2019\/12\/03\/torren-celebra-dia-discapacidad-ritmo-14042166.html\"><strong>Torren celebra el D\u00eda de la Discapacidad al ritmo de la m\u00fasica<\/strong><\/a><\/p>\n<p>&nbsp;<\/p>\n<p><strong>04\/12\/2019 \u2013 Universitat Pompeu Fabra<\/strong><\/p>\n<p><em>El Grup de Recerca en Desigualtats en Salut GREDS-EMCONET de la UPF ha participat en l&#8217;informe &#8220;Atur, salut i benestar&#8221;, impulsat per l&#8217;Associaci\u00f3 Benestar i Desenvolupament.<br \/><\/em><\/p>\n<p><a href=\"https:\/\/www.upf.edu\/web\/e-noticies\/inici\/-\/asset_publisher\/wEpPxsVRD6Vt\/content\/id\/230769685\"><strong>Las intervenciones sociolaborales comunitarias mejoran el bienestar y la salud de las personas desempleadas<\/strong><\/a><\/p>\n<p>&nbsp;<\/p>\n<p><strong>05\/12\/2019 \u2013 Expansi\u00f3n<\/strong><\/p>\n<p><em>El Sal\u00f3 de l&#8217;Oci Infantil i Juvenil torna amb m\u00e9s de 200 activitats, incloent tallers i espectacles.<\/em><\/p>\n<p><a href=\"https:\/\/www.expansion.com\/especiales\/ifema\/2019\/12\/05\/5de7b828468aeb93708b4615.html\"><strong>Mil formas de diversi\u00f3n para toda la familia<\/strong><\/a><\/p>\n<p>&nbsp;<\/p>\n<p><strong>05\/12\/2019 \u2013 L&#8217;H Digital<\/strong><\/p>\n<p><em>Neix FEM, al districte de Collblanc La Torrassa.<\/em><\/p>\n<p><a href=\"https:\/\/lhdigital.cat\/web\/digital-h\/veure-multimedia?xarxaId=5dcad44cc2156b145c9dea34&amp;vimeoId=undefined&amp;video=&amp;titol=NeixFEM,aldistrictedeCollblanclaTorrassa\"><strong>Informatiu 05\/12\/2019<\/strong><\/a><\/p>\n<p>&nbsp;<\/p>\n<p><strong>09\/12\/2019 \u2013 La Vanguardia<\/strong><\/p>\n<p><em>La Fundaci\u00f3 H\u00e0bitat3, una gestora d&#8217;habitatge de lloguer social impulsada per la Taula de Tercer Sector Social.<\/em><\/p>\n<p><a href=\"https:\/\/www.lavanguardia.com\/vida\/20191209\/472133190775\/la-fundacion-habitat3-recibe-el-premio-a-la-mejor-iniciativa-de-vivienda.html\"><strong>La Fundaci\u00f3n H\u00e0bitat3 recibe el premio a la mejor iniciativa de vivienda<\/strong><\/a><\/p>\n<p>&nbsp;<\/p>\n<p><strong>14\/12\/2019 &#8211; El Pa\u00eds<\/strong><\/p>\n<p><em>Els experts coincideixen que introduir coca\u00efna pels genitals \u00e9s una pr\u00e0ctica infreq\u00fcent i anecd\u00f2tica.<\/em><\/p>\n<p><a href=\"https:\/\/elpais.com\/sociedad\/2019\/12\/13\/actualidad\/1576255302_092385.html\"><strong>El (sin)sentido de consumir drogas por la vagina<\/strong><\/a><\/p>\n<p>&nbsp;<\/p>\n<p><strong>15\/12\/2019 &#8211; El Punt Avui<\/strong><\/p>\n<p><em>El nombre de parts de mares joves de menys de 20 anys va disminuir el 2018 a Catalunya, per\u00f2 en la mateixa franja d\u2019edat va augmentar el nombre d\u2019avortaments.<\/em><\/p>\n<p><a href=\"https:\/\/www.elpuntavui.cat\/societat\/article\/5-societat\/1710903-ser-mares-abans-del-que-toca.html\"><strong>Ser mares abans del que toca<\/strong><\/a><\/p>\n<p>&nbsp;<\/p>\n<p><strong>16\/12\/2019 &#8211; 20 minutos<\/strong><\/p>\n<p><em>La FAD assegura que &#8220;la combinaci\u00f3 de diversi\u00f3 i coca\u00efna&#8221; \u00e9s molt freq\u00fcent en els homes.<\/em><\/p>\n<p><a href=\"https:\/\/www.20minutos.es\/noticia\/4089620\/0\/expertos-dicen-sexo-cocaina-genitales-femeninos-inusual-sin-sentido\/\"><strong>Las &#8216;fiestas blancas&#8217; o sexo con coca\u00edna: una pr\u00e1ctica que los expertos consideran inusual y estiman que &#8220;no tiene sentido&#8221;<\/strong><\/a><\/p>\n<p>&nbsp;<\/p>\n<p><strong>17\/12\/2019 &#8211; VICE<\/strong><\/p>\n<p><em>El nombre de consumidors de drogues ha augmentat un 30% en deu anys.<\/em><\/p>\n<p><a href=\"https:\/\/www.vice.com\/es\/article\/y3mm7g\/consumo-drogas-cambios-2010-2019\"><strong>As\u00ed ha cambiado el consumo de drogas en la \u00faltima d\u00e9cada<\/strong><\/a><\/p>\n<p>&nbsp;<\/p>\n<p><strong>17\/12\/2019 &#8211; Clubbing Spain<\/strong><\/p>\n<p><em>Energy Control, projecte de l&#8217;Associaci\u00f3 Benestar i Desenvolupament, ha obert una campanya de micromecenatge a la plataforma Teaming.<\/em><\/p>\n<p><a href=\"https:\/\/www.clubbingspain.com\/noticias\/2019\/energy-control-madrid-busca-mecenas.html\"><strong>Energy Control Madrid busca mecenas<\/strong><\/a><\/p>\n<p>&nbsp;<\/p>\n<p><strong>18\/12\/2019 &#8211; EFE \/ La Vanguardia<\/strong><\/p>\n<p><em>El projecte Food Relations, una iniciativa europea d&#8217;inserci\u00f3 social i laboral de dones migrades i refugiades a trav\u00e9s de la creaci\u00f3 gastron\u00f2mica, s&#8217;implantar\u00e0 al Prat de Llobregat (Barcelona).<\/em><\/p>\n<p><a href=\"https:\/\/www.lavanguardia.com\/vida\/20191218\/472335140230\/el-prat-acoge-un-plan-de-insercion-de-refugiadas-a-traves-de-la-gastronomia.html\"><strong>El Prat acoge un plan de inserci\u00f3n de refugiadas a trav\u00e9s de la gastronom\u00eda<\/strong><\/a><\/p>\n<p>&nbsp;<\/p>\n<p><strong>19\/12\/2019 &#8211; ElFar.cat<\/strong><\/p>\n<p><em>Aquesta iniciativa de l\u2019Associaci\u00f3 Benestar i Desenvolupament ABD ja es du a terme a terme a d&#8217;altres pa\u00efsos com It\u00e0lia, Alemanya i Gr\u00e8cia.<\/em><\/p>\n<p><a href=\"https:\/\/elfar.cat\/art\/30131\/projecte-dinsercio-social-i-laboral-de-dones-migrades-i-refugiades-a-traves-de-la-creacio-gastronomica\"><strong>Projecte d\u2019inserci\u00f3 social i laboral de dones migrades i refugiades a trav\u00e9s de la creaci\u00f3 gastron\u00f2mica<\/strong><\/a><\/p>\n<p>&nbsp;<\/p>\n<p><strong>20\/12\/2019 &#8211; Diari ARA<\/strong><\/p>\n<p><em>L&#8217;\u00faltim concurs va adjudicar part del servei a empreses de Sacyr i Florentino P\u00e9rez.<\/em><\/p>\n<p><a href=\"https:\/\/www.ara.cat\/societat\/barcelona-esten-superilles-cures_1_2557172.html\"><strong>Les entitats socials opten a recuperar l&#8217;assist\u00e8ncia domicili\u00e0ria a Barcelona<\/strong><\/a><\/p>\n<p>&nbsp;<\/p>\n<p><strong>20\/12\/2019 &#8211; EFE \/ La Vanguardia<\/strong><\/p>\n<p><em>La xarxa europea d&#8217;an\u00e0lisi de drogues TEDI (Trans European Drug Information) ha creat una aplicaci\u00f3 m\u00f2bil per evitar intoxicacions.<\/em><\/p>\n<p><a href=\"https:\/\/www.lavanguardia.com\/vida\/20191220\/472368734079\/red-europea-de-analisis-de-droga-crea-aplicacion-para-evitar-intoxicaciones.html\"><strong>Red europea de an\u00e1lisis de droga crea aplicaci\u00f3n para evitar intoxicaciones<\/strong><\/a><\/p>\n<p>&nbsp;<\/p>\n<p><strong>22\/12\/2019 &#8211; Eldiario.es<\/strong><\/p>\n<p><em>La UE calcula que el mercat de l&#8217;\u00e8xtasi mou uns 500 milions d&#8217;euros a l&#8217;any i produeix entre 50 i 70 milions de pastilles, cada vegada m\u00e9s potents.<\/em><\/p>\n<p><a href=\"https:\/\/www.eldiario.es\/sociedad\/evolucion-mercado-europa-abundantes-potentes_128_1185724.html\"><strong>Mireia Ventura: &#8220;El fen\u00f3meno de las nuevas drogas es peligroso, no tenemos mucha informaci\u00f3n&#8221;<\/strong><\/a><\/p>\n<p>&nbsp;<\/p>\n<p><strong>22\/12\/2019 &#8211; Servimedia<\/strong><\/p>\n<p><em>Segons Energy Control, entitat que analitza subst\u00e0ncies en aquest tipus d&#8217;espais on els joves consumeixen alcohol, tabac i c\u00e0nnabis.<\/em><\/p>\n<p><a href=\"https:\/\/www.servimedia.es\/noticias\/1205628\"><strong>El sector del ocio nocturno puede jugar un papel preventivo \u201cmuy relevante\u201d contra el consumo \u201cde riesgo\u201d<\/strong><\/a><\/p>\n<p>&nbsp;<\/p>\n<p><strong>22\/12\/2019 &#8211; Siglo XXI<\/strong><\/p>\n<p><em>Aix\u00ed ho va defensar, en declaracions a Servimedia, la coordinadora de l&#8217;organitzaci\u00f3 d&#8217;an\u00e0lisi de subst\u00e0ncies Energy Control, N\u00faria Calzada.<\/em><\/p>\n<p><a href=\"https:\/\/www.diariosigloxxi.com\/texto-s\/mostrar\/345603\/sector-ocio-nocturno-puede-jugar-papel-preventivo-muy-relevante-contra-consumo-riesgo\"><strong>El sector del ocio nocturno puede jugar un papel preventivo \u201cmuy relevante\u201d contra el consumo \u201cde riesgo\u201d<\/strong><\/a><\/p>\n","protected":false},"excerpt":{"rendered":"<p>L\u2019Associaci\u00f3 Benestar i Desenvolupament\u00a0(ABD) ha estat present als mitjans de comunicaci\u00f3 durant aquest mes de desembre. A continuaci\u00f3, el recull de premsa de les diverses not\u00edcies, articles i reportatges als&hellip;<\/p>\n","protected":false},"author":1,"featured_media":2591,"comment_status":"closed","ping_status":"closed","sticky":false,"template":"","format":"standard","meta":{"_acf_changed":false,"footnotes":""},"categories":[66],"tags":[435,835],"class_list":["post-13067","post","type-post","status-publish","format-standard","has-post-thumbnail","hentry","category-general-ca","tag-mitjans-de-comunicacio","tag-noticies","ods-aliances-per-assolir-els-objectius","right-dret-a-la-llibertat-dexpressio"],"acf":[],"yoast_head":"<!-- This site is optimized with the Yoast SEO plugin v27.4 - https:\/\/yoast.com\/product\/yoast-seo-wordpress\/ -->\n<title>ABD als mitjans de comunicaci\u00f3 al desembre - ABD<\/title>\n<meta name=\"description\" content=\"L\u2019Associaci\u00f3 Benestar i Desenvolupament\u00a0(ABD) ha estat present als mitjans de comunicaci\u00f3 durant aquest mes de desembre. A continuaci\u00f3, el recull de\" \/>\n<meta name=\"robots\" content=\"index, follow, max-snippet:-1, max-image-preview:large, max-video-preview:-1\" \/>\n<link rel=\"canonical\" href=\"https:\/\/abd.ong\/ca\/general-ca\/abd-als-mitjans-de-comunicacio-al-desembre\/\" \/>\n<meta property=\"og:locale\" content=\"ca_ES\" \/>\n<meta property=\"og:type\" content=\"article\" \/>\n<meta property=\"og:title\" content=\"ABD als mitjans de comunicaci\u00f3 al desembre - ABD\" \/>\n<meta property=\"og:description\" content=\"L\u2019Associaci\u00f3 Benestar i Desenvolupament\u00a0(ABD) ha estat present als mitjans de comunicaci\u00f3 durant aquest mes de desembre. A continuaci\u00f3, el recull de\" \/>\n<meta property=\"og:url\" content=\"https:\/\/abd.ong\/ca\/general-ca\/abd-als-mitjans-de-comunicacio-al-desembre\/\" \/>\n<meta property=\"og:site_name\" content=\"ABD\" \/>\n<meta property=\"article:publisher\" content=\"https:\/\/www.facebook.com\/abd.ong\" \/>\n<meta property=\"article:published_time\" content=\"2019-12-23T23:00:00+00:00\" \/>\n<meta property=\"article:modified_time\" content=\"2021-02-17T18:29:38+00:00\" \/>\n<meta property=\"og:image\" content=\"https:\/\/abd.ong\/wp-content\/uploads\/1970\/01\/old-tv-1149416_1920.jpg\" \/>\n\t<meta property=\"og:image:width\" content=\"1919\" \/>\n\t<meta property=\"og:image:height\" content=\"977\" \/>\n\t<meta property=\"og:image:type\" content=\"image\/jpeg\" \/>\n<meta name=\"author\" content=\"M_Disseny\" \/>\n<meta name=\"twitter:card\" content=\"summary_large_image\" \/>\n<meta name=\"twitter:creator\" content=\"@abd_ong\" \/>\n<meta name=\"twitter:site\" content=\"@abd_ong\" \/>\n<meta name=\"twitter:label1\" content=\"Escrit per\" \/>\n\t<meta name=\"twitter:data1\" content=\"M_Disseny\" \/>\n\t<meta name=\"twitter:label2\" content=\"Temps estimat de lectura\" \/>\n\t<meta name=\"twitter:data2\" content=\"3 minuts\" \/>\n<script type=\"application\/ld+json\" class=\"yoast-schema-graph\">{\"@context\":\"https:\\\/\\\/schema.org\",\"@graph\":[{\"@type\":\"Article\",\"@id\":\"https:\\\/\\\/abd.ong\\\/ca\\\/general-ca\\\/abd-als-mitjans-de-comunicacio-al-desembre\\\/#article\",\"isPartOf\":{\"@id\":\"https:\\\/\\\/abd.ong\\\/ca\\\/general-ca\\\/abd-als-mitjans-de-comunicacio-al-desembre\\\/\"},\"author\":{\"name\":\"M_Disseny\",\"@id\":\"https:\\\/\\\/abd.ong\\\/ca\\\/#\\\/schema\\\/person\\\/1b9cf116597cda3a4b8900a43c641f6e\"},\"headline\":\"ABD als mitjans de comunicaci\u00f3 al desembre\",\"datePublished\":\"2019-12-23T23:00:00+00:00\",\"dateModified\":\"2021-02-17T18:29:38+00:00\",\"mainEntityOfPage\":{\"@id\":\"https:\\\/\\\/abd.ong\\\/ca\\\/general-ca\\\/abd-als-mitjans-de-comunicacio-al-desembre\\\/\"},\"wordCount\":687,\"publisher\":{\"@id\":\"https:\\\/\\\/abd.ong\\\/ca\\\/#organization\"},\"image\":{\"@id\":\"https:\\\/\\\/abd.ong\\\/ca\\\/general-ca\\\/abd-als-mitjans-de-comunicacio-al-desembre\\\/#primaryimage\"},\"thumbnailUrl\":\"https:\\\/\\\/abd.ong\\\/wp-content\\\/uploads\\\/1970\\\/01\\\/old-tv-1149416_1920.jpg\",\"keywords\":[\"mitjans de comunicaci\u00f3\",\"not\u00edcies\"],\"articleSection\":[\"General\"],\"inLanguage\":\"ca\"},{\"@type\":\"WebPage\",\"@id\":\"https:\\\/\\\/abd.ong\\\/ca\\\/general-ca\\\/abd-als-mitjans-de-comunicacio-al-desembre\\\/\",\"url\":\"https:\\\/\\\/abd.ong\\\/ca\\\/general-ca\\\/abd-als-mitjans-de-comunicacio-al-desembre\\\/\",\"name\":\"ABD als mitjans de comunicaci\u00f3 al desembre - ABD\",\"isPartOf\":{\"@id\":\"https:\\\/\\\/abd.ong\\\/ca\\\/#website\"},\"primaryImageOfPage\":{\"@id\":\"https:\\\/\\\/abd.ong\\\/ca\\\/general-ca\\\/abd-als-mitjans-de-comunicacio-al-desembre\\\/#primaryimage\"},\"image\":{\"@id\":\"https:\\\/\\\/abd.ong\\\/ca\\\/general-ca\\\/abd-als-mitjans-de-comunicacio-al-desembre\\\/#primaryimage\"},\"thumbnailUrl\":\"https:\\\/\\\/abd.ong\\\/wp-content\\\/uploads\\\/1970\\\/01\\\/old-tv-1149416_1920.jpg\",\"datePublished\":\"2019-12-23T23:00:00+00:00\",\"dateModified\":\"2021-02-17T18:29:38+00:00\",\"description\":\"L\u2019Associaci\u00f3 Benestar i Desenvolupament\u00a0(ABD) ha estat present als mitjans de comunicaci\u00f3 durant aquest mes de desembre. A continuaci\u00f3, el recull de\",\"breadcrumb\":{\"@id\":\"https:\\\/\\\/abd.ong\\\/ca\\\/general-ca\\\/abd-als-mitjans-de-comunicacio-al-desembre\\\/#breadcrumb\"},\"inLanguage\":\"ca\",\"potentialAction\":[{\"@type\":\"ReadAction\",\"target\":[\"https:\\\/\\\/abd.ong\\\/ca\\\/general-ca\\\/abd-als-mitjans-de-comunicacio-al-desembre\\\/\"]}]},{\"@type\":\"ImageObject\",\"inLanguage\":\"ca\",\"@id\":\"https:\\\/\\\/abd.ong\\\/ca\\\/general-ca\\\/abd-als-mitjans-de-comunicacio-al-desembre\\\/#primaryimage\",\"url\":\"https:\\\/\\\/abd.ong\\\/wp-content\\\/uploads\\\/1970\\\/01\\\/old-tv-1149416_1920.jpg\",\"contentUrl\":\"https:\\\/\\\/abd.ong\\\/wp-content\\\/uploads\\\/1970\\\/01\\\/old-tv-1149416_1920.jpg\",\"width\":1919,\"height\":977},{\"@type\":\"BreadcrumbList\",\"@id\":\"https:\\\/\\\/abd.ong\\\/ca\\\/general-ca\\\/abd-als-mitjans-de-comunicacio-al-desembre\\\/#breadcrumb\",\"itemListElement\":[{\"@type\":\"ListItem\",\"position\":1,\"name\":\"Inici\",\"item\":\"https:\\\/\\\/abd.ong\\\/ca\\\/\"},{\"@type\":\"ListItem\",\"position\":2,\"name\":\"ABD als mitjans de comunicaci\u00f3 al desembre\"}]},{\"@type\":\"WebSite\",\"@id\":\"https:\\\/\\\/abd.ong\\\/ca\\\/#website\",\"url\":\"https:\\\/\\\/abd.ong\\\/ca\\\/\",\"name\":\"ABD\",\"description\":\"Asociaci\u00f3n Bienestar y Desarrollo\",\"publisher\":{\"@id\":\"https:\\\/\\\/abd.ong\\\/ca\\\/#organization\"},\"potentialAction\":[{\"@type\":\"SearchAction\",\"target\":{\"@type\":\"EntryPoint\",\"urlTemplate\":\"https:\\\/\\\/abd.ong\\\/ca\\\/?s={search_term_string}\"},\"query-input\":{\"@type\":\"PropertyValueSpecification\",\"valueRequired\":true,\"valueName\":\"search_term_string\"}}],\"inLanguage\":\"ca\"},{\"@type\":\"Organization\",\"@id\":\"https:\\\/\\\/abd.ong\\\/ca\\\/#organization\",\"name\":\"Associaci\u00f3 Benestar i Desenvolupament\",\"alternateName\":\"ABD\",\"url\":\"https:\\\/\\\/abd.ong\\\/ca\\\/\",\"logo\":{\"@type\":\"ImageObject\",\"inLanguage\":\"ca\",\"@id\":\"https:\\\/\\\/abd.ong\\\/ca\\\/#\\\/schema\\\/logo\\\/image\\\/\",\"url\":\"https:\\\/\\\/abd.ong\\\/wp-content\\\/uploads\\\/2023\\\/01\\\/Icona.png\",\"contentUrl\":\"https:\\\/\\\/abd.ong\\\/wp-content\\\/uploads\\\/2023\\\/01\\\/Icona.png\",\"width\":190,\"height\":187,\"caption\":\"Associaci\u00f3 Benestar i Desenvolupament\"},\"image\":{\"@id\":\"https:\\\/\\\/abd.ong\\\/ca\\\/#\\\/schema\\\/logo\\\/image\\\/\"},\"sameAs\":[\"https:\\\/\\\/www.facebook.com\\\/abd.ong\",\"https:\\\/\\\/x.com\\\/abd_ong\",\"https:\\\/\\\/www.instagram.com\\\/abd_ong\\\/\",\"https:\\\/\\\/www.linkedin.com\\\/company\\\/abdong\",\"https:\\\/\\\/www.youtube.com\\\/user\\\/CANALABD\"]},{\"@type\":\"Person\",\"@id\":\"https:\\\/\\\/abd.ong\\\/ca\\\/#\\\/schema\\\/person\\\/1b9cf116597cda3a4b8900a43c641f6e\",\"name\":\"M_Disseny\"}]}<\/script>\n<!-- \/ Yoast SEO plugin. -->","yoast_head_json":{"title":"ABD als mitjans de comunicaci\u00f3 al desembre - ABD","description":"L\u2019Associaci\u00f3 Benestar i Desenvolupament\u00a0(ABD) ha estat present als mitjans de comunicaci\u00f3 durant aquest mes de desembre. A continuaci\u00f3, el recull de","robots":{"index":"index","follow":"follow","max-snippet":"max-snippet:-1","max-image-preview":"max-image-preview:large","max-video-preview":"max-video-preview:-1"},"canonical":"https:\/\/abd.ong\/ca\/general-ca\/abd-als-mitjans-de-comunicacio-al-desembre\/","og_locale":"ca_ES","og_type":"article","og_title":"ABD als mitjans de comunicaci\u00f3 al desembre - ABD","og_description":"L\u2019Associaci\u00f3 Benestar i Desenvolupament\u00a0(ABD) ha estat present als mitjans de comunicaci\u00f3 durant aquest mes de desembre. A continuaci\u00f3, el recull de","og_url":"https:\/\/abd.ong\/ca\/general-ca\/abd-als-mitjans-de-comunicacio-al-desembre\/","og_site_name":"ABD","article_publisher":"https:\/\/www.facebook.com\/abd.ong","article_published_time":"2019-12-23T23:00:00+00:00","article_modified_time":"2021-02-17T18:29:38+00:00","og_image":[{"width":1919,"height":977,"url":"https:\/\/abd.ong\/wp-content\/uploads\/1970\/01\/old-tv-1149416_1920.jpg","type":"image\/jpeg"}],"author":"M_Disseny","twitter_card":"summary_large_image","twitter_creator":"@abd_ong","twitter_site":"@abd_ong","twitter_misc":{"Escrit per":"M_Disseny","Temps estimat de lectura":"3 minuts"},"schema":{"@context":"https:\/\/schema.org","@graph":[{"@type":"Article","@id":"https:\/\/abd.ong\/ca\/general-ca\/abd-als-mitjans-de-comunicacio-al-desembre\/#article","isPartOf":{"@id":"https:\/\/abd.ong\/ca\/general-ca\/abd-als-mitjans-de-comunicacio-al-desembre\/"},"author":{"name":"M_Disseny","@id":"https:\/\/abd.ong\/ca\/#\/schema\/person\/1b9cf116597cda3a4b8900a43c641f6e"},"headline":"ABD als mitjans de comunicaci\u00f3 al desembre","datePublished":"2019-12-23T23:00:00+00:00","dateModified":"2021-02-17T18:29:38+00:00","mainEntityOfPage":{"@id":"https:\/\/abd.ong\/ca\/general-ca\/abd-als-mitjans-de-comunicacio-al-desembre\/"},"wordCount":687,"publisher":{"@id":"https:\/\/abd.ong\/ca\/#organization"},"image":{"@id":"https:\/\/abd.ong\/ca\/general-ca\/abd-als-mitjans-de-comunicacio-al-desembre\/#primaryimage"},"thumbnailUrl":"https:\/\/abd.ong\/wp-content\/uploads\/1970\/01\/old-tv-1149416_1920.jpg","keywords":["mitjans de comunicaci\u00f3","not\u00edcies"],"articleSection":["General"],"inLanguage":"ca"},{"@type":"WebPage","@id":"https:\/\/abd.ong\/ca\/general-ca\/abd-als-mitjans-de-comunicacio-al-desembre\/","url":"https:\/\/abd.ong\/ca\/general-ca\/abd-als-mitjans-de-comunicacio-al-desembre\/","name":"ABD als mitjans de comunicaci\u00f3 al desembre - ABD","isPartOf":{"@id":"https:\/\/abd.ong\/ca\/#website"},"primaryImageOfPage":{"@id":"https:\/\/abd.ong\/ca\/general-ca\/abd-als-mitjans-de-comunicacio-al-desembre\/#primaryimage"},"image":{"@id":"https:\/\/abd.ong\/ca\/general-ca\/abd-als-mitjans-de-comunicacio-al-desembre\/#primaryimage"},"thumbnailUrl":"https:\/\/abd.ong\/wp-content\/uploads\/1970\/01\/old-tv-1149416_1920.jpg","datePublished":"2019-12-23T23:00:00+00:00","dateModified":"2021-02-17T18:29:38+00:00","description":"L\u2019Associaci\u00f3 Benestar i Desenvolupament\u00a0(ABD) ha estat present als mitjans de comunicaci\u00f3 durant aquest mes de desembre. A continuaci\u00f3, el recull de","breadcrumb":{"@id":"https:\/\/abd.ong\/ca\/general-ca\/abd-als-mitjans-de-comunicacio-al-desembre\/#breadcrumb"},"inLanguage":"ca","potentialAction":[{"@type":"ReadAction","target":["https:\/\/abd.ong\/ca\/general-ca\/abd-als-mitjans-de-comunicacio-al-desembre\/"]}]},{"@type":"ImageObject","inLanguage":"ca","@id":"https:\/\/abd.ong\/ca\/general-ca\/abd-als-mitjans-de-comunicacio-al-desembre\/#primaryimage","url":"https:\/\/abd.ong\/wp-content\/uploads\/1970\/01\/old-tv-1149416_1920.jpg","contentUrl":"https:\/\/abd.ong\/wp-content\/uploads\/1970\/01\/old-tv-1149416_1920.jpg","width":1919,"height":977},{"@type":"BreadcrumbList","@id":"https:\/\/abd.ong\/ca\/general-ca\/abd-als-mitjans-de-comunicacio-al-desembre\/#breadcrumb","itemListElement":[{"@type":"ListItem","position":1,"name":"Inici","item":"https:\/\/abd.ong\/ca\/"},{"@type":"ListItem","position":2,"name":"ABD als mitjans de comunicaci\u00f3 al desembre"}]},{"@type":"WebSite","@id":"https:\/\/abd.ong\/ca\/#website","url":"https:\/\/abd.ong\/ca\/","name":"ABD","description":"Asociaci\u00f3n Bienestar y Desarrollo","publisher":{"@id":"https:\/\/abd.ong\/ca\/#organization"},"potentialAction":[{"@type":"SearchAction","target":{"@type":"EntryPoint","urlTemplate":"https:\/\/abd.ong\/ca\/?s={search_term_string}"},"query-input":{"@type":"PropertyValueSpecification","valueRequired":true,"valueName":"search_term_string"}}],"inLanguage":"ca"},{"@type":"Organization","@id":"https:\/\/abd.ong\/ca\/#organization","name":"Associaci\u00f3 Benestar i Desenvolupament","alternateName":"ABD","url":"https:\/\/abd.ong\/ca\/","logo":{"@type":"ImageObject","inLanguage":"ca","@id":"https:\/\/abd.ong\/ca\/#\/schema\/logo\/image\/","url":"https:\/\/abd.ong\/wp-content\/uploads\/2023\/01\/Icona.png","contentUrl":"https:\/\/abd.ong\/wp-content\/uploads\/2023\/01\/Icona.png","width":190,"height":187,"caption":"Associaci\u00f3 Benestar i Desenvolupament"},"image":{"@id":"https:\/\/abd.ong\/ca\/#\/schema\/logo\/image\/"},"sameAs":["https:\/\/www.facebook.com\/abd.ong","https:\/\/x.com\/abd_ong","https:\/\/www.instagram.com\/abd_ong\/","https:\/\/www.linkedin.com\/company\/abdong","https:\/\/www.youtube.com\/user\/CANALABD"]},{"@type":"Person","@id":"https:\/\/abd.ong\/ca\/#\/schema\/person\/1b9cf116597cda3a4b8900a43c641f6e","name":"M_Disseny"}]}},"_links":{"self":[{"href":"https:\/\/abd.ong\/ca\/wp-json\/wp\/v2\/posts\/13067","targetHints":{"allow":["GET"]}}],"collection":[{"href":"https:\/\/abd.ong\/ca\/wp-json\/wp\/v2\/posts"}],"about":[{"href":"https:\/\/abd.ong\/ca\/wp-json\/wp\/v2\/types\/post"}],"author":[{"embeddable":true,"href":"https:\/\/abd.ong\/ca\/wp-json\/wp\/v2\/users\/1"}],"replies":[{"embeddable":true,"href":"https:\/\/abd.ong\/ca\/wp-json\/wp\/v2\/comments?post=13067"}],"version-history":[{"count":3,"href":"https:\/\/abd.ong\/ca\/wp-json\/wp\/v2\/posts\/13067\/revisions"}],"predecessor-version":[{"id":20437,"href":"https:\/\/abd.ong\/ca\/wp-json\/wp\/v2\/posts\/13067\/revisions\/20437"}],"wp:featuredmedia":[{"embeddable":true,"href":"https:\/\/abd.ong\/ca\/wp-json\/wp\/v2\/media\/2591"}],"wp:attachment":[{"href":"https:\/\/abd.ong\/ca\/wp-json\/wp\/v2\/media?parent=13067"}],"wp:term":[{"taxonomy":"category","embeddable":true,"href":"https:\/\/abd.ong\/ca\/wp-json\/wp\/v2\/categories?post=13067"},{"taxonomy":"post_tag","embeddable":true,"href":"https:\/\/abd.ong\/ca\/wp-json\/wp\/v2\/tags?post=13067"}],"curies":[{"name":"wp","href":"https:\/\/api.w.org\/{rel}","templated":true}]}}