{"id":13053,"date":"2019-12-24T00:00:00","date_gmt":"2019-12-23T23:00:00","guid":{"rendered":"https:\/\/abd.ong\/sin-categorizar\/els-habitatges-centres-de-dia-i-residencies-gestionades-per-abd-organitzen-activitats-per-celebrar-el-nadal\/"},"modified":"2021-02-17T18:33:31","modified_gmt":"2021-02-17T17:33:31","slug":"els-habitatges-centres-de-dia-i-residencies-gestionades-per-abd-organitzen-activitats-per-celebrar-el-nadal","status":"publish","type":"post","link":"https:\/\/abd.ong\/ca\/dependencia-i-gent-gran\/els-habitatges-centres-de-dia-i-residencies-gestionades-per-abd-organitzen-activitats-per-celebrar-el-nadal\/","title":{"rendered":"Els Habitatges, Centres de dia i Resid\u00e8ncies per a persones grans gestionades per ABD organitzen activitats per celebrar el Nadal"},"content":{"rendered":"<p>Els Habitatges, Centres de dia i Resid\u00e8ncies per a persones grans gestionades per l&#8217;<a href=\"https:\/\/abd.ong\"><strong>Associaci\u00f3 Benestar i Desenvolupament ABD<\/strong><\/a> han organitzat diverses activitats per <strong>celebrar el Nadal<\/strong> conjuntament amb fam\u00edlies i professionals.<\/p>\n<p>La <strong>Resid\u00e8ncia Alta Ribagor\u00e7a<\/strong> va rebre els alumnes de 5\u00e8 i 6\u00e8 curs de la zona escolar rural, que van anar-hi per cantar nadales amb els i les usu\u00e0ries. Conjuntament amb el <strong>Centre de dia<\/strong> tamb\u00e9 van organitzar un Ti\u00f3 amb les seves fam\u00edlies i amics. (<a href=\"https:\/\/twitter.com\/abd_ong\/status\/1207692199095414785?s=20\">Veure publicaci\u00f3<\/a> \/ <a href=\"https:\/\/twitter.com\/abd_ong\/status\/1208424478826532867?s=20\">Veure publicaci\u00f3<\/a>)<\/p>\n<p>Pel que fa als <strong>Habitatges Joan Torras<\/strong>, el grup de coral va anar a actuar a la <strong>Resid\u00e8ncia Bon Pastor<\/strong>, on havien preparat un espectacle molt nadalenc. (<a href=\"https:\/\/twitter.com\/abd_ong\/status\/1208069733066690561?s=20\">Veure publicaci\u00f3<\/a>)<\/p>\n<p>Els <strong>Habitatges de Navas<\/strong> van organitzar un sopar amb cant de Nadales. Enguany cal destacar el pessebre que ha creat un dels usuaris a la zona comuna.<\/p>\n<p>Finalment, la <strong>Resid\u00e8ncia i centre de dia Sant Pere Claver <\/strong>de Verd\u00fa va organitzar una festa de Nadal amb les persones usu\u00e0ries, les seves fam\u00edlies i els i les professionals, on van fer cagar el Ti\u00f3, tamb\u00e9. (<a href=\"https:\/\/twitter.com\/abd_ong\/status\/1208681142968295426?s=20\">Veure publicaci\u00f3<\/a>)<\/p>\n<p>&nbsp;<\/p>\n<h4><strong>Un petit recull de fotografies:<\/strong><\/h4>\n<p><a href=\"https:\/\/abd.ong\/blog\/wp-content\/uploads\/2019\/12\/79501597_2556368984440498_2415216292731551744_o.jpg\"><img fetchpriority=\"high\" decoding=\"async\" class=\" wp-image-7302 alignnone\" src=\"https:\/\/abd.ong\/blog\/wp-content\/uploads\/2019\/12\/79501597_2556368984440498_2415216292731551744_o-300x215.jpg\" alt=\"\" width=\"340\" height=\"244\"><\/a><\/p>\n<p><a href=\"https:\/\/abd.ong\/blog\/wp-content\/uploads\/2019\/12\/80394702_2556369131107150_2688004779690426368_o.jpg\"><img decoding=\"async\" class=\" wp-image-7308 alignnone\" src=\"https:\/\/abd.ong\/blog\/wp-content\/uploads\/2019\/12\/80394702_2556369131107150_2688004779690426368_o-300x225.jpg\" alt=\"\" width=\"339\" height=\"254\"><\/a><\/p>\n<p><a href=\"https:\/\/abd.ong\/blog\/wp-content\/uploads\/2019\/12\/79723735_2556368941107169_1591765534741889024_o.jpg\"><img decoding=\"async\" class=\" wp-image-7305 alignnone\" src=\"https:\/\/abd.ong\/blog\/wp-content\/uploads\/2019\/12\/79723735_2556368941107169_1591765534741889024_o-300x225.jpg\" alt=\"\" width=\"339\" height=\"254\"><\/a><\/p>\n<p>&nbsp;<\/p>\n","protected":false},"excerpt":{"rendered":"<p>Els Habitatges, Centres de dia i Resid\u00e8ncies per a persones grans gestionades per l&#8217;Associaci\u00f3 Benestar i Desenvolupament ABD han organitzat diverses activitats per celebrar el Nadal conjuntament amb fam\u00edlies i&hellip;<\/p>\n","protected":false},"author":1,"featured_media":13054,"comment_status":"closed","ping_status":"closed","sticky":false,"template":"","format":"standard","meta":{"_acf_changed":false,"footnotes":""},"categories":[1298,1300],"tags":[119,1541,1512,507,1542,1513],"class_list":["post-13053","post","type-post","status-publish","format-standard","has-post-thumbnail","hentry","category-dependencia-i-gent-gran","category-discapacitat","tag-abd","tag-habitatges","tag-nadal","tag-persones-grans","tag-residencies","tag-tio","ods-aliances-per-assolir-els-objectius","ods-educacio-de-qualitat","ods-reduccio-de-les-desigualtats","right-dret-a-lhabitatge","right-dret-a-la-integritat-personal","right-dret-a-la-participacio-ciutadana","right-drets-de-les-persones-amb-discapacitat","right-drets-de-les-persones-grans"],"acf":[],"yoast_head":"<!-- This site is optimized with the Yoast SEO plugin v27.4 - https:\/\/yoast.com\/product\/yoast-seo-wordpress\/ -->\n<title>Els Habitatges, Centres de dia i Resid\u00e8ncies per a persones grans gestionades per ABD organitzen activitats per celebrar el Nadal - ABD<\/title>\n<meta name=\"description\" content=\"Els Habitatges, Centres de dia i Resid\u00e8ncies per a persones grans gestionades per l&#039;Associaci\u00f3 Benestar i Desenvolupament ABD han organitzat diverses\" \/>\n<meta name=\"robots\" content=\"index, follow, max-snippet:-1, max-image-preview:large, max-video-preview:-1\" \/>\n<link rel=\"canonical\" href=\"https:\/\/abd.ong\/ca\/dependencia-i-gent-gran\/els-habitatges-centres-de-dia-i-residencies-gestionades-per-abd-organitzen-activitats-per-celebrar-el-nadal\/\" \/>\n<meta property=\"og:locale\" content=\"ca_ES\" \/>\n<meta property=\"og:type\" content=\"article\" \/>\n<meta property=\"og:title\" content=\"Els Habitatges, Centres de dia i Resid\u00e8ncies per a persones grans gestionades per ABD organitzen activitats per celebrar el Nadal - ABD\" \/>\n<meta property=\"og:description\" content=\"Els Habitatges, Centres de dia i Resid\u00e8ncies per a persones grans gestionades per l&#039;Associaci\u00f3 Benestar i Desenvolupament ABD han organitzat diverses\" \/>\n<meta property=\"og:url\" content=\"https:\/\/abd.ong\/ca\/dependencia-i-gent-gran\/els-habitatges-centres-de-dia-i-residencies-gestionades-per-abd-organitzen-activitats-per-celebrar-el-nadal\/\" \/>\n<meta property=\"og:site_name\" content=\"ABD\" \/>\n<meta property=\"article:publisher\" content=\"https:\/\/www.facebook.com\/abd.ong\" \/>\n<meta property=\"article:published_time\" content=\"2019-12-23T23:00:00+00:00\" \/>\n<meta property=\"article:modified_time\" content=\"2021-02-17T17:33:31+00:00\" \/>\n<meta property=\"og:image\" content=\"https:\/\/abd.ong\/wp-content\/uploads\/1970\/01\/portada.png\" \/>\n\t<meta property=\"og:image:width\" content=\"997\" \/>\n\t<meta property=\"og:image:height\" content=\"687\" \/>\n\t<meta property=\"og:image:type\" content=\"image\/png\" \/>\n<meta name=\"author\" content=\"M_Disseny\" \/>\n<meta name=\"twitter:card\" content=\"summary_large_image\" \/>\n<meta name=\"twitter:creator\" content=\"@abd_ong\" \/>\n<meta name=\"twitter:site\" content=\"@abd_ong\" \/>\n<meta name=\"twitter:label1\" content=\"Escrit per\" \/>\n\t<meta name=\"twitter:data1\" content=\"M_Disseny\" \/>\n\t<meta name=\"twitter:label2\" content=\"Temps estimat de lectura\" \/>\n\t<meta name=\"twitter:data2\" content=\"1 minut\" \/>\n<script type=\"application\/ld+json\" class=\"yoast-schema-graph\">{\"@context\":\"https:\\\/\\\/schema.org\",\"@graph\":[{\"@type\":\"Article\",\"@id\":\"https:\\\/\\\/abd.ong\\\/ca\\\/dependencia-i-gent-gran\\\/els-habitatges-centres-de-dia-i-residencies-gestionades-per-abd-organitzen-activitats-per-celebrar-el-nadal\\\/#article\",\"isPartOf\":{\"@id\":\"https:\\\/\\\/abd.ong\\\/ca\\\/dependencia-i-gent-gran\\\/els-habitatges-centres-de-dia-i-residencies-gestionades-per-abd-organitzen-activitats-per-celebrar-el-nadal\\\/\"},\"author\":{\"name\":\"M_Disseny\",\"@id\":\"https:\\\/\\\/abd.ong\\\/ca\\\/#\\\/schema\\\/person\\\/1b9cf116597cda3a4b8900a43c641f6e\"},\"headline\":\"Els Habitatges, Centres de dia i Resid\u00e8ncies per a persones grans gestionades per ABD organitzen activitats per celebrar el Nadal\",\"datePublished\":\"2019-12-23T23:00:00+00:00\",\"dateModified\":\"2021-02-17T17:33:31+00:00\",\"mainEntityOfPage\":{\"@id\":\"https:\\\/\\\/abd.ong\\\/ca\\\/dependencia-i-gent-gran\\\/els-habitatges-centres-de-dia-i-residencies-gestionades-per-abd-organitzen-activitats-per-celebrar-el-nadal\\\/\"},\"wordCount\":213,\"publisher\":{\"@id\":\"https:\\\/\\\/abd.ong\\\/ca\\\/#organization\"},\"image\":{\"@id\":\"https:\\\/\\\/abd.ong\\\/ca\\\/dependencia-i-gent-gran\\\/els-habitatges-centres-de-dia-i-residencies-gestionades-per-abd-organitzen-activitats-per-celebrar-el-nadal\\\/#primaryimage\"},\"thumbnailUrl\":\"https:\\\/\\\/abd.ong\\\/wp-content\\\/uploads\\\/1970\\\/01\\\/portada.png\",\"keywords\":[\"ABD\",\"habitatges\",\"Nadal\",\"persones grans\",\"resid\u00e8ncies\",\"ti\u00f3\"],\"articleSection\":[\"Depend\u00e8ncia i gent gran\",\"Discapacitat intel\u00b7lectual\"],\"inLanguage\":\"ca\"},{\"@type\":\"WebPage\",\"@id\":\"https:\\\/\\\/abd.ong\\\/ca\\\/dependencia-i-gent-gran\\\/els-habitatges-centres-de-dia-i-residencies-gestionades-per-abd-organitzen-activitats-per-celebrar-el-nadal\\\/\",\"url\":\"https:\\\/\\\/abd.ong\\\/ca\\\/dependencia-i-gent-gran\\\/els-habitatges-centres-de-dia-i-residencies-gestionades-per-abd-organitzen-activitats-per-celebrar-el-nadal\\\/\",\"name\":\"Els Habitatges, Centres de dia i Resid\u00e8ncies per a persones grans gestionades per ABD organitzen activitats per celebrar el Nadal - ABD\",\"isPartOf\":{\"@id\":\"https:\\\/\\\/abd.ong\\\/ca\\\/#website\"},\"primaryImageOfPage\":{\"@id\":\"https:\\\/\\\/abd.ong\\\/ca\\\/dependencia-i-gent-gran\\\/els-habitatges-centres-de-dia-i-residencies-gestionades-per-abd-organitzen-activitats-per-celebrar-el-nadal\\\/#primaryimage\"},\"image\":{\"@id\":\"https:\\\/\\\/abd.ong\\\/ca\\\/dependencia-i-gent-gran\\\/els-habitatges-centres-de-dia-i-residencies-gestionades-per-abd-organitzen-activitats-per-celebrar-el-nadal\\\/#primaryimage\"},\"thumbnailUrl\":\"https:\\\/\\\/abd.ong\\\/wp-content\\\/uploads\\\/1970\\\/01\\\/portada.png\",\"datePublished\":\"2019-12-23T23:00:00+00:00\",\"dateModified\":\"2021-02-17T17:33:31+00:00\",\"description\":\"Els Habitatges, Centres de dia i Resid\u00e8ncies per a persones grans gestionades per l'Associaci\u00f3 Benestar i Desenvolupament ABD han organitzat diverses\",\"breadcrumb\":{\"@id\":\"https:\\\/\\\/abd.ong\\\/ca\\\/dependencia-i-gent-gran\\\/els-habitatges-centres-de-dia-i-residencies-gestionades-per-abd-organitzen-activitats-per-celebrar-el-nadal\\\/#breadcrumb\"},\"inLanguage\":\"ca\",\"potentialAction\":[{\"@type\":\"ReadAction\",\"target\":[\"https:\\\/\\\/abd.ong\\\/ca\\\/dependencia-i-gent-gran\\\/els-habitatges-centres-de-dia-i-residencies-gestionades-per-abd-organitzen-activitats-per-celebrar-el-nadal\\\/\"]}]},{\"@type\":\"ImageObject\",\"inLanguage\":\"ca\",\"@id\":\"https:\\\/\\\/abd.ong\\\/ca\\\/dependencia-i-gent-gran\\\/els-habitatges-centres-de-dia-i-residencies-gestionades-per-abd-organitzen-activitats-per-celebrar-el-nadal\\\/#primaryimage\",\"url\":\"https:\\\/\\\/abd.ong\\\/wp-content\\\/uploads\\\/1970\\\/01\\\/portada.png\",\"contentUrl\":\"https:\\\/\\\/abd.ong\\\/wp-content\\\/uploads\\\/1970\\\/01\\\/portada.png\",\"width\":997,\"height\":687},{\"@type\":\"BreadcrumbList\",\"@id\":\"https:\\\/\\\/abd.ong\\\/ca\\\/dependencia-i-gent-gran\\\/els-habitatges-centres-de-dia-i-residencies-gestionades-per-abd-organitzen-activitats-per-celebrar-el-nadal\\\/#breadcrumb\",\"itemListElement\":[{\"@type\":\"ListItem\",\"position\":1,\"name\":\"Inici\",\"item\":\"https:\\\/\\\/abd.ong\\\/ca\\\/\"},{\"@type\":\"ListItem\",\"position\":2,\"name\":\"Els Habitatges, Centres de dia i Resid\u00e8ncies per a persones grans gestionades per ABD organitzen activitats per celebrar el Nadal\"}]},{\"@type\":\"WebSite\",\"@id\":\"https:\\\/\\\/abd.ong\\\/ca\\\/#website\",\"url\":\"https:\\\/\\\/abd.ong\\\/ca\\\/\",\"name\":\"ABD\",\"description\":\"Asociaci\u00f3n Bienestar y Desarrollo\",\"publisher\":{\"@id\":\"https:\\\/\\\/abd.ong\\\/ca\\\/#organization\"},\"potentialAction\":[{\"@type\":\"SearchAction\",\"target\":{\"@type\":\"EntryPoint\",\"urlTemplate\":\"https:\\\/\\\/abd.ong\\\/ca\\\/?s={search_term_string}\"},\"query-input\":{\"@type\":\"PropertyValueSpecification\",\"valueRequired\":true,\"valueName\":\"search_term_string\"}}],\"inLanguage\":\"ca\"},{\"@type\":\"Organization\",\"@id\":\"https:\\\/\\\/abd.ong\\\/ca\\\/#organization\",\"name\":\"Associaci\u00f3 Benestar i Desenvolupament\",\"alternateName\":\"ABD\",\"url\":\"https:\\\/\\\/abd.ong\\\/ca\\\/\",\"logo\":{\"@type\":\"ImageObject\",\"inLanguage\":\"ca\",\"@id\":\"https:\\\/\\\/abd.ong\\\/ca\\\/#\\\/schema\\\/logo\\\/image\\\/\",\"url\":\"https:\\\/\\\/abd.ong\\\/wp-content\\\/uploads\\\/2023\\\/01\\\/Icona.png\",\"contentUrl\":\"https:\\\/\\\/abd.ong\\\/wp-content\\\/uploads\\\/2023\\\/01\\\/Icona.png\",\"width\":190,\"height\":187,\"caption\":\"Associaci\u00f3 Benestar i Desenvolupament\"},\"image\":{\"@id\":\"https:\\\/\\\/abd.ong\\\/ca\\\/#\\\/schema\\\/logo\\\/image\\\/\"},\"sameAs\":[\"https:\\\/\\\/www.facebook.com\\\/abd.ong\",\"https:\\\/\\\/x.com\\\/abd_ong\",\"https:\\\/\\\/www.instagram.com\\\/abd_ong\\\/\",\"https:\\\/\\\/www.linkedin.com\\\/company\\\/abdong\",\"https:\\\/\\\/www.youtube.com\\\/user\\\/CANALABD\"]},{\"@type\":\"Person\",\"@id\":\"https:\\\/\\\/abd.ong\\\/ca\\\/#\\\/schema\\\/person\\\/1b9cf116597cda3a4b8900a43c641f6e\",\"name\":\"M_Disseny\"}]}<\/script>\n<!-- \/ Yoast SEO plugin. -->","yoast_head_json":{"title":"Els Habitatges, Centres de dia i Resid\u00e8ncies per a persones grans gestionades per ABD organitzen activitats per celebrar el Nadal - ABD","description":"Els Habitatges, Centres de dia i Resid\u00e8ncies per a persones grans gestionades per l'Associaci\u00f3 Benestar i Desenvolupament ABD han organitzat diverses","robots":{"index":"index","follow":"follow","max-snippet":"max-snippet:-1","max-image-preview":"max-image-preview:large","max-video-preview":"max-video-preview:-1"},"canonical":"https:\/\/abd.ong\/ca\/dependencia-i-gent-gran\/els-habitatges-centres-de-dia-i-residencies-gestionades-per-abd-organitzen-activitats-per-celebrar-el-nadal\/","og_locale":"ca_ES","og_type":"article","og_title":"Els Habitatges, Centres de dia i Resid\u00e8ncies per a persones grans gestionades per ABD organitzen activitats per celebrar el Nadal - ABD","og_description":"Els Habitatges, Centres de dia i Resid\u00e8ncies per a persones grans gestionades per l'Associaci\u00f3 Benestar i Desenvolupament ABD han organitzat diverses","og_url":"https:\/\/abd.ong\/ca\/dependencia-i-gent-gran\/els-habitatges-centres-de-dia-i-residencies-gestionades-per-abd-organitzen-activitats-per-celebrar-el-nadal\/","og_site_name":"ABD","article_publisher":"https:\/\/www.facebook.com\/abd.ong","article_published_time":"2019-12-23T23:00:00+00:00","article_modified_time":"2021-02-17T17:33:31+00:00","og_image":[{"width":997,"height":687,"url":"https:\/\/abd.ong\/wp-content\/uploads\/1970\/01\/portada.png","type":"image\/png"}],"author":"M_Disseny","twitter_card":"summary_large_image","twitter_creator":"@abd_ong","twitter_site":"@abd_ong","twitter_misc":{"Escrit per":"M_Disseny","Temps estimat de lectura":"1 minut"},"schema":{"@context":"https:\/\/schema.org","@graph":[{"@type":"Article","@id":"https:\/\/abd.ong\/ca\/dependencia-i-gent-gran\/els-habitatges-centres-de-dia-i-residencies-gestionades-per-abd-organitzen-activitats-per-celebrar-el-nadal\/#article","isPartOf":{"@id":"https:\/\/abd.ong\/ca\/dependencia-i-gent-gran\/els-habitatges-centres-de-dia-i-residencies-gestionades-per-abd-organitzen-activitats-per-celebrar-el-nadal\/"},"author":{"name":"M_Disseny","@id":"https:\/\/abd.ong\/ca\/#\/schema\/person\/1b9cf116597cda3a4b8900a43c641f6e"},"headline":"Els Habitatges, Centres de dia i Resid\u00e8ncies per a persones grans gestionades per ABD organitzen activitats per celebrar el Nadal","datePublished":"2019-12-23T23:00:00+00:00","dateModified":"2021-02-17T17:33:31+00:00","mainEntityOfPage":{"@id":"https:\/\/abd.ong\/ca\/dependencia-i-gent-gran\/els-habitatges-centres-de-dia-i-residencies-gestionades-per-abd-organitzen-activitats-per-celebrar-el-nadal\/"},"wordCount":213,"publisher":{"@id":"https:\/\/abd.ong\/ca\/#organization"},"image":{"@id":"https:\/\/abd.ong\/ca\/dependencia-i-gent-gran\/els-habitatges-centres-de-dia-i-residencies-gestionades-per-abd-organitzen-activitats-per-celebrar-el-nadal\/#primaryimage"},"thumbnailUrl":"https:\/\/abd.ong\/wp-content\/uploads\/1970\/01\/portada.png","keywords":["ABD","habitatges","Nadal","persones grans","resid\u00e8ncies","ti\u00f3"],"articleSection":["Depend\u00e8ncia i gent gran","Discapacitat intel\u00b7lectual"],"inLanguage":"ca"},{"@type":"WebPage","@id":"https:\/\/abd.ong\/ca\/dependencia-i-gent-gran\/els-habitatges-centres-de-dia-i-residencies-gestionades-per-abd-organitzen-activitats-per-celebrar-el-nadal\/","url":"https:\/\/abd.ong\/ca\/dependencia-i-gent-gran\/els-habitatges-centres-de-dia-i-residencies-gestionades-per-abd-organitzen-activitats-per-celebrar-el-nadal\/","name":"Els Habitatges, Centres de dia i Resid\u00e8ncies per a persones grans gestionades per ABD organitzen activitats per celebrar el Nadal - ABD","isPartOf":{"@id":"https:\/\/abd.ong\/ca\/#website"},"primaryImageOfPage":{"@id":"https:\/\/abd.ong\/ca\/dependencia-i-gent-gran\/els-habitatges-centres-de-dia-i-residencies-gestionades-per-abd-organitzen-activitats-per-celebrar-el-nadal\/#primaryimage"},"image":{"@id":"https:\/\/abd.ong\/ca\/dependencia-i-gent-gran\/els-habitatges-centres-de-dia-i-residencies-gestionades-per-abd-organitzen-activitats-per-celebrar-el-nadal\/#primaryimage"},"thumbnailUrl":"https:\/\/abd.ong\/wp-content\/uploads\/1970\/01\/portada.png","datePublished":"2019-12-23T23:00:00+00:00","dateModified":"2021-02-17T17:33:31+00:00","description":"Els Habitatges, Centres de dia i Resid\u00e8ncies per a persones grans gestionades per l'Associaci\u00f3 Benestar i Desenvolupament ABD han organitzat diverses","breadcrumb":{"@id":"https:\/\/abd.ong\/ca\/dependencia-i-gent-gran\/els-habitatges-centres-de-dia-i-residencies-gestionades-per-abd-organitzen-activitats-per-celebrar-el-nadal\/#breadcrumb"},"inLanguage":"ca","potentialAction":[{"@type":"ReadAction","target":["https:\/\/abd.ong\/ca\/dependencia-i-gent-gran\/els-habitatges-centres-de-dia-i-residencies-gestionades-per-abd-organitzen-activitats-per-celebrar-el-nadal\/"]}]},{"@type":"ImageObject","inLanguage":"ca","@id":"https:\/\/abd.ong\/ca\/dependencia-i-gent-gran\/els-habitatges-centres-de-dia-i-residencies-gestionades-per-abd-organitzen-activitats-per-celebrar-el-nadal\/#primaryimage","url":"https:\/\/abd.ong\/wp-content\/uploads\/1970\/01\/portada.png","contentUrl":"https:\/\/abd.ong\/wp-content\/uploads\/1970\/01\/portada.png","width":997,"height":687},{"@type":"BreadcrumbList","@id":"https:\/\/abd.ong\/ca\/dependencia-i-gent-gran\/els-habitatges-centres-de-dia-i-residencies-gestionades-per-abd-organitzen-activitats-per-celebrar-el-nadal\/#breadcrumb","itemListElement":[{"@type":"ListItem","position":1,"name":"Inici","item":"https:\/\/abd.ong\/ca\/"},{"@type":"ListItem","position":2,"name":"Els Habitatges, Centres de dia i Resid\u00e8ncies per a persones grans gestionades per ABD organitzen activitats per celebrar el Nadal"}]},{"@type":"WebSite","@id":"https:\/\/abd.ong\/ca\/#website","url":"https:\/\/abd.ong\/ca\/","name":"ABD","description":"Asociaci\u00f3n Bienestar y Desarrollo","publisher":{"@id":"https:\/\/abd.ong\/ca\/#organization"},"potentialAction":[{"@type":"SearchAction","target":{"@type":"EntryPoint","urlTemplate":"https:\/\/abd.ong\/ca\/?s={search_term_string}"},"query-input":{"@type":"PropertyValueSpecification","valueRequired":true,"valueName":"search_term_string"}}],"inLanguage":"ca"},{"@type":"Organization","@id":"https:\/\/abd.ong\/ca\/#organization","name":"Associaci\u00f3 Benestar i Desenvolupament","alternateName":"ABD","url":"https:\/\/abd.ong\/ca\/","logo":{"@type":"ImageObject","inLanguage":"ca","@id":"https:\/\/abd.ong\/ca\/#\/schema\/logo\/image\/","url":"https:\/\/abd.ong\/wp-content\/uploads\/2023\/01\/Icona.png","contentUrl":"https:\/\/abd.ong\/wp-content\/uploads\/2023\/01\/Icona.png","width":190,"height":187,"caption":"Associaci\u00f3 Benestar i Desenvolupament"},"image":{"@id":"https:\/\/abd.ong\/ca\/#\/schema\/logo\/image\/"},"sameAs":["https:\/\/www.facebook.com\/abd.ong","https:\/\/x.com\/abd_ong","https:\/\/www.instagram.com\/abd_ong\/","https:\/\/www.linkedin.com\/company\/abdong","https:\/\/www.youtube.com\/user\/CANALABD"]},{"@type":"Person","@id":"https:\/\/abd.ong\/ca\/#\/schema\/person\/1b9cf116597cda3a4b8900a43c641f6e","name":"M_Disseny"}]}},"_links":{"self":[{"href":"https:\/\/abd.ong\/ca\/wp-json\/wp\/v2\/posts\/13053","targetHints":{"allow":["GET"]}}],"collection":[{"href":"https:\/\/abd.ong\/ca\/wp-json\/wp\/v2\/posts"}],"about":[{"href":"https:\/\/abd.ong\/ca\/wp-json\/wp\/v2\/types\/post"}],"author":[{"embeddable":true,"href":"https:\/\/abd.ong\/ca\/wp-json\/wp\/v2\/users\/1"}],"replies":[{"embeddable":true,"href":"https:\/\/abd.ong\/ca\/wp-json\/wp\/v2\/comments?post=13053"}],"version-history":[{"count":3,"href":"https:\/\/abd.ong\/ca\/wp-json\/wp\/v2\/posts\/13053\/revisions"}],"predecessor-version":[{"id":19959,"href":"https:\/\/abd.ong\/ca\/wp-json\/wp\/v2\/posts\/13053\/revisions\/19959"}],"wp:featuredmedia":[{"embeddable":true,"href":"https:\/\/abd.ong\/ca\/wp-json\/wp\/v2\/media\/13054"}],"wp:attachment":[{"href":"https:\/\/abd.ong\/ca\/wp-json\/wp\/v2\/media?parent=13053"}],"wp:term":[{"taxonomy":"category","embeddable":true,"href":"https:\/\/abd.ong\/ca\/wp-json\/wp\/v2\/categories?post=13053"},{"taxonomy":"post_tag","embeddable":true,"href":"https:\/\/abd.ong\/ca\/wp-json\/wp\/v2\/tags?post=13053"}],"curies":[{"name":"wp","href":"https:\/\/api.w.org\/{rel}","templated":true}]}}