{"id":12776,"date":"2019-12-17T00:00:00","date_gmt":"2019-12-16T23:00:00","guid":{"rendered":"https:\/\/abd.ong\/?p=12776"},"modified":"2021-02-17T19:51:06","modified_gmt":"2021-02-17T18:51:06","slug":"abd-celebra-la-festa-de-nadal-amb-diverses-activitats-i-un-tio-pels-infants-vinculats-a-lentitat","status":"publish","type":"post","link":"https:\/\/abd.ong\/ca\/general-ca\/abd-celebra-la-festa-de-nadal-amb-diverses-activitats-i-un-tio-pels-infants-vinculats-a-lentitat\/","title":{"rendered":"ABD celebra la festa de Nadal amb diverses activitats i un ti\u00f3 pels infants vinculats a l&#8217;entitat"},"content":{"rendered":"\n<p><p>L\u2019<strong><a href=\"https:\/\/abd.ong\">Associaci\u00f3 Benestar i Desenvolupament<\/a>&nbsp;(ABD)<\/strong> ha celebrat aquest dilluns, i com cada any, la <strong>festa de Nadal<\/strong> pels infants amb un vincle amb l&#8217;entitat, \u00e9s a dir fills i filles d&#8217;usuaris, professionals i voluntaris\/\u00e0ries. S&#8217;han organitzat diverses activitats com un taller de manualitats, un de pintura de cara, un de xapes, i un photocall, amb la intenci\u00f3 de donar un <strong>espai d\u2019oci als m\u00e9s petits.&nbsp;<\/strong>Tamb\u00e9 en destaca l&#8217;espai del projecte <a href=\"https:\/\/preinfant.org\/\"><strong>Preinfant<\/strong><\/a>, que ha adequat unes activitats per les mares i els seus nadons.<\/p>\n<p>Una de les principals activitats de la tarda ha estat la de fer&nbsp;<strong>cagar el ti\u00f3<\/strong>, que ha regalat obsequis a tots els i les petites participants. De la mateixa manera, tamb\u00e9 ha tingut \u00e8xit la xocolatada, servida a mitja tarda.<\/p>\n<p><strong>Bon Nadal i bones festes!<\/strong><\/p>\n<p>&nbsp;<\/p>\n<p><strong>Algunes fotografies de la jornada:<\/strong><\/p>\n<p><a href=\"https:\/\/abd.ong\/blog\/wp-content\/uploads\/2019\/12\/SAM_4242-scaled.jpg\"><img fetchpriority=\"high\" decoding=\"async\" class=\" wp-image-7136\" src=\"https:\/\/abd.ong\/blog\/wp-content\/uploads\/2019\/12\/SAM_4242-300x200.jpg\" alt=\"\" width=\"400\" height=\"266\"><\/a><\/p>\n<p><a href=\"https:\/\/abd.ong\/blog\/wp-content\/uploads\/2019\/12\/SAM_4243-scaled.jpg\"><img decoding=\"async\" class=\" wp-image-7139\" src=\"https:\/\/abd.ong\/blog\/wp-content\/uploads\/2019\/12\/SAM_4243-300x196.jpg\" alt=\"\" width=\"399\" height=\"261\"><\/a><\/p>\n<p><a href=\"https:\/\/abd.ong\/blog\/wp-content\/uploads\/2019\/12\/SAM_4251-scaled.jpg\"><img decoding=\"async\" class=\" wp-image-7142\" src=\"https:\/\/abd.ong\/blog\/wp-content\/uploads\/2019\/12\/SAM_4251-300x195.jpg\" alt=\"\" width=\"400\" height=\"260\"><\/a><\/p>\n<p><a href=\"https:\/\/abd.ong\/blog\/wp-content\/uploads\/2019\/12\/SAM_4274-scaled.jpg\"><img loading=\"lazy\" decoding=\"async\" class=\"wp-image-7148 alignnone\" src=\"https:\/\/abd.ong\/blog\/wp-content\/uploads\/2019\/12\/SAM_4274-300x200.jpg\" alt=\"\" width=\"400\" height=\"267\"><\/a><\/p>\n<p><a href=\"https:\/\/abd.ong\/blog\/wp-content\/uploads\/2019\/12\/SAM_4283-scaled.jpg\"><img loading=\"lazy\" decoding=\"async\" class=\"wp-image-7151 alignnone\" src=\"https:\/\/abd.ong\/blog\/wp-content\/uploads\/2019\/12\/SAM_4283-300x200.jpg\" alt=\"\" width=\"401\" height=\"267\"><\/a><\/p>\n<p><a href=\"https:\/\/abd.ong\/blog\/wp-content\/uploads\/2019\/12\/SAM_4263-scaled.jpg\"><img loading=\"lazy\" decoding=\"async\" class=\" wp-image-7145\" src=\"https:\/\/abd.ong\/blog\/wp-content\/uploads\/2019\/12\/SAM_4263-300x200.jpg\" alt=\"\" width=\"403\" height=\"268\"><\/a><\/p><\/p>\n","protected":false},"excerpt":{"rendered":"<p>L\u2019Associaci\u00f3 Benestar i Desenvolupament&nbsp;(ABD) ha celebrat aquest dilluns, i com cada any, la festa de Nadal pels infants amb un vincle amb l&#8217;entitat, \u00e9s a dir fills i filles d&#8217;usuaris,&hellip;<\/p>\n","protected":false},"author":1,"featured_media":12799,"comment_status":"closed","ping_status":"closed","sticky":false,"template":"","format":"standard","meta":{"_acf_changed":false,"footnotes":""},"categories":[66,1303],"tags":[119,144,1511,1512,1513,1514],"class_list":["post-12776","post","type-post","status-publish","format-standard","has-post-thumbnail","hentry","category-general-ca","category-infancia-i-familia","tag-abd","tag-associacio-benestar-i-desenvolupament","tag-festa-de-nadal","tag-nadal","tag-tio","tag-xocolatada","ods-reduccio-de-les-desigualtats","ods-salut-i-benestar","right-dret-a-la-participacio-ciutadana","right-drets-de-la-infancia"],"acf":[],"yoast_head":"<!-- This site is optimized with the Yoast SEO plugin v27.4 - https:\/\/yoast.com\/product\/yoast-seo-wordpress\/ -->\n<title>ABD celebra la festa de Nadal amb diverses activitats i un ti\u00f3 pels infants vinculats a l&#039;entitat - ABD<\/title>\n<meta name=\"description\" content=\"L\u2019Associaci\u00f3 Benestar i Desenvolupament&nbsp;(ABD) ha celebrat aquest dilluns, i com cada any, la festa de Nadal pels infants amb un vincle amb l&#039;entitat,\" \/>\n<meta name=\"robots\" content=\"index, follow, max-snippet:-1, max-image-preview:large, max-video-preview:-1\" \/>\n<link rel=\"canonical\" href=\"https:\/\/abd.ong\/ca\/general-ca\/abd-celebra-la-festa-de-nadal-amb-diverses-activitats-i-un-tio-pels-infants-vinculats-a-lentitat\/\" \/>\n<meta property=\"og:locale\" content=\"ca_ES\" \/>\n<meta property=\"og:type\" content=\"article\" \/>\n<meta property=\"og:title\" content=\"ABD celebra la festa de Nadal amb diverses activitats i un ti\u00f3 pels infants vinculats a l&#039;entitat - ABD\" \/>\n<meta property=\"og:description\" content=\"L\u2019Associaci\u00f3 Benestar i Desenvolupament&nbsp;(ABD) ha celebrat aquest dilluns, i com cada any, la festa de Nadal pels infants amb un vincle amb l&#039;entitat,\" \/>\n<meta property=\"og:url\" content=\"https:\/\/abd.ong\/ca\/general-ca\/abd-celebra-la-festa-de-nadal-amb-diverses-activitats-i-un-tio-pels-infants-vinculats-a-lentitat\/\" \/>\n<meta property=\"og:site_name\" content=\"ABD\" \/>\n<meta property=\"article:publisher\" content=\"https:\/\/www.facebook.com\/abd.ong\" \/>\n<meta property=\"article:published_time\" content=\"2019-12-16T23:00:00+00:00\" \/>\n<meta property=\"article:modified_time\" content=\"2021-02-17T18:51:06+00:00\" \/>\n<meta property=\"og:image\" content=\"https:\/\/abd.ong\/wp-content\/uploads\/1970\/01\/SAM_4255-scaled.jpg\" \/>\n\t<meta property=\"og:image:width\" content=\"3789\" \/>\n\t<meta property=\"og:image:height\" content=\"2115\" \/>\n\t<meta property=\"og:image:type\" content=\"image\/jpeg\" \/>\n<meta name=\"author\" content=\"M_Disseny\" \/>\n<meta name=\"twitter:card\" content=\"summary_large_image\" \/>\n<meta name=\"twitter:creator\" content=\"@abd_ong\" \/>\n<meta name=\"twitter:site\" content=\"@abd_ong\" \/>\n<meta name=\"twitter:label1\" content=\"Escrit per\" \/>\n\t<meta name=\"twitter:data1\" content=\"M_Disseny\" \/>\n\t<meta name=\"twitter:label2\" content=\"Temps estimat de lectura\" \/>\n\t<meta name=\"twitter:data2\" content=\"1 minut\" \/>\n<script type=\"application\/ld+json\" class=\"yoast-schema-graph\">{\"@context\":\"https:\\\/\\\/schema.org\",\"@graph\":[{\"@type\":\"Article\",\"@id\":\"https:\\\/\\\/abd.ong\\\/ca\\\/general-ca\\\/abd-celebra-la-festa-de-nadal-amb-diverses-activitats-i-un-tio-pels-infants-vinculats-a-lentitat\\\/#article\",\"isPartOf\":{\"@id\":\"https:\\\/\\\/abd.ong\\\/ca\\\/general-ca\\\/abd-celebra-la-festa-de-nadal-amb-diverses-activitats-i-un-tio-pels-infants-vinculats-a-lentitat\\\/\"},\"author\":{\"name\":\"M_Disseny\",\"@id\":\"https:\\\/\\\/abd.ong\\\/ca\\\/#\\\/schema\\\/person\\\/1b9cf116597cda3a4b8900a43c641f6e\"},\"headline\":\"ABD celebra la festa de Nadal amb diverses activitats i un ti\u00f3 pels infants vinculats a l&#8217;entitat\",\"datePublished\":\"2019-12-16T23:00:00+00:00\",\"dateModified\":\"2021-02-17T18:51:06+00:00\",\"mainEntityOfPage\":{\"@id\":\"https:\\\/\\\/abd.ong\\\/ca\\\/general-ca\\\/abd-celebra-la-festa-de-nadal-amb-diverses-activitats-i-un-tio-pels-infants-vinculats-a-lentitat\\\/\"},\"wordCount\":165,\"publisher\":{\"@id\":\"https:\\\/\\\/abd.ong\\\/ca\\\/#organization\"},\"image\":{\"@id\":\"https:\\\/\\\/abd.ong\\\/ca\\\/general-ca\\\/abd-celebra-la-festa-de-nadal-amb-diverses-activitats-i-un-tio-pels-infants-vinculats-a-lentitat\\\/#primaryimage\"},\"thumbnailUrl\":\"https:\\\/\\\/abd.ong\\\/wp-content\\\/uploads\\\/1970\\\/01\\\/SAM_4255-scaled.jpg\",\"keywords\":[\"ABD\",\"Associaci\u00f3 Benestar i Desenvolupament\",\"festa de Nadal\",\"Nadal\",\"ti\u00f3\",\"xocolatada\"],\"articleSection\":[\"General\",\"Inf\u00e0ncia i fam\u00edlia\"],\"inLanguage\":\"ca\"},{\"@type\":\"WebPage\",\"@id\":\"https:\\\/\\\/abd.ong\\\/ca\\\/general-ca\\\/abd-celebra-la-festa-de-nadal-amb-diverses-activitats-i-un-tio-pels-infants-vinculats-a-lentitat\\\/\",\"url\":\"https:\\\/\\\/abd.ong\\\/ca\\\/general-ca\\\/abd-celebra-la-festa-de-nadal-amb-diverses-activitats-i-un-tio-pels-infants-vinculats-a-lentitat\\\/\",\"name\":\"ABD celebra la festa de Nadal amb diverses activitats i un ti\u00f3 pels infants vinculats a l'entitat - ABD\",\"isPartOf\":{\"@id\":\"https:\\\/\\\/abd.ong\\\/ca\\\/#website\"},\"primaryImageOfPage\":{\"@id\":\"https:\\\/\\\/abd.ong\\\/ca\\\/general-ca\\\/abd-celebra-la-festa-de-nadal-amb-diverses-activitats-i-un-tio-pels-infants-vinculats-a-lentitat\\\/#primaryimage\"},\"image\":{\"@id\":\"https:\\\/\\\/abd.ong\\\/ca\\\/general-ca\\\/abd-celebra-la-festa-de-nadal-amb-diverses-activitats-i-un-tio-pels-infants-vinculats-a-lentitat\\\/#primaryimage\"},\"thumbnailUrl\":\"https:\\\/\\\/abd.ong\\\/wp-content\\\/uploads\\\/1970\\\/01\\\/SAM_4255-scaled.jpg\",\"datePublished\":\"2019-12-16T23:00:00+00:00\",\"dateModified\":\"2021-02-17T18:51:06+00:00\",\"description\":\"L\u2019Associaci\u00f3 Benestar i Desenvolupament&nbsp;(ABD) ha celebrat aquest dilluns, i com cada any, la festa de Nadal pels infants amb un vincle amb l'entitat,\",\"breadcrumb\":{\"@id\":\"https:\\\/\\\/abd.ong\\\/ca\\\/general-ca\\\/abd-celebra-la-festa-de-nadal-amb-diverses-activitats-i-un-tio-pels-infants-vinculats-a-lentitat\\\/#breadcrumb\"},\"inLanguage\":\"ca\",\"potentialAction\":[{\"@type\":\"ReadAction\",\"target\":[\"https:\\\/\\\/abd.ong\\\/ca\\\/general-ca\\\/abd-celebra-la-festa-de-nadal-amb-diverses-activitats-i-un-tio-pels-infants-vinculats-a-lentitat\\\/\"]}]},{\"@type\":\"ImageObject\",\"inLanguage\":\"ca\",\"@id\":\"https:\\\/\\\/abd.ong\\\/ca\\\/general-ca\\\/abd-celebra-la-festa-de-nadal-amb-diverses-activitats-i-un-tio-pels-infants-vinculats-a-lentitat\\\/#primaryimage\",\"url\":\"https:\\\/\\\/abd.ong\\\/wp-content\\\/uploads\\\/1970\\\/01\\\/SAM_4255-scaled.jpg\",\"contentUrl\":\"https:\\\/\\\/abd.ong\\\/wp-content\\\/uploads\\\/1970\\\/01\\\/SAM_4255-scaled.jpg\",\"width\":3789,\"height\":2115},{\"@type\":\"BreadcrumbList\",\"@id\":\"https:\\\/\\\/abd.ong\\\/ca\\\/general-ca\\\/abd-celebra-la-festa-de-nadal-amb-diverses-activitats-i-un-tio-pels-infants-vinculats-a-lentitat\\\/#breadcrumb\",\"itemListElement\":[{\"@type\":\"ListItem\",\"position\":1,\"name\":\"Inici\",\"item\":\"https:\\\/\\\/abd.ong\\\/ca\\\/\"},{\"@type\":\"ListItem\",\"position\":2,\"name\":\"ABD celebra la festa de Nadal amb diverses activitats i un ti\u00f3 pels infants vinculats a l&#8217;entitat\"}]},{\"@type\":\"WebSite\",\"@id\":\"https:\\\/\\\/abd.ong\\\/ca\\\/#website\",\"url\":\"https:\\\/\\\/abd.ong\\\/ca\\\/\",\"name\":\"ABD\",\"description\":\"Asociaci\u00f3n Bienestar y Desarrollo\",\"publisher\":{\"@id\":\"https:\\\/\\\/abd.ong\\\/ca\\\/#organization\"},\"potentialAction\":[{\"@type\":\"SearchAction\",\"target\":{\"@type\":\"EntryPoint\",\"urlTemplate\":\"https:\\\/\\\/abd.ong\\\/ca\\\/?s={search_term_string}\"},\"query-input\":{\"@type\":\"PropertyValueSpecification\",\"valueRequired\":true,\"valueName\":\"search_term_string\"}}],\"inLanguage\":\"ca\"},{\"@type\":\"Organization\",\"@id\":\"https:\\\/\\\/abd.ong\\\/ca\\\/#organization\",\"name\":\"Associaci\u00f3 Benestar i Desenvolupament\",\"alternateName\":\"ABD\",\"url\":\"https:\\\/\\\/abd.ong\\\/ca\\\/\",\"logo\":{\"@type\":\"ImageObject\",\"inLanguage\":\"ca\",\"@id\":\"https:\\\/\\\/abd.ong\\\/ca\\\/#\\\/schema\\\/logo\\\/image\\\/\",\"url\":\"https:\\\/\\\/abd.ong\\\/wp-content\\\/uploads\\\/2023\\\/01\\\/Icona.png\",\"contentUrl\":\"https:\\\/\\\/abd.ong\\\/wp-content\\\/uploads\\\/2023\\\/01\\\/Icona.png\",\"width\":190,\"height\":187,\"caption\":\"Associaci\u00f3 Benestar i Desenvolupament\"},\"image\":{\"@id\":\"https:\\\/\\\/abd.ong\\\/ca\\\/#\\\/schema\\\/logo\\\/image\\\/\"},\"sameAs\":[\"https:\\\/\\\/www.facebook.com\\\/abd.ong\",\"https:\\\/\\\/x.com\\\/abd_ong\",\"https:\\\/\\\/www.instagram.com\\\/abd_ong\\\/\",\"https:\\\/\\\/www.linkedin.com\\\/company\\\/abdong\",\"https:\\\/\\\/www.youtube.com\\\/user\\\/CANALABD\"]},{\"@type\":\"Person\",\"@id\":\"https:\\\/\\\/abd.ong\\\/ca\\\/#\\\/schema\\\/person\\\/1b9cf116597cda3a4b8900a43c641f6e\",\"name\":\"M_Disseny\"}]}<\/script>\n<!-- \/ Yoast SEO plugin. -->","yoast_head_json":{"title":"ABD celebra la festa de Nadal amb diverses activitats i un ti\u00f3 pels infants vinculats a l'entitat - ABD","description":"L\u2019Associaci\u00f3 Benestar i Desenvolupament&nbsp;(ABD) ha celebrat aquest dilluns, i com cada any, la festa de Nadal pels infants amb un vincle amb l'entitat,","robots":{"index":"index","follow":"follow","max-snippet":"max-snippet:-1","max-image-preview":"max-image-preview:large","max-video-preview":"max-video-preview:-1"},"canonical":"https:\/\/abd.ong\/ca\/general-ca\/abd-celebra-la-festa-de-nadal-amb-diverses-activitats-i-un-tio-pels-infants-vinculats-a-lentitat\/","og_locale":"ca_ES","og_type":"article","og_title":"ABD celebra la festa de Nadal amb diverses activitats i un ti\u00f3 pels infants vinculats a l'entitat - ABD","og_description":"L\u2019Associaci\u00f3 Benestar i Desenvolupament&nbsp;(ABD) ha celebrat aquest dilluns, i com cada any, la festa de Nadal pels infants amb un vincle amb l'entitat,","og_url":"https:\/\/abd.ong\/ca\/general-ca\/abd-celebra-la-festa-de-nadal-amb-diverses-activitats-i-un-tio-pels-infants-vinculats-a-lentitat\/","og_site_name":"ABD","article_publisher":"https:\/\/www.facebook.com\/abd.ong","article_published_time":"2019-12-16T23:00:00+00:00","article_modified_time":"2021-02-17T18:51:06+00:00","og_image":[{"width":3789,"height":2115,"url":"https:\/\/abd.ong\/wp-content\/uploads\/1970\/01\/SAM_4255-scaled.jpg","type":"image\/jpeg"}],"author":"M_Disseny","twitter_card":"summary_large_image","twitter_creator":"@abd_ong","twitter_site":"@abd_ong","twitter_misc":{"Escrit per":"M_Disseny","Temps estimat de lectura":"1 minut"},"schema":{"@context":"https:\/\/schema.org","@graph":[{"@type":"Article","@id":"https:\/\/abd.ong\/ca\/general-ca\/abd-celebra-la-festa-de-nadal-amb-diverses-activitats-i-un-tio-pels-infants-vinculats-a-lentitat\/#article","isPartOf":{"@id":"https:\/\/abd.ong\/ca\/general-ca\/abd-celebra-la-festa-de-nadal-amb-diverses-activitats-i-un-tio-pels-infants-vinculats-a-lentitat\/"},"author":{"name":"M_Disseny","@id":"https:\/\/abd.ong\/ca\/#\/schema\/person\/1b9cf116597cda3a4b8900a43c641f6e"},"headline":"ABD celebra la festa de Nadal amb diverses activitats i un ti\u00f3 pels infants vinculats a l&#8217;entitat","datePublished":"2019-12-16T23:00:00+00:00","dateModified":"2021-02-17T18:51:06+00:00","mainEntityOfPage":{"@id":"https:\/\/abd.ong\/ca\/general-ca\/abd-celebra-la-festa-de-nadal-amb-diverses-activitats-i-un-tio-pels-infants-vinculats-a-lentitat\/"},"wordCount":165,"publisher":{"@id":"https:\/\/abd.ong\/ca\/#organization"},"image":{"@id":"https:\/\/abd.ong\/ca\/general-ca\/abd-celebra-la-festa-de-nadal-amb-diverses-activitats-i-un-tio-pels-infants-vinculats-a-lentitat\/#primaryimage"},"thumbnailUrl":"https:\/\/abd.ong\/wp-content\/uploads\/1970\/01\/SAM_4255-scaled.jpg","keywords":["ABD","Associaci\u00f3 Benestar i Desenvolupament","festa de Nadal","Nadal","ti\u00f3","xocolatada"],"articleSection":["General","Inf\u00e0ncia i fam\u00edlia"],"inLanguage":"ca"},{"@type":"WebPage","@id":"https:\/\/abd.ong\/ca\/general-ca\/abd-celebra-la-festa-de-nadal-amb-diverses-activitats-i-un-tio-pels-infants-vinculats-a-lentitat\/","url":"https:\/\/abd.ong\/ca\/general-ca\/abd-celebra-la-festa-de-nadal-amb-diverses-activitats-i-un-tio-pels-infants-vinculats-a-lentitat\/","name":"ABD celebra la festa de Nadal amb diverses activitats i un ti\u00f3 pels infants vinculats a l'entitat - ABD","isPartOf":{"@id":"https:\/\/abd.ong\/ca\/#website"},"primaryImageOfPage":{"@id":"https:\/\/abd.ong\/ca\/general-ca\/abd-celebra-la-festa-de-nadal-amb-diverses-activitats-i-un-tio-pels-infants-vinculats-a-lentitat\/#primaryimage"},"image":{"@id":"https:\/\/abd.ong\/ca\/general-ca\/abd-celebra-la-festa-de-nadal-amb-diverses-activitats-i-un-tio-pels-infants-vinculats-a-lentitat\/#primaryimage"},"thumbnailUrl":"https:\/\/abd.ong\/wp-content\/uploads\/1970\/01\/SAM_4255-scaled.jpg","datePublished":"2019-12-16T23:00:00+00:00","dateModified":"2021-02-17T18:51:06+00:00","description":"L\u2019Associaci\u00f3 Benestar i Desenvolupament&nbsp;(ABD) ha celebrat aquest dilluns, i com cada any, la festa de Nadal pels infants amb un vincle amb l'entitat,","breadcrumb":{"@id":"https:\/\/abd.ong\/ca\/general-ca\/abd-celebra-la-festa-de-nadal-amb-diverses-activitats-i-un-tio-pels-infants-vinculats-a-lentitat\/#breadcrumb"},"inLanguage":"ca","potentialAction":[{"@type":"ReadAction","target":["https:\/\/abd.ong\/ca\/general-ca\/abd-celebra-la-festa-de-nadal-amb-diverses-activitats-i-un-tio-pels-infants-vinculats-a-lentitat\/"]}]},{"@type":"ImageObject","inLanguage":"ca","@id":"https:\/\/abd.ong\/ca\/general-ca\/abd-celebra-la-festa-de-nadal-amb-diverses-activitats-i-un-tio-pels-infants-vinculats-a-lentitat\/#primaryimage","url":"https:\/\/abd.ong\/wp-content\/uploads\/1970\/01\/SAM_4255-scaled.jpg","contentUrl":"https:\/\/abd.ong\/wp-content\/uploads\/1970\/01\/SAM_4255-scaled.jpg","width":3789,"height":2115},{"@type":"BreadcrumbList","@id":"https:\/\/abd.ong\/ca\/general-ca\/abd-celebra-la-festa-de-nadal-amb-diverses-activitats-i-un-tio-pels-infants-vinculats-a-lentitat\/#breadcrumb","itemListElement":[{"@type":"ListItem","position":1,"name":"Inici","item":"https:\/\/abd.ong\/ca\/"},{"@type":"ListItem","position":2,"name":"ABD celebra la festa de Nadal amb diverses activitats i un ti\u00f3 pels infants vinculats a l&#8217;entitat"}]},{"@type":"WebSite","@id":"https:\/\/abd.ong\/ca\/#website","url":"https:\/\/abd.ong\/ca\/","name":"ABD","description":"Asociaci\u00f3n Bienestar y Desarrollo","publisher":{"@id":"https:\/\/abd.ong\/ca\/#organization"},"potentialAction":[{"@type":"SearchAction","target":{"@type":"EntryPoint","urlTemplate":"https:\/\/abd.ong\/ca\/?s={search_term_string}"},"query-input":{"@type":"PropertyValueSpecification","valueRequired":true,"valueName":"search_term_string"}}],"inLanguage":"ca"},{"@type":"Organization","@id":"https:\/\/abd.ong\/ca\/#organization","name":"Associaci\u00f3 Benestar i Desenvolupament","alternateName":"ABD","url":"https:\/\/abd.ong\/ca\/","logo":{"@type":"ImageObject","inLanguage":"ca","@id":"https:\/\/abd.ong\/ca\/#\/schema\/logo\/image\/","url":"https:\/\/abd.ong\/wp-content\/uploads\/2023\/01\/Icona.png","contentUrl":"https:\/\/abd.ong\/wp-content\/uploads\/2023\/01\/Icona.png","width":190,"height":187,"caption":"Associaci\u00f3 Benestar i Desenvolupament"},"image":{"@id":"https:\/\/abd.ong\/ca\/#\/schema\/logo\/image\/"},"sameAs":["https:\/\/www.facebook.com\/abd.ong","https:\/\/x.com\/abd_ong","https:\/\/www.instagram.com\/abd_ong\/","https:\/\/www.linkedin.com\/company\/abdong","https:\/\/www.youtube.com\/user\/CANALABD"]},{"@type":"Person","@id":"https:\/\/abd.ong\/ca\/#\/schema\/person\/1b9cf116597cda3a4b8900a43c641f6e","name":"M_Disseny"}]}},"_links":{"self":[{"href":"https:\/\/abd.ong\/ca\/wp-json\/wp\/v2\/posts\/12776","targetHints":{"allow":["GET"]}}],"collection":[{"href":"https:\/\/abd.ong\/ca\/wp-json\/wp\/v2\/posts"}],"about":[{"href":"https:\/\/abd.ong\/ca\/wp-json\/wp\/v2\/types\/post"}],"author":[{"embeddable":true,"href":"https:\/\/abd.ong\/ca\/wp-json\/wp\/v2\/users\/1"}],"replies":[{"embeddable":true,"href":"https:\/\/abd.ong\/ca\/wp-json\/wp\/v2\/comments?post=12776"}],"version-history":[{"count":3,"href":"https:\/\/abd.ong\/ca\/wp-json\/wp\/v2\/posts\/12776\/revisions"}],"predecessor-version":[{"id":20545,"href":"https:\/\/abd.ong\/ca\/wp-json\/wp\/v2\/posts\/12776\/revisions\/20545"}],"wp:featuredmedia":[{"embeddable":true,"href":"https:\/\/abd.ong\/ca\/wp-json\/wp\/v2\/media\/12799"}],"wp:attachment":[{"href":"https:\/\/abd.ong\/ca\/wp-json\/wp\/v2\/media?parent=12776"}],"wp:term":[{"taxonomy":"category","embeddable":true,"href":"https:\/\/abd.ong\/ca\/wp-json\/wp\/v2\/categories?post=12776"},{"taxonomy":"post_tag","embeddable":true,"href":"https:\/\/abd.ong\/ca\/wp-json\/wp\/v2\/tags?post=12776"}],"curies":[{"name":"wp","href":"https:\/\/api.w.org\/{rel}","templated":true}]}}