{"id":12760,"date":"2019-12-13T00:00:00","date_gmt":"2019-12-12T23:00:00","guid":{"rendered":"https:\/\/abd.ong\/?p=12760"},"modified":"2021-02-17T18:33:30","modified_gmt":"2021-02-17T17:33:30","slug":"abd-madrid-considera-un-exit-la-seva-participacio-al-festival-de-lleure-infantil-i-juvenil-juvenalia","status":"publish","type":"post","link":"https:\/\/abd.ong\/ca\/infancia-i-familia\/abd-madrid-considera-un-exit-la-seva-participacio-al-festival-de-lleure-infantil-i-juvenil-juvenalia\/","title":{"rendered":"ABD Madrid considera un \u00e8xit la seva participaci\u00f3 al festival de lleure infantil i juvenil Juvenalia"},"content":{"rendered":"<p>L&#8217;<a href=\"https:\/\/abd.ong\"><strong>Associaci\u00f3 Benestar i Desenvolupament (ABD)<\/strong> <\/a><strong>de Madrid<\/strong> ha participat al <strong>Sal\u00f3 de l&#8217;Oci infantil i juvenil<\/strong> <a href=\"https:\/\/www.ifema.es\/juvenalia\"><strong>Juvenalia<\/strong> <\/a>entre el 5 i el 9 de desembre per compartir activitats i mostrar els seus projectes en mat\u00e8ria d&#8217;inf\u00e0ncia i fam\u00edlia.<\/p>\n<p>Aquest any el sal\u00f3 ha comptat amb una <strong>participaci\u00f3 de 954 fam\u00edlies i 2.700 persones, un \u00e8xit<\/strong>. A l&#8217;espai reservat per a ABD Madrid, la coordinadora <strong>Laura Pi\u00f1eiro<\/strong> assegura que &#8220;cada rac\u00f3 ha estat aprofitat al m\u00e0xim&#8221;. Destaca especialment l&#8217;espai per a infants de 0 a 3 anys, on &#8220;les fam\u00edlies poden estar m\u00e9s tranquil\u00b7les amb els seus nadons, ja que \u00e9s un lloc indicat per aix\u00f2&#8221;.<\/p>\n<p>&nbsp;<\/p>\n<p><a href=\"https:\/\/abd.ong\/blog\/wp-content\/uploads\/2019\/12\/WhatsApp-Image-2019-12-06-at-18.14.33.jpeg\"><img fetchpriority=\"high\" decoding=\"async\" class=\"size-medium wp-image-7091 alignleft\" src=\"https:\/\/abd.ong\/blog\/wp-content\/uploads\/2019\/12\/WhatsApp-Image-2019-12-06-at-18.14.33-300x217.jpeg\" alt=\"\" width=\"300\" height=\"217\"><\/a> <a href=\"https:\/\/abd.ong\/blog\/wp-content\/uploads\/2019\/12\/WhatsApp-Image-2019-12-08-at-12.47.17.jpeg\"><img decoding=\"async\" class=\" wp-image-7094 alignleft\" src=\"https:\/\/abd.ong\/blog\/wp-content\/uploads\/2019\/12\/WhatsApp-Image-2019-12-08-at-12.47.17-300x178.jpeg\" alt=\"\" width=\"364\" height=\"216\"><\/a><\/p>\n<p>&nbsp;<\/p>\n<p>&nbsp;<\/p>\n<p>&nbsp;<\/p>\n<p>&nbsp;<\/p>\n<p>&nbsp;<\/p>\n<p>&nbsp;<\/p>\n<p>&nbsp;<\/p>\n<p>&nbsp;<\/p>\n<p>Altres activitats que han tingut un gran seguiment han estat el &#8216;hama&#8217;, que va ser <strong>molt ben valorat pels i les adolescents<\/strong>, i les manualitats com els separa-llibres, que &#8220;van encantar perqu\u00e8 sempre donen peu a la creativitat de cada fam\u00edlia que hi participa&#8221;.<\/p>\n<p>Tot aix\u00f2 ha estat possible gr\u00e0cies a la implicaci\u00f3 dels 36 professionals d&#8217;ABD, provinents de tots els serveis de la delegaci\u00f3 de Madrid.<\/p>\n<p>&nbsp;<\/p>\n<p><a href=\"https:\/\/abd.ong\/blog\/wp-content\/uploads\/2019\/12\/WhatsApp-Image-2019-12-08-at-12.33.21.jpeg\"><img decoding=\"async\" class=\" wp-image-7097 alignnone\" src=\"https:\/\/abd.ong\/blog\/wp-content\/uploads\/2019\/12\/WhatsApp-Image-2019-12-08-at-12.33.21-300x169.jpeg\" alt=\"\" width=\"456\" height=\"257\"><\/a><\/p>\n","protected":false},"excerpt":{"rendered":"<p>L&#8217;Associaci\u00f3 Benestar i Desenvolupament (ABD) de Madrid ha participat al Sal\u00f3 de l&#8217;Oci infantil i juvenil Juvenalia entre el 5 i el 9 de desembre per compartir activitats i mostrar&hellip;<\/p>\n","protected":false},"author":1,"featured_media":12761,"comment_status":"closed","ping_status":"closed","sticky":false,"template":"","format":"standard","meta":{"_acf_changed":false,"footnotes":""},"categories":[1303],"tags":[119,144,1508,1051,417],"class_list":["post-12760","post","type-post","status-publish","format-standard","has-post-thumbnail","hentry","category-infancia-i-familia","tag-abd","tag-associacio-benestar-i-desenvolupament","tag-festival-doci","tag-infancia-i-familia","tag-juvenalia","ods-aliances-per-assolir-els-objectius","ods-educacio-de-qualitat","right-dret-a-la-participacio-ciutadana","right-drets-de-la-infancia"],"acf":[],"yoast_head":"<!-- This site is optimized with the Yoast SEO plugin v27.4 - https:\/\/yoast.com\/product\/yoast-seo-wordpress\/ -->\n<title>ABD Madrid considera un \u00e8xit la seva participaci\u00f3 al festival de lleure infantil i juvenil Juvenalia - ABD<\/title>\n<meta name=\"description\" content=\"L&#039;Associaci\u00f3 Benestar i Desenvolupament (ABD) de Madrid ha participat al Sal\u00f3 de l&#039;Oci infantil i juvenil Juvenalia entre el 5 i el 9 de desembre per\" \/>\n<meta name=\"robots\" content=\"index, follow, max-snippet:-1, max-image-preview:large, max-video-preview:-1\" \/>\n<link rel=\"canonical\" href=\"https:\/\/abd.ong\/ca\/infancia-i-familia\/abd-madrid-considera-un-exit-la-seva-participacio-al-festival-de-lleure-infantil-i-juvenil-juvenalia\/\" \/>\n<meta property=\"og:locale\" content=\"ca_ES\" \/>\n<meta property=\"og:type\" content=\"article\" \/>\n<meta property=\"og:title\" content=\"ABD Madrid considera un \u00e8xit la seva participaci\u00f3 al festival de lleure infantil i juvenil Juvenalia - ABD\" \/>\n<meta property=\"og:description\" content=\"L&#039;Associaci\u00f3 Benestar i Desenvolupament (ABD) de Madrid ha participat al Sal\u00f3 de l&#039;Oci infantil i juvenil Juvenalia entre el 5 i el 9 de desembre per\" \/>\n<meta property=\"og:url\" content=\"https:\/\/abd.ong\/ca\/infancia-i-familia\/abd-madrid-considera-un-exit-la-seva-participacio-al-festival-de-lleure-infantil-i-juvenil-juvenalia\/\" \/>\n<meta property=\"og:site_name\" content=\"ABD\" \/>\n<meta property=\"article:publisher\" content=\"https:\/\/www.facebook.com\/abd.ong\" \/>\n<meta property=\"article:published_time\" content=\"2019-12-12T23:00:00+00:00\" \/>\n<meta property=\"article:modified_time\" content=\"2021-02-17T17:33:30+00:00\" \/>\n<meta property=\"og:image\" content=\"https:\/\/abd.ong\/wp-content\/uploads\/1970\/01\/WhatsApp-Image-2019-12-08-at-12.47.14.jpeg\" \/>\n\t<meta property=\"og:image:width\" content=\"1934\" \/>\n\t<meta property=\"og:image:height\" content=\"880\" \/>\n\t<meta property=\"og:image:type\" content=\"image\/jpeg\" \/>\n<meta name=\"author\" content=\"M_Disseny\" \/>\n<meta name=\"twitter:card\" content=\"summary_large_image\" \/>\n<meta name=\"twitter:creator\" content=\"@abd_ong\" \/>\n<meta name=\"twitter:site\" content=\"@abd_ong\" \/>\n<meta name=\"twitter:label1\" content=\"Escrit per\" \/>\n\t<meta name=\"twitter:data1\" content=\"M_Disseny\" \/>\n\t<meta name=\"twitter:label2\" content=\"Temps estimat de lectura\" \/>\n\t<meta name=\"twitter:data2\" content=\"1 minut\" \/>\n<script type=\"application\/ld+json\" class=\"yoast-schema-graph\">{\"@context\":\"https:\\\/\\\/schema.org\",\"@graph\":[{\"@type\":\"Article\",\"@id\":\"https:\\\/\\\/abd.ong\\\/ca\\\/infancia-i-familia\\\/abd-madrid-considera-un-exit-la-seva-participacio-al-festival-de-lleure-infantil-i-juvenil-juvenalia\\\/#article\",\"isPartOf\":{\"@id\":\"https:\\\/\\\/abd.ong\\\/ca\\\/infancia-i-familia\\\/abd-madrid-considera-un-exit-la-seva-participacio-al-festival-de-lleure-infantil-i-juvenil-juvenalia\\\/\"},\"author\":{\"name\":\"M_Disseny\",\"@id\":\"https:\\\/\\\/abd.ong\\\/ca\\\/#\\\/schema\\\/person\\\/1b9cf116597cda3a4b8900a43c641f6e\"},\"headline\":\"ABD Madrid considera un \u00e8xit la seva participaci\u00f3 al festival de lleure infantil i juvenil Juvenalia\",\"datePublished\":\"2019-12-12T23:00:00+00:00\",\"dateModified\":\"2021-02-17T17:33:30+00:00\",\"mainEntityOfPage\":{\"@id\":\"https:\\\/\\\/abd.ong\\\/ca\\\/infancia-i-familia\\\/abd-madrid-considera-un-exit-la-seva-participacio-al-festival-de-lleure-infantil-i-juvenil-juvenalia\\\/\"},\"wordCount\":208,\"publisher\":{\"@id\":\"https:\\\/\\\/abd.ong\\\/ca\\\/#organization\"},\"image\":{\"@id\":\"https:\\\/\\\/abd.ong\\\/ca\\\/infancia-i-familia\\\/abd-madrid-considera-un-exit-la-seva-participacio-al-festival-de-lleure-infantil-i-juvenil-juvenalia\\\/#primaryimage\"},\"thumbnailUrl\":\"https:\\\/\\\/abd.ong\\\/wp-content\\\/uploads\\\/1970\\\/01\\\/WhatsApp-Image-2019-12-08-at-12.47.14.jpeg\",\"keywords\":[\"ABD\",\"Associaci\u00f3 Benestar i Desenvolupament\",\"festival d'oci\",\"infancia i familia\",\"Juvenalia\"],\"articleSection\":[\"Inf\u00e0ncia i fam\u00edlia\"],\"inLanguage\":\"ca\"},{\"@type\":\"WebPage\",\"@id\":\"https:\\\/\\\/abd.ong\\\/ca\\\/infancia-i-familia\\\/abd-madrid-considera-un-exit-la-seva-participacio-al-festival-de-lleure-infantil-i-juvenil-juvenalia\\\/\",\"url\":\"https:\\\/\\\/abd.ong\\\/ca\\\/infancia-i-familia\\\/abd-madrid-considera-un-exit-la-seva-participacio-al-festival-de-lleure-infantil-i-juvenil-juvenalia\\\/\",\"name\":\"ABD Madrid considera un \u00e8xit la seva participaci\u00f3 al festival de lleure infantil i juvenil Juvenalia - ABD\",\"isPartOf\":{\"@id\":\"https:\\\/\\\/abd.ong\\\/ca\\\/#website\"},\"primaryImageOfPage\":{\"@id\":\"https:\\\/\\\/abd.ong\\\/ca\\\/infancia-i-familia\\\/abd-madrid-considera-un-exit-la-seva-participacio-al-festival-de-lleure-infantil-i-juvenil-juvenalia\\\/#primaryimage\"},\"image\":{\"@id\":\"https:\\\/\\\/abd.ong\\\/ca\\\/infancia-i-familia\\\/abd-madrid-considera-un-exit-la-seva-participacio-al-festival-de-lleure-infantil-i-juvenil-juvenalia\\\/#primaryimage\"},\"thumbnailUrl\":\"https:\\\/\\\/abd.ong\\\/wp-content\\\/uploads\\\/1970\\\/01\\\/WhatsApp-Image-2019-12-08-at-12.47.14.jpeg\",\"datePublished\":\"2019-12-12T23:00:00+00:00\",\"dateModified\":\"2021-02-17T17:33:30+00:00\",\"description\":\"L'Associaci\u00f3 Benestar i Desenvolupament (ABD) de Madrid ha participat al Sal\u00f3 de l'Oci infantil i juvenil Juvenalia entre el 5 i el 9 de desembre per\",\"breadcrumb\":{\"@id\":\"https:\\\/\\\/abd.ong\\\/ca\\\/infancia-i-familia\\\/abd-madrid-considera-un-exit-la-seva-participacio-al-festival-de-lleure-infantil-i-juvenil-juvenalia\\\/#breadcrumb\"},\"inLanguage\":\"ca\",\"potentialAction\":[{\"@type\":\"ReadAction\",\"target\":[\"https:\\\/\\\/abd.ong\\\/ca\\\/infancia-i-familia\\\/abd-madrid-considera-un-exit-la-seva-participacio-al-festival-de-lleure-infantil-i-juvenil-juvenalia\\\/\"]}]},{\"@type\":\"ImageObject\",\"inLanguage\":\"ca\",\"@id\":\"https:\\\/\\\/abd.ong\\\/ca\\\/infancia-i-familia\\\/abd-madrid-considera-un-exit-la-seva-participacio-al-festival-de-lleure-infantil-i-juvenil-juvenalia\\\/#primaryimage\",\"url\":\"https:\\\/\\\/abd.ong\\\/wp-content\\\/uploads\\\/1970\\\/01\\\/WhatsApp-Image-2019-12-08-at-12.47.14.jpeg\",\"contentUrl\":\"https:\\\/\\\/abd.ong\\\/wp-content\\\/uploads\\\/1970\\\/01\\\/WhatsApp-Image-2019-12-08-at-12.47.14.jpeg\",\"width\":1934,\"height\":880},{\"@type\":\"BreadcrumbList\",\"@id\":\"https:\\\/\\\/abd.ong\\\/ca\\\/infancia-i-familia\\\/abd-madrid-considera-un-exit-la-seva-participacio-al-festival-de-lleure-infantil-i-juvenil-juvenalia\\\/#breadcrumb\",\"itemListElement\":[{\"@type\":\"ListItem\",\"position\":1,\"name\":\"Inici\",\"item\":\"https:\\\/\\\/abd.ong\\\/ca\\\/\"},{\"@type\":\"ListItem\",\"position\":2,\"name\":\"ABD Madrid considera un \u00e8xit la seva participaci\u00f3 al festival de lleure infantil i juvenil Juvenalia\"}]},{\"@type\":\"WebSite\",\"@id\":\"https:\\\/\\\/abd.ong\\\/ca\\\/#website\",\"url\":\"https:\\\/\\\/abd.ong\\\/ca\\\/\",\"name\":\"ABD\",\"description\":\"Asociaci\u00f3n Bienestar y Desarrollo\",\"publisher\":{\"@id\":\"https:\\\/\\\/abd.ong\\\/ca\\\/#organization\"},\"potentialAction\":[{\"@type\":\"SearchAction\",\"target\":{\"@type\":\"EntryPoint\",\"urlTemplate\":\"https:\\\/\\\/abd.ong\\\/ca\\\/?s={search_term_string}\"},\"query-input\":{\"@type\":\"PropertyValueSpecification\",\"valueRequired\":true,\"valueName\":\"search_term_string\"}}],\"inLanguage\":\"ca\"},{\"@type\":\"Organization\",\"@id\":\"https:\\\/\\\/abd.ong\\\/ca\\\/#organization\",\"name\":\"Associaci\u00f3 Benestar i Desenvolupament\",\"alternateName\":\"ABD\",\"url\":\"https:\\\/\\\/abd.ong\\\/ca\\\/\",\"logo\":{\"@type\":\"ImageObject\",\"inLanguage\":\"ca\",\"@id\":\"https:\\\/\\\/abd.ong\\\/ca\\\/#\\\/schema\\\/logo\\\/image\\\/\",\"url\":\"https:\\\/\\\/abd.ong\\\/wp-content\\\/uploads\\\/2023\\\/01\\\/Icona.png\",\"contentUrl\":\"https:\\\/\\\/abd.ong\\\/wp-content\\\/uploads\\\/2023\\\/01\\\/Icona.png\",\"width\":190,\"height\":187,\"caption\":\"Associaci\u00f3 Benestar i Desenvolupament\"},\"image\":{\"@id\":\"https:\\\/\\\/abd.ong\\\/ca\\\/#\\\/schema\\\/logo\\\/image\\\/\"},\"sameAs\":[\"https:\\\/\\\/www.facebook.com\\\/abd.ong\",\"https:\\\/\\\/x.com\\\/abd_ong\",\"https:\\\/\\\/www.instagram.com\\\/abd_ong\\\/\",\"https:\\\/\\\/www.linkedin.com\\\/company\\\/abdong\",\"https:\\\/\\\/www.youtube.com\\\/user\\\/CANALABD\"]},{\"@type\":\"Person\",\"@id\":\"https:\\\/\\\/abd.ong\\\/ca\\\/#\\\/schema\\\/person\\\/1b9cf116597cda3a4b8900a43c641f6e\",\"name\":\"M_Disseny\"}]}<\/script>\n<!-- \/ Yoast SEO plugin. -->","yoast_head_json":{"title":"ABD Madrid considera un \u00e8xit la seva participaci\u00f3 al festival de lleure infantil i juvenil Juvenalia - ABD","description":"L'Associaci\u00f3 Benestar i Desenvolupament (ABD) de Madrid ha participat al Sal\u00f3 de l'Oci infantil i juvenil Juvenalia entre el 5 i el 9 de desembre per","robots":{"index":"index","follow":"follow","max-snippet":"max-snippet:-1","max-image-preview":"max-image-preview:large","max-video-preview":"max-video-preview:-1"},"canonical":"https:\/\/abd.ong\/ca\/infancia-i-familia\/abd-madrid-considera-un-exit-la-seva-participacio-al-festival-de-lleure-infantil-i-juvenil-juvenalia\/","og_locale":"ca_ES","og_type":"article","og_title":"ABD Madrid considera un \u00e8xit la seva participaci\u00f3 al festival de lleure infantil i juvenil Juvenalia - ABD","og_description":"L'Associaci\u00f3 Benestar i Desenvolupament (ABD) de Madrid ha participat al Sal\u00f3 de l'Oci infantil i juvenil Juvenalia entre el 5 i el 9 de desembre per","og_url":"https:\/\/abd.ong\/ca\/infancia-i-familia\/abd-madrid-considera-un-exit-la-seva-participacio-al-festival-de-lleure-infantil-i-juvenil-juvenalia\/","og_site_name":"ABD","article_publisher":"https:\/\/www.facebook.com\/abd.ong","article_published_time":"2019-12-12T23:00:00+00:00","article_modified_time":"2021-02-17T17:33:30+00:00","og_image":[{"width":1934,"height":880,"url":"https:\/\/abd.ong\/wp-content\/uploads\/1970\/01\/WhatsApp-Image-2019-12-08-at-12.47.14.jpeg","type":"image\/jpeg"}],"author":"M_Disseny","twitter_card":"summary_large_image","twitter_creator":"@abd_ong","twitter_site":"@abd_ong","twitter_misc":{"Escrit per":"M_Disseny","Temps estimat de lectura":"1 minut"},"schema":{"@context":"https:\/\/schema.org","@graph":[{"@type":"Article","@id":"https:\/\/abd.ong\/ca\/infancia-i-familia\/abd-madrid-considera-un-exit-la-seva-participacio-al-festival-de-lleure-infantil-i-juvenil-juvenalia\/#article","isPartOf":{"@id":"https:\/\/abd.ong\/ca\/infancia-i-familia\/abd-madrid-considera-un-exit-la-seva-participacio-al-festival-de-lleure-infantil-i-juvenil-juvenalia\/"},"author":{"name":"M_Disseny","@id":"https:\/\/abd.ong\/ca\/#\/schema\/person\/1b9cf116597cda3a4b8900a43c641f6e"},"headline":"ABD Madrid considera un \u00e8xit la seva participaci\u00f3 al festival de lleure infantil i juvenil Juvenalia","datePublished":"2019-12-12T23:00:00+00:00","dateModified":"2021-02-17T17:33:30+00:00","mainEntityOfPage":{"@id":"https:\/\/abd.ong\/ca\/infancia-i-familia\/abd-madrid-considera-un-exit-la-seva-participacio-al-festival-de-lleure-infantil-i-juvenil-juvenalia\/"},"wordCount":208,"publisher":{"@id":"https:\/\/abd.ong\/ca\/#organization"},"image":{"@id":"https:\/\/abd.ong\/ca\/infancia-i-familia\/abd-madrid-considera-un-exit-la-seva-participacio-al-festival-de-lleure-infantil-i-juvenil-juvenalia\/#primaryimage"},"thumbnailUrl":"https:\/\/abd.ong\/wp-content\/uploads\/1970\/01\/WhatsApp-Image-2019-12-08-at-12.47.14.jpeg","keywords":["ABD","Associaci\u00f3 Benestar i Desenvolupament","festival d'oci","infancia i familia","Juvenalia"],"articleSection":["Inf\u00e0ncia i fam\u00edlia"],"inLanguage":"ca"},{"@type":"WebPage","@id":"https:\/\/abd.ong\/ca\/infancia-i-familia\/abd-madrid-considera-un-exit-la-seva-participacio-al-festival-de-lleure-infantil-i-juvenil-juvenalia\/","url":"https:\/\/abd.ong\/ca\/infancia-i-familia\/abd-madrid-considera-un-exit-la-seva-participacio-al-festival-de-lleure-infantil-i-juvenil-juvenalia\/","name":"ABD Madrid considera un \u00e8xit la seva participaci\u00f3 al festival de lleure infantil i juvenil Juvenalia - ABD","isPartOf":{"@id":"https:\/\/abd.ong\/ca\/#website"},"primaryImageOfPage":{"@id":"https:\/\/abd.ong\/ca\/infancia-i-familia\/abd-madrid-considera-un-exit-la-seva-participacio-al-festival-de-lleure-infantil-i-juvenil-juvenalia\/#primaryimage"},"image":{"@id":"https:\/\/abd.ong\/ca\/infancia-i-familia\/abd-madrid-considera-un-exit-la-seva-participacio-al-festival-de-lleure-infantil-i-juvenil-juvenalia\/#primaryimage"},"thumbnailUrl":"https:\/\/abd.ong\/wp-content\/uploads\/1970\/01\/WhatsApp-Image-2019-12-08-at-12.47.14.jpeg","datePublished":"2019-12-12T23:00:00+00:00","dateModified":"2021-02-17T17:33:30+00:00","description":"L'Associaci\u00f3 Benestar i Desenvolupament (ABD) de Madrid ha participat al Sal\u00f3 de l'Oci infantil i juvenil Juvenalia entre el 5 i el 9 de desembre per","breadcrumb":{"@id":"https:\/\/abd.ong\/ca\/infancia-i-familia\/abd-madrid-considera-un-exit-la-seva-participacio-al-festival-de-lleure-infantil-i-juvenil-juvenalia\/#breadcrumb"},"inLanguage":"ca","potentialAction":[{"@type":"ReadAction","target":["https:\/\/abd.ong\/ca\/infancia-i-familia\/abd-madrid-considera-un-exit-la-seva-participacio-al-festival-de-lleure-infantil-i-juvenil-juvenalia\/"]}]},{"@type":"ImageObject","inLanguage":"ca","@id":"https:\/\/abd.ong\/ca\/infancia-i-familia\/abd-madrid-considera-un-exit-la-seva-participacio-al-festival-de-lleure-infantil-i-juvenil-juvenalia\/#primaryimage","url":"https:\/\/abd.ong\/wp-content\/uploads\/1970\/01\/WhatsApp-Image-2019-12-08-at-12.47.14.jpeg","contentUrl":"https:\/\/abd.ong\/wp-content\/uploads\/1970\/01\/WhatsApp-Image-2019-12-08-at-12.47.14.jpeg","width":1934,"height":880},{"@type":"BreadcrumbList","@id":"https:\/\/abd.ong\/ca\/infancia-i-familia\/abd-madrid-considera-un-exit-la-seva-participacio-al-festival-de-lleure-infantil-i-juvenil-juvenalia\/#breadcrumb","itemListElement":[{"@type":"ListItem","position":1,"name":"Inici","item":"https:\/\/abd.ong\/ca\/"},{"@type":"ListItem","position":2,"name":"ABD Madrid considera un \u00e8xit la seva participaci\u00f3 al festival de lleure infantil i juvenil Juvenalia"}]},{"@type":"WebSite","@id":"https:\/\/abd.ong\/ca\/#website","url":"https:\/\/abd.ong\/ca\/","name":"ABD","description":"Asociaci\u00f3n Bienestar y Desarrollo","publisher":{"@id":"https:\/\/abd.ong\/ca\/#organization"},"potentialAction":[{"@type":"SearchAction","target":{"@type":"EntryPoint","urlTemplate":"https:\/\/abd.ong\/ca\/?s={search_term_string}"},"query-input":{"@type":"PropertyValueSpecification","valueRequired":true,"valueName":"search_term_string"}}],"inLanguage":"ca"},{"@type":"Organization","@id":"https:\/\/abd.ong\/ca\/#organization","name":"Associaci\u00f3 Benestar i Desenvolupament","alternateName":"ABD","url":"https:\/\/abd.ong\/ca\/","logo":{"@type":"ImageObject","inLanguage":"ca","@id":"https:\/\/abd.ong\/ca\/#\/schema\/logo\/image\/","url":"https:\/\/abd.ong\/wp-content\/uploads\/2023\/01\/Icona.png","contentUrl":"https:\/\/abd.ong\/wp-content\/uploads\/2023\/01\/Icona.png","width":190,"height":187,"caption":"Associaci\u00f3 Benestar i Desenvolupament"},"image":{"@id":"https:\/\/abd.ong\/ca\/#\/schema\/logo\/image\/"},"sameAs":["https:\/\/www.facebook.com\/abd.ong","https:\/\/x.com\/abd_ong","https:\/\/www.instagram.com\/abd_ong\/","https:\/\/www.linkedin.com\/company\/abdong","https:\/\/www.youtube.com\/user\/CANALABD"]},{"@type":"Person","@id":"https:\/\/abd.ong\/ca\/#\/schema\/person\/1b9cf116597cda3a4b8900a43c641f6e","name":"M_Disseny"}]}},"_links":{"self":[{"href":"https:\/\/abd.ong\/ca\/wp-json\/wp\/v2\/posts\/12760","targetHints":{"allow":["GET"]}}],"collection":[{"href":"https:\/\/abd.ong\/ca\/wp-json\/wp\/v2\/posts"}],"about":[{"href":"https:\/\/abd.ong\/ca\/wp-json\/wp\/v2\/types\/post"}],"author":[{"embeddable":true,"href":"https:\/\/abd.ong\/ca\/wp-json\/wp\/v2\/users\/1"}],"replies":[{"embeddable":true,"href":"https:\/\/abd.ong\/ca\/wp-json\/wp\/v2\/comments?post=12760"}],"version-history":[{"count":3,"href":"https:\/\/abd.ong\/ca\/wp-json\/wp\/v2\/posts\/12760\/revisions"}],"predecessor-version":[{"id":19957,"href":"https:\/\/abd.ong\/ca\/wp-json\/wp\/v2\/posts\/12760\/revisions\/19957"}],"wp:featuredmedia":[{"embeddable":true,"href":"https:\/\/abd.ong\/ca\/wp-json\/wp\/v2\/media\/12761"}],"wp:attachment":[{"href":"https:\/\/abd.ong\/ca\/wp-json\/wp\/v2\/media?parent=12760"}],"wp:term":[{"taxonomy":"category","embeddable":true,"href":"https:\/\/abd.ong\/ca\/wp-json\/wp\/v2\/categories?post=12760"},{"taxonomy":"post_tag","embeddable":true,"href":"https:\/\/abd.ong\/ca\/wp-json\/wp\/v2\/tags?post=12760"}],"curies":[{"name":"wp","href":"https:\/\/api.w.org\/{rel}","templated":true}]}}