{"id":10509,"date":"2019-11-18T00:00:00","date_gmt":"2019-11-17T23:00:00","guid":{"rendered":"https:\/\/abd.ong\/sin-categorizar\/abd-participa-al-salo-doci-juvenalia-per-compartir-els-serveis-i-programes-relacionats-amb-infancia-i-familia\/"},"modified":"2021-02-18T16:07:51","modified_gmt":"2021-02-18T15:07:51","slug":"abd-participa-al-salo-doci-juvenalia-per-compartir-els-serveis-i-programes-relacionats-amb-infancia-i-familia","status":"publish","type":"post","link":"https:\/\/abd.ong\/ca\/infancia-i-familia\/abd-participa-al-salo-doci-juvenalia-per-compartir-els-serveis-i-programes-relacionats-amb-infancia-i-familia\/","title":{"rendered":"ABD participa al sal\u00f3 d&#8217;oci Juvenalia per compartir els serveis i programes relacionats amb inf\u00e0ncia i fam\u00edlia"},"content":{"rendered":"\n<p>L&#8217;<a href=\"https:\/\/abd.ong\"><strong>Associaci\u00f3 Benestar i Desenvolupament (ABD)<\/strong> <\/a><strong>de Madrid<\/strong> participa de el 5 a el 9 de desembre al <strong>Sal\u00f3 de l&#8217;Oci Infantil i Juvenil <a href=\"https:\/\/www.ifema.es\/juvenalia\">Juvenalia<\/a><\/strong> per compartir els seus programes i serveis relacionats amb <strong>inf\u00e0ncia i fam\u00edlia<\/strong>. L&#8217;Associaci\u00f3 porta anys formant part d&#8217;aquesta fira que d\u00f3na l&#8217;oportunitat d&#8217;organitzar activitats d&#8217;oci en fam\u00edlia per donar-se a con\u00e8ixer. Aquest any Juvenalia amplia les seves instal\u00b7lacions amb un espai addicional.<\/p>\n<p>&nbsp;<\/p>\n<p><a href=\"https:\/\/abd.ong\/blog\/wp-content\/uploads\/2019\/11\/20161210_115730.jpg\"><img decoding=\"async\" class=\" wp-image-6819 alignleft\" src=\"https:\/\/abd.ong\/blog\/wp-content\/uploads\/2019\/11\/20161210_115730-300x169.jpg\" alt=\"\" width=\"266\" height=\"150\" \/><\/a> <a href=\"https:\/\/abd.ong\/blog\/wp-content\/uploads\/2019\/11\/20171206_132926.jpg\"><img decoding=\"async\" class=\" wp-image-6822 alignleft\" src=\"https:\/\/abd.ong\/blog\/wp-content\/uploads\/2019\/11\/20171206_132926-300x189.jpg\" alt=\"\" width=\"248\" height=\"156\" \/><\/a><\/p>\n<p><a href=\"https:\/\/abd.ong\/blog\/wp-content\/uploads\/2019\/11\/IMG-20170222-WA0004.jpg\"><img decoding=\"async\" class=\"wp-image-6825 alignleft\" src=\"https:\/\/abd.ong\/blog\/wp-content\/uploads\/2019\/11\/IMG-20170222-WA0004-300x169.jpg\" alt=\"\" width=\"271\" height=\"153\" \/><\/a><\/p>\n<p>&nbsp;<\/p>\n<p>&nbsp;<\/p>\n<p>&nbsp;<\/p>\n<p>&nbsp;<\/p>\n<p>&nbsp;<\/p>\n<p>&nbsp;<\/p>\n<p><strong>ABD Madrid<\/strong> disposar\u00e0 dels seg\u00fcents espais:<\/p>\n<blockquote>\n<p>Activitats per a <strong>pares i mares amb infants de 0 a 3 anys<\/strong>. Ser\u00e0 un espai de joc lliure dissenyat amb materials que afavoreixin la vinculaci\u00f3 afectiva a trav\u00e9s del joc.<\/p>\n<p>Tallers d&#8217;oci en fam\u00edlia per <strong>edats fins als 12 anys<\/strong> amb manualitats i Hamma.<\/p>\n<p>A m\u00e9s, hi haur\u00e0 professionals de <strong>Preinfant<\/strong>, <strong>Casa Grande<\/strong> i dels <strong>Centres de Suport a les Fam\u00edlies<\/strong>. Tamb\u00e9 comptarem amb la participaci\u00f3 de persones usu\u00e0ries del <strong>Centre Ocupacional i Resid\u00e8ncia Avantos<\/strong> que estaran amb les fam\u00edlies assistents.<\/p>\n<p>&nbsp;<\/p>\n<\/blockquote>\n<h3><strong>Qu\u00e8 \u00e9s Juvenalia?<\/strong><\/h3>\n<p>Juvenalia neix amb una vocaci\u00f3 clara de ser una <strong>trobada d&#8217;oci educatiu<\/strong> per a gaudir en fam\u00edlia, orientat a nens i joves, de 0 a 16 anys, amb un car\u00e0cter l\u00fadic-educatiu, i amb continguts pedag\u00f2gics que contribueixin a el desenvolupament intel\u00b7lectual, afectiu i social.<\/p>\n<p><a href=\"https:\/\/www.ifema.es\/juvenalia\/entradas-invitaciones\"><strong>Compra les teves entrades aqu\u00ed<\/strong><\/a><\/p>\n<p><\/p>","protected":false},"excerpt":{"rendered":"<p>L&#8217;Associaci\u00f3 Benestar i Desenvolupament (ABD) de Madrid participa de el 5 a el 9 de desembre al Sal\u00f3 de l&#8217;Oci Infantil i Juvenil Juvenalia per compartir els seus programes i&hellip;<\/p>\n","protected":false},"author":1,"featured_media":4575,"comment_status":"closed","ping_status":"closed","sticky":false,"template":"","format":"standard","meta":{"_acf_changed":false,"footnotes":""},"categories":[1303],"tags":[119,1138,1137,902,1139],"class_list":["post-10509","post","type-post","status-publish","format-standard","has-post-thumbnail","hentry","category-infancia-i-familia","tag-abd","tag-infancia-i-familia-ca-2","tag-juvenalia-ca-3","tag-madrid","tag-oci-ca-2","ods-aliances-per-assolir-els-objectius","ods-educacio-de-qualitat","right-dret-a-la-participacio-ciutadana","right-drets-de-la-infancia"],"acf":[],"yoast_head":"<!-- This site is optimized with the Yoast SEO plugin v27.4 - https:\/\/yoast.com\/product\/yoast-seo-wordpress\/ -->\n<title>ABD participa al sal\u00f3 d&#039;oci Juvenalia per compartir els serveis i programes relacionats amb inf\u00e0ncia i fam\u00edlia - ABD<\/title>\n<meta name=\"description\" content=\"L&#039;Associaci\u00f3 Benestar i Desenvolupament (ABD) de Madrid participa de el 5 a el 9 de desembre al Sal\u00f3 de l&#039;Oci Infantil i Juvenil Juvenalia per compartir\" \/>\n<meta name=\"robots\" content=\"index, follow, max-snippet:-1, max-image-preview:large, max-video-preview:-1\" \/>\n<link rel=\"canonical\" href=\"https:\/\/abd.ong\/ca\/infancia-i-familia\/abd-participa-al-salo-doci-juvenalia-per-compartir-els-serveis-i-programes-relacionats-amb-infancia-i-familia\/\" \/>\n<meta property=\"og:locale\" content=\"ca_ES\" \/>\n<meta property=\"og:type\" content=\"article\" \/>\n<meta property=\"og:title\" content=\"ABD participa al sal\u00f3 d&#039;oci Juvenalia per compartir els serveis i programes relacionats amb inf\u00e0ncia i fam\u00edlia - ABD\" \/>\n<meta property=\"og:description\" content=\"L&#039;Associaci\u00f3 Benestar i Desenvolupament (ABD) de Madrid participa de el 5 a el 9 de desembre al Sal\u00f3 de l&#039;Oci Infantil i Juvenil Juvenalia per compartir\" \/>\n<meta property=\"og:url\" content=\"https:\/\/abd.ong\/ca\/infancia-i-familia\/abd-participa-al-salo-doci-juvenalia-per-compartir-els-serveis-i-programes-relacionats-amb-infancia-i-familia\/\" \/>\n<meta property=\"og:site_name\" content=\"ABD\" \/>\n<meta property=\"article:publisher\" content=\"https:\/\/www.facebook.com\/abd.ong\" \/>\n<meta property=\"article:published_time\" content=\"2019-11-17T23:00:00+00:00\" \/>\n<meta property=\"article:modified_time\" content=\"2021-02-18T15:07:51+00:00\" \/>\n<meta property=\"og:image\" content=\"https:\/\/abd.ong\/wp-content\/uploads\/1970\/01\/20161210_130044.jpg\" \/>\n\t<meta property=\"og:image:width\" content=\"1929\" \/>\n\t<meta property=\"og:image:height\" content=\"1152\" \/>\n\t<meta property=\"og:image:type\" content=\"image\/jpeg\" \/>\n<meta name=\"author\" content=\"M_Disseny\" \/>\n<meta name=\"twitter:card\" content=\"summary_large_image\" \/>\n<meta name=\"twitter:creator\" content=\"@abd_ong\" \/>\n<meta name=\"twitter:site\" content=\"@abd_ong\" \/>\n<meta name=\"twitter:label1\" content=\"Escrit per\" \/>\n\t<meta name=\"twitter:data1\" content=\"M_Disseny\" \/>\n\t<meta name=\"twitter:label2\" content=\"Temps estimat de lectura\" \/>\n\t<meta name=\"twitter:data2\" content=\"1 minut\" \/>\n<script type=\"application\/ld+json\" class=\"yoast-schema-graph\">{\"@context\":\"https:\\\/\\\/schema.org\",\"@graph\":[{\"@type\":\"Article\",\"@id\":\"https:\\\/\\\/abd.ong\\\/ca\\\/infancia-i-familia\\\/abd-participa-al-salo-doci-juvenalia-per-compartir-els-serveis-i-programes-relacionats-amb-infancia-i-familia\\\/#article\",\"isPartOf\":{\"@id\":\"https:\\\/\\\/abd.ong\\\/ca\\\/infancia-i-familia\\\/abd-participa-al-salo-doci-juvenalia-per-compartir-els-serveis-i-programes-relacionats-amb-infancia-i-familia\\\/\"},\"author\":{\"name\":\"M_Disseny\",\"@id\":\"https:\\\/\\\/abd.ong\\\/ca\\\/#\\\/schema\\\/person\\\/1b9cf116597cda3a4b8900a43c641f6e\"},\"headline\":\"ABD participa al sal\u00f3 d&#8217;oci Juvenalia per compartir els serveis i programes relacionats amb inf\u00e0ncia i fam\u00edlia\",\"datePublished\":\"2019-11-17T23:00:00+00:00\",\"dateModified\":\"2021-02-18T15:07:51+00:00\",\"mainEntityOfPage\":{\"@id\":\"https:\\\/\\\/abd.ong\\\/ca\\\/infancia-i-familia\\\/abd-participa-al-salo-doci-juvenalia-per-compartir-els-serveis-i-programes-relacionats-amb-infancia-i-familia\\\/\"},\"wordCount\":255,\"publisher\":{\"@id\":\"https:\\\/\\\/abd.ong\\\/ca\\\/#organization\"},\"image\":{\"@id\":\"https:\\\/\\\/abd.ong\\\/ca\\\/infancia-i-familia\\\/abd-participa-al-salo-doci-juvenalia-per-compartir-els-serveis-i-programes-relacionats-amb-infancia-i-familia\\\/#primaryimage\"},\"thumbnailUrl\":\"https:\\\/\\\/abd.ong\\\/wp-content\\\/uploads\\\/1970\\\/01\\\/20161210_130044.jpg\",\"keywords\":[\"ABD\",\"infancia i familia\",\"Juvenalia\",\"Madrid\",\"oci\"],\"articleSection\":[\"Inf\u00e0ncia i fam\u00edlia\"],\"inLanguage\":\"ca\"},{\"@type\":\"WebPage\",\"@id\":\"https:\\\/\\\/abd.ong\\\/ca\\\/infancia-i-familia\\\/abd-participa-al-salo-doci-juvenalia-per-compartir-els-serveis-i-programes-relacionats-amb-infancia-i-familia\\\/\",\"url\":\"https:\\\/\\\/abd.ong\\\/ca\\\/infancia-i-familia\\\/abd-participa-al-salo-doci-juvenalia-per-compartir-els-serveis-i-programes-relacionats-amb-infancia-i-familia\\\/\",\"name\":\"ABD participa al sal\u00f3 d'oci Juvenalia per compartir els serveis i programes relacionats amb inf\u00e0ncia i fam\u00edlia - ABD\",\"isPartOf\":{\"@id\":\"https:\\\/\\\/abd.ong\\\/ca\\\/#website\"},\"primaryImageOfPage\":{\"@id\":\"https:\\\/\\\/abd.ong\\\/ca\\\/infancia-i-familia\\\/abd-participa-al-salo-doci-juvenalia-per-compartir-els-serveis-i-programes-relacionats-amb-infancia-i-familia\\\/#primaryimage\"},\"image\":{\"@id\":\"https:\\\/\\\/abd.ong\\\/ca\\\/infancia-i-familia\\\/abd-participa-al-salo-doci-juvenalia-per-compartir-els-serveis-i-programes-relacionats-amb-infancia-i-familia\\\/#primaryimage\"},\"thumbnailUrl\":\"https:\\\/\\\/abd.ong\\\/wp-content\\\/uploads\\\/1970\\\/01\\\/20161210_130044.jpg\",\"datePublished\":\"2019-11-17T23:00:00+00:00\",\"dateModified\":\"2021-02-18T15:07:51+00:00\",\"description\":\"L'Associaci\u00f3 Benestar i Desenvolupament (ABD) de Madrid participa de el 5 a el 9 de desembre al Sal\u00f3 de l'Oci Infantil i Juvenil Juvenalia per compartir\",\"breadcrumb\":{\"@id\":\"https:\\\/\\\/abd.ong\\\/ca\\\/infancia-i-familia\\\/abd-participa-al-salo-doci-juvenalia-per-compartir-els-serveis-i-programes-relacionats-amb-infancia-i-familia\\\/#breadcrumb\"},\"inLanguage\":\"ca\",\"potentialAction\":[{\"@type\":\"ReadAction\",\"target\":[\"https:\\\/\\\/abd.ong\\\/ca\\\/infancia-i-familia\\\/abd-participa-al-salo-doci-juvenalia-per-compartir-els-serveis-i-programes-relacionats-amb-infancia-i-familia\\\/\"]}]},{\"@type\":\"ImageObject\",\"inLanguage\":\"ca\",\"@id\":\"https:\\\/\\\/abd.ong\\\/ca\\\/infancia-i-familia\\\/abd-participa-al-salo-doci-juvenalia-per-compartir-els-serveis-i-programes-relacionats-amb-infancia-i-familia\\\/#primaryimage\",\"url\":\"https:\\\/\\\/abd.ong\\\/wp-content\\\/uploads\\\/1970\\\/01\\\/20161210_130044.jpg\",\"contentUrl\":\"https:\\\/\\\/abd.ong\\\/wp-content\\\/uploads\\\/1970\\\/01\\\/20161210_130044.jpg\",\"width\":1929,\"height\":1152},{\"@type\":\"BreadcrumbList\",\"@id\":\"https:\\\/\\\/abd.ong\\\/ca\\\/infancia-i-familia\\\/abd-participa-al-salo-doci-juvenalia-per-compartir-els-serveis-i-programes-relacionats-amb-infancia-i-familia\\\/#breadcrumb\",\"itemListElement\":[{\"@type\":\"ListItem\",\"position\":1,\"name\":\"Inici\",\"item\":\"https:\\\/\\\/abd.ong\\\/ca\\\/\"},{\"@type\":\"ListItem\",\"position\":2,\"name\":\"ABD participa al sal\u00f3 d&#8217;oci Juvenalia per compartir els serveis i programes relacionats amb inf\u00e0ncia i fam\u00edlia\"}]},{\"@type\":\"WebSite\",\"@id\":\"https:\\\/\\\/abd.ong\\\/ca\\\/#website\",\"url\":\"https:\\\/\\\/abd.ong\\\/ca\\\/\",\"name\":\"ABD\",\"description\":\"Asociaci\u00f3n Bienestar y Desarrollo\",\"publisher\":{\"@id\":\"https:\\\/\\\/abd.ong\\\/ca\\\/#organization\"},\"potentialAction\":[{\"@type\":\"SearchAction\",\"target\":{\"@type\":\"EntryPoint\",\"urlTemplate\":\"https:\\\/\\\/abd.ong\\\/ca\\\/?s={search_term_string}\"},\"query-input\":{\"@type\":\"PropertyValueSpecification\",\"valueRequired\":true,\"valueName\":\"search_term_string\"}}],\"inLanguage\":\"ca\"},{\"@type\":\"Organization\",\"@id\":\"https:\\\/\\\/abd.ong\\\/ca\\\/#organization\",\"name\":\"Associaci\u00f3 Benestar i Desenvolupament\",\"alternateName\":\"ABD\",\"url\":\"https:\\\/\\\/abd.ong\\\/ca\\\/\",\"logo\":{\"@type\":\"ImageObject\",\"inLanguage\":\"ca\",\"@id\":\"https:\\\/\\\/abd.ong\\\/ca\\\/#\\\/schema\\\/logo\\\/image\\\/\",\"url\":\"https:\\\/\\\/abd.ong\\\/wp-content\\\/uploads\\\/2023\\\/01\\\/Icona.png\",\"contentUrl\":\"https:\\\/\\\/abd.ong\\\/wp-content\\\/uploads\\\/2023\\\/01\\\/Icona.png\",\"width\":190,\"height\":187,\"caption\":\"Associaci\u00f3 Benestar i Desenvolupament\"},\"image\":{\"@id\":\"https:\\\/\\\/abd.ong\\\/ca\\\/#\\\/schema\\\/logo\\\/image\\\/\"},\"sameAs\":[\"https:\\\/\\\/www.facebook.com\\\/abd.ong\",\"https:\\\/\\\/x.com\\\/abd_ong\",\"https:\\\/\\\/www.instagram.com\\\/abd_ong\\\/\",\"https:\\\/\\\/www.linkedin.com\\\/company\\\/abdong\",\"https:\\\/\\\/www.youtube.com\\\/user\\\/CANALABD\"]},{\"@type\":\"Person\",\"@id\":\"https:\\\/\\\/abd.ong\\\/ca\\\/#\\\/schema\\\/person\\\/1b9cf116597cda3a4b8900a43c641f6e\",\"name\":\"M_Disseny\"}]}<\/script>\n<!-- \/ Yoast SEO plugin. -->","yoast_head_json":{"title":"ABD participa al sal\u00f3 d'oci Juvenalia per compartir els serveis i programes relacionats amb inf\u00e0ncia i fam\u00edlia - ABD","description":"L'Associaci\u00f3 Benestar i Desenvolupament (ABD) de Madrid participa de el 5 a el 9 de desembre al Sal\u00f3 de l'Oci Infantil i Juvenil Juvenalia per compartir","robots":{"index":"index","follow":"follow","max-snippet":"max-snippet:-1","max-image-preview":"max-image-preview:large","max-video-preview":"max-video-preview:-1"},"canonical":"https:\/\/abd.ong\/ca\/infancia-i-familia\/abd-participa-al-salo-doci-juvenalia-per-compartir-els-serveis-i-programes-relacionats-amb-infancia-i-familia\/","og_locale":"ca_ES","og_type":"article","og_title":"ABD participa al sal\u00f3 d'oci Juvenalia per compartir els serveis i programes relacionats amb inf\u00e0ncia i fam\u00edlia - ABD","og_description":"L'Associaci\u00f3 Benestar i Desenvolupament (ABD) de Madrid participa de el 5 a el 9 de desembre al Sal\u00f3 de l'Oci Infantil i Juvenil Juvenalia per compartir","og_url":"https:\/\/abd.ong\/ca\/infancia-i-familia\/abd-participa-al-salo-doci-juvenalia-per-compartir-els-serveis-i-programes-relacionats-amb-infancia-i-familia\/","og_site_name":"ABD","article_publisher":"https:\/\/www.facebook.com\/abd.ong","article_published_time":"2019-11-17T23:00:00+00:00","article_modified_time":"2021-02-18T15:07:51+00:00","og_image":[{"width":1929,"height":1152,"url":"https:\/\/abd.ong\/wp-content\/uploads\/1970\/01\/20161210_130044.jpg","type":"image\/jpeg"}],"author":"M_Disseny","twitter_card":"summary_large_image","twitter_creator":"@abd_ong","twitter_site":"@abd_ong","twitter_misc":{"Escrit per":"M_Disseny","Temps estimat de lectura":"1 minut"},"schema":{"@context":"https:\/\/schema.org","@graph":[{"@type":"Article","@id":"https:\/\/abd.ong\/ca\/infancia-i-familia\/abd-participa-al-salo-doci-juvenalia-per-compartir-els-serveis-i-programes-relacionats-amb-infancia-i-familia\/#article","isPartOf":{"@id":"https:\/\/abd.ong\/ca\/infancia-i-familia\/abd-participa-al-salo-doci-juvenalia-per-compartir-els-serveis-i-programes-relacionats-amb-infancia-i-familia\/"},"author":{"name":"M_Disseny","@id":"https:\/\/abd.ong\/ca\/#\/schema\/person\/1b9cf116597cda3a4b8900a43c641f6e"},"headline":"ABD participa al sal\u00f3 d&#8217;oci Juvenalia per compartir els serveis i programes relacionats amb inf\u00e0ncia i fam\u00edlia","datePublished":"2019-11-17T23:00:00+00:00","dateModified":"2021-02-18T15:07:51+00:00","mainEntityOfPage":{"@id":"https:\/\/abd.ong\/ca\/infancia-i-familia\/abd-participa-al-salo-doci-juvenalia-per-compartir-els-serveis-i-programes-relacionats-amb-infancia-i-familia\/"},"wordCount":255,"publisher":{"@id":"https:\/\/abd.ong\/ca\/#organization"},"image":{"@id":"https:\/\/abd.ong\/ca\/infancia-i-familia\/abd-participa-al-salo-doci-juvenalia-per-compartir-els-serveis-i-programes-relacionats-amb-infancia-i-familia\/#primaryimage"},"thumbnailUrl":"https:\/\/abd.ong\/wp-content\/uploads\/1970\/01\/20161210_130044.jpg","keywords":["ABD","infancia i familia","Juvenalia","Madrid","oci"],"articleSection":["Inf\u00e0ncia i fam\u00edlia"],"inLanguage":"ca"},{"@type":"WebPage","@id":"https:\/\/abd.ong\/ca\/infancia-i-familia\/abd-participa-al-salo-doci-juvenalia-per-compartir-els-serveis-i-programes-relacionats-amb-infancia-i-familia\/","url":"https:\/\/abd.ong\/ca\/infancia-i-familia\/abd-participa-al-salo-doci-juvenalia-per-compartir-els-serveis-i-programes-relacionats-amb-infancia-i-familia\/","name":"ABD participa al sal\u00f3 d'oci Juvenalia per compartir els serveis i programes relacionats amb inf\u00e0ncia i fam\u00edlia - ABD","isPartOf":{"@id":"https:\/\/abd.ong\/ca\/#website"},"primaryImageOfPage":{"@id":"https:\/\/abd.ong\/ca\/infancia-i-familia\/abd-participa-al-salo-doci-juvenalia-per-compartir-els-serveis-i-programes-relacionats-amb-infancia-i-familia\/#primaryimage"},"image":{"@id":"https:\/\/abd.ong\/ca\/infancia-i-familia\/abd-participa-al-salo-doci-juvenalia-per-compartir-els-serveis-i-programes-relacionats-amb-infancia-i-familia\/#primaryimage"},"thumbnailUrl":"https:\/\/abd.ong\/wp-content\/uploads\/1970\/01\/20161210_130044.jpg","datePublished":"2019-11-17T23:00:00+00:00","dateModified":"2021-02-18T15:07:51+00:00","description":"L'Associaci\u00f3 Benestar i Desenvolupament (ABD) de Madrid participa de el 5 a el 9 de desembre al Sal\u00f3 de l'Oci Infantil i Juvenil Juvenalia per compartir","breadcrumb":{"@id":"https:\/\/abd.ong\/ca\/infancia-i-familia\/abd-participa-al-salo-doci-juvenalia-per-compartir-els-serveis-i-programes-relacionats-amb-infancia-i-familia\/#breadcrumb"},"inLanguage":"ca","potentialAction":[{"@type":"ReadAction","target":["https:\/\/abd.ong\/ca\/infancia-i-familia\/abd-participa-al-salo-doci-juvenalia-per-compartir-els-serveis-i-programes-relacionats-amb-infancia-i-familia\/"]}]},{"@type":"ImageObject","inLanguage":"ca","@id":"https:\/\/abd.ong\/ca\/infancia-i-familia\/abd-participa-al-salo-doci-juvenalia-per-compartir-els-serveis-i-programes-relacionats-amb-infancia-i-familia\/#primaryimage","url":"https:\/\/abd.ong\/wp-content\/uploads\/1970\/01\/20161210_130044.jpg","contentUrl":"https:\/\/abd.ong\/wp-content\/uploads\/1970\/01\/20161210_130044.jpg","width":1929,"height":1152},{"@type":"BreadcrumbList","@id":"https:\/\/abd.ong\/ca\/infancia-i-familia\/abd-participa-al-salo-doci-juvenalia-per-compartir-els-serveis-i-programes-relacionats-amb-infancia-i-familia\/#breadcrumb","itemListElement":[{"@type":"ListItem","position":1,"name":"Inici","item":"https:\/\/abd.ong\/ca\/"},{"@type":"ListItem","position":2,"name":"ABD participa al sal\u00f3 d&#8217;oci Juvenalia per compartir els serveis i programes relacionats amb inf\u00e0ncia i fam\u00edlia"}]},{"@type":"WebSite","@id":"https:\/\/abd.ong\/ca\/#website","url":"https:\/\/abd.ong\/ca\/","name":"ABD","description":"Asociaci\u00f3n Bienestar y Desarrollo","publisher":{"@id":"https:\/\/abd.ong\/ca\/#organization"},"potentialAction":[{"@type":"SearchAction","target":{"@type":"EntryPoint","urlTemplate":"https:\/\/abd.ong\/ca\/?s={search_term_string}"},"query-input":{"@type":"PropertyValueSpecification","valueRequired":true,"valueName":"search_term_string"}}],"inLanguage":"ca"},{"@type":"Organization","@id":"https:\/\/abd.ong\/ca\/#organization","name":"Associaci\u00f3 Benestar i Desenvolupament","alternateName":"ABD","url":"https:\/\/abd.ong\/ca\/","logo":{"@type":"ImageObject","inLanguage":"ca","@id":"https:\/\/abd.ong\/ca\/#\/schema\/logo\/image\/","url":"https:\/\/abd.ong\/wp-content\/uploads\/2023\/01\/Icona.png","contentUrl":"https:\/\/abd.ong\/wp-content\/uploads\/2023\/01\/Icona.png","width":190,"height":187,"caption":"Associaci\u00f3 Benestar i Desenvolupament"},"image":{"@id":"https:\/\/abd.ong\/ca\/#\/schema\/logo\/image\/"},"sameAs":["https:\/\/www.facebook.com\/abd.ong","https:\/\/x.com\/abd_ong","https:\/\/www.instagram.com\/abd_ong\/","https:\/\/www.linkedin.com\/company\/abdong","https:\/\/www.youtube.com\/user\/CANALABD"]},{"@type":"Person","@id":"https:\/\/abd.ong\/ca\/#\/schema\/person\/1b9cf116597cda3a4b8900a43c641f6e","name":"M_Disseny"}]}},"_links":{"self":[{"href":"https:\/\/abd.ong\/ca\/wp-json\/wp\/v2\/posts\/10509","targetHints":{"allow":["GET"]}}],"collection":[{"href":"https:\/\/abd.ong\/ca\/wp-json\/wp\/v2\/posts"}],"about":[{"href":"https:\/\/abd.ong\/ca\/wp-json\/wp\/v2\/types\/post"}],"author":[{"embeddable":true,"href":"https:\/\/abd.ong\/ca\/wp-json\/wp\/v2\/users\/1"}],"replies":[{"embeddable":true,"href":"https:\/\/abd.ong\/ca\/wp-json\/wp\/v2\/comments?post=10509"}],"version-history":[{"count":3,"href":"https:\/\/abd.ong\/ca\/wp-json\/wp\/v2\/posts\/10509\/revisions"}],"predecessor-version":[{"id":20625,"href":"https:\/\/abd.ong\/ca\/wp-json\/wp\/v2\/posts\/10509\/revisions\/20625"}],"wp:featuredmedia":[{"embeddable":true,"href":"https:\/\/abd.ong\/ca\/wp-json\/wp\/v2\/media\/4575"}],"wp:attachment":[{"href":"https:\/\/abd.ong\/ca\/wp-json\/wp\/v2\/media?parent=10509"}],"wp:term":[{"taxonomy":"category","embeddable":true,"href":"https:\/\/abd.ong\/ca\/wp-json\/wp\/v2\/categories?post=10509"},{"taxonomy":"post_tag","embeddable":true,"href":"https:\/\/abd.ong\/ca\/wp-json\/wp\/v2\/tags?post=10509"}],"curies":[{"name":"wp","href":"https:\/\/api.w.org\/{rel}","templated":true}]}}