{"id":10488,"date":"2019-10-28T00:00:00","date_gmt":"2019-10-27T23:00:00","guid":{"rendered":"https:\/\/abd.ong\/sin-categorizar\/el-centre-ocupacional-abd-torrent-finalitza-una-setmana-plena-dactivitats-amb-una-jornada-de-portes-obertes-i-una-visita-institucional\/"},"modified":"2021-02-17T18:33:30","modified_gmt":"2021-02-17T17:33:30","slug":"el-centre-ocupacional-abd-torrent-finalitza-una-setmana-plena-dactivitats-amb-una-jornada-de-portes-obertes-i-una-visita-institucional","status":"publish","type":"post","link":"https:\/\/abd.ong\/ca\/discapacitat\/el-centre-ocupacional-abd-torrent-finalitza-una-setmana-plena-dactivitats-amb-una-jornada-de-portes-obertes-i-una-visita-institucional\/","title":{"rendered":"El Centre Ocupacional ABD Torrent finalitza una setmana plena d&#8217;activitats amb una jornada de portes obertes i una visita institucional"},"content":{"rendered":"\n<p>El<strong> Centre Ocupacional Habilitare ABD Torrent<\/strong>, servei gestionat per l&#8217;<a href=\"https:\/\/abd.ong\"><strong>Associaci\u00f3 Benestar i Desenvolupament ABD<\/strong><\/a>, ha tancat una setmana plena d&#8217;activitats.<\/p>\n<p>D&#8217;una banda, dilluns passat dia 21, el CO va rebre la visita del regidor d&#8217;Atenci\u00f3, Solidaritat i Transport de l&#8217;Ajuntament de Torrent (Val\u00e8ncia), <strong>Jos\u00e9 Antonio Castillejo Dur\u00e1n<\/strong>. Durant la jornada, les persones usu\u00e0ries i professionals, i l&#8217;adjunta a la ger\u00e8ncia i directora de la Unitat Operativa Sociosanit\u00e0ria d&#8217;ABD <strong>Pilar Rodr\u00edguez<\/strong>\u00a0van compartir i presentar els <strong>projectes del centre i la seva visi\u00f3 de futur <\/strong>amb el regidor, amb l&#8217;objectiu de donar a con\u00e8ixer la feina di\u00e0ria darrere d&#8217;un servei com el CO Torrent.<\/p>\n<p>&nbsp;<\/p>\n<p><a href=\"https:\/\/abd.ong\/blog\/wp-content\/uploads\/2019\/10\/IMG-20191023-WA0009.jpg\"><img fetchpriority=\"high\" decoding=\"async\" class=\" wp-image-6619 alignnone\" src=\"https:\/\/abd.ong\/blog\/wp-content\/uploads\/2019\/10\/IMG-20191023-WA0009-300x223.jpg\" alt=\"\" width=\"352\" height=\"262\" \/><\/a><\/p>\n\n\n\n<p>&nbsp;<\/p>\n<p>A mitja setmana, durant el dijous 24, el Centre Ocupacional va celebrar una <strong>jornada de portes obertes amb les fam\u00edlies<\/strong>. La idea d&#8217;aquesta iniciativa s&#8217;emmarca en l&#8217;activitat &#8216;Participa conmigo&#8217;, en la que tant les fam\u00edlies com les persones usu\u00e0ries i l&#8217;equip de professionals participen en el desenvolupament de diverses activitats cognitives i d&#8217;expressi\u00f3 art\u00edstica. Finalment es va organitzar un dinar comunitari amb totes les persones assistents a la jornada de portes obertes.<\/p>\n<p>&nbsp;<\/p>\n<blockquote>\n<p><strong>&#8220;Va ser un dia molt enriquidor i d&#8217;intercanvi, ens d\u00f3na identitat&#8221;, ha explicat la directora del CO Habilitare ABD Torrent, Sandra Abril.<\/strong><\/p>\n<\/blockquote>\n\n\n\n\n\n\n\n<p>&nbsp;<\/p>\n<p><a href=\"https:\/\/abd.ong\/blog\/wp-content\/uploads\/2019\/10\/IMG_20191024_142639.jpg\"><img decoding=\"async\" class=\" wp-image-6622\" src=\"https:\/\/abd.ong\/blog\/wp-content\/uploads\/2019\/10\/IMG_20191024_142639-300x225.jpg\" alt=\"\" width=\"331\" height=\"248\" \/><\/a><\/p>\n<p><a href=\"https:\/\/abd.ong\/blog\/wp-content\/uploads\/2019\/10\/IMG-20191024-WA0026.jpg\"><img decoding=\"async\" class=\"wp-image-6625 alignleft\" src=\"https:\/\/abd.ong\/blog\/wp-content\/uploads\/2019\/10\/IMG-20191024-WA0026-300x226.jpg\" alt=\"\" width=\"333\" height=\"251\" \/><\/a><\/p>\n","protected":false},"excerpt":{"rendered":"<p>El Centre Ocupacional Habilitare ABD Torrent, servei gestionat per l&#8217;Associaci\u00f3 Benestar i Desenvolupament ABD, ha tancat una setmana plena d&#8217;activitats. D&#8217;una banda, dilluns passat dia 21, el CO va rebre&hellip;<\/p>\n","protected":false},"author":1,"featured_media":2241,"comment_status":"closed","ping_status":"closed","sticky":false,"template":"","format":"standard","meta":{"_acf_changed":false,"footnotes":""},"categories":[1300],"tags":[119,1151],"class_list":["post-10488","post","type-post","status-publish","format-standard","has-post-thumbnail","hentry","category-discapacitat","tag-abd","tag-discapacitat-ca-3","ods-aliances-per-assolir-els-objectius","ods-reduccio-de-les-desigualtats","right-dret-a-la-integritat-personal","right-dret-a-la-llibertat-dexpressio","right-drets-de-les-persones-amb-discapacitat"],"acf":[],"yoast_head":"<!-- This site is optimized with the Yoast SEO plugin v27.4 - https:\/\/yoast.com\/product\/yoast-seo-wordpress\/ -->\n<title>El Centre Ocupacional ABD Torrent finalitza una setmana plena d&#039;activitats amb una jornada de portes obertes i una visita institucional - ABD<\/title>\n<meta name=\"description\" content=\"El Centre Ocupacional Habilitare ABD Torrent, servei gestionat per l&#039;Associaci\u00f3 Benestar i Desenvolupament ABD, ha tancat una setmana plena d&#039;activitats.\" \/>\n<meta name=\"robots\" content=\"index, follow, max-snippet:-1, max-image-preview:large, max-video-preview:-1\" \/>\n<link rel=\"canonical\" href=\"https:\/\/abd.ong\/ca\/discapacitat\/el-centre-ocupacional-abd-torrent-finalitza-una-setmana-plena-dactivitats-amb-una-jornada-de-portes-obertes-i-una-visita-institucional\/\" \/>\n<meta property=\"og:locale\" content=\"ca_ES\" \/>\n<meta property=\"og:type\" content=\"article\" \/>\n<meta property=\"og:title\" content=\"El Centre Ocupacional ABD Torrent finalitza una setmana plena d&#039;activitats amb una jornada de portes obertes i una visita institucional - ABD\" \/>\n<meta property=\"og:description\" content=\"El Centre Ocupacional Habilitare ABD Torrent, servei gestionat per l&#039;Associaci\u00f3 Benestar i Desenvolupament ABD, ha tancat una setmana plena d&#039;activitats.\" \/>\n<meta property=\"og:url\" content=\"https:\/\/abd.ong\/ca\/discapacitat\/el-centre-ocupacional-abd-torrent-finalitza-una-setmana-plena-dactivitats-amb-una-jornada-de-portes-obertes-i-una-visita-institucional\/\" \/>\n<meta property=\"og:site_name\" content=\"ABD\" \/>\n<meta property=\"article:publisher\" content=\"https:\/\/www.facebook.com\/abd.ong\" \/>\n<meta property=\"article:published_time\" content=\"2019-10-27T23:00:00+00:00\" \/>\n<meta property=\"article:modified_time\" content=\"2021-02-17T17:33:30+00:00\" \/>\n<meta property=\"og:image\" content=\"https:\/\/abd.ong\/wp-content\/uploads\/1970\/01\/portada.jpg\" \/>\n\t<meta property=\"og:image:width\" content=\"2048\" \/>\n\t<meta property=\"og:image:height\" content=\"1074\" \/>\n\t<meta property=\"og:image:type\" content=\"image\/jpeg\" \/>\n<meta name=\"author\" content=\"M_Disseny\" \/>\n<meta name=\"twitter:card\" content=\"summary_large_image\" \/>\n<meta name=\"twitter:creator\" content=\"@abd_ong\" \/>\n<meta name=\"twitter:site\" content=\"@abd_ong\" \/>\n<meta name=\"twitter:label1\" content=\"Escrit per\" \/>\n\t<meta name=\"twitter:data1\" content=\"M_Disseny\" \/>\n\t<meta name=\"twitter:label2\" content=\"Temps estimat de lectura\" \/>\n\t<meta name=\"twitter:data2\" content=\"1 minut\" \/>\n<script type=\"application\/ld+json\" class=\"yoast-schema-graph\">{\"@context\":\"https:\\\/\\\/schema.org\",\"@graph\":[{\"@type\":\"Article\",\"@id\":\"https:\\\/\\\/abd.ong\\\/ca\\\/discapacitat\\\/el-centre-ocupacional-abd-torrent-finalitza-una-setmana-plena-dactivitats-amb-una-jornada-de-portes-obertes-i-una-visita-institucional\\\/#article\",\"isPartOf\":{\"@id\":\"https:\\\/\\\/abd.ong\\\/ca\\\/discapacitat\\\/el-centre-ocupacional-abd-torrent-finalitza-una-setmana-plena-dactivitats-amb-una-jornada-de-portes-obertes-i-una-visita-institucional\\\/\"},\"author\":{\"name\":\"M_Disseny\",\"@id\":\"https:\\\/\\\/abd.ong\\\/ca\\\/#\\\/schema\\\/person\\\/1b9cf116597cda3a4b8900a43c641f6e\"},\"headline\":\"El Centre Ocupacional ABD Torrent finalitza una setmana plena d&#8217;activitats amb una jornada de portes obertes i una visita institucional\",\"datePublished\":\"2019-10-27T23:00:00+00:00\",\"dateModified\":\"2021-02-17T17:33:30+00:00\",\"mainEntityOfPage\":{\"@id\":\"https:\\\/\\\/abd.ong\\\/ca\\\/discapacitat\\\/el-centre-ocupacional-abd-torrent-finalitza-una-setmana-plena-dactivitats-amb-una-jornada-de-portes-obertes-i-una-visita-institucional\\\/\"},\"wordCount\":248,\"publisher\":{\"@id\":\"https:\\\/\\\/abd.ong\\\/ca\\\/#organization\"},\"image\":{\"@id\":\"https:\\\/\\\/abd.ong\\\/ca\\\/discapacitat\\\/el-centre-ocupacional-abd-torrent-finalitza-una-setmana-plena-dactivitats-amb-una-jornada-de-portes-obertes-i-una-visita-institucional\\\/#primaryimage\"},\"thumbnailUrl\":\"https:\\\/\\\/abd.ong\\\/wp-content\\\/uploads\\\/1970\\\/01\\\/portada.jpg\",\"keywords\":[\"ABD\",\"discapacitat\"],\"articleSection\":[\"Discapacitat intel\u00b7lectual\"],\"inLanguage\":\"ca\"},{\"@type\":\"WebPage\",\"@id\":\"https:\\\/\\\/abd.ong\\\/ca\\\/discapacitat\\\/el-centre-ocupacional-abd-torrent-finalitza-una-setmana-plena-dactivitats-amb-una-jornada-de-portes-obertes-i-una-visita-institucional\\\/\",\"url\":\"https:\\\/\\\/abd.ong\\\/ca\\\/discapacitat\\\/el-centre-ocupacional-abd-torrent-finalitza-una-setmana-plena-dactivitats-amb-una-jornada-de-portes-obertes-i-una-visita-institucional\\\/\",\"name\":\"El Centre Ocupacional ABD Torrent finalitza una setmana plena d'activitats amb una jornada de portes obertes i una visita institucional - ABD\",\"isPartOf\":{\"@id\":\"https:\\\/\\\/abd.ong\\\/ca\\\/#website\"},\"primaryImageOfPage\":{\"@id\":\"https:\\\/\\\/abd.ong\\\/ca\\\/discapacitat\\\/el-centre-ocupacional-abd-torrent-finalitza-una-setmana-plena-dactivitats-amb-una-jornada-de-portes-obertes-i-una-visita-institucional\\\/#primaryimage\"},\"image\":{\"@id\":\"https:\\\/\\\/abd.ong\\\/ca\\\/discapacitat\\\/el-centre-ocupacional-abd-torrent-finalitza-una-setmana-plena-dactivitats-amb-una-jornada-de-portes-obertes-i-una-visita-institucional\\\/#primaryimage\"},\"thumbnailUrl\":\"https:\\\/\\\/abd.ong\\\/wp-content\\\/uploads\\\/1970\\\/01\\\/portada.jpg\",\"datePublished\":\"2019-10-27T23:00:00+00:00\",\"dateModified\":\"2021-02-17T17:33:30+00:00\",\"description\":\"El Centre Ocupacional Habilitare ABD Torrent, servei gestionat per l'Associaci\u00f3 Benestar i Desenvolupament ABD, ha tancat una setmana plena d'activitats.\",\"breadcrumb\":{\"@id\":\"https:\\\/\\\/abd.ong\\\/ca\\\/discapacitat\\\/el-centre-ocupacional-abd-torrent-finalitza-una-setmana-plena-dactivitats-amb-una-jornada-de-portes-obertes-i-una-visita-institucional\\\/#breadcrumb\"},\"inLanguage\":\"ca\",\"potentialAction\":[{\"@type\":\"ReadAction\",\"target\":[\"https:\\\/\\\/abd.ong\\\/ca\\\/discapacitat\\\/el-centre-ocupacional-abd-torrent-finalitza-una-setmana-plena-dactivitats-amb-una-jornada-de-portes-obertes-i-una-visita-institucional\\\/\"]}]},{\"@type\":\"ImageObject\",\"inLanguage\":\"ca\",\"@id\":\"https:\\\/\\\/abd.ong\\\/ca\\\/discapacitat\\\/el-centre-ocupacional-abd-torrent-finalitza-una-setmana-plena-dactivitats-amb-una-jornada-de-portes-obertes-i-una-visita-institucional\\\/#primaryimage\",\"url\":\"https:\\\/\\\/abd.ong\\\/wp-content\\\/uploads\\\/1970\\\/01\\\/portada.jpg\",\"contentUrl\":\"https:\\\/\\\/abd.ong\\\/wp-content\\\/uploads\\\/1970\\\/01\\\/portada.jpg\",\"width\":2048,\"height\":1074},{\"@type\":\"BreadcrumbList\",\"@id\":\"https:\\\/\\\/abd.ong\\\/ca\\\/discapacitat\\\/el-centre-ocupacional-abd-torrent-finalitza-una-setmana-plena-dactivitats-amb-una-jornada-de-portes-obertes-i-una-visita-institucional\\\/#breadcrumb\",\"itemListElement\":[{\"@type\":\"ListItem\",\"position\":1,\"name\":\"Inici\",\"item\":\"https:\\\/\\\/abd.ong\\\/ca\\\/\"},{\"@type\":\"ListItem\",\"position\":2,\"name\":\"El Centre Ocupacional ABD Torrent finalitza una setmana plena d&#8217;activitats amb una jornada de portes obertes i una visita institucional\"}]},{\"@type\":\"WebSite\",\"@id\":\"https:\\\/\\\/abd.ong\\\/ca\\\/#website\",\"url\":\"https:\\\/\\\/abd.ong\\\/ca\\\/\",\"name\":\"ABD\",\"description\":\"Asociaci\u00f3n Bienestar y Desarrollo\",\"publisher\":{\"@id\":\"https:\\\/\\\/abd.ong\\\/ca\\\/#organization\"},\"potentialAction\":[{\"@type\":\"SearchAction\",\"target\":{\"@type\":\"EntryPoint\",\"urlTemplate\":\"https:\\\/\\\/abd.ong\\\/ca\\\/?s={search_term_string}\"},\"query-input\":{\"@type\":\"PropertyValueSpecification\",\"valueRequired\":true,\"valueName\":\"search_term_string\"}}],\"inLanguage\":\"ca\"},{\"@type\":\"Organization\",\"@id\":\"https:\\\/\\\/abd.ong\\\/ca\\\/#organization\",\"name\":\"Associaci\u00f3 Benestar i Desenvolupament\",\"alternateName\":\"ABD\",\"url\":\"https:\\\/\\\/abd.ong\\\/ca\\\/\",\"logo\":{\"@type\":\"ImageObject\",\"inLanguage\":\"ca\",\"@id\":\"https:\\\/\\\/abd.ong\\\/ca\\\/#\\\/schema\\\/logo\\\/image\\\/\",\"url\":\"https:\\\/\\\/abd.ong\\\/wp-content\\\/uploads\\\/2023\\\/01\\\/Icona.png\",\"contentUrl\":\"https:\\\/\\\/abd.ong\\\/wp-content\\\/uploads\\\/2023\\\/01\\\/Icona.png\",\"width\":190,\"height\":187,\"caption\":\"Associaci\u00f3 Benestar i Desenvolupament\"},\"image\":{\"@id\":\"https:\\\/\\\/abd.ong\\\/ca\\\/#\\\/schema\\\/logo\\\/image\\\/\"},\"sameAs\":[\"https:\\\/\\\/www.facebook.com\\\/abd.ong\",\"https:\\\/\\\/x.com\\\/abd_ong\",\"https:\\\/\\\/www.instagram.com\\\/abd_ong\\\/\",\"https:\\\/\\\/www.linkedin.com\\\/company\\\/abdong\",\"https:\\\/\\\/www.youtube.com\\\/user\\\/CANALABD\"]},{\"@type\":\"Person\",\"@id\":\"https:\\\/\\\/abd.ong\\\/ca\\\/#\\\/schema\\\/person\\\/1b9cf116597cda3a4b8900a43c641f6e\",\"name\":\"M_Disseny\"}]}<\/script>\n<!-- \/ Yoast SEO plugin. -->","yoast_head_json":{"title":"El Centre Ocupacional ABD Torrent finalitza una setmana plena d'activitats amb una jornada de portes obertes i una visita institucional - ABD","description":"El Centre Ocupacional Habilitare ABD Torrent, servei gestionat per l'Associaci\u00f3 Benestar i Desenvolupament ABD, ha tancat una setmana plena d'activitats.","robots":{"index":"index","follow":"follow","max-snippet":"max-snippet:-1","max-image-preview":"max-image-preview:large","max-video-preview":"max-video-preview:-1"},"canonical":"https:\/\/abd.ong\/ca\/discapacitat\/el-centre-ocupacional-abd-torrent-finalitza-una-setmana-plena-dactivitats-amb-una-jornada-de-portes-obertes-i-una-visita-institucional\/","og_locale":"ca_ES","og_type":"article","og_title":"El Centre Ocupacional ABD Torrent finalitza una setmana plena d'activitats amb una jornada de portes obertes i una visita institucional - ABD","og_description":"El Centre Ocupacional Habilitare ABD Torrent, servei gestionat per l'Associaci\u00f3 Benestar i Desenvolupament ABD, ha tancat una setmana plena d'activitats.","og_url":"https:\/\/abd.ong\/ca\/discapacitat\/el-centre-ocupacional-abd-torrent-finalitza-una-setmana-plena-dactivitats-amb-una-jornada-de-portes-obertes-i-una-visita-institucional\/","og_site_name":"ABD","article_publisher":"https:\/\/www.facebook.com\/abd.ong","article_published_time":"2019-10-27T23:00:00+00:00","article_modified_time":"2021-02-17T17:33:30+00:00","og_image":[{"width":2048,"height":1074,"url":"https:\/\/abd.ong\/wp-content\/uploads\/1970\/01\/portada.jpg","type":"image\/jpeg"}],"author":"M_Disseny","twitter_card":"summary_large_image","twitter_creator":"@abd_ong","twitter_site":"@abd_ong","twitter_misc":{"Escrit per":"M_Disseny","Temps estimat de lectura":"1 minut"},"schema":{"@context":"https:\/\/schema.org","@graph":[{"@type":"Article","@id":"https:\/\/abd.ong\/ca\/discapacitat\/el-centre-ocupacional-abd-torrent-finalitza-una-setmana-plena-dactivitats-amb-una-jornada-de-portes-obertes-i-una-visita-institucional\/#article","isPartOf":{"@id":"https:\/\/abd.ong\/ca\/discapacitat\/el-centre-ocupacional-abd-torrent-finalitza-una-setmana-plena-dactivitats-amb-una-jornada-de-portes-obertes-i-una-visita-institucional\/"},"author":{"name":"M_Disseny","@id":"https:\/\/abd.ong\/ca\/#\/schema\/person\/1b9cf116597cda3a4b8900a43c641f6e"},"headline":"El Centre Ocupacional ABD Torrent finalitza una setmana plena d&#8217;activitats amb una jornada de portes obertes i una visita institucional","datePublished":"2019-10-27T23:00:00+00:00","dateModified":"2021-02-17T17:33:30+00:00","mainEntityOfPage":{"@id":"https:\/\/abd.ong\/ca\/discapacitat\/el-centre-ocupacional-abd-torrent-finalitza-una-setmana-plena-dactivitats-amb-una-jornada-de-portes-obertes-i-una-visita-institucional\/"},"wordCount":248,"publisher":{"@id":"https:\/\/abd.ong\/ca\/#organization"},"image":{"@id":"https:\/\/abd.ong\/ca\/discapacitat\/el-centre-ocupacional-abd-torrent-finalitza-una-setmana-plena-dactivitats-amb-una-jornada-de-portes-obertes-i-una-visita-institucional\/#primaryimage"},"thumbnailUrl":"https:\/\/abd.ong\/wp-content\/uploads\/1970\/01\/portada.jpg","keywords":["ABD","discapacitat"],"articleSection":["Discapacitat intel\u00b7lectual"],"inLanguage":"ca"},{"@type":"WebPage","@id":"https:\/\/abd.ong\/ca\/discapacitat\/el-centre-ocupacional-abd-torrent-finalitza-una-setmana-plena-dactivitats-amb-una-jornada-de-portes-obertes-i-una-visita-institucional\/","url":"https:\/\/abd.ong\/ca\/discapacitat\/el-centre-ocupacional-abd-torrent-finalitza-una-setmana-plena-dactivitats-amb-una-jornada-de-portes-obertes-i-una-visita-institucional\/","name":"El Centre Ocupacional ABD Torrent finalitza una setmana plena d'activitats amb una jornada de portes obertes i una visita institucional - ABD","isPartOf":{"@id":"https:\/\/abd.ong\/ca\/#website"},"primaryImageOfPage":{"@id":"https:\/\/abd.ong\/ca\/discapacitat\/el-centre-ocupacional-abd-torrent-finalitza-una-setmana-plena-dactivitats-amb-una-jornada-de-portes-obertes-i-una-visita-institucional\/#primaryimage"},"image":{"@id":"https:\/\/abd.ong\/ca\/discapacitat\/el-centre-ocupacional-abd-torrent-finalitza-una-setmana-plena-dactivitats-amb-una-jornada-de-portes-obertes-i-una-visita-institucional\/#primaryimage"},"thumbnailUrl":"https:\/\/abd.ong\/wp-content\/uploads\/1970\/01\/portada.jpg","datePublished":"2019-10-27T23:00:00+00:00","dateModified":"2021-02-17T17:33:30+00:00","description":"El Centre Ocupacional Habilitare ABD Torrent, servei gestionat per l'Associaci\u00f3 Benestar i Desenvolupament ABD, ha tancat una setmana plena d'activitats.","breadcrumb":{"@id":"https:\/\/abd.ong\/ca\/discapacitat\/el-centre-ocupacional-abd-torrent-finalitza-una-setmana-plena-dactivitats-amb-una-jornada-de-portes-obertes-i-una-visita-institucional\/#breadcrumb"},"inLanguage":"ca","potentialAction":[{"@type":"ReadAction","target":["https:\/\/abd.ong\/ca\/discapacitat\/el-centre-ocupacional-abd-torrent-finalitza-una-setmana-plena-dactivitats-amb-una-jornada-de-portes-obertes-i-una-visita-institucional\/"]}]},{"@type":"ImageObject","inLanguage":"ca","@id":"https:\/\/abd.ong\/ca\/discapacitat\/el-centre-ocupacional-abd-torrent-finalitza-una-setmana-plena-dactivitats-amb-una-jornada-de-portes-obertes-i-una-visita-institucional\/#primaryimage","url":"https:\/\/abd.ong\/wp-content\/uploads\/1970\/01\/portada.jpg","contentUrl":"https:\/\/abd.ong\/wp-content\/uploads\/1970\/01\/portada.jpg","width":2048,"height":1074},{"@type":"BreadcrumbList","@id":"https:\/\/abd.ong\/ca\/discapacitat\/el-centre-ocupacional-abd-torrent-finalitza-una-setmana-plena-dactivitats-amb-una-jornada-de-portes-obertes-i-una-visita-institucional\/#breadcrumb","itemListElement":[{"@type":"ListItem","position":1,"name":"Inici","item":"https:\/\/abd.ong\/ca\/"},{"@type":"ListItem","position":2,"name":"El Centre Ocupacional ABD Torrent finalitza una setmana plena d&#8217;activitats amb una jornada de portes obertes i una visita institucional"}]},{"@type":"WebSite","@id":"https:\/\/abd.ong\/ca\/#website","url":"https:\/\/abd.ong\/ca\/","name":"ABD","description":"Asociaci\u00f3n Bienestar y Desarrollo","publisher":{"@id":"https:\/\/abd.ong\/ca\/#organization"},"potentialAction":[{"@type":"SearchAction","target":{"@type":"EntryPoint","urlTemplate":"https:\/\/abd.ong\/ca\/?s={search_term_string}"},"query-input":{"@type":"PropertyValueSpecification","valueRequired":true,"valueName":"search_term_string"}}],"inLanguage":"ca"},{"@type":"Organization","@id":"https:\/\/abd.ong\/ca\/#organization","name":"Associaci\u00f3 Benestar i Desenvolupament","alternateName":"ABD","url":"https:\/\/abd.ong\/ca\/","logo":{"@type":"ImageObject","inLanguage":"ca","@id":"https:\/\/abd.ong\/ca\/#\/schema\/logo\/image\/","url":"https:\/\/abd.ong\/wp-content\/uploads\/2023\/01\/Icona.png","contentUrl":"https:\/\/abd.ong\/wp-content\/uploads\/2023\/01\/Icona.png","width":190,"height":187,"caption":"Associaci\u00f3 Benestar i Desenvolupament"},"image":{"@id":"https:\/\/abd.ong\/ca\/#\/schema\/logo\/image\/"},"sameAs":["https:\/\/www.facebook.com\/abd.ong","https:\/\/x.com\/abd_ong","https:\/\/www.instagram.com\/abd_ong\/","https:\/\/www.linkedin.com\/company\/abdong","https:\/\/www.youtube.com\/user\/CANALABD"]},{"@type":"Person","@id":"https:\/\/abd.ong\/ca\/#\/schema\/person\/1b9cf116597cda3a4b8900a43c641f6e","name":"M_Disseny"}]}},"_links":{"self":[{"href":"https:\/\/abd.ong\/ca\/wp-json\/wp\/v2\/posts\/10488","targetHints":{"allow":["GET"]}}],"collection":[{"href":"https:\/\/abd.ong\/ca\/wp-json\/wp\/v2\/posts"}],"about":[{"href":"https:\/\/abd.ong\/ca\/wp-json\/wp\/v2\/types\/post"}],"author":[{"embeddable":true,"href":"https:\/\/abd.ong\/ca\/wp-json\/wp\/v2\/users\/1"}],"replies":[{"embeddable":true,"href":"https:\/\/abd.ong\/ca\/wp-json\/wp\/v2\/comments?post=10488"}],"version-history":[{"count":2,"href":"https:\/\/abd.ong\/ca\/wp-json\/wp\/v2\/posts\/10488\/revisions"}],"predecessor-version":[{"id":19954,"href":"https:\/\/abd.ong\/ca\/wp-json\/wp\/v2\/posts\/10488\/revisions\/19954"}],"wp:featuredmedia":[{"embeddable":true,"href":"https:\/\/abd.ong\/ca\/wp-json\/wp\/v2\/media\/2241"}],"wp:attachment":[{"href":"https:\/\/abd.ong\/ca\/wp-json\/wp\/v2\/media?parent=10488"}],"wp:term":[{"taxonomy":"category","embeddable":true,"href":"https:\/\/abd.ong\/ca\/wp-json\/wp\/v2\/categories?post=10488"},{"taxonomy":"post_tag","embeddable":true,"href":"https:\/\/abd.ong\/ca\/wp-json\/wp\/v2\/tags?post=10488"}],"curies":[{"name":"wp","href":"https:\/\/api.w.org\/{rel}","templated":true}]}}