{"id":10482,"date":"2019-10-21T00:00:00","date_gmt":"2019-10-20T22:00:00","guid":{"rendered":"https:\/\/abd.ong\/sin-categorizar\/obertes-les-inscripcions-pel-nou-curs-de-lescola-de-voluntariat-dabd-sobre-acompanyament-a-infants-i-families-en-situacio-de-vulnerabilitat\/"},"modified":"2024-01-11T11:00:27","modified_gmt":"2024-01-11T10:00:27","slug":"obertes-les-inscripcions-pel-nou-curs-de-lescola-de-voluntariat-dabd-sobre-acompanyament-a-infants-i-families-en-situacio-de-vulnerabilitat","status":"publish","type":"post","link":"https:\/\/abd.ong\/ca\/voluntariat\/obertes-les-inscripcions-pel-nou-curs-de-lescola-de-voluntariat-dabd-sobre-acompanyament-a-infants-i-families-en-situacio-de-vulnerabilitat\/","title":{"rendered":"Obertes les inscripcions pel nou curs de l&#8217;Escola de Voluntariat d&#8217;ABD sobre acompanyament a infants i fam\u00edlies en situaci\u00f3 de vulnerabilitat"},"content":{"rendered":"\n<p><p>L\u2019<strong>Escola de Voluntariat<\/strong>\u00a0de l\u2019<a href=\"https:\/\/abd.ong\/\"><strong>Associaci\u00f3 Benestar i Desenvolupament ABD<\/strong><\/a> ha obert les inscripcions per apuntar-se a una nova formaci\u00f3 b\u00e0sica en mat\u00e8ria d\u2019inf\u00e0ncia i fam\u00edlia per a<strong> persones volunt\u00e0ries<\/strong> interessades en l&#8217;acompanyament en situacions de vulnerabilitat. <\/p><\/p>\n\n\n\n<p><p>S\u2019aportaran eines per tal que puguin saber qu\u00e8 \u00e9s el que poden oferir i com poden col\u00b7laborar en situacions concretes.Aquest curs est\u00e0 reconegut pel<strong> Pla de Formaci\u00f3 de l\u2019Associacionisme i el Voluntariat de Catalunya<\/strong> i ofereix l\u2019oportunitat d\u2019obtenir una acreditaci\u00f3. El curs anir\u00e0 a c\u00e0rrec de les docents <strong>Anna Serra<\/strong> i <strong>Irene M\u00e1rquez<\/strong>, professionals del Programa <a href=\"https:\/\/preinfant.org\/\"><strong>Preinfant<\/strong><\/a>.<\/p> <p><strong>PROGRAMA<\/strong><\/p><p style=\"padding-left: 40px;\">> Concepci\u00f3 social de la inf\u00e0ncia<br>> Desenvolupament del nad\u00f3<br>\u00a0 \u00a0 \u00a0 \u00a0<em>Factors de desenvolupament<\/em><br><em>\u00a0 \u00a0 \u00a0 \u00a0Vulnerabilitat<\/em><br><em>\u00a0 \u00a0 \u00a0 \u00a0Compet\u00e8ncia<\/em><br>> Estats de consci\u00e8ncia<br>> Temperament<br>> El vincle afectiu<br>> Per\u00edodes de desenvolupament<br>> Necessitats dels nadons<br>> Maltractament infantil<br>> Sistema Catal\u00e0 de Protecci\u00f3 a la Inf\u00e0ncia<br>> Resili\u00e8ncia<br>> Presentaci\u00f3 del Programa Preinfant<br>> El rol de la persona volunt\u00e0ria<\/p> <p>T&#8217;interessa? Es dur\u00e0 a terme els propers\u00a0<strong>4, 6 i 11 de novembre de 16h a 20h, a ABD C\/Quevedo 2, baixos (Barcelona). <\/strong>La formaci\u00f3 tindr\u00e0 un preu de 10 euros. <strong>Pel voluntariat d&#8217;ABD \u00e9s gratu\u00eft<\/strong>.<\/p><\/p>\n\n\n\n<p><p><strong>Apunta&#8217;t aqu\u00ed!<\/strong> <strong>Places limitades!<\/strong> <strong>https:\/\/forms.gle\/GTb659dvDUiKq7D16<\/strong>\u00a0\u00a0<\/p><\/p>\n\n\n\n<figure class=\"wp-block-image size-large is-resized\"><img decoding=\"async\" src=\"\/wp-content\/uploads\/2020\/07\/TSF_DGJ_suport-2.jpg_489620018-2.jpg\" alt=\"\" class=\"wp-image-16094\" width=\"323\" height=\"98\" srcset=\"https:\/\/abd.ong\/wp-content\/uploads\/2020\/07\/TSF_DGJ_suport-2.jpg_489620018-2.jpg 812w, https:\/\/abd.ong\/wp-content\/uploads\/2020\/07\/TSF_DGJ_suport-2.jpg_489620018-2-300x91.jpg 300w, https:\/\/abd.ong\/wp-content\/uploads\/2020\/07\/TSF_DGJ_suport-2.jpg_489620018-2-768x234.jpg 768w\" sizes=\"(max-width: 323px) 100vw, 323px\" \/><\/figure>\n","protected":false},"excerpt":{"rendered":"<p>L\u2019Escola de Voluntariat\u00a0de l\u2019Associaci\u00f3 Benestar i Desenvolupament ABD ha obert les inscripcions per apuntar-se a una nova formaci\u00f3 b\u00e0sica en mat\u00e8ria d\u2019inf\u00e0ncia i fam\u00edlia per a persones volunt\u00e0ries interessades en&hellip;<\/p>\n","protected":false},"author":1,"featured_media":16091,"comment_status":"closed","ping_status":"closed","sticky":false,"template":"","format":"standard","meta":{"_acf_changed":false,"footnotes":""},"categories":[1293,110],"tags":[395,1724,118],"class_list":["post-10482","post","type-post","status-publish","format-standard","has-post-thumbnail","hentry","category-infancia-y-familia","category-voluntariado","tag-dones","tag-infants","tag-voluntariat","ods-educacio-de-qualitat","ods-igualtat-de-genere","ods-reduccio-de-les-desigualtats","right-dret-a-leducacio","right-dret-a-la-participacio-ciutadana","right-drets-de-la-infancia","right-drets-de-les-dones"],"acf":[],"yoast_head":"<!-- This site is optimized with the Yoast SEO plugin v27.4 - https:\/\/yoast.com\/product\/yoast-seo-wordpress\/ -->\n<title>Obertes les inscripcions pel nou curs de l&#039;Escola de Voluntariat d&#039;ABD sobre acompanyament a infants i fam\u00edlies en situaci\u00f3 de vulnerabilitat - ABD<\/title>\n<meta name=\"description\" content=\"L\u2019Escola de Voluntariat\u00a0de l\u2019Associaci\u00f3 Benestar i Desenvolupament ABD ha obert les inscripcions per apuntar-se a una nova formaci\u00f3 b\u00e0sica en mat\u00e8ria\" \/>\n<meta name=\"robots\" content=\"index, follow, max-snippet:-1, max-image-preview:large, max-video-preview:-1\" \/>\n<link rel=\"canonical\" href=\"https:\/\/abd.ong\/ca\/voluntariat\/obertes-les-inscripcions-pel-nou-curs-de-lescola-de-voluntariat-dabd-sobre-acompanyament-a-infants-i-families-en-situacio-de-vulnerabilitat\/\" \/>\n<meta property=\"og:locale\" content=\"ca_ES\" \/>\n<meta property=\"og:type\" content=\"article\" \/>\n<meta property=\"og:title\" content=\"Obertes les inscripcions pel nou curs de l&#039;Escola de Voluntariat d&#039;ABD sobre acompanyament a infants i fam\u00edlies en situaci\u00f3 de vulnerabilitat - ABD\" \/>\n<meta property=\"og:description\" content=\"L\u2019Escola de Voluntariat\u00a0de l\u2019Associaci\u00f3 Benestar i Desenvolupament ABD ha obert les inscripcions per apuntar-se a una nova formaci\u00f3 b\u00e0sica en mat\u00e8ria\" \/>\n<meta property=\"og:url\" content=\"https:\/\/abd.ong\/ca\/voluntariat\/obertes-les-inscripcions-pel-nou-curs-de-lescola-de-voluntariat-dabd-sobre-acompanyament-a-infants-i-families-en-situacio-de-vulnerabilitat\/\" \/>\n<meta property=\"og:site_name\" content=\"ABD\" \/>\n<meta property=\"article:publisher\" content=\"https:\/\/www.facebook.com\/abd.ong\" \/>\n<meta property=\"article:published_time\" content=\"2019-10-20T22:00:00+00:00\" \/>\n<meta property=\"article:modified_time\" content=\"2024-01-11T10:00:27+00:00\" \/>\n<meta property=\"og:image\" content=\"https:\/\/abd.ong\/wp-content\/uploads\/2019\/10\/crayons-1209804_1920.jpg\" \/>\n\t<meta property=\"og:image:width\" content=\"1920\" \/>\n\t<meta property=\"og:image:height\" content=\"1358\" \/>\n\t<meta property=\"og:image:type\" content=\"image\/jpeg\" \/>\n<meta name=\"author\" content=\"M_Disseny\" \/>\n<meta name=\"twitter:card\" content=\"summary_large_image\" \/>\n<meta name=\"twitter:creator\" content=\"@abd_ong\" \/>\n<meta name=\"twitter:site\" content=\"@abd_ong\" \/>\n<meta name=\"twitter:label1\" content=\"Escrit per\" \/>\n\t<meta name=\"twitter:data1\" content=\"M_Disseny\" \/>\n\t<meta name=\"twitter:label2\" content=\"Temps estimat de lectura\" \/>\n\t<meta name=\"twitter:data2\" content=\"1 minut\" \/>\n<script type=\"application\/ld+json\" class=\"yoast-schema-graph\">{\"@context\":\"https:\\\/\\\/schema.org\",\"@graph\":[{\"@type\":\"Article\",\"@id\":\"https:\\\/\\\/abd.ong\\\/ca\\\/voluntariat\\\/obertes-les-inscripcions-pel-nou-curs-de-lescola-de-voluntariat-dabd-sobre-acompanyament-a-infants-i-families-en-situacio-de-vulnerabilitat\\\/#article\",\"isPartOf\":{\"@id\":\"https:\\\/\\\/abd.ong\\\/ca\\\/voluntariat\\\/obertes-les-inscripcions-pel-nou-curs-de-lescola-de-voluntariat-dabd-sobre-acompanyament-a-infants-i-families-en-situacio-de-vulnerabilitat\\\/\"},\"author\":{\"name\":\"M_Disseny\",\"@id\":\"https:\\\/\\\/abd.ong\\\/ca\\\/#\\\/schema\\\/person\\\/1b9cf116597cda3a4b8900a43c641f6e\"},\"headline\":\"Obertes les inscripcions pel nou curs de l&#8217;Escola de Voluntariat d&#8217;ABD sobre acompanyament a infants i fam\u00edlies en situaci\u00f3 de vulnerabilitat\",\"datePublished\":\"2019-10-20T22:00:00+00:00\",\"dateModified\":\"2024-01-11T10:00:27+00:00\",\"mainEntityOfPage\":{\"@id\":\"https:\\\/\\\/abd.ong\\\/ca\\\/voluntariat\\\/obertes-les-inscripcions-pel-nou-curs-de-lescola-de-voluntariat-dabd-sobre-acompanyament-a-infants-i-families-en-situacio-de-vulnerabilitat\\\/\"},\"wordCount\":234,\"publisher\":{\"@id\":\"https:\\\/\\\/abd.ong\\\/ca\\\/#organization\"},\"image\":{\"@id\":\"https:\\\/\\\/abd.ong\\\/ca\\\/voluntariat\\\/obertes-les-inscripcions-pel-nou-curs-de-lescola-de-voluntariat-dabd-sobre-acompanyament-a-infants-i-families-en-situacio-de-vulnerabilitat\\\/#primaryimage\"},\"thumbnailUrl\":\"https:\\\/\\\/abd.ong\\\/wp-content\\\/uploads\\\/2019\\\/10\\\/crayons-1209804_1920.jpg\",\"keywords\":[\"dones\",\"infants\",\"Voluntariat\"],\"articleSection\":[\"Infancia y familia\",\"Voluntariado\"],\"inLanguage\":\"ca\"},{\"@type\":\"WebPage\",\"@id\":\"https:\\\/\\\/abd.ong\\\/ca\\\/voluntariat\\\/obertes-les-inscripcions-pel-nou-curs-de-lescola-de-voluntariat-dabd-sobre-acompanyament-a-infants-i-families-en-situacio-de-vulnerabilitat\\\/\",\"url\":\"https:\\\/\\\/abd.ong\\\/ca\\\/voluntariat\\\/obertes-les-inscripcions-pel-nou-curs-de-lescola-de-voluntariat-dabd-sobre-acompanyament-a-infants-i-families-en-situacio-de-vulnerabilitat\\\/\",\"name\":\"Obertes les inscripcions pel nou curs de l'Escola de Voluntariat d'ABD sobre acompanyament a infants i fam\u00edlies en situaci\u00f3 de vulnerabilitat - ABD\",\"isPartOf\":{\"@id\":\"https:\\\/\\\/abd.ong\\\/ca\\\/#website\"},\"primaryImageOfPage\":{\"@id\":\"https:\\\/\\\/abd.ong\\\/ca\\\/voluntariat\\\/obertes-les-inscripcions-pel-nou-curs-de-lescola-de-voluntariat-dabd-sobre-acompanyament-a-infants-i-families-en-situacio-de-vulnerabilitat\\\/#primaryimage\"},\"image\":{\"@id\":\"https:\\\/\\\/abd.ong\\\/ca\\\/voluntariat\\\/obertes-les-inscripcions-pel-nou-curs-de-lescola-de-voluntariat-dabd-sobre-acompanyament-a-infants-i-families-en-situacio-de-vulnerabilitat\\\/#primaryimage\"},\"thumbnailUrl\":\"https:\\\/\\\/abd.ong\\\/wp-content\\\/uploads\\\/2019\\\/10\\\/crayons-1209804_1920.jpg\",\"datePublished\":\"2019-10-20T22:00:00+00:00\",\"dateModified\":\"2024-01-11T10:00:27+00:00\",\"description\":\"L\u2019Escola de Voluntariat\u00a0de l\u2019Associaci\u00f3 Benestar i Desenvolupament ABD ha obert les inscripcions per apuntar-se a una nova formaci\u00f3 b\u00e0sica en mat\u00e8ria\",\"breadcrumb\":{\"@id\":\"https:\\\/\\\/abd.ong\\\/ca\\\/voluntariat\\\/obertes-les-inscripcions-pel-nou-curs-de-lescola-de-voluntariat-dabd-sobre-acompanyament-a-infants-i-families-en-situacio-de-vulnerabilitat\\\/#breadcrumb\"},\"inLanguage\":\"ca\",\"potentialAction\":[{\"@type\":\"ReadAction\",\"target\":[\"https:\\\/\\\/abd.ong\\\/ca\\\/voluntariat\\\/obertes-les-inscripcions-pel-nou-curs-de-lescola-de-voluntariat-dabd-sobre-acompanyament-a-infants-i-families-en-situacio-de-vulnerabilitat\\\/\"]}]},{\"@type\":\"ImageObject\",\"inLanguage\":\"ca\",\"@id\":\"https:\\\/\\\/abd.ong\\\/ca\\\/voluntariat\\\/obertes-les-inscripcions-pel-nou-curs-de-lescola-de-voluntariat-dabd-sobre-acompanyament-a-infants-i-families-en-situacio-de-vulnerabilitat\\\/#primaryimage\",\"url\":\"https:\\\/\\\/abd.ong\\\/wp-content\\\/uploads\\\/2019\\\/10\\\/crayons-1209804_1920.jpg\",\"contentUrl\":\"https:\\\/\\\/abd.ong\\\/wp-content\\\/uploads\\\/2019\\\/10\\\/crayons-1209804_1920.jpg\",\"width\":1920,\"height\":1358},{\"@type\":\"BreadcrumbList\",\"@id\":\"https:\\\/\\\/abd.ong\\\/ca\\\/voluntariat\\\/obertes-les-inscripcions-pel-nou-curs-de-lescola-de-voluntariat-dabd-sobre-acompanyament-a-infants-i-families-en-situacio-de-vulnerabilitat\\\/#breadcrumb\",\"itemListElement\":[{\"@type\":\"ListItem\",\"position\":1,\"name\":\"Inici\",\"item\":\"https:\\\/\\\/abd.ong\\\/ca\\\/\"},{\"@type\":\"ListItem\",\"position\":2,\"name\":\"Obertes les inscripcions pel nou curs de l&#8217;Escola de Voluntariat d&#8217;ABD sobre acompanyament a infants i fam\u00edlies en situaci\u00f3 de vulnerabilitat\"}]},{\"@type\":\"WebSite\",\"@id\":\"https:\\\/\\\/abd.ong\\\/ca\\\/#website\",\"url\":\"https:\\\/\\\/abd.ong\\\/ca\\\/\",\"name\":\"ABD\",\"description\":\"Asociaci\u00f3n Bienestar y Desarrollo\",\"publisher\":{\"@id\":\"https:\\\/\\\/abd.ong\\\/ca\\\/#organization\"},\"potentialAction\":[{\"@type\":\"SearchAction\",\"target\":{\"@type\":\"EntryPoint\",\"urlTemplate\":\"https:\\\/\\\/abd.ong\\\/ca\\\/?s={search_term_string}\"},\"query-input\":{\"@type\":\"PropertyValueSpecification\",\"valueRequired\":true,\"valueName\":\"search_term_string\"}}],\"inLanguage\":\"ca\"},{\"@type\":\"Organization\",\"@id\":\"https:\\\/\\\/abd.ong\\\/ca\\\/#organization\",\"name\":\"Associaci\u00f3 Benestar i Desenvolupament\",\"alternateName\":\"ABD\",\"url\":\"https:\\\/\\\/abd.ong\\\/ca\\\/\",\"logo\":{\"@type\":\"ImageObject\",\"inLanguage\":\"ca\",\"@id\":\"https:\\\/\\\/abd.ong\\\/ca\\\/#\\\/schema\\\/logo\\\/image\\\/\",\"url\":\"https:\\\/\\\/abd.ong\\\/wp-content\\\/uploads\\\/2023\\\/01\\\/Icona.png\",\"contentUrl\":\"https:\\\/\\\/abd.ong\\\/wp-content\\\/uploads\\\/2023\\\/01\\\/Icona.png\",\"width\":190,\"height\":187,\"caption\":\"Associaci\u00f3 Benestar i Desenvolupament\"},\"image\":{\"@id\":\"https:\\\/\\\/abd.ong\\\/ca\\\/#\\\/schema\\\/logo\\\/image\\\/\"},\"sameAs\":[\"https:\\\/\\\/www.facebook.com\\\/abd.ong\",\"https:\\\/\\\/x.com\\\/abd_ong\",\"https:\\\/\\\/www.instagram.com\\\/abd_ong\\\/\",\"https:\\\/\\\/www.linkedin.com\\\/company\\\/abdong\",\"https:\\\/\\\/www.youtube.com\\\/user\\\/CANALABD\"]},{\"@type\":\"Person\",\"@id\":\"https:\\\/\\\/abd.ong\\\/ca\\\/#\\\/schema\\\/person\\\/1b9cf116597cda3a4b8900a43c641f6e\",\"name\":\"M_Disseny\"}]}<\/script>\n<!-- \/ Yoast SEO plugin. -->","yoast_head_json":{"title":"Obertes les inscripcions pel nou curs de l'Escola de Voluntariat d'ABD sobre acompanyament a infants i fam\u00edlies en situaci\u00f3 de vulnerabilitat - ABD","description":"L\u2019Escola de Voluntariat\u00a0de l\u2019Associaci\u00f3 Benestar i Desenvolupament ABD ha obert les inscripcions per apuntar-se a una nova formaci\u00f3 b\u00e0sica en mat\u00e8ria","robots":{"index":"index","follow":"follow","max-snippet":"max-snippet:-1","max-image-preview":"max-image-preview:large","max-video-preview":"max-video-preview:-1"},"canonical":"https:\/\/abd.ong\/ca\/voluntariat\/obertes-les-inscripcions-pel-nou-curs-de-lescola-de-voluntariat-dabd-sobre-acompanyament-a-infants-i-families-en-situacio-de-vulnerabilitat\/","og_locale":"ca_ES","og_type":"article","og_title":"Obertes les inscripcions pel nou curs de l'Escola de Voluntariat d'ABD sobre acompanyament a infants i fam\u00edlies en situaci\u00f3 de vulnerabilitat - ABD","og_description":"L\u2019Escola de Voluntariat\u00a0de l\u2019Associaci\u00f3 Benestar i Desenvolupament ABD ha obert les inscripcions per apuntar-se a una nova formaci\u00f3 b\u00e0sica en mat\u00e8ria","og_url":"https:\/\/abd.ong\/ca\/voluntariat\/obertes-les-inscripcions-pel-nou-curs-de-lescola-de-voluntariat-dabd-sobre-acompanyament-a-infants-i-families-en-situacio-de-vulnerabilitat\/","og_site_name":"ABD","article_publisher":"https:\/\/www.facebook.com\/abd.ong","article_published_time":"2019-10-20T22:00:00+00:00","article_modified_time":"2024-01-11T10:00:27+00:00","og_image":[{"width":1920,"height":1358,"url":"https:\/\/abd.ong\/wp-content\/uploads\/2019\/10\/crayons-1209804_1920.jpg","type":"image\/jpeg"}],"author":"M_Disseny","twitter_card":"summary_large_image","twitter_creator":"@abd_ong","twitter_site":"@abd_ong","twitter_misc":{"Escrit per":"M_Disseny","Temps estimat de lectura":"1 minut"},"schema":{"@context":"https:\/\/schema.org","@graph":[{"@type":"Article","@id":"https:\/\/abd.ong\/ca\/voluntariat\/obertes-les-inscripcions-pel-nou-curs-de-lescola-de-voluntariat-dabd-sobre-acompanyament-a-infants-i-families-en-situacio-de-vulnerabilitat\/#article","isPartOf":{"@id":"https:\/\/abd.ong\/ca\/voluntariat\/obertes-les-inscripcions-pel-nou-curs-de-lescola-de-voluntariat-dabd-sobre-acompanyament-a-infants-i-families-en-situacio-de-vulnerabilitat\/"},"author":{"name":"M_Disseny","@id":"https:\/\/abd.ong\/ca\/#\/schema\/person\/1b9cf116597cda3a4b8900a43c641f6e"},"headline":"Obertes les inscripcions pel nou curs de l&#8217;Escola de Voluntariat d&#8217;ABD sobre acompanyament a infants i fam\u00edlies en situaci\u00f3 de vulnerabilitat","datePublished":"2019-10-20T22:00:00+00:00","dateModified":"2024-01-11T10:00:27+00:00","mainEntityOfPage":{"@id":"https:\/\/abd.ong\/ca\/voluntariat\/obertes-les-inscripcions-pel-nou-curs-de-lescola-de-voluntariat-dabd-sobre-acompanyament-a-infants-i-families-en-situacio-de-vulnerabilitat\/"},"wordCount":234,"publisher":{"@id":"https:\/\/abd.ong\/ca\/#organization"},"image":{"@id":"https:\/\/abd.ong\/ca\/voluntariat\/obertes-les-inscripcions-pel-nou-curs-de-lescola-de-voluntariat-dabd-sobre-acompanyament-a-infants-i-families-en-situacio-de-vulnerabilitat\/#primaryimage"},"thumbnailUrl":"https:\/\/abd.ong\/wp-content\/uploads\/2019\/10\/crayons-1209804_1920.jpg","keywords":["dones","infants","Voluntariat"],"articleSection":["Infancia y familia","Voluntariado"],"inLanguage":"ca"},{"@type":"WebPage","@id":"https:\/\/abd.ong\/ca\/voluntariat\/obertes-les-inscripcions-pel-nou-curs-de-lescola-de-voluntariat-dabd-sobre-acompanyament-a-infants-i-families-en-situacio-de-vulnerabilitat\/","url":"https:\/\/abd.ong\/ca\/voluntariat\/obertes-les-inscripcions-pel-nou-curs-de-lescola-de-voluntariat-dabd-sobre-acompanyament-a-infants-i-families-en-situacio-de-vulnerabilitat\/","name":"Obertes les inscripcions pel nou curs de l'Escola de Voluntariat d'ABD sobre acompanyament a infants i fam\u00edlies en situaci\u00f3 de vulnerabilitat - ABD","isPartOf":{"@id":"https:\/\/abd.ong\/ca\/#website"},"primaryImageOfPage":{"@id":"https:\/\/abd.ong\/ca\/voluntariat\/obertes-les-inscripcions-pel-nou-curs-de-lescola-de-voluntariat-dabd-sobre-acompanyament-a-infants-i-families-en-situacio-de-vulnerabilitat\/#primaryimage"},"image":{"@id":"https:\/\/abd.ong\/ca\/voluntariat\/obertes-les-inscripcions-pel-nou-curs-de-lescola-de-voluntariat-dabd-sobre-acompanyament-a-infants-i-families-en-situacio-de-vulnerabilitat\/#primaryimage"},"thumbnailUrl":"https:\/\/abd.ong\/wp-content\/uploads\/2019\/10\/crayons-1209804_1920.jpg","datePublished":"2019-10-20T22:00:00+00:00","dateModified":"2024-01-11T10:00:27+00:00","description":"L\u2019Escola de Voluntariat\u00a0de l\u2019Associaci\u00f3 Benestar i Desenvolupament ABD ha obert les inscripcions per apuntar-se a una nova formaci\u00f3 b\u00e0sica en mat\u00e8ria","breadcrumb":{"@id":"https:\/\/abd.ong\/ca\/voluntariat\/obertes-les-inscripcions-pel-nou-curs-de-lescola-de-voluntariat-dabd-sobre-acompanyament-a-infants-i-families-en-situacio-de-vulnerabilitat\/#breadcrumb"},"inLanguage":"ca","potentialAction":[{"@type":"ReadAction","target":["https:\/\/abd.ong\/ca\/voluntariat\/obertes-les-inscripcions-pel-nou-curs-de-lescola-de-voluntariat-dabd-sobre-acompanyament-a-infants-i-families-en-situacio-de-vulnerabilitat\/"]}]},{"@type":"ImageObject","inLanguage":"ca","@id":"https:\/\/abd.ong\/ca\/voluntariat\/obertes-les-inscripcions-pel-nou-curs-de-lescola-de-voluntariat-dabd-sobre-acompanyament-a-infants-i-families-en-situacio-de-vulnerabilitat\/#primaryimage","url":"https:\/\/abd.ong\/wp-content\/uploads\/2019\/10\/crayons-1209804_1920.jpg","contentUrl":"https:\/\/abd.ong\/wp-content\/uploads\/2019\/10\/crayons-1209804_1920.jpg","width":1920,"height":1358},{"@type":"BreadcrumbList","@id":"https:\/\/abd.ong\/ca\/voluntariat\/obertes-les-inscripcions-pel-nou-curs-de-lescola-de-voluntariat-dabd-sobre-acompanyament-a-infants-i-families-en-situacio-de-vulnerabilitat\/#breadcrumb","itemListElement":[{"@type":"ListItem","position":1,"name":"Inici","item":"https:\/\/abd.ong\/ca\/"},{"@type":"ListItem","position":2,"name":"Obertes les inscripcions pel nou curs de l&#8217;Escola de Voluntariat d&#8217;ABD sobre acompanyament a infants i fam\u00edlies en situaci\u00f3 de vulnerabilitat"}]},{"@type":"WebSite","@id":"https:\/\/abd.ong\/ca\/#website","url":"https:\/\/abd.ong\/ca\/","name":"ABD","description":"Asociaci\u00f3n Bienestar y Desarrollo","publisher":{"@id":"https:\/\/abd.ong\/ca\/#organization"},"potentialAction":[{"@type":"SearchAction","target":{"@type":"EntryPoint","urlTemplate":"https:\/\/abd.ong\/ca\/?s={search_term_string}"},"query-input":{"@type":"PropertyValueSpecification","valueRequired":true,"valueName":"search_term_string"}}],"inLanguage":"ca"},{"@type":"Organization","@id":"https:\/\/abd.ong\/ca\/#organization","name":"Associaci\u00f3 Benestar i Desenvolupament","alternateName":"ABD","url":"https:\/\/abd.ong\/ca\/","logo":{"@type":"ImageObject","inLanguage":"ca","@id":"https:\/\/abd.ong\/ca\/#\/schema\/logo\/image\/","url":"https:\/\/abd.ong\/wp-content\/uploads\/2023\/01\/Icona.png","contentUrl":"https:\/\/abd.ong\/wp-content\/uploads\/2023\/01\/Icona.png","width":190,"height":187,"caption":"Associaci\u00f3 Benestar i Desenvolupament"},"image":{"@id":"https:\/\/abd.ong\/ca\/#\/schema\/logo\/image\/"},"sameAs":["https:\/\/www.facebook.com\/abd.ong","https:\/\/x.com\/abd_ong","https:\/\/www.instagram.com\/abd_ong\/","https:\/\/www.linkedin.com\/company\/abdong","https:\/\/www.youtube.com\/user\/CANALABD"]},{"@type":"Person","@id":"https:\/\/abd.ong\/ca\/#\/schema\/person\/1b9cf116597cda3a4b8900a43c641f6e","name":"M_Disseny"}]}},"_links":{"self":[{"href":"https:\/\/abd.ong\/ca\/wp-json\/wp\/v2\/posts\/10482","targetHints":{"allow":["GET"]}}],"collection":[{"href":"https:\/\/abd.ong\/ca\/wp-json\/wp\/v2\/posts"}],"about":[{"href":"https:\/\/abd.ong\/ca\/wp-json\/wp\/v2\/types\/post"}],"author":[{"embeddable":true,"href":"https:\/\/abd.ong\/ca\/wp-json\/wp\/v2\/users\/1"}],"replies":[{"embeddable":true,"href":"https:\/\/abd.ong\/ca\/wp-json\/wp\/v2\/comments?post=10482"}],"version-history":[{"count":3,"href":"https:\/\/abd.ong\/ca\/wp-json\/wp\/v2\/posts\/10482\/revisions"}],"predecessor-version":[{"id":156911,"href":"https:\/\/abd.ong\/ca\/wp-json\/wp\/v2\/posts\/10482\/revisions\/156911"}],"wp:featuredmedia":[{"embeddable":true,"href":"https:\/\/abd.ong\/ca\/wp-json\/wp\/v2\/media\/16091"}],"wp:attachment":[{"href":"https:\/\/abd.ong\/ca\/wp-json\/wp\/v2\/media?parent=10482"}],"wp:term":[{"taxonomy":"category","embeddable":true,"href":"https:\/\/abd.ong\/ca\/wp-json\/wp\/v2\/categories?post=10482"},{"taxonomy":"post_tag","embeddable":true,"href":"https:\/\/abd.ong\/ca\/wp-json\/wp\/v2\/tags?post=10482"}],"curies":[{"name":"wp","href":"https:\/\/api.w.org\/{rel}","templated":true}]}}