{"id":10440,"date":"2019-09-23T00:00:00","date_gmt":"2019-09-22T22:00:00","guid":{"rendered":"https:\/\/abd.ong\/sin-categorizar\/les-persones-usuaries-del-centre-obert-habilitare-abd-torrent-a-valencia-donen-aliments-a-la-delegacio-de-carites-de-la-zona\/"},"modified":"2020-03-12T12:39:40","modified_gmt":"2020-03-12T11:39:40","slug":"les-persones-usuaries-del-centre-obert-habilitare-abd-torrent-a-valencia-donen-aliments-a-la-delegacio-de-carites-de-la-zona","status":"publish","type":"post","link":"https:\/\/abd.ong\/ca\/desigualtat\/les-persones-usuaries-del-centre-obert-habilitare-abd-torrent-a-valencia-donen-aliments-a-la-delegacio-de-carites-de-la-zona\/","title":{"rendered":"Les persones usu\u00e0ries del Centre Obert Habilitare ABD Torrent, a Val\u00e8ncia, donen aliments a la delegaci\u00f3 de C\u00e0rites de la zona"},"content":{"rendered":"<div>Aquesta setmana els<strong> usuaris i usu\u00e0ries del <a href=\"http:\/\/centroocupacionaltorrent.blogspot.com\/\">Centre Obert Habilitare ABD<\/a><\/strong> de discapacitat intel\u00b7lectual del municipi de Torrent, a Val\u00e8ncia, han realitzat una <strong>donaci\u00f3 d&#8217;aliments<\/strong> a <a href=\"https:\/\/www.caritasvalencia.org\/\"><strong>C\u00e0rites Torrent<\/strong><\/a>. Aquests productes surten de la <strong>II Campanya Solid\u00e0ria de recollida d&#8217;aliments<\/strong> que han decidit organitzar al CO.<\/div>\n<div>\u00a0<\/div>\n\n\n<p> Despr\u00e9s de l&#8217;<strong>\u00e8xit de la campanya de recollida del Nadal<\/strong>, les persones usu\u00e0ries van proposar fer-ne m\u00e9s durant l&#8217;any, i no nom\u00e9s en dates assenyalades. A trav\u00e9s dels \u00f2rgans de participaci\u00f3, els joves van prendre la iniciativa per fer-ho.<\/p>\n\n\n\n<p>En la tornada de les vacances d&#8217;estiu, es va assenyalar un dia perqu\u00e8 les fam\u00edlies portessin productes sense caducitat. &#8220;Despr\u00e9s d&#8217;aix\u00f2, es van organitzar amb un monitor per portar-ho personalment a C\u00e0rites&#8221;, ha explicat la directora del CO Sandra Abril. &#8220;<strong>Agra\u00efm tota la col\u00b7laboraci\u00f3!<\/strong>&#8220;. <\/p>\n","protected":false},"excerpt":{"rendered":"<p>Aquesta setmana els usuaris i usu\u00e0ries del Centre Obert Habilitare ABD de discapacitat intel\u00b7lectual del municipi de Torrent, a Val\u00e8ncia, han realitzat una donaci\u00f3 d&#8217;aliments a C\u00e0rites Torrent. Aquests productes&hellip;<\/p>\n","protected":false},"author":1,"featured_media":4253,"comment_status":"closed","ping_status":"closed","sticky":false,"template":"","format":"standard","meta":{"_acf_changed":false,"footnotes":""},"categories":[1299,1300],"tags":[1151,1731,678],"class_list":["post-10440","post","type-post","status-publish","format-standard","has-post-thumbnail","hentry","category-desigualtat","category-discapacitat","tag-discapacitat-ca-3","tag-donacio-aliments","tag-torrent-ca","ods-fam-zero","ods-reduccio-de-les-desigualtats","ods-salut-i-benestar","right-dret-a-la-integritat-personal","right-dret-a-la-participacio-ciutadana"],"acf":[],"yoast_head":"<!-- This site is optimized with the Yoast SEO plugin v27.4 - https:\/\/yoast.com\/product\/yoast-seo-wordpress\/ -->\n<title>Les persones usu\u00e0ries del Centre Obert Habilitare ABD Torrent, a Val\u00e8ncia, donen aliments a la delegaci\u00f3 de C\u00e0rites de la zona - ABD<\/title>\n<meta name=\"description\" content=\"Aquesta setmana els usuaris i usu\u00e0ries del Centre Obert Habilitare ABD de discapacitat intel\u00b7lectual del municipi de Torrent, a Val\u00e8ncia, han realitzat\" \/>\n<meta name=\"robots\" content=\"index, follow, max-snippet:-1, max-image-preview:large, max-video-preview:-1\" \/>\n<link rel=\"canonical\" href=\"https:\/\/abd.ong\/ca\/desigualtat\/les-persones-usuaries-del-centre-obert-habilitare-abd-torrent-a-valencia-donen-aliments-a-la-delegacio-de-carites-de-la-zona\/\" \/>\n<meta property=\"og:locale\" content=\"ca_ES\" \/>\n<meta property=\"og:type\" content=\"article\" \/>\n<meta property=\"og:title\" content=\"Les persones usu\u00e0ries del Centre Obert Habilitare ABD Torrent, a Val\u00e8ncia, donen aliments a la delegaci\u00f3 de C\u00e0rites de la zona - ABD\" \/>\n<meta property=\"og:description\" content=\"Aquesta setmana els usuaris i usu\u00e0ries del Centre Obert Habilitare ABD de discapacitat intel\u00b7lectual del municipi de Torrent, a Val\u00e8ncia, han realitzat\" \/>\n<meta property=\"og:url\" content=\"https:\/\/abd.ong\/ca\/desigualtat\/les-persones-usuaries-del-centre-obert-habilitare-abd-torrent-a-valencia-donen-aliments-a-la-delegacio-de-carites-de-la-zona\/\" \/>\n<meta property=\"og:site_name\" content=\"ABD\" \/>\n<meta property=\"article:publisher\" content=\"https:\/\/www.facebook.com\/abd.ong\" \/>\n<meta property=\"article:published_time\" content=\"2019-09-22T22:00:00+00:00\" \/>\n<meta property=\"article:modified_time\" content=\"2020-03-12T11:39:40+00:00\" \/>\n<meta property=\"og:image\" content=\"https:\/\/abd.ong\/wp-content\/uploads\/1970\/01\/IMG-20190917-WA0002.jpg\" \/>\n\t<meta property=\"og:image:width\" content=\"1324\" \/>\n\t<meta property=\"og:image:height\" content=\"884\" \/>\n\t<meta property=\"og:image:type\" content=\"image\/jpeg\" \/>\n<meta name=\"author\" content=\"M_Disseny\" \/>\n<meta name=\"twitter:card\" content=\"summary_large_image\" \/>\n<meta name=\"twitter:creator\" content=\"@abd_ong\" \/>\n<meta name=\"twitter:site\" content=\"@abd_ong\" \/>\n<meta name=\"twitter:label1\" content=\"Escrit per\" \/>\n\t<meta name=\"twitter:data1\" content=\"M_Disseny\" \/>\n\t<meta name=\"twitter:label2\" content=\"Temps estimat de lectura\" \/>\n\t<meta name=\"twitter:data2\" content=\"1 minut\" \/>\n<script type=\"application\/ld+json\" class=\"yoast-schema-graph\">{\"@context\":\"https:\\\/\\\/schema.org\",\"@graph\":[{\"@type\":\"Article\",\"@id\":\"https:\\\/\\\/abd.ong\\\/ca\\\/desigualtat\\\/les-persones-usuaries-del-centre-obert-habilitare-abd-torrent-a-valencia-donen-aliments-a-la-delegacio-de-carites-de-la-zona\\\/#article\",\"isPartOf\":{\"@id\":\"https:\\\/\\\/abd.ong\\\/ca\\\/desigualtat\\\/les-persones-usuaries-del-centre-obert-habilitare-abd-torrent-a-valencia-donen-aliments-a-la-delegacio-de-carites-de-la-zona\\\/\"},\"author\":{\"name\":\"M_Disseny\",\"@id\":\"https:\\\/\\\/abd.ong\\\/ca\\\/#\\\/schema\\\/person\\\/1b9cf116597cda3a4b8900a43c641f6e\"},\"headline\":\"Les persones usu\u00e0ries del Centre Obert Habilitare ABD Torrent, a Val\u00e8ncia, donen aliments a la delegaci\u00f3 de C\u00e0rites de la zona\",\"datePublished\":\"2019-09-22T22:00:00+00:00\",\"dateModified\":\"2020-03-12T11:39:40+00:00\",\"mainEntityOfPage\":{\"@id\":\"https:\\\/\\\/abd.ong\\\/ca\\\/desigualtat\\\/les-persones-usuaries-del-centre-obert-habilitare-abd-torrent-a-valencia-donen-aliments-a-la-delegacio-de-carites-de-la-zona\\\/\"},\"wordCount\":173,\"publisher\":{\"@id\":\"https:\\\/\\\/abd.ong\\\/ca\\\/#organization\"},\"image\":{\"@id\":\"https:\\\/\\\/abd.ong\\\/ca\\\/desigualtat\\\/les-persones-usuaries-del-centre-obert-habilitare-abd-torrent-a-valencia-donen-aliments-a-la-delegacio-de-carites-de-la-zona\\\/#primaryimage\"},\"thumbnailUrl\":\"https:\\\/\\\/abd.ong\\\/wp-content\\\/uploads\\\/1970\\\/01\\\/IMG-20190917-WA0002.jpg\",\"keywords\":[\"discapacitat\",\"donaci\u00f3 aliments\",\"Torrent\"],\"articleSection\":[\"Desigualtat\",\"Discapacitat intel\u00b7lectual\"],\"inLanguage\":\"ca\"},{\"@type\":\"WebPage\",\"@id\":\"https:\\\/\\\/abd.ong\\\/ca\\\/desigualtat\\\/les-persones-usuaries-del-centre-obert-habilitare-abd-torrent-a-valencia-donen-aliments-a-la-delegacio-de-carites-de-la-zona\\\/\",\"url\":\"https:\\\/\\\/abd.ong\\\/ca\\\/desigualtat\\\/les-persones-usuaries-del-centre-obert-habilitare-abd-torrent-a-valencia-donen-aliments-a-la-delegacio-de-carites-de-la-zona\\\/\",\"name\":\"Les persones usu\u00e0ries del Centre Obert Habilitare ABD Torrent, a Val\u00e8ncia, donen aliments a la delegaci\u00f3 de C\u00e0rites de la zona - ABD\",\"isPartOf\":{\"@id\":\"https:\\\/\\\/abd.ong\\\/ca\\\/#website\"},\"primaryImageOfPage\":{\"@id\":\"https:\\\/\\\/abd.ong\\\/ca\\\/desigualtat\\\/les-persones-usuaries-del-centre-obert-habilitare-abd-torrent-a-valencia-donen-aliments-a-la-delegacio-de-carites-de-la-zona\\\/#primaryimage\"},\"image\":{\"@id\":\"https:\\\/\\\/abd.ong\\\/ca\\\/desigualtat\\\/les-persones-usuaries-del-centre-obert-habilitare-abd-torrent-a-valencia-donen-aliments-a-la-delegacio-de-carites-de-la-zona\\\/#primaryimage\"},\"thumbnailUrl\":\"https:\\\/\\\/abd.ong\\\/wp-content\\\/uploads\\\/1970\\\/01\\\/IMG-20190917-WA0002.jpg\",\"datePublished\":\"2019-09-22T22:00:00+00:00\",\"dateModified\":\"2020-03-12T11:39:40+00:00\",\"description\":\"Aquesta setmana els usuaris i usu\u00e0ries del Centre Obert Habilitare ABD de discapacitat intel\u00b7lectual del municipi de Torrent, a Val\u00e8ncia, han realitzat\",\"breadcrumb\":{\"@id\":\"https:\\\/\\\/abd.ong\\\/ca\\\/desigualtat\\\/les-persones-usuaries-del-centre-obert-habilitare-abd-torrent-a-valencia-donen-aliments-a-la-delegacio-de-carites-de-la-zona\\\/#breadcrumb\"},\"inLanguage\":\"ca\",\"potentialAction\":[{\"@type\":\"ReadAction\",\"target\":[\"https:\\\/\\\/abd.ong\\\/ca\\\/desigualtat\\\/les-persones-usuaries-del-centre-obert-habilitare-abd-torrent-a-valencia-donen-aliments-a-la-delegacio-de-carites-de-la-zona\\\/\"]}]},{\"@type\":\"ImageObject\",\"inLanguage\":\"ca\",\"@id\":\"https:\\\/\\\/abd.ong\\\/ca\\\/desigualtat\\\/les-persones-usuaries-del-centre-obert-habilitare-abd-torrent-a-valencia-donen-aliments-a-la-delegacio-de-carites-de-la-zona\\\/#primaryimage\",\"url\":\"https:\\\/\\\/abd.ong\\\/wp-content\\\/uploads\\\/1970\\\/01\\\/IMG-20190917-WA0002.jpg\",\"contentUrl\":\"https:\\\/\\\/abd.ong\\\/wp-content\\\/uploads\\\/1970\\\/01\\\/IMG-20190917-WA0002.jpg\",\"width\":1324,\"height\":884},{\"@type\":\"BreadcrumbList\",\"@id\":\"https:\\\/\\\/abd.ong\\\/ca\\\/desigualtat\\\/les-persones-usuaries-del-centre-obert-habilitare-abd-torrent-a-valencia-donen-aliments-a-la-delegacio-de-carites-de-la-zona\\\/#breadcrumb\",\"itemListElement\":[{\"@type\":\"ListItem\",\"position\":1,\"name\":\"Inici\",\"item\":\"https:\\\/\\\/abd.ong\\\/ca\\\/\"},{\"@type\":\"ListItem\",\"position\":2,\"name\":\"Les persones usu\u00e0ries del Centre Obert Habilitare ABD Torrent, a Val\u00e8ncia, donen aliments a la delegaci\u00f3 de C\u00e0rites de la zona\"}]},{\"@type\":\"WebSite\",\"@id\":\"https:\\\/\\\/abd.ong\\\/ca\\\/#website\",\"url\":\"https:\\\/\\\/abd.ong\\\/ca\\\/\",\"name\":\"ABD\",\"description\":\"Asociaci\u00f3n Bienestar y Desarrollo\",\"publisher\":{\"@id\":\"https:\\\/\\\/abd.ong\\\/ca\\\/#organization\"},\"potentialAction\":[{\"@type\":\"SearchAction\",\"target\":{\"@type\":\"EntryPoint\",\"urlTemplate\":\"https:\\\/\\\/abd.ong\\\/ca\\\/?s={search_term_string}\"},\"query-input\":{\"@type\":\"PropertyValueSpecification\",\"valueRequired\":true,\"valueName\":\"search_term_string\"}}],\"inLanguage\":\"ca\"},{\"@type\":\"Organization\",\"@id\":\"https:\\\/\\\/abd.ong\\\/ca\\\/#organization\",\"name\":\"Associaci\u00f3 Benestar i Desenvolupament\",\"alternateName\":\"ABD\",\"url\":\"https:\\\/\\\/abd.ong\\\/ca\\\/\",\"logo\":{\"@type\":\"ImageObject\",\"inLanguage\":\"ca\",\"@id\":\"https:\\\/\\\/abd.ong\\\/ca\\\/#\\\/schema\\\/logo\\\/image\\\/\",\"url\":\"https:\\\/\\\/abd.ong\\\/wp-content\\\/uploads\\\/2023\\\/01\\\/Icona.png\",\"contentUrl\":\"https:\\\/\\\/abd.ong\\\/wp-content\\\/uploads\\\/2023\\\/01\\\/Icona.png\",\"width\":190,\"height\":187,\"caption\":\"Associaci\u00f3 Benestar i Desenvolupament\"},\"image\":{\"@id\":\"https:\\\/\\\/abd.ong\\\/ca\\\/#\\\/schema\\\/logo\\\/image\\\/\"},\"sameAs\":[\"https:\\\/\\\/www.facebook.com\\\/abd.ong\",\"https:\\\/\\\/x.com\\\/abd_ong\",\"https:\\\/\\\/www.instagram.com\\\/abd_ong\\\/\",\"https:\\\/\\\/www.linkedin.com\\\/company\\\/abdong\",\"https:\\\/\\\/www.youtube.com\\\/user\\\/CANALABD\"]},{\"@type\":\"Person\",\"@id\":\"https:\\\/\\\/abd.ong\\\/ca\\\/#\\\/schema\\\/person\\\/1b9cf116597cda3a4b8900a43c641f6e\",\"name\":\"M_Disseny\"}]}<\/script>\n<!-- \/ Yoast SEO plugin. -->","yoast_head_json":{"title":"Les persones usu\u00e0ries del Centre Obert Habilitare ABD Torrent, a Val\u00e8ncia, donen aliments a la delegaci\u00f3 de C\u00e0rites de la zona - ABD","description":"Aquesta setmana els usuaris i usu\u00e0ries del Centre Obert Habilitare ABD de discapacitat intel\u00b7lectual del municipi de Torrent, a Val\u00e8ncia, han realitzat","robots":{"index":"index","follow":"follow","max-snippet":"max-snippet:-1","max-image-preview":"max-image-preview:large","max-video-preview":"max-video-preview:-1"},"canonical":"https:\/\/abd.ong\/ca\/desigualtat\/les-persones-usuaries-del-centre-obert-habilitare-abd-torrent-a-valencia-donen-aliments-a-la-delegacio-de-carites-de-la-zona\/","og_locale":"ca_ES","og_type":"article","og_title":"Les persones usu\u00e0ries del Centre Obert Habilitare ABD Torrent, a Val\u00e8ncia, donen aliments a la delegaci\u00f3 de C\u00e0rites de la zona - ABD","og_description":"Aquesta setmana els usuaris i usu\u00e0ries del Centre Obert Habilitare ABD de discapacitat intel\u00b7lectual del municipi de Torrent, a Val\u00e8ncia, han realitzat","og_url":"https:\/\/abd.ong\/ca\/desigualtat\/les-persones-usuaries-del-centre-obert-habilitare-abd-torrent-a-valencia-donen-aliments-a-la-delegacio-de-carites-de-la-zona\/","og_site_name":"ABD","article_publisher":"https:\/\/www.facebook.com\/abd.ong","article_published_time":"2019-09-22T22:00:00+00:00","article_modified_time":"2020-03-12T11:39:40+00:00","og_image":[{"width":1324,"height":884,"url":"https:\/\/abd.ong\/wp-content\/uploads\/1970\/01\/IMG-20190917-WA0002.jpg","type":"image\/jpeg"}],"author":"M_Disseny","twitter_card":"summary_large_image","twitter_creator":"@abd_ong","twitter_site":"@abd_ong","twitter_misc":{"Escrit per":"M_Disseny","Temps estimat de lectura":"1 minut"},"schema":{"@context":"https:\/\/schema.org","@graph":[{"@type":"Article","@id":"https:\/\/abd.ong\/ca\/desigualtat\/les-persones-usuaries-del-centre-obert-habilitare-abd-torrent-a-valencia-donen-aliments-a-la-delegacio-de-carites-de-la-zona\/#article","isPartOf":{"@id":"https:\/\/abd.ong\/ca\/desigualtat\/les-persones-usuaries-del-centre-obert-habilitare-abd-torrent-a-valencia-donen-aliments-a-la-delegacio-de-carites-de-la-zona\/"},"author":{"name":"M_Disseny","@id":"https:\/\/abd.ong\/ca\/#\/schema\/person\/1b9cf116597cda3a4b8900a43c641f6e"},"headline":"Les persones usu\u00e0ries del Centre Obert Habilitare ABD Torrent, a Val\u00e8ncia, donen aliments a la delegaci\u00f3 de C\u00e0rites de la zona","datePublished":"2019-09-22T22:00:00+00:00","dateModified":"2020-03-12T11:39:40+00:00","mainEntityOfPage":{"@id":"https:\/\/abd.ong\/ca\/desigualtat\/les-persones-usuaries-del-centre-obert-habilitare-abd-torrent-a-valencia-donen-aliments-a-la-delegacio-de-carites-de-la-zona\/"},"wordCount":173,"publisher":{"@id":"https:\/\/abd.ong\/ca\/#organization"},"image":{"@id":"https:\/\/abd.ong\/ca\/desigualtat\/les-persones-usuaries-del-centre-obert-habilitare-abd-torrent-a-valencia-donen-aliments-a-la-delegacio-de-carites-de-la-zona\/#primaryimage"},"thumbnailUrl":"https:\/\/abd.ong\/wp-content\/uploads\/1970\/01\/IMG-20190917-WA0002.jpg","keywords":["discapacitat","donaci\u00f3 aliments","Torrent"],"articleSection":["Desigualtat","Discapacitat intel\u00b7lectual"],"inLanguage":"ca"},{"@type":"WebPage","@id":"https:\/\/abd.ong\/ca\/desigualtat\/les-persones-usuaries-del-centre-obert-habilitare-abd-torrent-a-valencia-donen-aliments-a-la-delegacio-de-carites-de-la-zona\/","url":"https:\/\/abd.ong\/ca\/desigualtat\/les-persones-usuaries-del-centre-obert-habilitare-abd-torrent-a-valencia-donen-aliments-a-la-delegacio-de-carites-de-la-zona\/","name":"Les persones usu\u00e0ries del Centre Obert Habilitare ABD Torrent, a Val\u00e8ncia, donen aliments a la delegaci\u00f3 de C\u00e0rites de la zona - ABD","isPartOf":{"@id":"https:\/\/abd.ong\/ca\/#website"},"primaryImageOfPage":{"@id":"https:\/\/abd.ong\/ca\/desigualtat\/les-persones-usuaries-del-centre-obert-habilitare-abd-torrent-a-valencia-donen-aliments-a-la-delegacio-de-carites-de-la-zona\/#primaryimage"},"image":{"@id":"https:\/\/abd.ong\/ca\/desigualtat\/les-persones-usuaries-del-centre-obert-habilitare-abd-torrent-a-valencia-donen-aliments-a-la-delegacio-de-carites-de-la-zona\/#primaryimage"},"thumbnailUrl":"https:\/\/abd.ong\/wp-content\/uploads\/1970\/01\/IMG-20190917-WA0002.jpg","datePublished":"2019-09-22T22:00:00+00:00","dateModified":"2020-03-12T11:39:40+00:00","description":"Aquesta setmana els usuaris i usu\u00e0ries del Centre Obert Habilitare ABD de discapacitat intel\u00b7lectual del municipi de Torrent, a Val\u00e8ncia, han realitzat","breadcrumb":{"@id":"https:\/\/abd.ong\/ca\/desigualtat\/les-persones-usuaries-del-centre-obert-habilitare-abd-torrent-a-valencia-donen-aliments-a-la-delegacio-de-carites-de-la-zona\/#breadcrumb"},"inLanguage":"ca","potentialAction":[{"@type":"ReadAction","target":["https:\/\/abd.ong\/ca\/desigualtat\/les-persones-usuaries-del-centre-obert-habilitare-abd-torrent-a-valencia-donen-aliments-a-la-delegacio-de-carites-de-la-zona\/"]}]},{"@type":"ImageObject","inLanguage":"ca","@id":"https:\/\/abd.ong\/ca\/desigualtat\/les-persones-usuaries-del-centre-obert-habilitare-abd-torrent-a-valencia-donen-aliments-a-la-delegacio-de-carites-de-la-zona\/#primaryimage","url":"https:\/\/abd.ong\/wp-content\/uploads\/1970\/01\/IMG-20190917-WA0002.jpg","contentUrl":"https:\/\/abd.ong\/wp-content\/uploads\/1970\/01\/IMG-20190917-WA0002.jpg","width":1324,"height":884},{"@type":"BreadcrumbList","@id":"https:\/\/abd.ong\/ca\/desigualtat\/les-persones-usuaries-del-centre-obert-habilitare-abd-torrent-a-valencia-donen-aliments-a-la-delegacio-de-carites-de-la-zona\/#breadcrumb","itemListElement":[{"@type":"ListItem","position":1,"name":"Inici","item":"https:\/\/abd.ong\/ca\/"},{"@type":"ListItem","position":2,"name":"Les persones usu\u00e0ries del Centre Obert Habilitare ABD Torrent, a Val\u00e8ncia, donen aliments a la delegaci\u00f3 de C\u00e0rites de la zona"}]},{"@type":"WebSite","@id":"https:\/\/abd.ong\/ca\/#website","url":"https:\/\/abd.ong\/ca\/","name":"ABD","description":"Asociaci\u00f3n Bienestar y Desarrollo","publisher":{"@id":"https:\/\/abd.ong\/ca\/#organization"},"potentialAction":[{"@type":"SearchAction","target":{"@type":"EntryPoint","urlTemplate":"https:\/\/abd.ong\/ca\/?s={search_term_string}"},"query-input":{"@type":"PropertyValueSpecification","valueRequired":true,"valueName":"search_term_string"}}],"inLanguage":"ca"},{"@type":"Organization","@id":"https:\/\/abd.ong\/ca\/#organization","name":"Associaci\u00f3 Benestar i Desenvolupament","alternateName":"ABD","url":"https:\/\/abd.ong\/ca\/","logo":{"@type":"ImageObject","inLanguage":"ca","@id":"https:\/\/abd.ong\/ca\/#\/schema\/logo\/image\/","url":"https:\/\/abd.ong\/wp-content\/uploads\/2023\/01\/Icona.png","contentUrl":"https:\/\/abd.ong\/wp-content\/uploads\/2023\/01\/Icona.png","width":190,"height":187,"caption":"Associaci\u00f3 Benestar i Desenvolupament"},"image":{"@id":"https:\/\/abd.ong\/ca\/#\/schema\/logo\/image\/"},"sameAs":["https:\/\/www.facebook.com\/abd.ong","https:\/\/x.com\/abd_ong","https:\/\/www.instagram.com\/abd_ong\/","https:\/\/www.linkedin.com\/company\/abdong","https:\/\/www.youtube.com\/user\/CANALABD"]},{"@type":"Person","@id":"https:\/\/abd.ong\/ca\/#\/schema\/person\/1b9cf116597cda3a4b8900a43c641f6e","name":"M_Disseny"}]}},"_links":{"self":[{"href":"https:\/\/abd.ong\/ca\/wp-json\/wp\/v2\/posts\/10440","targetHints":{"allow":["GET"]}}],"collection":[{"href":"https:\/\/abd.ong\/ca\/wp-json\/wp\/v2\/posts"}],"about":[{"href":"https:\/\/abd.ong\/ca\/wp-json\/wp\/v2\/types\/post"}],"author":[{"embeddable":true,"href":"https:\/\/abd.ong\/ca\/wp-json\/wp\/v2\/users\/1"}],"replies":[{"embeddable":true,"href":"https:\/\/abd.ong\/ca\/wp-json\/wp\/v2\/comments?post=10440"}],"version-history":[{"count":1,"href":"https:\/\/abd.ong\/ca\/wp-json\/wp\/v2\/posts\/10440\/revisions"}],"predecessor-version":[{"id":14413,"href":"https:\/\/abd.ong\/ca\/wp-json\/wp\/v2\/posts\/10440\/revisions\/14413"}],"wp:featuredmedia":[{"embeddable":true,"href":"https:\/\/abd.ong\/ca\/wp-json\/wp\/v2\/media\/4253"}],"wp:attachment":[{"href":"https:\/\/abd.ong\/ca\/wp-json\/wp\/v2\/media?parent=10440"}],"wp:term":[{"taxonomy":"category","embeddable":true,"href":"https:\/\/abd.ong\/ca\/wp-json\/wp\/v2\/categories?post=10440"},{"taxonomy":"post_tag","embeddable":true,"href":"https:\/\/abd.ong\/ca\/wp-json\/wp\/v2\/tags?post=10440"}],"curies":[{"name":"wp","href":"https:\/\/api.w.org\/{rel}","templated":true}]}}