{"id":10382,"date":"2019-07-10T00:00:00","date_gmt":"2019-07-09T22:00:00","guid":{"rendered":"https:\/\/abd.ong\/sin-categorizar\/entitats-del-tercer-sector-social-reclamen-canvis-en-el-model-de-financament-i-que-la-cooperacio-publico-privada-avanci-cap-a-la-concertacio-de-serveis-datencio-a-les-persones\/"},"modified":"2021-02-17T19:49:33","modified_gmt":"2021-02-17T18:49:33","slug":"entitats-del-tercer-sector-social-reclamen-canvis-en-el-model-de-financament-i-que-la-cooperacio-publico-privada-avanci-cap-a-la-concertacio-de-serveis-datencio-a-les-persones","status":"publish","type":"post","link":"https:\/\/abd.ong\/ca\/general-ca\/entitats-del-tercer-sector-social-reclamen-canvis-en-el-model-de-financament-i-que-la-cooperacio-publico-privada-avanci-cap-a-la-concertacio-de-serveis-datencio-a-les-persones\/","title":{"rendered":"Entitats del tercer sector social reclamen canvis en el model de finan\u00e7ament i que la cooperaci\u00f3 p\u00fablico-privada avanci cap a la concertaci\u00f3 de serveis d&#8217;atenci\u00f3 a les persones"},"content":{"rendered":"\n<p>L&#8217;<a href=\"https:\/\/abd.ong\"><strong>Associaci\u00f3 Benestar i Desenvolupament ABD<\/strong><\/a>, la <a href=\"https:\/\/www.fcd.cat\/\"><strong>Federaci\u00f3 Catalana de Drogodepend\u00e8ncies FCD<\/strong><\/a> i la <a href=\"https:\/\/unad.org\/\"><strong>UNAD Red de Adicciones<\/strong><\/a> han organitzat una <strong>jornada sobre la contractaci\u00f3 p\u00fablico-privada i les entitats socials<\/strong> per reflexionar sobre el model de finan\u00e7ament del tercer sector. En totes les pon\u00e8ncies s&#8217;ha coincidit que cal superar el model actual a trav\u00e9s d&#8217;una major cooperaci\u00f3 p\u00fablico-privada que avanci decididament cap a la concertaci\u00f3 de serveis d&#8217;atenci\u00f3 a les persones.<\/p>\n<p>A la presentaci\u00f3 de la jornada, la presidenta d&#8217;ABD i l&#8217;FCD i vicepresidenta de l&#8217;UNAD <strong>Felisa P\u00e9rez<\/strong> ha explicat que &#8220;el tercer sector de drogues va n\u00e9ixer fa 40 anys. Les respostes que s&#8217;anaven donant, la incid\u00e8ncia pol\u00edtica, va ser <strong>liderada per les fam\u00edlies i professionals<\/strong>, encara que sorg\u00eds dels Ajuntaments&#8221;. Aquest punt \u00e9s rellevant pel que fa a la gesti\u00f3 d&#8217;alguns serveis que, segons ha explicat, ha estat en mans d&#8217;entitats privades sense \u00e0nim de lucre. &#8220;El tercer sector sempre hem estat la punta de llan\u00e7a de l&#8217;Administraci\u00f3&#8221;.<\/p>\n<p>&nbsp;<\/p>\n<p><a href=\"https:\/\/abd.ong\/blog\/wp-content\/uploads\/2019\/07\/D_BfyqWXkAM___f.jpg\"><img fetchpriority=\"high\" decoding=\"async\" class=\"size-medium wp-image-5506 aligncenter\" src=\"https:\/\/abd.ong\/blog\/wp-content\/uploads\/2019\/07\/D_BfyqWXkAM___f-300x225.jpg\" alt=\"\" width=\"300\" height=\"225\" \/><\/a><\/p>\n<p>&nbsp;<\/p>\n<p>Pel que fa a la pon\u00e8ncia &#8216;La cooperaci\u00f3 p\u00fablico-privada en el camp de les addiccions. Situaci\u00f3 i reptes de finan\u00e7ament&#8217;, ha estat a c\u00e0rrec de <strong>Jos\u00e9 Manuel Fresno<\/strong>, consultor expert en pol\u00edtiques socials, posicionament estrat\u00e8gic i finan\u00e7ament en el tercer sector.\u00a0&#8220;S&#8217;est\u00e0 instaurant a Europa una forma de pagament en la contractaci\u00f3 p\u00fablica anomenada &#8216;pagament per resultats&#8217;. Estimula la compet\u00e8ncia, per\u00f2 en l&#8217;\u00e0mbit social pot ser un problema, perqu\u00e8 <strong>els resultats s\u00f3n a llarg termini<\/strong> i dif\u00edcilment fiscalitzables&#8221;, ha apuntat Fresno.\u00a0<\/p>\n<p>&nbsp;<\/p>\n<p><a href=\"https:\/\/abd.ong\/blog\/wp-content\/uploads\/2019\/07\/D_BswNLXkAArMuq.jpg\"><img decoding=\"async\" class=\"aligncenter size-medium wp-image-5509\" src=\"https:\/\/abd.ong\/blog\/wp-content\/uploads\/2019\/07\/D_BswNLXkAArMuq-300x225.jpg\" alt=\"\" width=\"300\" height=\"225\" \/><\/a><\/p>\n<p>&nbsp;<\/p>\n<p>&#8220;Estem en un context de canvis socials importants que comporta riscos per al finan\u00e7ament d&#8217;entitats, per\u00f2 que tamb\u00e9 comporta oportunitats&#8221;, ha afegit. &#8220;Hi ha serveis que han de continuar en el temps, per\u00f2 s&#8217;utilitzen f\u00f3rmules de finan\u00e7ament de curt termini. Aix\u00f2 \u00e9s un problema&#8221;. Pel que fa a la seva proposta, ha apuntat que cal avan\u00e7ar cap a un <strong>model de finan\u00e7ament sostenible<\/strong>. Cal promoure un nou model que superi la subsidiarietat, desenvolupar un discurs basat en evid\u00e8ncies, recolzar-se en avan\u00e7os en altres sectors, afegir nous serveis per a noves necessitats, i refor\u00e7ar la cooperaci\u00f3 entre entitats.<\/p>\n<p>&nbsp;<\/p>\n<blockquote>\n<p><strong>&#8220;Parlem d&#8217;un model d&#8217;atenci\u00f3 a les persones basat en la col\u00b7laboraci\u00f3 publico-social que aporti de manera activa i sistem\u00e0tica valor social a les persones i a la comunitat&#8221;<\/strong><\/p>\n<\/blockquote>\n<p>&nbsp;<\/p>\n<p>&#8220;La <strong>proposta que presentem busca el consens social<\/strong>. Parlem d&#8217;un model d&#8217;atenci\u00f3 a les persones basat en la col\u00b7laboraci\u00f3 publico-social que aporti de manera activa i sistem\u00e0tica valor social a les persones i a la comunitat&#8221;, ha explicat el tercer ponent, <strong>Joan Segarra<\/strong>, president de la <a href=\"https:\/\/laconfederacio.org\/\"><strong>Confederaci\u00f3 empresarial del Tercer Sector Social de Catalunya<\/strong><\/a>. A m\u00e9s a m\u00e9s ha anunciat que\u00a0&#8220;vam reafirmar el <strong>comprom\u00eds amb la Generalitat<\/strong> i el departament de legislar l&#8217;acci\u00f3 social concertada. No obstant aix\u00f2, necessitem un model de finan\u00e7ament ben estructurat&#8221;, ha acabat Segarra.<\/p>\n<p>&nbsp;<\/p>\n<p><a href=\"https:\/\/abd.ong\/blog\/wp-content\/uploads\/2019\/07\/D_BvsS9WwAAazIh.jpg\"><img decoding=\"async\" class=\"size-medium wp-image-5512 aligncenter\" src=\"https:\/\/abd.ong\/blog\/wp-content\/uploads\/2019\/07\/D_BvsS9WwAAazIh-300x192.jpg\" alt=\"\" width=\"300\" height=\"192\" \/><\/a><\/p>\n<p>&nbsp;<\/p>\n<p>Sobre l&#8217;\u00faltima pon\u00e8ncia de l&#8217;acte, <strong>\u00c0ngels Guiteras<\/strong>, gerent d&#8217;ABD, ha reflexionat sobre les recomanacions del dictamen del Grup de Treball de Cooperaci\u00f3 P\u00fablic-Privada Consell de Ciutat de l\u2019Ajuntament de Barcelona. &#8220;<strong>Ja no volem parlar de cl\u00e0usules socials perqu\u00e8 han quedat desvirtuades<\/strong>. Les mercantils tamb\u00e9 en tenen. Volem ser reconegudes com a entitats del tercer sector social, com a entitats sense \u00e0nim de lucre&#8221;, ha afegit Guiteras. Cal entendre i mentalitzar-nos que &#8220;all\u00f2 p\u00fablic no \u00e9s de l&#8217;Administraci\u00f3. No podem deixar, per tant, que s&#8217;apropi\u00ef del que ens pertany a totes i tots&#8221;, ha explicat.<\/p>\n<p>Addicionalment a tot aix\u00f2, s&#8217;ha debatut sobre el discurs que s&#8217;est\u00e0 estructurant contrari al tercer sector. &#8220;No podem permetre que, a trav\u00e9s de la ignor\u00e0ncia, <strong>cali l&#8217;opini\u00f3 que precaritzem els nostres professionals<\/strong>&#8220;, ha remarcat Guiteras. &#8220;Ni que es consideri que volem debilitar l&#8217;Estat i privatitzar els serveis p\u00fablics&#8221;.<\/p>\n","protected":false},"excerpt":{"rendered":"<p>L&#8217;Associaci\u00f3 Benestar i Desenvolupament ABD, la Federaci\u00f3 Catalana de Drogodepend\u00e8ncies FCD i la UNAD Red de Adicciones han organitzat una jornada sobre la contractaci\u00f3 p\u00fablico-privada i les entitats socials per&hellip;<\/p>\n","protected":false},"author":1,"featured_media":2636,"comment_status":"closed","ping_status":"closed","sticky":false,"template":"","format":"standard","meta":{"_acf_changed":false,"footnotes":""},"categories":[66],"tags":[119,816,814,815],"class_list":["post-10382","post","type-post","status-publish","format-standard","has-post-thumbnail","hentry","category-general-ca","tag-abd","tag-contractacio-publico-privada","tag-federacio-catalana-de-drogodependencies","tag-unad-red-de-adicciones","ods-reduccio-de-les-desigualtats","ods-treball-decent-i-creixement-economic","right-dret-a-la-participacio-ciutadana","right-dret-al-treball"],"acf":[],"yoast_head":"<!-- This site is optimized with the Yoast SEO plugin v27.4 - https:\/\/yoast.com\/product\/yoast-seo-wordpress\/ -->\n<title>Entitats del tercer sector social reclamen canvis en el model de finan\u00e7ament i que la cooperaci\u00f3 p\u00fablico-privada avanci cap a la concertaci\u00f3 de serveis d&#039;atenci\u00f3 a les persones - ABD<\/title>\n<meta name=\"description\" content=\"L&#039;Associaci\u00f3 Benestar i Desenvolupament ABD, la Federaci\u00f3 Catalana de Drogodepend\u00e8ncies FCD i la UNAD Red de Adicciones han organitzat una jornada sobre\" \/>\n<meta name=\"robots\" content=\"index, follow, max-snippet:-1, max-image-preview:large, max-video-preview:-1\" \/>\n<link rel=\"canonical\" href=\"https:\/\/abd.ong\/ca\/general-ca\/entitats-del-tercer-sector-social-reclamen-canvis-en-el-model-de-financament-i-que-la-cooperacio-publico-privada-avanci-cap-a-la-concertacio-de-serveis-datencio-a-les-persones\/\" \/>\n<meta property=\"og:locale\" content=\"ca_ES\" \/>\n<meta property=\"og:type\" content=\"article\" \/>\n<meta property=\"og:title\" content=\"Entitats del tercer sector social reclamen canvis en el model de finan\u00e7ament i que la cooperaci\u00f3 p\u00fablico-privada avanci cap a la concertaci\u00f3 de serveis d&#039;atenci\u00f3 a les persones - ABD\" \/>\n<meta property=\"og:description\" content=\"L&#039;Associaci\u00f3 Benestar i Desenvolupament ABD, la Federaci\u00f3 Catalana de Drogodepend\u00e8ncies FCD i la UNAD Red de Adicciones han organitzat una jornada sobre\" \/>\n<meta property=\"og:url\" content=\"https:\/\/abd.ong\/ca\/general-ca\/entitats-del-tercer-sector-social-reclamen-canvis-en-el-model-de-financament-i-que-la-cooperacio-publico-privada-avanci-cap-a-la-concertacio-de-serveis-datencio-a-les-persones\/\" \/>\n<meta property=\"og:site_name\" content=\"ABD\" \/>\n<meta property=\"article:publisher\" content=\"https:\/\/www.facebook.com\/abd.ong\" \/>\n<meta property=\"article:published_time\" content=\"2019-07-09T22:00:00+00:00\" \/>\n<meta property=\"article:modified_time\" content=\"2021-02-17T18:49:33+00:00\" \/>\n<meta property=\"og:image\" content=\"https:\/\/abd.ong\/wp-content\/uploads\/2019\/10\/D_BeiZFXkAAsgpi-1.jpg\" \/>\n\t<meta property=\"og:image:width\" content=\"1590\" \/>\n\t<meta property=\"og:image:height\" content=\"1007\" \/>\n\t<meta property=\"og:image:type\" content=\"image\/jpeg\" \/>\n<meta name=\"author\" content=\"M_Disseny\" \/>\n<meta name=\"twitter:card\" content=\"summary_large_image\" \/>\n<meta name=\"twitter:creator\" content=\"@abd_ong\" \/>\n<meta name=\"twitter:site\" content=\"@abd_ong\" \/>\n<meta name=\"twitter:label1\" content=\"Escrit per\" \/>\n\t<meta name=\"twitter:data1\" content=\"M_Disseny\" \/>\n\t<meta name=\"twitter:label2\" content=\"Temps estimat de lectura\" \/>\n\t<meta name=\"twitter:data2\" content=\"3 minuts\" \/>\n<script type=\"application\/ld+json\" class=\"yoast-schema-graph\">{\"@context\":\"https:\\\/\\\/schema.org\",\"@graph\":[{\"@type\":\"Article\",\"@id\":\"https:\\\/\\\/abd.ong\\\/ca\\\/general-ca\\\/entitats-del-tercer-sector-social-reclamen-canvis-en-el-model-de-financament-i-que-la-cooperacio-publico-privada-avanci-cap-a-la-concertacio-de-serveis-datencio-a-les-persones\\\/#article\",\"isPartOf\":{\"@id\":\"https:\\\/\\\/abd.ong\\\/ca\\\/general-ca\\\/entitats-del-tercer-sector-social-reclamen-canvis-en-el-model-de-financament-i-que-la-cooperacio-publico-privada-avanci-cap-a-la-concertacio-de-serveis-datencio-a-les-persones\\\/\"},\"author\":{\"name\":\"M_Disseny\",\"@id\":\"https:\\\/\\\/abd.ong\\\/ca\\\/#\\\/schema\\\/person\\\/1b9cf116597cda3a4b8900a43c641f6e\"},\"headline\":\"Entitats del tercer sector social reclamen canvis en el model de finan\u00e7ament i que la cooperaci\u00f3 p\u00fablico-privada avanci cap a la concertaci\u00f3 de serveis d&#8217;atenci\u00f3 a les persones\",\"datePublished\":\"2019-07-09T22:00:00+00:00\",\"dateModified\":\"2021-02-17T18:49:33+00:00\",\"mainEntityOfPage\":{\"@id\":\"https:\\\/\\\/abd.ong\\\/ca\\\/general-ca\\\/entitats-del-tercer-sector-social-reclamen-canvis-en-el-model-de-financament-i-que-la-cooperacio-publico-privada-avanci-cap-a-la-concertacio-de-serveis-datencio-a-les-persones\\\/\"},\"wordCount\":711,\"publisher\":{\"@id\":\"https:\\\/\\\/abd.ong\\\/ca\\\/#organization\"},\"image\":{\"@id\":\"https:\\\/\\\/abd.ong\\\/ca\\\/general-ca\\\/entitats-del-tercer-sector-social-reclamen-canvis-en-el-model-de-financament-i-que-la-cooperacio-publico-privada-avanci-cap-a-la-concertacio-de-serveis-datencio-a-les-persones\\\/#primaryimage\"},\"thumbnailUrl\":\"https:\\\/\\\/abd.ong\\\/wp-content\\\/uploads\\\/2019\\\/10\\\/D_BeiZFXkAAsgpi-1.jpg\",\"keywords\":[\"ABD\",\"contractaci\u00f3 p\u00fablico-privada\",\"Federaci\u00f3 Catalana de Drogodepend\u00e8ncies\",\"UNAD Red de Adicciones\"],\"articleSection\":[\"General\"],\"inLanguage\":\"ca\"},{\"@type\":\"WebPage\",\"@id\":\"https:\\\/\\\/abd.ong\\\/ca\\\/general-ca\\\/entitats-del-tercer-sector-social-reclamen-canvis-en-el-model-de-financament-i-que-la-cooperacio-publico-privada-avanci-cap-a-la-concertacio-de-serveis-datencio-a-les-persones\\\/\",\"url\":\"https:\\\/\\\/abd.ong\\\/ca\\\/general-ca\\\/entitats-del-tercer-sector-social-reclamen-canvis-en-el-model-de-financament-i-que-la-cooperacio-publico-privada-avanci-cap-a-la-concertacio-de-serveis-datencio-a-les-persones\\\/\",\"name\":\"Entitats del tercer sector social reclamen canvis en el model de finan\u00e7ament i que la cooperaci\u00f3 p\u00fablico-privada avanci cap a la concertaci\u00f3 de serveis d'atenci\u00f3 a les persones - ABD\",\"isPartOf\":{\"@id\":\"https:\\\/\\\/abd.ong\\\/ca\\\/#website\"},\"primaryImageOfPage\":{\"@id\":\"https:\\\/\\\/abd.ong\\\/ca\\\/general-ca\\\/entitats-del-tercer-sector-social-reclamen-canvis-en-el-model-de-financament-i-que-la-cooperacio-publico-privada-avanci-cap-a-la-concertacio-de-serveis-datencio-a-les-persones\\\/#primaryimage\"},\"image\":{\"@id\":\"https:\\\/\\\/abd.ong\\\/ca\\\/general-ca\\\/entitats-del-tercer-sector-social-reclamen-canvis-en-el-model-de-financament-i-que-la-cooperacio-publico-privada-avanci-cap-a-la-concertacio-de-serveis-datencio-a-les-persones\\\/#primaryimage\"},\"thumbnailUrl\":\"https:\\\/\\\/abd.ong\\\/wp-content\\\/uploads\\\/2019\\\/10\\\/D_BeiZFXkAAsgpi-1.jpg\",\"datePublished\":\"2019-07-09T22:00:00+00:00\",\"dateModified\":\"2021-02-17T18:49:33+00:00\",\"description\":\"L'Associaci\u00f3 Benestar i Desenvolupament ABD, la Federaci\u00f3 Catalana de Drogodepend\u00e8ncies FCD i la UNAD Red de Adicciones han organitzat una jornada sobre\",\"breadcrumb\":{\"@id\":\"https:\\\/\\\/abd.ong\\\/ca\\\/general-ca\\\/entitats-del-tercer-sector-social-reclamen-canvis-en-el-model-de-financament-i-que-la-cooperacio-publico-privada-avanci-cap-a-la-concertacio-de-serveis-datencio-a-les-persones\\\/#breadcrumb\"},\"inLanguage\":\"ca\",\"potentialAction\":[{\"@type\":\"ReadAction\",\"target\":[\"https:\\\/\\\/abd.ong\\\/ca\\\/general-ca\\\/entitats-del-tercer-sector-social-reclamen-canvis-en-el-model-de-financament-i-que-la-cooperacio-publico-privada-avanci-cap-a-la-concertacio-de-serveis-datencio-a-les-persones\\\/\"]}]},{\"@type\":\"ImageObject\",\"inLanguage\":\"ca\",\"@id\":\"https:\\\/\\\/abd.ong\\\/ca\\\/general-ca\\\/entitats-del-tercer-sector-social-reclamen-canvis-en-el-model-de-financament-i-que-la-cooperacio-publico-privada-avanci-cap-a-la-concertacio-de-serveis-datencio-a-les-persones\\\/#primaryimage\",\"url\":\"https:\\\/\\\/abd.ong\\\/wp-content\\\/uploads\\\/2019\\\/10\\\/D_BeiZFXkAAsgpi-1.jpg\",\"contentUrl\":\"https:\\\/\\\/abd.ong\\\/wp-content\\\/uploads\\\/2019\\\/10\\\/D_BeiZFXkAAsgpi-1.jpg\",\"width\":1590,\"height\":1007},{\"@type\":\"BreadcrumbList\",\"@id\":\"https:\\\/\\\/abd.ong\\\/ca\\\/general-ca\\\/entitats-del-tercer-sector-social-reclamen-canvis-en-el-model-de-financament-i-que-la-cooperacio-publico-privada-avanci-cap-a-la-concertacio-de-serveis-datencio-a-les-persones\\\/#breadcrumb\",\"itemListElement\":[{\"@type\":\"ListItem\",\"position\":1,\"name\":\"Inici\",\"item\":\"https:\\\/\\\/abd.ong\\\/ca\\\/\"},{\"@type\":\"ListItem\",\"position\":2,\"name\":\"Entitats del tercer sector social reclamen canvis en el model de finan\u00e7ament i que la cooperaci\u00f3 p\u00fablico-privada avanci cap a la concertaci\u00f3 de serveis d&#8217;atenci\u00f3 a les persones\"}]},{\"@type\":\"WebSite\",\"@id\":\"https:\\\/\\\/abd.ong\\\/ca\\\/#website\",\"url\":\"https:\\\/\\\/abd.ong\\\/ca\\\/\",\"name\":\"ABD\",\"description\":\"Asociaci\u00f3n Bienestar y Desarrollo\",\"publisher\":{\"@id\":\"https:\\\/\\\/abd.ong\\\/ca\\\/#organization\"},\"potentialAction\":[{\"@type\":\"SearchAction\",\"target\":{\"@type\":\"EntryPoint\",\"urlTemplate\":\"https:\\\/\\\/abd.ong\\\/ca\\\/?s={search_term_string}\"},\"query-input\":{\"@type\":\"PropertyValueSpecification\",\"valueRequired\":true,\"valueName\":\"search_term_string\"}}],\"inLanguage\":\"ca\"},{\"@type\":\"Organization\",\"@id\":\"https:\\\/\\\/abd.ong\\\/ca\\\/#organization\",\"name\":\"Associaci\u00f3 Benestar i Desenvolupament\",\"alternateName\":\"ABD\",\"url\":\"https:\\\/\\\/abd.ong\\\/ca\\\/\",\"logo\":{\"@type\":\"ImageObject\",\"inLanguage\":\"ca\",\"@id\":\"https:\\\/\\\/abd.ong\\\/ca\\\/#\\\/schema\\\/logo\\\/image\\\/\",\"url\":\"https:\\\/\\\/abd.ong\\\/wp-content\\\/uploads\\\/2023\\\/01\\\/Icona.png\",\"contentUrl\":\"https:\\\/\\\/abd.ong\\\/wp-content\\\/uploads\\\/2023\\\/01\\\/Icona.png\",\"width\":190,\"height\":187,\"caption\":\"Associaci\u00f3 Benestar i Desenvolupament\"},\"image\":{\"@id\":\"https:\\\/\\\/abd.ong\\\/ca\\\/#\\\/schema\\\/logo\\\/image\\\/\"},\"sameAs\":[\"https:\\\/\\\/www.facebook.com\\\/abd.ong\",\"https:\\\/\\\/x.com\\\/abd_ong\",\"https:\\\/\\\/www.instagram.com\\\/abd_ong\\\/\",\"https:\\\/\\\/www.linkedin.com\\\/company\\\/abdong\",\"https:\\\/\\\/www.youtube.com\\\/user\\\/CANALABD\"]},{\"@type\":\"Person\",\"@id\":\"https:\\\/\\\/abd.ong\\\/ca\\\/#\\\/schema\\\/person\\\/1b9cf116597cda3a4b8900a43c641f6e\",\"name\":\"M_Disseny\"}]}<\/script>\n<!-- \/ Yoast SEO plugin. -->","yoast_head_json":{"title":"Entitats del tercer sector social reclamen canvis en el model de finan\u00e7ament i que la cooperaci\u00f3 p\u00fablico-privada avanci cap a la concertaci\u00f3 de serveis d'atenci\u00f3 a les persones - ABD","description":"L'Associaci\u00f3 Benestar i Desenvolupament ABD, la Federaci\u00f3 Catalana de Drogodepend\u00e8ncies FCD i la UNAD Red de Adicciones han organitzat una jornada sobre","robots":{"index":"index","follow":"follow","max-snippet":"max-snippet:-1","max-image-preview":"max-image-preview:large","max-video-preview":"max-video-preview:-1"},"canonical":"https:\/\/abd.ong\/ca\/general-ca\/entitats-del-tercer-sector-social-reclamen-canvis-en-el-model-de-financament-i-que-la-cooperacio-publico-privada-avanci-cap-a-la-concertacio-de-serveis-datencio-a-les-persones\/","og_locale":"ca_ES","og_type":"article","og_title":"Entitats del tercer sector social reclamen canvis en el model de finan\u00e7ament i que la cooperaci\u00f3 p\u00fablico-privada avanci cap a la concertaci\u00f3 de serveis d'atenci\u00f3 a les persones - ABD","og_description":"L'Associaci\u00f3 Benestar i Desenvolupament ABD, la Federaci\u00f3 Catalana de Drogodepend\u00e8ncies FCD i la UNAD Red de Adicciones han organitzat una jornada sobre","og_url":"https:\/\/abd.ong\/ca\/general-ca\/entitats-del-tercer-sector-social-reclamen-canvis-en-el-model-de-financament-i-que-la-cooperacio-publico-privada-avanci-cap-a-la-concertacio-de-serveis-datencio-a-les-persones\/","og_site_name":"ABD","article_publisher":"https:\/\/www.facebook.com\/abd.ong","article_published_time":"2019-07-09T22:00:00+00:00","article_modified_time":"2021-02-17T18:49:33+00:00","og_image":[{"width":1590,"height":1007,"url":"https:\/\/abd.ong\/wp-content\/uploads\/2019\/10\/D_BeiZFXkAAsgpi-1.jpg","type":"image\/jpeg"}],"author":"M_Disseny","twitter_card":"summary_large_image","twitter_creator":"@abd_ong","twitter_site":"@abd_ong","twitter_misc":{"Escrit per":"M_Disseny","Temps estimat de lectura":"3 minuts"},"schema":{"@context":"https:\/\/schema.org","@graph":[{"@type":"Article","@id":"https:\/\/abd.ong\/ca\/general-ca\/entitats-del-tercer-sector-social-reclamen-canvis-en-el-model-de-financament-i-que-la-cooperacio-publico-privada-avanci-cap-a-la-concertacio-de-serveis-datencio-a-les-persones\/#article","isPartOf":{"@id":"https:\/\/abd.ong\/ca\/general-ca\/entitats-del-tercer-sector-social-reclamen-canvis-en-el-model-de-financament-i-que-la-cooperacio-publico-privada-avanci-cap-a-la-concertacio-de-serveis-datencio-a-les-persones\/"},"author":{"name":"M_Disseny","@id":"https:\/\/abd.ong\/ca\/#\/schema\/person\/1b9cf116597cda3a4b8900a43c641f6e"},"headline":"Entitats del tercer sector social reclamen canvis en el model de finan\u00e7ament i que la cooperaci\u00f3 p\u00fablico-privada avanci cap a la concertaci\u00f3 de serveis d&#8217;atenci\u00f3 a les persones","datePublished":"2019-07-09T22:00:00+00:00","dateModified":"2021-02-17T18:49:33+00:00","mainEntityOfPage":{"@id":"https:\/\/abd.ong\/ca\/general-ca\/entitats-del-tercer-sector-social-reclamen-canvis-en-el-model-de-financament-i-que-la-cooperacio-publico-privada-avanci-cap-a-la-concertacio-de-serveis-datencio-a-les-persones\/"},"wordCount":711,"publisher":{"@id":"https:\/\/abd.ong\/ca\/#organization"},"image":{"@id":"https:\/\/abd.ong\/ca\/general-ca\/entitats-del-tercer-sector-social-reclamen-canvis-en-el-model-de-financament-i-que-la-cooperacio-publico-privada-avanci-cap-a-la-concertacio-de-serveis-datencio-a-les-persones\/#primaryimage"},"thumbnailUrl":"https:\/\/abd.ong\/wp-content\/uploads\/2019\/10\/D_BeiZFXkAAsgpi-1.jpg","keywords":["ABD","contractaci\u00f3 p\u00fablico-privada","Federaci\u00f3 Catalana de Drogodepend\u00e8ncies","UNAD Red de Adicciones"],"articleSection":["General"],"inLanguage":"ca"},{"@type":"WebPage","@id":"https:\/\/abd.ong\/ca\/general-ca\/entitats-del-tercer-sector-social-reclamen-canvis-en-el-model-de-financament-i-que-la-cooperacio-publico-privada-avanci-cap-a-la-concertacio-de-serveis-datencio-a-les-persones\/","url":"https:\/\/abd.ong\/ca\/general-ca\/entitats-del-tercer-sector-social-reclamen-canvis-en-el-model-de-financament-i-que-la-cooperacio-publico-privada-avanci-cap-a-la-concertacio-de-serveis-datencio-a-les-persones\/","name":"Entitats del tercer sector social reclamen canvis en el model de finan\u00e7ament i que la cooperaci\u00f3 p\u00fablico-privada avanci cap a la concertaci\u00f3 de serveis d'atenci\u00f3 a les persones - ABD","isPartOf":{"@id":"https:\/\/abd.ong\/ca\/#website"},"primaryImageOfPage":{"@id":"https:\/\/abd.ong\/ca\/general-ca\/entitats-del-tercer-sector-social-reclamen-canvis-en-el-model-de-financament-i-que-la-cooperacio-publico-privada-avanci-cap-a-la-concertacio-de-serveis-datencio-a-les-persones\/#primaryimage"},"image":{"@id":"https:\/\/abd.ong\/ca\/general-ca\/entitats-del-tercer-sector-social-reclamen-canvis-en-el-model-de-financament-i-que-la-cooperacio-publico-privada-avanci-cap-a-la-concertacio-de-serveis-datencio-a-les-persones\/#primaryimage"},"thumbnailUrl":"https:\/\/abd.ong\/wp-content\/uploads\/2019\/10\/D_BeiZFXkAAsgpi-1.jpg","datePublished":"2019-07-09T22:00:00+00:00","dateModified":"2021-02-17T18:49:33+00:00","description":"L'Associaci\u00f3 Benestar i Desenvolupament ABD, la Federaci\u00f3 Catalana de Drogodepend\u00e8ncies FCD i la UNAD Red de Adicciones han organitzat una jornada sobre","breadcrumb":{"@id":"https:\/\/abd.ong\/ca\/general-ca\/entitats-del-tercer-sector-social-reclamen-canvis-en-el-model-de-financament-i-que-la-cooperacio-publico-privada-avanci-cap-a-la-concertacio-de-serveis-datencio-a-les-persones\/#breadcrumb"},"inLanguage":"ca","potentialAction":[{"@type":"ReadAction","target":["https:\/\/abd.ong\/ca\/general-ca\/entitats-del-tercer-sector-social-reclamen-canvis-en-el-model-de-financament-i-que-la-cooperacio-publico-privada-avanci-cap-a-la-concertacio-de-serveis-datencio-a-les-persones\/"]}]},{"@type":"ImageObject","inLanguage":"ca","@id":"https:\/\/abd.ong\/ca\/general-ca\/entitats-del-tercer-sector-social-reclamen-canvis-en-el-model-de-financament-i-que-la-cooperacio-publico-privada-avanci-cap-a-la-concertacio-de-serveis-datencio-a-les-persones\/#primaryimage","url":"https:\/\/abd.ong\/wp-content\/uploads\/2019\/10\/D_BeiZFXkAAsgpi-1.jpg","contentUrl":"https:\/\/abd.ong\/wp-content\/uploads\/2019\/10\/D_BeiZFXkAAsgpi-1.jpg","width":1590,"height":1007},{"@type":"BreadcrumbList","@id":"https:\/\/abd.ong\/ca\/general-ca\/entitats-del-tercer-sector-social-reclamen-canvis-en-el-model-de-financament-i-que-la-cooperacio-publico-privada-avanci-cap-a-la-concertacio-de-serveis-datencio-a-les-persones\/#breadcrumb","itemListElement":[{"@type":"ListItem","position":1,"name":"Inici","item":"https:\/\/abd.ong\/ca\/"},{"@type":"ListItem","position":2,"name":"Entitats del tercer sector social reclamen canvis en el model de finan\u00e7ament i que la cooperaci\u00f3 p\u00fablico-privada avanci cap a la concertaci\u00f3 de serveis d&#8217;atenci\u00f3 a les persones"}]},{"@type":"WebSite","@id":"https:\/\/abd.ong\/ca\/#website","url":"https:\/\/abd.ong\/ca\/","name":"ABD","description":"Asociaci\u00f3n Bienestar y Desarrollo","publisher":{"@id":"https:\/\/abd.ong\/ca\/#organization"},"potentialAction":[{"@type":"SearchAction","target":{"@type":"EntryPoint","urlTemplate":"https:\/\/abd.ong\/ca\/?s={search_term_string}"},"query-input":{"@type":"PropertyValueSpecification","valueRequired":true,"valueName":"search_term_string"}}],"inLanguage":"ca"},{"@type":"Organization","@id":"https:\/\/abd.ong\/ca\/#organization","name":"Associaci\u00f3 Benestar i Desenvolupament","alternateName":"ABD","url":"https:\/\/abd.ong\/ca\/","logo":{"@type":"ImageObject","inLanguage":"ca","@id":"https:\/\/abd.ong\/ca\/#\/schema\/logo\/image\/","url":"https:\/\/abd.ong\/wp-content\/uploads\/2023\/01\/Icona.png","contentUrl":"https:\/\/abd.ong\/wp-content\/uploads\/2023\/01\/Icona.png","width":190,"height":187,"caption":"Associaci\u00f3 Benestar i Desenvolupament"},"image":{"@id":"https:\/\/abd.ong\/ca\/#\/schema\/logo\/image\/"},"sameAs":["https:\/\/www.facebook.com\/abd.ong","https:\/\/x.com\/abd_ong","https:\/\/www.instagram.com\/abd_ong\/","https:\/\/www.linkedin.com\/company\/abdong","https:\/\/www.youtube.com\/user\/CANALABD"]},{"@type":"Person","@id":"https:\/\/abd.ong\/ca\/#\/schema\/person\/1b9cf116597cda3a4b8900a43c641f6e","name":"M_Disseny"}]}},"_links":{"self":[{"href":"https:\/\/abd.ong\/ca\/wp-json\/wp\/v2\/posts\/10382","targetHints":{"allow":["GET"]}}],"collection":[{"href":"https:\/\/abd.ong\/ca\/wp-json\/wp\/v2\/posts"}],"about":[{"href":"https:\/\/abd.ong\/ca\/wp-json\/wp\/v2\/types\/post"}],"author":[{"embeddable":true,"href":"https:\/\/abd.ong\/ca\/wp-json\/wp\/v2\/users\/1"}],"replies":[{"embeddable":true,"href":"https:\/\/abd.ong\/ca\/wp-json\/wp\/v2\/comments?post=10382"}],"version-history":[{"count":3,"href":"https:\/\/abd.ong\/ca\/wp-json\/wp\/v2\/posts\/10382\/revisions"}],"predecessor-version":[{"id":20527,"href":"https:\/\/abd.ong\/ca\/wp-json\/wp\/v2\/posts\/10382\/revisions\/20527"}],"wp:featuredmedia":[{"embeddable":true,"href":"https:\/\/abd.ong\/ca\/wp-json\/wp\/v2\/media\/2636"}],"wp:attachment":[{"href":"https:\/\/abd.ong\/ca\/wp-json\/wp\/v2\/media?parent=10382"}],"wp:term":[{"taxonomy":"category","embeddable":true,"href":"https:\/\/abd.ong\/ca\/wp-json\/wp\/v2\/categories?post=10382"},{"taxonomy":"post_tag","embeddable":true,"href":"https:\/\/abd.ong\/ca\/wp-json\/wp\/v2\/tags?post=10382"}],"curies":[{"name":"wp","href":"https:\/\/api.w.org\/{rel}","templated":true}]}}