{"id":10375,"date":"2019-07-03T00:00:00","date_gmt":"2019-07-02T22:00:00","guid":{"rendered":"https:\/\/abd.ong\/sin-categorizar\/obertes-les-inscripcions-del-postgrau-nivell-ii-supervisio-en-intervencions-grupals-i-multifamiliars\/"},"modified":"2021-04-27T19:14:08","modified_gmt":"2021-04-27T17:14:08","slug":"obertes-les-inscripcions-del-postgrau-nivell-ii-supervisio-en-intervencions-grupals-i-multifamiliars","status":"publish","type":"post","link":"https:\/\/abd.ong\/ca\/infancia-i-familia\/obertes-les-inscripcions-del-postgrau-nivell-ii-supervisio-en-intervencions-grupals-i-multifamiliars\/","title":{"rendered":"Obertes les inscripcions del Postgrau nivell II &#8216;Supervisi\u00f3 en intervencions grupals i multifamiliars&#8217;"},"content":{"rendered":"<p>Ja et pots apuntar a l&#8217;edici\u00f3 del <strong>Nivell II del postgrau &#8216;Supervisi\u00f3 en intervencions grupals i multifamiliars&#8217;.<\/strong> Aquest curs ofereix l\u2019oportunitat d&#8217;assentar les t\u00e8cniques i metodologia de conducci\u00f3 d&#8217;espais terap\u00e8utics grupals i multifamiliars des d\u2019una forma pr\u00e0ctica i vivencial. Un dels punts que es reforcen al Nivell II del postgrau \u00e9s la coordinaci\u00f3 i lideratge. Pots trobar <a href=\"https:\/\/abd.ong\/blog\/ca\/general-ca\/obertes-les-inscripcions-de-la-sisena-edicio-del-postgrau-expert-en-intervencions-grupals-i-multifamiliars\/\"><strong>aqu\u00ed<\/strong><\/a> la informaci\u00f3 del <strong>Nivell I<\/strong>.<\/p>\n<p>El postgrau es desdoblar\u00e0 en dos espais, un dels cursos es realitzar\u00e0 a\u00a0<a href=\"https:\/\/drive.google.com\/file\/d\/16SWBh60TO0n8767b-LC96e_53ryOXLMj\/view?usp=sharing\"><strong>Barcelona<\/strong><\/a>\u00a0i l\u2019altre, a\u00a0<a href=\"https:\/\/drive.google.com\/file\/d\/1s4ztaoYaJcLpOHYZEVid93xV8faeYATF\/view?usp=sharing\"><strong>Madrid<\/strong><\/a>. La durada ser\u00e0 del novembre de 2019 al juny de 2020, i l\u2019organitza\u00a0<a href=\"https:\/\/www.lasallecentrouniversitario.es\/\"><strong>La Salle Centro Universitario<\/strong><\/a>, l\u2019<a href=\"https:\/\/abd.ong\/\"><strong>Associaci\u00f3 Benestar i Desenvolupament ABD<\/strong><\/a>\u00a0i el\u00a0<a href=\"https:\/\/www.cti-udac.com\/\"><strong>CTI Centre de Ter\u00e0pia Interfamiliar<\/strong><\/a>.<\/p>\n<p>&nbsp;<\/p>\n<h4><strong>El model grupal i interfamiliar<\/strong><\/h4>\n<p>Hi ha diverses t\u00e8cniques d\u2019intervenci\u00f3 en ter\u00e0pia grupal que busquen potenciar l\u2019acci\u00f3 de cada integrant del grup com a coterapeuta natural dels altres. La\u00a0<strong>Ter\u00e0pia Multifamiliar<\/strong>\u00a0(i molt especialment el model interfamiliar) destaca per ser un model d\u2019<strong>intervenci\u00f3 grupal<\/strong> a mig cam\u00ed entre la psicoter\u00e0pia i la intervenci\u00f3 social, aplicat sobre un context terap\u00e8utic format per diferents fam\u00edlies.<\/p>\n<p>Aquest postgrau est\u00e0 adre\u00e7at a <strong>professionals amb formaci\u00f3\/experi\u00e8ncia grupal i multifamiliar pr\u00e8via<\/strong>. La seva finalitat \u00e9s seguir endinsant-se en aspectes pr\u00e0ctics de la conducci\u00f3 d\u2019espais grupals i multifamiliars a trav\u00e9s d\u2019un espai coordinat per docents de reconeguda formaci\u00f3 i amb una llarga experi\u00e8ncia com a condutors grupals.<\/p>\n<p>Si no tens experi\u00e8ncia pr\u00e8via i\/o no has cursat el Nivell I del postgrau, v\u00e9s al seg\u00fcent enlla\u00e7 <a href=\"https:\/\/abd.ong\/blog\/ca\/general-ca\/obertes-les-inscripcions-de-la-sisena-edicio-del-postgrau-expert-en-intervencions-grupals-i-multifamiliars\/\"><strong>&#8216;Obertes les inscripcions de la sisena edici\u00f3 del postgrau &#8216;Expert en intervencions grupals i multifamiliars&#8221;<\/strong><\/a>.<\/p>\n<p>&nbsp;<\/p>\n<h4><strong>Inscriu-te!<\/strong><\/h4>\n<p>Pots trobar\u00a0<strong>tota la informaci\u00f3<\/strong>\u00a0aqu\u00ed:<\/p>\n<ul>\n<li><a href=\"https:\/\/drive.google.com\/file\/d\/16SWBh60TO0n8767b-LC96e_53ryOXLMj\/view?usp=sharing\"><strong>Postgrau Supervisi\u00f3 en intervencions grupals i multifamiliars BARCELONA<\/strong><\/a><\/li>\n<li><a href=\"https:\/\/drive.google.com\/file\/d\/1s4ztaoYaJcLpOHYZEVid93xV8faeYATF\/view?usp=sharing\"><strong>Posgrado Supervisi\u00f3n en intervenciones grupales y multifamiliares MADRID<\/strong><\/a><\/li>\n<\/ul>\n<p>El\u00a0<strong>preu del curs\u00a0<\/strong>ser\u00e0 de\u00a0<strong>1.250 Euros<\/strong>\u00a0amb t\u00edtol expedit per CTI i ABD, o de<strong> 1.650 Euros<\/strong> amb t\u00edtol expedit per CTI i ABD i amb certificaci\u00f3 universit\u00e0ria La Salle. Els professionals d\u2019entitats col\u00b7laboradores gaudeixen d\u2019un descompte. Possibilitat de pagament fraccionat.<\/p>\n<p>Si necessites\u00a0<strong>m\u00e9s informaci\u00f3<\/strong>, ens pots contactar a trav\u00e9s del correu\u00a0<strong><a href=\"mailto:expertomultifamiliar@gmail.com\">expertomultifamiliar@gmail.com<\/a>\u00a0<\/strong>o al tel\u00e8fon\u00a0<strong>965429662.<\/strong><\/p>\n<p><strong>INSCRIU-TE<\/strong> al seg\u00fcent enlla\u00e7: <strong>https:\/\/forms.gle\/KQGcVZ1P6UE55iA1A<\/strong><br \/>\nReserva la teva pla\u00e7a per 100 Euros.<\/p>\n","protected":false},"excerpt":{"rendered":"<p>Ja et pots apuntar a l&#8217;edici\u00f3 del Nivell II del postgrau &#8216;Supervisi\u00f3 en intervencions grupals i multifamiliars&#8217;. Aquest curs ofereix l\u2019oportunitat d&#8217;assentar les t\u00e8cniques i metodologia de conducci\u00f3 d&#8217;espais terap\u00e8utics&hellip;<\/p>\n","protected":false},"author":1,"featured_media":2608,"comment_status":"closed","ping_status":"closed","sticky":false,"template":"","format":"standard","meta":{"_acf_changed":false,"footnotes":""},"categories":[1303],"tags":[119,809],"class_list":["post-10375","post","type-post","status-publish","format-standard","has-post-thumbnail","hentry","category-infancia-i-familia","tag-abd","tag-multifamiliar","ods-educacio-de-qualitat","ods-salut-i-benestar","right-dret-a-leducacio","right-dret-a-la-participacio-ciutadana","right-drets-de-la-infancia"],"acf":[],"yoast_head":"<!-- This site is optimized with the Yoast SEO plugin v27.4 - https:\/\/yoast.com\/product\/yoast-seo-wordpress\/ -->\n<title>Obertes les inscripcions del Postgrau nivell II &#039;Supervisi\u00f3 en intervencions grupals i multifamiliars&#039; - ABD<\/title>\n<meta name=\"description\" content=\"Ja et pots apuntar a l&#039;edici\u00f3 del Nivell II del postgrau &#039;Supervisi\u00f3 en intervencions grupals i multifamiliars&#039;. Aquest curs ofereix l\u2019oportunitat\" \/>\n<meta name=\"robots\" content=\"index, follow, max-snippet:-1, max-image-preview:large, max-video-preview:-1\" \/>\n<link rel=\"canonical\" href=\"https:\/\/abd.ong\/ca\/infancia-i-familia\/obertes-les-inscripcions-del-postgrau-nivell-ii-supervisio-en-intervencions-grupals-i-multifamiliars\/\" \/>\n<meta property=\"og:locale\" content=\"ca_ES\" \/>\n<meta property=\"og:type\" content=\"article\" \/>\n<meta property=\"og:title\" content=\"Obertes les inscripcions del Postgrau nivell II &#039;Supervisi\u00f3 en intervencions grupals i multifamiliars&#039; - ABD\" \/>\n<meta property=\"og:description\" content=\"Ja et pots apuntar a l&#039;edici\u00f3 del Nivell II del postgrau &#039;Supervisi\u00f3 en intervencions grupals i multifamiliars&#039;. Aquest curs ofereix l\u2019oportunitat\" \/>\n<meta property=\"og:url\" content=\"https:\/\/abd.ong\/ca\/infancia-i-familia\/obertes-les-inscripcions-del-postgrau-nivell-ii-supervisio-en-intervencions-grupals-i-multifamiliars\/\" \/>\n<meta property=\"og:site_name\" content=\"ABD\" \/>\n<meta property=\"article:publisher\" content=\"https:\/\/www.facebook.com\/abd.ong\" \/>\n<meta property=\"article:published_time\" content=\"2019-07-02T22:00:00+00:00\" \/>\n<meta property=\"article:modified_time\" content=\"2021-04-27T17:14:08+00:00\" \/>\n<meta property=\"og:image\" content=\"https:\/\/abd.ong\/wp-content\/uploads\/2019\/03\/woman-3365370_1920.jpg\" \/>\n\t<meta property=\"og:image:width\" content=\"1918\" \/>\n\t<meta property=\"og:image:height\" content=\"1073\" \/>\n\t<meta property=\"og:image:type\" content=\"image\/jpeg\" \/>\n<meta name=\"author\" content=\"M_Disseny\" \/>\n<meta name=\"twitter:card\" content=\"summary_large_image\" \/>\n<meta name=\"twitter:creator\" content=\"@abd_ong\" \/>\n<meta name=\"twitter:site\" content=\"@abd_ong\" \/>\n<meta name=\"twitter:label1\" content=\"Escrit per\" \/>\n\t<meta name=\"twitter:data1\" content=\"M_Disseny\" \/>\n\t<meta name=\"twitter:label2\" content=\"Temps estimat de lectura\" \/>\n\t<meta name=\"twitter:data2\" content=\"2 minuts\" \/>\n<script type=\"application\/ld+json\" class=\"yoast-schema-graph\">{\"@context\":\"https:\\\/\\\/schema.org\",\"@graph\":[{\"@type\":\"Article\",\"@id\":\"https:\\\/\\\/abd.ong\\\/ca\\\/infancia-i-familia\\\/obertes-les-inscripcions-del-postgrau-nivell-ii-supervisio-en-intervencions-grupals-i-multifamiliars\\\/#article\",\"isPartOf\":{\"@id\":\"https:\\\/\\\/abd.ong\\\/ca\\\/infancia-i-familia\\\/obertes-les-inscripcions-del-postgrau-nivell-ii-supervisio-en-intervencions-grupals-i-multifamiliars\\\/\"},\"author\":{\"name\":\"M_Disseny\",\"@id\":\"https:\\\/\\\/abd.ong\\\/ca\\\/#\\\/schema\\\/person\\\/1b9cf116597cda3a4b8900a43c641f6e\"},\"headline\":\"Obertes les inscripcions del Postgrau nivell II &#8216;Supervisi\u00f3 en intervencions grupals i multifamiliars&#8217;\",\"datePublished\":\"2019-07-02T22:00:00+00:00\",\"dateModified\":\"2021-04-27T17:14:08+00:00\",\"mainEntityOfPage\":{\"@id\":\"https:\\\/\\\/abd.ong\\\/ca\\\/infancia-i-familia\\\/obertes-les-inscripcions-del-postgrau-nivell-ii-supervisio-en-intervencions-grupals-i-multifamiliars\\\/\"},\"wordCount\":412,\"publisher\":{\"@id\":\"https:\\\/\\\/abd.ong\\\/ca\\\/#organization\"},\"image\":{\"@id\":\"https:\\\/\\\/abd.ong\\\/ca\\\/infancia-i-familia\\\/obertes-les-inscripcions-del-postgrau-nivell-ii-supervisio-en-intervencions-grupals-i-multifamiliars\\\/#primaryimage\"},\"thumbnailUrl\":\"https:\\\/\\\/abd.ong\\\/wp-content\\\/uploads\\\/2019\\\/03\\\/woman-3365370_1920.jpg\",\"keywords\":[\"ABD\",\"multifamiliar\"],\"articleSection\":[\"Inf\u00e0ncia i fam\u00edlia\"],\"inLanguage\":\"ca\"},{\"@type\":\"WebPage\",\"@id\":\"https:\\\/\\\/abd.ong\\\/ca\\\/infancia-i-familia\\\/obertes-les-inscripcions-del-postgrau-nivell-ii-supervisio-en-intervencions-grupals-i-multifamiliars\\\/\",\"url\":\"https:\\\/\\\/abd.ong\\\/ca\\\/infancia-i-familia\\\/obertes-les-inscripcions-del-postgrau-nivell-ii-supervisio-en-intervencions-grupals-i-multifamiliars\\\/\",\"name\":\"Obertes les inscripcions del Postgrau nivell II 'Supervisi\u00f3 en intervencions grupals i multifamiliars' - ABD\",\"isPartOf\":{\"@id\":\"https:\\\/\\\/abd.ong\\\/ca\\\/#website\"},\"primaryImageOfPage\":{\"@id\":\"https:\\\/\\\/abd.ong\\\/ca\\\/infancia-i-familia\\\/obertes-les-inscripcions-del-postgrau-nivell-ii-supervisio-en-intervencions-grupals-i-multifamiliars\\\/#primaryimage\"},\"image\":{\"@id\":\"https:\\\/\\\/abd.ong\\\/ca\\\/infancia-i-familia\\\/obertes-les-inscripcions-del-postgrau-nivell-ii-supervisio-en-intervencions-grupals-i-multifamiliars\\\/#primaryimage\"},\"thumbnailUrl\":\"https:\\\/\\\/abd.ong\\\/wp-content\\\/uploads\\\/2019\\\/03\\\/woman-3365370_1920.jpg\",\"datePublished\":\"2019-07-02T22:00:00+00:00\",\"dateModified\":\"2021-04-27T17:14:08+00:00\",\"description\":\"Ja et pots apuntar a l'edici\u00f3 del Nivell II del postgrau 'Supervisi\u00f3 en intervencions grupals i multifamiliars'. Aquest curs ofereix l\u2019oportunitat\",\"breadcrumb\":{\"@id\":\"https:\\\/\\\/abd.ong\\\/ca\\\/infancia-i-familia\\\/obertes-les-inscripcions-del-postgrau-nivell-ii-supervisio-en-intervencions-grupals-i-multifamiliars\\\/#breadcrumb\"},\"inLanguage\":\"ca\",\"potentialAction\":[{\"@type\":\"ReadAction\",\"target\":[\"https:\\\/\\\/abd.ong\\\/ca\\\/infancia-i-familia\\\/obertes-les-inscripcions-del-postgrau-nivell-ii-supervisio-en-intervencions-grupals-i-multifamiliars\\\/\"]}]},{\"@type\":\"ImageObject\",\"inLanguage\":\"ca\",\"@id\":\"https:\\\/\\\/abd.ong\\\/ca\\\/infancia-i-familia\\\/obertes-les-inscripcions-del-postgrau-nivell-ii-supervisio-en-intervencions-grupals-i-multifamiliars\\\/#primaryimage\",\"url\":\"https:\\\/\\\/abd.ong\\\/wp-content\\\/uploads\\\/2019\\\/03\\\/woman-3365370_1920.jpg\",\"contentUrl\":\"https:\\\/\\\/abd.ong\\\/wp-content\\\/uploads\\\/2019\\\/03\\\/woman-3365370_1920.jpg\",\"width\":1918,\"height\":1073},{\"@type\":\"BreadcrumbList\",\"@id\":\"https:\\\/\\\/abd.ong\\\/ca\\\/infancia-i-familia\\\/obertes-les-inscripcions-del-postgrau-nivell-ii-supervisio-en-intervencions-grupals-i-multifamiliars\\\/#breadcrumb\",\"itemListElement\":[{\"@type\":\"ListItem\",\"position\":1,\"name\":\"Inici\",\"item\":\"https:\\\/\\\/abd.ong\\\/ca\\\/\"},{\"@type\":\"ListItem\",\"position\":2,\"name\":\"Obertes les inscripcions del Postgrau nivell II &#8216;Supervisi\u00f3 en intervencions grupals i multifamiliars&#8217;\"}]},{\"@type\":\"WebSite\",\"@id\":\"https:\\\/\\\/abd.ong\\\/ca\\\/#website\",\"url\":\"https:\\\/\\\/abd.ong\\\/ca\\\/\",\"name\":\"ABD\",\"description\":\"Asociaci\u00f3n Bienestar y Desarrollo\",\"publisher\":{\"@id\":\"https:\\\/\\\/abd.ong\\\/ca\\\/#organization\"},\"potentialAction\":[{\"@type\":\"SearchAction\",\"target\":{\"@type\":\"EntryPoint\",\"urlTemplate\":\"https:\\\/\\\/abd.ong\\\/ca\\\/?s={search_term_string}\"},\"query-input\":{\"@type\":\"PropertyValueSpecification\",\"valueRequired\":true,\"valueName\":\"search_term_string\"}}],\"inLanguage\":\"ca\"},{\"@type\":\"Organization\",\"@id\":\"https:\\\/\\\/abd.ong\\\/ca\\\/#organization\",\"name\":\"Associaci\u00f3 Benestar i Desenvolupament\",\"alternateName\":\"ABD\",\"url\":\"https:\\\/\\\/abd.ong\\\/ca\\\/\",\"logo\":{\"@type\":\"ImageObject\",\"inLanguage\":\"ca\",\"@id\":\"https:\\\/\\\/abd.ong\\\/ca\\\/#\\\/schema\\\/logo\\\/image\\\/\",\"url\":\"https:\\\/\\\/abd.ong\\\/wp-content\\\/uploads\\\/2023\\\/01\\\/Icona.png\",\"contentUrl\":\"https:\\\/\\\/abd.ong\\\/wp-content\\\/uploads\\\/2023\\\/01\\\/Icona.png\",\"width\":190,\"height\":187,\"caption\":\"Associaci\u00f3 Benestar i Desenvolupament\"},\"image\":{\"@id\":\"https:\\\/\\\/abd.ong\\\/ca\\\/#\\\/schema\\\/logo\\\/image\\\/\"},\"sameAs\":[\"https:\\\/\\\/www.facebook.com\\\/abd.ong\",\"https:\\\/\\\/x.com\\\/abd_ong\",\"https:\\\/\\\/www.instagram.com\\\/abd_ong\\\/\",\"https:\\\/\\\/www.linkedin.com\\\/company\\\/abdong\",\"https:\\\/\\\/www.youtube.com\\\/user\\\/CANALABD\"]},{\"@type\":\"Person\",\"@id\":\"https:\\\/\\\/abd.ong\\\/ca\\\/#\\\/schema\\\/person\\\/1b9cf116597cda3a4b8900a43c641f6e\",\"name\":\"M_Disseny\"}]}<\/script>\n<!-- \/ Yoast SEO plugin. -->","yoast_head_json":{"title":"Obertes les inscripcions del Postgrau nivell II 'Supervisi\u00f3 en intervencions grupals i multifamiliars' - ABD","description":"Ja et pots apuntar a l'edici\u00f3 del Nivell II del postgrau 'Supervisi\u00f3 en intervencions grupals i multifamiliars'. Aquest curs ofereix l\u2019oportunitat","robots":{"index":"index","follow":"follow","max-snippet":"max-snippet:-1","max-image-preview":"max-image-preview:large","max-video-preview":"max-video-preview:-1"},"canonical":"https:\/\/abd.ong\/ca\/infancia-i-familia\/obertes-les-inscripcions-del-postgrau-nivell-ii-supervisio-en-intervencions-grupals-i-multifamiliars\/","og_locale":"ca_ES","og_type":"article","og_title":"Obertes les inscripcions del Postgrau nivell II 'Supervisi\u00f3 en intervencions grupals i multifamiliars' - ABD","og_description":"Ja et pots apuntar a l'edici\u00f3 del Nivell II del postgrau 'Supervisi\u00f3 en intervencions grupals i multifamiliars'. Aquest curs ofereix l\u2019oportunitat","og_url":"https:\/\/abd.ong\/ca\/infancia-i-familia\/obertes-les-inscripcions-del-postgrau-nivell-ii-supervisio-en-intervencions-grupals-i-multifamiliars\/","og_site_name":"ABD","article_publisher":"https:\/\/www.facebook.com\/abd.ong","article_published_time":"2019-07-02T22:00:00+00:00","article_modified_time":"2021-04-27T17:14:08+00:00","og_image":[{"width":1918,"height":1073,"url":"https:\/\/abd.ong\/wp-content\/uploads\/2019\/03\/woman-3365370_1920.jpg","type":"image\/jpeg"}],"author":"M_Disseny","twitter_card":"summary_large_image","twitter_creator":"@abd_ong","twitter_site":"@abd_ong","twitter_misc":{"Escrit per":"M_Disseny","Temps estimat de lectura":"2 minuts"},"schema":{"@context":"https:\/\/schema.org","@graph":[{"@type":"Article","@id":"https:\/\/abd.ong\/ca\/infancia-i-familia\/obertes-les-inscripcions-del-postgrau-nivell-ii-supervisio-en-intervencions-grupals-i-multifamiliars\/#article","isPartOf":{"@id":"https:\/\/abd.ong\/ca\/infancia-i-familia\/obertes-les-inscripcions-del-postgrau-nivell-ii-supervisio-en-intervencions-grupals-i-multifamiliars\/"},"author":{"name":"M_Disseny","@id":"https:\/\/abd.ong\/ca\/#\/schema\/person\/1b9cf116597cda3a4b8900a43c641f6e"},"headline":"Obertes les inscripcions del Postgrau nivell II &#8216;Supervisi\u00f3 en intervencions grupals i multifamiliars&#8217;","datePublished":"2019-07-02T22:00:00+00:00","dateModified":"2021-04-27T17:14:08+00:00","mainEntityOfPage":{"@id":"https:\/\/abd.ong\/ca\/infancia-i-familia\/obertes-les-inscripcions-del-postgrau-nivell-ii-supervisio-en-intervencions-grupals-i-multifamiliars\/"},"wordCount":412,"publisher":{"@id":"https:\/\/abd.ong\/ca\/#organization"},"image":{"@id":"https:\/\/abd.ong\/ca\/infancia-i-familia\/obertes-les-inscripcions-del-postgrau-nivell-ii-supervisio-en-intervencions-grupals-i-multifamiliars\/#primaryimage"},"thumbnailUrl":"https:\/\/abd.ong\/wp-content\/uploads\/2019\/03\/woman-3365370_1920.jpg","keywords":["ABD","multifamiliar"],"articleSection":["Inf\u00e0ncia i fam\u00edlia"],"inLanguage":"ca"},{"@type":"WebPage","@id":"https:\/\/abd.ong\/ca\/infancia-i-familia\/obertes-les-inscripcions-del-postgrau-nivell-ii-supervisio-en-intervencions-grupals-i-multifamiliars\/","url":"https:\/\/abd.ong\/ca\/infancia-i-familia\/obertes-les-inscripcions-del-postgrau-nivell-ii-supervisio-en-intervencions-grupals-i-multifamiliars\/","name":"Obertes les inscripcions del Postgrau nivell II 'Supervisi\u00f3 en intervencions grupals i multifamiliars' - ABD","isPartOf":{"@id":"https:\/\/abd.ong\/ca\/#website"},"primaryImageOfPage":{"@id":"https:\/\/abd.ong\/ca\/infancia-i-familia\/obertes-les-inscripcions-del-postgrau-nivell-ii-supervisio-en-intervencions-grupals-i-multifamiliars\/#primaryimage"},"image":{"@id":"https:\/\/abd.ong\/ca\/infancia-i-familia\/obertes-les-inscripcions-del-postgrau-nivell-ii-supervisio-en-intervencions-grupals-i-multifamiliars\/#primaryimage"},"thumbnailUrl":"https:\/\/abd.ong\/wp-content\/uploads\/2019\/03\/woman-3365370_1920.jpg","datePublished":"2019-07-02T22:00:00+00:00","dateModified":"2021-04-27T17:14:08+00:00","description":"Ja et pots apuntar a l'edici\u00f3 del Nivell II del postgrau 'Supervisi\u00f3 en intervencions grupals i multifamiliars'. Aquest curs ofereix l\u2019oportunitat","breadcrumb":{"@id":"https:\/\/abd.ong\/ca\/infancia-i-familia\/obertes-les-inscripcions-del-postgrau-nivell-ii-supervisio-en-intervencions-grupals-i-multifamiliars\/#breadcrumb"},"inLanguage":"ca","potentialAction":[{"@type":"ReadAction","target":["https:\/\/abd.ong\/ca\/infancia-i-familia\/obertes-les-inscripcions-del-postgrau-nivell-ii-supervisio-en-intervencions-grupals-i-multifamiliars\/"]}]},{"@type":"ImageObject","inLanguage":"ca","@id":"https:\/\/abd.ong\/ca\/infancia-i-familia\/obertes-les-inscripcions-del-postgrau-nivell-ii-supervisio-en-intervencions-grupals-i-multifamiliars\/#primaryimage","url":"https:\/\/abd.ong\/wp-content\/uploads\/2019\/03\/woman-3365370_1920.jpg","contentUrl":"https:\/\/abd.ong\/wp-content\/uploads\/2019\/03\/woman-3365370_1920.jpg","width":1918,"height":1073},{"@type":"BreadcrumbList","@id":"https:\/\/abd.ong\/ca\/infancia-i-familia\/obertes-les-inscripcions-del-postgrau-nivell-ii-supervisio-en-intervencions-grupals-i-multifamiliars\/#breadcrumb","itemListElement":[{"@type":"ListItem","position":1,"name":"Inici","item":"https:\/\/abd.ong\/ca\/"},{"@type":"ListItem","position":2,"name":"Obertes les inscripcions del Postgrau nivell II &#8216;Supervisi\u00f3 en intervencions grupals i multifamiliars&#8217;"}]},{"@type":"WebSite","@id":"https:\/\/abd.ong\/ca\/#website","url":"https:\/\/abd.ong\/ca\/","name":"ABD","description":"Asociaci\u00f3n Bienestar y Desarrollo","publisher":{"@id":"https:\/\/abd.ong\/ca\/#organization"},"potentialAction":[{"@type":"SearchAction","target":{"@type":"EntryPoint","urlTemplate":"https:\/\/abd.ong\/ca\/?s={search_term_string}"},"query-input":{"@type":"PropertyValueSpecification","valueRequired":true,"valueName":"search_term_string"}}],"inLanguage":"ca"},{"@type":"Organization","@id":"https:\/\/abd.ong\/ca\/#organization","name":"Associaci\u00f3 Benestar i Desenvolupament","alternateName":"ABD","url":"https:\/\/abd.ong\/ca\/","logo":{"@type":"ImageObject","inLanguage":"ca","@id":"https:\/\/abd.ong\/ca\/#\/schema\/logo\/image\/","url":"https:\/\/abd.ong\/wp-content\/uploads\/2023\/01\/Icona.png","contentUrl":"https:\/\/abd.ong\/wp-content\/uploads\/2023\/01\/Icona.png","width":190,"height":187,"caption":"Associaci\u00f3 Benestar i Desenvolupament"},"image":{"@id":"https:\/\/abd.ong\/ca\/#\/schema\/logo\/image\/"},"sameAs":["https:\/\/www.facebook.com\/abd.ong","https:\/\/x.com\/abd_ong","https:\/\/www.instagram.com\/abd_ong\/","https:\/\/www.linkedin.com\/company\/abdong","https:\/\/www.youtube.com\/user\/CANALABD"]},{"@type":"Person","@id":"https:\/\/abd.ong\/ca\/#\/schema\/person\/1b9cf116597cda3a4b8900a43c641f6e","name":"M_Disseny"}]}},"_links":{"self":[{"href":"https:\/\/abd.ong\/ca\/wp-json\/wp\/v2\/posts\/10375","targetHints":{"allow":["GET"]}}],"collection":[{"href":"https:\/\/abd.ong\/ca\/wp-json\/wp\/v2\/posts"}],"about":[{"href":"https:\/\/abd.ong\/ca\/wp-json\/wp\/v2\/types\/post"}],"author":[{"embeddable":true,"href":"https:\/\/abd.ong\/ca\/wp-json\/wp\/v2\/users\/1"}],"replies":[{"embeddable":true,"href":"https:\/\/abd.ong\/ca\/wp-json\/wp\/v2\/comments?post=10375"}],"version-history":[{"count":3,"href":"https:\/\/abd.ong\/ca\/wp-json\/wp\/v2\/posts\/10375\/revisions"}],"predecessor-version":[{"id":22847,"href":"https:\/\/abd.ong\/ca\/wp-json\/wp\/v2\/posts\/10375\/revisions\/22847"}],"wp:featuredmedia":[{"embeddable":true,"href":"https:\/\/abd.ong\/ca\/wp-json\/wp\/v2\/media\/2608"}],"wp:attachment":[{"href":"https:\/\/abd.ong\/ca\/wp-json\/wp\/v2\/media?parent=10375"}],"wp:term":[{"taxonomy":"category","embeddable":true,"href":"https:\/\/abd.ong\/ca\/wp-json\/wp\/v2\/categories?post=10375"},{"taxonomy":"post_tag","embeddable":true,"href":"https:\/\/abd.ong\/ca\/wp-json\/wp\/v2\/tags?post=10375"}],"curies":[{"name":"wp","href":"https:\/\/api.w.org\/{rel}","templated":true}]}}